{"id":11490,"date":"2025-03-24T18:22:48","date_gmt":"2025-03-24T21:22:48","guid":{"rendered":"https:\/\/www.sabra.org.br\/site\/?p=11490"},"modified":"2025-04-28T15:58:29","modified_gmt":"2025-04-28T18:58:29","slug":"fortalecer-imagem-empresa","status":"publish","type":"post","link":"https:\/\/www.sabra.org.br\/site\/fortalecer-imagem-empresa\/","title":{"rendered":"5 A\u00e7\u00f5es para Aprimorar a Imagem da Sua Empresa\u00a0"},"content":{"rendered":"<p>No mundo dos neg\u00f3cios, uma boa imagem da empresa \u00e9 essencial. Para ganhar respeito do governo e da sociedade, algumas atitudes simples funcionam:<\/p>\n<ol>\n<li>Participe de Debates P\u00fablicos<\/li>\n<\/ol>\n<p>Envolva-se em discuss\u00f5es do seu setor. Mostre propostas que beneficiem a sociedade. Isso prova que sua empresa pensa no bem comum.<\/p>\n<ol start=\"2\">\n<li>Seja Transparente<\/li>\n<\/ol>\n<p>Siga as regras e combata a corrup\u00e7\u00e3o. Empresas honestas ganham a confian\u00e7a do governo e do p\u00fablico.<\/p>\n<ol start=\"3\">\n<li>Fa\u00e7a Parcerias que Gerem Impacto<\/li>\n<\/ol>\n<p>Trabalhe com universidades, ONGs e associa\u00e7\u00f5es. Apoie causas sociais e culturais. Isso mostra que sua empresa se importa com mais do que apenas lucros.<\/p>\n<ol start=\"4\">\n<li>Conte Sua Hist\u00f3ria<\/li>\n<\/ol>\n<p>Use relat\u00f3rios, artigos e redes sociais para mostrar seu trabalho. Seja claro sobre seus valores. Isso cria confian\u00e7a.<\/p>\n<ol start=\"5\">\n<li>Esteja Pronto para Crises<\/li>\n<\/ol>\n<p>Tenha um plano para lidar com problemas. Fale abertamente com a imprensa e autoridades. Isso reduz danos \u00e0 sua reputa\u00e7\u00e3o.<\/p>\n<p>Empresas que cuidam do seu relacionamento com o governo e a sociedade se destacam. Qual dessas a\u00e7\u00f5es sua empresa j\u00e1 usa?<\/p>\n<p>Dica: Quer melhorar a imagem da sua empresa? Vamos conversar!<\/p>\n<blockquote class=\"wp-embedded-content\" data-secret=\"1qO9jpHwqv\"><p><a href=\"https:\/\/www.sabra.org.br\/site\/beneficios-sociais-empresas\/\">Benef\u00edcios que as doa\u00e7\u00f5es para projetos sociais trazem para as empresas<\/a><\/p><\/blockquote>\n<p><iframe class=\"wp-embedded-content\" sandbox=\"allow-scripts\" security=\"restricted\" style=\"position: absolute; visibility: hidden;\" title=\"&#8220;Benef\u00edcios que as doa\u00e7\u00f5es para projetos sociais trazem para as empresas&#8221; &#8212; SABRA - Sociedade Art\u00edstica Brasileira\" src=\"https:\/\/www.sabra.org.br\/site\/beneficios-sociais-empresas\/embed\/#?secret=jd7ed8a7TJ#?secret=1qO9jpHwqv\" data-secret=\"1qO9jpHwqv\" width=\"600\" height=\"338\" frameborder=\"0\" marginwidth=\"0\" marginheight=\"0\" scrolling=\"no\"><\/iframe><\/p>\n<hr \/>\n<p>Se voc\u00ea gostou deste post:<\/p>\n<p>&#8211; SIGA as nossas p\u00e1ginas nas redes sociais para acompanhar as nossas atualiza\u00e7\u00f5es: estamos no <a href=\"https:\/\/www.facebook.com\/sabrabrasil\" target=\"_blank\" rel=\"noopener\">Facebook<\/a>, no <a href=\"https:\/\/www.instagram.com\/sabrabrasil\/\" target=\"_blank\" rel=\"noopener\">Instagram<\/a>, no <a href=\"https:\/\/www.linkedin.com\/company\/25002088\" target=\"_blank\" rel=\"noopener\">LinkedIn<\/a>, no <a href=\"https:\/\/x.com\/ContatoSabra\" target=\"_blank\" rel=\"noopener\">X<\/a> e no <a href=\"https:\/\/www.youtube.com\/channel\/UCJw-kbuEvzUNdeQf20Pa-eQ\" target=\"_blank\" rel=\"noopener\">YouTube<\/a>!<\/p>\n<p>&#8211; CONHE\u00c7A o trabalho da Sociedade Art\u00edstica Brasileira (SABRA) e todas as iniciativas culturais e sociais que ela mant\u00e9m. <a href=\"https:\/\/www.sabra.org.br\/site\/acoes\/\" target=\"_blank\" rel=\"noopener\">Acesse nosso site!<\/a><\/p>\n<p>&#8211; ENTRE EM CONTATO com a gente. E veja quais s\u00e3o as op\u00e7\u00f5es de ajuda na manuten\u00e7\u00e3o de nossas a\u00e7\u00f5es sociais e culturais. Basta acessar nossa p\u00e1gina <a href=\"https:\/\/www.sabra.org.br\/site\/doe-agora\/\" target=\"_blank\" rel=\"noopener\">Doe Agora!<\/a><\/p>\n<p>&#8211; COMPARTILHE este texto nas suas redes sociais e ajude os seus amigos a tamb\u00e9m dominarem o assunto!<\/p>\n<p>\u2013 Os projetos da @sabrabrasil s\u00e3o realizados com o patroci\u0301nio m\u00e1ster: @institutounimedbh, viabilizado pelo incentivo de mais de 5,7 mil m\u00e9dicos cooperados e colaboradores via Lei de Incentivo \u00e0 Cultura &#8211; @culturagovbr<\/p>\n","protected":false},"excerpt":{"rendered":"<p>Descubra como o fortalecimento da imagem da sua empresa pode impactar seu reconhecimento no mercado e na sociedade.<\/p>\n","protected":false},"author":39,"featured_media":9895,"comment_status":"open","ping_status":"open","sticky":false,"template":"","format":"standard","meta":{"jetpack_post_was_ever_published":false,"_jetpack_newsletter_access":"","_jetpack_dont_email_post_to_subs":false,"_jetpack_newsletter_tier_id":0,"_jetpack_memberships_contains_paywalled_content":false,"_jetpack_memberships_contains_paid_content":false,"footnotes":""},"categories":[1],"tags":[15,2757,3626,3623,8,3629,1285,3628,16,3519,1286,11,3622,9],"class_list":["post-11490","post","type-post","status-publish","format-standard","has-post-thumbnail","hentry","category-blog-sabra","tag-assistencia-social","tag-belo-horizonte","tag-cabo-frio","tag-campos-dos-goytacazes","tag-canto-coral","tag-contagem","tag-escola-de-musica-sabra","tag-ibirite","tag-musicalizacao-infantil","tag-nova-lima-2","tag-orquestra-infanto-juvenil-de-betim","tag-orquestra-sinfonica-de-betim","tag-raposos","tag-sociedade-artistica-brasileira"],"yoast_head":"<!-- This site is optimized with the Yoast SEO plugin v27.5 - https:\/\/yoast.com\/product\/yoast-seo-wordpress\/ -->\n<title>Imagem da empresa: Estrat\u00e9gias para Fortalec\u00ea-la<\/title>\n<meta name=\"description\" content=\"Descubra como o fortalecimento da imagem da sua empresa pode impactar seu reconhecimento no mercado e na sociedade.\" \/>\n<meta name=\"robots\" content=\"index, follow, max-snippet:-1, max-image-preview:large, max-video-preview:-1\" \/>\n<link rel=\"canonical\" href=\"https:\/\/www.sabra.org.br\/site\/fortalecer-imagem-empresa\/\" \/>\n<meta property=\"og:locale\" content=\"pt_BR\" \/>\n<meta property=\"og:type\" content=\"article\" \/>\n<meta property=\"og:title\" content=\"Imagem da empresa: Estrat\u00e9gias para Fortalec\u00ea-la\" \/>\n<meta property=\"og:description\" content=\"Descubra como o fortalecimento da imagem da sua empresa pode impactar seu reconhecimento no mercado e na sociedade.\" \/>\n<meta property=\"og:url\" content=\"https:\/\/www.sabra.org.br\/site\/fortalecer-imagem-empresa\/\" \/>\n<meta property=\"og:site_name\" content=\"SABRA - Sociedade Art\u00edstica Brasileira\" \/>\n<meta property=\"article:publisher\" content=\"https:\/\/www.facebook.com\/sabrabrasil\" \/>\n<meta property=\"article:published_time\" content=\"2025-03-24T21:22:48+00:00\" \/>\n<meta property=\"article:modified_time\" content=\"2025-04-28T18:58:29+00:00\" \/>\n<meta property=\"og:image\" content=\"https:\/\/www.sabra.org.br\/site\/wp-content\/uploads\/2024\/07\/quais-ferramentas-podem-ser-utilizadas-no-processo-de-inclusao-social-20190114103708.jpg-jpg.webp\" \/>\n\t<meta property=\"og:image:width\" content=\"800\" \/>\n\t<meta property=\"og:image:height\" content=\"533\" \/>\n\t<meta property=\"og:image:type\" content=\"image\/jpeg\" \/>\n<meta name=\"author\" content=\"M\u00e1rcio Miranda Pontes\" \/>\n<meta name=\"twitter:card\" content=\"summary_large_image\" \/>\n<meta name=\"twitter:creator\" content=\"@ContatoSabra\" \/>\n<meta name=\"twitter:site\" content=\"@ContatoSabra\" \/>\n<meta name=\"twitter:label1\" content=\"Escrito por\" \/>\n\t<meta name=\"twitter:data1\" content=\"M\u00e1rcio Miranda Pontes\" \/>\n\t<meta name=\"twitter:label2\" content=\"Est. tempo de leitura\" \/>\n\t<meta name=\"twitter:data2\" content=\"2 minutos\" \/>\n<script type=\"application\/ld+json\" class=\"yoast-schema-graph\">{\"@context\":\"https:\\\/\\\/schema.org\",\"@graph\":[{\"@type\":\"Article\",\"@id\":\"https:\\\/\\\/www.sabra.org.br\\\/site\\\/fortalecer-imagem-empresa\\\/#article\",\"isPartOf\":{\"@id\":\"https:\\\/\\\/www.sabra.org.br\\\/site\\\/fortalecer-imagem-empresa\\\/\"},\"author\":{\"name\":\"M\u00e1rcio Miranda Pontes\",\"@id\":\"https:\\\/\\\/www.sabra.org.br\\\/site\\\/#\\\/schema\\\/person\\\/7d1d222c3c8891d4c37c7b41bf6315c2\"},\"headline\":\"5 A\u00e7\u00f5es para Aprimorar a Imagem da Sua Empresa\u00a0\",\"datePublished\":\"2025-03-24T21:22:48+00:00\",\"dateModified\":\"2025-04-28T18:58:29+00:00\",\"mainEntityOfPage\":{\"@id\":\"https:\\\/\\\/www.sabra.org.br\\\/site\\\/fortalecer-imagem-empresa\\\/\"},\"wordCount\":342,\"commentCount\":0,\"publisher\":{\"@id\":\"https:\\\/\\\/www.sabra.org.br\\\/site\\\/#organization\"},\"image\":{\"@id\":\"https:\\\/\\\/www.sabra.org.br\\\/site\\\/fortalecer-imagem-empresa\\\/#primaryimage\"},\"thumbnailUrl\":\"https:\\\/\\\/www.sabra.org.br\\\/site\\\/wp-content\\\/uploads\\\/2024\\\/07\\\/quais-ferramentas-podem-ser-utilizadas-no-processo-de-inclusao-social-20190114103708.jpg-jpg.webp\",\"keywords\":[\"Assist\u00eancia social\",\"Belo Horizonte\",\"Cabo Frio\",\"Campos dos Goytacazes\",\"Canto Coral\",\"Contagem\",\"Escola de Musica SABRA\",\"Ibirit\u00e9\",\"Musicaliza\u00e7\u00e3o Infantil\",\"nova lima\",\"Orquestra Infanto Juvenil de Betim\",\"Orquestra Sinf\u00f4nica de Betim\",\"Raposos\",\"Sociedade Art\u00edstica Brasileira\"],\"articleSection\":[\"Blog SABRA\"],\"inLanguage\":\"pt-BR\",\"potentialAction\":[{\"@type\":\"CommentAction\",\"name\":\"Comment\",\"target\":[\"https:\\\/\\\/www.sabra.org.br\\\/site\\\/fortalecer-imagem-empresa\\\/#respond\"]}]},{\"@type\":\"WebPage\",\"@id\":\"https:\\\/\\\/www.sabra.org.br\\\/site\\\/fortalecer-imagem-empresa\\\/\",\"url\":\"https:\\\/\\\/www.sabra.org.br\\\/site\\\/fortalecer-imagem-empresa\\\/\",\"name\":\"Imagem da empresa: Estrat\u00e9gias para Fortalec\u00ea-la\",\"isPartOf\":{\"@id\":\"https:\\\/\\\/www.sabra.org.br\\\/site\\\/#website\"},\"primaryImageOfPage\":{\"@id\":\"https:\\\/\\\/www.sabra.org.br\\\/site\\\/fortalecer-imagem-empresa\\\/#primaryimage\"},\"image\":{\"@id\":\"https:\\\/\\\/www.sabra.org.br\\\/site\\\/fortalecer-imagem-empresa\\\/#primaryimage\"},\"thumbnailUrl\":\"https:\\\/\\\/www.sabra.org.br\\\/site\\\/wp-content\\\/uploads\\\/2024\\\/07\\\/quais-ferramentas-podem-ser-utilizadas-no-processo-de-inclusao-social-20190114103708.jpg-jpg.webp\",\"datePublished\":\"2025-03-24T21:22:48+00:00\",\"dateModified\":\"2025-04-28T18:58:29+00:00\",\"description\":\"Descubra como o fortalecimento da imagem da sua empresa pode impactar seu reconhecimento no mercado e na sociedade.\",\"breadcrumb\":{\"@id\":\"https:\\\/\\\/www.sabra.org.br\\\/site\\\/fortalecer-imagem-empresa\\\/#breadcrumb\"},\"inLanguage\":\"pt-BR\",\"potentialAction\":[{\"@type\":\"ReadAction\",\"target\":[\"https:\\\/\\\/www.sabra.org.br\\\/site\\\/fortalecer-imagem-empresa\\\/\"]}]},{\"@type\":\"ImageObject\",\"inLanguage\":\"pt-BR\",\"@id\":\"https:\\\/\\\/www.sabra.org.br\\\/site\\\/fortalecer-imagem-empresa\\\/#primaryimage\",\"url\":\"https:\\\/\\\/www.sabra.org.br\\\/site\\\/wp-content\\\/uploads\\\/2024\\\/07\\\/quais-ferramentas-podem-ser-utilizadas-no-processo-de-inclusao-social-20190114103708.jpg-jpg.webp\",\"contentUrl\":\"https:\\\/\\\/www.sabra.org.br\\\/site\\\/wp-content\\\/uploads\\\/2024\\\/07\\\/quais-ferramentas-podem-ser-utilizadas-no-processo-de-inclusao-social-20190114103708.jpg-jpg.webp\",\"width\":800,\"height\":533,\"caption\":\"Sociedade Art\u00edstica Brasileira SABRA\"},{\"@type\":\"BreadcrumbList\",\"@id\":\"https:\\\/\\\/www.sabra.org.br\\\/site\\\/fortalecer-imagem-empresa\\\/#breadcrumb\",\"itemListElement\":[{\"@type\":\"ListItem\",\"position\":1,\"name\":\"In\u00edcio\",\"item\":\"https:\\\/\\\/www.sabra.org.br\\\/site\\\/\"},{\"@type\":\"ListItem\",\"position\":2,\"name\":\"5 A\u00e7\u00f5es para Aprimorar a Imagem da Sua Empresa\u00a0\"}]},{\"@type\":\"WebSite\",\"@id\":\"https:\\\/\\\/www.sabra.org.br\\\/site\\\/#website\",\"url\":\"https:\\\/\\\/www.sabra.org.br\\\/site\\\/\",\"name\":\"SABRA - Sociedade Art\u00edstica Brasileira\",\"description\":\"Escola de M\u00fasica, Orquestra Sinf\u00f4nica, Coral e Patrim\u00f4nio Cultural e Hist\u00f3rico\",\"publisher\":{\"@id\":\"https:\\\/\\\/www.sabra.org.br\\\/site\\\/#organization\"},\"potentialAction\":[{\"@type\":\"SearchAction\",\"target\":{\"@type\":\"EntryPoint\",\"urlTemplate\":\"https:\\\/\\\/www.sabra.org.br\\\/site\\\/?s={search_term_string}\"},\"query-input\":{\"@type\":\"PropertyValueSpecification\",\"valueRequired\":true,\"valueName\":\"search_term_string\"}}],\"inLanguage\":\"pt-BR\"},{\"@type\":\"Organization\",\"@id\":\"https:\\\/\\\/www.sabra.org.br\\\/site\\\/#organization\",\"name\":\"SOCIEDADE ART\u00cdSTICA BRASILEIRA SABRA\",\"alternateName\":\"SABRA\",\"url\":\"https:\\\/\\\/www.sabra.org.br\\\/site\\\/\",\"logo\":{\"@type\":\"ImageObject\",\"inLanguage\":\"pt-BR\",\"@id\":\"https:\\\/\\\/www.sabra.org.br\\\/site\\\/#\\\/schema\\\/logo\\\/image\\\/\",\"url\":\"https:\\\/\\\/www.sabra.org.br\\\/site\\\/wp-content\\\/uploads\\\/2019\\\/06\\\/cropped-Logo_SABRA-Copia-1.webp\",\"contentUrl\":\"https:\\\/\\\/www.sabra.org.br\\\/site\\\/wp-content\\\/uploads\\\/2019\\\/06\\\/cropped-Logo_SABRA-Copia-1.webp\",\"width\":400,\"height\":128,\"caption\":\"SOCIEDADE ART\u00cdSTICA BRASILEIRA SABRA\"},\"image\":{\"@id\":\"https:\\\/\\\/www.sabra.org.br\\\/site\\\/#\\\/schema\\\/logo\\\/image\\\/\"},\"sameAs\":[\"https:\\\/\\\/www.facebook.com\\\/sabrabrasil\",\"https:\\\/\\\/x.com\\\/ContatoSabra\",\"https:\\\/\\\/www.instagram.com\\\/sabrabrasil\\\/\",\"https:\\\/\\\/www.linkedin.com\\\/company\\\/25002088\\\/\",\"https:\\\/\\\/br.pinterest.com\\\/sociedadeartisticabrasileira\\\/\",\"https:\\\/\\\/www.youtube.com\\\/c\\\/sabrabrasil\"]},{\"@type\":\"Person\",\"@id\":\"https:\\\/\\\/www.sabra.org.br\\\/site\\\/#\\\/schema\\\/person\\\/7d1d222c3c8891d4c37c7b41bf6315c2\",\"name\":\"M\u00e1rcio Miranda Pontes\",\"image\":{\"@type\":\"ImageObject\",\"inLanguage\":\"pt-BR\",\"@id\":\"https:\\\/\\\/secure.gravatar.com\\\/avatar\\\/3b45f24496a7625a3a6c436688fbe20344faaeb2979658dc4a9921f984d7df9a?s=96&d=mm&r=g\",\"url\":\"https:\\\/\\\/secure.gravatar.com\\\/avatar\\\/3b45f24496a7625a3a6c436688fbe20344faaeb2979658dc4a9921f984d7df9a?s=96&d=mm&r=g\",\"contentUrl\":\"https:\\\/\\\/secure.gravatar.com\\\/avatar\\\/3b45f24496a7625a3a6c436688fbe20344faaeb2979658dc4a9921f984d7df9a?s=96&d=mm&r=g\",\"caption\":\"M\u00e1rcio Miranda Pontes\"},\"sameAs\":[\"http:\\\/\\\/www.sabra.org.br\"],\"url\":\"https:\\\/\\\/www.sabra.org.br\\\/site\\\/author\\\/marcio-miranda-pontes\\\/\"}]}<\/script>\n<!-- \/ Yoast SEO plugin. -->","yoast_head_json":{"title":"Imagem da empresa: Estrat\u00e9gias para Fortalec\u00ea-la","description":"Descubra como o fortalecimento da imagem da sua empresa pode impactar seu reconhecimento no mercado e na sociedade.","robots":{"index":"index","follow":"follow","max-snippet":"max-snippet:-1","max-image-preview":"max-image-preview:large","max-video-preview":"max-video-preview:-1"},"canonical":"https:\/\/www.sabra.org.br\/site\/fortalecer-imagem-empresa\/","og_locale":"pt_BR","og_type":"article","og_title":"Imagem da empresa: Estrat\u00e9gias para Fortalec\u00ea-la","og_description":"Descubra como o fortalecimento da imagem da sua empresa pode impactar seu reconhecimento no mercado e na sociedade.","og_url":"https:\/\/www.sabra.org.br\/site\/fortalecer-imagem-empresa\/","og_site_name":"SABRA - Sociedade Art\u00edstica Brasileira","article_publisher":"https:\/\/www.facebook.com\/sabrabrasil","article_published_time":"2025-03-24T21:22:48+00:00","article_modified_time":"2025-04-28T18:58:29+00:00","og_image":[{"width":800,"height":533,"url":"https:\/\/www.sabra.org.br\/site\/wp-content\/uploads\/2024\/07\/quais-ferramentas-podem-ser-utilizadas-no-processo-de-inclusao-social-20190114103708.jpg-jpg.webp","type":"image\/jpeg"}],"author":"M\u00e1rcio Miranda Pontes","twitter_card":"summary_large_image","twitter_creator":"@ContatoSabra","twitter_site":"@ContatoSabra","twitter_misc":{"Escrito por":"M\u00e1rcio Miranda Pontes","Est. tempo de leitura":"2 minutos"},"schema":{"@context":"https:\/\/schema.org","@graph":[{"@type":"Article","@id":"https:\/\/www.sabra.org.br\/site\/fortalecer-imagem-empresa\/#article","isPartOf":{"@id":"https:\/\/www.sabra.org.br\/site\/fortalecer-imagem-empresa\/"},"author":{"name":"M\u00e1rcio Miranda Pontes","@id":"https:\/\/www.sabra.org.br\/site\/#\/schema\/person\/7d1d222c3c8891d4c37c7b41bf6315c2"},"headline":"5 A\u00e7\u00f5es para Aprimorar a Imagem da Sua Empresa\u00a0","datePublished":"2025-03-24T21:22:48+00:00","dateModified":"2025-04-28T18:58:29+00:00","mainEntityOfPage":{"@id":"https:\/\/www.sabra.org.br\/site\/fortalecer-imagem-empresa\/"},"wordCount":342,"commentCount":0,"publisher":{"@id":"https:\/\/www.sabra.org.br\/site\/#organization"},"image":{"@id":"https:\/\/www.sabra.org.br\/site\/fortalecer-imagem-empresa\/#primaryimage"},"thumbnailUrl":"https:\/\/www.sabra.org.br\/site\/wp-content\/uploads\/2024\/07\/quais-ferramentas-podem-ser-utilizadas-no-processo-de-inclusao-social-20190114103708.jpg-jpg.webp","keywords":["Assist\u00eancia social","Belo Horizonte","Cabo Frio","Campos dos Goytacazes","Canto Coral","Contagem","Escola de Musica SABRA","Ibirit\u00e9","Musicaliza\u00e7\u00e3o Infantil","nova lima","Orquestra Infanto Juvenil de Betim","Orquestra Sinf\u00f4nica de Betim","Raposos","Sociedade Art\u00edstica Brasileira"],"articleSection":["Blog SABRA"],"inLanguage":"pt-BR","potentialAction":[{"@type":"CommentAction","name":"Comment","target":["https:\/\/www.sabra.org.br\/site\/fortalecer-imagem-empresa\/#respond"]}]},{"@type":"WebPage","@id":"https:\/\/www.sabra.org.br\/site\/fortalecer-imagem-empresa\/","url":"https:\/\/www.sabra.org.br\/site\/fortalecer-imagem-empresa\/","name":"Imagem da empresa: Estrat\u00e9gias para Fortalec\u00ea-la","isPartOf":{"@id":"https:\/\/www.sabra.org.br\/site\/#website"},"primaryImageOfPage":{"@id":"https:\/\/www.sabra.org.br\/site\/fortalecer-imagem-empresa\/#primaryimage"},"image":{"@id":"https:\/\/www.sabra.org.br\/site\/fortalecer-imagem-empresa\/#primaryimage"},"thumbnailUrl":"https:\/\/www.sabra.org.br\/site\/wp-content\/uploads\/2024\/07\/quais-ferramentas-podem-ser-utilizadas-no-processo-de-inclusao-social-20190114103708.jpg-jpg.webp","datePublished":"2025-03-24T21:22:48+00:00","dateModified":"2025-04-28T18:58:29+00:00","description":"Descubra como o fortalecimento da imagem da sua empresa pode impactar seu reconhecimento no mercado e na sociedade.","breadcrumb":{"@id":"https:\/\/www.sabra.org.br\/site\/fortalecer-imagem-empresa\/#breadcrumb"},"inLanguage":"pt-BR","potentialAction":[{"@type":"ReadAction","target":["https:\/\/www.sabra.org.br\/site\/fortalecer-imagem-empresa\/"]}]},{"@type":"ImageObject","inLanguage":"pt-BR","@id":"https:\/\/www.sabra.org.br\/site\/fortalecer-imagem-empresa\/#primaryimage","url":"https:\/\/www.sabra.org.br\/site\/wp-content\/uploads\/2024\/07\/quais-ferramentas-podem-ser-utilizadas-no-processo-de-inclusao-social-20190114103708.jpg-jpg.webp","contentUrl":"https:\/\/www.sabra.org.br\/site\/wp-content\/uploads\/2024\/07\/quais-ferramentas-podem-ser-utilizadas-no-processo-de-inclusao-social-20190114103708.jpg-jpg.webp","width":800,"height":533,"caption":"Sociedade Art\u00edstica Brasileira SABRA"},{"@type":"BreadcrumbList","@id":"https:\/\/www.sabra.org.br\/site\/fortalecer-imagem-empresa\/#breadcrumb","itemListElement":[{"@type":"ListItem","position":1,"name":"In\u00edcio","item":"https:\/\/www.sabra.org.br\/site\/"},{"@type":"ListItem","position":2,"name":"5 A\u00e7\u00f5es para Aprimorar a Imagem da Sua Empresa\u00a0"}]},{"@type":"WebSite","@id":"https:\/\/www.sabra.org.br\/site\/#website","url":"https:\/\/www.sabra.org.br\/site\/","name":"SABRA - Sociedade Art\u00edstica Brasileira","description":"Escola de M\u00fasica, Orquestra Sinf\u00f4nica, Coral e Patrim\u00f4nio Cultural e Hist\u00f3rico","publisher":{"@id":"https:\/\/www.sabra.org.br\/site\/#organization"},"potentialAction":[{"@type":"SearchAction","target":{"@type":"EntryPoint","urlTemplate":"https:\/\/www.sabra.org.br\/site\/?s={search_term_string}"},"query-input":{"@type":"PropertyValueSpecification","valueRequired":true,"valueName":"search_term_string"}}],"inLanguage":"pt-BR"},{"@type":"Organization","@id":"https:\/\/www.sabra.org.br\/site\/#organization","name":"SOCIEDADE ART\u00cdSTICA BRASILEIRA SABRA","alternateName":"SABRA","url":"https:\/\/www.sabra.org.br\/site\/","logo":{"@type":"ImageObject","inLanguage":"pt-BR","@id":"https:\/\/www.sabra.org.br\/site\/#\/schema\/logo\/image\/","url":"https:\/\/www.sabra.org.br\/site\/wp-content\/uploads\/2019\/06\/cropped-Logo_SABRA-Copia-1.webp","contentUrl":"https:\/\/www.sabra.org.br\/site\/wp-content\/uploads\/2019\/06\/cropped-Logo_SABRA-Copia-1.webp","width":400,"height":128,"caption":"SOCIEDADE ART\u00cdSTICA BRASILEIRA SABRA"},"image":{"@id":"https:\/\/www.sabra.org.br\/site\/#\/schema\/logo\/image\/"},"sameAs":["https:\/\/www.facebook.com\/sabrabrasil","https:\/\/x.com\/ContatoSabra","https:\/\/www.instagram.com\/sabrabrasil\/","https:\/\/www.linkedin.com\/company\/25002088\/","https:\/\/br.pinterest.com\/sociedadeartisticabrasileira\/","https:\/\/www.youtube.com\/c\/sabrabrasil"]},{"@type":"Person","@id":"https:\/\/www.sabra.org.br\/site\/#\/schema\/person\/7d1d222c3c8891d4c37c7b41bf6315c2","name":"M\u00e1rcio Miranda Pontes","image":{"@type":"ImageObject","inLanguage":"pt-BR","@id":"https:\/\/secure.gravatar.com\/avatar\/3b45f24496a7625a3a6c436688fbe20344faaeb2979658dc4a9921f984d7df9a?s=96&d=mm&r=g","url":"https:\/\/secure.gravatar.com\/avatar\/3b45f24496a7625a3a6c436688fbe20344faaeb2979658dc4a9921f984d7df9a?s=96&d=mm&r=g","contentUrl":"https:\/\/secure.gravatar.com\/avatar\/3b45f24496a7625a3a6c436688fbe20344faaeb2979658dc4a9921f984d7df9a?s=96&d=mm&r=g","caption":"M\u00e1rcio Miranda Pontes"},"sameAs":["http:\/\/www.sabra.org.br"],"url":"https:\/\/www.sabra.org.br\/site\/author\/marcio-miranda-pontes\/"}]}},"jetpack_featured_media_url":"https:\/\/www.sabra.org.br\/site\/wp-content\/uploads\/2024\/07\/quais-ferramentas-podem-ser-utilizadas-no-processo-de-inclusao-social-20190114103708.jpg-jpg.webp","jetpack_shortlink":"https:\/\/wp.me\/p95j2Z-2Zk","jetpack-related-posts":[{"id":4153,"url":"https:\/\/www.sabra.org.br\/site\/incentivos-fiscais\/","url_meta":{"origin":11490,"position":0},"title":"Saiba como a sua empresa pode ajudar projetos culturais","author":"M\u00e1rcio Miranda Pontes","date":"3 de setembro de 2021","format":false,"excerpt":"Saiba como a sua empresa pode ajudar projetos culturais Voc\u00ea sabia que a sua empresa pode receber incentivos fiscais ao apoiar projetos culturais, como, por exemplo, os art\u00edsticos e musicais? Para saber mais sobre esse assunto, n\u00e3o deixe de ler o conte\u00fado a seguir! Patroci\u0301nio m\u00e1ster: @institutounimedbh, viabilizado pelo incentivo\u2026","rel":"","context":"Em &quot;Blog SABRA&quot;","block_context":{"text":"Blog SABRA","link":"https:\/\/www.sabra.org.br\/site\/category\/blog-sabra\/"},"img":{"alt_text":"empresa-ajudar-incentivos-fiscais-projetos-culturais","src":"https:\/\/i0.wp.com\/www.sabra.org.br\/site\/wp-content\/uploads\/2021\/09\/saiba-como-a-sua-empresa-pode-ajudar-projetos-culturais-20210311095559.jpg.jpg?resize=350%2C200&ssl=1","width":350,"height":200,"srcset":"https:\/\/i0.wp.com\/www.sabra.org.br\/site\/wp-content\/uploads\/2021\/09\/saiba-como-a-sua-empresa-pode-ajudar-projetos-culturais-20210311095559.jpg.jpg?resize=350%2C200&ssl=1 1x, https:\/\/i0.wp.com\/www.sabra.org.br\/site\/wp-content\/uploads\/2021\/09\/saiba-como-a-sua-empresa-pode-ajudar-projetos-culturais-20210311095559.jpg.jpg?resize=525%2C300&ssl=1 1.5x, https:\/\/i0.wp.com\/www.sabra.org.br\/site\/wp-content\/uploads\/2021\/09\/saiba-como-a-sua-empresa-pode-ajudar-projetos-culturais-20210311095559.jpg.jpg?resize=700%2C400&ssl=1 2x"},"classes":[]},{"id":3967,"url":"https:\/\/www.sabra.org.br\/site\/economia-circular\/","url_meta":{"origin":11490,"position":1},"title":"Economia circular: o impulso do consumo e produ\u00e7\u00e3o respons\u00e1veis","author":"M\u00e1rcio Miranda Pontes","date":"25 de junho de 2021","format":false,"excerpt":"Economia circular: o impulso do consumo e produ\u00e7\u00e3o respons\u00e1veis \u00c9 fato que o modelo econ\u00f4mico atual, baseado na ideia de extrair recursos naturais, transform\u00e1-los em produtos e descart\u00e1-los, j\u00e1 est\u00e1 no seu limite. Nesse contexto, a economia circular se apresenta como uma excelente solu\u00e7\u00e3o. Para entender melhor o conceito de\u2026","rel":"","context":"Em &quot;Blog SABRA&quot;","block_context":{"text":"Blog SABRA","link":"https:\/\/www.sabra.org.br\/site\/category\/blog-sabra\/"},"img":{"alt_text":"orquestra-sinf\u00f4nica-betim-economia-circular-empresa-produto-sustent\u00e1vel","src":"https:\/\/i0.wp.com\/www.sabra.org.br\/site\/wp-content\/uploads\/2021\/06\/economia-circular-o-impulso-do-consumo-e-producao-responsaveis-20210423165408.jpg.jpg?resize=350%2C200&ssl=1","width":350,"height":200,"srcset":"https:\/\/i0.wp.com\/www.sabra.org.br\/site\/wp-content\/uploads\/2021\/06\/economia-circular-o-impulso-do-consumo-e-producao-responsaveis-20210423165408.jpg.jpg?resize=350%2C200&ssl=1 1x, https:\/\/i0.wp.com\/www.sabra.org.br\/site\/wp-content\/uploads\/2021\/06\/economia-circular-o-impulso-do-consumo-e-producao-responsaveis-20210423165408.jpg.jpg?resize=525%2C300&ssl=1 1.5x, https:\/\/i0.wp.com\/www.sabra.org.br\/site\/wp-content\/uploads\/2021\/06\/economia-circular-o-impulso-do-consumo-e-producao-responsaveis-20210423165408.jpg.jpg?resize=700%2C400&ssl=1 2x"},"classes":[]},{"id":4159,"url":"https:\/\/www.sabra.org.br\/site\/consciencia-ambiental\/","url_meta":{"origin":11490,"position":2},"title":"Como incluir a consci\u00eancia ambiental na sua empresa?","author":"M\u00e1rcio Miranda Pontes","date":"8 de setembro de 2021","format":false,"excerpt":"Como incluir a consci\u00eancia ambiental na sua empresa? A consci\u00eancia ambiental \u00e9 um tema de grande import\u00e2ncia nas empresas, mas deve sair do discurso e ir para a pr\u00e1tica. Saiba como estimular a consci\u00eancia ambiental dentro das empresas. Patroci\u0301nio m\u00e1ster: @institutounimedbh, viabilizado pelo incentivo de mais de 5,2 mil m\u00e9dicos\u2026","rel":"","context":"Em &quot;Blog SABRA&quot;","block_context":{"text":"Blog SABRA","link":"https:\/\/www.sabra.org.br\/site\/category\/blog-sabra\/"},"img":{"alt_text":"empresa-a\u00e7\u00f5es-ambiental-valores-vagas-coral-adulto","src":"https:\/\/i0.wp.com\/www.sabra.org.br\/site\/wp-content\/uploads\/2021\/09\/como-incluir-a-consciencia-ambiental-na-sua-empresa-20210609152644.jpg.jpg?resize=350%2C200&ssl=1","width":350,"height":200,"srcset":"https:\/\/i0.wp.com\/www.sabra.org.br\/site\/wp-content\/uploads\/2021\/09\/como-incluir-a-consciencia-ambiental-na-sua-empresa-20210609152644.jpg.jpg?resize=350%2C200&ssl=1 1x, https:\/\/i0.wp.com\/www.sabra.org.br\/site\/wp-content\/uploads\/2021\/09\/como-incluir-a-consciencia-ambiental-na-sua-empresa-20210609152644.jpg.jpg?resize=525%2C300&ssl=1 1.5x, https:\/\/i0.wp.com\/www.sabra.org.br\/site\/wp-content\/uploads\/2021\/09\/como-incluir-a-consciencia-ambiental-na-sua-empresa-20210609152644.jpg.jpg?resize=700%2C400&ssl=1 2x"},"classes":[]},{"id":3987,"url":"https:\/\/www.sabra.org.br\/site\/agricultura-sustentavel\/","url_meta":{"origin":11490,"position":3},"title":"Agricultura sustent\u00e1vel &#8211; benef\u00edcios","author":"M\u00e1rcio Miranda Pontes","date":"1 de julho de 2021","format":false,"excerpt":"Agricultura sustent\u00e1vel - benef\u00edcios A agricultura sustent\u00e1vel traz diversos benef\u00edcios para a sociedade, como economia, uso adequado e consciente das mat\u00e9rias-primas e bem-estar social. Para conhecer melhor estes e outros benef\u00edcios da agricultura sustent\u00e1vel, leia o conte\u00fado a seguir!","rel":"","context":"Em &quot;Blog SABRA&quot;","block_context":{"text":"Blog SABRA","link":"https:\/\/www.sabra.org.br\/site\/category\/blog-sabra\/"},"img":{"alt_text":"agricultura-sustentavel-saudave-alimento-sociedade-familiar-subsist\u00eancia","src":"https:\/\/i0.wp.com\/www.sabra.org.br\/site\/wp-content\/uploads\/2021\/07\/descubra-x-beneficios-da-agricultura-sustentavel-para-a-sociedade-20210609152644.jpg.jpg?resize=350%2C200&ssl=1","width":350,"height":200,"srcset":"https:\/\/i0.wp.com\/www.sabra.org.br\/site\/wp-content\/uploads\/2021\/07\/descubra-x-beneficios-da-agricultura-sustentavel-para-a-sociedade-20210609152644.jpg.jpg?resize=350%2C200&ssl=1 1x, https:\/\/i0.wp.com\/www.sabra.org.br\/site\/wp-content\/uploads\/2021\/07\/descubra-x-beneficios-da-agricultura-sustentavel-para-a-sociedade-20210609152644.jpg.jpg?resize=525%2C300&ssl=1 1.5x, https:\/\/i0.wp.com\/www.sabra.org.br\/site\/wp-content\/uploads\/2021\/07\/descubra-x-beneficios-da-agricultura-sustentavel-para-a-sociedade-20210609152644.jpg.jpg?resize=700%2C400&ssl=1 2x"},"classes":[]},{"id":3648,"url":"https:\/\/www.sabra.org.br\/site\/doacao-incentivada\/","url_meta":{"origin":11490,"position":4},"title":"Doa\u00e7\u00e3o Incentivada: saiba como sua empresa pode ajudar e apoiar sem custo","author":"M\u00e1rcio Miranda Pontes","date":"7 de janeiro de 2021","format":false,"excerpt":"Sabia que a sua empresa pode auxiliar o nosso trabalho por meio de doa\u00e7\u00f5es sem custo algum? Veja este artigo que preparamos e entenda como a Doa\u00e7\u00e3o Incentivada ajuda a sua empresa a contribuir para a comunidade!","rel":"","context":"Em &quot;Blog SABRA&quot;","block_context":{"text":"Blog SABRA","link":"https:\/\/www.sabra.org.br\/site\/category\/blog-sabra\/"},"img":{"alt_text":"doa\u00e7\u00e3o-incentivada","src":"https:\/\/i0.wp.com\/www.sabra.org.br\/site\/wp-content\/uploads\/2021\/01\/doacao-incentivada-saiba-como-sua-empresa-pode-ajudar-e-apoiar-sem-custo-20210104131921.jpg.jpg?resize=350%2C200&ssl=1","width":350,"height":200,"srcset":"https:\/\/i0.wp.com\/www.sabra.org.br\/site\/wp-content\/uploads\/2021\/01\/doacao-incentivada-saiba-como-sua-empresa-pode-ajudar-e-apoiar-sem-custo-20210104131921.jpg.jpg?resize=350%2C200&ssl=1 1x, https:\/\/i0.wp.com\/www.sabra.org.br\/site\/wp-content\/uploads\/2021\/01\/doacao-incentivada-saiba-como-sua-empresa-pode-ajudar-e-apoiar-sem-custo-20210104131921.jpg.jpg?resize=525%2C300&ssl=1 1.5x, https:\/\/i0.wp.com\/www.sabra.org.br\/site\/wp-content\/uploads\/2021\/01\/doacao-incentivada-saiba-como-sua-empresa-pode-ajudar-e-apoiar-sem-custo-20210104131921.jpg.jpg?resize=700%2C400&ssl=1 2x"},"classes":[]},{"id":1846,"url":"https:\/\/www.sabra.org.br\/site\/beneficios-sociais-empresas\/","url_meta":{"origin":11490,"position":5},"title":"Benef\u00edcios que as doa\u00e7\u00f5es para projetos sociais trazem para as empresas","author":"M\u00e1rcio Miranda Pontes","date":"30 de junho de 2023","format":false,"excerpt":"As doa\u00e7\u00f5es para projetos sociais podem trazer muitos benef\u00edcios, sobretudo quando s\u00e3o feitas por empresas. Quer saber quais benef\u00edcios s\u00e3o esses? Ent\u00e3o confira o texto que preparamos sobre o assunto. Boa leitura!","rel":"","context":"Em &quot;Blog SABRA&quot;","block_context":{"text":"Blog SABRA","link":"https:\/\/www.sabra.org.br\/site\/category\/blog-sabra\/"},"img":{"alt_text":"empresas-sociais-incentivos-sabra","src":"https:\/\/i0.wp.com\/www.sabra.org.br\/site\/wp-content\/uploads\/2023\/06\/x-beneficios-que-as-doacoes-para-projetos-sociais-trazem-para-as-empresas-20181109101935.jpg-jpg.webp?resize=350%2C200&ssl=1","width":350,"height":200,"srcset":"https:\/\/i0.wp.com\/www.sabra.org.br\/site\/wp-content\/uploads\/2023\/06\/x-beneficios-que-as-doacoes-para-projetos-sociais-trazem-para-as-empresas-20181109101935.jpg-jpg.webp?resize=350%2C200&ssl=1 1x, https:\/\/i0.wp.com\/www.sabra.org.br\/site\/wp-content\/uploads\/2023\/06\/x-beneficios-que-as-doacoes-para-projetos-sociais-trazem-para-as-empresas-20181109101935.jpg-jpg.webp?resize=525%2C300&ssl=1 1.5x, https:\/\/i0.wp.com\/www.sabra.org.br\/site\/wp-content\/uploads\/2023\/06\/x-beneficios-que-as-doacoes-para-projetos-sociais-trazem-para-as-empresas-20181109101935.jpg-jpg.webp?resize=700%2C400&ssl=1 2x"},"classes":[]}],"jetpack_likes_enabled":true,"jetpack_sharing_enabled":true,"_links":{"self":[{"href":"https:\/\/www.sabra.org.br\/site\/wp-json\/wp\/v2\/posts\/11490","targetHints":{"allow":["GET"]}}],"collection":[{"href":"https:\/\/www.sabra.org.br\/site\/wp-json\/wp\/v2\/posts"}],"about":[{"href":"https:\/\/www.sabra.org.br\/site\/wp-json\/wp\/v2\/types\/post"}],"author":[{"embeddable":true,"href":"https:\/\/www.sabra.org.br\/site\/wp-json\/wp\/v2\/users\/39"}],"replies":[{"embeddable":true,"href":"https:\/\/www.sabra.org.br\/site\/wp-json\/wp\/v2\/comments?post=11490"}],"version-history":[{"count":0,"href":"https:\/\/www.sabra.org.br\/site\/wp-json\/wp\/v2\/posts\/11490\/revisions"}],"wp:featuredmedia":[{"embeddable":true,"href":"https:\/\/www.sabra.org.br\/site\/wp-json\/wp\/v2\/media\/9895"}],"wp:attachment":[{"href":"https:\/\/www.sabra.org.br\/site\/wp-json\/wp\/v2\/media?parent=11490"}],"wp:term":[{"taxonomy":"category","embeddable":true,"href":"https:\/\/www.sabra.org.br\/site\/wp-json\/wp\/v2\/categories?post=11490"},{"taxonomy":"post_tag","embeddable":true,"href":"https:\/\/www.sabra.org.br\/site\/wp-json\/wp\/v2\/tags?post=11490"}],"curies":[{"name":"wp","href":"https:\/\/api.w.org\/{rel}","templated":true}]}}