{"id":11596,"date":"2025-04-10T16:57:21","date_gmt":"2025-04-10T19:57:21","guid":{"rendered":"https:\/\/www.sabra.org.br\/site\/?p=11596"},"modified":"2025-05-15T20:25:20","modified_gmt":"2025-05-15T23:25:20","slug":"tempo","status":"publish","type":"post","link":"https:\/\/www.sabra.org.br\/site\/tempo\/","title":{"rendered":"Dicas de como melhorar sua percep\u00e7\u00e3o de ritmo e tempo"},"content":{"rendered":"<p>A <strong>percep\u00e7\u00e3o de ritmo e tempo<\/strong> \u00e9 uma habilidade essencial para m\u00fasicos, dan\u00e7arinos, atletas e at\u00e9 mesmo profissionais que precisam lidar com processos r\u00edtmicos no dia a dia. Desenvolver essa percep\u00e7\u00e3o exige treino e aten\u00e7\u00e3o, mas a boa not\u00edcia \u00e9 que qualquer pessoa pode aprimorar essa capacidade com a pr\u00e1tica correta. A seguir, apresentamos algumas estrat\u00e9gias que podem te ajudar a refinar sua sensibilidade ao ritmo e ao tempo, tornando suas execu\u00e7\u00f5es mais precisas e naturais.<\/p>\n<h2>Escuta Ativa e An\u00e1lise R\u00edtmica<\/h2>\n<p>Um dos primeiros passos para <strong>melhorar a percep\u00e7\u00e3o de ritmo e tempo<\/strong> \u00e9 desenvolver a escuta ativa. Isso significa prestar aten\u00e7\u00e3o detalhada aos padr\u00f5es r\u00edtmicos das m\u00fasicas que voc\u00ea ouve no dia a dia, identificando batidas, mudan\u00e7as de tempo e nuances r\u00edtmicas. Al\u00e9m disso, analisar as estruturas r\u00edtmicas das m\u00fasicas pode ajudar a entender como diferentes g\u00eaneros musicais utilizam o tempo e a divis\u00e3o das notas.<\/p>\n<p>Ouvir diferentes estilos musicais e tentar acompanhar mentalmente ou com palmas pode fortalecer sua capacidade de reconhecer e prever padr\u00f5es r\u00edtmicos. Dessa forma, sua percep\u00e7\u00e3o ser\u00e1 aprimorada, e sua execu\u00e7\u00e3o em atividades que exigem ritmo se tornar\u00e1 mais natural.<\/p>\n<h2>Uso de Metr\u00f4nomo como Ferramenta Essencial<\/h2>\n<p>O metr\u00f4nomo \u00e9 uma das ferramentas mais eficazes para quem deseja aprimorar a percep\u00e7\u00e3o de ritmo e tempo. Utiliz\u00e1-lo regularmente pode ajudar a treinar a const\u00e2ncia no tempo e desenvolver a habilidade de seguir batidas com precis\u00e3o.<\/p>\n<p>Come\u00e7ar com tempos mais lentos e aumentar gradativamente a velocidade permite que voc\u00ea tenha controle sobre os padr\u00f5es r\u00edtmicos sem comprometer a precis\u00e3o. Al\u00e9m disso, praticar com diferentes subdivis\u00f5es de tempo, como sem\u00ednimas, colcheias e tercinas, pode ampliar sua capacidade de adapta\u00e7\u00e3o a diferentes contextos r\u00edtmicos.<\/p>\n<h2>Pr\u00e1tica com Marca\u00e7\u00e3o Corporal<\/h2>\n<p>O corpo pode ser um excelente aliado no desenvolvimento da percep\u00e7\u00e3o de ritmo. Marcar a batida com o p\u00e9, movimentar as m\u00e3os ou at\u00e9 mesmo balan\u00e7ar a cabe\u00e7a no compasso da m\u00fasica s\u00e3o estrat\u00e9gias que ajudam a internalizar o ritmo de forma mais intuitiva.<\/p>\n<p>Dan\u00e7ar e<strong> acompanhar m\u00fasicas<\/strong> com movimentos r\u00edtmicos tamb\u00e9m pode ser uma maneira eficaz de conectar o corpo \u00e0 percep\u00e7\u00e3o auditiva, tornando mais natural a assimila\u00e7\u00e3o de diferentes tempos e padr\u00f5es. Profissionais da m\u00fasica frequentemente utilizam esse tipo de pr\u00e1tica para garantir precis\u00e3o r\u00edtmica em suas performances.<\/p>\n<h2>Contagem e Subdivis\u00e3o do Tempo<\/h2>\n<p>A subdivis\u00e3o do tempo \u00e9 uma t\u00e9cnica essencial para quem deseja melhorar a precis\u00e3o r\u00edtmica. Ao contar em voz alta ou mentalmente os tempos e suas subdivis\u00f5es, \u00e9 poss\u00edvel ganhar maior controle sobre a execu\u00e7\u00e3o r\u00edtmica.<\/p>\n<p>Por exemplo, se uma m\u00fasica est\u00e1 em um compasso 4\/4, contar &#8220;um, dois, tr\u00eas, quatro&#8221; ao tocar ou ouvir a m\u00fasica pode ajudar a manter a pulsa\u00e7\u00e3o constante. Para trechos mais r\u00e1pidos, dividir cada tempo em partes menores, como &#8220;um e dois e tr\u00eas e quatro e&#8221;, pode facilitar a precis\u00e3o na execu\u00e7\u00e3o.<\/p>\n<p>Registrar sua evolu\u00e7\u00e3o com grava\u00e7\u00f5es ou anota\u00e7\u00f5es pode ajudar a monitorar seu progresso e identificar \u00e1reas que precisam de mais aten\u00e7\u00e3o. Com disciplina e dedica\u00e7\u00e3o, \u00e9 poss\u00edvel desenvolver uma percep\u00e7\u00e3o r\u00edtmica mais apurada e aplic\u00e1-la em diferentes contextos com confian\u00e7a e precis\u00e3o.<\/p>\n<p><a href=\"https:\/\/www.sabra.org.br\/\">Acesse nosso site<\/a> e saiba mais!<\/p>\n<blockquote class=\"wp-embedded-content\" data-secret=\"KKJuyclX62\"><p><a href=\"https:\/\/www.sabra.org.br\/site\/criancas-estilos-musicais\/\">Como adequar os estilos musicais para cada fase do desenvolvimento infantil?<\/a><\/p><\/blockquote>\n<p><iframe class=\"wp-embedded-content\" sandbox=\"allow-scripts\" security=\"restricted\" style=\"position: absolute; visibility: hidden;\" title=\"&#8220;Como adequar os estilos musicais para cada fase do desenvolvimento infantil?&#8221; &#8212; SABRA - Sociedade Art\u00edstica Brasileira\" src=\"https:\/\/www.sabra.org.br\/site\/criancas-estilos-musicais\/embed\/#?secret=3R3RTDOQ21#?secret=KKJuyclX62\" data-secret=\"KKJuyclX62\" width=\"600\" height=\"338\" frameborder=\"0\" marginwidth=\"0\" marginheight=\"0\" scrolling=\"no\"><\/iframe><\/p>\n<hr \/>\n<h2>Se voc\u00ea gostou deste post:<\/h2>\n<p>&#8211; SIGA as nossas p\u00e1ginas nas redes sociais para acompanhar as nossas atualiza\u00e7\u00f5es: estamos no <a href=\"https:\/\/www.facebook.com\/sabrabrasil\" target=\"_blank\" rel=\"noopener\">Facebook<\/a>, no <a href=\"https:\/\/www.instagram.com\/sabrabrasil\/\" target=\"_blank\" rel=\"noopener\">Instagram<\/a>, no <a href=\"https:\/\/www.linkedin.com\/company\/25002088\" target=\"_blank\" rel=\"noopener\">LinkedIn<\/a>, no <a href=\"https:\/\/x.com\/ContatoSabra\" target=\"_blank\" rel=\"noopener\">X<\/a> e no <a href=\"https:\/\/www.youtube.com\/channel\/UCJw-kbuEvzUNdeQf20Pa-eQ\" target=\"_blank\" rel=\"noopener\">YouTube<\/a>!<\/p>\n<p>&#8211; CONHE\u00c7A o trabalho da Sociedade Art\u00edstica Brasileira (SABRA) e todas as iniciativas culturais e sociais que ela mant\u00e9m. <a href=\"https:\/\/www.sabra.org.br\/site\/acoes\/\" target=\"_blank\" rel=\"noopener\">Acesse nosso site!<\/a><\/p>\n<p>&#8211; ENTRE EM CONTATO com a gente. E veja quais s\u00e3o as op\u00e7\u00f5es de ajuda na manuten\u00e7\u00e3o de nossas a\u00e7\u00f5es sociais e culturais. Basta acessar nossa p\u00e1gina <a href=\"https:\/\/www.sabra.org.br\/site\/doe-agora\/\" target=\"_blank\" rel=\"noopener\">Doe Agora!<\/a><\/p>\n<p>&#8211; COMPARTILHE este texto nas suas redes sociais e ajude os seus amigos a tamb\u00e9m dominarem o assunto!<\/p>\n<p>\u2013 Os projetos da @sabrabrasil s\u00e3o realizados com o patroci\u0301nio m\u00e1ster: @institutounimedbh, viabilizado pelo incentivo de mais de 5,7 mil m\u00e9dicos cooperados e colaboradores via Lei de Incentivo \u00e0 Cultura &#8211; @culturagovbr<\/p>\n","protected":false},"excerpt":{"rendered":"<p>Aprenda a import\u00e2ncia do tempo e ritmo para m\u00fasicos e praticantes. Melhore sua percep\u00e7\u00e3o com pr\u00e1ticas eficazes.<\/p>\n","protected":false},"author":39,"featured_media":11598,"comment_status":"closed","ping_status":"closed","sticky":false,"template":"","format":"standard","meta":{"jetpack_post_was_ever_published":false,"_jetpack_newsletter_access":"","_jetpack_dont_email_post_to_subs":false,"_jetpack_newsletter_tier_id":0,"_jetpack_memberships_contains_paywalled_content":false,"_jetpack_memberships_contains_paid_content":false,"footnotes":""},"categories":[1],"tags":[4142,4178,9,4179],"class_list":["post-11596","post","type-post","status-publish","format-standard","has-post-thumbnail","hentry","category-blog-sabra","tag-desenvolvimento-musical","tag-percepcao-ritmica","tag-sociedade-artistica-brasileira","tag-tecnicas-de-ritmo"],"yoast_head":"<!-- This site is optimized with the Yoast SEO plugin v27.5 - https:\/\/yoast.com\/product\/yoast-seo-wordpress\/ -->\n<title>Dicas de como melhorar sua percep\u00e7\u00e3o de ritmo e tempo - SABRA - Sociedade Art\u00edstica Brasileira<\/title>\n<meta name=\"description\" content=\"Aprenda a import\u00e2ncia do tempo e ritmo para m\u00fasicos e praticantes. Melhore sua percep\u00e7\u00e3o com pr\u00e1ticas eficazes.\" \/>\n<meta name=\"robots\" content=\"index, follow, max-snippet:-1, max-image-preview:large, max-video-preview:-1\" \/>\n<link rel=\"canonical\" href=\"https:\/\/www.sabra.org.br\/site\/tempo\/\" \/>\n<meta property=\"og:locale\" content=\"pt_BR\" \/>\n<meta property=\"og:type\" content=\"article\" \/>\n<meta property=\"og:title\" content=\"Dicas de como melhorar sua percep\u00e7\u00e3o de ritmo e tempo - SABRA - Sociedade Art\u00edstica Brasileira\" \/>\n<meta property=\"og:description\" content=\"Aprenda a import\u00e2ncia do tempo e ritmo para m\u00fasicos e praticantes. Melhore sua percep\u00e7\u00e3o com pr\u00e1ticas eficazes.\" \/>\n<meta property=\"og:url\" content=\"https:\/\/www.sabra.org.br\/site\/tempo\/\" \/>\n<meta property=\"og:site_name\" content=\"SABRA - Sociedade Art\u00edstica Brasileira\" \/>\n<meta property=\"article:publisher\" content=\"https:\/\/www.facebook.com\/sabrabrasil\" \/>\n<meta property=\"article:published_time\" content=\"2025-04-10T19:57:21+00:00\" \/>\n<meta property=\"article:modified_time\" content=\"2025-05-15T23:25:20+00:00\" \/>\n<meta property=\"og:image\" content=\"https:\/\/www.sabra.org.br\/site\/wp-content\/uploads\/2025\/04\/x-dicas-de-como-melhorar-sua-percepcao-de-ritmo-e-tempojpg-20250227134807.jpg.jpg\" \/>\n\t<meta property=\"og:image:width\" content=\"800\" \/>\n\t<meta property=\"og:image:height\" content=\"529\" \/>\n\t<meta property=\"og:image:type\" content=\"image\/jpeg\" \/>\n<meta name=\"author\" content=\"M\u00e1rcio Miranda Pontes\" \/>\n<meta name=\"twitter:card\" content=\"summary_large_image\" \/>\n<meta name=\"twitter:creator\" content=\"@ContatoSabra\" \/>\n<meta name=\"twitter:site\" content=\"@ContatoSabra\" \/>\n<meta name=\"twitter:label1\" content=\"Escrito por\" \/>\n\t<meta name=\"twitter:data1\" content=\"M\u00e1rcio Miranda Pontes\" \/>\n\t<meta name=\"twitter:label2\" content=\"Est. tempo de leitura\" \/>\n\t<meta name=\"twitter:data2\" content=\"4 minutos\" \/>\n<script type=\"application\/ld+json\" class=\"yoast-schema-graph\">{\"@context\":\"https:\\\/\\\/schema.org\",\"@graph\":[{\"@type\":\"Article\",\"@id\":\"https:\\\/\\\/www.sabra.org.br\\\/site\\\/tempo\\\/#article\",\"isPartOf\":{\"@id\":\"https:\\\/\\\/www.sabra.org.br\\\/site\\\/tempo\\\/\"},\"author\":{\"name\":\"M\u00e1rcio Miranda Pontes\",\"@id\":\"https:\\\/\\\/www.sabra.org.br\\\/site\\\/#\\\/schema\\\/person\\\/7d1d222c3c8891d4c37c7b41bf6315c2\"},\"headline\":\"Dicas de como melhorar sua percep\u00e7\u00e3o de ritmo e tempo\",\"datePublished\":\"2025-04-10T19:57:21+00:00\",\"dateModified\":\"2025-05-15T23:25:20+00:00\",\"mainEntityOfPage\":{\"@id\":\"https:\\\/\\\/www.sabra.org.br\\\/site\\\/tempo\\\/\"},\"wordCount\":754,\"publisher\":{\"@id\":\"https:\\\/\\\/www.sabra.org.br\\\/site\\\/#organization\"},\"image\":{\"@id\":\"https:\\\/\\\/www.sabra.org.br\\\/site\\\/tempo\\\/#primaryimage\"},\"thumbnailUrl\":\"https:\\\/\\\/www.sabra.org.br\\\/site\\\/wp-content\\\/uploads\\\/2025\\\/04\\\/x-dicas-de-como-melhorar-sua-percepcao-de-ritmo-e-tempojpg-20250227134807.jpg.jpg\",\"keywords\":[\"Desenvolvimento Musical\",\"Percep\u00e7\u00e3o R\u00edtmica\",\"Sociedade Art\u00edstica Brasileira\",\"T\u00e9cnicas de Ritmo\"],\"articleSection\":[\"Blog SABRA\"],\"inLanguage\":\"pt-BR\"},{\"@type\":\"WebPage\",\"@id\":\"https:\\\/\\\/www.sabra.org.br\\\/site\\\/tempo\\\/\",\"url\":\"https:\\\/\\\/www.sabra.org.br\\\/site\\\/tempo\\\/\",\"name\":\"Dicas de como melhorar sua percep\u00e7\u00e3o de ritmo e tempo - SABRA - Sociedade Art\u00edstica Brasileira\",\"isPartOf\":{\"@id\":\"https:\\\/\\\/www.sabra.org.br\\\/site\\\/#website\"},\"primaryImageOfPage\":{\"@id\":\"https:\\\/\\\/www.sabra.org.br\\\/site\\\/tempo\\\/#primaryimage\"},\"image\":{\"@id\":\"https:\\\/\\\/www.sabra.org.br\\\/site\\\/tempo\\\/#primaryimage\"},\"thumbnailUrl\":\"https:\\\/\\\/www.sabra.org.br\\\/site\\\/wp-content\\\/uploads\\\/2025\\\/04\\\/x-dicas-de-como-melhorar-sua-percepcao-de-ritmo-e-tempojpg-20250227134807.jpg.jpg\",\"datePublished\":\"2025-04-10T19:57:21+00:00\",\"dateModified\":\"2025-05-15T23:25:20+00:00\",\"description\":\"Aprenda a import\u00e2ncia do tempo e ritmo para m\u00fasicos e praticantes. Melhore sua percep\u00e7\u00e3o com pr\u00e1ticas eficazes.\",\"breadcrumb\":{\"@id\":\"https:\\\/\\\/www.sabra.org.br\\\/site\\\/tempo\\\/#breadcrumb\"},\"inLanguage\":\"pt-BR\",\"potentialAction\":[{\"@type\":\"ReadAction\",\"target\":[\"https:\\\/\\\/www.sabra.org.br\\\/site\\\/tempo\\\/\"]}]},{\"@type\":\"ImageObject\",\"inLanguage\":\"pt-BR\",\"@id\":\"https:\\\/\\\/www.sabra.org.br\\\/site\\\/tempo\\\/#primaryimage\",\"url\":\"https:\\\/\\\/www.sabra.org.br\\\/site\\\/wp-content\\\/uploads\\\/2025\\\/04\\\/x-dicas-de-como-melhorar-sua-percepcao-de-ritmo-e-tempojpg-20250227134807.jpg.jpg\",\"contentUrl\":\"https:\\\/\\\/www.sabra.org.br\\\/site\\\/wp-content\\\/uploads\\\/2025\\\/04\\\/x-dicas-de-como-melhorar-sua-percepcao-de-ritmo-e-tempojpg-20250227134807.jpg.jpg\",\"width\":800,\"height\":529,\"caption\":\"Sociedade Art\u00edstica Brasileira\"},{\"@type\":\"BreadcrumbList\",\"@id\":\"https:\\\/\\\/www.sabra.org.br\\\/site\\\/tempo\\\/#breadcrumb\",\"itemListElement\":[{\"@type\":\"ListItem\",\"position\":1,\"name\":\"In\u00edcio\",\"item\":\"https:\\\/\\\/www.sabra.org.br\\\/site\\\/\"},{\"@type\":\"ListItem\",\"position\":2,\"name\":\"Dicas de como melhorar sua percep\u00e7\u00e3o de ritmo e tempo\"}]},{\"@type\":\"WebSite\",\"@id\":\"https:\\\/\\\/www.sabra.org.br\\\/site\\\/#website\",\"url\":\"https:\\\/\\\/www.sabra.org.br\\\/site\\\/\",\"name\":\"SABRA - Sociedade Art\u00edstica Brasileira\",\"description\":\"Escola de M\u00fasica, Orquestra Sinf\u00f4nica, Coral e Patrim\u00f4nio Cultural e Hist\u00f3rico\",\"publisher\":{\"@id\":\"https:\\\/\\\/www.sabra.org.br\\\/site\\\/#organization\"},\"potentialAction\":[{\"@type\":\"SearchAction\",\"target\":{\"@type\":\"EntryPoint\",\"urlTemplate\":\"https:\\\/\\\/www.sabra.org.br\\\/site\\\/?s={search_term_string}\"},\"query-input\":{\"@type\":\"PropertyValueSpecification\",\"valueRequired\":true,\"valueName\":\"search_term_string\"}}],\"inLanguage\":\"pt-BR\"},{\"@type\":\"Organization\",\"@id\":\"https:\\\/\\\/www.sabra.org.br\\\/site\\\/#organization\",\"name\":\"SOCIEDADE ART\u00cdSTICA BRASILEIRA SABRA\",\"alternateName\":\"SABRA\",\"url\":\"https:\\\/\\\/www.sabra.org.br\\\/site\\\/\",\"logo\":{\"@type\":\"ImageObject\",\"inLanguage\":\"pt-BR\",\"@id\":\"https:\\\/\\\/www.sabra.org.br\\\/site\\\/#\\\/schema\\\/logo\\\/image\\\/\",\"url\":\"https:\\\/\\\/www.sabra.org.br\\\/site\\\/wp-content\\\/uploads\\\/2019\\\/06\\\/cropped-Logo_SABRA-Copia-1.webp\",\"contentUrl\":\"https:\\\/\\\/www.sabra.org.br\\\/site\\\/wp-content\\\/uploads\\\/2019\\\/06\\\/cropped-Logo_SABRA-Copia-1.webp\",\"width\":400,\"height\":128,\"caption\":\"SOCIEDADE ART\u00cdSTICA BRASILEIRA SABRA\"},\"image\":{\"@id\":\"https:\\\/\\\/www.sabra.org.br\\\/site\\\/#\\\/schema\\\/logo\\\/image\\\/\"},\"sameAs\":[\"https:\\\/\\\/www.facebook.com\\\/sabrabrasil\",\"https:\\\/\\\/x.com\\\/ContatoSabra\",\"https:\\\/\\\/www.instagram.com\\\/sabrabrasil\\\/\",\"https:\\\/\\\/www.linkedin.com\\\/company\\\/25002088\\\/\",\"https:\\\/\\\/br.pinterest.com\\\/sociedadeartisticabrasileira\\\/\",\"https:\\\/\\\/www.youtube.com\\\/c\\\/sabrabrasil\"]},{\"@type\":\"Person\",\"@id\":\"https:\\\/\\\/www.sabra.org.br\\\/site\\\/#\\\/schema\\\/person\\\/7d1d222c3c8891d4c37c7b41bf6315c2\",\"name\":\"M\u00e1rcio Miranda Pontes\",\"image\":{\"@type\":\"ImageObject\",\"inLanguage\":\"pt-BR\",\"@id\":\"https:\\\/\\\/secure.gravatar.com\\\/avatar\\\/3b45f24496a7625a3a6c436688fbe20344faaeb2979658dc4a9921f984d7df9a?s=96&d=mm&r=g\",\"url\":\"https:\\\/\\\/secure.gravatar.com\\\/avatar\\\/3b45f24496a7625a3a6c436688fbe20344faaeb2979658dc4a9921f984d7df9a?s=96&d=mm&r=g\",\"contentUrl\":\"https:\\\/\\\/secure.gravatar.com\\\/avatar\\\/3b45f24496a7625a3a6c436688fbe20344faaeb2979658dc4a9921f984d7df9a?s=96&d=mm&r=g\",\"caption\":\"M\u00e1rcio Miranda Pontes\"},\"sameAs\":[\"http:\\\/\\\/www.sabra.org.br\"],\"url\":\"https:\\\/\\\/www.sabra.org.br\\\/site\\\/author\\\/marcio-miranda-pontes\\\/\"}]}<\/script>\n<!-- \/ Yoast SEO plugin. -->","yoast_head_json":{"title":"Dicas de como melhorar sua percep\u00e7\u00e3o de ritmo e tempo - SABRA - Sociedade Art\u00edstica Brasileira","description":"Aprenda a import\u00e2ncia do tempo e ritmo para m\u00fasicos e praticantes. Melhore sua percep\u00e7\u00e3o com pr\u00e1ticas eficazes.","robots":{"index":"index","follow":"follow","max-snippet":"max-snippet:-1","max-image-preview":"max-image-preview:large","max-video-preview":"max-video-preview:-1"},"canonical":"https:\/\/www.sabra.org.br\/site\/tempo\/","og_locale":"pt_BR","og_type":"article","og_title":"Dicas de como melhorar sua percep\u00e7\u00e3o de ritmo e tempo - SABRA - Sociedade Art\u00edstica Brasileira","og_description":"Aprenda a import\u00e2ncia do tempo e ritmo para m\u00fasicos e praticantes. Melhore sua percep\u00e7\u00e3o com pr\u00e1ticas eficazes.","og_url":"https:\/\/www.sabra.org.br\/site\/tempo\/","og_site_name":"SABRA - Sociedade Art\u00edstica Brasileira","article_publisher":"https:\/\/www.facebook.com\/sabrabrasil","article_published_time":"2025-04-10T19:57:21+00:00","article_modified_time":"2025-05-15T23:25:20+00:00","og_image":[{"width":800,"height":529,"url":"https:\/\/www.sabra.org.br\/site\/wp-content\/uploads\/2025\/04\/x-dicas-de-como-melhorar-sua-percepcao-de-ritmo-e-tempojpg-20250227134807.jpg.jpg","type":"image\/jpeg"}],"author":"M\u00e1rcio Miranda Pontes","twitter_card":"summary_large_image","twitter_creator":"@ContatoSabra","twitter_site":"@ContatoSabra","twitter_misc":{"Escrito por":"M\u00e1rcio Miranda Pontes","Est. tempo de leitura":"4 minutos"},"schema":{"@context":"https:\/\/schema.org","@graph":[{"@type":"Article","@id":"https:\/\/www.sabra.org.br\/site\/tempo\/#article","isPartOf":{"@id":"https:\/\/www.sabra.org.br\/site\/tempo\/"},"author":{"name":"M\u00e1rcio Miranda Pontes","@id":"https:\/\/www.sabra.org.br\/site\/#\/schema\/person\/7d1d222c3c8891d4c37c7b41bf6315c2"},"headline":"Dicas de como melhorar sua percep\u00e7\u00e3o de ritmo e tempo","datePublished":"2025-04-10T19:57:21+00:00","dateModified":"2025-05-15T23:25:20+00:00","mainEntityOfPage":{"@id":"https:\/\/www.sabra.org.br\/site\/tempo\/"},"wordCount":754,"publisher":{"@id":"https:\/\/www.sabra.org.br\/site\/#organization"},"image":{"@id":"https:\/\/www.sabra.org.br\/site\/tempo\/#primaryimage"},"thumbnailUrl":"https:\/\/www.sabra.org.br\/site\/wp-content\/uploads\/2025\/04\/x-dicas-de-como-melhorar-sua-percepcao-de-ritmo-e-tempojpg-20250227134807.jpg.jpg","keywords":["Desenvolvimento Musical","Percep\u00e7\u00e3o R\u00edtmica","Sociedade Art\u00edstica Brasileira","T\u00e9cnicas de Ritmo"],"articleSection":["Blog SABRA"],"inLanguage":"pt-BR"},{"@type":"WebPage","@id":"https:\/\/www.sabra.org.br\/site\/tempo\/","url":"https:\/\/www.sabra.org.br\/site\/tempo\/","name":"Dicas de como melhorar sua percep\u00e7\u00e3o de ritmo e tempo - SABRA - Sociedade Art\u00edstica Brasileira","isPartOf":{"@id":"https:\/\/www.sabra.org.br\/site\/#website"},"primaryImageOfPage":{"@id":"https:\/\/www.sabra.org.br\/site\/tempo\/#primaryimage"},"image":{"@id":"https:\/\/www.sabra.org.br\/site\/tempo\/#primaryimage"},"thumbnailUrl":"https:\/\/www.sabra.org.br\/site\/wp-content\/uploads\/2025\/04\/x-dicas-de-como-melhorar-sua-percepcao-de-ritmo-e-tempojpg-20250227134807.jpg.jpg","datePublished":"2025-04-10T19:57:21+00:00","dateModified":"2025-05-15T23:25:20+00:00","description":"Aprenda a import\u00e2ncia do tempo e ritmo para m\u00fasicos e praticantes. Melhore sua percep\u00e7\u00e3o com pr\u00e1ticas eficazes.","breadcrumb":{"@id":"https:\/\/www.sabra.org.br\/site\/tempo\/#breadcrumb"},"inLanguage":"pt-BR","potentialAction":[{"@type":"ReadAction","target":["https:\/\/www.sabra.org.br\/site\/tempo\/"]}]},{"@type":"ImageObject","inLanguage":"pt-BR","@id":"https:\/\/www.sabra.org.br\/site\/tempo\/#primaryimage","url":"https:\/\/www.sabra.org.br\/site\/wp-content\/uploads\/2025\/04\/x-dicas-de-como-melhorar-sua-percepcao-de-ritmo-e-tempojpg-20250227134807.jpg.jpg","contentUrl":"https:\/\/www.sabra.org.br\/site\/wp-content\/uploads\/2025\/04\/x-dicas-de-como-melhorar-sua-percepcao-de-ritmo-e-tempojpg-20250227134807.jpg.jpg","width":800,"height":529,"caption":"Sociedade Art\u00edstica Brasileira"},{"@type":"BreadcrumbList","@id":"https:\/\/www.sabra.org.br\/site\/tempo\/#breadcrumb","itemListElement":[{"@type":"ListItem","position":1,"name":"In\u00edcio","item":"https:\/\/www.sabra.org.br\/site\/"},{"@type":"ListItem","position":2,"name":"Dicas de como melhorar sua percep\u00e7\u00e3o de ritmo e tempo"}]},{"@type":"WebSite","@id":"https:\/\/www.sabra.org.br\/site\/#website","url":"https:\/\/www.sabra.org.br\/site\/","name":"SABRA - Sociedade Art\u00edstica Brasileira","description":"Escola de M\u00fasica, Orquestra Sinf\u00f4nica, Coral e Patrim\u00f4nio Cultural e Hist\u00f3rico","publisher":{"@id":"https:\/\/www.sabra.org.br\/site\/#organization"},"potentialAction":[{"@type":"SearchAction","target":{"@type":"EntryPoint","urlTemplate":"https:\/\/www.sabra.org.br\/site\/?s={search_term_string}"},"query-input":{"@type":"PropertyValueSpecification","valueRequired":true,"valueName":"search_term_string"}}],"inLanguage":"pt-BR"},{"@type":"Organization","@id":"https:\/\/www.sabra.org.br\/site\/#organization","name":"SOCIEDADE ART\u00cdSTICA BRASILEIRA SABRA","alternateName":"SABRA","url":"https:\/\/www.sabra.org.br\/site\/","logo":{"@type":"ImageObject","inLanguage":"pt-BR","@id":"https:\/\/www.sabra.org.br\/site\/#\/schema\/logo\/image\/","url":"https:\/\/www.sabra.org.br\/site\/wp-content\/uploads\/2019\/06\/cropped-Logo_SABRA-Copia-1.webp","contentUrl":"https:\/\/www.sabra.org.br\/site\/wp-content\/uploads\/2019\/06\/cropped-Logo_SABRA-Copia-1.webp","width":400,"height":128,"caption":"SOCIEDADE ART\u00cdSTICA BRASILEIRA SABRA"},"image":{"@id":"https:\/\/www.sabra.org.br\/site\/#\/schema\/logo\/image\/"},"sameAs":["https:\/\/www.facebook.com\/sabrabrasil","https:\/\/x.com\/ContatoSabra","https:\/\/www.instagram.com\/sabrabrasil\/","https:\/\/www.linkedin.com\/company\/25002088\/","https:\/\/br.pinterest.com\/sociedadeartisticabrasileira\/","https:\/\/www.youtube.com\/c\/sabrabrasil"]},{"@type":"Person","@id":"https:\/\/www.sabra.org.br\/site\/#\/schema\/person\/7d1d222c3c8891d4c37c7b41bf6315c2","name":"M\u00e1rcio Miranda Pontes","image":{"@type":"ImageObject","inLanguage":"pt-BR","@id":"https:\/\/secure.gravatar.com\/avatar\/3b45f24496a7625a3a6c436688fbe20344faaeb2979658dc4a9921f984d7df9a?s=96&d=mm&r=g","url":"https:\/\/secure.gravatar.com\/avatar\/3b45f24496a7625a3a6c436688fbe20344faaeb2979658dc4a9921f984d7df9a?s=96&d=mm&r=g","contentUrl":"https:\/\/secure.gravatar.com\/avatar\/3b45f24496a7625a3a6c436688fbe20344faaeb2979658dc4a9921f984d7df9a?s=96&d=mm&r=g","caption":"M\u00e1rcio Miranda Pontes"},"sameAs":["http:\/\/www.sabra.org.br"],"url":"https:\/\/www.sabra.org.br\/site\/author\/marcio-miranda-pontes\/"}]}},"jetpack_featured_media_url":"https:\/\/www.sabra.org.br\/site\/wp-content\/uploads\/2025\/04\/x-dicas-de-como-melhorar-sua-percepcao-de-ritmo-e-tempojpg-20250227134807.jpg.jpg","jetpack_shortlink":"https:\/\/wp.me\/s95j2Z-tempo","jetpack-related-posts":[{"id":11766,"url":"https:\/\/www.sabra.org.br\/site\/precisao\/","url_meta":{"origin":11596,"position":0},"title":"Como tocar com mais precis\u00e3o em diferentes andamentos?","author":"M\u00e1rcio Miranda Pontes","date":"11 de abril de 2025","format":false,"excerpt":"Aprenda a import\u00e2ncia da precis\u00e3o ao tocar instrumentos musicais e melhore sua performance com dicas pr\u00e1ticas.","rel":"","context":"Em &quot;Blog SABRA&quot;","block_context":{"text":"Blog SABRA","link":"https:\/\/www.sabra.org.br\/site\/category\/blog-sabra\/"},"img":{"alt_text":"precis\u00e3o-r\u00edtmica-andamentos-controle-escuta-m\u00fasicos-tocar-tempo","src":"https:\/\/i0.wp.com\/www.sabra.org.br\/site\/wp-content\/uploads\/2025\/04\/como-tocar-com-mais-precisao-em-diferentes-andamentosjpg-20250227134747.jpg.webp?resize=350%2C200&ssl=1","width":350,"height":200,"srcset":"https:\/\/i0.wp.com\/www.sabra.org.br\/site\/wp-content\/uploads\/2025\/04\/como-tocar-com-mais-precisao-em-diferentes-andamentosjpg-20250227134747.jpg.webp?resize=350%2C200&ssl=1 1x, https:\/\/i0.wp.com\/www.sabra.org.br\/site\/wp-content\/uploads\/2025\/04\/como-tocar-com-mais-precisao-em-diferentes-andamentosjpg-20250227134747.jpg.webp?resize=525%2C300&ssl=1 1.5x, https:\/\/i0.wp.com\/www.sabra.org.br\/site\/wp-content\/uploads\/2025\/04\/como-tocar-com-mais-precisao-em-diferentes-andamentosjpg-20250227134747.jpg.webp?resize=700%2C400&ssl=1 2x"},"classes":[]},{"id":12999,"url":"https:\/\/www.sabra.org.br\/site\/como-usar-o-metronomo-para-melhorar-sua-precisao\/","url_meta":{"origin":11596,"position":1},"title":"Como usar o metr\u00f4nomo para melhorar sua precis\u00e3o?","author":"","date":"22 de agosto de 2025","format":false,"excerpt":"O metr\u00f4nomo \u00e9 um instrumento essencial para m\u00fasicos que buscam aprimorar a precis\u00e3o no tempo e a regularidade no desempenho. Sua principal fun\u00e7\u00e3o \u00e9 fornecer um ritmo constante, ajudando o m\u00fasico a internalizar o compasso e melhorar a precis\u00e3o durante a execu\u00e7\u00e3o. No entanto, para us\u00e1-lo de maneira eficaz, \u00e9\u2026","rel":"","context":"Em &quot;Blog SABRA&quot;","block_context":{"text":"Blog SABRA","link":"https:\/\/www.sabra.org.br\/site\/category\/blog-sabra\/"},"img":{"alt_text":"","src":"","width":0,"height":0},"classes":[]},{"id":13082,"url":"https:\/\/www.sabra.org.br\/site\/saiba-como-melhorar-seu-ritmo-musical\/","url_meta":{"origin":11596,"position":2},"title":"Saiba como melhorar seu ritmo musical","author":"","date":"22 de agosto de 2025","format":false,"excerpt":"A m\u00fasica \u00e9 uma arte que transcende barreiras culturais e lingu\u00edsticas, e um dos seus elementos mais fundamentais \u00e9 o ritmo. O ritmo \u00e9 o que d\u00e1 estrutura e movimento \u00e0 m\u00fasica, guiando os ouvintes e m\u00fasicos atrav\u00e9s da composi\u00e7\u00e3o. No entanto, melhorar o seu ritmo musical pode ser um\u2026","rel":"","context":"Em &quot;Blog SABRA&quot;","block_context":{"text":"Blog SABRA","link":"https:\/\/www.sabra.org.br\/site\/category\/blog-sabra\/"},"img":{"alt_text":"","src":"","width":0,"height":0},"classes":[]},{"id":2839,"url":"https:\/\/www.sabra.org.br\/site\/dicas-percepcao-musical\/","url_meta":{"origin":11596,"position":3},"title":"Dicas de Percep\u00e7\u00e3o Musical","author":"M\u00e1rcio Miranda Pontes","date":"17 de abril de 2020","format":false,"excerpt":"Quer desenvolver e aperfei\u00e7oar sua percep\u00e7\u00e3o musical? Confira algumas dicas de como voc\u00ea pode treinar e aperfei\u00e7oar essa habilidade.","rel":"","context":"Em &quot;Blog SABRA&quot;","block_context":{"text":"Blog SABRA","link":"https:\/\/www.sabra.org.br\/site\/category\/blog-sabra\/"},"img":{"alt_text":"percep\u00e7\u00e3o-musical-dicas","src":"https:\/\/i0.wp.com\/www.sabra.org.br\/site\/wp-content\/uploads\/2020\/04\/x-dicas-para-os-musicos-melhorarem-a-sua-percepcao-musical-20191202180617.jpg.jpg?resize=350%2C200&ssl=1","width":350,"height":200,"srcset":"https:\/\/i0.wp.com\/www.sabra.org.br\/site\/wp-content\/uploads\/2020\/04\/x-dicas-para-os-musicos-melhorarem-a-sua-percepcao-musical-20191202180617.jpg.jpg?resize=350%2C200&ssl=1 1x, https:\/\/i0.wp.com\/www.sabra.org.br\/site\/wp-content\/uploads\/2020\/04\/x-dicas-para-os-musicos-melhorarem-a-sua-percepcao-musical-20191202180617.jpg.jpg?resize=525%2C300&ssl=1 1.5x, https:\/\/i0.wp.com\/www.sabra.org.br\/site\/wp-content\/uploads\/2020\/04\/x-dicas-para-os-musicos-melhorarem-a-sua-percepcao-musical-20191202180617.jpg.jpg?resize=700%2C400&ssl=1 2x"},"classes":[]},{"id":12996,"url":"https:\/\/www.sabra.org.br\/site\/5-exercicios-para-melhorar-sua-habilidade-no-piano\/","url_meta":{"origin":11596,"position":4},"title":"5 exerc\u00edcios para melhorar sua habilidade no piano","author":"","date":"22 de agosto de 2025","format":false,"excerpt":"Tocar piano \u00e9 uma habilidade que exige pr\u00e1tica constante e dedica\u00e7\u00e3o. Seja voc\u00ea um iniciante ou um pianista mais experiente, sempre h\u00e1 maneiras de aprimorar sua t\u00e9cnica e aumentar a fluidez ao tocar. A seguir, vamos explorar cinco exerc\u00edcios que s\u00e3o fundamentais para melhorar a sua habilidade no piano, desde\u2026","rel":"","context":"Em &quot;Blog SABRA&quot;","block_context":{"text":"Blog SABRA","link":"https:\/\/www.sabra.org.br\/site\/category\/blog-sabra\/"},"img":{"alt_text":"","src":"","width":0,"height":0},"classes":[]},{"id":13015,"url":"https:\/\/www.sabra.org.br\/site\/x-tipos-de-ritmo-que-todo-musico-iniciante-precisa-dominar\/","url_meta":{"origin":11596,"position":5},"title":"X tipos de ritmo que todo m\u00fasico iniciante precisa dominar","author":"","date":"22 de agosto de 2025","format":false,"excerpt":"Todo m\u00fasico iniciante enfrenta o desafio de entender e dominar os diversos ritmos que comp\u00f5em a base da m\u00fasica. O ritmo \u00e9 o elemento que dita a pulsa\u00e7\u00e3o, a cad\u00eancia e o movimento de uma pe\u00e7a musical. Para quem est\u00e1 come\u00e7ando, compreender os diferentes tipos de ritmo \u00e9 essencial para\u2026","rel":"","context":"Em &quot;Blog SABRA&quot;","block_context":{"text":"Blog SABRA","link":"https:\/\/www.sabra.org.br\/site\/category\/blog-sabra\/"},"img":{"alt_text":"","src":"","width":0,"height":0},"classes":[]}],"jetpack_likes_enabled":true,"jetpack_sharing_enabled":true,"_links":{"self":[{"href":"https:\/\/www.sabra.org.br\/site\/wp-json\/wp\/v2\/posts\/11596","targetHints":{"allow":["GET"]}}],"collection":[{"href":"https:\/\/www.sabra.org.br\/site\/wp-json\/wp\/v2\/posts"}],"about":[{"href":"https:\/\/www.sabra.org.br\/site\/wp-json\/wp\/v2\/types\/post"}],"author":[{"embeddable":true,"href":"https:\/\/www.sabra.org.br\/site\/wp-json\/wp\/v2\/users\/39"}],"replies":[{"embeddable":true,"href":"https:\/\/www.sabra.org.br\/site\/wp-json\/wp\/v2\/comments?post=11596"}],"version-history":[{"count":0,"href":"https:\/\/www.sabra.org.br\/site\/wp-json\/wp\/v2\/posts\/11596\/revisions"}],"wp:featuredmedia":[{"embeddable":true,"href":"https:\/\/www.sabra.org.br\/site\/wp-json\/wp\/v2\/media\/11598"}],"wp:attachment":[{"href":"https:\/\/www.sabra.org.br\/site\/wp-json\/wp\/v2\/media?parent=11596"}],"wp:term":[{"taxonomy":"category","embeddable":true,"href":"https:\/\/www.sabra.org.br\/site\/wp-json\/wp\/v2\/categories?post=11596"},{"taxonomy":"post_tag","embeddable":true,"href":"https:\/\/www.sabra.org.br\/site\/wp-json\/wp\/v2\/tags?post=11596"}],"curies":[{"name":"wp","href":"https:\/\/api.w.org\/{rel}","templated":true}]}}