{"id":12003,"date":"2025-04-14T17:41:44","date_gmt":"2025-04-14T20:41:44","guid":{"rendered":"https:\/\/www.sabra.org.br\/site\/?p=12003"},"modified":"2025-05-15T19:37:24","modified_gmt":"2025-05-15T22:37:24","slug":"entonacao","status":"publish","type":"post","link":"https:\/\/www.sabra.org.br\/site\/entonacao\/","title":{"rendered":"Saiba como trabalhar sua entona\u00e7\u00e3o ao cantar ou tocar"},"content":{"rendered":"<p>A<strong> entona\u00e7\u00e3o <\/strong>\u00e9 um dos aspectos mais essenciais da performance musical, seja no canto ou na execu\u00e7\u00e3o de um instrumento. Trabalhar a entona\u00e7\u00e3o corretamente pode ser a diferen\u00e7a entre uma apresenta\u00e7\u00e3o comum e uma que emociona e impressiona o p\u00fablico. Para isso, \u00e9 fundamental desenvolver um ouvido apurado, compreender os fundamentos t\u00e9cnicos e praticar com consist\u00eancia.<\/p>\n<h2>O que \u00e9 entona\u00e7\u00e3o e por que ela \u00e9 t\u00e3o importante?<\/h2>\n<p>A entona\u00e7\u00e3o est\u00e1 diretamente relacionada \u00e0 afina\u00e7\u00e3o e \u00e0 precis\u00e3o das notas musicais. No canto, ela envolve a capacidade de atingir os tons exatos sem desafinar, enquanto na execu\u00e7\u00e3o instrumental, refere-se \u00e0 precis\u00e3o da afina\u00e7\u00e3o e ao controle da sonoridade.<\/p>\n<p>Uma entona\u00e7\u00e3o precisa faz com que a <strong>m\u00fasica soe agrad\u00e1vel e coerente<\/strong>, evitando notas dissonantes e desafinadas. Al\u00e9m disso, a entona\u00e7\u00e3o influencia diretamente a expressividade musical, permitindo que o int\u00e9rprete transmita emo\u00e7\u00f5es com maior profundidade e clareza.<\/p>\n<h2>Desenvolvendo o ouvido para melhorar a entona\u00e7\u00e3o<\/h2>\n<p>Um dos principais fatores para aperfei\u00e7oar a entona\u00e7\u00e3o \u00e9 o treinamento auditivo. Um m\u00fasico ou cantor precisa desenvolver a habilidade de reconhecer e reproduzir com exatid\u00e3o os tons musicais. Isso pode ser trabalhado atrav\u00e9s de exerc\u00edcios de percep\u00e7\u00e3o, como a pr\u00e1tica de intervalos, escalas e acordes.<\/p>\n<p>O uso de um afinador eletr\u00f4nico pode ser um grande aliado nesse processo, ajudando a identificar desvios na afina\u00e7\u00e3o e proporcionando um retorno instant\u00e2neo sobre o desempenho. Al\u00e9m disso, cantar ou tocar junto com grava\u00e7\u00f5es de refer\u00eancia pode auxiliar no desenvolvimento do ouvido relativo, permitindo que o m\u00fasico ajuste sua entona\u00e7\u00e3o em tempo real.<\/p>\n<h2>A import\u00e2ncia da t\u00e9cnica na entona\u00e7\u00e3o<\/h2>\n<p>A <strong>t\u00e9cnica vocal<\/strong> ou instrumental tem um impacto significativo na entona\u00e7\u00e3o. No canto, a respira\u00e7\u00e3o correta, o posicionamento da laringe e o controle do apoio diafragm\u00e1tico s\u00e3o fundamentais para evitar varia\u00e7\u00f5es indesejadas na afina\u00e7\u00e3o. No caso de instrumentos, aspectos como a posi\u00e7\u00e3o dos dedos, a embocadura e o controle da press\u00e3o do ar (em instrumentos de sopro) desempenham um papel crucial.<\/p>\n<p>A pr\u00e1tica de escalas e arpejos \u00e9 uma excelente maneira de aprimorar a entona\u00e7\u00e3o, pois exige precis\u00e3o na execu\u00e7\u00e3o das notas. Al\u00e9m disso, tocar ou cantar devagar e aumentar gradualmente a velocidade ajuda a consolidar o controle da afina\u00e7\u00e3o.<\/p>\n<h2>Expressividade e nuances da entona\u00e7\u00e3o<\/h2>\n<p>Trabalhar a entona\u00e7\u00e3o n\u00e3o se resume apenas a atingir notas exatas, mas tamb\u00e9m a utilizar varia\u00e7\u00f5es sutis para adicionar expressividade \u00e0 interpreta\u00e7\u00e3o. Pequenas altera\u00e7\u00f5es de entona\u00e7\u00e3o, conhecidas como &#8220;microtonalidades&#8221;, podem ser usadas para enfatizar emo\u00e7\u00f5es e criar um efeito mais natural na performance.<\/p>\n<p>No canto, t\u00e9cnicas como o vibrato e o portamento ajudam a suavizar transi\u00e7\u00f5es entre notas e a conferir maior riqueza sonora. Nos instrumentos, t\u00e9cnicas como bends (em cordas e metais) e slides (em cordas e teclas) podem ser exploradas para adicionar profundidade \u00e0 execu\u00e7\u00e3o.<\/p>\n<p>A<strong> entona\u00e7\u00e3o <\/strong>\u00e9 um dos pilares da qualidade musical e deve ser trabalhada com dedica\u00e7\u00e3o e t\u00e9cnica. Desenvolver um ouvido treinado, aperfei\u00e7oar a t\u00e9cnica e explorar nuances expressivas s\u00e3o passos fundamentais para alcan\u00e7ar uma performance mais refinada e envolvente. Com pr\u00e1tica constante e aten\u00e7\u00e3o aos detalhes, qualquer m\u00fasico pode melhorar sua entona\u00e7\u00e3o e oferecer interpreta\u00e7\u00f5es mais cativantes e impactantes.<\/p>\n<blockquote class=\"wp-embedded-content\" data-secret=\"myY4gr94cf\"><p><a href=\"https:\/\/www.sabra.org.br\/site\/suspensas\/\">Dicas de como usar notas suspensas para criar uma harmonia interessante<\/a><\/p><\/blockquote>\n<p><iframe class=\"wp-embedded-content\" sandbox=\"allow-scripts\" security=\"restricted\" style=\"position: absolute; visibility: hidden;\" title=\"&#8220;Dicas de como usar notas suspensas para criar uma harmonia interessante&#8221; &#8212; SABRA - Sociedade Art\u00edstica Brasileira\" src=\"https:\/\/www.sabra.org.br\/site\/suspensas\/embed\/#?secret=Qu6ciQMvm1#?secret=myY4gr94cf\" data-secret=\"myY4gr94cf\" width=\"600\" height=\"338\" frameborder=\"0\" marginwidth=\"0\" marginheight=\"0\" scrolling=\"no\"><\/iframe><\/p>\n<p><a href=\"https:\/\/www.sabra.org.br\/\">Acesse nosso site<\/a> e saiba mais!<\/p>\n<blockquote class=\"wp-embedded-content\" data-secret=\"zQP3nUhPkL\"><p><a href=\"https:\/\/www.sabra.org.br\/site\/musica-vocabulario-ingles\/\">Como a m\u00fasica pode melhorar o seu vocabul\u00e1rio em ingl\u00eas?<\/a><\/p><\/blockquote>\n<p><iframe class=\"wp-embedded-content\" sandbox=\"allow-scripts\" security=\"restricted\" style=\"position: absolute; visibility: hidden;\" title=\"&#8220;Como a m\u00fasica pode melhorar o seu vocabul\u00e1rio em ingl\u00eas?&#8221; &#8212; SABRA - Sociedade Art\u00edstica Brasileira\" src=\"https:\/\/www.sabra.org.br\/site\/musica-vocabulario-ingles\/embed\/#?secret=LFw6p77sxZ#?secret=zQP3nUhPkL\" data-secret=\"zQP3nUhPkL\" width=\"600\" height=\"338\" frameborder=\"0\" marginwidth=\"0\" marginheight=\"0\" scrolling=\"no\"><\/iframe><\/p>\n<hr \/>\n<h2>Se voc\u00ea gostou deste post:<\/h2>\n<p>&#8211; SIGA as nossas p\u00e1ginas nas redes sociais para acompanhar as nossas atualiza\u00e7\u00f5es: estamos no <a href=\"https:\/\/www.facebook.com\/sabrabrasil\" target=\"_blank\" rel=\"noopener\">Facebook<\/a>, no <a href=\"https:\/\/www.instagram.com\/sabrabrasil\/\" target=\"_blank\" rel=\"noopener\">Instagram<\/a>, no <a href=\"https:\/\/www.linkedin.com\/company\/25002088\" target=\"_blank\" rel=\"noopener\">LinkedIn<\/a>, no <a href=\"https:\/\/x.com\/ContatoSabra\" target=\"_blank\" rel=\"noopener\">X<\/a> e no <a href=\"https:\/\/www.youtube.com\/channel\/UCJw-kbuEvzUNdeQf20Pa-eQ\" target=\"_blank\" rel=\"noopener\">YouTube<\/a>!<\/p>\n<p>&#8211; CONHE\u00c7A o trabalho da Sociedade Art\u00edstica Brasileira (SABRA) e todas as iniciativas culturais e sociais que ela mant\u00e9m. <a href=\"https:\/\/www.sabra.org.br\/site\/acoes\/\" target=\"_blank\" rel=\"noopener\">Acesse nosso site!<\/a><\/p>\n<p>&#8211; ENTRE EM CONTATO com a gente. E veja quais s\u00e3o as op\u00e7\u00f5es de ajuda na manuten\u00e7\u00e3o de nossas a\u00e7\u00f5es sociais e culturais. Basta acessar nossa p\u00e1gina <a href=\"https:\/\/www.sabra.org.br\/site\/doe-agora\/\" target=\"_blank\" rel=\"noopener\">Doe Agora!<\/a><\/p>\n<p>&#8211; COMPARTILHE este texto nas suas redes sociais e ajude os seus amigos a tamb\u00e9m dominarem o assunto!<\/p>\n<p>\u2013 Os projetos da @sabrabrasil s\u00e3o realizados com o patroci\u0301nio m\u00e1ster: @institutounimedbh, viabilizado pelo incentivo de mais de 5,7 mil m\u00e9dicos cooperados e colaboradores via Lei de Incentivo \u00e0 Cultura &#8211; @culturagovbr<\/p>\n","protected":false},"excerpt":{"rendered":"<p>A entona\u00e7\u00e3o \u00e9 um dos aspectos mais essenciais da performance musical, seja no canto ou na execu\u00e7\u00e3o de um instrumento. Trabalhar a entona\u00e7\u00e3o corretamente pode&hellip;<\/p>\n","protected":false},"author":39,"featured_media":12005,"comment_status":"closed","ping_status":"closed","sticky":false,"template":"","format":"standard","meta":{"jetpack_post_was_ever_published":false,"_jetpack_newsletter_access":"","_jetpack_dont_email_post_to_subs":false,"_jetpack_newsletter_tier_id":0,"_jetpack_memberships_contains_paywalled_content":false,"_jetpack_memberships_contains_paid_content":false,"footnotes":""},"categories":[1],"tags":[4168,4162,4169],"class_list":["post-12003","post","type-post","status-publish","format-standard","has-post-thumbnail","hentry","category-blog-sabra","tag-entonacao-musical","tag-expressividade-sonora","tag-precisao-na-afinacao"],"yoast_head":"<!-- This site is optimized with the Yoast SEO plugin v27.5 - https:\/\/yoast.com\/product\/yoast-seo-wordpress\/ -->\n<title>Entona\u00e7\u00e3o: A Chave para a Performance Musical - SABRA - Sociedade Art\u00edstica Brasileira<\/title>\n<meta name=\"description\" content=\"Descubra a import\u00e2ncia da entona\u00e7\u00e3o na m\u00fasica. Aprenda como ela pode transformar suas apresenta\u00e7\u00f5es musicais.\" \/>\n<meta name=\"robots\" content=\"index, follow, max-snippet:-1, max-image-preview:large, max-video-preview:-1\" \/>\n<link rel=\"canonical\" href=\"https:\/\/www.sabra.org.br\/site\/entonacao\/\" \/>\n<meta property=\"og:locale\" content=\"pt_BR\" \/>\n<meta property=\"og:type\" content=\"article\" \/>\n<meta property=\"og:title\" content=\"Entona\u00e7\u00e3o: A Chave para a Performance Musical - SABRA - Sociedade Art\u00edstica Brasileira\" \/>\n<meta property=\"og:description\" content=\"Descubra a import\u00e2ncia da entona\u00e7\u00e3o na m\u00fasica. Aprenda como ela pode transformar suas apresenta\u00e7\u00f5es musicais.\" \/>\n<meta property=\"og:url\" content=\"https:\/\/www.sabra.org.br\/site\/entonacao\/\" \/>\n<meta property=\"og:site_name\" content=\"SABRA - Sociedade Art\u00edstica Brasileira\" \/>\n<meta property=\"article:publisher\" content=\"https:\/\/www.facebook.com\/sabrabrasil\" \/>\n<meta property=\"article:published_time\" content=\"2025-04-14T20:41:44+00:00\" \/>\n<meta property=\"article:modified_time\" content=\"2025-05-15T22:37:24+00:00\" \/>\n<meta property=\"og:image\" content=\"https:\/\/www.sabra.org.br\/site\/wp-content\/uploads\/2025\/04\/saiba-como-trabalhar-sua-entonacao-ao-cantar-ou-tocarjpg-20250227134807.jpg.webp\" \/>\n\t<meta property=\"og:image:width\" content=\"800\" \/>\n\t<meta property=\"og:image:height\" content=\"533\" \/>\n\t<meta property=\"og:image:type\" content=\"image\/jpeg\" \/>\n<meta name=\"author\" content=\"M\u00e1rcio Miranda Pontes\" \/>\n<meta name=\"twitter:card\" content=\"summary_large_image\" \/>\n<meta name=\"twitter:creator\" content=\"@ContatoSabra\" \/>\n<meta name=\"twitter:site\" content=\"@ContatoSabra\" \/>\n<meta name=\"twitter:label1\" content=\"Escrito por\" \/>\n\t<meta name=\"twitter:data1\" content=\"M\u00e1rcio Miranda Pontes\" \/>\n\t<meta name=\"twitter:label2\" content=\"Est. tempo de leitura\" \/>\n\t<meta name=\"twitter:data2\" content=\"4 minutos\" \/>\n<script type=\"application\/ld+json\" class=\"yoast-schema-graph\">{\"@context\":\"https:\\\/\\\/schema.org\",\"@graph\":[{\"@type\":\"Article\",\"@id\":\"https:\\\/\\\/www.sabra.org.br\\\/site\\\/entonacao\\\/#article\",\"isPartOf\":{\"@id\":\"https:\\\/\\\/www.sabra.org.br\\\/site\\\/entonacao\\\/\"},\"author\":{\"name\":\"M\u00e1rcio Miranda Pontes\",\"@id\":\"https:\\\/\\\/www.sabra.org.br\\\/site\\\/#\\\/schema\\\/person\\\/7d1d222c3c8891d4c37c7b41bf6315c2\"},\"headline\":\"Saiba como trabalhar sua entona\u00e7\u00e3o ao cantar ou tocar\",\"datePublished\":\"2025-04-14T20:41:44+00:00\",\"dateModified\":\"2025-05-15T22:37:24+00:00\",\"mainEntityOfPage\":{\"@id\":\"https:\\\/\\\/www.sabra.org.br\\\/site\\\/entonacao\\\/\"},\"wordCount\":752,\"publisher\":{\"@id\":\"https:\\\/\\\/www.sabra.org.br\\\/site\\\/#organization\"},\"image\":{\"@id\":\"https:\\\/\\\/www.sabra.org.br\\\/site\\\/entonacao\\\/#primaryimage\"},\"thumbnailUrl\":\"https:\\\/\\\/www.sabra.org.br\\\/site\\\/wp-content\\\/uploads\\\/2025\\\/04\\\/saiba-como-trabalhar-sua-entonacao-ao-cantar-ou-tocarjpg-20250227134807.jpg.webp\",\"keywords\":[\"Entona\u00e7\u00e3o Musical\",\"Expressividade Sonora\",\"Precis\u00e3o na Afina\u00e7\u00e3o\"],\"articleSection\":[\"Blog SABRA\"],\"inLanguage\":\"pt-BR\"},{\"@type\":\"WebPage\",\"@id\":\"https:\\\/\\\/www.sabra.org.br\\\/site\\\/entonacao\\\/\",\"url\":\"https:\\\/\\\/www.sabra.org.br\\\/site\\\/entonacao\\\/\",\"name\":\"Entona\u00e7\u00e3o: A Chave para a Performance Musical - SABRA - Sociedade Art\u00edstica Brasileira\",\"isPartOf\":{\"@id\":\"https:\\\/\\\/www.sabra.org.br\\\/site\\\/#website\"},\"primaryImageOfPage\":{\"@id\":\"https:\\\/\\\/www.sabra.org.br\\\/site\\\/entonacao\\\/#primaryimage\"},\"image\":{\"@id\":\"https:\\\/\\\/www.sabra.org.br\\\/site\\\/entonacao\\\/#primaryimage\"},\"thumbnailUrl\":\"https:\\\/\\\/www.sabra.org.br\\\/site\\\/wp-content\\\/uploads\\\/2025\\\/04\\\/saiba-como-trabalhar-sua-entonacao-ao-cantar-ou-tocarjpg-20250227134807.jpg.webp\",\"datePublished\":\"2025-04-14T20:41:44+00:00\",\"dateModified\":\"2025-05-15T22:37:24+00:00\",\"description\":\"Descubra a import\u00e2ncia da entona\u00e7\u00e3o na m\u00fasica. Aprenda como ela pode transformar suas apresenta\u00e7\u00f5es musicais.\",\"breadcrumb\":{\"@id\":\"https:\\\/\\\/www.sabra.org.br\\\/site\\\/entonacao\\\/#breadcrumb\"},\"inLanguage\":\"pt-BR\",\"potentialAction\":[{\"@type\":\"ReadAction\",\"target\":[\"https:\\\/\\\/www.sabra.org.br\\\/site\\\/entonacao\\\/\"]}]},{\"@type\":\"ImageObject\",\"inLanguage\":\"pt-BR\",\"@id\":\"https:\\\/\\\/www.sabra.org.br\\\/site\\\/entonacao\\\/#primaryimage\",\"url\":\"https:\\\/\\\/www.sabra.org.br\\\/site\\\/wp-content\\\/uploads\\\/2025\\\/04\\\/saiba-como-trabalhar-sua-entonacao-ao-cantar-ou-tocarjpg-20250227134807.jpg.webp\",\"contentUrl\":\"https:\\\/\\\/www.sabra.org.br\\\/site\\\/wp-content\\\/uploads\\\/2025\\\/04\\\/saiba-como-trabalhar-sua-entonacao-ao-cantar-ou-tocarjpg-20250227134807.jpg.webp\",\"width\":800,\"height\":533,\"caption\":\"Sociedade Art\u00edstica Brasileira\"},{\"@type\":\"BreadcrumbList\",\"@id\":\"https:\\\/\\\/www.sabra.org.br\\\/site\\\/entonacao\\\/#breadcrumb\",\"itemListElement\":[{\"@type\":\"ListItem\",\"position\":1,\"name\":\"In\u00edcio\",\"item\":\"https:\\\/\\\/www.sabra.org.br\\\/site\\\/\"},{\"@type\":\"ListItem\",\"position\":2,\"name\":\"Saiba como trabalhar sua entona\u00e7\u00e3o ao cantar ou tocar\"}]},{\"@type\":\"WebSite\",\"@id\":\"https:\\\/\\\/www.sabra.org.br\\\/site\\\/#website\",\"url\":\"https:\\\/\\\/www.sabra.org.br\\\/site\\\/\",\"name\":\"SABRA - Sociedade Art\u00edstica Brasileira\",\"description\":\"Escola de M\u00fasica, Orquestra Sinf\u00f4nica, Coral e Patrim\u00f4nio Cultural e Hist\u00f3rico\",\"publisher\":{\"@id\":\"https:\\\/\\\/www.sabra.org.br\\\/site\\\/#organization\"},\"potentialAction\":[{\"@type\":\"SearchAction\",\"target\":{\"@type\":\"EntryPoint\",\"urlTemplate\":\"https:\\\/\\\/www.sabra.org.br\\\/site\\\/?s={search_term_string}\"},\"query-input\":{\"@type\":\"PropertyValueSpecification\",\"valueRequired\":true,\"valueName\":\"search_term_string\"}}],\"inLanguage\":\"pt-BR\"},{\"@type\":\"Organization\",\"@id\":\"https:\\\/\\\/www.sabra.org.br\\\/site\\\/#organization\",\"name\":\"SOCIEDADE ART\u00cdSTICA BRASILEIRA SABRA\",\"alternateName\":\"SABRA\",\"url\":\"https:\\\/\\\/www.sabra.org.br\\\/site\\\/\",\"logo\":{\"@type\":\"ImageObject\",\"inLanguage\":\"pt-BR\",\"@id\":\"https:\\\/\\\/www.sabra.org.br\\\/site\\\/#\\\/schema\\\/logo\\\/image\\\/\",\"url\":\"https:\\\/\\\/www.sabra.org.br\\\/site\\\/wp-content\\\/uploads\\\/2019\\\/06\\\/cropped-Logo_SABRA-Copia-1.webp\",\"contentUrl\":\"https:\\\/\\\/www.sabra.org.br\\\/site\\\/wp-content\\\/uploads\\\/2019\\\/06\\\/cropped-Logo_SABRA-Copia-1.webp\",\"width\":400,\"height\":128,\"caption\":\"SOCIEDADE ART\u00cdSTICA BRASILEIRA SABRA\"},\"image\":{\"@id\":\"https:\\\/\\\/www.sabra.org.br\\\/site\\\/#\\\/schema\\\/logo\\\/image\\\/\"},\"sameAs\":[\"https:\\\/\\\/www.facebook.com\\\/sabrabrasil\",\"https:\\\/\\\/x.com\\\/ContatoSabra\",\"https:\\\/\\\/www.instagram.com\\\/sabrabrasil\\\/\",\"https:\\\/\\\/www.linkedin.com\\\/company\\\/25002088\\\/\",\"https:\\\/\\\/br.pinterest.com\\\/sociedadeartisticabrasileira\\\/\",\"https:\\\/\\\/www.youtube.com\\\/c\\\/sabrabrasil\"]},{\"@type\":\"Person\",\"@id\":\"https:\\\/\\\/www.sabra.org.br\\\/site\\\/#\\\/schema\\\/person\\\/7d1d222c3c8891d4c37c7b41bf6315c2\",\"name\":\"M\u00e1rcio Miranda Pontes\",\"image\":{\"@type\":\"ImageObject\",\"inLanguage\":\"pt-BR\",\"@id\":\"https:\\\/\\\/secure.gravatar.com\\\/avatar\\\/3b45f24496a7625a3a6c436688fbe20344faaeb2979658dc4a9921f984d7df9a?s=96&d=mm&r=g\",\"url\":\"https:\\\/\\\/secure.gravatar.com\\\/avatar\\\/3b45f24496a7625a3a6c436688fbe20344faaeb2979658dc4a9921f984d7df9a?s=96&d=mm&r=g\",\"contentUrl\":\"https:\\\/\\\/secure.gravatar.com\\\/avatar\\\/3b45f24496a7625a3a6c436688fbe20344faaeb2979658dc4a9921f984d7df9a?s=96&d=mm&r=g\",\"caption\":\"M\u00e1rcio Miranda Pontes\"},\"sameAs\":[\"http:\\\/\\\/www.sabra.org.br\"],\"url\":\"https:\\\/\\\/www.sabra.org.br\\\/site\\\/author\\\/marcio-miranda-pontes\\\/\"}]}<\/script>\n<!-- \/ Yoast SEO plugin. -->","yoast_head_json":{"title":"Entona\u00e7\u00e3o: A Chave para a Performance Musical - SABRA - Sociedade Art\u00edstica Brasileira","description":"Descubra a import\u00e2ncia da entona\u00e7\u00e3o na m\u00fasica. Aprenda como ela pode transformar suas apresenta\u00e7\u00f5es musicais.","robots":{"index":"index","follow":"follow","max-snippet":"max-snippet:-1","max-image-preview":"max-image-preview:large","max-video-preview":"max-video-preview:-1"},"canonical":"https:\/\/www.sabra.org.br\/site\/entonacao\/","og_locale":"pt_BR","og_type":"article","og_title":"Entona\u00e7\u00e3o: A Chave para a Performance Musical - SABRA - Sociedade Art\u00edstica Brasileira","og_description":"Descubra a import\u00e2ncia da entona\u00e7\u00e3o na m\u00fasica. Aprenda como ela pode transformar suas apresenta\u00e7\u00f5es musicais.","og_url":"https:\/\/www.sabra.org.br\/site\/entonacao\/","og_site_name":"SABRA - Sociedade Art\u00edstica Brasileira","article_publisher":"https:\/\/www.facebook.com\/sabrabrasil","article_published_time":"2025-04-14T20:41:44+00:00","article_modified_time":"2025-05-15T22:37:24+00:00","og_image":[{"width":800,"height":533,"url":"https:\/\/www.sabra.org.br\/site\/wp-content\/uploads\/2025\/04\/saiba-como-trabalhar-sua-entonacao-ao-cantar-ou-tocarjpg-20250227134807.jpg.webp","type":"image\/jpeg"}],"author":"M\u00e1rcio Miranda Pontes","twitter_card":"summary_large_image","twitter_creator":"@ContatoSabra","twitter_site":"@ContatoSabra","twitter_misc":{"Escrito por":"M\u00e1rcio Miranda Pontes","Est. tempo de leitura":"4 minutos"},"schema":{"@context":"https:\/\/schema.org","@graph":[{"@type":"Article","@id":"https:\/\/www.sabra.org.br\/site\/entonacao\/#article","isPartOf":{"@id":"https:\/\/www.sabra.org.br\/site\/entonacao\/"},"author":{"name":"M\u00e1rcio Miranda Pontes","@id":"https:\/\/www.sabra.org.br\/site\/#\/schema\/person\/7d1d222c3c8891d4c37c7b41bf6315c2"},"headline":"Saiba como trabalhar sua entona\u00e7\u00e3o ao cantar ou tocar","datePublished":"2025-04-14T20:41:44+00:00","dateModified":"2025-05-15T22:37:24+00:00","mainEntityOfPage":{"@id":"https:\/\/www.sabra.org.br\/site\/entonacao\/"},"wordCount":752,"publisher":{"@id":"https:\/\/www.sabra.org.br\/site\/#organization"},"image":{"@id":"https:\/\/www.sabra.org.br\/site\/entonacao\/#primaryimage"},"thumbnailUrl":"https:\/\/www.sabra.org.br\/site\/wp-content\/uploads\/2025\/04\/saiba-como-trabalhar-sua-entonacao-ao-cantar-ou-tocarjpg-20250227134807.jpg.webp","keywords":["Entona\u00e7\u00e3o Musical","Expressividade Sonora","Precis\u00e3o na Afina\u00e7\u00e3o"],"articleSection":["Blog SABRA"],"inLanguage":"pt-BR"},{"@type":"WebPage","@id":"https:\/\/www.sabra.org.br\/site\/entonacao\/","url":"https:\/\/www.sabra.org.br\/site\/entonacao\/","name":"Entona\u00e7\u00e3o: A Chave para a Performance Musical - SABRA - Sociedade Art\u00edstica Brasileira","isPartOf":{"@id":"https:\/\/www.sabra.org.br\/site\/#website"},"primaryImageOfPage":{"@id":"https:\/\/www.sabra.org.br\/site\/entonacao\/#primaryimage"},"image":{"@id":"https:\/\/www.sabra.org.br\/site\/entonacao\/#primaryimage"},"thumbnailUrl":"https:\/\/www.sabra.org.br\/site\/wp-content\/uploads\/2025\/04\/saiba-como-trabalhar-sua-entonacao-ao-cantar-ou-tocarjpg-20250227134807.jpg.webp","datePublished":"2025-04-14T20:41:44+00:00","dateModified":"2025-05-15T22:37:24+00:00","description":"Descubra a import\u00e2ncia da entona\u00e7\u00e3o na m\u00fasica. Aprenda como ela pode transformar suas apresenta\u00e7\u00f5es musicais.","breadcrumb":{"@id":"https:\/\/www.sabra.org.br\/site\/entonacao\/#breadcrumb"},"inLanguage":"pt-BR","potentialAction":[{"@type":"ReadAction","target":["https:\/\/www.sabra.org.br\/site\/entonacao\/"]}]},{"@type":"ImageObject","inLanguage":"pt-BR","@id":"https:\/\/www.sabra.org.br\/site\/entonacao\/#primaryimage","url":"https:\/\/www.sabra.org.br\/site\/wp-content\/uploads\/2025\/04\/saiba-como-trabalhar-sua-entonacao-ao-cantar-ou-tocarjpg-20250227134807.jpg.webp","contentUrl":"https:\/\/www.sabra.org.br\/site\/wp-content\/uploads\/2025\/04\/saiba-como-trabalhar-sua-entonacao-ao-cantar-ou-tocarjpg-20250227134807.jpg.webp","width":800,"height":533,"caption":"Sociedade Art\u00edstica Brasileira"},{"@type":"BreadcrumbList","@id":"https:\/\/www.sabra.org.br\/site\/entonacao\/#breadcrumb","itemListElement":[{"@type":"ListItem","position":1,"name":"In\u00edcio","item":"https:\/\/www.sabra.org.br\/site\/"},{"@type":"ListItem","position":2,"name":"Saiba como trabalhar sua entona\u00e7\u00e3o ao cantar ou tocar"}]},{"@type":"WebSite","@id":"https:\/\/www.sabra.org.br\/site\/#website","url":"https:\/\/www.sabra.org.br\/site\/","name":"SABRA - Sociedade Art\u00edstica Brasileira","description":"Escola de M\u00fasica, Orquestra Sinf\u00f4nica, Coral e Patrim\u00f4nio Cultural e Hist\u00f3rico","publisher":{"@id":"https:\/\/www.sabra.org.br\/site\/#organization"},"potentialAction":[{"@type":"SearchAction","target":{"@type":"EntryPoint","urlTemplate":"https:\/\/www.sabra.org.br\/site\/?s={search_term_string}"},"query-input":{"@type":"PropertyValueSpecification","valueRequired":true,"valueName":"search_term_string"}}],"inLanguage":"pt-BR"},{"@type":"Organization","@id":"https:\/\/www.sabra.org.br\/site\/#organization","name":"SOCIEDADE ART\u00cdSTICA BRASILEIRA SABRA","alternateName":"SABRA","url":"https:\/\/www.sabra.org.br\/site\/","logo":{"@type":"ImageObject","inLanguage":"pt-BR","@id":"https:\/\/www.sabra.org.br\/site\/#\/schema\/logo\/image\/","url":"https:\/\/www.sabra.org.br\/site\/wp-content\/uploads\/2019\/06\/cropped-Logo_SABRA-Copia-1.webp","contentUrl":"https:\/\/www.sabra.org.br\/site\/wp-content\/uploads\/2019\/06\/cropped-Logo_SABRA-Copia-1.webp","width":400,"height":128,"caption":"SOCIEDADE ART\u00cdSTICA BRASILEIRA SABRA"},"image":{"@id":"https:\/\/www.sabra.org.br\/site\/#\/schema\/logo\/image\/"},"sameAs":["https:\/\/www.facebook.com\/sabrabrasil","https:\/\/x.com\/ContatoSabra","https:\/\/www.instagram.com\/sabrabrasil\/","https:\/\/www.linkedin.com\/company\/25002088\/","https:\/\/br.pinterest.com\/sociedadeartisticabrasileira\/","https:\/\/www.youtube.com\/c\/sabrabrasil"]},{"@type":"Person","@id":"https:\/\/www.sabra.org.br\/site\/#\/schema\/person\/7d1d222c3c8891d4c37c7b41bf6315c2","name":"M\u00e1rcio Miranda Pontes","image":{"@type":"ImageObject","inLanguage":"pt-BR","@id":"https:\/\/secure.gravatar.com\/avatar\/3b45f24496a7625a3a6c436688fbe20344faaeb2979658dc4a9921f984d7df9a?s=96&d=mm&r=g","url":"https:\/\/secure.gravatar.com\/avatar\/3b45f24496a7625a3a6c436688fbe20344faaeb2979658dc4a9921f984d7df9a?s=96&d=mm&r=g","contentUrl":"https:\/\/secure.gravatar.com\/avatar\/3b45f24496a7625a3a6c436688fbe20344faaeb2979658dc4a9921f984d7df9a?s=96&d=mm&r=g","caption":"M\u00e1rcio Miranda Pontes"},"sameAs":["http:\/\/www.sabra.org.br"],"url":"https:\/\/www.sabra.org.br\/site\/author\/marcio-miranda-pontes\/"}]}},"jetpack_featured_media_url":"https:\/\/www.sabra.org.br\/site\/wp-content\/uploads\/2025\/04\/saiba-como-trabalhar-sua-entonacao-ao-cantar-ou-tocarjpg-20250227134807.jpg.webp","jetpack_shortlink":"https:\/\/wp.me\/p95j2Z-37B","jetpack-related-posts":[{"id":8942,"url":"https:\/\/www.sabra.org.br\/site\/musica-vocabulario-ingles\/","url_meta":{"origin":12003,"position":0},"title":"Como a m\u00fasica pode melhorar o seu vocabul\u00e1rio em ingl\u00eas?","author":"M\u00e1rcio Miranda Pontes","date":"4 de mar\u00e7o de 2024","format":false,"excerpt":"Voc\u00ea ama m\u00fasica e deseja aprimorar suas habilidades em ingl\u00eas de maneira divertida e eficaz? Descubra como a melodia pode se tornar sua aliada no aprendizado de vocabul\u00e1rio em ingl\u00eas!","rel":"","context":"Em &quot;Blog SABRA&quot;","block_context":{"text":"Blog SABRA","link":"https:\/\/www.sabra.org.br\/site\/category\/blog-sabra\/"},"img":{"alt_text":"sabra-m\u00fasica-vocabul\u00e1rio-aprendizado-ingl\u00eas-palavras","src":"https:\/\/i0.wp.com\/www.sabra.org.br\/site\/wp-content\/uploads\/2024\/03\/como-a-musica-pode-melhorar-o-seu-vocabulario-em-inglesjpg-20240130121258.jpg-jpg.webp?resize=350%2C200&ssl=1","width":350,"height":200,"srcset":"https:\/\/i0.wp.com\/www.sabra.org.br\/site\/wp-content\/uploads\/2024\/03\/como-a-musica-pode-melhorar-o-seu-vocabulario-em-inglesjpg-20240130121258.jpg-jpg.webp?resize=350%2C200&ssl=1 1x, https:\/\/i0.wp.com\/www.sabra.org.br\/site\/wp-content\/uploads\/2024\/03\/como-a-musica-pode-melhorar-o-seu-vocabulario-em-inglesjpg-20240130121258.jpg-jpg.webp?resize=525%2C300&ssl=1 1.5x, https:\/\/i0.wp.com\/www.sabra.org.br\/site\/wp-content\/uploads\/2024\/03\/como-a-musica-pode-melhorar-o-seu-vocabulario-em-inglesjpg-20240130121258.jpg-jpg.webp?resize=700%2C400&ssl=1 2x"},"classes":[]},{"id":13467,"url":"https:\/\/www.sabra.org.br\/site\/cantar-a-capella\/","url_meta":{"origin":12003,"position":1},"title":"Dicas para quem deseja ter sucesso na hora de cantar A Cappella?","author":"M\u00e1rcio Miranda Pontes","date":"17 de maio de 2025","format":false,"excerpt":"Cantar requer dedica\u00e7\u00e3o. Conhe\u00e7a as melhores dicas para aquecer sua voz e arrasar em performances \u00e0 capela.","rel":"","context":"Em &quot;Blog SABRA&quot;","block_context":{"text":"Blog SABRA","link":"https:\/\/www.sabra.org.br\/site\/category\/blog-sabra\/"},"img":{"alt_text":"","src":"","width":0,"height":0},"classes":[]},{"id":13080,"url":"https:\/\/www.sabra.org.br\/site\/x-dicas-de-aquecimento-vocal-para-performances-ao-vivo\/","url_meta":{"origin":12003,"position":2},"title":"X dicas de aquecimento vocal para performances ao vivo","author":"","date":"22 de agosto de 2025","format":false,"excerpt":"Cantar ao vivo exige prepara\u00e7\u00e3o n\u00e3o apenas do corpo e da mente, mas principalmente da voz. O aquecimento vocal \u00e9 uma pr\u00e1tica fundamental para garantir que o desempenho seja o melhor poss\u00edvel, prevenindo les\u00f5es e assegurando que cada nota seja alcan\u00e7ada com precis\u00e3o e clareza. Aqui est\u00e3o algumas dicas para\u2026","rel":"","context":"Em &quot;Blog SABRA&quot;","block_context":{"text":"Blog SABRA","link":"https:\/\/www.sabra.org.br\/site\/category\/blog-sabra\/"},"img":{"alt_text":"","src":"","width":0,"height":0},"classes":[]},{"id":13097,"url":"https:\/\/www.sabra.org.br\/site\/x-exercicios-para-melhorar-a-sua-afinacao\/","url_meta":{"origin":12003,"position":3},"title":"X exerc\u00edcios para melhorar a sua afina\u00e7\u00e3o","author":"","date":"22 de agosto de 2025","format":false,"excerpt":"A afina\u00e7\u00e3o vocal \u00e9 fundamental para qualquer cantor, seja profissional ou amador. Dominar a afina\u00e7\u00e3o n\u00e3o s\u00f3 melhora a qualidade do canto, mas tamb\u00e9m aumenta a confian\u00e7a e o prazer de cantar. A seguir, apresentamos alguns exerc\u00edcios eficazes para aprimorar a sua afina\u00e7\u00e3o vocal. Escalas musicais As escalas musicais s\u00e3o\u2026","rel":"","context":"Em &quot;Blog SABRA&quot;","block_context":{"text":"Blog SABRA","link":"https:\/\/www.sabra.org.br\/site\/category\/blog-sabra\/"},"img":{"alt_text":"","src":"","width":0,"height":0},"classes":[]},{"id":13213,"url":"https:\/\/www.sabra.org.br\/site\/como-a-exposicao-a-musica-pode-influenciar-o-desenvolvimento-da-linguagem-em-criancas\/","url_meta":{"origin":12003,"position":4},"title":"Como a exposi\u00e7\u00e3o \u00e0 m\u00fasica pode influenciar o desenvolvimento da linguagem em crian\u00e7as?","author":"","date":"22 de agosto de 2025","format":false,"excerpt":"A m\u00fasica \u00e9 uma parte intr\u00ednseca da experi\u00eancia humana, presente em todas as culturas e em todas as fases da vida. Desde os primeiros momentos de vida, as crian\u00e7as s\u00e3o expostas a sons e ritmos, e essa exposi\u00e7\u00e3o \u00e0 m\u00fasica desempenha um papel crucial no desenvolvimento de suas habilidades lingu\u00edsticas.\u2026","rel":"","context":"Em &quot;Blog SABRA&quot;","block_context":{"text":"Blog SABRA","link":"https:\/\/www.sabra.org.br\/site\/category\/blog-sabra\/"},"img":{"alt_text":"","src":"","width":0,"height":0},"classes":[]},{"id":13070,"url":"https:\/\/www.sabra.org.br\/site\/tecnicas-para-melhorar-a-clareza-e-a-precisao-do-canto\/","url_meta":{"origin":12003,"position":5},"title":"T\u00e9cnicas para melhorar a clareza e a precis\u00e3o do canto","author":"","date":"22 de agosto de 2025","format":false,"excerpt":"O canto \u00e9 uma arte que requer n\u00e3o apenas expressividade e emo\u00e7\u00e3o, mas tamb\u00e9m clareza e precis\u00e3o t\u00e9cnica. Muitos cantores, especialmente iniciantes, enfrentam dificuldades ao transmitir a mensagem da m\u00fasica de forma clara, seja pela falta de controle vocal ou pela aus\u00eancia de t\u00e9cnicas adequadas. A clareza no canto est\u00e1\u2026","rel":"","context":"Em &quot;Blog SABRA&quot;","block_context":{"text":"Blog SABRA","link":"https:\/\/www.sabra.org.br\/site\/category\/blog-sabra\/"},"img":{"alt_text":"","src":"","width":0,"height":0},"classes":[]}],"jetpack_likes_enabled":true,"jetpack_sharing_enabled":true,"_links":{"self":[{"href":"https:\/\/www.sabra.org.br\/site\/wp-json\/wp\/v2\/posts\/12003","targetHints":{"allow":["GET"]}}],"collection":[{"href":"https:\/\/www.sabra.org.br\/site\/wp-json\/wp\/v2\/posts"}],"about":[{"href":"https:\/\/www.sabra.org.br\/site\/wp-json\/wp\/v2\/types\/post"}],"author":[{"embeddable":true,"href":"https:\/\/www.sabra.org.br\/site\/wp-json\/wp\/v2\/users\/39"}],"replies":[{"embeddable":true,"href":"https:\/\/www.sabra.org.br\/site\/wp-json\/wp\/v2\/comments?post=12003"}],"version-history":[{"count":0,"href":"https:\/\/www.sabra.org.br\/site\/wp-json\/wp\/v2\/posts\/12003\/revisions"}],"wp:featuredmedia":[{"embeddable":true,"href":"https:\/\/www.sabra.org.br\/site\/wp-json\/wp\/v2\/media\/12005"}],"wp:attachment":[{"href":"https:\/\/www.sabra.org.br\/site\/wp-json\/wp\/v2\/media?parent=12003"}],"wp:term":[{"taxonomy":"category","embeddable":true,"href":"https:\/\/www.sabra.org.br\/site\/wp-json\/wp\/v2\/categories?post=12003"},{"taxonomy":"post_tag","embeddable":true,"href":"https:\/\/www.sabra.org.br\/site\/wp-json\/wp\/v2\/tags?post=12003"}],"curies":[{"name":"wp","href":"https:\/\/api.w.org\/{rel}","templated":true}]}}