{"id":1257,"date":"2018-04-09T22:31:02","date_gmt":"2018-04-10T01:31:02","guid":{"rendered":"http:\/\/www.sabra.org.br\/site\/?p=1257"},"modified":"2025-04-20T19:13:33","modified_gmt":"2025-04-20T22:13:33","slug":"fundo-para-infancia-e-adolescencia","status":"publish","type":"post","link":"https:\/\/www.sabra.org.br\/site\/fundo-para-infancia-e-adolescencia\/","title":{"rendered":"Fundo para Inf\u00e2ncia e Adolesc\u00eancia"},"content":{"rendered":"<p><em>Declare ao Le\u00e3o o seu amor pelas crian\u00e7as e adolescentes atendidos pela SABRA.<\/em><\/p>\n<p>Veja como \u00e9 f\u00e1cil ajudar crian\u00e7as e adolescentes destinando parte do seu Imposto de Renda para as a\u00e7\u00f5es desenvolvidas pela Sociedade Art\u00edstica Brasileira SABRA. Importante: n\u00e3o gera custo para voc\u00ea e n\u00e3o interfere em outras dedu\u00e7\u00f5es.<br \/>\nPessoas f\u00edsicas podem doar caso tenham restitui\u00e7\u00e3o a receber, imposto a pagar ou se o imposto pago durante o ano for o valor exato devido.<br \/>\nMesmo que voc\u00ea j\u00e1 tenha doado para a Cultura se houver saldo no seu limite de 6% voc\u00ea ainda poder\u00e1 doar mais.<\/p>\n<p><strong>Siga o passo a passo:<\/strong><br \/>\n1. Na aba \u201cResumo da Declara\u00e7\u00e3o\u201d clicar em &#8220;Doa\u00e7\u00f5es Diretamente na Declara\u00e7\u00e3o &#8211; ECA&#8221;<br \/>\n2. Clique em Novo<br \/>\n3. Verifique o \u201cValor Dispon\u00edvel para Doa\u00e7\u00e3o\u201d e copie o n\u00famero para o campo \u201cValor\u201d<br \/>\n4. Marque \u201cMunicipal\u201d<br \/>\n5. UF &#8211; MG &#8211; Minas Gerais<br \/>\n6. Munic\u00edpio &#8211; Betim &#8211; 21.101.865\/0001-14<br \/>\n7. Clique em OK<br \/>\n8. Na aba \u201cImprimir\u201d clique em \u201cDarf &#8211; Doa\u00e7\u00f5es Diretamente na Declara\u00e7\u00e3o \u2013 ECA\u201d, imprima o documento e realize o pagamento at\u00e9 a data de vencimento<br \/>\n9. Envie uma c\u00f3pia do comprovante de pagamento do Darf para o Conselho da Crian\u00e7a e Adolescente de Betim (cmdcafiabetim@gmail.com) com c\u00f3pia para a SABRA (contato@sabra.org.br) e uma mensagem, informando que a doa\u00e7\u00e3o ser\u00e1 destinada \u00e0 Sociedade Art\u00edstica Brasileira SABRA.<br \/>\nCom essa atitude voc\u00ea ajuda crian\u00e7as e adolescentes sem nenhum gasto a mais.<br \/>\nHavendo imposto a pagar, o valor ser\u00e1 integralmente deduzido.<br \/>\nVamos todos ajudar!<br \/>\nDoe e compartilhe essas informa\u00e7\u00f5es com seus amigos, familiares, vizinho e colegas de trabalho.<\/p>\n<blockquote class=\"wp-embedded-content\" data-secret=\"3Co1IxJEkM\"><p><a href=\"https:\/\/www.sabra.org.br\/site\/textos-fundamentais\/\">Textos fundamentais<\/a><\/p><\/blockquote>\n<p><iframe class=\"wp-embedded-content\" sandbox=\"allow-scripts\" security=\"restricted\" style=\"position: absolute; visibility: hidden;\" title=\"&#8220;Textos fundamentais&#8221; &#8212; SABRA - Sociedade Art\u00edstica Brasileira\" src=\"https:\/\/www.sabra.org.br\/site\/textos-fundamentais\/embed\/#?secret=AytxkeLD34#?secret=3Co1IxJEkM\" data-secret=\"3Co1IxJEkM\" width=\"600\" height=\"338\" frameborder=\"0\" marginwidth=\"0\" marginheight=\"0\" scrolling=\"no\"><\/iframe><\/p>\n<hr \/>\n<h2>Se voc\u00ea gostou deste post:<\/h2>\n<p>&#8211; SIGA as nossas p\u00e1ginas nas redes sociais para acompanhar as nossas atualiza\u00e7\u00f5es: estamos no <a href=\"https:\/\/www.facebook.com\/sabrabrasil\" target=\"_blank\" rel=\"noopener\">Facebook<\/a>, no <a href=\"https:\/\/www.instagram.com\/sabrabrasil\/\" target=\"_blank\" rel=\"noopener\">Instagram<\/a>, no <a href=\"https:\/\/www.linkedin.com\/company\/25002088\" target=\"_blank\" rel=\"noopener\">LinkedIn<\/a>, no <a href=\"https:\/\/x.com\/ContatoSabra\" target=\"_blank\" rel=\"noopener\">X<\/a> e no <a href=\"https:\/\/www.youtube.com\/channel\/UCJw-kbuEvzUNdeQf20Pa-eQ\" target=\"_blank\" rel=\"noopener\">YouTube<\/a>!<\/p>\n<p>&#8211; CONHE\u00c7A o trabalho da Sociedade Art\u00edstica Brasileira (SABRA) e todas as iniciativas culturais e sociais que ela mant\u00e9m. <a href=\"https:\/\/www.sabra.org.br\/site\/acoes\/\" target=\"_blank\" rel=\"noopener\">Acesse nosso site!<\/a><\/p>\n<p>&#8211; ENTRE EM CONTATO com a gente. E veja quais s\u00e3o as op\u00e7\u00f5es de ajuda na manuten\u00e7\u00e3o de nossas a\u00e7\u00f5es sociais e culturais. Basta acessar nossa p\u00e1gina <a href=\"https:\/\/www.sabra.org.br\/site\/doe-agora\/\" target=\"_blank\" rel=\"noopener\">Doe Agora!<\/a><\/p>\n<p>&#8211; COMPARTILHE este texto nas suas redes sociais e ajude os seus amigos a tamb\u00e9m dominarem o assunto!<\/p>\n<p>\u2013   Os projetos da @sabrabrasil s\u00e3o realizados com o patroci\u0301nio m\u00e1ster: @institutounimedbh, viabilizado pelo incentivo de mais de 5,7 mil m\u00e9dicos cooperados e colaboradores via Lei de Incentivo \u00e0 Cultura &#8211; @culturagovbr<\/p>\n","protected":false},"excerpt":{"rendered":"<p>Declare ao Le\u00e3o o seu amor pelas crian\u00e7as e adolescentes atendidos pela SABRA. Veja como \u00e9 f\u00e1cil ajudar crian\u00e7as e adolescentes destinando parte do seu&hellip;<\/p>\n","protected":false},"author":39,"featured_media":845,"comment_status":"open","ping_status":"open","sticky":false,"template":"","format":"standard","meta":{"jetpack_post_was_ever_published":false,"_jetpack_newsletter_access":"","_jetpack_dont_email_post_to_subs":false,"_jetpack_newsletter_tier_id":0,"_jetpack_memberships_contains_paywalled_content":false,"_jetpack_memberships_contains_paid_content":false,"footnotes":""},"categories":[4],"tags":[23,21,22,5],"class_list":["post-1257","post","type-post","status-publish","format-standard","has-post-thumbnail","hentry","category-noticias","tag-doacao-incentivada","tag-fia-fundo-para-crianca-e-adolescente","tag-imposto-de-renda","tag-musicalizacao-infantil-betim-sabra"],"yoast_head":"<!-- This site is optimized with the Yoast SEO plugin v27.5 - https:\/\/yoast.com\/product\/yoast-seo-wordpress\/ -->\n<title>Fundo para Inf\u00e2ncia e Adolesc\u00eancia - SABRA - Sociedade Art\u00edstica Brasileira<\/title>\n<meta name=\"robots\" content=\"index, follow, max-snippet:-1, max-image-preview:large, max-video-preview:-1\" \/>\n<link rel=\"canonical\" href=\"https:\/\/www.sabra.org.br\/site\/fundo-para-infancia-e-adolescencia\/\" \/>\n<meta property=\"og:locale\" content=\"pt_BR\" \/>\n<meta property=\"og:type\" content=\"article\" \/>\n<meta property=\"og:title\" content=\"Fundo para Inf\u00e2ncia e Adolesc\u00eancia - SABRA - Sociedade Art\u00edstica Brasileira\" \/>\n<meta property=\"og:description\" content=\"Declare ao Le\u00e3o o seu amor pelas crian\u00e7as e adolescentes atendidos pela SABRA. Veja como \u00e9 f\u00e1cil ajudar crian\u00e7as e adolescentes destinando parte do seu&hellip;\" \/>\n<meta property=\"og:url\" content=\"https:\/\/www.sabra.org.br\/site\/fundo-para-infancia-e-adolescencia\/\" \/>\n<meta property=\"og:site_name\" content=\"SABRA - Sociedade Art\u00edstica Brasileira\" \/>\n<meta property=\"article:publisher\" content=\"https:\/\/www.facebook.com\/sabrabrasil\" \/>\n<meta property=\"article:published_time\" content=\"2018-04-10T01:31:02+00:00\" \/>\n<meta property=\"article:modified_time\" content=\"2025-04-20T22:13:33+00:00\" \/>\n<meta property=\"og:image\" content=\"https:\/\/www.sabra.org.br\/site\/wp-content\/uploads\/2017\/11\/estudar-musica-infancia.jpg\" \/>\n\t<meta property=\"og:image:width\" content=\"960\" \/>\n\t<meta property=\"og:image:height\" content=\"720\" \/>\n\t<meta property=\"og:image:type\" content=\"image\/jpeg\" \/>\n<meta name=\"author\" content=\"M\u00e1rcio Miranda Pontes\" \/>\n<meta name=\"twitter:card\" content=\"summary_large_image\" \/>\n<meta name=\"twitter:creator\" content=\"@ContatoSabra\" \/>\n<meta name=\"twitter:site\" content=\"@ContatoSabra\" \/>\n<meta name=\"twitter:label1\" content=\"Escrito por\" \/>\n\t<meta name=\"twitter:data1\" content=\"M\u00e1rcio Miranda Pontes\" \/>\n\t<meta name=\"twitter:label2\" content=\"Est. tempo de leitura\" \/>\n\t<meta name=\"twitter:data2\" content=\"2 minutos\" \/>\n<script type=\"application\/ld+json\" class=\"yoast-schema-graph\">{\"@context\":\"https:\\\/\\\/schema.org\",\"@graph\":[{\"@type\":\"Article\",\"@id\":\"https:\\\/\\\/www.sabra.org.br\\\/site\\\/fundo-para-infancia-e-adolescencia\\\/#article\",\"isPartOf\":{\"@id\":\"https:\\\/\\\/www.sabra.org.br\\\/site\\\/fundo-para-infancia-e-adolescencia\\\/\"},\"author\":{\"name\":\"M\u00e1rcio Miranda Pontes\",\"@id\":\"https:\\\/\\\/www.sabra.org.br\\\/site\\\/#\\\/schema\\\/person\\\/7d1d222c3c8891d4c37c7b41bf6315c2\"},\"headline\":\"Fundo para Inf\u00e2ncia e Adolesc\u00eancia\",\"datePublished\":\"2018-04-10T01:31:02+00:00\",\"dateModified\":\"2025-04-20T22:13:33+00:00\",\"mainEntityOfPage\":{\"@id\":\"https:\\\/\\\/www.sabra.org.br\\\/site\\\/fundo-para-infancia-e-adolescencia\\\/\"},\"wordCount\":435,\"commentCount\":0,\"publisher\":{\"@id\":\"https:\\\/\\\/www.sabra.org.br\\\/site\\\/#organization\"},\"image\":{\"@id\":\"https:\\\/\\\/www.sabra.org.br\\\/site\\\/fundo-para-infancia-e-adolescencia\\\/#primaryimage\"},\"thumbnailUrl\":\"https:\\\/\\\/www.sabra.org.br\\\/site\\\/wp-content\\\/uploads\\\/2017\\\/11\\\/estudar-musica-infancia.jpg\",\"keywords\":[\"Doa\u00e7\u00e3o incentivada\",\"FIA - Fundo para Crian\u00e7a e Adolescente\",\"Imposto de Renda\",\"Musicaliza\u00e7\u00e3o Infantil Betim SABRA\"],\"articleSection\":[\"Not\u00edcias\"],\"inLanguage\":\"pt-BR\",\"potentialAction\":[{\"@type\":\"CommentAction\",\"name\":\"Comment\",\"target\":[\"https:\\\/\\\/www.sabra.org.br\\\/site\\\/fundo-para-infancia-e-adolescencia\\\/#respond\"]}]},{\"@type\":\"WebPage\",\"@id\":\"https:\\\/\\\/www.sabra.org.br\\\/site\\\/fundo-para-infancia-e-adolescencia\\\/\",\"url\":\"https:\\\/\\\/www.sabra.org.br\\\/site\\\/fundo-para-infancia-e-adolescencia\\\/\",\"name\":\"Fundo para Inf\u00e2ncia e Adolesc\u00eancia - SABRA - Sociedade Art\u00edstica Brasileira\",\"isPartOf\":{\"@id\":\"https:\\\/\\\/www.sabra.org.br\\\/site\\\/#website\"},\"primaryImageOfPage\":{\"@id\":\"https:\\\/\\\/www.sabra.org.br\\\/site\\\/fundo-para-infancia-e-adolescencia\\\/#primaryimage\"},\"image\":{\"@id\":\"https:\\\/\\\/www.sabra.org.br\\\/site\\\/fundo-para-infancia-e-adolescencia\\\/#primaryimage\"},\"thumbnailUrl\":\"https:\\\/\\\/www.sabra.org.br\\\/site\\\/wp-content\\\/uploads\\\/2017\\\/11\\\/estudar-musica-infancia.jpg\",\"datePublished\":\"2018-04-10T01:31:02+00:00\",\"dateModified\":\"2025-04-20T22:13:33+00:00\",\"breadcrumb\":{\"@id\":\"https:\\\/\\\/www.sabra.org.br\\\/site\\\/fundo-para-infancia-e-adolescencia\\\/#breadcrumb\"},\"inLanguage\":\"pt-BR\",\"potentialAction\":[{\"@type\":\"ReadAction\",\"target\":[\"https:\\\/\\\/www.sabra.org.br\\\/site\\\/fundo-para-infancia-e-adolescencia\\\/\"]}]},{\"@type\":\"ImageObject\",\"inLanguage\":\"pt-BR\",\"@id\":\"https:\\\/\\\/www.sabra.org.br\\\/site\\\/fundo-para-infancia-e-adolescencia\\\/#primaryimage\",\"url\":\"https:\\\/\\\/www.sabra.org.br\\\/site\\\/wp-content\\\/uploads\\\/2017\\\/11\\\/estudar-musica-infancia.jpg\",\"contentUrl\":\"https:\\\/\\\/www.sabra.org.br\\\/site\\\/wp-content\\\/uploads\\\/2017\\\/11\\\/estudar-musica-infancia.jpg\",\"width\":960,\"height\":720,\"caption\":\"Musicaliza\u00e7\u00e3o Infantil SABRA Sociedade Art\u00edstica Brasileira\"},{\"@type\":\"BreadcrumbList\",\"@id\":\"https:\\\/\\\/www.sabra.org.br\\\/site\\\/fundo-para-infancia-e-adolescencia\\\/#breadcrumb\",\"itemListElement\":[{\"@type\":\"ListItem\",\"position\":1,\"name\":\"In\u00edcio\",\"item\":\"https:\\\/\\\/www.sabra.org.br\\\/site\\\/\"},{\"@type\":\"ListItem\",\"position\":2,\"name\":\"Fundo para Inf\u00e2ncia e Adolesc\u00eancia\"}]},{\"@type\":\"WebSite\",\"@id\":\"https:\\\/\\\/www.sabra.org.br\\\/site\\\/#website\",\"url\":\"https:\\\/\\\/www.sabra.org.br\\\/site\\\/\",\"name\":\"SABRA - Sociedade Art\u00edstica Brasileira\",\"description\":\"Escola de M\u00fasica, Orquestra Sinf\u00f4nica, Coral e Patrim\u00f4nio Cultural e Hist\u00f3rico\",\"publisher\":{\"@id\":\"https:\\\/\\\/www.sabra.org.br\\\/site\\\/#organization\"},\"potentialAction\":[{\"@type\":\"SearchAction\",\"target\":{\"@type\":\"EntryPoint\",\"urlTemplate\":\"https:\\\/\\\/www.sabra.org.br\\\/site\\\/?s={search_term_string}\"},\"query-input\":{\"@type\":\"PropertyValueSpecification\",\"valueRequired\":true,\"valueName\":\"search_term_string\"}}],\"inLanguage\":\"pt-BR\"},{\"@type\":\"Organization\",\"@id\":\"https:\\\/\\\/www.sabra.org.br\\\/site\\\/#organization\",\"name\":\"SOCIEDADE ART\u00cdSTICA BRASILEIRA SABRA\",\"alternateName\":\"SABRA\",\"url\":\"https:\\\/\\\/www.sabra.org.br\\\/site\\\/\",\"logo\":{\"@type\":\"ImageObject\",\"inLanguage\":\"pt-BR\",\"@id\":\"https:\\\/\\\/www.sabra.org.br\\\/site\\\/#\\\/schema\\\/logo\\\/image\\\/\",\"url\":\"https:\\\/\\\/www.sabra.org.br\\\/site\\\/wp-content\\\/uploads\\\/2019\\\/06\\\/cropped-Logo_SABRA-Copia-1.webp\",\"contentUrl\":\"https:\\\/\\\/www.sabra.org.br\\\/site\\\/wp-content\\\/uploads\\\/2019\\\/06\\\/cropped-Logo_SABRA-Copia-1.webp\",\"width\":400,\"height\":128,\"caption\":\"SOCIEDADE ART\u00cdSTICA BRASILEIRA SABRA\"},\"image\":{\"@id\":\"https:\\\/\\\/www.sabra.org.br\\\/site\\\/#\\\/schema\\\/logo\\\/image\\\/\"},\"sameAs\":[\"https:\\\/\\\/www.facebook.com\\\/sabrabrasil\",\"https:\\\/\\\/x.com\\\/ContatoSabra\",\"https:\\\/\\\/www.instagram.com\\\/sabrabrasil\\\/\",\"https:\\\/\\\/www.linkedin.com\\\/company\\\/25002088\\\/\",\"https:\\\/\\\/br.pinterest.com\\\/sociedadeartisticabrasileira\\\/\",\"https:\\\/\\\/www.youtube.com\\\/c\\\/sabrabrasil\"]},{\"@type\":\"Person\",\"@id\":\"https:\\\/\\\/www.sabra.org.br\\\/site\\\/#\\\/schema\\\/person\\\/7d1d222c3c8891d4c37c7b41bf6315c2\",\"name\":\"M\u00e1rcio Miranda Pontes\",\"image\":{\"@type\":\"ImageObject\",\"inLanguage\":\"pt-BR\",\"@id\":\"https:\\\/\\\/secure.gravatar.com\\\/avatar\\\/3b45f24496a7625a3a6c436688fbe20344faaeb2979658dc4a9921f984d7df9a?s=96&d=mm&r=g\",\"url\":\"https:\\\/\\\/secure.gravatar.com\\\/avatar\\\/3b45f24496a7625a3a6c436688fbe20344faaeb2979658dc4a9921f984d7df9a?s=96&d=mm&r=g\",\"contentUrl\":\"https:\\\/\\\/secure.gravatar.com\\\/avatar\\\/3b45f24496a7625a3a6c436688fbe20344faaeb2979658dc4a9921f984d7df9a?s=96&d=mm&r=g\",\"caption\":\"M\u00e1rcio Miranda Pontes\"},\"sameAs\":[\"http:\\\/\\\/www.sabra.org.br\"],\"url\":\"https:\\\/\\\/www.sabra.org.br\\\/site\\\/author\\\/marcio-miranda-pontes\\\/\"}]}<\/script>\n<!-- \/ Yoast SEO plugin. -->","yoast_head_json":{"title":"Fundo para Inf\u00e2ncia e Adolesc\u00eancia - SABRA - Sociedade Art\u00edstica Brasileira","robots":{"index":"index","follow":"follow","max-snippet":"max-snippet:-1","max-image-preview":"max-image-preview:large","max-video-preview":"max-video-preview:-1"},"canonical":"https:\/\/www.sabra.org.br\/site\/fundo-para-infancia-e-adolescencia\/","og_locale":"pt_BR","og_type":"article","og_title":"Fundo para Inf\u00e2ncia e Adolesc\u00eancia - SABRA - Sociedade Art\u00edstica Brasileira","og_description":"Declare ao Le\u00e3o o seu amor pelas crian\u00e7as e adolescentes atendidos pela SABRA. Veja como \u00e9 f\u00e1cil ajudar crian\u00e7as e adolescentes destinando parte do seu&hellip;","og_url":"https:\/\/www.sabra.org.br\/site\/fundo-para-infancia-e-adolescencia\/","og_site_name":"SABRA - Sociedade Art\u00edstica Brasileira","article_publisher":"https:\/\/www.facebook.com\/sabrabrasil","article_published_time":"2018-04-10T01:31:02+00:00","article_modified_time":"2025-04-20T22:13:33+00:00","og_image":[{"width":960,"height":720,"url":"https:\/\/www.sabra.org.br\/site\/wp-content\/uploads\/2017\/11\/estudar-musica-infancia.jpg","type":"image\/jpeg"}],"author":"M\u00e1rcio Miranda Pontes","twitter_card":"summary_large_image","twitter_creator":"@ContatoSabra","twitter_site":"@ContatoSabra","twitter_misc":{"Escrito por":"M\u00e1rcio Miranda Pontes","Est. tempo de leitura":"2 minutos"},"schema":{"@context":"https:\/\/schema.org","@graph":[{"@type":"Article","@id":"https:\/\/www.sabra.org.br\/site\/fundo-para-infancia-e-adolescencia\/#article","isPartOf":{"@id":"https:\/\/www.sabra.org.br\/site\/fundo-para-infancia-e-adolescencia\/"},"author":{"name":"M\u00e1rcio Miranda Pontes","@id":"https:\/\/www.sabra.org.br\/site\/#\/schema\/person\/7d1d222c3c8891d4c37c7b41bf6315c2"},"headline":"Fundo para Inf\u00e2ncia e Adolesc\u00eancia","datePublished":"2018-04-10T01:31:02+00:00","dateModified":"2025-04-20T22:13:33+00:00","mainEntityOfPage":{"@id":"https:\/\/www.sabra.org.br\/site\/fundo-para-infancia-e-adolescencia\/"},"wordCount":435,"commentCount":0,"publisher":{"@id":"https:\/\/www.sabra.org.br\/site\/#organization"},"image":{"@id":"https:\/\/www.sabra.org.br\/site\/fundo-para-infancia-e-adolescencia\/#primaryimage"},"thumbnailUrl":"https:\/\/www.sabra.org.br\/site\/wp-content\/uploads\/2017\/11\/estudar-musica-infancia.jpg","keywords":["Doa\u00e7\u00e3o incentivada","FIA - Fundo para Crian\u00e7a e Adolescente","Imposto de Renda","Musicaliza\u00e7\u00e3o Infantil Betim SABRA"],"articleSection":["Not\u00edcias"],"inLanguage":"pt-BR","potentialAction":[{"@type":"CommentAction","name":"Comment","target":["https:\/\/www.sabra.org.br\/site\/fundo-para-infancia-e-adolescencia\/#respond"]}]},{"@type":"WebPage","@id":"https:\/\/www.sabra.org.br\/site\/fundo-para-infancia-e-adolescencia\/","url":"https:\/\/www.sabra.org.br\/site\/fundo-para-infancia-e-adolescencia\/","name":"Fundo para Inf\u00e2ncia e Adolesc\u00eancia - SABRA - Sociedade Art\u00edstica Brasileira","isPartOf":{"@id":"https:\/\/www.sabra.org.br\/site\/#website"},"primaryImageOfPage":{"@id":"https:\/\/www.sabra.org.br\/site\/fundo-para-infancia-e-adolescencia\/#primaryimage"},"image":{"@id":"https:\/\/www.sabra.org.br\/site\/fundo-para-infancia-e-adolescencia\/#primaryimage"},"thumbnailUrl":"https:\/\/www.sabra.org.br\/site\/wp-content\/uploads\/2017\/11\/estudar-musica-infancia.jpg","datePublished":"2018-04-10T01:31:02+00:00","dateModified":"2025-04-20T22:13:33+00:00","breadcrumb":{"@id":"https:\/\/www.sabra.org.br\/site\/fundo-para-infancia-e-adolescencia\/#breadcrumb"},"inLanguage":"pt-BR","potentialAction":[{"@type":"ReadAction","target":["https:\/\/www.sabra.org.br\/site\/fundo-para-infancia-e-adolescencia\/"]}]},{"@type":"ImageObject","inLanguage":"pt-BR","@id":"https:\/\/www.sabra.org.br\/site\/fundo-para-infancia-e-adolescencia\/#primaryimage","url":"https:\/\/www.sabra.org.br\/site\/wp-content\/uploads\/2017\/11\/estudar-musica-infancia.jpg","contentUrl":"https:\/\/www.sabra.org.br\/site\/wp-content\/uploads\/2017\/11\/estudar-musica-infancia.jpg","width":960,"height":720,"caption":"Musicaliza\u00e7\u00e3o Infantil SABRA Sociedade Art\u00edstica Brasileira"},{"@type":"BreadcrumbList","@id":"https:\/\/www.sabra.org.br\/site\/fundo-para-infancia-e-adolescencia\/#breadcrumb","itemListElement":[{"@type":"ListItem","position":1,"name":"In\u00edcio","item":"https:\/\/www.sabra.org.br\/site\/"},{"@type":"ListItem","position":2,"name":"Fundo para Inf\u00e2ncia e Adolesc\u00eancia"}]},{"@type":"WebSite","@id":"https:\/\/www.sabra.org.br\/site\/#website","url":"https:\/\/www.sabra.org.br\/site\/","name":"SABRA - Sociedade Art\u00edstica Brasileira","description":"Escola de M\u00fasica, Orquestra Sinf\u00f4nica, Coral e Patrim\u00f4nio Cultural e Hist\u00f3rico","publisher":{"@id":"https:\/\/www.sabra.org.br\/site\/#organization"},"potentialAction":[{"@type":"SearchAction","target":{"@type":"EntryPoint","urlTemplate":"https:\/\/www.sabra.org.br\/site\/?s={search_term_string}"},"query-input":{"@type":"PropertyValueSpecification","valueRequired":true,"valueName":"search_term_string"}}],"inLanguage":"pt-BR"},{"@type":"Organization","@id":"https:\/\/www.sabra.org.br\/site\/#organization","name":"SOCIEDADE ART\u00cdSTICA BRASILEIRA SABRA","alternateName":"SABRA","url":"https:\/\/www.sabra.org.br\/site\/","logo":{"@type":"ImageObject","inLanguage":"pt-BR","@id":"https:\/\/www.sabra.org.br\/site\/#\/schema\/logo\/image\/","url":"https:\/\/www.sabra.org.br\/site\/wp-content\/uploads\/2019\/06\/cropped-Logo_SABRA-Copia-1.webp","contentUrl":"https:\/\/www.sabra.org.br\/site\/wp-content\/uploads\/2019\/06\/cropped-Logo_SABRA-Copia-1.webp","width":400,"height":128,"caption":"SOCIEDADE ART\u00cdSTICA BRASILEIRA SABRA"},"image":{"@id":"https:\/\/www.sabra.org.br\/site\/#\/schema\/logo\/image\/"},"sameAs":["https:\/\/www.facebook.com\/sabrabrasil","https:\/\/x.com\/ContatoSabra","https:\/\/www.instagram.com\/sabrabrasil\/","https:\/\/www.linkedin.com\/company\/25002088\/","https:\/\/br.pinterest.com\/sociedadeartisticabrasileira\/","https:\/\/www.youtube.com\/c\/sabrabrasil"]},{"@type":"Person","@id":"https:\/\/www.sabra.org.br\/site\/#\/schema\/person\/7d1d222c3c8891d4c37c7b41bf6315c2","name":"M\u00e1rcio Miranda Pontes","image":{"@type":"ImageObject","inLanguage":"pt-BR","@id":"https:\/\/secure.gravatar.com\/avatar\/3b45f24496a7625a3a6c436688fbe20344faaeb2979658dc4a9921f984d7df9a?s=96&d=mm&r=g","url":"https:\/\/secure.gravatar.com\/avatar\/3b45f24496a7625a3a6c436688fbe20344faaeb2979658dc4a9921f984d7df9a?s=96&d=mm&r=g","contentUrl":"https:\/\/secure.gravatar.com\/avatar\/3b45f24496a7625a3a6c436688fbe20344faaeb2979658dc4a9921f984d7df9a?s=96&d=mm&r=g","caption":"M\u00e1rcio Miranda Pontes"},"sameAs":["http:\/\/www.sabra.org.br"],"url":"https:\/\/www.sabra.org.br\/site\/author\/marcio-miranda-pontes\/"}]}},"jetpack_featured_media_url":"https:\/\/www.sabra.org.br\/site\/wp-content\/uploads\/2017\/11\/estudar-musica-infancia.jpg","jetpack_shortlink":"https:\/\/wp.me\/p95j2Z-kh","jetpack-related-posts":[{"id":2434,"url":"https:\/\/www.sabra.org.br\/site\/imposto-de-renda\/","url_meta":{"origin":1257,"position":0},"title":"Doe para a SABRA &#8211; IRPF 2020","author":"M\u00e1rcio Miranda Pontes","date":"20 de fevereiro de 2020","format":false,"excerpt":"Doe para a SABRA - IRPF 2020. Voc\u00ea escolhe onde parte de seu imposto de renda ser\u00e1 aplicado. Junto com a SABRA, seus projetos e a\u00e7\u00f5es voc\u00ea vai ajudar a transformar vidas. Sem custos para voc\u00ea e n\u00e3o interfere em outras dedu\u00e7\u00f5es.","rel":"","context":"Em &quot;Not\u00edcias&quot;","block_context":{"text":"Not\u00edcias","link":"https:\/\/www.sabra.org.br\/site\/category\/noticias\/"},"img":{"alt_text":"Fundo FIA - imposto","src":"https:\/\/i0.wp.com\/www.sabra.org.br\/site\/wp-content\/uploads\/2019\/03\/Coral-Infantil-1.jpg?resize=350%2C200&ssl=1","width":350,"height":200,"srcset":"https:\/\/i0.wp.com\/www.sabra.org.br\/site\/wp-content\/uploads\/2019\/03\/Coral-Infantil-1.jpg?resize=350%2C200&ssl=1 1x, https:\/\/i0.wp.com\/www.sabra.org.br\/site\/wp-content\/uploads\/2019\/03\/Coral-Infantil-1.jpg?resize=525%2C300&ssl=1 1.5x, https:\/\/i0.wp.com\/www.sabra.org.br\/site\/wp-content\/uploads\/2019\/03\/Coral-Infantil-1.jpg?resize=700%2C400&ssl=1 2x"},"classes":[]},{"id":1876,"url":"https:\/\/www.sabra.org.br\/site\/como-destinar-parte-do-meu-imposto-de-renda-para-a-doacao\/","url_meta":{"origin":1257,"position":1},"title":"Como destinar parte do meu imposto de renda para a doa\u00e7\u00e3o?","author":"M\u00e1rcio Miranda Pontes","date":"12 de abril de 2019","format":false,"excerpt":"fundo ou entidade escolhida imposto de renda fundo ou entidade doa\u00e7\u00e3o de 8%","rel":"","context":"Em &quot;Blog SABRA&quot;","block_context":{"text":"Blog SABRA","link":"https:\/\/www.sabra.org.br\/site\/category\/blog-sabra\/"},"img":{"alt_text":"Imposto de Renda","src":"https:\/\/i0.wp.com\/www.sabra.org.br\/site\/wp-content\/uploads\/2019\/04\/como-destinar-parte-do-meu-imposto-de-renda-para-a-doacao-20181109101935.jpg.jpg?resize=350%2C200&ssl=1","width":350,"height":200,"srcset":"https:\/\/i0.wp.com\/www.sabra.org.br\/site\/wp-content\/uploads\/2019\/04\/como-destinar-parte-do-meu-imposto-de-renda-para-a-doacao-20181109101935.jpg.jpg?resize=350%2C200&ssl=1 1x, https:\/\/i0.wp.com\/www.sabra.org.br\/site\/wp-content\/uploads\/2019\/04\/como-destinar-parte-do-meu-imposto-de-renda-para-a-doacao-20181109101935.jpg.jpg?resize=525%2C300&ssl=1 1.5x, https:\/\/i0.wp.com\/www.sabra.org.br\/site\/wp-content\/uploads\/2019\/04\/como-destinar-parte-do-meu-imposto-de-renda-para-a-doacao-20181109101935.jpg.jpg?resize=700%2C400&ssl=1 2x"},"classes":[]},{"id":11439,"url":"https:\/\/www.sabra.org.br\/site\/irpf-fia-2025\/","url_meta":{"origin":1257,"position":2},"title":"Declare ao Le\u00e3o o seu Amor \u00e0s Crian\u00e7as e Adolescentes","author":"M\u00e1rcio Miranda Pontes","date":"17 de mar\u00e7o de 2025","format":false,"excerpt":"DOE PARA A SABRA - IRPF 2025. Voc\u00ea escolhe onde parte de seu imposto de renda ser\u00e1 aplicado. Sem custos para voc\u00ea.","rel":"","context":"Em &quot;Not\u00edcias&quot;","block_context":{"text":"Not\u00edcias","link":"https:\/\/www.sabra.org.br\/site\/category\/noticias\/"},"img":{"alt_text":"doa\u00e7\u00e3o-fia-imposto-renda-2025-m\u00fasica-inclusiva","src":"https:\/\/i0.wp.com\/www.sabra.org.br\/site\/wp-content\/uploads\/2025\/03\/MusicaInclusiva-FIA.png?resize=350%2C200&ssl=1","width":350,"height":200,"srcset":"https:\/\/i0.wp.com\/www.sabra.org.br\/site\/wp-content\/uploads\/2025\/03\/MusicaInclusiva-FIA.png?resize=350%2C200&ssl=1 1x, https:\/\/i0.wp.com\/www.sabra.org.br\/site\/wp-content\/uploads\/2025\/03\/MusicaInclusiva-FIA.png?resize=525%2C300&ssl=1 1.5x, https:\/\/i0.wp.com\/www.sabra.org.br\/site\/wp-content\/uploads\/2025\/03\/MusicaInclusiva-FIA.png?resize=700%2C400&ssl=1 2x"},"classes":[]},{"id":1827,"url":"https:\/\/www.sabra.org.br\/site\/doacoes-para-o-fia\/","url_meta":{"origin":1257,"position":3},"title":"Doa\u00e7\u00f5es para o FIA","author":"M\u00e1rcio Miranda Pontes","date":"23 de mar\u00e7o de 2019","format":false,"excerpt":"imposto de renda inf\u00e2ncia e adolesc\u00eancia crian\u00e7as e adolescentes orquestra sinf\u00f4nica vai receber","rel":"","context":"Em &quot;Blog SABRA&quot;","block_context":{"text":"Blog SABRA","link":"https:\/\/www.sabra.org.br\/site\/category\/blog-sabra\/"},"img":{"alt_text":"FIA","src":"https:\/\/i0.wp.com\/www.sabra.org.br\/site\/wp-content\/uploads\/2019\/03\/fundo-da-infancia-e-adolescencia-entenda-como-funciona-20181109101935.jpg.jpg?resize=350%2C200&ssl=1","width":350,"height":200,"srcset":"https:\/\/i0.wp.com\/www.sabra.org.br\/site\/wp-content\/uploads\/2019\/03\/fundo-da-infancia-e-adolescencia-entenda-como-funciona-20181109101935.jpg.jpg?resize=350%2C200&ssl=1 1x, https:\/\/i0.wp.com\/www.sabra.org.br\/site\/wp-content\/uploads\/2019\/03\/fundo-da-infancia-e-adolescencia-entenda-como-funciona-20181109101935.jpg.jpg?resize=525%2C300&ssl=1 1.5x, https:\/\/i0.wp.com\/www.sabra.org.br\/site\/wp-content\/uploads\/2019\/03\/fundo-da-infancia-e-adolescencia-entenda-como-funciona-20181109101935.jpg.jpg?resize=700%2C400&ssl=1 2x"},"classes":[]},{"id":1809,"url":"https:\/\/www.sabra.org.br\/site\/fia-2019-fundo-para-a-infancia-e-adolescencia\/","url_meta":{"origin":1257,"position":4},"title":"FIA 2019 \u2013 Fundo para a Inf\u00e2ncia e Adolesc\u00eancia","author":"M\u00e1rcio Miranda Pontes","date":"7 de mar\u00e7o de 2019","format":false,"excerpt":"sociedade art\u00edstica brasileira sabra sociedade art\u00edstica brasileira art\u00edstica brasileira sabra doa\u00e7\u00f5es diretamente na declara\u00e7\u00e3o estatuto crian\u00e7a e do adolescente","rel":"","context":"Em &quot;Not\u00edcias&quot;","block_context":{"text":"Not\u00edcias","link":"https:\/\/www.sabra.org.br\/site\/category\/noticias\/"},"img":{"alt_text":"Fundo FIA ensino musical eficiente","src":"https:\/\/i0.wp.com\/www.sabra.org.br\/site\/wp-content\/uploads\/2018\/09\/afinal-o-que-torna-o-ensino-musical-eficiente-20180702161300.jpg.jpg?resize=350%2C200&ssl=1","width":350,"height":200,"srcset":"https:\/\/i0.wp.com\/www.sabra.org.br\/site\/wp-content\/uploads\/2018\/09\/afinal-o-que-torna-o-ensino-musical-eficiente-20180702161300.jpg.jpg?resize=350%2C200&ssl=1 1x, https:\/\/i0.wp.com\/www.sabra.org.br\/site\/wp-content\/uploads\/2018\/09\/afinal-o-que-torna-o-ensino-musical-eficiente-20180702161300.jpg.jpg?resize=525%2C300&ssl=1 1.5x, https:\/\/i0.wp.com\/www.sabra.org.br\/site\/wp-content\/uploads\/2018\/09\/afinal-o-que-torna-o-ensino-musical-eficiente-20180702161300.jpg.jpg?resize=700%2C400&ssl=1 2x, https:\/\/i0.wp.com\/www.sabra.org.br\/site\/wp-content\/uploads\/2018\/09\/afinal-o-que-torna-o-ensino-musical-eficiente-20180702161300.jpg.jpg?resize=1050%2C600&ssl=1 3x, https:\/\/i0.wp.com\/www.sabra.org.br\/site\/wp-content\/uploads\/2018\/09\/afinal-o-que-torna-o-ensino-musical-eficiente-20180702161300.jpg.jpg?resize=1400%2C800&ssl=1 4x"},"classes":[]},{"id":2597,"url":"https:\/\/www.sabra.org.br\/site\/declaracao-irpf-fia\/","url_meta":{"origin":1257,"position":5},"title":"DECLARA\u00c7\u00c3O IRPF 2024 &#8211; DOE PARA A SABRA &#8211; FIA","author":"M\u00e1rcio Miranda Pontes","date":"9 de abril de 2024","format":false,"excerpt":"Ajude a transformar vidas atrav\u00e9s do Imposto de Renda. Saiba como destinar parte do seu IR para projetos sociais em Minas Gerais, sem custos adicionais para voc\u00ea. Sem custos para voc\u00ea.","rel":"","context":"Em &quot;Campanhas&quot;","block_context":{"text":"Campanhas","link":"https:\/\/www.sabra.org.br\/site\/category\/campanhas\/"},"img":{"alt_text":"passos-declara\u00e7\u00e3o-FIA-IRPF-doa\u00e7\u00e3o-imposto-renda-pessoa-f\u00edsica","src":"https:\/\/i0.wp.com\/www.sabra.org.br\/site\/wp-content\/uploads\/2017\/05\/IMG_5123.jpg?resize=350%2C200&ssl=1","width":350,"height":200,"srcset":"https:\/\/i0.wp.com\/www.sabra.org.br\/site\/wp-content\/uploads\/2017\/05\/IMG_5123.jpg?resize=350%2C200&ssl=1 1x, https:\/\/i0.wp.com\/www.sabra.org.br\/site\/wp-content\/uploads\/2017\/05\/IMG_5123.jpg?resize=525%2C300&ssl=1 1.5x, https:\/\/i0.wp.com\/www.sabra.org.br\/site\/wp-content\/uploads\/2017\/05\/IMG_5123.jpg?resize=700%2C400&ssl=1 2x, https:\/\/i0.wp.com\/www.sabra.org.br\/site\/wp-content\/uploads\/2017\/05\/IMG_5123.jpg?resize=1050%2C600&ssl=1 3x, https:\/\/i0.wp.com\/www.sabra.org.br\/site\/wp-content\/uploads\/2017\/05\/IMG_5123.jpg?resize=1400%2C800&ssl=1 4x"},"classes":[]}],"jetpack_likes_enabled":true,"jetpack_sharing_enabled":true,"_links":{"self":[{"href":"https:\/\/www.sabra.org.br\/site\/wp-json\/wp\/v2\/posts\/1257","targetHints":{"allow":["GET"]}}],"collection":[{"href":"https:\/\/www.sabra.org.br\/site\/wp-json\/wp\/v2\/posts"}],"about":[{"href":"https:\/\/www.sabra.org.br\/site\/wp-json\/wp\/v2\/types\/post"}],"author":[{"embeddable":true,"href":"https:\/\/www.sabra.org.br\/site\/wp-json\/wp\/v2\/users\/39"}],"replies":[{"embeddable":true,"href":"https:\/\/www.sabra.org.br\/site\/wp-json\/wp\/v2\/comments?post=1257"}],"version-history":[{"count":0,"href":"https:\/\/www.sabra.org.br\/site\/wp-json\/wp\/v2\/posts\/1257\/revisions"}],"wp:featuredmedia":[{"embeddable":true,"href":"https:\/\/www.sabra.org.br\/site\/wp-json\/wp\/v2\/media\/845"}],"wp:attachment":[{"href":"https:\/\/www.sabra.org.br\/site\/wp-json\/wp\/v2\/media?parent=1257"}],"wp:term":[{"taxonomy":"category","embeddable":true,"href":"https:\/\/www.sabra.org.br\/site\/wp-json\/wp\/v2\/categories?post=1257"},{"taxonomy":"post_tag","embeddable":true,"href":"https:\/\/www.sabra.org.br\/site\/wp-json\/wp\/v2\/tags?post=1257"}],"curies":[{"name":"wp","href":"https:\/\/api.w.org\/{rel}","templated":true}]}}