{"id":1403,"date":"2018-08-16T09:01:42","date_gmt":"2018-08-16T12:01:42","guid":{"rendered":"http:\/\/www.sabra.org.br\/site\/?p=1403"},"modified":"2025-04-20T19:14:21","modified_gmt":"2025-04-20T22:14:21","slug":"influencia-da-matematica-na-arte","status":"publish","type":"post","link":"https:\/\/www.sabra.org.br\/site\/influencia-da-matematica-na-arte\/","title":{"rendered":"Matem\u00e1tica e sua influ\u00eancia na arte"},"content":{"rendered":"<p>Quando se fala em matem\u00e1tica \u00e9 natural que a palavra j\u00e1 seja imediatamente relacionada com n\u00fameros, f\u00f3rmulas e equa\u00e7\u00f5es complicadas, cujo sentido \u00e0s vezes \u00e9 obscuro e sem nenhum atrativo. Mas esse pensamento, apesar de senso comum, est\u00e1 bastante equivocado! Primeiro porque cada c\u00e1lculo tem, sim, um sentido e pode ser aplicado no dia a dia. E segundo porque a matem\u00e1tica \u00e9 muito mais bela do que a maior parte das pessoas imagina: ela est\u00e1 intimamente ligada com a arte!<\/p>\n<p>Matem\u00e1tica \u00e9 pura l\u00f3gica e racioc\u00ednio. Arte \u00e9 a <a href=\"https:\/\/www.sabra.org.br\/site\/historia\/\" target=\"_blank\" rel=\"noopener\">representa\u00e7\u00e3o da beleza<\/a> e o retrato de sentimentos. \u00c9 poss\u00edvel que essas duas \u00e1reas t\u00e3o distintas do conhecimento se influenciem mutuamente? Certamente sim!<\/p>\n<h4>Gr\u00e9cia Antiga<\/h4>\n<p>A influ\u00eancia da matem\u00e1tica na arte j\u00e1 pode ser percebida na Gr\u00e9cia Antiga: os gregos prezavam muito pela simetria e pela perfei\u00e7\u00e3o das formas, assim, suas obras seguiam princ\u00edpios matem\u00e1ticos. O templo Parthenon \u00e9 um exemplo disso. Na educa\u00e7\u00e3o hel\u00eanica, o curr\u00edculo b\u00e1sico era chamado de <a href=\"https:\/\/pt.wikipedia.org\/wiki\/Quadr%C3%ADvio\" target=\"_blank\" rel=\"noopener\">Quadrivium<\/a> e reunia quatro \u00e1reas do conhecimento: matem\u00e1tica, geometria, astronomia e m\u00fasica!<\/p>\n<p>Os famosos mosaicos \u00e1rabes, de inigual\u00e1vel beleza, tamb\u00e9m t\u00eam um princ\u00edpio matem\u00e1tico: uma figura simples, repetida de forma ordenada e sim\u00e9trica cujo resultado \u00e9 capaz de encher os olhos de qualquer um que parar e apreciar.<\/p>\n<h4>Renascimento<\/h4>\n<p>Avan\u00e7ando alguns bons anos na hist\u00f3ria, chegamos ao <a href=\"https:\/\/pt.wikipedia.org\/wiki\/Renascimento\" target=\"_blank\" rel=\"noopener\">Renascimento<\/a> e nos deparamos com a figura do g\u00eanio Leonardo Da Vinci! Apesar de ter ficado mundialmente conhecido pela sua produ\u00e7\u00e3o art\u00edstica, assinando \u00edcones como a Mona Lisa e a <a href=\"https:\/\/www.sabra.org.br\/site\/acoes\/edicao-de-manuscritos-musicais\/christus-factus-est\/\" target=\"_blank\" rel=\"noopener\">Santa Ceia<\/a>, ele era tamb\u00e9m matem\u00e1tico e cientista. O desenho do Homem Vitruviano, por exemplo, \u00e9 uma representa\u00e7\u00e3o do ideal cl\u00e1ssico de beleza, a partir da perfei\u00e7\u00e3o das propor\u00e7\u00f5es, um conceito matem\u00e1tico cl\u00e1ssico.<\/p>\n<p>Foi tamb\u00e9m durante o Renascimento que os artistas descobriram como aplicar a perspectiva em suas obras. At\u00e9 ent\u00e3o, as pinturas eram apenas bidimensionais e, muitas vezes, isso limitava muito o retrato de uma realidade tridimensional. A partir desse ponto, usando conceitos geom\u00e9tricos, os artistas ampliam a ilus\u00e3o de realidade criada em suas obras e um exemplo cl\u00e1ssico disso \u00e9 \u201cO retorno do embaixador\u201d, de Vittore Carpaccio.<\/p>\n<h4>S\u00e9culos XIX e XX<\/h4>\n<p>Muito tempo depois, nos s\u00e9culos XIX e XX, o renomado pintor franc\u00eas Paul C\u00e9zanne demonstra que o ponto de encontro entre matem\u00e1tica e arte vai muito al\u00e9m da perspectiva. Em suas telas, ele procurava simplificar as figuras at\u00e9 que elas se reduzissem a formas geom\u00e9tricas puras. Essa estrat\u00e9gia criava a sensa\u00e7\u00e3o de volume e dist\u00e2ncia entre os componentes.<\/p>\n<p>Provavelmente, o \u00e1pice da influ\u00eancia da matem\u00e1tica na arte foi o advento do Cubismo: movimento de vanguarda modernista que se baseava no uso de formas e volumes geom\u00e9tricos para representar a natureza. Durante o cubismo, que teve em Pablo Picasso um de seus maiores expoentes, a perspectiva tridimensional foi deixada de lado.<\/p>\n<p>Sobre esse assunto, ainda vale destacar um artista espec\u00edfico, Escher, que tem toda a sua obra baseada em conceitos matem\u00e1ticos como simetrias e padr\u00f5es de repeti\u00e7\u00e3o. Mesmo sem ter buscado conhecimento formal em matem\u00e1tica, era essa \u00e1rea que norteava toda a sua produ\u00e7\u00e3o.<\/p>\n<p>Comece a ver a matem\u00e1tica com outros olhos a partir de agora!<\/p>\n<blockquote class=\"wp-embedded-content\" data-secret=\"DLaVdd3BG1\"><p><a href=\"https:\/\/www.sabra.org.br\/site\/expressao-corporal\/\">Express\u00e3o Corporal: Conhe\u00e7a os seus benef\u00edcios<\/a><\/p><\/blockquote>\n<p><iframe class=\"wp-embedded-content\" sandbox=\"allow-scripts\" security=\"restricted\" style=\"position: absolute; visibility: hidden;\" title=\"&#8220;Express\u00e3o Corporal: Conhe\u00e7a os seus benef\u00edcios&#8221; &#8212; SABRA - Sociedade Art\u00edstica Brasileira\" src=\"https:\/\/www.sabra.org.br\/site\/expressao-corporal\/embed\/#?secret=9dMuFov4eH#?secret=DLaVdd3BG1\" data-secret=\"DLaVdd3BG1\" width=\"600\" height=\"338\" frameborder=\"0\" marginwidth=\"0\" marginheight=\"0\" scrolling=\"no\"><\/iframe><\/p>\n<blockquote class=\"wp-embedded-content\" data-secret=\"4V13fTkWQE\"><p><a href=\"https:\/\/www.sabra.org.br\/site\/como-a-musica-popular-ajuda-a-contar-a-historia-do-brasil\/\">M\u00fasica Popular e Hist\u00f3ria do Brasil<\/a><\/p><\/blockquote>\n<p><iframe class=\"wp-embedded-content\" sandbox=\"allow-scripts\" security=\"restricted\" style=\"position: absolute; visibility: hidden;\" title=\"&#8220;M\u00fasica Popular e Hist\u00f3ria do Brasil&#8221; &#8212; SABRA - Sociedade Art\u00edstica Brasileira\" src=\"https:\/\/www.sabra.org.br\/site\/como-a-musica-popular-ajuda-a-contar-a-historia-do-brasil\/embed\/#?secret=s7AIvRsbJp#?secret=4V13fTkWQE\" data-secret=\"4V13fTkWQE\" width=\"600\" height=\"338\" frameborder=\"0\" marginwidth=\"0\" marginheight=\"0\" scrolling=\"no\"><\/iframe><\/p>\n<p>&nbsp;<\/p>\n<h2>Se voc\u00ea gostou deste post:<\/h2>\n<p>&#8211; SIGA as nossas p\u00e1ginas nas redes sociais para acompanhar as nossas atualiza\u00e7\u00f5es: estamos no <a href=\"https:\/\/www.facebook.com\/sabrabrasil\" target=\"_blank\" rel=\"noopener\">Facebook<\/a>, no <a href=\"https:\/\/www.instagram.com\/sabrabrasil\/\" target=\"_blank\" rel=\"noopener\">Instagram<\/a>, no <a href=\"https:\/\/www.linkedin.com\/company\/25002088\" target=\"_blank\" rel=\"noopener\">LinkedIn<\/a>, no <a href=\"https:\/\/x.com\/ContatoSabra\" target=\"_blank\" rel=\"noopener\">X<\/a> e no <a href=\"https:\/\/www.youtube.com\/channel\/UCJw-kbuEvzUNdeQf20Pa-eQ\" target=\"_blank\" rel=\"noopener\">YouTube<\/a>!<\/p>\n<p>&#8211; CONHE\u00c7A o trabalho da Sociedade Art\u00edstica Brasileira (SABRA) e todas as iniciativas culturais e sociais que ela mant\u00e9m. <a href=\"https:\/\/www.sabra.org.br\/site\/acoes\/\" target=\"_blank\" rel=\"noopener\">Acesse nosso site!<\/a><\/p>\n<p>&#8211; ENTRE EM CONTATO com a gente. E veja quais s\u00e3o as op\u00e7\u00f5es de ajuda na manuten\u00e7\u00e3o de nossas a\u00e7\u00f5es sociais e culturais. Basta acessar nossa p\u00e1gina <a href=\"https:\/\/www.sabra.org.br\/site\/doe-agora\/\" target=\"_blank\" rel=\"noopener\">Doe Agora!<\/a><\/p>\n<p>&#8211; COMPARTILHE este texto nas suas redes sociais e ajude os seus amigos a tamb\u00e9m dominarem o assunto!<\/p>\n<p>\u2013 Os projetos da @sabrabrasil s\u00e3o realizados com o patroci\u0301nio m\u00e1ster: @institutounimedbh, viabilizado pelo incentivo de mais de 5,7 mil m\u00e9dicos cooperados e colaboradores via Lei de Incentivo \u00e0 Cultura &#8211; @culturagovbr<\/p>\n","protected":false},"excerpt":{"rendered":"<p>Quando se fala em matem\u00e1tica \u00e9 natural que a palavra j\u00e1 seja imediatamente relacionada com n\u00fameros, f\u00f3rmulas e equa\u00e7\u00f5es complicadas, cujo sentido \u00e0s vezes \u00e9&hellip;<\/p>\n","protected":false},"author":39,"featured_media":1404,"comment_status":"closed","ping_status":"closed","sticky":false,"template":"","format":"standard","meta":{"jetpack_post_was_ever_published":false,"_jetpack_newsletter_access":"","_jetpack_dont_email_post_to_subs":false,"_jetpack_newsletter_tier_id":0,"_jetpack_memberships_contains_paywalled_content":false,"_jetpack_memberships_contains_paid_content":false,"footnotes":""},"categories":[1],"tags":[15,8,32,16,12,11,9],"class_list":["post-1403","post","type-post","status-publish","format-standard","has-post-thumbnail","hentry","category-blog-sabra","tag-assistencia-social","tag-canto-coral","tag-matematica","tag-musicalizacao-infantil","tag-oficina-musical-sabra","tag-orquestra-sinfonica-de-betim","tag-sociedade-artistica-brasileira"],"yoast_head":"<!-- This site is optimized with the Yoast SEO plugin v27.5 - https:\/\/yoast.com\/product\/yoast-seo-wordpress\/ -->\n<title>Matem\u00e1tica e sua influ\u00eancia na arte - SABRA - Sociedade Art\u00edstica Brasileira<\/title>\n<meta name=\"description\" content=\"Voc\u00ea j\u00e1 parou para pensar que a matem\u00e1tica tem influ\u00eancia em praticamente tudo? Na arte isto n\u00e3o poderia ser diferente! Ci\u00eancia exata e inspira\u00e7\u00e3o art\u00edstica\" \/>\n<meta name=\"robots\" content=\"index, follow, max-snippet:-1, max-image-preview:large, max-video-preview:-1\" \/>\n<link rel=\"canonical\" href=\"https:\/\/www.sabra.org.br\/site\/influencia-da-matematica-na-arte\/\" \/>\n<meta property=\"og:locale\" content=\"pt_BR\" \/>\n<meta property=\"og:type\" content=\"article\" \/>\n<meta property=\"og:title\" content=\"Matem\u00e1tica e sua influ\u00eancia na arte - SABRA - Sociedade Art\u00edstica Brasileira\" \/>\n<meta property=\"og:description\" content=\"Voc\u00ea j\u00e1 parou para pensar que a matem\u00e1tica tem influ\u00eancia em praticamente tudo? Na arte isto n\u00e3o poderia ser diferente! Ci\u00eancia exata e inspira\u00e7\u00e3o art\u00edstica\" \/>\n<meta property=\"og:url\" content=\"https:\/\/www.sabra.org.br\/site\/influencia-da-matematica-na-arte\/\" \/>\n<meta property=\"og:site_name\" content=\"SABRA - Sociedade Art\u00edstica Brasileira\" \/>\n<meta property=\"article:publisher\" content=\"https:\/\/www.facebook.com\/sabrabrasil\" \/>\n<meta property=\"article:published_time\" content=\"2018-08-16T12:01:42+00:00\" \/>\n<meta property=\"article:modified_time\" content=\"2025-04-20T22:14:21+00:00\" \/>\n<meta property=\"og:image\" content=\"https:\/\/www.sabra.org.br\/site\/wp-content\/uploads\/2018\/08\/a-influencia-da-matematica-na-arte-20180417140635.jpg.jpg\" \/>\n\t<meta property=\"og:image:width\" content=\"700\" \/>\n\t<meta property=\"og:image:height\" content=\"390\" \/>\n\t<meta property=\"og:image:type\" content=\"image\/jpeg\" \/>\n<meta name=\"author\" content=\"M\u00e1rcio Miranda Pontes\" \/>\n<meta name=\"twitter:card\" content=\"summary_large_image\" \/>\n<meta name=\"twitter:creator\" content=\"@ContatoSabra\" \/>\n<meta name=\"twitter:site\" content=\"@ContatoSabra\" \/>\n<meta name=\"twitter:label1\" content=\"Escrito por\" \/>\n\t<meta name=\"twitter:data1\" content=\"M\u00e1rcio Miranda Pontes\" \/>\n\t<meta name=\"twitter:label2\" content=\"Est. tempo de leitura\" \/>\n\t<meta name=\"twitter:data2\" content=\"4 minutos\" \/>\n<script type=\"application\/ld+json\" class=\"yoast-schema-graph\">{\"@context\":\"https:\\\/\\\/schema.org\",\"@graph\":[{\"@type\":\"Article\",\"@id\":\"https:\\\/\\\/www.sabra.org.br\\\/site\\\/influencia-da-matematica-na-arte\\\/#article\",\"isPartOf\":{\"@id\":\"https:\\\/\\\/www.sabra.org.br\\\/site\\\/influencia-da-matematica-na-arte\\\/\"},\"author\":{\"name\":\"M\u00e1rcio Miranda Pontes\",\"@id\":\"https:\\\/\\\/www.sabra.org.br\\\/site\\\/#\\\/schema\\\/person\\\/7d1d222c3c8891d4c37c7b41bf6315c2\"},\"headline\":\"Matem\u00e1tica e sua influ\u00eancia na arte\",\"datePublished\":\"2018-08-16T12:01:42+00:00\",\"dateModified\":\"2025-04-20T22:14:21+00:00\",\"mainEntityOfPage\":{\"@id\":\"https:\\\/\\\/www.sabra.org.br\\\/site\\\/influencia-da-matematica-na-arte\\\/\"},\"wordCount\":740,\"publisher\":{\"@id\":\"https:\\\/\\\/www.sabra.org.br\\\/site\\\/#organization\"},\"image\":{\"@id\":\"https:\\\/\\\/www.sabra.org.br\\\/site\\\/influencia-da-matematica-na-arte\\\/#primaryimage\"},\"thumbnailUrl\":\"https:\\\/\\\/www.sabra.org.br\\\/site\\\/wp-content\\\/uploads\\\/2018\\\/08\\\/a-influencia-da-matematica-na-arte-20180417140635.jpg.jpg\",\"keywords\":[\"Assist\u00eancia social\",\"Canto Coral\",\"Matem\u00e1tica\",\"Musicaliza\u00e7\u00e3o Infantil\",\"Oficina Musical SABRA\",\"Orquestra Sinf\u00f4nica de Betim\",\"Sociedade Art\u00edstica Brasileira\"],\"articleSection\":[\"Blog SABRA\"],\"inLanguage\":\"pt-BR\"},{\"@type\":\"WebPage\",\"@id\":\"https:\\\/\\\/www.sabra.org.br\\\/site\\\/influencia-da-matematica-na-arte\\\/\",\"url\":\"https:\\\/\\\/www.sabra.org.br\\\/site\\\/influencia-da-matematica-na-arte\\\/\",\"name\":\"Matem\u00e1tica e sua influ\u00eancia na arte - SABRA - Sociedade Art\u00edstica Brasileira\",\"isPartOf\":{\"@id\":\"https:\\\/\\\/www.sabra.org.br\\\/site\\\/#website\"},\"primaryImageOfPage\":{\"@id\":\"https:\\\/\\\/www.sabra.org.br\\\/site\\\/influencia-da-matematica-na-arte\\\/#primaryimage\"},\"image\":{\"@id\":\"https:\\\/\\\/www.sabra.org.br\\\/site\\\/influencia-da-matematica-na-arte\\\/#primaryimage\"},\"thumbnailUrl\":\"https:\\\/\\\/www.sabra.org.br\\\/site\\\/wp-content\\\/uploads\\\/2018\\\/08\\\/a-influencia-da-matematica-na-arte-20180417140635.jpg.jpg\",\"datePublished\":\"2018-08-16T12:01:42+00:00\",\"dateModified\":\"2025-04-20T22:14:21+00:00\",\"description\":\"Voc\u00ea j\u00e1 parou para pensar que a matem\u00e1tica tem influ\u00eancia em praticamente tudo? Na arte isto n\u00e3o poderia ser diferente! Ci\u00eancia exata e inspira\u00e7\u00e3o art\u00edstica\",\"breadcrumb\":{\"@id\":\"https:\\\/\\\/www.sabra.org.br\\\/site\\\/influencia-da-matematica-na-arte\\\/#breadcrumb\"},\"inLanguage\":\"pt-BR\",\"potentialAction\":[{\"@type\":\"ReadAction\",\"target\":[\"https:\\\/\\\/www.sabra.org.br\\\/site\\\/influencia-da-matematica-na-arte\\\/\"]}]},{\"@type\":\"ImageObject\",\"inLanguage\":\"pt-BR\",\"@id\":\"https:\\\/\\\/www.sabra.org.br\\\/site\\\/influencia-da-matematica-na-arte\\\/#primaryimage\",\"url\":\"https:\\\/\\\/www.sabra.org.br\\\/site\\\/wp-content\\\/uploads\\\/2018\\\/08\\\/a-influencia-da-matematica-na-arte-20180417140635.jpg.jpg\",\"contentUrl\":\"https:\\\/\\\/www.sabra.org.br\\\/site\\\/wp-content\\\/uploads\\\/2018\\\/08\\\/a-influencia-da-matematica-na-arte-20180417140635.jpg.jpg\",\"width\":700,\"height\":390,\"caption\":\"Sociedade Art\u00edstica Brasileira SABRA\"},{\"@type\":\"BreadcrumbList\",\"@id\":\"https:\\\/\\\/www.sabra.org.br\\\/site\\\/influencia-da-matematica-na-arte\\\/#breadcrumb\",\"itemListElement\":[{\"@type\":\"ListItem\",\"position\":1,\"name\":\"In\u00edcio\",\"item\":\"https:\\\/\\\/www.sabra.org.br\\\/site\\\/\"},{\"@type\":\"ListItem\",\"position\":2,\"name\":\"Matem\u00e1tica e sua influ\u00eancia na arte\"}]},{\"@type\":\"WebSite\",\"@id\":\"https:\\\/\\\/www.sabra.org.br\\\/site\\\/#website\",\"url\":\"https:\\\/\\\/www.sabra.org.br\\\/site\\\/\",\"name\":\"SABRA - Sociedade Art\u00edstica Brasileira\",\"description\":\"Escola de M\u00fasica, Orquestra Sinf\u00f4nica, Coral e Patrim\u00f4nio Cultural e Hist\u00f3rico\",\"publisher\":{\"@id\":\"https:\\\/\\\/www.sabra.org.br\\\/site\\\/#organization\"},\"potentialAction\":[{\"@type\":\"SearchAction\",\"target\":{\"@type\":\"EntryPoint\",\"urlTemplate\":\"https:\\\/\\\/www.sabra.org.br\\\/site\\\/?s={search_term_string}\"},\"query-input\":{\"@type\":\"PropertyValueSpecification\",\"valueRequired\":true,\"valueName\":\"search_term_string\"}}],\"inLanguage\":\"pt-BR\"},{\"@type\":\"Organization\",\"@id\":\"https:\\\/\\\/www.sabra.org.br\\\/site\\\/#organization\",\"name\":\"SOCIEDADE ART\u00cdSTICA BRASILEIRA SABRA\",\"alternateName\":\"SABRA\",\"url\":\"https:\\\/\\\/www.sabra.org.br\\\/site\\\/\",\"logo\":{\"@type\":\"ImageObject\",\"inLanguage\":\"pt-BR\",\"@id\":\"https:\\\/\\\/www.sabra.org.br\\\/site\\\/#\\\/schema\\\/logo\\\/image\\\/\",\"url\":\"https:\\\/\\\/www.sabra.org.br\\\/site\\\/wp-content\\\/uploads\\\/2019\\\/06\\\/cropped-Logo_SABRA-Copia-1.webp\",\"contentUrl\":\"https:\\\/\\\/www.sabra.org.br\\\/site\\\/wp-content\\\/uploads\\\/2019\\\/06\\\/cropped-Logo_SABRA-Copia-1.webp\",\"width\":400,\"height\":128,\"caption\":\"SOCIEDADE ART\u00cdSTICA BRASILEIRA SABRA\"},\"image\":{\"@id\":\"https:\\\/\\\/www.sabra.org.br\\\/site\\\/#\\\/schema\\\/logo\\\/image\\\/\"},\"sameAs\":[\"https:\\\/\\\/www.facebook.com\\\/sabrabrasil\",\"https:\\\/\\\/x.com\\\/ContatoSabra\",\"https:\\\/\\\/www.instagram.com\\\/sabrabrasil\\\/\",\"https:\\\/\\\/www.linkedin.com\\\/company\\\/25002088\\\/\",\"https:\\\/\\\/br.pinterest.com\\\/sociedadeartisticabrasileira\\\/\",\"https:\\\/\\\/www.youtube.com\\\/c\\\/sabrabrasil\"]},{\"@type\":\"Person\",\"@id\":\"https:\\\/\\\/www.sabra.org.br\\\/site\\\/#\\\/schema\\\/person\\\/7d1d222c3c8891d4c37c7b41bf6315c2\",\"name\":\"M\u00e1rcio Miranda Pontes\",\"image\":{\"@type\":\"ImageObject\",\"inLanguage\":\"pt-BR\",\"@id\":\"https:\\\/\\\/secure.gravatar.com\\\/avatar\\\/3b45f24496a7625a3a6c436688fbe20344faaeb2979658dc4a9921f984d7df9a?s=96&d=mm&r=g\",\"url\":\"https:\\\/\\\/secure.gravatar.com\\\/avatar\\\/3b45f24496a7625a3a6c436688fbe20344faaeb2979658dc4a9921f984d7df9a?s=96&d=mm&r=g\",\"contentUrl\":\"https:\\\/\\\/secure.gravatar.com\\\/avatar\\\/3b45f24496a7625a3a6c436688fbe20344faaeb2979658dc4a9921f984d7df9a?s=96&d=mm&r=g\",\"caption\":\"M\u00e1rcio Miranda Pontes\"},\"sameAs\":[\"http:\\\/\\\/www.sabra.org.br\"],\"url\":\"https:\\\/\\\/www.sabra.org.br\\\/site\\\/author\\\/marcio-miranda-pontes\\\/\"}]}<\/script>\n<!-- \/ Yoast SEO plugin. -->","yoast_head_json":{"title":"Matem\u00e1tica e sua influ\u00eancia na arte - SABRA - Sociedade Art\u00edstica Brasileira","description":"Voc\u00ea j\u00e1 parou para pensar que a matem\u00e1tica tem influ\u00eancia em praticamente tudo? Na arte isto n\u00e3o poderia ser diferente! Ci\u00eancia exata e inspira\u00e7\u00e3o art\u00edstica","robots":{"index":"index","follow":"follow","max-snippet":"max-snippet:-1","max-image-preview":"max-image-preview:large","max-video-preview":"max-video-preview:-1"},"canonical":"https:\/\/www.sabra.org.br\/site\/influencia-da-matematica-na-arte\/","og_locale":"pt_BR","og_type":"article","og_title":"Matem\u00e1tica e sua influ\u00eancia na arte - SABRA - Sociedade Art\u00edstica Brasileira","og_description":"Voc\u00ea j\u00e1 parou para pensar que a matem\u00e1tica tem influ\u00eancia em praticamente tudo? Na arte isto n\u00e3o poderia ser diferente! Ci\u00eancia exata e inspira\u00e7\u00e3o art\u00edstica","og_url":"https:\/\/www.sabra.org.br\/site\/influencia-da-matematica-na-arte\/","og_site_name":"SABRA - Sociedade Art\u00edstica Brasileira","article_publisher":"https:\/\/www.facebook.com\/sabrabrasil","article_published_time":"2018-08-16T12:01:42+00:00","article_modified_time":"2025-04-20T22:14:21+00:00","og_image":[{"width":700,"height":390,"url":"https:\/\/www.sabra.org.br\/site\/wp-content\/uploads\/2018\/08\/a-influencia-da-matematica-na-arte-20180417140635.jpg.jpg","type":"image\/jpeg"}],"author":"M\u00e1rcio Miranda Pontes","twitter_card":"summary_large_image","twitter_creator":"@ContatoSabra","twitter_site":"@ContatoSabra","twitter_misc":{"Escrito por":"M\u00e1rcio Miranda Pontes","Est. tempo de leitura":"4 minutos"},"schema":{"@context":"https:\/\/schema.org","@graph":[{"@type":"Article","@id":"https:\/\/www.sabra.org.br\/site\/influencia-da-matematica-na-arte\/#article","isPartOf":{"@id":"https:\/\/www.sabra.org.br\/site\/influencia-da-matematica-na-arte\/"},"author":{"name":"M\u00e1rcio Miranda Pontes","@id":"https:\/\/www.sabra.org.br\/site\/#\/schema\/person\/7d1d222c3c8891d4c37c7b41bf6315c2"},"headline":"Matem\u00e1tica e sua influ\u00eancia na arte","datePublished":"2018-08-16T12:01:42+00:00","dateModified":"2025-04-20T22:14:21+00:00","mainEntityOfPage":{"@id":"https:\/\/www.sabra.org.br\/site\/influencia-da-matematica-na-arte\/"},"wordCount":740,"publisher":{"@id":"https:\/\/www.sabra.org.br\/site\/#organization"},"image":{"@id":"https:\/\/www.sabra.org.br\/site\/influencia-da-matematica-na-arte\/#primaryimage"},"thumbnailUrl":"https:\/\/www.sabra.org.br\/site\/wp-content\/uploads\/2018\/08\/a-influencia-da-matematica-na-arte-20180417140635.jpg.jpg","keywords":["Assist\u00eancia social","Canto Coral","Matem\u00e1tica","Musicaliza\u00e7\u00e3o Infantil","Oficina Musical SABRA","Orquestra Sinf\u00f4nica de Betim","Sociedade Art\u00edstica Brasileira"],"articleSection":["Blog SABRA"],"inLanguage":"pt-BR"},{"@type":"WebPage","@id":"https:\/\/www.sabra.org.br\/site\/influencia-da-matematica-na-arte\/","url":"https:\/\/www.sabra.org.br\/site\/influencia-da-matematica-na-arte\/","name":"Matem\u00e1tica e sua influ\u00eancia na arte - SABRA - Sociedade Art\u00edstica Brasileira","isPartOf":{"@id":"https:\/\/www.sabra.org.br\/site\/#website"},"primaryImageOfPage":{"@id":"https:\/\/www.sabra.org.br\/site\/influencia-da-matematica-na-arte\/#primaryimage"},"image":{"@id":"https:\/\/www.sabra.org.br\/site\/influencia-da-matematica-na-arte\/#primaryimage"},"thumbnailUrl":"https:\/\/www.sabra.org.br\/site\/wp-content\/uploads\/2018\/08\/a-influencia-da-matematica-na-arte-20180417140635.jpg.jpg","datePublished":"2018-08-16T12:01:42+00:00","dateModified":"2025-04-20T22:14:21+00:00","description":"Voc\u00ea j\u00e1 parou para pensar que a matem\u00e1tica tem influ\u00eancia em praticamente tudo? Na arte isto n\u00e3o poderia ser diferente! Ci\u00eancia exata e inspira\u00e7\u00e3o art\u00edstica","breadcrumb":{"@id":"https:\/\/www.sabra.org.br\/site\/influencia-da-matematica-na-arte\/#breadcrumb"},"inLanguage":"pt-BR","potentialAction":[{"@type":"ReadAction","target":["https:\/\/www.sabra.org.br\/site\/influencia-da-matematica-na-arte\/"]}]},{"@type":"ImageObject","inLanguage":"pt-BR","@id":"https:\/\/www.sabra.org.br\/site\/influencia-da-matematica-na-arte\/#primaryimage","url":"https:\/\/www.sabra.org.br\/site\/wp-content\/uploads\/2018\/08\/a-influencia-da-matematica-na-arte-20180417140635.jpg.jpg","contentUrl":"https:\/\/www.sabra.org.br\/site\/wp-content\/uploads\/2018\/08\/a-influencia-da-matematica-na-arte-20180417140635.jpg.jpg","width":700,"height":390,"caption":"Sociedade Art\u00edstica Brasileira SABRA"},{"@type":"BreadcrumbList","@id":"https:\/\/www.sabra.org.br\/site\/influencia-da-matematica-na-arte\/#breadcrumb","itemListElement":[{"@type":"ListItem","position":1,"name":"In\u00edcio","item":"https:\/\/www.sabra.org.br\/site\/"},{"@type":"ListItem","position":2,"name":"Matem\u00e1tica e sua influ\u00eancia na arte"}]},{"@type":"WebSite","@id":"https:\/\/www.sabra.org.br\/site\/#website","url":"https:\/\/www.sabra.org.br\/site\/","name":"SABRA - Sociedade Art\u00edstica Brasileira","description":"Escola de M\u00fasica, Orquestra Sinf\u00f4nica, Coral e Patrim\u00f4nio Cultural e Hist\u00f3rico","publisher":{"@id":"https:\/\/www.sabra.org.br\/site\/#organization"},"potentialAction":[{"@type":"SearchAction","target":{"@type":"EntryPoint","urlTemplate":"https:\/\/www.sabra.org.br\/site\/?s={search_term_string}"},"query-input":{"@type":"PropertyValueSpecification","valueRequired":true,"valueName":"search_term_string"}}],"inLanguage":"pt-BR"},{"@type":"Organization","@id":"https:\/\/www.sabra.org.br\/site\/#organization","name":"SOCIEDADE ART\u00cdSTICA BRASILEIRA SABRA","alternateName":"SABRA","url":"https:\/\/www.sabra.org.br\/site\/","logo":{"@type":"ImageObject","inLanguage":"pt-BR","@id":"https:\/\/www.sabra.org.br\/site\/#\/schema\/logo\/image\/","url":"https:\/\/www.sabra.org.br\/site\/wp-content\/uploads\/2019\/06\/cropped-Logo_SABRA-Copia-1.webp","contentUrl":"https:\/\/www.sabra.org.br\/site\/wp-content\/uploads\/2019\/06\/cropped-Logo_SABRA-Copia-1.webp","width":400,"height":128,"caption":"SOCIEDADE ART\u00cdSTICA BRASILEIRA SABRA"},"image":{"@id":"https:\/\/www.sabra.org.br\/site\/#\/schema\/logo\/image\/"},"sameAs":["https:\/\/www.facebook.com\/sabrabrasil","https:\/\/x.com\/ContatoSabra","https:\/\/www.instagram.com\/sabrabrasil\/","https:\/\/www.linkedin.com\/company\/25002088\/","https:\/\/br.pinterest.com\/sociedadeartisticabrasileira\/","https:\/\/www.youtube.com\/c\/sabrabrasil"]},{"@type":"Person","@id":"https:\/\/www.sabra.org.br\/site\/#\/schema\/person\/7d1d222c3c8891d4c37c7b41bf6315c2","name":"M\u00e1rcio Miranda Pontes","image":{"@type":"ImageObject","inLanguage":"pt-BR","@id":"https:\/\/secure.gravatar.com\/avatar\/3b45f24496a7625a3a6c436688fbe20344faaeb2979658dc4a9921f984d7df9a?s=96&d=mm&r=g","url":"https:\/\/secure.gravatar.com\/avatar\/3b45f24496a7625a3a6c436688fbe20344faaeb2979658dc4a9921f984d7df9a?s=96&d=mm&r=g","contentUrl":"https:\/\/secure.gravatar.com\/avatar\/3b45f24496a7625a3a6c436688fbe20344faaeb2979658dc4a9921f984d7df9a?s=96&d=mm&r=g","caption":"M\u00e1rcio Miranda Pontes"},"sameAs":["http:\/\/www.sabra.org.br"],"url":"https:\/\/www.sabra.org.br\/site\/author\/marcio-miranda-pontes\/"}]}},"jetpack_featured_media_url":"https:\/\/www.sabra.org.br\/site\/wp-content\/uploads\/2018\/08\/a-influencia-da-matematica-na-arte-20180417140635.jpg.jpg","jetpack_shortlink":"https:\/\/wp.me\/p95j2Z-mD","jetpack-related-posts":[{"id":1932,"url":"https:\/\/www.sabra.org.br\/site\/matematica-e-musica\/","url_meta":{"origin":1403,"position":0},"title":"Matem\u00e1tica e M\u00fasica","author":"M\u00e1rcio Miranda Pontes","date":"15 de maio de 2019","format":false,"excerpt":"trabalho da sociedade art\u00edstica brasileira sociedade art\u00edstica brasileira sabra erat\u00f3stenes arist\u00f3xenes e arquitas trabalho da sociedade art\u00edstica sociedade art\u00edstica brasileira","rel":"","context":"Em &quot;Blog SABRA&quot;","block_context":{"text":"Blog SABRA","link":"https:\/\/www.sabra.org.br\/site\/category\/blog-sabra\/"},"img":{"alt_text":"Matem\u00e1tica e M\u00fasica","src":"https:\/\/i0.wp.com\/www.sabra.org.br\/site\/wp-content\/uploads\/2019\/05\/matematica-e-musica-como-relacionar-os-dois-20181024171547.jpg.jpg?resize=350%2C200&ssl=1","width":350,"height":200,"srcset":"https:\/\/i0.wp.com\/www.sabra.org.br\/site\/wp-content\/uploads\/2019\/05\/matematica-e-musica-como-relacionar-os-dois-20181024171547.jpg.jpg?resize=350%2C200&ssl=1 1x, https:\/\/i0.wp.com\/www.sabra.org.br\/site\/wp-content\/uploads\/2019\/05\/matematica-e-musica-como-relacionar-os-dois-20181024171547.jpg.jpg?resize=525%2C300&ssl=1 1.5x, https:\/\/i0.wp.com\/www.sabra.org.br\/site\/wp-content\/uploads\/2019\/05\/matematica-e-musica-como-relacionar-os-dois-20181024171547.jpg.jpg?resize=700%2C400&ssl=1 2x"},"classes":[]},{"id":4068,"url":"https:\/\/www.sabra.org.br\/site\/matematica-musica\/","url_meta":{"origin":1403,"position":1},"title":"A rela\u00e7\u00e3o entre m\u00fasica e matem\u00e1tica","author":"M\u00e1rcio Miranda Pontes","date":"4 de agosto de 2021","format":false,"excerpt":"A rela\u00e7\u00e3o entre m\u00fasica e matem\u00e1tica Voc\u00ea sabia que existe uma associa\u00e7\u00e3o entre m\u00fasica e matem\u00e1tica? A maioria das pessoas normalmente as veem como \u00e1reas completamente distintas, mas isso n\u00e3o \u00e9 verdade. Confira nosso post e saiba mais sobre o tema.","rel":"","context":"Em &quot;Blog SABRA&quot;","block_context":{"text":"Blog SABRA","link":"https:\/\/www.sabra.org.br\/site\/category\/blog-sabra\/"},"img":{"alt_text":"\u00e1reas-matem\u00e1tica-m\u00fasica","src":"https:\/\/i0.wp.com\/www.sabra.org.br\/site\/wp-content\/uploads\/2021\/08\/a-relacao-entre-musica-e-matematica-20210311095559.jpg.jpg?resize=350%2C200&ssl=1","width":350,"height":200,"srcset":"https:\/\/i0.wp.com\/www.sabra.org.br\/site\/wp-content\/uploads\/2021\/08\/a-relacao-entre-musica-e-matematica-20210311095559.jpg.jpg?resize=350%2C200&ssl=1 1x, https:\/\/i0.wp.com\/www.sabra.org.br\/site\/wp-content\/uploads\/2021\/08\/a-relacao-entre-musica-e-matematica-20210311095559.jpg.jpg?resize=525%2C300&ssl=1 1.5x, https:\/\/i0.wp.com\/www.sabra.org.br\/site\/wp-content\/uploads\/2021\/08\/a-relacao-entre-musica-e-matematica-20210311095559.jpg.jpg?resize=700%2C400&ssl=1 2x"},"classes":[]},{"id":7095,"url":"https:\/\/www.sabra.org.br\/site\/arte-na-escola\/","url_meta":{"origin":1403,"position":2},"title":"A import\u00e2ncia do ensino das artes na escola","author":"M\u00e1rcio Miranda Pontes","date":"9 de maio de 2023","format":false,"excerpt":"Assim como o ensino de matem\u00e1tica, f\u00edsica, portugu\u00eas, biologia e demais conte\u00fados, o ensino das artes na escola \u00e9 indispens\u00e1vel. Afinal, \u00e9 ele que desperta a sensibilidade e agu\u00e7a as reflex\u00f5es do estudante.","rel":"","context":"Em &quot;Blog SABRA&quot;","block_context":{"text":"Blog SABRA","link":"https:\/\/www.sabra.org.br\/site\/category\/blog-sabra\/"},"img":{"alt_text":"arte-humanidade-ensinar-escola","src":"https:\/\/i0.wp.com\/www.sabra.org.br\/site\/wp-content\/uploads\/2023\/05\/a-importancia-do-ensino-das-artes-na-escola-20171229162457.jpg-jpg.webp?resize=350%2C200&ssl=1","width":350,"height":200,"srcset":"https:\/\/i0.wp.com\/www.sabra.org.br\/site\/wp-content\/uploads\/2023\/05\/a-importancia-do-ensino-das-artes-na-escola-20171229162457.jpg-jpg.webp?resize=350%2C200&ssl=1 1x, https:\/\/i0.wp.com\/www.sabra.org.br\/site\/wp-content\/uploads\/2023\/05\/a-importancia-do-ensino-das-artes-na-escola-20171229162457.jpg-jpg.webp?resize=525%2C300&ssl=1 1.5x, https:\/\/i0.wp.com\/www.sabra.org.br\/site\/wp-content\/uploads\/2023\/05\/a-importancia-do-ensino-das-artes-na-escola-20171229162457.jpg-jpg.webp?resize=700%2C400&ssl=1 2x, https:\/\/i0.wp.com\/www.sabra.org.br\/site\/wp-content\/uploads\/2023\/05\/a-importancia-do-ensino-das-artes-na-escola-20171229162457.jpg-jpg.webp?resize=1050%2C600&ssl=1 3x, https:\/\/i0.wp.com\/www.sabra.org.br\/site\/wp-content\/uploads\/2023\/05\/a-importancia-do-ensino-das-artes-na-escola-20171229162457.jpg-jpg.webp?resize=1400%2C800&ssl=1 4x"},"classes":[]},{"id":13354,"url":"https:\/\/www.sabra.org.br\/site\/arte-digital-x-coisas-sobre-esse-conceito-que-voce-precisa-conhecer\/","url_meta":{"origin":1403,"position":3},"title":"Arte digital: x coisas sobre esse conceito que voc\u00ea precisa conhecer","author":"","date":"22 de agosto de 2025","format":false,"excerpt":"A arte influencia os modos de sentir, pensar a realidade e lidar com experi\u00eancias e emo\u00e7\u00f5es. Tudo isso foi afetado pela revolu\u00e7\u00e3o tecnol\u00f3gica, que n\u00e3o apenas ampliou sua difus\u00e3o, como tamb\u00e9m transformou as tradicionais formas de express\u00e3o e conex\u00e3o. A tecnologia tornou a concep\u00e7\u00e3o de arte mais abrangente, contribuindo para\u2026","rel":"","context":"Em &quot;Blog SABRA&quot;","block_context":{"text":"Blog SABRA","link":"https:\/\/www.sabra.org.br\/site\/category\/blog-sabra\/"},"img":{"alt_text":"","src":"","width":0,"height":0},"classes":[]},{"id":4093,"url":"https:\/\/www.sabra.org.br\/site\/acesso-arte\/","url_meta":{"origin":1403,"position":4},"title":"A import\u00e2ncia do acesso \u00e0 arte nas comunidades carentes","author":"M\u00e1rcio Miranda Pontes","date":"13 de agosto de 2021","format":false,"excerpt":"A import\u00e2ncia do acesso \u00e0 arte nas comunidades carentes A arte \u00e9 uma express\u00e3o \u00fanica e exclusivamente humana. Contudo, ela n\u00e3o \u00e9 apenas destinada \u00e0s elites: pode - e deve - ser um mecanismo que muda a realidade das comunidades mais carentes. E, no artigo, trazemos exatamente isso. Acompanhe.","rel":"","context":"Em &quot;Blog SABRA&quot;","block_context":{"text":"Blog SABRA","link":"https:\/\/www.sabra.org.br\/site\/category\/blog-sabra\/"},"img":{"alt_text":"acesso-artes-carentes-comunidades","src":"https:\/\/i0.wp.com\/www.sabra.org.br\/site\/wp-content\/uploads\/2021\/08\/a-importancia-do-acesso-a-arte-nas-comunidades-carentes-20210803101037.jpg.jpg?resize=350%2C200&ssl=1","width":350,"height":200,"srcset":"https:\/\/i0.wp.com\/www.sabra.org.br\/site\/wp-content\/uploads\/2021\/08\/a-importancia-do-acesso-a-arte-nas-comunidades-carentes-20210803101037.jpg.jpg?resize=350%2C200&ssl=1 1x, https:\/\/i0.wp.com\/www.sabra.org.br\/site\/wp-content\/uploads\/2021\/08\/a-importancia-do-acesso-a-arte-nas-comunidades-carentes-20210803101037.jpg.jpg?resize=525%2C300&ssl=1 1.5x, https:\/\/i0.wp.com\/www.sabra.org.br\/site\/wp-content\/uploads\/2021\/08\/a-importancia-do-acesso-a-arte-nas-comunidades-carentes-20210803101037.jpg.jpg?resize=700%2C400&ssl=1 2x"},"classes":[]},{"id":1495,"url":"https:\/\/www.sabra.org.br\/site\/beneficios-da-educacao-musical-infantil\/","url_meta":{"origin":1403,"position":5},"title":"Quais os benef\u00edcios da educa\u00e7\u00e3o musical infantil?","author":"M\u00e1rcio Miranda Pontes","date":"13 de setembro de 2018","format":false,"excerpt":"A m\u00fasica \u00e9 uma arte que encanta a todos, seja em qual cultura voc\u00ea esteja inserido ou a idade que voc\u00ea tiver. Quando o mundo da m\u00fasica \u00e9 introduzido ainda na inf\u00e2ncia, ela \u00e9 capaz de trazer benef\u00edcios e transforma\u00e7\u00f5es para a crian\u00e7a que ela carregar\u00e1 por toda a vida.\u2026","rel":"","context":"Em &quot;Blog SABRA&quot;","block_context":{"text":"Blog SABRA","link":"https:\/\/www.sabra.org.br\/site\/category\/blog-sabra\/"},"img":{"alt_text":"M\u00fasica","src":"https:\/\/i0.wp.com\/www.sabra.org.br\/site\/wp-content\/uploads\/2018\/09\/quais-os-beneficios-da-educacao-musical-infantil-20180702161300.jpg.jpg?resize=350%2C200&ssl=1","width":350,"height":200,"srcset":"https:\/\/i0.wp.com\/www.sabra.org.br\/site\/wp-content\/uploads\/2018\/09\/quais-os-beneficios-da-educacao-musical-infantil-20180702161300.jpg.jpg?resize=350%2C200&ssl=1 1x, https:\/\/i0.wp.com\/www.sabra.org.br\/site\/wp-content\/uploads\/2018\/09\/quais-os-beneficios-da-educacao-musical-infantil-20180702161300.jpg.jpg?resize=525%2C300&ssl=1 1.5x, https:\/\/i0.wp.com\/www.sabra.org.br\/site\/wp-content\/uploads\/2018\/09\/quais-os-beneficios-da-educacao-musical-infantil-20180702161300.jpg.jpg?resize=700%2C400&ssl=1 2x"},"classes":[]}],"jetpack_likes_enabled":true,"jetpack_sharing_enabled":true,"_links":{"self":[{"href":"https:\/\/www.sabra.org.br\/site\/wp-json\/wp\/v2\/posts\/1403","targetHints":{"allow":["GET"]}}],"collection":[{"href":"https:\/\/www.sabra.org.br\/site\/wp-json\/wp\/v2\/posts"}],"about":[{"href":"https:\/\/www.sabra.org.br\/site\/wp-json\/wp\/v2\/types\/post"}],"author":[{"embeddable":true,"href":"https:\/\/www.sabra.org.br\/site\/wp-json\/wp\/v2\/users\/39"}],"replies":[{"embeddable":true,"href":"https:\/\/www.sabra.org.br\/site\/wp-json\/wp\/v2\/comments?post=1403"}],"version-history":[{"count":0,"href":"https:\/\/www.sabra.org.br\/site\/wp-json\/wp\/v2\/posts\/1403\/revisions"}],"wp:featuredmedia":[{"embeddable":true,"href":"https:\/\/www.sabra.org.br\/site\/wp-json\/wp\/v2\/media\/1404"}],"wp:attachment":[{"href":"https:\/\/www.sabra.org.br\/site\/wp-json\/wp\/v2\/media?parent=1403"}],"wp:term":[{"taxonomy":"category","embeddable":true,"href":"https:\/\/www.sabra.org.br\/site\/wp-json\/wp\/v2\/categories?post=1403"},{"taxonomy":"post_tag","embeddable":true,"href":"https:\/\/www.sabra.org.br\/site\/wp-json\/wp\/v2\/tags?post=1403"}],"curies":[{"name":"wp","href":"https:\/\/api.w.org\/{rel}","templated":true}]}}