{"id":1441,"date":"2018-08-28T09:26:03","date_gmt":"2018-08-28T12:26:03","guid":{"rendered":"http:\/\/www.sabra.org.br\/site\/?p=1441"},"modified":"2025-04-20T19:14:26","modified_gmt":"2025-04-20T22:14:26","slug":"classificacao-de-vozes-no-coral","status":"publish","type":"post","link":"https:\/\/www.sabra.org.br\/site\/classificacao-de-vozes-no-coral\/","title":{"rendered":"Como \u00e9 feita a classifica\u00e7\u00e3o de vozes no coral?"},"content":{"rendered":"<p>O processo de hierarquia por meio de categoriza\u00e7\u00e3o sempre constituiu uma parte essencial de nosso progresso social, por causa de sua funcionalidade mensur\u00e1vel. A categoriza\u00e7\u00e3o vocal n\u00e3o foi exce\u00e7\u00e3o, mas dado que todas as vozes cantadas s\u00e3o \u00fanicas &#8211; o equivalente musical de impress\u00f5es digitais &#8211; qualquer tentativa de ajust\u00e1-las ordenadamente em categorias deve gerar uma justificativa clara de como isso pode beneficiar a arte, bem como o int\u00e9rprete.<\/p>\n<h4>Hist\u00f3ria da classifica\u00e7\u00e3o das vozes<\/h4>\n<p>Historicamente, v\u00e1rios modelos de classifica\u00e7\u00e3o de voz foram desenvolvidos para acompanhar as demandas de um repert\u00f3rio rico e em constante expans\u00e3o. Na \u00f3pera, por exemplo, a categoria mezzo-soprano surgiu em meados do s\u00e9culo XVIII, tanto na It\u00e1lia quanto na Fran\u00e7a, porque os compositores come\u00e7aram a escrever trechos ornamentais mais elevados, o que impulsionou a tessitura vocal em geral; isso desencadeou a necessidade de diferenciar entre os cantores que poderiam sustentar essa tessitura e os que n\u00e3o podiam.<\/p>\n<p>Essa necessidade tamb\u00e9m gerou um not\u00e1vel debate sobre a classifica\u00e7\u00e3o, j\u00e1 que est\u00e1 registrado que certos cantores insistiram em manter seu r\u00f3tulo de soprano, apesar de ter que pedir aos compositores e orquestras para emendar, ou transpor, a m\u00fasica de acordo com suas vozes mais graves.<\/p>\n<p>O desenvolvimento do sistema de classifica\u00e7\u00e3o de voz que se seguiu foi baseado em caracter\u00edsticas &#8220;fisiol\u00f3gicas&#8221;, caracter\u00edsticas de cada voz. Como: alcance, tessitura preferida, flexibilidade e volume.<\/p>\n<h4>Sistema Fach<\/h4>\n<p>Outro modelo de classifica\u00e7\u00e3o \u00e9 o <a href=\"https:\/\/translate.google.com.br\/translate?hl=pt-BR&amp;sl=en&amp;u=https:\/\/en.wikipedia.org\/wiki\/Fach&amp;prev=search\" target=\"_blank\" rel=\"noopener\">sistema Fach<\/a>, que agrupa pap\u00e9is de caracter\u00edsticas semelhantes (car\u00e1ter e vocal) &#8211; isso est\u00e1 sujeito a &#8216;gostos&#8217; s\u00f3cio-temporais. A utilidade das muitas subcategorias do sistema Fach tem sido debatida, e aquelas que ainda est\u00e3o em uso s\u00e3o, sem d\u00favida, consideradas mais \u00fateis para cantores. No entanto, como todas as vozes existem em um &#8216;continuum&#8217;, outras subdivis\u00f5es sempre podem ser propostas.<\/p>\n<p>Atualmente, a classifica\u00e7\u00e3o vocal desempenha um papel crucial no desenvolvimento e progresso dos cantores, seja para uma carreira solo ou como parte de um coro. Uma das principais raz\u00f5es para a import\u00e2ncia da classifica\u00e7\u00e3o \u00e9 que, independente do repert\u00f3rio, o <a href=\"http:\/\/www.wikiwand.com\/pt\/Canto_(m%C3%BAsica)\" target=\"_blank\" rel=\"noopener\">canto<\/a> \u00e9 basicamente o conforto vocal.<\/p>\n<p>A identifica\u00e7\u00e3o precisa do tipo de voz, juntamente com uma t\u00e9cnica vocal confi\u00e1vel. Isso permite que o cantor represente livremente um personagem ou se concentre em transmitir o significado da m\u00fasica.<\/p>\n<p>A classifica\u00e7\u00e3o pressup\u00f5e um grau de autoconhecimento vocal &#8211; n\u00e3o apenas do alcance, mas da tessitura mais confort\u00e1vel. Essa \u00e9 uma distin\u00e7\u00e3o importante a ser feita, pois quanto mais treinada \u00e9 uma voz, mais prov\u00e1vel \u00e9 que ela tenha se expandido ao alcance e, ainda assim, a tessitura central continuar\u00e1.<\/p>\n<p>Mas n\u00e3o importa qu\u00e3o impressionante sejam as caracter\u00edsticas das vozes, elas n\u00e3o definem sua categoria. A principal distin\u00e7\u00e3o entre os tipos de voz \u00e9 feita observando a tessitura preferida do cantor, sua flexibilidade e seu timbre vocal.<\/p>\n<p>A quest\u00e3o da tessitura preferida tamb\u00e9m \u00e9 importante no repert\u00f3rio coral, onde a escrita para cada tipo de voz requer a manuten\u00e7\u00e3o de uma tessitura em um registro particular, por longos per\u00edodos de tempo.<\/p>\n<p>Sopranos com vozes mais pesadas podem n\u00e3o ser adequados para a se\u00e7\u00e3o de soprano em um coro, j\u00e1 que seu registro mais confort\u00e1vel est\u00e1 sob o segundo passaggio, no qual a maioria da <a href=\"https:\/\/www.sabra.org.br\/site\/coral-exercicios-para-aquecimento-vocal\/\" target=\"_blank\" rel=\"noopener\">m\u00fasica coral<\/a> \u00e9 escrita. Al\u00e9m disso, suas vozes podem n\u00e3o se misturar t\u00e3o facilmente nesse registro.<\/p>\n<p>Devemos pensar na evolu\u00e7\u00e3o e no desenvolvimento da voz e da classifica\u00e7\u00e3o de pap\u00e9is como uma constru\u00e7\u00e3o torcida e baseada nas necessidades, em vez de um sistema ordenado e bem pensado, como \u00e0s vezes \u00e9 apresentado. Isso encorajaria todos n\u00f3s a pensar mais criativamente sobre nossas pr\u00f3prias capacidades vocais, e aceitar o fato de que algumas vozes se encaixam mais nitidamente em categorias do que outras.<\/p>\n<p>Como cada voz \u00e9 espec\u00edfica do indiv\u00edduo, qualquer categoriza\u00e7\u00e3o sistem\u00e1tica de tipos de voz gerar\u00e1 inevitavelmente elementos excepcionais. Se a arte deve ser servida, ent\u00e3o precisamos ter a mente aberta sobre a maneira pela qual essas exce\u00e7\u00f5es podem ser inclu\u00eddas e ouvidas.<\/p>\n","protected":false},"excerpt":{"rendered":"<p>O processo de hierarquia por meio de categoriza\u00e7\u00e3o sempre constituiu uma parte essencial de nosso progresso social, por causa de sua funcionalidade mensur\u00e1vel. A categoriza\u00e7\u00e3o&hellip;<\/p>\n","protected":false},"author":39,"featured_media":1443,"comment_status":"closed","ping_status":"closed","sticky":false,"template":"","format":"standard","meta":{"jetpack_post_was_ever_published":false,"_jetpack_newsletter_access":"","_jetpack_dont_email_post_to_subs":false,"_jetpack_newsletter_tier_id":0,"_jetpack_memberships_contains_paywalled_content":false,"_jetpack_memberships_contains_paid_content":false,"footnotes":""},"categories":[1],"tags":[15,8,16,12,11,9],"class_list":["post-1441","post","type-post","status-publish","format-standard","has-post-thumbnail","hentry","category-blog-sabra","tag-assistencia-social","tag-canto-coral","tag-musicalizacao-infantil","tag-oficina-musical-sabra","tag-orquestra-sinfonica-de-betim","tag-sociedade-artistica-brasileira"],"yoast_head":"<!-- This site is optimized with the Yoast SEO plugin v27.5 - https:\/\/yoast.com\/product\/yoast-seo-wordpress\/ -->\n<title>Como \u00e9 feita a classifica\u00e7\u00e3o de vozes no coral? - SABRA - Sociedade Art\u00edstica Brasileira<\/title>\n<meta name=\"description\" content=\"Quer entender mais sobre as diferen\u00e7as de classifica\u00e7\u00e3o de vozes dentro de um coral? Ent\u00e3o voc\u00ea est\u00e1 no lugar certo. Conhe\u00e7a mais e se surpreenda!\" \/>\n<meta name=\"robots\" content=\"index, follow, max-snippet:-1, max-image-preview:large, max-video-preview:-1\" \/>\n<link rel=\"canonical\" href=\"https:\/\/www.sabra.org.br\/site\/classificacao-de-vozes-no-coral\/\" \/>\n<meta property=\"og:locale\" content=\"pt_BR\" \/>\n<meta property=\"og:type\" content=\"article\" \/>\n<meta property=\"og:title\" content=\"Como \u00e9 feita a classifica\u00e7\u00e3o de vozes no coral? - SABRA - Sociedade Art\u00edstica Brasileira\" \/>\n<meta property=\"og:description\" content=\"Quer entender mais sobre as diferen\u00e7as de classifica\u00e7\u00e3o de vozes dentro de um coral? Ent\u00e3o voc\u00ea est\u00e1 no lugar certo. Conhe\u00e7a mais e se surpreenda!\" \/>\n<meta property=\"og:url\" content=\"https:\/\/www.sabra.org.br\/site\/classificacao-de-vozes-no-coral\/\" \/>\n<meta property=\"og:site_name\" content=\"SABRA - Sociedade Art\u00edstica Brasileira\" \/>\n<meta property=\"article:publisher\" content=\"https:\/\/www.facebook.com\/sabrabrasil\" \/>\n<meta property=\"article:published_time\" content=\"2018-08-28T12:26:03+00:00\" \/>\n<meta property=\"article:modified_time\" content=\"2025-04-20T22:14:26+00:00\" \/>\n<meta property=\"og:image\" content=\"https:\/\/www.sabra.org.br\/site\/wp-content\/uploads\/2018\/08\/como-e-feita-a-classificacao-de-vozes-no-coral-20180702161300.jpg.jpg\" \/>\n\t<meta property=\"og:image:width\" content=\"720\" \/>\n\t<meta property=\"og:image:height\" content=\"485\" \/>\n\t<meta property=\"og:image:type\" content=\"image\/jpeg\" \/>\n<meta name=\"author\" content=\"M\u00e1rcio Miranda Pontes\" \/>\n<meta name=\"twitter:card\" content=\"summary_large_image\" \/>\n<meta name=\"twitter:creator\" content=\"@ContatoSabra\" \/>\n<meta name=\"twitter:site\" content=\"@ContatoSabra\" \/>\n<meta name=\"twitter:label1\" content=\"Escrito por\" \/>\n\t<meta name=\"twitter:data1\" content=\"M\u00e1rcio Miranda Pontes\" \/>\n\t<meta name=\"twitter:label2\" content=\"Est. tempo de leitura\" \/>\n\t<meta name=\"twitter:data2\" content=\"4 minutos\" \/>\n<script type=\"application\/ld+json\" class=\"yoast-schema-graph\">{\"@context\":\"https:\\\/\\\/schema.org\",\"@graph\":[{\"@type\":\"Article\",\"@id\":\"https:\\\/\\\/www.sabra.org.br\\\/site\\\/classificacao-de-vozes-no-coral\\\/#article\",\"isPartOf\":{\"@id\":\"https:\\\/\\\/www.sabra.org.br\\\/site\\\/classificacao-de-vozes-no-coral\\\/\"},\"author\":{\"name\":\"M\u00e1rcio Miranda Pontes\",\"@id\":\"https:\\\/\\\/www.sabra.org.br\\\/site\\\/#\\\/schema\\\/person\\\/7d1d222c3c8891d4c37c7b41bf6315c2\"},\"headline\":\"Como \u00e9 feita a classifica\u00e7\u00e3o de vozes no coral?\",\"datePublished\":\"2018-08-28T12:26:03+00:00\",\"dateModified\":\"2025-04-20T22:14:26+00:00\",\"mainEntityOfPage\":{\"@id\":\"https:\\\/\\\/www.sabra.org.br\\\/site\\\/classificacao-de-vozes-no-coral\\\/\"},\"wordCount\":728,\"publisher\":{\"@id\":\"https:\\\/\\\/www.sabra.org.br\\\/site\\\/#organization\"},\"image\":{\"@id\":\"https:\\\/\\\/www.sabra.org.br\\\/site\\\/classificacao-de-vozes-no-coral\\\/#primaryimage\"},\"thumbnailUrl\":\"https:\\\/\\\/www.sabra.org.br\\\/site\\\/wp-content\\\/uploads\\\/2018\\\/08\\\/como-e-feita-a-classificacao-de-vozes-no-coral-20180702161300.jpg.jpg\",\"keywords\":[\"Assist\u00eancia social\",\"Canto Coral\",\"Musicaliza\u00e7\u00e3o Infantil\",\"Oficina Musical SABRA\",\"Orquestra Sinf\u00f4nica de Betim\",\"Sociedade Art\u00edstica Brasileira\"],\"articleSection\":[\"Blog SABRA\"],\"inLanguage\":\"pt-BR\"},{\"@type\":\"WebPage\",\"@id\":\"https:\\\/\\\/www.sabra.org.br\\\/site\\\/classificacao-de-vozes-no-coral\\\/\",\"url\":\"https:\\\/\\\/www.sabra.org.br\\\/site\\\/classificacao-de-vozes-no-coral\\\/\",\"name\":\"Como \u00e9 feita a classifica\u00e7\u00e3o de vozes no coral? - SABRA - Sociedade Art\u00edstica Brasileira\",\"isPartOf\":{\"@id\":\"https:\\\/\\\/www.sabra.org.br\\\/site\\\/#website\"},\"primaryImageOfPage\":{\"@id\":\"https:\\\/\\\/www.sabra.org.br\\\/site\\\/classificacao-de-vozes-no-coral\\\/#primaryimage\"},\"image\":{\"@id\":\"https:\\\/\\\/www.sabra.org.br\\\/site\\\/classificacao-de-vozes-no-coral\\\/#primaryimage\"},\"thumbnailUrl\":\"https:\\\/\\\/www.sabra.org.br\\\/site\\\/wp-content\\\/uploads\\\/2018\\\/08\\\/como-e-feita-a-classificacao-de-vozes-no-coral-20180702161300.jpg.jpg\",\"datePublished\":\"2018-08-28T12:26:03+00:00\",\"dateModified\":\"2025-04-20T22:14:26+00:00\",\"description\":\"Quer entender mais sobre as diferen\u00e7as de classifica\u00e7\u00e3o de vozes dentro de um coral? Ent\u00e3o voc\u00ea est\u00e1 no lugar certo. Conhe\u00e7a mais e se surpreenda!\",\"breadcrumb\":{\"@id\":\"https:\\\/\\\/www.sabra.org.br\\\/site\\\/classificacao-de-vozes-no-coral\\\/#breadcrumb\"},\"inLanguage\":\"pt-BR\",\"potentialAction\":[{\"@type\":\"ReadAction\",\"target\":[\"https:\\\/\\\/www.sabra.org.br\\\/site\\\/classificacao-de-vozes-no-coral\\\/\"]}]},{\"@type\":\"ImageObject\",\"inLanguage\":\"pt-BR\",\"@id\":\"https:\\\/\\\/www.sabra.org.br\\\/site\\\/classificacao-de-vozes-no-coral\\\/#primaryimage\",\"url\":\"https:\\\/\\\/www.sabra.org.br\\\/site\\\/wp-content\\\/uploads\\\/2018\\\/08\\\/como-e-feita-a-classificacao-de-vozes-no-coral-20180702161300.jpg.jpg\",\"contentUrl\":\"https:\\\/\\\/www.sabra.org.br\\\/site\\\/wp-content\\\/uploads\\\/2018\\\/08\\\/como-e-feita-a-classificacao-de-vozes-no-coral-20180702161300.jpg.jpg\",\"width\":720,\"height\":485,\"caption\":\"Sociedade Art\u00edstica Brasileira SABRA\"},{\"@type\":\"BreadcrumbList\",\"@id\":\"https:\\\/\\\/www.sabra.org.br\\\/site\\\/classificacao-de-vozes-no-coral\\\/#breadcrumb\",\"itemListElement\":[{\"@type\":\"ListItem\",\"position\":1,\"name\":\"In\u00edcio\",\"item\":\"https:\\\/\\\/www.sabra.org.br\\\/site\\\/\"},{\"@type\":\"ListItem\",\"position\":2,\"name\":\"Como \u00e9 feita a classifica\u00e7\u00e3o de vozes no coral?\"}]},{\"@type\":\"WebSite\",\"@id\":\"https:\\\/\\\/www.sabra.org.br\\\/site\\\/#website\",\"url\":\"https:\\\/\\\/www.sabra.org.br\\\/site\\\/\",\"name\":\"SABRA - Sociedade Art\u00edstica Brasileira\",\"description\":\"Escola de M\u00fasica, Orquestra Sinf\u00f4nica, Coral e Patrim\u00f4nio Cultural e Hist\u00f3rico\",\"publisher\":{\"@id\":\"https:\\\/\\\/www.sabra.org.br\\\/site\\\/#organization\"},\"potentialAction\":[{\"@type\":\"SearchAction\",\"target\":{\"@type\":\"EntryPoint\",\"urlTemplate\":\"https:\\\/\\\/www.sabra.org.br\\\/site\\\/?s={search_term_string}\"},\"query-input\":{\"@type\":\"PropertyValueSpecification\",\"valueRequired\":true,\"valueName\":\"search_term_string\"}}],\"inLanguage\":\"pt-BR\"},{\"@type\":\"Organization\",\"@id\":\"https:\\\/\\\/www.sabra.org.br\\\/site\\\/#organization\",\"name\":\"SOCIEDADE ART\u00cdSTICA BRASILEIRA SABRA\",\"alternateName\":\"SABRA\",\"url\":\"https:\\\/\\\/www.sabra.org.br\\\/site\\\/\",\"logo\":{\"@type\":\"ImageObject\",\"inLanguage\":\"pt-BR\",\"@id\":\"https:\\\/\\\/www.sabra.org.br\\\/site\\\/#\\\/schema\\\/logo\\\/image\\\/\",\"url\":\"https:\\\/\\\/www.sabra.org.br\\\/site\\\/wp-content\\\/uploads\\\/2019\\\/06\\\/cropped-Logo_SABRA-Copia-1.webp\",\"contentUrl\":\"https:\\\/\\\/www.sabra.org.br\\\/site\\\/wp-content\\\/uploads\\\/2019\\\/06\\\/cropped-Logo_SABRA-Copia-1.webp\",\"width\":400,\"height\":128,\"caption\":\"SOCIEDADE ART\u00cdSTICA BRASILEIRA SABRA\"},\"image\":{\"@id\":\"https:\\\/\\\/www.sabra.org.br\\\/site\\\/#\\\/schema\\\/logo\\\/image\\\/\"},\"sameAs\":[\"https:\\\/\\\/www.facebook.com\\\/sabrabrasil\",\"https:\\\/\\\/x.com\\\/ContatoSabra\",\"https:\\\/\\\/www.instagram.com\\\/sabrabrasil\\\/\",\"https:\\\/\\\/www.linkedin.com\\\/company\\\/25002088\\\/\",\"https:\\\/\\\/br.pinterest.com\\\/sociedadeartisticabrasileira\\\/\",\"https:\\\/\\\/www.youtube.com\\\/c\\\/sabrabrasil\"]},{\"@type\":\"Person\",\"@id\":\"https:\\\/\\\/www.sabra.org.br\\\/site\\\/#\\\/schema\\\/person\\\/7d1d222c3c8891d4c37c7b41bf6315c2\",\"name\":\"M\u00e1rcio Miranda Pontes\",\"image\":{\"@type\":\"ImageObject\",\"inLanguage\":\"pt-BR\",\"@id\":\"https:\\\/\\\/secure.gravatar.com\\\/avatar\\\/3b45f24496a7625a3a6c436688fbe20344faaeb2979658dc4a9921f984d7df9a?s=96&d=mm&r=g\",\"url\":\"https:\\\/\\\/secure.gravatar.com\\\/avatar\\\/3b45f24496a7625a3a6c436688fbe20344faaeb2979658dc4a9921f984d7df9a?s=96&d=mm&r=g\",\"contentUrl\":\"https:\\\/\\\/secure.gravatar.com\\\/avatar\\\/3b45f24496a7625a3a6c436688fbe20344faaeb2979658dc4a9921f984d7df9a?s=96&d=mm&r=g\",\"caption\":\"M\u00e1rcio Miranda Pontes\"},\"sameAs\":[\"http:\\\/\\\/www.sabra.org.br\"],\"url\":\"https:\\\/\\\/www.sabra.org.br\\\/site\\\/author\\\/marcio-miranda-pontes\\\/\"}]}<\/script>\n<!-- \/ Yoast SEO plugin. -->","yoast_head_json":{"title":"Como \u00e9 feita a classifica\u00e7\u00e3o de vozes no coral? - SABRA - Sociedade Art\u00edstica Brasileira","description":"Quer entender mais sobre as diferen\u00e7as de classifica\u00e7\u00e3o de vozes dentro de um coral? Ent\u00e3o voc\u00ea est\u00e1 no lugar certo. Conhe\u00e7a mais e se surpreenda!","robots":{"index":"index","follow":"follow","max-snippet":"max-snippet:-1","max-image-preview":"max-image-preview:large","max-video-preview":"max-video-preview:-1"},"canonical":"https:\/\/www.sabra.org.br\/site\/classificacao-de-vozes-no-coral\/","og_locale":"pt_BR","og_type":"article","og_title":"Como \u00e9 feita a classifica\u00e7\u00e3o de vozes no coral? - SABRA - Sociedade Art\u00edstica Brasileira","og_description":"Quer entender mais sobre as diferen\u00e7as de classifica\u00e7\u00e3o de vozes dentro de um coral? Ent\u00e3o voc\u00ea est\u00e1 no lugar certo. Conhe\u00e7a mais e se surpreenda!","og_url":"https:\/\/www.sabra.org.br\/site\/classificacao-de-vozes-no-coral\/","og_site_name":"SABRA - Sociedade Art\u00edstica Brasileira","article_publisher":"https:\/\/www.facebook.com\/sabrabrasil","article_published_time":"2018-08-28T12:26:03+00:00","article_modified_time":"2025-04-20T22:14:26+00:00","og_image":[{"width":720,"height":485,"url":"https:\/\/www.sabra.org.br\/site\/wp-content\/uploads\/2018\/08\/como-e-feita-a-classificacao-de-vozes-no-coral-20180702161300.jpg.jpg","type":"image\/jpeg"}],"author":"M\u00e1rcio Miranda Pontes","twitter_card":"summary_large_image","twitter_creator":"@ContatoSabra","twitter_site":"@ContatoSabra","twitter_misc":{"Escrito por":"M\u00e1rcio Miranda Pontes","Est. tempo de leitura":"4 minutos"},"schema":{"@context":"https:\/\/schema.org","@graph":[{"@type":"Article","@id":"https:\/\/www.sabra.org.br\/site\/classificacao-de-vozes-no-coral\/#article","isPartOf":{"@id":"https:\/\/www.sabra.org.br\/site\/classificacao-de-vozes-no-coral\/"},"author":{"name":"M\u00e1rcio Miranda Pontes","@id":"https:\/\/www.sabra.org.br\/site\/#\/schema\/person\/7d1d222c3c8891d4c37c7b41bf6315c2"},"headline":"Como \u00e9 feita a classifica\u00e7\u00e3o de vozes no coral?","datePublished":"2018-08-28T12:26:03+00:00","dateModified":"2025-04-20T22:14:26+00:00","mainEntityOfPage":{"@id":"https:\/\/www.sabra.org.br\/site\/classificacao-de-vozes-no-coral\/"},"wordCount":728,"publisher":{"@id":"https:\/\/www.sabra.org.br\/site\/#organization"},"image":{"@id":"https:\/\/www.sabra.org.br\/site\/classificacao-de-vozes-no-coral\/#primaryimage"},"thumbnailUrl":"https:\/\/www.sabra.org.br\/site\/wp-content\/uploads\/2018\/08\/como-e-feita-a-classificacao-de-vozes-no-coral-20180702161300.jpg.jpg","keywords":["Assist\u00eancia social","Canto Coral","Musicaliza\u00e7\u00e3o Infantil","Oficina Musical SABRA","Orquestra Sinf\u00f4nica de Betim","Sociedade Art\u00edstica Brasileira"],"articleSection":["Blog SABRA"],"inLanguage":"pt-BR"},{"@type":"WebPage","@id":"https:\/\/www.sabra.org.br\/site\/classificacao-de-vozes-no-coral\/","url":"https:\/\/www.sabra.org.br\/site\/classificacao-de-vozes-no-coral\/","name":"Como \u00e9 feita a classifica\u00e7\u00e3o de vozes no coral? - SABRA - Sociedade Art\u00edstica Brasileira","isPartOf":{"@id":"https:\/\/www.sabra.org.br\/site\/#website"},"primaryImageOfPage":{"@id":"https:\/\/www.sabra.org.br\/site\/classificacao-de-vozes-no-coral\/#primaryimage"},"image":{"@id":"https:\/\/www.sabra.org.br\/site\/classificacao-de-vozes-no-coral\/#primaryimage"},"thumbnailUrl":"https:\/\/www.sabra.org.br\/site\/wp-content\/uploads\/2018\/08\/como-e-feita-a-classificacao-de-vozes-no-coral-20180702161300.jpg.jpg","datePublished":"2018-08-28T12:26:03+00:00","dateModified":"2025-04-20T22:14:26+00:00","description":"Quer entender mais sobre as diferen\u00e7as de classifica\u00e7\u00e3o de vozes dentro de um coral? Ent\u00e3o voc\u00ea est\u00e1 no lugar certo. Conhe\u00e7a mais e se surpreenda!","breadcrumb":{"@id":"https:\/\/www.sabra.org.br\/site\/classificacao-de-vozes-no-coral\/#breadcrumb"},"inLanguage":"pt-BR","potentialAction":[{"@type":"ReadAction","target":["https:\/\/www.sabra.org.br\/site\/classificacao-de-vozes-no-coral\/"]}]},{"@type":"ImageObject","inLanguage":"pt-BR","@id":"https:\/\/www.sabra.org.br\/site\/classificacao-de-vozes-no-coral\/#primaryimage","url":"https:\/\/www.sabra.org.br\/site\/wp-content\/uploads\/2018\/08\/como-e-feita-a-classificacao-de-vozes-no-coral-20180702161300.jpg.jpg","contentUrl":"https:\/\/www.sabra.org.br\/site\/wp-content\/uploads\/2018\/08\/como-e-feita-a-classificacao-de-vozes-no-coral-20180702161300.jpg.jpg","width":720,"height":485,"caption":"Sociedade Art\u00edstica Brasileira SABRA"},{"@type":"BreadcrumbList","@id":"https:\/\/www.sabra.org.br\/site\/classificacao-de-vozes-no-coral\/#breadcrumb","itemListElement":[{"@type":"ListItem","position":1,"name":"In\u00edcio","item":"https:\/\/www.sabra.org.br\/site\/"},{"@type":"ListItem","position":2,"name":"Como \u00e9 feita a classifica\u00e7\u00e3o de vozes no coral?"}]},{"@type":"WebSite","@id":"https:\/\/www.sabra.org.br\/site\/#website","url":"https:\/\/www.sabra.org.br\/site\/","name":"SABRA - Sociedade Art\u00edstica Brasileira","description":"Escola de M\u00fasica, Orquestra Sinf\u00f4nica, Coral e Patrim\u00f4nio Cultural e Hist\u00f3rico","publisher":{"@id":"https:\/\/www.sabra.org.br\/site\/#organization"},"potentialAction":[{"@type":"SearchAction","target":{"@type":"EntryPoint","urlTemplate":"https:\/\/www.sabra.org.br\/site\/?s={search_term_string}"},"query-input":{"@type":"PropertyValueSpecification","valueRequired":true,"valueName":"search_term_string"}}],"inLanguage":"pt-BR"},{"@type":"Organization","@id":"https:\/\/www.sabra.org.br\/site\/#organization","name":"SOCIEDADE ART\u00cdSTICA BRASILEIRA SABRA","alternateName":"SABRA","url":"https:\/\/www.sabra.org.br\/site\/","logo":{"@type":"ImageObject","inLanguage":"pt-BR","@id":"https:\/\/www.sabra.org.br\/site\/#\/schema\/logo\/image\/","url":"https:\/\/www.sabra.org.br\/site\/wp-content\/uploads\/2019\/06\/cropped-Logo_SABRA-Copia-1.webp","contentUrl":"https:\/\/www.sabra.org.br\/site\/wp-content\/uploads\/2019\/06\/cropped-Logo_SABRA-Copia-1.webp","width":400,"height":128,"caption":"SOCIEDADE ART\u00cdSTICA BRASILEIRA SABRA"},"image":{"@id":"https:\/\/www.sabra.org.br\/site\/#\/schema\/logo\/image\/"},"sameAs":["https:\/\/www.facebook.com\/sabrabrasil","https:\/\/x.com\/ContatoSabra","https:\/\/www.instagram.com\/sabrabrasil\/","https:\/\/www.linkedin.com\/company\/25002088\/","https:\/\/br.pinterest.com\/sociedadeartisticabrasileira\/","https:\/\/www.youtube.com\/c\/sabrabrasil"]},{"@type":"Person","@id":"https:\/\/www.sabra.org.br\/site\/#\/schema\/person\/7d1d222c3c8891d4c37c7b41bf6315c2","name":"M\u00e1rcio Miranda Pontes","image":{"@type":"ImageObject","inLanguage":"pt-BR","@id":"https:\/\/secure.gravatar.com\/avatar\/3b45f24496a7625a3a6c436688fbe20344faaeb2979658dc4a9921f984d7df9a?s=96&d=mm&r=g","url":"https:\/\/secure.gravatar.com\/avatar\/3b45f24496a7625a3a6c436688fbe20344faaeb2979658dc4a9921f984d7df9a?s=96&d=mm&r=g","contentUrl":"https:\/\/secure.gravatar.com\/avatar\/3b45f24496a7625a3a6c436688fbe20344faaeb2979658dc4a9921f984d7df9a?s=96&d=mm&r=g","caption":"M\u00e1rcio Miranda Pontes"},"sameAs":["http:\/\/www.sabra.org.br"],"url":"https:\/\/www.sabra.org.br\/site\/author\/marcio-miranda-pontes\/"}]}},"jetpack_featured_media_url":"https:\/\/www.sabra.org.br\/site\/wp-content\/uploads\/2018\/08\/como-e-feita-a-classificacao-de-vozes-no-coral-20180702161300.jpg.jpg","jetpack_shortlink":"https:\/\/wp.me\/p95j2Z-nf","jetpack-related-posts":[{"id":5008,"url":"https:\/\/www.sabra.org.br\/site\/soprano\/","url_meta":{"origin":1441,"position":0},"title":"Caracter\u00edsticas da voz soprano","author":"M\u00e1rcio Miranda Pontes","date":"25 de abril de 2022","format":false,"excerpt":"Soprano \u00e9 a classifica\u00e7\u00e3o vocal feminina mais aguda. Apesar de n\u00e3o ser t\u00e3o comum na m\u00fasica popular, ela \u00e9 destaque no teatro e na \u00f3pera. Leia o texto para conhecer melhor essa voz.","rel":"","context":"Em &quot;Blog SABRA&quot;","block_context":{"text":"Blog SABRA","link":"https:\/\/www.sabra.org.br\/site\/category\/blog-sabra\/"},"img":{"alt_text":"soprano-voz-classifica\u00e7\u00f5es-aguda","src":"https:\/\/i0.wp.com\/www.sabra.org.br\/site\/wp-content\/uploads\/2022\/04\/x-caracteristicas-da-voz-da-soprano-20211111161807.jpg.jpg?resize=350%2C200&ssl=1","width":350,"height":200,"srcset":"https:\/\/i0.wp.com\/www.sabra.org.br\/site\/wp-content\/uploads\/2022\/04\/x-caracteristicas-da-voz-da-soprano-20211111161807.jpg.jpg?resize=350%2C200&ssl=1 1x, https:\/\/i0.wp.com\/www.sabra.org.br\/site\/wp-content\/uploads\/2022\/04\/x-caracteristicas-da-voz-da-soprano-20211111161807.jpg.jpg?resize=525%2C300&ssl=1 1.5x, https:\/\/i0.wp.com\/www.sabra.org.br\/site\/wp-content\/uploads\/2022\/04\/x-caracteristicas-da-voz-da-soprano-20211111161807.jpg.jpg?resize=700%2C400&ssl=1 2x"},"classes":[]},{"id":5560,"url":"https:\/\/www.sabra.org.br\/site\/voz-baixo\/","url_meta":{"origin":1441,"position":1},"title":"Caracter\u00edsticas da voz baixo","author":"M\u00e1rcio Miranda Pontes","date":"11 de agosto de 2022","format":false,"excerpt":"A voz baixo possui duas divis\u00f5es distintas: o baixo profundo e a baixo superprofundo. A primeira \u00e9 classificada como uma voz mais forte e potente. A segunda \u00e9 o tipo mais grave que a voz humana pode atingir. Veja mais sobre isso no artigo!","rel":"","context":"Em &quot;Blog SABRA&quot;","block_context":{"text":"Blog SABRA","link":"https:\/\/www.sabra.org.br\/site\/category\/blog-sabra\/"},"img":{"alt_text":"voz-classificacoes-extensao-tipo-baixo","src":"https:\/\/i0.wp.com\/www.sabra.org.br\/site\/wp-content\/uploads\/2022\/08\/caracteristicas-da-voz-baixo-20220610133935.jpg.jpg?resize=350%2C200&ssl=1","width":350,"height":200,"srcset":"https:\/\/i0.wp.com\/www.sabra.org.br\/site\/wp-content\/uploads\/2022\/08\/caracteristicas-da-voz-baixo-20220610133935.jpg.jpg?resize=350%2C200&ssl=1 1x, https:\/\/i0.wp.com\/www.sabra.org.br\/site\/wp-content\/uploads\/2022\/08\/caracteristicas-da-voz-baixo-20220610133935.jpg.jpg?resize=525%2C300&ssl=1 1.5x, https:\/\/i0.wp.com\/www.sabra.org.br\/site\/wp-content\/uploads\/2022\/08\/caracteristicas-da-voz-baixo-20220610133935.jpg.jpg?resize=700%2C400&ssl=1 2x"},"classes":[]},{"id":3191,"url":"https:\/\/www.sabra.org.br\/site\/vozes-raras\/","url_meta":{"origin":1441,"position":2},"title":"Vozes raras","author":"M\u00e1rcio Miranda Pontes","date":"22 de outubro de 2020","format":false,"excerpt":"J\u00e1 parou para pensar nas vozes mais raras que existem? Saiba que dentro da classifica\u00e7\u00e3o de vozes temos algumas mais dif\u00edceis de encontrar. Leia o artigo e saiba quais s\u00e3o elas!","rel":"","context":"Em &quot;Blog SABRA&quot;","block_context":{"text":"Blog SABRA","link":"https:\/\/www.sabra.org.br\/site\/category\/blog-sabra\/"},"img":{"alt_text":"vozes-raras","src":"https:\/\/i0.wp.com\/www.sabra.org.br\/site\/wp-content\/uploads\/2020\/10\/voce-sabe-quais-os-tipos-de-vozes-mais-raras-que-existem-20201001161911.jpg.jpg?resize=350%2C200&ssl=1","width":350,"height":200,"srcset":"https:\/\/i0.wp.com\/www.sabra.org.br\/site\/wp-content\/uploads\/2020\/10\/voce-sabe-quais-os-tipos-de-vozes-mais-raras-que-existem-20201001161911.jpg.jpg?resize=350%2C200&ssl=1 1x, https:\/\/i0.wp.com\/www.sabra.org.br\/site\/wp-content\/uploads\/2020\/10\/voce-sabe-quais-os-tipos-de-vozes-mais-raras-que-existem-20201001161911.jpg.jpg?resize=525%2C300&ssl=1 1.5x, https:\/\/i0.wp.com\/www.sabra.org.br\/site\/wp-content\/uploads\/2020\/10\/voce-sabe-quais-os-tipos-de-vozes-mais-raras-que-existem-20201001161911.jpg.jpg?resize=700%2C400&ssl=1 2x"},"classes":[]},{"id":4795,"url":"https:\/\/www.sabra.org.br\/site\/voz-tenor\/","url_meta":{"origin":1441,"position":3},"title":"Caracter\u00edsticas da voz do tenor","author":"M\u00e1rcio Miranda Pontes","date":"4 de mar\u00e7o de 2022","format":false,"excerpt":"Alcance mais agudo entre os vocais masculinos, o tenor apresenta caracter\u00edsticas particulares, que o distinguem do bar\u00edtono e do baixo, outras classifica\u00e7\u00f5es de vozes masculinas. Conhe\u00e7a um pouco mais sobre a voz do tenor.","rel":"","context":"Em &quot;Blog SABRA&quot;","block_context":{"text":"Blog SABRA","link":"https:\/\/www.sabra.org.br\/site\/category\/blog-sabra\/"},"img":{"alt_text":"tenor-voz-aguda-masculina-masculino-agudo","src":"https:\/\/i0.wp.com\/www.sabra.org.br\/site\/wp-content\/uploads\/2022\/03\/caracteristicas-da-voz-do-tenor-20220208141739.jpg.jpg?resize=350%2C200&ssl=1","width":350,"height":200,"srcset":"https:\/\/i0.wp.com\/www.sabra.org.br\/site\/wp-content\/uploads\/2022\/03\/caracteristicas-da-voz-do-tenor-20220208141739.jpg.jpg?resize=350%2C200&ssl=1 1x, https:\/\/i0.wp.com\/www.sabra.org.br\/site\/wp-content\/uploads\/2022\/03\/caracteristicas-da-voz-do-tenor-20220208141739.jpg.jpg?resize=525%2C300&ssl=1 1.5x, https:\/\/i0.wp.com\/www.sabra.org.br\/site\/wp-content\/uploads\/2022\/03\/caracteristicas-da-voz-do-tenor-20220208141739.jpg.jpg?resize=700%2C400&ssl=1 2x, https:\/\/i0.wp.com\/www.sabra.org.br\/site\/wp-content\/uploads\/2022\/03\/caracteristicas-da-voz-do-tenor-20220208141739.jpg.jpg?resize=1050%2C600&ssl=1 3x"},"classes":[]},{"id":13462,"url":"https:\/\/www.sabra.org.br\/site\/voz-canto\/","url_meta":{"origin":1441,"position":4},"title":"Voz: descubra qual o seu tipo e como trabalhar da forma correta","author":"M\u00e1rcio Miranda Pontes","date":"19 de maio de 2025","format":false,"excerpt":"Entenda a import\u00e2ncia do timbre e da tessitura para identificar seu tipo de voz e aperfei\u00e7oar sua t\u00e9cnica vocal.","rel":"","context":"Em &quot;Blog SABRA&quot;","block_context":{"text":"Blog SABRA","link":"https:\/\/www.sabra.org.br\/site\/category\/blog-sabra\/"},"img":{"alt_text":"","src":"","width":0,"height":0},"classes":[]},{"id":13100,"url":"https:\/\/www.sabra.org.br\/site\/soprano-tenor-e-contralto-definicoes-e-principais-diferencas\/","url_meta":{"origin":1441,"position":5},"title":"Soprano, tenor e contralto: defini\u00e7\u00f5es e principais diferen\u00e7as","author":"","date":"22 de agosto de 2025","format":false,"excerpt":"A m\u00fasica vocal \u00e9 uma arte rica e diversificada, e a classifica\u00e7\u00e3o das vozes desempenha um papel crucial na defini\u00e7\u00e3o das fun\u00e7\u00f5es e do car\u00e1ter de cada interpreta\u00e7\u00e3o. Dentre as classifica\u00e7\u00f5es vocais, tr\u00eas se destacam pela sua import\u00e2ncia e distin\u00e7\u00e3o: soprano, tenor e contralto. Cada uma dessas categorias possui caracter\u00edsticas\u2026","rel":"","context":"Em &quot;Blog SABRA&quot;","block_context":{"text":"Blog SABRA","link":"https:\/\/www.sabra.org.br\/site\/category\/blog-sabra\/"},"img":{"alt_text":"","src":"","width":0,"height":0},"classes":[]}],"jetpack_likes_enabled":true,"jetpack_sharing_enabled":true,"_links":{"self":[{"href":"https:\/\/www.sabra.org.br\/site\/wp-json\/wp\/v2\/posts\/1441","targetHints":{"allow":["GET"]}}],"collection":[{"href":"https:\/\/www.sabra.org.br\/site\/wp-json\/wp\/v2\/posts"}],"about":[{"href":"https:\/\/www.sabra.org.br\/site\/wp-json\/wp\/v2\/types\/post"}],"author":[{"embeddable":true,"href":"https:\/\/www.sabra.org.br\/site\/wp-json\/wp\/v2\/users\/39"}],"replies":[{"embeddable":true,"href":"https:\/\/www.sabra.org.br\/site\/wp-json\/wp\/v2\/comments?post=1441"}],"version-history":[{"count":0,"href":"https:\/\/www.sabra.org.br\/site\/wp-json\/wp\/v2\/posts\/1441\/revisions"}],"wp:featuredmedia":[{"embeddable":true,"href":"https:\/\/www.sabra.org.br\/site\/wp-json\/wp\/v2\/media\/1443"}],"wp:attachment":[{"href":"https:\/\/www.sabra.org.br\/site\/wp-json\/wp\/v2\/media?parent=1441"}],"wp:term":[{"taxonomy":"category","embeddable":true,"href":"https:\/\/www.sabra.org.br\/site\/wp-json\/wp\/v2\/categories?post=1441"},{"taxonomy":"post_tag","embeddable":true,"href":"https:\/\/www.sabra.org.br\/site\/wp-json\/wp\/v2\/tags?post=1441"}],"curies":[{"name":"wp","href":"https:\/\/api.w.org\/{rel}","templated":true}]}}