{"id":1453,"date":"2018-08-29T08:33:24","date_gmt":"2018-08-29T11:33:24","guid":{"rendered":"http:\/\/www.sabra.org.br\/site\/?p=1453"},"modified":"2025-04-20T19:14:55","modified_gmt":"2025-04-20T22:14:55","slug":"diferentes-tipos-de-coral","status":"publish","type":"post","link":"https:\/\/www.sabra.org.br\/site\/diferentes-tipos-de-coral\/","title":{"rendered":"Tipos de Coral"},"content":{"rendered":"<h4>Voc\u00ea conhece os diferentes tipos de coral?<\/h4>\n<p>Que um <a href=\"https:\/\/www.sabra.org.br\/site\/o-primeiro-coral-no-brasil\/\" target=\"_blank\" rel=\"noopener\">coral<\/a> \u00e9 um grupo de pessoas que cantam em harmonia, n\u00f3s sabemos. No entanto, de que forma esses grupos s\u00e3o organizados ou categorizados? Existem diferentes tipos de coro ou apenas um? Quer saber a resposta? Continue a leitura.<\/p>\n<p>Existem diversos tipos de corais, entre eles est\u00e3o:<\/p>\n<h4>&#8211; Profissional:<\/h4>\n<p>Na maior parte dos casos, s\u00e3o corais oficiais, vinculados \u00e0 institui\u00e7\u00f5es p\u00fablicas ou \u00e0 Secretaria de Cultura do estado\/cidade. Costumam apresentar m\u00fasicas cl\u00e1ssicas e os m\u00fasicos s\u00e3o profissionais e remunerados.<\/p>\n<h4>&#8211; Coros oficiais:<\/h4>\n<p>Consiste em grupos amadores, nos quais apenas o regente e o m\u00fasico acompanhante s\u00e3o profissionais e, portanto, remunerados. Os participantes s\u00e3o volunt\u00e1rios, o que n\u00e3o impede que sejam m\u00fasicos (com forma\u00e7\u00e3o).<\/p>\n<h4>&#8211; Universit\u00e1rio:<\/h4>\n<p>Formados pelas pr\u00f3prias institui\u00e7\u00f5es de ensino, normalmente, n\u00e3o s\u00e3o vinculados ao departamento musical das universidades e, sim, \u00e0s reitorias, atuando como um coral comunit\u00e1rio. Todos os integrantes s\u00e3o da pr\u00f3pria institui\u00e7\u00e3o ou comunidade. Esses grupos s\u00e3o uma das modalidades mais antigas de coros.<\/p>\n<h4>&#8211; Igreja:<\/h4>\n<p>Sem d\u00favidas o mais antigo tipo de coro e respons\u00e1vel pelo desenvolvimento de boa parte dos corais. Comumente formado por m\u00fasicos religiosos, apresentam um repert\u00f3rio de alta qualidade com foco na m\u00fasica sacra. Giovanni Pierluigi da Palestrina e Johann Sebastian Bach compuseram para corais de igreja.<\/p>\n<h4>&#8211; Empresarial:<\/h4>\n<p>S\u00e3o grupos formados por funcion\u00e1rios e parceiros dos mais diversos segmentos empresariais. As empresas investem na qualidade de vida de seus funcion\u00e1rios e, em troca, obt\u00eam o retorno art\u00edstico. Nos EUA e Europa, essa pr\u00e1tica \u00e9 muito mais comum do que no Brasil e, inclusive, existem \u00f3timos coros. Os regentes desses grupos obt\u00eam \u00f3timas remunera\u00e7\u00f5es.<\/p>\n<h4>&#8211; Faixa et\u00e1ria:<\/h4>\n<p>S\u00e3o grupos categorizados pela idade e servem mais como uma atividade de intera\u00e7\u00e3o social do que um trabalho estritamente musical. Existem corais infantis, jovens, adultos e seniores. Esses grupos tiveram um aumento nas participa\u00e7\u00f5es em festivais e encontros, desde 1990.<\/p>\n<h4>&#8211; G\u00eanero:<\/h4>\n<p>Da mesma forma que acontece com a faixa et\u00e1ria, nesses grupos, os corais s\u00e3o organizados por g\u00eanero, masculino ou feminino. Esses coros costumam apresentar-se a tr\u00eas vozes (SMA e TBBx), com repert\u00f3rio cl\u00e1ssico e de qualidade.<\/p>\n<h4>&#8211; Meninos cantores:<\/h4>\n<p>Essa \u00e9 uma modalidade quase extinta dos corais, composto apenas por homens e meninos, em sua maioria, vinculados \u00e0 Igreja Cat\u00f3lica. Os meninos eram respons\u00e1veis pelo soprano e alto e os homens, o tenor e baixo. Muitas m\u00fasicas foram compostas para esse tipo de coro. O coro da Pontif\u00edcia Capela Musical Sistina \u00e9 um dos \u00faltimos coros existentes e fica no Vaticano.<\/p>\n<h4>&#8211; Etnia:<\/h4>\n<p>Grupos organizados pela quest\u00e3o \u00e9tnica. Costumam executar repert\u00f3rio folcl\u00f3rico e local, sempre com muita qualidade. Alguns desses grupos, como alguns existentes na \u00c1frica produzem seu pr\u00f3prio repert\u00f3rio e, inclusive, fazem turn\u00eas pelo mundo todo. Os regentes s\u00e3o remunerados e os integrantes s\u00e3o respons\u00e1veis pela manuten\u00e7\u00e3o do grupo.<\/p>\n<h4>&#8211; Independentes:<\/h4>\n<p>Como o pr\u00f3prio nome j\u00e1 sugere, esses corais independentes s\u00e3o mantidos pelos pr\u00f3prios grupos e apresentam um repert\u00f3rio variado, do cl\u00e1ssico ao moderno, de todos os estilos. Esses coros se mant\u00eam com a participa\u00e7\u00e3o de m\u00fasicos profissionais e n\u00e3o profissionais e s\u00e3o, comumente, classificados como organiza\u00e7\u00f5es n\u00e3o governamentais e sem fins lucrativos.<\/p>\n","protected":false},"excerpt":{"rendered":"<p>Voc\u00ea conhece os diferentes tipos de coral? Que um coral \u00e9 um grupo de pessoas que cantam em harmonia, n\u00f3s sabemos. No entanto, de que&hellip;<\/p>\n","protected":false},"author":39,"featured_media":0,"comment_status":"closed","ping_status":"closed","sticky":false,"template":"","format":"standard","meta":{"jetpack_post_was_ever_published":false,"_jetpack_newsletter_access":"","_jetpack_dont_email_post_to_subs":false,"_jetpack_newsletter_tier_id":0,"_jetpack_memberships_contains_paywalled_content":false,"_jetpack_memberships_contains_paid_content":false,"footnotes":""},"categories":[1],"tags":[15,8,16,12,11,9],"class_list":["post-1453","post","type-post","status-publish","format-standard","hentry","category-blog-sabra","tag-assistencia-social","tag-canto-coral","tag-musicalizacao-infantil","tag-oficina-musical-sabra","tag-orquestra-sinfonica-de-betim","tag-sociedade-artistica-brasileira"],"yoast_head":"<!-- This site is optimized with the Yoast SEO plugin v27.5 - https:\/\/yoast.com\/product\/yoast-seo-wordpress\/ -->\n<title>Tipos de Coral - SABRA - Sociedade Art\u00edstica Brasileira<\/title>\n<meta name=\"description\" content=\"O canto coral vai muito al\u00e9m da m\u00fasica. Tem um pouco de sociologia, antropologia, terapia e v\u00e1rias outras ci\u00eancias envolvidas em seu conceito.\" \/>\n<meta name=\"robots\" content=\"index, follow, max-snippet:-1, max-image-preview:large, max-video-preview:-1\" \/>\n<link rel=\"canonical\" href=\"https:\/\/www.sabra.org.br\/site\/diferentes-tipos-de-coral\/\" \/>\n<meta property=\"og:locale\" content=\"pt_BR\" \/>\n<meta property=\"og:type\" content=\"article\" \/>\n<meta property=\"og:title\" content=\"Tipos de Coral - SABRA - Sociedade Art\u00edstica Brasileira\" \/>\n<meta property=\"og:description\" content=\"O canto coral vai muito al\u00e9m da m\u00fasica. Tem um pouco de sociologia, antropologia, terapia e v\u00e1rias outras ci\u00eancias envolvidas em seu conceito.\" \/>\n<meta property=\"og:url\" content=\"https:\/\/www.sabra.org.br\/site\/diferentes-tipos-de-coral\/\" \/>\n<meta property=\"og:site_name\" content=\"SABRA - Sociedade Art\u00edstica Brasileira\" \/>\n<meta property=\"article:publisher\" content=\"https:\/\/www.facebook.com\/sabrabrasil\" \/>\n<meta property=\"article:published_time\" content=\"2018-08-29T11:33:24+00:00\" \/>\n<meta property=\"article:modified_time\" content=\"2025-04-20T22:14:55+00:00\" \/>\n<meta property=\"og:image\" content=\"https:\/\/www.sabra.org.br\/site\/wp-content\/uploads\/2021\/12\/AvatarSabra1.jpg\" \/>\n\t<meta property=\"og:image:width\" content=\"200\" \/>\n\t<meta property=\"og:image:height\" content=\"200\" \/>\n\t<meta property=\"og:image:type\" content=\"image\/jpeg\" \/>\n<meta name=\"author\" content=\"M\u00e1rcio Miranda Pontes\" \/>\n<meta name=\"twitter:card\" content=\"summary_large_image\" \/>\n<meta name=\"twitter:creator\" content=\"@ContatoSabra\" \/>\n<meta name=\"twitter:site\" content=\"@ContatoSabra\" \/>\n<meta name=\"twitter:label1\" content=\"Escrito por\" \/>\n\t<meta name=\"twitter:data1\" content=\"M\u00e1rcio Miranda Pontes\" \/>\n\t<meta name=\"twitter:label2\" content=\"Est. tempo de leitura\" \/>\n\t<meta name=\"twitter:data2\" content=\"3 minutos\" \/>\n<script type=\"application\/ld+json\" class=\"yoast-schema-graph\">{\"@context\":\"https:\\\/\\\/schema.org\",\"@graph\":[{\"@type\":\"Article\",\"@id\":\"https:\\\/\\\/www.sabra.org.br\\\/site\\\/diferentes-tipos-de-coral\\\/#article\",\"isPartOf\":{\"@id\":\"https:\\\/\\\/www.sabra.org.br\\\/site\\\/diferentes-tipos-de-coral\\\/\"},\"author\":{\"name\":\"M\u00e1rcio Miranda Pontes\",\"@id\":\"https:\\\/\\\/www.sabra.org.br\\\/site\\\/#\\\/schema\\\/person\\\/7d1d222c3c8891d4c37c7b41bf6315c2\"},\"headline\":\"Tipos de Coral\",\"datePublished\":\"2018-08-29T11:33:24+00:00\",\"dateModified\":\"2025-04-20T22:14:55+00:00\",\"mainEntityOfPage\":{\"@id\":\"https:\\\/\\\/www.sabra.org.br\\\/site\\\/diferentes-tipos-de-coral\\\/\"},\"wordCount\":593,\"publisher\":{\"@id\":\"https:\\\/\\\/www.sabra.org.br\\\/site\\\/#organization\"},\"keywords\":[\"Assist\u00eancia social\",\"Canto Coral\",\"Musicaliza\u00e7\u00e3o Infantil\",\"Oficina Musical SABRA\",\"Orquestra Sinf\u00f4nica de Betim\",\"Sociedade Art\u00edstica Brasileira\"],\"articleSection\":[\"Blog SABRA\"],\"inLanguage\":\"pt-BR\"},{\"@type\":\"WebPage\",\"@id\":\"https:\\\/\\\/www.sabra.org.br\\\/site\\\/diferentes-tipos-de-coral\\\/\",\"url\":\"https:\\\/\\\/www.sabra.org.br\\\/site\\\/diferentes-tipos-de-coral\\\/\",\"name\":\"Tipos de Coral - SABRA - Sociedade Art\u00edstica Brasileira\",\"isPartOf\":{\"@id\":\"https:\\\/\\\/www.sabra.org.br\\\/site\\\/#website\"},\"datePublished\":\"2018-08-29T11:33:24+00:00\",\"dateModified\":\"2025-04-20T22:14:55+00:00\",\"description\":\"O canto coral vai muito al\u00e9m da m\u00fasica. Tem um pouco de sociologia, antropologia, terapia e v\u00e1rias outras ci\u00eancias envolvidas em seu conceito.\",\"breadcrumb\":{\"@id\":\"https:\\\/\\\/www.sabra.org.br\\\/site\\\/diferentes-tipos-de-coral\\\/#breadcrumb\"},\"inLanguage\":\"pt-BR\",\"potentialAction\":[{\"@type\":\"ReadAction\",\"target\":[\"https:\\\/\\\/www.sabra.org.br\\\/site\\\/diferentes-tipos-de-coral\\\/\"]}]},{\"@type\":\"BreadcrumbList\",\"@id\":\"https:\\\/\\\/www.sabra.org.br\\\/site\\\/diferentes-tipos-de-coral\\\/#breadcrumb\",\"itemListElement\":[{\"@type\":\"ListItem\",\"position\":1,\"name\":\"In\u00edcio\",\"item\":\"https:\\\/\\\/www.sabra.org.br\\\/site\\\/\"},{\"@type\":\"ListItem\",\"position\":2,\"name\":\"Tipos de Coral\"}]},{\"@type\":\"WebSite\",\"@id\":\"https:\\\/\\\/www.sabra.org.br\\\/site\\\/#website\",\"url\":\"https:\\\/\\\/www.sabra.org.br\\\/site\\\/\",\"name\":\"SABRA - Sociedade Art\u00edstica Brasileira\",\"description\":\"Escola de M\u00fasica, Orquestra Sinf\u00f4nica, Coral e Patrim\u00f4nio Cultural e Hist\u00f3rico\",\"publisher\":{\"@id\":\"https:\\\/\\\/www.sabra.org.br\\\/site\\\/#organization\"},\"potentialAction\":[{\"@type\":\"SearchAction\",\"target\":{\"@type\":\"EntryPoint\",\"urlTemplate\":\"https:\\\/\\\/www.sabra.org.br\\\/site\\\/?s={search_term_string}\"},\"query-input\":{\"@type\":\"PropertyValueSpecification\",\"valueRequired\":true,\"valueName\":\"search_term_string\"}}],\"inLanguage\":\"pt-BR\"},{\"@type\":\"Organization\",\"@id\":\"https:\\\/\\\/www.sabra.org.br\\\/site\\\/#organization\",\"name\":\"SOCIEDADE ART\u00cdSTICA BRASILEIRA SABRA\",\"alternateName\":\"SABRA\",\"url\":\"https:\\\/\\\/www.sabra.org.br\\\/site\\\/\",\"logo\":{\"@type\":\"ImageObject\",\"inLanguage\":\"pt-BR\",\"@id\":\"https:\\\/\\\/www.sabra.org.br\\\/site\\\/#\\\/schema\\\/logo\\\/image\\\/\",\"url\":\"https:\\\/\\\/www.sabra.org.br\\\/site\\\/wp-content\\\/uploads\\\/2019\\\/06\\\/cropped-Logo_SABRA-Copia-1.webp\",\"contentUrl\":\"https:\\\/\\\/www.sabra.org.br\\\/site\\\/wp-content\\\/uploads\\\/2019\\\/06\\\/cropped-Logo_SABRA-Copia-1.webp\",\"width\":400,\"height\":128,\"caption\":\"SOCIEDADE ART\u00cdSTICA BRASILEIRA SABRA\"},\"image\":{\"@id\":\"https:\\\/\\\/www.sabra.org.br\\\/site\\\/#\\\/schema\\\/logo\\\/image\\\/\"},\"sameAs\":[\"https:\\\/\\\/www.facebook.com\\\/sabrabrasil\",\"https:\\\/\\\/x.com\\\/ContatoSabra\",\"https:\\\/\\\/www.instagram.com\\\/sabrabrasil\\\/\",\"https:\\\/\\\/www.linkedin.com\\\/company\\\/25002088\\\/\",\"https:\\\/\\\/br.pinterest.com\\\/sociedadeartisticabrasileira\\\/\",\"https:\\\/\\\/www.youtube.com\\\/c\\\/sabrabrasil\"]},{\"@type\":\"Person\",\"@id\":\"https:\\\/\\\/www.sabra.org.br\\\/site\\\/#\\\/schema\\\/person\\\/7d1d222c3c8891d4c37c7b41bf6315c2\",\"name\":\"M\u00e1rcio Miranda Pontes\",\"image\":{\"@type\":\"ImageObject\",\"inLanguage\":\"pt-BR\",\"@id\":\"https:\\\/\\\/secure.gravatar.com\\\/avatar\\\/3b45f24496a7625a3a6c436688fbe20344faaeb2979658dc4a9921f984d7df9a?s=96&d=mm&r=g\",\"url\":\"https:\\\/\\\/secure.gravatar.com\\\/avatar\\\/3b45f24496a7625a3a6c436688fbe20344faaeb2979658dc4a9921f984d7df9a?s=96&d=mm&r=g\",\"contentUrl\":\"https:\\\/\\\/secure.gravatar.com\\\/avatar\\\/3b45f24496a7625a3a6c436688fbe20344faaeb2979658dc4a9921f984d7df9a?s=96&d=mm&r=g\",\"caption\":\"M\u00e1rcio Miranda Pontes\"},\"sameAs\":[\"http:\\\/\\\/www.sabra.org.br\"],\"url\":\"https:\\\/\\\/www.sabra.org.br\\\/site\\\/author\\\/marcio-miranda-pontes\\\/\"}]}<\/script>\n<!-- \/ Yoast SEO plugin. -->","yoast_head_json":{"title":"Tipos de Coral - SABRA - Sociedade Art\u00edstica Brasileira","description":"O canto coral vai muito al\u00e9m da m\u00fasica. Tem um pouco de sociologia, antropologia, terapia e v\u00e1rias outras ci\u00eancias envolvidas em seu conceito.","robots":{"index":"index","follow":"follow","max-snippet":"max-snippet:-1","max-image-preview":"max-image-preview:large","max-video-preview":"max-video-preview:-1"},"canonical":"https:\/\/www.sabra.org.br\/site\/diferentes-tipos-de-coral\/","og_locale":"pt_BR","og_type":"article","og_title":"Tipos de Coral - SABRA - Sociedade Art\u00edstica Brasileira","og_description":"O canto coral vai muito al\u00e9m da m\u00fasica. Tem um pouco de sociologia, antropologia, terapia e v\u00e1rias outras ci\u00eancias envolvidas em seu conceito.","og_url":"https:\/\/www.sabra.org.br\/site\/diferentes-tipos-de-coral\/","og_site_name":"SABRA - Sociedade Art\u00edstica Brasileira","article_publisher":"https:\/\/www.facebook.com\/sabrabrasil","article_published_time":"2018-08-29T11:33:24+00:00","article_modified_time":"2025-04-20T22:14:55+00:00","og_image":[{"width":200,"height":200,"url":"https:\/\/www.sabra.org.br\/site\/wp-content\/uploads\/2021\/12\/AvatarSabra1.jpg","type":"image\/jpeg"}],"author":"M\u00e1rcio Miranda Pontes","twitter_card":"summary_large_image","twitter_creator":"@ContatoSabra","twitter_site":"@ContatoSabra","twitter_misc":{"Escrito por":"M\u00e1rcio Miranda Pontes","Est. tempo de leitura":"3 minutos"},"schema":{"@context":"https:\/\/schema.org","@graph":[{"@type":"Article","@id":"https:\/\/www.sabra.org.br\/site\/diferentes-tipos-de-coral\/#article","isPartOf":{"@id":"https:\/\/www.sabra.org.br\/site\/diferentes-tipos-de-coral\/"},"author":{"name":"M\u00e1rcio Miranda Pontes","@id":"https:\/\/www.sabra.org.br\/site\/#\/schema\/person\/7d1d222c3c8891d4c37c7b41bf6315c2"},"headline":"Tipos de Coral","datePublished":"2018-08-29T11:33:24+00:00","dateModified":"2025-04-20T22:14:55+00:00","mainEntityOfPage":{"@id":"https:\/\/www.sabra.org.br\/site\/diferentes-tipos-de-coral\/"},"wordCount":593,"publisher":{"@id":"https:\/\/www.sabra.org.br\/site\/#organization"},"keywords":["Assist\u00eancia social","Canto Coral","Musicaliza\u00e7\u00e3o Infantil","Oficina Musical SABRA","Orquestra Sinf\u00f4nica de Betim","Sociedade Art\u00edstica Brasileira"],"articleSection":["Blog SABRA"],"inLanguage":"pt-BR"},{"@type":"WebPage","@id":"https:\/\/www.sabra.org.br\/site\/diferentes-tipos-de-coral\/","url":"https:\/\/www.sabra.org.br\/site\/diferentes-tipos-de-coral\/","name":"Tipos de Coral - SABRA - Sociedade Art\u00edstica Brasileira","isPartOf":{"@id":"https:\/\/www.sabra.org.br\/site\/#website"},"datePublished":"2018-08-29T11:33:24+00:00","dateModified":"2025-04-20T22:14:55+00:00","description":"O canto coral vai muito al\u00e9m da m\u00fasica. Tem um pouco de sociologia, antropologia, terapia e v\u00e1rias outras ci\u00eancias envolvidas em seu conceito.","breadcrumb":{"@id":"https:\/\/www.sabra.org.br\/site\/diferentes-tipos-de-coral\/#breadcrumb"},"inLanguage":"pt-BR","potentialAction":[{"@type":"ReadAction","target":["https:\/\/www.sabra.org.br\/site\/diferentes-tipos-de-coral\/"]}]},{"@type":"BreadcrumbList","@id":"https:\/\/www.sabra.org.br\/site\/diferentes-tipos-de-coral\/#breadcrumb","itemListElement":[{"@type":"ListItem","position":1,"name":"In\u00edcio","item":"https:\/\/www.sabra.org.br\/site\/"},{"@type":"ListItem","position":2,"name":"Tipos de Coral"}]},{"@type":"WebSite","@id":"https:\/\/www.sabra.org.br\/site\/#website","url":"https:\/\/www.sabra.org.br\/site\/","name":"SABRA - Sociedade Art\u00edstica Brasileira","description":"Escola de M\u00fasica, Orquestra Sinf\u00f4nica, Coral e Patrim\u00f4nio Cultural e Hist\u00f3rico","publisher":{"@id":"https:\/\/www.sabra.org.br\/site\/#organization"},"potentialAction":[{"@type":"SearchAction","target":{"@type":"EntryPoint","urlTemplate":"https:\/\/www.sabra.org.br\/site\/?s={search_term_string}"},"query-input":{"@type":"PropertyValueSpecification","valueRequired":true,"valueName":"search_term_string"}}],"inLanguage":"pt-BR"},{"@type":"Organization","@id":"https:\/\/www.sabra.org.br\/site\/#organization","name":"SOCIEDADE ART\u00cdSTICA BRASILEIRA SABRA","alternateName":"SABRA","url":"https:\/\/www.sabra.org.br\/site\/","logo":{"@type":"ImageObject","inLanguage":"pt-BR","@id":"https:\/\/www.sabra.org.br\/site\/#\/schema\/logo\/image\/","url":"https:\/\/www.sabra.org.br\/site\/wp-content\/uploads\/2019\/06\/cropped-Logo_SABRA-Copia-1.webp","contentUrl":"https:\/\/www.sabra.org.br\/site\/wp-content\/uploads\/2019\/06\/cropped-Logo_SABRA-Copia-1.webp","width":400,"height":128,"caption":"SOCIEDADE ART\u00cdSTICA BRASILEIRA SABRA"},"image":{"@id":"https:\/\/www.sabra.org.br\/site\/#\/schema\/logo\/image\/"},"sameAs":["https:\/\/www.facebook.com\/sabrabrasil","https:\/\/x.com\/ContatoSabra","https:\/\/www.instagram.com\/sabrabrasil\/","https:\/\/www.linkedin.com\/company\/25002088\/","https:\/\/br.pinterest.com\/sociedadeartisticabrasileira\/","https:\/\/www.youtube.com\/c\/sabrabrasil"]},{"@type":"Person","@id":"https:\/\/www.sabra.org.br\/site\/#\/schema\/person\/7d1d222c3c8891d4c37c7b41bf6315c2","name":"M\u00e1rcio Miranda Pontes","image":{"@type":"ImageObject","inLanguage":"pt-BR","@id":"https:\/\/secure.gravatar.com\/avatar\/3b45f24496a7625a3a6c436688fbe20344faaeb2979658dc4a9921f984d7df9a?s=96&d=mm&r=g","url":"https:\/\/secure.gravatar.com\/avatar\/3b45f24496a7625a3a6c436688fbe20344faaeb2979658dc4a9921f984d7df9a?s=96&d=mm&r=g","contentUrl":"https:\/\/secure.gravatar.com\/avatar\/3b45f24496a7625a3a6c436688fbe20344faaeb2979658dc4a9921f984d7df9a?s=96&d=mm&r=g","caption":"M\u00e1rcio Miranda Pontes"},"sameAs":["http:\/\/www.sabra.org.br"],"url":"https:\/\/www.sabra.org.br\/site\/author\/marcio-miranda-pontes\/"}]}},"jetpack_featured_media_url":"","jetpack_shortlink":"https:\/\/wp.me\/p95j2Z-nr","jetpack-related-posts":[{"id":13474,"url":"https:\/\/www.sabra.org.br\/site\/tipos-de-coral\/","url_meta":{"origin":1453,"position":0},"title":"Quais s\u00e3o os tipos de coral e como saber qual eu mais encaixo?","author":"M\u00e1rcio Miranda Pontes","date":"16 de maio de 2025","format":false,"excerpt":"Descubra o que \u00e9 um coral e como essa pr\u00e1tica pode beneficiar a sa\u00fade mental e emocional dos participantes.","rel":"","context":"Em &quot;Blog SABRA&quot;","block_context":{"text":"Blog SABRA","link":"https:\/\/www.sabra.org.br\/site\/category\/blog-sabra\/"},"img":{"alt_text":"","src":"","width":0,"height":0},"classes":[]},{"id":13432,"url":"https:\/\/www.sabra.org.br\/site\/beneficios-colaboradores\/","url_meta":{"origin":1453,"position":1},"title":"Saiba os benef\u00edcios do Canto Coral para sua empresa e colaboradores","author":"M\u00e1rcio Miranda Pontes","date":"8 de junho de 2025","format":false,"excerpt":"Explore os benef\u00edcios do canto coral: uma maneira de enriquecer a cultura da empresa e promover o desenvolvimento pessoal dos colaboradores.","rel":"","context":"Em &quot;Blog SABRA&quot;","block_context":{"text":"Blog SABRA","link":"https:\/\/www.sabra.org.br\/site\/category\/blog-sabra\/"},"img":{"alt_text":"","src":"","width":0,"height":0},"classes":[]},{"id":3889,"url":"https:\/\/www.sabra.org.br\/site\/tipos-orquestras\/","url_meta":{"origin":1453,"position":2},"title":"Saiba quais s\u00e3o os tipos de orquestra que existem","author":"M\u00e1rcio Miranda Pontes","date":"14 de maio de 2021","format":false,"excerpt":"Saiba quais s\u00e3o os tipos de orquestra que existem As orquestras s\u00e3o manifesta\u00e7\u00f5es culturais que causam emo\u00e7\u00f5es fortes, possui uma longa hist\u00f3ria por todas as sociedades que j\u00e1 passou, mas voc\u00ea sabe os tipos de orquestras que existem? Confira aqui.","rel":"","context":"Em &quot;Blog SABRA&quot;","block_context":{"text":"Blog SABRA","link":"https:\/\/www.sabra.org.br\/site\/category\/blog-sabra\/"},"img":{"alt_text":"orquestra-m\u00fasica-tipo","src":"https:\/\/i0.wp.com\/www.sabra.org.br\/site\/wp-content\/uploads\/2021\/05\/saiba-quais-sao-os-tipos-de-orquestra-existem-20210203092956.jpg.jpg?resize=350%2C200&ssl=1","width":350,"height":200,"srcset":"https:\/\/i0.wp.com\/www.sabra.org.br\/site\/wp-content\/uploads\/2021\/05\/saiba-quais-sao-os-tipos-de-orquestra-existem-20210203092956.jpg.jpg?resize=350%2C200&ssl=1 1x, https:\/\/i0.wp.com\/www.sabra.org.br\/site\/wp-content\/uploads\/2021\/05\/saiba-quais-sao-os-tipos-de-orquestra-existem-20210203092956.jpg.jpg?resize=525%2C300&ssl=1 1.5x, https:\/\/i0.wp.com\/www.sabra.org.br\/site\/wp-content\/uploads\/2021\/05\/saiba-quais-sao-os-tipos-de-orquestra-existem-20210203092956.jpg.jpg?resize=700%2C400&ssl=1 2x"},"classes":[]},{"id":5821,"url":"https:\/\/www.sabra.org.br\/site\/historia-coral\/","url_meta":{"origin":1453,"position":3},"title":"Hist\u00f3ria do Canto Coral","author":"M\u00e1rcio Miranda Pontes","date":"8 de setembro de 2022","format":false,"excerpt":"O canto coral \u00e9 maravilhoso e surgiu s\u00e9culos atr\u00e1s, passando por transforma\u00e7\u00f5es muito interessantes. Ao mesmo tempo, consegue conservar a tradi\u00e7\u00e3o e riqueza da m\u00fasica. Leia e saiba mais sobre sua origem:","rel":"","context":"Em &quot;Blog SABRA&quot;","block_context":{"text":"Blog SABRA","link":"https:\/\/www.sabra.org.br\/site\/category\/blog-sabra\/"},"img":{"alt_text":"cantar-coro-coral-sociais","src":"https:\/\/i0.wp.com\/www.sabra.org.br\/site\/wp-content\/uploads\/2022\/09\/historia-do-canto-coral-20220623120203.jpg.jpg?resize=350%2C200&ssl=1","width":350,"height":200,"srcset":"https:\/\/i0.wp.com\/www.sabra.org.br\/site\/wp-content\/uploads\/2022\/09\/historia-do-canto-coral-20220623120203.jpg.jpg?resize=350%2C200&ssl=1 1x, https:\/\/i0.wp.com\/www.sabra.org.br\/site\/wp-content\/uploads\/2022\/09\/historia-do-canto-coral-20220623120203.jpg.jpg?resize=525%2C300&ssl=1 1.5x, https:\/\/i0.wp.com\/www.sabra.org.br\/site\/wp-content\/uploads\/2022\/09\/historia-do-canto-coral-20220623120203.jpg.jpg?resize=700%2C400&ssl=1 2x"},"classes":[]},{"id":3848,"url":"https:\/\/www.sabra.org.br\/site\/orquestra-2\/","url_meta":{"origin":1453,"position":4},"title":"Voc\u00ea sabe a diferen\u00e7a entre orquestra sinf\u00f4nica e filarm\u00f4nica?","author":"M\u00e1rcio Miranda Pontes","date":"29 de abril de 2021","format":false,"excerpt":"Voc\u00ea sabe a diferen\u00e7a entre orquestra sinf\u00f4nica e filarm\u00f4nica? Algum tempo atr\u00e1s, as caracter\u00edsticas que distinguiam esses dois grupos instrumentais eram relacionadas \u00e0s condi\u00e7\u00f5es dos m\u00fasicos. Hoje em dia, esse conceito mudou e a diferen\u00e7a principal entre orquestra sinf\u00f4nica e filarm\u00f4nica se baseia no modelo de financiamento em que cada\u2026","rel":"","context":"Em &quot;Blog SABRA&quot;","block_context":{"text":"Blog SABRA","link":"https:\/\/www.sabra.org.br\/site\/category\/blog-sabra\/"},"img":{"alt_text":"orquestra sinf\u00f4nica filarm\u00f4nica","src":"https:\/\/i0.wp.com\/www.sabra.org.br\/site\/wp-content\/uploads\/2021\/04\/voce-sabe-a-diferenca-entre-orquestra-sinfonica-e-filarmonica-20210203092956.jpg.jpg?resize=350%2C200&ssl=1","width":350,"height":200,"srcset":"https:\/\/i0.wp.com\/www.sabra.org.br\/site\/wp-content\/uploads\/2021\/04\/voce-sabe-a-diferenca-entre-orquestra-sinfonica-e-filarmonica-20210203092956.jpg.jpg?resize=350%2C200&ssl=1 1x, https:\/\/i0.wp.com\/www.sabra.org.br\/site\/wp-content\/uploads\/2021\/04\/voce-sabe-a-diferenca-entre-orquestra-sinfonica-e-filarmonica-20210203092956.jpg.jpg?resize=525%2C300&ssl=1 1.5x, https:\/\/i0.wp.com\/www.sabra.org.br\/site\/wp-content\/uploads\/2021\/04\/voce-sabe-a-diferenca-entre-orquestra-sinfonica-e-filarmonica-20210203092956.jpg.jpg?resize=700%2C400&ssl=1 2x"},"classes":[]},{"id":3872,"url":"https:\/\/www.sabra.org.br\/site\/coral-dicas-para-quem-quer-participar\/","url_meta":{"origin":1453,"position":5},"title":"Coral &#8211; dicas para quem quer participar","author":"M\u00e1rcio Miranda Pontes","date":"11 de maio de 2021","format":false,"excerpt":"Coral - dicas para quem quer participar Um coral bem entrosado faz toda a diferen\u00e7a para o sucesso e a longevidade de todo o grupo. Se voc\u00ea quer fazer parte de um coral confira algumas dicas neste artigo.","rel":"","context":"Em &quot;Blog SABRA&quot;","block_context":{"text":"Blog SABRA","link":"https:\/\/www.sabra.org.br\/site\/category\/blog-sabra\/"},"img":{"alt_text":"coral estudo voz","src":"https:\/\/i0.wp.com\/www.sabra.org.br\/site\/wp-content\/uploads\/2021\/05\/x-dicas-para-quem-quer-fazer-parte-de-um-coral-20210203092956.jpg.jpg?resize=350%2C200&ssl=1","width":350,"height":200,"srcset":"https:\/\/i0.wp.com\/www.sabra.org.br\/site\/wp-content\/uploads\/2021\/05\/x-dicas-para-quem-quer-fazer-parte-de-um-coral-20210203092956.jpg.jpg?resize=350%2C200&ssl=1 1x, https:\/\/i0.wp.com\/www.sabra.org.br\/site\/wp-content\/uploads\/2021\/05\/x-dicas-para-quem-quer-fazer-parte-de-um-coral-20210203092956.jpg.jpg?resize=525%2C300&ssl=1 1.5x, https:\/\/i0.wp.com\/www.sabra.org.br\/site\/wp-content\/uploads\/2021\/05\/x-dicas-para-quem-quer-fazer-parte-de-um-coral-20210203092956.jpg.jpg?resize=700%2C400&ssl=1 2x"},"classes":[]}],"jetpack_likes_enabled":true,"jetpack_sharing_enabled":true,"_links":{"self":[{"href":"https:\/\/www.sabra.org.br\/site\/wp-json\/wp\/v2\/posts\/1453","targetHints":{"allow":["GET"]}}],"collection":[{"href":"https:\/\/www.sabra.org.br\/site\/wp-json\/wp\/v2\/posts"}],"about":[{"href":"https:\/\/www.sabra.org.br\/site\/wp-json\/wp\/v2\/types\/post"}],"author":[{"embeddable":true,"href":"https:\/\/www.sabra.org.br\/site\/wp-json\/wp\/v2\/users\/39"}],"replies":[{"embeddable":true,"href":"https:\/\/www.sabra.org.br\/site\/wp-json\/wp\/v2\/comments?post=1453"}],"version-history":[{"count":0,"href":"https:\/\/www.sabra.org.br\/site\/wp-json\/wp\/v2\/posts\/1453\/revisions"}],"wp:attachment":[{"href":"https:\/\/www.sabra.org.br\/site\/wp-json\/wp\/v2\/media?parent=1453"}],"wp:term":[{"taxonomy":"category","embeddable":true,"href":"https:\/\/www.sabra.org.br\/site\/wp-json\/wp\/v2\/categories?post=1453"},{"taxonomy":"post_tag","embeddable":true,"href":"https:\/\/www.sabra.org.br\/site\/wp-json\/wp\/v2\/tags?post=1453"}],"curies":[{"name":"wp","href":"https:\/\/api.w.org\/{rel}","templated":true}]}}