{"id":1476,"date":"2018-09-06T08:35:53","date_gmt":"2018-09-06T11:35:53","guid":{"rendered":"http:\/\/www.sabra.org.br\/site\/?p=1476"},"modified":"2025-04-20T19:14:58","modified_gmt":"2025-04-20T22:14:58","slug":"historia-educacao-musical-brasileira","status":"publish","type":"post","link":"https:\/\/www.sabra.org.br\/site\/historia-educacao-musical-brasileira\/","title":{"rendered":"A hist\u00f3ria da educa\u00e7\u00e3o musical brasileira"},"content":{"rendered":"<p>A hist\u00f3ria da <a href=\"https:\/\/www.sabra.org.br\/site\/6-dicas-para-ajudar-na-educacao-musical-de-seus-filhos\/\" target=\"_blank\" rel=\"noopener\">educa\u00e7\u00e3o musical<\/a> brasileira esbarra no pr\u00f3prio descobrimento do pa\u00eds. Pois, quando aportaram em nossas praias, os portugueses trouxeram consigo os jesu\u00edtas. Esses, por sua vez, utilizaram das pr\u00e1ticas musicais europeias a fim de converter os \u00edndios.<\/p>\n<p>Para tanto, as can\u00e7\u00f5es e hinos cat\u00f3licos eram traduzidos para o Tupi. Tamb\u00e9m era comum que fossem utilizados os Autos, mon\u00f3logos acompanhados por m\u00fasica. N\u00e3o podemos esquecer, no entanto, que com isso os catequizadores ignoravam a cultura j\u00e1 estabelecida entre os povos nativos.<\/p>\n<p>O nosso per\u00edodo colonial manteve a educa\u00e7\u00e3o musical atrelada \u00e0 igreja cat\u00f3lica. As exce\u00e7\u00f5es eram aulas particulares que tinham um objetivo mais profissionalizante. Terminado este per\u00edodo, o marco para o ensino da m\u00fasica no pa\u00eds foi o ano de 1854. Nesta \u00e9poca foi oficializada a presen\u00e7a da pr\u00e1tica nas escolas p\u00fablicas brasileiras. A lei promulgada ent\u00e3o determinava que fossem lecionadas no\u00e7\u00f5es musicais e exerc\u00edcios de canto.<\/p>\n<h4>D\u00e9cadas de 1910 a 1930: Villa-Lobos e o Canto Orfe\u00f4nico<\/h4>\n<p>No in\u00edcio do s\u00e9culo XX, dois educadores de S\u00e3o Paulo reorganizaram o ensino j\u00e1 estabelecido na rede p\u00fablica. Assim, Jo\u00e3o Gomes J\u00fanior e Carlos Alberto Gomes Cardim come\u00e7aram a promover o canto coral. Pr\u00e1tica essa que foi impulsionada por outros fatores pertinentes ao per\u00edodo, como a populariza\u00e7\u00e3o do Canto Orfe\u00f4nico. A finalidade dessa atividade, originada na Fran\u00e7a do s\u00e9culo XIX, era educar e disciplinar atrav\u00e9s do canto amador. Naqueles tempos diversos manuais did\u00e1ticos de Canto Orfe\u00f4nico foram publicados no Brasil.<\/p>\n<p>Na d\u00e9cada de 1930, retorna ao pa\u00eds uma das figuras mais importantes na hist\u00f3ria da educa\u00e7\u00e3o musical brasileira: <a href=\"https:\/\/pt.wikipedia.org\/wiki\/Heitor_Villa-Lobos\" target=\"_blank\" rel=\"noopener\">Heitor Villa-Lobos<\/a>. Dez anos antes, o maestro e compositor havia passado uma temporada na Fran\u00e7a. Foi onde vislumbrou o potencial da m\u00fasica como instrumento educador e entrou em contato com as propostas de Zolt\u00e1n Kod\u00e1ly. O educador h\u00fangaro propunha que al\u00e9m de utilizar o canto coral, devia-se priorizar material folcl\u00f3rico e popular da pr\u00f3pria terra.<\/p>\n<p>Dessa forma em 1932 o Canto Orfe\u00f4nico tornou-se disciplina oficializada nas escolas p\u00fablicas do Rio de Janeiro. E foi nesse mesmo ano que Villa-Lobos ficou \u00e0 frente da dire\u00e7\u00e3o da Superintend\u00eancia da Educa\u00e7\u00e3o Musical e Art\u00edstica (Sema). A institui\u00e7\u00e3o tinha por objetivo justamente formar professores de Canto Orfe\u00f4nico. Em fun\u00e7\u00e3o disso, o pa\u00eds presenciou um crescimento da pr\u00e1tica nas d\u00e9cadas de 30 e 40.<\/p>\n<h4>Do s\u00e9culo XX aos dias de hoje<\/h4>\n<p>Os m\u00e9todos ativos de educa\u00e7\u00e3o musical passaram a ser introduzidos em escolas especializadas a partir da d\u00e9cada de 40. Essa forma espec\u00edfica de ensino da m\u00fasica vicejou especialmente no Rio de Janeiro, em S\u00e3o Paulo e em Salvador. J\u00e1 em 1961, foi promulgada a primeira Lei das Diretrizes e Bases da Educa\u00e7\u00e3o Nacional, a LDB. A partir da\u00ed o Canto Orfe\u00f4nico foi substitu\u00eddo nominalmente pela educa\u00e7\u00e3o musical. Ainda que n\u00e3o houvesse diferen\u00e7a entre as aulas e metodologias administradas.<\/p>\n<p>No ano de 1971, uma nova LDB foi promulgada, relegando \u00e0 m\u00fasica papel secund\u00e1rio na disciplina de educa\u00e7\u00e3o art\u00edstica. Sendo essa uma mat\u00e9ria de natureza polivalente, exigia-se do docente o dom\u00ednio de m\u00fasica, teatro, artes pl\u00e1sticas e desenho. Evidentemente esse panorama de express\u00f5es art\u00edsticas acabava n\u00e3o cabendo no curto espa\u00e7o de tempo das forma\u00e7\u00f5es escolares. Al\u00e9m disso, e em detrimento do ensino musical, o foco principal terminava por recair nas artes pl\u00e1sticas.<\/p>\n<p>Com o tempo, o ensino da m\u00fasica terminou praticamente esquecido no pa\u00eds, mesmo com o advento de uma nova LDB em 1996. Na pr\u00e1tica, a educa\u00e7\u00e3o musical ausentou-se das escolas brasileiras por pelo menos 40 anos. Em 2008, um projeto de lei tentou inserir novamente o ensino da m\u00fasica nas escolas.<\/p>\n<blockquote class=\"wp-embedded-content\" data-secret=\"dS5Dyx66zW\"><p><a href=\"https:\/\/www.sabra.org.br\/site\/projetos-sociais-jovem\/\">Como os projetos sociais impactam na educa\u00e7\u00e3o dos jovens?<\/a><\/p><\/blockquote>\n<p><iframe class=\"wp-embedded-content\" sandbox=\"allow-scripts\" security=\"restricted\" style=\"position: absolute; visibility: hidden;\" title=\"&#8220;Como os projetos sociais impactam na educa\u00e7\u00e3o dos jovens?&#8221; &#8212; SABRA - Sociedade Art\u00edstica Brasileira\" src=\"https:\/\/www.sabra.org.br\/site\/projetos-sociais-jovem\/embed\/#?secret=0ruK4KMHaT#?secret=dS5Dyx66zW\" data-secret=\"dS5Dyx66zW\" width=\"600\" height=\"338\" frameborder=\"0\" marginwidth=\"0\" marginheight=\"0\" scrolling=\"no\"><\/iframe><\/p>\n<h2>Se voc\u00ea gostou deste post:<\/h2>\n<p>&#8211; SIGA as nossas p\u00e1ginas nas redes sociais para acompanhar as nossas atualiza\u00e7\u00f5es: estamos no <a href=\"https:\/\/www.facebook.com\/sabrabrasil\" target=\"_blank\" rel=\"noopener\">Facebook<\/a>, no <a href=\"https:\/\/www.instagram.com\/sabrabrasil\/\" target=\"_blank\" rel=\"noopener\">Instagram<\/a>, no <a href=\"https:\/\/www.linkedin.com\/company\/25002088\" target=\"_blank\" rel=\"noopener\">LinkedIn<\/a>, no <a href=\"https:\/\/x.com\/ContatoSabra\" target=\"_blank\" rel=\"noopener\">X<\/a> e no <a href=\"https:\/\/www.youtube.com\/channel\/UCJw-kbuEvzUNdeQf20Pa-eQ\" target=\"_blank\" rel=\"noopener\">YouTube<\/a>!<\/p>\n<p>&#8211; CONHE\u00c7A o trabalho da Sociedade Art\u00edstica Brasileira (SABRA) e todas as iniciativas culturais e sociais que ela mant\u00e9m. <a href=\"https:\/\/www.sabra.org.br\/site\/acoes\/\" target=\"_blank\" rel=\"noopener\">Acesse nosso site!<\/a><\/p>\n<p>&#8211; ENTRE EM CONTATO com a gente. E veja quais s\u00e3o as op\u00e7\u00f5es de ajuda na manuten\u00e7\u00e3o de nossas a\u00e7\u00f5es sociais e culturais. Basta acessar nossa p\u00e1gina <a href=\"https:\/\/www.sabra.org.br\/site\/doe-agora\/\" target=\"_blank\" rel=\"noopener\">Doe Agora!<\/a><\/p>\n<p>&#8211; COMPARTILHE este texto nas suas redes sociais e ajude os seus amigos a tamb\u00e9m dominarem o assunto!<\/p>\n<p>\u2013 Os projetos da @sabrabrasil s\u00e3o realizados com o patroci\u0301nio m\u00e1ster: @institutounimedbh, viabilizado pelo incentivo de mais de 5,7 mil m\u00e9dicos cooperados e colaboradores via Lei de Incentivo \u00e0 Cultura &#8211; @culturagovbr<\/p>\n","protected":false},"excerpt":{"rendered":"<p>A hist\u00f3ria da educa\u00e7\u00e3o musical brasileira esbarra no pr\u00f3prio descobrimento do pa\u00eds. Pois, quando aportaram em nossas praias, os portugueses trouxeram consigo os jesu\u00edtas. Esses,&hellip;<\/p>\n","protected":false},"author":39,"featured_media":1478,"comment_status":"closed","ping_status":"closed","sticky":false,"template":"","format":"standard","meta":{"jetpack_post_was_ever_published":false,"_jetpack_newsletter_access":"","_jetpack_dont_email_post_to_subs":false,"_jetpack_newsletter_tier_id":0,"_jetpack_memberships_contains_paywalled_content":false,"_jetpack_memberships_contains_paid_content":false,"footnotes":""},"categories":[1],"tags":[15,8,16,12,11,9],"class_list":["post-1476","post","type-post","status-publish","format-standard","has-post-thumbnail","hentry","category-blog-sabra","tag-assistencia-social","tag-canto-coral","tag-musicalizacao-infantil","tag-oficina-musical-sabra","tag-orquestra-sinfonica-de-betim","tag-sociedade-artistica-brasileira"],"yoast_head":"<!-- This site is optimized with the Yoast SEO plugin v27.5 - https:\/\/yoast.com\/product\/yoast-seo-wordpress\/ -->\n<title>A hist\u00f3ria da educa\u00e7\u00e3o musical brasileira - SABRA - Sociedade Art\u00edstica Brasileira<\/title>\n<meta name=\"description\" content=\"De acordo com a pesquisadora Ros\u00e2ngela Lambert, a educa\u00e7\u00e3o musical brasileira se faz presente desde os anos 1500, com a chegada dos jesu\u00edtas no Brasil.\" \/>\n<meta name=\"robots\" content=\"index, follow, max-snippet:-1, max-image-preview:large, max-video-preview:-1\" \/>\n<link rel=\"canonical\" href=\"https:\/\/www.sabra.org.br\/site\/historia-educacao-musical-brasileira\/\" \/>\n<meta property=\"og:locale\" content=\"pt_BR\" \/>\n<meta property=\"og:type\" content=\"article\" \/>\n<meta property=\"og:title\" content=\"A hist\u00f3ria da educa\u00e7\u00e3o musical brasileira - SABRA - Sociedade Art\u00edstica Brasileira\" \/>\n<meta property=\"og:description\" content=\"De acordo com a pesquisadora Ros\u00e2ngela Lambert, a educa\u00e7\u00e3o musical brasileira se faz presente desde os anos 1500, com a chegada dos jesu\u00edtas no Brasil.\" \/>\n<meta property=\"og:url\" content=\"https:\/\/www.sabra.org.br\/site\/historia-educacao-musical-brasileira\/\" \/>\n<meta property=\"og:site_name\" content=\"SABRA - Sociedade Art\u00edstica Brasileira\" \/>\n<meta property=\"article:publisher\" content=\"https:\/\/www.facebook.com\/sabrabrasil\" \/>\n<meta property=\"article:published_time\" content=\"2018-09-06T11:35:53+00:00\" \/>\n<meta property=\"article:modified_time\" content=\"2025-04-20T22:14:58+00:00\" \/>\n<meta property=\"og:image\" content=\"https:\/\/www.sabra.org.br\/site\/wp-content\/uploads\/2018\/09\/a-historia-da-educacao-musical-brasileira-20180702161300.jpg.jpg\" \/>\n\t<meta property=\"og:image:width\" content=\"1920\" \/>\n\t<meta property=\"og:image:height\" content=\"1280\" \/>\n\t<meta property=\"og:image:type\" content=\"image\/jpeg\" \/>\n<meta name=\"author\" content=\"M\u00e1rcio Miranda Pontes\" \/>\n<meta name=\"twitter:card\" content=\"summary_large_image\" \/>\n<meta name=\"twitter:creator\" content=\"@ContatoSabra\" \/>\n<meta name=\"twitter:site\" content=\"@ContatoSabra\" \/>\n<meta name=\"twitter:label1\" content=\"Escrito por\" \/>\n\t<meta name=\"twitter:data1\" content=\"M\u00e1rcio Miranda Pontes\" \/>\n\t<meta name=\"twitter:label2\" content=\"Est. tempo de leitura\" \/>\n\t<meta name=\"twitter:data2\" content=\"5 minutos\" \/>\n<script type=\"application\/ld+json\" class=\"yoast-schema-graph\">{\"@context\":\"https:\\\/\\\/schema.org\",\"@graph\":[{\"@type\":\"Article\",\"@id\":\"https:\\\/\\\/www.sabra.org.br\\\/site\\\/historia-educacao-musical-brasileira\\\/#article\",\"isPartOf\":{\"@id\":\"https:\\\/\\\/www.sabra.org.br\\\/site\\\/historia-educacao-musical-brasileira\\\/\"},\"author\":{\"name\":\"M\u00e1rcio Miranda Pontes\",\"@id\":\"https:\\\/\\\/www.sabra.org.br\\\/site\\\/#\\\/schema\\\/person\\\/7d1d222c3c8891d4c37c7b41bf6315c2\"},\"headline\":\"A hist\u00f3ria da educa\u00e7\u00e3o musical brasileira\",\"datePublished\":\"2018-09-06T11:35:53+00:00\",\"dateModified\":\"2025-04-20T22:14:58+00:00\",\"mainEntityOfPage\":{\"@id\":\"https:\\\/\\\/www.sabra.org.br\\\/site\\\/historia-educacao-musical-brasileira\\\/\"},\"wordCount\":825,\"publisher\":{\"@id\":\"https:\\\/\\\/www.sabra.org.br\\\/site\\\/#organization\"},\"image\":{\"@id\":\"https:\\\/\\\/www.sabra.org.br\\\/site\\\/historia-educacao-musical-brasileira\\\/#primaryimage\"},\"thumbnailUrl\":\"https:\\\/\\\/www.sabra.org.br\\\/site\\\/wp-content\\\/uploads\\\/2018\\\/09\\\/a-historia-da-educacao-musical-brasileira-20180702161300.jpg.jpg\",\"keywords\":[\"Assist\u00eancia social\",\"Canto Coral\",\"Musicaliza\u00e7\u00e3o Infantil\",\"Oficina Musical SABRA\",\"Orquestra Sinf\u00f4nica de Betim\",\"Sociedade Art\u00edstica Brasileira\"],\"articleSection\":[\"Blog SABRA\"],\"inLanguage\":\"pt-BR\"},{\"@type\":\"WebPage\",\"@id\":\"https:\\\/\\\/www.sabra.org.br\\\/site\\\/historia-educacao-musical-brasileira\\\/\",\"url\":\"https:\\\/\\\/www.sabra.org.br\\\/site\\\/historia-educacao-musical-brasileira\\\/\",\"name\":\"A hist\u00f3ria da educa\u00e7\u00e3o musical brasileira - SABRA - Sociedade Art\u00edstica Brasileira\",\"isPartOf\":{\"@id\":\"https:\\\/\\\/www.sabra.org.br\\\/site\\\/#website\"},\"primaryImageOfPage\":{\"@id\":\"https:\\\/\\\/www.sabra.org.br\\\/site\\\/historia-educacao-musical-brasileira\\\/#primaryimage\"},\"image\":{\"@id\":\"https:\\\/\\\/www.sabra.org.br\\\/site\\\/historia-educacao-musical-brasileira\\\/#primaryimage\"},\"thumbnailUrl\":\"https:\\\/\\\/www.sabra.org.br\\\/site\\\/wp-content\\\/uploads\\\/2018\\\/09\\\/a-historia-da-educacao-musical-brasileira-20180702161300.jpg.jpg\",\"datePublished\":\"2018-09-06T11:35:53+00:00\",\"dateModified\":\"2025-04-20T22:14:58+00:00\",\"description\":\"De acordo com a pesquisadora Ros\u00e2ngela Lambert, a educa\u00e7\u00e3o musical brasileira se faz presente desde os anos 1500, com a chegada dos jesu\u00edtas no Brasil.\",\"breadcrumb\":{\"@id\":\"https:\\\/\\\/www.sabra.org.br\\\/site\\\/historia-educacao-musical-brasileira\\\/#breadcrumb\"},\"inLanguage\":\"pt-BR\",\"potentialAction\":[{\"@type\":\"ReadAction\",\"target\":[\"https:\\\/\\\/www.sabra.org.br\\\/site\\\/historia-educacao-musical-brasileira\\\/\"]}]},{\"@type\":\"ImageObject\",\"inLanguage\":\"pt-BR\",\"@id\":\"https:\\\/\\\/www.sabra.org.br\\\/site\\\/historia-educacao-musical-brasileira\\\/#primaryimage\",\"url\":\"https:\\\/\\\/www.sabra.org.br\\\/site\\\/wp-content\\\/uploads\\\/2018\\\/09\\\/a-historia-da-educacao-musical-brasileira-20180702161300.jpg.jpg\",\"contentUrl\":\"https:\\\/\\\/www.sabra.org.br\\\/site\\\/wp-content\\\/uploads\\\/2018\\\/09\\\/a-historia-da-educacao-musical-brasileira-20180702161300.jpg.jpg\",\"width\":1920,\"height\":1280,\"caption\":\"Sociedade Art\u00edstica Brasileira SABRA\"},{\"@type\":\"BreadcrumbList\",\"@id\":\"https:\\\/\\\/www.sabra.org.br\\\/site\\\/historia-educacao-musical-brasileira\\\/#breadcrumb\",\"itemListElement\":[{\"@type\":\"ListItem\",\"position\":1,\"name\":\"In\u00edcio\",\"item\":\"https:\\\/\\\/www.sabra.org.br\\\/site\\\/\"},{\"@type\":\"ListItem\",\"position\":2,\"name\":\"A hist\u00f3ria da educa\u00e7\u00e3o musical brasileira\"}]},{\"@type\":\"WebSite\",\"@id\":\"https:\\\/\\\/www.sabra.org.br\\\/site\\\/#website\",\"url\":\"https:\\\/\\\/www.sabra.org.br\\\/site\\\/\",\"name\":\"SABRA - Sociedade Art\u00edstica Brasileira\",\"description\":\"Escola de M\u00fasica, Orquestra Sinf\u00f4nica, Coral e Patrim\u00f4nio Cultural e Hist\u00f3rico\",\"publisher\":{\"@id\":\"https:\\\/\\\/www.sabra.org.br\\\/site\\\/#organization\"},\"potentialAction\":[{\"@type\":\"SearchAction\",\"target\":{\"@type\":\"EntryPoint\",\"urlTemplate\":\"https:\\\/\\\/www.sabra.org.br\\\/site\\\/?s={search_term_string}\"},\"query-input\":{\"@type\":\"PropertyValueSpecification\",\"valueRequired\":true,\"valueName\":\"search_term_string\"}}],\"inLanguage\":\"pt-BR\"},{\"@type\":\"Organization\",\"@id\":\"https:\\\/\\\/www.sabra.org.br\\\/site\\\/#organization\",\"name\":\"SOCIEDADE ART\u00cdSTICA BRASILEIRA SABRA\",\"alternateName\":\"SABRA\",\"url\":\"https:\\\/\\\/www.sabra.org.br\\\/site\\\/\",\"logo\":{\"@type\":\"ImageObject\",\"inLanguage\":\"pt-BR\",\"@id\":\"https:\\\/\\\/www.sabra.org.br\\\/site\\\/#\\\/schema\\\/logo\\\/image\\\/\",\"url\":\"https:\\\/\\\/www.sabra.org.br\\\/site\\\/wp-content\\\/uploads\\\/2019\\\/06\\\/cropped-Logo_SABRA-Copia-1.webp\",\"contentUrl\":\"https:\\\/\\\/www.sabra.org.br\\\/site\\\/wp-content\\\/uploads\\\/2019\\\/06\\\/cropped-Logo_SABRA-Copia-1.webp\",\"width\":400,\"height\":128,\"caption\":\"SOCIEDADE ART\u00cdSTICA BRASILEIRA SABRA\"},\"image\":{\"@id\":\"https:\\\/\\\/www.sabra.org.br\\\/site\\\/#\\\/schema\\\/logo\\\/image\\\/\"},\"sameAs\":[\"https:\\\/\\\/www.facebook.com\\\/sabrabrasil\",\"https:\\\/\\\/x.com\\\/ContatoSabra\",\"https:\\\/\\\/www.instagram.com\\\/sabrabrasil\\\/\",\"https:\\\/\\\/www.linkedin.com\\\/company\\\/25002088\\\/\",\"https:\\\/\\\/br.pinterest.com\\\/sociedadeartisticabrasileira\\\/\",\"https:\\\/\\\/www.youtube.com\\\/c\\\/sabrabrasil\"]},{\"@type\":\"Person\",\"@id\":\"https:\\\/\\\/www.sabra.org.br\\\/site\\\/#\\\/schema\\\/person\\\/7d1d222c3c8891d4c37c7b41bf6315c2\",\"name\":\"M\u00e1rcio Miranda Pontes\",\"image\":{\"@type\":\"ImageObject\",\"inLanguage\":\"pt-BR\",\"@id\":\"https:\\\/\\\/secure.gravatar.com\\\/avatar\\\/3b45f24496a7625a3a6c436688fbe20344faaeb2979658dc4a9921f984d7df9a?s=96&d=mm&r=g\",\"url\":\"https:\\\/\\\/secure.gravatar.com\\\/avatar\\\/3b45f24496a7625a3a6c436688fbe20344faaeb2979658dc4a9921f984d7df9a?s=96&d=mm&r=g\",\"contentUrl\":\"https:\\\/\\\/secure.gravatar.com\\\/avatar\\\/3b45f24496a7625a3a6c436688fbe20344faaeb2979658dc4a9921f984d7df9a?s=96&d=mm&r=g\",\"caption\":\"M\u00e1rcio Miranda Pontes\"},\"sameAs\":[\"http:\\\/\\\/www.sabra.org.br\"],\"url\":\"https:\\\/\\\/www.sabra.org.br\\\/site\\\/author\\\/marcio-miranda-pontes\\\/\"}]}<\/script>\n<!-- \/ Yoast SEO plugin. -->","yoast_head_json":{"title":"A hist\u00f3ria da educa\u00e7\u00e3o musical brasileira - SABRA - Sociedade Art\u00edstica Brasileira","description":"De acordo com a pesquisadora Ros\u00e2ngela Lambert, a educa\u00e7\u00e3o musical brasileira se faz presente desde os anos 1500, com a chegada dos jesu\u00edtas no Brasil.","robots":{"index":"index","follow":"follow","max-snippet":"max-snippet:-1","max-image-preview":"max-image-preview:large","max-video-preview":"max-video-preview:-1"},"canonical":"https:\/\/www.sabra.org.br\/site\/historia-educacao-musical-brasileira\/","og_locale":"pt_BR","og_type":"article","og_title":"A hist\u00f3ria da educa\u00e7\u00e3o musical brasileira - SABRA - Sociedade Art\u00edstica Brasileira","og_description":"De acordo com a pesquisadora Ros\u00e2ngela Lambert, a educa\u00e7\u00e3o musical brasileira se faz presente desde os anos 1500, com a chegada dos jesu\u00edtas no Brasil.","og_url":"https:\/\/www.sabra.org.br\/site\/historia-educacao-musical-brasileira\/","og_site_name":"SABRA - Sociedade Art\u00edstica Brasileira","article_publisher":"https:\/\/www.facebook.com\/sabrabrasil","article_published_time":"2018-09-06T11:35:53+00:00","article_modified_time":"2025-04-20T22:14:58+00:00","og_image":[{"width":1920,"height":1280,"url":"https:\/\/www.sabra.org.br\/site\/wp-content\/uploads\/2018\/09\/a-historia-da-educacao-musical-brasileira-20180702161300.jpg.jpg","type":"image\/jpeg"}],"author":"M\u00e1rcio Miranda Pontes","twitter_card":"summary_large_image","twitter_creator":"@ContatoSabra","twitter_site":"@ContatoSabra","twitter_misc":{"Escrito por":"M\u00e1rcio Miranda Pontes","Est. tempo de leitura":"5 minutos"},"schema":{"@context":"https:\/\/schema.org","@graph":[{"@type":"Article","@id":"https:\/\/www.sabra.org.br\/site\/historia-educacao-musical-brasileira\/#article","isPartOf":{"@id":"https:\/\/www.sabra.org.br\/site\/historia-educacao-musical-brasileira\/"},"author":{"name":"M\u00e1rcio Miranda Pontes","@id":"https:\/\/www.sabra.org.br\/site\/#\/schema\/person\/7d1d222c3c8891d4c37c7b41bf6315c2"},"headline":"A hist\u00f3ria da educa\u00e7\u00e3o musical brasileira","datePublished":"2018-09-06T11:35:53+00:00","dateModified":"2025-04-20T22:14:58+00:00","mainEntityOfPage":{"@id":"https:\/\/www.sabra.org.br\/site\/historia-educacao-musical-brasileira\/"},"wordCount":825,"publisher":{"@id":"https:\/\/www.sabra.org.br\/site\/#organization"},"image":{"@id":"https:\/\/www.sabra.org.br\/site\/historia-educacao-musical-brasileira\/#primaryimage"},"thumbnailUrl":"https:\/\/www.sabra.org.br\/site\/wp-content\/uploads\/2018\/09\/a-historia-da-educacao-musical-brasileira-20180702161300.jpg.jpg","keywords":["Assist\u00eancia social","Canto Coral","Musicaliza\u00e7\u00e3o Infantil","Oficina Musical SABRA","Orquestra Sinf\u00f4nica de Betim","Sociedade Art\u00edstica Brasileira"],"articleSection":["Blog SABRA"],"inLanguage":"pt-BR"},{"@type":"WebPage","@id":"https:\/\/www.sabra.org.br\/site\/historia-educacao-musical-brasileira\/","url":"https:\/\/www.sabra.org.br\/site\/historia-educacao-musical-brasileira\/","name":"A hist\u00f3ria da educa\u00e7\u00e3o musical brasileira - SABRA - Sociedade Art\u00edstica Brasileira","isPartOf":{"@id":"https:\/\/www.sabra.org.br\/site\/#website"},"primaryImageOfPage":{"@id":"https:\/\/www.sabra.org.br\/site\/historia-educacao-musical-brasileira\/#primaryimage"},"image":{"@id":"https:\/\/www.sabra.org.br\/site\/historia-educacao-musical-brasileira\/#primaryimage"},"thumbnailUrl":"https:\/\/www.sabra.org.br\/site\/wp-content\/uploads\/2018\/09\/a-historia-da-educacao-musical-brasileira-20180702161300.jpg.jpg","datePublished":"2018-09-06T11:35:53+00:00","dateModified":"2025-04-20T22:14:58+00:00","description":"De acordo com a pesquisadora Ros\u00e2ngela Lambert, a educa\u00e7\u00e3o musical brasileira se faz presente desde os anos 1500, com a chegada dos jesu\u00edtas no Brasil.","breadcrumb":{"@id":"https:\/\/www.sabra.org.br\/site\/historia-educacao-musical-brasileira\/#breadcrumb"},"inLanguage":"pt-BR","potentialAction":[{"@type":"ReadAction","target":["https:\/\/www.sabra.org.br\/site\/historia-educacao-musical-brasileira\/"]}]},{"@type":"ImageObject","inLanguage":"pt-BR","@id":"https:\/\/www.sabra.org.br\/site\/historia-educacao-musical-brasileira\/#primaryimage","url":"https:\/\/www.sabra.org.br\/site\/wp-content\/uploads\/2018\/09\/a-historia-da-educacao-musical-brasileira-20180702161300.jpg.jpg","contentUrl":"https:\/\/www.sabra.org.br\/site\/wp-content\/uploads\/2018\/09\/a-historia-da-educacao-musical-brasileira-20180702161300.jpg.jpg","width":1920,"height":1280,"caption":"Sociedade Art\u00edstica Brasileira SABRA"},{"@type":"BreadcrumbList","@id":"https:\/\/www.sabra.org.br\/site\/historia-educacao-musical-brasileira\/#breadcrumb","itemListElement":[{"@type":"ListItem","position":1,"name":"In\u00edcio","item":"https:\/\/www.sabra.org.br\/site\/"},{"@type":"ListItem","position":2,"name":"A hist\u00f3ria da educa\u00e7\u00e3o musical brasileira"}]},{"@type":"WebSite","@id":"https:\/\/www.sabra.org.br\/site\/#website","url":"https:\/\/www.sabra.org.br\/site\/","name":"SABRA - Sociedade Art\u00edstica Brasileira","description":"Escola de M\u00fasica, Orquestra Sinf\u00f4nica, Coral e Patrim\u00f4nio Cultural e Hist\u00f3rico","publisher":{"@id":"https:\/\/www.sabra.org.br\/site\/#organization"},"potentialAction":[{"@type":"SearchAction","target":{"@type":"EntryPoint","urlTemplate":"https:\/\/www.sabra.org.br\/site\/?s={search_term_string}"},"query-input":{"@type":"PropertyValueSpecification","valueRequired":true,"valueName":"search_term_string"}}],"inLanguage":"pt-BR"},{"@type":"Organization","@id":"https:\/\/www.sabra.org.br\/site\/#organization","name":"SOCIEDADE ART\u00cdSTICA BRASILEIRA SABRA","alternateName":"SABRA","url":"https:\/\/www.sabra.org.br\/site\/","logo":{"@type":"ImageObject","inLanguage":"pt-BR","@id":"https:\/\/www.sabra.org.br\/site\/#\/schema\/logo\/image\/","url":"https:\/\/www.sabra.org.br\/site\/wp-content\/uploads\/2019\/06\/cropped-Logo_SABRA-Copia-1.webp","contentUrl":"https:\/\/www.sabra.org.br\/site\/wp-content\/uploads\/2019\/06\/cropped-Logo_SABRA-Copia-1.webp","width":400,"height":128,"caption":"SOCIEDADE ART\u00cdSTICA BRASILEIRA SABRA"},"image":{"@id":"https:\/\/www.sabra.org.br\/site\/#\/schema\/logo\/image\/"},"sameAs":["https:\/\/www.facebook.com\/sabrabrasil","https:\/\/x.com\/ContatoSabra","https:\/\/www.instagram.com\/sabrabrasil\/","https:\/\/www.linkedin.com\/company\/25002088\/","https:\/\/br.pinterest.com\/sociedadeartisticabrasileira\/","https:\/\/www.youtube.com\/c\/sabrabrasil"]},{"@type":"Person","@id":"https:\/\/www.sabra.org.br\/site\/#\/schema\/person\/7d1d222c3c8891d4c37c7b41bf6315c2","name":"M\u00e1rcio Miranda Pontes","image":{"@type":"ImageObject","inLanguage":"pt-BR","@id":"https:\/\/secure.gravatar.com\/avatar\/3b45f24496a7625a3a6c436688fbe20344faaeb2979658dc4a9921f984d7df9a?s=96&d=mm&r=g","url":"https:\/\/secure.gravatar.com\/avatar\/3b45f24496a7625a3a6c436688fbe20344faaeb2979658dc4a9921f984d7df9a?s=96&d=mm&r=g","contentUrl":"https:\/\/secure.gravatar.com\/avatar\/3b45f24496a7625a3a6c436688fbe20344faaeb2979658dc4a9921f984d7df9a?s=96&d=mm&r=g","caption":"M\u00e1rcio Miranda Pontes"},"sameAs":["http:\/\/www.sabra.org.br"],"url":"https:\/\/www.sabra.org.br\/site\/author\/marcio-miranda-pontes\/"}]}},"jetpack_featured_media_url":"https:\/\/www.sabra.org.br\/site\/wp-content\/uploads\/2018\/09\/a-historia-da-educacao-musical-brasileira-20180702161300.jpg.jpg","jetpack_shortlink":"https:\/\/wp.me\/p95j2Z-nO","jetpack-related-posts":[{"id":1490,"url":"https:\/\/www.sabra.org.br\/site\/conheca-a-relacao-entre-educacao-musical-infantil-e-criatividade\/","url_meta":{"origin":1476,"position":0},"title":"Conhe\u00e7a a rela\u00e7\u00e3o entre Educa\u00e7\u00e3o musical infantil e Criatividade","author":"M\u00e1rcio Miranda Pontes","date":"11 de setembro de 2018","format":false,"excerpt":"Cada vez mais, escolas p\u00fablicas e privadas t\u00eam investido na educa\u00e7\u00e3o musical infantil de seus estudantes. Mas, quais os benef\u00edcios dessa musicaliza\u00e7\u00e3o ainda na inf\u00e2ncia, e como esse ensino se relaciona com a criatividade nos pequenos? Neste texto, falaremos um pouco mais sobre educa\u00e7\u00e3o musical infantil e criatividade. Quer saber\u2026","rel":"","context":"Em &quot;Blog SABRA&quot;","block_context":{"text":"Blog SABRA","link":"https:\/\/www.sabra.org.br\/site\/category\/blog-sabra\/"},"img":{"alt_text":"Educa\u00e7\u00e3o Musical","src":"https:\/\/i0.wp.com\/www.sabra.org.br\/site\/wp-content\/uploads\/2018\/09\/conheca-a-relacao-entre-educacao-musical-infantil-e-criatividade-20180702161300.jpg.jpg?resize=350%2C200&ssl=1","width":350,"height":200,"srcset":"https:\/\/i0.wp.com\/www.sabra.org.br\/site\/wp-content\/uploads\/2018\/09\/conheca-a-relacao-entre-educacao-musical-infantil-e-criatividade-20180702161300.jpg.jpg?resize=350%2C200&ssl=1 1x, https:\/\/i0.wp.com\/www.sabra.org.br\/site\/wp-content\/uploads\/2018\/09\/conheca-a-relacao-entre-educacao-musical-infantil-e-criatividade-20180702161300.jpg.jpg?resize=525%2C300&ssl=1 1.5x, https:\/\/i0.wp.com\/www.sabra.org.br\/site\/wp-content\/uploads\/2018\/09\/conheca-a-relacao-entre-educacao-musical-infantil-e-criatividade-20180702161300.jpg.jpg?resize=700%2C400&ssl=1 2x"},"classes":[]},{"id":7485,"url":"https:\/\/www.sabra.org.br\/site\/educacao-musical\/","url_meta":{"origin":1476,"position":1},"title":"Como funciona a educa\u00e7\u00e3o musical?","author":"M\u00e1rcio Miranda Pontes","date":"7 de julho de 2023","format":false,"excerpt":"Descubra os segredos por tr\u00e1s da educa\u00e7\u00e3o musical: teoria, pr\u00e1tica e aprecia\u00e7\u00e3o. Explore seu potencial criativo e beneficie-se do desenvolvimento cognitivo e cultural proporcionado pela m\u00fasica. Leia agora!","rel":"","context":"Em &quot;Blog SABRA&quot;","block_context":{"text":"Blog SABRA","link":"https:\/\/www.sabra.org.br\/site\/category\/blog-sabra\/"},"img":{"alt_text":"sabra-m\u00fasica-musical-educa\u00e7\u00e3o-desenvolvimento-estudantes-habilidades-musicais-alunos-aprecia\u00e7\u00e3o-papel-pr\u00e1tica-cultura-desempenha-ensino-explorarem","src":"https:\/\/i0.wp.com\/www.sabra.org.br\/site\/wp-content\/uploads\/2023\/07\/como-funciona-a-educacao-musicaljpg-20230522113605.jpg-jpg.webp?resize=350%2C200&ssl=1","width":350,"height":200,"srcset":"https:\/\/i0.wp.com\/www.sabra.org.br\/site\/wp-content\/uploads\/2023\/07\/como-funciona-a-educacao-musicaljpg-20230522113605.jpg-jpg.webp?resize=350%2C200&ssl=1 1x, https:\/\/i0.wp.com\/www.sabra.org.br\/site\/wp-content\/uploads\/2023\/07\/como-funciona-a-educacao-musicaljpg-20230522113605.jpg-jpg.webp?resize=525%2C300&ssl=1 1.5x, https:\/\/i0.wp.com\/www.sabra.org.br\/site\/wp-content\/uploads\/2023\/07\/como-funciona-a-educacao-musicaljpg-20230522113605.jpg-jpg.webp?resize=700%2C400&ssl=1 2x"},"classes":[]},{"id":1512,"url":"https:\/\/www.sabra.org.br\/site\/tecnologias-novas-na-educacao-musical\/","url_meta":{"origin":1476,"position":2},"title":"Tecnologias novas na educa\u00e7\u00e3o musical","author":"M\u00e1rcio Miranda Pontes","date":"16 de setembro de 2018","format":false,"excerpt":"A educa\u00e7\u00e3o musical tem sido constantemente desafiada a sobreviver em uma sociedade como a brasileira, que tem deixado o ensino da arte e cultura em segundo plano nos curr\u00edculos \u2013 e or\u00e7amentos \u2013 escolares, em detrimento de outras disciplinas mais instrumentais para o capitalismo. Apesar disso, a m\u00fasica tem import\u00e2ncia\u2026","rel":"","context":"Em &quot;Blog SABRA&quot;","block_context":{"text":"Blog SABRA","link":"https:\/\/www.sabra.org.br\/site\/category\/blog-sabra\/"},"img":{"alt_text":"Tecnologias","src":"https:\/\/i0.wp.com\/www.sabra.org.br\/site\/wp-content\/uploads\/2018\/09\/x-tecnologias-novas-na-educacao-musical-20180702161300.jpg.jpg?resize=350%2C200&ssl=1","width":350,"height":200,"srcset":"https:\/\/i0.wp.com\/www.sabra.org.br\/site\/wp-content\/uploads\/2018\/09\/x-tecnologias-novas-na-educacao-musical-20180702161300.jpg.jpg?resize=350%2C200&ssl=1 1x, https:\/\/i0.wp.com\/www.sabra.org.br\/site\/wp-content\/uploads\/2018\/09\/x-tecnologias-novas-na-educacao-musical-20180702161300.jpg.jpg?resize=525%2C300&ssl=1 1.5x, https:\/\/i0.wp.com\/www.sabra.org.br\/site\/wp-content\/uploads\/2018\/09\/x-tecnologias-novas-na-educacao-musical-20180702161300.jpg.jpg?resize=700%2C400&ssl=1 2x, https:\/\/i0.wp.com\/www.sabra.org.br\/site\/wp-content\/uploads\/2018\/09\/x-tecnologias-novas-na-educacao-musical-20180702161300.jpg.jpg?resize=1050%2C600&ssl=1 3x, https:\/\/i0.wp.com\/www.sabra.org.br\/site\/wp-content\/uploads\/2018\/09\/x-tecnologias-novas-na-educacao-musical-20180702161300.jpg.jpg?resize=1400%2C800&ssl=1 4x"},"classes":[]},{"id":1913,"url":"https:\/\/www.sabra.org.br\/site\/inclusao-social\/","url_meta":{"origin":1476,"position":3},"title":"Inclus\u00e3o Social","author":"M\u00e1rcio Miranda Pontes","date":"16 de maio de 2019","format":false,"excerpt":"trabalho da sociedade art\u00edstica brasileira educa\u00e7\u00e3o musical SABRA Inclus\u00e3o Social Assistente Social","rel":"","context":"Em &quot;Blog SABRA&quot;","block_context":{"text":"Blog SABRA","link":"https:\/\/www.sabra.org.br\/site\/category\/blog-sabra\/"},"img":{"alt_text":"","src":"https:\/\/i0.wp.com\/www.sabra.org.br\/site\/wp-content\/uploads\/2019\/05\/Assitente-Social-1.jpg?resize=350%2C200&ssl=1","width":350,"height":200},"classes":[]},{"id":2072,"url":"https:\/\/www.sabra.org.br\/site\/como-a-musica-popular-ajuda-a-contar-a-historia-do-brasil\/","url_meta":{"origin":1476,"position":4},"title":"M\u00fasica Popular e Hist\u00f3ria do Brasil","author":"M\u00e1rcio Miranda Pontes","date":"23 de maio de 2019","format":false,"excerpt":"Descubra como a m\u00fasica pode enriquecer a educa\u00e7\u00e3o, permitindo um aprendizado mais din\u00e2mico e org\u00e2nico para os alunos.","rel":"","context":"Em &quot;Blog SABRA&quot;","block_context":{"text":"Blog SABRA","link":"https:\/\/www.sabra.org.br\/site\/category\/blog-sabra\/"},"img":{"alt_text":"M\u00fasica Popular Hist\u00f3ria do Brasil","src":"https:\/\/i0.wp.com\/www.sabra.org.br\/site\/wp-content\/uploads\/2019\/05\/como-a-musica-popular-ajuda-a-contar-a-historia-do-brasil-20181030105249.jpg.jpg?resize=350%2C200&ssl=1","width":350,"height":200,"srcset":"https:\/\/i0.wp.com\/www.sabra.org.br\/site\/wp-content\/uploads\/2019\/05\/como-a-musica-popular-ajuda-a-contar-a-historia-do-brasil-20181030105249.jpg.jpg?resize=350%2C200&ssl=1 1x, https:\/\/i0.wp.com\/www.sabra.org.br\/site\/wp-content\/uploads\/2019\/05\/como-a-musica-popular-ajuda-a-contar-a-historia-do-brasil-20181030105249.jpg.jpg?resize=525%2C300&ssl=1 1.5x, https:\/\/i0.wp.com\/www.sabra.org.br\/site\/wp-content\/uploads\/2019\/05\/como-a-musica-popular-ajuda-a-contar-a-historia-do-brasil-20181030105249.jpg.jpg?resize=700%2C400&ssl=1 2x"},"classes":[]},{"id":1486,"url":"https:\/\/www.sabra.org.br\/site\/qual-a-importancia-da-educacao-musical-na-escola\/","url_meta":{"origin":1476,"position":5},"title":"Qual a import\u00e2ncia da educa\u00e7\u00e3o musical na escola?","author":"M\u00e1rcio Miranda Pontes","date":"10 de setembro de 2018","format":false,"excerpt":"No nosso dia a dia somos submetidos aos mais variados est\u00edmulos sensoriais, principalmente os visuais e auditivos, por\u00e9m, n\u00e3o costumamos perceb\u00ea-los de modo adequado e que nos proporcione a melhor experi\u00eancia de vida. No que diz respeito aos est\u00edmulos auditivos, mais precisamente \u00e0 m\u00fasica, h\u00e1 um vasto horizonte que pode,\u2026","rel":"","context":"Em &quot;Blog SABRA&quot;","block_context":{"text":"Blog SABRA","link":"https:\/\/www.sabra.org.br\/site\/category\/blog-sabra\/"},"img":{"alt_text":"Educa\u00e7\u00e3o Musical","src":"https:\/\/i0.wp.com\/www.sabra.org.br\/site\/wp-content\/uploads\/2018\/09\/qual-a-importancia-sobre-educacao-musical-na-escola-20180702161300.jpg.jpg?resize=350%2C200&ssl=1","width":350,"height":200,"srcset":"https:\/\/i0.wp.com\/www.sabra.org.br\/site\/wp-content\/uploads\/2018\/09\/qual-a-importancia-sobre-educacao-musical-na-escola-20180702161300.jpg.jpg?resize=350%2C200&ssl=1 1x, https:\/\/i0.wp.com\/www.sabra.org.br\/site\/wp-content\/uploads\/2018\/09\/qual-a-importancia-sobre-educacao-musical-na-escola-20180702161300.jpg.jpg?resize=525%2C300&ssl=1 1.5x, https:\/\/i0.wp.com\/www.sabra.org.br\/site\/wp-content\/uploads\/2018\/09\/qual-a-importancia-sobre-educacao-musical-na-escola-20180702161300.jpg.jpg?resize=700%2C400&ssl=1 2x"},"classes":[]}],"jetpack_likes_enabled":true,"jetpack_sharing_enabled":true,"_links":{"self":[{"href":"https:\/\/www.sabra.org.br\/site\/wp-json\/wp\/v2\/posts\/1476","targetHints":{"allow":["GET"]}}],"collection":[{"href":"https:\/\/www.sabra.org.br\/site\/wp-json\/wp\/v2\/posts"}],"about":[{"href":"https:\/\/www.sabra.org.br\/site\/wp-json\/wp\/v2\/types\/post"}],"author":[{"embeddable":true,"href":"https:\/\/www.sabra.org.br\/site\/wp-json\/wp\/v2\/users\/39"}],"replies":[{"embeddable":true,"href":"https:\/\/www.sabra.org.br\/site\/wp-json\/wp\/v2\/comments?post=1476"}],"version-history":[{"count":0,"href":"https:\/\/www.sabra.org.br\/site\/wp-json\/wp\/v2\/posts\/1476\/revisions"}],"wp:featuredmedia":[{"embeddable":true,"href":"https:\/\/www.sabra.org.br\/site\/wp-json\/wp\/v2\/media\/1478"}],"wp:attachment":[{"href":"https:\/\/www.sabra.org.br\/site\/wp-json\/wp\/v2\/media?parent=1476"}],"wp:term":[{"taxonomy":"category","embeddable":true,"href":"https:\/\/www.sabra.org.br\/site\/wp-json\/wp\/v2\/categories?post=1476"},{"taxonomy":"post_tag","embeddable":true,"href":"https:\/\/www.sabra.org.br\/site\/wp-json\/wp\/v2\/tags?post=1476"}],"curies":[{"name":"wp","href":"https:\/\/api.w.org\/{rel}","templated":true}]}}