{"id":14834,"date":"2025-10-23T16:09:15","date_gmt":"2025-10-23T19:09:15","guid":{"rendered":"https:\/\/www.sabra.org.br\/site\/?p=14834"},"modified":"2025-10-23T17:41:31","modified_gmt":"2025-10-23T20:41:31","slug":"marilene-gangana-homenagem","status":"publish","type":"post","link":"https:\/\/www.sabra.org.br\/site\/marilene-gangana-homenagem\/","title":{"rendered":"Marilene Gangana &#8211; Homenagem"},"content":{"rendered":"\t\t<div data-elementor-type=\"wp-post\" data-elementor-id=\"14834\" class=\"elementor elementor-14834\">\n\t\t\t\t<div class=\"elementor-element elementor-element-642b773e e-flex e-con-boxed e-con e-parent\" data-id=\"642b773e\" data-element_type=\"container\" data-e-type=\"container\">\n\t\t\t\t\t<div class=\"e-con-inner\">\n\t\t\t\t<div class=\"elementor-element elementor-element-746a4eb4 elementor-widget elementor-widget-text-editor\" data-id=\"746a4eb4\" data-element_type=\"widget\" data-e-type=\"widget\" data-widget_type=\"text-editor.default\">\n\t\t\t\t\t\t\t\t\t\n<p>No dia 22 de outubro de 2025 foi realizado um Recital em homenagem \u00e0 professora Marilene Gangana no contexto das comemora\u00e7\u00f5es do centen\u00e1rio da Escola de M\u00fasica da UFMG. O evento, organizado pela professora Luciana Monteiro e pelo professor Mauro Chantal, fez parte do Projeto VivaM\u00fasica do N\u00facleo de Educa\u00e7\u00e3o Musical e Cultura da ESMU-UFMG e contou com a participa\u00e7\u00e3o de diversos ex-alunos da professora homenageada. Na ocasi\u00e3o o Vice-Diretor da Escola de M\u00fasica da UFMG, professor Carlos Aleixo fez a entrega de um Diploma de M\u00e9rito Acad\u00eamico, pronunciou um curto discurso e fez a leitura do texto homenagem redigido pelo professor Mauro Chantal:<\/p>\n<p>&#8220;Por ocasi\u00e3o do centen\u00e1rio da nossa querida Escola de M\u00fasica, rendemos uma homenagem sincera e profundamente respeitosa \u00e0queles que dedicaram suas vidas \u00e0 arte, \u00e0 educa\u00e7\u00e3o e \u00e0 constru\u00e7\u00e3o da nossa identidade. Entre esses nomes que se confundem com a pr\u00f3pria hist\u00f3ria da institui\u00e7\u00e3o, destaca-se o da Professora Marilene Gangana.<\/p>\n<p>Sua trajet\u00f3ria \u00e9 marcada pela excel\u00eancia, pela sensibilidade art\u00edstica e por um compromisso inabal\u00e1vel com a forma\u00e7\u00e3o humana e musical de seus alunos. Ao longo de d\u00e9cadas, a Professora Marilene semeou conhecimento, \u00e9tica e amor \u00e0 m\u00fasica, inspirando gera\u00e7\u00f5es de estudantes que hoje ecoam, em salas de aula e palcos do Brasil e do mundo, o aprendizado que dela receberam.<\/p>\n<p>Seu legado transcende partituras e acordes. Vive na lembran\u00e7a afetiva dos que com ela aprenderam, na dedica\u00e7\u00e3o dos que seguiram seu exemplo, e na sonoridade que continua a habitar nossos corredores, ensaios e apresenta\u00e7\u00f5es.<\/p>\n<p>Em cada nota que ressoa, em cada olhar encantado de um novo m\u00fasico, reconhecemos a presen\u00e7a viva de sua influ\u00eancia. A Professora Marilene Gangana permanece entre n\u00f3s \u2014 como uma melodia eterna, que harmoniza o saber e o sentir, o ensinar e o inspirar.<\/p>\n<p>Que esta homenagem, no marco dos 100 anos da Escola de M\u00fasica da UFMG, celebre n\u00e3o apenas o passado, mas a perman\u00eancia do que h\u00e1 de mais belo: o poder transformador da educa\u00e7\u00e3o e da arte.&#8221;<\/p>\n<p>Alegria e emo\u00e7\u00e3o tomaram conta do Audit\u00f3rio Fernando Mello Vianna ao serem ouvidos breves relatos da conviv\u00eancia com a mestra e muita m\u00fasica, al\u00e9m de ter ficado a certeza de que, atrav\u00e9s do ensino musical e de seu exemplo de vida, ela sempre inspirou e inspira as pessoas que com ela convivem a serem seres humanos melhores a cada dia.<\/p>\n\n<h3>Um pouco sobre a Professora Marilene Gangana<\/h3>\n\n<p>A professora Marilene Gangana formou-se em Direito pela UFMG, mas foi tamb\u00e9m na M\u00fasica que encontrou outra voca\u00e7\u00e3o. Estudou Canto no Conservat\u00f3rio Mineiro de M\u00fasica, na classe da professora Eug\u00eania Bracher Lobo, de quem se tornou disc\u00edpula e, posteriormente, sucessora.<\/p>\n\n<p>Com a aposentadoria de sua mestra, assumiu a cadeira de Canto na Escola de M\u00fasica da UFMG, onde ingressou por concurso p\u00fablico, na d\u00e9cada de 1970 . Ao longo de sua carreira, lecionou Canto nos cursos de forma\u00e7\u00e3o e de gradua\u00e7\u00e3o em M\u00fasica, orientando dezenas de alunos, muitos dos quais se tornaram professores, cantores e profissionais atuantes em salas de concerto do pa\u00eds.<\/p>\n\n<p>Como meio-soprano, destacou-se em concertos, recitais e produ\u00e7\u00f5es de \u00f3pera, al\u00e9m de participar de comiss\u00f5es, estudos e projetos de pesquisa. Reconhecida por sua dedica\u00e7\u00e3o, humildade e generosidade, construiu uma trajet\u00f3ria marcada pelo compromisso com a arte e a forma\u00e7\u00e3o de novas gera\u00e7\u00f5es de m\u00fasicos. Premiada em concursos nacionais de canto em Minas Gerais, Rio de Janeiro e S\u00e3o Paulo, Marilene j\u00e1 se apresentou nas principais salas de concerto e teatros do Brasil, sob a reg\u00eancia de maestros como Arthur Bosmans, Hely Ferreira Drummond, Jo\u00e3o Cavalcanti, Carlos Eduardo Prates, David Machado, S\u00e9rgio Magnani e Sebasti\u00e3o Viana, entre outros.<\/p>\n\n<p>Ap\u00f3s sua aposentadoria na UFMG, continuou sua atua\u00e7\u00e3o na Universidade do Estado de Minas Gerais &#8211; UEMG, onde lecionou Declama\u00e7\u00e3o L\u00edrica e coordenou o Grupo Experimental de \u00d3pera (GEO), no qual tamb\u00e9m atuou como preparadora c\u00eanico-musical. Foi membro da diretoria da Organiza\u00e7\u00e3o dos Aposentados da UFMG (OAP), onde criou e regeu o Coral da OAP, desde sua funda\u00e7\u00e3o em 2000.<\/p>\n\n<p>Em 1997, por ocasi\u00e3o das comemora\u00e7\u00f5es do centen\u00e1rio de Belo Horizonte, foi uma das cinco regentes do hist\u00f3rico \u201cCoral de 1000 vozes\u201d, apresentado no alto da Avenida Afonso Pena.<\/p>\n\n<p>Hoje, j\u00e1 aposentada, continua a prestigiar e apoiar ativamente a vida musical da cidade, sempre presente em eventos no Pal\u00e1cio das Artes, Sala Minas Gerais, Funda\u00e7\u00e3o de Educa\u00e7\u00e3o Art\u00edstica e Escola de M\u00fasica da UFMG. Alguns de seus ex-alunos \u2014 hoje profissionais em plena atividade \u2014 integram o programa desta noite, perpetuando o legado de sua arte e de seu exemplo.<\/p>\n\t\t\t\t\t\t\t\t<\/div>\n\t\t\t\t\t<\/div>\n\t\t\t\t<\/div>\n\t\t<div class=\"elementor-element elementor-element-5021a0e e-flex e-con-boxed e-con e-parent\" data-id=\"5021a0e\" data-element_type=\"container\" data-e-type=\"container\">\n\t\t\t\t\t<div class=\"e-con-inner\">\n\t\t\t\t<div class=\"elementor-element elementor-element-5369dc0 elementor-widget elementor-widget-text-editor\" data-id=\"5369dc0\" data-element_type=\"widget\" data-e-type=\"widget\" data-widget_type=\"text-editor.default\">\n\t\t\t\t\t\t\t\t\t<hr \/>\n<h2>Se voc\u00ea gostou deste post:<\/h2>\n<p>&#8211; SIGA as nossas p\u00e1ginas nas redes sociais para acompanhar as nossas atualiza\u00e7\u00f5es: estamos no <a href=\"https:\/\/www.facebook.com\/sabrabrasil\" target=\"_blank\" rel=\"noopener\">Facebook<\/a>, no <a href=\"https:\/\/www.instagram.com\/sabrabrasil\/\" target=\"_blank\" rel=\"noopener\">Instagram<\/a>, no <a href=\"https:\/\/www.linkedin.com\/company\/25002088\" target=\"_blank\" rel=\"noopener\">LinkedIn<\/a>, no <a href=\"https:\/\/x.com\/ContatoSabra\" target=\"_blank\" rel=\"noopener\">X<\/a> e no <a href=\"https:\/\/www.youtube.com\/channel\/UCJw-kbuEvzUNdeQf20Pa-eQ\" target=\"_blank\" rel=\"noopener\">YouTube<\/a>!\u00a0<\/p>\n<p>&#8211; CONHE\u00c7A o trabalho da Sociedade Art\u00edstica Brasileira (SABRA) e todas as iniciativas culturais e sociais que ela mant\u00e9m. <a href=\"https:\/\/www.sabra.org.br\/site\/acoes\/\" target=\"_blank\" rel=\"noopener\">Acesse nosso site!<\/a>\u00a0<\/p>\n<p>&#8211; ENTRE EM CONTATO com a gente. E veja quais s\u00e3o as op\u00e7\u00f5es de ajuda na manuten\u00e7\u00e3o de nossas a\u00e7\u00f5es sociais e culturais. Basta acessar nossa p\u00e1gina <a href=\"https:\/\/www.sabra.org.br\/site\/doe-agora\/\" target=\"_blank\" rel=\"noopener\">Doe Agora!<\/a>\u00a0<\/p>\n<p>&#8211; COMPARTILHE este texto nas suas redes sociais e ajude os seus amigos a tamb\u00e9m dominarem o assunto! \u2013 Os projetos da @sabrabrasil s\u00e3o realizados com o patroci\u0301nio m\u00e1ster: @institutounimedbh, viabilizado pelo incentivo de mais de 5,7 mil m\u00e9dicos cooperados e colaboradores via Lei de Incentivo \u00e0 Cultura &#8211; @culturagovbr<\/p>\n<p><blockquote class=\"wp-embedded-content\" data-secret=\"OCicOTZ1g6\"><a href=\"https:\/\/www.sabra.org.br\/site\/tipos-de-voz-voce-sabe-qual-e-a-sua-no-canto\/\">Tipos de voz: voc\u00ea sabe qual \u00e9 a sua no canto?<\/a><\/blockquote><iframe class=\"wp-embedded-content\" sandbox=\"allow-scripts\" security=\"restricted\" style=\"position: absolute; visibility: hidden;\" title=\"&#8220;Tipos de voz: voc\u00ea sabe qual \u00e9 a sua no canto?&#8221; &#8212; SABRA - Sociedade Art\u00edstica Brasileira\" src=\"https:\/\/www.sabra.org.br\/site\/tipos-de-voz-voce-sabe-qual-e-a-sua-no-canto\/embed\/#?secret=A3BDcpAbYv#?secret=OCicOTZ1g6\" data-secret=\"OCicOTZ1g6\" width=\"600\" height=\"338\" frameborder=\"0\" marginwidth=\"0\" marginheight=\"0\" scrolling=\"no\"><\/iframe><\/p>\t\t\t\t\t\t\t\t<\/div>\n\t\t\t\t\t<\/div>\n\t\t\t\t<\/div>\n\t\t\t\t<\/div>\n\t\t","protected":false},"excerpt":{"rendered":"<p>No dia 22 de outubro de 2025 foi realizado um Recital em homenagem \u00e0 professora Marilene Gangana no contexto das comemora\u00e7\u00f5es do centen\u00e1rio da Escola&hellip;<\/p>\n","protected":false},"author":39,"featured_media":14835,"comment_status":"open","ping_status":"open","sticky":false,"template":"","format":"standard","meta":{"jetpack_post_was_ever_published":false,"_jetpack_newsletter_access":"","_jetpack_dont_email_post_to_subs":false,"_jetpack_newsletter_tier_id":0,"_jetpack_memberships_contains_paywalled_content":false,"_jetpack_memberships_contains_paid_content":false,"footnotes":""},"categories":[4],"tags":[],"class_list":["post-14834","post","type-post","status-publish","format-standard","has-post-thumbnail","hentry","category-noticias"],"yoast_head":"<!-- This site is optimized with the Yoast SEO plugin v27.5 - https:\/\/yoast.com\/product\/yoast-seo-wordpress\/ -->\n<title>Homenagem \u00e0 Professora Marilene Gangana - SABRA - Sociedade Art\u00edstica Brasileira<\/title>\n<meta name=\"description\" content=\"Celebre a vida e a obra da professora Marilene Gangana com a homenagem especial realizada na Escola de M\u00fasica da UFMG.\" \/>\n<meta name=\"robots\" content=\"index, follow, max-snippet:-1, max-image-preview:large, max-video-preview:-1\" \/>\n<link rel=\"canonical\" href=\"https:\/\/www.sabra.org.br\/site\/marilene-gangana-homenagem\/\" \/>\n<meta property=\"og:locale\" content=\"pt_BR\" \/>\n<meta property=\"og:type\" content=\"article\" \/>\n<meta property=\"og:title\" content=\"Homenagem \u00e0 Professora Marilene Gangana - SABRA - Sociedade Art\u00edstica Brasileira\" \/>\n<meta property=\"og:description\" content=\"Celebre a vida e a obra da professora Marilene Gangana com a homenagem especial realizada na Escola de M\u00fasica da UFMG.\" \/>\n<meta property=\"og:url\" content=\"https:\/\/www.sabra.org.br\/site\/marilene-gangana-homenagem\/\" \/>\n<meta property=\"og:site_name\" content=\"SABRA - Sociedade Art\u00edstica Brasileira\" \/>\n<meta property=\"article:publisher\" content=\"https:\/\/www.facebook.com\/sabrabrasil\" \/>\n<meta property=\"article:published_time\" content=\"2025-10-23T19:09:15+00:00\" \/>\n<meta property=\"article:modified_time\" content=\"2025-10-23T20:41:31+00:00\" \/>\n<meta property=\"og:image\" content=\"https:\/\/www.sabra.org.br\/site\/wp-content\/uploads\/2025\/10\/Marilene-Gangana.jpg\" \/>\n\t<meta property=\"og:image:width\" content=\"1600\" \/>\n\t<meta property=\"og:image:height\" content=\"1200\" \/>\n\t<meta property=\"og:image:type\" content=\"image\/jpeg\" \/>\n<meta name=\"author\" content=\"M\u00e1rcio Miranda Pontes\" \/>\n<meta name=\"twitter:card\" content=\"summary_large_image\" \/>\n<meta name=\"twitter:creator\" content=\"@ContatoSabra\" \/>\n<meta name=\"twitter:site\" content=\"@ContatoSabra\" \/>\n<meta name=\"twitter:label1\" content=\"Escrito por\" \/>\n\t<meta name=\"twitter:data1\" content=\"M\u00e1rcio Miranda Pontes\" \/>\n\t<meta name=\"twitter:label2\" content=\"Est. tempo de leitura\" \/>\n\t<meta name=\"twitter:data2\" content=\"5 minutos\" \/>\n<script type=\"application\/ld+json\" class=\"yoast-schema-graph\">{\"@context\":\"https:\\\/\\\/schema.org\",\"@graph\":[{\"@type\":\"Article\",\"@id\":\"https:\\\/\\\/www.sabra.org.br\\\/site\\\/marilene-gangana-homenagem\\\/#article\",\"isPartOf\":{\"@id\":\"https:\\\/\\\/www.sabra.org.br\\\/site\\\/marilene-gangana-homenagem\\\/\"},\"author\":{\"name\":\"M\u00e1rcio Miranda Pontes\",\"@id\":\"https:\\\/\\\/www.sabra.org.br\\\/site\\\/#\\\/schema\\\/person\\\/7d1d222c3c8891d4c37c7b41bf6315c2\"},\"headline\":\"Marilene Gangana &#8211; Homenagem\",\"datePublished\":\"2025-10-23T19:09:15+00:00\",\"dateModified\":\"2025-10-23T20:41:31+00:00\",\"mainEntityOfPage\":{\"@id\":\"https:\\\/\\\/www.sabra.org.br\\\/site\\\/marilene-gangana-homenagem\\\/\"},\"wordCount\":970,\"commentCount\":0,\"publisher\":{\"@id\":\"https:\\\/\\\/www.sabra.org.br\\\/site\\\/#organization\"},\"image\":{\"@id\":\"https:\\\/\\\/www.sabra.org.br\\\/site\\\/marilene-gangana-homenagem\\\/#primaryimage\"},\"thumbnailUrl\":\"https:\\\/\\\/www.sabra.org.br\\\/site\\\/wp-content\\\/uploads\\\/2025\\\/10\\\/Marilene-Gangana.jpg\",\"articleSection\":[\"Not\u00edcias\"],\"inLanguage\":\"pt-BR\",\"potentialAction\":[{\"@type\":\"CommentAction\",\"name\":\"Comment\",\"target\":[\"https:\\\/\\\/www.sabra.org.br\\\/site\\\/marilene-gangana-homenagem\\\/#respond\"]}]},{\"@type\":\"WebPage\",\"@id\":\"https:\\\/\\\/www.sabra.org.br\\\/site\\\/marilene-gangana-homenagem\\\/\",\"url\":\"https:\\\/\\\/www.sabra.org.br\\\/site\\\/marilene-gangana-homenagem\\\/\",\"name\":\"Homenagem \u00e0 Professora Marilene Gangana - SABRA - Sociedade Art\u00edstica Brasileira\",\"isPartOf\":{\"@id\":\"https:\\\/\\\/www.sabra.org.br\\\/site\\\/#website\"},\"primaryImageOfPage\":{\"@id\":\"https:\\\/\\\/www.sabra.org.br\\\/site\\\/marilene-gangana-homenagem\\\/#primaryimage\"},\"image\":{\"@id\":\"https:\\\/\\\/www.sabra.org.br\\\/site\\\/marilene-gangana-homenagem\\\/#primaryimage\"},\"thumbnailUrl\":\"https:\\\/\\\/www.sabra.org.br\\\/site\\\/wp-content\\\/uploads\\\/2025\\\/10\\\/Marilene-Gangana.jpg\",\"datePublished\":\"2025-10-23T19:09:15+00:00\",\"dateModified\":\"2025-10-23T20:41:31+00:00\",\"description\":\"Celebre a vida e a obra da professora Marilene Gangana com a homenagem especial realizada na Escola de M\u00fasica da UFMG.\",\"breadcrumb\":{\"@id\":\"https:\\\/\\\/www.sabra.org.br\\\/site\\\/marilene-gangana-homenagem\\\/#breadcrumb\"},\"inLanguage\":\"pt-BR\",\"potentialAction\":[{\"@type\":\"ReadAction\",\"target\":[\"https:\\\/\\\/www.sabra.org.br\\\/site\\\/marilene-gangana-homenagem\\\/\"]}]},{\"@type\":\"ImageObject\",\"inLanguage\":\"pt-BR\",\"@id\":\"https:\\\/\\\/www.sabra.org.br\\\/site\\\/marilene-gangana-homenagem\\\/#primaryimage\",\"url\":\"https:\\\/\\\/www.sabra.org.br\\\/site\\\/wp-content\\\/uploads\\\/2025\\\/10\\\/Marilene-Gangana.jpg\",\"contentUrl\":\"https:\\\/\\\/www.sabra.org.br\\\/site\\\/wp-content\\\/uploads\\\/2025\\\/10\\\/Marilene-Gangana.jpg\",\"width\":1600,\"height\":1200,\"caption\":\"Sociedade Art\u00edstica Brasileira SABRA\"},{\"@type\":\"BreadcrumbList\",\"@id\":\"https:\\\/\\\/www.sabra.org.br\\\/site\\\/marilene-gangana-homenagem\\\/#breadcrumb\",\"itemListElement\":[{\"@type\":\"ListItem\",\"position\":1,\"name\":\"In\u00edcio\",\"item\":\"https:\\\/\\\/www.sabra.org.br\\\/site\\\/\"},{\"@type\":\"ListItem\",\"position\":2,\"name\":\"Marilene Gangana &#8211; Homenagem\"}]},{\"@type\":\"WebSite\",\"@id\":\"https:\\\/\\\/www.sabra.org.br\\\/site\\\/#website\",\"url\":\"https:\\\/\\\/www.sabra.org.br\\\/site\\\/\",\"name\":\"SABRA - Sociedade Art\u00edstica Brasileira\",\"description\":\"Escola de M\u00fasica, Orquestra Sinf\u00f4nica, Coral e Patrim\u00f4nio Cultural e Hist\u00f3rico\",\"publisher\":{\"@id\":\"https:\\\/\\\/www.sabra.org.br\\\/site\\\/#organization\"},\"potentialAction\":[{\"@type\":\"SearchAction\",\"target\":{\"@type\":\"EntryPoint\",\"urlTemplate\":\"https:\\\/\\\/www.sabra.org.br\\\/site\\\/?s={search_term_string}\"},\"query-input\":{\"@type\":\"PropertyValueSpecification\",\"valueRequired\":true,\"valueName\":\"search_term_string\"}}],\"inLanguage\":\"pt-BR\"},{\"@type\":\"Organization\",\"@id\":\"https:\\\/\\\/www.sabra.org.br\\\/site\\\/#organization\",\"name\":\"SOCIEDADE ART\u00cdSTICA BRASILEIRA SABRA\",\"alternateName\":\"SABRA\",\"url\":\"https:\\\/\\\/www.sabra.org.br\\\/site\\\/\",\"logo\":{\"@type\":\"ImageObject\",\"inLanguage\":\"pt-BR\",\"@id\":\"https:\\\/\\\/www.sabra.org.br\\\/site\\\/#\\\/schema\\\/logo\\\/image\\\/\",\"url\":\"https:\\\/\\\/www.sabra.org.br\\\/site\\\/wp-content\\\/uploads\\\/2019\\\/06\\\/cropped-Logo_SABRA-Copia-1.webp\",\"contentUrl\":\"https:\\\/\\\/www.sabra.org.br\\\/site\\\/wp-content\\\/uploads\\\/2019\\\/06\\\/cropped-Logo_SABRA-Copia-1.webp\",\"width\":400,\"height\":128,\"caption\":\"SOCIEDADE ART\u00cdSTICA BRASILEIRA SABRA\"},\"image\":{\"@id\":\"https:\\\/\\\/www.sabra.org.br\\\/site\\\/#\\\/schema\\\/logo\\\/image\\\/\"},\"sameAs\":[\"https:\\\/\\\/www.facebook.com\\\/sabrabrasil\",\"https:\\\/\\\/x.com\\\/ContatoSabra\",\"https:\\\/\\\/www.instagram.com\\\/sabrabrasil\\\/\",\"https:\\\/\\\/www.linkedin.com\\\/company\\\/25002088\\\/\",\"https:\\\/\\\/br.pinterest.com\\\/sociedadeartisticabrasileira\\\/\",\"https:\\\/\\\/www.youtube.com\\\/c\\\/sabrabrasil\"]},{\"@type\":\"Person\",\"@id\":\"https:\\\/\\\/www.sabra.org.br\\\/site\\\/#\\\/schema\\\/person\\\/7d1d222c3c8891d4c37c7b41bf6315c2\",\"name\":\"M\u00e1rcio Miranda Pontes\",\"image\":{\"@type\":\"ImageObject\",\"inLanguage\":\"pt-BR\",\"@id\":\"https:\\\/\\\/secure.gravatar.com\\\/avatar\\\/3b45f24496a7625a3a6c436688fbe20344faaeb2979658dc4a9921f984d7df9a?s=96&d=mm&r=g\",\"url\":\"https:\\\/\\\/secure.gravatar.com\\\/avatar\\\/3b45f24496a7625a3a6c436688fbe20344faaeb2979658dc4a9921f984d7df9a?s=96&d=mm&r=g\",\"contentUrl\":\"https:\\\/\\\/secure.gravatar.com\\\/avatar\\\/3b45f24496a7625a3a6c436688fbe20344faaeb2979658dc4a9921f984d7df9a?s=96&d=mm&r=g\",\"caption\":\"M\u00e1rcio Miranda Pontes\"},\"sameAs\":[\"http:\\\/\\\/www.sabra.org.br\"],\"url\":\"https:\\\/\\\/www.sabra.org.br\\\/site\\\/author\\\/marcio-miranda-pontes\\\/\"}]}<\/script>\n<!-- \/ Yoast SEO plugin. -->","yoast_head_json":{"title":"Homenagem \u00e0 Professora Marilene Gangana - SABRA - Sociedade Art\u00edstica Brasileira","description":"Celebre a vida e a obra da professora Marilene Gangana com a homenagem especial realizada na Escola de M\u00fasica da UFMG.","robots":{"index":"index","follow":"follow","max-snippet":"max-snippet:-1","max-image-preview":"max-image-preview:large","max-video-preview":"max-video-preview:-1"},"canonical":"https:\/\/www.sabra.org.br\/site\/marilene-gangana-homenagem\/","og_locale":"pt_BR","og_type":"article","og_title":"Homenagem \u00e0 Professora Marilene Gangana - SABRA - Sociedade Art\u00edstica Brasileira","og_description":"Celebre a vida e a obra da professora Marilene Gangana com a homenagem especial realizada na Escola de M\u00fasica da UFMG.","og_url":"https:\/\/www.sabra.org.br\/site\/marilene-gangana-homenagem\/","og_site_name":"SABRA - Sociedade Art\u00edstica Brasileira","article_publisher":"https:\/\/www.facebook.com\/sabrabrasil","article_published_time":"2025-10-23T19:09:15+00:00","article_modified_time":"2025-10-23T20:41:31+00:00","og_image":[{"width":1600,"height":1200,"url":"https:\/\/www.sabra.org.br\/site\/wp-content\/uploads\/2025\/10\/Marilene-Gangana.jpg","type":"image\/jpeg"}],"author":"M\u00e1rcio Miranda Pontes","twitter_card":"summary_large_image","twitter_creator":"@ContatoSabra","twitter_site":"@ContatoSabra","twitter_misc":{"Escrito por":"M\u00e1rcio Miranda Pontes","Est. tempo de leitura":"5 minutos"},"schema":{"@context":"https:\/\/schema.org","@graph":[{"@type":"Article","@id":"https:\/\/www.sabra.org.br\/site\/marilene-gangana-homenagem\/#article","isPartOf":{"@id":"https:\/\/www.sabra.org.br\/site\/marilene-gangana-homenagem\/"},"author":{"name":"M\u00e1rcio Miranda Pontes","@id":"https:\/\/www.sabra.org.br\/site\/#\/schema\/person\/7d1d222c3c8891d4c37c7b41bf6315c2"},"headline":"Marilene Gangana &#8211; Homenagem","datePublished":"2025-10-23T19:09:15+00:00","dateModified":"2025-10-23T20:41:31+00:00","mainEntityOfPage":{"@id":"https:\/\/www.sabra.org.br\/site\/marilene-gangana-homenagem\/"},"wordCount":970,"commentCount":0,"publisher":{"@id":"https:\/\/www.sabra.org.br\/site\/#organization"},"image":{"@id":"https:\/\/www.sabra.org.br\/site\/marilene-gangana-homenagem\/#primaryimage"},"thumbnailUrl":"https:\/\/www.sabra.org.br\/site\/wp-content\/uploads\/2025\/10\/Marilene-Gangana.jpg","articleSection":["Not\u00edcias"],"inLanguage":"pt-BR","potentialAction":[{"@type":"CommentAction","name":"Comment","target":["https:\/\/www.sabra.org.br\/site\/marilene-gangana-homenagem\/#respond"]}]},{"@type":"WebPage","@id":"https:\/\/www.sabra.org.br\/site\/marilene-gangana-homenagem\/","url":"https:\/\/www.sabra.org.br\/site\/marilene-gangana-homenagem\/","name":"Homenagem \u00e0 Professora Marilene Gangana - SABRA - Sociedade Art\u00edstica Brasileira","isPartOf":{"@id":"https:\/\/www.sabra.org.br\/site\/#website"},"primaryImageOfPage":{"@id":"https:\/\/www.sabra.org.br\/site\/marilene-gangana-homenagem\/#primaryimage"},"image":{"@id":"https:\/\/www.sabra.org.br\/site\/marilene-gangana-homenagem\/#primaryimage"},"thumbnailUrl":"https:\/\/www.sabra.org.br\/site\/wp-content\/uploads\/2025\/10\/Marilene-Gangana.jpg","datePublished":"2025-10-23T19:09:15+00:00","dateModified":"2025-10-23T20:41:31+00:00","description":"Celebre a vida e a obra da professora Marilene Gangana com a homenagem especial realizada na Escola de M\u00fasica da UFMG.","breadcrumb":{"@id":"https:\/\/www.sabra.org.br\/site\/marilene-gangana-homenagem\/#breadcrumb"},"inLanguage":"pt-BR","potentialAction":[{"@type":"ReadAction","target":["https:\/\/www.sabra.org.br\/site\/marilene-gangana-homenagem\/"]}]},{"@type":"ImageObject","inLanguage":"pt-BR","@id":"https:\/\/www.sabra.org.br\/site\/marilene-gangana-homenagem\/#primaryimage","url":"https:\/\/www.sabra.org.br\/site\/wp-content\/uploads\/2025\/10\/Marilene-Gangana.jpg","contentUrl":"https:\/\/www.sabra.org.br\/site\/wp-content\/uploads\/2025\/10\/Marilene-Gangana.jpg","width":1600,"height":1200,"caption":"Sociedade Art\u00edstica Brasileira SABRA"},{"@type":"BreadcrumbList","@id":"https:\/\/www.sabra.org.br\/site\/marilene-gangana-homenagem\/#breadcrumb","itemListElement":[{"@type":"ListItem","position":1,"name":"In\u00edcio","item":"https:\/\/www.sabra.org.br\/site\/"},{"@type":"ListItem","position":2,"name":"Marilene Gangana &#8211; Homenagem"}]},{"@type":"WebSite","@id":"https:\/\/www.sabra.org.br\/site\/#website","url":"https:\/\/www.sabra.org.br\/site\/","name":"SABRA - Sociedade Art\u00edstica Brasileira","description":"Escola de M\u00fasica, Orquestra Sinf\u00f4nica, Coral e Patrim\u00f4nio Cultural e Hist\u00f3rico","publisher":{"@id":"https:\/\/www.sabra.org.br\/site\/#organization"},"potentialAction":[{"@type":"SearchAction","target":{"@type":"EntryPoint","urlTemplate":"https:\/\/www.sabra.org.br\/site\/?s={search_term_string}"},"query-input":{"@type":"PropertyValueSpecification","valueRequired":true,"valueName":"search_term_string"}}],"inLanguage":"pt-BR"},{"@type":"Organization","@id":"https:\/\/www.sabra.org.br\/site\/#organization","name":"SOCIEDADE ART\u00cdSTICA BRASILEIRA SABRA","alternateName":"SABRA","url":"https:\/\/www.sabra.org.br\/site\/","logo":{"@type":"ImageObject","inLanguage":"pt-BR","@id":"https:\/\/www.sabra.org.br\/site\/#\/schema\/logo\/image\/","url":"https:\/\/www.sabra.org.br\/site\/wp-content\/uploads\/2019\/06\/cropped-Logo_SABRA-Copia-1.webp","contentUrl":"https:\/\/www.sabra.org.br\/site\/wp-content\/uploads\/2019\/06\/cropped-Logo_SABRA-Copia-1.webp","width":400,"height":128,"caption":"SOCIEDADE ART\u00cdSTICA BRASILEIRA SABRA"},"image":{"@id":"https:\/\/www.sabra.org.br\/site\/#\/schema\/logo\/image\/"},"sameAs":["https:\/\/www.facebook.com\/sabrabrasil","https:\/\/x.com\/ContatoSabra","https:\/\/www.instagram.com\/sabrabrasil\/","https:\/\/www.linkedin.com\/company\/25002088\/","https:\/\/br.pinterest.com\/sociedadeartisticabrasileira\/","https:\/\/www.youtube.com\/c\/sabrabrasil"]},{"@type":"Person","@id":"https:\/\/www.sabra.org.br\/site\/#\/schema\/person\/7d1d222c3c8891d4c37c7b41bf6315c2","name":"M\u00e1rcio Miranda Pontes","image":{"@type":"ImageObject","inLanguage":"pt-BR","@id":"https:\/\/secure.gravatar.com\/avatar\/3b45f24496a7625a3a6c436688fbe20344faaeb2979658dc4a9921f984d7df9a?s=96&d=mm&r=g","url":"https:\/\/secure.gravatar.com\/avatar\/3b45f24496a7625a3a6c436688fbe20344faaeb2979658dc4a9921f984d7df9a?s=96&d=mm&r=g","contentUrl":"https:\/\/secure.gravatar.com\/avatar\/3b45f24496a7625a3a6c436688fbe20344faaeb2979658dc4a9921f984d7df9a?s=96&d=mm&r=g","caption":"M\u00e1rcio Miranda Pontes"},"sameAs":["http:\/\/www.sabra.org.br"],"url":"https:\/\/www.sabra.org.br\/site\/author\/marcio-miranda-pontes\/"}]}},"jetpack_featured_media_url":"https:\/\/www.sabra.org.br\/site\/wp-content\/uploads\/2025\/10\/Marilene-Gangana.jpg","jetpack_shortlink":"https:\/\/wp.me\/p95j2Z-3Rg","jetpack-related-posts":[{"id":6658,"url":"https:\/\/www.sabra.org.br\/site\/reuniao-sabra-semed-betim\/","url_meta":{"origin":14834,"position":0},"title":"Reuni\u00e3o SABRA SEMED-Betim","author":"M\u00e1rcio Miranda Pontes","date":"7 de fevereiro de 2023","format":false,"excerpt":"Orquestra Infantil e Orquestra Juvenil da Escola de Musica Sabra - Dia 12\/12\/2022 - Audi\u00e7\u00e3o de alunos no Teatro Municipal de Betim \u00a0 Foi realizada na manh\u00e3 de hoje, 07\/02\/23, uma reuni\u00e3o que contou com a participa\u00e7\u00e3o do presidente da Sabra, maestro M\u00e1rcio Miranda Pontes, e de uma equipe de\u2026","rel":"","context":"Em &quot;Blog SABRA&quot;","block_context":{"text":"Blog SABRA","link":"https:\/\/www.sabra.org.br\/site\/category\/blog-sabra\/"},"img":{"alt_text":"audi\u00e7\u00e3o de alunos Escola de M\u00fasica SABRA","src":"https:\/\/i0.wp.com\/www.sabra.org.br\/site\/wp-content\/uploads\/2023\/02\/audicao-scaled.jpg?resize=350%2C200&ssl=1","width":350,"height":200,"srcset":"https:\/\/i0.wp.com\/www.sabra.org.br\/site\/wp-content\/uploads\/2023\/02\/audicao-scaled.jpg?resize=350%2C200&ssl=1 1x, https:\/\/i0.wp.com\/www.sabra.org.br\/site\/wp-content\/uploads\/2023\/02\/audicao-scaled.jpg?resize=525%2C300&ssl=1 1.5x, https:\/\/i0.wp.com\/www.sabra.org.br\/site\/wp-content\/uploads\/2023\/02\/audicao-scaled.jpg?resize=700%2C400&ssl=1 2x, https:\/\/i0.wp.com\/www.sabra.org.br\/site\/wp-content\/uploads\/2023\/02\/audicao-scaled.jpg?resize=1050%2C600&ssl=1 3x, https:\/\/i0.wp.com\/www.sabra.org.br\/site\/wp-content\/uploads\/2023\/02\/audicao-scaled.jpg?resize=1400%2C800&ssl=1 4x"},"classes":[]},{"id":7250,"url":"https:\/\/www.sabra.org.br\/site\/concerto-orquestra\/","url_meta":{"origin":14834,"position":1},"title":"Nova s\u00e9rie de concertos com a Orquestra Sinf\u00f4nica de Betim","author":"M\u00e1rcio Miranda Pontes","date":"2 de junho de 2023","format":false,"excerpt":"Voc\u00ea sabia que a m\u00fasica pode ser uma excelente aliada do ensino de ci\u00eancias para as crian\u00e7as na escola? \u00c9 isso mesmo! Quer saber como isso acontece? Confira o texto a seguir!","rel":"","context":"Em &quot;Not\u00edcias&quot;","block_context":{"text":"Not\u00edcias","link":"https:\/\/www.sabra.org.br\/site\/category\/noticias\/"},"img":{"alt_text":"orquestra-sinf\u00f4nica-betim-juvenil-infantil-infanto-sabra-concerto","src":"https:\/\/i0.wp.com\/www.sabra.org.br\/site\/wp-content\/uploads\/2022\/12\/IMG_9406-scaled.jpg?resize=350%2C200&ssl=1","width":350,"height":200,"srcset":"https:\/\/i0.wp.com\/www.sabra.org.br\/site\/wp-content\/uploads\/2022\/12\/IMG_9406-scaled.jpg?resize=350%2C200&ssl=1 1x, https:\/\/i0.wp.com\/www.sabra.org.br\/site\/wp-content\/uploads\/2022\/12\/IMG_9406-scaled.jpg?resize=525%2C300&ssl=1 1.5x, https:\/\/i0.wp.com\/www.sabra.org.br\/site\/wp-content\/uploads\/2022\/12\/IMG_9406-scaled.jpg?resize=700%2C400&ssl=1 2x, https:\/\/i0.wp.com\/www.sabra.org.br\/site\/wp-content\/uploads\/2022\/12\/IMG_9406-scaled.jpg?resize=1050%2C600&ssl=1 3x, https:\/\/i0.wp.com\/www.sabra.org.br\/site\/wp-content\/uploads\/2022\/12\/IMG_9406-scaled.jpg?resize=1400%2C800&ssl=1 4x"},"classes":[]},{"id":5555,"url":"https:\/\/www.sabra.org.br\/site\/serie-noturna-agosto22\/","url_meta":{"origin":14834,"position":2},"title":"Concerto Noturno com a Orquestra Sinf\u00f4nica de Betim &#8211; 18\/08","author":"M\u00e1rcio Miranda Pontes","date":"10 de agosto de 2022","format":false,"excerpt":"Obras de Haydn, Mozart e Sibelius no pr\u00f3ximo concerto da Orquestra Sinf\u00f4nica de Betim, dia 18\/08 \u00e0s 19:30 horas, no Teatro Municipal de Betim","rel":"","context":"Em &quot;Not\u00edcias&quot;","block_context":{"text":"Not\u00edcias","link":"https:\/\/www.sabra.org.br\/site\/category\/noticias\/"},"img":{"alt_text":"orquestra-sinfonica-betim-meio-musica","src":"https:\/\/i0.wp.com\/www.sabra.org.br\/site\/wp-content\/uploads\/2022\/08\/Solistas.jpg?resize=350%2C200&ssl=1","width":350,"height":200,"srcset":"https:\/\/i0.wp.com\/www.sabra.org.br\/site\/wp-content\/uploads\/2022\/08\/Solistas.jpg?resize=350%2C200&ssl=1 1x, https:\/\/i0.wp.com\/www.sabra.org.br\/site\/wp-content\/uploads\/2022\/08\/Solistas.jpg?resize=525%2C300&ssl=1 1.5x, https:\/\/i0.wp.com\/www.sabra.org.br\/site\/wp-content\/uploads\/2022\/08\/Solistas.jpg?resize=700%2C400&ssl=1 2x, https:\/\/i0.wp.com\/www.sabra.org.br\/site\/wp-content\/uploads\/2022\/08\/Solistas.jpg?resize=1050%2C600&ssl=1 3x, https:\/\/i0.wp.com\/www.sabra.org.br\/site\/wp-content\/uploads\/2022\/08\/Solistas.jpg?resize=1400%2C800&ssl=1 4x"},"classes":[]},{"id":2818,"url":"https:\/\/www.sabra.org.br\/site\/marlene-silva\/","url_meta":{"origin":14834,"position":3},"title":"Cultura e vida social","author":"M\u00e1rcio Miranda Pontes","date":"13 de abril de 2020","format":false,"excerpt":"A cultura \u00e9 o que define cada indiv\u00edduo, cria sua identidade e norteia sua vida. Atrav\u00e9s de express\u00f5es culturais, a cultura de cada povo \u00e9 disseminada, aproximando pessoas em todo o mundo. Homenagem da SABRA \u00e0 Artista e ao ser humano que lutou incansavelmente pela Arte e a Cultura brasileira.","rel":"","context":"Em &quot;Blog SABRA&quot;","block_context":{"text":"Blog SABRA","link":"https:\/\/www.sabra.org.br\/site\/category\/blog-sabra\/"},"img":{"alt_text":"cultura-vida-social=cultura-marlene-silva-sociedade-sabra-vida-criar-social-dan\u00e7a-grupo-pessoas-tempo","src":"https:\/\/i0.wp.com\/www.sabra.org.br\/site\/wp-content\/uploads\/2020\/04\/Marlene.jpg?resize=350%2C200&ssl=1","width":350,"height":200,"srcset":"https:\/\/i0.wp.com\/www.sabra.org.br\/site\/wp-content\/uploads\/2020\/04\/Marlene.jpg?resize=350%2C200&ssl=1 1x, https:\/\/i0.wp.com\/www.sabra.org.br\/site\/wp-content\/uploads\/2020\/04\/Marlene.jpg?resize=525%2C300&ssl=1 1.5x, https:\/\/i0.wp.com\/www.sabra.org.br\/site\/wp-content\/uploads\/2020\/04\/Marlene.jpg?resize=700%2C400&ssl=1 2x"},"classes":[]},{"id":1499,"url":"https:\/\/www.sabra.org.br\/site\/homenagem-relembra-jk\/","url_meta":{"origin":14834,"position":4},"title":"Homenagem relembra JK","author":"M\u00e1rcio Miranda Pontes","date":"13 de setembro de 2018","format":false,"excerpt":"[vc_row][vc_column][vc_column_text]Na foto: Dr. Adolfo Garrido e sua esposa D. Zulmira Garrido, Dr. Lucas Quadros Silva, vice presidente do Instituto JK, maestro M\u00e1rcio Miranda Pontes e sua esposa Liliana Pontes.[\/vc_column_text][\/vc_column][\/vc_row][vc_row][vc_column][vc_column_text css=\"\"] Medalha JK Personalidades e institui\u00e7\u00f5es relevantes para o Estado de Minas Gerais, dentre elas governadores, representantes da sociedade civil, dos\u2026","rel":"","context":"Em &quot;Not\u00edcias&quot;","block_context":{"text":"Not\u00edcias","link":"https:\/\/www.sabra.org.br\/site\/category\/noticias\/"},"img":{"alt_text":"JK","src":"https:\/\/i0.wp.com\/www.sabra.org.br\/site\/wp-content\/uploads\/2018\/09\/a210c44b-e4d4-45d8-adb6-03a1bed1e4b4.jpg?resize=350%2C200&ssl=1","width":350,"height":200,"srcset":"https:\/\/i0.wp.com\/www.sabra.org.br\/site\/wp-content\/uploads\/2018\/09\/a210c44b-e4d4-45d8-adb6-03a1bed1e4b4.jpg?resize=350%2C200&ssl=1 1x, https:\/\/i0.wp.com\/www.sabra.org.br\/site\/wp-content\/uploads\/2018\/09\/a210c44b-e4d4-45d8-adb6-03a1bed1e4b4.jpg?resize=525%2C300&ssl=1 1.5x, https:\/\/i0.wp.com\/www.sabra.org.br\/site\/wp-content\/uploads\/2018\/09\/a210c44b-e4d4-45d8-adb6-03a1bed1e4b4.jpg?resize=700%2C400&ssl=1 2x, https:\/\/i0.wp.com\/www.sabra.org.br\/site\/wp-content\/uploads\/2018\/09\/a210c44b-e4d4-45d8-adb6-03a1bed1e4b4.jpg?resize=1050%2C600&ssl=1 3x"},"classes":[]},{"id":4238,"url":"https:\/\/www.sabra.org.br\/site\/mestre-felix\/","url_meta":{"origin":14834,"position":5},"title":"Mestre Felix","author":"M\u00e1rcio Miranda Pontes","date":"29 de setembro de 2021","format":false,"excerpt":"Mestre F\u00e9lix A Faculdade de Sabar\u00e1 publicou no YouTube o evento em homenagem ao Maestro Ant\u00f4nio F\u00e9lix de Souza Maia (MESTRE F\u00c9LIX) Grava\u00e7\u00e3o ao vivo na Casa de Cultura de Jaboticatubas \u2013 MG, em 12-09-2021 Conhe\u00e7a mais sobre o compositor e sua obra no site da SABRA. Neste v\u00eddeo, temos\u2026","rel":"","context":"Em &quot;Blog SABRA&quot;","block_context":{"text":"Blog SABRA","link":"https:\/\/www.sabra.org.br\/site\/category\/blog-sabra\/"},"img":{"alt_text":"mestre-felix-maestro-sabara-jaboticatubas","src":"https:\/\/i0.wp.com\/www.sabra.org.br\/site\/wp-content\/uploads\/2021\/09\/Mestre-felix-foto.png?resize=350%2C200&ssl=1","width":350,"height":200,"srcset":"https:\/\/i0.wp.com\/www.sabra.org.br\/site\/wp-content\/uploads\/2021\/09\/Mestre-felix-foto.png?resize=350%2C200&ssl=1 1x, https:\/\/i0.wp.com\/www.sabra.org.br\/site\/wp-content\/uploads\/2021\/09\/Mestre-felix-foto.png?resize=525%2C300&ssl=1 1.5x, https:\/\/i0.wp.com\/www.sabra.org.br\/site\/wp-content\/uploads\/2021\/09\/Mestre-felix-foto.png?resize=700%2C400&ssl=1 2x, https:\/\/i0.wp.com\/www.sabra.org.br\/site\/wp-content\/uploads\/2021\/09\/Mestre-felix-foto.png?resize=1050%2C600&ssl=1 3x"},"classes":[]}],"jetpack_likes_enabled":true,"jetpack_sharing_enabled":true,"_links":{"self":[{"href":"https:\/\/www.sabra.org.br\/site\/wp-json\/wp\/v2\/posts\/14834","targetHints":{"allow":["GET"]}}],"collection":[{"href":"https:\/\/www.sabra.org.br\/site\/wp-json\/wp\/v2\/posts"}],"about":[{"href":"https:\/\/www.sabra.org.br\/site\/wp-json\/wp\/v2\/types\/post"}],"author":[{"embeddable":true,"href":"https:\/\/www.sabra.org.br\/site\/wp-json\/wp\/v2\/users\/39"}],"replies":[{"embeddable":true,"href":"https:\/\/www.sabra.org.br\/site\/wp-json\/wp\/v2\/comments?post=14834"}],"version-history":[{"count":0,"href":"https:\/\/www.sabra.org.br\/site\/wp-json\/wp\/v2\/posts\/14834\/revisions"}],"wp:featuredmedia":[{"embeddable":true,"href":"https:\/\/www.sabra.org.br\/site\/wp-json\/wp\/v2\/media\/14835"}],"wp:attachment":[{"href":"https:\/\/www.sabra.org.br\/site\/wp-json\/wp\/v2\/media?parent=14834"}],"wp:term":[{"taxonomy":"category","embeddable":true,"href":"https:\/\/www.sabra.org.br\/site\/wp-json\/wp\/v2\/categories?post=14834"},{"taxonomy":"post_tag","embeddable":true,"href":"https:\/\/www.sabra.org.br\/site\/wp-json\/wp\/v2\/tags?post=14834"}],"curies":[{"name":"wp","href":"https:\/\/api.w.org\/{rel}","templated":true}]}}