{"id":15206,"date":"2026-03-04T12:06:31","date_gmt":"2026-03-04T15:06:31","guid":{"rendered":"https:\/\/www.sabra.org.br\/site\/?p=15206"},"modified":"2026-04-14T09:03:50","modified_gmt":"2026-04-14T12:03:50","slug":"coral-infantil-repertorio","status":"publish","type":"post","link":"https:\/\/www.sabra.org.br\/site\/coral-infantil-repertorio\/","title":{"rendered":"Coral Infantil &#8211; Repert\u00f3rio"},"content":{"rendered":"\n<p><h3>Pot-poutti 1<\/h3><\/p>\n\n\n\n<ul class=\"wp-block-list\">\n<li><a href=\"https:\/\/drive.google.com\/file\/d\/1u8npoJ5zwiZWT9wJZiZOeXhugt4py3yj\/view?usp=sharing\" target=\"_blank\" rel=\"noreferrer noopener\">Pot-pourri 1 &#8211; PDF<\/a><\/li>\n\n\n\n<li><a href=\"https:\/\/drive.google.com\/file\/d\/1Pkj8Z6aq9M1rlQ3fbJiYGxLMEfTL_nMu\/view?usp=sharing\" target=\"_blank\" rel=\"noreferrer noopener\">00 &#8211; Pot-pourri 1 &#8211; \u00c1udio completo<\/a><\/li>\n\n\n\n<li><a href=\"https:\/\/drive.google.com\/file\/d\/1Crdx-viXom6C8QveDUD_nK1DBKEGOwLw\/view?usp=sharing\" target=\"_blank\" rel=\"noreferrer noopener\">01-Marcha Soldado &#8211; Pot-pourri 1 &#8211; \u00c1udio<\/a><\/li>\n\n\n\n<li><a href=\"https:\/\/drive.google.com\/file\/d\/1nMNhUh3IRbbBHtEbjMU_CjbsDLAMs1fY\/view?usp=sharing\" target=\"_blank\" rel=\"noreferrer noopener\">02-Alecrim &#8211; Pot-pourri 1 &#8211; \u00c1udio<\/a><\/li>\n\n\n\n<li><a href=\"https:\/\/drive.google.com\/file\/d\/1dyGuXSRNpBZiJdTlJKR9wmn9KC8re0RF\/view?usp=sharing\" target=\"_blank\" rel=\"noreferrer noopener\">03-Atirei o pau no gato &#8211; Pot-pourri 1- \u00c1udio<\/a><\/li>\n\n\n\n<li><a href=\"https:\/\/drive.google.com\/file\/d\/1WcfEPe8dItcUTDldPSA5rP9W6T0hj8h_\/view?usp=sharing\" target=\"_blank\" rel=\"noreferrer noopener\">04-Escravos de J\u00f3 &#8211; Pot-pourri 1 &#8211; \u00c1udio<\/a><\/li>\n\n\n\n<li><a href=\"https:\/\/drive.google.com\/file\/d\/1SXTCmusJMh1OQACKhR02WntyaFoqAaxY\/view?usp=sharing\" target=\"_blank\" rel=\"noreferrer noopener\">05-Fui no Toror\u00f3 &#8211; Pot-pourri 1 &#8211; \u00c1udio<\/a><\/li>\n\n\n\n<li><a href=\"https:\/\/drive.google.com\/file\/d\/16pVXraZrOvpHQLclps3qYzH4J7qieJna\/view?usp=sharing\" target=\"_blank\" rel=\"noreferrer noopener\">06-Peixe vivo &#8211; Pot-pourri 1 &#8211; \u00c1udio<\/a><\/li>\n\n\n\n<li><a href=\"https:\/\/drive.google.com\/file\/d\/1NRzm_fhtG_KzK5PnAv4nuxpgPwkuOQ3Z\/view?usp=sharing\" target=\"_blank\" rel=\"noreferrer noopener\">07-Pirulito &#8211; Pot-pourri 1 &#8211; \u00c1udio<\/a><\/li>\n<\/ul>\n\n\n\n<p>&nbsp;<\/p>\n\n\n\n<hr class=\"wp-block-separator has-alpha-channel-opacity\"\/>\n\n\n\n<h2 class=\"wp-block-heading\">Se voc\u00ea gostou deste post:<\/h2>\n\n\n\n<ul class=\"wp-block-list\">\n<li>SIGA as nossas p\u00e1ginas nas redes sociais para acompanhar as nossas atualiza\u00e7\u00f5es: estamos no <a href=\"https:\/\/www.facebook.com\/sabrabrasil\" target=\"_blank\" rel=\"noreferrer noopener\">Facebook<\/a>, no <a href=\"https:\/\/www.instagram.com\/sabrabrasil\/\" target=\"_blank\" rel=\"noreferrer noopener\">Instagram<\/a>, no <a href=\"https:\/\/www.linkedin.com\/company\/25002088\" target=\"_blank\" rel=\"noreferrer noopener\">LinkedIn<\/a>, no <a href=\"https:\/\/x.com\/ContatoSabra\" target=\"_blank\" rel=\"noreferrer noopener\">X<\/a> e no <a href=\"https:\/\/www.youtube.com\/channel\/UCJw-kbuEvzUNdeQf20Pa-eQ\" target=\"_blank\" rel=\"noreferrer noopener\">YouTube<\/a>!<\/li>\n\n\n\n<li>CONHE\u00c7A o trabalho da Sociedade Art\u00edstica Brasileira (SABRA) e todas as iniciativas culturais e sociais que ela mant\u00e9m. <a href=\"https:\/\/www.sabra.org.br\/site\/acoes\/\" target=\"_blank\" rel=\"noreferrer noopener\">Acesse nosso site!<\/a><\/li>\n\n\n\n<li>ENTRE EM CONTATO com a gente. E veja quais s\u00e3o as op\u00e7\u00f5es de ajuda na manuten\u00e7\u00e3o de nossas a\u00e7\u00f5es sociais e culturais. Basta acessar nossa p\u00e1gina <a href=\"https:\/\/www.sabra.org.br\/site\/doe-agora\/\" target=\"_blank\" rel=\"noreferrer noopener\">Doe Agora!<\/a><\/li>\n\n\n\n<li>COMPARTILHE este texto nas suas redes sociais e ajude os seus amigos a tamb\u00e9m dominarem o assunto!<\/li>\n<\/ul>\n\n\n\n<p>\u2013 Os projetos da @sabrabrasil s\u00e3o realizados com o patroci\u0301nio m\u00e1ster: @institutounimedbh, viabilizado pelo incentivo de mais de 5,9 mil m\u00e9dicos cooperados e colaboradores via Lei de Incentivo \u00e0 Cultura &#8211; @culturagovbr, @minc<\/p>\n","protected":false},"excerpt":{"rendered":"<p>Pot-poutti 1 &nbsp; Se voc\u00ea gostou deste post: \u2013 Os projetos da @sabrabrasil s\u00e3o realizados com o patroci\u0301nio m\u00e1ster: @institutounimedbh, viabilizado pelo incentivo de mais&hellip;<\/p>\n","protected":false},"author":39,"featured_media":0,"comment_status":"open","ping_status":"open","sticky":false,"template":"","format":"standard","meta":{"jetpack_post_was_ever_published":false,"_jetpack_newsletter_access":"","_jetpack_dont_email_post_to_subs":true,"_jetpack_newsletter_tier_id":0,"_jetpack_memberships_contains_paywalled_content":false,"_jetpack_memberships_contains_paid_content":false,"footnotes":""},"categories":[1],"tags":[],"class_list":["post-15206","post","type-post","status-publish","format-standard","hentry","category-blog-sabra"],"yoast_head":"<!-- This site is optimized with the Yoast SEO plugin v27.4 - https:\/\/yoast.com\/product\/yoast-seo-wordpress\/ -->\n<title>Coral Infantil - Repert\u00f3rio - SABRA - Sociedade Art\u00edstica Brasileira<\/title>\n<meta name=\"robots\" content=\"index, follow, max-snippet:-1, max-image-preview:large, max-video-preview:-1\" \/>\n<link rel=\"canonical\" href=\"https:\/\/www.sabra.org.br\/site\/coral-infantil-repertorio\/\" \/>\n<meta property=\"og:locale\" content=\"pt_BR\" \/>\n<meta property=\"og:type\" content=\"article\" \/>\n<meta property=\"og:title\" content=\"Coral Infantil - Repert\u00f3rio - SABRA - Sociedade Art\u00edstica Brasileira\" \/>\n<meta property=\"og:description\" content=\"Pot-poutti 1 &nbsp; Se voc\u00ea gostou deste post: \u2013 Os projetos da @sabrabrasil s\u00e3o realizados com o patroci\u0301nio m\u00e1ster: @institutounimedbh, viabilizado pelo incentivo de mais&hellip;\" \/>\n<meta property=\"og:url\" content=\"https:\/\/www.sabra.org.br\/site\/coral-infantil-repertorio\/\" \/>\n<meta property=\"og:site_name\" content=\"SABRA - Sociedade Art\u00edstica Brasileira\" \/>\n<meta property=\"article:publisher\" content=\"https:\/\/www.facebook.com\/sabrabrasil\" \/>\n<meta property=\"article:published_time\" content=\"2026-03-04T15:06:31+00:00\" \/>\n<meta property=\"article:modified_time\" content=\"2026-04-14T12:03:50+00:00\" \/>\n<meta property=\"og:image\" content=\"https:\/\/www.sabra.org.br\/site\/wp-content\/uploads\/2021\/12\/AvatarSabra1.jpg\" \/>\n\t<meta property=\"og:image:width\" content=\"200\" \/>\n\t<meta property=\"og:image:height\" content=\"200\" \/>\n\t<meta property=\"og:image:type\" content=\"image\/jpeg\" \/>\n<meta name=\"author\" content=\"M\u00e1rcio Miranda Pontes\" \/>\n<meta name=\"twitter:card\" content=\"summary_large_image\" \/>\n<meta name=\"twitter:creator\" content=\"@ContatoSabra\" \/>\n<meta name=\"twitter:site\" content=\"@ContatoSabra\" \/>\n<meta name=\"twitter:label1\" content=\"Escrito por\" \/>\n\t<meta name=\"twitter:data1\" content=\"M\u00e1rcio Miranda Pontes\" \/>\n\t<meta name=\"twitter:label2\" content=\"Est. tempo de leitura\" \/>\n\t<meta name=\"twitter:data2\" content=\"1 minuto\" \/>\n<script type=\"application\/ld+json\" class=\"yoast-schema-graph\">{\"@context\":\"https:\\\/\\\/schema.org\",\"@graph\":[{\"@type\":\"Article\",\"@id\":\"https:\\\/\\\/www.sabra.org.br\\\/site\\\/coral-infantil-repertorio\\\/#article\",\"isPartOf\":{\"@id\":\"https:\\\/\\\/www.sabra.org.br\\\/site\\\/coral-infantil-repertorio\\\/\"},\"author\":{\"name\":\"M\u00e1rcio Miranda Pontes\",\"@id\":\"https:\\\/\\\/www.sabra.org.br\\\/site\\\/#\\\/schema\\\/person\\\/7d1d222c3c8891d4c37c7b41bf6315c2\"},\"headline\":\"Coral Infantil &#8211; Repert\u00f3rio\",\"datePublished\":\"2026-03-04T15:06:31+00:00\",\"dateModified\":\"2026-04-14T12:03:50+00:00\",\"mainEntityOfPage\":{\"@id\":\"https:\\\/\\\/www.sabra.org.br\\\/site\\\/coral-infantil-repertorio\\\/\"},\"wordCount\":200,\"commentCount\":0,\"publisher\":{\"@id\":\"https:\\\/\\\/www.sabra.org.br\\\/site\\\/#organization\"},\"articleSection\":[\"Blog SABRA\"],\"inLanguage\":\"pt-BR\",\"potentialAction\":[{\"@type\":\"CommentAction\",\"name\":\"Comment\",\"target\":[\"https:\\\/\\\/www.sabra.org.br\\\/site\\\/coral-infantil-repertorio\\\/#respond\"]}]},{\"@type\":\"WebPage\",\"@id\":\"https:\\\/\\\/www.sabra.org.br\\\/site\\\/coral-infantil-repertorio\\\/\",\"url\":\"https:\\\/\\\/www.sabra.org.br\\\/site\\\/coral-infantil-repertorio\\\/\",\"name\":\"Coral Infantil - Repert\u00f3rio - SABRA - Sociedade Art\u00edstica Brasileira\",\"isPartOf\":{\"@id\":\"https:\\\/\\\/www.sabra.org.br\\\/site\\\/#website\"},\"datePublished\":\"2026-03-04T15:06:31+00:00\",\"dateModified\":\"2026-04-14T12:03:50+00:00\",\"breadcrumb\":{\"@id\":\"https:\\\/\\\/www.sabra.org.br\\\/site\\\/coral-infantil-repertorio\\\/#breadcrumb\"},\"inLanguage\":\"pt-BR\",\"potentialAction\":[{\"@type\":\"ReadAction\",\"target\":[\"https:\\\/\\\/www.sabra.org.br\\\/site\\\/coral-infantil-repertorio\\\/\"]}]},{\"@type\":\"BreadcrumbList\",\"@id\":\"https:\\\/\\\/www.sabra.org.br\\\/site\\\/coral-infantil-repertorio\\\/#breadcrumb\",\"itemListElement\":[{\"@type\":\"ListItem\",\"position\":1,\"name\":\"In\u00edcio\",\"item\":\"https:\\\/\\\/www.sabra.org.br\\\/site\\\/\"},{\"@type\":\"ListItem\",\"position\":2,\"name\":\"Coral Infantil &#8211; Repert\u00f3rio\"}]},{\"@type\":\"WebSite\",\"@id\":\"https:\\\/\\\/www.sabra.org.br\\\/site\\\/#website\",\"url\":\"https:\\\/\\\/www.sabra.org.br\\\/site\\\/\",\"name\":\"SABRA - Sociedade Art\u00edstica Brasileira\",\"description\":\"Escola de M\u00fasica, Orquestra Sinf\u00f4nica, Coral e Patrim\u00f4nio Cultural e Hist\u00f3rico\",\"publisher\":{\"@id\":\"https:\\\/\\\/www.sabra.org.br\\\/site\\\/#organization\"},\"potentialAction\":[{\"@type\":\"SearchAction\",\"target\":{\"@type\":\"EntryPoint\",\"urlTemplate\":\"https:\\\/\\\/www.sabra.org.br\\\/site\\\/?s={search_term_string}\"},\"query-input\":{\"@type\":\"PropertyValueSpecification\",\"valueRequired\":true,\"valueName\":\"search_term_string\"}}],\"inLanguage\":\"pt-BR\"},{\"@type\":\"Organization\",\"@id\":\"https:\\\/\\\/www.sabra.org.br\\\/site\\\/#organization\",\"name\":\"SOCIEDADE ART\u00cdSTICA BRASILEIRA SABRA\",\"alternateName\":\"SABRA\",\"url\":\"https:\\\/\\\/www.sabra.org.br\\\/site\\\/\",\"logo\":{\"@type\":\"ImageObject\",\"inLanguage\":\"pt-BR\",\"@id\":\"https:\\\/\\\/www.sabra.org.br\\\/site\\\/#\\\/schema\\\/logo\\\/image\\\/\",\"url\":\"https:\\\/\\\/www.sabra.org.br\\\/site\\\/wp-content\\\/uploads\\\/2019\\\/06\\\/cropped-Logo_SABRA-Copia-1.webp\",\"contentUrl\":\"https:\\\/\\\/www.sabra.org.br\\\/site\\\/wp-content\\\/uploads\\\/2019\\\/06\\\/cropped-Logo_SABRA-Copia-1.webp\",\"width\":400,\"height\":128,\"caption\":\"SOCIEDADE ART\u00cdSTICA BRASILEIRA SABRA\"},\"image\":{\"@id\":\"https:\\\/\\\/www.sabra.org.br\\\/site\\\/#\\\/schema\\\/logo\\\/image\\\/\"},\"sameAs\":[\"https:\\\/\\\/www.facebook.com\\\/sabrabrasil\",\"https:\\\/\\\/x.com\\\/ContatoSabra\",\"https:\\\/\\\/www.instagram.com\\\/sabrabrasil\\\/\",\"https:\\\/\\\/www.linkedin.com\\\/company\\\/25002088\\\/\",\"https:\\\/\\\/br.pinterest.com\\\/sociedadeartisticabrasileira\\\/\",\"https:\\\/\\\/www.youtube.com\\\/c\\\/sabrabrasil\"]},{\"@type\":\"Person\",\"@id\":\"https:\\\/\\\/www.sabra.org.br\\\/site\\\/#\\\/schema\\\/person\\\/7d1d222c3c8891d4c37c7b41bf6315c2\",\"name\":\"M\u00e1rcio Miranda Pontes\",\"image\":{\"@type\":\"ImageObject\",\"inLanguage\":\"pt-BR\",\"@id\":\"https:\\\/\\\/secure.gravatar.com\\\/avatar\\\/3b45f24496a7625a3a6c436688fbe20344faaeb2979658dc4a9921f984d7df9a?s=96&d=mm&r=g\",\"url\":\"https:\\\/\\\/secure.gravatar.com\\\/avatar\\\/3b45f24496a7625a3a6c436688fbe20344faaeb2979658dc4a9921f984d7df9a?s=96&d=mm&r=g\",\"contentUrl\":\"https:\\\/\\\/secure.gravatar.com\\\/avatar\\\/3b45f24496a7625a3a6c436688fbe20344faaeb2979658dc4a9921f984d7df9a?s=96&d=mm&r=g\",\"caption\":\"M\u00e1rcio Miranda Pontes\"},\"sameAs\":[\"http:\\\/\\\/www.sabra.org.br\"],\"url\":\"https:\\\/\\\/www.sabra.org.br\\\/site\\\/author\\\/marcio-miranda-pontes\\\/\"}]}<\/script>\n<!-- \/ Yoast SEO plugin. -->","yoast_head_json":{"title":"Coral Infantil - Repert\u00f3rio - SABRA - Sociedade Art\u00edstica Brasileira","robots":{"index":"index","follow":"follow","max-snippet":"max-snippet:-1","max-image-preview":"max-image-preview:large","max-video-preview":"max-video-preview:-1"},"canonical":"https:\/\/www.sabra.org.br\/site\/coral-infantil-repertorio\/","og_locale":"pt_BR","og_type":"article","og_title":"Coral Infantil - Repert\u00f3rio - SABRA - Sociedade Art\u00edstica Brasileira","og_description":"Pot-poutti 1 &nbsp; Se voc\u00ea gostou deste post: \u2013 Os projetos da @sabrabrasil s\u00e3o realizados com o patroci\u0301nio m\u00e1ster: @institutounimedbh, viabilizado pelo incentivo de mais&hellip;","og_url":"https:\/\/www.sabra.org.br\/site\/coral-infantil-repertorio\/","og_site_name":"SABRA - Sociedade Art\u00edstica Brasileira","article_publisher":"https:\/\/www.facebook.com\/sabrabrasil","article_published_time":"2026-03-04T15:06:31+00:00","article_modified_time":"2026-04-14T12:03:50+00:00","og_image":[{"width":200,"height":200,"url":"https:\/\/www.sabra.org.br\/site\/wp-content\/uploads\/2021\/12\/AvatarSabra1.jpg","type":"image\/jpeg"}],"author":"M\u00e1rcio Miranda Pontes","twitter_card":"summary_large_image","twitter_creator":"@ContatoSabra","twitter_site":"@ContatoSabra","twitter_misc":{"Escrito por":"M\u00e1rcio Miranda Pontes","Est. tempo de leitura":"1 minuto"},"schema":{"@context":"https:\/\/schema.org","@graph":[{"@type":"Article","@id":"https:\/\/www.sabra.org.br\/site\/coral-infantil-repertorio\/#article","isPartOf":{"@id":"https:\/\/www.sabra.org.br\/site\/coral-infantil-repertorio\/"},"author":{"name":"M\u00e1rcio Miranda Pontes","@id":"https:\/\/www.sabra.org.br\/site\/#\/schema\/person\/7d1d222c3c8891d4c37c7b41bf6315c2"},"headline":"Coral Infantil &#8211; Repert\u00f3rio","datePublished":"2026-03-04T15:06:31+00:00","dateModified":"2026-04-14T12:03:50+00:00","mainEntityOfPage":{"@id":"https:\/\/www.sabra.org.br\/site\/coral-infantil-repertorio\/"},"wordCount":200,"commentCount":0,"publisher":{"@id":"https:\/\/www.sabra.org.br\/site\/#organization"},"articleSection":["Blog SABRA"],"inLanguage":"pt-BR","potentialAction":[{"@type":"CommentAction","name":"Comment","target":["https:\/\/www.sabra.org.br\/site\/coral-infantil-repertorio\/#respond"]}]},{"@type":"WebPage","@id":"https:\/\/www.sabra.org.br\/site\/coral-infantil-repertorio\/","url":"https:\/\/www.sabra.org.br\/site\/coral-infantil-repertorio\/","name":"Coral Infantil - Repert\u00f3rio - SABRA - Sociedade Art\u00edstica Brasileira","isPartOf":{"@id":"https:\/\/www.sabra.org.br\/site\/#website"},"datePublished":"2026-03-04T15:06:31+00:00","dateModified":"2026-04-14T12:03:50+00:00","breadcrumb":{"@id":"https:\/\/www.sabra.org.br\/site\/coral-infantil-repertorio\/#breadcrumb"},"inLanguage":"pt-BR","potentialAction":[{"@type":"ReadAction","target":["https:\/\/www.sabra.org.br\/site\/coral-infantil-repertorio\/"]}]},{"@type":"BreadcrumbList","@id":"https:\/\/www.sabra.org.br\/site\/coral-infantil-repertorio\/#breadcrumb","itemListElement":[{"@type":"ListItem","position":1,"name":"In\u00edcio","item":"https:\/\/www.sabra.org.br\/site\/"},{"@type":"ListItem","position":2,"name":"Coral Infantil &#8211; Repert\u00f3rio"}]},{"@type":"WebSite","@id":"https:\/\/www.sabra.org.br\/site\/#website","url":"https:\/\/www.sabra.org.br\/site\/","name":"SABRA - Sociedade Art\u00edstica Brasileira","description":"Escola de M\u00fasica, Orquestra Sinf\u00f4nica, Coral e Patrim\u00f4nio Cultural e Hist\u00f3rico","publisher":{"@id":"https:\/\/www.sabra.org.br\/site\/#organization"},"potentialAction":[{"@type":"SearchAction","target":{"@type":"EntryPoint","urlTemplate":"https:\/\/www.sabra.org.br\/site\/?s={search_term_string}"},"query-input":{"@type":"PropertyValueSpecification","valueRequired":true,"valueName":"search_term_string"}}],"inLanguage":"pt-BR"},{"@type":"Organization","@id":"https:\/\/www.sabra.org.br\/site\/#organization","name":"SOCIEDADE ART\u00cdSTICA BRASILEIRA SABRA","alternateName":"SABRA","url":"https:\/\/www.sabra.org.br\/site\/","logo":{"@type":"ImageObject","inLanguage":"pt-BR","@id":"https:\/\/www.sabra.org.br\/site\/#\/schema\/logo\/image\/","url":"https:\/\/www.sabra.org.br\/site\/wp-content\/uploads\/2019\/06\/cropped-Logo_SABRA-Copia-1.webp","contentUrl":"https:\/\/www.sabra.org.br\/site\/wp-content\/uploads\/2019\/06\/cropped-Logo_SABRA-Copia-1.webp","width":400,"height":128,"caption":"SOCIEDADE ART\u00cdSTICA BRASILEIRA SABRA"},"image":{"@id":"https:\/\/www.sabra.org.br\/site\/#\/schema\/logo\/image\/"},"sameAs":["https:\/\/www.facebook.com\/sabrabrasil","https:\/\/x.com\/ContatoSabra","https:\/\/www.instagram.com\/sabrabrasil\/","https:\/\/www.linkedin.com\/company\/25002088\/","https:\/\/br.pinterest.com\/sociedadeartisticabrasileira\/","https:\/\/www.youtube.com\/c\/sabrabrasil"]},{"@type":"Person","@id":"https:\/\/www.sabra.org.br\/site\/#\/schema\/person\/7d1d222c3c8891d4c37c7b41bf6315c2","name":"M\u00e1rcio Miranda Pontes","image":{"@type":"ImageObject","inLanguage":"pt-BR","@id":"https:\/\/secure.gravatar.com\/avatar\/3b45f24496a7625a3a6c436688fbe20344faaeb2979658dc4a9921f984d7df9a?s=96&d=mm&r=g","url":"https:\/\/secure.gravatar.com\/avatar\/3b45f24496a7625a3a6c436688fbe20344faaeb2979658dc4a9921f984d7df9a?s=96&d=mm&r=g","contentUrl":"https:\/\/secure.gravatar.com\/avatar\/3b45f24496a7625a3a6c436688fbe20344faaeb2979658dc4a9921f984d7df9a?s=96&d=mm&r=g","caption":"M\u00e1rcio Miranda Pontes"},"sameAs":["http:\/\/www.sabra.org.br"],"url":"https:\/\/www.sabra.org.br\/site\/author\/marcio-miranda-pontes\/"}]}},"jetpack_featured_media_url":"","jetpack_shortlink":"https:\/\/wp.me\/p95j2Z-3Xg","jetpack-related-posts":[{"id":15332,"url":"https:\/\/www.sabra.org.br\/site\/pout-pourri-cordas-e-instrumentos\/","url_meta":{"origin":15206,"position":0},"title":"Pout-Pourri cordas e instrumentos","author":"M\u00e1rcio Miranda Pontes","date":"14 de abril de 2026","format":false,"excerpt":"Fa\u00e7a download das partes instrumentais para estudo: FlautaClarinete BbSax Alto EbSax Tenor BbTrompa FTrompete Bb\u00a0 TromboneViolaVioloncelo\/Contrabaixo \u00a0 Se voc\u00ea gostou deste post: - SIGA as nossas p\u00e1ginas nas redes sociais para acompanhar as nossas atualiza\u00e7\u00f5es: estamos no Facebook, no Instagram, no LinkedIn, no X e no YouTube! - CONHE\u00c7A o\u2026","rel":"","context":"Em &quot;Not\u00edcias&quot;","block_context":{"text":"Not\u00edcias","link":"https:\/\/www.sabra.org.br\/site\/category\/noticias\/"},"img":{"alt_text":"","src":"","width":0,"height":0},"classes":[]},{"id":4409,"url":"https:\/\/www.sabra.org.br\/site\/musicalizacao-2\/","url_meta":{"origin":15206,"position":1},"title":"Audi\u00e7\u00e3o de alunos de Musicaliza\u00e7\u00e3o","author":"M\u00e1rcio Miranda Pontes","date":"3 de dezembro de 2021","format":false,"excerpt":"[vc_row][vc_column][vc_column_text] Escola de M\u00fasica SABRA Alunos de violino da Professora Janete Rocha - 2021 V\u00eddeos gravados remotamente pelos alunos e editados pela professora. M\u00fasica: 2 por 10 Ana J\u00falia Carvalhho, Davi Israel da Silva, Nina Carvalho e Rafael Beni M\u00fasica: Pot Pourri - 9\u00aa sinfonia e Jingle Bells Arthur Aquino,\u2026","rel":"","context":"Em &quot;Not\u00edcias&quot;","block_context":{"text":"Not\u00edcias","link":"https:\/\/www.sabra.org.br\/site\/category\/noticias\/"},"img":{"alt_text":"Escola-musica-sabra-audicao","src":"https:\/\/i0.wp.com\/www.sabra.org.br\/site\/wp-content\/uploads\/2021\/12\/Orquestra-Infanto-Juvenil2.jpg?resize=350%2C200&ssl=1","width":350,"height":200,"srcset":"https:\/\/i0.wp.com\/www.sabra.org.br\/site\/wp-content\/uploads\/2021\/12\/Orquestra-Infanto-Juvenil2.jpg?resize=350%2C200&ssl=1 1x, https:\/\/i0.wp.com\/www.sabra.org.br\/site\/wp-content\/uploads\/2021\/12\/Orquestra-Infanto-Juvenil2.jpg?resize=525%2C300&ssl=1 1.5x, https:\/\/i0.wp.com\/www.sabra.org.br\/site\/wp-content\/uploads\/2021\/12\/Orquestra-Infanto-Juvenil2.jpg?resize=700%2C400&ssl=1 2x, https:\/\/i0.wp.com\/www.sabra.org.br\/site\/wp-content\/uploads\/2021\/12\/Orquestra-Infanto-Juvenil2.jpg?resize=1050%2C600&ssl=1 3x, https:\/\/i0.wp.com\/www.sabra.org.br\/site\/wp-content\/uploads\/2021\/12\/Orquestra-Infanto-Juvenil2.jpg?resize=1400%2C800&ssl=1 4x"},"classes":[]},{"id":5093,"url":"https:\/\/www.sabra.org.br\/site\/programa-19-05-2022\/","url_meta":{"origin":15206,"position":2},"title":"Programa Concerto Noturno &#8211; 19\/05\/2022","author":"M\u00e1rcio Miranda Pontes","date":"18 de maio de 2022","format":false,"excerpt":"Programa do concerto da s\u00e9rie noturna do dia 19-05-2022 - Teatro Municipal Newton Franco Amaral","rel":"","context":"Em &quot;Not\u00edcias&quot;","block_context":{"text":"Not\u00edcias","link":"https:\/\/www.sabra.org.br\/site\/category\/noticias\/"},"img":{"alt_text":"Patroc\u00ednio","src":"https:\/\/i0.wp.com\/www.sabra.org.br\/site\/wp-content\/uploads\/2022\/05\/AssinaturaYouTubeEimpressos300-scaled.jpg?resize=350%2C200&ssl=1","width":350,"height":200,"srcset":"https:\/\/i0.wp.com\/www.sabra.org.br\/site\/wp-content\/uploads\/2022\/05\/AssinaturaYouTubeEimpressos300-scaled.jpg?resize=350%2C200&ssl=1 1x, https:\/\/i0.wp.com\/www.sabra.org.br\/site\/wp-content\/uploads\/2022\/05\/AssinaturaYouTubeEimpressos300-scaled.jpg?resize=525%2C300&ssl=1 1.5x, https:\/\/i0.wp.com\/www.sabra.org.br\/site\/wp-content\/uploads\/2022\/05\/AssinaturaYouTubeEimpressos300-scaled.jpg?resize=700%2C400&ssl=1 2x, https:\/\/i0.wp.com\/www.sabra.org.br\/site\/wp-content\/uploads\/2022\/05\/AssinaturaYouTubeEimpressos300-scaled.jpg?resize=1050%2C600&ssl=1 3x, https:\/\/i0.wp.com\/www.sabra.org.br\/site\/wp-content\/uploads\/2022\/05\/AssinaturaYouTubeEimpressos300-scaled.jpg?resize=1400%2C800&ssl=1 4x"},"classes":[]},{"id":7250,"url":"https:\/\/www.sabra.org.br\/site\/concerto-orquestra\/","url_meta":{"origin":15206,"position":3},"title":"Nova s\u00e9rie de concertos com a Orquestra Sinf\u00f4nica de Betim","author":"M\u00e1rcio Miranda Pontes","date":"2 de junho de 2023","format":false,"excerpt":"Voc\u00ea sabia que a m\u00fasica pode ser uma excelente aliada do ensino de ci\u00eancias para as crian\u00e7as na escola? \u00c9 isso mesmo! Quer saber como isso acontece? Confira o texto a seguir!","rel":"","context":"Em &quot;Not\u00edcias&quot;","block_context":{"text":"Not\u00edcias","link":"https:\/\/www.sabra.org.br\/site\/category\/noticias\/"},"img":{"alt_text":"orquestra-sinf\u00f4nica-betim-juvenil-infantil-infanto-sabra-concerto","src":"https:\/\/i0.wp.com\/www.sabra.org.br\/site\/wp-content\/uploads\/2022\/12\/IMG_9406-scaled.jpg?resize=350%2C200&ssl=1","width":350,"height":200,"srcset":"https:\/\/i0.wp.com\/www.sabra.org.br\/site\/wp-content\/uploads\/2022\/12\/IMG_9406-scaled.jpg?resize=350%2C200&ssl=1 1x, https:\/\/i0.wp.com\/www.sabra.org.br\/site\/wp-content\/uploads\/2022\/12\/IMG_9406-scaled.jpg?resize=525%2C300&ssl=1 1.5x, https:\/\/i0.wp.com\/www.sabra.org.br\/site\/wp-content\/uploads\/2022\/12\/IMG_9406-scaled.jpg?resize=700%2C400&ssl=1 2x, https:\/\/i0.wp.com\/www.sabra.org.br\/site\/wp-content\/uploads\/2022\/12\/IMG_9406-scaled.jpg?resize=1050%2C600&ssl=1 3x, https:\/\/i0.wp.com\/www.sabra.org.br\/site\/wp-content\/uploads\/2022\/12\/IMG_9406-scaled.jpg?resize=1400%2C800&ssl=1 4x"},"classes":[]},{"id":13267,"url":"https:\/\/www.sabra.org.br\/site\/producao-musical-em-casa-como-criar-musica-com-equipamentos-ao-seu-alcance\/","url_meta":{"origin":15206,"position":4},"title":"Produ\u00e7\u00e3o musical em casa: como criar m\u00fasica com equipamentos ao seu alcance?","author":"","date":"22 de agosto de 2025","format":false,"excerpt":"A produ\u00e7\u00e3o musical em casa tornou-se uma realidade acess\u00edvel a qualquer aspirante a m\u00fasico ou produtor nos dias de hoje. Com a evolu\u00e7\u00e3o da tecnologia, a redu\u00e7\u00e3o de custos e a disponibilidade de recursos online, \u00e9 poss\u00edvel criar m\u00fasica de alta qualidade sem a necessidade de um est\u00fadio profissional. O\u2026","rel":"","context":"Em &quot;Blog SABRA&quot;","block_context":{"text":"Blog SABRA","link":"https:\/\/www.sabra.org.br\/site\/category\/blog-sabra\/"},"img":{"alt_text":"","src":"","width":0,"height":0},"classes":[]},{"id":13023,"url":"https:\/\/www.sabra.org.br\/site\/x-ferramentas-indispensaveis-para-todo-musico-iniciante\/","url_meta":{"origin":15206,"position":5},"title":"X ferramentas indispens\u00e1veis para todo m\u00fasico iniciante","author":"","date":"22 de agosto de 2025","format":false,"excerpt":"Entrar no universo da m\u00fasica \u00e9 emocionante, mas pode ser desafiador, especialmente para quem est\u00e1 come\u00e7ando. O aprendizado exige dedica\u00e7\u00e3o e pr\u00e1tica, mas tamb\u00e9m depende das ferramentas que voc\u00ea utiliza ao longo do caminho. Desde equipamentos b\u00e1sicos at\u00e9 tecnologias avan\u00e7adas, existem recursos que podem transformar a forma como voc\u00ea aprende\u2026","rel":"","context":"Em &quot;Blog SABRA&quot;","block_context":{"text":"Blog SABRA","link":"https:\/\/www.sabra.org.br\/site\/category\/blog-sabra\/"},"img":{"alt_text":"","src":"","width":0,"height":0},"classes":[]}],"jetpack_likes_enabled":true,"jetpack_sharing_enabled":true,"_links":{"self":[{"href":"https:\/\/www.sabra.org.br\/site\/wp-json\/wp\/v2\/posts\/15206","targetHints":{"allow":["GET"]}}],"collection":[{"href":"https:\/\/www.sabra.org.br\/site\/wp-json\/wp\/v2\/posts"}],"about":[{"href":"https:\/\/www.sabra.org.br\/site\/wp-json\/wp\/v2\/types\/post"}],"author":[{"embeddable":true,"href":"https:\/\/www.sabra.org.br\/site\/wp-json\/wp\/v2\/users\/39"}],"replies":[{"embeddable":true,"href":"https:\/\/www.sabra.org.br\/site\/wp-json\/wp\/v2\/comments?post=15206"}],"version-history":[{"count":11,"href":"https:\/\/www.sabra.org.br\/site\/wp-json\/wp\/v2\/posts\/15206\/revisions"}],"predecessor-version":[{"id":15331,"href":"https:\/\/www.sabra.org.br\/site\/wp-json\/wp\/v2\/posts\/15206\/revisions\/15331"}],"wp:attachment":[{"href":"https:\/\/www.sabra.org.br\/site\/wp-json\/wp\/v2\/media?parent=15206"}],"wp:term":[{"taxonomy":"category","embeddable":true,"href":"https:\/\/www.sabra.org.br\/site\/wp-json\/wp\/v2\/categories?post=15206"},{"taxonomy":"post_tag","embeddable":true,"href":"https:\/\/www.sabra.org.br\/site\/wp-json\/wp\/v2\/tags?post=15206"}],"curies":[{"name":"wp","href":"https:\/\/api.w.org\/{rel}","templated":true}]}}