{"id":15219,"date":"2026-03-05T13:02:44","date_gmt":"2026-03-05T16:02:44","guid":{"rendered":"https:\/\/www.sabra.org.br\/site\/?p=15219"},"modified":"2026-03-23T21:12:31","modified_gmt":"2026-03-24T00:12:31","slug":"resultado-edital-002-2026-coral-adulto","status":"publish","type":"post","link":"https:\/\/www.sabra.org.br\/site\/resultado-edital-002-2026-coral-adulto\/","title":{"rendered":"Resultado EDITAL 002-2026 Coral Adulto"},"content":{"rendered":"\n<p>A SOCIEDADE ART\u00cdSTICA BRASILEIRA \u2013 SABRA parabeniza todas(os) as(os) participantes no processo seletivo para as vagas no curso Coral Adulto e publica, como previsto no Edital de Sele\u00e7\u00e3o, a lista dos aprovados para o ano de 2026.<br>Os procedimentos de matr\u00edcula, solicita\u00e7\u00e3o de bolsa incentivo e detalhes sobre as atividades do curso Coral Adulto ser\u00e3o enviados por e-mail.<\/p>\n\n\n\n<p><br><strong>Lista de aprovados para o \u201cCoral Adulto\u201d \u2013 2026<\/strong><br><strong>Com bolsa incentivo<\/strong><\/p>\n\n\n\n<p>Andr\u00e9 Fernando de Souza Ferreira \u2013 Baixo<br>D\u00e9bora Lorraine Alves. R. Pereira \u2013 Contralto<br>Elienai Costa Nascimento \u2013 Tenor<br>Endrigo de Freitas Rodrigues \u2013 Tenor<br>Gisele de Carvalho Fernandes \u2013 Soprano<br>Melina de Lima Peixoto \u2013 Soprano<br>Paulo Augusto Borges \u2013 Contralto<br>Thiago Roussin Borges \u2013 Baixo<\/p>\n\n\n\n<p><strong>TRAINEE (Sem bolsa incentivo)<\/strong><\/p>\n\n\n\n<p>Adriana Paula dos Reis<br>Adriana Rodrigues Santos<br>Alessandra Soares da silva<br>Alexandre Luiz Soares<br>Amanda Maria Brandi Ferreira<br>Ana L\u00facia Costa<br>Andrea de Abreu Silv\u00e9rio mota<br>Ariel Aldenir Alves Domingos<br>Bernadete Lopes da Silva<br>Camila Kelly Fernandes Garcia<br>Consuelo Vilhena Falabella<br>Dalete Angela da Silva<br>Daniel Ranon dos santos<br>Dannier Copertine Lopes<br>Deydson Tcharles de Oliveira<br>Diego Maradona Cortezzi Guimar\u00e3es Pedras<br>Edilaine Carla Domingos<br>Edileide Aparecida Machado Souza Santos<br>Eduardo Carvalho Torres<br>Elizabete Souza Diniz<br>Ethel Beatriz de Paula Campos<br>Fayller Andressa Ribeiro dias<br>Fernanda Cardoso Soares<br>Fernanda Stephania Martins<br>Gabriela Thais Rodrigues Furtado<br>Gisele Morais Pereira<br>Glaucia Hon\u00f3rio da Silva<br>Gl\u00e1ucia Maria Lima Figueiredo Cafe<br>Helenice Matos Vieira<br>Hevelin Duarte Guerra<br>Jacqueline S\u00edria baeta Barbosa lopes<br>Jos\u00e9 Geraldo F\u00e9lix de Seixas Maciel<br>Karina Amaral da Silva<br>Karla Camila Silva Alves<br>Katia Patricio Garcia Botelho<br>Leda Marques Barbosa Chaves<br>Let\u00edcia dos Santos Alves<br>Liliane de Oliveira<br>L\u00edvia Cardoso Reis<br>L\u00edvia Luiza Borges Silva<br>Luana Val\u00e9ria Sousa Coimbra da Silva Alc\u00e2ntara<br>Lucia Helena Esteves dos Santos Laboissi\u00e8re<br>luciene mota de andrade<br>Marcelo Fernandes da Silva<br>Maria da Soledade Guimar\u00e3es<br>Maria do Carmo Pinheiro Martins Caiafa<br>Maria Janaina Silva Pessoa<br>Maria Lucia Lacchini<br>Maria Luiza Falc\u00e3o Margotti<br>Mariana Izabella do Nascimento<br>Marina Alexandre Lima<br>Marinalva Imaculada Cuzin<br>Marta Xavier Ramos de Faria<br>Messias da Silva<br>Mike Roberto da Mota Antunes<br>M\u00f4nica Ferreira Lima<br>Nayara Ferreira Mariosa Duarte<br>Nelson Souza Costa<br>N\u00e9tali de Souza Leite<br>N\u00edvia Geralda Ara\u00fajo de Oliveira<br>Olinda Gardin<br>Patr\u00edcia Alves de S\u00e1<br>Paula Andr\u00e9a Lage<br>Priscila Pelinson Ferreira Gomes<br>Raquel Maria Rigotto<br>Reginalda Marcia Alves de souza<br>Reginaldo Gon\u00e7alves de Souza<br>Renata da Paix\u00e3o e Silva<br>Roberta de souza Domingues<br>Rog\u00e9rio de Freitas Ferreira<br>Romerson Martins Franco<br>Ronaldo Rodrigues Teixeira<br>Rosangela Ribeiro dos Santos<br>Rozana de F\u00e1tima Gon\u00e7alves<br>Sandra Flores Dias<br>Sandra Katyane Santos Garcez Diniz<br>Sandra Lima Ornelas<br>Seles Gon\u00e7alves<br>Thais Viana de Freitas<br>Thiago de Oliveira Mansur Saadallah<br>Val\u00e9ria Freire Fonseca<br>Valter costa<br>Vanessa Gomes Rogana<br>Vanessa Silva Melo<br>Vin\u00edcius Neves da Silva Rocha<br>Vivian Campagnacci Schreiber<br>Warley Celso Ornelas<br>Z\u00e9lia Vasconcelos Cardoso<br>Zulmira Maria Quadros Garrido<\/p>\n\n\n\n<hr class=\"wp-block-separator has-alpha-channel-opacity\"\/>\n\n\n\n<h2 class=\"wp-block-heading\">Se voc\u00ea gostou deste post:<\/h2>\n\n\n\n<ul class=\"wp-block-list\">\n<li>SIGA as nossas p\u00e1ginas nas redes sociais para acompanhar as nossas atualiza\u00e7\u00f5es: estamos no <a href=\"https:\/\/www.facebook.com\/sabrabrasil\" target=\"_blank\" rel=\"noreferrer noopener\">Facebook<\/a>, no <a href=\"https:\/\/www.instagram.com\/sabrabrasil\/\" target=\"_blank\" rel=\"noreferrer noopener\">Instagram<\/a>, no <a href=\"https:\/\/www.linkedin.com\/company\/25002088\" target=\"_blank\" rel=\"noreferrer noopener\">LinkedIn<\/a>, no <a href=\"https:\/\/x.com\/ContatoSabra\" target=\"_blank\" rel=\"noreferrer noopener\">X<\/a> e no <a href=\"https:\/\/www.youtube.com\/channel\/UCJw-kbuEvzUNdeQf20Pa-eQ\" target=\"_blank\" rel=\"noreferrer noopener\">YouTube<\/a>!<\/li>\n\n\n\n<li>CONHE\u00c7A o trabalho da Sociedade Art\u00edstica Brasileira (SABRA) e todas as iniciativas culturais e sociais que ela mant\u00e9m. <a href=\"https:\/\/www.sabra.org.br\/site\/acoes\/\" target=\"_blank\" rel=\"noreferrer noopener\">Acesse nosso site!<\/a><\/li>\n\n\n\n<li>ENTRE EM CONTATO com a gente. E veja quais s\u00e3o as op\u00e7\u00f5es de ajuda na manuten\u00e7\u00e3o de nossas a\u00e7\u00f5es sociais e culturais. Basta acessar nossa p\u00e1gina <a href=\"https:\/\/www.sabra.org.br\/site\/doe-agora\/\" target=\"_blank\" rel=\"noreferrer noopener\">Doe Agora!<\/a><\/li>\n\n\n\n<li>COMPARTILHE este texto nas suas redes sociais e ajude os seus amigos a tamb\u00e9m dominarem o assunto!<\/li>\n<\/ul>\n\n\n\n<p>\u2013 Os projetos da @sabrabrasil s\u00e3o realizados com o patroci\u0301nio m\u00e1ster: @institutounimedbh, viabilizado pelo incentivo de mais de 5,9 mil m\u00e9dicos cooperados e colaboradores via Lei de Incentivo \u00e0 Cultura &#8211; @culturagovbr, @minc<\/p>\n","protected":false},"excerpt":{"rendered":"<p>A SOCIEDADE ART\u00cdSTICA BRASILEIRA \u2013 SABRA parabeniza todas(os) as(os) participantes no processo seletivo para as vagas no curso Coral Adulto e publica, como previsto no&hellip;<\/p>\n","protected":false},"author":39,"featured_media":0,"comment_status":"open","ping_status":"open","sticky":false,"template":"","format":"standard","meta":{"jetpack_post_was_ever_published":false,"_jetpack_newsletter_access":"","_jetpack_dont_email_post_to_subs":false,"_jetpack_newsletter_tier_id":0,"_jetpack_memberships_contains_paywalled_content":false,"_jetpack_memberships_contains_paid_content":false,"footnotes":""},"categories":[4],"tags":[],"class_list":["post-15219","post","type-post","status-publish","format-standard","hentry","category-noticias"],"yoast_head":"<!-- This site is optimized with the Yoast SEO plugin v27.4 - https:\/\/yoast.com\/product\/yoast-seo-wordpress\/ -->\n<title>Resultado EDITAL 002-2026 Coral Adulto - SABRA - Sociedade Art\u00edstica Brasileira<\/title>\n<meta name=\"robots\" content=\"index, follow, max-snippet:-1, max-image-preview:large, max-video-preview:-1\" \/>\n<link rel=\"canonical\" href=\"https:\/\/www.sabra.org.br\/site\/resultado-edital-002-2026-coral-adulto\/\" \/>\n<meta property=\"og:locale\" content=\"pt_BR\" \/>\n<meta property=\"og:type\" content=\"article\" \/>\n<meta property=\"og:title\" content=\"Resultado EDITAL 002-2026 Coral Adulto - SABRA - Sociedade Art\u00edstica Brasileira\" \/>\n<meta property=\"og:description\" content=\"A SOCIEDADE ART\u00cdSTICA BRASILEIRA \u2013 SABRA parabeniza todas(os) as(os) participantes no processo seletivo para as vagas no curso Coral Adulto e publica, como previsto no&hellip;\" \/>\n<meta property=\"og:url\" content=\"https:\/\/www.sabra.org.br\/site\/resultado-edital-002-2026-coral-adulto\/\" \/>\n<meta property=\"og:site_name\" content=\"SABRA - Sociedade Art\u00edstica Brasileira\" \/>\n<meta property=\"article:publisher\" content=\"https:\/\/www.facebook.com\/sabrabrasil\" \/>\n<meta property=\"article:published_time\" content=\"2026-03-05T16:02:44+00:00\" \/>\n<meta property=\"article:modified_time\" content=\"2026-03-24T00:12:31+00:00\" \/>\n<meta property=\"og:image\" content=\"https:\/\/www.sabra.org.br\/site\/wp-content\/uploads\/2021\/12\/AvatarSabra1.jpg\" \/>\n\t<meta property=\"og:image:width\" content=\"200\" \/>\n\t<meta property=\"og:image:height\" content=\"200\" \/>\n\t<meta property=\"og:image:type\" content=\"image\/jpeg\" \/>\n<meta name=\"author\" content=\"M\u00e1rcio Miranda Pontes\" \/>\n<meta name=\"twitter:card\" content=\"summary_large_image\" \/>\n<meta name=\"twitter:creator\" content=\"@ContatoSabra\" \/>\n<meta name=\"twitter:site\" content=\"@ContatoSabra\" \/>\n<meta name=\"twitter:label1\" content=\"Escrito por\" \/>\n\t<meta name=\"twitter:data1\" content=\"M\u00e1rcio Miranda Pontes\" \/>\n\t<meta name=\"twitter:label2\" content=\"Est. tempo de leitura\" \/>\n\t<meta name=\"twitter:data2\" content=\"4 minutos\" \/>\n<script type=\"application\/ld+json\" class=\"yoast-schema-graph\">{\"@context\":\"https:\\\/\\\/schema.org\",\"@graph\":[{\"@type\":\"Article\",\"@id\":\"https:\\\/\\\/www.sabra.org.br\\\/site\\\/resultado-edital-002-2026-coral-adulto\\\/#article\",\"isPartOf\":{\"@id\":\"https:\\\/\\\/www.sabra.org.br\\\/site\\\/resultado-edital-002-2026-coral-adulto\\\/\"},\"author\":{\"name\":\"M\u00e1rcio Miranda Pontes\",\"@id\":\"https:\\\/\\\/www.sabra.org.br\\\/site\\\/#\\\/schema\\\/person\\\/7d1d222c3c8891d4c37c7b41bf6315c2\"},\"headline\":\"Resultado EDITAL 002-2026 Coral Adulto\",\"datePublished\":\"2026-03-05T16:02:44+00:00\",\"dateModified\":\"2026-03-24T00:12:31+00:00\",\"mainEntityOfPage\":{\"@id\":\"https:\\\/\\\/www.sabra.org.br\\\/site\\\/resultado-edital-002-2026-coral-adulto\\\/\"},\"wordCount\":538,\"commentCount\":0,\"publisher\":{\"@id\":\"https:\\\/\\\/www.sabra.org.br\\\/site\\\/#organization\"},\"articleSection\":[\"Not\u00edcias\"],\"inLanguage\":\"pt-BR\",\"potentialAction\":[{\"@type\":\"CommentAction\",\"name\":\"Comment\",\"target\":[\"https:\\\/\\\/www.sabra.org.br\\\/site\\\/resultado-edital-002-2026-coral-adulto\\\/#respond\"]}]},{\"@type\":\"WebPage\",\"@id\":\"https:\\\/\\\/www.sabra.org.br\\\/site\\\/resultado-edital-002-2026-coral-adulto\\\/\",\"url\":\"https:\\\/\\\/www.sabra.org.br\\\/site\\\/resultado-edital-002-2026-coral-adulto\\\/\",\"name\":\"Resultado EDITAL 002-2026 Coral Adulto - SABRA - Sociedade Art\u00edstica Brasileira\",\"isPartOf\":{\"@id\":\"https:\\\/\\\/www.sabra.org.br\\\/site\\\/#website\"},\"datePublished\":\"2026-03-05T16:02:44+00:00\",\"dateModified\":\"2026-03-24T00:12:31+00:00\",\"breadcrumb\":{\"@id\":\"https:\\\/\\\/www.sabra.org.br\\\/site\\\/resultado-edital-002-2026-coral-adulto\\\/#breadcrumb\"},\"inLanguage\":\"pt-BR\",\"potentialAction\":[{\"@type\":\"ReadAction\",\"target\":[\"https:\\\/\\\/www.sabra.org.br\\\/site\\\/resultado-edital-002-2026-coral-adulto\\\/\"]}]},{\"@type\":\"BreadcrumbList\",\"@id\":\"https:\\\/\\\/www.sabra.org.br\\\/site\\\/resultado-edital-002-2026-coral-adulto\\\/#breadcrumb\",\"itemListElement\":[{\"@type\":\"ListItem\",\"position\":1,\"name\":\"In\u00edcio\",\"item\":\"https:\\\/\\\/www.sabra.org.br\\\/site\\\/\"},{\"@type\":\"ListItem\",\"position\":2,\"name\":\"Resultado EDITAL 002-2026 Coral Adulto\"}]},{\"@type\":\"WebSite\",\"@id\":\"https:\\\/\\\/www.sabra.org.br\\\/site\\\/#website\",\"url\":\"https:\\\/\\\/www.sabra.org.br\\\/site\\\/\",\"name\":\"SABRA - Sociedade Art\u00edstica Brasileira\",\"description\":\"Escola de M\u00fasica, Orquestra Sinf\u00f4nica, Coral e Patrim\u00f4nio Cultural e Hist\u00f3rico\",\"publisher\":{\"@id\":\"https:\\\/\\\/www.sabra.org.br\\\/site\\\/#organization\"},\"potentialAction\":[{\"@type\":\"SearchAction\",\"target\":{\"@type\":\"EntryPoint\",\"urlTemplate\":\"https:\\\/\\\/www.sabra.org.br\\\/site\\\/?s={search_term_string}\"},\"query-input\":{\"@type\":\"PropertyValueSpecification\",\"valueRequired\":true,\"valueName\":\"search_term_string\"}}],\"inLanguage\":\"pt-BR\"},{\"@type\":\"Organization\",\"@id\":\"https:\\\/\\\/www.sabra.org.br\\\/site\\\/#organization\",\"name\":\"SOCIEDADE ART\u00cdSTICA BRASILEIRA SABRA\",\"alternateName\":\"SABRA\",\"url\":\"https:\\\/\\\/www.sabra.org.br\\\/site\\\/\",\"logo\":{\"@type\":\"ImageObject\",\"inLanguage\":\"pt-BR\",\"@id\":\"https:\\\/\\\/www.sabra.org.br\\\/site\\\/#\\\/schema\\\/logo\\\/image\\\/\",\"url\":\"https:\\\/\\\/www.sabra.org.br\\\/site\\\/wp-content\\\/uploads\\\/2019\\\/06\\\/cropped-Logo_SABRA-Copia-1.webp\",\"contentUrl\":\"https:\\\/\\\/www.sabra.org.br\\\/site\\\/wp-content\\\/uploads\\\/2019\\\/06\\\/cropped-Logo_SABRA-Copia-1.webp\",\"width\":400,\"height\":128,\"caption\":\"SOCIEDADE ART\u00cdSTICA BRASILEIRA SABRA\"},\"image\":{\"@id\":\"https:\\\/\\\/www.sabra.org.br\\\/site\\\/#\\\/schema\\\/logo\\\/image\\\/\"},\"sameAs\":[\"https:\\\/\\\/www.facebook.com\\\/sabrabrasil\",\"https:\\\/\\\/x.com\\\/ContatoSabra\",\"https:\\\/\\\/www.instagram.com\\\/sabrabrasil\\\/\",\"https:\\\/\\\/www.linkedin.com\\\/company\\\/25002088\\\/\",\"https:\\\/\\\/br.pinterest.com\\\/sociedadeartisticabrasileira\\\/\",\"https:\\\/\\\/www.youtube.com\\\/c\\\/sabrabrasil\"]},{\"@type\":\"Person\",\"@id\":\"https:\\\/\\\/www.sabra.org.br\\\/site\\\/#\\\/schema\\\/person\\\/7d1d222c3c8891d4c37c7b41bf6315c2\",\"name\":\"M\u00e1rcio Miranda Pontes\",\"image\":{\"@type\":\"ImageObject\",\"inLanguage\":\"pt-BR\",\"@id\":\"https:\\\/\\\/secure.gravatar.com\\\/avatar\\\/3b45f24496a7625a3a6c436688fbe20344faaeb2979658dc4a9921f984d7df9a?s=96&d=mm&r=g\",\"url\":\"https:\\\/\\\/secure.gravatar.com\\\/avatar\\\/3b45f24496a7625a3a6c436688fbe20344faaeb2979658dc4a9921f984d7df9a?s=96&d=mm&r=g\",\"contentUrl\":\"https:\\\/\\\/secure.gravatar.com\\\/avatar\\\/3b45f24496a7625a3a6c436688fbe20344faaeb2979658dc4a9921f984d7df9a?s=96&d=mm&r=g\",\"caption\":\"M\u00e1rcio Miranda Pontes\"},\"sameAs\":[\"http:\\\/\\\/www.sabra.org.br\"],\"url\":\"https:\\\/\\\/www.sabra.org.br\\\/site\\\/author\\\/marcio-miranda-pontes\\\/\"}]}<\/script>\n<!-- \/ Yoast SEO plugin. -->","yoast_head_json":{"title":"Resultado EDITAL 002-2026 Coral Adulto - SABRA - Sociedade Art\u00edstica Brasileira","robots":{"index":"index","follow":"follow","max-snippet":"max-snippet:-1","max-image-preview":"max-image-preview:large","max-video-preview":"max-video-preview:-1"},"canonical":"https:\/\/www.sabra.org.br\/site\/resultado-edital-002-2026-coral-adulto\/","og_locale":"pt_BR","og_type":"article","og_title":"Resultado EDITAL 002-2026 Coral Adulto - SABRA - Sociedade Art\u00edstica Brasileira","og_description":"A SOCIEDADE ART\u00cdSTICA BRASILEIRA \u2013 SABRA parabeniza todas(os) as(os) participantes no processo seletivo para as vagas no curso Coral Adulto e publica, como previsto no&hellip;","og_url":"https:\/\/www.sabra.org.br\/site\/resultado-edital-002-2026-coral-adulto\/","og_site_name":"SABRA - Sociedade Art\u00edstica Brasileira","article_publisher":"https:\/\/www.facebook.com\/sabrabrasil","article_published_time":"2026-03-05T16:02:44+00:00","article_modified_time":"2026-03-24T00:12:31+00:00","og_image":[{"width":200,"height":200,"url":"https:\/\/www.sabra.org.br\/site\/wp-content\/uploads\/2021\/12\/AvatarSabra1.jpg","type":"image\/jpeg"}],"author":"M\u00e1rcio Miranda Pontes","twitter_card":"summary_large_image","twitter_creator":"@ContatoSabra","twitter_site":"@ContatoSabra","twitter_misc":{"Escrito por":"M\u00e1rcio Miranda Pontes","Est. tempo de leitura":"4 minutos"},"schema":{"@context":"https:\/\/schema.org","@graph":[{"@type":"Article","@id":"https:\/\/www.sabra.org.br\/site\/resultado-edital-002-2026-coral-adulto\/#article","isPartOf":{"@id":"https:\/\/www.sabra.org.br\/site\/resultado-edital-002-2026-coral-adulto\/"},"author":{"name":"M\u00e1rcio Miranda Pontes","@id":"https:\/\/www.sabra.org.br\/site\/#\/schema\/person\/7d1d222c3c8891d4c37c7b41bf6315c2"},"headline":"Resultado EDITAL 002-2026 Coral Adulto","datePublished":"2026-03-05T16:02:44+00:00","dateModified":"2026-03-24T00:12:31+00:00","mainEntityOfPage":{"@id":"https:\/\/www.sabra.org.br\/site\/resultado-edital-002-2026-coral-adulto\/"},"wordCount":538,"commentCount":0,"publisher":{"@id":"https:\/\/www.sabra.org.br\/site\/#organization"},"articleSection":["Not\u00edcias"],"inLanguage":"pt-BR","potentialAction":[{"@type":"CommentAction","name":"Comment","target":["https:\/\/www.sabra.org.br\/site\/resultado-edital-002-2026-coral-adulto\/#respond"]}]},{"@type":"WebPage","@id":"https:\/\/www.sabra.org.br\/site\/resultado-edital-002-2026-coral-adulto\/","url":"https:\/\/www.sabra.org.br\/site\/resultado-edital-002-2026-coral-adulto\/","name":"Resultado EDITAL 002-2026 Coral Adulto - SABRA - Sociedade Art\u00edstica Brasileira","isPartOf":{"@id":"https:\/\/www.sabra.org.br\/site\/#website"},"datePublished":"2026-03-05T16:02:44+00:00","dateModified":"2026-03-24T00:12:31+00:00","breadcrumb":{"@id":"https:\/\/www.sabra.org.br\/site\/resultado-edital-002-2026-coral-adulto\/#breadcrumb"},"inLanguage":"pt-BR","potentialAction":[{"@type":"ReadAction","target":["https:\/\/www.sabra.org.br\/site\/resultado-edital-002-2026-coral-adulto\/"]}]},{"@type":"BreadcrumbList","@id":"https:\/\/www.sabra.org.br\/site\/resultado-edital-002-2026-coral-adulto\/#breadcrumb","itemListElement":[{"@type":"ListItem","position":1,"name":"In\u00edcio","item":"https:\/\/www.sabra.org.br\/site\/"},{"@type":"ListItem","position":2,"name":"Resultado EDITAL 002-2026 Coral Adulto"}]},{"@type":"WebSite","@id":"https:\/\/www.sabra.org.br\/site\/#website","url":"https:\/\/www.sabra.org.br\/site\/","name":"SABRA - Sociedade Art\u00edstica Brasileira","description":"Escola de M\u00fasica, Orquestra Sinf\u00f4nica, Coral e Patrim\u00f4nio Cultural e Hist\u00f3rico","publisher":{"@id":"https:\/\/www.sabra.org.br\/site\/#organization"},"potentialAction":[{"@type":"SearchAction","target":{"@type":"EntryPoint","urlTemplate":"https:\/\/www.sabra.org.br\/site\/?s={search_term_string}"},"query-input":{"@type":"PropertyValueSpecification","valueRequired":true,"valueName":"search_term_string"}}],"inLanguage":"pt-BR"},{"@type":"Organization","@id":"https:\/\/www.sabra.org.br\/site\/#organization","name":"SOCIEDADE ART\u00cdSTICA BRASILEIRA SABRA","alternateName":"SABRA","url":"https:\/\/www.sabra.org.br\/site\/","logo":{"@type":"ImageObject","inLanguage":"pt-BR","@id":"https:\/\/www.sabra.org.br\/site\/#\/schema\/logo\/image\/","url":"https:\/\/www.sabra.org.br\/site\/wp-content\/uploads\/2019\/06\/cropped-Logo_SABRA-Copia-1.webp","contentUrl":"https:\/\/www.sabra.org.br\/site\/wp-content\/uploads\/2019\/06\/cropped-Logo_SABRA-Copia-1.webp","width":400,"height":128,"caption":"SOCIEDADE ART\u00cdSTICA BRASILEIRA SABRA"},"image":{"@id":"https:\/\/www.sabra.org.br\/site\/#\/schema\/logo\/image\/"},"sameAs":["https:\/\/www.facebook.com\/sabrabrasil","https:\/\/x.com\/ContatoSabra","https:\/\/www.instagram.com\/sabrabrasil\/","https:\/\/www.linkedin.com\/company\/25002088\/","https:\/\/br.pinterest.com\/sociedadeartisticabrasileira\/","https:\/\/www.youtube.com\/c\/sabrabrasil"]},{"@type":"Person","@id":"https:\/\/www.sabra.org.br\/site\/#\/schema\/person\/7d1d222c3c8891d4c37c7b41bf6315c2","name":"M\u00e1rcio Miranda Pontes","image":{"@type":"ImageObject","inLanguage":"pt-BR","@id":"https:\/\/secure.gravatar.com\/avatar\/3b45f24496a7625a3a6c436688fbe20344faaeb2979658dc4a9921f984d7df9a?s=96&d=mm&r=g","url":"https:\/\/secure.gravatar.com\/avatar\/3b45f24496a7625a3a6c436688fbe20344faaeb2979658dc4a9921f984d7df9a?s=96&d=mm&r=g","contentUrl":"https:\/\/secure.gravatar.com\/avatar\/3b45f24496a7625a3a6c436688fbe20344faaeb2979658dc4a9921f984d7df9a?s=96&d=mm&r=g","caption":"M\u00e1rcio Miranda Pontes"},"sameAs":["http:\/\/www.sabra.org.br"],"url":"https:\/\/www.sabra.org.br\/site\/author\/marcio-miranda-pontes\/"}]}},"jetpack_featured_media_url":"","jetpack_shortlink":"https:\/\/wp.me\/p95j2Z-3Xt","jetpack-related-posts":[{"id":3706,"url":"https:\/\/www.sabra.org.br\/site\/aprovados-coral-adulto-2021\/","url_meta":{"origin":15219,"position":0},"title":"Aprovados Coral Adulto 2021","author":"M\u00e1rcio Miranda Pontes","date":"26 de fevereiro de 2021","format":false,"excerpt":"[vc_row][vc_column][vc_column_text css=\"\"]A SOCIEDADE ART\u00cdSTICA BRASILEIRA \u2013 SABRA parabeniza todos os candidatos participantes no processo seletivo para as vagas no curso Coral Adulto e publica, como previsto no Edital de Sele\u00e7\u00e3o, a lista dos aprovados para o ano de 2021. Os candidatos aprovados dever\u00e3o enviar, at\u00e9 o dia 01\/03\/2021, um e-mail\u2026","rel":"","context":"Em &quot;Not\u00edcias&quot;","block_context":{"text":"Not\u00edcias","link":"https:\/\/www.sabra.org.br\/site\/category\/noticias\/"},"img":{"alt_text":"coral","src":"https:\/\/i0.wp.com\/www.sabra.org.br\/site\/wp-content\/uploads\/2021\/02\/Coral2.jpg?resize=350%2C200&ssl=1","width":350,"height":200,"srcset":"https:\/\/i0.wp.com\/www.sabra.org.br\/site\/wp-content\/uploads\/2021\/02\/Coral2.jpg?resize=350%2C200&ssl=1 1x, https:\/\/i0.wp.com\/www.sabra.org.br\/site\/wp-content\/uploads\/2021\/02\/Coral2.jpg?resize=525%2C300&ssl=1 1.5x"},"classes":[]},{"id":9199,"url":"https:\/\/www.sabra.org.br\/site\/resultado-coral-adulto-2024\/","url_meta":{"origin":15219,"position":1},"title":"Aprovados para vagas no Curso \u201cCoral Adulto\u201d 2024","author":"M\u00e1rcio Miranda Pontes","date":"1 de abril de 2024","format":false,"excerpt":"Lista dos aprovados no Curso Coral Adulto 2024 da SABRA. Informa\u00e7\u00f5es sobre matr\u00edcula, bolsas e hor\u00e1rios ser\u00e3o enviadas por e-mail.","rel":"","context":"Em &quot;Not\u00edcias&quot;","block_context":{"text":"Not\u00edcias","link":"https:\/\/www.sabra.org.br\/site\/category\/noticias\/"},"img":{"alt_text":"sabra-m\u00fasica-canto-coral-resultado-edital-incentivo-bolsa","src":"https:\/\/i0.wp.com\/www.sabra.org.br\/site\/wp-content\/uploads\/2024\/04\/Coral-Unimed-scaled.webp?resize=350%2C200&ssl=1","width":350,"height":200,"srcset":"https:\/\/i0.wp.com\/www.sabra.org.br\/site\/wp-content\/uploads\/2024\/04\/Coral-Unimed-scaled.webp?resize=350%2C200&ssl=1 1x, https:\/\/i0.wp.com\/www.sabra.org.br\/site\/wp-content\/uploads\/2024\/04\/Coral-Unimed-scaled.webp?resize=525%2C300&ssl=1 1.5x, https:\/\/i0.wp.com\/www.sabra.org.br\/site\/wp-content\/uploads\/2024\/04\/Coral-Unimed-scaled.webp?resize=700%2C400&ssl=1 2x, https:\/\/i0.wp.com\/www.sabra.org.br\/site\/wp-content\/uploads\/2024\/04\/Coral-Unimed-scaled.webp?resize=1050%2C600&ssl=1 3x, https:\/\/i0.wp.com\/www.sabra.org.br\/site\/wp-content\/uploads\/2024\/04\/Coral-Unimed-scaled.webp?resize=1400%2C800&ssl=1 4x"},"classes":[]},{"id":1801,"url":"https:\/\/www.sabra.org.br\/site\/lista-de-aprovados-coral-adulto-2019\/","url_meta":{"origin":15219,"position":2},"title":"Lista de aprovados Coral Adulto 2019","author":"M\u00e1rcio Miranda Pontes","date":"1 de mar\u00e7o de 2019","format":false,"excerpt":"sociedade art\u00edstica brasileira sabra bolsa incentivo Coral adulto","rel":"","context":"Em &quot;Not\u00edcias&quot;","block_context":{"text":"Not\u00edcias","link":"https:\/\/www.sabra.org.br\/site\/category\/noticias\/"},"img":{"alt_text":"","src":"https:\/\/i0.wp.com\/www.sabra.org.br\/site\/wp-content\/uploads\/2019\/03\/Coral.jpg?resize=350%2C200&ssl=1","width":350,"height":200},"classes":[]},{"id":2480,"url":"https:\/\/www.sabra.org.br\/site\/coral-adulto\/","url_meta":{"origin":15219,"position":3},"title":"Aprovados Coral Adulto 2020","author":"M\u00e1rcio Miranda Pontes","date":"8 de mar\u00e7o de 2020","format":false,"excerpt":"A SOCIEDADE ART\u00cdSTICA BRASILEIRA \u2013 SABRA parabeniza todos os candidatos participantes no processo seletivo para as vagas no curso Coral Adulto e publica, como previsto no Edital de Sele\u00e7\u00e3o, a lista dos aprovados para o ano de 2020.","rel":"","context":"Em &quot;Not\u00edcias&quot;","block_context":{"text":"Not\u00edcias","link":"https:\/\/www.sabra.org.br\/site\/category\/noticias\/"},"img":{"alt_text":"","src":"https:\/\/i0.wp.com\/www.sabra.org.br\/site\/wp-content\/uploads\/2017\/03\/Coral-Unimed-BH.jpg?resize=350%2C200&ssl=1","width":350,"height":200},"classes":[]},{"id":6888,"url":"https:\/\/www.sabra.org.br\/site\/coral-adulto-2023\/","url_meta":{"origin":15219,"position":4},"title":"Aprovados para vagas no Curso \u201cCoral Adulto\u201d 2023","author":"M\u00e1rcio Miranda Pontes","date":"5 de abril de 2023","format":false,"excerpt":"A SOCIEDADE ART\u00cdSTICA BRASILEIRA \u2013 SABRA, parabeniza todos os candidatos e candidatas participantes no processo seletivo para as vagas no curso Coral Adulto e publica a lista dos aprovados para o ano de 2023.","rel":"","context":"Em &quot;Not\u00edcias&quot;","block_context":{"text":"Not\u00edcias","link":"https:\/\/www.sabra.org.br\/site\/category\/noticias\/"},"img":{"alt_text":"coral-adulto-unimed-voz-vocal","src":"https:\/\/i0.wp.com\/www.sabra.org.br\/site\/wp-content\/uploads\/2023\/04\/Coral-resultado-2023.jpg?resize=350%2C200&ssl=1","width":350,"height":200,"srcset":"https:\/\/i0.wp.com\/www.sabra.org.br\/site\/wp-content\/uploads\/2023\/04\/Coral-resultado-2023.jpg?resize=350%2C200&ssl=1 1x, https:\/\/i0.wp.com\/www.sabra.org.br\/site\/wp-content\/uploads\/2023\/04\/Coral-resultado-2023.jpg?resize=525%2C300&ssl=1 1.5x, https:\/\/i0.wp.com\/www.sabra.org.br\/site\/wp-content\/uploads\/2023\/04\/Coral-resultado-2023.jpg?resize=700%2C400&ssl=1 2x, https:\/\/i0.wp.com\/www.sabra.org.br\/site\/wp-content\/uploads\/2023\/04\/Coral-resultado-2023.jpg?resize=1050%2C600&ssl=1 3x"},"classes":[]},{"id":4798,"url":"https:\/\/www.sabra.org.br\/site\/coral-adulto-2022\/","url_meta":{"origin":15219,"position":5},"title":"Resultado Coral Adulto 2022","author":"M\u00e1rcio Miranda Pontes","date":"4 de mar\u00e7o de 2022","format":false,"excerpt":"[vc_row][vc_column][vc_column_text]A SOCIEDADE ART\u00cdSTICA BRASILEIRA \u2013 SABRA parabeniza todas(os) as(os) participantes no processo seletivo para as vagas no curso Coral Adulto e publica, como previsto no Edital de Sele\u00e7\u00e3o, a lista dos aprovados para o ano de 2022. Os procedimentos de matr\u00edcula, solicita\u00e7\u00e3o de bolsa incentivo e detalhes sobre as atividades\u2026","rel":"","context":"Em &quot;Not\u00edcias&quot;","block_context":{"text":"Not\u00edcias","link":"https:\/\/www.sabra.org.br\/site\/category\/noticias\/"},"img":{"alt_text":"empresa-a\u00e7\u00f5es-ambiental-valores-vagas-coral-adulto","src":"https:\/\/i0.wp.com\/www.sabra.org.br\/site\/wp-content\/uploads\/2021\/09\/como-incluir-a-consciencia-ambiental-na-sua-empresa-20210609152644.jpg.jpg?resize=350%2C200&ssl=1","width":350,"height":200,"srcset":"https:\/\/i0.wp.com\/www.sabra.org.br\/site\/wp-content\/uploads\/2021\/09\/como-incluir-a-consciencia-ambiental-na-sua-empresa-20210609152644.jpg.jpg?resize=350%2C200&ssl=1 1x, https:\/\/i0.wp.com\/www.sabra.org.br\/site\/wp-content\/uploads\/2021\/09\/como-incluir-a-consciencia-ambiental-na-sua-empresa-20210609152644.jpg.jpg?resize=525%2C300&ssl=1 1.5x, https:\/\/i0.wp.com\/www.sabra.org.br\/site\/wp-content\/uploads\/2021\/09\/como-incluir-a-consciencia-ambiental-na-sua-empresa-20210609152644.jpg.jpg?resize=700%2C400&ssl=1 2x"},"classes":[]}],"jetpack_likes_enabled":true,"jetpack_sharing_enabled":true,"_links":{"self":[{"href":"https:\/\/www.sabra.org.br\/site\/wp-json\/wp\/v2\/posts\/15219","targetHints":{"allow":["GET"]}}],"collection":[{"href":"https:\/\/www.sabra.org.br\/site\/wp-json\/wp\/v2\/posts"}],"about":[{"href":"https:\/\/www.sabra.org.br\/site\/wp-json\/wp\/v2\/types\/post"}],"author":[{"embeddable":true,"href":"https:\/\/www.sabra.org.br\/site\/wp-json\/wp\/v2\/users\/39"}],"replies":[{"embeddable":true,"href":"https:\/\/www.sabra.org.br\/site\/wp-json\/wp\/v2\/comments?post=15219"}],"version-history":[{"count":3,"href":"https:\/\/www.sabra.org.br\/site\/wp-json\/wp\/v2\/posts\/15219\/revisions"}],"predecessor-version":[{"id":15305,"href":"https:\/\/www.sabra.org.br\/site\/wp-json\/wp\/v2\/posts\/15219\/revisions\/15305"}],"wp:attachment":[{"href":"https:\/\/www.sabra.org.br\/site\/wp-json\/wp\/v2\/media?parent=15219"}],"wp:term":[{"taxonomy":"category","embeddable":true,"href":"https:\/\/www.sabra.org.br\/site\/wp-json\/wp\/v2\/categories?post=15219"},{"taxonomy":"post_tag","embeddable":true,"href":"https:\/\/www.sabra.org.br\/site\/wp-json\/wp\/v2\/tags?post=15219"}],"curies":[{"name":"wp","href":"https:\/\/api.w.org\/{rel}","templated":true}]}}