{"id":15221,"date":"2026-03-05T13:03:40","date_gmt":"2026-03-05T16:03:40","guid":{"rendered":"https:\/\/www.sabra.org.br\/site\/?p=15221"},"modified":"2026-03-14T10:57:30","modified_gmt":"2026-03-14T13:57:30","slug":"resultado-edital-003-2026-orquestra-jovem","status":"publish","type":"post","link":"https:\/\/www.sabra.org.br\/site\/resultado-edital-003-2026-orquestra-jovem\/","title":{"rendered":"Resultado EDITAL 003-2026 Orquestra Jovem"},"content":{"rendered":"\n<hr class=\"wp-block-separator has-alpha-channel-opacity\"\/>\n\n\n\n<h2 class=\"wp-block-heading\">Orquestra Jovem de Betim anuncia aprovados para o curso de 2026<\/h2>\n\n\n\n<p>A Sabra divulga o resultado da sele\u00e7\u00e3o para o curso da Orquestra Jovem de Betim. As avalia\u00e7\u00f5es definiram os novos integrantes da forma\u00e7\u00e3o orquestral para o ano letivo.<\/p>\n\n\n\n<p>Seguindo rigorosamente os crit\u00e9rios do Edital SABRA n\u00ba 003\/2026, os candidatos foram avaliados quanto \u00e0 sua aptid\u00e3o musical. Confira abaixo a lista dos aprovados, j\u00e1 com a defini\u00e7\u00e3o dos primeiros lugares (spallas, concertinos e chefes de naipe) e o posicionamento de cada m\u00fasico na orquestra:<\/p>\n\n\n\n<h3 class=\"wp-block-heading\">Violino I<\/h3>\n\n\n\n<ul class=\"wp-block-list\">\n<li><strong>Lucas Rodrigues Fernandes (Spalla)<\/strong><\/li>\n\n\n\n<li><strong>Vin\u00edcius Cerqueira de Oliveira (Concertino)<\/strong><\/li>\n\n\n\n<li>Lucas Henrique do Nascimento Correa de Faria<\/li>\n\n\n\n<li>Ana Julia de S\u00e1 Martins<\/li>\n\n\n\n<li>Iasmim Pires Santana<\/li>\n\n\n\n<li>Sther Fernanda Batista Teixeira<\/li>\n\n\n\n<li>Maria Fernanda Galdino Santos<\/li>\n\n\n\n<li>Ana Luiza da Silva Guedes<\/li>\n<\/ul>\n\n\n\n<h3 class=\"wp-block-heading\">Violino II<\/h3>\n\n\n\n<ul class=\"wp-block-list\">\n<li><strong>Ana L\u00facia Soares C\u00e2ndido (Chefe de Naipe)<\/strong><\/li>\n\n\n\n<li><strong>Isabella Cristina Ferreira de Jesus (Concertino)<\/strong><\/li>\n\n\n\n<li>Rebeca Evelyn de Jesus Cruz<\/li>\n\n\n\n<li>Camilla Vit\u00f3ria Rodrigues Magalh\u00e3es Lage<\/li>\n\n\n\n<li>Renato Leandro Da Silva Soares<\/li>\n\n\n\n<li>Arthur Aquino Santos<\/li>\n\n\n\n<li>Isadora de Azevedo Rodrigues<\/li>\n\n\n\n<li>Caio Henrique de Azevedo Rodrigues<\/li>\n<\/ul>\n\n\n\n<h3 class=\"wp-block-heading\">Viola<\/h3>\n\n\n\n<ul class=\"wp-block-list\">\n<li><strong>Rafael Emanuel Mendes de Oliveira (Chefe de Naipe)<\/strong><\/li>\n\n\n\n<li><strong>Ricardo Leandro da Silva Soares (Concertino)<\/strong><\/li>\n\n\n\n<li>Maria Fernanda Silva Salom\u00e3o<\/li>\n\n\n\n<li>Cec\u00edlia dos Santos Moreira Augusto<\/li>\n<\/ul>\n\n\n\n<h3 class=\"wp-block-heading\">Violoncelo<\/h3>\n\n\n\n<ul class=\"wp-block-list\">\n<li><strong>Gustavo Ferreira de Souza (Chefe de Naipe)<\/strong><\/li>\n\n\n\n<li><strong>Gabriel Henrique de Oliveira Santos (Concertino)<\/strong><\/li>\n<\/ul>\n\n\n\n<h3 class=\"wp-block-heading\">Contrabaixo<\/h3>\n\n\n\n<ul class=\"wp-block-list\">\n<li><strong>Keven Quen Santos Freitas (Chefe de Naipe)<\/strong><\/li>\n\n\n\n<li><strong>Gabriel Henrick Santos Silva (Concertino)<\/strong><\/li>\n<\/ul>\n\n\n\n<h3 class=\"wp-block-heading\">Assistente de Produ\u00e7\u00e3o<\/h3>\n\n\n\n<ul class=\"wp-block-list\">\n<li>Lucas Henrique do Nascimento Correa de Faria<\/li>\n<\/ul>\n\n\n\n<h3 class=\"wp-block-heading\">Lista de Espera (Violinos)<\/h3>\n\n\n\n<ol class=\"wp-block-list\">\n<li>Ludmila Rodrigues Teixeira<\/li>\n\n\n\n<li>Sarah Fortunato Contarelli<\/li>\n<\/ol>\n\n\n\n<p>A Sabra parabeniza todos os aprovados e agradece a participa\u00e7\u00e3o dos candidatos, dando por encerrado o processo seletivo para o curso da Orquestra Jovem de Betim em 2026.<\/p>\n\n\n\n<hr class=\"wp-block-separator has-alpha-channel-opacity\"\/>\n\n\n\n<h2 class=\"wp-block-heading\">Se voc\u00ea gostou deste post:<\/h2>\n\n\n\n<ul class=\"wp-block-list\">\n<li>SIGA as nossas p\u00e1ginas nas redes sociais para acompanhar as nossas atualiza\u00e7\u00f5es: estamos no <a href=\"https:\/\/www.facebook.com\/sabrabrasil\" target=\"_blank\" rel=\"noreferrer noopener\">Facebook<\/a>, no <a href=\"https:\/\/www.instagram.com\/sabrabrasil\/\" target=\"_blank\" rel=\"noreferrer noopener\">Instagram<\/a>, no <a href=\"https:\/\/www.linkedin.com\/company\/25002088\" target=\"_blank\" rel=\"noreferrer noopener\">LinkedIn<\/a>, no <a href=\"https:\/\/x.com\/ContatoSabra\" target=\"_blank\" rel=\"noreferrer noopener\">X<\/a> e no <a href=\"https:\/\/www.youtube.com\/channel\/UCJw-kbuEvzUNdeQf20Pa-eQ\" target=\"_blank\" rel=\"noreferrer noopener\">YouTube<\/a>!<\/li>\n\n\n\n<li>CONHE\u00c7A o trabalho da Sociedade Art\u00edstica Brasileira (SABRA) e todas as iniciativas culturais e sociais que ela mant\u00e9m. <a href=\"https:\/\/www.sabra.org.br\/site\/acoes\/\" target=\"_blank\" rel=\"noreferrer noopener\">Acesse nosso site!<\/a><\/li>\n\n\n\n<li>ENTRE EM CONTATO com a gente. E veja quais s\u00e3o as op\u00e7\u00f5es de ajuda na manuten\u00e7\u00e3o de nossas a\u00e7\u00f5es sociais e culturais. Basta acessar nossa p\u00e1gina <a href=\"https:\/\/www.sabra.org.br\/site\/doe-agora\/\" target=\"_blank\" rel=\"noreferrer noopener\">Doe Agora!<\/a><\/li>\n\n\n\n<li>COMPARTILHE este texto nas suas redes sociais e ajude os seus amigos a tamb\u00e9m dominarem o assunto!<\/li>\n<\/ul>\n\n\n\n<p>\u2013 Os projetos da @sabrabrasil s\u00e3o realizados com o patroci\u0301nio m\u00e1ster: @institutounimedbh, viabilizado pelo incentivo de mais de 5,9 mil m\u00e9dicos cooperados e colaboradores via Lei de Incentivo \u00e0 Cultura &#8211; @culturagovbr, @minc<\/p>\n","protected":false},"excerpt":{"rendered":"<p>Orquestra Jovem de Betim anuncia aprovados para o curso de 2026 A Sabra divulga o resultado da sele\u00e7\u00e3o para o curso da Orquestra Jovem de&hellip;<\/p>\n","protected":false},"author":39,"featured_media":0,"comment_status":"open","ping_status":"open","sticky":false,"template":"","format":"standard","meta":{"jetpack_post_was_ever_published":false,"_jetpack_newsletter_access":"","_jetpack_dont_email_post_to_subs":true,"_jetpack_newsletter_tier_id":0,"_jetpack_memberships_contains_paywalled_content":false,"_jetpack_memberships_contains_paid_content":false,"footnotes":""},"categories":[4],"tags":[],"class_list":["post-15221","post","type-post","status-publish","format-standard","hentry","category-noticias"],"yoast_head":"<!-- This site is optimized with the Yoast SEO plugin v27.4 - https:\/\/yoast.com\/product\/yoast-seo-wordpress\/ -->\n<title>Resultado EDITAL 003-2026 Orquestra Jovem - SABRA - Sociedade Art\u00edstica Brasileira<\/title>\n<meta name=\"robots\" content=\"index, follow, max-snippet:-1, max-image-preview:large, max-video-preview:-1\" \/>\n<link rel=\"canonical\" href=\"https:\/\/www.sabra.org.br\/site\/resultado-edital-003-2026-orquestra-jovem\/\" \/>\n<meta property=\"og:locale\" content=\"pt_BR\" \/>\n<meta property=\"og:type\" content=\"article\" \/>\n<meta property=\"og:title\" content=\"Resultado EDITAL 003-2026 Orquestra Jovem - SABRA - Sociedade Art\u00edstica Brasileira\" \/>\n<meta property=\"og:description\" content=\"Orquestra Jovem de Betim anuncia aprovados para o curso de 2026 A Sabra divulga o resultado da sele\u00e7\u00e3o para o curso da Orquestra Jovem de&hellip;\" \/>\n<meta property=\"og:url\" content=\"https:\/\/www.sabra.org.br\/site\/resultado-edital-003-2026-orquestra-jovem\/\" \/>\n<meta property=\"og:site_name\" content=\"SABRA - Sociedade Art\u00edstica Brasileira\" \/>\n<meta property=\"article:publisher\" content=\"https:\/\/www.facebook.com\/sabrabrasil\" \/>\n<meta property=\"article:published_time\" content=\"2026-03-05T16:03:40+00:00\" \/>\n<meta property=\"article:modified_time\" content=\"2026-03-14T13:57:30+00:00\" \/>\n<meta property=\"og:image\" content=\"https:\/\/www.sabra.org.br\/site\/wp-content\/uploads\/2021\/12\/AvatarSabra1.jpg\" \/>\n\t<meta property=\"og:image:width\" content=\"200\" \/>\n\t<meta property=\"og:image:height\" content=\"200\" \/>\n\t<meta property=\"og:image:type\" content=\"image\/jpeg\" \/>\n<meta name=\"author\" content=\"M\u00e1rcio Miranda Pontes\" \/>\n<meta name=\"twitter:card\" content=\"summary_large_image\" \/>\n<meta name=\"twitter:creator\" content=\"@ContatoSabra\" \/>\n<meta name=\"twitter:site\" content=\"@ContatoSabra\" \/>\n<meta name=\"twitter:label1\" content=\"Escrito por\" \/>\n\t<meta name=\"twitter:data1\" content=\"M\u00e1rcio Miranda Pontes\" \/>\n\t<meta name=\"twitter:label2\" content=\"Est. tempo de leitura\" \/>\n\t<meta name=\"twitter:data2\" content=\"3 minutos\" \/>\n<script type=\"application\/ld+json\" class=\"yoast-schema-graph\">{\"@context\":\"https:\\\/\\\/schema.org\",\"@graph\":[{\"@type\":\"Article\",\"@id\":\"https:\\\/\\\/www.sabra.org.br\\\/site\\\/resultado-edital-003-2026-orquestra-jovem\\\/#article\",\"isPartOf\":{\"@id\":\"https:\\\/\\\/www.sabra.org.br\\\/site\\\/resultado-edital-003-2026-orquestra-jovem\\\/\"},\"author\":{\"name\":\"M\u00e1rcio Miranda Pontes\",\"@id\":\"https:\\\/\\\/www.sabra.org.br\\\/site\\\/#\\\/schema\\\/person\\\/7d1d222c3c8891d4c37c7b41bf6315c2\"},\"headline\":\"Resultado EDITAL 003-2026 Orquestra Jovem\",\"datePublished\":\"2026-03-05T16:03:40+00:00\",\"dateModified\":\"2026-03-14T13:57:30+00:00\",\"mainEntityOfPage\":{\"@id\":\"https:\\\/\\\/www.sabra.org.br\\\/site\\\/resultado-edital-003-2026-orquestra-jovem\\\/\"},\"wordCount\":421,\"commentCount\":0,\"publisher\":{\"@id\":\"https:\\\/\\\/www.sabra.org.br\\\/site\\\/#organization\"},\"articleSection\":[\"Not\u00edcias\"],\"inLanguage\":\"pt-BR\",\"potentialAction\":[{\"@type\":\"CommentAction\",\"name\":\"Comment\",\"target\":[\"https:\\\/\\\/www.sabra.org.br\\\/site\\\/resultado-edital-003-2026-orquestra-jovem\\\/#respond\"]}]},{\"@type\":\"WebPage\",\"@id\":\"https:\\\/\\\/www.sabra.org.br\\\/site\\\/resultado-edital-003-2026-orquestra-jovem\\\/\",\"url\":\"https:\\\/\\\/www.sabra.org.br\\\/site\\\/resultado-edital-003-2026-orquestra-jovem\\\/\",\"name\":\"Resultado EDITAL 003-2026 Orquestra Jovem - SABRA - Sociedade Art\u00edstica Brasileira\",\"isPartOf\":{\"@id\":\"https:\\\/\\\/www.sabra.org.br\\\/site\\\/#website\"},\"datePublished\":\"2026-03-05T16:03:40+00:00\",\"dateModified\":\"2026-03-14T13:57:30+00:00\",\"breadcrumb\":{\"@id\":\"https:\\\/\\\/www.sabra.org.br\\\/site\\\/resultado-edital-003-2026-orquestra-jovem\\\/#breadcrumb\"},\"inLanguage\":\"pt-BR\",\"potentialAction\":[{\"@type\":\"ReadAction\",\"target\":[\"https:\\\/\\\/www.sabra.org.br\\\/site\\\/resultado-edital-003-2026-orquestra-jovem\\\/\"]}]},{\"@type\":\"BreadcrumbList\",\"@id\":\"https:\\\/\\\/www.sabra.org.br\\\/site\\\/resultado-edital-003-2026-orquestra-jovem\\\/#breadcrumb\",\"itemListElement\":[{\"@type\":\"ListItem\",\"position\":1,\"name\":\"In\u00edcio\",\"item\":\"https:\\\/\\\/www.sabra.org.br\\\/site\\\/\"},{\"@type\":\"ListItem\",\"position\":2,\"name\":\"Resultado EDITAL 003-2026 Orquestra Jovem\"}]},{\"@type\":\"WebSite\",\"@id\":\"https:\\\/\\\/www.sabra.org.br\\\/site\\\/#website\",\"url\":\"https:\\\/\\\/www.sabra.org.br\\\/site\\\/\",\"name\":\"SABRA - Sociedade Art\u00edstica Brasileira\",\"description\":\"Escola de M\u00fasica, Orquestra Sinf\u00f4nica, Coral e Patrim\u00f4nio Cultural e Hist\u00f3rico\",\"publisher\":{\"@id\":\"https:\\\/\\\/www.sabra.org.br\\\/site\\\/#organization\"},\"potentialAction\":[{\"@type\":\"SearchAction\",\"target\":{\"@type\":\"EntryPoint\",\"urlTemplate\":\"https:\\\/\\\/www.sabra.org.br\\\/site\\\/?s={search_term_string}\"},\"query-input\":{\"@type\":\"PropertyValueSpecification\",\"valueRequired\":true,\"valueName\":\"search_term_string\"}}],\"inLanguage\":\"pt-BR\"},{\"@type\":\"Organization\",\"@id\":\"https:\\\/\\\/www.sabra.org.br\\\/site\\\/#organization\",\"name\":\"SOCIEDADE ART\u00cdSTICA BRASILEIRA SABRA\",\"alternateName\":\"SABRA\",\"url\":\"https:\\\/\\\/www.sabra.org.br\\\/site\\\/\",\"logo\":{\"@type\":\"ImageObject\",\"inLanguage\":\"pt-BR\",\"@id\":\"https:\\\/\\\/www.sabra.org.br\\\/site\\\/#\\\/schema\\\/logo\\\/image\\\/\",\"url\":\"https:\\\/\\\/www.sabra.org.br\\\/site\\\/wp-content\\\/uploads\\\/2019\\\/06\\\/cropped-Logo_SABRA-Copia-1.webp\",\"contentUrl\":\"https:\\\/\\\/www.sabra.org.br\\\/site\\\/wp-content\\\/uploads\\\/2019\\\/06\\\/cropped-Logo_SABRA-Copia-1.webp\",\"width\":400,\"height\":128,\"caption\":\"SOCIEDADE ART\u00cdSTICA BRASILEIRA SABRA\"},\"image\":{\"@id\":\"https:\\\/\\\/www.sabra.org.br\\\/site\\\/#\\\/schema\\\/logo\\\/image\\\/\"},\"sameAs\":[\"https:\\\/\\\/www.facebook.com\\\/sabrabrasil\",\"https:\\\/\\\/x.com\\\/ContatoSabra\",\"https:\\\/\\\/www.instagram.com\\\/sabrabrasil\\\/\",\"https:\\\/\\\/www.linkedin.com\\\/company\\\/25002088\\\/\",\"https:\\\/\\\/br.pinterest.com\\\/sociedadeartisticabrasileira\\\/\",\"https:\\\/\\\/www.youtube.com\\\/c\\\/sabrabrasil\"]},{\"@type\":\"Person\",\"@id\":\"https:\\\/\\\/www.sabra.org.br\\\/site\\\/#\\\/schema\\\/person\\\/7d1d222c3c8891d4c37c7b41bf6315c2\",\"name\":\"M\u00e1rcio Miranda Pontes\",\"image\":{\"@type\":\"ImageObject\",\"inLanguage\":\"pt-BR\",\"@id\":\"https:\\\/\\\/secure.gravatar.com\\\/avatar\\\/3b45f24496a7625a3a6c436688fbe20344faaeb2979658dc4a9921f984d7df9a?s=96&d=mm&r=g\",\"url\":\"https:\\\/\\\/secure.gravatar.com\\\/avatar\\\/3b45f24496a7625a3a6c436688fbe20344faaeb2979658dc4a9921f984d7df9a?s=96&d=mm&r=g\",\"contentUrl\":\"https:\\\/\\\/secure.gravatar.com\\\/avatar\\\/3b45f24496a7625a3a6c436688fbe20344faaeb2979658dc4a9921f984d7df9a?s=96&d=mm&r=g\",\"caption\":\"M\u00e1rcio Miranda Pontes\"},\"sameAs\":[\"http:\\\/\\\/www.sabra.org.br\"],\"url\":\"https:\\\/\\\/www.sabra.org.br\\\/site\\\/author\\\/marcio-miranda-pontes\\\/\"}]}<\/script>\n<!-- \/ Yoast SEO plugin. -->","yoast_head_json":{"title":"Resultado EDITAL 003-2026 Orquestra Jovem - SABRA - Sociedade Art\u00edstica Brasileira","robots":{"index":"index","follow":"follow","max-snippet":"max-snippet:-1","max-image-preview":"max-image-preview:large","max-video-preview":"max-video-preview:-1"},"canonical":"https:\/\/www.sabra.org.br\/site\/resultado-edital-003-2026-orquestra-jovem\/","og_locale":"pt_BR","og_type":"article","og_title":"Resultado EDITAL 003-2026 Orquestra Jovem - SABRA - Sociedade Art\u00edstica Brasileira","og_description":"Orquestra Jovem de Betim anuncia aprovados para o curso de 2026 A Sabra divulga o resultado da sele\u00e7\u00e3o para o curso da Orquestra Jovem de&hellip;","og_url":"https:\/\/www.sabra.org.br\/site\/resultado-edital-003-2026-orquestra-jovem\/","og_site_name":"SABRA - Sociedade Art\u00edstica Brasileira","article_publisher":"https:\/\/www.facebook.com\/sabrabrasil","article_published_time":"2026-03-05T16:03:40+00:00","article_modified_time":"2026-03-14T13:57:30+00:00","og_image":[{"width":200,"height":200,"url":"https:\/\/www.sabra.org.br\/site\/wp-content\/uploads\/2021\/12\/AvatarSabra1.jpg","type":"image\/jpeg"}],"author":"M\u00e1rcio Miranda Pontes","twitter_card":"summary_large_image","twitter_creator":"@ContatoSabra","twitter_site":"@ContatoSabra","twitter_misc":{"Escrito por":"M\u00e1rcio Miranda Pontes","Est. tempo de leitura":"3 minutos"},"schema":{"@context":"https:\/\/schema.org","@graph":[{"@type":"Article","@id":"https:\/\/www.sabra.org.br\/site\/resultado-edital-003-2026-orquestra-jovem\/#article","isPartOf":{"@id":"https:\/\/www.sabra.org.br\/site\/resultado-edital-003-2026-orquestra-jovem\/"},"author":{"name":"M\u00e1rcio Miranda Pontes","@id":"https:\/\/www.sabra.org.br\/site\/#\/schema\/person\/7d1d222c3c8891d4c37c7b41bf6315c2"},"headline":"Resultado EDITAL 003-2026 Orquestra Jovem","datePublished":"2026-03-05T16:03:40+00:00","dateModified":"2026-03-14T13:57:30+00:00","mainEntityOfPage":{"@id":"https:\/\/www.sabra.org.br\/site\/resultado-edital-003-2026-orquestra-jovem\/"},"wordCount":421,"commentCount":0,"publisher":{"@id":"https:\/\/www.sabra.org.br\/site\/#organization"},"articleSection":["Not\u00edcias"],"inLanguage":"pt-BR","potentialAction":[{"@type":"CommentAction","name":"Comment","target":["https:\/\/www.sabra.org.br\/site\/resultado-edital-003-2026-orquestra-jovem\/#respond"]}]},{"@type":"WebPage","@id":"https:\/\/www.sabra.org.br\/site\/resultado-edital-003-2026-orquestra-jovem\/","url":"https:\/\/www.sabra.org.br\/site\/resultado-edital-003-2026-orquestra-jovem\/","name":"Resultado EDITAL 003-2026 Orquestra Jovem - SABRA - Sociedade Art\u00edstica Brasileira","isPartOf":{"@id":"https:\/\/www.sabra.org.br\/site\/#website"},"datePublished":"2026-03-05T16:03:40+00:00","dateModified":"2026-03-14T13:57:30+00:00","breadcrumb":{"@id":"https:\/\/www.sabra.org.br\/site\/resultado-edital-003-2026-orquestra-jovem\/#breadcrumb"},"inLanguage":"pt-BR","potentialAction":[{"@type":"ReadAction","target":["https:\/\/www.sabra.org.br\/site\/resultado-edital-003-2026-orquestra-jovem\/"]}]},{"@type":"BreadcrumbList","@id":"https:\/\/www.sabra.org.br\/site\/resultado-edital-003-2026-orquestra-jovem\/#breadcrumb","itemListElement":[{"@type":"ListItem","position":1,"name":"In\u00edcio","item":"https:\/\/www.sabra.org.br\/site\/"},{"@type":"ListItem","position":2,"name":"Resultado EDITAL 003-2026 Orquestra Jovem"}]},{"@type":"WebSite","@id":"https:\/\/www.sabra.org.br\/site\/#website","url":"https:\/\/www.sabra.org.br\/site\/","name":"SABRA - Sociedade Art\u00edstica Brasileira","description":"Escola de M\u00fasica, Orquestra Sinf\u00f4nica, Coral e Patrim\u00f4nio Cultural e Hist\u00f3rico","publisher":{"@id":"https:\/\/www.sabra.org.br\/site\/#organization"},"potentialAction":[{"@type":"SearchAction","target":{"@type":"EntryPoint","urlTemplate":"https:\/\/www.sabra.org.br\/site\/?s={search_term_string}"},"query-input":{"@type":"PropertyValueSpecification","valueRequired":true,"valueName":"search_term_string"}}],"inLanguage":"pt-BR"},{"@type":"Organization","@id":"https:\/\/www.sabra.org.br\/site\/#organization","name":"SOCIEDADE ART\u00cdSTICA BRASILEIRA SABRA","alternateName":"SABRA","url":"https:\/\/www.sabra.org.br\/site\/","logo":{"@type":"ImageObject","inLanguage":"pt-BR","@id":"https:\/\/www.sabra.org.br\/site\/#\/schema\/logo\/image\/","url":"https:\/\/www.sabra.org.br\/site\/wp-content\/uploads\/2019\/06\/cropped-Logo_SABRA-Copia-1.webp","contentUrl":"https:\/\/www.sabra.org.br\/site\/wp-content\/uploads\/2019\/06\/cropped-Logo_SABRA-Copia-1.webp","width":400,"height":128,"caption":"SOCIEDADE ART\u00cdSTICA BRASILEIRA SABRA"},"image":{"@id":"https:\/\/www.sabra.org.br\/site\/#\/schema\/logo\/image\/"},"sameAs":["https:\/\/www.facebook.com\/sabrabrasil","https:\/\/x.com\/ContatoSabra","https:\/\/www.instagram.com\/sabrabrasil\/","https:\/\/www.linkedin.com\/company\/25002088\/","https:\/\/br.pinterest.com\/sociedadeartisticabrasileira\/","https:\/\/www.youtube.com\/c\/sabrabrasil"]},{"@type":"Person","@id":"https:\/\/www.sabra.org.br\/site\/#\/schema\/person\/7d1d222c3c8891d4c37c7b41bf6315c2","name":"M\u00e1rcio Miranda Pontes","image":{"@type":"ImageObject","inLanguage":"pt-BR","@id":"https:\/\/secure.gravatar.com\/avatar\/3b45f24496a7625a3a6c436688fbe20344faaeb2979658dc4a9921f984d7df9a?s=96&d=mm&r=g","url":"https:\/\/secure.gravatar.com\/avatar\/3b45f24496a7625a3a6c436688fbe20344faaeb2979658dc4a9921f984d7df9a?s=96&d=mm&r=g","contentUrl":"https:\/\/secure.gravatar.com\/avatar\/3b45f24496a7625a3a6c436688fbe20344faaeb2979658dc4a9921f984d7df9a?s=96&d=mm&r=g","caption":"M\u00e1rcio Miranda Pontes"},"sameAs":["http:\/\/www.sabra.org.br"],"url":"https:\/\/www.sabra.org.br\/site\/author\/marcio-miranda-pontes\/"}]}},"jetpack_featured_media_url":"","jetpack_shortlink":"https:\/\/wp.me\/p95j2Z-3Xv","jetpack-related-posts":[{"id":4787,"url":"https:\/\/www.sabra.org.br\/site\/resultado-edital-010-2022-orquestra-sinfonica\/","url_meta":{"origin":15221,"position":0},"title":"Resultado Edital 010\/2022 &#8211; Orquestra Sinf\u00f4nica","author":"M\u00e1rcio Miranda Pontes","date":"2 de mar\u00e7o de 2022","format":false,"excerpt":"Confira o resultado do Edital 010\/2022 e veja a lista dos aprovados para o curso da Orquestra Sinf\u00f4nica de Betim.","rel":"","context":"Em &quot;Blog SABRA&quot;","block_context":{"text":"Blog SABRA","link":"https:\/\/www.sabra.org.br\/site\/category\/blog-sabra\/"},"img":{"alt_text":"sabra-m\u00fasica-sinestesia-experi\u00eancias-sensoriais-sentidos-sinest\u00e9sica-associados-cor-exploraremos-musical-percep\u00e7\u00f5es-resultado-edital","src":"https:\/\/i0.wp.com\/www.sabra.org.br\/site\/wp-content\/uploads\/2024\/04\/a-conexao-entre-a-musica-e-as-experiencias-sensoriais-na-sinestesia-20240229111914.jpg-jpg.webp?resize=350%2C200&ssl=1","width":350,"height":200,"srcset":"https:\/\/i0.wp.com\/www.sabra.org.br\/site\/wp-content\/uploads\/2024\/04\/a-conexao-entre-a-musica-e-as-experiencias-sensoriais-na-sinestesia-20240229111914.jpg-jpg.webp?resize=350%2C200&ssl=1 1x, https:\/\/i0.wp.com\/www.sabra.org.br\/site\/wp-content\/uploads\/2024\/04\/a-conexao-entre-a-musica-e-as-experiencias-sensoriais-na-sinestesia-20240229111914.jpg-jpg.webp?resize=525%2C300&ssl=1 1.5x, https:\/\/i0.wp.com\/www.sabra.org.br\/site\/wp-content\/uploads\/2024\/04\/a-conexao-entre-a-musica-e-as-experiencias-sensoriais-na-sinestesia-20240229111914.jpg-jpg.webp?resize=700%2C400&ssl=1 2x"},"classes":[]},{"id":13781,"url":"https:\/\/www.sabra.org.br\/site\/orquestra-jovem-betim-2025\/","url_meta":{"origin":15221,"position":1},"title":"ATA DE SELE\u00c7\u00c3O DE BOLSISTA PARA O CURSO DE ORQUESTRA JOVEM BETIM","author":"M\u00e1rcio Miranda Pontes","date":"3 de junho de 2025","format":false,"excerpt":"Defini\u00e7\u00e3o das posi\u00e7\u00f5es no curso Orquestra Jovem de Betim, o valor das bolsas incentivo e as atividades a serem realizadas.","rel":"","context":"Em &quot;Not\u00edcias&quot;","block_context":{"text":"Not\u00edcias","link":"https:\/\/www.sabra.org.br\/site\/category\/noticias\/"},"img":{"alt_text":"","src":"","width":0,"height":0},"classes":[]},{"id":4251,"url":"https:\/\/www.sabra.org.br\/site\/orquestra-4\/","url_meta":{"origin":15221,"position":2},"title":"Aprovados para vagas suplementares no Curso \u201cOrquestra Sinf\u00f4nica de Betim\u201d 2021","author":"M\u00e1rcio Miranda Pontes","date":"14 de outubro de 2021","format":false,"excerpt":"A SOCIEDADE ART\u00cdSTICA BRASILEIRA \u2013 SABRA, parabeniza todos os candidatos e candidatas participantes no processo seletivo para as vagas no curso da Orquestra Sinf\u00f4nica de Betim e publica, como previsto no Edital de Sele\u00e7\u00e3o 010\/2021, a lista dos aprovados para o ano de 2021. Os candidatos e candidatas aprovados dever\u00e3o\u2026","rel":"","context":"Em &quot;Not\u00edcias&quot;","block_context":{"text":"Not\u00edcias","link":"https:\/\/www.sabra.org.br\/site\/category\/noticias\/"},"img":{"alt_text":"orquestra-m\u00fasica-tipo","src":"https:\/\/i0.wp.com\/www.sabra.org.br\/site\/wp-content\/uploads\/2021\/05\/saiba-quais-sao-os-tipos-de-orquestra-existem-20210203092956.jpg.jpg?resize=350%2C200&ssl=1","width":350,"height":200,"srcset":"https:\/\/i0.wp.com\/www.sabra.org.br\/site\/wp-content\/uploads\/2021\/05\/saiba-quais-sao-os-tipos-de-orquestra-existem-20210203092956.jpg.jpg?resize=350%2C200&ssl=1 1x, https:\/\/i0.wp.com\/www.sabra.org.br\/site\/wp-content\/uploads\/2021\/05\/saiba-quais-sao-os-tipos-de-orquestra-existem-20210203092956.jpg.jpg?resize=525%2C300&ssl=1 1.5x, https:\/\/i0.wp.com\/www.sabra.org.br\/site\/wp-content\/uploads\/2021\/05\/saiba-quais-sao-os-tipos-de-orquestra-existem-20210203092956.jpg.jpg?resize=700%2C400&ssl=1 2x"},"classes":[]},{"id":13758,"url":"https:\/\/www.sabra.org.br\/site\/orquestra-jovem-2025\/","url_meta":{"origin":15221,"position":3},"title":"ATA DE SELE\u00c7\u00c3O DE BOLSISTA PARA O CURSO DE ORQUESTRA JOVEM","author":"M\u00e1rcio Miranda Pontes","date":"21 de maio de 2025","format":false,"excerpt":"Saiba mais sobre a avalia\u00e7\u00e3o para o curso Orquestra Jovem e as decis\u00f5es sobre o naipe de cordas e sopros.","rel":"","context":"Em &quot;Not\u00edcias&quot;","block_context":{"text":"Not\u00edcias","link":"https:\/\/www.sabra.org.br\/site\/category\/noticias\/"},"img":{"alt_text":"violino-viola-violoncelo-betim-contagem-apto-apta-Orquestra Juvenil da Escola de M\u00fasica Sabra","src":"https:\/\/i0.wp.com\/www.sabra.org.br\/site\/wp-content\/uploads\/2022\/12\/IMG_9406-Copia-scaled.jpg?resize=350%2C200&ssl=1","width":350,"height":200,"srcset":"https:\/\/i0.wp.com\/www.sabra.org.br\/site\/wp-content\/uploads\/2022\/12\/IMG_9406-Copia-scaled.jpg?resize=350%2C200&ssl=1 1x, https:\/\/i0.wp.com\/www.sabra.org.br\/site\/wp-content\/uploads\/2022\/12\/IMG_9406-Copia-scaled.jpg?resize=525%2C300&ssl=1 1.5x, https:\/\/i0.wp.com\/www.sabra.org.br\/site\/wp-content\/uploads\/2022\/12\/IMG_9406-Copia-scaled.jpg?resize=700%2C400&ssl=1 2x, https:\/\/i0.wp.com\/www.sabra.org.br\/site\/wp-content\/uploads\/2022\/12\/IMG_9406-Copia-scaled.jpg?resize=1050%2C600&ssl=1 3x, https:\/\/i0.wp.com\/www.sabra.org.br\/site\/wp-content\/uploads\/2022\/12\/IMG_9406-Copia-scaled.jpg?resize=1400%2C800&ssl=1 4x"},"classes":[]},{"id":3708,"url":"https:\/\/www.sabra.org.br\/site\/aprovados-para-o-curso-orquestra-sinfonica-de-betim-2021\/","url_meta":{"origin":15221,"position":4},"title":"Aprovados para o Curso \u201cOrquestra Sinf\u00f4nica de Betim\u201d 2021","author":"M\u00e1rcio Miranda Pontes","date":"26 de fevereiro de 2021","format":false,"excerpt":"A SOCIEDADE ART\u00cdSTICA BRASILEIRA \u2013 SABRA, parabeniza todos os candidatos e candidatas participantes no processo seletivo para as vagas no curso da Orquestra Sinf\u00f4nica de Betim e publica, como previsto no Edital de Sele\u00e7\u00e3o, a lista dos aprovados para o ano de 2021. Os candidatos e candidatas aprovados dever\u00e3o enviar,\u2026","rel":"","context":"Em &quot;Not\u00edcias&quot;","block_context":{"text":"Not\u00edcias","link":"https:\/\/www.sabra.org.br\/site\/category\/noticias\/"},"img":{"alt_text":"Fundo FIA","src":"https:\/\/i0.wp.com\/www.sabra.org.br\/site\/wp-content\/uploads\/2018\/06\/IMG_4567.jpg?resize=350%2C200&ssl=1","width":350,"height":200,"srcset":"https:\/\/i0.wp.com\/www.sabra.org.br\/site\/wp-content\/uploads\/2018\/06\/IMG_4567.jpg?resize=350%2C200&ssl=1 1x, https:\/\/i0.wp.com\/www.sabra.org.br\/site\/wp-content\/uploads\/2018\/06\/IMG_4567.jpg?resize=525%2C300&ssl=1 1.5x, https:\/\/i0.wp.com\/www.sabra.org.br\/site\/wp-content\/uploads\/2018\/06\/IMG_4567.jpg?resize=700%2C400&ssl=1 2x"},"classes":[]},{"id":4762,"url":"https:\/\/www.sabra.org.br\/site\/osbetim-2022\/","url_meta":{"origin":15221,"position":5},"title":"Lista de aprovados Orquestra 2022","author":"M\u00e1rcio Miranda Pontes","date":"23 de fevereiro de 2022","format":false,"excerpt":"Lista de aprovados para o Curso \u201cOrquestra Sinf\u00f4nica de Betim\u201d \u2013 2022 - Mais m\u00fasica para a comuinidade de Betim.","rel":"","context":"Em &quot;Blog SABRA&quot;","block_context":{"text":"Blog SABRA","link":"https:\/\/www.sabra.org.br\/site\/category\/blog-sabra\/"},"img":{"alt_text":"orquestra-sinf\u00f4nica-betim-economia-circular-empresa-produto-sustent\u00e1vel","src":"https:\/\/i0.wp.com\/www.sabra.org.br\/site\/wp-content\/uploads\/2021\/06\/economia-circular-o-impulso-do-consumo-e-producao-responsaveis-20210423165408.jpg.jpg?resize=350%2C200&ssl=1","width":350,"height":200,"srcset":"https:\/\/i0.wp.com\/www.sabra.org.br\/site\/wp-content\/uploads\/2021\/06\/economia-circular-o-impulso-do-consumo-e-producao-responsaveis-20210423165408.jpg.jpg?resize=350%2C200&ssl=1 1x, https:\/\/i0.wp.com\/www.sabra.org.br\/site\/wp-content\/uploads\/2021\/06\/economia-circular-o-impulso-do-consumo-e-producao-responsaveis-20210423165408.jpg.jpg?resize=525%2C300&ssl=1 1.5x, https:\/\/i0.wp.com\/www.sabra.org.br\/site\/wp-content\/uploads\/2021\/06\/economia-circular-o-impulso-do-consumo-e-producao-responsaveis-20210423165408.jpg.jpg?resize=700%2C400&ssl=1 2x"},"classes":[]}],"jetpack_likes_enabled":true,"jetpack_sharing_enabled":true,"_links":{"self":[{"href":"https:\/\/www.sabra.org.br\/site\/wp-json\/wp\/v2\/posts\/15221","targetHints":{"allow":["GET"]}}],"collection":[{"href":"https:\/\/www.sabra.org.br\/site\/wp-json\/wp\/v2\/posts"}],"about":[{"href":"https:\/\/www.sabra.org.br\/site\/wp-json\/wp\/v2\/types\/post"}],"author":[{"embeddable":true,"href":"https:\/\/www.sabra.org.br\/site\/wp-json\/wp\/v2\/users\/39"}],"replies":[{"embeddable":true,"href":"https:\/\/www.sabra.org.br\/site\/wp-json\/wp\/v2\/comments?post=15221"}],"version-history":[{"count":3,"href":"https:\/\/www.sabra.org.br\/site\/wp-json\/wp\/v2\/posts\/15221\/revisions"}],"predecessor-version":[{"id":15233,"href":"https:\/\/www.sabra.org.br\/site\/wp-json\/wp\/v2\/posts\/15221\/revisions\/15233"}],"wp:attachment":[{"href":"https:\/\/www.sabra.org.br\/site\/wp-json\/wp\/v2\/media?parent=15221"}],"wp:term":[{"taxonomy":"category","embeddable":true,"href":"https:\/\/www.sabra.org.br\/site\/wp-json\/wp\/v2\/categories?post=15221"},{"taxonomy":"post_tag","embeddable":true,"href":"https:\/\/www.sabra.org.br\/site\/wp-json\/wp\/v2\/tags?post=15221"}],"curies":[{"name":"wp","href":"https:\/\/api.w.org\/{rel}","templated":true}]}}