{"id":15225,"date":"2026-03-05T13:06:08","date_gmt":"2026-03-05T16:06:08","guid":{"rendered":"https:\/\/www.sabra.org.br\/site\/?p=15225"},"modified":"2026-03-14T10:58:53","modified_gmt":"2026-03-14T13:58:53","slug":"resultado-edital-005-2026-musicalizacao-e-coral-inclusivo","status":"publish","type":"post","link":"https:\/\/www.sabra.org.br\/site\/resultado-edital-005-2026-musicalizacao-e-coral-inclusivo\/","title":{"rendered":"Resultado EDITAL 005-2026 Musicaliza\u00e7\u00e3o e Coral Inclusivo"},"content":{"rendered":"\n<hr class=\"wp-block-separator has-alpha-channel-opacity\"\/>\n\n\n\n<h2 class=\"wp-block-heading\">Processo seletivo da Sabra: candidatos s\u00e3o aprovados e enturmados por ordem de inscri\u00e7\u00e3o<\/h2>\n\n\n\n<p>A Escola de M\u00fasica Sabra informa que todos os candidatos inscritos nos processos seletivos para os cursos de Musicaliza\u00e7\u00e3o, Coral Infantil, Musicaliza\u00e7\u00e3o Inclusiva e Coral Inclusivo foram considerados aptos e est\u00e3o sendo enturmados para o ano letivo de 2026.<\/p>\n\n\n\n<p>Seguindo os crit\u00e9rios estabelecidos nos editais vigentes \u2014 incluindo o Edital SABRA n\u00ba 001\/2026 e o Edital SABRA n\u00ba 005\/2026 \u2014 a aloca\u00e7\u00e3o dos novos alunos est\u00e1 sendo realizada por <strong>ordem cronol\u00f3gica de inscri\u00e7\u00e3o<\/strong>, conforme previsto nos itens 5.4 e 3.4 dos respectivos documentos.<\/p>\n\n\n\n<p>A Secretaria da Escola de M\u00fasica Sabra est\u00e1 entrando em contato diretamente com os respons\u00e1veis e candidatos para agendamento das aulas e orienta\u00e7\u00f5es sobre a matr\u00edcula, que inclui o preenchimento da Ficha de Atendimento Sociofamiliar (FASF) e a atualiza\u00e7\u00e3o cadastral no sistema Sabra Sol.<\/p>\n\n\n\n<h3 class=\"wp-block-heading\">Novas turmas ao longo do ano<\/h3>\n\n\n\n<p>Al\u00e9m das turmas iniciadas em mar\u00e7o, a Sabra refor\u00e7a que <strong>novas vagas ser\u00e3o abertas nos pr\u00f3ximos meses<\/strong>, conforme surgimento de oportunidades e andamento da lista de espera. Os candidatos que ainda n\u00e3o foram contatados devem aguardar o chamado da Secretaria, respeitando a ordem cronol\u00f3gica de inscri\u00e7\u00e3o.<\/p>\n\n\n\n<p>Agradecemos o interesse e a participa\u00e7\u00e3o de todos. Em caso de d\u00favidas, a Secretaria da Sabra permanece \u00e0 disposi\u00e7\u00e3o pelos canais oficiais.<\/p>\n\n\n\n<hr class=\"wp-block-separator has-alpha-channel-opacity\"\/>\n\n\n\n<h2 class=\"wp-block-heading\">Se voc\u00ea gostou deste post:<\/h2>\n\n\n\n<ul class=\"wp-block-list\">\n<li>SIGA as nossas p\u00e1ginas nas redes sociais para acompanhar as nossas atualiza\u00e7\u00f5es: estamos no <a href=\"https:\/\/www.facebook.com\/sabrabrasil\" target=\"_blank\" rel=\"noreferrer noopener\">Facebook<\/a>, no <a href=\"https:\/\/www.instagram.com\/sabrabrasil\/\" target=\"_blank\" rel=\"noreferrer noopener\">Instagram<\/a>, no <a href=\"https:\/\/www.linkedin.com\/company\/25002088\" target=\"_blank\" rel=\"noreferrer noopener\">LinkedIn<\/a>, no <a href=\"https:\/\/x.com\/ContatoSabra\" target=\"_blank\" rel=\"noreferrer noopener\">X<\/a> e no <a href=\"https:\/\/www.youtube.com\/channel\/UCJw-kbuEvzUNdeQf20Pa-eQ\" target=\"_blank\" rel=\"noreferrer noopener\">YouTube<\/a>!<\/li>\n\n\n\n<li>CONHE\u00c7A o trabalho da Sociedade Art\u00edstica Brasileira (SABRA) e todas as iniciativas culturais e sociais que ela mant\u00e9m. <a href=\"https:\/\/www.sabra.org.br\/site\/acoes\/\" target=\"_blank\" rel=\"noreferrer noopener\">Acesse nosso site!<\/a><\/li>\n\n\n\n<li>ENTRE EM CONTATO com a gente. E veja quais s\u00e3o as op\u00e7\u00f5es de ajuda na manuten\u00e7\u00e3o de nossas a\u00e7\u00f5es sociais e culturais. Basta acessar nossa p\u00e1gina <a href=\"https:\/\/www.sabra.org.br\/site\/doe-agora\/\" target=\"_blank\" rel=\"noreferrer noopener\">Doe Agora!<\/a><\/li>\n\n\n\n<li>COMPARTILHE este texto nas suas redes sociais e ajude os seus amigos a tamb\u00e9m dominarem o assunto!<\/li>\n<\/ul>\n\n\n\n<p>\u2013 Os projetos da @sabrabrasil s\u00e3o realizados com o patroci\u0301nio m\u00e1ster: @institutounimedbh, viabilizado pelo incentivo de mais de 5,9 mil m\u00e9dicos cooperados e colaboradores via Lei de Incentivo \u00e0 Cultura &#8211; @culturagovbr, @minc<\/p>\n","protected":false},"excerpt":{"rendered":"<p>Processo seletivo da Sabra: candidatos s\u00e3o aprovados e enturmados por ordem de inscri\u00e7\u00e3o A Escola de M\u00fasica Sabra informa que todos os candidatos inscritos nos&hellip;<\/p>\n","protected":false},"author":39,"featured_media":0,"comment_status":"open","ping_status":"open","sticky":false,"template":"","format":"standard","meta":{"jetpack_post_was_ever_published":false,"_jetpack_newsletter_access":"","_jetpack_dont_email_post_to_subs":true,"_jetpack_newsletter_tier_id":0,"_jetpack_memberships_contains_paywalled_content":false,"_jetpack_memberships_contains_paid_content":false,"footnotes":""},"categories":[4],"tags":[],"class_list":["post-15225","post","type-post","status-publish","format-standard","hentry","category-noticias"],"yoast_head":"<!-- This site is optimized with the Yoast SEO plugin v27.4 - https:\/\/yoast.com\/product\/yoast-seo-wordpress\/ -->\n<title>Resultado EDITAL 005-2026 Musicaliza\u00e7\u00e3o e Coral Inclusivo - SABRA - Sociedade Art\u00edstica Brasileira<\/title>\n<meta name=\"robots\" content=\"index, follow, max-snippet:-1, max-image-preview:large, max-video-preview:-1\" \/>\n<link rel=\"canonical\" href=\"https:\/\/www.sabra.org.br\/site\/resultado-edital-005-2026-musicalizacao-e-coral-inclusivo\/\" \/>\n<meta property=\"og:locale\" content=\"pt_BR\" \/>\n<meta property=\"og:type\" content=\"article\" \/>\n<meta property=\"og:title\" content=\"Resultado EDITAL 005-2026 Musicaliza\u00e7\u00e3o e Coral Inclusivo - SABRA - Sociedade Art\u00edstica Brasileira\" \/>\n<meta property=\"og:description\" content=\"Processo seletivo da Sabra: candidatos s\u00e3o aprovados e enturmados por ordem de inscri\u00e7\u00e3o A Escola de M\u00fasica Sabra informa que todos os candidatos inscritos nos&hellip;\" \/>\n<meta property=\"og:url\" content=\"https:\/\/www.sabra.org.br\/site\/resultado-edital-005-2026-musicalizacao-e-coral-inclusivo\/\" \/>\n<meta property=\"og:site_name\" content=\"SABRA - Sociedade Art\u00edstica Brasileira\" \/>\n<meta property=\"article:publisher\" content=\"https:\/\/www.facebook.com\/sabrabrasil\" \/>\n<meta property=\"article:published_time\" content=\"2026-03-05T16:06:08+00:00\" \/>\n<meta property=\"article:modified_time\" content=\"2026-03-14T13:58:53+00:00\" \/>\n<meta property=\"og:image\" content=\"https:\/\/www.sabra.org.br\/site\/wp-content\/uploads\/2021\/12\/AvatarSabra1.jpg\" \/>\n\t<meta property=\"og:image:width\" content=\"200\" \/>\n\t<meta property=\"og:image:height\" content=\"200\" \/>\n\t<meta property=\"og:image:type\" content=\"image\/jpeg\" \/>\n<meta name=\"author\" content=\"M\u00e1rcio Miranda Pontes\" \/>\n<meta name=\"twitter:card\" content=\"summary_large_image\" \/>\n<meta name=\"twitter:creator\" content=\"@ContatoSabra\" \/>\n<meta name=\"twitter:site\" content=\"@ContatoSabra\" \/>\n<meta name=\"twitter:label1\" content=\"Escrito por\" \/>\n\t<meta name=\"twitter:data1\" content=\"M\u00e1rcio Miranda Pontes\" \/>\n\t<meta name=\"twitter:label2\" content=\"Est. tempo de leitura\" \/>\n\t<meta name=\"twitter:data2\" content=\"2 minutos\" \/>\n<script type=\"application\/ld+json\" class=\"yoast-schema-graph\">{\"@context\":\"https:\\\/\\\/schema.org\",\"@graph\":[{\"@type\":\"Article\",\"@id\":\"https:\\\/\\\/www.sabra.org.br\\\/site\\\/resultado-edital-005-2026-musicalizacao-e-coral-inclusivo\\\/#article\",\"isPartOf\":{\"@id\":\"https:\\\/\\\/www.sabra.org.br\\\/site\\\/resultado-edital-005-2026-musicalizacao-e-coral-inclusivo\\\/\"},\"author\":{\"name\":\"M\u00e1rcio Miranda Pontes\",\"@id\":\"https:\\\/\\\/www.sabra.org.br\\\/site\\\/#\\\/schema\\\/person\\\/7d1d222c3c8891d4c37c7b41bf6315c2\"},\"headline\":\"Resultado EDITAL 005-2026 Musicaliza\u00e7\u00e3o e Coral Inclusivo\",\"datePublished\":\"2026-03-05T16:06:08+00:00\",\"dateModified\":\"2026-03-14T13:58:53+00:00\",\"mainEntityOfPage\":{\"@id\":\"https:\\\/\\\/www.sabra.org.br\\\/site\\\/resultado-edital-005-2026-musicalizacao-e-coral-inclusivo\\\/\"},\"wordCount\":380,\"commentCount\":0,\"publisher\":{\"@id\":\"https:\\\/\\\/www.sabra.org.br\\\/site\\\/#organization\"},\"articleSection\":[\"Not\u00edcias\"],\"inLanguage\":\"pt-BR\",\"potentialAction\":[{\"@type\":\"CommentAction\",\"name\":\"Comment\",\"target\":[\"https:\\\/\\\/www.sabra.org.br\\\/site\\\/resultado-edital-005-2026-musicalizacao-e-coral-inclusivo\\\/#respond\"]}]},{\"@type\":\"WebPage\",\"@id\":\"https:\\\/\\\/www.sabra.org.br\\\/site\\\/resultado-edital-005-2026-musicalizacao-e-coral-inclusivo\\\/\",\"url\":\"https:\\\/\\\/www.sabra.org.br\\\/site\\\/resultado-edital-005-2026-musicalizacao-e-coral-inclusivo\\\/\",\"name\":\"Resultado EDITAL 005-2026 Musicaliza\u00e7\u00e3o e Coral Inclusivo - SABRA - Sociedade Art\u00edstica Brasileira\",\"isPartOf\":{\"@id\":\"https:\\\/\\\/www.sabra.org.br\\\/site\\\/#website\"},\"datePublished\":\"2026-03-05T16:06:08+00:00\",\"dateModified\":\"2026-03-14T13:58:53+00:00\",\"breadcrumb\":{\"@id\":\"https:\\\/\\\/www.sabra.org.br\\\/site\\\/resultado-edital-005-2026-musicalizacao-e-coral-inclusivo\\\/#breadcrumb\"},\"inLanguage\":\"pt-BR\",\"potentialAction\":[{\"@type\":\"ReadAction\",\"target\":[\"https:\\\/\\\/www.sabra.org.br\\\/site\\\/resultado-edital-005-2026-musicalizacao-e-coral-inclusivo\\\/\"]}]},{\"@type\":\"BreadcrumbList\",\"@id\":\"https:\\\/\\\/www.sabra.org.br\\\/site\\\/resultado-edital-005-2026-musicalizacao-e-coral-inclusivo\\\/#breadcrumb\",\"itemListElement\":[{\"@type\":\"ListItem\",\"position\":1,\"name\":\"In\u00edcio\",\"item\":\"https:\\\/\\\/www.sabra.org.br\\\/site\\\/\"},{\"@type\":\"ListItem\",\"position\":2,\"name\":\"Resultado EDITAL 005-2026 Musicaliza\u00e7\u00e3o e Coral Inclusivo\"}]},{\"@type\":\"WebSite\",\"@id\":\"https:\\\/\\\/www.sabra.org.br\\\/site\\\/#website\",\"url\":\"https:\\\/\\\/www.sabra.org.br\\\/site\\\/\",\"name\":\"SABRA - Sociedade Art\u00edstica Brasileira\",\"description\":\"Escola de M\u00fasica, Orquestra Sinf\u00f4nica, Coral e Patrim\u00f4nio Cultural e Hist\u00f3rico\",\"publisher\":{\"@id\":\"https:\\\/\\\/www.sabra.org.br\\\/site\\\/#organization\"},\"potentialAction\":[{\"@type\":\"SearchAction\",\"target\":{\"@type\":\"EntryPoint\",\"urlTemplate\":\"https:\\\/\\\/www.sabra.org.br\\\/site\\\/?s={search_term_string}\"},\"query-input\":{\"@type\":\"PropertyValueSpecification\",\"valueRequired\":true,\"valueName\":\"search_term_string\"}}],\"inLanguage\":\"pt-BR\"},{\"@type\":\"Organization\",\"@id\":\"https:\\\/\\\/www.sabra.org.br\\\/site\\\/#organization\",\"name\":\"SOCIEDADE ART\u00cdSTICA BRASILEIRA SABRA\",\"alternateName\":\"SABRA\",\"url\":\"https:\\\/\\\/www.sabra.org.br\\\/site\\\/\",\"logo\":{\"@type\":\"ImageObject\",\"inLanguage\":\"pt-BR\",\"@id\":\"https:\\\/\\\/www.sabra.org.br\\\/site\\\/#\\\/schema\\\/logo\\\/image\\\/\",\"url\":\"https:\\\/\\\/www.sabra.org.br\\\/site\\\/wp-content\\\/uploads\\\/2019\\\/06\\\/cropped-Logo_SABRA-Copia-1.webp\",\"contentUrl\":\"https:\\\/\\\/www.sabra.org.br\\\/site\\\/wp-content\\\/uploads\\\/2019\\\/06\\\/cropped-Logo_SABRA-Copia-1.webp\",\"width\":400,\"height\":128,\"caption\":\"SOCIEDADE ART\u00cdSTICA BRASILEIRA SABRA\"},\"image\":{\"@id\":\"https:\\\/\\\/www.sabra.org.br\\\/site\\\/#\\\/schema\\\/logo\\\/image\\\/\"},\"sameAs\":[\"https:\\\/\\\/www.facebook.com\\\/sabrabrasil\",\"https:\\\/\\\/x.com\\\/ContatoSabra\",\"https:\\\/\\\/www.instagram.com\\\/sabrabrasil\\\/\",\"https:\\\/\\\/www.linkedin.com\\\/company\\\/25002088\\\/\",\"https:\\\/\\\/br.pinterest.com\\\/sociedadeartisticabrasileira\\\/\",\"https:\\\/\\\/www.youtube.com\\\/c\\\/sabrabrasil\"]},{\"@type\":\"Person\",\"@id\":\"https:\\\/\\\/www.sabra.org.br\\\/site\\\/#\\\/schema\\\/person\\\/7d1d222c3c8891d4c37c7b41bf6315c2\",\"name\":\"M\u00e1rcio Miranda Pontes\",\"image\":{\"@type\":\"ImageObject\",\"inLanguage\":\"pt-BR\",\"@id\":\"https:\\\/\\\/secure.gravatar.com\\\/avatar\\\/3b45f24496a7625a3a6c436688fbe20344faaeb2979658dc4a9921f984d7df9a?s=96&d=mm&r=g\",\"url\":\"https:\\\/\\\/secure.gravatar.com\\\/avatar\\\/3b45f24496a7625a3a6c436688fbe20344faaeb2979658dc4a9921f984d7df9a?s=96&d=mm&r=g\",\"contentUrl\":\"https:\\\/\\\/secure.gravatar.com\\\/avatar\\\/3b45f24496a7625a3a6c436688fbe20344faaeb2979658dc4a9921f984d7df9a?s=96&d=mm&r=g\",\"caption\":\"M\u00e1rcio Miranda Pontes\"},\"sameAs\":[\"http:\\\/\\\/www.sabra.org.br\"],\"url\":\"https:\\\/\\\/www.sabra.org.br\\\/site\\\/author\\\/marcio-miranda-pontes\\\/\"}]}<\/script>\n<!-- \/ Yoast SEO plugin. -->","yoast_head_json":{"title":"Resultado EDITAL 005-2026 Musicaliza\u00e7\u00e3o e Coral Inclusivo - SABRA - Sociedade Art\u00edstica Brasileira","robots":{"index":"index","follow":"follow","max-snippet":"max-snippet:-1","max-image-preview":"max-image-preview:large","max-video-preview":"max-video-preview:-1"},"canonical":"https:\/\/www.sabra.org.br\/site\/resultado-edital-005-2026-musicalizacao-e-coral-inclusivo\/","og_locale":"pt_BR","og_type":"article","og_title":"Resultado EDITAL 005-2026 Musicaliza\u00e7\u00e3o e Coral Inclusivo - SABRA - Sociedade Art\u00edstica Brasileira","og_description":"Processo seletivo da Sabra: candidatos s\u00e3o aprovados e enturmados por ordem de inscri\u00e7\u00e3o A Escola de M\u00fasica Sabra informa que todos os candidatos inscritos nos&hellip;","og_url":"https:\/\/www.sabra.org.br\/site\/resultado-edital-005-2026-musicalizacao-e-coral-inclusivo\/","og_site_name":"SABRA - Sociedade Art\u00edstica Brasileira","article_publisher":"https:\/\/www.facebook.com\/sabrabrasil","article_published_time":"2026-03-05T16:06:08+00:00","article_modified_time":"2026-03-14T13:58:53+00:00","og_image":[{"width":200,"height":200,"url":"https:\/\/www.sabra.org.br\/site\/wp-content\/uploads\/2021\/12\/AvatarSabra1.jpg","type":"image\/jpeg"}],"author":"M\u00e1rcio Miranda Pontes","twitter_card":"summary_large_image","twitter_creator":"@ContatoSabra","twitter_site":"@ContatoSabra","twitter_misc":{"Escrito por":"M\u00e1rcio Miranda Pontes","Est. tempo de leitura":"2 minutos"},"schema":{"@context":"https:\/\/schema.org","@graph":[{"@type":"Article","@id":"https:\/\/www.sabra.org.br\/site\/resultado-edital-005-2026-musicalizacao-e-coral-inclusivo\/#article","isPartOf":{"@id":"https:\/\/www.sabra.org.br\/site\/resultado-edital-005-2026-musicalizacao-e-coral-inclusivo\/"},"author":{"name":"M\u00e1rcio Miranda Pontes","@id":"https:\/\/www.sabra.org.br\/site\/#\/schema\/person\/7d1d222c3c8891d4c37c7b41bf6315c2"},"headline":"Resultado EDITAL 005-2026 Musicaliza\u00e7\u00e3o e Coral Inclusivo","datePublished":"2026-03-05T16:06:08+00:00","dateModified":"2026-03-14T13:58:53+00:00","mainEntityOfPage":{"@id":"https:\/\/www.sabra.org.br\/site\/resultado-edital-005-2026-musicalizacao-e-coral-inclusivo\/"},"wordCount":380,"commentCount":0,"publisher":{"@id":"https:\/\/www.sabra.org.br\/site\/#organization"},"articleSection":["Not\u00edcias"],"inLanguage":"pt-BR","potentialAction":[{"@type":"CommentAction","name":"Comment","target":["https:\/\/www.sabra.org.br\/site\/resultado-edital-005-2026-musicalizacao-e-coral-inclusivo\/#respond"]}]},{"@type":"WebPage","@id":"https:\/\/www.sabra.org.br\/site\/resultado-edital-005-2026-musicalizacao-e-coral-inclusivo\/","url":"https:\/\/www.sabra.org.br\/site\/resultado-edital-005-2026-musicalizacao-e-coral-inclusivo\/","name":"Resultado EDITAL 005-2026 Musicaliza\u00e7\u00e3o e Coral Inclusivo - SABRA - Sociedade Art\u00edstica Brasileira","isPartOf":{"@id":"https:\/\/www.sabra.org.br\/site\/#website"},"datePublished":"2026-03-05T16:06:08+00:00","dateModified":"2026-03-14T13:58:53+00:00","breadcrumb":{"@id":"https:\/\/www.sabra.org.br\/site\/resultado-edital-005-2026-musicalizacao-e-coral-inclusivo\/#breadcrumb"},"inLanguage":"pt-BR","potentialAction":[{"@type":"ReadAction","target":["https:\/\/www.sabra.org.br\/site\/resultado-edital-005-2026-musicalizacao-e-coral-inclusivo\/"]}]},{"@type":"BreadcrumbList","@id":"https:\/\/www.sabra.org.br\/site\/resultado-edital-005-2026-musicalizacao-e-coral-inclusivo\/#breadcrumb","itemListElement":[{"@type":"ListItem","position":1,"name":"In\u00edcio","item":"https:\/\/www.sabra.org.br\/site\/"},{"@type":"ListItem","position":2,"name":"Resultado EDITAL 005-2026 Musicaliza\u00e7\u00e3o e Coral Inclusivo"}]},{"@type":"WebSite","@id":"https:\/\/www.sabra.org.br\/site\/#website","url":"https:\/\/www.sabra.org.br\/site\/","name":"SABRA - Sociedade Art\u00edstica Brasileira","description":"Escola de M\u00fasica, Orquestra Sinf\u00f4nica, Coral e Patrim\u00f4nio Cultural e Hist\u00f3rico","publisher":{"@id":"https:\/\/www.sabra.org.br\/site\/#organization"},"potentialAction":[{"@type":"SearchAction","target":{"@type":"EntryPoint","urlTemplate":"https:\/\/www.sabra.org.br\/site\/?s={search_term_string}"},"query-input":{"@type":"PropertyValueSpecification","valueRequired":true,"valueName":"search_term_string"}}],"inLanguage":"pt-BR"},{"@type":"Organization","@id":"https:\/\/www.sabra.org.br\/site\/#organization","name":"SOCIEDADE ART\u00cdSTICA BRASILEIRA SABRA","alternateName":"SABRA","url":"https:\/\/www.sabra.org.br\/site\/","logo":{"@type":"ImageObject","inLanguage":"pt-BR","@id":"https:\/\/www.sabra.org.br\/site\/#\/schema\/logo\/image\/","url":"https:\/\/www.sabra.org.br\/site\/wp-content\/uploads\/2019\/06\/cropped-Logo_SABRA-Copia-1.webp","contentUrl":"https:\/\/www.sabra.org.br\/site\/wp-content\/uploads\/2019\/06\/cropped-Logo_SABRA-Copia-1.webp","width":400,"height":128,"caption":"SOCIEDADE ART\u00cdSTICA BRASILEIRA SABRA"},"image":{"@id":"https:\/\/www.sabra.org.br\/site\/#\/schema\/logo\/image\/"},"sameAs":["https:\/\/www.facebook.com\/sabrabrasil","https:\/\/x.com\/ContatoSabra","https:\/\/www.instagram.com\/sabrabrasil\/","https:\/\/www.linkedin.com\/company\/25002088\/","https:\/\/br.pinterest.com\/sociedadeartisticabrasileira\/","https:\/\/www.youtube.com\/c\/sabrabrasil"]},{"@type":"Person","@id":"https:\/\/www.sabra.org.br\/site\/#\/schema\/person\/7d1d222c3c8891d4c37c7b41bf6315c2","name":"M\u00e1rcio Miranda Pontes","image":{"@type":"ImageObject","inLanguage":"pt-BR","@id":"https:\/\/secure.gravatar.com\/avatar\/3b45f24496a7625a3a6c436688fbe20344faaeb2979658dc4a9921f984d7df9a?s=96&d=mm&r=g","url":"https:\/\/secure.gravatar.com\/avatar\/3b45f24496a7625a3a6c436688fbe20344faaeb2979658dc4a9921f984d7df9a?s=96&d=mm&r=g","contentUrl":"https:\/\/secure.gravatar.com\/avatar\/3b45f24496a7625a3a6c436688fbe20344faaeb2979658dc4a9921f984d7df9a?s=96&d=mm&r=g","caption":"M\u00e1rcio Miranda Pontes"},"sameAs":["http:\/\/www.sabra.org.br"],"url":"https:\/\/www.sabra.org.br\/site\/author\/marcio-miranda-pontes\/"}]}},"jetpack_featured_media_url":"","jetpack_shortlink":"https:\/\/wp.me\/p95j2Z-3Xz","jetpack-related-posts":[{"id":15217,"url":"https:\/\/www.sabra.org.br\/site\/resultado-edital-001-2026-musicalizacao-e-coral-infantil\/","url_meta":{"origin":15225,"position":0},"title":"Resultado EDITAL 001-2026 Musicaliza\u00e7\u00e3o e Coral Infantil","author":"M\u00e1rcio Miranda Pontes","date":"5 de mar\u00e7o de 2026","format":false,"excerpt":"Processo seletivo da Sabra: candidatos s\u00e3o aprovados e enturmados por ordem de inscri\u00e7\u00e3o A Escola de M\u00fasica Sabra informa que todos os candidatos inscritos nos processos seletivos para os cursos de Musicaliza\u00e7\u00e3o, Coral Infantil, Musicaliza\u00e7\u00e3o Inclusiva e Coral Inclusivo foram considerados aptos e est\u00e3o sendo enturmados para o ano letivo\u2026","rel":"","context":"Em &quot;Not\u00edcias&quot;","block_context":{"text":"Not\u00edcias","link":"https:\/\/www.sabra.org.br\/site\/category\/noticias\/"},"img":{"alt_text":"","src":"","width":0,"height":0},"classes":[]},{"id":15223,"url":"https:\/\/www.sabra.org.br\/site\/resultado-edital-004-2026-escola-de-musica-sabra-veteranos\/","url_meta":{"origin":15225,"position":1},"title":"Resultado EDITAL 004-2026 Escola de M\u00fasica SABRA-Veteranos","author":"M\u00e1rcio Miranda Pontes","date":"5 de mar\u00e7o de 2026","format":false,"excerpt":"Processo seletivo da Sabra: candidatos s\u00e3o aprovados e enturmados por ordem de inscri\u00e7\u00e3o A Escola de M\u00fasica Sabra informa que todos os candidatos inscritos nos processos seletivos para os cursos de Musicaliza\u00e7\u00e3o, Coral Infantil, Musicaliza\u00e7\u00e3o Inclusiva e Coral Inclusivo foram considerados aptos e est\u00e3o sendo enturmados para o ano letivo\u2026","rel":"","context":"Em &quot;Not\u00edcias&quot;","block_context":{"text":"Not\u00edcias","link":"https:\/\/www.sabra.org.br\/site\/category\/noticias\/"},"img":{"alt_text":"","src":"","width":0,"height":0},"classes":[]},{"id":4787,"url":"https:\/\/www.sabra.org.br\/site\/resultado-edital-010-2022-orquestra-sinfonica\/","url_meta":{"origin":15225,"position":2},"title":"Resultado Edital 010\/2022 &#8211; Orquestra Sinf\u00f4nica","author":"M\u00e1rcio Miranda Pontes","date":"2 de mar\u00e7o de 2022","format":false,"excerpt":"Confira o resultado do Edital 010\/2022 e veja a lista dos aprovados para o curso da Orquestra Sinf\u00f4nica de Betim.","rel":"","context":"Em &quot;Blog SABRA&quot;","block_context":{"text":"Blog SABRA","link":"https:\/\/www.sabra.org.br\/site\/category\/blog-sabra\/"},"img":{"alt_text":"sabra-m\u00fasica-sinestesia-experi\u00eancias-sensoriais-sentidos-sinest\u00e9sica-associados-cor-exploraremos-musical-percep\u00e7\u00f5es-resultado-edital","src":"https:\/\/i0.wp.com\/www.sabra.org.br\/site\/wp-content\/uploads\/2024\/04\/a-conexao-entre-a-musica-e-as-experiencias-sensoriais-na-sinestesia-20240229111914.jpg-jpg.webp?resize=350%2C200&ssl=1","width":350,"height":200,"srcset":"https:\/\/i0.wp.com\/www.sabra.org.br\/site\/wp-content\/uploads\/2024\/04\/a-conexao-entre-a-musica-e-as-experiencias-sensoriais-na-sinestesia-20240229111914.jpg-jpg.webp?resize=350%2C200&ssl=1 1x, https:\/\/i0.wp.com\/www.sabra.org.br\/site\/wp-content\/uploads\/2024\/04\/a-conexao-entre-a-musica-e-as-experiencias-sensoriais-na-sinestesia-20240229111914.jpg-jpg.webp?resize=525%2C300&ssl=1 1.5x, https:\/\/i0.wp.com\/www.sabra.org.br\/site\/wp-content\/uploads\/2024\/04\/a-conexao-entre-a-musica-e-as-experiencias-sensoriais-na-sinestesia-20240229111914.jpg-jpg.webp?resize=700%2C400&ssl=1 2x"},"classes":[]},{"id":6779,"url":"https:\/\/www.sabra.org.br\/site\/coraladulto2023\/","url_meta":{"origin":15225,"position":3},"title":"Vagas para Coral Adulto","author":"M\u00e1rcio Miranda Pontes","date":"21 de mar\u00e7o de 2023","format":false,"excerpt":"A Sociedade Art\u00edstica Brasileira (SABRA) est\u00e1 com inscri\u00e7\u00f5es abertas para seu curso de Coral Adulto. Para participar \u00e9 preciso ter 18 anos ou mais e comprovar resid\u00eancia em Minas Gerais. O edital prev\u00ea 42 vagas para trainee (para cantores amadores), oito vagas para surdos com conhecimento de Libras e oito\u2026","rel":"","context":"Em &quot;Not\u00edcias&quot;","block_context":{"text":"Not\u00edcias","link":"https:\/\/www.sabra.org.br\/site\/category\/noticias\/"},"img":{"alt_text":"coral-adulto-sabra-escola-m\u00fasica","src":"https:\/\/i0.wp.com\/www.sabra.org.br\/site\/wp-content\/uploads\/2023\/03\/Coral-Adulto-3.jpg?resize=350%2C200&ssl=1","width":350,"height":200,"srcset":"https:\/\/i0.wp.com\/www.sabra.org.br\/site\/wp-content\/uploads\/2023\/03\/Coral-Adulto-3.jpg?resize=350%2C200&ssl=1 1x, https:\/\/i0.wp.com\/www.sabra.org.br\/site\/wp-content\/uploads\/2023\/03\/Coral-Adulto-3.jpg?resize=525%2C300&ssl=1 1.5x, https:\/\/i0.wp.com\/www.sabra.org.br\/site\/wp-content\/uploads\/2023\/03\/Coral-Adulto-3.jpg?resize=700%2C400&ssl=1 2x"},"classes":[]},{"id":6773,"url":"https:\/\/www.sabra.org.br\/site\/orquestra2023\/","url_meta":{"origin":15225,"position":4},"title":"Orquestra Sinf\u00f4nica de Betim 2023","author":"M\u00e1rcio Miranda Pontes","date":"21 de mar\u00e7o de 2023","format":false,"excerpt":"A Sociedade Art\u00edstica Brasileira (SABRA) est\u00e1 com vagas abertas para o curso de Orquestra Sinf\u00f4nica. S\u00e3o 55 vagas abertas, sendo 53 para instrumentistas e duas para assistente de produ\u00e7\u00e3o. Podem participar candidatos com 16 anos ou mais, que morem na Regi\u00e3o Metropolitana de Belo Horizonte. \u00c9 preciso comprovar conhecimento dos\u2026","rel":"","context":"Em &quot;Not\u00edcias&quot;","block_context":{"text":"Not\u00edcias","link":"https:\/\/www.sabra.org.br\/site\/category\/noticias\/"},"img":{"alt_text":"orquestra-sinf\u00f4nica-sabra-betim-escola-m\u00fasica","src":"https:\/\/i0.wp.com\/www.sabra.org.br\/site\/wp-content\/uploads\/2023\/03\/Orquestra-Sinfonica-1.jpg?resize=350%2C200&ssl=1","width":350,"height":200,"srcset":"https:\/\/i0.wp.com\/www.sabra.org.br\/site\/wp-content\/uploads\/2023\/03\/Orquestra-Sinfonica-1.jpg?resize=350%2C200&ssl=1 1x, https:\/\/i0.wp.com\/www.sabra.org.br\/site\/wp-content\/uploads\/2023\/03\/Orquestra-Sinfonica-1.jpg?resize=525%2C300&ssl=1 1.5x, https:\/\/i0.wp.com\/www.sabra.org.br\/site\/wp-content\/uploads\/2023\/03\/Orquestra-Sinfonica-1.jpg?resize=700%2C400&ssl=1 2x, https:\/\/i0.wp.com\/www.sabra.org.br\/site\/wp-content\/uploads\/2023\/03\/Orquestra-Sinfonica-1.jpg?resize=1050%2C600&ssl=1 3x, https:\/\/i0.wp.com\/www.sabra.org.br\/site\/wp-content\/uploads\/2023\/03\/Orquestra-Sinfonica-1.jpg?resize=1400%2C800&ssl=1 4x"},"classes":[]},{"id":2220,"url":"https:\/\/www.sabra.org.br\/site\/musicalizacao\/","url_meta":{"origin":15225,"position":5},"title":"Musicaliza\u00e7\u00e3o Nova Lima","author":"M\u00e1rcio Miranda Pontes","date":"31 de mar\u00e7o de 2020","format":false,"excerpt":"Escola de M\u00fasica de Nova Lima abre mais 200 vagas para as crian\u00e7as A Escola de M\u00fasica de Nova Lima ampliar\u00e1 suas atividades neste segundo semestre e abrir\u00e1 mais 200 vagas para o p\u00fablico infantil. Uma nova s\u00e9rie de atividades vem sendo elaborada pela dire\u00e7\u00e3o em parceria com a Secretaria\u2026","rel":"","context":"Em &quot;Not\u00edcias&quot;","block_context":{"text":"Not\u00edcias","link":"https:\/\/www.sabra.org.br\/site\/category\/noticias\/"},"img":{"alt_text":"","src":"","width":0,"height":0},"classes":[]}],"jetpack_likes_enabled":true,"jetpack_sharing_enabled":true,"_links":{"self":[{"href":"https:\/\/www.sabra.org.br\/site\/wp-json\/wp\/v2\/posts\/15225","targetHints":{"allow":["GET"]}}],"collection":[{"href":"https:\/\/www.sabra.org.br\/site\/wp-json\/wp\/v2\/posts"}],"about":[{"href":"https:\/\/www.sabra.org.br\/site\/wp-json\/wp\/v2\/types\/post"}],"author":[{"embeddable":true,"href":"https:\/\/www.sabra.org.br\/site\/wp-json\/wp\/v2\/users\/39"}],"replies":[{"embeddable":true,"href":"https:\/\/www.sabra.org.br\/site\/wp-json\/wp\/v2\/comments?post=15225"}],"version-history":[{"count":2,"href":"https:\/\/www.sabra.org.br\/site\/wp-json\/wp\/v2\/posts\/15225\/revisions"}],"predecessor-version":[{"id":15234,"href":"https:\/\/www.sabra.org.br\/site\/wp-json\/wp\/v2\/posts\/15225\/revisions\/15234"}],"wp:attachment":[{"href":"https:\/\/www.sabra.org.br\/site\/wp-json\/wp\/v2\/media?parent=15225"}],"wp:term":[{"taxonomy":"category","embeddable":true,"href":"https:\/\/www.sabra.org.br\/site\/wp-json\/wp\/v2\/categories?post=15225"},{"taxonomy":"post_tag","embeddable":true,"href":"https:\/\/www.sabra.org.br\/site\/wp-json\/wp\/v2\/tags?post=15225"}],"curies":[{"name":"wp","href":"https:\/\/api.w.org\/{rel}","templated":true}]}}