{"id":15237,"date":"2026-03-14T18:24:52","date_gmt":"2026-03-14T21:24:52","guid":{"rendered":"https:\/\/www.sabra.org.br\/site\/?p=15237"},"modified":"2026-03-14T19:37:05","modified_gmt":"2026-03-14T22:37:05","slug":"exercicios-de-teoria-musical-nome-das-notas","status":"publish","type":"post","link":"https:\/\/www.sabra.org.br\/site\/exercicios-de-teoria-musical-nome-das-notas\/","title":{"rendered":"Nome das notas"},"content":{"rendered":"\n<p><strong>Identifique as notas musicais:<\/strong><\/p>\n\n\n\n<iframe src=\"https:\/\/www.musictheory.net\/exercises\/note\" width=\"100%\" height=\"600px\"><\/iframe>\n\n\n\n<p>As notas musicais s\u00e3o sete sons fundamentais \u2014 D\u00f3, R\u00e9, Mi, F\u00e1, Sol, L\u00e1, Si \u2014 que representam frequ\u00eancias espec\u00edficas e servem como base para a melodia e harmonia na m\u00fasica ocidental. Organizadas em escala, elas se repetem em diferentes oitavas (graves ou agudas). Com sustenidos e bem\u00f3is, totalizam 12 sons crom\u00e1ticos.<\/p>\n\n\n\n<p>As 7 Notas Naturais<br>D\u00f3 (C)<br>R\u00e9 (D)<br>Mi (E)<br>F\u00e1 (F)<br>Sol (G)<br>L\u00e1 (A)<br>Si (B)<\/p>\n\n\n\n<p>Pontos Importantes sobre as Notas<br>Origem: Criadas pelo monge Guido d\u2019Arezzo no s\u00e9culo XI, baseadas nas s\u00edlabas iniciais de um hino.<br>Escala Crom\u00e1tica (12 sons): Inclui as 7 naturais mais 5 notas intermedi\u00e1rias (sustenidos\/bem\u00f3is).<br>Intervalos: N\u00e3o h\u00e1 nota intermedi\u00e1ria entre Mi-F\u00e1 e Si-D\u00f3.<br>Cifragem: Frequentemente representadas por letras (A, B, C, D, E, F, G).<br>Representa\u00e7\u00e3o: Escritas em uma pauta (pentagrama) com aux\u00edlio de claves (Sol, F\u00e1, D\u00f3).<\/p>\n\n\n\n<p>Notas e Frequ\u00eancia<br>As notas musicais s\u00e3o vibra\u00e7\u00f5es no ar. Ondas mais r\u00e1pidas produzem sons agudos, enquanto ondas mais lentas produzem sons graves. A combina\u00e7\u00e3o dessas frequ\u00eancias, quando tocadas juntas ou sucessivamente, cria a m\u00fasica.<\/p>\n\n\n\n<hr class=\"wp-block-separator has-alpha-channel-opacity\"\/>\n\n\n\n<h2 class=\"wp-block-heading\">Se voc\u00ea gostou deste post:<\/h2>\n\n\n\n<ul class=\"wp-block-list\">\n<li>SIGA as nossas p\u00e1ginas nas redes sociais para acompanhar as nossas atualiza\u00e7\u00f5es: estamos no <a href=\"https:\/\/www.facebook.com\/sabrabrasil\" target=\"_blank\" rel=\"noreferrer noopener\">Facebook<\/a>, no <a href=\"https:\/\/www.instagram.com\/sabrabrasil\/\" target=\"_blank\" rel=\"noreferrer noopener\">Instagram<\/a>, no <a href=\"https:\/\/www.linkedin.com\/company\/25002088\" target=\"_blank\" rel=\"noreferrer noopener\">LinkedIn<\/a>, no <a href=\"https:\/\/x.com\/ContatoSabra\" target=\"_blank\" rel=\"noreferrer noopener\">X<\/a> e no <a href=\"https:\/\/www.youtube.com\/channel\/UCJw-kbuEvzUNdeQf20Pa-eQ\" target=\"_blank\" rel=\"noreferrer noopener\">YouTube<\/a>!<\/li>\n\n\n\n<li>CONHE\u00c7A o trabalho da Sociedade Art\u00edstica Brasileira (SABRA) e todas as iniciativas culturais e sociais que ela mant\u00e9m. <a href=\"https:\/\/www.sabra.org.br\/site\/acoes\/\" target=\"_blank\" rel=\"noreferrer noopener\">Acesse nosso site!<\/a><\/li>\n\n\n\n<li>ENTRE EM CONTATO com a gente. E veja quais s\u00e3o as op\u00e7\u00f5es de ajuda na manuten\u00e7\u00e3o de nossas a\u00e7\u00f5es sociais e culturais. Basta acessar nossa p\u00e1gina <a href=\"https:\/\/www.sabra.org.br\/site\/doe-agora\/\" target=\"_blank\" rel=\"noreferrer noopener\">Doe Agora!<\/a><\/li>\n\n\n\n<li>COMPARTILHE este texto nas suas redes sociais e ajude os seus amigos a tamb\u00e9m dominarem o assunto!<\/li>\n<\/ul>\n\n\n\n<p>\u2013 Os projetos da @sabrabrasil s\u00e3o realizados com o patroci\u0301nio m\u00e1ster: @institutounimedbh, viabilizado pelo incentivo de mais de 5,9 mil m\u00e9dicos cooperados e colaboradores via Lei de Incentivo \u00e0 Cultura &#8211; @culturagovbr, @minc<\/p>\n","protected":false},"excerpt":{"rendered":"<p>Identifique as notas musicais: As notas musicais s\u00e3o sete sons fundamentais \u2014 D\u00f3, R\u00e9, Mi, F\u00e1, Sol, L\u00e1, Si \u2014 que representam frequ\u00eancias espec\u00edficas e&hellip;<\/p>\n","protected":false},"author":39,"featured_media":0,"comment_status":"open","ping_status":"open","sticky":false,"template":"","format":"standard","meta":{"jetpack_post_was_ever_published":false,"_jetpack_newsletter_access":"","_jetpack_dont_email_post_to_subs":true,"_jetpack_newsletter_tier_id":0,"_jetpack_memberships_contains_paywalled_content":false,"_jetpack_memberships_contains_paid_content":false,"footnotes":""},"categories":[1],"tags":[],"class_list":["post-15237","post","type-post","status-publish","format-standard","hentry","category-blog-sabra"],"yoast_head":"<!-- This site is optimized with the Yoast SEO plugin v27.5 - https:\/\/yoast.com\/product\/yoast-seo-wordpress\/ -->\n<title>Nome das notas - SABRA - Sociedade Art\u00edstica Brasileira<\/title>\n<meta name=\"robots\" content=\"index, follow, max-snippet:-1, max-image-preview:large, max-video-preview:-1\" \/>\n<link rel=\"canonical\" href=\"https:\/\/www.sabra.org.br\/site\/exercicios-de-teoria-musical-nome-das-notas\/\" \/>\n<meta property=\"og:locale\" content=\"pt_BR\" \/>\n<meta property=\"og:type\" content=\"article\" \/>\n<meta property=\"og:title\" content=\"Nome das notas - SABRA - Sociedade Art\u00edstica Brasileira\" \/>\n<meta property=\"og:description\" content=\"Identifique as notas musicais: As notas musicais s\u00e3o sete sons fundamentais \u2014 D\u00f3, R\u00e9, Mi, F\u00e1, Sol, L\u00e1, Si \u2014 que representam frequ\u00eancias espec\u00edficas e&hellip;\" \/>\n<meta property=\"og:url\" content=\"https:\/\/www.sabra.org.br\/site\/exercicios-de-teoria-musical-nome-das-notas\/\" \/>\n<meta property=\"og:site_name\" content=\"SABRA - Sociedade Art\u00edstica Brasileira\" \/>\n<meta property=\"article:publisher\" content=\"https:\/\/www.facebook.com\/sabrabrasil\" \/>\n<meta property=\"article:published_time\" content=\"2026-03-14T21:24:52+00:00\" \/>\n<meta property=\"article:modified_time\" content=\"2026-03-14T22:37:05+00:00\" \/>\n<meta property=\"og:image\" content=\"https:\/\/www.sabra.org.br\/site\/wp-content\/uploads\/2021\/12\/AvatarSabra1.jpg\" \/>\n\t<meta property=\"og:image:width\" content=\"200\" \/>\n\t<meta property=\"og:image:height\" content=\"200\" \/>\n\t<meta property=\"og:image:type\" content=\"image\/jpeg\" \/>\n<meta name=\"author\" content=\"M\u00e1rcio Miranda Pontes\" \/>\n<meta name=\"twitter:card\" content=\"summary_large_image\" \/>\n<meta name=\"twitter:creator\" content=\"@ContatoSabra\" \/>\n<meta name=\"twitter:site\" content=\"@ContatoSabra\" \/>\n<meta name=\"twitter:label1\" content=\"Escrito por\" \/>\n\t<meta name=\"twitter:data1\" content=\"M\u00e1rcio Miranda Pontes\" \/>\n\t<meta name=\"twitter:label2\" content=\"Est. tempo de leitura\" \/>\n\t<meta name=\"twitter:data2\" content=\"2 minutos\" \/>\n<script type=\"application\/ld+json\" class=\"yoast-schema-graph\">{\"@context\":\"https:\\\/\\\/schema.org\",\"@graph\":[{\"@type\":\"Article\",\"@id\":\"https:\\\/\\\/www.sabra.org.br\\\/site\\\/exercicios-de-teoria-musical-nome-das-notas\\\/#article\",\"isPartOf\":{\"@id\":\"https:\\\/\\\/www.sabra.org.br\\\/site\\\/exercicios-de-teoria-musical-nome-das-notas\\\/\"},\"author\":{\"name\":\"M\u00e1rcio Miranda Pontes\",\"@id\":\"https:\\\/\\\/www.sabra.org.br\\\/site\\\/#\\\/schema\\\/person\\\/7d1d222c3c8891d4c37c7b41bf6315c2\"},\"headline\":\"Nome das notas\",\"datePublished\":\"2026-03-14T21:24:52+00:00\",\"dateModified\":\"2026-03-14T22:37:05+00:00\",\"mainEntityOfPage\":{\"@id\":\"https:\\\/\\\/www.sabra.org.br\\\/site\\\/exercicios-de-teoria-musical-nome-das-notas\\\/\"},\"wordCount\":334,\"commentCount\":0,\"publisher\":{\"@id\":\"https:\\\/\\\/www.sabra.org.br\\\/site\\\/#organization\"},\"articleSection\":[\"Blog SABRA\"],\"inLanguage\":\"pt-BR\",\"potentialAction\":[{\"@type\":\"CommentAction\",\"name\":\"Comment\",\"target\":[\"https:\\\/\\\/www.sabra.org.br\\\/site\\\/exercicios-de-teoria-musical-nome-das-notas\\\/#respond\"]}]},{\"@type\":\"WebPage\",\"@id\":\"https:\\\/\\\/www.sabra.org.br\\\/site\\\/exercicios-de-teoria-musical-nome-das-notas\\\/\",\"url\":\"https:\\\/\\\/www.sabra.org.br\\\/site\\\/exercicios-de-teoria-musical-nome-das-notas\\\/\",\"name\":\"Nome das notas - SABRA - Sociedade Art\u00edstica Brasileira\",\"isPartOf\":{\"@id\":\"https:\\\/\\\/www.sabra.org.br\\\/site\\\/#website\"},\"datePublished\":\"2026-03-14T21:24:52+00:00\",\"dateModified\":\"2026-03-14T22:37:05+00:00\",\"breadcrumb\":{\"@id\":\"https:\\\/\\\/www.sabra.org.br\\\/site\\\/exercicios-de-teoria-musical-nome-das-notas\\\/#breadcrumb\"},\"inLanguage\":\"pt-BR\",\"potentialAction\":[{\"@type\":\"ReadAction\",\"target\":[\"https:\\\/\\\/www.sabra.org.br\\\/site\\\/exercicios-de-teoria-musical-nome-das-notas\\\/\"]}]},{\"@type\":\"BreadcrumbList\",\"@id\":\"https:\\\/\\\/www.sabra.org.br\\\/site\\\/exercicios-de-teoria-musical-nome-das-notas\\\/#breadcrumb\",\"itemListElement\":[{\"@type\":\"ListItem\",\"position\":1,\"name\":\"In\u00edcio\",\"item\":\"https:\\\/\\\/www.sabra.org.br\\\/site\\\/\"},{\"@type\":\"ListItem\",\"position\":2,\"name\":\"Nome das notas\"}]},{\"@type\":\"WebSite\",\"@id\":\"https:\\\/\\\/www.sabra.org.br\\\/site\\\/#website\",\"url\":\"https:\\\/\\\/www.sabra.org.br\\\/site\\\/\",\"name\":\"SABRA - Sociedade Art\u00edstica Brasileira\",\"description\":\"Escola de M\u00fasica, Orquestra Sinf\u00f4nica, Coral e Patrim\u00f4nio Cultural e Hist\u00f3rico\",\"publisher\":{\"@id\":\"https:\\\/\\\/www.sabra.org.br\\\/site\\\/#organization\"},\"potentialAction\":[{\"@type\":\"SearchAction\",\"target\":{\"@type\":\"EntryPoint\",\"urlTemplate\":\"https:\\\/\\\/www.sabra.org.br\\\/site\\\/?s={search_term_string}\"},\"query-input\":{\"@type\":\"PropertyValueSpecification\",\"valueRequired\":true,\"valueName\":\"search_term_string\"}}],\"inLanguage\":\"pt-BR\"},{\"@type\":\"Organization\",\"@id\":\"https:\\\/\\\/www.sabra.org.br\\\/site\\\/#organization\",\"name\":\"SOCIEDADE ART\u00cdSTICA BRASILEIRA SABRA\",\"alternateName\":\"SABRA\",\"url\":\"https:\\\/\\\/www.sabra.org.br\\\/site\\\/\",\"logo\":{\"@type\":\"ImageObject\",\"inLanguage\":\"pt-BR\",\"@id\":\"https:\\\/\\\/www.sabra.org.br\\\/site\\\/#\\\/schema\\\/logo\\\/image\\\/\",\"url\":\"https:\\\/\\\/www.sabra.org.br\\\/site\\\/wp-content\\\/uploads\\\/2019\\\/06\\\/cropped-Logo_SABRA-Copia-1.webp\",\"contentUrl\":\"https:\\\/\\\/www.sabra.org.br\\\/site\\\/wp-content\\\/uploads\\\/2019\\\/06\\\/cropped-Logo_SABRA-Copia-1.webp\",\"width\":400,\"height\":128,\"caption\":\"SOCIEDADE ART\u00cdSTICA BRASILEIRA SABRA\"},\"image\":{\"@id\":\"https:\\\/\\\/www.sabra.org.br\\\/site\\\/#\\\/schema\\\/logo\\\/image\\\/\"},\"sameAs\":[\"https:\\\/\\\/www.facebook.com\\\/sabrabrasil\",\"https:\\\/\\\/x.com\\\/ContatoSabra\",\"https:\\\/\\\/www.instagram.com\\\/sabrabrasil\\\/\",\"https:\\\/\\\/www.linkedin.com\\\/company\\\/25002088\\\/\",\"https:\\\/\\\/br.pinterest.com\\\/sociedadeartisticabrasileira\\\/\",\"https:\\\/\\\/www.youtube.com\\\/c\\\/sabrabrasil\"]},{\"@type\":\"Person\",\"@id\":\"https:\\\/\\\/www.sabra.org.br\\\/site\\\/#\\\/schema\\\/person\\\/7d1d222c3c8891d4c37c7b41bf6315c2\",\"name\":\"M\u00e1rcio Miranda Pontes\",\"image\":{\"@type\":\"ImageObject\",\"inLanguage\":\"pt-BR\",\"@id\":\"https:\\\/\\\/secure.gravatar.com\\\/avatar\\\/3b45f24496a7625a3a6c436688fbe20344faaeb2979658dc4a9921f984d7df9a?s=96&d=mm&r=g\",\"url\":\"https:\\\/\\\/secure.gravatar.com\\\/avatar\\\/3b45f24496a7625a3a6c436688fbe20344faaeb2979658dc4a9921f984d7df9a?s=96&d=mm&r=g\",\"contentUrl\":\"https:\\\/\\\/secure.gravatar.com\\\/avatar\\\/3b45f24496a7625a3a6c436688fbe20344faaeb2979658dc4a9921f984d7df9a?s=96&d=mm&r=g\",\"caption\":\"M\u00e1rcio Miranda Pontes\"},\"sameAs\":[\"http:\\\/\\\/www.sabra.org.br\"],\"url\":\"https:\\\/\\\/www.sabra.org.br\\\/site\\\/author\\\/marcio-miranda-pontes\\\/\"}]}<\/script>\n<!-- \/ Yoast SEO plugin. -->","yoast_head_json":{"title":"Nome das notas - SABRA - Sociedade Art\u00edstica Brasileira","robots":{"index":"index","follow":"follow","max-snippet":"max-snippet:-1","max-image-preview":"max-image-preview:large","max-video-preview":"max-video-preview:-1"},"canonical":"https:\/\/www.sabra.org.br\/site\/exercicios-de-teoria-musical-nome-das-notas\/","og_locale":"pt_BR","og_type":"article","og_title":"Nome das notas - SABRA - Sociedade Art\u00edstica Brasileira","og_description":"Identifique as notas musicais: As notas musicais s\u00e3o sete sons fundamentais \u2014 D\u00f3, R\u00e9, Mi, F\u00e1, Sol, L\u00e1, Si \u2014 que representam frequ\u00eancias espec\u00edficas e&hellip;","og_url":"https:\/\/www.sabra.org.br\/site\/exercicios-de-teoria-musical-nome-das-notas\/","og_site_name":"SABRA - Sociedade Art\u00edstica Brasileira","article_publisher":"https:\/\/www.facebook.com\/sabrabrasil","article_published_time":"2026-03-14T21:24:52+00:00","article_modified_time":"2026-03-14T22:37:05+00:00","og_image":[{"width":200,"height":200,"url":"https:\/\/www.sabra.org.br\/site\/wp-content\/uploads\/2021\/12\/AvatarSabra1.jpg","type":"image\/jpeg"}],"author":"M\u00e1rcio Miranda Pontes","twitter_card":"summary_large_image","twitter_creator":"@ContatoSabra","twitter_site":"@ContatoSabra","twitter_misc":{"Escrito por":"M\u00e1rcio Miranda Pontes","Est. tempo de leitura":"2 minutos"},"schema":{"@context":"https:\/\/schema.org","@graph":[{"@type":"Article","@id":"https:\/\/www.sabra.org.br\/site\/exercicios-de-teoria-musical-nome-das-notas\/#article","isPartOf":{"@id":"https:\/\/www.sabra.org.br\/site\/exercicios-de-teoria-musical-nome-das-notas\/"},"author":{"name":"M\u00e1rcio Miranda Pontes","@id":"https:\/\/www.sabra.org.br\/site\/#\/schema\/person\/7d1d222c3c8891d4c37c7b41bf6315c2"},"headline":"Nome das notas","datePublished":"2026-03-14T21:24:52+00:00","dateModified":"2026-03-14T22:37:05+00:00","mainEntityOfPage":{"@id":"https:\/\/www.sabra.org.br\/site\/exercicios-de-teoria-musical-nome-das-notas\/"},"wordCount":334,"commentCount":0,"publisher":{"@id":"https:\/\/www.sabra.org.br\/site\/#organization"},"articleSection":["Blog SABRA"],"inLanguage":"pt-BR","potentialAction":[{"@type":"CommentAction","name":"Comment","target":["https:\/\/www.sabra.org.br\/site\/exercicios-de-teoria-musical-nome-das-notas\/#respond"]}]},{"@type":"WebPage","@id":"https:\/\/www.sabra.org.br\/site\/exercicios-de-teoria-musical-nome-das-notas\/","url":"https:\/\/www.sabra.org.br\/site\/exercicios-de-teoria-musical-nome-das-notas\/","name":"Nome das notas - SABRA - Sociedade Art\u00edstica Brasileira","isPartOf":{"@id":"https:\/\/www.sabra.org.br\/site\/#website"},"datePublished":"2026-03-14T21:24:52+00:00","dateModified":"2026-03-14T22:37:05+00:00","breadcrumb":{"@id":"https:\/\/www.sabra.org.br\/site\/exercicios-de-teoria-musical-nome-das-notas\/#breadcrumb"},"inLanguage":"pt-BR","potentialAction":[{"@type":"ReadAction","target":["https:\/\/www.sabra.org.br\/site\/exercicios-de-teoria-musical-nome-das-notas\/"]}]},{"@type":"BreadcrumbList","@id":"https:\/\/www.sabra.org.br\/site\/exercicios-de-teoria-musical-nome-das-notas\/#breadcrumb","itemListElement":[{"@type":"ListItem","position":1,"name":"In\u00edcio","item":"https:\/\/www.sabra.org.br\/site\/"},{"@type":"ListItem","position":2,"name":"Nome das notas"}]},{"@type":"WebSite","@id":"https:\/\/www.sabra.org.br\/site\/#website","url":"https:\/\/www.sabra.org.br\/site\/","name":"SABRA - Sociedade Art\u00edstica Brasileira","description":"Escola de M\u00fasica, Orquestra Sinf\u00f4nica, Coral e Patrim\u00f4nio Cultural e Hist\u00f3rico","publisher":{"@id":"https:\/\/www.sabra.org.br\/site\/#organization"},"potentialAction":[{"@type":"SearchAction","target":{"@type":"EntryPoint","urlTemplate":"https:\/\/www.sabra.org.br\/site\/?s={search_term_string}"},"query-input":{"@type":"PropertyValueSpecification","valueRequired":true,"valueName":"search_term_string"}}],"inLanguage":"pt-BR"},{"@type":"Organization","@id":"https:\/\/www.sabra.org.br\/site\/#organization","name":"SOCIEDADE ART\u00cdSTICA BRASILEIRA SABRA","alternateName":"SABRA","url":"https:\/\/www.sabra.org.br\/site\/","logo":{"@type":"ImageObject","inLanguage":"pt-BR","@id":"https:\/\/www.sabra.org.br\/site\/#\/schema\/logo\/image\/","url":"https:\/\/www.sabra.org.br\/site\/wp-content\/uploads\/2019\/06\/cropped-Logo_SABRA-Copia-1.webp","contentUrl":"https:\/\/www.sabra.org.br\/site\/wp-content\/uploads\/2019\/06\/cropped-Logo_SABRA-Copia-1.webp","width":400,"height":128,"caption":"SOCIEDADE ART\u00cdSTICA BRASILEIRA SABRA"},"image":{"@id":"https:\/\/www.sabra.org.br\/site\/#\/schema\/logo\/image\/"},"sameAs":["https:\/\/www.facebook.com\/sabrabrasil","https:\/\/x.com\/ContatoSabra","https:\/\/www.instagram.com\/sabrabrasil\/","https:\/\/www.linkedin.com\/company\/25002088\/","https:\/\/br.pinterest.com\/sociedadeartisticabrasileira\/","https:\/\/www.youtube.com\/c\/sabrabrasil"]},{"@type":"Person","@id":"https:\/\/www.sabra.org.br\/site\/#\/schema\/person\/7d1d222c3c8891d4c37c7b41bf6315c2","name":"M\u00e1rcio Miranda Pontes","image":{"@type":"ImageObject","inLanguage":"pt-BR","@id":"https:\/\/secure.gravatar.com\/avatar\/3b45f24496a7625a3a6c436688fbe20344faaeb2979658dc4a9921f984d7df9a?s=96&d=mm&r=g","url":"https:\/\/secure.gravatar.com\/avatar\/3b45f24496a7625a3a6c436688fbe20344faaeb2979658dc4a9921f984d7df9a?s=96&d=mm&r=g","contentUrl":"https:\/\/secure.gravatar.com\/avatar\/3b45f24496a7625a3a6c436688fbe20344faaeb2979658dc4a9921f984d7df9a?s=96&d=mm&r=g","caption":"M\u00e1rcio Miranda Pontes"},"sameAs":["http:\/\/www.sabra.org.br"],"url":"https:\/\/www.sabra.org.br\/site\/author\/marcio-miranda-pontes\/"}]}},"jetpack_featured_media_url":"","jetpack_shortlink":"https:\/\/wp.me\/p95j2Z-3XL","jetpack-related-posts":[{"id":15257,"url":"https:\/\/www.sabra.org.br\/site\/construcao-de-notas\/","url_meta":{"origin":15237,"position":0},"title":"Constru\u00e7\u00e3o de Notas","author":"M\u00e1rcio Miranda Pontes","date":"14 de mar\u00e7o de 2026","format":false,"excerpt":"Construa a nota solicitada utilizando as setas e acidentes. Sendo: Setas para cima e para baixo = alterar a notaBemol, sustenido e bequadro = aplicar acidente \u00e0 notaNone = Nenhum acidenteSubmit Answer = Enviar a resposta As notas musicais s\u00e3o sete sons fundamentais \u2014 D\u00f3, R\u00e9, Mi, F\u00e1, Sol, L\u00e1,\u2026","rel":"","context":"Em &quot;Blog SABRA&quot;","block_context":{"text":"Blog SABRA","link":"https:\/\/www.sabra.org.br\/site\/category\/blog-sabra\/"},"img":{"alt_text":"","src":"","width":0,"height":0},"classes":[]},{"id":13010,"url":"https:\/\/www.sabra.org.br\/site\/como-identificar-e-aprender-as-notas-naturais-e-acidentais\/","url_meta":{"origin":15237,"position":1},"title":"Como identificar e aprender as notas naturais e acidentais?","author":"","date":"22 de agosto de 2025","format":false,"excerpt":"A m\u00fasica \u00e9 uma linguagem universal, mas para domin\u00e1-la, \u00e9 essencial compreender os elementos b\u00e1sicos que a comp\u00f5em: as notas musicais. Entre elas, est\u00e3o as notas naturais e as notas acidentais. Entender suas diferen\u00e7as, caracter\u00edsticas e formas de identifica\u00e7\u00e3o \u00e9 um passo fundamental para qualquer m\u00fasico, seja iniciante ou avan\u00e7ado.\u2026","rel":"","context":"Em &quot;Blog SABRA&quot;","block_context":{"text":"Blog SABRA","link":"https:\/\/www.sabra.org.br\/site\/category\/blog-sabra\/"},"img":{"alt_text":"","src":"","width":0,"height":0},"classes":[]},{"id":15275,"url":"https:\/\/www.sabra.org.br\/site\/notas-no-teclado-do-piano\/","url_meta":{"origin":15237,"position":2},"title":"Notas no Teclado do Piano","author":"M\u00e1rcio Miranda Pontes","date":"14 de mar\u00e7o de 2026","format":false,"excerpt":"Identifique a tecla do piano que est\u00e1 com uma marca colorida. O teclado do piano padr\u00e3o possui 88 teclas, sendo 52 brancas (notas naturais) e 36 pretas (acidentes musicais como sustenidos e bem\u00f3is). A disposi\u00e7\u00e3o segue um padr\u00e3o repetitivo de 12 notas que formam uma oitava: sete teclas brancas e\u2026","rel":"","context":"Em &quot;Blog SABRA&quot;","block_context":{"text":"Blog SABRA","link":"https:\/\/www.sabra.org.br\/site\/category\/blog-sabra\/"},"img":{"alt_text":"","src":"","width":0,"height":0},"classes":[]},{"id":15277,"url":"https:\/\/www.sabra.org.br\/site\/tocar-no-piano\/","url_meta":{"origin":15237,"position":3},"title":"Tocar no Piano","author":"M\u00e1rcio Miranda Pontes","date":"14 de mar\u00e7o de 2026","format":false,"excerpt":"Toque no teclado do piano a nota escrita na pauta. O teclado do piano padr\u00e3o possui 88 teclas, sendo 52 brancas (notas naturais) e 36 pretas (acidentes musicais como sustenidos e bem\u00f3is). A disposi\u00e7\u00e3o segue um padr\u00e3o repetitivo de 12 notas que formam uma oitava: sete teclas brancas e cinco\u2026","rel":"","context":"Em &quot;Blog SABRA&quot;","block_context":{"text":"Blog SABRA","link":"https:\/\/www.sabra.org.br\/site\/category\/blog-sabra\/"},"img":{"alt_text":"","src":"","width":0,"height":0},"classes":[]},{"id":6026,"url":"https:\/\/www.sabra.org.br\/site\/sustenido-bemol\/","url_meta":{"origin":15237,"position":4},"title":"Diferen\u00e7a de Sustenido e Bemol","author":"M\u00e1rcio Miranda Pontes","date":"7 de outubro de 2022","format":false,"excerpt":"Voc\u00ea conhece a diferen\u00e7a entre o sustenido e bemol? Compreender a natureza dessas notas acidentais \u00e9 muito importante para todas as pessoas que almejam aprender m\u00fasica. Descubra mais nesse artigo!","rel":"","context":"Em &quot;Blog SABRA&quot;","block_context":{"text":"Blog SABRA","link":"https:\/\/www.sabra.org.br\/site\/category\/blog-sabra\/"},"img":{"alt_text":"sustenido-nota-bemol-musica-acident","src":"https:\/\/i0.wp.com\/www.sabra.org.br\/site\/wp-content\/uploads\/2022\/10\/diferenca-de-sustenido-e-bemoljpg-20220908094423.jpg.jpg?resize=350%2C200&ssl=1","width":350,"height":200,"srcset":"https:\/\/i0.wp.com\/www.sabra.org.br\/site\/wp-content\/uploads\/2022\/10\/diferenca-de-sustenido-e-bemoljpg-20220908094423.jpg.jpg?resize=350%2C200&ssl=1 1x, https:\/\/i0.wp.com\/www.sabra.org.br\/site\/wp-content\/uploads\/2022\/10\/diferenca-de-sustenido-e-bemoljpg-20220908094423.jpg.jpg?resize=525%2C300&ssl=1 1.5x, https:\/\/i0.wp.com\/www.sabra.org.br\/site\/wp-content\/uploads\/2022\/10\/diferenca-de-sustenido-e-bemoljpg-20220908094423.jpg.jpg?resize=700%2C400&ssl=1 2x"},"classes":[]},{"id":15241,"url":"https:\/\/www.sabra.org.br\/site\/exercicios-de-teoria-musical-armadura-de-clave\/","url_meta":{"origin":15237,"position":5},"title":"Armadura de clave","author":"M\u00e1rcio Miranda Pontes","date":"14 de mar\u00e7o de 2026","format":false,"excerpt":"A armadura abaixo representa qual tom? A armadura de clave \u00e9 o conjunto de s\u00edmbolos (sustenidos ou bem\u00f3is) colocados logo ap\u00f3s a clave no in\u00edcio de uma pauta musical.Ela serve para duas coisas principais: Indicar a tonalidade: Diz quais notas ser\u00e3o alteradas por padr\u00e3o em toda a m\u00fasica. Limpar a\u2026","rel":"","context":"Em &quot;Blog SABRA&quot;","block_context":{"text":"Blog SABRA","link":"https:\/\/www.sabra.org.br\/site\/category\/blog-sabra\/"},"img":{"alt_text":"","src":"","width":0,"height":0},"classes":[]}],"jetpack_likes_enabled":true,"jetpack_sharing_enabled":true,"_links":{"self":[{"href":"https:\/\/www.sabra.org.br\/site\/wp-json\/wp\/v2\/posts\/15237","targetHints":{"allow":["GET"]}}],"collection":[{"href":"https:\/\/www.sabra.org.br\/site\/wp-json\/wp\/v2\/posts"}],"about":[{"href":"https:\/\/www.sabra.org.br\/site\/wp-json\/wp\/v2\/types\/post"}],"author":[{"embeddable":true,"href":"https:\/\/www.sabra.org.br\/site\/wp-json\/wp\/v2\/users\/39"}],"replies":[{"embeddable":true,"href":"https:\/\/www.sabra.org.br\/site\/wp-json\/wp\/v2\/comments?post=15237"}],"version-history":[{"count":5,"href":"https:\/\/www.sabra.org.br\/site\/wp-json\/wp\/v2\/posts\/15237\/revisions"}],"predecessor-version":[{"id":15266,"href":"https:\/\/www.sabra.org.br\/site\/wp-json\/wp\/v2\/posts\/15237\/revisions\/15266"}],"wp:attachment":[{"href":"https:\/\/www.sabra.org.br\/site\/wp-json\/wp\/v2\/media?parent=15237"}],"wp:term":[{"taxonomy":"category","embeddable":true,"href":"https:\/\/www.sabra.org.br\/site\/wp-json\/wp\/v2\/categories?post=15237"},{"taxonomy":"post_tag","embeddable":true,"href":"https:\/\/www.sabra.org.br\/site\/wp-json\/wp\/v2\/tags?post=15237"}],"curies":[{"name":"wp","href":"https:\/\/api.w.org\/{rel}","templated":true}]}}