{"id":15241,"date":"2026-03-14T18:33:06","date_gmt":"2026-03-14T21:33:06","guid":{"rendered":"https:\/\/www.sabra.org.br\/site\/?p=15241"},"modified":"2026-03-14T19:35:08","modified_gmt":"2026-03-14T22:35:08","slug":"exercicios-de-teoria-musical-armadura-de-clave","status":"publish","type":"post","link":"https:\/\/www.sabra.org.br\/site\/exercicios-de-teoria-musical-armadura-de-clave\/","title":{"rendered":"Armadura de clave"},"content":{"rendered":"\n<p><strong>A armadura abaixo representa qual tom?<\/strong><\/p>\n\n\n\n<iframe src=\"https:\/\/www.musictheory.net\/exercises\/keysig\" width=\"600\" height=\"600\"><\/iframe>\n\n\n\n<p>A armadura de clave \u00e9 o conjunto de s\u00edmbolos (sustenidos ou bem\u00f3is) colocados logo ap\u00f3s a clave no in\u00edcio de uma pauta musical.<br>Ela serve para duas coisas principais:<\/p>\n\n\n\n<ol class=\"wp-block-list\">\n<li>Indicar a tonalidade: Diz quais notas ser\u00e3o alteradas por padr\u00e3o em toda a m\u00fasica.<\/li>\n\n\n\n<li>Limpar a partitura: Evita que o compositor precise escrever um acidente (sustenido\/bemol) toda vez que a nota aparecer, deixando a leitura mais fluida.<\/li>\n<\/ol>\n\n\n\n<p>Como funciona?<br>As altera\u00e7\u00f5es seguem uma ordem fixa e &#8220;acumulativa&#8221;:<\/p>\n\n\n\n<ul class=\"wp-block-list\">\n<li>Sustenidos (#): F\u00e1, D\u00f3, Sol, R\u00e9, L\u00e1, Mi, Si.<\/li>\n\n\n\n<li>Bem\u00f3is (b): Si, Mi, L\u00e1, R\u00e9, Sol, D\u00f3, F\u00e1 (\u00e9 o inverso dos sustenidos).<\/li>\n<\/ul>\n\n\n\n<p>Por exemplo, se houver um sustenido na linha do F\u00e1, todo &#8220;F\u00e1&#8221; que voc\u00ea tocar na m\u00fasica ser\u00e1 F\u00e1 sustenido, a menos que apare\u00e7a um sinal de bequadro (que cancela a altera\u00e7\u00e3o temporariamente).<\/p>\n\n\n\n<p>Existem macetes pr\u00e1ticos para descobrir o tom maior de uma m\u00fasica apenas olhando para a armadura de clave.<\/p>\n\n\n\n<ol class=\"wp-block-list\">\n<li>Se a armadura tiver Sustenidos (#)<br>A regra: Olhe para o \u00faltimo sustenido (o que estiver mais \u00e0 direita) e suba meio tom (uma nota acima).<br>Exemplo: Se o \u00faltimo sustenido for um Sol#, a tonalidade \u00e9 L\u00e1 Maior.<br>Por que funciona? O \u00faltimo sustenido \u00e9 sempre a &#8220;sens\u00edvel&#8221; (o 7\u00ba grau) da escala maior.<\/li>\n\n\n\n<li>Se a armadura tiver Bem\u00f3is (b)<br>A regra: Identifique o pen\u00faltimo bemol. O nome desse bemol j\u00e1 \u00e9 o nome da tonalidade.<br>Exemplo: Se a armadura tem Si, Mi e L\u00e1 bemol, o pen\u00faltimo \u00e9 o Mi b. Logo, a tonalidade \u00e9 Mi bemol Maior.<br>Exce\u00e7\u00e3o: Se houver apenas um bemol (Si b), voc\u00ea precisa decorar que o tom \u00e9 F\u00e1 Maior.<\/li>\n\n\n\n<li>Sem nenhum acidente<br>Se n\u00e3o houver nada na armadura, a m\u00fasica est\u00e1 em D\u00f3 Maior (ou sua relativa, L\u00e1 menor).<\/li>\n<\/ol>\n\n\n\n<p>Toda armadura de clave tamb\u00e9m pode representar um tom menor. Para ach\u00e1-lo, basta pegar o tom maior que voc\u00ea descobriu e descer uma ter\u00e7a menor (3 semitons). Por exemplo, D\u00f3 Maior vira L\u00e1 menor.<\/p>\n\n\n\n<hr class=\"wp-block-separator has-alpha-channel-opacity\"\/>\n\n\n\n<h2 class=\"wp-block-heading\">Se voc\u00ea gostou deste post:<\/h2>\n\n\n\n<ul class=\"wp-block-list\">\n<li>SIGA as nossas p\u00e1ginas nas redes sociais para acompanhar as nossas atualiza\u00e7\u00f5es: estamos no <a href=\"https:\/\/www.facebook.com\/sabrabrasil\" target=\"_blank\" rel=\"noreferrer noopener\">Facebook<\/a>, no <a href=\"https:\/\/www.instagram.com\/sabrabrasil\/\" target=\"_blank\" rel=\"noreferrer noopener\">Instagram<\/a>, no <a href=\"https:\/\/www.linkedin.com\/company\/25002088\" target=\"_blank\" rel=\"noreferrer noopener\">LinkedIn<\/a>, no <a href=\"https:\/\/x.com\/ContatoSabra\" target=\"_blank\" rel=\"noreferrer noopener\">X<\/a> e no <a href=\"https:\/\/www.youtube.com\/channel\/UCJw-kbuEvzUNdeQf20Pa-eQ\" target=\"_blank\" rel=\"noreferrer noopener\">YouTube<\/a>!<\/li>\n\n\n\n<li>CONHE\u00c7A o trabalho da Sociedade Art\u00edstica Brasileira (SABRA) e todas as iniciativas culturais e sociais que ela mant\u00e9m. <a href=\"https:\/\/www.sabra.org.br\/site\/acoes\/\" target=\"_blank\" rel=\"noreferrer noopener\">Acesse nosso site!<\/a><\/li>\n\n\n\n<li>ENTRE EM CONTATO com a gente. E veja quais s\u00e3o as op\u00e7\u00f5es de ajuda na manuten\u00e7\u00e3o de nossas a\u00e7\u00f5es sociais e culturais. Basta acessar nossa p\u00e1gina <a href=\"https:\/\/www.sabra.org.br\/site\/doe-agora\/\" target=\"_blank\" rel=\"noreferrer noopener\">Doe Agora!<\/a><\/li>\n\n\n\n<li>COMPARTILHE este texto nas suas redes sociais e ajude os seus amigos a tamb\u00e9m dominarem o assunto!<\/li>\n<\/ul>\n\n\n\n<p>\u2013 Os projetos da @sabrabrasil s\u00e3o realizados com o patroci\u0301nio m\u00e1ster: @institutounimedbh, viabilizado pelo incentivo de mais de 5,9 mil m\u00e9dicos cooperados e colaboradores via Lei de Incentivo \u00e0 Cultura &#8211; @culturagovbr, @minc<\/p>\n","protected":false},"excerpt":{"rendered":"<p>A armadura abaixo representa qual tom? A armadura de clave \u00e9 o conjunto de s\u00edmbolos (sustenidos ou bem\u00f3is) colocados logo ap\u00f3s a clave no in\u00edcio&hellip;<\/p>\n","protected":false},"author":39,"featured_media":0,"comment_status":"open","ping_status":"open","sticky":false,"template":"","format":"standard","meta":{"jetpack_post_was_ever_published":false,"_jetpack_newsletter_access":"","_jetpack_dont_email_post_to_subs":true,"_jetpack_newsletter_tier_id":0,"_jetpack_memberships_contains_paywalled_content":false,"_jetpack_memberships_contains_paid_content":false,"footnotes":""},"categories":[1],"tags":[],"class_list":["post-15241","post","type-post","status-publish","format-standard","hentry","category-blog-sabra"],"yoast_head":"<!-- This site is optimized with the Yoast SEO plugin v27.5 - https:\/\/yoast.com\/product\/yoast-seo-wordpress\/ -->\n<title>Armadura de clave - SABRA - Sociedade Art\u00edstica Brasileira<\/title>\n<meta name=\"robots\" content=\"index, follow, max-snippet:-1, max-image-preview:large, max-video-preview:-1\" \/>\n<link rel=\"canonical\" href=\"https:\/\/www.sabra.org.br\/site\/exercicios-de-teoria-musical-armadura-de-clave\/\" \/>\n<meta property=\"og:locale\" content=\"pt_BR\" \/>\n<meta property=\"og:type\" content=\"article\" \/>\n<meta property=\"og:title\" content=\"Armadura de clave - SABRA - Sociedade Art\u00edstica Brasileira\" \/>\n<meta property=\"og:description\" content=\"A armadura abaixo representa qual tom? A armadura de clave \u00e9 o conjunto de s\u00edmbolos (sustenidos ou bem\u00f3is) colocados logo ap\u00f3s a clave no in\u00edcio&hellip;\" \/>\n<meta property=\"og:url\" content=\"https:\/\/www.sabra.org.br\/site\/exercicios-de-teoria-musical-armadura-de-clave\/\" \/>\n<meta property=\"og:site_name\" content=\"SABRA - Sociedade Art\u00edstica Brasileira\" \/>\n<meta property=\"article:publisher\" content=\"https:\/\/www.facebook.com\/sabrabrasil\" \/>\n<meta property=\"article:published_time\" content=\"2026-03-14T21:33:06+00:00\" \/>\n<meta property=\"article:modified_time\" content=\"2026-03-14T22:35:08+00:00\" \/>\n<meta property=\"og:image\" content=\"https:\/\/www.sabra.org.br\/site\/wp-content\/uploads\/2021\/12\/AvatarSabra1.jpg\" \/>\n\t<meta property=\"og:image:width\" content=\"200\" \/>\n\t<meta property=\"og:image:height\" content=\"200\" \/>\n\t<meta property=\"og:image:type\" content=\"image\/jpeg\" \/>\n<meta name=\"author\" content=\"M\u00e1rcio Miranda Pontes\" \/>\n<meta name=\"twitter:card\" content=\"summary_large_image\" \/>\n<meta name=\"twitter:creator\" content=\"@ContatoSabra\" \/>\n<meta name=\"twitter:site\" content=\"@ContatoSabra\" \/>\n<meta name=\"twitter:label1\" content=\"Escrito por\" \/>\n\t<meta name=\"twitter:data1\" content=\"M\u00e1rcio Miranda Pontes\" \/>\n\t<meta name=\"twitter:label2\" content=\"Est. tempo de leitura\" \/>\n\t<meta name=\"twitter:data2\" content=\"3 minutos\" \/>\n<script type=\"application\/ld+json\" class=\"yoast-schema-graph\">{\"@context\":\"https:\\\/\\\/schema.org\",\"@graph\":[{\"@type\":\"Article\",\"@id\":\"https:\\\/\\\/www.sabra.org.br\\\/site\\\/exercicios-de-teoria-musical-armadura-de-clave\\\/#article\",\"isPartOf\":{\"@id\":\"https:\\\/\\\/www.sabra.org.br\\\/site\\\/exercicios-de-teoria-musical-armadura-de-clave\\\/\"},\"author\":{\"name\":\"M\u00e1rcio Miranda Pontes\",\"@id\":\"https:\\\/\\\/www.sabra.org.br\\\/site\\\/#\\\/schema\\\/person\\\/7d1d222c3c8891d4c37c7b41bf6315c2\"},\"headline\":\"Armadura de clave\",\"datePublished\":\"2026-03-14T21:33:06+00:00\",\"dateModified\":\"2026-03-14T22:35:08+00:00\",\"mainEntityOfPage\":{\"@id\":\"https:\\\/\\\/www.sabra.org.br\\\/site\\\/exercicios-de-teoria-musical-armadura-de-clave\\\/\"},\"wordCount\":481,\"commentCount\":0,\"publisher\":{\"@id\":\"https:\\\/\\\/www.sabra.org.br\\\/site\\\/#organization\"},\"articleSection\":[\"Blog SABRA\"],\"inLanguage\":\"pt-BR\",\"potentialAction\":[{\"@type\":\"CommentAction\",\"name\":\"Comment\",\"target\":[\"https:\\\/\\\/www.sabra.org.br\\\/site\\\/exercicios-de-teoria-musical-armadura-de-clave\\\/#respond\"]}]},{\"@type\":\"WebPage\",\"@id\":\"https:\\\/\\\/www.sabra.org.br\\\/site\\\/exercicios-de-teoria-musical-armadura-de-clave\\\/\",\"url\":\"https:\\\/\\\/www.sabra.org.br\\\/site\\\/exercicios-de-teoria-musical-armadura-de-clave\\\/\",\"name\":\"Armadura de clave - SABRA - Sociedade Art\u00edstica Brasileira\",\"isPartOf\":{\"@id\":\"https:\\\/\\\/www.sabra.org.br\\\/site\\\/#website\"},\"datePublished\":\"2026-03-14T21:33:06+00:00\",\"dateModified\":\"2026-03-14T22:35:08+00:00\",\"breadcrumb\":{\"@id\":\"https:\\\/\\\/www.sabra.org.br\\\/site\\\/exercicios-de-teoria-musical-armadura-de-clave\\\/#breadcrumb\"},\"inLanguage\":\"pt-BR\",\"potentialAction\":[{\"@type\":\"ReadAction\",\"target\":[\"https:\\\/\\\/www.sabra.org.br\\\/site\\\/exercicios-de-teoria-musical-armadura-de-clave\\\/\"]}]},{\"@type\":\"BreadcrumbList\",\"@id\":\"https:\\\/\\\/www.sabra.org.br\\\/site\\\/exercicios-de-teoria-musical-armadura-de-clave\\\/#breadcrumb\",\"itemListElement\":[{\"@type\":\"ListItem\",\"position\":1,\"name\":\"In\u00edcio\",\"item\":\"https:\\\/\\\/www.sabra.org.br\\\/site\\\/\"},{\"@type\":\"ListItem\",\"position\":2,\"name\":\"Armadura de clave\"}]},{\"@type\":\"WebSite\",\"@id\":\"https:\\\/\\\/www.sabra.org.br\\\/site\\\/#website\",\"url\":\"https:\\\/\\\/www.sabra.org.br\\\/site\\\/\",\"name\":\"SABRA - Sociedade Art\u00edstica Brasileira\",\"description\":\"Escola de M\u00fasica, Orquestra Sinf\u00f4nica, Coral e Patrim\u00f4nio Cultural e Hist\u00f3rico\",\"publisher\":{\"@id\":\"https:\\\/\\\/www.sabra.org.br\\\/site\\\/#organization\"},\"potentialAction\":[{\"@type\":\"SearchAction\",\"target\":{\"@type\":\"EntryPoint\",\"urlTemplate\":\"https:\\\/\\\/www.sabra.org.br\\\/site\\\/?s={search_term_string}\"},\"query-input\":{\"@type\":\"PropertyValueSpecification\",\"valueRequired\":true,\"valueName\":\"search_term_string\"}}],\"inLanguage\":\"pt-BR\"},{\"@type\":\"Organization\",\"@id\":\"https:\\\/\\\/www.sabra.org.br\\\/site\\\/#organization\",\"name\":\"SOCIEDADE ART\u00cdSTICA BRASILEIRA SABRA\",\"alternateName\":\"SABRA\",\"url\":\"https:\\\/\\\/www.sabra.org.br\\\/site\\\/\",\"logo\":{\"@type\":\"ImageObject\",\"inLanguage\":\"pt-BR\",\"@id\":\"https:\\\/\\\/www.sabra.org.br\\\/site\\\/#\\\/schema\\\/logo\\\/image\\\/\",\"url\":\"https:\\\/\\\/www.sabra.org.br\\\/site\\\/wp-content\\\/uploads\\\/2019\\\/06\\\/cropped-Logo_SABRA-Copia-1.webp\",\"contentUrl\":\"https:\\\/\\\/www.sabra.org.br\\\/site\\\/wp-content\\\/uploads\\\/2019\\\/06\\\/cropped-Logo_SABRA-Copia-1.webp\",\"width\":400,\"height\":128,\"caption\":\"SOCIEDADE ART\u00cdSTICA BRASILEIRA SABRA\"},\"image\":{\"@id\":\"https:\\\/\\\/www.sabra.org.br\\\/site\\\/#\\\/schema\\\/logo\\\/image\\\/\"},\"sameAs\":[\"https:\\\/\\\/www.facebook.com\\\/sabrabrasil\",\"https:\\\/\\\/x.com\\\/ContatoSabra\",\"https:\\\/\\\/www.instagram.com\\\/sabrabrasil\\\/\",\"https:\\\/\\\/www.linkedin.com\\\/company\\\/25002088\\\/\",\"https:\\\/\\\/br.pinterest.com\\\/sociedadeartisticabrasileira\\\/\",\"https:\\\/\\\/www.youtube.com\\\/c\\\/sabrabrasil\"]},{\"@type\":\"Person\",\"@id\":\"https:\\\/\\\/www.sabra.org.br\\\/site\\\/#\\\/schema\\\/person\\\/7d1d222c3c8891d4c37c7b41bf6315c2\",\"name\":\"M\u00e1rcio Miranda Pontes\",\"image\":{\"@type\":\"ImageObject\",\"inLanguage\":\"pt-BR\",\"@id\":\"https:\\\/\\\/secure.gravatar.com\\\/avatar\\\/3b45f24496a7625a3a6c436688fbe20344faaeb2979658dc4a9921f984d7df9a?s=96&d=mm&r=g\",\"url\":\"https:\\\/\\\/secure.gravatar.com\\\/avatar\\\/3b45f24496a7625a3a6c436688fbe20344faaeb2979658dc4a9921f984d7df9a?s=96&d=mm&r=g\",\"contentUrl\":\"https:\\\/\\\/secure.gravatar.com\\\/avatar\\\/3b45f24496a7625a3a6c436688fbe20344faaeb2979658dc4a9921f984d7df9a?s=96&d=mm&r=g\",\"caption\":\"M\u00e1rcio Miranda Pontes\"},\"sameAs\":[\"http:\\\/\\\/www.sabra.org.br\"],\"url\":\"https:\\\/\\\/www.sabra.org.br\\\/site\\\/author\\\/marcio-miranda-pontes\\\/\"}]}<\/script>\n<!-- \/ Yoast SEO plugin. -->","yoast_head_json":{"title":"Armadura de clave - SABRA - Sociedade Art\u00edstica Brasileira","robots":{"index":"index","follow":"follow","max-snippet":"max-snippet:-1","max-image-preview":"max-image-preview:large","max-video-preview":"max-video-preview:-1"},"canonical":"https:\/\/www.sabra.org.br\/site\/exercicios-de-teoria-musical-armadura-de-clave\/","og_locale":"pt_BR","og_type":"article","og_title":"Armadura de clave - SABRA - Sociedade Art\u00edstica Brasileira","og_description":"A armadura abaixo representa qual tom? A armadura de clave \u00e9 o conjunto de s\u00edmbolos (sustenidos ou bem\u00f3is) colocados logo ap\u00f3s a clave no in\u00edcio&hellip;","og_url":"https:\/\/www.sabra.org.br\/site\/exercicios-de-teoria-musical-armadura-de-clave\/","og_site_name":"SABRA - Sociedade Art\u00edstica Brasileira","article_publisher":"https:\/\/www.facebook.com\/sabrabrasil","article_published_time":"2026-03-14T21:33:06+00:00","article_modified_time":"2026-03-14T22:35:08+00:00","og_image":[{"width":200,"height":200,"url":"https:\/\/www.sabra.org.br\/site\/wp-content\/uploads\/2021\/12\/AvatarSabra1.jpg","type":"image\/jpeg"}],"author":"M\u00e1rcio Miranda Pontes","twitter_card":"summary_large_image","twitter_creator":"@ContatoSabra","twitter_site":"@ContatoSabra","twitter_misc":{"Escrito por":"M\u00e1rcio Miranda Pontes","Est. tempo de leitura":"3 minutos"},"schema":{"@context":"https:\/\/schema.org","@graph":[{"@type":"Article","@id":"https:\/\/www.sabra.org.br\/site\/exercicios-de-teoria-musical-armadura-de-clave\/#article","isPartOf":{"@id":"https:\/\/www.sabra.org.br\/site\/exercicios-de-teoria-musical-armadura-de-clave\/"},"author":{"name":"M\u00e1rcio Miranda Pontes","@id":"https:\/\/www.sabra.org.br\/site\/#\/schema\/person\/7d1d222c3c8891d4c37c7b41bf6315c2"},"headline":"Armadura de clave","datePublished":"2026-03-14T21:33:06+00:00","dateModified":"2026-03-14T22:35:08+00:00","mainEntityOfPage":{"@id":"https:\/\/www.sabra.org.br\/site\/exercicios-de-teoria-musical-armadura-de-clave\/"},"wordCount":481,"commentCount":0,"publisher":{"@id":"https:\/\/www.sabra.org.br\/site\/#organization"},"articleSection":["Blog SABRA"],"inLanguage":"pt-BR","potentialAction":[{"@type":"CommentAction","name":"Comment","target":["https:\/\/www.sabra.org.br\/site\/exercicios-de-teoria-musical-armadura-de-clave\/#respond"]}]},{"@type":"WebPage","@id":"https:\/\/www.sabra.org.br\/site\/exercicios-de-teoria-musical-armadura-de-clave\/","url":"https:\/\/www.sabra.org.br\/site\/exercicios-de-teoria-musical-armadura-de-clave\/","name":"Armadura de clave - SABRA - Sociedade Art\u00edstica Brasileira","isPartOf":{"@id":"https:\/\/www.sabra.org.br\/site\/#website"},"datePublished":"2026-03-14T21:33:06+00:00","dateModified":"2026-03-14T22:35:08+00:00","breadcrumb":{"@id":"https:\/\/www.sabra.org.br\/site\/exercicios-de-teoria-musical-armadura-de-clave\/#breadcrumb"},"inLanguage":"pt-BR","potentialAction":[{"@type":"ReadAction","target":["https:\/\/www.sabra.org.br\/site\/exercicios-de-teoria-musical-armadura-de-clave\/"]}]},{"@type":"BreadcrumbList","@id":"https:\/\/www.sabra.org.br\/site\/exercicios-de-teoria-musical-armadura-de-clave\/#breadcrumb","itemListElement":[{"@type":"ListItem","position":1,"name":"In\u00edcio","item":"https:\/\/www.sabra.org.br\/site\/"},{"@type":"ListItem","position":2,"name":"Armadura de clave"}]},{"@type":"WebSite","@id":"https:\/\/www.sabra.org.br\/site\/#website","url":"https:\/\/www.sabra.org.br\/site\/","name":"SABRA - Sociedade Art\u00edstica Brasileira","description":"Escola de M\u00fasica, Orquestra Sinf\u00f4nica, Coral e Patrim\u00f4nio Cultural e Hist\u00f3rico","publisher":{"@id":"https:\/\/www.sabra.org.br\/site\/#organization"},"potentialAction":[{"@type":"SearchAction","target":{"@type":"EntryPoint","urlTemplate":"https:\/\/www.sabra.org.br\/site\/?s={search_term_string}"},"query-input":{"@type":"PropertyValueSpecification","valueRequired":true,"valueName":"search_term_string"}}],"inLanguage":"pt-BR"},{"@type":"Organization","@id":"https:\/\/www.sabra.org.br\/site\/#organization","name":"SOCIEDADE ART\u00cdSTICA BRASILEIRA SABRA","alternateName":"SABRA","url":"https:\/\/www.sabra.org.br\/site\/","logo":{"@type":"ImageObject","inLanguage":"pt-BR","@id":"https:\/\/www.sabra.org.br\/site\/#\/schema\/logo\/image\/","url":"https:\/\/www.sabra.org.br\/site\/wp-content\/uploads\/2019\/06\/cropped-Logo_SABRA-Copia-1.webp","contentUrl":"https:\/\/www.sabra.org.br\/site\/wp-content\/uploads\/2019\/06\/cropped-Logo_SABRA-Copia-1.webp","width":400,"height":128,"caption":"SOCIEDADE ART\u00cdSTICA BRASILEIRA SABRA"},"image":{"@id":"https:\/\/www.sabra.org.br\/site\/#\/schema\/logo\/image\/"},"sameAs":["https:\/\/www.facebook.com\/sabrabrasil","https:\/\/x.com\/ContatoSabra","https:\/\/www.instagram.com\/sabrabrasil\/","https:\/\/www.linkedin.com\/company\/25002088\/","https:\/\/br.pinterest.com\/sociedadeartisticabrasileira\/","https:\/\/www.youtube.com\/c\/sabrabrasil"]},{"@type":"Person","@id":"https:\/\/www.sabra.org.br\/site\/#\/schema\/person\/7d1d222c3c8891d4c37c7b41bf6315c2","name":"M\u00e1rcio Miranda Pontes","image":{"@type":"ImageObject","inLanguage":"pt-BR","@id":"https:\/\/secure.gravatar.com\/avatar\/3b45f24496a7625a3a6c436688fbe20344faaeb2979658dc4a9921f984d7df9a?s=96&d=mm&r=g","url":"https:\/\/secure.gravatar.com\/avatar\/3b45f24496a7625a3a6c436688fbe20344faaeb2979658dc4a9921f984d7df9a?s=96&d=mm&r=g","contentUrl":"https:\/\/secure.gravatar.com\/avatar\/3b45f24496a7625a3a6c436688fbe20344faaeb2979658dc4a9921f984d7df9a?s=96&d=mm&r=g","caption":"M\u00e1rcio Miranda Pontes"},"sameAs":["http:\/\/www.sabra.org.br"],"url":"https:\/\/www.sabra.org.br\/site\/author\/marcio-miranda-pontes\/"}]}},"jetpack_featured_media_url":"","jetpack_shortlink":"https:\/\/wp.me\/p95j2Z-3XP","jetpack-related-posts":[{"id":15267,"url":"https:\/\/www.sabra.org.br\/site\/construcao-de-armaduras-de-clave\/","url_meta":{"origin":15241,"position":0},"title":"Constru\u00e7\u00e3o de Armaduras de Clave","author":"M\u00e1rcio Miranda Pontes","date":"14 de mar\u00e7o de 2026","format":false,"excerpt":"Indique a quantidade de acidentes (#, b ou \u00a7) para representar a tonalidade solicitada. A armadura de clave \u00e9 o conjunto de s\u00edmbolos (sustenidos ou bem\u00f3is) colocados logo ap\u00f3s a clave no in\u00edcio de uma pauta musical.Ela serve para duas coisas principais: Indicar a tonalidade: Diz quais notas ser\u00e3o alteradas\u2026","rel":"","context":"Em &quot;Blog SABRA&quot;","block_context":{"text":"Blog SABRA","link":"https:\/\/www.sabra.org.br\/site\/category\/blog-sabra\/"},"img":{"alt_text":"","src":"","width":0,"height":0},"classes":[]},{"id":15297,"url":"https:\/\/www.sabra.org.br\/site\/exercicios-musicais\/","url_meta":{"origin":15241,"position":1},"title":"Exerc\u00edcios Musicais","author":"M\u00e1rcio Miranda Pontes","date":"14 de mar\u00e7o de 2026","format":false,"excerpt":"M\u00d3DULO 1Nome das notasConstru\u00e7\u00e3o de NotasNotas no Teclado do PianoTocar no PianoArmadura de claveConstru\u00e7\u00e3o de Armaduras de Clave M\u00d3DULO 2IntervalosConstru\u00e7\u00e3o de IntervalosIntervalos no Piano M\u00d3DULO 3EscalasConstru\u00e7\u00e3o de EscalasEscalas no Piano M\u00d3DULO 4AcordesConstru\u00e7\u00e3o de AcordesAcordes no Piano M\u00d3DULO 5Treinamento Auditivo \u2013 PianoTreinamento Auditivo \u2013 IntervaloTreinamento Auditivo \u2013 Intervalos 2Treinamento Auditivo \u2013\u2026","rel":"","context":"Em &quot;Blog SABRA&quot;","block_context":{"text":"Blog SABRA","link":"https:\/\/www.sabra.org.br\/site\/category\/blog-sabra\/"},"img":{"alt_text":"","src":"","width":0,"height":0},"classes":[]},{"id":13093,"url":"https:\/\/www.sabra.org.br\/site\/ciclo-das-quintas-o-que-e-para-que-serve-e-como-usar\/","url_meta":{"origin":15241,"position":2},"title":"Ciclo das quintas: o que \u00e9, para que serve e como usar?","author":"","date":"22 de agosto de 2025","format":false,"excerpt":"A teoria musical \u00e9 repleta de conceitos que ajudam m\u00fasicos a compreender melhor a estrutura e a harmonia das composi\u00e7\u00f5es. Entre esses conceitos, destaca-se o Ciclo das Quintas, uma ferramenta essencial para quem deseja aprofundar seus conhecimentos musicais. O Ciclo das Quintas n\u00e3o \u00e9 apenas um diagrama \u00fatil, mas um\u2026","rel":"","context":"Em &quot;Blog SABRA&quot;","block_context":{"text":"Blog SABRA","link":"https:\/\/www.sabra.org.br\/site\/category\/blog-sabra\/"},"img":{"alt_text":"","src":"","width":0,"height":0},"classes":[]},{"id":3203,"url":"https:\/\/www.sabra.org.br\/site\/partitura-musical\/","url_meta":{"origin":15241,"position":3},"title":"Partitura musical","author":"M\u00e1rcio Miranda Pontes","date":"29 de outubro de 2020","format":false,"excerpt":"Voc\u00ea sabe o que \u00e9 uma partitura? No post de hoje n\u00f3s falaremos sobre esse sistema de escrita musical universal e mostraremos como s\u00e3o feitas as partituras de uma m\u00fasica. Confira!","rel":"","context":"Em &quot;Blog SABRA&quot;","block_context":{"text":"Blog SABRA","link":"https:\/\/www.sabra.org.br\/site\/category\/blog-sabra\/"},"img":{"alt_text":"partitura-musical","src":"https:\/\/i0.wp.com\/www.sabra.org.br\/site\/wp-content\/uploads\/2020\/10\/entenda-como-sao-feitas-as-partituras-de-uma-musica-20201001161911.jpg.jpg?resize=350%2C200&ssl=1","width":350,"height":200,"srcset":"https:\/\/i0.wp.com\/www.sabra.org.br\/site\/wp-content\/uploads\/2020\/10\/entenda-como-sao-feitas-as-partituras-de-uma-musica-20201001161911.jpg.jpg?resize=350%2C200&ssl=1 1x, https:\/\/i0.wp.com\/www.sabra.org.br\/site\/wp-content\/uploads\/2020\/10\/entenda-como-sao-feitas-as-partituras-de-uma-musica-20201001161911.jpg.jpg?resize=525%2C300&ssl=1 1.5x, https:\/\/i0.wp.com\/www.sabra.org.br\/site\/wp-content\/uploads\/2020\/10\/entenda-como-sao-feitas-as-partituras-de-uma-musica-20201001161911.jpg.jpg?resize=700%2C400&ssl=1 2x"},"classes":[]},{"id":5991,"url":"https:\/\/www.sabra.org.br\/site\/ler-partitura\/","url_meta":{"origin":15241,"position":4},"title":"Como aprender a ler partitura?","author":"M\u00e1rcio Miranda Pontes","date":"3 de outubro de 2022","format":false,"excerpt":"A partitura \u00e9 uma ferramenta de comunica\u00e7\u00e3o fundamental para quem deseja se profissionalizar na m\u00fasica ou tocar cada vez com mais rigor e t\u00e9cnica. Com isso, separamos um pequeno guia com os primeiros passos nessa \u00e1rea. Confira!","rel":"","context":"Em &quot;Blog SABRA&quot;","block_context":{"text":"Blog SABRA","link":"https:\/\/www.sabra.org.br\/site\/category\/blog-sabra\/"},"img":{"alt_text":"nota-tempo-linha-partitura-musico","src":"https:\/\/i0.wp.com\/www.sabra.org.br\/site\/wp-content\/uploads\/2022\/10\/como-aprender-a-ler-partitura-20220707153044.jpg.jpg?resize=350%2C200&ssl=1","width":350,"height":200,"srcset":"https:\/\/i0.wp.com\/www.sabra.org.br\/site\/wp-content\/uploads\/2022\/10\/como-aprender-a-ler-partitura-20220707153044.jpg.jpg?resize=350%2C200&ssl=1 1x, https:\/\/i0.wp.com\/www.sabra.org.br\/site\/wp-content\/uploads\/2022\/10\/como-aprender-a-ler-partitura-20220707153044.jpg.jpg?resize=525%2C300&ssl=1 1.5x, https:\/\/i0.wp.com\/www.sabra.org.br\/site\/wp-content\/uploads\/2022\/10\/como-aprender-a-ler-partitura-20220707153044.jpg.jpg?resize=700%2C400&ssl=1 2x"},"classes":[]},{"id":12995,"url":"https:\/\/www.sabra.org.br\/site\/como-ler-partituras-passo-a-passo-para-musicos-iniciantes\/","url_meta":{"origin":15241,"position":5},"title":"Como ler partituras: passo a passo para m\u00fasicos iniciantes","author":"","date":"22 de agosto de 2025","format":false,"excerpt":"Para muitos m\u00fasicos iniciantes, a leitura de partituras pode parecer uma tarefa desafiadora e at\u00e9 assustadora. No entanto, com a pr\u00e1tica e a compreens\u00e3o dos componentes b\u00e1sicos, qualquer m\u00fasico pode dominar essa habilidade essencial. As partituras s\u00e3o a \u201clinguagem' da m\u00fasica escrita, permitindo que m\u00fasicos de diferentes partes do mundo\u2026","rel":"","context":"Em &quot;Blog SABRA&quot;","block_context":{"text":"Blog SABRA","link":"https:\/\/www.sabra.org.br\/site\/category\/blog-sabra\/"},"img":{"alt_text":"","src":"","width":0,"height":0},"classes":[]}],"jetpack_likes_enabled":true,"jetpack_sharing_enabled":true,"_links":{"self":[{"href":"https:\/\/www.sabra.org.br\/site\/wp-json\/wp\/v2\/posts\/15241","targetHints":{"allow":["GET"]}}],"collection":[{"href":"https:\/\/www.sabra.org.br\/site\/wp-json\/wp\/v2\/posts"}],"about":[{"href":"https:\/\/www.sabra.org.br\/site\/wp-json\/wp\/v2\/types\/post"}],"author":[{"embeddable":true,"href":"https:\/\/www.sabra.org.br\/site\/wp-json\/wp\/v2\/users\/39"}],"replies":[{"embeddable":true,"href":"https:\/\/www.sabra.org.br\/site\/wp-json\/wp\/v2\/comments?post=15241"}],"version-history":[{"count":6,"href":"https:\/\/www.sabra.org.br\/site\/wp-json\/wp\/v2\/posts\/15241\/revisions"}],"predecessor-version":[{"id":15264,"href":"https:\/\/www.sabra.org.br\/site\/wp-json\/wp\/v2\/posts\/15241\/revisions\/15264"}],"wp:attachment":[{"href":"https:\/\/www.sabra.org.br\/site\/wp-json\/wp\/v2\/media?parent=15241"}],"wp:term":[{"taxonomy":"category","embeddable":true,"href":"https:\/\/www.sabra.org.br\/site\/wp-json\/wp\/v2\/categories?post=15241"},{"taxonomy":"post_tag","embeddable":true,"href":"https:\/\/www.sabra.org.br\/site\/wp-json\/wp\/v2\/tags?post=15241"}],"curies":[{"name":"wp","href":"https:\/\/api.w.org\/{rel}","templated":true}]}}