{"id":15281,"date":"2026-03-14T20:20:34","date_gmt":"2026-03-14T23:20:34","guid":{"rendered":"https:\/\/www.sabra.org.br\/site\/?p=15281"},"modified":"2026-03-14T20:23:04","modified_gmt":"2026-03-14T23:23:04","slug":"escalas-no-piano","status":"publish","type":"post","link":"https:\/\/www.sabra.org.br\/site\/escalas-no-piano\/","title":{"rendered":"Escalas no Piano"},"content":{"rendered":"\n<p><strong>Identifique a escala atrav\u00e9s das teclas coloridas no teclado.<\/strong> Sendo:<\/p>\n\n\n\n<p>Major = Maior<br>Natural Minor = Menor Natural<br>Harmonic Minor = Menor Harm\u00f4nica<br>Melodic Minor = Menor Mel\u00f3dica<\/p>\n\n\n\n<iframe src=\"https:\/\/www.musictheory.net\/exercises\/keyboard-scale\" width=\"600\" height=\"600\" ><\/iframe>\n\n\n\n<p>Uma escala musical \u00e9 uma sequ\u00eancia ordenada de notas (graus) dispostas ascendente ou descendentemente, variando em tons e semitons, formando a base tonal de composi\u00e7\u00f5es. Geralmente composta por 7 notas, a escala diat\u00f4nica maior \u00e9 o modelo padr\u00e3o (T-T-ST-T-T-T-ST), sendo \u201cD\u00f3-R\u00e9-Mi-F\u00e1-Sol-L\u00e1-Si-D\u00f3\u201d o exemplo mais comum.<\/p>\n\n\n\n<p>Pontos-chave sobre escalas musicais:<br>Estrutura: S\u00e3o organizadas em \u201cgraus\u201d (I a VIII) e definem a sonoridade (alegre\/maior, triste\/menor).<br>Tipos: Incluem escalas diat\u00f4nicas (maiores\/menores), crom\u00e1ticas (todos os 12 semitons), pentat\u00f4nicas (5 notas), e modos (d\u00f3rico, l\u00eddio, etc.).<br>Import\u00e2ncia: Essenciais para a cria\u00e7\u00e3o de melodias, harmonia, improvisa\u00e7\u00e3o e desenvolvimento de t\u00e9cnica instrumental.<br>Representa\u00e7\u00e3o: Podem ser visualizadas na partitura, com notas subindo em linhas e espa\u00e7os para sons mais agudos ou mais graves.<\/p>\n\n\n\n<p>Principais Escalas:<br>Escala Maior (Diat\u00f4nica): Padr\u00e3o Tom-Tom-Semitom-Tom-Tom-Tom-Semitom (ex: D\u00f3 Maior).<br>Escala Menor: Inclui a menor natural, harm\u00f4nica e mel\u00f3dica, conhecidas por soarem mais introspectivas.<br>Escala Crom\u00e1tica: Composta apenas por semitons (12 notas).<br>Escala Pentat\u00f4nica: Formada por cinco notas, muito usada no rock e blues.<\/p>\n\n\n\n<p>A pr\u00e1tica de escalas ajuda a refinar a afina\u00e7\u00e3o e aumentar a agilidade nos instrumentos.<\/p>\n\n\n\n<hr class=\"wp-block-separator has-alpha-channel-opacity\"\/>\n\n\n\n<h2 class=\"wp-block-heading\">Se voc\u00ea gostou deste post:<\/h2>\n\n\n\n<ul class=\"wp-block-list\">\n<li>SIGA as nossas p\u00e1ginas nas redes sociais para acompanhar as nossas atualiza\u00e7\u00f5es: estamos no <a href=\"https:\/\/www.facebook.com\/sabrabrasil\" target=\"_blank\" rel=\"noreferrer noopener\">Facebook<\/a>, no <a href=\"https:\/\/www.instagram.com\/sabrabrasil\/\" target=\"_blank\" rel=\"noreferrer noopener\">Instagram<\/a>, no <a href=\"https:\/\/www.linkedin.com\/company\/25002088\" target=\"_blank\" rel=\"noreferrer noopener\">LinkedIn<\/a>, no <a href=\"https:\/\/x.com\/ContatoSabra\" target=\"_blank\" rel=\"noreferrer noopener\">X<\/a> e no <a href=\"https:\/\/www.youtube.com\/channel\/UCJw-kbuEvzUNdeQf20Pa-eQ\" target=\"_blank\" rel=\"noreferrer noopener\">YouTube<\/a>!<\/li>\n\n\n\n<li>CONHE\u00c7A o trabalho da Sociedade Art\u00edstica Brasileira (SABRA) e todas as iniciativas culturais e sociais que ela mant\u00e9m. <a href=\"https:\/\/www.sabra.org.br\/site\/acoes\/\" target=\"_blank\" rel=\"noreferrer noopener\">Acesse nosso site!<\/a><\/li>\n\n\n\n<li>ENTRE EM CONTATO com a gente. E veja quais s\u00e3o as op\u00e7\u00f5es de ajuda na manuten\u00e7\u00e3o de nossas a\u00e7\u00f5es sociais e culturais. Basta acessar nossa p\u00e1gina <a href=\"https:\/\/www.sabra.org.br\/site\/doe-agora\/\" target=\"_blank\" rel=\"noreferrer noopener\">Doe Agora!<\/a><\/li>\n\n\n\n<li>COMPARTILHE este texto nas suas redes sociais e ajude os seus amigos a tamb\u00e9m dominarem o assunto!<\/li>\n<\/ul>\n\n\n\n<p>\u2013 Os projetos da @sabrabrasil s\u00e3o realizados com o patroci\u0301nio m\u00e1ster: @institutounimedbh, viabilizado pelo incentivo de mais de 5,9 mil m\u00e9dicos cooperados e colaboradores via Lei de Incentivo \u00e0 Cultura &#8211; @culturagovbr, @minc<\/p>\n","protected":false},"excerpt":{"rendered":"<p>Identifique a escala atrav\u00e9s das teclas coloridas no teclado. Sendo: Major = MaiorNatural Minor = Menor NaturalHarmonic Minor = Menor Harm\u00f4nicaMelodic Minor = Menor Mel\u00f3dica&hellip;<\/p>\n","protected":false},"author":39,"featured_media":0,"comment_status":"open","ping_status":"open","sticky":false,"template":"","format":"standard","meta":{"jetpack_post_was_ever_published":false,"_jetpack_newsletter_access":"","_jetpack_dont_email_post_to_subs":true,"_jetpack_newsletter_tier_id":0,"_jetpack_memberships_contains_paywalled_content":false,"_jetpack_memberships_contains_paid_content":false,"footnotes":""},"categories":[1],"tags":[],"class_list":["post-15281","post","type-post","status-publish","format-standard","hentry","category-blog-sabra"],"yoast_head":"<!-- This site is optimized with the Yoast SEO plugin v27.5 - https:\/\/yoast.com\/product\/yoast-seo-wordpress\/ -->\n<title>Escalas no Piano - SABRA - Sociedade Art\u00edstica Brasileira<\/title>\n<meta name=\"robots\" content=\"index, follow, max-snippet:-1, max-image-preview:large, max-video-preview:-1\" \/>\n<link rel=\"canonical\" href=\"https:\/\/www.sabra.org.br\/site\/escalas-no-piano\/\" \/>\n<meta property=\"og:locale\" content=\"pt_BR\" \/>\n<meta property=\"og:type\" content=\"article\" \/>\n<meta property=\"og:title\" content=\"Escalas no Piano - SABRA - Sociedade Art\u00edstica Brasileira\" \/>\n<meta property=\"og:description\" content=\"Identifique a escala atrav\u00e9s das teclas coloridas no teclado. Sendo: Major = MaiorNatural Minor = Menor NaturalHarmonic Minor = Menor Harm\u00f4nicaMelodic Minor = Menor Mel\u00f3dica&hellip;\" \/>\n<meta property=\"og:url\" content=\"https:\/\/www.sabra.org.br\/site\/escalas-no-piano\/\" \/>\n<meta property=\"og:site_name\" content=\"SABRA - Sociedade Art\u00edstica Brasileira\" \/>\n<meta property=\"article:publisher\" content=\"https:\/\/www.facebook.com\/sabrabrasil\" \/>\n<meta property=\"article:published_time\" content=\"2026-03-14T23:20:34+00:00\" \/>\n<meta property=\"article:modified_time\" content=\"2026-03-14T23:23:04+00:00\" \/>\n<meta property=\"og:image\" content=\"https:\/\/www.sabra.org.br\/site\/wp-content\/uploads\/2021\/12\/AvatarSabra1.jpg\" \/>\n\t<meta property=\"og:image:width\" content=\"200\" \/>\n\t<meta property=\"og:image:height\" content=\"200\" \/>\n\t<meta property=\"og:image:type\" content=\"image\/jpeg\" \/>\n<meta name=\"author\" content=\"M\u00e1rcio Miranda Pontes\" \/>\n<meta name=\"twitter:card\" content=\"summary_large_image\" \/>\n<meta name=\"twitter:creator\" content=\"@ContatoSabra\" \/>\n<meta name=\"twitter:site\" content=\"@ContatoSabra\" \/>\n<meta name=\"twitter:label1\" content=\"Escrito por\" \/>\n\t<meta name=\"twitter:data1\" content=\"M\u00e1rcio Miranda Pontes\" \/>\n\t<meta name=\"twitter:label2\" content=\"Est. tempo de leitura\" \/>\n\t<meta name=\"twitter:data2\" content=\"2 minutos\" \/>\n<script type=\"application\/ld+json\" class=\"yoast-schema-graph\">{\"@context\":\"https:\\\/\\\/schema.org\",\"@graph\":[{\"@type\":\"Article\",\"@id\":\"https:\\\/\\\/www.sabra.org.br\\\/site\\\/escalas-no-piano\\\/#article\",\"isPartOf\":{\"@id\":\"https:\\\/\\\/www.sabra.org.br\\\/site\\\/escalas-no-piano\\\/\"},\"author\":{\"name\":\"M\u00e1rcio Miranda Pontes\",\"@id\":\"https:\\\/\\\/www.sabra.org.br\\\/site\\\/#\\\/schema\\\/person\\\/7d1d222c3c8891d4c37c7b41bf6315c2\"},\"headline\":\"Escalas no Piano\",\"datePublished\":\"2026-03-14T23:20:34+00:00\",\"dateModified\":\"2026-03-14T23:23:04+00:00\",\"mainEntityOfPage\":{\"@id\":\"https:\\\/\\\/www.sabra.org.br\\\/site\\\/escalas-no-piano\\\/\"},\"wordCount\":366,\"commentCount\":0,\"publisher\":{\"@id\":\"https:\\\/\\\/www.sabra.org.br\\\/site\\\/#organization\"},\"articleSection\":[\"Blog SABRA\"],\"inLanguage\":\"pt-BR\",\"potentialAction\":[{\"@type\":\"CommentAction\",\"name\":\"Comment\",\"target\":[\"https:\\\/\\\/www.sabra.org.br\\\/site\\\/escalas-no-piano\\\/#respond\"]}]},{\"@type\":\"WebPage\",\"@id\":\"https:\\\/\\\/www.sabra.org.br\\\/site\\\/escalas-no-piano\\\/\",\"url\":\"https:\\\/\\\/www.sabra.org.br\\\/site\\\/escalas-no-piano\\\/\",\"name\":\"Escalas no Piano - SABRA - Sociedade Art\u00edstica Brasileira\",\"isPartOf\":{\"@id\":\"https:\\\/\\\/www.sabra.org.br\\\/site\\\/#website\"},\"datePublished\":\"2026-03-14T23:20:34+00:00\",\"dateModified\":\"2026-03-14T23:23:04+00:00\",\"breadcrumb\":{\"@id\":\"https:\\\/\\\/www.sabra.org.br\\\/site\\\/escalas-no-piano\\\/#breadcrumb\"},\"inLanguage\":\"pt-BR\",\"potentialAction\":[{\"@type\":\"ReadAction\",\"target\":[\"https:\\\/\\\/www.sabra.org.br\\\/site\\\/escalas-no-piano\\\/\"]}]},{\"@type\":\"BreadcrumbList\",\"@id\":\"https:\\\/\\\/www.sabra.org.br\\\/site\\\/escalas-no-piano\\\/#breadcrumb\",\"itemListElement\":[{\"@type\":\"ListItem\",\"position\":1,\"name\":\"In\u00edcio\",\"item\":\"https:\\\/\\\/www.sabra.org.br\\\/site\\\/\"},{\"@type\":\"ListItem\",\"position\":2,\"name\":\"Escalas no Piano\"}]},{\"@type\":\"WebSite\",\"@id\":\"https:\\\/\\\/www.sabra.org.br\\\/site\\\/#website\",\"url\":\"https:\\\/\\\/www.sabra.org.br\\\/site\\\/\",\"name\":\"SABRA - Sociedade Art\u00edstica Brasileira\",\"description\":\"Escola de M\u00fasica, Orquestra Sinf\u00f4nica, Coral e Patrim\u00f4nio Cultural e Hist\u00f3rico\",\"publisher\":{\"@id\":\"https:\\\/\\\/www.sabra.org.br\\\/site\\\/#organization\"},\"potentialAction\":[{\"@type\":\"SearchAction\",\"target\":{\"@type\":\"EntryPoint\",\"urlTemplate\":\"https:\\\/\\\/www.sabra.org.br\\\/site\\\/?s={search_term_string}\"},\"query-input\":{\"@type\":\"PropertyValueSpecification\",\"valueRequired\":true,\"valueName\":\"search_term_string\"}}],\"inLanguage\":\"pt-BR\"},{\"@type\":\"Organization\",\"@id\":\"https:\\\/\\\/www.sabra.org.br\\\/site\\\/#organization\",\"name\":\"SOCIEDADE ART\u00cdSTICA BRASILEIRA SABRA\",\"alternateName\":\"SABRA\",\"url\":\"https:\\\/\\\/www.sabra.org.br\\\/site\\\/\",\"logo\":{\"@type\":\"ImageObject\",\"inLanguage\":\"pt-BR\",\"@id\":\"https:\\\/\\\/www.sabra.org.br\\\/site\\\/#\\\/schema\\\/logo\\\/image\\\/\",\"url\":\"https:\\\/\\\/www.sabra.org.br\\\/site\\\/wp-content\\\/uploads\\\/2019\\\/06\\\/cropped-Logo_SABRA-Copia-1.webp\",\"contentUrl\":\"https:\\\/\\\/www.sabra.org.br\\\/site\\\/wp-content\\\/uploads\\\/2019\\\/06\\\/cropped-Logo_SABRA-Copia-1.webp\",\"width\":400,\"height\":128,\"caption\":\"SOCIEDADE ART\u00cdSTICA BRASILEIRA SABRA\"},\"image\":{\"@id\":\"https:\\\/\\\/www.sabra.org.br\\\/site\\\/#\\\/schema\\\/logo\\\/image\\\/\"},\"sameAs\":[\"https:\\\/\\\/www.facebook.com\\\/sabrabrasil\",\"https:\\\/\\\/x.com\\\/ContatoSabra\",\"https:\\\/\\\/www.instagram.com\\\/sabrabrasil\\\/\",\"https:\\\/\\\/www.linkedin.com\\\/company\\\/25002088\\\/\",\"https:\\\/\\\/br.pinterest.com\\\/sociedadeartisticabrasileira\\\/\",\"https:\\\/\\\/www.youtube.com\\\/c\\\/sabrabrasil\"]},{\"@type\":\"Person\",\"@id\":\"https:\\\/\\\/www.sabra.org.br\\\/site\\\/#\\\/schema\\\/person\\\/7d1d222c3c8891d4c37c7b41bf6315c2\",\"name\":\"M\u00e1rcio Miranda Pontes\",\"image\":{\"@type\":\"ImageObject\",\"inLanguage\":\"pt-BR\",\"@id\":\"https:\\\/\\\/secure.gravatar.com\\\/avatar\\\/3b45f24496a7625a3a6c436688fbe20344faaeb2979658dc4a9921f984d7df9a?s=96&d=mm&r=g\",\"url\":\"https:\\\/\\\/secure.gravatar.com\\\/avatar\\\/3b45f24496a7625a3a6c436688fbe20344faaeb2979658dc4a9921f984d7df9a?s=96&d=mm&r=g\",\"contentUrl\":\"https:\\\/\\\/secure.gravatar.com\\\/avatar\\\/3b45f24496a7625a3a6c436688fbe20344faaeb2979658dc4a9921f984d7df9a?s=96&d=mm&r=g\",\"caption\":\"M\u00e1rcio Miranda Pontes\"},\"sameAs\":[\"http:\\\/\\\/www.sabra.org.br\"],\"url\":\"https:\\\/\\\/www.sabra.org.br\\\/site\\\/author\\\/marcio-miranda-pontes\\\/\"}]}<\/script>\n<!-- \/ Yoast SEO plugin. -->","yoast_head_json":{"title":"Escalas no Piano - SABRA - Sociedade Art\u00edstica Brasileira","robots":{"index":"index","follow":"follow","max-snippet":"max-snippet:-1","max-image-preview":"max-image-preview:large","max-video-preview":"max-video-preview:-1"},"canonical":"https:\/\/www.sabra.org.br\/site\/escalas-no-piano\/","og_locale":"pt_BR","og_type":"article","og_title":"Escalas no Piano - SABRA - Sociedade Art\u00edstica Brasileira","og_description":"Identifique a escala atrav\u00e9s das teclas coloridas no teclado. Sendo: Major = MaiorNatural Minor = Menor NaturalHarmonic Minor = Menor Harm\u00f4nicaMelodic Minor = Menor Mel\u00f3dica&hellip;","og_url":"https:\/\/www.sabra.org.br\/site\/escalas-no-piano\/","og_site_name":"SABRA - Sociedade Art\u00edstica Brasileira","article_publisher":"https:\/\/www.facebook.com\/sabrabrasil","article_published_time":"2026-03-14T23:20:34+00:00","article_modified_time":"2026-03-14T23:23:04+00:00","og_image":[{"width":200,"height":200,"url":"https:\/\/www.sabra.org.br\/site\/wp-content\/uploads\/2021\/12\/AvatarSabra1.jpg","type":"image\/jpeg"}],"author":"M\u00e1rcio Miranda Pontes","twitter_card":"summary_large_image","twitter_creator":"@ContatoSabra","twitter_site":"@ContatoSabra","twitter_misc":{"Escrito por":"M\u00e1rcio Miranda Pontes","Est. tempo de leitura":"2 minutos"},"schema":{"@context":"https:\/\/schema.org","@graph":[{"@type":"Article","@id":"https:\/\/www.sabra.org.br\/site\/escalas-no-piano\/#article","isPartOf":{"@id":"https:\/\/www.sabra.org.br\/site\/escalas-no-piano\/"},"author":{"name":"M\u00e1rcio Miranda Pontes","@id":"https:\/\/www.sabra.org.br\/site\/#\/schema\/person\/7d1d222c3c8891d4c37c7b41bf6315c2"},"headline":"Escalas no Piano","datePublished":"2026-03-14T23:20:34+00:00","dateModified":"2026-03-14T23:23:04+00:00","mainEntityOfPage":{"@id":"https:\/\/www.sabra.org.br\/site\/escalas-no-piano\/"},"wordCount":366,"commentCount":0,"publisher":{"@id":"https:\/\/www.sabra.org.br\/site\/#organization"},"articleSection":["Blog SABRA"],"inLanguage":"pt-BR","potentialAction":[{"@type":"CommentAction","name":"Comment","target":["https:\/\/www.sabra.org.br\/site\/escalas-no-piano\/#respond"]}]},{"@type":"WebPage","@id":"https:\/\/www.sabra.org.br\/site\/escalas-no-piano\/","url":"https:\/\/www.sabra.org.br\/site\/escalas-no-piano\/","name":"Escalas no Piano - SABRA - Sociedade Art\u00edstica Brasileira","isPartOf":{"@id":"https:\/\/www.sabra.org.br\/site\/#website"},"datePublished":"2026-03-14T23:20:34+00:00","dateModified":"2026-03-14T23:23:04+00:00","breadcrumb":{"@id":"https:\/\/www.sabra.org.br\/site\/escalas-no-piano\/#breadcrumb"},"inLanguage":"pt-BR","potentialAction":[{"@type":"ReadAction","target":["https:\/\/www.sabra.org.br\/site\/escalas-no-piano\/"]}]},{"@type":"BreadcrumbList","@id":"https:\/\/www.sabra.org.br\/site\/escalas-no-piano\/#breadcrumb","itemListElement":[{"@type":"ListItem","position":1,"name":"In\u00edcio","item":"https:\/\/www.sabra.org.br\/site\/"},{"@type":"ListItem","position":2,"name":"Escalas no Piano"}]},{"@type":"WebSite","@id":"https:\/\/www.sabra.org.br\/site\/#website","url":"https:\/\/www.sabra.org.br\/site\/","name":"SABRA - Sociedade Art\u00edstica Brasileira","description":"Escola de M\u00fasica, Orquestra Sinf\u00f4nica, Coral e Patrim\u00f4nio Cultural e Hist\u00f3rico","publisher":{"@id":"https:\/\/www.sabra.org.br\/site\/#organization"},"potentialAction":[{"@type":"SearchAction","target":{"@type":"EntryPoint","urlTemplate":"https:\/\/www.sabra.org.br\/site\/?s={search_term_string}"},"query-input":{"@type":"PropertyValueSpecification","valueRequired":true,"valueName":"search_term_string"}}],"inLanguage":"pt-BR"},{"@type":"Organization","@id":"https:\/\/www.sabra.org.br\/site\/#organization","name":"SOCIEDADE ART\u00cdSTICA BRASILEIRA SABRA","alternateName":"SABRA","url":"https:\/\/www.sabra.org.br\/site\/","logo":{"@type":"ImageObject","inLanguage":"pt-BR","@id":"https:\/\/www.sabra.org.br\/site\/#\/schema\/logo\/image\/","url":"https:\/\/www.sabra.org.br\/site\/wp-content\/uploads\/2019\/06\/cropped-Logo_SABRA-Copia-1.webp","contentUrl":"https:\/\/www.sabra.org.br\/site\/wp-content\/uploads\/2019\/06\/cropped-Logo_SABRA-Copia-1.webp","width":400,"height":128,"caption":"SOCIEDADE ART\u00cdSTICA BRASILEIRA SABRA"},"image":{"@id":"https:\/\/www.sabra.org.br\/site\/#\/schema\/logo\/image\/"},"sameAs":["https:\/\/www.facebook.com\/sabrabrasil","https:\/\/x.com\/ContatoSabra","https:\/\/www.instagram.com\/sabrabrasil\/","https:\/\/www.linkedin.com\/company\/25002088\/","https:\/\/br.pinterest.com\/sociedadeartisticabrasileira\/","https:\/\/www.youtube.com\/c\/sabrabrasil"]},{"@type":"Person","@id":"https:\/\/www.sabra.org.br\/site\/#\/schema\/person\/7d1d222c3c8891d4c37c7b41bf6315c2","name":"M\u00e1rcio Miranda Pontes","image":{"@type":"ImageObject","inLanguage":"pt-BR","@id":"https:\/\/secure.gravatar.com\/avatar\/3b45f24496a7625a3a6c436688fbe20344faaeb2979658dc4a9921f984d7df9a?s=96&d=mm&r=g","url":"https:\/\/secure.gravatar.com\/avatar\/3b45f24496a7625a3a6c436688fbe20344faaeb2979658dc4a9921f984d7df9a?s=96&d=mm&r=g","contentUrl":"https:\/\/secure.gravatar.com\/avatar\/3b45f24496a7625a3a6c436688fbe20344faaeb2979658dc4a9921f984d7df9a?s=96&d=mm&r=g","caption":"M\u00e1rcio Miranda Pontes"},"sameAs":["http:\/\/www.sabra.org.br"],"url":"https:\/\/www.sabra.org.br\/site\/author\/marcio-miranda-pontes\/"}]}},"jetpack_featured_media_url":"","jetpack_shortlink":"https:\/\/wp.me\/p95j2Z-3Yt","jetpack-related-posts":[{"id":15250,"url":"https:\/\/www.sabra.org.br\/site\/exercicios-de-teoria-musical-escalas\/","url_meta":{"origin":15281,"position":0},"title":"Escalas","author":"M\u00e1rcio Miranda Pontes","date":"14 de mar\u00e7o de 2026","format":false,"excerpt":"Identifique a escala. Sendo: Major = MaiorNatural Minor = Menor NaturalHarmonic Minor = Menor Harm\u00f4nicaMelodic Minor = Menor Mel\u00f3dica Uma escala musical \u00e9 uma sequ\u00eancia ordenada de notas (graus) dispostas ascendente ou descendentemente, variando em tons e semitons, formando a base tonal de composi\u00e7\u00f5es. Geralmente composta por 7 notas, a\u2026","rel":"","context":"Em &quot;Blog SABRA&quot;","block_context":{"text":"Blog SABRA","link":"https:\/\/www.sabra.org.br\/site\/category\/blog-sabra\/"},"img":{"alt_text":"","src":"","width":0,"height":0},"classes":[]},{"id":15271,"url":"https:\/\/www.sabra.org.br\/site\/construcao-de-escalas\/","url_meta":{"origin":15281,"position":1},"title":"Constru\u00e7\u00e3o de Escalas","author":"M\u00e1rcio Miranda Pontes","date":"14 de mar\u00e7o de 2026","format":false,"excerpt":"Construa a escala solicitada escolhendo e alterando as notas adequadas. Uma escala musical \u00e9 uma sequ\u00eancia ordenada de notas (graus) dispostas ascendente ou descendentemente, variando em tons e semitons, formando a base tonal de composi\u00e7\u00f5es. Geralmente composta por 7 notas, a escala diat\u00f4nica maior \u00e9 o modelo padr\u00e3o (T-T-ST-T-T-T-ST), sendo\u2026","rel":"","context":"Em &quot;Blog SABRA&quot;","block_context":{"text":"Blog SABRA","link":"https:\/\/www.sabra.org.br\/site\/category\/blog-sabra\/"},"img":{"alt_text":"","src":"","width":0,"height":0},"classes":[]},{"id":13066,"url":"https:\/\/www.sabra.org.br\/site\/saiba-como-improvisar-em-escalas-musicais\/","url_meta":{"origin":15281,"position":2},"title":"Saiba como improvisar em escalas musicais","author":"","date":"22 de agosto de 2025","format":false,"excerpt":"O improviso em escalas musicais \u00e9 uma habilidade que pode transformar a forma como um m\u00fasico interage com seu instrumento e a m\u00fasica ao seu redor. Esse processo envolve criar melodias espont\u00e2neas a partir de escalas, o que requer tanto conhecimento t\u00e9cnico quanto sensibilidade art\u00edstica. Para muitos m\u00fasicos, a ideia\u2026","rel":"","context":"Em &quot;Blog SABRA&quot;","block_context":{"text":"Blog SABRA","link":"https:\/\/www.sabra.org.br\/site\/category\/blog-sabra\/"},"img":{"alt_text":"","src":"","width":0,"height":0},"classes":[]},{"id":13118,"url":"https:\/\/www.sabra.org.br\/site\/teoria-musical-para-iniciantes-tudo-o-que-voce-precisa-saber\/","url_meta":{"origin":15281,"position":3},"title":"Teoria musical para iniciantes: tudo o que voc\u00ea precisa saber","author":"","date":"22 de agosto de 2025","format":false,"excerpt":"A teoria musical \u00e9 o alicerce que sustenta a compreens\u00e3o da m\u00fasica, proporcionando aos m\u00fasicos a capacidade de interpretar, criar e se comunicar atrav\u00e9s das notas. Para iniciantes, mergulhar na teoria musical pode parecer intimidador, mas com um entendimento gradual, os conceitos se tornam claros e pr\u00e1ticos. Este guia \u00e9\u2026","rel":"","context":"Em &quot;Blog SABRA&quot;","block_context":{"text":"Blog SABRA","link":"https:\/\/www.sabra.org.br\/site\/category\/blog-sabra\/"},"img":{"alt_text":"","src":"","width":0,"height":0},"classes":[]},{"id":15248,"url":"https:\/\/www.sabra.org.br\/site\/exercicios-de-teoria-musical-intervalos\/","url_meta":{"origin":15281,"position":4},"title":"Intervalos","author":"M\u00e1rcio Miranda Pontes","date":"14 de mar\u00e7o de 2026","format":false,"excerpt":"Identifique o intervalo entre as notas. Sendo: A = aumentadoM = maiorm = menorP = justod = diminuto Intervalo musical \u00e9 a dist\u00e2ncia de altura (frequ\u00eancia) entre duas notas, podendo ser mel\u00f3dico (sucessivo) ou harm\u00f4nico (simult\u00e2neo), ascendente ou descendente. Eles s\u00e3o classificados por n\u00fameros (segunda, ter\u00e7a, etc.) baseados na escala\u2026","rel":"","context":"Em &quot;Blog SABRA&quot;","block_context":{"text":"Blog SABRA","link":"https:\/\/www.sabra.org.br\/site\/category\/blog-sabra\/"},"img":{"alt_text":"","src":"","width":0,"height":0},"classes":[]},{"id":15269,"url":"https:\/\/www.sabra.org.br\/site\/construcao-de-intervalos\/","url_meta":{"origin":15281,"position":5},"title":"Constru\u00e7\u00e3o de Intervalos","author":"M\u00e1rcio Miranda Pontes","date":"14 de mar\u00e7o de 2026","format":false,"excerpt":"Acrescente uma nota com as setas para obter o intervalo solicitado.\u00a0Sendo: A = aumentadoM = maiorm = menorP = justod = diminuto Intervalo musical \u00e9 a dist\u00e2ncia de altura (frequ\u00eancia) entre duas notas, podendo ser mel\u00f3dico (sucessivo) ou harm\u00f4nico (simult\u00e2neo), ascendente ou descendente. Eles s\u00e3o classificados por n\u00fameros (segunda, ter\u00e7a,\u2026","rel":"","context":"Em &quot;Blog SABRA&quot;","block_context":{"text":"Blog SABRA","link":"https:\/\/www.sabra.org.br\/site\/category\/blog-sabra\/"},"img":{"alt_text":"","src":"","width":0,"height":0},"classes":[]}],"jetpack_likes_enabled":true,"jetpack_sharing_enabled":true,"_links":{"self":[{"href":"https:\/\/www.sabra.org.br\/site\/wp-json\/wp\/v2\/posts\/15281","targetHints":{"allow":["GET"]}}],"collection":[{"href":"https:\/\/www.sabra.org.br\/site\/wp-json\/wp\/v2\/posts"}],"about":[{"href":"https:\/\/www.sabra.org.br\/site\/wp-json\/wp\/v2\/types\/post"}],"author":[{"embeddable":true,"href":"https:\/\/www.sabra.org.br\/site\/wp-json\/wp\/v2\/users\/39"}],"replies":[{"embeddable":true,"href":"https:\/\/www.sabra.org.br\/site\/wp-json\/wp\/v2\/comments?post=15281"}],"version-history":[{"count":2,"href":"https:\/\/www.sabra.org.br\/site\/wp-json\/wp\/v2\/posts\/15281\/revisions"}],"predecessor-version":[{"id":15283,"href":"https:\/\/www.sabra.org.br\/site\/wp-json\/wp\/v2\/posts\/15281\/revisions\/15283"}],"wp:attachment":[{"href":"https:\/\/www.sabra.org.br\/site\/wp-json\/wp\/v2\/media?parent=15281"}],"wp:term":[{"taxonomy":"category","embeddable":true,"href":"https:\/\/www.sabra.org.br\/site\/wp-json\/wp\/v2\/categories?post=15281"},{"taxonomy":"post_tag","embeddable":true,"href":"https:\/\/www.sabra.org.br\/site\/wp-json\/wp\/v2\/tags?post=15281"}],"curies":[{"name":"wp","href":"https:\/\/api.w.org\/{rel}","templated":true}]}}