{"id":15295,"date":"2026-03-14T20:56:03","date_gmt":"2026-03-14T23:56:03","guid":{"rendered":"https:\/\/www.sabra.org.br\/site\/?p=15295"},"modified":"2026-03-14T20:56:05","modified_gmt":"2026-03-14T23:56:05","slug":"treinamento-auditivo-acordes","status":"publish","type":"post","link":"https:\/\/www.sabra.org.br\/site\/treinamento-auditivo-acordes\/","title":{"rendered":"Treinamento Auditivo &#8211; Acordes"},"content":{"rendered":"\n<p><strong>Ou\u00e7a e identifique os acordes tocados. <\/strong>Sendo:<\/p>\n\n\n\n<p>Major Triad = Tr\u00edade Maior<br>Minor Triad = Tr\u00edade Menor<br>Augmented Triad = Tr\u00edade Aumentada<br>Diminished Triad = Tr\u00edade Diminuta<br>Dominante 7th = S\u00e9tima da Dominante<br>Major 7th = S\u00e9tima Maior<br>Minor 7th = S\u00e9tima Menor<br>Half-diminished 7th = S\u00e9tima meio-diminuta<br>Diminished 7th = S\u00e9tima Diminuta<\/p>\n\n\n\n<iframe src=\"https:\/\/www.musictheory.net\/exercises\/ear-chord\" width=\"600\" height=\"600\" ><\/iframe>\n\n\n\n<p>O treinamento auditivo de notas musicais visa desenvolver a percep\u00e7\u00e3o para identificar alturas (agudo\/grave), intervalos, acordes e melodias, aprimorando a mem\u00f3ria auditiva. Pr\u00e1ticas incluem cantar as notas tocadas (solfejo), identificar notas em instrumentos, usar aplicativos interativos e treinar diariamente (5-10 min) para reconhecer a rela\u00e7\u00e3o entre sons.<\/p>\n\n\n\n<p>Exerc\u00edcios Pr\u00e1ticos para Treinamento Auditivo:<br>Correspond\u00eancia de Notas (Canto): Toque uma nota em um instrumento (viol\u00e3o\/piano) e cante-a na mesma frequ\u00eancia, focando em entoar corretamente.<br>Identifica\u00e7\u00e3o de Altura: Comece diferenciando duas notas (qual \u00e9 mais aguda\/grave) antes de tentar nome\u00e1-las.<br>Reconhecimento de Intervalos: Treine ouvir a dist\u00e2ncia entre duas notas, associando o som \u00e0 sua caracter\u00edstica (ex: ter\u00e7a maior, quinta justa).<br>Solfejo de Escalas: Cante escalas (d\u00f3, r\u00e9, mi, f\u00e1, sol) para internalizar a rela\u00e7\u00e3o entre as notas.<br>Uso de Aplicativos\/Softwares: Utilize ferramentas online para praticar a identifica\u00e7\u00e3o de notas com feedback imediato.<\/p>\n\n\n\n<p>Dicas de Estudos:<br>Pr\u00e1tica Di\u00e1ria: Dedique de 5 a 10 minutos di\u00e1rios para manter o ouvido ativo.<br>Compartilhe Progresso: Compartilhar resultados ajuda na motiva\u00e7\u00e3o.<br>Use um Referencial: Utilize o mesmo instrumento para familiarizar-se com o timbre.<\/p>\n\n\n\n<p>O treinamento \u00e9 um processo de m\u00e9dio\/longo prazo que melhora a capacidade de tirar m\u00fasicas de ouvido e compreender a harmonia.<\/p>\n\n\n\n<hr class=\"wp-block-separator has-alpha-channel-opacity\"\/>\n\n\n\n<h2 class=\"wp-block-heading\">Se voc\u00ea gostou deste post:<\/h2>\n\n\n\n<ul class=\"wp-block-list\">\n<li>SIGA as nossas p\u00e1ginas nas redes sociais para acompanhar as nossas atualiza\u00e7\u00f5es: estamos no <a href=\"https:\/\/www.facebook.com\/sabrabrasil\" target=\"_blank\" rel=\"noreferrer noopener\">Facebook<\/a>, no <a href=\"https:\/\/www.instagram.com\/sabrabrasil\/\" target=\"_blank\" rel=\"noreferrer noopener\">Instagram<\/a>, no <a href=\"https:\/\/www.linkedin.com\/company\/25002088\" target=\"_blank\" rel=\"noreferrer noopener\">LinkedIn<\/a>, no <a href=\"https:\/\/x.com\/ContatoSabra\" target=\"_blank\" rel=\"noreferrer noopener\">X<\/a> e no <a href=\"https:\/\/www.youtube.com\/channel\/UCJw-kbuEvzUNdeQf20Pa-eQ\" target=\"_blank\" rel=\"noreferrer noopener\">YouTube<\/a>!<\/li>\n\n\n\n<li>CONHE\u00c7A o trabalho da Sociedade Art\u00edstica Brasileira (SABRA) e todas as iniciativas culturais e sociais que ela mant\u00e9m. <a href=\"https:\/\/www.sabra.org.br\/site\/acoes\/\" target=\"_blank\" rel=\"noreferrer noopener\">Acesse nosso site!<\/a><\/li>\n\n\n\n<li>ENTRE EM CONTATO com a gente. E veja quais s\u00e3o as op\u00e7\u00f5es de ajuda na manuten\u00e7\u00e3o de nossas a\u00e7\u00f5es sociais e culturais. Basta acessar nossa p\u00e1gina <a href=\"https:\/\/www.sabra.org.br\/site\/doe-agora\/\" target=\"_blank\" rel=\"noreferrer noopener\">Doe Agora!<\/a><\/li>\n\n\n\n<li>COMPARTILHE este texto nas suas redes sociais e ajude os seus amigos a tamb\u00e9m dominarem o assunto!<\/li>\n<\/ul>\n\n\n\n<p>\u2013 Os projetos da @sabrabrasil s\u00e3o realizados com o patroci\u0301nio m\u00e1ster: @institutounimedbh, viabilizado pelo incentivo de mais de 5,9 mil m\u00e9dicos cooperados e colaboradores via Lei de Incentivo \u00e0 Cultura &#8211; @culturagovbr, @minc<\/p>\n","protected":false},"excerpt":{"rendered":"<p>Ou\u00e7a e identifique os acordes tocados. Sendo: Major Triad = Tr\u00edade MaiorMinor Triad = Tr\u00edade MenorAugmented Triad = Tr\u00edade AumentadaDiminished Triad = Tr\u00edade DiminutaDominante 7th&hellip;<\/p>\n","protected":false},"author":39,"featured_media":0,"comment_status":"open","ping_status":"open","sticky":false,"template":"","format":"standard","meta":{"jetpack_post_was_ever_published":false,"_jetpack_newsletter_access":"","_jetpack_dont_email_post_to_subs":true,"_jetpack_newsletter_tier_id":0,"_jetpack_memberships_contains_paywalled_content":false,"_jetpack_memberships_contains_paid_content":false,"footnotes":""},"categories":[1],"tags":[],"class_list":["post-15295","post","type-post","status-publish","format-standard","hentry","category-blog-sabra"],"yoast_head":"<!-- This site is optimized with the Yoast SEO plugin v27.5 - https:\/\/yoast.com\/product\/yoast-seo-wordpress\/ -->\n<title>Treinamento Auditivo - Acordes - SABRA - Sociedade Art\u00edstica Brasileira<\/title>\n<meta name=\"robots\" content=\"index, follow, max-snippet:-1, max-image-preview:large, max-video-preview:-1\" \/>\n<link rel=\"canonical\" href=\"https:\/\/www.sabra.org.br\/site\/treinamento-auditivo-acordes\/\" \/>\n<meta property=\"og:locale\" content=\"pt_BR\" \/>\n<meta property=\"og:type\" content=\"article\" \/>\n<meta property=\"og:title\" content=\"Treinamento Auditivo - Acordes - SABRA - Sociedade Art\u00edstica Brasileira\" \/>\n<meta property=\"og:description\" content=\"Ou\u00e7a e identifique os acordes tocados. Sendo: Major Triad = Tr\u00edade MaiorMinor Triad = Tr\u00edade MenorAugmented Triad = Tr\u00edade AumentadaDiminished Triad = Tr\u00edade DiminutaDominante 7th&hellip;\" \/>\n<meta property=\"og:url\" content=\"https:\/\/www.sabra.org.br\/site\/treinamento-auditivo-acordes\/\" \/>\n<meta property=\"og:site_name\" content=\"SABRA - Sociedade Art\u00edstica Brasileira\" \/>\n<meta property=\"article:publisher\" content=\"https:\/\/www.facebook.com\/sabrabrasil\" \/>\n<meta property=\"article:published_time\" content=\"2026-03-14T23:56:03+00:00\" \/>\n<meta property=\"article:modified_time\" content=\"2026-03-14T23:56:05+00:00\" \/>\n<meta property=\"og:image\" content=\"https:\/\/www.sabra.org.br\/site\/wp-content\/uploads\/2021\/12\/AvatarSabra1.jpg\" \/>\n\t<meta property=\"og:image:width\" content=\"200\" \/>\n\t<meta property=\"og:image:height\" content=\"200\" \/>\n\t<meta property=\"og:image:type\" content=\"image\/jpeg\" \/>\n<meta name=\"author\" content=\"M\u00e1rcio Miranda Pontes\" \/>\n<meta name=\"twitter:card\" content=\"summary_large_image\" \/>\n<meta name=\"twitter:creator\" content=\"@ContatoSabra\" \/>\n<meta name=\"twitter:site\" content=\"@ContatoSabra\" \/>\n<meta name=\"twitter:label1\" content=\"Escrito por\" \/>\n\t<meta name=\"twitter:data1\" content=\"M\u00e1rcio Miranda Pontes\" \/>\n\t<meta name=\"twitter:label2\" content=\"Est. tempo de leitura\" \/>\n\t<meta name=\"twitter:data2\" content=\"3 minutos\" \/>\n<script type=\"application\/ld+json\" class=\"yoast-schema-graph\">{\"@context\":\"https:\\\/\\\/schema.org\",\"@graph\":[{\"@type\":\"Article\",\"@id\":\"https:\\\/\\\/www.sabra.org.br\\\/site\\\/treinamento-auditivo-acordes\\\/#article\",\"isPartOf\":{\"@id\":\"https:\\\/\\\/www.sabra.org.br\\\/site\\\/treinamento-auditivo-acordes\\\/\"},\"author\":{\"name\":\"M\u00e1rcio Miranda Pontes\",\"@id\":\"https:\\\/\\\/www.sabra.org.br\\\/site\\\/#\\\/schema\\\/person\\\/7d1d222c3c8891d4c37c7b41bf6315c2\"},\"headline\":\"Treinamento Auditivo &#8211; Acordes\",\"datePublished\":\"2026-03-14T23:56:03+00:00\",\"dateModified\":\"2026-03-14T23:56:05+00:00\",\"mainEntityOfPage\":{\"@id\":\"https:\\\/\\\/www.sabra.org.br\\\/site\\\/treinamento-auditivo-acordes\\\/\"},\"wordCount\":409,\"commentCount\":0,\"publisher\":{\"@id\":\"https:\\\/\\\/www.sabra.org.br\\\/site\\\/#organization\"},\"articleSection\":[\"Blog SABRA\"],\"inLanguage\":\"pt-BR\",\"potentialAction\":[{\"@type\":\"CommentAction\",\"name\":\"Comment\",\"target\":[\"https:\\\/\\\/www.sabra.org.br\\\/site\\\/treinamento-auditivo-acordes\\\/#respond\"]}]},{\"@type\":\"WebPage\",\"@id\":\"https:\\\/\\\/www.sabra.org.br\\\/site\\\/treinamento-auditivo-acordes\\\/\",\"url\":\"https:\\\/\\\/www.sabra.org.br\\\/site\\\/treinamento-auditivo-acordes\\\/\",\"name\":\"Treinamento Auditivo - Acordes - SABRA - Sociedade Art\u00edstica Brasileira\",\"isPartOf\":{\"@id\":\"https:\\\/\\\/www.sabra.org.br\\\/site\\\/#website\"},\"datePublished\":\"2026-03-14T23:56:03+00:00\",\"dateModified\":\"2026-03-14T23:56:05+00:00\",\"breadcrumb\":{\"@id\":\"https:\\\/\\\/www.sabra.org.br\\\/site\\\/treinamento-auditivo-acordes\\\/#breadcrumb\"},\"inLanguage\":\"pt-BR\",\"potentialAction\":[{\"@type\":\"ReadAction\",\"target\":[\"https:\\\/\\\/www.sabra.org.br\\\/site\\\/treinamento-auditivo-acordes\\\/\"]}]},{\"@type\":\"BreadcrumbList\",\"@id\":\"https:\\\/\\\/www.sabra.org.br\\\/site\\\/treinamento-auditivo-acordes\\\/#breadcrumb\",\"itemListElement\":[{\"@type\":\"ListItem\",\"position\":1,\"name\":\"In\u00edcio\",\"item\":\"https:\\\/\\\/www.sabra.org.br\\\/site\\\/\"},{\"@type\":\"ListItem\",\"position\":2,\"name\":\"Treinamento Auditivo &#8211; Acordes\"}]},{\"@type\":\"WebSite\",\"@id\":\"https:\\\/\\\/www.sabra.org.br\\\/site\\\/#website\",\"url\":\"https:\\\/\\\/www.sabra.org.br\\\/site\\\/\",\"name\":\"SABRA - Sociedade Art\u00edstica Brasileira\",\"description\":\"Escola de M\u00fasica, Orquestra Sinf\u00f4nica, Coral e Patrim\u00f4nio Cultural e Hist\u00f3rico\",\"publisher\":{\"@id\":\"https:\\\/\\\/www.sabra.org.br\\\/site\\\/#organization\"},\"potentialAction\":[{\"@type\":\"SearchAction\",\"target\":{\"@type\":\"EntryPoint\",\"urlTemplate\":\"https:\\\/\\\/www.sabra.org.br\\\/site\\\/?s={search_term_string}\"},\"query-input\":{\"@type\":\"PropertyValueSpecification\",\"valueRequired\":true,\"valueName\":\"search_term_string\"}}],\"inLanguage\":\"pt-BR\"},{\"@type\":\"Organization\",\"@id\":\"https:\\\/\\\/www.sabra.org.br\\\/site\\\/#organization\",\"name\":\"SOCIEDADE ART\u00cdSTICA BRASILEIRA SABRA\",\"alternateName\":\"SABRA\",\"url\":\"https:\\\/\\\/www.sabra.org.br\\\/site\\\/\",\"logo\":{\"@type\":\"ImageObject\",\"inLanguage\":\"pt-BR\",\"@id\":\"https:\\\/\\\/www.sabra.org.br\\\/site\\\/#\\\/schema\\\/logo\\\/image\\\/\",\"url\":\"https:\\\/\\\/www.sabra.org.br\\\/site\\\/wp-content\\\/uploads\\\/2019\\\/06\\\/cropped-Logo_SABRA-Copia-1.webp\",\"contentUrl\":\"https:\\\/\\\/www.sabra.org.br\\\/site\\\/wp-content\\\/uploads\\\/2019\\\/06\\\/cropped-Logo_SABRA-Copia-1.webp\",\"width\":400,\"height\":128,\"caption\":\"SOCIEDADE ART\u00cdSTICA BRASILEIRA SABRA\"},\"image\":{\"@id\":\"https:\\\/\\\/www.sabra.org.br\\\/site\\\/#\\\/schema\\\/logo\\\/image\\\/\"},\"sameAs\":[\"https:\\\/\\\/www.facebook.com\\\/sabrabrasil\",\"https:\\\/\\\/x.com\\\/ContatoSabra\",\"https:\\\/\\\/www.instagram.com\\\/sabrabrasil\\\/\",\"https:\\\/\\\/www.linkedin.com\\\/company\\\/25002088\\\/\",\"https:\\\/\\\/br.pinterest.com\\\/sociedadeartisticabrasileira\\\/\",\"https:\\\/\\\/www.youtube.com\\\/c\\\/sabrabrasil\"]},{\"@type\":\"Person\",\"@id\":\"https:\\\/\\\/www.sabra.org.br\\\/site\\\/#\\\/schema\\\/person\\\/7d1d222c3c8891d4c37c7b41bf6315c2\",\"name\":\"M\u00e1rcio Miranda Pontes\",\"image\":{\"@type\":\"ImageObject\",\"inLanguage\":\"pt-BR\",\"@id\":\"https:\\\/\\\/secure.gravatar.com\\\/avatar\\\/3b45f24496a7625a3a6c436688fbe20344faaeb2979658dc4a9921f984d7df9a?s=96&d=mm&r=g\",\"url\":\"https:\\\/\\\/secure.gravatar.com\\\/avatar\\\/3b45f24496a7625a3a6c436688fbe20344faaeb2979658dc4a9921f984d7df9a?s=96&d=mm&r=g\",\"contentUrl\":\"https:\\\/\\\/secure.gravatar.com\\\/avatar\\\/3b45f24496a7625a3a6c436688fbe20344faaeb2979658dc4a9921f984d7df9a?s=96&d=mm&r=g\",\"caption\":\"M\u00e1rcio Miranda Pontes\"},\"sameAs\":[\"http:\\\/\\\/www.sabra.org.br\"],\"url\":\"https:\\\/\\\/www.sabra.org.br\\\/site\\\/author\\\/marcio-miranda-pontes\\\/\"}]}<\/script>\n<!-- \/ Yoast SEO plugin. -->","yoast_head_json":{"title":"Treinamento Auditivo - Acordes - SABRA - Sociedade Art\u00edstica Brasileira","robots":{"index":"index","follow":"follow","max-snippet":"max-snippet:-1","max-image-preview":"max-image-preview:large","max-video-preview":"max-video-preview:-1"},"canonical":"https:\/\/www.sabra.org.br\/site\/treinamento-auditivo-acordes\/","og_locale":"pt_BR","og_type":"article","og_title":"Treinamento Auditivo - Acordes - SABRA - Sociedade Art\u00edstica Brasileira","og_description":"Ou\u00e7a e identifique os acordes tocados. Sendo: Major Triad = Tr\u00edade MaiorMinor Triad = Tr\u00edade MenorAugmented Triad = Tr\u00edade AumentadaDiminished Triad = Tr\u00edade DiminutaDominante 7th&hellip;","og_url":"https:\/\/www.sabra.org.br\/site\/treinamento-auditivo-acordes\/","og_site_name":"SABRA - Sociedade Art\u00edstica Brasileira","article_publisher":"https:\/\/www.facebook.com\/sabrabrasil","article_published_time":"2026-03-14T23:56:03+00:00","article_modified_time":"2026-03-14T23:56:05+00:00","og_image":[{"width":200,"height":200,"url":"https:\/\/www.sabra.org.br\/site\/wp-content\/uploads\/2021\/12\/AvatarSabra1.jpg","type":"image\/jpeg"}],"author":"M\u00e1rcio Miranda Pontes","twitter_card":"summary_large_image","twitter_creator":"@ContatoSabra","twitter_site":"@ContatoSabra","twitter_misc":{"Escrito por":"M\u00e1rcio Miranda Pontes","Est. tempo de leitura":"3 minutos"},"schema":{"@context":"https:\/\/schema.org","@graph":[{"@type":"Article","@id":"https:\/\/www.sabra.org.br\/site\/treinamento-auditivo-acordes\/#article","isPartOf":{"@id":"https:\/\/www.sabra.org.br\/site\/treinamento-auditivo-acordes\/"},"author":{"name":"M\u00e1rcio Miranda Pontes","@id":"https:\/\/www.sabra.org.br\/site\/#\/schema\/person\/7d1d222c3c8891d4c37c7b41bf6315c2"},"headline":"Treinamento Auditivo &#8211; Acordes","datePublished":"2026-03-14T23:56:03+00:00","dateModified":"2026-03-14T23:56:05+00:00","mainEntityOfPage":{"@id":"https:\/\/www.sabra.org.br\/site\/treinamento-auditivo-acordes\/"},"wordCount":409,"commentCount":0,"publisher":{"@id":"https:\/\/www.sabra.org.br\/site\/#organization"},"articleSection":["Blog SABRA"],"inLanguage":"pt-BR","potentialAction":[{"@type":"CommentAction","name":"Comment","target":["https:\/\/www.sabra.org.br\/site\/treinamento-auditivo-acordes\/#respond"]}]},{"@type":"WebPage","@id":"https:\/\/www.sabra.org.br\/site\/treinamento-auditivo-acordes\/","url":"https:\/\/www.sabra.org.br\/site\/treinamento-auditivo-acordes\/","name":"Treinamento Auditivo - Acordes - SABRA - Sociedade Art\u00edstica Brasileira","isPartOf":{"@id":"https:\/\/www.sabra.org.br\/site\/#website"},"datePublished":"2026-03-14T23:56:03+00:00","dateModified":"2026-03-14T23:56:05+00:00","breadcrumb":{"@id":"https:\/\/www.sabra.org.br\/site\/treinamento-auditivo-acordes\/#breadcrumb"},"inLanguage":"pt-BR","potentialAction":[{"@type":"ReadAction","target":["https:\/\/www.sabra.org.br\/site\/treinamento-auditivo-acordes\/"]}]},{"@type":"BreadcrumbList","@id":"https:\/\/www.sabra.org.br\/site\/treinamento-auditivo-acordes\/#breadcrumb","itemListElement":[{"@type":"ListItem","position":1,"name":"In\u00edcio","item":"https:\/\/www.sabra.org.br\/site\/"},{"@type":"ListItem","position":2,"name":"Treinamento Auditivo &#8211; Acordes"}]},{"@type":"WebSite","@id":"https:\/\/www.sabra.org.br\/site\/#website","url":"https:\/\/www.sabra.org.br\/site\/","name":"SABRA - Sociedade Art\u00edstica Brasileira","description":"Escola de M\u00fasica, Orquestra Sinf\u00f4nica, Coral e Patrim\u00f4nio Cultural e Hist\u00f3rico","publisher":{"@id":"https:\/\/www.sabra.org.br\/site\/#organization"},"potentialAction":[{"@type":"SearchAction","target":{"@type":"EntryPoint","urlTemplate":"https:\/\/www.sabra.org.br\/site\/?s={search_term_string}"},"query-input":{"@type":"PropertyValueSpecification","valueRequired":true,"valueName":"search_term_string"}}],"inLanguage":"pt-BR"},{"@type":"Organization","@id":"https:\/\/www.sabra.org.br\/site\/#organization","name":"SOCIEDADE ART\u00cdSTICA BRASILEIRA SABRA","alternateName":"SABRA","url":"https:\/\/www.sabra.org.br\/site\/","logo":{"@type":"ImageObject","inLanguage":"pt-BR","@id":"https:\/\/www.sabra.org.br\/site\/#\/schema\/logo\/image\/","url":"https:\/\/www.sabra.org.br\/site\/wp-content\/uploads\/2019\/06\/cropped-Logo_SABRA-Copia-1.webp","contentUrl":"https:\/\/www.sabra.org.br\/site\/wp-content\/uploads\/2019\/06\/cropped-Logo_SABRA-Copia-1.webp","width":400,"height":128,"caption":"SOCIEDADE ART\u00cdSTICA BRASILEIRA SABRA"},"image":{"@id":"https:\/\/www.sabra.org.br\/site\/#\/schema\/logo\/image\/"},"sameAs":["https:\/\/www.facebook.com\/sabrabrasil","https:\/\/x.com\/ContatoSabra","https:\/\/www.instagram.com\/sabrabrasil\/","https:\/\/www.linkedin.com\/company\/25002088\/","https:\/\/br.pinterest.com\/sociedadeartisticabrasileira\/","https:\/\/www.youtube.com\/c\/sabrabrasil"]},{"@type":"Person","@id":"https:\/\/www.sabra.org.br\/site\/#\/schema\/person\/7d1d222c3c8891d4c37c7b41bf6315c2","name":"M\u00e1rcio Miranda Pontes","image":{"@type":"ImageObject","inLanguage":"pt-BR","@id":"https:\/\/secure.gravatar.com\/avatar\/3b45f24496a7625a3a6c436688fbe20344faaeb2979658dc4a9921f984d7df9a?s=96&d=mm&r=g","url":"https:\/\/secure.gravatar.com\/avatar\/3b45f24496a7625a3a6c436688fbe20344faaeb2979658dc4a9921f984d7df9a?s=96&d=mm&r=g","contentUrl":"https:\/\/secure.gravatar.com\/avatar\/3b45f24496a7625a3a6c436688fbe20344faaeb2979658dc4a9921f984d7df9a?s=96&d=mm&r=g","caption":"M\u00e1rcio Miranda Pontes"},"sameAs":["http:\/\/www.sabra.org.br"],"url":"https:\/\/www.sabra.org.br\/site\/author\/marcio-miranda-pontes\/"}]}},"jetpack_featured_media_url":"","jetpack_shortlink":"https:\/\/wp.me\/p95j2Z-3YH","jetpack-related-posts":[{"id":15253,"url":"https:\/\/www.sabra.org.br\/site\/exercicios-de-teoria-musical-acordes\/","url_meta":{"origin":15295,"position":0},"title":"Acordes","author":"M\u00e1rcio Miranda Pontes","date":"14 de mar\u00e7o de 2026","format":false,"excerpt":"Identifique o acorde. Sendo: Major Triad = Tr\u00edade MaiorMinor Triad = Tr\u00edade MenorAugmented Triad = Tr\u00edade AumentadaDiminished Triad = Tr\u00edade DiminutaDominante 7th = S\u00e9tima da DominanteMajor 7th = S\u00e9tima MaiorMinor 7th = S\u00e9tima MenorHalf-diminished 7th = S\u00e9tima meio-diminutaDiminished 7th = S\u00e9tima Diminuta Um acorde musical \u00e9 a combina\u00e7\u00e3o de tr\u00eas\u2026","rel":"","context":"Em &quot;Blog SABRA&quot;","block_context":{"text":"Blog SABRA","link":"https:\/\/www.sabra.org.br\/site\/category\/blog-sabra\/"},"img":{"alt_text":"","src":"","width":0,"height":0},"classes":[]},{"id":15284,"url":"https:\/\/www.sabra.org.br\/site\/acordes-no-piano\/","url_meta":{"origin":15295,"position":1},"title":"Acordes no Piano","author":"M\u00e1rcio Miranda Pontes","date":"14 de mar\u00e7o de 2026","format":false,"excerpt":"Identifique o acorde indicado pelas teclas coloridas. Sendo: Major Triad = Tr\u00edade MaiorMinor Triad = Tr\u00edade MenorAugmented Triad = Tr\u00edade AumentadaDiminished Triad = Tr\u00edade DiminutaDominante 7th = S\u00e9tima da DominanteMajor 7th = S\u00e9tima MaiorMinor 7th = S\u00e9tima MenorHalf-diminished 7th = S\u00e9tima meio-diminutaDiminished 7th = S\u00e9tima Diminuta Um acorde musical \u00e9\u2026","rel":"","context":"Em &quot;Blog SABRA&quot;","block_context":{"text":"Blog SABRA","link":"https:\/\/www.sabra.org.br\/site\/category\/blog-sabra\/"},"img":{"alt_text":"","src":"","width":0,"height":0},"classes":[]},{"id":15273,"url":"https:\/\/www.sabra.org.br\/site\/construcao-de-acordes\/","url_meta":{"origin":15295,"position":2},"title":"Constru\u00e7\u00e3o de Acordes","author":"M\u00e1rcio Miranda Pontes","date":"14 de mar\u00e7o de 2026","format":false,"excerpt":"Construa o acorde solicitado escolhendo e alterando as notas adequadas.\u00a0Sendo: Major Triad = Tr\u00edade MaiorMinor Triad = Tr\u00edade MenorAugmented Triad = Tr\u00edade AumentadaDiminished Triad = Tr\u00edade DiminutaDominante 7th = S\u00e9tima da DominanteMajor 7th = S\u00e9tima MaiorMinor 7th = S\u00e9tima MenorHalf-diminished 7th = S\u00e9tima meio-diminutaDiminished 7th = S\u00e9tima Diminuta Um acorde\u2026","rel":"","context":"Em &quot;Blog SABRA&quot;","block_context":{"text":"Blog SABRA","link":"https:\/\/www.sabra.org.br\/site\/category\/blog-sabra\/"},"img":{"alt_text":"","src":"","width":0,"height":0},"classes":[]},{"id":13105,"url":"https:\/\/www.sabra.org.br\/site\/tetrades-o-que-sao-e-como-montar\/","url_meta":{"origin":15295,"position":3},"title":"T\u00e9trades: o que s\u00e3o e como montar?","author":"","date":"22 de agosto de 2025","format":false,"excerpt":"As t\u00e9trades s\u00e3o um conceito fundamental na teoria musical e desempenham um papel crucial na harmonia e na composi\u00e7\u00e3o. Entender o que s\u00e3o e como montar essas estruturas pode transformar a maneira como voc\u00ea percebe e cria m\u00fasica. Neste texto, vamos explorar em detalhes o que s\u00e3o t\u00e9trades, sua import\u00e2ncia\u2026","rel":"","context":"Em &quot;Blog SABRA&quot;","block_context":{"text":"Blog SABRA","link":"https:\/\/www.sabra.org.br\/site\/category\/blog-sabra\/"},"img":{"alt_text":"","src":"","width":0,"height":0},"classes":[]},{"id":15291,"url":"https:\/\/www.sabra.org.br\/site\/treinamento-auditivo-intervalos-2\/","url_meta":{"origin":15295,"position":4},"title":"Treinamento Auditivo &#8211; Intervalos 2","author":"M\u00e1rcio Miranda Pontes","date":"14 de mar\u00e7o de 2026","format":false,"excerpt":"Ou\u00e7a e identifique o intervalo tocado. Sendo: Unison = Un\u00edssonoMinor 2nd = Segunda menorMajor 2nd = Segunda maiorMinor 3rd = Ter\u00e7a menorMajor 3rd = Ter\u00e7a maiorPerfect rth = Quarta JustaTritone = Tr\u00edtonoPerfect 5th = Quinta JustaMinor 6th = Sexta menorMajor 6th = Sexta maiorMinor 7th = S\u00e9tima MenorMajor 7th =\u2026","rel":"","context":"Em &quot;Blog SABRA&quot;","block_context":{"text":"Blog SABRA","link":"https:\/\/www.sabra.org.br\/site\/category\/blog-sabra\/"},"img":{"alt_text":"","src":"","width":0,"height":0},"classes":[]},{"id":13106,"url":"https:\/\/www.sabra.org.br\/site\/qual-a-forma-correta-de-segurar-um-violao\/","url_meta":{"origin":15295,"position":5},"title":"Qual a forma correta de segurar um viol\u00e3o?","author":"","date":"22 de agosto de 2025","format":false,"excerpt":"A pr\u00e1tica de tocar viol\u00e3o \u00e9 uma arte que requer tanto habilidade quanto conhecimento t\u00e9cnico. Uma das bases essenciais para qualquer violonista \u00e9 saber segurar o instrumento corretamente. A postura e a posi\u00e7\u00e3o das m\u00e3os desempenham um papel crucial na execu\u00e7\u00e3o de acordes, melodia e harmonia. Neste contexto, surge a\u2026","rel":"","context":"Em &quot;Blog SABRA&quot;","block_context":{"text":"Blog SABRA","link":"https:\/\/www.sabra.org.br\/site\/category\/blog-sabra\/"},"img":{"alt_text":"","src":"","width":0,"height":0},"classes":[]}],"jetpack_likes_enabled":true,"jetpack_sharing_enabled":true,"_links":{"self":[{"href":"https:\/\/www.sabra.org.br\/site\/wp-json\/wp\/v2\/posts\/15295","targetHints":{"allow":["GET"]}}],"collection":[{"href":"https:\/\/www.sabra.org.br\/site\/wp-json\/wp\/v2\/posts"}],"about":[{"href":"https:\/\/www.sabra.org.br\/site\/wp-json\/wp\/v2\/types\/post"}],"author":[{"embeddable":true,"href":"https:\/\/www.sabra.org.br\/site\/wp-json\/wp\/v2\/users\/39"}],"replies":[{"embeddable":true,"href":"https:\/\/www.sabra.org.br\/site\/wp-json\/wp\/v2\/comments?post=15295"}],"version-history":[{"count":1,"href":"https:\/\/www.sabra.org.br\/site\/wp-json\/wp\/v2\/posts\/15295\/revisions"}],"predecessor-version":[{"id":15296,"href":"https:\/\/www.sabra.org.br\/site\/wp-json\/wp\/v2\/posts\/15295\/revisions\/15296"}],"wp:attachment":[{"href":"https:\/\/www.sabra.org.br\/site\/wp-json\/wp\/v2\/media?parent=15295"}],"wp:term":[{"taxonomy":"category","embeddable":true,"href":"https:\/\/www.sabra.org.br\/site\/wp-json\/wp\/v2\/categories?post=15295"},{"taxonomy":"post_tag","embeddable":true,"href":"https:\/\/www.sabra.org.br\/site\/wp-json\/wp\/v2\/tags?post=15295"}],"curies":[{"name":"wp","href":"https:\/\/api.w.org\/{rel}","templated":true}]}}