{"id":15412,"date":"2026-04-16T17:33:54","date_gmt":"2026-04-16T20:33:54","guid":{"rendered":"https:\/\/www.sabra.org.br\/site\/?p=15412"},"modified":"2026-07-23T16:41:05","modified_gmt":"2026-07-23T19:41:05","slug":"guia-do-voluntario-de-comunicacao-digital","status":"publish","type":"post","link":"https:\/\/www.sabra.org.br\/site\/guia-do-voluntario-de-comunicacao-digital\/","title":{"rendered":"Guia do Volunt\u00e1rio de Comunica\u00e7\u00e3o Digital"},"content":{"rendered":"\t\t<div data-elementor-type=\"wp-post\" data-elementor-id=\"15412\" class=\"elementor elementor-15412\">\n\t\t\t\t<div class=\"elementor-element elementor-element-1bc070b1 e-flex e-con-boxed e-con e-parent\" data-id=\"1bc070b1\" data-element_type=\"container\" data-e-type=\"container\">\n\t\t\t\t\t<div class=\"e-con-inner\">\n\t\t\t\t<div class=\"elementor-element elementor-element-24601e5a elementor-widget elementor-widget-text-editor\" data-id=\"24601e5a\" data-element_type=\"widget\" data-e-type=\"widget\" data-widget_type=\"text-editor.default\">\n\t\t\t\t\t\t\t\t\t<!DOCTYPE html>\n<html lang=\"pt-BR\">\n<head>\n    <meta charset=\"UTF-8\">\n    <meta name=\"viewport\" content=\"width=device-width, initial-scale=1.0, maximum-scale=1.0, user-scalable=yes\">\n    <title>SABRA &#8211; Guia do Volunt\u00e1rio de Comunica\u00e7\u00e3o Digital<\/title>\n    <style>\n        * {\n            margin: 0;\n            padding: 0;\n            box-sizing: border-box;\n        }\n\n        body {\n            font-family: 'Segoe UI', Roboto, 'Helvetica Neue', sans-serif;\n            background-color: #f5f2eb;\n            color: #2c2b28;\n            line-height: 1.6;\n        }\n\n        .guia-container {\n            max-width: 1100px;\n            margin: 0 auto;\n            padding: 2rem 1.5rem;\n        }\n\n        \/* cabe\u00e7alho *\/\n        .guia-header {\n            text-align: center;\n            margin-bottom: 2rem;\n        }\n\n        .guia-logo {\n            font-size: 1.8rem;\n            font-weight: 700;\n            letter-spacing: -0.5px;\n            color: #1a4d2e;\n            margin-bottom: 0.5rem;\n        }\n\n        .guia-logo span {\n            font-weight: 300;\n            color: #3a6b47;\n        }\n\n        .guia-tagline {\n            font-size: 1rem;\n            color: #5e5b55;\n            border-top: 1px solid #ddd6cb;\n            border-bottom: 1px solid #ddd6cb;\n            display: inline-block;\n            padding: 0.4rem 1rem;\n            margin-top: 0.5rem;\n        }\n\n        .guia-sub {\n            text-align: center;\n            margin-top: 0.8rem;\n            font-size: 0.95rem;\n            color: #1a4d2e;\n        }\n\n        \/* cards de se\u00e7\u00e3o *\/\n        .guia-card {\n            background: white;\n            border-radius: 28px;\n            padding: 1.8rem;\n            margin-bottom: 2rem;\n            box-shadow: 0 6px 14px rgba(0, 0, 0, 0.03);\n            scroll-margin-top: 20px;\n        }\n\n        .guia-card h2 {\n            font-size: 1.7rem;\n            color: #1a4d2e;\n            border-left: 5px solid #1a4d2e;\n            padding-left: 1rem;\n            margin-bottom: 1.2rem;\n        }\n\n        .guia-card h3 {\n            font-size: 1.3rem;\n            color: #1a4d2e;\n            margin: 1.2rem 0 0.6rem 0;\n        }\n\n        .guia-card p {\n            margin-bottom: 0.8rem;\n        }\n\n        .guia-destaque {\n            background: #fefaf5;\n            padding: 1rem;\n            border-left: 6px solid #1a4d2e;\n            border-radius: 16px;\n            margin: 1rem 0;\n        }\n\n        .guia-list {\n            margin-left: 1.5rem;\n            margin-bottom: 1rem;\n        }\n\n        .guia-list li {\n            margin-bottom: 0.4rem;\n        }\n\n        .guia-check {\n            list-style: none;\n            margin-left: 0;\n        }\n        .guia-check li::before {\n            content: \"\u2705 \";\n        }\n\n        \/* tabela cronograma *\/\n        .guia-tabela {\n            overflow-x: auto;\n            margin: 1.2rem 0;\n            border-radius: 16px;\n            border: 1px solid #d4cbbc;\n        }\n        table {\n            width: 100%;\n            border-collapse: collapse;\n            background: white;\n        }\n        th {\n            background: #1a4d2e;\n            color: white;\n            padding: 10px 12px;\n            text-align: left;\n            font-weight: 600;\n        }\n        td {\n            padding: 10px 12px;\n            border-bottom: 1px solid #e0d8cc;\n        }\n        tr:last-child td {\n            border-bottom: none;\n        }\n\n        \/* badges redes sociais *\/\n        .guia-social-links {\n            display: flex;\n            flex-wrap: wrap;\n            gap: 1rem;\n            justify-content: center;\n            margin: 1.2rem 0;\n        }\n        .guia-social-link {\n            background: #e8efe4;\n            border-radius: 40px;\n            padding: 0.4rem 1.2rem;\n            text-decoration: none;\n            font-weight: 500;\n            color: #1a4d2e;\n            display: inline-flex;\n            align-items: center;\n            gap: 0.5rem;\n            transition: 0.2s;\n        }\n        .guia-social-link:hover {\n            background: #d4dfc8;\n        }\n\n        .guia-btn {\n            display: inline-block;\n            background: #1a4d2e;\n            color: white;\n            padding: 0.6rem 1.5rem;\n            border-radius: 40px;\n            text-decoration: none;\n            font-weight: 500;\n            margin-top: 0.5rem;\n            transition: 0.2s;\n        }\n        .guia-btn:hover {\n            background: #0e3620;\n        }\n\n        .guia-footer {\n            text-align: center;\n            font-size: 0.8rem;\n            color: #6f6b64;\n            margin-top: 2rem;\n            padding-top: 1.2rem;\n            border-top: 1px solid #ddd6cb;\n        }\n\n        @media print {\n            body {\n                background-color: white;\n            }\n            .guia-container {\n                padding: 0.5rem;\n            }\n            .guia-card {\n                box-shadow: none;\n                border: 1px solid #ddd;\n                page-break-inside: avoid;\n            }\n            .guia-btn {\n                display: none;\n            }\n        }\n\n        @media (max-width: 700px) {\n            .guia-container {\n                padding: 1rem;\n            }\n            .guia-card h2 {\n                font-size: 1.4rem;\n            }\n        }\n    <\/style>\n<\/head>\n<body>\n\n<div class=\"guia-container\">\n\n    <!-- CABE\u00c7ALHO -->\n    <div class=\"guia-header\">\n        <div class=\"guia-logo\">SABRA <span>\u00b7 Sociedade Art\u00edstica Brasileira<\/span><\/div>\n        <div class=\"guia-tagline\">Guia do Volunt\u00e1rio de Comunica\u00e7\u00e3o Digital<\/div>\n        <div class=\"guia-sub\">Boas vindas! Sua ajuda \u00e9 essencial para que a SABRA alcance mais pessoas e compartilhe o impacto da m\u00fasica gratuita e inclusiva.<\/div>\n    <\/div>\n\n    <!-- REDES SOCIAIS (destaque) -->\n    <div style=\"text-align: center; margin-bottom: 1.8rem;\">\n        <p><strong>Acesse, inscreva-se e siga a SABRA nas redes:<\/strong><\/p>\n        <div class=\"guia-social-links\">\n            <a href=\"https:\/\/www.instagram.com\/sabrabrasil\/\" target=\"_blank\" class=\"guia-social-link\" rel=\"noopener\">\ud83d\udcf7 Instagram @sabrabrasil<\/a>\n            <a href=\"https:\/\/web.facebook.com\/sabrabrasil\/\" target=\"_blank\" class=\"guia-social-link\" rel=\"noopener\">\ud83d\udc4d Facebook \/sabrabrasil<\/a>\n            <a href=\"https:\/\/www.linkedin.com\/company\/sociedade-art%C3%ADstica-brasileira\/\" target=\"_blank\" class=\"guia-social-link\" rel=\"noopener\">\ud83d\udd17 LinkedIn SABRA<\/a>\n            <a href=\"https:\/\/www.youtube.com\/@sabrabrasil\" target=\"_blank\" class=\"guia-social-link\" rel=\"noopener\">\u25b6\ufe0f YouTube @sabrabrasil<\/a>\n        <\/div>\n    <\/div>\n\n    <!-- 1. ENGAGAMENTO -->\n    <div class=\"guia-card\">\n        <h2>1. Engajamento estrat\u00e9gico \u2013 Mostrar que o conte\u00fado \u00e9 importante<\/h2>\n        <p>As redes sociais entendem que um post \u00e9 relevante quando as pessoas <strong>interagem<\/strong> de verdade. Voc\u00ea vai fazer isso de forma simples:<\/p>\n\n        <h3>\ud83d\udcdd Comentar com conte\u00fado<\/h3>\n        <ul class=\"guia-list\">\n            <li>Escreva coment\u00e1rios com <strong>mais de 4 palavras<\/strong> que incentivem a conversa.<\/li>\n            <li><strong>No Instagram ou Facebook:<\/strong> comente nos posts da <a href=\"https:\/\/www.instagram.com\/sabrabrasil\/\" target=\"_blank\" rel=\"noopener\">@sabrabrasil<\/a>.<\/li>\n            <li><strong>No LinkedIn:<\/strong> comente nas publica\u00e7\u00f5es da <a href=\"https:\/\/www.linkedin.com\/company\/sociedade-art%C3%ADstica-brasileira\/\" target=\"_blank\" rel=\"noopener\">Sociedade Art\u00edstica Brasileira<\/a>.<\/li>\n            <li><strong>No YouTube:<\/strong> comente nos v\u00eddeos do canal <a href=\"https:\/\/www.youtube.com\/@sabrabrasil\" target=\"_blank\" rel=\"noopener\">@sabrabrasil<\/a> (v\u00eddeo-aulas, concertos, depoimentos).<\/li>\n        <\/ul>\n        <div class=\"guia-destaque\">\n            <strong>\ud83d\udca1 Exemplos de coment\u00e1rios:<\/strong><br>\n            \u2022 \u201cQue lindo ver crian\u00e7as tendo acesso \u00e0 m\u00fasica gratuita. Como posso ajudar mais?\u201d<br>\n            \u2022 \u201cParab\u00e9ns \u00e0 SABRA pelo trabalho inclusivo. Isso muda vidas!\u201d<br>\n            \u2022 \u201cConcerto lindo! Vai ter mais apresenta\u00e7\u00f5es em Contagem?\u201d<br>\n            \u2022 \u201cEssa v\u00eddeo-aula de t\u00e9cnica vocal \u00e9 muito \u00fatil! Obrigado por disponibilizar gratuitamente.\u201d\n        <\/div>\n\n        <h3>\ud83d\udd16 Salvar posts educativos ou de eventos<\/h3>\n        <p>Clique no \u00edcone de <strong>salvar<\/strong> (bandeirinha ou marcador) em posts que mostrem resultados do projeto, depoimentos ou informa\u00e7\u00f5es de eventos.<br>\n        <strong>Por que isso ajuda?<\/strong> Salvar \u00e9 a a\u00e7\u00e3o que o Instagram mais valoriza \u2013 significa que o conte\u00fado \u00e9 \u00fatil.<\/p>\n\n        <h3>\ud83d\udcf2 Responder Stories (Instagram) e interagir com Shorts (YouTube)<\/h3>\n        <p>Responda enquetes, caixas de perguntas ou apenas reaja com emojis nos <strong>Stories do @sabrabrasil<\/strong>. No YouTube, curta os <strong>Shorts<\/strong> e comente para ajudar no engajamento do canal.<\/p>\n    <\/div>\n\n    <!-- 2. AMPLIFICA\u00c7\u00c3O -->\n    <div class=\"guia-card\">\n        <h2>2. Amplifica\u00e7\u00e3o \u2013 Levar o conte\u00fado para mais pessoas<\/h2>\n        <p>Voc\u00ea tem uma rede de amigos, familiares e conhecidos. Usar essa rede \u00e9 uma forma poderosa de divulgar a SABRA.<\/p>\n\n        <h3>\ud83d\udd04 Compartilhar Stories com legenda pessoal (Instagram\/Facebook)<\/h3>\n        <p>Ao repostar um conte\u00fado da SABRA no seu <strong>Story do Instagram<\/strong> ou do <strong>Facebook<\/strong>, <strong>adicione uma mensagem sua<\/strong>.<\/p>\n        <div class=\"guia-destaque\">\n            <strong>\ud83d\udca1 Exemplos de legenda:<\/strong><br>\n            \u2022 \u201cOrgulho de apoiar essa iniciativa!\u201d<br>\n            \u2022 \u201cVejam que trabalho lindo! M\u00fasica gratuita para crian\u00e7as.\u201d<br>\n            \u2022 \u201cVale a pena conhecer a SABRA. Faz a diferen\u00e7a!\u201d\n        <\/div>\n\n        <h3>\ud83d\udce4 Enviar diretamente para amigos<\/h3>\n        <p>Escolha <strong>3 a 5 amigos<\/strong> que se importam com cultura, educa\u00e7\u00e3o ou causas sociais. Envie o post por <strong>Direct (Instagram)<\/strong>, <strong>WhatsApp<\/strong> ou mensagem do <strong>Facebook<\/strong> com uma mensagem curta.<br>\n        Exemplo: <em>\u201cAmigo, olha esse projeto de m\u00fasica gratuito em Betim. Achei lindo, queria compartilhar com voc\u00ea. Siga eles: @sabrabrasil\u201d<\/em><\/p>\n\n        <h3>\ud83d\udc65 Compartilhar em grupos de nicho<\/h3>\n        <p>Compartilhe eventos, campanhas ou resultados da SABRA em grupos de <strong>WhatsApp<\/strong> ou <strong>Facebook<\/strong> sobre: cultura e arte, educa\u00e7\u00e3o, filantropia, m\u00fasica, pais e crian\u00e7as.<br>\n        Exemplo: <em>\u201cPessoal, conhe\u00e7o um projeto lindo de m\u00fasica gratuita em Contagem\/Betim. Eles est\u00e3o precisando de apoio e divulga\u00e7\u00e3o. Conhe\u00e7am: @sabrabrasil\u201d<\/em><\/p>\n\n        <h3>\ud83d\udcbc Compartilhar no LinkedIn<\/h3>\n        <p>Publique o link de um post relevante da SABRA no seu feed do <strong>LinkedIn<\/strong> com um texto de apoio.<br>\n        Exemplo: <em>\u201cApoio a @Sociedade Art\u00edstica Brasileira, que leva m\u00fasica gratuita a crian\u00e7as e jovens de Minas Gerais. Projeto aprovado pela Lei Rouanet. Vale a pena conhecer!\u201d<\/em><\/p>\n\n        <h3>\u25b6\ufe0f Compartilhar v\u00eddeos do YouTube<\/h3>\n        <p>Compartilhe v\u00eddeos do canal <a href=\"https:\/\/www.youtube.com\/@sabrabrasil\" target=\"_blank\" rel=\"noopener\">@sabrabrasil<\/a> nas suas redes sociais ou grupos de WhatsApp. D\u00ea prefer\u00eancia a v\u00eddeos educativos (aulas de t\u00e9cnica vocal, dicas de instrumentos) ou apresenta\u00e7\u00f5es musicais.<\/p>\n    <\/div>\n\n    <!-- 3. MONITORAMENTO -->\n    <div class=\"guia-card\">\n        <h2>3. Monitoramento \u2013 Ajudar a SABRA a enxergar melhor<\/h2>\n        <p>Com poucos minutos, voc\u00ea pode trazer informa\u00e7\u00f5es valiosas para a equipe da SABRA.<\/p>\n\n        <h3>\ud83c\udff7\ufe0f Marcar parceiros e influenciadores<\/h3>\n        <p>Nos coment\u00e1rios de posts relevantes da <a href=\"https:\/\/www.instagram.com\/sabrabrasil\/\" target=\"_blank\" rel=\"noopener\">@sabrabrasil<\/a>, marque perfis que podem se interessar pelo projeto: empresas locais, influenciadores de cultura, autoridades.<\/p>\n        <div class=\"guia-destaque\">\n            \ud83d\udca1 Exemplo de coment\u00e1rio: <em>\u201c@empresa_amiga, esse projeto merece apoio. Fica a dica!\u201d<\/em>\n        <\/div>\n\n        <h3>\ud83d\udcec Reportar feedback<\/h3>\n        <p>Se voc\u00ea perceber que um tipo de postagem ou v\u00eddeo gerou muitas d\u00favidas, coment\u00e1rios ou interesse na sua rede, avise a equipe da SABRA.<br>\n        <strong>Como reportar:<\/strong> Envie um e-mail para <strong>contato@sabra.org.br<\/strong> com o assunto \u201cFeedback de volunt\u00e1rio\u201d.<br>\n        Exemplo: <em>\u201cOl\u00e1, percebi que meus amigos se interessaram muito pelo v\u00eddeo sobre t\u00e9cnica vocal. Fizeram v\u00e1rias perguntas sobre como participar das aulas.\u201d<\/em><\/p>\n    <\/div>\n\n    <!-- CRONOGRAMA SUGERIDO -->\n    <div class=\"guia-card\">\n        <h2>\u23f1\ufe0f Sugest\u00e3o de cronograma semanal (30 minutos)<\/h2>\n        <div class=\"guia-tabela\">\n            <table>\n                <thead><tr><th>Dia<\/th><th>O que fazer<\/th><th>Tempo<\/th><\/tr><\/thead>\n                <tbody>\n                    <tr><td>Ter\u00e7a-feira<\/td><td>Curtir, comentar e salvar 1 post da SABRA (Instagram\/Facebook\/LinkedIn). Assistir e curtir 1 v\u00eddeo no YouTube.<\/td><td>10 min<\/td><\/tr>\n                    <tr><td>Quinta-feira<\/td><td>Compartilhar 1 post\/evento nos Stories (com legenda pessoal) e enviar para 1 grupo de WhatsApp.<\/td><td>10 min<\/td><\/tr>\n                    <tr><td>S\u00e1bado<\/td><td>Responder enquetes nos Stories, enviar 1 post para 3 amigos e marcar 1 parceiro. Curtir e compartilhar 1 v\u00eddeo do YouTube.<\/td><td>10 min<\/td><\/tr>\n                <\/tbody>\n            <\/table>\n        <\/div>\n        <div class=\"guia-destaque\">\u26a0\ufe0f Importante: Voc\u00ea n\u00e3o precisa seguir esse cronograma \u00e0 risca. Ele \u00e9 apenas uma sugest\u00e3o. O mais importante \u00e9 que voc\u00ea se sinta confort\u00e1vel e ajude no seu ritmo.<\/div>\n    <\/div>\n\n    <!-- A\u00c7\u00d5ES ESPEC\u00cdFICAS PARA O YOUTUBE -->\n    <div class=\"guia-card\">\n        <h2>\u25b6\ufe0f A\u00e7\u00f5es no YouTube \u2013 Canal da SABRA<\/h2>\n        <p>O canal da SABRA no YouTube disponibiliza <strong>videoaulas gratuitas de m\u00fasica para iniciantes, concertos, depoimentos e conte\u00fado educativo<\/strong>. Sua intera\u00e7\u00e3o \u00e9 fundamental para aumentar o alcance desses materiais.<\/p>\n        <p><strong>Link direto:<\/strong> <a href=\"https:\/\/www.youtube.com\/@sabrabrasil\" target=\"_blank\" rel=\"noopener\">https:\/\/www.youtube.com\/@sabrabrasil<\/a><\/p>\n        <ul class=\"guia-list\">\n            <li>\ud83d\udd14 <strong>Inscreva-se no canal<\/strong> e ative o sininho para receber notifica\u00e7\u00f5es.<\/li>\n            <li>\ud83d\udc4d <strong>Curtir<\/strong> os v\u00eddeos publicados (v\u00eddeo-aulas, concertos, shorts).<\/li>\n            <li>\ud83d\udcac <strong>Comentar<\/strong> nos v\u00eddeos com perguntas ou agradecimentos \u2013 isso estimula o criador e o algoritmo.<\/li>\n            <li>\ud83d\udce2 <strong>Compartilhar<\/strong> os v\u00eddeos em suas redes sociais, grupos de WhatsApp ou com amigos interessados em m\u00fasica.<\/li>\n            <li>\ud83d\udccc <strong>Salvar<\/strong> v\u00eddeos em playlists (ex.: \u201cAulas de m\u00fasica\u201d, \u201cConcertos SABRA\u201d) \u2013 isso sinaliza relev\u00e2ncia.<\/li>\n            <li>\ud83c\udfac <strong>Assistir aos Shorts<\/strong> e interagir com curtidas e coment\u00e1rios r\u00e1pidos.<\/li>\n        <\/ul>\n        <div class=\"guia-destaque\">\n            \ud83d\udca1 <strong>Exemplos de coment\u00e1rios no YouTube:<\/strong><br>\n            \u2022 \u201cExcelente aula! Muito obrigado por disponibilizar esse conte\u00fado gratuito.\u201d<br>\n            \u2022 \u201cQue concerto lindo. Parab\u00e9ns a todos os m\u00fasicos!\u201d<br>\n            \u2022 \u201cEssa dica de t\u00e9cnica vocal vai me ajudar muito. Obrigado, SABRA!\u201d\n        <\/div>\n    <\/div>\n\n    <!-- RESUMO E CHECKLIST -->\n    <div class=\"guia-card\">\n        <h2>\u2705 Resumo do que fazer (checklist)<\/h2>\n        <ul class=\"guia-check\">\n            <li>Comente com mais de 4 palavras<\/li>\n            <li>Salve posts educativos e v\u00eddeos do YouTube<\/li>\n            <li>Responda enquetes nos Stories<\/li>\n            <li>Compartilhe Stories com legenda pessoal<\/li>\n            <li>Envie posts para 3 a 5 amigos<\/li>\n            <li>Compartilhe em grupos de cultura\/educa\u00e7\u00e3o<\/li>\n            <li>Marque parceiros e influenciadores<\/li>\n            <li>Reporte feedbacks para a SABRA<\/li>\n            <li>Inscreva-se, curta e comente no canal do YouTube<\/li>\n            <li>Use as redes oficiais: <a href=\"https:\/\/www.instagram.com\/sabrabrasil\/\" target=\"_blank\" rel=\"noopener\">Instagram<\/a>, <a href=\"https:\/\/web.facebook.com\/sabrabrasil\/\" target=\"_blank\" rel=\"noopener\">Facebook<\/a>, <a href=\"https:\/\/www.linkedin.com\/company\/sociedade-art%C3%ADstica-brasileira\/\" target=\"_blank\" rel=\"noopener\">LinkedIn<\/a> e <a href=\"https:\/\/www.youtube.com\/@sabrabrasil\" target=\"_blank\" rel=\"noopener\">YouTube<\/a><\/li>\n        <\/ul>\n    <\/div>\n\n    <!-- CONTATO E SUPORTE -->\n    <div class=\"guia-card\">\n        <h2>\ud83d\udcde Contato e suporte<\/h2>\n        <p>D\u00favidas? Voc\u00ea pode falar com a equipe da SABRA:<\/p>\n        <p>\ud83d\udce7 <strong>E-mail:<\/strong> contato@sabra.org.br<br>\n        \ud83d\udcde <strong>WhatsApp:<\/strong> (31) 98405-3837<br>\n        \ud83c\udf10 <strong>Site:<\/strong> www.sabra.org.br<\/p>\n        <p><strong>Redes sociais oficiais da SABRA:<\/strong><br>\n        \ud83d\udcf1 Instagram: <a href=\"https:\/\/www.instagram.com\/sabrabrasil\/\" target=\"_blank\" rel=\"noopener\">@sabrabrasil<\/a><br>\n        \ud83d\udc4d Facebook: <a href=\"https:\/\/web.facebook.com\/sabrabrasil\/\" target=\"_blank\" rel=\"noopener\">\/sabrabrasil<\/a><br>\n        \ud83d\udd17 LinkedIn: <a href=\"https:\/\/www.linkedin.com\/company\/sociedade-art%C3%ADstica-brasileira\/\" target=\"_blank\" rel=\"noopener\">Sociedade Art\u00edstica Brasileira<\/a><br>\n        \u25b6\ufe0f YouTube: <a href=\"https:\/\/www.youtube.com\/@sabrabrasil\" target=\"_blank\" rel=\"noopener\">@sabrabrasil<\/a><\/p>\n        <div class=\"guia-destaque\">\ud83c\udfb5 Muito obrigado por doar seu tempo e talento para a SABRA. Com voc\u00ea, a m\u00fasica transforma ainda mais vidas!<\/div>\n    <\/div>\n\n    <!-- RODAP\u00c9 -->\n    <div class=\"guia-footer\">\n        Sociedade Art\u00edstica Brasileira \u2013 SABRA \u00b7 CNPJ 19.442.344\/0001-89 \u00b7 Associa\u00e7\u00e3o sem fins lucrativos \u00b7 Betim\/MG\n    <\/div>\n\n<\/div>\n\n<\/body>\n<\/html>\t\t\t\t\t\t\t\t<\/div>\n\t\t\t\t\t<\/div>\n\t\t\t\t<\/div>\n\t\t\t\t<\/div>\n\t\t","protected":false},"excerpt":{"rendered":"<p>&lt;title&gt;SABRA &#8211; Guia do Volunt\u00e1rio de Comunica\u00e7\u00e3o Digital&lt;\/title&gt; * { margin: 0; padding: 0; box-sizing: border-box; } body { font-family: &#8216;Segoe UI&#8217;, Roboto, &#8216;Helvetica Neue&#8217;,&hellip;<\/p>\n","protected":false},"author":39,"featured_media":0,"comment_status":"closed","ping_status":"open","sticky":false,"template":"","format":"standard","meta":{"_customify_content_layout":"","_customify_sidebar":"","_customify_page_header_display":"default","_customify_disable_header":"","_customify_disable_header_top":"","_customify_disable_header_main":"","_customify_disable_header_bottom":"","_customify_disable_page_title":"","_customify_disable_content_vertical_padding":"","_customify_disable_footer_top":"","_customify_disable_footer_main":"","_customify_disable_footer_bottom":"","_customify_breadcrumb_display":"","_customify_header_transparent_display":"","_jetpack_feature_clip_id":0,"_jetpack_memberships_contains_paid_content":false,"footnotes":""},"categories":[4],"tags":[],"class_list":["post-15412","post","type-post","status-publish","format-standard","hentry","category-noticias"],"jetpack_shortlink":"https:\/\/wp.me\/p95j2Z-40A","jetpack-related-posts":[{"id":15922,"url":"https:\/\/www.sabra.org.br\/site\/informativo-de-resultados-sabra-2026-1o-semestre\/","url_meta":{"origin":15412,"position":0},"title":"Informativo de Resultados Sabra 2026 &#8211; 1\u00ba semestre","author":"M\u00e1rcio Miranda Pontes","date":"19 de julho de 2026","format":false,"excerpt":"Informativo de Resultados SABRA - 1\u00ba semestre de 2026 \/* ===== RESET E ESTILOS GERAIS ===== \/ * { margin: 0; padding: 0; box-sizing: border-box; } body { font-family: 'Segoe UI', Arial, Helvetica, sans-serif; background-color: #f4f2eb; padding: 0; margin: 0; } .email-wrapper { max-width: 700px; margin: 0 auto; background-color: #ffffff;\u2026","rel":"","context":"Em &quot;Not\u00edcias&quot;","block_context":{"text":"Not\u00edcias","link":"https:\/\/www.sabra.org.br\/site\/category\/noticias\/"},"img":{"alt_text":"","src":"","width":0,"height":0},"classes":[]},{"id":5991,"url":"https:\/\/www.sabra.org.br\/site\/ler-partitura\/","url_meta":{"origin":15412,"position":1},"title":"Como aprender a ler partitura?","author":"M\u00e1rcio Miranda Pontes","date":"3 de outubro de 2022","format":false,"excerpt":"A partitura \u00e9 uma ferramenta de comunica\u00e7\u00e3o fundamental para quem deseja se profissionalizar na m\u00fasica ou tocar cada vez com mais rigor e t\u00e9cnica. Com isso, separamos um pequeno guia com os primeiros passos nessa \u00e1rea. Confira!","rel":"","context":"Em &quot;Blog SABRA&quot;","block_context":{"text":"Blog SABRA","link":"https:\/\/www.sabra.org.br\/site\/category\/blog-sabra\/"},"img":{"alt_text":"nota-tempo-linha-partitura-musico","src":"https:\/\/i0.wp.com\/www.sabra.org.br\/site\/wp-content\/uploads\/2022\/10\/como-aprender-a-ler-partitura-20220707153044.jpg.jpg?resize=350%2C200&ssl=1","width":350,"height":200,"srcset":"https:\/\/i0.wp.com\/www.sabra.org.br\/site\/wp-content\/uploads\/2022\/10\/como-aprender-a-ler-partitura-20220707153044.jpg.jpg?resize=350%2C200&ssl=1 1x, https:\/\/i0.wp.com\/www.sabra.org.br\/site\/wp-content\/uploads\/2022\/10\/como-aprender-a-ler-partitura-20220707153044.jpg.jpg?resize=525%2C300&ssl=1 1.5x, https:\/\/i0.wp.com\/www.sabra.org.br\/site\/wp-content\/uploads\/2022\/10\/como-aprender-a-ler-partitura-20220707153044.jpg.jpg?resize=700%2C400&ssl=1 2x"},"classes":[]},{"id":9050,"url":"https:\/\/www.sabra.org.br\/site\/inspiracao-ambiental\/","url_meta":{"origin":15412,"position":2},"title":"A m\u00fasica como ferramenta de sensibiliza\u00e7\u00e3o para problemas ambientais do s\u00e9culo XXI","author":"M\u00e1rcio Miranda Pontes","date":"18 de mar\u00e7o de 2024","format":false,"excerpt":"Em um mundo onde desafios ambientais crescentes ecoam por todos os cantos, a m\u00fasica emerge como uma luz guia, uma melodia que ressoa n\u00e3o apenas nos ouvidos, mas tamb\u00e9m nos cora\u00e7\u00f5es e nas mentes.","rel":"","context":"Em &quot;Blog SABRA&quot;","block_context":{"text":"Blog SABRA","link":"https:\/\/www.sabra.org.br\/site\/category\/blog-sabra\/"},"img":{"alt_text":"sabra-m\u00fasica-ambientais-ambiental-inspira\u00e7\u00e3o-ferramenta-pessoas","src":"https:\/\/i0.wp.com\/www.sabra.org.br\/site\/wp-content\/uploads\/2024\/03\/a-musica-como-ferramenta-de-sensibilizacao-para-problemas-ambientais-do-seculo-xxijpg-20240130121258.jpg-jpg.webp?resize=350%2C200&ssl=1","width":350,"height":200,"srcset":"https:\/\/i0.wp.com\/www.sabra.org.br\/site\/wp-content\/uploads\/2024\/03\/a-musica-como-ferramenta-de-sensibilizacao-para-problemas-ambientais-do-seculo-xxijpg-20240130121258.jpg-jpg.webp?resize=350%2C200&ssl=1 1x, https:\/\/i0.wp.com\/www.sabra.org.br\/site\/wp-content\/uploads\/2024\/03\/a-musica-como-ferramenta-de-sensibilizacao-para-problemas-ambientais-do-seculo-xxijpg-20240130121258.jpg-jpg.webp?resize=525%2C300&ssl=1 1.5x, https:\/\/i0.wp.com\/www.sabra.org.br\/site\/wp-content\/uploads\/2024\/03\/a-musica-como-ferramenta-de-sensibilizacao-para-problemas-ambientais-do-seculo-xxijpg-20240130121258.jpg-jpg.webp?resize=700%2C400&ssl=1 2x"},"classes":[]},{"id":3147,"url":"https:\/\/www.sabra.org.br\/site\/manifestacoes-artisticas\/","url_meta":{"origin":15412,"position":3},"title":"Manifesta\u00e7\u00f5es art\u00edsticas","author":"M\u00e1rcio Miranda Pontes","date":"12 de outubro de 2020","format":false,"excerpt":"As express\u00f5es art\u00edsticas s\u00e3o mais do que apenas uma maneira de colocar em categorias tudo o que enxergamos como arte. Na verdade, tais express\u00f5es s\u00e3o capazes de nos mostrar al\u00e9m do superficial, deixando claro o qu\u00e3o gigantesco pode ser esse universo. Voc\u00ea quer descobrir um pouco mais sobre o assunto?\u2026","rel":"","context":"Em &quot;Blog SABRA&quot;","block_context":{"text":"Blog SABRA","link":"https:\/\/www.sabra.org.br\/site\/category\/blog-sabra\/"},"img":{"alt_text":"manifestacoes artisticas","src":"https:\/\/i0.wp.com\/www.sabra.org.br\/site\/wp-content\/uploads\/2020\/10\/conheca-as-principais-manifestacoes-artisticas-que-existem-20201001161911.jpg.jpg?resize=350%2C200&ssl=1","width":350,"height":200,"srcset":"https:\/\/i0.wp.com\/www.sabra.org.br\/site\/wp-content\/uploads\/2020\/10\/conheca-as-principais-manifestacoes-artisticas-que-existem-20201001161911.jpg.jpg?resize=350%2C200&ssl=1 1x, https:\/\/i0.wp.com\/www.sabra.org.br\/site\/wp-content\/uploads\/2020\/10\/conheca-as-principais-manifestacoes-artisticas-que-existem-20201001161911.jpg.jpg?resize=525%2C300&ssl=1 1.5x, https:\/\/i0.wp.com\/www.sabra.org.br\/site\/wp-content\/uploads\/2020\/10\/conheca-as-principais-manifestacoes-artisticas-que-existem-20201001161911.jpg.jpg?resize=700%2C400&ssl=1 2x"},"classes":[]}],"jetpack_likes_enabled":true,"jetpack_sharing_enabled":true,"jetpack_featured_media_url":"","_links":{"self":[{"href":"https:\/\/www.sabra.org.br\/site\/wp-json\/wp\/v2\/posts\/15412","targetHints":{"allow":["GET"]}}],"collection":[{"href":"https:\/\/www.sabra.org.br\/site\/wp-json\/wp\/v2\/posts"}],"about":[{"href":"https:\/\/www.sabra.org.br\/site\/wp-json\/wp\/v2\/types\/post"}],"author":[{"embeddable":true,"href":"https:\/\/www.sabra.org.br\/site\/wp-json\/wp\/v2\/users\/39"}],"replies":[{"embeddable":true,"href":"https:\/\/www.sabra.org.br\/site\/wp-json\/wp\/v2\/comments?post=15412"}],"version-history":[{"count":1,"href":"https:\/\/www.sabra.org.br\/site\/wp-json\/wp\/v2\/posts\/15412\/revisions"}],"predecessor-version":[{"id":16149,"href":"https:\/\/www.sabra.org.br\/site\/wp-json\/wp\/v2\/posts\/15412\/revisions\/16149"}],"wp:attachment":[{"href":"https:\/\/www.sabra.org.br\/site\/wp-json\/wp\/v2\/media?parent=15412"}],"wp:term":[{"taxonomy":"category","embeddable":true,"href":"https:\/\/www.sabra.org.br\/site\/wp-json\/wp\/v2\/categories?post=15412"},{"taxonomy":"post_tag","embeddable":true,"href":"https:\/\/www.sabra.org.br\/site\/wp-json\/wp\/v2\/tags?post=15412"}],"curies":[{"name":"wp","href":"https:\/\/api.w.org\/{rel}","templated":true}]}}