{"id":1591,"date":"2018-10-22T10:58:41","date_gmt":"2018-10-22T12:58:41","guid":{"rendered":"https:\/\/www.sabra.org.br\/site\/?p=1591"},"modified":"2025-04-20T19:15:40","modified_gmt":"2025-04-20T22:15:40","slug":"musica-na-educacao-infantil","status":"publish","type":"post","link":"https:\/\/www.sabra.org.br\/site\/musica-na-educacao-infantil\/","title":{"rendered":"M\u00fasica na Educa\u00e7\u00e3o Infantil"},"content":{"rendered":"<h3>Motivos para inserir m\u00fasica na educa\u00e7\u00e3o infantil<\/h3>\n<p>H\u00e1 doze anos, a Lei de Diretrizes e Bases da Educa\u00e7\u00e3o foi alterada para que a m\u00fasica se tornasse conte\u00fado obrigat\u00f3rio em toda a educa\u00e7\u00e3o b\u00e1sica. No entanto, esta importante ferramenta ainda \u00e9 um tanto negligenciada nas escolas. A educa\u00e7\u00e3o musical vai muito al\u00e9m de uma atividade recreativa ou de gostos musicais em si. A m\u00fasica oportuniza linguagens e conhecimentos, colabora no desenvolvimento cognitivo. E quanto mais cedo houver este est\u00edmulo ao aprendizado, melhor para a crian\u00e7a.<\/p>\n<p>Entrar em contato com a m\u00fasica desde cedo mexe com a imagina\u00e7\u00e3o e faz a crian\u00e7a descobrir o mundo a sua volta. E o melhor de tudo: de uma forma divertida, como as linguagens escrita e oral por si s\u00f3 n\u00e3o possibilitariam. A educa\u00e7\u00e3o musical n\u00e3o necessariamente forma m\u00fasicos, ainda que corais e orquestras sinf\u00f4nicas, por exemplo, possibilitem a inclus\u00e3o social de muitas crian\u00e7as e jovens. Mas, na pr\u00e1tica, quais s\u00e3o os grandes benef\u00edcios trazidos pela inser\u00e7\u00e3o da m\u00fasica na educa\u00e7\u00e3o infantil? N\u00f3s listamos seis deles.<\/p>\n<h3>Criatividade<\/h3>\n<p>A m\u00fasica desperta e desenvolve a criatividade infantil, possibilitando que a crian\u00e7a crie, invente e reinvente o mundo \u00e0 sua volta. Na pr\u00e1tica, ela descobre capacidades que n\u00e3o conhecia, o que tem influ\u00eancia direta no processo de aprendizado.<\/p>\n<h3>Socializa\u00e7\u00e3o<\/h3>\n<p>Aqui est\u00e1 uma das grandes ferramentas da educa\u00e7\u00e3o musical. A crian\u00e7a se sente integrada, especialmente nas atividades em grupo, o que possibilita que mesmo os mais t\u00edmidos interajam mais, al\u00e9m de estimular a valoriza\u00e7\u00e3o dos colegas. E isso vale n\u00e3o necessariamente apenas para o ambiente escolar. A Sociedade Art\u00edstica Brasileira (Sabra), situada em Betim-MG, \u00e9 uma das institui\u00e7\u00f5es que entendem a ferramenta de inclus\u00e3o da m\u00fasica e trabalham com crian\u00e7as e jovens em orquestras sinf\u00f4nicas, corais e oficinas musicais.<\/p>\n<h3>Coordena\u00e7\u00e3o motora<\/h3>\n<p>Bater palmas e inventar passos s\u00e3o a\u00e7\u00f5es simples que estimulam a coordena\u00e7\u00e3o motora das crian\u00e7as. Quando h\u00e1 um contato mais direto com instrumentos, a crian\u00e7a desenvolve a habilidade de orquestrar movimentos finos nas m\u00e3os e bra\u00e7os, entre outros ganhos. O movimento corporal \u00e9 imprescind\u00edvel nas atividades musicais desenvolvidas pelos professores.<\/p>\n<h3>Oralidade<\/h3>\n<p>A educa\u00e7\u00e3o musical estimula o desenvolvimento lingu\u00edstico, especialmente na fase de alfabetiza\u00e7\u00e3o. Os ritmos desenvolvem a habilidade de pronunciar fonemas, por exemplo, o que possui impacto direto na oralidade.<\/p>\n<h3>M\u00faltiplo aprendizado<\/h3>\n<p>A m\u00fasica estimula potencialidades dos circuitos cerebrais, ou seja, melhora a sensibilidade e estimula \u00e1reas do c\u00e9rebro da crian\u00e7a que impactam no desenvolvimento de outras linguagens. Um exemplo pr\u00e1tico \u00e9 a matem\u00e1tica. As escalas musicais exercitam o racioc\u00ednio l\u00f3gico, fazendo com que a crian\u00e7a tenha um melhor rendimento em atividades neste sentido.<\/p>\n<h3>Divers\u00e3o conhecimento<\/h3>\n<p>A m\u00fasica precisa essencialmente ser uma atividade prazerosa. Ent\u00e3o \u00e9 claro que n\u00e3o estamos falando de um conte\u00fado r\u00edgido a ser aprendido, mas sim de uma forma divertida para que a crian\u00e7a amplie seu conhecimento. Isso envolve diversas atividades, como, por exemplo, brincar de roda, contar historinhas musicadas, acompanhar as m\u00fasicas com os passos, aprender sons, etc.<\/p>\n<p>Portanto, \u00e9 seguro dizer que a educa\u00e7\u00e3o musical tem um valor inestim\u00e1vel para as crian\u00e7as. E quanto mais os educadores se apropriarem disso, melhor para o desenvolvimento dos alunos.<\/p>\n<blockquote class=\"wp-embedded-content\" data-secret=\"Jl69dae5bP\"><p><a href=\"https:\/\/www.sabra.org.br\/site\/ajudar-criancas\/\">Saiba como a doa\u00e7\u00e3o atrav\u00e9s do IRPF pode mudar a vida das crian\u00e7as carentes<\/a><\/p><\/blockquote>\n<p><iframe class=\"wp-embedded-content\" sandbox=\"allow-scripts\" security=\"restricted\" style=\"position: absolute; visibility: hidden;\" title=\"&#8220;Saiba como a doa\u00e7\u00e3o atrav\u00e9s do IRPF pode mudar a vida das crian\u00e7as carentes&#8221; &#8212; SABRA - Sociedade Art\u00edstica Brasileira\" src=\"https:\/\/www.sabra.org.br\/site\/ajudar-criancas\/embed\/#?secret=PdPZwaGZ3k#?secret=Jl69dae5bP\" data-secret=\"Jl69dae5bP\" width=\"600\" height=\"338\" frameborder=\"0\" marginwidth=\"0\" marginheight=\"0\" scrolling=\"no\"><\/iframe><\/p>\n<h4>Se voc\u00ea gostou deste post:<\/h4>\n<p>&#8211; siga as nossas p\u00e1ginas nas redes sociais para acompanhar as nossas atualiza\u00e7\u00f5es: estamos no <a href=\"https:\/\/www.facebook.com\/sabrabrasil\" target=\"_blank\" rel=\"noopener\">Facebook<\/a>, no <a href=\"https:\/\/www.instagram.com\/sabrabrasil\/\" target=\"_blank\" rel=\"noopener\">Instagram<\/a>, no <a href=\"https:\/\/www.linkedin.com\/company\/25002088\" target=\"_blank\" rel=\"noopener\">LinkedIn<\/a>, no <a href=\"https:\/\/twitter.com\/ContatoSabra\" target=\"_blank\" rel=\"noopener\">Twitter<\/a> e no <a href=\"https:\/\/www.youtube.com\/channel\/UCJw-kbuEvzUNdeQf20Pa-eQ\" target=\"_blank\" rel=\"noopener\">YouTube<\/a>!<\/p>\n<p>&#8211; Conhe\u00e7a o trabalho da Sociedade Art\u00edstica Brasileira (SABRA) e todas as iniciativas culturais e sociais que ela mant\u00e9m. <a href=\"https:\/\/www.sabra.org.br\/site\/acoes\/\" target=\"_blank\" rel=\"noopener\">Acesse nosso site!<\/a><\/p>\n<p>&#8211; entre em contato com a gente. E veja quais s\u00e3o as op\u00e7\u00f5es de ajuda na manuten\u00e7\u00e3o de nossas a\u00e7\u00f5es sociais e culturais. Basta acessar nossa p\u00e1gina <a href=\"https:\/\/www.sabra.org.br\/site\/doe-agora\/\" target=\"_blank\" rel=\"noopener\">Doe Agora!<\/a><\/p>\n<p>&#8211; Compartilhe este texto nas suas redes sociais e ajude os seus amigos a tamb\u00e9m dominarem o assunto!<\/p>\n","protected":false},"excerpt":{"rendered":"<p>Motivos para inserir m\u00fasica na educa\u00e7\u00e3o infantil H\u00e1 doze anos, a Lei de Diretrizes e Bases da Educa\u00e7\u00e3o foi alterada para que a m\u00fasica se&hellip;<\/p>\n","protected":false},"author":39,"featured_media":1592,"comment_status":"closed","ping_status":"closed","sticky":false,"template":"","format":"standard","meta":{"jetpack_post_was_ever_published":false,"_jetpack_newsletter_access":"","_jetpack_dont_email_post_to_subs":false,"_jetpack_newsletter_tier_id":0,"_jetpack_memberships_contains_paywalled_content":false,"_jetpack_memberships_contains_paid_content":false,"footnotes":""},"categories":[1],"tags":[15,8,16,12,11,9],"class_list":["post-1591","post","type-post","status-publish","format-standard","has-post-thumbnail","hentry","category-blog-sabra","tag-assistencia-social","tag-canto-coral","tag-musicalizacao-infantil","tag-oficina-musical-sabra","tag-orquestra-sinfonica-de-betim","tag-sociedade-artistica-brasileira"],"yoast_head":"<!-- This site is optimized with the Yoast SEO plugin v27.5 - https:\/\/yoast.com\/product\/yoast-seo-wordpress\/ -->\n<title>M\u00fasica na Educa\u00e7\u00e3o Infantil - SABRA - Sociedade Art\u00edstica Brasileira<\/title>\n<meta name=\"description\" content=\"Concentra\u00e7\u00e3o e imagina\u00e7\u00e3o criativa s\u00e3o alguns dos motivos pelos quais voc\u00ea deve inserir a m\u00fasica na educa\u00e7\u00e3o infantil. Quer saber de outros?\" \/>\n<meta name=\"robots\" content=\"index, follow, max-snippet:-1, max-image-preview:large, max-video-preview:-1\" \/>\n<link rel=\"canonical\" href=\"https:\/\/www.sabra.org.br\/site\/musica-na-educacao-infantil\/\" \/>\n<meta property=\"og:locale\" content=\"pt_BR\" \/>\n<meta property=\"og:type\" content=\"article\" \/>\n<meta property=\"og:title\" content=\"M\u00fasica na Educa\u00e7\u00e3o Infantil - SABRA - Sociedade Art\u00edstica Brasileira\" \/>\n<meta property=\"og:description\" content=\"Concentra\u00e7\u00e3o e imagina\u00e7\u00e3o criativa s\u00e3o alguns dos motivos pelos quais voc\u00ea deve inserir a m\u00fasica na educa\u00e7\u00e3o infantil. Quer saber de outros?\" \/>\n<meta property=\"og:url\" content=\"https:\/\/www.sabra.org.br\/site\/musica-na-educacao-infantil\/\" \/>\n<meta property=\"og:site_name\" content=\"SABRA - Sociedade Art\u00edstica Brasileira\" \/>\n<meta property=\"article:publisher\" content=\"https:\/\/www.facebook.com\/sabrabrasil\" \/>\n<meta property=\"article:published_time\" content=\"2018-10-22T12:58:41+00:00\" \/>\n<meta property=\"article:modified_time\" content=\"2025-04-20T22:15:40+00:00\" \/>\n<meta property=\"og:image\" content=\"https:\/\/www.sabra.org.br\/site\/wp-content\/uploads\/2018\/10\/x-motivos-para-inserir-musica-na-educacao-infantil-20180705134730.jpg.jpg\" \/>\n\t<meta property=\"og:image:width\" content=\"765\" \/>\n\t<meta property=\"og:image:height\" content=\"510\" \/>\n\t<meta property=\"og:image:type\" content=\"image\/jpeg\" \/>\n<meta name=\"author\" content=\"M\u00e1rcio Miranda Pontes\" \/>\n<meta name=\"twitter:card\" content=\"summary_large_image\" \/>\n<meta name=\"twitter:creator\" content=\"@ContatoSabra\" \/>\n<meta name=\"twitter:site\" content=\"@ContatoSabra\" \/>\n<meta name=\"twitter:label1\" content=\"Escrito por\" \/>\n\t<meta name=\"twitter:data1\" content=\"M\u00e1rcio Miranda Pontes\" \/>\n\t<meta name=\"twitter:label2\" content=\"Est. tempo de leitura\" \/>\n\t<meta name=\"twitter:data2\" content=\"4 minutos\" \/>\n<script type=\"application\/ld+json\" class=\"yoast-schema-graph\">{\"@context\":\"https:\\\/\\\/schema.org\",\"@graph\":[{\"@type\":\"Article\",\"@id\":\"https:\\\/\\\/www.sabra.org.br\\\/site\\\/musica-na-educacao-infantil\\\/#article\",\"isPartOf\":{\"@id\":\"https:\\\/\\\/www.sabra.org.br\\\/site\\\/musica-na-educacao-infantil\\\/\"},\"author\":{\"name\":\"M\u00e1rcio Miranda Pontes\",\"@id\":\"https:\\\/\\\/www.sabra.org.br\\\/site\\\/#\\\/schema\\\/person\\\/7d1d222c3c8891d4c37c7b41bf6315c2\"},\"headline\":\"M\u00fasica na Educa\u00e7\u00e3o Infantil\",\"datePublished\":\"2018-10-22T12:58:41+00:00\",\"dateModified\":\"2025-04-20T22:15:40+00:00\",\"mainEntityOfPage\":{\"@id\":\"https:\\\/\\\/www.sabra.org.br\\\/site\\\/musica-na-educacao-infantil\\\/\"},\"wordCount\":709,\"publisher\":{\"@id\":\"https:\\\/\\\/www.sabra.org.br\\\/site\\\/#organization\"},\"image\":{\"@id\":\"https:\\\/\\\/www.sabra.org.br\\\/site\\\/musica-na-educacao-infantil\\\/#primaryimage\"},\"thumbnailUrl\":\"https:\\\/\\\/www.sabra.org.br\\\/site\\\/wp-content\\\/uploads\\\/2018\\\/10\\\/x-motivos-para-inserir-musica-na-educacao-infantil-20180705134730.jpg.jpg\",\"keywords\":[\"Assist\u00eancia social\",\"Canto Coral\",\"Musicaliza\u00e7\u00e3o Infantil\",\"Oficina Musical SABRA\",\"Orquestra Sinf\u00f4nica de Betim\",\"Sociedade Art\u00edstica Brasileira\"],\"articleSection\":[\"Blog SABRA\"],\"inLanguage\":\"pt-BR\"},{\"@type\":\"WebPage\",\"@id\":\"https:\\\/\\\/www.sabra.org.br\\\/site\\\/musica-na-educacao-infantil\\\/\",\"url\":\"https:\\\/\\\/www.sabra.org.br\\\/site\\\/musica-na-educacao-infantil\\\/\",\"name\":\"M\u00fasica na Educa\u00e7\u00e3o Infantil - SABRA - Sociedade Art\u00edstica Brasileira\",\"isPartOf\":{\"@id\":\"https:\\\/\\\/www.sabra.org.br\\\/site\\\/#website\"},\"primaryImageOfPage\":{\"@id\":\"https:\\\/\\\/www.sabra.org.br\\\/site\\\/musica-na-educacao-infantil\\\/#primaryimage\"},\"image\":{\"@id\":\"https:\\\/\\\/www.sabra.org.br\\\/site\\\/musica-na-educacao-infantil\\\/#primaryimage\"},\"thumbnailUrl\":\"https:\\\/\\\/www.sabra.org.br\\\/site\\\/wp-content\\\/uploads\\\/2018\\\/10\\\/x-motivos-para-inserir-musica-na-educacao-infantil-20180705134730.jpg.jpg\",\"datePublished\":\"2018-10-22T12:58:41+00:00\",\"dateModified\":\"2025-04-20T22:15:40+00:00\",\"description\":\"Concentra\u00e7\u00e3o e imagina\u00e7\u00e3o criativa s\u00e3o alguns dos motivos pelos quais voc\u00ea deve inserir a m\u00fasica na educa\u00e7\u00e3o infantil. Quer saber de outros?\",\"breadcrumb\":{\"@id\":\"https:\\\/\\\/www.sabra.org.br\\\/site\\\/musica-na-educacao-infantil\\\/#breadcrumb\"},\"inLanguage\":\"pt-BR\",\"potentialAction\":[{\"@type\":\"ReadAction\",\"target\":[\"https:\\\/\\\/www.sabra.org.br\\\/site\\\/musica-na-educacao-infantil\\\/\"]}]},{\"@type\":\"ImageObject\",\"inLanguage\":\"pt-BR\",\"@id\":\"https:\\\/\\\/www.sabra.org.br\\\/site\\\/musica-na-educacao-infantil\\\/#primaryimage\",\"url\":\"https:\\\/\\\/www.sabra.org.br\\\/site\\\/wp-content\\\/uploads\\\/2018\\\/10\\\/x-motivos-para-inserir-musica-na-educacao-infantil-20180705134730.jpg.jpg\",\"contentUrl\":\"https:\\\/\\\/www.sabra.org.br\\\/site\\\/wp-content\\\/uploads\\\/2018\\\/10\\\/x-motivos-para-inserir-musica-na-educacao-infantil-20180705134730.jpg.jpg\",\"width\":765,\"height\":510,\"caption\":\"Sociedade Art\u00edstica Brasileira SABRA\"},{\"@type\":\"BreadcrumbList\",\"@id\":\"https:\\\/\\\/www.sabra.org.br\\\/site\\\/musica-na-educacao-infantil\\\/#breadcrumb\",\"itemListElement\":[{\"@type\":\"ListItem\",\"position\":1,\"name\":\"In\u00edcio\",\"item\":\"https:\\\/\\\/www.sabra.org.br\\\/site\\\/\"},{\"@type\":\"ListItem\",\"position\":2,\"name\":\"M\u00fasica na Educa\u00e7\u00e3o Infantil\"}]},{\"@type\":\"WebSite\",\"@id\":\"https:\\\/\\\/www.sabra.org.br\\\/site\\\/#website\",\"url\":\"https:\\\/\\\/www.sabra.org.br\\\/site\\\/\",\"name\":\"SABRA - Sociedade Art\u00edstica Brasileira\",\"description\":\"Escola de M\u00fasica, Orquestra Sinf\u00f4nica, Coral e Patrim\u00f4nio Cultural e Hist\u00f3rico\",\"publisher\":{\"@id\":\"https:\\\/\\\/www.sabra.org.br\\\/site\\\/#organization\"},\"potentialAction\":[{\"@type\":\"SearchAction\",\"target\":{\"@type\":\"EntryPoint\",\"urlTemplate\":\"https:\\\/\\\/www.sabra.org.br\\\/site\\\/?s={search_term_string}\"},\"query-input\":{\"@type\":\"PropertyValueSpecification\",\"valueRequired\":true,\"valueName\":\"search_term_string\"}}],\"inLanguage\":\"pt-BR\"},{\"@type\":\"Organization\",\"@id\":\"https:\\\/\\\/www.sabra.org.br\\\/site\\\/#organization\",\"name\":\"SOCIEDADE ART\u00cdSTICA BRASILEIRA SABRA\",\"alternateName\":\"SABRA\",\"url\":\"https:\\\/\\\/www.sabra.org.br\\\/site\\\/\",\"logo\":{\"@type\":\"ImageObject\",\"inLanguage\":\"pt-BR\",\"@id\":\"https:\\\/\\\/www.sabra.org.br\\\/site\\\/#\\\/schema\\\/logo\\\/image\\\/\",\"url\":\"https:\\\/\\\/www.sabra.org.br\\\/site\\\/wp-content\\\/uploads\\\/2019\\\/06\\\/cropped-Logo_SABRA-Copia-1.webp\",\"contentUrl\":\"https:\\\/\\\/www.sabra.org.br\\\/site\\\/wp-content\\\/uploads\\\/2019\\\/06\\\/cropped-Logo_SABRA-Copia-1.webp\",\"width\":400,\"height\":128,\"caption\":\"SOCIEDADE ART\u00cdSTICA BRASILEIRA SABRA\"},\"image\":{\"@id\":\"https:\\\/\\\/www.sabra.org.br\\\/site\\\/#\\\/schema\\\/logo\\\/image\\\/\"},\"sameAs\":[\"https:\\\/\\\/www.facebook.com\\\/sabrabrasil\",\"https:\\\/\\\/x.com\\\/ContatoSabra\",\"https:\\\/\\\/www.instagram.com\\\/sabrabrasil\\\/\",\"https:\\\/\\\/www.linkedin.com\\\/company\\\/25002088\\\/\",\"https:\\\/\\\/br.pinterest.com\\\/sociedadeartisticabrasileira\\\/\",\"https:\\\/\\\/www.youtube.com\\\/c\\\/sabrabrasil\"]},{\"@type\":\"Person\",\"@id\":\"https:\\\/\\\/www.sabra.org.br\\\/site\\\/#\\\/schema\\\/person\\\/7d1d222c3c8891d4c37c7b41bf6315c2\",\"name\":\"M\u00e1rcio Miranda Pontes\",\"image\":{\"@type\":\"ImageObject\",\"inLanguage\":\"pt-BR\",\"@id\":\"https:\\\/\\\/secure.gravatar.com\\\/avatar\\\/3b45f24496a7625a3a6c436688fbe20344faaeb2979658dc4a9921f984d7df9a?s=96&d=mm&r=g\",\"url\":\"https:\\\/\\\/secure.gravatar.com\\\/avatar\\\/3b45f24496a7625a3a6c436688fbe20344faaeb2979658dc4a9921f984d7df9a?s=96&d=mm&r=g\",\"contentUrl\":\"https:\\\/\\\/secure.gravatar.com\\\/avatar\\\/3b45f24496a7625a3a6c436688fbe20344faaeb2979658dc4a9921f984d7df9a?s=96&d=mm&r=g\",\"caption\":\"M\u00e1rcio Miranda Pontes\"},\"sameAs\":[\"http:\\\/\\\/www.sabra.org.br\"],\"url\":\"https:\\\/\\\/www.sabra.org.br\\\/site\\\/author\\\/marcio-miranda-pontes\\\/\"}]}<\/script>\n<!-- \/ Yoast SEO plugin. -->","yoast_head_json":{"title":"M\u00fasica na Educa\u00e7\u00e3o Infantil - SABRA - Sociedade Art\u00edstica Brasileira","description":"Concentra\u00e7\u00e3o e imagina\u00e7\u00e3o criativa s\u00e3o alguns dos motivos pelos quais voc\u00ea deve inserir a m\u00fasica na educa\u00e7\u00e3o infantil. Quer saber de outros?","robots":{"index":"index","follow":"follow","max-snippet":"max-snippet:-1","max-image-preview":"max-image-preview:large","max-video-preview":"max-video-preview:-1"},"canonical":"https:\/\/www.sabra.org.br\/site\/musica-na-educacao-infantil\/","og_locale":"pt_BR","og_type":"article","og_title":"M\u00fasica na Educa\u00e7\u00e3o Infantil - SABRA - Sociedade Art\u00edstica Brasileira","og_description":"Concentra\u00e7\u00e3o e imagina\u00e7\u00e3o criativa s\u00e3o alguns dos motivos pelos quais voc\u00ea deve inserir a m\u00fasica na educa\u00e7\u00e3o infantil. Quer saber de outros?","og_url":"https:\/\/www.sabra.org.br\/site\/musica-na-educacao-infantil\/","og_site_name":"SABRA - Sociedade Art\u00edstica Brasileira","article_publisher":"https:\/\/www.facebook.com\/sabrabrasil","article_published_time":"2018-10-22T12:58:41+00:00","article_modified_time":"2025-04-20T22:15:40+00:00","og_image":[{"width":765,"height":510,"url":"https:\/\/www.sabra.org.br\/site\/wp-content\/uploads\/2018\/10\/x-motivos-para-inserir-musica-na-educacao-infantil-20180705134730.jpg.jpg","type":"image\/jpeg"}],"author":"M\u00e1rcio Miranda Pontes","twitter_card":"summary_large_image","twitter_creator":"@ContatoSabra","twitter_site":"@ContatoSabra","twitter_misc":{"Escrito por":"M\u00e1rcio Miranda Pontes","Est. tempo de leitura":"4 minutos"},"schema":{"@context":"https:\/\/schema.org","@graph":[{"@type":"Article","@id":"https:\/\/www.sabra.org.br\/site\/musica-na-educacao-infantil\/#article","isPartOf":{"@id":"https:\/\/www.sabra.org.br\/site\/musica-na-educacao-infantil\/"},"author":{"name":"M\u00e1rcio Miranda Pontes","@id":"https:\/\/www.sabra.org.br\/site\/#\/schema\/person\/7d1d222c3c8891d4c37c7b41bf6315c2"},"headline":"M\u00fasica na Educa\u00e7\u00e3o Infantil","datePublished":"2018-10-22T12:58:41+00:00","dateModified":"2025-04-20T22:15:40+00:00","mainEntityOfPage":{"@id":"https:\/\/www.sabra.org.br\/site\/musica-na-educacao-infantil\/"},"wordCount":709,"publisher":{"@id":"https:\/\/www.sabra.org.br\/site\/#organization"},"image":{"@id":"https:\/\/www.sabra.org.br\/site\/musica-na-educacao-infantil\/#primaryimage"},"thumbnailUrl":"https:\/\/www.sabra.org.br\/site\/wp-content\/uploads\/2018\/10\/x-motivos-para-inserir-musica-na-educacao-infantil-20180705134730.jpg.jpg","keywords":["Assist\u00eancia social","Canto Coral","Musicaliza\u00e7\u00e3o Infantil","Oficina Musical SABRA","Orquestra Sinf\u00f4nica de Betim","Sociedade Art\u00edstica Brasileira"],"articleSection":["Blog SABRA"],"inLanguage":"pt-BR"},{"@type":"WebPage","@id":"https:\/\/www.sabra.org.br\/site\/musica-na-educacao-infantil\/","url":"https:\/\/www.sabra.org.br\/site\/musica-na-educacao-infantil\/","name":"M\u00fasica na Educa\u00e7\u00e3o Infantil - SABRA - Sociedade Art\u00edstica Brasileira","isPartOf":{"@id":"https:\/\/www.sabra.org.br\/site\/#website"},"primaryImageOfPage":{"@id":"https:\/\/www.sabra.org.br\/site\/musica-na-educacao-infantil\/#primaryimage"},"image":{"@id":"https:\/\/www.sabra.org.br\/site\/musica-na-educacao-infantil\/#primaryimage"},"thumbnailUrl":"https:\/\/www.sabra.org.br\/site\/wp-content\/uploads\/2018\/10\/x-motivos-para-inserir-musica-na-educacao-infantil-20180705134730.jpg.jpg","datePublished":"2018-10-22T12:58:41+00:00","dateModified":"2025-04-20T22:15:40+00:00","description":"Concentra\u00e7\u00e3o e imagina\u00e7\u00e3o criativa s\u00e3o alguns dos motivos pelos quais voc\u00ea deve inserir a m\u00fasica na educa\u00e7\u00e3o infantil. Quer saber de outros?","breadcrumb":{"@id":"https:\/\/www.sabra.org.br\/site\/musica-na-educacao-infantil\/#breadcrumb"},"inLanguage":"pt-BR","potentialAction":[{"@type":"ReadAction","target":["https:\/\/www.sabra.org.br\/site\/musica-na-educacao-infantil\/"]}]},{"@type":"ImageObject","inLanguage":"pt-BR","@id":"https:\/\/www.sabra.org.br\/site\/musica-na-educacao-infantil\/#primaryimage","url":"https:\/\/www.sabra.org.br\/site\/wp-content\/uploads\/2018\/10\/x-motivos-para-inserir-musica-na-educacao-infantil-20180705134730.jpg.jpg","contentUrl":"https:\/\/www.sabra.org.br\/site\/wp-content\/uploads\/2018\/10\/x-motivos-para-inserir-musica-na-educacao-infantil-20180705134730.jpg.jpg","width":765,"height":510,"caption":"Sociedade Art\u00edstica Brasileira SABRA"},{"@type":"BreadcrumbList","@id":"https:\/\/www.sabra.org.br\/site\/musica-na-educacao-infantil\/#breadcrumb","itemListElement":[{"@type":"ListItem","position":1,"name":"In\u00edcio","item":"https:\/\/www.sabra.org.br\/site\/"},{"@type":"ListItem","position":2,"name":"M\u00fasica na Educa\u00e7\u00e3o Infantil"}]},{"@type":"WebSite","@id":"https:\/\/www.sabra.org.br\/site\/#website","url":"https:\/\/www.sabra.org.br\/site\/","name":"SABRA - Sociedade Art\u00edstica Brasileira","description":"Escola de M\u00fasica, Orquestra Sinf\u00f4nica, Coral e Patrim\u00f4nio Cultural e Hist\u00f3rico","publisher":{"@id":"https:\/\/www.sabra.org.br\/site\/#organization"},"potentialAction":[{"@type":"SearchAction","target":{"@type":"EntryPoint","urlTemplate":"https:\/\/www.sabra.org.br\/site\/?s={search_term_string}"},"query-input":{"@type":"PropertyValueSpecification","valueRequired":true,"valueName":"search_term_string"}}],"inLanguage":"pt-BR"},{"@type":"Organization","@id":"https:\/\/www.sabra.org.br\/site\/#organization","name":"SOCIEDADE ART\u00cdSTICA BRASILEIRA SABRA","alternateName":"SABRA","url":"https:\/\/www.sabra.org.br\/site\/","logo":{"@type":"ImageObject","inLanguage":"pt-BR","@id":"https:\/\/www.sabra.org.br\/site\/#\/schema\/logo\/image\/","url":"https:\/\/www.sabra.org.br\/site\/wp-content\/uploads\/2019\/06\/cropped-Logo_SABRA-Copia-1.webp","contentUrl":"https:\/\/www.sabra.org.br\/site\/wp-content\/uploads\/2019\/06\/cropped-Logo_SABRA-Copia-1.webp","width":400,"height":128,"caption":"SOCIEDADE ART\u00cdSTICA BRASILEIRA SABRA"},"image":{"@id":"https:\/\/www.sabra.org.br\/site\/#\/schema\/logo\/image\/"},"sameAs":["https:\/\/www.facebook.com\/sabrabrasil","https:\/\/x.com\/ContatoSabra","https:\/\/www.instagram.com\/sabrabrasil\/","https:\/\/www.linkedin.com\/company\/25002088\/","https:\/\/br.pinterest.com\/sociedadeartisticabrasileira\/","https:\/\/www.youtube.com\/c\/sabrabrasil"]},{"@type":"Person","@id":"https:\/\/www.sabra.org.br\/site\/#\/schema\/person\/7d1d222c3c8891d4c37c7b41bf6315c2","name":"M\u00e1rcio Miranda Pontes","image":{"@type":"ImageObject","inLanguage":"pt-BR","@id":"https:\/\/secure.gravatar.com\/avatar\/3b45f24496a7625a3a6c436688fbe20344faaeb2979658dc4a9921f984d7df9a?s=96&d=mm&r=g","url":"https:\/\/secure.gravatar.com\/avatar\/3b45f24496a7625a3a6c436688fbe20344faaeb2979658dc4a9921f984d7df9a?s=96&d=mm&r=g","contentUrl":"https:\/\/secure.gravatar.com\/avatar\/3b45f24496a7625a3a6c436688fbe20344faaeb2979658dc4a9921f984d7df9a?s=96&d=mm&r=g","caption":"M\u00e1rcio Miranda Pontes"},"sameAs":["http:\/\/www.sabra.org.br"],"url":"https:\/\/www.sabra.org.br\/site\/author\/marcio-miranda-pontes\/"}]}},"jetpack_featured_media_url":"https:\/\/www.sabra.org.br\/site\/wp-content\/uploads\/2018\/10\/x-motivos-para-inserir-musica-na-educacao-infantil-20180705134730.jpg.jpg","jetpack_shortlink":"https:\/\/wp.me\/p95j2Z-pF","jetpack-related-posts":[{"id":1495,"url":"https:\/\/www.sabra.org.br\/site\/beneficios-da-educacao-musical-infantil\/","url_meta":{"origin":1591,"position":0},"title":"Quais os benef\u00edcios da educa\u00e7\u00e3o musical infantil?","author":"M\u00e1rcio Miranda Pontes","date":"13 de setembro de 2018","format":false,"excerpt":"A m\u00fasica \u00e9 uma arte que encanta a todos, seja em qual cultura voc\u00ea esteja inserido ou a idade que voc\u00ea tiver. Quando o mundo da m\u00fasica \u00e9 introduzido ainda na inf\u00e2ncia, ela \u00e9 capaz de trazer benef\u00edcios e transforma\u00e7\u00f5es para a crian\u00e7a que ela carregar\u00e1 por toda a vida.\u2026","rel":"","context":"Em &quot;Blog SABRA&quot;","block_context":{"text":"Blog SABRA","link":"https:\/\/www.sabra.org.br\/site\/category\/blog-sabra\/"},"img":{"alt_text":"M\u00fasica","src":"https:\/\/i0.wp.com\/www.sabra.org.br\/site\/wp-content\/uploads\/2018\/09\/quais-os-beneficios-da-educacao-musical-infantil-20180702161300.jpg.jpg?resize=350%2C200&ssl=1","width":350,"height":200,"srcset":"https:\/\/i0.wp.com\/www.sabra.org.br\/site\/wp-content\/uploads\/2018\/09\/quais-os-beneficios-da-educacao-musical-infantil-20180702161300.jpg.jpg?resize=350%2C200&ssl=1 1x, https:\/\/i0.wp.com\/www.sabra.org.br\/site\/wp-content\/uploads\/2018\/09\/quais-os-beneficios-da-educacao-musical-infantil-20180702161300.jpg.jpg?resize=525%2C300&ssl=1 1.5x, https:\/\/i0.wp.com\/www.sabra.org.br\/site\/wp-content\/uploads\/2018\/09\/quais-os-beneficios-da-educacao-musical-infantil-20180702161300.jpg.jpg?resize=700%2C400&ssl=1 2x"},"classes":[]},{"id":7158,"url":"https:\/\/www.sabra.org.br\/site\/educacao-musical-infantil\/","url_meta":{"origin":1591,"position":1},"title":"Como trabalhar m\u00fasica na educa\u00e7\u00e3o infantil","author":"M\u00e1rcio Miranda Pontes","date":"18 de maio de 2023","format":false,"excerpt":"A m\u00fasica n\u00e3o s\u00f3 pode como deve ser trabalhada na vida da crian\u00e7a desde o per\u00edodo da educa\u00e7\u00e3o infantil. Saiba como implementar esse ensino para os pequenos com esse texto que preparamos sobre o assunto.","rel":"","context":"Em &quot;Blog SABRA&quot;","block_context":{"text":"Blog SABRA","link":"https:\/\/www.sabra.org.br\/site\/category\/blog-sabra\/"},"img":{"alt_text":"m\u00fasica-crian\u00e7a-projeto-ajude-desenvolvimento-educador-sabra","src":"https:\/\/i0.wp.com\/www.sabra.org.br\/site\/wp-content\/uploads\/2023\/05\/como-trabalhar-musica-na-educacao-infantil-20171229162457.jpg-jpg.webp?resize=350%2C200&ssl=1","width":350,"height":200,"srcset":"https:\/\/i0.wp.com\/www.sabra.org.br\/site\/wp-content\/uploads\/2023\/05\/como-trabalhar-musica-na-educacao-infantil-20171229162457.jpg-jpg.webp?resize=350%2C200&ssl=1 1x, https:\/\/i0.wp.com\/www.sabra.org.br\/site\/wp-content\/uploads\/2023\/05\/como-trabalhar-musica-na-educacao-infantil-20171229162457.jpg-jpg.webp?resize=525%2C300&ssl=1 1.5x, https:\/\/i0.wp.com\/www.sabra.org.br\/site\/wp-content\/uploads\/2023\/05\/como-trabalhar-musica-na-educacao-infantil-20171229162457.jpg-jpg.webp?resize=700%2C400&ssl=1 2x, https:\/\/i0.wp.com\/www.sabra.org.br\/site\/wp-content\/uploads\/2023\/05\/como-trabalhar-musica-na-educacao-infantil-20171229162457.jpg-jpg.webp?resize=1050%2C600&ssl=1 3x, https:\/\/i0.wp.com\/www.sabra.org.br\/site\/wp-content\/uploads\/2023\/05\/como-trabalhar-musica-na-educacao-infantil-20171229162457.jpg-jpg.webp?resize=1400%2C800&ssl=1 4x"},"classes":[]},{"id":4491,"url":"https:\/\/www.sabra.org.br\/site\/canto-crianca\/","url_meta":{"origin":1591,"position":2},"title":"Aula de canto: vale a pena colocar seus filhos?","author":"M\u00e1rcio Miranda Pontes","date":"29 de dezembro de 2021","format":false,"excerpt":"Muito al\u00e9m de aprender a cantar, as aulas de canto proporcionam uma s\u00e9rie de benef\u00edcios cognitivos e de desenvolvimento para as crian\u00e7as. Vamos entender melhor quais s\u00e3o as vantagens de colocar seu filho desde cedo nessa atividade.","rel":"","context":"Em &quot;Blog SABRA&quot;","block_context":{"text":"Blog SABRA","link":"https:\/\/www.sabra.org.br\/site\/category\/blog-sabra\/"},"img":{"alt_text":"canto-aulas-crian\u00e7a-desenvolvimento","src":"https:\/\/i0.wp.com\/www.sabra.org.br\/site\/wp-content\/uploads\/2021\/12\/aula-de-canto-vale-a-pena-colocar-seus-filhos-20211027111153.jpg.jpg?resize=350%2C200&ssl=1","width":350,"height":200,"srcset":"https:\/\/i0.wp.com\/www.sabra.org.br\/site\/wp-content\/uploads\/2021\/12\/aula-de-canto-vale-a-pena-colocar-seus-filhos-20211027111153.jpg.jpg?resize=350%2C200&ssl=1 1x, https:\/\/i0.wp.com\/www.sabra.org.br\/site\/wp-content\/uploads\/2021\/12\/aula-de-canto-vale-a-pena-colocar-seus-filhos-20211027111153.jpg.jpg?resize=525%2C300&ssl=1 1.5x, https:\/\/i0.wp.com\/www.sabra.org.br\/site\/wp-content\/uploads\/2021\/12\/aula-de-canto-vale-a-pena-colocar-seus-filhos-20211027111153.jpg.jpg?resize=700%2C400&ssl=1 2x"},"classes":[]},{"id":4131,"url":"https:\/\/www.sabra.org.br\/site\/canto-coral-2\/","url_meta":{"origin":1591,"position":3},"title":"Como o canto coral ajuda na educa\u00e7\u00e3o musical da crian\u00e7a","author":"M\u00e1rcio Miranda Pontes","date":"25 de agosto de 2021","format":false,"excerpt":"Como o canto coral ajuda na educa\u00e7\u00e3o musical da crian\u00e7a O canto coral \u00e9 uma excelente forma de ajudar a crian\u00e7a a desenvolver n\u00e3o apenas sua educa\u00e7\u00e3o musical, mas diversos aspectos de sua vida, como o relacionamento interpessoal e a concentra\u00e7\u00e3o, algo que \u00e9 preciso ter no ambiente escolar e\u2026","rel":"","context":"Em &quot;Blog SABRA&quot;","block_context":{"text":"Blog SABRA","link":"https:\/\/www.sabra.org.br\/site\/category\/blog-sabra\/"},"img":{"alt_text":"canto-coral-musical","src":"https:\/\/i0.wp.com\/www.sabra.org.br\/site\/wp-content\/uploads\/2021\/08\/como-o-canto-coral-ajuda-na-educacao-musical-da-crianca-20210311095559.jpg.jpg?resize=350%2C200&ssl=1","width":350,"height":200,"srcset":"https:\/\/i0.wp.com\/www.sabra.org.br\/site\/wp-content\/uploads\/2021\/08\/como-o-canto-coral-ajuda-na-educacao-musical-da-crianca-20210311095559.jpg.jpg?resize=350%2C200&ssl=1 1x, https:\/\/i0.wp.com\/www.sabra.org.br\/site\/wp-content\/uploads\/2021\/08\/como-o-canto-coral-ajuda-na-educacao-musical-da-crianca-20210311095559.jpg.jpg?resize=525%2C300&ssl=1 1.5x, https:\/\/i0.wp.com\/www.sabra.org.br\/site\/wp-content\/uploads\/2021\/08\/como-o-canto-coral-ajuda-na-educacao-musical-da-crianca-20210311095559.jpg.jpg?resize=700%2C400&ssl=1 2x"},"classes":[]},{"id":7217,"url":"https:\/\/www.sabra.org.br\/site\/concerto-ludico\/","url_meta":{"origin":1591,"position":4},"title":"Raz\u00f5es para ensinar m\u00fasica a crian\u00e7as atrav\u00e9s de concertos l\u00fadicos","author":"M\u00e1rcio Miranda Pontes","date":"29 de maio de 2023","format":false,"excerpt":"Voc\u00ea j\u00e1 ouviu falar sobre os benef\u00edcios que o ensino de m\u00fasica atrav\u00e9s de concertos l\u00fadicos pode trazer a crian\u00e7as das mais variadas idades? Hoje, vamos falar um pouco mais sobre o assunto. Confira!","rel":"","context":"Em &quot;Blog SABRA&quot;","block_context":{"text":"Blog SABRA","link":"https:\/\/www.sabra.org.br\/site\/category\/blog-sabra\/"},"img":{"alt_text":"sociais-crian\u00e7a-m\u00fasica-concerto-cultura-educa\u00e7\u00e3o-interesse-social-sabra","src":"https:\/\/i0.wp.com\/www.sabra.org.br\/site\/wp-content\/uploads\/2023\/05\/x-razoes-para-ensinar-musica-a-criancas-atraves-de-concertos-ludicos-20181030105249.jpg-jpg.webp?resize=350%2C200&ssl=1","width":350,"height":200,"srcset":"https:\/\/i0.wp.com\/www.sabra.org.br\/site\/wp-content\/uploads\/2023\/05\/x-razoes-para-ensinar-musica-a-criancas-atraves-de-concertos-ludicos-20181030105249.jpg-jpg.webp?resize=350%2C200&ssl=1 1x, https:\/\/i0.wp.com\/www.sabra.org.br\/site\/wp-content\/uploads\/2023\/05\/x-razoes-para-ensinar-musica-a-criancas-atraves-de-concertos-ludicos-20181030105249.jpg-jpg.webp?resize=525%2C300&ssl=1 1.5x, https:\/\/i0.wp.com\/www.sabra.org.br\/site\/wp-content\/uploads\/2023\/05\/x-razoes-para-ensinar-musica-a-criancas-atraves-de-concertos-ludicos-20181030105249.jpg-jpg.webp?resize=700%2C400&ssl=1 2x"},"classes":[]},{"id":7101,"url":"https:\/\/www.sabra.org.br\/site\/coral-infantil\/","url_meta":{"origin":1591,"position":5},"title":"Curso de Coral Infantil","author":"M\u00e1rcio Miranda Pontes","date":"10 de maio de 2023","format":false,"excerpt":"Atuar no coral infantil \u00e9 uma \u00f3tima op\u00e7\u00e3o para ajudar na socializa\u00e7\u00e3o e inclus\u00e3o de seu filho. Ent\u00e3o por que n\u00e3o investir em um curso de coral infantil? Confira no texto a seguir quais s\u00e3o os benef\u00edcios.","rel":"","context":"Em &quot;Blog SABRA&quot;","block_context":{"text":"Blog SABRA","link":"https:\/\/www.sabra.org.br\/site\/category\/blog-sabra\/"},"img":{"alt_text":"coral-crian\u00e7a-canta-gostar-m\u00fasica","src":"https:\/\/i0.wp.com\/www.sabra.org.br\/site\/wp-content\/uploads\/2023\/05\/curso-de-coral-infantil-20171229162457.jpg-jpg.webp?resize=350%2C200&ssl=1","width":350,"height":200,"srcset":"https:\/\/i0.wp.com\/www.sabra.org.br\/site\/wp-content\/uploads\/2023\/05\/curso-de-coral-infantil-20171229162457.jpg-jpg.webp?resize=350%2C200&ssl=1 1x, https:\/\/i0.wp.com\/www.sabra.org.br\/site\/wp-content\/uploads\/2023\/05\/curso-de-coral-infantil-20171229162457.jpg-jpg.webp?resize=525%2C300&ssl=1 1.5x, https:\/\/i0.wp.com\/www.sabra.org.br\/site\/wp-content\/uploads\/2023\/05\/curso-de-coral-infantil-20171229162457.jpg-jpg.webp?resize=700%2C400&ssl=1 2x, https:\/\/i0.wp.com\/www.sabra.org.br\/site\/wp-content\/uploads\/2023\/05\/curso-de-coral-infantil-20171229162457.jpg-jpg.webp?resize=1050%2C600&ssl=1 3x"},"classes":[]}],"jetpack_likes_enabled":true,"jetpack_sharing_enabled":true,"_links":{"self":[{"href":"https:\/\/www.sabra.org.br\/site\/wp-json\/wp\/v2\/posts\/1591","targetHints":{"allow":["GET"]}}],"collection":[{"href":"https:\/\/www.sabra.org.br\/site\/wp-json\/wp\/v2\/posts"}],"about":[{"href":"https:\/\/www.sabra.org.br\/site\/wp-json\/wp\/v2\/types\/post"}],"author":[{"embeddable":true,"href":"https:\/\/www.sabra.org.br\/site\/wp-json\/wp\/v2\/users\/39"}],"replies":[{"embeddable":true,"href":"https:\/\/www.sabra.org.br\/site\/wp-json\/wp\/v2\/comments?post=1591"}],"version-history":[{"count":0,"href":"https:\/\/www.sabra.org.br\/site\/wp-json\/wp\/v2\/posts\/1591\/revisions"}],"wp:featuredmedia":[{"embeddable":true,"href":"https:\/\/www.sabra.org.br\/site\/wp-json\/wp\/v2\/media\/1592"}],"wp:attachment":[{"href":"https:\/\/www.sabra.org.br\/site\/wp-json\/wp\/v2\/media?parent=1591"}],"wp:term":[{"taxonomy":"category","embeddable":true,"href":"https:\/\/www.sabra.org.br\/site\/wp-json\/wp\/v2\/categories?post=1591"},{"taxonomy":"post_tag","embeddable":true,"href":"https:\/\/www.sabra.org.br\/site\/wp-json\/wp\/v2\/tags?post=1591"}],"curies":[{"name":"wp","href":"https:\/\/api.w.org\/{rel}","templated":true}]}}