{"id":1596,"date":"2018-10-23T09:55:49","date_gmt":"2018-10-23T11:55:49","guid":{"rendered":"https:\/\/www.sabra.org.br\/site\/?p=1596"},"modified":"2025-04-20T19:15:41","modified_gmt":"2025-04-20T22:15:41","slug":"educacao-em-acao","status":"publish","type":"post","link":"https:\/\/www.sabra.org.br\/site\/educacao-em-acao\/","title":{"rendered":"EDUCA\u00c7\u00c3O EM A\u00c7\u00c3O"},"content":{"rendered":"<h3>O que \u00e9 e quais s\u00e3o seus objetivos?<\/h3>\n<p>A educa\u00e7\u00e3o brasileira esbarra em muitos desafios que se interp\u00f5em \u00e0 sua plena realiza\u00e7\u00e3o. Entre as metas que mesmo com dificuldades ela pretende alcan\u00e7ar, podemos citar a forma\u00e7\u00e3o de cidad\u00e3os. Neste quesito \u00e9 importante que sempre entendamos a educa\u00e7\u00e3o para al\u00e9m do seu papel de instru\u00e7\u00e3o formal. Mesmo porque o mundo contempor\u00e2neo demanda muito mais do que apenas conhecimentos t\u00e9cnicos dos alunos. H\u00e1 algumas pr\u00e1ticas educacionais que podem ajudar neste sentido. \u00c9 por isso que trataremos da a\u00e7\u00e3o educativa. Entenda neste artigo o que \u00e9 e quais s\u00e3o os seus objetivos.<\/p>\n<p>Quando falamos desta atividade consideramos que o papel dos educadores passa a ser motivar os estudantes de forma diferenciada. Isso significa que partindo do saber acad\u00eamico explora\u00e7\u00f5es mais amplas devem ser iniciadas \u2013 ou, ao menos, estimuladas. Para atingir este fim, em 1994 surgiu uma associa\u00e7\u00e3o civil sem fins lucrativos que deu corpo \u00e0 ideia. A a\u00e7\u00e3o educativa, enquanto pr\u00e1tica e institui\u00e7\u00e3o, articula diferentes estrat\u00e9gias e pessoas para atuar nos campos da cultura, educa\u00e7\u00e3o e juventude.<\/p>\n<h3>A\u00e7\u00f5es em Educa\u00e7\u00e3o e campos de interven\u00e7\u00e3o<\/h3>\n<p>Para estimular a <a href=\"https:\/\/www.sabra.org.br\/site\/beneficios-da-educacao-musical-infantil\/\">educa\u00e7\u00e3o<\/a> como um ato positivo de crescimento dentro dos valores propostos \u00e9 necess\u00e1rio investir em diferentes atividades. Estas s\u00e3o voltadas para grupos de educadores, aos jovens e tamb\u00e9m agentes que promovem a <a href=\"https:\/\/www.sabra.org.br\/site\/como-a-cultura-pode-influenciar-na-aprendizagem\/\">cultura<\/a>. Quando s\u00e3o trabalhadas campanhas e a\u00e7\u00f5es de natureza coletiva os valores dos direitos humanos devem ser promovidos.<\/p>\n<p>Os projetos respeitam tr\u00eas conceitos principais: experimenta\u00e7\u00e3o, produ\u00e7\u00e3o de conhecimento e incid\u00eancia em pol\u00edticas p\u00fablicas. No \u00faltimo quesito o objetivo \u00e9 ajudar a construir programas que atendam ao interesse geral da popula\u00e7\u00e3o. Muitas destas a\u00e7\u00f5es est\u00e3o voltadas \u00e0s popula\u00e7\u00f5es perif\u00e9ricas, historicamente carentes de cuidados governamentais. \u00c9 reconhecido que s\u00e3o os alunos destas \u00e1reas aqueles que mais precisam de motiva\u00e7\u00e3o nos estudos.<\/p>\n<p>Assim, \u00e9 de extrema import\u00e2ncia que cultura e educa\u00e7\u00e3o possam apresentar seus benef\u00edcios \u00e0s popula\u00e7\u00f5es que sofrem discrimina\u00e7\u00e3o. Quanto aos marginalizados, h\u00e1 a\u00e7\u00f5es que englobam desde temas simples como o grafite, at\u00e9 a educa\u00e7\u00e3o de pessoas privadas de liberdade. Um direito garantido internacionalmente, mas que muitas vezes \u00e9 esquecido no pa\u00eds. A amplitude dos projetos da a\u00e7\u00e3o educativa engloba forma\u00e7\u00e3o, difus\u00e3o cultural, a\u00e7\u00e3o pol\u00edtica, informa\u00e7\u00e3o, pesquisa e assessoria.<\/p>\n<h3>Objetivos na pr\u00e1tica<\/h3>\n<p>Na forma\u00e7\u00e3o estimula-se sobretudo a educa\u00e7\u00e3o popular, adaptando o ensino \u00e0 realidade de cada indiv\u00edduo. S\u00e3o respeitados neste processo os saberes pr\u00f3prios que existem nas comunidades brasileiras. Al\u00e9m disso, com a participa\u00e7\u00e3o coletiva objetiva-se construir uma gama nova de conhecimentos. A difus\u00e3o cultural, por sua vez, est\u00e1 ligada ao trato com as diversas artes em seu potencial pol\u00edtico e social.<\/p>\n<p><a href=\"https:\/\/www.sabra.org.br\/site\/qual-a-importancia-da-educacao-musical-na-escola\/\">M\u00fasica<\/a>, artes pl\u00e1sticas, cinema, literatura, dentre outras, s\u00e3o uma ponte para entender o Brasil e o mundo. Ao mesmo tempo oferecem possibilidade de reflex\u00e3o sobre a pr\u00f3pria condi\u00e7\u00e3o social e hist\u00f3rica dos alunos. J\u00e1 a a\u00e7\u00e3o pol\u00edtica est\u00e1 fundamentada na certeza de que a democracia necessita de maior participa\u00e7\u00e3o da sociedade civil. Caminho este privilegiado se quisermos promover a justi\u00e7a social.<\/p>\n<p>A atua\u00e7\u00e3o da a\u00e7\u00e3o educativa vai acontecer nas redes de ensino e escolas ou atrav\u00e9s de \u00f3rg\u00e3os p\u00fablicos e organiza\u00e7\u00f5es da sociedade civil. Tamb\u00e9m os coletivos e comunidades s\u00e3o privilegiados pelas atividades aqui expressas. \u00c9 desta forma, em estreito di\u00e1logo e colabora\u00e7\u00e3o com a sociedade, que os objetivos listados podem ser cumpridos. Ou seja, promo\u00e7\u00e3o da democracia, da justi\u00e7a social e dos valores de sustentabilidade. Como efeito colateral, muitos dos impasses hoje vividos na educa\u00e7\u00e3o brasileira podem ser aliviados. Ao mesmo tempo, \u00e9 um est\u00edmulo ao desenvolvimento de cidad\u00e3os mais conscientes.<\/p>\n<p>&nbsp;<\/p>\n<h4>Se voc\u00ea gostou deste post:<\/h4>\n<p>&#8211; siga as nossas p\u00e1ginas nas redes sociais para acompanhar as nossas atualiza\u00e7\u00f5es: estamos no <a href=\"https:\/\/www.facebook.com\/sabrabrasil\" target=\"_blank\" rel=\"noopener\">Facebook<\/a>, no <a href=\"https:\/\/www.instagram.com\/sabrabrasil\/\" target=\"_blank\" rel=\"noopener\">Instagram<\/a>, no <a href=\"https:\/\/www.linkedin.com\/company\/25002088\" target=\"_blank\" rel=\"noopener\">LinkedIn<\/a>, no <a href=\"https:\/\/twitter.com\/ContatoSabra\" target=\"_blank\" rel=\"noopener\">Twitter<\/a> e no <a href=\"https:\/\/www.youtube.com\/channel\/UCJw-kbuEvzUNdeQf20Pa-eQ\" target=\"_blank\" rel=\"noopener\">YouTube<\/a>!<\/p>\n<p>&#8211; Conhe\u00e7a o trabalho da Sociedade Art\u00edstica Brasileira (SABRA) e todas as iniciativas culturais e sociais que ela mant\u00e9m. <a href=\"https:\/\/www.sabra.org.br\/site\/acoes\/\" target=\"_blank\" rel=\"noopener\">Acesse nosso site!<\/a><\/p>\n<p>&#8211; entre em contato com a gente. E veja quais s\u00e3o as op\u00e7\u00f5es de ajuda na manuten\u00e7\u00e3o de nossas a\u00e7\u00f5es sociais e culturais. Basta acessar nossa p\u00e1gina <a href=\"https:\/\/www.sabra.org.br\/site\/doe-agora\/\" target=\"_blank\" rel=\"noopener\">Doe Agora!<\/a><\/p>\n<p>&#8211; Compartilhe este texto nas suas redes sociais e ajude os seus amigos a tamb\u00e9m dominarem o assunto!<\/p>\n","protected":false},"excerpt":{"rendered":"<p>O que \u00e9 e quais s\u00e3o seus objetivos? A educa\u00e7\u00e3o brasileira esbarra em muitos desafios que se interp\u00f5em \u00e0 sua plena realiza\u00e7\u00e3o. Entre as metas&hellip;<\/p>\n","protected":false},"author":39,"featured_media":1597,"comment_status":"closed","ping_status":"closed","sticky":false,"template":"","format":"standard","meta":{"jetpack_post_was_ever_published":false,"_jetpack_newsletter_access":"","_jetpack_dont_email_post_to_subs":false,"_jetpack_newsletter_tier_id":0,"_jetpack_memberships_contains_paywalled_content":false,"_jetpack_memberships_contains_paid_content":false,"footnotes":""},"categories":[1],"tags":[15,8,16,12,11,9],"class_list":["post-1596","post","type-post","status-publish","format-standard","has-post-thumbnail","hentry","category-blog-sabra","tag-assistencia-social","tag-canto-coral","tag-musicalizacao-infantil","tag-oficina-musical-sabra","tag-orquestra-sinfonica-de-betim","tag-sociedade-artistica-brasileira"],"yoast_head":"<!-- This site is optimized with the Yoast SEO plugin v27.5 - https:\/\/yoast.com\/product\/yoast-seo-wordpress\/ -->\n<title>EDUCA\u00c7\u00c3O EM A\u00c7\u00c3O - SABRA - Sociedade Art\u00edstica Brasileira<\/title>\n<meta name=\"description\" content=\"As a\u00e7\u00f5es em educa\u00e7\u00e3o musical tem como principais objetivos a forma\u00e7\u00e3o, qualifica\u00e7\u00e3o e especializa\u00e7\u00e3o de professores do ensino regular.\" \/>\n<meta name=\"robots\" content=\"index, follow, max-snippet:-1, max-image-preview:large, max-video-preview:-1\" \/>\n<link rel=\"canonical\" href=\"https:\/\/www.sabra.org.br\/site\/educacao-em-acao\/\" \/>\n<meta property=\"og:locale\" content=\"pt_BR\" \/>\n<meta property=\"og:type\" content=\"article\" \/>\n<meta property=\"og:title\" content=\"EDUCA\u00c7\u00c3O EM A\u00c7\u00c3O - SABRA - Sociedade Art\u00edstica Brasileira\" \/>\n<meta property=\"og:description\" content=\"As a\u00e7\u00f5es em educa\u00e7\u00e3o musical tem como principais objetivos a forma\u00e7\u00e3o, qualifica\u00e7\u00e3o e especializa\u00e7\u00e3o de professores do ensino regular.\" \/>\n<meta property=\"og:url\" content=\"https:\/\/www.sabra.org.br\/site\/educacao-em-acao\/\" \/>\n<meta property=\"og:site_name\" content=\"SABRA - Sociedade Art\u00edstica Brasileira\" \/>\n<meta property=\"article:publisher\" content=\"https:\/\/www.facebook.com\/sabrabrasil\" \/>\n<meta property=\"article:published_time\" content=\"2018-10-23T11:55:49+00:00\" \/>\n<meta property=\"article:modified_time\" content=\"2025-04-20T22:15:41+00:00\" \/>\n<meta property=\"og:image\" content=\"https:\/\/www.sabra.org.br\/site\/wp-content\/uploads\/2018\/10\/acao-educativa-o-que-e-e-quais-sao-seus-objetivos-20180705134730.jpg.jpg\" \/>\n\t<meta property=\"og:image:width\" content=\"1200\" \/>\n\t<meta property=\"og:image:height\" content=\"630\" \/>\n\t<meta property=\"og:image:type\" content=\"image\/jpeg\" \/>\n<meta name=\"author\" content=\"M\u00e1rcio Miranda Pontes\" \/>\n<meta name=\"twitter:card\" content=\"summary_large_image\" \/>\n<meta name=\"twitter:creator\" content=\"@ContatoSabra\" \/>\n<meta name=\"twitter:site\" content=\"@ContatoSabra\" \/>\n<meta name=\"twitter:label1\" content=\"Escrito por\" \/>\n\t<meta name=\"twitter:data1\" content=\"M\u00e1rcio Miranda Pontes\" \/>\n\t<meta name=\"twitter:label2\" content=\"Est. tempo de leitura\" \/>\n\t<meta name=\"twitter:data2\" content=\"4 minutos\" \/>\n<script type=\"application\/ld+json\" class=\"yoast-schema-graph\">{\"@context\":\"https:\\\/\\\/schema.org\",\"@graph\":[{\"@type\":\"Article\",\"@id\":\"https:\\\/\\\/www.sabra.org.br\\\/site\\\/educacao-em-acao\\\/#article\",\"isPartOf\":{\"@id\":\"https:\\\/\\\/www.sabra.org.br\\\/site\\\/educacao-em-acao\\\/\"},\"author\":{\"name\":\"M\u00e1rcio Miranda Pontes\",\"@id\":\"https:\\\/\\\/www.sabra.org.br\\\/site\\\/#\\\/schema\\\/person\\\/7d1d222c3c8891d4c37c7b41bf6315c2\"},\"headline\":\"EDUCA\u00c7\u00c3O EM A\u00c7\u00c3O\",\"datePublished\":\"2018-10-23T11:55:49+00:00\",\"dateModified\":\"2025-04-20T22:15:41+00:00\",\"mainEntityOfPage\":{\"@id\":\"https:\\\/\\\/www.sabra.org.br\\\/site\\\/educacao-em-acao\\\/\"},\"wordCount\":774,\"publisher\":{\"@id\":\"https:\\\/\\\/www.sabra.org.br\\\/site\\\/#organization\"},\"image\":{\"@id\":\"https:\\\/\\\/www.sabra.org.br\\\/site\\\/educacao-em-acao\\\/#primaryimage\"},\"thumbnailUrl\":\"https:\\\/\\\/www.sabra.org.br\\\/site\\\/wp-content\\\/uploads\\\/2018\\\/10\\\/acao-educativa-o-que-e-e-quais-sao-seus-objetivos-20180705134730.jpg.jpg\",\"keywords\":[\"Assist\u00eancia social\",\"Canto Coral\",\"Musicaliza\u00e7\u00e3o Infantil\",\"Oficina Musical SABRA\",\"Orquestra Sinf\u00f4nica de Betim\",\"Sociedade Art\u00edstica Brasileira\"],\"articleSection\":[\"Blog SABRA\"],\"inLanguage\":\"pt-BR\"},{\"@type\":\"WebPage\",\"@id\":\"https:\\\/\\\/www.sabra.org.br\\\/site\\\/educacao-em-acao\\\/\",\"url\":\"https:\\\/\\\/www.sabra.org.br\\\/site\\\/educacao-em-acao\\\/\",\"name\":\"EDUCA\u00c7\u00c3O EM A\u00c7\u00c3O - SABRA - Sociedade Art\u00edstica Brasileira\",\"isPartOf\":{\"@id\":\"https:\\\/\\\/www.sabra.org.br\\\/site\\\/#website\"},\"primaryImageOfPage\":{\"@id\":\"https:\\\/\\\/www.sabra.org.br\\\/site\\\/educacao-em-acao\\\/#primaryimage\"},\"image\":{\"@id\":\"https:\\\/\\\/www.sabra.org.br\\\/site\\\/educacao-em-acao\\\/#primaryimage\"},\"thumbnailUrl\":\"https:\\\/\\\/www.sabra.org.br\\\/site\\\/wp-content\\\/uploads\\\/2018\\\/10\\\/acao-educativa-o-que-e-e-quais-sao-seus-objetivos-20180705134730.jpg.jpg\",\"datePublished\":\"2018-10-23T11:55:49+00:00\",\"dateModified\":\"2025-04-20T22:15:41+00:00\",\"description\":\"As a\u00e7\u00f5es em educa\u00e7\u00e3o musical tem como principais objetivos a forma\u00e7\u00e3o, qualifica\u00e7\u00e3o e especializa\u00e7\u00e3o de professores do ensino regular.\",\"breadcrumb\":{\"@id\":\"https:\\\/\\\/www.sabra.org.br\\\/site\\\/educacao-em-acao\\\/#breadcrumb\"},\"inLanguage\":\"pt-BR\",\"potentialAction\":[{\"@type\":\"ReadAction\",\"target\":[\"https:\\\/\\\/www.sabra.org.br\\\/site\\\/educacao-em-acao\\\/\"]}]},{\"@type\":\"ImageObject\",\"inLanguage\":\"pt-BR\",\"@id\":\"https:\\\/\\\/www.sabra.org.br\\\/site\\\/educacao-em-acao\\\/#primaryimage\",\"url\":\"https:\\\/\\\/www.sabra.org.br\\\/site\\\/wp-content\\\/uploads\\\/2018\\\/10\\\/acao-educativa-o-que-e-e-quais-sao-seus-objetivos-20180705134730.jpg.jpg\",\"contentUrl\":\"https:\\\/\\\/www.sabra.org.br\\\/site\\\/wp-content\\\/uploads\\\/2018\\\/10\\\/acao-educativa-o-que-e-e-quais-sao-seus-objetivos-20180705134730.jpg.jpg\",\"width\":1200,\"height\":630,\"caption\":\"Sociedade Art\u00edstica Brasileira SABRA\"},{\"@type\":\"BreadcrumbList\",\"@id\":\"https:\\\/\\\/www.sabra.org.br\\\/site\\\/educacao-em-acao\\\/#breadcrumb\",\"itemListElement\":[{\"@type\":\"ListItem\",\"position\":1,\"name\":\"In\u00edcio\",\"item\":\"https:\\\/\\\/www.sabra.org.br\\\/site\\\/\"},{\"@type\":\"ListItem\",\"position\":2,\"name\":\"EDUCA\u00c7\u00c3O EM A\u00c7\u00c3O\"}]},{\"@type\":\"WebSite\",\"@id\":\"https:\\\/\\\/www.sabra.org.br\\\/site\\\/#website\",\"url\":\"https:\\\/\\\/www.sabra.org.br\\\/site\\\/\",\"name\":\"SABRA - Sociedade Art\u00edstica Brasileira\",\"description\":\"Escola de M\u00fasica, Orquestra Sinf\u00f4nica, Coral e Patrim\u00f4nio Cultural e Hist\u00f3rico\",\"publisher\":{\"@id\":\"https:\\\/\\\/www.sabra.org.br\\\/site\\\/#organization\"},\"potentialAction\":[{\"@type\":\"SearchAction\",\"target\":{\"@type\":\"EntryPoint\",\"urlTemplate\":\"https:\\\/\\\/www.sabra.org.br\\\/site\\\/?s={search_term_string}\"},\"query-input\":{\"@type\":\"PropertyValueSpecification\",\"valueRequired\":true,\"valueName\":\"search_term_string\"}}],\"inLanguage\":\"pt-BR\"},{\"@type\":\"Organization\",\"@id\":\"https:\\\/\\\/www.sabra.org.br\\\/site\\\/#organization\",\"name\":\"SOCIEDADE ART\u00cdSTICA BRASILEIRA SABRA\",\"alternateName\":\"SABRA\",\"url\":\"https:\\\/\\\/www.sabra.org.br\\\/site\\\/\",\"logo\":{\"@type\":\"ImageObject\",\"inLanguage\":\"pt-BR\",\"@id\":\"https:\\\/\\\/www.sabra.org.br\\\/site\\\/#\\\/schema\\\/logo\\\/image\\\/\",\"url\":\"https:\\\/\\\/www.sabra.org.br\\\/site\\\/wp-content\\\/uploads\\\/2019\\\/06\\\/cropped-Logo_SABRA-Copia-1.webp\",\"contentUrl\":\"https:\\\/\\\/www.sabra.org.br\\\/site\\\/wp-content\\\/uploads\\\/2019\\\/06\\\/cropped-Logo_SABRA-Copia-1.webp\",\"width\":400,\"height\":128,\"caption\":\"SOCIEDADE ART\u00cdSTICA BRASILEIRA SABRA\"},\"image\":{\"@id\":\"https:\\\/\\\/www.sabra.org.br\\\/site\\\/#\\\/schema\\\/logo\\\/image\\\/\"},\"sameAs\":[\"https:\\\/\\\/www.facebook.com\\\/sabrabrasil\",\"https:\\\/\\\/x.com\\\/ContatoSabra\",\"https:\\\/\\\/www.instagram.com\\\/sabrabrasil\\\/\",\"https:\\\/\\\/www.linkedin.com\\\/company\\\/25002088\\\/\",\"https:\\\/\\\/br.pinterest.com\\\/sociedadeartisticabrasileira\\\/\",\"https:\\\/\\\/www.youtube.com\\\/c\\\/sabrabrasil\"]},{\"@type\":\"Person\",\"@id\":\"https:\\\/\\\/www.sabra.org.br\\\/site\\\/#\\\/schema\\\/person\\\/7d1d222c3c8891d4c37c7b41bf6315c2\",\"name\":\"M\u00e1rcio Miranda Pontes\",\"image\":{\"@type\":\"ImageObject\",\"inLanguage\":\"pt-BR\",\"@id\":\"https:\\\/\\\/secure.gravatar.com\\\/avatar\\\/3b45f24496a7625a3a6c436688fbe20344faaeb2979658dc4a9921f984d7df9a?s=96&d=mm&r=g\",\"url\":\"https:\\\/\\\/secure.gravatar.com\\\/avatar\\\/3b45f24496a7625a3a6c436688fbe20344faaeb2979658dc4a9921f984d7df9a?s=96&d=mm&r=g\",\"contentUrl\":\"https:\\\/\\\/secure.gravatar.com\\\/avatar\\\/3b45f24496a7625a3a6c436688fbe20344faaeb2979658dc4a9921f984d7df9a?s=96&d=mm&r=g\",\"caption\":\"M\u00e1rcio Miranda Pontes\"},\"sameAs\":[\"http:\\\/\\\/www.sabra.org.br\"],\"url\":\"https:\\\/\\\/www.sabra.org.br\\\/site\\\/author\\\/marcio-miranda-pontes\\\/\"}]}<\/script>\n<!-- \/ Yoast SEO plugin. -->","yoast_head_json":{"title":"EDUCA\u00c7\u00c3O EM A\u00c7\u00c3O - SABRA - Sociedade Art\u00edstica Brasileira","description":"As a\u00e7\u00f5es em educa\u00e7\u00e3o musical tem como principais objetivos a forma\u00e7\u00e3o, qualifica\u00e7\u00e3o e especializa\u00e7\u00e3o de professores do ensino regular.","robots":{"index":"index","follow":"follow","max-snippet":"max-snippet:-1","max-image-preview":"max-image-preview:large","max-video-preview":"max-video-preview:-1"},"canonical":"https:\/\/www.sabra.org.br\/site\/educacao-em-acao\/","og_locale":"pt_BR","og_type":"article","og_title":"EDUCA\u00c7\u00c3O EM A\u00c7\u00c3O - SABRA - Sociedade Art\u00edstica Brasileira","og_description":"As a\u00e7\u00f5es em educa\u00e7\u00e3o musical tem como principais objetivos a forma\u00e7\u00e3o, qualifica\u00e7\u00e3o e especializa\u00e7\u00e3o de professores do ensino regular.","og_url":"https:\/\/www.sabra.org.br\/site\/educacao-em-acao\/","og_site_name":"SABRA - Sociedade Art\u00edstica Brasileira","article_publisher":"https:\/\/www.facebook.com\/sabrabrasil","article_published_time":"2018-10-23T11:55:49+00:00","article_modified_time":"2025-04-20T22:15:41+00:00","og_image":[{"width":1200,"height":630,"url":"https:\/\/www.sabra.org.br\/site\/wp-content\/uploads\/2018\/10\/acao-educativa-o-que-e-e-quais-sao-seus-objetivos-20180705134730.jpg.jpg","type":"image\/jpeg"}],"author":"M\u00e1rcio Miranda Pontes","twitter_card":"summary_large_image","twitter_creator":"@ContatoSabra","twitter_site":"@ContatoSabra","twitter_misc":{"Escrito por":"M\u00e1rcio Miranda Pontes","Est. tempo de leitura":"4 minutos"},"schema":{"@context":"https:\/\/schema.org","@graph":[{"@type":"Article","@id":"https:\/\/www.sabra.org.br\/site\/educacao-em-acao\/#article","isPartOf":{"@id":"https:\/\/www.sabra.org.br\/site\/educacao-em-acao\/"},"author":{"name":"M\u00e1rcio Miranda Pontes","@id":"https:\/\/www.sabra.org.br\/site\/#\/schema\/person\/7d1d222c3c8891d4c37c7b41bf6315c2"},"headline":"EDUCA\u00c7\u00c3O EM A\u00c7\u00c3O","datePublished":"2018-10-23T11:55:49+00:00","dateModified":"2025-04-20T22:15:41+00:00","mainEntityOfPage":{"@id":"https:\/\/www.sabra.org.br\/site\/educacao-em-acao\/"},"wordCount":774,"publisher":{"@id":"https:\/\/www.sabra.org.br\/site\/#organization"},"image":{"@id":"https:\/\/www.sabra.org.br\/site\/educacao-em-acao\/#primaryimage"},"thumbnailUrl":"https:\/\/www.sabra.org.br\/site\/wp-content\/uploads\/2018\/10\/acao-educativa-o-que-e-e-quais-sao-seus-objetivos-20180705134730.jpg.jpg","keywords":["Assist\u00eancia social","Canto Coral","Musicaliza\u00e7\u00e3o Infantil","Oficina Musical SABRA","Orquestra Sinf\u00f4nica de Betim","Sociedade Art\u00edstica Brasileira"],"articleSection":["Blog SABRA"],"inLanguage":"pt-BR"},{"@type":"WebPage","@id":"https:\/\/www.sabra.org.br\/site\/educacao-em-acao\/","url":"https:\/\/www.sabra.org.br\/site\/educacao-em-acao\/","name":"EDUCA\u00c7\u00c3O EM A\u00c7\u00c3O - SABRA - Sociedade Art\u00edstica Brasileira","isPartOf":{"@id":"https:\/\/www.sabra.org.br\/site\/#website"},"primaryImageOfPage":{"@id":"https:\/\/www.sabra.org.br\/site\/educacao-em-acao\/#primaryimage"},"image":{"@id":"https:\/\/www.sabra.org.br\/site\/educacao-em-acao\/#primaryimage"},"thumbnailUrl":"https:\/\/www.sabra.org.br\/site\/wp-content\/uploads\/2018\/10\/acao-educativa-o-que-e-e-quais-sao-seus-objetivos-20180705134730.jpg.jpg","datePublished":"2018-10-23T11:55:49+00:00","dateModified":"2025-04-20T22:15:41+00:00","description":"As a\u00e7\u00f5es em educa\u00e7\u00e3o musical tem como principais objetivos a forma\u00e7\u00e3o, qualifica\u00e7\u00e3o e especializa\u00e7\u00e3o de professores do ensino regular.","breadcrumb":{"@id":"https:\/\/www.sabra.org.br\/site\/educacao-em-acao\/#breadcrumb"},"inLanguage":"pt-BR","potentialAction":[{"@type":"ReadAction","target":["https:\/\/www.sabra.org.br\/site\/educacao-em-acao\/"]}]},{"@type":"ImageObject","inLanguage":"pt-BR","@id":"https:\/\/www.sabra.org.br\/site\/educacao-em-acao\/#primaryimage","url":"https:\/\/www.sabra.org.br\/site\/wp-content\/uploads\/2018\/10\/acao-educativa-o-que-e-e-quais-sao-seus-objetivos-20180705134730.jpg.jpg","contentUrl":"https:\/\/www.sabra.org.br\/site\/wp-content\/uploads\/2018\/10\/acao-educativa-o-que-e-e-quais-sao-seus-objetivos-20180705134730.jpg.jpg","width":1200,"height":630,"caption":"Sociedade Art\u00edstica Brasileira SABRA"},{"@type":"BreadcrumbList","@id":"https:\/\/www.sabra.org.br\/site\/educacao-em-acao\/#breadcrumb","itemListElement":[{"@type":"ListItem","position":1,"name":"In\u00edcio","item":"https:\/\/www.sabra.org.br\/site\/"},{"@type":"ListItem","position":2,"name":"EDUCA\u00c7\u00c3O EM A\u00c7\u00c3O"}]},{"@type":"WebSite","@id":"https:\/\/www.sabra.org.br\/site\/#website","url":"https:\/\/www.sabra.org.br\/site\/","name":"SABRA - Sociedade Art\u00edstica Brasileira","description":"Escola de M\u00fasica, Orquestra Sinf\u00f4nica, Coral e Patrim\u00f4nio Cultural e Hist\u00f3rico","publisher":{"@id":"https:\/\/www.sabra.org.br\/site\/#organization"},"potentialAction":[{"@type":"SearchAction","target":{"@type":"EntryPoint","urlTemplate":"https:\/\/www.sabra.org.br\/site\/?s={search_term_string}"},"query-input":{"@type":"PropertyValueSpecification","valueRequired":true,"valueName":"search_term_string"}}],"inLanguage":"pt-BR"},{"@type":"Organization","@id":"https:\/\/www.sabra.org.br\/site\/#organization","name":"SOCIEDADE ART\u00cdSTICA BRASILEIRA SABRA","alternateName":"SABRA","url":"https:\/\/www.sabra.org.br\/site\/","logo":{"@type":"ImageObject","inLanguage":"pt-BR","@id":"https:\/\/www.sabra.org.br\/site\/#\/schema\/logo\/image\/","url":"https:\/\/www.sabra.org.br\/site\/wp-content\/uploads\/2019\/06\/cropped-Logo_SABRA-Copia-1.webp","contentUrl":"https:\/\/www.sabra.org.br\/site\/wp-content\/uploads\/2019\/06\/cropped-Logo_SABRA-Copia-1.webp","width":400,"height":128,"caption":"SOCIEDADE ART\u00cdSTICA BRASILEIRA SABRA"},"image":{"@id":"https:\/\/www.sabra.org.br\/site\/#\/schema\/logo\/image\/"},"sameAs":["https:\/\/www.facebook.com\/sabrabrasil","https:\/\/x.com\/ContatoSabra","https:\/\/www.instagram.com\/sabrabrasil\/","https:\/\/www.linkedin.com\/company\/25002088\/","https:\/\/br.pinterest.com\/sociedadeartisticabrasileira\/","https:\/\/www.youtube.com\/c\/sabrabrasil"]},{"@type":"Person","@id":"https:\/\/www.sabra.org.br\/site\/#\/schema\/person\/7d1d222c3c8891d4c37c7b41bf6315c2","name":"M\u00e1rcio Miranda Pontes","image":{"@type":"ImageObject","inLanguage":"pt-BR","@id":"https:\/\/secure.gravatar.com\/avatar\/3b45f24496a7625a3a6c436688fbe20344faaeb2979658dc4a9921f984d7df9a?s=96&d=mm&r=g","url":"https:\/\/secure.gravatar.com\/avatar\/3b45f24496a7625a3a6c436688fbe20344faaeb2979658dc4a9921f984d7df9a?s=96&d=mm&r=g","contentUrl":"https:\/\/secure.gravatar.com\/avatar\/3b45f24496a7625a3a6c436688fbe20344faaeb2979658dc4a9921f984d7df9a?s=96&d=mm&r=g","caption":"M\u00e1rcio Miranda Pontes"},"sameAs":["http:\/\/www.sabra.org.br"],"url":"https:\/\/www.sabra.org.br\/site\/author\/marcio-miranda-pontes\/"}]}},"jetpack_featured_media_url":"https:\/\/www.sabra.org.br\/site\/wp-content\/uploads\/2018\/10\/acao-educativa-o-que-e-e-quais-sao-seus-objetivos-20180705134730.jpg.jpg","jetpack_shortlink":"https:\/\/wp.me\/p95j2Z-pK","jetpack-related-posts":[{"id":7302,"url":"https:\/\/www.sabra.org.br\/site\/danca-artistico\/","url_meta":{"origin":1596,"position":0},"title":"Como a dan\u00e7a pode auxiliar no processo de aprendizagem?","author":"M\u00e1rcio Miranda Pontes","date":"12 de junho de 2023","format":false,"excerpt":"A pr\u00e1tica da dan\u00e7a, al\u00e9m de ser muito prazerosa, ainda pode auxiliar no processo de aprendizagem das crian\u00e7as. \u00c9 uma arte que busca trazer todos os sentimentos, emo\u00e7\u00f5es e particularidades de cada indiv\u00edduo. Confira o texto a seguir. Boa leitura!","rel":"","context":"Em &quot;Blog SABRA&quot;","block_context":{"text":"Blog SABRA","link":"https:\/\/www.sabra.org.br\/site\/category\/blog-sabra\/"},"img":{"alt_text":"dan\u00e7a-art\u00edstico-emo\u00e7\u00f5es-indiv\u00edduo-melhora-sociais-sabra","src":"https:\/\/i0.wp.com\/www.sabra.org.br\/site\/wp-content\/uploads\/2023\/06\/como-a-danca-pode-auxiliar-no-processo-de-aprendizagem-20181109101935.jpg-jpg.webp?resize=350%2C200&ssl=1","width":350,"height":200,"srcset":"https:\/\/i0.wp.com\/www.sabra.org.br\/site\/wp-content\/uploads\/2023\/06\/como-a-danca-pode-auxiliar-no-processo-de-aprendizagem-20181109101935.jpg-jpg.webp?resize=350%2C200&ssl=1 1x, https:\/\/i0.wp.com\/www.sabra.org.br\/site\/wp-content\/uploads\/2023\/06\/como-a-danca-pode-auxiliar-no-processo-de-aprendizagem-20181109101935.jpg-jpg.webp?resize=525%2C300&ssl=1 1.5x, https:\/\/i0.wp.com\/www.sabra.org.br\/site\/wp-content\/uploads\/2023\/06\/como-a-danca-pode-auxiliar-no-processo-de-aprendizagem-20181109101935.jpg-jpg.webp?resize=700%2C400&ssl=1 2x"},"classes":[]},{"id":7269,"url":"https:\/\/www.sabra.org.br\/site\/educacao-assistente-social\/","url_meta":{"origin":1596,"position":1},"title":"Qual o papel e como o assistente contribui com a educa\u00e7\u00e3o do nosso pa\u00eds?","author":"M\u00e1rcio Miranda Pontes","date":"5 de junho de 2023","format":false,"excerpt":"Voc\u00ea sabe qual o papel e como o assistente social contribui com a educa\u00e7\u00e3o de nosso pa\u00eds? Entende muito pouco sobre esse assunto? Ent\u00e3o, n\u00e3o perca mais tempo e acesse agora mesmo este artigo!","rel":"","context":"Em &quot;Blog SABRA&quot;","block_context":{"text":"Blog SABRA","link":"https:\/\/www.sabra.org.br\/site\/category\/blog-sabra\/"},"img":{"alt_text":"educa\u00e7\u00e3o-assistente-social-sociais-escola-sabra","src":"https:\/\/i0.wp.com\/www.sabra.org.br\/site\/wp-content\/uploads\/2023\/06\/qual-o-papel-e-como-o-assistente-contribui-com-a-educacao-do-nosso-pais-20181029144609.jpg-jpg.webp?resize=350%2C200&ssl=1","width":350,"height":200,"srcset":"https:\/\/i0.wp.com\/www.sabra.org.br\/site\/wp-content\/uploads\/2023\/06\/qual-o-papel-e-como-o-assistente-contribui-com-a-educacao-do-nosso-pais-20181029144609.jpg-jpg.webp?resize=350%2C200&ssl=1 1x, https:\/\/i0.wp.com\/www.sabra.org.br\/site\/wp-content\/uploads\/2023\/06\/qual-o-papel-e-como-o-assistente-contribui-com-a-educacao-do-nosso-pais-20181029144609.jpg-jpg.webp?resize=525%2C300&ssl=1 1.5x, https:\/\/i0.wp.com\/www.sabra.org.br\/site\/wp-content\/uploads\/2023\/06\/qual-o-papel-e-como-o-assistente-contribui-com-a-educacao-do-nosso-pais-20181029144609.jpg-jpg.webp?resize=700%2C400&ssl=1 2x"},"classes":[]},{"id":7485,"url":"https:\/\/www.sabra.org.br\/site\/educacao-musical\/","url_meta":{"origin":1596,"position":2},"title":"Como funciona a educa\u00e7\u00e3o musical?","author":"M\u00e1rcio Miranda Pontes","date":"7 de julho de 2023","format":false,"excerpt":"Descubra os segredos por tr\u00e1s da educa\u00e7\u00e3o musical: teoria, pr\u00e1tica e aprecia\u00e7\u00e3o. Explore seu potencial criativo e beneficie-se do desenvolvimento cognitivo e cultural proporcionado pela m\u00fasica. Leia agora!","rel":"","context":"Em &quot;Blog SABRA&quot;","block_context":{"text":"Blog SABRA","link":"https:\/\/www.sabra.org.br\/site\/category\/blog-sabra\/"},"img":{"alt_text":"sabra-m\u00fasica-musical-educa\u00e7\u00e3o-desenvolvimento-estudantes-habilidades-musicais-alunos-aprecia\u00e7\u00e3o-papel-pr\u00e1tica-cultura-desempenha-ensino-explorarem","src":"https:\/\/i0.wp.com\/www.sabra.org.br\/site\/wp-content\/uploads\/2023\/07\/como-funciona-a-educacao-musicaljpg-20230522113605.jpg-jpg.webp?resize=350%2C200&ssl=1","width":350,"height":200,"srcset":"https:\/\/i0.wp.com\/www.sabra.org.br\/site\/wp-content\/uploads\/2023\/07\/como-funciona-a-educacao-musicaljpg-20230522113605.jpg-jpg.webp?resize=350%2C200&ssl=1 1x, https:\/\/i0.wp.com\/www.sabra.org.br\/site\/wp-content\/uploads\/2023\/07\/como-funciona-a-educacao-musicaljpg-20230522113605.jpg-jpg.webp?resize=525%2C300&ssl=1 1.5x, https:\/\/i0.wp.com\/www.sabra.org.br\/site\/wp-content\/uploads\/2023\/07\/como-funciona-a-educacao-musicaljpg-20230522113605.jpg-jpg.webp?resize=700%2C400&ssl=1 2x"},"classes":[]},{"id":3898,"url":"https:\/\/www.sabra.org.br\/site\/sustentabilidade\/","url_meta":{"origin":1596,"position":3},"title":"Guia b\u00e1sico sobre os Objetivos de Desenvolvimento Sustent\u00e1vel da ONU","author":"M\u00e1rcio Miranda Pontes","date":"21 de maio de 2021","format":false,"excerpt":"Guia b\u00e1sico sobre os Objetivos de Desenvolvimento Sustent\u00e1vel da ONU A ONU firmou acordo com os 193 pa\u00edses membros para um plano de a\u00e7\u00e3o global que visa o alcance de 17 diretrizes, a fim de garantir um futuro melhor e mais sustent\u00e1vel. Essas diretrizes s\u00e3o os Objetivos de Desenvolvimento Sustent\u00e1vel\u2026","rel":"","context":"Em &quot;Blog SABRA&quot;","block_context":{"text":"Blog SABRA","link":"https:\/\/www.sabra.org.br\/site\/category\/blog-sabra\/"},"img":{"alt_text":"desenvolvimento-sustentavel-sustentabilidade","src":"https:\/\/i0.wp.com\/www.sabra.org.br\/site\/wp-content\/uploads\/2021\/05\/guia-basico-sobre-os-objetivos-de-desenvolvimento-sustentavel-da-onu-20210423165408.jpg.jpg?resize=350%2C200&ssl=1","width":350,"height":200,"srcset":"https:\/\/i0.wp.com\/www.sabra.org.br\/site\/wp-content\/uploads\/2021\/05\/guia-basico-sobre-os-objetivos-de-desenvolvimento-sustentavel-da-onu-20210423165408.jpg.jpg?resize=350%2C200&ssl=1 1x, https:\/\/i0.wp.com\/www.sabra.org.br\/site\/wp-content\/uploads\/2021\/05\/guia-basico-sobre-os-objetivos-de-desenvolvimento-sustentavel-da-onu-20210423165408.jpg.jpg?resize=525%2C300&ssl=1 1.5x, https:\/\/i0.wp.com\/www.sabra.org.br\/site\/wp-content\/uploads\/2021\/05\/guia-basico-sobre-os-objetivos-de-desenvolvimento-sustentavel-da-onu-20210423165408.jpg.jpg?resize=700%2C400&ssl=1 2x"},"classes":[]},{"id":8668,"url":"https:\/\/www.sabra.org.br\/site\/alunos-educadores\/","url_meta":{"origin":1596,"position":4},"title":"O papel do professor no processo de aprendizagem","author":"M\u00e1rcio Miranda Pontes","date":"10 de dezembro de 2023","format":false,"excerpt":"Voc\u00ea \u00e9 pai, m\u00e3e ou pesquisador e deseja entender melhor qual \u00e9 o papel do professor de ensino fundamental no processo de aprendizagem do aluno? Ent\u00e3o veja agora mesmo este texto, pois nele reunimos algumas informa\u00e7\u00f5es essenciais que lhe ajudar\u00e3o a visualizar isso!","rel":"","context":"Em &quot;Blog SABRA&quot;","block_context":{"text":"Blog SABRA","link":"https:\/\/www.sabra.org.br\/site\/category\/blog-sabra\/"},"img":{"alt_text":"sabra-m\u00fasica-professor-alunos-ensino-educadores-fundamental-aprendizagem-processo","src":"https:\/\/i0.wp.com\/www.sabra.org.br\/site\/wp-content\/uploads\/2023\/12\/entenda-qual-o-papel-do-professor-de-ensino-fundamental-no-processo-de-aprendizagem-20181024171547.jpg-jpg.webp?resize=350%2C200&ssl=1","width":350,"height":200,"srcset":"https:\/\/i0.wp.com\/www.sabra.org.br\/site\/wp-content\/uploads\/2023\/12\/entenda-qual-o-papel-do-professor-de-ensino-fundamental-no-processo-de-aprendizagem-20181024171547.jpg-jpg.webp?resize=350%2C200&ssl=1 1x, https:\/\/i0.wp.com\/www.sabra.org.br\/site\/wp-content\/uploads\/2023\/12\/entenda-qual-o-papel-do-professor-de-ensino-fundamental-no-processo-de-aprendizagem-20181024171547.jpg-jpg.webp?resize=525%2C300&ssl=1 1.5x, https:\/\/i0.wp.com\/www.sabra.org.br\/site\/wp-content\/uploads\/2023\/12\/entenda-qual-o-papel-do-professor-de-ensino-fundamental-no-processo-de-aprendizagem-20181024171547.jpg-jpg.webp?resize=700%2C400&ssl=1 2x"},"classes":[]},{"id":7206,"url":"https:\/\/www.sabra.org.br\/site\/valorizacao-professor\/","url_meta":{"origin":1596,"position":5},"title":"A import\u00e2ncia da valoriza\u00e7\u00e3o do professor de ensino fundamental","author":"M\u00e1rcio Miranda Pontes","date":"25 de maio de 2023","format":false,"excerpt":"Valorizar o professor de ensino fundamental \u00e9 crucial para que este se desenvolva e consiga ajudar na forma\u00e7\u00e3o dos alunos, auxiliando-os a conquistar os seus objetivos. Leia este texto e tome consci\u00eancia dessa importante miss\u00e3o que deve ser abra\u00e7ada por todos!","rel":"","context":"Em &quot;Blog SABRA&quot;","block_context":{"text":"Blog SABRA","link":"https:\/\/www.sabra.org.br\/site\/category\/blog-sabra\/"},"img":{"alt_text":"professor-estudante-crian\u00e7a-fundamental-ensino-valorizar-motiva\u00e7\u00e3o-educa\u00e7\u00e3o-processo-sabra","src":"https:\/\/i0.wp.com\/www.sabra.org.br\/site\/wp-content\/uploads\/2023\/05\/a-importancia-da-valorizacao-do-professor-de-ensino-fundamental-20181024171547.jpg-jpg.webp?resize=350%2C200&ssl=1","width":350,"height":200,"srcset":"https:\/\/i0.wp.com\/www.sabra.org.br\/site\/wp-content\/uploads\/2023\/05\/a-importancia-da-valorizacao-do-professor-de-ensino-fundamental-20181024171547.jpg-jpg.webp?resize=350%2C200&ssl=1 1x, https:\/\/i0.wp.com\/www.sabra.org.br\/site\/wp-content\/uploads\/2023\/05\/a-importancia-da-valorizacao-do-professor-de-ensino-fundamental-20181024171547.jpg-jpg.webp?resize=525%2C300&ssl=1 1.5x, https:\/\/i0.wp.com\/www.sabra.org.br\/site\/wp-content\/uploads\/2023\/05\/a-importancia-da-valorizacao-do-professor-de-ensino-fundamental-20181024171547.jpg-jpg.webp?resize=700%2C400&ssl=1 2x"},"classes":[]}],"jetpack_likes_enabled":true,"jetpack_sharing_enabled":true,"_links":{"self":[{"href":"https:\/\/www.sabra.org.br\/site\/wp-json\/wp\/v2\/posts\/1596","targetHints":{"allow":["GET"]}}],"collection":[{"href":"https:\/\/www.sabra.org.br\/site\/wp-json\/wp\/v2\/posts"}],"about":[{"href":"https:\/\/www.sabra.org.br\/site\/wp-json\/wp\/v2\/types\/post"}],"author":[{"embeddable":true,"href":"https:\/\/www.sabra.org.br\/site\/wp-json\/wp\/v2\/users\/39"}],"replies":[{"embeddable":true,"href":"https:\/\/www.sabra.org.br\/site\/wp-json\/wp\/v2\/comments?post=1596"}],"version-history":[{"count":0,"href":"https:\/\/www.sabra.org.br\/site\/wp-json\/wp\/v2\/posts\/1596\/revisions"}],"wp:featuredmedia":[{"embeddable":true,"href":"https:\/\/www.sabra.org.br\/site\/wp-json\/wp\/v2\/media\/1597"}],"wp:attachment":[{"href":"https:\/\/www.sabra.org.br\/site\/wp-json\/wp\/v2\/media?parent=1596"}],"wp:term":[{"taxonomy":"category","embeddable":true,"href":"https:\/\/www.sabra.org.br\/site\/wp-json\/wp\/v2\/categories?post=1596"},{"taxonomy":"post_tag","embeddable":true,"href":"https:\/\/www.sabra.org.br\/site\/wp-json\/wp\/v2\/tags?post=1596"}],"curies":[{"name":"wp","href":"https:\/\/api.w.org\/{rel}","templated":true}]}}