{"id":1615,"date":"2018-10-31T14:03:47","date_gmt":"2018-10-31T16:03:47","guid":{"rendered":"https:\/\/www.sabra.org.br\/site\/?p=1615"},"modified":"2025-04-20T19:15:43","modified_gmt":"2025-04-20T22:15:43","slug":"musica-influencia-a-sociedade","status":"publish","type":"post","link":"https:\/\/www.sabra.org.br\/site\/musica-influencia-a-sociedade\/","title":{"rendered":"Sociedade e M\u00fasica"},"content":{"rendered":"<p>A rela\u00e7\u00e3o entre m\u00fasica e ser humano \u00e9 muito antiga. Registros mostram que diversas civiliza\u00e7\u00f5es antigas j\u00e1 constru\u00edam instrumentos musicais e utilizavam a m\u00fasica como forma de express\u00e3o. Atualmente, <strong>a m\u00fasica<\/strong> tamb\u00e9m tem papel importante na nossa sociedade, pois \u00e9 capaz de influenciar o comportamento de muitas pessoas.<\/p>\n<h2>A m\u00fasica molda a nossa sociedade<\/h2>\n<p>A m\u00fasica est\u00e1 presente em praticamente todas \u00e1reas da nossa sociedade e pode estimular o surgimento de novas ideias, unir e separar pessoas, criar novos grupos sociais, e promover tanto a ascens\u00e3o, quanto a queda de l\u00edderes.<\/p>\n<p>Veja alguns exemplos de <strong>como a m\u00fasica tem influ\u00eancia direta no comportamento dos indiv\u00edduos dentro da nossa sociedade:<\/strong><\/p>\n<h3>Fortalece movimentos sociais<\/h3>\n<p>Poderosa ferramenta de comunica\u00e7\u00e3o, a m\u00fasica pode ser utilizada para demonstrar descontentamento com uma determinada gest\u00e3o governamental. Por interm\u00e9dio da m\u00fasica uma sociedade pode expor problemas sociais, questionar a\u00e7\u00f5es dos governantes e tamb\u00e9m sugerir melhorias para essas quest\u00f5es. Estimulando o cidad\u00e3o a ter um papel cada vez mais ativo na sociedade.<\/p>\n<h3>Altera a est\u00e9tica das pessoas<\/h3>\n<p>O gosto musical n\u00e3o s\u00f3 influencia o surgimento de v\u00e1rios grupos dentro da sociedade, como tamb\u00e9m torna muito mais f\u00e1cil identificar cada um deles. Pois, um grupo de pessoas que t\u00eam o h\u00e1bito de ouvir um determinado g\u00eanero musical, quase sempre utiliza roupas iguais \u00e0s de artistas daquele g\u00eanero. Se essas pessoas gostam de ouvir rock\u2018n\u2019roll, por exemplo, esse grupo \u00e9 facilmente identificado. Pois seus integrantes quase sempre usam piercings, tatuagens, cal\u00e7as rasgadas e camisetas de cores escuras.<br \/>\nDevido a esse comportamento dos f\u00e3s, muitos artistas optam por criar marcas de roupas, sapatos e acess\u00f3rios.<\/p>\n<h3>Influencia os h\u00e1bitos de consumo<\/h3>\n<p><strong>A m\u00fasica tem o poder de gerar emo\u00e7\u00f5es positivas<\/strong>, por isso, impulsos musicais apropriados podem induzir uma pessoa a ficar mais tempo dentro de um estabelecimento, ou at\u00e9 mesmo consumir uma quantidade maior de produtos. Os restaurantes, por exemplo, costumam proporcionar ao cliente o contato com um ambiente onde ele escute m\u00fasicas em um tom moderado.<\/p>\n<h3>Influencia o comportamento das pessoas<\/h3>\n<p>Capaz de aumentar a <a href=\"https:\/\/www.sabra.org.br\/site\/arte-na-educacao-inclusiva\/\">autoestima<\/a>, a m\u00fasica tamb\u00e9m tem influ\u00eancia direta no comportamento dos indiv\u00edduos de uma sociedade. Ela pode fazer com que pessoas se sintam mais confort\u00e1veis com a maneira que se vestem, cuidam da apar\u00eancia, falam, e tamb\u00e9m como a forma que exp\u00f5em, e lidam com os sentimentos.<\/p>\n<p><strong>A m\u00fasica tamb\u00e9m pode influenciar o modo como as pessoas se conectam e se relacionam umas com as outras<\/strong>. O indiv\u00edduo que escuta um determinado g\u00eanero musical, por exemplo, pode falar, paquerar e demonstrar seus sentimentos de uma forma diferente dos outros indiv\u00edduos.<\/p>\n<h3>M\u00fasica ajuda a manter as tradi\u00e7\u00f5es<\/h3>\n<p>O Brasil \u00e9 um pa\u00eds que abriga manifesta\u00e7\u00f5es culturais de diferentes tipos. A m\u00fasica tem papel importante na conserva\u00e7\u00e3o dessas tradi\u00e7\u00f5es, pois \u00e9 por meio dela que alguns grupos conseguem transmitir as tradi\u00e7\u00f5es para as novas gera\u00e7\u00f5es.<\/p>\n<h2>O poder da m\u00fasica<\/h2>\n<p>Ao refletirmos sobre <strong>a capacidade que a m\u00fasica tem de influenciar nossos comportamentos<\/strong>, fica claro o quanto essa forma de express\u00e3o \u00e9 poderosa e capaz de <a href=\"https:\/\/www.sabra.org.br\/site\/qual-a-importancia-da-educacao-musical-na-escola\/\">moldar tra\u00e7os da personalidade<\/a> de diferentes indiv\u00edduos na nossa sociedade.<\/p>\n<p>&nbsp;<\/p>\n<h3>Se voc\u00ea gostou deste post:<\/h3>\n<ul>\n<li>siga as nossas p\u00e1ginas nas redes sociais para acompanhar as nossas atualiza\u00e7\u00f5es: estamos no <a href=\"https:\/\/www.facebook.com\/sabrabrasil\" target=\"_blank\" rel=\"noopener\">Facebook<\/a>, no <a href=\"https:\/\/www.instagram.com\/sabrabrasil\/\" target=\"_blank\" rel=\"noopener\">Instagram<\/a>, no <a href=\"https:\/\/www.linkedin.com\/company\/25002088\" target=\"_blank\" rel=\"noopener\">LinkedIn<\/a>, no <a href=\"https:\/\/twitter.com\/ContatoSabra\" target=\"_blank\" rel=\"noopener\">Twitter<\/a> e no <a href=\"https:\/\/www.youtube.com\/channel\/UCJw-kbuEvzUNdeQf20Pa-eQ\" target=\"_blank\" rel=\"noopener\">YouTube<\/a>!<\/li>\n<li>Conhe\u00e7a o trabalho da Sociedade Art\u00edstica Brasileira (SABRA) e todas as iniciativas culturais e sociais que ela mant\u00e9m. <a href=\"https:\/\/www.sabra.org.br\/site\/acoes\/\" target=\"_blank\" rel=\"noopener\">Acesse nosso site!<\/a><\/li>\n<li>entre em contato com a gente. E veja quais s\u00e3o as op\u00e7\u00f5es de ajuda na manuten\u00e7\u00e3o de nossas a\u00e7\u00f5es sociais e culturais. Basta acessar nossa p\u00e1gina <a href=\"https:\/\/www.sabra.org.br\/site\/doe-agora\/\" target=\"_blank\" rel=\"noopener\">Doe Agora!<\/a><\/li>\n<li>Compartilhe este texto nas suas redes sociais e ajude os seus amigos a tamb\u00e9m dominarem o assunto!<\/li>\n<\/ul>\n","protected":false},"excerpt":{"rendered":"<p>A rela\u00e7\u00e3o entre m\u00fasica e ser humano \u00e9 muito antiga. Registros mostram que diversas civiliza\u00e7\u00f5es antigas j\u00e1 constru\u00edam instrumentos musicais e utilizavam a m\u00fasica como&hellip;<\/p>\n","protected":false},"author":39,"featured_media":1617,"comment_status":"closed","ping_status":"closed","sticky":false,"template":"","format":"standard","meta":{"jetpack_post_was_ever_published":false,"_jetpack_newsletter_access":"","_jetpack_dont_email_post_to_subs":false,"_jetpack_newsletter_tier_id":0,"_jetpack_memberships_contains_paywalled_content":false,"_jetpack_memberships_contains_paid_content":false,"footnotes":""},"categories":[1],"tags":[15,8,16,12,11,9],"class_list":["post-1615","post","type-post","status-publish","format-standard","has-post-thumbnail","hentry","category-blog-sabra","tag-assistencia-social","tag-canto-coral","tag-musicalizacao-infantil","tag-oficina-musical-sabra","tag-orquestra-sinfonica-de-betim","tag-sociedade-artistica-brasileira"],"yoast_head":"<!-- This site is optimized with the Yoast SEO plugin v27.5 - https:\/\/yoast.com\/product\/yoast-seo-wordpress\/ -->\n<title>Sociedade e a Influ\u00eancia da M\u00fasica na Cultura - SABRA - Sociedade Art\u00edstica Brasileira<\/title>\n<meta name=\"description\" content=\"A m\u00fasica \u00e9 uma poderosa ferramenta na sociedade. Conhe\u00e7a seu impacto na comunica\u00e7\u00e3o e na forma\u00e7\u00e3o de grupos sociais.\" \/>\n<meta name=\"robots\" content=\"index, follow, max-snippet:-1, max-image-preview:large, max-video-preview:-1\" \/>\n<link rel=\"canonical\" href=\"https:\/\/www.sabra.org.br\/site\/musica-influencia-a-sociedade\/\" \/>\n<meta property=\"og:locale\" content=\"pt_BR\" \/>\n<meta property=\"og:type\" content=\"article\" \/>\n<meta property=\"og:title\" content=\"Sociedade e a Influ\u00eancia da M\u00fasica na Cultura - SABRA - Sociedade Art\u00edstica Brasileira\" \/>\n<meta property=\"og:description\" content=\"A m\u00fasica \u00e9 uma poderosa ferramenta na sociedade. Conhe\u00e7a seu impacto na comunica\u00e7\u00e3o e na forma\u00e7\u00e3o de grupos sociais.\" \/>\n<meta property=\"og:url\" content=\"https:\/\/www.sabra.org.br\/site\/musica-influencia-a-sociedade\/\" \/>\n<meta property=\"og:site_name\" content=\"SABRA - Sociedade Art\u00edstica Brasileira\" \/>\n<meta property=\"article:publisher\" content=\"https:\/\/www.facebook.com\/sabrabrasil\" \/>\n<meta property=\"article:published_time\" content=\"2018-10-31T16:03:47+00:00\" \/>\n<meta property=\"article:modified_time\" content=\"2025-04-20T22:15:43+00:00\" \/>\n<meta property=\"og:image\" content=\"https:\/\/www.sabra.org.br\/site\/wp-content\/uploads\/2018\/10\/como-a-musica-influencia-a-nossa-sociedade-20180705134730.jpg.jpg\" \/>\n\t<meta property=\"og:image:width\" content=\"890\" \/>\n\t<meta property=\"og:image:height\" content=\"500\" \/>\n\t<meta property=\"og:image:type\" content=\"image\/jpeg\" \/>\n<meta name=\"author\" content=\"M\u00e1rcio Miranda Pontes\" \/>\n<meta name=\"twitter:card\" content=\"summary_large_image\" \/>\n<meta name=\"twitter:creator\" content=\"@ContatoSabra\" \/>\n<meta name=\"twitter:site\" content=\"@ContatoSabra\" \/>\n<meta name=\"twitter:label1\" content=\"Escrito por\" \/>\n\t<meta name=\"twitter:data1\" content=\"M\u00e1rcio Miranda Pontes\" \/>\n\t<meta name=\"twitter:label2\" content=\"Est. tempo de leitura\" \/>\n\t<meta name=\"twitter:data2\" content=\"4 minutos\" \/>\n<script type=\"application\/ld+json\" class=\"yoast-schema-graph\">{\"@context\":\"https:\\\/\\\/schema.org\",\"@graph\":[{\"@type\":\"Article\",\"@id\":\"https:\\\/\\\/www.sabra.org.br\\\/site\\\/musica-influencia-a-sociedade\\\/#article\",\"isPartOf\":{\"@id\":\"https:\\\/\\\/www.sabra.org.br\\\/site\\\/musica-influencia-a-sociedade\\\/\"},\"author\":{\"name\":\"M\u00e1rcio Miranda Pontes\",\"@id\":\"https:\\\/\\\/www.sabra.org.br\\\/site\\\/#\\\/schema\\\/person\\\/7d1d222c3c8891d4c37c7b41bf6315c2\"},\"headline\":\"Sociedade e M\u00fasica\",\"datePublished\":\"2018-10-31T16:03:47+00:00\",\"dateModified\":\"2025-04-20T22:15:43+00:00\",\"mainEntityOfPage\":{\"@id\":\"https:\\\/\\\/www.sabra.org.br\\\/site\\\/musica-influencia-a-sociedade\\\/\"},\"wordCount\":679,\"publisher\":{\"@id\":\"https:\\\/\\\/www.sabra.org.br\\\/site\\\/#organization\"},\"image\":{\"@id\":\"https:\\\/\\\/www.sabra.org.br\\\/site\\\/musica-influencia-a-sociedade\\\/#primaryimage\"},\"thumbnailUrl\":\"https:\\\/\\\/www.sabra.org.br\\\/site\\\/wp-content\\\/uploads\\\/2018\\\/10\\\/como-a-musica-influencia-a-nossa-sociedade-20180705134730.jpg.jpg\",\"keywords\":[\"Assist\u00eancia social\",\"Canto Coral\",\"Musicaliza\u00e7\u00e3o Infantil\",\"Oficina Musical SABRA\",\"Orquestra Sinf\u00f4nica de Betim\",\"Sociedade Art\u00edstica Brasileira\"],\"articleSection\":[\"Blog SABRA\"],\"inLanguage\":\"pt-BR\"},{\"@type\":\"WebPage\",\"@id\":\"https:\\\/\\\/www.sabra.org.br\\\/site\\\/musica-influencia-a-sociedade\\\/\",\"url\":\"https:\\\/\\\/www.sabra.org.br\\\/site\\\/musica-influencia-a-sociedade\\\/\",\"name\":\"Sociedade e a Influ\u00eancia da M\u00fasica na Cultura - SABRA - Sociedade Art\u00edstica Brasileira\",\"isPartOf\":{\"@id\":\"https:\\\/\\\/www.sabra.org.br\\\/site\\\/#website\"},\"primaryImageOfPage\":{\"@id\":\"https:\\\/\\\/www.sabra.org.br\\\/site\\\/musica-influencia-a-sociedade\\\/#primaryimage\"},\"image\":{\"@id\":\"https:\\\/\\\/www.sabra.org.br\\\/site\\\/musica-influencia-a-sociedade\\\/#primaryimage\"},\"thumbnailUrl\":\"https:\\\/\\\/www.sabra.org.br\\\/site\\\/wp-content\\\/uploads\\\/2018\\\/10\\\/como-a-musica-influencia-a-nossa-sociedade-20180705134730.jpg.jpg\",\"datePublished\":\"2018-10-31T16:03:47+00:00\",\"dateModified\":\"2025-04-20T22:15:43+00:00\",\"description\":\"A m\u00fasica \u00e9 uma poderosa ferramenta na sociedade. Conhe\u00e7a seu impacto na comunica\u00e7\u00e3o e na forma\u00e7\u00e3o de grupos sociais.\",\"breadcrumb\":{\"@id\":\"https:\\\/\\\/www.sabra.org.br\\\/site\\\/musica-influencia-a-sociedade\\\/#breadcrumb\"},\"inLanguage\":\"pt-BR\",\"potentialAction\":[{\"@type\":\"ReadAction\",\"target\":[\"https:\\\/\\\/www.sabra.org.br\\\/site\\\/musica-influencia-a-sociedade\\\/\"]}]},{\"@type\":\"ImageObject\",\"inLanguage\":\"pt-BR\",\"@id\":\"https:\\\/\\\/www.sabra.org.br\\\/site\\\/musica-influencia-a-sociedade\\\/#primaryimage\",\"url\":\"https:\\\/\\\/www.sabra.org.br\\\/site\\\/wp-content\\\/uploads\\\/2018\\\/10\\\/como-a-musica-influencia-a-nossa-sociedade-20180705134730.jpg.jpg\",\"contentUrl\":\"https:\\\/\\\/www.sabra.org.br\\\/site\\\/wp-content\\\/uploads\\\/2018\\\/10\\\/como-a-musica-influencia-a-nossa-sociedade-20180705134730.jpg.jpg\",\"width\":890,\"height\":500,\"caption\":\"Sociedade Art\u00edstica Brasileira SABRA\"},{\"@type\":\"BreadcrumbList\",\"@id\":\"https:\\\/\\\/www.sabra.org.br\\\/site\\\/musica-influencia-a-sociedade\\\/#breadcrumb\",\"itemListElement\":[{\"@type\":\"ListItem\",\"position\":1,\"name\":\"In\u00edcio\",\"item\":\"https:\\\/\\\/www.sabra.org.br\\\/site\\\/\"},{\"@type\":\"ListItem\",\"position\":2,\"name\":\"Sociedade e M\u00fasica\"}]},{\"@type\":\"WebSite\",\"@id\":\"https:\\\/\\\/www.sabra.org.br\\\/site\\\/#website\",\"url\":\"https:\\\/\\\/www.sabra.org.br\\\/site\\\/\",\"name\":\"SABRA - Sociedade Art\u00edstica Brasileira\",\"description\":\"Escola de M\u00fasica, Orquestra Sinf\u00f4nica, Coral e Patrim\u00f4nio Cultural e Hist\u00f3rico\",\"publisher\":{\"@id\":\"https:\\\/\\\/www.sabra.org.br\\\/site\\\/#organization\"},\"potentialAction\":[{\"@type\":\"SearchAction\",\"target\":{\"@type\":\"EntryPoint\",\"urlTemplate\":\"https:\\\/\\\/www.sabra.org.br\\\/site\\\/?s={search_term_string}\"},\"query-input\":{\"@type\":\"PropertyValueSpecification\",\"valueRequired\":true,\"valueName\":\"search_term_string\"}}],\"inLanguage\":\"pt-BR\"},{\"@type\":\"Organization\",\"@id\":\"https:\\\/\\\/www.sabra.org.br\\\/site\\\/#organization\",\"name\":\"SOCIEDADE ART\u00cdSTICA BRASILEIRA SABRA\",\"alternateName\":\"SABRA\",\"url\":\"https:\\\/\\\/www.sabra.org.br\\\/site\\\/\",\"logo\":{\"@type\":\"ImageObject\",\"inLanguage\":\"pt-BR\",\"@id\":\"https:\\\/\\\/www.sabra.org.br\\\/site\\\/#\\\/schema\\\/logo\\\/image\\\/\",\"url\":\"https:\\\/\\\/www.sabra.org.br\\\/site\\\/wp-content\\\/uploads\\\/2019\\\/06\\\/cropped-Logo_SABRA-Copia-1.webp\",\"contentUrl\":\"https:\\\/\\\/www.sabra.org.br\\\/site\\\/wp-content\\\/uploads\\\/2019\\\/06\\\/cropped-Logo_SABRA-Copia-1.webp\",\"width\":400,\"height\":128,\"caption\":\"SOCIEDADE ART\u00cdSTICA BRASILEIRA SABRA\"},\"image\":{\"@id\":\"https:\\\/\\\/www.sabra.org.br\\\/site\\\/#\\\/schema\\\/logo\\\/image\\\/\"},\"sameAs\":[\"https:\\\/\\\/www.facebook.com\\\/sabrabrasil\",\"https:\\\/\\\/x.com\\\/ContatoSabra\",\"https:\\\/\\\/www.instagram.com\\\/sabrabrasil\\\/\",\"https:\\\/\\\/www.linkedin.com\\\/company\\\/25002088\\\/\",\"https:\\\/\\\/br.pinterest.com\\\/sociedadeartisticabrasileira\\\/\",\"https:\\\/\\\/www.youtube.com\\\/c\\\/sabrabrasil\"]},{\"@type\":\"Person\",\"@id\":\"https:\\\/\\\/www.sabra.org.br\\\/site\\\/#\\\/schema\\\/person\\\/7d1d222c3c8891d4c37c7b41bf6315c2\",\"name\":\"M\u00e1rcio Miranda Pontes\",\"image\":{\"@type\":\"ImageObject\",\"inLanguage\":\"pt-BR\",\"@id\":\"https:\\\/\\\/secure.gravatar.com\\\/avatar\\\/3b45f24496a7625a3a6c436688fbe20344faaeb2979658dc4a9921f984d7df9a?s=96&d=mm&r=g\",\"url\":\"https:\\\/\\\/secure.gravatar.com\\\/avatar\\\/3b45f24496a7625a3a6c436688fbe20344faaeb2979658dc4a9921f984d7df9a?s=96&d=mm&r=g\",\"contentUrl\":\"https:\\\/\\\/secure.gravatar.com\\\/avatar\\\/3b45f24496a7625a3a6c436688fbe20344faaeb2979658dc4a9921f984d7df9a?s=96&d=mm&r=g\",\"caption\":\"M\u00e1rcio Miranda Pontes\"},\"sameAs\":[\"http:\\\/\\\/www.sabra.org.br\"],\"url\":\"https:\\\/\\\/www.sabra.org.br\\\/site\\\/author\\\/marcio-miranda-pontes\\\/\"}]}<\/script>\n<!-- \/ Yoast SEO plugin. -->","yoast_head_json":{"title":"Sociedade e a Influ\u00eancia da M\u00fasica na Cultura - SABRA - Sociedade Art\u00edstica Brasileira","description":"A m\u00fasica \u00e9 uma poderosa ferramenta na sociedade. Conhe\u00e7a seu impacto na comunica\u00e7\u00e3o e na forma\u00e7\u00e3o de grupos sociais.","robots":{"index":"index","follow":"follow","max-snippet":"max-snippet:-1","max-image-preview":"max-image-preview:large","max-video-preview":"max-video-preview:-1"},"canonical":"https:\/\/www.sabra.org.br\/site\/musica-influencia-a-sociedade\/","og_locale":"pt_BR","og_type":"article","og_title":"Sociedade e a Influ\u00eancia da M\u00fasica na Cultura - SABRA - Sociedade Art\u00edstica Brasileira","og_description":"A m\u00fasica \u00e9 uma poderosa ferramenta na sociedade. Conhe\u00e7a seu impacto na comunica\u00e7\u00e3o e na forma\u00e7\u00e3o de grupos sociais.","og_url":"https:\/\/www.sabra.org.br\/site\/musica-influencia-a-sociedade\/","og_site_name":"SABRA - Sociedade Art\u00edstica Brasileira","article_publisher":"https:\/\/www.facebook.com\/sabrabrasil","article_published_time":"2018-10-31T16:03:47+00:00","article_modified_time":"2025-04-20T22:15:43+00:00","og_image":[{"width":890,"height":500,"url":"https:\/\/www.sabra.org.br\/site\/wp-content\/uploads\/2018\/10\/como-a-musica-influencia-a-nossa-sociedade-20180705134730.jpg.jpg","type":"image\/jpeg"}],"author":"M\u00e1rcio Miranda Pontes","twitter_card":"summary_large_image","twitter_creator":"@ContatoSabra","twitter_site":"@ContatoSabra","twitter_misc":{"Escrito por":"M\u00e1rcio Miranda Pontes","Est. tempo de leitura":"4 minutos"},"schema":{"@context":"https:\/\/schema.org","@graph":[{"@type":"Article","@id":"https:\/\/www.sabra.org.br\/site\/musica-influencia-a-sociedade\/#article","isPartOf":{"@id":"https:\/\/www.sabra.org.br\/site\/musica-influencia-a-sociedade\/"},"author":{"name":"M\u00e1rcio Miranda Pontes","@id":"https:\/\/www.sabra.org.br\/site\/#\/schema\/person\/7d1d222c3c8891d4c37c7b41bf6315c2"},"headline":"Sociedade e M\u00fasica","datePublished":"2018-10-31T16:03:47+00:00","dateModified":"2025-04-20T22:15:43+00:00","mainEntityOfPage":{"@id":"https:\/\/www.sabra.org.br\/site\/musica-influencia-a-sociedade\/"},"wordCount":679,"publisher":{"@id":"https:\/\/www.sabra.org.br\/site\/#organization"},"image":{"@id":"https:\/\/www.sabra.org.br\/site\/musica-influencia-a-sociedade\/#primaryimage"},"thumbnailUrl":"https:\/\/www.sabra.org.br\/site\/wp-content\/uploads\/2018\/10\/como-a-musica-influencia-a-nossa-sociedade-20180705134730.jpg.jpg","keywords":["Assist\u00eancia social","Canto Coral","Musicaliza\u00e7\u00e3o Infantil","Oficina Musical SABRA","Orquestra Sinf\u00f4nica de Betim","Sociedade Art\u00edstica Brasileira"],"articleSection":["Blog SABRA"],"inLanguage":"pt-BR"},{"@type":"WebPage","@id":"https:\/\/www.sabra.org.br\/site\/musica-influencia-a-sociedade\/","url":"https:\/\/www.sabra.org.br\/site\/musica-influencia-a-sociedade\/","name":"Sociedade e a Influ\u00eancia da M\u00fasica na Cultura - SABRA - Sociedade Art\u00edstica Brasileira","isPartOf":{"@id":"https:\/\/www.sabra.org.br\/site\/#website"},"primaryImageOfPage":{"@id":"https:\/\/www.sabra.org.br\/site\/musica-influencia-a-sociedade\/#primaryimage"},"image":{"@id":"https:\/\/www.sabra.org.br\/site\/musica-influencia-a-sociedade\/#primaryimage"},"thumbnailUrl":"https:\/\/www.sabra.org.br\/site\/wp-content\/uploads\/2018\/10\/como-a-musica-influencia-a-nossa-sociedade-20180705134730.jpg.jpg","datePublished":"2018-10-31T16:03:47+00:00","dateModified":"2025-04-20T22:15:43+00:00","description":"A m\u00fasica \u00e9 uma poderosa ferramenta na sociedade. Conhe\u00e7a seu impacto na comunica\u00e7\u00e3o e na forma\u00e7\u00e3o de grupos sociais.","breadcrumb":{"@id":"https:\/\/www.sabra.org.br\/site\/musica-influencia-a-sociedade\/#breadcrumb"},"inLanguage":"pt-BR","potentialAction":[{"@type":"ReadAction","target":["https:\/\/www.sabra.org.br\/site\/musica-influencia-a-sociedade\/"]}]},{"@type":"ImageObject","inLanguage":"pt-BR","@id":"https:\/\/www.sabra.org.br\/site\/musica-influencia-a-sociedade\/#primaryimage","url":"https:\/\/www.sabra.org.br\/site\/wp-content\/uploads\/2018\/10\/como-a-musica-influencia-a-nossa-sociedade-20180705134730.jpg.jpg","contentUrl":"https:\/\/www.sabra.org.br\/site\/wp-content\/uploads\/2018\/10\/como-a-musica-influencia-a-nossa-sociedade-20180705134730.jpg.jpg","width":890,"height":500,"caption":"Sociedade Art\u00edstica Brasileira SABRA"},{"@type":"BreadcrumbList","@id":"https:\/\/www.sabra.org.br\/site\/musica-influencia-a-sociedade\/#breadcrumb","itemListElement":[{"@type":"ListItem","position":1,"name":"In\u00edcio","item":"https:\/\/www.sabra.org.br\/site\/"},{"@type":"ListItem","position":2,"name":"Sociedade e M\u00fasica"}]},{"@type":"WebSite","@id":"https:\/\/www.sabra.org.br\/site\/#website","url":"https:\/\/www.sabra.org.br\/site\/","name":"SABRA - Sociedade Art\u00edstica Brasileira","description":"Escola de M\u00fasica, Orquestra Sinf\u00f4nica, Coral e Patrim\u00f4nio Cultural e Hist\u00f3rico","publisher":{"@id":"https:\/\/www.sabra.org.br\/site\/#organization"},"potentialAction":[{"@type":"SearchAction","target":{"@type":"EntryPoint","urlTemplate":"https:\/\/www.sabra.org.br\/site\/?s={search_term_string}"},"query-input":{"@type":"PropertyValueSpecification","valueRequired":true,"valueName":"search_term_string"}}],"inLanguage":"pt-BR"},{"@type":"Organization","@id":"https:\/\/www.sabra.org.br\/site\/#organization","name":"SOCIEDADE ART\u00cdSTICA BRASILEIRA SABRA","alternateName":"SABRA","url":"https:\/\/www.sabra.org.br\/site\/","logo":{"@type":"ImageObject","inLanguage":"pt-BR","@id":"https:\/\/www.sabra.org.br\/site\/#\/schema\/logo\/image\/","url":"https:\/\/www.sabra.org.br\/site\/wp-content\/uploads\/2019\/06\/cropped-Logo_SABRA-Copia-1.webp","contentUrl":"https:\/\/www.sabra.org.br\/site\/wp-content\/uploads\/2019\/06\/cropped-Logo_SABRA-Copia-1.webp","width":400,"height":128,"caption":"SOCIEDADE ART\u00cdSTICA BRASILEIRA SABRA"},"image":{"@id":"https:\/\/www.sabra.org.br\/site\/#\/schema\/logo\/image\/"},"sameAs":["https:\/\/www.facebook.com\/sabrabrasil","https:\/\/x.com\/ContatoSabra","https:\/\/www.instagram.com\/sabrabrasil\/","https:\/\/www.linkedin.com\/company\/25002088\/","https:\/\/br.pinterest.com\/sociedadeartisticabrasileira\/","https:\/\/www.youtube.com\/c\/sabrabrasil"]},{"@type":"Person","@id":"https:\/\/www.sabra.org.br\/site\/#\/schema\/person\/7d1d222c3c8891d4c37c7b41bf6315c2","name":"M\u00e1rcio Miranda Pontes","image":{"@type":"ImageObject","inLanguage":"pt-BR","@id":"https:\/\/secure.gravatar.com\/avatar\/3b45f24496a7625a3a6c436688fbe20344faaeb2979658dc4a9921f984d7df9a?s=96&d=mm&r=g","url":"https:\/\/secure.gravatar.com\/avatar\/3b45f24496a7625a3a6c436688fbe20344faaeb2979658dc4a9921f984d7df9a?s=96&d=mm&r=g","contentUrl":"https:\/\/secure.gravatar.com\/avatar\/3b45f24496a7625a3a6c436688fbe20344faaeb2979658dc4a9921f984d7df9a?s=96&d=mm&r=g","caption":"M\u00e1rcio Miranda Pontes"},"sameAs":["http:\/\/www.sabra.org.br"],"url":"https:\/\/www.sabra.org.br\/site\/author\/marcio-miranda-pontes\/"}]}},"jetpack_featured_media_url":"https:\/\/www.sabra.org.br\/site\/wp-content\/uploads\/2018\/10\/como-a-musica-influencia-a-nossa-sociedade-20180705134730.jpg.jpg","jetpack_shortlink":"https:\/\/wp.me\/p95j2Z-q3","jetpack-related-posts":[{"id":1580,"url":"https:\/\/www.sabra.org.br\/site\/arte-e-sociedade\/","url_meta":{"origin":1615,"position":0},"title":"ARTE E SOCIEDADE","author":"M\u00e1rcio Miranda Pontes","date":"18 de outubro de 2018","format":false,"excerpt":"De que forma a arte influencia no comportamento da sociedade? Na arte traduzimos n\u00e3o apenas uma por\u00e7\u00e3o de nossa subjetividade individual, mas tamb\u00e9m imprimimos algo do tempo em que vivemos. Seja este detalhe volunt\u00e1rio ou n\u00e3o, o fato \u00e9 que a arte \u00e9 um registro hist\u00f3rico e pessoal da experi\u00eancia\u2026","rel":"","context":"Em &quot;Blog SABRA&quot;","block_context":{"text":"Blog SABRA","link":"https:\/\/www.sabra.org.br\/site\/category\/blog-sabra\/"},"img":{"alt_text":"Arte e Sociedade","src":"https:\/\/i0.wp.com\/www.sabra.org.br\/site\/wp-content\/uploads\/2018\/10\/qual-o-papel-da-arte-na-formacao-da-sociedade-20180705134730.jpg.jpg?resize=350%2C200&ssl=1","width":350,"height":200,"srcset":"https:\/\/i0.wp.com\/www.sabra.org.br\/site\/wp-content\/uploads\/2018\/10\/qual-o-papel-da-arte-na-formacao-da-sociedade-20180705134730.jpg.jpg?resize=350%2C200&ssl=1 1x, https:\/\/i0.wp.com\/www.sabra.org.br\/site\/wp-content\/uploads\/2018\/10\/qual-o-papel-da-arte-na-formacao-da-sociedade-20180705134730.jpg.jpg?resize=525%2C300&ssl=1 1.5x, https:\/\/i0.wp.com\/www.sabra.org.br\/site\/wp-content\/uploads\/2018\/10\/qual-o-papel-da-arte-na-formacao-da-sociedade-20180705134730.jpg.jpg?resize=700%2C400&ssl=1 2x"},"classes":[]},{"id":7755,"url":"https:\/\/www.sabra.org.br\/site\/sabra-ajuda\/","url_meta":{"origin":1615,"position":1},"title":"Saiba como a Sociedade Art\u00edstica Brasileira pode ajudar voc\u00ea","author":"M\u00e1rcio Miranda Pontes","date":"2 de agosto de 2023","format":false,"excerpt":"Focada em promover inclus\u00e3o social e enriquecimento cultural atrav\u00e9s da m\u00fasica, a SABRA, Sociedade Art\u00edstica Brasileira utiliza a arte e a m\u00fasica para transformar a nossa sociedade. Leia o texto e saiba mais sobre o nosso trabalho.","rel":"","context":"Em &quot;Blog SABRA&quot;","block_context":{"text":"Blog SABRA","link":"https:\/\/www.sabra.org.br\/site\/category\/blog-sabra\/"},"img":{"alt_text":"sabra-m\u00fasica-culturais-sociais-social-trabalhamos-buscamos-jovens","src":"https:\/\/i0.wp.com\/www.sabra.org.br\/site\/wp-content\/uploads\/2023\/08\/saiba-como-a-sociedade-artistica-brasileira-pode-ajudar-vocejpg-20230504105610-1.jpg-1-jpg.webp?resize=350%2C200&ssl=1","width":350,"height":200,"srcset":"https:\/\/i0.wp.com\/www.sabra.org.br\/site\/wp-content\/uploads\/2023\/08\/saiba-como-a-sociedade-artistica-brasileira-pode-ajudar-vocejpg-20230504105610-1.jpg-1-jpg.webp?resize=350%2C200&ssl=1 1x, https:\/\/i0.wp.com\/www.sabra.org.br\/site\/wp-content\/uploads\/2023\/08\/saiba-como-a-sociedade-artistica-brasileira-pode-ajudar-vocejpg-20230504105610-1.jpg-1-jpg.webp?resize=525%2C300&ssl=1 1.5x, https:\/\/i0.wp.com\/www.sabra.org.br\/site\/wp-content\/uploads\/2023\/08\/saiba-como-a-sociedade-artistica-brasileira-pode-ajudar-vocejpg-20230504105610-1.jpg-1-jpg.webp?resize=700%2C400&ssl=1 2x"},"classes":[]},{"id":7130,"url":"https:\/\/www.sabra.org.br\/site\/musica-e-coral\/","url_meta":{"origin":1615,"position":2},"title":"Curso\u00a0M\u00fasica\u00a0e\u00a0Coral","author":"M\u00e1rcio Miranda Pontes","date":"15 de maio de 2023","format":false,"excerpt":"Voc\u00ea sempre se interessou pela \u00e1rea musical, mas nunca teve coragem de se inscrever em um coral por achar que n\u00e3o nasceu para isso? Pois saiba que investindo em um curso M\u00fasica e Coral isso \u00e9 perfeitamente poss\u00edvel.","rel":"","context":"Em &quot;Blog SABRA&quot;","block_context":{"text":"Blog SABRA","link":"https:\/\/www.sabra.org.br\/site\/category\/blog-sabra\/"},"img":{"alt_text":"m\u00fasica-cultura-curso-musical-projeto-desenvolvendo-educa\u00e7\u00e3o-sociedade-coral-sociais-valor","src":"https:\/\/i0.wp.com\/www.sabra.org.br\/site\/wp-content\/uploads\/2023\/05\/curso-musica-e-coral-20171229162457.jpg-jpg.webp?resize=350%2C200&ssl=1","width":350,"height":200,"srcset":"https:\/\/i0.wp.com\/www.sabra.org.br\/site\/wp-content\/uploads\/2023\/05\/curso-musica-e-coral-20171229162457.jpg-jpg.webp?resize=350%2C200&ssl=1 1x, https:\/\/i0.wp.com\/www.sabra.org.br\/site\/wp-content\/uploads\/2023\/05\/curso-musica-e-coral-20171229162457.jpg-jpg.webp?resize=525%2C300&ssl=1 1.5x"},"classes":[]},{"id":13480,"url":"https:\/\/www.sabra.org.br\/site\/cultura-musical\/","url_meta":{"origin":1615,"position":3},"title":"Benef\u00edcios que a cultura musical traz para a nossa sociedade","author":"M\u00e1rcio Miranda Pontes","date":"16 de maio de 2025","format":false,"excerpt":"Entenda como a cultura musical transforma a nossa percep\u00e7\u00e3o do mundo e como isso se reflete em diversas formas de arte.","rel":"","context":"Em &quot;Blog SABRA&quot;","block_context":{"text":"Blog SABRA","link":"https:\/\/www.sabra.org.br\/site\/category\/blog-sabra\/"},"img":{"alt_text":"","src":"","width":0,"height":0},"classes":[]},{"id":9327,"url":"https:\/\/www.sabra.org.br\/site\/psicologia-evolutiva\/","url_meta":{"origin":1615,"position":4},"title":"Psicologia evolutiva e m\u00fasica: uma conex\u00e3o ancestral.","author":"M\u00e1rcio Miranda Pontes","date":"17 de abril de 2024","format":false,"excerpt":"Descubra as origens ancestrais da m\u00fasica, explore como ela moldou nossa evolu\u00e7\u00e3o como esp\u00e9cie e desvende os segredos por tr\u00e1s da capacidade \u00fanica da m\u00fasica de nos conectar uns aos outros.","rel":"","context":"Em &quot;Blog SABRA&quot;","block_context":{"text":"Blog SABRA","link":"https:\/\/www.sabra.org.br\/site\/category\/blog-sabra\/"},"img":{"alt_text":"sabra-m\u00fasica-evolutiva-humana-emo\u00e7\u00f5es-psicologia","src":"https:\/\/i0.wp.com\/www.sabra.org.br\/site\/wp-content\/uploads\/2024\/04\/entendendo-um-pouco-mais-sobre-a-conexao-entre-a-musica-e-psicologia-evolutiva-20240229111914.jpg-jpg.webp?resize=350%2C200&ssl=1","width":350,"height":200,"srcset":"https:\/\/i0.wp.com\/www.sabra.org.br\/site\/wp-content\/uploads\/2024\/04\/entendendo-um-pouco-mais-sobre-a-conexao-entre-a-musica-e-psicologia-evolutiva-20240229111914.jpg-jpg.webp?resize=350%2C200&ssl=1 1x, https:\/\/i0.wp.com\/www.sabra.org.br\/site\/wp-content\/uploads\/2024\/04\/entendendo-um-pouco-mais-sobre-a-conexao-entre-a-musica-e-psicologia-evolutiva-20240229111914.jpg-jpg.webp?resize=525%2C300&ssl=1 1.5x, https:\/\/i0.wp.com\/www.sabra.org.br\/site\/wp-content\/uploads\/2024\/04\/entendendo-um-pouco-mais-sobre-a-conexao-entre-a-musica-e-psicologia-evolutiva-20240229111914.jpg-jpg.webp?resize=700%2C400&ssl=1 2x"},"classes":[]},{"id":2087,"url":"https:\/\/www.sabra.org.br\/site\/comportamento-musica\/","url_meta":{"origin":1615,"position":5},"title":"Saiba como a m\u00fasica influencia no comportamento humano","author":"M\u00e1rcio Miranda Pontes","date":"30 de junho de 2023","format":false,"excerpt":"Quem nunca se sentiu emocionado por uma bela m\u00fasica? Todo mundo j\u00e1 passou por essa experi\u00eancia, mas voc\u00ea sabia que a m\u00fasica \u00e9 muito mais poderosa que isso? Ela pode influenciar at\u00e9 o nosso comportamento! Confira como!","rel":"","context":"Em &quot;Blog SABRA&quot;","block_context":{"text":"Blog SABRA","link":"https:\/\/www.sabra.org.br\/site\/category\/blog-sabra\/"},"img":{"alt_text":"comportamento-m\u00fasica-sabra","src":"https:\/\/i0.wp.com\/www.sabra.org.br\/site\/wp-content\/uploads\/2023\/06\/saiba-como-a-musica-influencia-no-comportamento-humano-20190531112303.jpg-jpg.webp?resize=350%2C200&ssl=1","width":350,"height":200,"srcset":"https:\/\/i0.wp.com\/www.sabra.org.br\/site\/wp-content\/uploads\/2023\/06\/saiba-como-a-musica-influencia-no-comportamento-humano-20190531112303.jpg-jpg.webp?resize=350%2C200&ssl=1 1x, https:\/\/i0.wp.com\/www.sabra.org.br\/site\/wp-content\/uploads\/2023\/06\/saiba-como-a-musica-influencia-no-comportamento-humano-20190531112303.jpg-jpg.webp?resize=525%2C300&ssl=1 1.5x, https:\/\/i0.wp.com\/www.sabra.org.br\/site\/wp-content\/uploads\/2023\/06\/saiba-como-a-musica-influencia-no-comportamento-humano-20190531112303.jpg-jpg.webp?resize=700%2C400&ssl=1 2x"},"classes":[]}],"jetpack_likes_enabled":true,"jetpack_sharing_enabled":true,"_links":{"self":[{"href":"https:\/\/www.sabra.org.br\/site\/wp-json\/wp\/v2\/posts\/1615","targetHints":{"allow":["GET"]}}],"collection":[{"href":"https:\/\/www.sabra.org.br\/site\/wp-json\/wp\/v2\/posts"}],"about":[{"href":"https:\/\/www.sabra.org.br\/site\/wp-json\/wp\/v2\/types\/post"}],"author":[{"embeddable":true,"href":"https:\/\/www.sabra.org.br\/site\/wp-json\/wp\/v2\/users\/39"}],"replies":[{"embeddable":true,"href":"https:\/\/www.sabra.org.br\/site\/wp-json\/wp\/v2\/comments?post=1615"}],"version-history":[{"count":0,"href":"https:\/\/www.sabra.org.br\/site\/wp-json\/wp\/v2\/posts\/1615\/revisions"}],"wp:featuredmedia":[{"embeddable":true,"href":"https:\/\/www.sabra.org.br\/site\/wp-json\/wp\/v2\/media\/1617"}],"wp:attachment":[{"href":"https:\/\/www.sabra.org.br\/site\/wp-json\/wp\/v2\/media?parent=1615"}],"wp:term":[{"taxonomy":"category","embeddable":true,"href":"https:\/\/www.sabra.org.br\/site\/wp-json\/wp\/v2\/categories?post=1615"},{"taxonomy":"post_tag","embeddable":true,"href":"https:\/\/www.sabra.org.br\/site\/wp-json\/wp\/v2\/tags?post=1615"}],"curies":[{"name":"wp","href":"https:\/\/api.w.org\/{rel}","templated":true}]}}