{"id":1633,"date":"2018-11-21T08:46:43","date_gmt":"2018-11-21T10:46:43","guid":{"rendered":"https:\/\/www.sabra.org.br\/site\/?p=1633"},"modified":"2025-04-20T19:15:45","modified_gmt":"2025-04-20T22:15:45","slug":"diferenca-entre-patrimonio-cultural-material-e-imaterial","status":"publish","type":"post","link":"https:\/\/www.sabra.org.br\/site\/diferenca-entre-patrimonio-cultural-material-e-imaterial\/","title":{"rendered":"PATRIM\u00d4NIO CULTURAL"},"content":{"rendered":"<h2>Qual a diferen\u00e7a entre Patrim\u00f4nio Cultural Material e Imaterial?<\/h2>\n<p>Todo pa\u00eds possui seu patrim\u00f4nio cultural, independentemente de qual natureza ele seja. Esse patrim\u00f4nio se trata das cria\u00e7\u00f5es art\u00edsticas, hist\u00f3ricas, cient\u00edficas e tecnol\u00f3gicas que nortearam a hist\u00f3ria de uma na\u00e7\u00e3o, podendo ser expressas atrav\u00e9s de documentos, objetos, imagens, espa\u00e7os f\u00edsicos, conhecimentos populares, entre outras formas. Dentro desse <a href=\"https:\/\/www.sabra.org.br\/site\/papel-da-arte-na-formacao-da-sociedade\/\" target=\"_blank\" rel=\"noopener\">macrouniverso cultural<\/a>, temos dois tipos de patrim\u00f4nio: material e imaterial.<\/p>\n<h3>Patrim\u00f4nio imaterial<\/h3>\n<p>Ambos se referem \u00e0s heran\u00e7as de conhecimento deixadas por nossa popula\u00e7\u00e3o, por\u00e9m, s\u00e3o diferentes quanto ao seu formato. O patrim\u00f4nio imaterial est\u00e1 ligado aos conhecimentos, cren\u00e7as, costumes, m\u00e9todos, habilidades, m\u00fasicas, cenas l\u00fadicas, festividades culturais, religi\u00f5es, entre outros saberes relacionados \u00e0 cultura popular de uma na\u00e7\u00e3o. Nesse caso, n\u00e3o \u00e9 poss\u00edvel tocar essas heran\u00e7as, por\u00e9m, elas influenciam e norteiam muito o comportamento e a vida dos cidad\u00e3os.<\/p>\n<p>Nos livros de hist\u00f3ria temos provas bastante concretas desse patrim\u00f4nio imaterial, ou quando visitamos cidades muito antigas, que carregam consigo ensinamentos, cren\u00e7as, costumes e h\u00e1bitos muito presentes. Em nosso pa\u00eds temos um ber\u00e7o rico em cultural imaterial, como as nossas famosas lendas do Saci, da mula sem cabe\u00e7a, do boto cor-de-rosa; as nossas festividades como o carnaval e a festa do C\u00edrio de Nossa Senhora de Nazar\u00e9; dan\u00e7as como o frevo, o xaxado e o samba, entre muitas outras refer\u00eancias importantes em nosso imagin\u00e1rio popular.<\/p>\n<h3>A import\u00e2ncia do investimento em cultura<\/h3>\n<p>Vale ressaltar que o patrim\u00f4nio imaterial est\u00e1 em constante atualiza\u00e7\u00e3o, uma vez que novas cren\u00e7as, novos entendimentos sobre <a href=\"https:\/\/www.sabra.org.br\/site\/cultura-erudita-x-popular-x-de-massa\/\" target=\"_blank\" rel=\"noopener\">a cultura e sobre a sociedade<\/a>, novas tecnologias e novos h\u00e1bitos s\u00e3o implementados a cada ano, o que altera o futuro cultural da na\u00e7\u00e3o. Com isso, podemos notar que esse patrim\u00f4nio \u00e9 um tanto vulner\u00e1vel e esquec\u00edvel, o que refor\u00e7a a necessidade de a\u00e7\u00f5es de cultura para relembrar e fortalecer a import\u00e2ncia desses patrim\u00f4nios para a cultura de um pa\u00eds.<\/p>\n<p>Por conta disso, muitos projetos s\u00e3o desenvolvidos pelo Governo e pela iniciativa privada em nosso pa\u00eds e no mundo. No Brasil, essa valoriza\u00e7\u00e3o ainda precisa ser aperfei\u00e7oada com mais educa\u00e7\u00e3o e investimento em cultura.<\/p>\n<h3>Patrim\u00f4nio material<\/h3>\n<p>Essa vertente, como o pr\u00f3prio nome j\u00e1 sugere, est\u00e1 ligada diretamente aos bens palp\u00e1veis, materiais e concretos, diferentemente dos abstratos do imaterial. A \u201cConven\u00e7\u00e3o para a Prote\u00e7\u00e3o do Patrim\u00f4nio Mundial, Cultural e Natural\u201d, ocorrida em Paris em 1972, foi a respons\u00e1vel por definir o conceito de patrim\u00f4nio cultural material, deixando claro todas as pe\u00e7as consideradas materiais.<\/p>\n<p>Geralmente s\u00e3o compostos por esculturas, pinturas, documentos, bibliografias, s\u00edtios arqueol\u00f3gicos, filmes produzidos, fotografias, igrejas, monumentos antigos, museus, pra\u00e7as, universidades, bustos, teatros, vestimentas etc.<\/p>\n<p>Estes s\u00e3o divididos em bens im\u00f3veis e m\u00f3veis. Os im\u00f3veis se tratam dos n\u00facleos urbanos, os s\u00edtios arqueol\u00f3gicos, bens individuais, entre outros, que n\u00e3o podem ser transportados ou retirados do local.<\/p>\n<p>J\u00e1 os m\u00f3veis s\u00e3o aquelas bibliografias hist\u00f3ricas, pinturas, pe\u00e7as de decora\u00e7\u00e3o, pe\u00e7as do cotidiano antigo, documentos importantes, arquivos, videografias, fotografias, cole\u00e7\u00f5es arqueol\u00f3gicas, entre outras amostras que podem ser transportadas para outros locais.<\/p>\n<p>Na maioria dos casos, essas pe\u00e7as est\u00e3o alocadas em museus importantes do pa\u00eds, estando acess\u00edvel para o conhecimento e visualiza\u00e7\u00e3o do p\u00fablico, tomando toda precau\u00e7\u00e3o necess\u00e1ria para que n\u00e3o haja danos ao patrim\u00f4nio.<\/p>\n<h3>Se voc\u00ea gostou deste post:<\/h3>\n<p>&#8211; siga as nossas p\u00e1ginas nas redes sociais para acompanhar as nossas atualiza\u00e7\u00f5es: estamos no <a href=\"https:\/\/www.facebook.com\/sabrabrasil\" target=\"_blank\" rel=\"noopener\">Facebook<\/a>, no <a href=\"https:\/\/www.instagram.com\/sabrabrasil\/\" target=\"_blank\" rel=\"noopener\">Instagram<\/a>, no <a href=\"https:\/\/www.linkedin.com\/company\/25002088\" target=\"_blank\" rel=\"noopener\">LinkedIn<\/a>, no <a href=\"https:\/\/twitter.com\/ContatoSabra\" target=\"_blank\" rel=\"noopener\">Twitter<\/a> e no <a href=\"https:\/\/www.youtube.com\/channel\/UCJw-kbuEvzUNdeQf20Pa-eQ\" target=\"_blank\" rel=\"noopener\">YouTube<\/a>!<\/p>\n<p>&#8211; Conhe\u00e7a o trabalho da Sociedade Art\u00edstica Brasileira (SABRA) e todas as iniciativas culturais e sociais que ela mant\u00e9m. <a href=\"https:\/\/www.sabra.org.br\/site\/acoes\/\" target=\"_blank\" rel=\"noopener\">Acesse nosso site!<\/a><\/p>\n<p>&#8211; entre em contato com a gente. E veja quais s\u00e3o as op\u00e7\u00f5es de ajuda na manuten\u00e7\u00e3o de nossas a\u00e7\u00f5es sociais e culturais. Basta acessar nossa p\u00e1gina <a href=\"https:\/\/www.sabra.org.br\/site\/doe-agora\/\" target=\"_blank\" rel=\"noopener\">Doe Agora!<\/a><\/p>\n<p>&#8211; Compartilhe este texto nas suas redes sociais e ajude os seus amigos a tamb\u00e9m dominarem o assunto!<\/p>\n","protected":false},"excerpt":{"rendered":"<p>Qual a diferen\u00e7a entre Patrim\u00f4nio Cultural Material e Imaterial? Todo pa\u00eds possui seu patrim\u00f4nio cultural, independentemente de qual natureza ele seja. Esse patrim\u00f4nio se trata&hellip;<\/p>\n","protected":false},"author":39,"featured_media":1635,"comment_status":"closed","ping_status":"closed","sticky":false,"template":"","format":"standard","meta":{"jetpack_post_was_ever_published":false,"_jetpack_newsletter_access":"","_jetpack_dont_email_post_to_subs":false,"_jetpack_newsletter_tier_id":0,"_jetpack_memberships_contains_paywalled_content":false,"_jetpack_memberships_contains_paid_content":false,"footnotes":""},"categories":[1],"tags":[15,8,16,12,11,9],"class_list":["post-1633","post","type-post","status-publish","format-standard","has-post-thumbnail","hentry","category-blog-sabra","tag-assistencia-social","tag-canto-coral","tag-musicalizacao-infantil","tag-oficina-musical-sabra","tag-orquestra-sinfonica-de-betim","tag-sociedade-artistica-brasileira"],"yoast_head":"<!-- This site is optimized with the Yoast SEO plugin v27.5 - https:\/\/yoast.com\/product\/yoast-seo-wordpress\/ -->\n<title>PATRIM\u00d4NIO CULTURAL - SABRA - Sociedade Art\u00edstica Brasileira<\/title>\n<meta name=\"description\" content=\"Enquanto um tem rela\u00e7\u00e3o com o f\u00edsico, o outro tem com o intang\u00edvel. Veja outros exemplos que diferenciam o patrim\u00f4nio cultural material do imaterial!\" \/>\n<meta name=\"robots\" content=\"index, follow, max-snippet:-1, max-image-preview:large, max-video-preview:-1\" \/>\n<link rel=\"canonical\" href=\"https:\/\/www.sabra.org.br\/site\/diferenca-entre-patrimonio-cultural-material-e-imaterial\/\" \/>\n<meta property=\"og:locale\" content=\"pt_BR\" \/>\n<meta property=\"og:type\" content=\"article\" \/>\n<meta property=\"og:title\" content=\"PATRIM\u00d4NIO CULTURAL - SABRA - Sociedade Art\u00edstica Brasileira\" \/>\n<meta property=\"og:description\" content=\"Enquanto um tem rela\u00e7\u00e3o com o f\u00edsico, o outro tem com o intang\u00edvel. Veja outros exemplos que diferenciam o patrim\u00f4nio cultural material do imaterial!\" \/>\n<meta property=\"og:url\" content=\"https:\/\/www.sabra.org.br\/site\/diferenca-entre-patrimonio-cultural-material-e-imaterial\/\" \/>\n<meta property=\"og:site_name\" content=\"SABRA - Sociedade Art\u00edstica Brasileira\" \/>\n<meta property=\"article:publisher\" content=\"https:\/\/www.facebook.com\/sabrabrasil\" \/>\n<meta property=\"article:published_time\" content=\"2018-11-21T10:46:43+00:00\" \/>\n<meta property=\"article:modified_time\" content=\"2025-04-20T22:15:45+00:00\" \/>\n<meta property=\"og:image\" content=\"https:\/\/www.sabra.org.br\/site\/wp-content\/uploads\/2018\/11\/qual-a-diferenca-entre-patrimonio-cultural-material-e-imaterial-20180918131645.jpg.jpg\" \/>\n\t<meta property=\"og:image:width\" content=\"800\" \/>\n\t<meta property=\"og:image:height\" content=\"533\" \/>\n\t<meta property=\"og:image:type\" content=\"image\/jpeg\" \/>\n<meta name=\"author\" content=\"M\u00e1rcio Miranda Pontes\" \/>\n<meta name=\"twitter:card\" content=\"summary_large_image\" \/>\n<meta name=\"twitter:creator\" content=\"@ContatoSabra\" \/>\n<meta name=\"twitter:site\" content=\"@ContatoSabra\" \/>\n<meta name=\"twitter:label1\" content=\"Escrito por\" \/>\n\t<meta name=\"twitter:data1\" content=\"M\u00e1rcio Miranda Pontes\" \/>\n\t<meta name=\"twitter:label2\" content=\"Est. tempo de leitura\" \/>\n\t<meta name=\"twitter:data2\" content=\"4 minutos\" \/>\n<script type=\"application\/ld+json\" class=\"yoast-schema-graph\">{\"@context\":\"https:\\\/\\\/schema.org\",\"@graph\":[{\"@type\":\"Article\",\"@id\":\"https:\\\/\\\/www.sabra.org.br\\\/site\\\/diferenca-entre-patrimonio-cultural-material-e-imaterial\\\/#article\",\"isPartOf\":{\"@id\":\"https:\\\/\\\/www.sabra.org.br\\\/site\\\/diferenca-entre-patrimonio-cultural-material-e-imaterial\\\/\"},\"author\":{\"name\":\"M\u00e1rcio Miranda Pontes\",\"@id\":\"https:\\\/\\\/www.sabra.org.br\\\/site\\\/#\\\/schema\\\/person\\\/7d1d222c3c8891d4c37c7b41bf6315c2\"},\"headline\":\"PATRIM\u00d4NIO CULTURAL\",\"datePublished\":\"2018-11-21T10:46:43+00:00\",\"dateModified\":\"2025-04-20T22:15:45+00:00\",\"mainEntityOfPage\":{\"@id\":\"https:\\\/\\\/www.sabra.org.br\\\/site\\\/diferenca-entre-patrimonio-cultural-material-e-imaterial\\\/\"},\"wordCount\":726,\"publisher\":{\"@id\":\"https:\\\/\\\/www.sabra.org.br\\\/site\\\/#organization\"},\"image\":{\"@id\":\"https:\\\/\\\/www.sabra.org.br\\\/site\\\/diferenca-entre-patrimonio-cultural-material-e-imaterial\\\/#primaryimage\"},\"thumbnailUrl\":\"https:\\\/\\\/www.sabra.org.br\\\/site\\\/wp-content\\\/uploads\\\/2018\\\/11\\\/qual-a-diferenca-entre-patrimonio-cultural-material-e-imaterial-20180918131645.jpg.jpg\",\"keywords\":[\"Assist\u00eancia social\",\"Canto Coral\",\"Musicaliza\u00e7\u00e3o Infantil\",\"Oficina Musical SABRA\",\"Orquestra Sinf\u00f4nica de Betim\",\"Sociedade Art\u00edstica Brasileira\"],\"articleSection\":[\"Blog SABRA\"],\"inLanguage\":\"pt-BR\"},{\"@type\":\"WebPage\",\"@id\":\"https:\\\/\\\/www.sabra.org.br\\\/site\\\/diferenca-entre-patrimonio-cultural-material-e-imaterial\\\/\",\"url\":\"https:\\\/\\\/www.sabra.org.br\\\/site\\\/diferenca-entre-patrimonio-cultural-material-e-imaterial\\\/\",\"name\":\"PATRIM\u00d4NIO CULTURAL - SABRA - Sociedade Art\u00edstica Brasileira\",\"isPartOf\":{\"@id\":\"https:\\\/\\\/www.sabra.org.br\\\/site\\\/#website\"},\"primaryImageOfPage\":{\"@id\":\"https:\\\/\\\/www.sabra.org.br\\\/site\\\/diferenca-entre-patrimonio-cultural-material-e-imaterial\\\/#primaryimage\"},\"image\":{\"@id\":\"https:\\\/\\\/www.sabra.org.br\\\/site\\\/diferenca-entre-patrimonio-cultural-material-e-imaterial\\\/#primaryimage\"},\"thumbnailUrl\":\"https:\\\/\\\/www.sabra.org.br\\\/site\\\/wp-content\\\/uploads\\\/2018\\\/11\\\/qual-a-diferenca-entre-patrimonio-cultural-material-e-imaterial-20180918131645.jpg.jpg\",\"datePublished\":\"2018-11-21T10:46:43+00:00\",\"dateModified\":\"2025-04-20T22:15:45+00:00\",\"description\":\"Enquanto um tem rela\u00e7\u00e3o com o f\u00edsico, o outro tem com o intang\u00edvel. Veja outros exemplos que diferenciam o patrim\u00f4nio cultural material do imaterial!\",\"breadcrumb\":{\"@id\":\"https:\\\/\\\/www.sabra.org.br\\\/site\\\/diferenca-entre-patrimonio-cultural-material-e-imaterial\\\/#breadcrumb\"},\"inLanguage\":\"pt-BR\",\"potentialAction\":[{\"@type\":\"ReadAction\",\"target\":[\"https:\\\/\\\/www.sabra.org.br\\\/site\\\/diferenca-entre-patrimonio-cultural-material-e-imaterial\\\/\"]}]},{\"@type\":\"ImageObject\",\"inLanguage\":\"pt-BR\",\"@id\":\"https:\\\/\\\/www.sabra.org.br\\\/site\\\/diferenca-entre-patrimonio-cultural-material-e-imaterial\\\/#primaryimage\",\"url\":\"https:\\\/\\\/www.sabra.org.br\\\/site\\\/wp-content\\\/uploads\\\/2018\\\/11\\\/qual-a-diferenca-entre-patrimonio-cultural-material-e-imaterial-20180918131645.jpg.jpg\",\"contentUrl\":\"https:\\\/\\\/www.sabra.org.br\\\/site\\\/wp-content\\\/uploads\\\/2018\\\/11\\\/qual-a-diferenca-entre-patrimonio-cultural-material-e-imaterial-20180918131645.jpg.jpg\",\"width\":800,\"height\":533,\"caption\":\"Sociedade Art\u00edstica Brasileira SABRA\"},{\"@type\":\"BreadcrumbList\",\"@id\":\"https:\\\/\\\/www.sabra.org.br\\\/site\\\/diferenca-entre-patrimonio-cultural-material-e-imaterial\\\/#breadcrumb\",\"itemListElement\":[{\"@type\":\"ListItem\",\"position\":1,\"name\":\"In\u00edcio\",\"item\":\"https:\\\/\\\/www.sabra.org.br\\\/site\\\/\"},{\"@type\":\"ListItem\",\"position\":2,\"name\":\"PATRIM\u00d4NIO CULTURAL\"}]},{\"@type\":\"WebSite\",\"@id\":\"https:\\\/\\\/www.sabra.org.br\\\/site\\\/#website\",\"url\":\"https:\\\/\\\/www.sabra.org.br\\\/site\\\/\",\"name\":\"SABRA - Sociedade Art\u00edstica Brasileira\",\"description\":\"Escola de M\u00fasica, Orquestra Sinf\u00f4nica, Coral e Patrim\u00f4nio Cultural e Hist\u00f3rico\",\"publisher\":{\"@id\":\"https:\\\/\\\/www.sabra.org.br\\\/site\\\/#organization\"},\"potentialAction\":[{\"@type\":\"SearchAction\",\"target\":{\"@type\":\"EntryPoint\",\"urlTemplate\":\"https:\\\/\\\/www.sabra.org.br\\\/site\\\/?s={search_term_string}\"},\"query-input\":{\"@type\":\"PropertyValueSpecification\",\"valueRequired\":true,\"valueName\":\"search_term_string\"}}],\"inLanguage\":\"pt-BR\"},{\"@type\":\"Organization\",\"@id\":\"https:\\\/\\\/www.sabra.org.br\\\/site\\\/#organization\",\"name\":\"SOCIEDADE ART\u00cdSTICA BRASILEIRA SABRA\",\"alternateName\":\"SABRA\",\"url\":\"https:\\\/\\\/www.sabra.org.br\\\/site\\\/\",\"logo\":{\"@type\":\"ImageObject\",\"inLanguage\":\"pt-BR\",\"@id\":\"https:\\\/\\\/www.sabra.org.br\\\/site\\\/#\\\/schema\\\/logo\\\/image\\\/\",\"url\":\"https:\\\/\\\/www.sabra.org.br\\\/site\\\/wp-content\\\/uploads\\\/2019\\\/06\\\/cropped-Logo_SABRA-Copia-1.webp\",\"contentUrl\":\"https:\\\/\\\/www.sabra.org.br\\\/site\\\/wp-content\\\/uploads\\\/2019\\\/06\\\/cropped-Logo_SABRA-Copia-1.webp\",\"width\":400,\"height\":128,\"caption\":\"SOCIEDADE ART\u00cdSTICA BRASILEIRA SABRA\"},\"image\":{\"@id\":\"https:\\\/\\\/www.sabra.org.br\\\/site\\\/#\\\/schema\\\/logo\\\/image\\\/\"},\"sameAs\":[\"https:\\\/\\\/www.facebook.com\\\/sabrabrasil\",\"https:\\\/\\\/x.com\\\/ContatoSabra\",\"https:\\\/\\\/www.instagram.com\\\/sabrabrasil\\\/\",\"https:\\\/\\\/www.linkedin.com\\\/company\\\/25002088\\\/\",\"https:\\\/\\\/br.pinterest.com\\\/sociedadeartisticabrasileira\\\/\",\"https:\\\/\\\/www.youtube.com\\\/c\\\/sabrabrasil\"]},{\"@type\":\"Person\",\"@id\":\"https:\\\/\\\/www.sabra.org.br\\\/site\\\/#\\\/schema\\\/person\\\/7d1d222c3c8891d4c37c7b41bf6315c2\",\"name\":\"M\u00e1rcio Miranda Pontes\",\"image\":{\"@type\":\"ImageObject\",\"inLanguage\":\"pt-BR\",\"@id\":\"https:\\\/\\\/secure.gravatar.com\\\/avatar\\\/3b45f24496a7625a3a6c436688fbe20344faaeb2979658dc4a9921f984d7df9a?s=96&d=mm&r=g\",\"url\":\"https:\\\/\\\/secure.gravatar.com\\\/avatar\\\/3b45f24496a7625a3a6c436688fbe20344faaeb2979658dc4a9921f984d7df9a?s=96&d=mm&r=g\",\"contentUrl\":\"https:\\\/\\\/secure.gravatar.com\\\/avatar\\\/3b45f24496a7625a3a6c436688fbe20344faaeb2979658dc4a9921f984d7df9a?s=96&d=mm&r=g\",\"caption\":\"M\u00e1rcio Miranda Pontes\"},\"sameAs\":[\"http:\\\/\\\/www.sabra.org.br\"],\"url\":\"https:\\\/\\\/www.sabra.org.br\\\/site\\\/author\\\/marcio-miranda-pontes\\\/\"}]}<\/script>\n<!-- \/ Yoast SEO plugin. -->","yoast_head_json":{"title":"PATRIM\u00d4NIO CULTURAL - SABRA - Sociedade Art\u00edstica Brasileira","description":"Enquanto um tem rela\u00e7\u00e3o com o f\u00edsico, o outro tem com o intang\u00edvel. Veja outros exemplos que diferenciam o patrim\u00f4nio cultural material do imaterial!","robots":{"index":"index","follow":"follow","max-snippet":"max-snippet:-1","max-image-preview":"max-image-preview:large","max-video-preview":"max-video-preview:-1"},"canonical":"https:\/\/www.sabra.org.br\/site\/diferenca-entre-patrimonio-cultural-material-e-imaterial\/","og_locale":"pt_BR","og_type":"article","og_title":"PATRIM\u00d4NIO CULTURAL - SABRA - Sociedade Art\u00edstica Brasileira","og_description":"Enquanto um tem rela\u00e7\u00e3o com o f\u00edsico, o outro tem com o intang\u00edvel. Veja outros exemplos que diferenciam o patrim\u00f4nio cultural material do imaterial!","og_url":"https:\/\/www.sabra.org.br\/site\/diferenca-entre-patrimonio-cultural-material-e-imaterial\/","og_site_name":"SABRA - Sociedade Art\u00edstica Brasileira","article_publisher":"https:\/\/www.facebook.com\/sabrabrasil","article_published_time":"2018-11-21T10:46:43+00:00","article_modified_time":"2025-04-20T22:15:45+00:00","og_image":[{"width":800,"height":533,"url":"https:\/\/www.sabra.org.br\/site\/wp-content\/uploads\/2018\/11\/qual-a-diferenca-entre-patrimonio-cultural-material-e-imaterial-20180918131645.jpg.jpg","type":"image\/jpeg"}],"author":"M\u00e1rcio Miranda Pontes","twitter_card":"summary_large_image","twitter_creator":"@ContatoSabra","twitter_site":"@ContatoSabra","twitter_misc":{"Escrito por":"M\u00e1rcio Miranda Pontes","Est. tempo de leitura":"4 minutos"},"schema":{"@context":"https:\/\/schema.org","@graph":[{"@type":"Article","@id":"https:\/\/www.sabra.org.br\/site\/diferenca-entre-patrimonio-cultural-material-e-imaterial\/#article","isPartOf":{"@id":"https:\/\/www.sabra.org.br\/site\/diferenca-entre-patrimonio-cultural-material-e-imaterial\/"},"author":{"name":"M\u00e1rcio Miranda Pontes","@id":"https:\/\/www.sabra.org.br\/site\/#\/schema\/person\/7d1d222c3c8891d4c37c7b41bf6315c2"},"headline":"PATRIM\u00d4NIO CULTURAL","datePublished":"2018-11-21T10:46:43+00:00","dateModified":"2025-04-20T22:15:45+00:00","mainEntityOfPage":{"@id":"https:\/\/www.sabra.org.br\/site\/diferenca-entre-patrimonio-cultural-material-e-imaterial\/"},"wordCount":726,"publisher":{"@id":"https:\/\/www.sabra.org.br\/site\/#organization"},"image":{"@id":"https:\/\/www.sabra.org.br\/site\/diferenca-entre-patrimonio-cultural-material-e-imaterial\/#primaryimage"},"thumbnailUrl":"https:\/\/www.sabra.org.br\/site\/wp-content\/uploads\/2018\/11\/qual-a-diferenca-entre-patrimonio-cultural-material-e-imaterial-20180918131645.jpg.jpg","keywords":["Assist\u00eancia social","Canto Coral","Musicaliza\u00e7\u00e3o Infantil","Oficina Musical SABRA","Orquestra Sinf\u00f4nica de Betim","Sociedade Art\u00edstica Brasileira"],"articleSection":["Blog SABRA"],"inLanguage":"pt-BR"},{"@type":"WebPage","@id":"https:\/\/www.sabra.org.br\/site\/diferenca-entre-patrimonio-cultural-material-e-imaterial\/","url":"https:\/\/www.sabra.org.br\/site\/diferenca-entre-patrimonio-cultural-material-e-imaterial\/","name":"PATRIM\u00d4NIO CULTURAL - SABRA - Sociedade Art\u00edstica Brasileira","isPartOf":{"@id":"https:\/\/www.sabra.org.br\/site\/#website"},"primaryImageOfPage":{"@id":"https:\/\/www.sabra.org.br\/site\/diferenca-entre-patrimonio-cultural-material-e-imaterial\/#primaryimage"},"image":{"@id":"https:\/\/www.sabra.org.br\/site\/diferenca-entre-patrimonio-cultural-material-e-imaterial\/#primaryimage"},"thumbnailUrl":"https:\/\/www.sabra.org.br\/site\/wp-content\/uploads\/2018\/11\/qual-a-diferenca-entre-patrimonio-cultural-material-e-imaterial-20180918131645.jpg.jpg","datePublished":"2018-11-21T10:46:43+00:00","dateModified":"2025-04-20T22:15:45+00:00","description":"Enquanto um tem rela\u00e7\u00e3o com o f\u00edsico, o outro tem com o intang\u00edvel. Veja outros exemplos que diferenciam o patrim\u00f4nio cultural material do imaterial!","breadcrumb":{"@id":"https:\/\/www.sabra.org.br\/site\/diferenca-entre-patrimonio-cultural-material-e-imaterial\/#breadcrumb"},"inLanguage":"pt-BR","potentialAction":[{"@type":"ReadAction","target":["https:\/\/www.sabra.org.br\/site\/diferenca-entre-patrimonio-cultural-material-e-imaterial\/"]}]},{"@type":"ImageObject","inLanguage":"pt-BR","@id":"https:\/\/www.sabra.org.br\/site\/diferenca-entre-patrimonio-cultural-material-e-imaterial\/#primaryimage","url":"https:\/\/www.sabra.org.br\/site\/wp-content\/uploads\/2018\/11\/qual-a-diferenca-entre-patrimonio-cultural-material-e-imaterial-20180918131645.jpg.jpg","contentUrl":"https:\/\/www.sabra.org.br\/site\/wp-content\/uploads\/2018\/11\/qual-a-diferenca-entre-patrimonio-cultural-material-e-imaterial-20180918131645.jpg.jpg","width":800,"height":533,"caption":"Sociedade Art\u00edstica Brasileira SABRA"},{"@type":"BreadcrumbList","@id":"https:\/\/www.sabra.org.br\/site\/diferenca-entre-patrimonio-cultural-material-e-imaterial\/#breadcrumb","itemListElement":[{"@type":"ListItem","position":1,"name":"In\u00edcio","item":"https:\/\/www.sabra.org.br\/site\/"},{"@type":"ListItem","position":2,"name":"PATRIM\u00d4NIO CULTURAL"}]},{"@type":"WebSite","@id":"https:\/\/www.sabra.org.br\/site\/#website","url":"https:\/\/www.sabra.org.br\/site\/","name":"SABRA - Sociedade Art\u00edstica Brasileira","description":"Escola de M\u00fasica, Orquestra Sinf\u00f4nica, Coral e Patrim\u00f4nio Cultural e Hist\u00f3rico","publisher":{"@id":"https:\/\/www.sabra.org.br\/site\/#organization"},"potentialAction":[{"@type":"SearchAction","target":{"@type":"EntryPoint","urlTemplate":"https:\/\/www.sabra.org.br\/site\/?s={search_term_string}"},"query-input":{"@type":"PropertyValueSpecification","valueRequired":true,"valueName":"search_term_string"}}],"inLanguage":"pt-BR"},{"@type":"Organization","@id":"https:\/\/www.sabra.org.br\/site\/#organization","name":"SOCIEDADE ART\u00cdSTICA BRASILEIRA SABRA","alternateName":"SABRA","url":"https:\/\/www.sabra.org.br\/site\/","logo":{"@type":"ImageObject","inLanguage":"pt-BR","@id":"https:\/\/www.sabra.org.br\/site\/#\/schema\/logo\/image\/","url":"https:\/\/www.sabra.org.br\/site\/wp-content\/uploads\/2019\/06\/cropped-Logo_SABRA-Copia-1.webp","contentUrl":"https:\/\/www.sabra.org.br\/site\/wp-content\/uploads\/2019\/06\/cropped-Logo_SABRA-Copia-1.webp","width":400,"height":128,"caption":"SOCIEDADE ART\u00cdSTICA BRASILEIRA SABRA"},"image":{"@id":"https:\/\/www.sabra.org.br\/site\/#\/schema\/logo\/image\/"},"sameAs":["https:\/\/www.facebook.com\/sabrabrasil","https:\/\/x.com\/ContatoSabra","https:\/\/www.instagram.com\/sabrabrasil\/","https:\/\/www.linkedin.com\/company\/25002088\/","https:\/\/br.pinterest.com\/sociedadeartisticabrasileira\/","https:\/\/www.youtube.com\/c\/sabrabrasil"]},{"@type":"Person","@id":"https:\/\/www.sabra.org.br\/site\/#\/schema\/person\/7d1d222c3c8891d4c37c7b41bf6315c2","name":"M\u00e1rcio Miranda Pontes","image":{"@type":"ImageObject","inLanguage":"pt-BR","@id":"https:\/\/secure.gravatar.com\/avatar\/3b45f24496a7625a3a6c436688fbe20344faaeb2979658dc4a9921f984d7df9a?s=96&d=mm&r=g","url":"https:\/\/secure.gravatar.com\/avatar\/3b45f24496a7625a3a6c436688fbe20344faaeb2979658dc4a9921f984d7df9a?s=96&d=mm&r=g","contentUrl":"https:\/\/secure.gravatar.com\/avatar\/3b45f24496a7625a3a6c436688fbe20344faaeb2979658dc4a9921f984d7df9a?s=96&d=mm&r=g","caption":"M\u00e1rcio Miranda Pontes"},"sameAs":["http:\/\/www.sabra.org.br"],"url":"https:\/\/www.sabra.org.br\/site\/author\/marcio-miranda-pontes\/"}]}},"jetpack_featured_media_url":"https:\/\/www.sabra.org.br\/site\/wp-content\/uploads\/2018\/11\/qual-a-diferenca-entre-patrimonio-cultural-material-e-imaterial-20180918131645.jpg.jpg","jetpack_shortlink":"https:\/\/wp.me\/p95j2Z-ql","jetpack-related-posts":[{"id":4445,"url":"https:\/\/www.sabra.org.br\/site\/patrimonio-imaterial-2\/","url_meta":{"origin":1633,"position":0},"title":"Afinal, o que \u00e9 patrim\u00f4nio imaterial?","author":"M\u00e1rcio Miranda Pontes","date":"11 de dezembro de 2021","format":false,"excerpt":"Bens culturais compartilhados e vividos por uma coletividade em particular formam o patrim\u00f4nio cultural de uma sociedade, construindo a hist\u00f3ria e a identidade de um povo. Conhe\u00e7a um pouco mais sobre o patrim\u00f4nio imaterial.","rel":"","context":"Em &quot;Blog SABRA&quot;","block_context":{"text":"Blog SABRA","link":"https:\/\/www.sabra.org.br\/site\/category\/blog-sabra\/"},"img":{"alt_text":"parimonio-imaterial-cultura-cultural-bens","src":"https:\/\/i0.wp.com\/www.sabra.org.br\/site\/wp-content\/uploads\/2021\/12\/afinal-o-que-e-patrimonio-imaterial-20210804144502.jpg.jpg?resize=350%2C200&ssl=1","width":350,"height":200,"srcset":"https:\/\/i0.wp.com\/www.sabra.org.br\/site\/wp-content\/uploads\/2021\/12\/afinal-o-que-e-patrimonio-imaterial-20210804144502.jpg.jpg?resize=350%2C200&ssl=1 1x, https:\/\/i0.wp.com\/www.sabra.org.br\/site\/wp-content\/uploads\/2021\/12\/afinal-o-que-e-patrimonio-imaterial-20210804144502.jpg.jpg?resize=525%2C300&ssl=1 1.5x, https:\/\/i0.wp.com\/www.sabra.org.br\/site\/wp-content\/uploads\/2021\/12\/afinal-o-que-e-patrimonio-imaterial-20210804144502.jpg.jpg?resize=700%2C400&ssl=1 2x, https:\/\/i0.wp.com\/www.sabra.org.br\/site\/wp-content\/uploads\/2021\/12\/afinal-o-que-e-patrimonio-imaterial-20210804144502.jpg.jpg?resize=1050%2C600&ssl=1 3x"},"classes":[]},{"id":4305,"url":"https:\/\/www.sabra.org.br\/site\/patrimonio-cultural-3\/","url_meta":{"origin":1633,"position":1},"title":"O valor do patrim\u00f4nio cultural para mem\u00f3ria e identidade do povo","author":"M\u00e1rcio Miranda Pontes","date":"1 de novembro de 2021","format":false,"excerpt":"O valor do patrim\u00f4nio cultural para mem\u00f3ria e identidade do povo Um povo se mant\u00e9m vivo ao longo dos s\u00e9culos, quando suas mem\u00f3rias e ra\u00edzes s\u00e3o preservadas. Para que isso aconte\u00e7a, seu patrim\u00f4nio cultural possui valor inestim\u00e1vel, e deve ser visto como tal. Entenda mais sobre o assunto no artigo.","rel":"","context":"Em &quot;Blog SABRA&quot;","block_context":{"text":"Blog SABRA","link":"https:\/\/www.sabra.org.br\/site\/category\/blog-sabra\/"},"img":{"alt_text":"hist\u00f3ria-patrim\u00f4nio-cultural","src":"https:\/\/i0.wp.com\/www.sabra.org.br\/site\/wp-content\/uploads\/2021\/11\/o-valor-do-patrimonio-cultural-para-memoria-e-identidade-do-povo-20210902112425.jpg.jpg?resize=350%2C200&ssl=1","width":350,"height":200,"srcset":"https:\/\/i0.wp.com\/www.sabra.org.br\/site\/wp-content\/uploads\/2021\/11\/o-valor-do-patrimonio-cultural-para-memoria-e-identidade-do-povo-20210902112425.jpg.jpg?resize=350%2C200&ssl=1 1x, https:\/\/i0.wp.com\/www.sabra.org.br\/site\/wp-content\/uploads\/2021\/11\/o-valor-do-patrimonio-cultural-para-memoria-e-identidade-do-povo-20210902112425.jpg.jpg?resize=525%2C300&ssl=1 1.5x, https:\/\/i0.wp.com\/www.sabra.org.br\/site\/wp-content\/uploads\/2021\/11\/o-valor-do-patrimonio-cultural-para-memoria-e-identidade-do-povo-20210902112425.jpg.jpg?resize=700%2C400&ssl=1 2x"},"classes":[]},{"id":4669,"url":"https:\/\/www.sabra.org.br\/site\/imaterial\/","url_meta":{"origin":1633,"position":2},"title":"Manifesta\u00e7\u00f5es culturais consideradas patrim\u00f4nio imaterial do Brasil","author":"M\u00e1rcio Miranda Pontes","date":"11 de fevereiro de 2022","format":false,"excerpt":"Entenda o que \u00e9 patrim\u00f4nio imaterial e veja exemplos de manifesta\u00e7\u00f5es culturais de todo o Brasil, que representam a sua hist\u00f3ria, cultura, diversidade, modos de fazer e of\u00edcios passados de gera\u00e7\u00e3o para gera\u00e7\u00e3o.","rel":"","context":"Em &quot;Blog SABRA&quot;","block_context":{"text":"Blog SABRA","link":"https:\/\/www.sabra.org.br\/site\/category\/blog-sabra\/"},"img":{"alt_text":"manifestacoes-culturais-consideradas-patrimonio-imaterial-do-brasil","src":"https:\/\/i0.wp.com\/www.sabra.org.br\/site\/wp-content\/uploads\/2022\/02\/manifestacoes-culturais-consideradas-patrimonio-imaterial-do-brasil-20220208141739.jpg.jpg?resize=350%2C200&ssl=1","width":350,"height":200,"srcset":"https:\/\/i0.wp.com\/www.sabra.org.br\/site\/wp-content\/uploads\/2022\/02\/manifestacoes-culturais-consideradas-patrimonio-imaterial-do-brasil-20220208141739.jpg.jpg?resize=350%2C200&ssl=1 1x, https:\/\/i0.wp.com\/www.sabra.org.br\/site\/wp-content\/uploads\/2022\/02\/manifestacoes-culturais-consideradas-patrimonio-imaterial-do-brasil-20220208141739.jpg.jpg?resize=525%2C300&ssl=1 1.5x, https:\/\/i0.wp.com\/www.sabra.org.br\/site\/wp-content\/uploads\/2022\/02\/manifestacoes-culturais-consideradas-patrimonio-imaterial-do-brasil-20220208141739.jpg.jpg?resize=700%2C400&ssl=1 2x, https:\/\/i0.wp.com\/www.sabra.org.br\/site\/wp-content\/uploads\/2022\/02\/manifestacoes-culturais-consideradas-patrimonio-imaterial-do-brasil-20220208141739.jpg.jpg?resize=1050%2C600&ssl=1 3x"},"classes":[]},{"id":1725,"url":"https:\/\/www.sabra.org.br\/site\/o-que-e-patrimonio-cultural\/","url_meta":{"origin":1633,"position":3},"title":"O QUE \u00c9 PATRIM\u00d4NIO CULTURAL?","author":"M\u00e1rcio Miranda Pontes","date":"10 de fevereiro de 2019","format":false,"excerpt":"Cultura \u00e9 um dos principais fatores que podem mudar a sociedade. Independente de qual seja a sua forma de express\u00e3o, toda pessoa pode ter acesso a esses meios. Assim, pode evoluir como pessoa e como ser humano. Nisso, o Patrim\u00f4nio Cultural \u00e9 muito importante. O que \u00e9 Patrim\u00f4nio Cultural? Segundo\u2026","rel":"","context":"Em &quot;Blog SABRA&quot;","block_context":{"text":"Blog SABRA","link":"https:\/\/www.sabra.org.br\/site\/category\/blog-sabra\/"},"img":{"alt_text":"Patrim\u00f4nio Cultural","src":"https:\/\/i0.wp.com\/www.sabra.org.br\/site\/wp-content\/uploads\/2019\/02\/o-que-e-patrimonio-cultural-20180918131645.jpg.jpg?resize=350%2C200&ssl=1","width":350,"height":200,"srcset":"https:\/\/i0.wp.com\/www.sabra.org.br\/site\/wp-content\/uploads\/2019\/02\/o-que-e-patrimonio-cultural-20180918131645.jpg.jpg?resize=350%2C200&ssl=1 1x, https:\/\/i0.wp.com\/www.sabra.org.br\/site\/wp-content\/uploads\/2019\/02\/o-que-e-patrimonio-cultural-20180918131645.jpg.jpg?resize=525%2C300&ssl=1 1.5x, https:\/\/i0.wp.com\/www.sabra.org.br\/site\/wp-content\/uploads\/2019\/02\/o-que-e-patrimonio-cultural-20180918131645.jpg.jpg?resize=700%2C400&ssl=1 2x"},"classes":[]},{"id":4290,"url":"https:\/\/www.sabra.org.br\/site\/patrimonio-imaterial\/","url_meta":{"origin":1633,"position":4},"title":"Como o patrim\u00f4nio imaterial \u00e9 conservado?","author":"M\u00e1rcio Miranda Pontes","date":"26 de outubro de 2021","format":false,"excerpt":"Como o patrim\u00f4nio imaterial \u00e9 conservado? Voc\u00ea sabe o que \u00e9 qual a import\u00e2ncia do patrim\u00f4nio imaterial? Ou quem sabe j\u00e1 parou para pensar em como essas express\u00f5es e modos de fazer s\u00e3o conservadas?","rel":"","context":"Em &quot;Blog SABRA&quot;","block_context":{"text":"Blog SABRA","link":"https:\/\/www.sabra.org.br\/site\/category\/blog-sabra\/"},"img":{"alt_text":"imaterial-patrimonio-culturais-exemplo","src":"https:\/\/i0.wp.com\/www.sabra.org.br\/site\/wp-content\/uploads\/2021\/10\/afinal-como-o-patrimonio-imaterial-e-conservado-20210902112425.jpg.jpg?resize=350%2C200&ssl=1","width":350,"height":200,"srcset":"https:\/\/i0.wp.com\/www.sabra.org.br\/site\/wp-content\/uploads\/2021\/10\/afinal-como-o-patrimonio-imaterial-e-conservado-20210902112425.jpg.jpg?resize=350%2C200&ssl=1 1x, https:\/\/i0.wp.com\/www.sabra.org.br\/site\/wp-content\/uploads\/2021\/10\/afinal-como-o-patrimonio-imaterial-e-conservado-20210902112425.jpg.jpg?resize=525%2C300&ssl=1 1.5x, https:\/\/i0.wp.com\/www.sabra.org.br\/site\/wp-content\/uploads\/2021\/10\/afinal-como-o-patrimonio-imaterial-e-conservado-20210902112425.jpg.jpg?resize=700%2C400&ssl=1 2x"},"classes":[]},{"id":4344,"url":"https:\/\/www.sabra.org.br\/site\/patrimonio-material-imaterial\/","url_meta":{"origin":1633,"position":5},"title":"Patrim\u00f4nio cultural material e imaterial: entenda as diferen\u00e7as","author":"M\u00e1rcio Miranda Pontes","date":"19 de novembro de 2021","format":false,"excerpt":"O Brasil \u00e9 um pa\u00eds com um vasto Patrim\u00f4nio Cultural. Seus costumes, constru\u00e7\u00f5es e objetos art\u00edsticos t\u00eam um imensur\u00e1vel valor cultural material e imaterial. Neste texto, voc\u00ea vai conhecer um poucos mais sobre eles.","rel":"","context":"Em &quot;Blog SABRA&quot;","block_context":{"text":"Blog SABRA","link":"https:\/\/www.sabra.org.br\/site\/category\/blog-sabra\/"},"img":{"alt_text":"historia-bens-culturais-patrimonio-cultural-iphan-povo","src":"https:\/\/i0.wp.com\/www.sabra.org.br\/site\/wp-content\/uploads\/2021\/11\/patrimonio-cultural-material-e-imaterial-entenda-as-diferencas-20210804144502.jpg.jpg?resize=350%2C200&ssl=1","width":350,"height":200,"srcset":"https:\/\/i0.wp.com\/www.sabra.org.br\/site\/wp-content\/uploads\/2021\/11\/patrimonio-cultural-material-e-imaterial-entenda-as-diferencas-20210804144502.jpg.jpg?resize=350%2C200&ssl=1 1x, https:\/\/i0.wp.com\/www.sabra.org.br\/site\/wp-content\/uploads\/2021\/11\/patrimonio-cultural-material-e-imaterial-entenda-as-diferencas-20210804144502.jpg.jpg?resize=525%2C300&ssl=1 1.5x, https:\/\/i0.wp.com\/www.sabra.org.br\/site\/wp-content\/uploads\/2021\/11\/patrimonio-cultural-material-e-imaterial-entenda-as-diferencas-20210804144502.jpg.jpg?resize=700%2C400&ssl=1 2x, https:\/\/i0.wp.com\/www.sabra.org.br\/site\/wp-content\/uploads\/2021\/11\/patrimonio-cultural-material-e-imaterial-entenda-as-diferencas-20210804144502.jpg.jpg?resize=1050%2C600&ssl=1 3x, https:\/\/i0.wp.com\/www.sabra.org.br\/site\/wp-content\/uploads\/2021\/11\/patrimonio-cultural-material-e-imaterial-entenda-as-diferencas-20210804144502.jpg.jpg?resize=1400%2C800&ssl=1 4x"},"classes":[]}],"jetpack_likes_enabled":true,"jetpack_sharing_enabled":true,"_links":{"self":[{"href":"https:\/\/www.sabra.org.br\/site\/wp-json\/wp\/v2\/posts\/1633","targetHints":{"allow":["GET"]}}],"collection":[{"href":"https:\/\/www.sabra.org.br\/site\/wp-json\/wp\/v2\/posts"}],"about":[{"href":"https:\/\/www.sabra.org.br\/site\/wp-json\/wp\/v2\/types\/post"}],"author":[{"embeddable":true,"href":"https:\/\/www.sabra.org.br\/site\/wp-json\/wp\/v2\/users\/39"}],"replies":[{"embeddable":true,"href":"https:\/\/www.sabra.org.br\/site\/wp-json\/wp\/v2\/comments?post=1633"}],"version-history":[{"count":0,"href":"https:\/\/www.sabra.org.br\/site\/wp-json\/wp\/v2\/posts\/1633\/revisions"}],"wp:featuredmedia":[{"embeddable":true,"href":"https:\/\/www.sabra.org.br\/site\/wp-json\/wp\/v2\/media\/1635"}],"wp:attachment":[{"href":"https:\/\/www.sabra.org.br\/site\/wp-json\/wp\/v2\/media?parent=1633"}],"wp:term":[{"taxonomy":"category","embeddable":true,"href":"https:\/\/www.sabra.org.br\/site\/wp-json\/wp\/v2\/categories?post=1633"},{"taxonomy":"post_tag","embeddable":true,"href":"https:\/\/www.sabra.org.br\/site\/wp-json\/wp\/v2\/tags?post=1633"}],"curies":[{"name":"wp","href":"https:\/\/api.w.org\/{rel}","templated":true}]}}