{"id":1656,"date":"2018-12-04T11:06:26","date_gmt":"2018-12-04T13:06:26","guid":{"rendered":"https:\/\/www.sabra.org.br\/site\/?p=1656"},"modified":"2025-04-20T19:15:45","modified_gmt":"2025-04-20T22:15:45","slug":"projetos-sociais-contribuem-para-o-desenvolvimento-dos-jovens","status":"publish","type":"post","link":"https:\/\/www.sabra.org.br\/site\/projetos-sociais-contribuem-para-o-desenvolvimento-dos-jovens\/","title":{"rendered":"PROJETOS SOCIAIS E JUVENTUDE"},"content":{"rendered":"<h3>Como os projetos sociais contribuem para o desenvolvimento dos jovens?<\/h3>\n<p>Os projetos sociais t\u00eam o poder de transformar a vida de crian\u00e7as e jovens. Isso porque essa \u00e9 uma forma de dar sentido \u00e0 vida de v\u00e1rios jovens que n\u00e3o possuem um direcionamento, ajudar aqueles que n\u00e3o possuem condi\u00e7\u00f5es financeiras nem familiares de estudarem e aprenderem o que querem, e, principalmente, ajudar na profissionaliza\u00e7\u00e3o de v\u00e1rios jovens.<br \/>\nExistem v\u00e1rios tipos de trabalhos sociais como, por exemplo, os que profissionalizam os jovens, os que estimulam a leitura, a pr\u00e1tica de esporte, a cultura, a m\u00fasica, entre muitos outros.<\/p>\n<h3>Educa\u00e7\u00e3o Musical<\/h3>\n<p>A m\u00fasica est\u00e1 presente em todos os povos, etnias e sociedade ao redor do mundo. \u00c9 quase imposs\u00edvel imaginar que exista algum lugar em que n\u00e3o haja manifesta\u00e7\u00f5es musicais. Dito isto, \u00e9 poss\u00edvel perceber que a educa\u00e7\u00e3o \u00e9 de suma import\u00e2ncia na vida das pessoas e na cultura de uma regi\u00e3o, cidade, pa\u00eds. Na hist\u00f3ria da humanidade, a m\u00fasica sempre se destacou como um meio de transformar a vida das pessoas.<br \/>\nVale ressaltar que a m\u00fasica e a <a href=\"https:\/\/www.sabra.org.br\/site\/tecnologias-novas-na-educacao-musical\/\" target=\"_blank\" rel=\"noopener\">educa\u00e7\u00e3o musical<\/a> servem muitas vezes como um instrumento de combate a diversos tipos de preconceito. No Brasil existem diversos g\u00eaneros musicais muito fortes e que s\u00e3o express\u00f5es culturais. Funk, samba, forr\u00f3, sertanejo, bossa nova e pagode s\u00e3o alguns entre muitos exemplos de inclus\u00e3o social por meio da m\u00fasica. Dar uma educa\u00e7\u00e3o musical \u00e0s crian\u00e7as, adolescentes e jovens \u00e9 uma bela maneira de contribuir social e culturalmente na vida dessas pessoas.<\/p>\n<h3>Orquestra Sinf\u00f4nica e Coral<\/h3>\n<p>A <a href=\"https:\/\/www.sabra.org.br\/site\/acoes\/orquestra-sinfonica-de-betim\/\" target=\"_blank\" rel=\"noopener\">orquestra sinf\u00f4nica<\/a> requer um tempo grande de aprendizagem, visto que a m\u00fasica erudita \u00e9 mais complexa e exige muita dedica\u00e7\u00e3o de seus m\u00fasicos. Existem muitos projetos sociais com o objetivo de capacitar jovens a participarem de uma orquestra sinf\u00f4nica. Isso \u00e9 muito importante, pois crian\u00e7as que possuem n\u00edvel socioecon\u00f4mico baixo, dificilmente ter\u00e3o a oportunidade de aprender por outros meios. E o mesmo serve para o coral. Os projetos sociais s\u00e3o bem importantes nesse sentido.<br \/>\nN\u00e3o \u00e9 incomum que orquestras profissionais peguem jovens para ensinar e fazer parte de suas orquestras. Assim como, em muitas vezes, eles buscam nesses projetos sociais jovens adultos. O mais interessante nessa hist\u00f3ria \u00e9 realmente dar oportunidade a pessoas que n\u00e3o as possuem. Tirar crian\u00e7as das ruas e de suas realidades t\u00e3o dif\u00edceis e dar a elas esperan\u00e7a de um futuro melhor. Mais que isso: capacit\u00e1-las e profissionaliz\u00e1-las para entrarem no mercado de trabalho da m\u00fasica.<\/p>\n<p>Os projetos com <a href=\"https:\/\/www.sabra.org.br\/site\/acoes\/corais\/\" target=\"_blank\" rel=\"noopener\">coral<\/a> tamb\u00e9m s\u00e3o bem importantes. Estimula o trabalho coletivo (nas orquestras isso tamb\u00e9m ocorre). No coral o individual n\u00e3o se sobressai, e sim o conjunto: a voz que se destaca \u00e9 a da uni\u00e3o de todos e n\u00e3o a de uma pessoa em espec\u00edfico. Al\u00e9m disso, ele faz com que os membros do coral se sintam pertencentes a um grupo e essa no\u00e7\u00e3o de conjunto \u00e9 fundamental no desenvolvimento das crian\u00e7as. Os benef\u00edcios que a orquestra sinf\u00f4nica e o coral trazem na vida dos jovens s\u00e3o in\u00fameras e valiosas na forma\u00e7\u00e3o do car\u00e1ter dos indiv\u00edduos. Estimular a cultura ser\u00e1 sempre um ganho para toda sociedade.<\/p>\n<h3>Se voc\u00ea gostou deste post:<\/h3>\n<p>&#8211; siga as nossas p\u00e1ginas nas redes sociais para acompanhar as nossas atualiza\u00e7\u00f5es: estamos no <a href=\"https:\/\/www.facebook.com\/sabrabrasil\" target=\"_blank\" rel=\"noopener\">Facebook<\/a>, no <a href=\"https:\/\/www.instagram.com\/sabrabrasil\/\" target=\"_blank\" rel=\"noopener\">Instagram<\/a>, no <a href=\"https:\/\/www.linkedin.com\/company\/25002088\" target=\"_blank\" rel=\"noopener\">LinkedIn<\/a>, no <a href=\"https:\/\/twitter.com\/ContatoSabra\" target=\"_blank\" rel=\"noopener\">Twitter<\/a> e no <a href=\"https:\/\/www.youtube.com\/channel\/UCJw-kbuEvzUNdeQf20Pa-eQ\" target=\"_blank\" rel=\"noopener\">YouTube<\/a>!<\/p>\n<p>&#8211; Conhe\u00e7a o trabalho da Sociedade Art\u00edstica Brasileira (SABRA) e todas as iniciativas culturais e sociais que ela mant\u00e9m. <a href=\"https:\/\/www.sabra.org.br\/site\/acoes\/\" target=\"_blank\" rel=\"noopener\">Acesse nosso site!<\/a><\/p>\n<p>&#8211; entre em contato com a gente. E veja quais s\u00e3o as op\u00e7\u00f5es de ajuda na manuten\u00e7\u00e3o de nossas a\u00e7\u00f5es sociais e culturais. Basta acessar nossa p\u00e1gina <a href=\"https:\/\/www.sabra.org.br\/site\/doe-agora\/\" target=\"_blank\" rel=\"noopener\">Doe Agora!<\/a><\/p>\n<p>&#8211; Compartilhe este texto nas suas redes sociais e ajude os seus amigos a tamb\u00e9m dominarem o assunto!<\/p>\n","protected":false},"excerpt":{"rendered":"<p>Como os projetos sociais contribuem para o desenvolvimento dos jovens? Os projetos sociais t\u00eam o poder de transformar a vida de crian\u00e7as e jovens. Isso&hellip;<\/p>\n","protected":false},"author":39,"featured_media":1657,"comment_status":"closed","ping_status":"closed","sticky":false,"template":"","format":"standard","meta":{"jetpack_post_was_ever_published":false,"_jetpack_newsletter_access":"","_jetpack_dont_email_post_to_subs":false,"_jetpack_newsletter_tier_id":0,"_jetpack_memberships_contains_paywalled_content":false,"_jetpack_memberships_contains_paid_content":false,"footnotes":""},"categories":[1],"tags":[15,8,16,12,11,9],"class_list":["post-1656","post","type-post","status-publish","format-standard","has-post-thumbnail","hentry","category-blog-sabra","tag-assistencia-social","tag-canto-coral","tag-musicalizacao-infantil","tag-oficina-musical-sabra","tag-orquestra-sinfonica-de-betim","tag-sociedade-artistica-brasileira"],"yoast_head":"<!-- This site is optimized with the Yoast SEO plugin v27.5 - https:\/\/yoast.com\/product\/yoast-seo-wordpress\/ -->\n<title>PROJETOS SOCIAIS E JUVENTUDE - SABRA - Sociedade Art\u00edstica Brasileira<\/title>\n<meta name=\"description\" content=\"Al\u00e9m de contribuir para a forma\u00e7\u00e3o e qualifica\u00e7\u00e3o dos jovens, os projetos sociais permitem o acesso \u00e0 cultura, \u00e0 educa\u00e7\u00e3o e prestam a assist\u00eancia social.\" \/>\n<meta name=\"robots\" content=\"index, follow, max-snippet:-1, max-image-preview:large, max-video-preview:-1\" \/>\n<link rel=\"canonical\" href=\"https:\/\/www.sabra.org.br\/site\/projetos-sociais-contribuem-para-o-desenvolvimento-dos-jovens\/\" \/>\n<meta property=\"og:locale\" content=\"pt_BR\" \/>\n<meta property=\"og:type\" content=\"article\" \/>\n<meta property=\"og:title\" content=\"PROJETOS SOCIAIS E JUVENTUDE - SABRA - Sociedade Art\u00edstica Brasileira\" \/>\n<meta property=\"og:description\" content=\"Al\u00e9m de contribuir para a forma\u00e7\u00e3o e qualifica\u00e7\u00e3o dos jovens, os projetos sociais permitem o acesso \u00e0 cultura, \u00e0 educa\u00e7\u00e3o e prestam a assist\u00eancia social.\" \/>\n<meta property=\"og:url\" content=\"https:\/\/www.sabra.org.br\/site\/projetos-sociais-contribuem-para-o-desenvolvimento-dos-jovens\/\" \/>\n<meta property=\"og:site_name\" content=\"SABRA - Sociedade Art\u00edstica Brasileira\" \/>\n<meta property=\"article:publisher\" content=\"https:\/\/www.facebook.com\/sabrabrasil\" \/>\n<meta property=\"article:published_time\" content=\"2018-12-04T13:06:26+00:00\" \/>\n<meta property=\"article:modified_time\" content=\"2025-04-20T22:15:45+00:00\" \/>\n<meta property=\"og:image\" content=\"https:\/\/www.sabra.org.br\/site\/wp-content\/uploads\/2018\/12\/como-os-projetos-sociais-contribuem-para-o-desenvolvimento-dos-jovens-20180918131645.jpg.jpg\" \/>\n\t<meta property=\"og:image:width\" content=\"800\" \/>\n\t<meta property=\"og:image:height\" content=\"416\" \/>\n\t<meta property=\"og:image:type\" content=\"image\/jpeg\" \/>\n<meta name=\"author\" content=\"M\u00e1rcio Miranda Pontes\" \/>\n<meta name=\"twitter:card\" content=\"summary_large_image\" \/>\n<meta name=\"twitter:creator\" content=\"@ContatoSabra\" \/>\n<meta name=\"twitter:site\" content=\"@ContatoSabra\" \/>\n<meta name=\"twitter:label1\" content=\"Escrito por\" \/>\n\t<meta name=\"twitter:data1\" content=\"M\u00e1rcio Miranda Pontes\" \/>\n\t<meta name=\"twitter:label2\" content=\"Est. tempo de leitura\" \/>\n\t<meta name=\"twitter:data2\" content=\"3 minutos\" \/>\n<script type=\"application\/ld+json\" class=\"yoast-schema-graph\">{\"@context\":\"https:\\\/\\\/schema.org\",\"@graph\":[{\"@type\":\"Article\",\"@id\":\"https:\\\/\\\/www.sabra.org.br\\\/site\\\/projetos-sociais-contribuem-para-o-desenvolvimento-dos-jovens\\\/#article\",\"isPartOf\":{\"@id\":\"https:\\\/\\\/www.sabra.org.br\\\/site\\\/projetos-sociais-contribuem-para-o-desenvolvimento-dos-jovens\\\/\"},\"author\":{\"name\":\"M\u00e1rcio Miranda Pontes\",\"@id\":\"https:\\\/\\\/www.sabra.org.br\\\/site\\\/#\\\/schema\\\/person\\\/7d1d222c3c8891d4c37c7b41bf6315c2\"},\"headline\":\"PROJETOS SOCIAIS E JUVENTUDE\",\"datePublished\":\"2018-12-04T13:06:26+00:00\",\"dateModified\":\"2025-04-20T22:15:45+00:00\",\"mainEntityOfPage\":{\"@id\":\"https:\\\/\\\/www.sabra.org.br\\\/site\\\/projetos-sociais-contribuem-para-o-desenvolvimento-dos-jovens\\\/\"},\"wordCount\":683,\"publisher\":{\"@id\":\"https:\\\/\\\/www.sabra.org.br\\\/site\\\/#organization\"},\"image\":{\"@id\":\"https:\\\/\\\/www.sabra.org.br\\\/site\\\/projetos-sociais-contribuem-para-o-desenvolvimento-dos-jovens\\\/#primaryimage\"},\"thumbnailUrl\":\"https:\\\/\\\/www.sabra.org.br\\\/site\\\/wp-content\\\/uploads\\\/2018\\\/12\\\/como-os-projetos-sociais-contribuem-para-o-desenvolvimento-dos-jovens-20180918131645.jpg.jpg\",\"keywords\":[\"Assist\u00eancia social\",\"Canto Coral\",\"Musicaliza\u00e7\u00e3o Infantil\",\"Oficina Musical SABRA\",\"Orquestra Sinf\u00f4nica de Betim\",\"Sociedade Art\u00edstica Brasileira\"],\"articleSection\":[\"Blog SABRA\"],\"inLanguage\":\"pt-BR\"},{\"@type\":\"WebPage\",\"@id\":\"https:\\\/\\\/www.sabra.org.br\\\/site\\\/projetos-sociais-contribuem-para-o-desenvolvimento-dos-jovens\\\/\",\"url\":\"https:\\\/\\\/www.sabra.org.br\\\/site\\\/projetos-sociais-contribuem-para-o-desenvolvimento-dos-jovens\\\/\",\"name\":\"PROJETOS SOCIAIS E JUVENTUDE - SABRA - Sociedade Art\u00edstica Brasileira\",\"isPartOf\":{\"@id\":\"https:\\\/\\\/www.sabra.org.br\\\/site\\\/#website\"},\"primaryImageOfPage\":{\"@id\":\"https:\\\/\\\/www.sabra.org.br\\\/site\\\/projetos-sociais-contribuem-para-o-desenvolvimento-dos-jovens\\\/#primaryimage\"},\"image\":{\"@id\":\"https:\\\/\\\/www.sabra.org.br\\\/site\\\/projetos-sociais-contribuem-para-o-desenvolvimento-dos-jovens\\\/#primaryimage\"},\"thumbnailUrl\":\"https:\\\/\\\/www.sabra.org.br\\\/site\\\/wp-content\\\/uploads\\\/2018\\\/12\\\/como-os-projetos-sociais-contribuem-para-o-desenvolvimento-dos-jovens-20180918131645.jpg.jpg\",\"datePublished\":\"2018-12-04T13:06:26+00:00\",\"dateModified\":\"2025-04-20T22:15:45+00:00\",\"description\":\"Al\u00e9m de contribuir para a forma\u00e7\u00e3o e qualifica\u00e7\u00e3o dos jovens, os projetos sociais permitem o acesso \u00e0 cultura, \u00e0 educa\u00e7\u00e3o e prestam a assist\u00eancia social.\",\"breadcrumb\":{\"@id\":\"https:\\\/\\\/www.sabra.org.br\\\/site\\\/projetos-sociais-contribuem-para-o-desenvolvimento-dos-jovens\\\/#breadcrumb\"},\"inLanguage\":\"pt-BR\",\"potentialAction\":[{\"@type\":\"ReadAction\",\"target\":[\"https:\\\/\\\/www.sabra.org.br\\\/site\\\/projetos-sociais-contribuem-para-o-desenvolvimento-dos-jovens\\\/\"]}]},{\"@type\":\"ImageObject\",\"inLanguage\":\"pt-BR\",\"@id\":\"https:\\\/\\\/www.sabra.org.br\\\/site\\\/projetos-sociais-contribuem-para-o-desenvolvimento-dos-jovens\\\/#primaryimage\",\"url\":\"https:\\\/\\\/www.sabra.org.br\\\/site\\\/wp-content\\\/uploads\\\/2018\\\/12\\\/como-os-projetos-sociais-contribuem-para-o-desenvolvimento-dos-jovens-20180918131645.jpg.jpg\",\"contentUrl\":\"https:\\\/\\\/www.sabra.org.br\\\/site\\\/wp-content\\\/uploads\\\/2018\\\/12\\\/como-os-projetos-sociais-contribuem-para-o-desenvolvimento-dos-jovens-20180918131645.jpg.jpg\",\"width\":800,\"height\":416,\"caption\":\"Sociedade Art\u00edstica Brasileira SABRA\"},{\"@type\":\"BreadcrumbList\",\"@id\":\"https:\\\/\\\/www.sabra.org.br\\\/site\\\/projetos-sociais-contribuem-para-o-desenvolvimento-dos-jovens\\\/#breadcrumb\",\"itemListElement\":[{\"@type\":\"ListItem\",\"position\":1,\"name\":\"In\u00edcio\",\"item\":\"https:\\\/\\\/www.sabra.org.br\\\/site\\\/\"},{\"@type\":\"ListItem\",\"position\":2,\"name\":\"PROJETOS SOCIAIS E JUVENTUDE\"}]},{\"@type\":\"WebSite\",\"@id\":\"https:\\\/\\\/www.sabra.org.br\\\/site\\\/#website\",\"url\":\"https:\\\/\\\/www.sabra.org.br\\\/site\\\/\",\"name\":\"SABRA - Sociedade Art\u00edstica Brasileira\",\"description\":\"Escola de M\u00fasica, Orquestra Sinf\u00f4nica, Coral e Patrim\u00f4nio Cultural e Hist\u00f3rico\",\"publisher\":{\"@id\":\"https:\\\/\\\/www.sabra.org.br\\\/site\\\/#organization\"},\"potentialAction\":[{\"@type\":\"SearchAction\",\"target\":{\"@type\":\"EntryPoint\",\"urlTemplate\":\"https:\\\/\\\/www.sabra.org.br\\\/site\\\/?s={search_term_string}\"},\"query-input\":{\"@type\":\"PropertyValueSpecification\",\"valueRequired\":true,\"valueName\":\"search_term_string\"}}],\"inLanguage\":\"pt-BR\"},{\"@type\":\"Organization\",\"@id\":\"https:\\\/\\\/www.sabra.org.br\\\/site\\\/#organization\",\"name\":\"SOCIEDADE ART\u00cdSTICA BRASILEIRA SABRA\",\"alternateName\":\"SABRA\",\"url\":\"https:\\\/\\\/www.sabra.org.br\\\/site\\\/\",\"logo\":{\"@type\":\"ImageObject\",\"inLanguage\":\"pt-BR\",\"@id\":\"https:\\\/\\\/www.sabra.org.br\\\/site\\\/#\\\/schema\\\/logo\\\/image\\\/\",\"url\":\"https:\\\/\\\/www.sabra.org.br\\\/site\\\/wp-content\\\/uploads\\\/2019\\\/06\\\/cropped-Logo_SABRA-Copia-1.webp\",\"contentUrl\":\"https:\\\/\\\/www.sabra.org.br\\\/site\\\/wp-content\\\/uploads\\\/2019\\\/06\\\/cropped-Logo_SABRA-Copia-1.webp\",\"width\":400,\"height\":128,\"caption\":\"SOCIEDADE ART\u00cdSTICA BRASILEIRA SABRA\"},\"image\":{\"@id\":\"https:\\\/\\\/www.sabra.org.br\\\/site\\\/#\\\/schema\\\/logo\\\/image\\\/\"},\"sameAs\":[\"https:\\\/\\\/www.facebook.com\\\/sabrabrasil\",\"https:\\\/\\\/x.com\\\/ContatoSabra\",\"https:\\\/\\\/www.instagram.com\\\/sabrabrasil\\\/\",\"https:\\\/\\\/www.linkedin.com\\\/company\\\/25002088\\\/\",\"https:\\\/\\\/br.pinterest.com\\\/sociedadeartisticabrasileira\\\/\",\"https:\\\/\\\/www.youtube.com\\\/c\\\/sabrabrasil\"]},{\"@type\":\"Person\",\"@id\":\"https:\\\/\\\/www.sabra.org.br\\\/site\\\/#\\\/schema\\\/person\\\/7d1d222c3c8891d4c37c7b41bf6315c2\",\"name\":\"M\u00e1rcio Miranda Pontes\",\"image\":{\"@type\":\"ImageObject\",\"inLanguage\":\"pt-BR\",\"@id\":\"https:\\\/\\\/secure.gravatar.com\\\/avatar\\\/3b45f24496a7625a3a6c436688fbe20344faaeb2979658dc4a9921f984d7df9a?s=96&d=mm&r=g\",\"url\":\"https:\\\/\\\/secure.gravatar.com\\\/avatar\\\/3b45f24496a7625a3a6c436688fbe20344faaeb2979658dc4a9921f984d7df9a?s=96&d=mm&r=g\",\"contentUrl\":\"https:\\\/\\\/secure.gravatar.com\\\/avatar\\\/3b45f24496a7625a3a6c436688fbe20344faaeb2979658dc4a9921f984d7df9a?s=96&d=mm&r=g\",\"caption\":\"M\u00e1rcio Miranda Pontes\"},\"sameAs\":[\"http:\\\/\\\/www.sabra.org.br\"],\"url\":\"https:\\\/\\\/www.sabra.org.br\\\/site\\\/author\\\/marcio-miranda-pontes\\\/\"}]}<\/script>\n<!-- \/ Yoast SEO plugin. -->","yoast_head_json":{"title":"PROJETOS SOCIAIS E JUVENTUDE - SABRA - Sociedade Art\u00edstica Brasileira","description":"Al\u00e9m de contribuir para a forma\u00e7\u00e3o e qualifica\u00e7\u00e3o dos jovens, os projetos sociais permitem o acesso \u00e0 cultura, \u00e0 educa\u00e7\u00e3o e prestam a assist\u00eancia social.","robots":{"index":"index","follow":"follow","max-snippet":"max-snippet:-1","max-image-preview":"max-image-preview:large","max-video-preview":"max-video-preview:-1"},"canonical":"https:\/\/www.sabra.org.br\/site\/projetos-sociais-contribuem-para-o-desenvolvimento-dos-jovens\/","og_locale":"pt_BR","og_type":"article","og_title":"PROJETOS SOCIAIS E JUVENTUDE - SABRA - Sociedade Art\u00edstica Brasileira","og_description":"Al\u00e9m de contribuir para a forma\u00e7\u00e3o e qualifica\u00e7\u00e3o dos jovens, os projetos sociais permitem o acesso \u00e0 cultura, \u00e0 educa\u00e7\u00e3o e prestam a assist\u00eancia social.","og_url":"https:\/\/www.sabra.org.br\/site\/projetos-sociais-contribuem-para-o-desenvolvimento-dos-jovens\/","og_site_name":"SABRA - Sociedade Art\u00edstica Brasileira","article_publisher":"https:\/\/www.facebook.com\/sabrabrasil","article_published_time":"2018-12-04T13:06:26+00:00","article_modified_time":"2025-04-20T22:15:45+00:00","og_image":[{"width":800,"height":416,"url":"https:\/\/www.sabra.org.br\/site\/wp-content\/uploads\/2018\/12\/como-os-projetos-sociais-contribuem-para-o-desenvolvimento-dos-jovens-20180918131645.jpg.jpg","type":"image\/jpeg"}],"author":"M\u00e1rcio Miranda Pontes","twitter_card":"summary_large_image","twitter_creator":"@ContatoSabra","twitter_site":"@ContatoSabra","twitter_misc":{"Escrito por":"M\u00e1rcio Miranda Pontes","Est. tempo de leitura":"3 minutos"},"schema":{"@context":"https:\/\/schema.org","@graph":[{"@type":"Article","@id":"https:\/\/www.sabra.org.br\/site\/projetos-sociais-contribuem-para-o-desenvolvimento-dos-jovens\/#article","isPartOf":{"@id":"https:\/\/www.sabra.org.br\/site\/projetos-sociais-contribuem-para-o-desenvolvimento-dos-jovens\/"},"author":{"name":"M\u00e1rcio Miranda Pontes","@id":"https:\/\/www.sabra.org.br\/site\/#\/schema\/person\/7d1d222c3c8891d4c37c7b41bf6315c2"},"headline":"PROJETOS SOCIAIS E JUVENTUDE","datePublished":"2018-12-04T13:06:26+00:00","dateModified":"2025-04-20T22:15:45+00:00","mainEntityOfPage":{"@id":"https:\/\/www.sabra.org.br\/site\/projetos-sociais-contribuem-para-o-desenvolvimento-dos-jovens\/"},"wordCount":683,"publisher":{"@id":"https:\/\/www.sabra.org.br\/site\/#organization"},"image":{"@id":"https:\/\/www.sabra.org.br\/site\/projetos-sociais-contribuem-para-o-desenvolvimento-dos-jovens\/#primaryimage"},"thumbnailUrl":"https:\/\/www.sabra.org.br\/site\/wp-content\/uploads\/2018\/12\/como-os-projetos-sociais-contribuem-para-o-desenvolvimento-dos-jovens-20180918131645.jpg.jpg","keywords":["Assist\u00eancia social","Canto Coral","Musicaliza\u00e7\u00e3o Infantil","Oficina Musical SABRA","Orquestra Sinf\u00f4nica de Betim","Sociedade Art\u00edstica Brasileira"],"articleSection":["Blog SABRA"],"inLanguage":"pt-BR"},{"@type":"WebPage","@id":"https:\/\/www.sabra.org.br\/site\/projetos-sociais-contribuem-para-o-desenvolvimento-dos-jovens\/","url":"https:\/\/www.sabra.org.br\/site\/projetos-sociais-contribuem-para-o-desenvolvimento-dos-jovens\/","name":"PROJETOS SOCIAIS E JUVENTUDE - SABRA - Sociedade Art\u00edstica Brasileira","isPartOf":{"@id":"https:\/\/www.sabra.org.br\/site\/#website"},"primaryImageOfPage":{"@id":"https:\/\/www.sabra.org.br\/site\/projetos-sociais-contribuem-para-o-desenvolvimento-dos-jovens\/#primaryimage"},"image":{"@id":"https:\/\/www.sabra.org.br\/site\/projetos-sociais-contribuem-para-o-desenvolvimento-dos-jovens\/#primaryimage"},"thumbnailUrl":"https:\/\/www.sabra.org.br\/site\/wp-content\/uploads\/2018\/12\/como-os-projetos-sociais-contribuem-para-o-desenvolvimento-dos-jovens-20180918131645.jpg.jpg","datePublished":"2018-12-04T13:06:26+00:00","dateModified":"2025-04-20T22:15:45+00:00","description":"Al\u00e9m de contribuir para a forma\u00e7\u00e3o e qualifica\u00e7\u00e3o dos jovens, os projetos sociais permitem o acesso \u00e0 cultura, \u00e0 educa\u00e7\u00e3o e prestam a assist\u00eancia social.","breadcrumb":{"@id":"https:\/\/www.sabra.org.br\/site\/projetos-sociais-contribuem-para-o-desenvolvimento-dos-jovens\/#breadcrumb"},"inLanguage":"pt-BR","potentialAction":[{"@type":"ReadAction","target":["https:\/\/www.sabra.org.br\/site\/projetos-sociais-contribuem-para-o-desenvolvimento-dos-jovens\/"]}]},{"@type":"ImageObject","inLanguage":"pt-BR","@id":"https:\/\/www.sabra.org.br\/site\/projetos-sociais-contribuem-para-o-desenvolvimento-dos-jovens\/#primaryimage","url":"https:\/\/www.sabra.org.br\/site\/wp-content\/uploads\/2018\/12\/como-os-projetos-sociais-contribuem-para-o-desenvolvimento-dos-jovens-20180918131645.jpg.jpg","contentUrl":"https:\/\/www.sabra.org.br\/site\/wp-content\/uploads\/2018\/12\/como-os-projetos-sociais-contribuem-para-o-desenvolvimento-dos-jovens-20180918131645.jpg.jpg","width":800,"height":416,"caption":"Sociedade Art\u00edstica Brasileira SABRA"},{"@type":"BreadcrumbList","@id":"https:\/\/www.sabra.org.br\/site\/projetos-sociais-contribuem-para-o-desenvolvimento-dos-jovens\/#breadcrumb","itemListElement":[{"@type":"ListItem","position":1,"name":"In\u00edcio","item":"https:\/\/www.sabra.org.br\/site\/"},{"@type":"ListItem","position":2,"name":"PROJETOS SOCIAIS E JUVENTUDE"}]},{"@type":"WebSite","@id":"https:\/\/www.sabra.org.br\/site\/#website","url":"https:\/\/www.sabra.org.br\/site\/","name":"SABRA - Sociedade Art\u00edstica Brasileira","description":"Escola de M\u00fasica, Orquestra Sinf\u00f4nica, Coral e Patrim\u00f4nio Cultural e Hist\u00f3rico","publisher":{"@id":"https:\/\/www.sabra.org.br\/site\/#organization"},"potentialAction":[{"@type":"SearchAction","target":{"@type":"EntryPoint","urlTemplate":"https:\/\/www.sabra.org.br\/site\/?s={search_term_string}"},"query-input":{"@type":"PropertyValueSpecification","valueRequired":true,"valueName":"search_term_string"}}],"inLanguage":"pt-BR"},{"@type":"Organization","@id":"https:\/\/www.sabra.org.br\/site\/#organization","name":"SOCIEDADE ART\u00cdSTICA BRASILEIRA SABRA","alternateName":"SABRA","url":"https:\/\/www.sabra.org.br\/site\/","logo":{"@type":"ImageObject","inLanguage":"pt-BR","@id":"https:\/\/www.sabra.org.br\/site\/#\/schema\/logo\/image\/","url":"https:\/\/www.sabra.org.br\/site\/wp-content\/uploads\/2019\/06\/cropped-Logo_SABRA-Copia-1.webp","contentUrl":"https:\/\/www.sabra.org.br\/site\/wp-content\/uploads\/2019\/06\/cropped-Logo_SABRA-Copia-1.webp","width":400,"height":128,"caption":"SOCIEDADE ART\u00cdSTICA BRASILEIRA SABRA"},"image":{"@id":"https:\/\/www.sabra.org.br\/site\/#\/schema\/logo\/image\/"},"sameAs":["https:\/\/www.facebook.com\/sabrabrasil","https:\/\/x.com\/ContatoSabra","https:\/\/www.instagram.com\/sabrabrasil\/","https:\/\/www.linkedin.com\/company\/25002088\/","https:\/\/br.pinterest.com\/sociedadeartisticabrasileira\/","https:\/\/www.youtube.com\/c\/sabrabrasil"]},{"@type":"Person","@id":"https:\/\/www.sabra.org.br\/site\/#\/schema\/person\/7d1d222c3c8891d4c37c7b41bf6315c2","name":"M\u00e1rcio Miranda Pontes","image":{"@type":"ImageObject","inLanguage":"pt-BR","@id":"https:\/\/secure.gravatar.com\/avatar\/3b45f24496a7625a3a6c436688fbe20344faaeb2979658dc4a9921f984d7df9a?s=96&d=mm&r=g","url":"https:\/\/secure.gravatar.com\/avatar\/3b45f24496a7625a3a6c436688fbe20344faaeb2979658dc4a9921f984d7df9a?s=96&d=mm&r=g","contentUrl":"https:\/\/secure.gravatar.com\/avatar\/3b45f24496a7625a3a6c436688fbe20344faaeb2979658dc4a9921f984d7df9a?s=96&d=mm&r=g","caption":"M\u00e1rcio Miranda Pontes"},"sameAs":["http:\/\/www.sabra.org.br"],"url":"https:\/\/www.sabra.org.br\/site\/author\/marcio-miranda-pontes\/"}]}},"jetpack_featured_media_url":"https:\/\/www.sabra.org.br\/site\/wp-content\/uploads\/2018\/12\/como-os-projetos-sociais-contribuem-para-o-desenvolvimento-dos-jovens-20180918131645.jpg.jpg","jetpack_shortlink":"https:\/\/wp.me\/p95j2Z-qI","jetpack-related-posts":[{"id":1729,"url":"https:\/\/www.sabra.org.br\/site\/projetos-sociais-transformacao-de-vidas\/","url_meta":{"origin":1656,"position":0},"title":"PROJETOS SOCIAIS &#8211; TRANSFORMA\u00c7\u00c3O DE VIDAS","author":"M\u00e1rcio Miranda Pontes","date":"14 de fevereiro de 2019","format":false,"excerpt":"Diante de um Estado que n\u00e3o \u00e9 capaz de oferecer plena assist\u00eancia aos mais necessitados, os projetos sociais se transformam em ferramentas muito \u00fateis na transforma\u00e7\u00e3o de vidas. A cada dia que passa, iniciativas que estimulam pessoas e jovens a estarem mais em contato com cultura est\u00e3o presentes em todo\u2026","rel":"","context":"Em &quot;Blog SABRA&quot;","block_context":{"text":"Blog SABRA","link":"https:\/\/www.sabra.org.br\/site\/category\/blog-sabra\/"},"img":{"alt_text":"Transforma\u00e7\u00e3o de vida","src":"https:\/\/i0.wp.com\/www.sabra.org.br\/site\/wp-content\/uploads\/2019\/02\/projetos-sociais-como-uma-ferramenta-de-transformacao-de-vidas-20180918131645.jpg.jpg?resize=350%2C200&ssl=1","width":350,"height":200,"srcset":"https:\/\/i0.wp.com\/www.sabra.org.br\/site\/wp-content\/uploads\/2019\/02\/projetos-sociais-como-uma-ferramenta-de-transformacao-de-vidas-20180918131645.jpg.jpg?resize=350%2C200&ssl=1 1x, https:\/\/i0.wp.com\/www.sabra.org.br\/site\/wp-content\/uploads\/2019\/02\/projetos-sociais-como-uma-ferramenta-de-transformacao-de-vidas-20180918131645.jpg.jpg?resize=525%2C300&ssl=1 1.5x, https:\/\/i0.wp.com\/www.sabra.org.br\/site\/wp-content\/uploads\/2019\/02\/projetos-sociais-como-uma-ferramenta-de-transformacao-de-vidas-20180918131645.jpg.jpg?resize=700%2C400&ssl=1 2x"},"classes":[]},{"id":7190,"url":"https:\/\/www.sabra.org.br\/site\/drogas-projetos-sociais\/","url_meta":{"origin":1656,"position":1},"title":"Saiba como os projetos sociais podem afastar os jovens das drogas","author":"M\u00e1rcio Miranda Pontes","date":"23 de maio de 2023","format":false,"excerpt":"Os projetos sociais cumprem n\u00e3o s\u00f3 a miss\u00e3o de melhorar a vida dos jovens, dando a eles a oportunidade de participar de atividades l\u00fadicas e recreativas, mas, sobretudo, de afast\u00e1-los das drogas. Saiba mais sobre o papel dos projetos sociais na vida dos jovens clicando agora neste texto!","rel":"","context":"Em &quot;Blog SABRA&quot;","block_context":{"text":"Blog SABRA","link":"https:\/\/www.sabra.org.br\/site\/category\/blog-sabra\/"},"img":{"alt_text":"adolescente-droga-jovens-projetos-sociais-cultura-subst\u00e2ncias-sabra","src":"https:\/\/i0.wp.com\/www.sabra.org.br\/site\/wp-content\/uploads\/2023\/05\/saiba-como-os-projetos-sociais-podem-afastar-os-jovens-das-drogas-20181024171547.jpg-jpg.webp?resize=350%2C200&ssl=1","width":350,"height":200,"srcset":"https:\/\/i0.wp.com\/www.sabra.org.br\/site\/wp-content\/uploads\/2023\/05\/saiba-como-os-projetos-sociais-podem-afastar-os-jovens-das-drogas-20181024171547.jpg-jpg.webp?resize=350%2C200&ssl=1 1x, https:\/\/i0.wp.com\/www.sabra.org.br\/site\/wp-content\/uploads\/2023\/05\/saiba-como-os-projetos-sociais-podem-afastar-os-jovens-das-drogas-20181024171547.jpg-jpg.webp?resize=525%2C300&ssl=1 1.5x, https:\/\/i0.wp.com\/www.sabra.org.br\/site\/wp-content\/uploads\/2023\/05\/saiba-como-os-projetos-sociais-podem-afastar-os-jovens-das-drogas-20181024171547.jpg-jpg.webp?resize=700%2C400&ssl=1 2x"},"classes":[]},{"id":13390,"url":"https:\/\/www.sabra.org.br\/site\/jovens-musica-classica\/","url_meta":{"origin":1656,"position":2},"title":"As melhores formas de inserir a m\u00fasica cl\u00e1ssica na vida dos jovens","author":"M\u00e1rcio Miranda Pontes","date":"12 de junho de 2025","format":false,"excerpt":"Veja como a m\u00fasica cl\u00e1ssica pode ser relevante para os jovens, com dicas para sua inser\u00e7\u00e3o na vida moderna dos adolescentes.","rel":"","context":"Em &quot;Blog SABRA&quot;","block_context":{"text":"Blog SABRA","link":"https:\/\/www.sabra.org.br\/site\/category\/blog-sabra\/"},"img":{"alt_text":"","src":"","width":0,"height":0},"classes":[]},{"id":7280,"url":"https:\/\/www.sabra.org.br\/site\/vida-jovens\/","url_meta":{"origin":1656,"position":3},"title":"Quais os benef\u00edcios que uma a\u00e7\u00e3o social traz para as vida dos jovens?","author":"M\u00e1rcio Miranda Pontes","date":"6 de junho de 2023","format":false,"excerpt":"Al\u00e9m de integra\u00e7\u00e3o social, voc\u00ea sabia que uma a\u00e7\u00e3o social pode ajudar os jovens a desenvolverem seu lado human\u00edstico e solid\u00e1rio, contribuindo para se tornarem pessoas melhores? Conhe\u00e7a no texto abaixo outros benef\u00edcios que uma a\u00e7\u00e3o social pode proporcionar aos jovens!","rel":"","context":"Em &quot;Blog SABRA&quot;","block_context":{"text":"Blog SABRA","link":"https:\/\/www.sabra.org.br\/site\/category\/blog-sabra\/"},"img":{"alt_text":"culturais-jovens-vida-orquestra-sociais-musical-social-sabra","src":"https:\/\/i0.wp.com\/www.sabra.org.br\/site\/wp-content\/uploads\/2023\/06\/quais-os-beneficios-que-uma-acao-social-traz-para-as-vida-dos-jovens-20181024171547.jpg-jpg.webp?resize=350%2C200&ssl=1","width":350,"height":200,"srcset":"https:\/\/i0.wp.com\/www.sabra.org.br\/site\/wp-content\/uploads\/2023\/06\/quais-os-beneficios-que-uma-acao-social-traz-para-as-vida-dos-jovens-20181024171547.jpg-jpg.webp?resize=350%2C200&ssl=1 1x, https:\/\/i0.wp.com\/www.sabra.org.br\/site\/wp-content\/uploads\/2023\/06\/quais-os-beneficios-que-uma-acao-social-traz-para-as-vida-dos-jovens-20181024171547.jpg-jpg.webp?resize=525%2C300&ssl=1 1.5x, https:\/\/i0.wp.com\/www.sabra.org.br\/site\/wp-content\/uploads\/2023\/06\/quais-os-beneficios-que-uma-acao-social-traz-para-as-vida-dos-jovens-20181024171547.jpg-jpg.webp?resize=700%2C400&ssl=1 2x"},"classes":[]},{"id":2194,"url":"https:\/\/www.sabra.org.br\/site\/transformacao-social\/","url_meta":{"origin":1656,"position":4},"title":"Transforma\u00e7\u00e3o Social","author":"M\u00e1rcio Miranda Pontes","date":"1 de julho de 2019","format":false,"excerpt":"sociedade art\u00edstica brasileira sabra constru\u00e7\u00e3o do pr\u00f3prio futuro transforma\u00e7\u00e3o social mercado de trabalho sociedade art\u00edstica brasileira","rel":"","context":"Em &quot;Blog SABRA&quot;","block_context":{"text":"Blog SABRA","link":"https:\/\/www.sabra.org.br\/site\/category\/blog-sabra\/"},"img":{"alt_text":"Transforma\u00e7\u00e3o social","src":"https:\/\/i0.wp.com\/www.sabra.org.br\/site\/wp-content\/uploads\/2019\/07\/transformacao-social-entenda-o-que-e-e-como-ela-impacta-na-sociedade-20181024171547-1.jpg-1.jpg?resize=350%2C200&ssl=1","width":350,"height":200,"srcset":"https:\/\/i0.wp.com\/www.sabra.org.br\/site\/wp-content\/uploads\/2019\/07\/transformacao-social-entenda-o-que-e-e-como-ela-impacta-na-sociedade-20181024171547-1.jpg-1.jpg?resize=350%2C200&ssl=1 1x, https:\/\/i0.wp.com\/www.sabra.org.br\/site\/wp-content\/uploads\/2019\/07\/transformacao-social-entenda-o-que-e-e-como-ela-impacta-na-sociedade-20181024171547-1.jpg-1.jpg?resize=525%2C300&ssl=1 1.5x, https:\/\/i0.wp.com\/www.sabra.org.br\/site\/wp-content\/uploads\/2019\/07\/transformacao-social-entenda-o-que-e-e-como-ela-impacta-na-sociedade-20181024171547-1.jpg-1.jpg?resize=700%2C400&ssl=1 2x"},"classes":[]},{"id":13140,"url":"https:\/\/www.sabra.org.br\/site\/saiba-como-os-projetos-sociais-conseguem-mobilizar-as-criancas-e-jovens\/","url_meta":{"origin":1656,"position":5},"title":"Saiba como os projetos sociais conseguem mobilizar as crian\u00e7as e jovens","author":"","date":"22 de agosto de 2025","format":false,"excerpt":"Projetos sociais patrocinados pelo terceiro setor s\u00e3o essenciais, visto que chegam \u00e0s pessoas cujas necessidades b\u00e1sicas n\u00e3o s\u00e3o atendidas pelo Estado. Neste texto, destacaremos a import\u00e2ncia de projetos sociais que, educando, transformam crian\u00e7as e jovens em cidad\u00e3os mais conscientes e politicamente atuantes. Continue lendo! A import\u00e2ncia dos projetos sociais Por\u2026","rel":"","context":"Em &quot;Blog SABRA&quot;","block_context":{"text":"Blog SABRA","link":"https:\/\/www.sabra.org.br\/site\/category\/blog-sabra\/"},"img":{"alt_text":"","src":"","width":0,"height":0},"classes":[]}],"jetpack_likes_enabled":true,"jetpack_sharing_enabled":true,"_links":{"self":[{"href":"https:\/\/www.sabra.org.br\/site\/wp-json\/wp\/v2\/posts\/1656","targetHints":{"allow":["GET"]}}],"collection":[{"href":"https:\/\/www.sabra.org.br\/site\/wp-json\/wp\/v2\/posts"}],"about":[{"href":"https:\/\/www.sabra.org.br\/site\/wp-json\/wp\/v2\/types\/post"}],"author":[{"embeddable":true,"href":"https:\/\/www.sabra.org.br\/site\/wp-json\/wp\/v2\/users\/39"}],"replies":[{"embeddable":true,"href":"https:\/\/www.sabra.org.br\/site\/wp-json\/wp\/v2\/comments?post=1656"}],"version-history":[{"count":0,"href":"https:\/\/www.sabra.org.br\/site\/wp-json\/wp\/v2\/posts\/1656\/revisions"}],"wp:featuredmedia":[{"embeddable":true,"href":"https:\/\/www.sabra.org.br\/site\/wp-json\/wp\/v2\/media\/1657"}],"wp:attachment":[{"href":"https:\/\/www.sabra.org.br\/site\/wp-json\/wp\/v2\/media?parent=1656"}],"wp:term":[{"taxonomy":"category","embeddable":true,"href":"https:\/\/www.sabra.org.br\/site\/wp-json\/wp\/v2\/categories?post=1656"},{"taxonomy":"post_tag","embeddable":true,"href":"https:\/\/www.sabra.org.br\/site\/wp-json\/wp\/v2\/tags?post=1656"}],"curies":[{"name":"wp","href":"https:\/\/api.w.org\/{rel}","templated":true}]}}