{"id":1783,"date":"2019-02-20T11:13:45","date_gmt":"2019-02-20T14:13:45","guid":{"rendered":"https:\/\/www.sabra.org.br\/site\/?p=1783"},"modified":"2025-04-20T19:16:34","modified_gmt":"2025-04-20T22:16:34","slug":"cultural-x-artistico","status":"publish","type":"post","link":"https:\/\/www.sabra.org.br\/site\/cultural-x-artistico\/","title":{"rendered":"CULTURAL X ART\u00cdSTICO"},"content":{"rendered":"<h3>Objeto Cultural X Objeto Art\u00edstico: Qual a diferen\u00e7a?<\/h3>\n<p>Afinal, do que se trata o <a href=\"https:\/\/www.sabra.org.br\/site\/afinal-o-que-e-cultura\/\" target=\"_blank\" rel=\"noopener\">objeto cultural<\/a> e o <a href=\"https:\/\/www.sabra.org.br\/site\/arte-e-cultura-diferenca-e-ligacao\/\" target=\"_blank\" rel=\"noopener\">objeto art\u00edstico<\/a>? Qual a diferen\u00e7a entre eles? Para aqueles que acompanham os movimentos culturais mais de perto, estas perguntas permeiam o pensamento sem uma resposta definitiva. Contudo, suas defini\u00e7\u00f5es n\u00e3o s\u00e3o dif\u00edceis de entender, o que propomos explicar a seguir:<\/p>\n<h3>Objeto cultural<\/h3>\n<p>Pode-se melhor conceituar objeto cultural ao dizer que ele tem uma concep\u00e7\u00e3o ampla, como se fosse um grande abra\u00e7o a todas as manifesta\u00e7\u00f5es culturais de uma sociedade. Por isso, varia com o lugar e com o tempo, mas sempre de forma a agradar a todos em sua representa\u00e7\u00e3o daquilo que ele acredita ser um item cultural. Portanto, se diz que este objeto evidencia a ess\u00eancia de um povo, desde as pinturas, a m\u00fasica, a literatura ou qualquer outra forma que se julgue como arte.<\/p>\n<p>Desta forma, podemos pensar que os objetos culturais apresentam um significado que vem do generalizador para o individual. Ou seja, come\u00e7a no senso comum do que todos compreendem como cultura para o individual do que voc\u00ea entende como representa\u00e7\u00e3o dessa cultura. Um exemplo \u00e9 o futebol, em que grande parte da popula\u00e7\u00e3o entende como parte da cultura brasileira, mas, para alguns, o est\u00e1dio do Maracan\u00e3 \u00e9 o objeto cultural que o representa. Logo, podemos entender que se trata de um significado est\u00e9tico e utilit\u00e1rio.<\/p>\n<p>Estas representa\u00e7\u00f5es muitas vezes s\u00e3o integrantes naturais do dia a dia das pessoas, mas que com o tempo, o contexto e o acontecimento hist\u00f3rico ganharam uma valora\u00e7\u00e3o. Uma transforma\u00e7\u00e3o assim acontece quando ele sai de uma classifica\u00e7\u00e3o natural e passa para a cultural. Alguns antrop\u00f3logos e demais intelectuais se dedicam a explicar este conceito e, de uma maneira mais simples, passaram a denominar objetos culturais como cultura material.<\/p>\n<h3>Cultura material<\/h3>\n<p>Em favor da ludicidade, explicamos cada aspecto da cultura material. A cultura de massa \u00e9 assim chamada porque a sua produ\u00e7\u00e3o tem a forte caracter\u00edstica do consumo imediato. Mesmo que esteja presa a uma inten\u00e7\u00e3o de instiga\u00e7\u00e3o, n\u00e3o quer dizer que falte beleza a ela, mas n\u00e3o est\u00e1 t\u00e3o ligada a complexidades. Muitos confundem cultura de massa com cultura midi\u00e1tica, mas a segunda se mistura com todos os outros tipos de cultura, porque ela quer atrair o p\u00fablico m\u00e9dio.<\/p>\n<p>A cultura popular nasce na popula\u00e7\u00e3o oprimida e trabalhadora, nas periferias, sobre os morros e no interior. Ela est\u00e1 nas festas, nos rituais e nos aspectos da tradi\u00e7\u00e3o e do cotidiano. Quando o que \u00e9 natural nestes ambientes \u00e9 ressignificado atrav\u00e9s da arte e mudado de seu contexto, ele fala da cultura material do cotidiano. Ent\u00e3o vira uma arte popular ou uma arte folcl\u00f3rica.<\/p>\n<p>A cultura material m\u00edtica tem a ver com as pr\u00e1ticas religiosas, seja de qual ordem for. A representa\u00e7\u00e3o do que a popula\u00e7\u00e3o entende como sagrado e divino, como tamb\u00e9m em choque com o profano. Muitos locais aproveitam para explorar o turismo atrav\u00e9s destas representa\u00e7\u00f5es. Por fim, a erudita, que tamb\u00e9m \u00e9 chamada de cl\u00e1ssica. Ela traz uma reprodu\u00e7\u00e3o de modelos de perfei\u00e7\u00e3o e harmonia. Por ser incomum a populares, muitas vezes, \u00e9 posta como cultura de classes.<\/p>\n<h3>Objeto art\u00edstico<\/h3>\n<p>Para entender o objeto art\u00edstico, \u00e9 necess\u00e1rio tamb\u00e9m compreender que tudo pode ser considerado arte. Para isso, basta que ele seja considerado assim dentro de seu contexto natural ou, principalmente, fora. Ele sempre ser\u00e1 julgado pensando em seu vi\u00e9s social, hist\u00f3rico e tamb\u00e9m cultural. Estes objetos t\u00eam uma express\u00e3o pr\u00f3pria que faz sentido para aquele a produz, mesmo que n\u00e3o fa\u00e7a sempre para o interlocutor. O objeto art\u00edstico trata de significa\u00e7\u00f5es, seja para quem o produziu, como para quem a recebe. Cada um a seu modo e sem, necessariamente, estar preso \u00e0 cultura.<\/p>\n<p>Um objeto art\u00edstico \u00e9 onde podemos ver, sentir e tocar a arte. Ele \u00e9 concebido em meio a assimila\u00e7\u00f5es de emo\u00e7\u00f5es, sentimentos e ideias. Depois deste processo, ainda age em provoca\u00e7\u00e3o com o interlocutor para faz\u00ea-lo refletir, considerar e encontrar significados \u00fanicos e diferentes para o que v\u00ea, ouve ou sente. Por ter uma intencionalidade do artista, se diferencia do objeto cultural. Mesmo criado individualmente, ele abre o leque para uma interpreta\u00e7\u00e3o coletiva.<\/p>\n<h3>Se voc\u00ea gostou deste post:<\/h3>\n<p>&#8211; siga as nossas p\u00e1ginas nas redes sociais para acompanhar as nossas atualiza\u00e7\u00f5es: estamos no <a href=\"https:\/\/www.facebook.com\/sabrabrasil\" target=\"_blank\" rel=\"noopener\">Facebook<\/a>, no <a href=\"https:\/\/www.instagram.com\/sabrabrasil\/\" target=\"_blank\" rel=\"noopener\">Instagram<\/a>, no <a href=\"https:\/\/www.linkedin.com\/company\/25002088\" target=\"_blank\" rel=\"noopener\">LinkedIn<\/a>, no <a href=\"https:\/\/twitter.com\/ContatoSabra\" target=\"_blank\" rel=\"noopener\">Twitter<\/a> e no <a href=\"https:\/\/www.youtube.com\/channel\/UCJw-kbuEvzUNdeQf20Pa-eQ\" target=\"_blank\" rel=\"noopener\">YouTube<\/a>!<\/p>\n<p>&#8211; Conhe\u00e7a o trabalho da Sociedade Art\u00edstica Brasileira (SABRA) e todas as iniciativas culturais e sociais que ela mant\u00e9m. <a href=\"https:\/\/www.sabra.org.br\/site\/acoes\/\" target=\"_blank\" rel=\"noopener\">Acesse nosso site!<\/a><\/p>\n<p>&#8211; entre em contato com a gente. E veja quais s\u00e3o as op\u00e7\u00f5es de ajuda na manuten\u00e7\u00e3o de nossas a\u00e7\u00f5es sociais e culturais. Basta acessar nossa p\u00e1gina <a href=\"https:\/\/www.sabra.org.br\/site\/doe-agora\/\" target=\"_blank\" rel=\"noopener\">Doe Agora!<\/a><\/p>\n<p>&#8211; Compartilhe este texto nas suas redes sociais e ajude os seus amigos a tamb\u00e9m dominarem o assunto!<\/p>\n","protected":false},"excerpt":{"rendered":"<p>objeto cultural<br \/>\nobjeto art\u00edstico<br \/>\ncultura material<br \/>\ncultura<br \/>\nobjeto<\/p>\n","protected":false},"author":39,"featured_media":1784,"comment_status":"closed","ping_status":"closed","sticky":false,"template":"","format":"standard","meta":{"jetpack_post_was_ever_published":false,"_jetpack_newsletter_access":"","_jetpack_dont_email_post_to_subs":false,"_jetpack_newsletter_tier_id":0,"_jetpack_memberships_contains_paywalled_content":false,"_jetpack_memberships_contains_paid_content":false,"footnotes":""},"categories":[1],"tags":[15,8,16,12,11,9],"class_list":["post-1783","post","type-post","status-publish","format-standard","has-post-thumbnail","hentry","category-blog-sabra","tag-assistencia-social","tag-canto-coral","tag-musicalizacao-infantil","tag-oficina-musical-sabra","tag-orquestra-sinfonica-de-betim","tag-sociedade-artistica-brasileira"],"yoast_head":"<!-- This site is optimized with the Yoast SEO plugin v27.5 - https:\/\/yoast.com\/product\/yoast-seo-wordpress\/ -->\n<title>CULTURAL X ART\u00cdSTICO - SABRA - Sociedade Art\u00edstica Brasileira<\/title>\n<meta name=\"description\" content=\"Voc\u00ea sabe como a cultura popular se manifesta em nosso meio? \u00c9 atrav\u00e9s de v\u00e1rias maneiras, como a m\u00fasica, a arte e o cinema. Cultural x Art\u00edstico\" \/>\n<meta name=\"robots\" content=\"index, follow, max-snippet:-1, max-image-preview:large, max-video-preview:-1\" \/>\n<link rel=\"canonical\" href=\"https:\/\/www.sabra.org.br\/site\/cultural-x-artistico\/\" \/>\n<meta property=\"og:locale\" content=\"pt_BR\" \/>\n<meta property=\"og:type\" content=\"article\" \/>\n<meta property=\"og:title\" content=\"CULTURAL X ART\u00cdSTICO - SABRA - Sociedade Art\u00edstica Brasileira\" \/>\n<meta property=\"og:description\" content=\"Voc\u00ea sabe como a cultura popular se manifesta em nosso meio? \u00c9 atrav\u00e9s de v\u00e1rias maneiras, como a m\u00fasica, a arte e o cinema. Cultural x Art\u00edstico\" \/>\n<meta property=\"og:url\" content=\"https:\/\/www.sabra.org.br\/site\/cultural-x-artistico\/\" \/>\n<meta property=\"og:site_name\" content=\"SABRA - Sociedade Art\u00edstica Brasileira\" \/>\n<meta property=\"article:publisher\" content=\"https:\/\/www.facebook.com\/sabrabrasil\" \/>\n<meta property=\"article:published_time\" content=\"2019-02-20T14:13:45+00:00\" \/>\n<meta property=\"article:modified_time\" content=\"2025-04-20T22:16:34+00:00\" \/>\n<meta property=\"og:image\" content=\"https:\/\/www.sabra.org.br\/site\/wp-content\/uploads\/2019\/02\/objeto-cultural-x-objeto-artistico-qual-a-diferenca-20180918131645.jpg.jpg\" \/>\n\t<meta property=\"og:image:width\" content=\"800\" \/>\n\t<meta property=\"og:image:height\" content=\"533\" \/>\n\t<meta property=\"og:image:type\" content=\"image\/jpeg\" \/>\n<meta name=\"author\" content=\"M\u00e1rcio Miranda Pontes\" \/>\n<meta name=\"twitter:card\" content=\"summary_large_image\" \/>\n<meta name=\"twitter:creator\" content=\"@ContatoSabra\" \/>\n<meta name=\"twitter:site\" content=\"@ContatoSabra\" \/>\n<meta name=\"twitter:label1\" content=\"Escrito por\" \/>\n\t<meta name=\"twitter:data1\" content=\"M\u00e1rcio Miranda Pontes\" \/>\n\t<meta name=\"twitter:label2\" content=\"Est. tempo de leitura\" \/>\n\t<meta name=\"twitter:data2\" content=\"4 minutos\" \/>\n<script type=\"application\/ld+json\" class=\"yoast-schema-graph\">{\"@context\":\"https:\\\/\\\/schema.org\",\"@graph\":[{\"@type\":\"Article\",\"@id\":\"https:\\\/\\\/www.sabra.org.br\\\/site\\\/cultural-x-artistico\\\/#article\",\"isPartOf\":{\"@id\":\"https:\\\/\\\/www.sabra.org.br\\\/site\\\/cultural-x-artistico\\\/\"},\"author\":{\"name\":\"M\u00e1rcio Miranda Pontes\",\"@id\":\"https:\\\/\\\/www.sabra.org.br\\\/site\\\/#\\\/schema\\\/person\\\/7d1d222c3c8891d4c37c7b41bf6315c2\"},\"headline\":\"CULTURAL X ART\u00cdSTICO\",\"datePublished\":\"2019-02-20T14:13:45+00:00\",\"dateModified\":\"2025-04-20T22:16:34+00:00\",\"mainEntityOfPage\":{\"@id\":\"https:\\\/\\\/www.sabra.org.br\\\/site\\\/cultural-x-artistico\\\/\"},\"wordCount\":862,\"publisher\":{\"@id\":\"https:\\\/\\\/www.sabra.org.br\\\/site\\\/#organization\"},\"image\":{\"@id\":\"https:\\\/\\\/www.sabra.org.br\\\/site\\\/cultural-x-artistico\\\/#primaryimage\"},\"thumbnailUrl\":\"https:\\\/\\\/www.sabra.org.br\\\/site\\\/wp-content\\\/uploads\\\/2019\\\/02\\\/objeto-cultural-x-objeto-artistico-qual-a-diferenca-20180918131645.jpg.jpg\",\"keywords\":[\"Assist\u00eancia social\",\"Canto Coral\",\"Musicaliza\u00e7\u00e3o Infantil\",\"Oficina Musical SABRA\",\"Orquestra Sinf\u00f4nica de Betim\",\"Sociedade Art\u00edstica Brasileira\"],\"articleSection\":[\"Blog SABRA\"],\"inLanguage\":\"pt-BR\"},{\"@type\":\"WebPage\",\"@id\":\"https:\\\/\\\/www.sabra.org.br\\\/site\\\/cultural-x-artistico\\\/\",\"url\":\"https:\\\/\\\/www.sabra.org.br\\\/site\\\/cultural-x-artistico\\\/\",\"name\":\"CULTURAL X ART\u00cdSTICO - SABRA - Sociedade Art\u00edstica Brasileira\",\"isPartOf\":{\"@id\":\"https:\\\/\\\/www.sabra.org.br\\\/site\\\/#website\"},\"primaryImageOfPage\":{\"@id\":\"https:\\\/\\\/www.sabra.org.br\\\/site\\\/cultural-x-artistico\\\/#primaryimage\"},\"image\":{\"@id\":\"https:\\\/\\\/www.sabra.org.br\\\/site\\\/cultural-x-artistico\\\/#primaryimage\"},\"thumbnailUrl\":\"https:\\\/\\\/www.sabra.org.br\\\/site\\\/wp-content\\\/uploads\\\/2019\\\/02\\\/objeto-cultural-x-objeto-artistico-qual-a-diferenca-20180918131645.jpg.jpg\",\"datePublished\":\"2019-02-20T14:13:45+00:00\",\"dateModified\":\"2025-04-20T22:16:34+00:00\",\"description\":\"Voc\u00ea sabe como a cultura popular se manifesta em nosso meio? \u00c9 atrav\u00e9s de v\u00e1rias maneiras, como a m\u00fasica, a arte e o cinema. Cultural x Art\u00edstico\",\"breadcrumb\":{\"@id\":\"https:\\\/\\\/www.sabra.org.br\\\/site\\\/cultural-x-artistico\\\/#breadcrumb\"},\"inLanguage\":\"pt-BR\",\"potentialAction\":[{\"@type\":\"ReadAction\",\"target\":[\"https:\\\/\\\/www.sabra.org.br\\\/site\\\/cultural-x-artistico\\\/\"]}]},{\"@type\":\"ImageObject\",\"inLanguage\":\"pt-BR\",\"@id\":\"https:\\\/\\\/www.sabra.org.br\\\/site\\\/cultural-x-artistico\\\/#primaryimage\",\"url\":\"https:\\\/\\\/www.sabra.org.br\\\/site\\\/wp-content\\\/uploads\\\/2019\\\/02\\\/objeto-cultural-x-objeto-artistico-qual-a-diferenca-20180918131645.jpg.jpg\",\"contentUrl\":\"https:\\\/\\\/www.sabra.org.br\\\/site\\\/wp-content\\\/uploads\\\/2019\\\/02\\\/objeto-cultural-x-objeto-artistico-qual-a-diferenca-20180918131645.jpg.jpg\",\"width\":800,\"height\":533,\"caption\":\"Sociedade Art\u00edstica Brasileira SABRA\"},{\"@type\":\"BreadcrumbList\",\"@id\":\"https:\\\/\\\/www.sabra.org.br\\\/site\\\/cultural-x-artistico\\\/#breadcrumb\",\"itemListElement\":[{\"@type\":\"ListItem\",\"position\":1,\"name\":\"In\u00edcio\",\"item\":\"https:\\\/\\\/www.sabra.org.br\\\/site\\\/\"},{\"@type\":\"ListItem\",\"position\":2,\"name\":\"CULTURAL X ART\u00cdSTICO\"}]},{\"@type\":\"WebSite\",\"@id\":\"https:\\\/\\\/www.sabra.org.br\\\/site\\\/#website\",\"url\":\"https:\\\/\\\/www.sabra.org.br\\\/site\\\/\",\"name\":\"SABRA - Sociedade Art\u00edstica Brasileira\",\"description\":\"Escola de M\u00fasica, Orquestra Sinf\u00f4nica, Coral e Patrim\u00f4nio Cultural e Hist\u00f3rico\",\"publisher\":{\"@id\":\"https:\\\/\\\/www.sabra.org.br\\\/site\\\/#organization\"},\"potentialAction\":[{\"@type\":\"SearchAction\",\"target\":{\"@type\":\"EntryPoint\",\"urlTemplate\":\"https:\\\/\\\/www.sabra.org.br\\\/site\\\/?s={search_term_string}\"},\"query-input\":{\"@type\":\"PropertyValueSpecification\",\"valueRequired\":true,\"valueName\":\"search_term_string\"}}],\"inLanguage\":\"pt-BR\"},{\"@type\":\"Organization\",\"@id\":\"https:\\\/\\\/www.sabra.org.br\\\/site\\\/#organization\",\"name\":\"SOCIEDADE ART\u00cdSTICA BRASILEIRA SABRA\",\"alternateName\":\"SABRA\",\"url\":\"https:\\\/\\\/www.sabra.org.br\\\/site\\\/\",\"logo\":{\"@type\":\"ImageObject\",\"inLanguage\":\"pt-BR\",\"@id\":\"https:\\\/\\\/www.sabra.org.br\\\/site\\\/#\\\/schema\\\/logo\\\/image\\\/\",\"url\":\"https:\\\/\\\/www.sabra.org.br\\\/site\\\/wp-content\\\/uploads\\\/2019\\\/06\\\/cropped-Logo_SABRA-Copia-1.webp\",\"contentUrl\":\"https:\\\/\\\/www.sabra.org.br\\\/site\\\/wp-content\\\/uploads\\\/2019\\\/06\\\/cropped-Logo_SABRA-Copia-1.webp\",\"width\":400,\"height\":128,\"caption\":\"SOCIEDADE ART\u00cdSTICA BRASILEIRA SABRA\"},\"image\":{\"@id\":\"https:\\\/\\\/www.sabra.org.br\\\/site\\\/#\\\/schema\\\/logo\\\/image\\\/\"},\"sameAs\":[\"https:\\\/\\\/www.facebook.com\\\/sabrabrasil\",\"https:\\\/\\\/x.com\\\/ContatoSabra\",\"https:\\\/\\\/www.instagram.com\\\/sabrabrasil\\\/\",\"https:\\\/\\\/www.linkedin.com\\\/company\\\/25002088\\\/\",\"https:\\\/\\\/br.pinterest.com\\\/sociedadeartisticabrasileira\\\/\",\"https:\\\/\\\/www.youtube.com\\\/c\\\/sabrabrasil\"]},{\"@type\":\"Person\",\"@id\":\"https:\\\/\\\/www.sabra.org.br\\\/site\\\/#\\\/schema\\\/person\\\/7d1d222c3c8891d4c37c7b41bf6315c2\",\"name\":\"M\u00e1rcio Miranda Pontes\",\"image\":{\"@type\":\"ImageObject\",\"inLanguage\":\"pt-BR\",\"@id\":\"https:\\\/\\\/secure.gravatar.com\\\/avatar\\\/3b45f24496a7625a3a6c436688fbe20344faaeb2979658dc4a9921f984d7df9a?s=96&d=mm&r=g\",\"url\":\"https:\\\/\\\/secure.gravatar.com\\\/avatar\\\/3b45f24496a7625a3a6c436688fbe20344faaeb2979658dc4a9921f984d7df9a?s=96&d=mm&r=g\",\"contentUrl\":\"https:\\\/\\\/secure.gravatar.com\\\/avatar\\\/3b45f24496a7625a3a6c436688fbe20344faaeb2979658dc4a9921f984d7df9a?s=96&d=mm&r=g\",\"caption\":\"M\u00e1rcio Miranda Pontes\"},\"sameAs\":[\"http:\\\/\\\/www.sabra.org.br\"],\"url\":\"https:\\\/\\\/www.sabra.org.br\\\/site\\\/author\\\/marcio-miranda-pontes\\\/\"}]}<\/script>\n<!-- \/ Yoast SEO plugin. -->","yoast_head_json":{"title":"CULTURAL X ART\u00cdSTICO - SABRA - Sociedade Art\u00edstica Brasileira","description":"Voc\u00ea sabe como a cultura popular se manifesta em nosso meio? \u00c9 atrav\u00e9s de v\u00e1rias maneiras, como a m\u00fasica, a arte e o cinema. Cultural x Art\u00edstico","robots":{"index":"index","follow":"follow","max-snippet":"max-snippet:-1","max-image-preview":"max-image-preview:large","max-video-preview":"max-video-preview:-1"},"canonical":"https:\/\/www.sabra.org.br\/site\/cultural-x-artistico\/","og_locale":"pt_BR","og_type":"article","og_title":"CULTURAL X ART\u00cdSTICO - SABRA - Sociedade Art\u00edstica Brasileira","og_description":"Voc\u00ea sabe como a cultura popular se manifesta em nosso meio? \u00c9 atrav\u00e9s de v\u00e1rias maneiras, como a m\u00fasica, a arte e o cinema. Cultural x Art\u00edstico","og_url":"https:\/\/www.sabra.org.br\/site\/cultural-x-artistico\/","og_site_name":"SABRA - Sociedade Art\u00edstica Brasileira","article_publisher":"https:\/\/www.facebook.com\/sabrabrasil","article_published_time":"2019-02-20T14:13:45+00:00","article_modified_time":"2025-04-20T22:16:34+00:00","og_image":[{"width":800,"height":533,"url":"https:\/\/www.sabra.org.br\/site\/wp-content\/uploads\/2019\/02\/objeto-cultural-x-objeto-artistico-qual-a-diferenca-20180918131645.jpg.jpg","type":"image\/jpeg"}],"author":"M\u00e1rcio Miranda Pontes","twitter_card":"summary_large_image","twitter_creator":"@ContatoSabra","twitter_site":"@ContatoSabra","twitter_misc":{"Escrito por":"M\u00e1rcio Miranda Pontes","Est. tempo de leitura":"4 minutos"},"schema":{"@context":"https:\/\/schema.org","@graph":[{"@type":"Article","@id":"https:\/\/www.sabra.org.br\/site\/cultural-x-artistico\/#article","isPartOf":{"@id":"https:\/\/www.sabra.org.br\/site\/cultural-x-artistico\/"},"author":{"name":"M\u00e1rcio Miranda Pontes","@id":"https:\/\/www.sabra.org.br\/site\/#\/schema\/person\/7d1d222c3c8891d4c37c7b41bf6315c2"},"headline":"CULTURAL X ART\u00cdSTICO","datePublished":"2019-02-20T14:13:45+00:00","dateModified":"2025-04-20T22:16:34+00:00","mainEntityOfPage":{"@id":"https:\/\/www.sabra.org.br\/site\/cultural-x-artistico\/"},"wordCount":862,"publisher":{"@id":"https:\/\/www.sabra.org.br\/site\/#organization"},"image":{"@id":"https:\/\/www.sabra.org.br\/site\/cultural-x-artistico\/#primaryimage"},"thumbnailUrl":"https:\/\/www.sabra.org.br\/site\/wp-content\/uploads\/2019\/02\/objeto-cultural-x-objeto-artistico-qual-a-diferenca-20180918131645.jpg.jpg","keywords":["Assist\u00eancia social","Canto Coral","Musicaliza\u00e7\u00e3o Infantil","Oficina Musical SABRA","Orquestra Sinf\u00f4nica de Betim","Sociedade Art\u00edstica Brasileira"],"articleSection":["Blog SABRA"],"inLanguage":"pt-BR"},{"@type":"WebPage","@id":"https:\/\/www.sabra.org.br\/site\/cultural-x-artistico\/","url":"https:\/\/www.sabra.org.br\/site\/cultural-x-artistico\/","name":"CULTURAL X ART\u00cdSTICO - SABRA - Sociedade Art\u00edstica Brasileira","isPartOf":{"@id":"https:\/\/www.sabra.org.br\/site\/#website"},"primaryImageOfPage":{"@id":"https:\/\/www.sabra.org.br\/site\/cultural-x-artistico\/#primaryimage"},"image":{"@id":"https:\/\/www.sabra.org.br\/site\/cultural-x-artistico\/#primaryimage"},"thumbnailUrl":"https:\/\/www.sabra.org.br\/site\/wp-content\/uploads\/2019\/02\/objeto-cultural-x-objeto-artistico-qual-a-diferenca-20180918131645.jpg.jpg","datePublished":"2019-02-20T14:13:45+00:00","dateModified":"2025-04-20T22:16:34+00:00","description":"Voc\u00ea sabe como a cultura popular se manifesta em nosso meio? \u00c9 atrav\u00e9s de v\u00e1rias maneiras, como a m\u00fasica, a arte e o cinema. Cultural x Art\u00edstico","breadcrumb":{"@id":"https:\/\/www.sabra.org.br\/site\/cultural-x-artistico\/#breadcrumb"},"inLanguage":"pt-BR","potentialAction":[{"@type":"ReadAction","target":["https:\/\/www.sabra.org.br\/site\/cultural-x-artistico\/"]}]},{"@type":"ImageObject","inLanguage":"pt-BR","@id":"https:\/\/www.sabra.org.br\/site\/cultural-x-artistico\/#primaryimage","url":"https:\/\/www.sabra.org.br\/site\/wp-content\/uploads\/2019\/02\/objeto-cultural-x-objeto-artistico-qual-a-diferenca-20180918131645.jpg.jpg","contentUrl":"https:\/\/www.sabra.org.br\/site\/wp-content\/uploads\/2019\/02\/objeto-cultural-x-objeto-artistico-qual-a-diferenca-20180918131645.jpg.jpg","width":800,"height":533,"caption":"Sociedade Art\u00edstica Brasileira SABRA"},{"@type":"BreadcrumbList","@id":"https:\/\/www.sabra.org.br\/site\/cultural-x-artistico\/#breadcrumb","itemListElement":[{"@type":"ListItem","position":1,"name":"In\u00edcio","item":"https:\/\/www.sabra.org.br\/site\/"},{"@type":"ListItem","position":2,"name":"CULTURAL X ART\u00cdSTICO"}]},{"@type":"WebSite","@id":"https:\/\/www.sabra.org.br\/site\/#website","url":"https:\/\/www.sabra.org.br\/site\/","name":"SABRA - Sociedade Art\u00edstica Brasileira","description":"Escola de M\u00fasica, Orquestra Sinf\u00f4nica, Coral e Patrim\u00f4nio Cultural e Hist\u00f3rico","publisher":{"@id":"https:\/\/www.sabra.org.br\/site\/#organization"},"potentialAction":[{"@type":"SearchAction","target":{"@type":"EntryPoint","urlTemplate":"https:\/\/www.sabra.org.br\/site\/?s={search_term_string}"},"query-input":{"@type":"PropertyValueSpecification","valueRequired":true,"valueName":"search_term_string"}}],"inLanguage":"pt-BR"},{"@type":"Organization","@id":"https:\/\/www.sabra.org.br\/site\/#organization","name":"SOCIEDADE ART\u00cdSTICA BRASILEIRA SABRA","alternateName":"SABRA","url":"https:\/\/www.sabra.org.br\/site\/","logo":{"@type":"ImageObject","inLanguage":"pt-BR","@id":"https:\/\/www.sabra.org.br\/site\/#\/schema\/logo\/image\/","url":"https:\/\/www.sabra.org.br\/site\/wp-content\/uploads\/2019\/06\/cropped-Logo_SABRA-Copia-1.webp","contentUrl":"https:\/\/www.sabra.org.br\/site\/wp-content\/uploads\/2019\/06\/cropped-Logo_SABRA-Copia-1.webp","width":400,"height":128,"caption":"SOCIEDADE ART\u00cdSTICA BRASILEIRA SABRA"},"image":{"@id":"https:\/\/www.sabra.org.br\/site\/#\/schema\/logo\/image\/"},"sameAs":["https:\/\/www.facebook.com\/sabrabrasil","https:\/\/x.com\/ContatoSabra","https:\/\/www.instagram.com\/sabrabrasil\/","https:\/\/www.linkedin.com\/company\/25002088\/","https:\/\/br.pinterest.com\/sociedadeartisticabrasileira\/","https:\/\/www.youtube.com\/c\/sabrabrasil"]},{"@type":"Person","@id":"https:\/\/www.sabra.org.br\/site\/#\/schema\/person\/7d1d222c3c8891d4c37c7b41bf6315c2","name":"M\u00e1rcio Miranda Pontes","image":{"@type":"ImageObject","inLanguage":"pt-BR","@id":"https:\/\/secure.gravatar.com\/avatar\/3b45f24496a7625a3a6c436688fbe20344faaeb2979658dc4a9921f984d7df9a?s=96&d=mm&r=g","url":"https:\/\/secure.gravatar.com\/avatar\/3b45f24496a7625a3a6c436688fbe20344faaeb2979658dc4a9921f984d7df9a?s=96&d=mm&r=g","contentUrl":"https:\/\/secure.gravatar.com\/avatar\/3b45f24496a7625a3a6c436688fbe20344faaeb2979658dc4a9921f984d7df9a?s=96&d=mm&r=g","caption":"M\u00e1rcio Miranda Pontes"},"sameAs":["http:\/\/www.sabra.org.br"],"url":"https:\/\/www.sabra.org.br\/site\/author\/marcio-miranda-pontes\/"}]}},"jetpack_featured_media_url":"https:\/\/www.sabra.org.br\/site\/wp-content\/uploads\/2019\/02\/objeto-cultural-x-objeto-artistico-qual-a-diferenca-20180918131645.jpg.jpg","jetpack_shortlink":"https:\/\/wp.me\/p95j2Z-sL","jetpack-related-posts":[{"id":4274,"url":"https:\/\/www.sabra.org.br\/site\/conheca-os-tipos-de-patrimonios-culturais-materiais-imateriais\/","url_meta":{"origin":1783,"position":0},"title":"Conhe\u00e7a os tipos de Patrim\u00f4nios Culturais","author":"M\u00e1rcio Miranda Pontes","date":"21 de outubro de 2021","format":false,"excerpt":"Conhe\u00e7a os tipos de Patrim\u00f4nios Culturais Voc\u00ea sabia que os patrim\u00f4nios culturais podem ser divididos em materiais e imateriais? No Brasil, existem v\u00e1rios deles. Se voc\u00ea deseja conhecer mais sobre e descobrir onde est\u00e3o localizados n\u00e3o deixe de conferir esse post.","rel":"","context":"Em &quot;Blog SABRA&quot;","block_context":{"text":"Blog SABRA","link":"https:\/\/www.sabra.org.br\/site\/category\/blog-sabra\/"},"img":{"alt_text":"materiais-imateriais-patrim\u00f4nio-hist\u00f3rico-cultural","src":"https:\/\/i0.wp.com\/www.sabra.org.br\/site\/wp-content\/uploads\/2021\/10\/conheca-os-tipos-de-patrimonios-culturais-20210902112425.jpg.jpg?resize=350%2C200&ssl=1","width":350,"height":200,"srcset":"https:\/\/i0.wp.com\/www.sabra.org.br\/site\/wp-content\/uploads\/2021\/10\/conheca-os-tipos-de-patrimonios-culturais-20210902112425.jpg.jpg?resize=350%2C200&ssl=1 1x, https:\/\/i0.wp.com\/www.sabra.org.br\/site\/wp-content\/uploads\/2021\/10\/conheca-os-tipos-de-patrimonios-culturais-20210902112425.jpg.jpg?resize=525%2C300&ssl=1 1.5x, https:\/\/i0.wp.com\/www.sabra.org.br\/site\/wp-content\/uploads\/2021\/10\/conheca-os-tipos-de-patrimonios-culturais-20210902112425.jpg.jpg?resize=700%2C400&ssl=1 2x"},"classes":[]},{"id":4079,"url":"https:\/\/www.sabra.org.br\/site\/sanfona\/","url_meta":{"origin":1783,"position":1},"title":"Gaita, acordeon e sanfona: qual a diferen\u00e7a?","author":"M\u00e1rcio Miranda Pontes","date":"6 de agosto de 2021","format":false,"excerpt":"Gaita, acordeon e sanfona: qual a diferen\u00e7a? J\u00e1 entrou em alguma conversa sobre a diferen\u00e7a entre gaita, acordeon e sanfona? Afinal, estes nomes representam o mesmo instrumento? Leia mais e entenda de uma vez por todas o que muda entre as tr\u00eas denomina\u00e7\u00f5es.","rel":"","context":"Em &quot;Blog SABRA&quot;","block_context":{"text":"Blog SABRA","link":"https:\/\/www.sabra.org.br\/site\/category\/blog-sabra\/"},"img":{"alt_text":"faita-acordeon-sanfona-instrumento","src":"https:\/\/i0.wp.com\/www.sabra.org.br\/site\/wp-content\/uploads\/2021\/08\/gaita-acordeon-e-sanfona-qual-a-diferenca-20210311095559.jpg.jpg?resize=350%2C200&ssl=1","width":350,"height":200,"srcset":"https:\/\/i0.wp.com\/www.sabra.org.br\/site\/wp-content\/uploads\/2021\/08\/gaita-acordeon-e-sanfona-qual-a-diferenca-20210311095559.jpg.jpg?resize=350%2C200&ssl=1 1x, https:\/\/i0.wp.com\/www.sabra.org.br\/site\/wp-content\/uploads\/2021\/08\/gaita-acordeon-e-sanfona-qual-a-diferenca-20210311095559.jpg.jpg?resize=525%2C300&ssl=1 1.5x, https:\/\/i0.wp.com\/www.sabra.org.br\/site\/wp-content\/uploads\/2021\/08\/gaita-acordeon-e-sanfona-qual-a-diferenca-20210311095559.jpg.jpg?resize=700%2C400&ssl=1 2x"},"classes":[]},{"id":4421,"url":"https:\/\/www.sabra.org.br\/site\/legislacao-patrimonio-historico\/","url_meta":{"origin":1783,"position":2},"title":"Patrim\u00f4nio material: saiba o que diz a legisla\u00e7\u00e3o brasileira","author":"M\u00e1rcio Miranda Pontes","date":"7 de dezembro de 2021","format":false,"excerpt":"O patrim\u00f4nio material, que \u00e9 um conjunto de bens materiais que apresentam relev\u00e2ncia hist\u00f3rica para a forma\u00e7\u00e3o cultural da sociedade, representa a riqueza palp\u00e1vel e notada de um povo. Conhe\u00e7a como a legisla\u00e7\u00e3o nacional aborda a preserva\u00e7\u00e3o e reconhecimento do patrim\u00f4nio hist\u00f3rico material.","rel":"","context":"Em &quot;Blog SABRA&quot;","block_context":{"text":"Blog SABRA","link":"https:\/\/www.sabra.org.br\/site\/category\/blog-sabra\/"},"img":{"alt_text":"hist\u00f3rico-patrim\u00f4nio-bens-cultural","src":"https:\/\/i0.wp.com\/www.sabra.org.br\/site\/wp-content\/uploads\/2021\/12\/patrimonio-material-saiba-o-que-diz-a-legislacao-brasileira-20210804144502.jpg.jpg?resize=350%2C200&ssl=1","width":350,"height":200,"srcset":"https:\/\/i0.wp.com\/www.sabra.org.br\/site\/wp-content\/uploads\/2021\/12\/patrimonio-material-saiba-o-que-diz-a-legislacao-brasileira-20210804144502.jpg.jpg?resize=350%2C200&ssl=1 1x, https:\/\/i0.wp.com\/www.sabra.org.br\/site\/wp-content\/uploads\/2021\/12\/patrimonio-material-saiba-o-que-diz-a-legislacao-brasileira-20210804144502.jpg.jpg?resize=525%2C300&ssl=1 1.5x, https:\/\/i0.wp.com\/www.sabra.org.br\/site\/wp-content\/uploads\/2021\/12\/patrimonio-material-saiba-o-que-diz-a-legislacao-brasileira-20210804144502.jpg.jpg?resize=700%2C400&ssl=1 2x, https:\/\/i0.wp.com\/www.sabra.org.br\/site\/wp-content\/uploads\/2021\/12\/patrimonio-material-saiba-o-que-diz-a-legislacao-brasileira-20210804144502.jpg.jpg?resize=1050%2C600&ssl=1 3x, https:\/\/i0.wp.com\/www.sabra.org.br\/site\/wp-content\/uploads\/2021\/12\/patrimonio-material-saiba-o-que-diz-a-legislacao-brasileira-20210804144502.jpg.jpg?resize=1400%2C800&ssl=1 4x"},"classes":[]},{"id":9787,"url":"https:\/\/www.sabra.org.br\/site\/danca-crianca\/","url_meta":{"origin":1783,"position":3},"title":"Dan\u00e7a: A import\u00e2ncia de incluir na vida das crian\u00e7as","author":"M\u00e1rcio Miranda Pontes","date":"1 de julho de 2024","format":false,"excerpt":"Conhe\u00e7a a import\u00e2ncia da dan\u00e7a para as crian\u00e7as. Descubra os benef\u00edcios dessa atividade cultural para a forma\u00e7\u00e3o social e educacional.","rel":"","context":"Em &quot;Blog SABRA&quot;","block_context":{"text":"Blog SABRA","link":"https:\/\/www.sabra.org.br\/site\/category\/blog-sabra\/"},"img":{"alt_text":"sabra-m\u00fasica-dan\u00e7a-crian\u00e7a-ajudar-conhecimento-desenvolvimento","src":"https:\/\/i0.wp.com\/www.sabra.org.br\/site\/wp-content\/uploads\/2024\/06\/danca-a-importancia-de-incluir-na-vida-das-criancas-20181109101935.jpg-jpg.webp?resize=350%2C200&ssl=1","width":350,"height":200,"srcset":"https:\/\/i0.wp.com\/www.sabra.org.br\/site\/wp-content\/uploads\/2024\/06\/danca-a-importancia-de-incluir-na-vida-das-criancas-20181109101935.jpg-jpg.webp?resize=350%2C200&ssl=1 1x, https:\/\/i0.wp.com\/www.sabra.org.br\/site\/wp-content\/uploads\/2024\/06\/danca-a-importancia-de-incluir-na-vida-das-criancas-20181109101935.jpg-jpg.webp?resize=525%2C300&ssl=1 1.5x, https:\/\/i0.wp.com\/www.sabra.org.br\/site\/wp-content\/uploads\/2024\/06\/danca-a-importancia-de-incluir-na-vida-das-criancas-20181109101935.jpg-jpg.webp?resize=700%2C400&ssl=1 2x"},"classes":[]},{"id":4445,"url":"https:\/\/www.sabra.org.br\/site\/patrimonio-imaterial-2\/","url_meta":{"origin":1783,"position":4},"title":"Afinal, o que \u00e9 patrim\u00f4nio imaterial?","author":"M\u00e1rcio Miranda Pontes","date":"11 de dezembro de 2021","format":false,"excerpt":"Bens culturais compartilhados e vividos por uma coletividade em particular formam o patrim\u00f4nio cultural de uma sociedade, construindo a hist\u00f3ria e a identidade de um povo. Conhe\u00e7a um pouco mais sobre o patrim\u00f4nio imaterial.","rel":"","context":"Em &quot;Blog SABRA&quot;","block_context":{"text":"Blog SABRA","link":"https:\/\/www.sabra.org.br\/site\/category\/blog-sabra\/"},"img":{"alt_text":"parimonio-imaterial-cultura-cultural-bens","src":"https:\/\/i0.wp.com\/www.sabra.org.br\/site\/wp-content\/uploads\/2021\/12\/afinal-o-que-e-patrimonio-imaterial-20210804144502.jpg.jpg?resize=350%2C200&ssl=1","width":350,"height":200,"srcset":"https:\/\/i0.wp.com\/www.sabra.org.br\/site\/wp-content\/uploads\/2021\/12\/afinal-o-que-e-patrimonio-imaterial-20210804144502.jpg.jpg?resize=350%2C200&ssl=1 1x, https:\/\/i0.wp.com\/www.sabra.org.br\/site\/wp-content\/uploads\/2021\/12\/afinal-o-que-e-patrimonio-imaterial-20210804144502.jpg.jpg?resize=525%2C300&ssl=1 1.5x, https:\/\/i0.wp.com\/www.sabra.org.br\/site\/wp-content\/uploads\/2021\/12\/afinal-o-que-e-patrimonio-imaterial-20210804144502.jpg.jpg?resize=700%2C400&ssl=1 2x, https:\/\/i0.wp.com\/www.sabra.org.br\/site\/wp-content\/uploads\/2021\/12\/afinal-o-que-e-patrimonio-imaterial-20210804144502.jpg.jpg?resize=1050%2C600&ssl=1 3x"},"classes":[]},{"id":13524,"url":"https:\/\/www.sabra.org.br\/site\/cinema-industria\/","url_meta":{"origin":1783,"position":5},"title":"Cinema: como a s\u00e9tima arte est\u00e1 relacionada com a ind\u00fastria cultural?","author":"M\u00e1rcio Miranda Pontes","date":"13 de maio de 2025","format":false,"excerpt":"Analise a discuss\u00e3o sobre cinema, arte e ind\u00fastria cultural e como isso impacta a produ\u00e7\u00e3o cinematogr\u00e1fica.","rel":"","context":"Em &quot;Blog SABRA&quot;","block_context":{"text":"Blog SABRA","link":"https:\/\/www.sabra.org.br\/site\/category\/blog-sabra\/"},"img":{"alt_text":"","src":"","width":0,"height":0},"classes":[]}],"jetpack_likes_enabled":true,"jetpack_sharing_enabled":true,"_links":{"self":[{"href":"https:\/\/www.sabra.org.br\/site\/wp-json\/wp\/v2\/posts\/1783","targetHints":{"allow":["GET"]}}],"collection":[{"href":"https:\/\/www.sabra.org.br\/site\/wp-json\/wp\/v2\/posts"}],"about":[{"href":"https:\/\/www.sabra.org.br\/site\/wp-json\/wp\/v2\/types\/post"}],"author":[{"embeddable":true,"href":"https:\/\/www.sabra.org.br\/site\/wp-json\/wp\/v2\/users\/39"}],"replies":[{"embeddable":true,"href":"https:\/\/www.sabra.org.br\/site\/wp-json\/wp\/v2\/comments?post=1783"}],"version-history":[{"count":0,"href":"https:\/\/www.sabra.org.br\/site\/wp-json\/wp\/v2\/posts\/1783\/revisions"}],"wp:featuredmedia":[{"embeddable":true,"href":"https:\/\/www.sabra.org.br\/site\/wp-json\/wp\/v2\/media\/1784"}],"wp:attachment":[{"href":"https:\/\/www.sabra.org.br\/site\/wp-json\/wp\/v2\/media?parent=1783"}],"wp:term":[{"taxonomy":"category","embeddable":true,"href":"https:\/\/www.sabra.org.br\/site\/wp-json\/wp\/v2\/categories?post=1783"},{"taxonomy":"post_tag","embeddable":true,"href":"https:\/\/www.sabra.org.br\/site\/wp-json\/wp\/v2\/tags?post=1783"}],"curies":[{"name":"wp","href":"https:\/\/api.w.org\/{rel}","templated":true}]}}