{"id":1809,"date":"2019-03-07T19:26:43","date_gmt":"2019-03-07T22:26:43","guid":{"rendered":"https:\/\/www.sabra.org.br\/site\/?p=1809"},"modified":"2025-04-20T19:16:37","modified_gmt":"2025-04-20T22:16:37","slug":"fia-2019-fundo-para-a-infancia-e-adolescencia","status":"publish","type":"post","link":"https:\/\/www.sabra.org.br\/site\/fia-2019-fundo-para-a-infancia-e-adolescencia\/","title":{"rendered":"FIA 2019 \u2013 Fundo para a Inf\u00e2ncia e Adolesc\u00eancia"},"content":{"rendered":"<p>O Fundo para Inf\u00e2ncia e Adolesc\u00eancia (FIA) \u00e9 um instrumento legal, que permite \u00e0 sociedade ajudar crian\u00e7as e adolescentes em situa\u00e7\u00e3o de risco social e pessoal. De janeiro at\u00e9 abril o percentual para Pessoa F\u00edsica \u00e9 de 3% do valor do imposto de renda devido. Assim, voc\u00ea pode contribuir para a realiza\u00e7\u00e3o das a\u00e7\u00f5es Sociedade Art\u00edstica Brasileira SABRA. S\u00e3o projetos que visam \u00e0 promo\u00e7\u00e3o do bem-estar e da qualidade de vida de crian\u00e7as, adolescentes e jovens de Betim.<\/p>\n<h3>Importante:<\/h3>\n<p>Essa destina\u00e7\u00e3o do imposto de renda n\u00e3o gera custos para voc\u00ea! Voc\u00ea apenas decide onde parte do seu imposto vai ser investido. Al\u00e9m disso, ela n\u00e3o interfere em outras dedu\u00e7\u00f5es. A pessoa f\u00edsica tamb\u00e9m poder\u00e1 contribuir caso tenha restitui\u00e7\u00e3o a receber, imposto a pagar ou se o imposto pago durante o ano for o valor exato devido.<\/p>\n<h3>Como doar:<\/h3>\n<p>Somente podem fazer essa doa\u00e7\u00e3o quem realiza a Declara\u00e7\u00e3o de Imposto de Renda pelo formul\u00e1rio completo.<br \/>\n1 \u2013 Ao acessar o programa da Receita Federal, na aba \u201cResumo da Declara\u00e7\u00e3o\u201d, o contribuinte deve selecionar o t\u00f3pico \u201cDoa\u00e7\u00f5es diretamente na Declara\u00e7\u00e3o \u2013 Estatuto da Crian\u00e7a e do Adolescente\u201d e clicar em \u201cNovo\u201d<br \/>\n2 \u2013 Selecionar a op\u00e7\u00e3o Estado (MG) e Munic\u00edpio (Betim);<br \/>\n3 \u2013 Logo ap\u00f3s, verificar o \u201cValor Dispon\u00edvel para Destina\u00e7\u00e3o\u201d e copiar o n\u00famero para o campo \u201cValor\u201d;<br \/>\n4 \u2013 Ap\u00f3s clicar em \u201cOK\u201d \u00e9 preciso selecionar a aba \u201cDarf \u2013 Doa\u00e7\u00f5es Diretamente na Declara\u00e7\u00e3o \u2013 Estatuto da Crian\u00e7a e do Adolescente\u201d, imprimir o documento e realizar o pagamento at\u00e9 o vencimento.<br \/>\n5 \u2013 Por fim, enviar o comprovante de pagamento do DARF (imagem ou PDF) para o Conselho da Municipal da Crian\u00e7a e do Adolescente de Betim (cmdcafiabetim@gmail.com) com c\u00f3pia para a SABRA (contato@sabra.org.br) informando que a doa\u00e7\u00e3o ser\u00e1 destinada \u00e0 Sociedade Art\u00edstica Brasileira SABRA.<br \/>\n6 \u2013 Pronto! Voc\u00ea acabou de transformar vidas!<\/p>\n<figure id=\"attachment_1707\" aria-describedby=\"caption-attachment-1707\" style=\"width: 960px\" class=\"wp-caption aligncenter\"><img fetchpriority=\"high\" decoding=\"async\" data-attachment-id=\"1707\" data-permalink=\"https:\/\/www.sabra.org.br\/site\/fia-2019-fundo-para-a-infancia-e-adolescencia\/musicalizacao1\/\" data-orig-file=\"https:\/\/www.sabra.org.br\/site\/wp-content\/uploads\/2019\/01\/Musicaliza\u00e7\u00e3o1.jpg\" data-orig-size=\"960,639\" data-comments-opened=\"1\" data-image-meta=\"{&quot;aperture&quot;:&quot;0&quot;,&quot;credit&quot;:&quot;&quot;,&quot;camera&quot;:&quot;&quot;,&quot;caption&quot;:&quot;&quot;,&quot;created_timestamp&quot;:&quot;0&quot;,&quot;copyright&quot;:&quot;&quot;,&quot;focal_length&quot;:&quot;0&quot;,&quot;iso&quot;:&quot;0&quot;,&quot;shutter_speed&quot;:&quot;0&quot;,&quot;title&quot;:&quot;&quot;,&quot;orientation&quot;:&quot;0&quot;}\" data-image-title=\"Musicaliza\u00e7\u00e3o1\" data-image-description=\"&lt;p&gt;M\u00e1rcio Miranda Pontes SABRA&lt;\/p&gt;\n\" data-image-caption=\"&lt;p&gt;Alunos de Flauta Doce e Musicaliza\u00e7\u00e3o Infantil&lt;\/p&gt;\n\" data-large-file=\"https:\/\/www.sabra.org.br\/site\/wp-content\/uploads\/2019\/01\/Musicaliza\u00e7\u00e3o1.jpg\" class=\"size-full wp-image-1707\" src=\"https:\/\/www.sabra.org.br\/site\/wp-content\/uploads\/2019\/01\/Musicaliza\u00e7\u00e3o1.jpg\" alt=\"Musicaliza\u00e7\u00e3o Infantil\" width=\"960\" height=\"639\" \/><figcaption id=\"caption-attachment-1707\" class=\"wp-caption-text\">Alunos de Flauta Doce<\/figcaption><\/figure>\n<p>&nbsp;<\/p>\n<figure id=\"attachment_1819\" aria-describedby=\"caption-attachment-1819\" style=\"width: 700px\" class=\"wp-caption aligncenter\"><img decoding=\"async\" data-attachment-id=\"1819\" data-permalink=\"https:\/\/www.sabra.org.br\/site\/fia-2019-fundo-para-a-infancia-e-adolescencia\/coral-infantil-2\/\" data-orig-file=\"https:\/\/www.sabra.org.br\/site\/wp-content\/uploads\/2019\/03\/Coral-Infantil-1.jpg\" data-orig-size=\"700,525\" data-comments-opened=\"1\" data-image-meta=\"{&quot;aperture&quot;:&quot;5.4&quot;,&quot;credit&quot;:&quot;&quot;,&quot;camera&quot;:&quot;COOLPIX S6200&quot;,&quot;caption&quot;:&quot;&quot;,&quot;created_timestamp&quot;:&quot;1400755345&quot;,&quot;copyright&quot;:&quot;&quot;,&quot;focal_length&quot;:&quot;29.8&quot;,&quot;iso&quot;:&quot;200&quot;,&quot;shutter_speed&quot;:&quot;0.016666666666667&quot;,&quot;title&quot;:&quot;&quot;,&quot;orientation&quot;:&quot;1&quot;}\" data-image-title=\"Coral Infantil\" data-image-description=\"&lt;p&gt;Sociedade Art\u00edstica Brasileira SABRA M\u00e1rcio Miranda Pontes&lt;\/p&gt;\n\" data-image-caption=\"&lt;p&gt;Coral Infantil&lt;\/p&gt;\n\" data-large-file=\"https:\/\/www.sabra.org.br\/site\/wp-content\/uploads\/2019\/03\/Coral-Infantil-1.jpg\" class=\"size-full wp-image-1819\" src=\"https:\/\/www.sabra.org.br\/site\/wp-content\/uploads\/2019\/03\/Coral-Infantil-1.jpg\" alt=\"Fundo FIA\" width=\"700\" height=\"525\" \/><figcaption id=\"caption-attachment-1819\" class=\"wp-caption-text\">Coral Infantil<\/figcaption><\/figure>\n<p>&nbsp;<\/p>\n<figure id=\"attachment_1269\" aria-describedby=\"caption-attachment-1269\" style=\"width: 960px\" class=\"wp-caption aligncenter\"><img decoding=\"async\" data-attachment-id=\"1269\" data-permalink=\"https:\/\/www.sabra.org.br\/site\/sexta-sinfonica-em-maio-de-2018\/31292669_1816754875030789_4099344253065363456_n\/\" data-orig-file=\"https:\/\/www.sabra.org.br\/site\/wp-content\/uploads\/2018\/05\/31292669_1816754875030789_4099344253065363456_n-e1765390915716.jpg\" data-orig-size=\"368,245\" data-comments-opened=\"1\" data-image-meta=\"{&quot;aperture&quot;:&quot;0&quot;,&quot;credit&quot;:&quot;&quot;,&quot;camera&quot;:&quot;&quot;,&quot;caption&quot;:&quot;&quot;,&quot;created_timestamp&quot;:&quot;0&quot;,&quot;copyright&quot;:&quot;&quot;,&quot;focal_length&quot;:&quot;0&quot;,&quot;iso&quot;:&quot;0&quot;,&quot;shutter_speed&quot;:&quot;0&quot;,&quot;title&quot;:&quot;&quot;,&quot;orientation&quot;:&quot;0&quot;}\" data-image-title=\"Orquestra Sinf\u00f4nica de Betim\" data-image-description=\"&lt;p&gt;Marcio Miranda Pontes&lt;br \/&gt;\nSABRA&lt;br \/&gt;\nSociedade Art\u00edstica Brasileira&lt;\/p&gt;\n\" data-image-caption=\"&lt;p&gt;Orquestra Sinf\u00f4nica de Betim e Coral UnimedBH&lt;\/p&gt;\n\" data-large-file=\"https:\/\/www.sabra.org.br\/site\/wp-content\/uploads\/2018\/05\/31292669_1816754875030789_4099344253065363456_n-e1765390915716.jpg\" class=\"size-full wp-image-1269\" src=\"https:\/\/www.sabra.org.br\/site\/wp-content\/uploads\/2018\/05\/31292669_1816754875030789_4099344253065363456_n.jpg\" alt=\"Fundo FIA\" width=\"960\" height=\"639\" \/><figcaption id=\"caption-attachment-1269\" class=\"wp-caption-text\">Orquestra Sinf\u00f4nica de Betim e Coral UnimedBH<\/figcaption><\/figure>\n<div class=\"mceTemp\"><\/div>\n<h3>Se voc\u00ea gostou deste post:<\/h3>\n<p>&#8211; siga as nossas p\u00e1ginas nas redes sociais para acompanhar as nossas atualiza\u00e7\u00f5es: estamos no <a href=\"https:\/\/www.facebook.com\/sabrabrasil\" target=\"_blank\" rel=\"noopener noreferrer\">Facebook<\/a>, no <a href=\"https:\/\/www.instagram.com\/sabrabrasil\/\" target=\"_blank\" rel=\"noopener noreferrer\">Instagram<\/a>, no <a href=\"https:\/\/www.linkedin.com\/company\/25002088\" target=\"_blank\" rel=\"noopener noreferrer\">LinkedIn<\/a>, no <a href=\"https:\/\/twitter.com\/ContatoSabra\" target=\"_blank\" rel=\"noopener noreferrer\">Twitter<\/a> e no <a href=\"https:\/\/www.youtube.com\/channel\/UCJw-kbuEvzUNdeQf20Pa-eQ\" target=\"_blank\" rel=\"noopener noreferrer\">YouTube<\/a>!<\/p>\n<p>&#8211; Conhe\u00e7a o trabalho da Sociedade Art\u00edstica Brasileira (SABRA) e todas as iniciativas culturais e sociais que ela mant\u00e9m. <a href=\"https:\/\/www.sabra.org.br\/site\/acoes\/\" target=\"_blank\" rel=\"noopener noreferrer\">Acesse nosso site!<\/a><\/p>\n<p>&#8211; entre em contato com a gente. E veja quais s\u00e3o as op\u00e7\u00f5es de ajuda na manuten\u00e7\u00e3o de nossas a\u00e7\u00f5es sociais e culturais. Basta acessar nossa p\u00e1gina <a href=\"https:\/\/www.sabra.org.br\/site\/doe-agora\/\" target=\"_blank\" rel=\"noopener noreferrer\">Doe Agora!<\/a><\/p>\n<p>&#8211; Compartilhe este texto nas suas redes sociais e ajude os seus amigos a tamb\u00e9m dominarem o assunto!<\/p>\n","protected":false},"excerpt":{"rendered":"<p>sociedade art\u00edstica brasileira sabra<br \/>\nsociedade art\u00edstica brasileira<br \/>\nart\u00edstica brasileira sabra<br \/>\ndoa\u00e7\u00f5es diretamente na declara\u00e7\u00e3o estatuto<br \/>\ncrian\u00e7a e do adolescente<\/p>\n","protected":false},"author":39,"featured_media":1517,"comment_status":"open","ping_status":"open","sticky":false,"template":"","format":"standard","meta":{"jetpack_post_was_ever_published":false,"_jetpack_newsletter_access":"","_jetpack_dont_email_post_to_subs":false,"_jetpack_newsletter_tier_id":0,"_jetpack_memberships_contains_paywalled_content":false,"_jetpack_memberships_contains_paid_content":false,"footnotes":""},"categories":[4],"tags":[15,8,16,12,11,9],"class_list":["post-1809","post","type-post","status-publish","format-standard","has-post-thumbnail","hentry","category-noticias","tag-assistencia-social","tag-canto-coral","tag-musicalizacao-infantil","tag-oficina-musical-sabra","tag-orquestra-sinfonica-de-betim","tag-sociedade-artistica-brasileira"],"yoast_head":"<!-- This site is optimized with the Yoast SEO plugin v27.5 - https:\/\/yoast.com\/product\/yoast-seo-wordpress\/ -->\n<title>FIA 2019 \u2013 Fundo para a Inf\u00e2ncia e Adolesc\u00eancia - SABRA - Sociedade Art\u00edstica Brasileira<\/title>\n<meta name=\"description\" content=\"Ajude a SABRA a promover o bem-estar e da qualidade de vida de crian\u00e7as, adolescentes e jovens de Betim. FIA - Fundo da Inf\u00e2ncia e Adolesc\u00eancia.\" \/>\n<meta name=\"robots\" content=\"index, follow, max-snippet:-1, max-image-preview:large, max-video-preview:-1\" \/>\n<link rel=\"canonical\" href=\"https:\/\/www.sabra.org.br\/site\/fia-2019-fundo-para-a-infancia-e-adolescencia\/\" \/>\n<meta property=\"og:locale\" content=\"pt_BR\" \/>\n<meta property=\"og:type\" content=\"article\" \/>\n<meta property=\"og:title\" content=\"FIA 2019 \u2013 Fundo para a Inf\u00e2ncia e Adolesc\u00eancia - SABRA - Sociedade Art\u00edstica Brasileira\" \/>\n<meta property=\"og:description\" content=\"Ajude a SABRA a promover o bem-estar e da qualidade de vida de crian\u00e7as, adolescentes e jovens de Betim. FIA - Fundo da Inf\u00e2ncia e Adolesc\u00eancia.\" \/>\n<meta property=\"og:url\" content=\"https:\/\/www.sabra.org.br\/site\/fia-2019-fundo-para-a-infancia-e-adolescencia\/\" \/>\n<meta property=\"og:site_name\" content=\"SABRA - Sociedade Art\u00edstica Brasileira\" \/>\n<meta property=\"article:publisher\" content=\"https:\/\/www.facebook.com\/sabrabrasil\" \/>\n<meta property=\"article:published_time\" content=\"2019-03-07T22:26:43+00:00\" \/>\n<meta property=\"article:modified_time\" content=\"2025-04-20T22:16:37+00:00\" \/>\n<meta property=\"og:image\" content=\"https:\/\/www.sabra.org.br\/site\/wp-content\/uploads\/2018\/09\/afinal-o-que-torna-o-ensino-musical-eficiente-20180702161300.jpg.jpg\" \/>\n\t<meta property=\"og:image:width\" content=\"1500\" \/>\n\t<meta property=\"og:image:height\" content=\"1000\" \/>\n\t<meta property=\"og:image:type\" content=\"image\/jpeg\" \/>\n<meta name=\"author\" content=\"M\u00e1rcio Miranda Pontes\" \/>\n<meta name=\"twitter:card\" content=\"summary_large_image\" \/>\n<meta name=\"twitter:creator\" content=\"@ContatoSabra\" \/>\n<meta name=\"twitter:site\" content=\"@ContatoSabra\" \/>\n<meta name=\"twitter:label1\" content=\"Escrito por\" \/>\n\t<meta name=\"twitter:data1\" content=\"M\u00e1rcio Miranda Pontes\" \/>\n\t<meta name=\"twitter:label2\" content=\"Est. tempo de leitura\" \/>\n\t<meta name=\"twitter:data2\" content=\"2 minutos\" \/>\n<script type=\"application\/ld+json\" class=\"yoast-schema-graph\">{\"@context\":\"https:\\\/\\\/schema.org\",\"@graph\":[{\"@type\":\"Article\",\"@id\":\"https:\\\/\\\/www.sabra.org.br\\\/site\\\/fia-2019-fundo-para-a-infancia-e-adolescencia\\\/#article\",\"isPartOf\":{\"@id\":\"https:\\\/\\\/www.sabra.org.br\\\/site\\\/fia-2019-fundo-para-a-infancia-e-adolescencia\\\/\"},\"author\":{\"name\":\"M\u00e1rcio Miranda Pontes\",\"@id\":\"https:\\\/\\\/www.sabra.org.br\\\/site\\\/#\\\/schema\\\/person\\\/7d1d222c3c8891d4c37c7b41bf6315c2\"},\"headline\":\"FIA 2019 \u2013 Fundo para a Inf\u00e2ncia e Adolesc\u00eancia\",\"datePublished\":\"2019-03-07T22:26:43+00:00\",\"dateModified\":\"2025-04-20T22:16:37+00:00\",\"mainEntityOfPage\":{\"@id\":\"https:\\\/\\\/www.sabra.org.br\\\/site\\\/fia-2019-fundo-para-a-infancia-e-adolescencia\\\/\"},\"wordCount\":483,\"commentCount\":0,\"publisher\":{\"@id\":\"https:\\\/\\\/www.sabra.org.br\\\/site\\\/#organization\"},\"image\":{\"@id\":\"https:\\\/\\\/www.sabra.org.br\\\/site\\\/fia-2019-fundo-para-a-infancia-e-adolescencia\\\/#primaryimage\"},\"thumbnailUrl\":\"https:\\\/\\\/www.sabra.org.br\\\/site\\\/wp-content\\\/uploads\\\/2018\\\/09\\\/afinal-o-que-torna-o-ensino-musical-eficiente-20180702161300.jpg.jpg\",\"keywords\":[\"Assist\u00eancia social\",\"Canto Coral\",\"Musicaliza\u00e7\u00e3o Infantil\",\"Oficina Musical SABRA\",\"Orquestra Sinf\u00f4nica de Betim\",\"Sociedade Art\u00edstica Brasileira\"],\"articleSection\":[\"Not\u00edcias\"],\"inLanguage\":\"pt-BR\",\"potentialAction\":[{\"@type\":\"CommentAction\",\"name\":\"Comment\",\"target\":[\"https:\\\/\\\/www.sabra.org.br\\\/site\\\/fia-2019-fundo-para-a-infancia-e-adolescencia\\\/#respond\"]}]},{\"@type\":\"WebPage\",\"@id\":\"https:\\\/\\\/www.sabra.org.br\\\/site\\\/fia-2019-fundo-para-a-infancia-e-adolescencia\\\/\",\"url\":\"https:\\\/\\\/www.sabra.org.br\\\/site\\\/fia-2019-fundo-para-a-infancia-e-adolescencia\\\/\",\"name\":\"FIA 2019 \u2013 Fundo para a Inf\u00e2ncia e Adolesc\u00eancia - SABRA - Sociedade Art\u00edstica Brasileira\",\"isPartOf\":{\"@id\":\"https:\\\/\\\/www.sabra.org.br\\\/site\\\/#website\"},\"primaryImageOfPage\":{\"@id\":\"https:\\\/\\\/www.sabra.org.br\\\/site\\\/fia-2019-fundo-para-a-infancia-e-adolescencia\\\/#primaryimage\"},\"image\":{\"@id\":\"https:\\\/\\\/www.sabra.org.br\\\/site\\\/fia-2019-fundo-para-a-infancia-e-adolescencia\\\/#primaryimage\"},\"thumbnailUrl\":\"https:\\\/\\\/www.sabra.org.br\\\/site\\\/wp-content\\\/uploads\\\/2018\\\/09\\\/afinal-o-que-torna-o-ensino-musical-eficiente-20180702161300.jpg.jpg\",\"datePublished\":\"2019-03-07T22:26:43+00:00\",\"dateModified\":\"2025-04-20T22:16:37+00:00\",\"description\":\"Ajude a SABRA a promover o bem-estar e da qualidade de vida de crian\u00e7as, adolescentes e jovens de Betim. FIA - Fundo da Inf\u00e2ncia e Adolesc\u00eancia.\",\"breadcrumb\":{\"@id\":\"https:\\\/\\\/www.sabra.org.br\\\/site\\\/fia-2019-fundo-para-a-infancia-e-adolescencia\\\/#breadcrumb\"},\"inLanguage\":\"pt-BR\",\"potentialAction\":[{\"@type\":\"ReadAction\",\"target\":[\"https:\\\/\\\/www.sabra.org.br\\\/site\\\/fia-2019-fundo-para-a-infancia-e-adolescencia\\\/\"]}]},{\"@type\":\"ImageObject\",\"inLanguage\":\"pt-BR\",\"@id\":\"https:\\\/\\\/www.sabra.org.br\\\/site\\\/fia-2019-fundo-para-a-infancia-e-adolescencia\\\/#primaryimage\",\"url\":\"https:\\\/\\\/www.sabra.org.br\\\/site\\\/wp-content\\\/uploads\\\/2018\\\/09\\\/afinal-o-que-torna-o-ensino-musical-eficiente-20180702161300.jpg.jpg\",\"contentUrl\":\"https:\\\/\\\/www.sabra.org.br\\\/site\\\/wp-content\\\/uploads\\\/2018\\\/09\\\/afinal-o-que-torna-o-ensino-musical-eficiente-20180702161300.jpg.jpg\",\"width\":1500,\"height\":1000,\"caption\":\"Sociedade Art\u00edstica Brasileira SABRA\"},{\"@type\":\"BreadcrumbList\",\"@id\":\"https:\\\/\\\/www.sabra.org.br\\\/site\\\/fia-2019-fundo-para-a-infancia-e-adolescencia\\\/#breadcrumb\",\"itemListElement\":[{\"@type\":\"ListItem\",\"position\":1,\"name\":\"In\u00edcio\",\"item\":\"https:\\\/\\\/www.sabra.org.br\\\/site\\\/\"},{\"@type\":\"ListItem\",\"position\":2,\"name\":\"FIA 2019 \u2013 Fundo para a Inf\u00e2ncia e Adolesc\u00eancia\"}]},{\"@type\":\"WebSite\",\"@id\":\"https:\\\/\\\/www.sabra.org.br\\\/site\\\/#website\",\"url\":\"https:\\\/\\\/www.sabra.org.br\\\/site\\\/\",\"name\":\"SABRA - Sociedade Art\u00edstica Brasileira\",\"description\":\"Escola de M\u00fasica, Orquestra Sinf\u00f4nica, Coral e Patrim\u00f4nio Cultural e Hist\u00f3rico\",\"publisher\":{\"@id\":\"https:\\\/\\\/www.sabra.org.br\\\/site\\\/#organization\"},\"potentialAction\":[{\"@type\":\"SearchAction\",\"target\":{\"@type\":\"EntryPoint\",\"urlTemplate\":\"https:\\\/\\\/www.sabra.org.br\\\/site\\\/?s={search_term_string}\"},\"query-input\":{\"@type\":\"PropertyValueSpecification\",\"valueRequired\":true,\"valueName\":\"search_term_string\"}}],\"inLanguage\":\"pt-BR\"},{\"@type\":\"Organization\",\"@id\":\"https:\\\/\\\/www.sabra.org.br\\\/site\\\/#organization\",\"name\":\"SOCIEDADE ART\u00cdSTICA BRASILEIRA SABRA\",\"alternateName\":\"SABRA\",\"url\":\"https:\\\/\\\/www.sabra.org.br\\\/site\\\/\",\"logo\":{\"@type\":\"ImageObject\",\"inLanguage\":\"pt-BR\",\"@id\":\"https:\\\/\\\/www.sabra.org.br\\\/site\\\/#\\\/schema\\\/logo\\\/image\\\/\",\"url\":\"https:\\\/\\\/www.sabra.org.br\\\/site\\\/wp-content\\\/uploads\\\/2019\\\/06\\\/cropped-Logo_SABRA-Copia-1.webp\",\"contentUrl\":\"https:\\\/\\\/www.sabra.org.br\\\/site\\\/wp-content\\\/uploads\\\/2019\\\/06\\\/cropped-Logo_SABRA-Copia-1.webp\",\"width\":400,\"height\":128,\"caption\":\"SOCIEDADE ART\u00cdSTICA BRASILEIRA SABRA\"},\"image\":{\"@id\":\"https:\\\/\\\/www.sabra.org.br\\\/site\\\/#\\\/schema\\\/logo\\\/image\\\/\"},\"sameAs\":[\"https:\\\/\\\/www.facebook.com\\\/sabrabrasil\",\"https:\\\/\\\/x.com\\\/ContatoSabra\",\"https:\\\/\\\/www.instagram.com\\\/sabrabrasil\\\/\",\"https:\\\/\\\/www.linkedin.com\\\/company\\\/25002088\\\/\",\"https:\\\/\\\/br.pinterest.com\\\/sociedadeartisticabrasileira\\\/\",\"https:\\\/\\\/www.youtube.com\\\/c\\\/sabrabrasil\"]},{\"@type\":\"Person\",\"@id\":\"https:\\\/\\\/www.sabra.org.br\\\/site\\\/#\\\/schema\\\/person\\\/7d1d222c3c8891d4c37c7b41bf6315c2\",\"name\":\"M\u00e1rcio Miranda Pontes\",\"image\":{\"@type\":\"ImageObject\",\"inLanguage\":\"pt-BR\",\"@id\":\"https:\\\/\\\/secure.gravatar.com\\\/avatar\\\/3b45f24496a7625a3a6c436688fbe20344faaeb2979658dc4a9921f984d7df9a?s=96&d=mm&r=g\",\"url\":\"https:\\\/\\\/secure.gravatar.com\\\/avatar\\\/3b45f24496a7625a3a6c436688fbe20344faaeb2979658dc4a9921f984d7df9a?s=96&d=mm&r=g\",\"contentUrl\":\"https:\\\/\\\/secure.gravatar.com\\\/avatar\\\/3b45f24496a7625a3a6c436688fbe20344faaeb2979658dc4a9921f984d7df9a?s=96&d=mm&r=g\",\"caption\":\"M\u00e1rcio Miranda Pontes\"},\"sameAs\":[\"http:\\\/\\\/www.sabra.org.br\"],\"url\":\"https:\\\/\\\/www.sabra.org.br\\\/site\\\/author\\\/marcio-miranda-pontes\\\/\"}]}<\/script>\n<!-- \/ Yoast SEO plugin. -->","yoast_head_json":{"title":"FIA 2019 \u2013 Fundo para a Inf\u00e2ncia e Adolesc\u00eancia - SABRA - Sociedade Art\u00edstica Brasileira","description":"Ajude a SABRA a promover o bem-estar e da qualidade de vida de crian\u00e7as, adolescentes e jovens de Betim. FIA - Fundo da Inf\u00e2ncia e Adolesc\u00eancia.","robots":{"index":"index","follow":"follow","max-snippet":"max-snippet:-1","max-image-preview":"max-image-preview:large","max-video-preview":"max-video-preview:-1"},"canonical":"https:\/\/www.sabra.org.br\/site\/fia-2019-fundo-para-a-infancia-e-adolescencia\/","og_locale":"pt_BR","og_type":"article","og_title":"FIA 2019 \u2013 Fundo para a Inf\u00e2ncia e Adolesc\u00eancia - SABRA - Sociedade Art\u00edstica Brasileira","og_description":"Ajude a SABRA a promover o bem-estar e da qualidade de vida de crian\u00e7as, adolescentes e jovens de Betim. FIA - Fundo da Inf\u00e2ncia e Adolesc\u00eancia.","og_url":"https:\/\/www.sabra.org.br\/site\/fia-2019-fundo-para-a-infancia-e-adolescencia\/","og_site_name":"SABRA - Sociedade Art\u00edstica Brasileira","article_publisher":"https:\/\/www.facebook.com\/sabrabrasil","article_published_time":"2019-03-07T22:26:43+00:00","article_modified_time":"2025-04-20T22:16:37+00:00","og_image":[{"width":1500,"height":1000,"url":"https:\/\/www.sabra.org.br\/site\/wp-content\/uploads\/2018\/09\/afinal-o-que-torna-o-ensino-musical-eficiente-20180702161300.jpg.jpg","type":"image\/jpeg"}],"author":"M\u00e1rcio Miranda Pontes","twitter_card":"summary_large_image","twitter_creator":"@ContatoSabra","twitter_site":"@ContatoSabra","twitter_misc":{"Escrito por":"M\u00e1rcio Miranda Pontes","Est. tempo de leitura":"2 minutos"},"schema":{"@context":"https:\/\/schema.org","@graph":[{"@type":"Article","@id":"https:\/\/www.sabra.org.br\/site\/fia-2019-fundo-para-a-infancia-e-adolescencia\/#article","isPartOf":{"@id":"https:\/\/www.sabra.org.br\/site\/fia-2019-fundo-para-a-infancia-e-adolescencia\/"},"author":{"name":"M\u00e1rcio Miranda Pontes","@id":"https:\/\/www.sabra.org.br\/site\/#\/schema\/person\/7d1d222c3c8891d4c37c7b41bf6315c2"},"headline":"FIA 2019 \u2013 Fundo para a Inf\u00e2ncia e Adolesc\u00eancia","datePublished":"2019-03-07T22:26:43+00:00","dateModified":"2025-04-20T22:16:37+00:00","mainEntityOfPage":{"@id":"https:\/\/www.sabra.org.br\/site\/fia-2019-fundo-para-a-infancia-e-adolescencia\/"},"wordCount":483,"commentCount":0,"publisher":{"@id":"https:\/\/www.sabra.org.br\/site\/#organization"},"image":{"@id":"https:\/\/www.sabra.org.br\/site\/fia-2019-fundo-para-a-infancia-e-adolescencia\/#primaryimage"},"thumbnailUrl":"https:\/\/www.sabra.org.br\/site\/wp-content\/uploads\/2018\/09\/afinal-o-que-torna-o-ensino-musical-eficiente-20180702161300.jpg.jpg","keywords":["Assist\u00eancia social","Canto Coral","Musicaliza\u00e7\u00e3o Infantil","Oficina Musical SABRA","Orquestra Sinf\u00f4nica de Betim","Sociedade Art\u00edstica Brasileira"],"articleSection":["Not\u00edcias"],"inLanguage":"pt-BR","potentialAction":[{"@type":"CommentAction","name":"Comment","target":["https:\/\/www.sabra.org.br\/site\/fia-2019-fundo-para-a-infancia-e-adolescencia\/#respond"]}]},{"@type":"WebPage","@id":"https:\/\/www.sabra.org.br\/site\/fia-2019-fundo-para-a-infancia-e-adolescencia\/","url":"https:\/\/www.sabra.org.br\/site\/fia-2019-fundo-para-a-infancia-e-adolescencia\/","name":"FIA 2019 \u2013 Fundo para a Inf\u00e2ncia e Adolesc\u00eancia - SABRA - Sociedade Art\u00edstica Brasileira","isPartOf":{"@id":"https:\/\/www.sabra.org.br\/site\/#website"},"primaryImageOfPage":{"@id":"https:\/\/www.sabra.org.br\/site\/fia-2019-fundo-para-a-infancia-e-adolescencia\/#primaryimage"},"image":{"@id":"https:\/\/www.sabra.org.br\/site\/fia-2019-fundo-para-a-infancia-e-adolescencia\/#primaryimage"},"thumbnailUrl":"https:\/\/www.sabra.org.br\/site\/wp-content\/uploads\/2018\/09\/afinal-o-que-torna-o-ensino-musical-eficiente-20180702161300.jpg.jpg","datePublished":"2019-03-07T22:26:43+00:00","dateModified":"2025-04-20T22:16:37+00:00","description":"Ajude a SABRA a promover o bem-estar e da qualidade de vida de crian\u00e7as, adolescentes e jovens de Betim. FIA - Fundo da Inf\u00e2ncia e Adolesc\u00eancia.","breadcrumb":{"@id":"https:\/\/www.sabra.org.br\/site\/fia-2019-fundo-para-a-infancia-e-adolescencia\/#breadcrumb"},"inLanguage":"pt-BR","potentialAction":[{"@type":"ReadAction","target":["https:\/\/www.sabra.org.br\/site\/fia-2019-fundo-para-a-infancia-e-adolescencia\/"]}]},{"@type":"ImageObject","inLanguage":"pt-BR","@id":"https:\/\/www.sabra.org.br\/site\/fia-2019-fundo-para-a-infancia-e-adolescencia\/#primaryimage","url":"https:\/\/www.sabra.org.br\/site\/wp-content\/uploads\/2018\/09\/afinal-o-que-torna-o-ensino-musical-eficiente-20180702161300.jpg.jpg","contentUrl":"https:\/\/www.sabra.org.br\/site\/wp-content\/uploads\/2018\/09\/afinal-o-que-torna-o-ensino-musical-eficiente-20180702161300.jpg.jpg","width":1500,"height":1000,"caption":"Sociedade Art\u00edstica Brasileira SABRA"},{"@type":"BreadcrumbList","@id":"https:\/\/www.sabra.org.br\/site\/fia-2019-fundo-para-a-infancia-e-adolescencia\/#breadcrumb","itemListElement":[{"@type":"ListItem","position":1,"name":"In\u00edcio","item":"https:\/\/www.sabra.org.br\/site\/"},{"@type":"ListItem","position":2,"name":"FIA 2019 \u2013 Fundo para a Inf\u00e2ncia e Adolesc\u00eancia"}]},{"@type":"WebSite","@id":"https:\/\/www.sabra.org.br\/site\/#website","url":"https:\/\/www.sabra.org.br\/site\/","name":"SABRA - Sociedade Art\u00edstica Brasileira","description":"Escola de M\u00fasica, Orquestra Sinf\u00f4nica, Coral e Patrim\u00f4nio Cultural e Hist\u00f3rico","publisher":{"@id":"https:\/\/www.sabra.org.br\/site\/#organization"},"potentialAction":[{"@type":"SearchAction","target":{"@type":"EntryPoint","urlTemplate":"https:\/\/www.sabra.org.br\/site\/?s={search_term_string}"},"query-input":{"@type":"PropertyValueSpecification","valueRequired":true,"valueName":"search_term_string"}}],"inLanguage":"pt-BR"},{"@type":"Organization","@id":"https:\/\/www.sabra.org.br\/site\/#organization","name":"SOCIEDADE ART\u00cdSTICA BRASILEIRA SABRA","alternateName":"SABRA","url":"https:\/\/www.sabra.org.br\/site\/","logo":{"@type":"ImageObject","inLanguage":"pt-BR","@id":"https:\/\/www.sabra.org.br\/site\/#\/schema\/logo\/image\/","url":"https:\/\/www.sabra.org.br\/site\/wp-content\/uploads\/2019\/06\/cropped-Logo_SABRA-Copia-1.webp","contentUrl":"https:\/\/www.sabra.org.br\/site\/wp-content\/uploads\/2019\/06\/cropped-Logo_SABRA-Copia-1.webp","width":400,"height":128,"caption":"SOCIEDADE ART\u00cdSTICA BRASILEIRA SABRA"},"image":{"@id":"https:\/\/www.sabra.org.br\/site\/#\/schema\/logo\/image\/"},"sameAs":["https:\/\/www.facebook.com\/sabrabrasil","https:\/\/x.com\/ContatoSabra","https:\/\/www.instagram.com\/sabrabrasil\/","https:\/\/www.linkedin.com\/company\/25002088\/","https:\/\/br.pinterest.com\/sociedadeartisticabrasileira\/","https:\/\/www.youtube.com\/c\/sabrabrasil"]},{"@type":"Person","@id":"https:\/\/www.sabra.org.br\/site\/#\/schema\/person\/7d1d222c3c8891d4c37c7b41bf6315c2","name":"M\u00e1rcio Miranda Pontes","image":{"@type":"ImageObject","inLanguage":"pt-BR","@id":"https:\/\/secure.gravatar.com\/avatar\/3b45f24496a7625a3a6c436688fbe20344faaeb2979658dc4a9921f984d7df9a?s=96&d=mm&r=g","url":"https:\/\/secure.gravatar.com\/avatar\/3b45f24496a7625a3a6c436688fbe20344faaeb2979658dc4a9921f984d7df9a?s=96&d=mm&r=g","contentUrl":"https:\/\/secure.gravatar.com\/avatar\/3b45f24496a7625a3a6c436688fbe20344faaeb2979658dc4a9921f984d7df9a?s=96&d=mm&r=g","caption":"M\u00e1rcio Miranda Pontes"},"sameAs":["http:\/\/www.sabra.org.br"],"url":"https:\/\/www.sabra.org.br\/site\/author\/marcio-miranda-pontes\/"}]}},"jetpack_featured_media_url":"https:\/\/www.sabra.org.br\/site\/wp-content\/uploads\/2018\/09\/afinal-o-que-torna-o-ensino-musical-eficiente-20180702161300.jpg.jpg","jetpack_shortlink":"https:\/\/wp.me\/p95j2Z-tb","jetpack-related-posts":[{"id":2434,"url":"https:\/\/www.sabra.org.br\/site\/imposto-de-renda\/","url_meta":{"origin":1809,"position":0},"title":"Doe para a SABRA &#8211; IRPF 2020","author":"M\u00e1rcio Miranda Pontes","date":"20 de fevereiro de 2020","format":false,"excerpt":"Doe para a SABRA - IRPF 2020. Voc\u00ea escolhe onde parte de seu imposto de renda ser\u00e1 aplicado. Junto com a SABRA, seus projetos e a\u00e7\u00f5es voc\u00ea vai ajudar a transformar vidas. Sem custos para voc\u00ea e n\u00e3o interfere em outras dedu\u00e7\u00f5es.","rel":"","context":"Em &quot;Not\u00edcias&quot;","block_context":{"text":"Not\u00edcias","link":"https:\/\/www.sabra.org.br\/site\/category\/noticias\/"},"img":{"alt_text":"Fundo FIA - imposto","src":"https:\/\/i0.wp.com\/www.sabra.org.br\/site\/wp-content\/uploads\/2019\/03\/Coral-Infantil-1.jpg?resize=350%2C200&ssl=1","width":350,"height":200,"srcset":"https:\/\/i0.wp.com\/www.sabra.org.br\/site\/wp-content\/uploads\/2019\/03\/Coral-Infantil-1.jpg?resize=350%2C200&ssl=1 1x, https:\/\/i0.wp.com\/www.sabra.org.br\/site\/wp-content\/uploads\/2019\/03\/Coral-Infantil-1.jpg?resize=525%2C300&ssl=1 1.5x, https:\/\/i0.wp.com\/www.sabra.org.br\/site\/wp-content\/uploads\/2019\/03\/Coral-Infantil-1.jpg?resize=700%2C400&ssl=1 2x"},"classes":[]},{"id":11439,"url":"https:\/\/www.sabra.org.br\/site\/irpf-fia-2025\/","url_meta":{"origin":1809,"position":1},"title":"Declare ao Le\u00e3o o seu Amor \u00e0s Crian\u00e7as e Adolescentes","author":"M\u00e1rcio Miranda Pontes","date":"17 de mar\u00e7o de 2025","format":false,"excerpt":"DOE PARA A SABRA - IRPF 2025. Voc\u00ea escolhe onde parte de seu imposto de renda ser\u00e1 aplicado. Sem custos para voc\u00ea.","rel":"","context":"Em &quot;Not\u00edcias&quot;","block_context":{"text":"Not\u00edcias","link":"https:\/\/www.sabra.org.br\/site\/category\/noticias\/"},"img":{"alt_text":"doa\u00e7\u00e3o-fia-imposto-renda-2025-m\u00fasica-inclusiva","src":"https:\/\/i0.wp.com\/www.sabra.org.br\/site\/wp-content\/uploads\/2025\/03\/MusicaInclusiva-FIA.png?resize=350%2C200&ssl=1","width":350,"height":200,"srcset":"https:\/\/i0.wp.com\/www.sabra.org.br\/site\/wp-content\/uploads\/2025\/03\/MusicaInclusiva-FIA.png?resize=350%2C200&ssl=1 1x, https:\/\/i0.wp.com\/www.sabra.org.br\/site\/wp-content\/uploads\/2025\/03\/MusicaInclusiva-FIA.png?resize=525%2C300&ssl=1 1.5x, https:\/\/i0.wp.com\/www.sabra.org.br\/site\/wp-content\/uploads\/2025\/03\/MusicaInclusiva-FIA.png?resize=700%2C400&ssl=1 2x"},"classes":[]},{"id":1257,"url":"https:\/\/www.sabra.org.br\/site\/fundo-para-infancia-e-adolescencia\/","url_meta":{"origin":1809,"position":2},"title":"Fundo para Inf\u00e2ncia e Adolesc\u00eancia","author":"M\u00e1rcio Miranda Pontes","date":"9 de abril de 2018","format":false,"excerpt":"Declare ao Le\u00e3o o seu amor pelas crian\u00e7as e adolescentes atendidos pela SABRA. Veja como \u00e9 f\u00e1cil ajudar crian\u00e7as e adolescentes destinando parte do seu Imposto de Renda para as a\u00e7\u00f5es desenvolvidas pela Sociedade Art\u00edstica Brasileira SABRA. Importante: n\u00e3o gera custo para voc\u00ea e n\u00e3o interfere em outras dedu\u00e7\u00f5es. Pessoas\u2026","rel":"","context":"Em &quot;Not\u00edcias&quot;","block_context":{"text":"Not\u00edcias","link":"https:\/\/www.sabra.org.br\/site\/category\/noticias\/"},"img":{"alt_text":"Benef\u00edcios","src":"https:\/\/i0.wp.com\/www.sabra.org.br\/site\/wp-content\/uploads\/2017\/11\/estudar-musica-infancia.jpg?resize=350%2C200&ssl=1","width":350,"height":200,"srcset":"https:\/\/i0.wp.com\/www.sabra.org.br\/site\/wp-content\/uploads\/2017\/11\/estudar-musica-infancia.jpg?resize=350%2C200&ssl=1 1x, https:\/\/i0.wp.com\/www.sabra.org.br\/site\/wp-content\/uploads\/2017\/11\/estudar-musica-infancia.jpg?resize=525%2C300&ssl=1 1.5x, https:\/\/i0.wp.com\/www.sabra.org.br\/site\/wp-content\/uploads\/2017\/11\/estudar-musica-infancia.jpg?resize=700%2C400&ssl=1 2x"},"classes":[]},{"id":1827,"url":"https:\/\/www.sabra.org.br\/site\/doacoes-para-o-fia\/","url_meta":{"origin":1809,"position":3},"title":"Doa\u00e7\u00f5es para o FIA","author":"M\u00e1rcio Miranda Pontes","date":"23 de mar\u00e7o de 2019","format":false,"excerpt":"imposto de renda inf\u00e2ncia e adolesc\u00eancia crian\u00e7as e adolescentes orquestra sinf\u00f4nica vai receber","rel":"","context":"Em &quot;Blog SABRA&quot;","block_context":{"text":"Blog SABRA","link":"https:\/\/www.sabra.org.br\/site\/category\/blog-sabra\/"},"img":{"alt_text":"FIA","src":"https:\/\/i0.wp.com\/www.sabra.org.br\/site\/wp-content\/uploads\/2019\/03\/fundo-da-infancia-e-adolescencia-entenda-como-funciona-20181109101935.jpg.jpg?resize=350%2C200&ssl=1","width":350,"height":200,"srcset":"https:\/\/i0.wp.com\/www.sabra.org.br\/site\/wp-content\/uploads\/2019\/03\/fundo-da-infancia-e-adolescencia-entenda-como-funciona-20181109101935.jpg.jpg?resize=350%2C200&ssl=1 1x, https:\/\/i0.wp.com\/www.sabra.org.br\/site\/wp-content\/uploads\/2019\/03\/fundo-da-infancia-e-adolescencia-entenda-como-funciona-20181109101935.jpg.jpg?resize=525%2C300&ssl=1 1.5x, https:\/\/i0.wp.com\/www.sabra.org.br\/site\/wp-content\/uploads\/2019\/03\/fundo-da-infancia-e-adolescencia-entenda-como-funciona-20181109101935.jpg.jpg?resize=700%2C400&ssl=1 2x"},"classes":[]},{"id":2597,"url":"https:\/\/www.sabra.org.br\/site\/declaracao-irpf-fia\/","url_meta":{"origin":1809,"position":4},"title":"DECLARA\u00c7\u00c3O IRPF 2024 &#8211; DOE PARA A SABRA &#8211; FIA","author":"M\u00e1rcio Miranda Pontes","date":"9 de abril de 2024","format":false,"excerpt":"Ajude a transformar vidas atrav\u00e9s do Imposto de Renda. Saiba como destinar parte do seu IR para projetos sociais em Minas Gerais, sem custos adicionais para voc\u00ea. Sem custos para voc\u00ea.","rel":"","context":"Em &quot;Campanhas&quot;","block_context":{"text":"Campanhas","link":"https:\/\/www.sabra.org.br\/site\/category\/campanhas\/"},"img":{"alt_text":"passos-declara\u00e7\u00e3o-FIA-IRPF-doa\u00e7\u00e3o-imposto-renda-pessoa-f\u00edsica","src":"https:\/\/i0.wp.com\/www.sabra.org.br\/site\/wp-content\/uploads\/2017\/05\/IMG_5123.jpg?resize=350%2C200&ssl=1","width":350,"height":200,"srcset":"https:\/\/i0.wp.com\/www.sabra.org.br\/site\/wp-content\/uploads\/2017\/05\/IMG_5123.jpg?resize=350%2C200&ssl=1 1x, https:\/\/i0.wp.com\/www.sabra.org.br\/site\/wp-content\/uploads\/2017\/05\/IMG_5123.jpg?resize=525%2C300&ssl=1 1.5x, https:\/\/i0.wp.com\/www.sabra.org.br\/site\/wp-content\/uploads\/2017\/05\/IMG_5123.jpg?resize=700%2C400&ssl=1 2x, https:\/\/i0.wp.com\/www.sabra.org.br\/site\/wp-content\/uploads\/2017\/05\/IMG_5123.jpg?resize=1050%2C600&ssl=1 3x, https:\/\/i0.wp.com\/www.sabra.org.br\/site\/wp-content\/uploads\/2017\/05\/IMG_5123.jpg?resize=1400%2C800&ssl=1 4x"},"classes":[]},{"id":2477,"url":"https:\/\/www.sabra.org.br\/site\/material-didatico\/","url_meta":{"origin":1809,"position":5},"title":"Material Did\u00e1tico","author":"M\u00e1rcio Miranda Pontes","date":"6 de mar\u00e7o de 2020","format":false,"excerpt":"Escola de M\u00fasica SABRA Material did\u00e1tico Papel de M\u00fasica (9 pautas) Palestra \"M\u00fasica na Escola - Orquestra Sinf\u00f4nica\" \u00a0 \u00a0 Doe parte do seu Imposto de Renda 2020 para a Escola de M\u00fasica SABRA \u00a0 FIA - IRPF 2023 - DOE PARA A SABRA. Voc\u00ea escolhe onde parte de seu\u2026","rel":"","context":"Em &quot;Blog SABRA&quot;","block_context":{"text":"Blog SABRA","link":"https:\/\/www.sabra.org.br\/site\/category\/blog-sabra\/"},"img":{"alt_text":"FIA - Fundo da Inf\u00e2ncia e Adolesc\u00eancia","src":"https:\/\/i0.wp.com\/www.sabra.org.br\/site\/wp-content\/uploads\/2020\/02\/01-Novo-1.jpg?resize=350%2C200&ssl=1","width":350,"height":200,"srcset":"https:\/\/i0.wp.com\/www.sabra.org.br\/site\/wp-content\/uploads\/2020\/02\/01-Novo-1.jpg?resize=350%2C200&ssl=1 1x, https:\/\/i0.wp.com\/www.sabra.org.br\/site\/wp-content\/uploads\/2020\/02\/01-Novo-1.jpg?resize=525%2C300&ssl=1 1.5x, https:\/\/i0.wp.com\/www.sabra.org.br\/site\/wp-content\/uploads\/2020\/02\/01-Novo-1.jpg?resize=700%2C400&ssl=1 2x, https:\/\/i0.wp.com\/www.sabra.org.br\/site\/wp-content\/uploads\/2020\/02\/01-Novo-1.jpg?resize=1050%2C600&ssl=1 3x"},"classes":[]}],"jetpack_likes_enabled":true,"jetpack_sharing_enabled":true,"_links":{"self":[{"href":"https:\/\/www.sabra.org.br\/site\/wp-json\/wp\/v2\/posts\/1809","targetHints":{"allow":["GET"]}}],"collection":[{"href":"https:\/\/www.sabra.org.br\/site\/wp-json\/wp\/v2\/posts"}],"about":[{"href":"https:\/\/www.sabra.org.br\/site\/wp-json\/wp\/v2\/types\/post"}],"author":[{"embeddable":true,"href":"https:\/\/www.sabra.org.br\/site\/wp-json\/wp\/v2\/users\/39"}],"replies":[{"embeddable":true,"href":"https:\/\/www.sabra.org.br\/site\/wp-json\/wp\/v2\/comments?post=1809"}],"version-history":[{"count":0,"href":"https:\/\/www.sabra.org.br\/site\/wp-json\/wp\/v2\/posts\/1809\/revisions"}],"wp:featuredmedia":[{"embeddable":true,"href":"https:\/\/www.sabra.org.br\/site\/wp-json\/wp\/v2\/media\/1517"}],"wp:attachment":[{"href":"https:\/\/www.sabra.org.br\/site\/wp-json\/wp\/v2\/media?parent=1809"}],"wp:term":[{"taxonomy":"category","embeddable":true,"href":"https:\/\/www.sabra.org.br\/site\/wp-json\/wp\/v2\/categories?post=1809"},{"taxonomy":"post_tag","embeddable":true,"href":"https:\/\/www.sabra.org.br\/site\/wp-json\/wp\/v2\/tags?post=1809"}],"curies":[{"name":"wp","href":"https:\/\/api.w.org\/{rel}","templated":true}]}}