{"id":1847,"date":"2019-03-25T16:03:24","date_gmt":"2019-03-25T19:03:24","guid":{"rendered":"https:\/\/www.sabra.org.br\/site\/?p=1847"},"modified":"2025-04-20T19:16:39","modified_gmt":"2025-04-20T22:16:39","slug":"doacao-para-projeto-social","status":"publish","type":"post","link":"https:\/\/www.sabra.org.br\/site\/doacao-para-projeto-social\/","title":{"rendered":"Doa\u00e7\u00e3o para projeto social"},"content":{"rendered":"<h3>Benef\u00edcios que as doa\u00e7\u00f5es para projetos sociais trazem para as empresas<\/h3>\n<p>Voc\u00ea sabia que um levantamento realizado em 2017 na Universidade de Southampton mostrou que empresas que fazem doa\u00e7\u00f5es para a\u00e7\u00f5es sociais t\u00eam uma produtividade maior? E o melhor de tudo \u00e9 que essa n\u00e3o \u00e9 a \u00fanica vantagem garantida aos empreendedores que apoiam essas causas. Veja a seguir quais s\u00e3o os principais benef\u00edcios!<\/p>\n<h3>Dedu\u00e7\u00e3o do Imposto de Renda<\/h3>\n<p>Esse \u00e9 um dos principais e mais populares benef\u00edcios. Empresas que doam recursos para projetos sociais, ONGs ou fundos como o FIA (Fundo para Inf\u00e2ncia e Adolesc\u00eancia) podem deduzir esse valor do Imposto de Renda. Assim, em vez de destinar a verba para o governo, para que depois ela seja revertida em alguma a\u00e7\u00e3o, o empres\u00e1rio \u201cinveste\u201d diretamente em uma causa social.<\/p>\n<p>Para que a dedu\u00e7\u00e3o seja poss\u00edvel, \u00e9 necess\u00e1rio utilizar o modelo de declara\u00e7\u00e3o completa e respeitar o limite de doa\u00e7\u00e3o, uma porcentagem que pode variar de um ano para o outro.<\/p>\n<h3>Acompanhamento dos projetos<\/h3>\n<p>Quando todo o seu imposto \u00e9 destinado ao governo acaba sendo dif\u00edcil saber que tipo de medida foi financiada com aquele valor. Por outro lado, ao doar diretamente para um fundo ou uma entidade a empresa consegue monitorar mais de perto como seus recursos est\u00e3o sendo administrados e quem est\u00e1 sendo beneficiado de fato. A partir disso, pode continuar doando para o mesmo local nos pr\u00f3ximos anos ou n\u00e3o.<\/p>\n<p>\u00c9 uma forma de ter certeza que o seu imposto est\u00e1 transformando a vida de algu\u00e9m, viabilizando educa\u00e7\u00e3o musical para crian\u00e7as, mantendo uma orquestra sinf\u00f4nica de jovens e outras atividades que resgatem pessoas marginalizadas.<\/p>\n<h3>Incentivos fiscais<\/h3>\n<p>O pr\u00f3prio governo oferece incentivos fiscais para empresas que contribuem com causas sociais, especialmente se for em benef\u00edcio de crian\u00e7as, adolescentes, idosos ou pessoas com defici\u00eancia. Para saber mais, consulte o \u00f3rg\u00e3o respons\u00e1vel na sua cidade ou estado, j\u00e1 que esses incentivos podem variar conforme cada regi\u00e3o.<\/p>\n<h3>Valor agregado \u00e0 marca<\/h3>\n<p>Normalmente entidades e fundos que recebem recursos de uma empresa a divulgam como apoiadora de suas atividades. A doa\u00e7\u00e3o acaba se tornando p\u00fablica, mesmo que essa n\u00e3o seja a inten\u00e7\u00e3o do empreendedor.<\/p>\n<p>\u00c9 ineg\u00e1vel que isso agrega valor \u00e0 marca. As discuss\u00f5es sobre as desigualdades sociais e a import\u00e2ncia de cada cidad\u00e3o fazer a sua parte est\u00e3o cada vez mais em alta. E os consumidores tamb\u00e9m t\u00eam se tornado mais conscientes nesse sentido. Do mesmo modo que tendem a dar prefer\u00eancia para empresas ecologicamente corretas, tamb\u00e9m valorizam as que demonstram consci\u00eancia social.<\/p>\n<p>Essa \u00e9 uma forma de consolidar a sua imagem como uma empresa que n\u00e3o est\u00e1 preocupada apenas em lucrar a qualquer custo, mas que reverte parte desses lucros para os grupos menos favorecidos da popula\u00e7\u00e3o. Al\u00e9m de consolidar o seu neg\u00f3cio como respons\u00e1vel socialmente, \u00e9 at\u00e9 uma forma de influenciar parceiros e clientes a fazerem o mesmo, criando uma grande rede de solidariedade!<\/p>\n<p>Se voc\u00ea chegou onde se encontra hoje, tem a sua pr\u00f3pria empresa e lucra com ela, que tal dar a oportunidade para outras pessoas, sem privil\u00e9gio algum, sonharem com um futuro t\u00e3o brilhante quanto o seu?<\/p>\n<h3>Se voc\u00ea gostou deste post:<\/h3>\n<p>&#8211; siga as nossas p\u00e1ginas nas redes sociais para acompanhar as nossas atualiza\u00e7\u00f5es: estamos no <a href=\"https:\/\/www.facebook.com\/sabrabrasil\" target=\"_blank\" rel=\"noopener noreferrer\">Facebook<\/a>, no <a href=\"https:\/\/www.instagram.com\/sabrabrasil\/\" target=\"_blank\" rel=\"noopener noreferrer\">Instagram<\/a>, no <a href=\"https:\/\/www.linkedin.com\/company\/25002088\" target=\"_blank\" rel=\"noopener noreferrer\">LinkedIn<\/a>, no <a href=\"https:\/\/twitter.com\/ContatoSabra\" target=\"_blank\" rel=\"noopener noreferrer\">Twitter<\/a> e no <a href=\"https:\/\/www.youtube.com\/channel\/UCJw-kbuEvzUNdeQf20Pa-eQ\" target=\"_blank\" rel=\"noopener noreferrer\">YouTube<\/a>!<\/p>\n<p>&#8211; Conhe\u00e7a o trabalho da Sociedade Art\u00edstica Brasileira (SABRA) e todas as iniciativas culturais e sociais que ela mant\u00e9m. <a href=\"https:\/\/www.sabra.org.br\/site\/acoes\/\" target=\"_blank\" rel=\"noopener noreferrer\">Acesse nosso site!<\/a><\/p>\n<p>&#8211; entre em contato com a gente. E veja quais s\u00e3o as op\u00e7\u00f5es de ajuda na manuten\u00e7\u00e3o de nossas a\u00e7\u00f5es sociais e culturais. Basta acessar nossa p\u00e1gina <a href=\"https:\/\/www.sabra.org.br\/site\/doe-agora\/\" target=\"_blank\" rel=\"noopener noreferrer\">Doe Agora!<\/a><\/p>\n<p>&#8211; Compartilhe este texto nas suas redes sociais e ajude os seus amigos a tamb\u00e9m dominarem o assunto!<\/p>\n","protected":false},"excerpt":{"rendered":"<p>imposto de renda<br \/>\nsociais<br \/>\nprojetos sociais<br \/>\na\u00e7\u00f5es sociais<br \/>\nincentivos fiscais<\/p>\n","protected":false},"author":39,"featured_media":1849,"comment_status":"closed","ping_status":"closed","sticky":false,"template":"","format":"standard","meta":{"jetpack_post_was_ever_published":false,"_jetpack_newsletter_access":"","_jetpack_dont_email_post_to_subs":false,"_jetpack_newsletter_tier_id":0,"_jetpack_memberships_contains_paywalled_content":false,"_jetpack_memberships_contains_paid_content":false,"footnotes":""},"categories":[1],"tags":[15,8,16,12,11,9],"class_list":["post-1847","post","type-post","status-publish","format-standard","has-post-thumbnail","hentry","category-blog-sabra","tag-assistencia-social","tag-canto-coral","tag-musicalizacao-infantil","tag-oficina-musical-sabra","tag-orquestra-sinfonica-de-betim","tag-sociedade-artistica-brasileira"],"yoast_head":"<!-- This site is optimized with the Yoast SEO plugin v27.5 - https:\/\/yoast.com\/product\/yoast-seo-wordpress\/ -->\n<title>Doa\u00e7\u00e3o para projeto social - SABRA - Sociedade Art\u00edstica Brasileira<\/title>\n<meta name=\"description\" content=\"Uma doa\u00e7\u00e3o para projeto social pode trazer muitos benef\u00edcios, sobretudo quando \u00e9 feita por empresas. Quer saber quais benef\u00edcios s\u00e3o esses?\" \/>\n<meta name=\"robots\" content=\"index, follow, max-snippet:-1, max-image-preview:large, max-video-preview:-1\" \/>\n<link rel=\"canonical\" href=\"https:\/\/www.sabra.org.br\/site\/doacao-para-projeto-social\/\" \/>\n<meta property=\"og:locale\" content=\"pt_BR\" \/>\n<meta property=\"og:type\" content=\"article\" \/>\n<meta property=\"og:title\" content=\"Doa\u00e7\u00e3o para projeto social - SABRA - Sociedade Art\u00edstica Brasileira\" \/>\n<meta property=\"og:description\" content=\"Uma doa\u00e7\u00e3o para projeto social pode trazer muitos benef\u00edcios, sobretudo quando \u00e9 feita por empresas. Quer saber quais benef\u00edcios s\u00e3o esses?\" \/>\n<meta property=\"og:url\" content=\"https:\/\/www.sabra.org.br\/site\/doacao-para-projeto-social\/\" \/>\n<meta property=\"og:site_name\" content=\"SABRA - Sociedade Art\u00edstica Brasileira\" \/>\n<meta property=\"article:publisher\" content=\"https:\/\/www.facebook.com\/sabrabrasil\" \/>\n<meta property=\"article:published_time\" content=\"2019-03-25T19:03:24+00:00\" \/>\n<meta property=\"article:modified_time\" content=\"2025-04-20T22:16:39+00:00\" \/>\n<meta property=\"og:image\" content=\"https:\/\/www.sabra.org.br\/site\/wp-content\/uploads\/2019\/03\/x-beneficios-que-as-doacoes-para-projetos-sociais-trazem-para-as-empresas-20181109101935.jpg.jpg\" \/>\n\t<meta property=\"og:image:width\" content=\"800\" \/>\n\t<meta property=\"og:image:height\" content=\"516\" \/>\n\t<meta property=\"og:image:type\" content=\"image\/jpeg\" \/>\n<meta name=\"author\" content=\"M\u00e1rcio Miranda Pontes\" \/>\n<meta name=\"twitter:card\" content=\"summary_large_image\" \/>\n<meta name=\"twitter:creator\" content=\"@ContatoSabra\" \/>\n<meta name=\"twitter:site\" content=\"@ContatoSabra\" \/>\n<meta name=\"twitter:label1\" content=\"Escrito por\" \/>\n\t<meta name=\"twitter:data1\" content=\"M\u00e1rcio Miranda Pontes\" \/>\n\t<meta name=\"twitter:label2\" content=\"Est. tempo de leitura\" \/>\n\t<meta name=\"twitter:data2\" content=\"4 minutos\" \/>\n<script type=\"application\/ld+json\" class=\"yoast-schema-graph\">{\"@context\":\"https:\\\/\\\/schema.org\",\"@graph\":[{\"@type\":\"Article\",\"@id\":\"https:\\\/\\\/www.sabra.org.br\\\/site\\\/doacao-para-projeto-social\\\/#article\",\"isPartOf\":{\"@id\":\"https:\\\/\\\/www.sabra.org.br\\\/site\\\/doacao-para-projeto-social\\\/\"},\"author\":{\"name\":\"M\u00e1rcio Miranda Pontes\",\"@id\":\"https:\\\/\\\/www.sabra.org.br\\\/site\\\/#\\\/schema\\\/person\\\/7d1d222c3c8891d4c37c7b41bf6315c2\"},\"headline\":\"Doa\u00e7\u00e3o para projeto social\",\"datePublished\":\"2019-03-25T19:03:24+00:00\",\"dateModified\":\"2025-04-20T22:16:39+00:00\",\"mainEntityOfPage\":{\"@id\":\"https:\\\/\\\/www.sabra.org.br\\\/site\\\/doacao-para-projeto-social\\\/\"},\"wordCount\":671,\"publisher\":{\"@id\":\"https:\\\/\\\/www.sabra.org.br\\\/site\\\/#organization\"},\"image\":{\"@id\":\"https:\\\/\\\/www.sabra.org.br\\\/site\\\/doacao-para-projeto-social\\\/#primaryimage\"},\"thumbnailUrl\":\"https:\\\/\\\/www.sabra.org.br\\\/site\\\/wp-content\\\/uploads\\\/2019\\\/03\\\/x-beneficios-que-as-doacoes-para-projetos-sociais-trazem-para-as-empresas-20181109101935.jpg.jpg\",\"keywords\":[\"Assist\u00eancia social\",\"Canto Coral\",\"Musicaliza\u00e7\u00e3o Infantil\",\"Oficina Musical SABRA\",\"Orquestra Sinf\u00f4nica de Betim\",\"Sociedade Art\u00edstica Brasileira\"],\"articleSection\":[\"Blog SABRA\"],\"inLanguage\":\"pt-BR\"},{\"@type\":\"WebPage\",\"@id\":\"https:\\\/\\\/www.sabra.org.br\\\/site\\\/doacao-para-projeto-social\\\/\",\"url\":\"https:\\\/\\\/www.sabra.org.br\\\/site\\\/doacao-para-projeto-social\\\/\",\"name\":\"Doa\u00e7\u00e3o para projeto social - SABRA - Sociedade Art\u00edstica Brasileira\",\"isPartOf\":{\"@id\":\"https:\\\/\\\/www.sabra.org.br\\\/site\\\/#website\"},\"primaryImageOfPage\":{\"@id\":\"https:\\\/\\\/www.sabra.org.br\\\/site\\\/doacao-para-projeto-social\\\/#primaryimage\"},\"image\":{\"@id\":\"https:\\\/\\\/www.sabra.org.br\\\/site\\\/doacao-para-projeto-social\\\/#primaryimage\"},\"thumbnailUrl\":\"https:\\\/\\\/www.sabra.org.br\\\/site\\\/wp-content\\\/uploads\\\/2019\\\/03\\\/x-beneficios-que-as-doacoes-para-projetos-sociais-trazem-para-as-empresas-20181109101935.jpg.jpg\",\"datePublished\":\"2019-03-25T19:03:24+00:00\",\"dateModified\":\"2025-04-20T22:16:39+00:00\",\"description\":\"Uma doa\u00e7\u00e3o para projeto social pode trazer muitos benef\u00edcios, sobretudo quando \u00e9 feita por empresas. Quer saber quais benef\u00edcios s\u00e3o esses?\",\"breadcrumb\":{\"@id\":\"https:\\\/\\\/www.sabra.org.br\\\/site\\\/doacao-para-projeto-social\\\/#breadcrumb\"},\"inLanguage\":\"pt-BR\",\"potentialAction\":[{\"@type\":\"ReadAction\",\"target\":[\"https:\\\/\\\/www.sabra.org.br\\\/site\\\/doacao-para-projeto-social\\\/\"]}]},{\"@type\":\"ImageObject\",\"inLanguage\":\"pt-BR\",\"@id\":\"https:\\\/\\\/www.sabra.org.br\\\/site\\\/doacao-para-projeto-social\\\/#primaryimage\",\"url\":\"https:\\\/\\\/www.sabra.org.br\\\/site\\\/wp-content\\\/uploads\\\/2019\\\/03\\\/x-beneficios-que-as-doacoes-para-projetos-sociais-trazem-para-as-empresas-20181109101935.jpg.jpg\",\"contentUrl\":\"https:\\\/\\\/www.sabra.org.br\\\/site\\\/wp-content\\\/uploads\\\/2019\\\/03\\\/x-beneficios-que-as-doacoes-para-projetos-sociais-trazem-para-as-empresas-20181109101935.jpg.jpg\",\"width\":800,\"height\":516,\"caption\":\"Sociedade Art\u00edstica Brasileira SABRA\"},{\"@type\":\"BreadcrumbList\",\"@id\":\"https:\\\/\\\/www.sabra.org.br\\\/site\\\/doacao-para-projeto-social\\\/#breadcrumb\",\"itemListElement\":[{\"@type\":\"ListItem\",\"position\":1,\"name\":\"In\u00edcio\",\"item\":\"https:\\\/\\\/www.sabra.org.br\\\/site\\\/\"},{\"@type\":\"ListItem\",\"position\":2,\"name\":\"Doa\u00e7\u00e3o para projeto social\"}]},{\"@type\":\"WebSite\",\"@id\":\"https:\\\/\\\/www.sabra.org.br\\\/site\\\/#website\",\"url\":\"https:\\\/\\\/www.sabra.org.br\\\/site\\\/\",\"name\":\"SABRA - Sociedade Art\u00edstica Brasileira\",\"description\":\"Escola de M\u00fasica, Orquestra Sinf\u00f4nica, Coral e Patrim\u00f4nio Cultural e Hist\u00f3rico\",\"publisher\":{\"@id\":\"https:\\\/\\\/www.sabra.org.br\\\/site\\\/#organization\"},\"potentialAction\":[{\"@type\":\"SearchAction\",\"target\":{\"@type\":\"EntryPoint\",\"urlTemplate\":\"https:\\\/\\\/www.sabra.org.br\\\/site\\\/?s={search_term_string}\"},\"query-input\":{\"@type\":\"PropertyValueSpecification\",\"valueRequired\":true,\"valueName\":\"search_term_string\"}}],\"inLanguage\":\"pt-BR\"},{\"@type\":\"Organization\",\"@id\":\"https:\\\/\\\/www.sabra.org.br\\\/site\\\/#organization\",\"name\":\"SOCIEDADE ART\u00cdSTICA BRASILEIRA SABRA\",\"alternateName\":\"SABRA\",\"url\":\"https:\\\/\\\/www.sabra.org.br\\\/site\\\/\",\"logo\":{\"@type\":\"ImageObject\",\"inLanguage\":\"pt-BR\",\"@id\":\"https:\\\/\\\/www.sabra.org.br\\\/site\\\/#\\\/schema\\\/logo\\\/image\\\/\",\"url\":\"https:\\\/\\\/www.sabra.org.br\\\/site\\\/wp-content\\\/uploads\\\/2019\\\/06\\\/cropped-Logo_SABRA-Copia-1.webp\",\"contentUrl\":\"https:\\\/\\\/www.sabra.org.br\\\/site\\\/wp-content\\\/uploads\\\/2019\\\/06\\\/cropped-Logo_SABRA-Copia-1.webp\",\"width\":400,\"height\":128,\"caption\":\"SOCIEDADE ART\u00cdSTICA BRASILEIRA SABRA\"},\"image\":{\"@id\":\"https:\\\/\\\/www.sabra.org.br\\\/site\\\/#\\\/schema\\\/logo\\\/image\\\/\"},\"sameAs\":[\"https:\\\/\\\/www.facebook.com\\\/sabrabrasil\",\"https:\\\/\\\/x.com\\\/ContatoSabra\",\"https:\\\/\\\/www.instagram.com\\\/sabrabrasil\\\/\",\"https:\\\/\\\/www.linkedin.com\\\/company\\\/25002088\\\/\",\"https:\\\/\\\/br.pinterest.com\\\/sociedadeartisticabrasileira\\\/\",\"https:\\\/\\\/www.youtube.com\\\/c\\\/sabrabrasil\"]},{\"@type\":\"Person\",\"@id\":\"https:\\\/\\\/www.sabra.org.br\\\/site\\\/#\\\/schema\\\/person\\\/7d1d222c3c8891d4c37c7b41bf6315c2\",\"name\":\"M\u00e1rcio Miranda Pontes\",\"image\":{\"@type\":\"ImageObject\",\"inLanguage\":\"pt-BR\",\"@id\":\"https:\\\/\\\/secure.gravatar.com\\\/avatar\\\/3b45f24496a7625a3a6c436688fbe20344faaeb2979658dc4a9921f984d7df9a?s=96&d=mm&r=g\",\"url\":\"https:\\\/\\\/secure.gravatar.com\\\/avatar\\\/3b45f24496a7625a3a6c436688fbe20344faaeb2979658dc4a9921f984d7df9a?s=96&d=mm&r=g\",\"contentUrl\":\"https:\\\/\\\/secure.gravatar.com\\\/avatar\\\/3b45f24496a7625a3a6c436688fbe20344faaeb2979658dc4a9921f984d7df9a?s=96&d=mm&r=g\",\"caption\":\"M\u00e1rcio Miranda Pontes\"},\"sameAs\":[\"http:\\\/\\\/www.sabra.org.br\"],\"url\":\"https:\\\/\\\/www.sabra.org.br\\\/site\\\/author\\\/marcio-miranda-pontes\\\/\"}]}<\/script>\n<!-- \/ Yoast SEO plugin. -->","yoast_head_json":{"title":"Doa\u00e7\u00e3o para projeto social - SABRA - Sociedade Art\u00edstica Brasileira","description":"Uma doa\u00e7\u00e3o para projeto social pode trazer muitos benef\u00edcios, sobretudo quando \u00e9 feita por empresas. Quer saber quais benef\u00edcios s\u00e3o esses?","robots":{"index":"index","follow":"follow","max-snippet":"max-snippet:-1","max-image-preview":"max-image-preview:large","max-video-preview":"max-video-preview:-1"},"canonical":"https:\/\/www.sabra.org.br\/site\/doacao-para-projeto-social\/","og_locale":"pt_BR","og_type":"article","og_title":"Doa\u00e7\u00e3o para projeto social - SABRA - Sociedade Art\u00edstica Brasileira","og_description":"Uma doa\u00e7\u00e3o para projeto social pode trazer muitos benef\u00edcios, sobretudo quando \u00e9 feita por empresas. Quer saber quais benef\u00edcios s\u00e3o esses?","og_url":"https:\/\/www.sabra.org.br\/site\/doacao-para-projeto-social\/","og_site_name":"SABRA - Sociedade Art\u00edstica Brasileira","article_publisher":"https:\/\/www.facebook.com\/sabrabrasil","article_published_time":"2019-03-25T19:03:24+00:00","article_modified_time":"2025-04-20T22:16:39+00:00","og_image":[{"width":800,"height":516,"url":"https:\/\/www.sabra.org.br\/site\/wp-content\/uploads\/2019\/03\/x-beneficios-que-as-doacoes-para-projetos-sociais-trazem-para-as-empresas-20181109101935.jpg.jpg","type":"image\/jpeg"}],"author":"M\u00e1rcio Miranda Pontes","twitter_card":"summary_large_image","twitter_creator":"@ContatoSabra","twitter_site":"@ContatoSabra","twitter_misc":{"Escrito por":"M\u00e1rcio Miranda Pontes","Est. tempo de leitura":"4 minutos"},"schema":{"@context":"https:\/\/schema.org","@graph":[{"@type":"Article","@id":"https:\/\/www.sabra.org.br\/site\/doacao-para-projeto-social\/#article","isPartOf":{"@id":"https:\/\/www.sabra.org.br\/site\/doacao-para-projeto-social\/"},"author":{"name":"M\u00e1rcio Miranda Pontes","@id":"https:\/\/www.sabra.org.br\/site\/#\/schema\/person\/7d1d222c3c8891d4c37c7b41bf6315c2"},"headline":"Doa\u00e7\u00e3o para projeto social","datePublished":"2019-03-25T19:03:24+00:00","dateModified":"2025-04-20T22:16:39+00:00","mainEntityOfPage":{"@id":"https:\/\/www.sabra.org.br\/site\/doacao-para-projeto-social\/"},"wordCount":671,"publisher":{"@id":"https:\/\/www.sabra.org.br\/site\/#organization"},"image":{"@id":"https:\/\/www.sabra.org.br\/site\/doacao-para-projeto-social\/#primaryimage"},"thumbnailUrl":"https:\/\/www.sabra.org.br\/site\/wp-content\/uploads\/2019\/03\/x-beneficios-que-as-doacoes-para-projetos-sociais-trazem-para-as-empresas-20181109101935.jpg.jpg","keywords":["Assist\u00eancia social","Canto Coral","Musicaliza\u00e7\u00e3o Infantil","Oficina Musical SABRA","Orquestra Sinf\u00f4nica de Betim","Sociedade Art\u00edstica Brasileira"],"articleSection":["Blog SABRA"],"inLanguage":"pt-BR"},{"@type":"WebPage","@id":"https:\/\/www.sabra.org.br\/site\/doacao-para-projeto-social\/","url":"https:\/\/www.sabra.org.br\/site\/doacao-para-projeto-social\/","name":"Doa\u00e7\u00e3o para projeto social - SABRA - Sociedade Art\u00edstica Brasileira","isPartOf":{"@id":"https:\/\/www.sabra.org.br\/site\/#website"},"primaryImageOfPage":{"@id":"https:\/\/www.sabra.org.br\/site\/doacao-para-projeto-social\/#primaryimage"},"image":{"@id":"https:\/\/www.sabra.org.br\/site\/doacao-para-projeto-social\/#primaryimage"},"thumbnailUrl":"https:\/\/www.sabra.org.br\/site\/wp-content\/uploads\/2019\/03\/x-beneficios-que-as-doacoes-para-projetos-sociais-trazem-para-as-empresas-20181109101935.jpg.jpg","datePublished":"2019-03-25T19:03:24+00:00","dateModified":"2025-04-20T22:16:39+00:00","description":"Uma doa\u00e7\u00e3o para projeto social pode trazer muitos benef\u00edcios, sobretudo quando \u00e9 feita por empresas. Quer saber quais benef\u00edcios s\u00e3o esses?","breadcrumb":{"@id":"https:\/\/www.sabra.org.br\/site\/doacao-para-projeto-social\/#breadcrumb"},"inLanguage":"pt-BR","potentialAction":[{"@type":"ReadAction","target":["https:\/\/www.sabra.org.br\/site\/doacao-para-projeto-social\/"]}]},{"@type":"ImageObject","inLanguage":"pt-BR","@id":"https:\/\/www.sabra.org.br\/site\/doacao-para-projeto-social\/#primaryimage","url":"https:\/\/www.sabra.org.br\/site\/wp-content\/uploads\/2019\/03\/x-beneficios-que-as-doacoes-para-projetos-sociais-trazem-para-as-empresas-20181109101935.jpg.jpg","contentUrl":"https:\/\/www.sabra.org.br\/site\/wp-content\/uploads\/2019\/03\/x-beneficios-que-as-doacoes-para-projetos-sociais-trazem-para-as-empresas-20181109101935.jpg.jpg","width":800,"height":516,"caption":"Sociedade Art\u00edstica Brasileira SABRA"},{"@type":"BreadcrumbList","@id":"https:\/\/www.sabra.org.br\/site\/doacao-para-projeto-social\/#breadcrumb","itemListElement":[{"@type":"ListItem","position":1,"name":"In\u00edcio","item":"https:\/\/www.sabra.org.br\/site\/"},{"@type":"ListItem","position":2,"name":"Doa\u00e7\u00e3o para projeto social"}]},{"@type":"WebSite","@id":"https:\/\/www.sabra.org.br\/site\/#website","url":"https:\/\/www.sabra.org.br\/site\/","name":"SABRA - Sociedade Art\u00edstica Brasileira","description":"Escola de M\u00fasica, Orquestra Sinf\u00f4nica, Coral e Patrim\u00f4nio Cultural e Hist\u00f3rico","publisher":{"@id":"https:\/\/www.sabra.org.br\/site\/#organization"},"potentialAction":[{"@type":"SearchAction","target":{"@type":"EntryPoint","urlTemplate":"https:\/\/www.sabra.org.br\/site\/?s={search_term_string}"},"query-input":{"@type":"PropertyValueSpecification","valueRequired":true,"valueName":"search_term_string"}}],"inLanguage":"pt-BR"},{"@type":"Organization","@id":"https:\/\/www.sabra.org.br\/site\/#organization","name":"SOCIEDADE ART\u00cdSTICA BRASILEIRA SABRA","alternateName":"SABRA","url":"https:\/\/www.sabra.org.br\/site\/","logo":{"@type":"ImageObject","inLanguage":"pt-BR","@id":"https:\/\/www.sabra.org.br\/site\/#\/schema\/logo\/image\/","url":"https:\/\/www.sabra.org.br\/site\/wp-content\/uploads\/2019\/06\/cropped-Logo_SABRA-Copia-1.webp","contentUrl":"https:\/\/www.sabra.org.br\/site\/wp-content\/uploads\/2019\/06\/cropped-Logo_SABRA-Copia-1.webp","width":400,"height":128,"caption":"SOCIEDADE ART\u00cdSTICA BRASILEIRA SABRA"},"image":{"@id":"https:\/\/www.sabra.org.br\/site\/#\/schema\/logo\/image\/"},"sameAs":["https:\/\/www.facebook.com\/sabrabrasil","https:\/\/x.com\/ContatoSabra","https:\/\/www.instagram.com\/sabrabrasil\/","https:\/\/www.linkedin.com\/company\/25002088\/","https:\/\/br.pinterest.com\/sociedadeartisticabrasileira\/","https:\/\/www.youtube.com\/c\/sabrabrasil"]},{"@type":"Person","@id":"https:\/\/www.sabra.org.br\/site\/#\/schema\/person\/7d1d222c3c8891d4c37c7b41bf6315c2","name":"M\u00e1rcio Miranda Pontes","image":{"@type":"ImageObject","inLanguage":"pt-BR","@id":"https:\/\/secure.gravatar.com\/avatar\/3b45f24496a7625a3a6c436688fbe20344faaeb2979658dc4a9921f984d7df9a?s=96&d=mm&r=g","url":"https:\/\/secure.gravatar.com\/avatar\/3b45f24496a7625a3a6c436688fbe20344faaeb2979658dc4a9921f984d7df9a?s=96&d=mm&r=g","contentUrl":"https:\/\/secure.gravatar.com\/avatar\/3b45f24496a7625a3a6c436688fbe20344faaeb2979658dc4a9921f984d7df9a?s=96&d=mm&r=g","caption":"M\u00e1rcio Miranda Pontes"},"sameAs":["http:\/\/www.sabra.org.br"],"url":"https:\/\/www.sabra.org.br\/site\/author\/marcio-miranda-pontes\/"}]}},"jetpack_featured_media_url":"https:\/\/www.sabra.org.br\/site\/wp-content\/uploads\/2019\/03\/x-beneficios-que-as-doacoes-para-projetos-sociais-trazem-para-as-empresas-20181109101935.jpg.jpg","jetpack_shortlink":"https:\/\/wp.me\/p95j2Z-tN","jetpack-related-posts":[{"id":1846,"url":"https:\/\/www.sabra.org.br\/site\/beneficios-sociais-empresas\/","url_meta":{"origin":1847,"position":0},"title":"Benef\u00edcios que as doa\u00e7\u00f5es para projetos sociais trazem para as empresas","author":"M\u00e1rcio Miranda Pontes","date":"30 de junho de 2023","format":false,"excerpt":"As doa\u00e7\u00f5es para projetos sociais podem trazer muitos benef\u00edcios, sobretudo quando s\u00e3o feitas por empresas. Quer saber quais benef\u00edcios s\u00e3o esses? Ent\u00e3o confira o texto que preparamos sobre o assunto. Boa leitura!","rel":"","context":"Em &quot;Blog SABRA&quot;","block_context":{"text":"Blog SABRA","link":"https:\/\/www.sabra.org.br\/site\/category\/blog-sabra\/"},"img":{"alt_text":"empresas-sociais-incentivos-sabra","src":"https:\/\/i0.wp.com\/www.sabra.org.br\/site\/wp-content\/uploads\/2023\/06\/x-beneficios-que-as-doacoes-para-projetos-sociais-trazem-para-as-empresas-20181109101935.jpg-jpg.webp?resize=350%2C200&ssl=1","width":350,"height":200,"srcset":"https:\/\/i0.wp.com\/www.sabra.org.br\/site\/wp-content\/uploads\/2023\/06\/x-beneficios-que-as-doacoes-para-projetos-sociais-trazem-para-as-empresas-20181109101935.jpg-jpg.webp?resize=350%2C200&ssl=1 1x, https:\/\/i0.wp.com\/www.sabra.org.br\/site\/wp-content\/uploads\/2023\/06\/x-beneficios-que-as-doacoes-para-projetos-sociais-trazem-para-as-empresas-20181109101935.jpg-jpg.webp?resize=525%2C300&ssl=1 1.5x, https:\/\/i0.wp.com\/www.sabra.org.br\/site\/wp-content\/uploads\/2023\/06\/x-beneficios-que-as-doacoes-para-projetos-sociais-trazem-para-as-empresas-20181109101935.jpg-jpg.webp?resize=700%2C400&ssl=1 2x"},"classes":[]},{"id":1902,"url":"https:\/\/www.sabra.org.br\/site\/motivos-para-voce-auxiliar-criancas-carentes-ao-inves-de-pagar-imposto-de-renda-doacoes\/","url_meta":{"origin":1847,"position":1},"title":"Imposto de Renda: hora de pagar","author":"M\u00e1rcio Miranda Pontes","date":"29 de abril de 2019","format":false,"excerpt":"imposto de renda crian\u00e7as carentes crian\u00e7as e adolescentes receita federal responsabilidade social","rel":"","context":"Em &quot;Blog SABRA&quot;","block_context":{"text":"Blog SABRA","link":"https:\/\/www.sabra.org.br\/site\/category\/blog-sabra\/"},"img":{"alt_text":"Imposto de Renda","src":"https:\/\/i0.wp.com\/www.sabra.org.br\/site\/wp-content\/uploads\/2019\/04\/x-motivos-para-voce-auxiliar-criancas-carentes-ao-inves-de-pagar-imposto-20181109101935.jpg.jpg?resize=350%2C200&ssl=1","width":350,"height":200,"srcset":"https:\/\/i0.wp.com\/www.sabra.org.br\/site\/wp-content\/uploads\/2019\/04\/x-motivos-para-voce-auxiliar-criancas-carentes-ao-inves-de-pagar-imposto-20181109101935.jpg.jpg?resize=350%2C200&ssl=1 1x, https:\/\/i0.wp.com\/www.sabra.org.br\/site\/wp-content\/uploads\/2019\/04\/x-motivos-para-voce-auxiliar-criancas-carentes-ao-inves-de-pagar-imposto-20181109101935.jpg.jpg?resize=525%2C300&ssl=1 1.5x, https:\/\/i0.wp.com\/www.sabra.org.br\/site\/wp-content\/uploads\/2019\/04\/x-motivos-para-voce-auxiliar-criancas-carentes-ao-inves-de-pagar-imposto-20181109101935.jpg.jpg?resize=700%2C400&ssl=1 2x"},"classes":[]},{"id":1851,"url":"https:\/\/www.sabra.org.br\/site\/doacoes-atraves-do-imposto-de-renda\/","url_meta":{"origin":1847,"position":2},"title":"Doa\u00e7\u00f5es atrav\u00e9s do Imposto de Renda","author":"M\u00e1rcio Miranda Pontes","date":"27 de mar\u00e7o de 2019","format":false,"excerpt":"lei de incentivo ao esporte doar a porcentagem permitida imposto de renda doar a porcentagem crian\u00e7as e adolescentes","rel":"","context":"Em &quot;Blog SABRA&quot;","block_context":{"text":"Blog SABRA","link":"https:\/\/www.sabra.org.br\/site\/category\/blog-sabra\/"},"img":{"alt_text":"Imposto de Renda","src":"https:\/\/i0.wp.com\/www.sabra.org.br\/site\/wp-content\/uploads\/2019\/03\/saiba-para-onde-sao-destinada-as-doacoes-atraves-do-imposto-de-renda-20181109101935.jpg.jpg?resize=350%2C200&ssl=1","width":350,"height":200,"srcset":"https:\/\/i0.wp.com\/www.sabra.org.br\/site\/wp-content\/uploads\/2019\/03\/saiba-para-onde-sao-destinada-as-doacoes-atraves-do-imposto-de-renda-20181109101935.jpg.jpg?resize=350%2C200&ssl=1 1x, https:\/\/i0.wp.com\/www.sabra.org.br\/site\/wp-content\/uploads\/2019\/03\/saiba-para-onde-sao-destinada-as-doacoes-atraves-do-imposto-de-renda-20181109101935.jpg.jpg?resize=525%2C300&ssl=1 1.5x, https:\/\/i0.wp.com\/www.sabra.org.br\/site\/wp-content\/uploads\/2019\/03\/saiba-para-onde-sao-destinada-as-doacoes-atraves-do-imposto-de-renda-20181109101935.jpg.jpg?resize=700%2C400&ssl=1 2x"},"classes":[]},{"id":1827,"url":"https:\/\/www.sabra.org.br\/site\/doacoes-para-o-fia\/","url_meta":{"origin":1847,"position":3},"title":"Doa\u00e7\u00f5es para o FIA","author":"M\u00e1rcio Miranda Pontes","date":"23 de mar\u00e7o de 2019","format":false,"excerpt":"imposto de renda inf\u00e2ncia e adolesc\u00eancia crian\u00e7as e adolescentes orquestra sinf\u00f4nica vai receber","rel":"","context":"Em &quot;Blog SABRA&quot;","block_context":{"text":"Blog SABRA","link":"https:\/\/www.sabra.org.br\/site\/category\/blog-sabra\/"},"img":{"alt_text":"FIA","src":"https:\/\/i0.wp.com\/www.sabra.org.br\/site\/wp-content\/uploads\/2019\/03\/fundo-da-infancia-e-adolescencia-entenda-como-funciona-20181109101935.jpg.jpg?resize=350%2C200&ssl=1","width":350,"height":200,"srcset":"https:\/\/i0.wp.com\/www.sabra.org.br\/site\/wp-content\/uploads\/2019\/03\/fundo-da-infancia-e-adolescencia-entenda-como-funciona-20181109101935.jpg.jpg?resize=350%2C200&ssl=1 1x, https:\/\/i0.wp.com\/www.sabra.org.br\/site\/wp-content\/uploads\/2019\/03\/fundo-da-infancia-e-adolescencia-entenda-como-funciona-20181109101935.jpg.jpg?resize=525%2C300&ssl=1 1.5x, https:\/\/i0.wp.com\/www.sabra.org.br\/site\/wp-content\/uploads\/2019\/03\/fundo-da-infancia-e-adolescencia-entenda-como-funciona-20181109101935.jpg.jpg?resize=700%2C400&ssl=1 2x"},"classes":[]},{"id":4153,"url":"https:\/\/www.sabra.org.br\/site\/incentivos-fiscais\/","url_meta":{"origin":1847,"position":4},"title":"Saiba como a sua empresa pode ajudar projetos culturais","author":"M\u00e1rcio Miranda Pontes","date":"3 de setembro de 2021","format":false,"excerpt":"Saiba como a sua empresa pode ajudar projetos culturais Voc\u00ea sabia que a sua empresa pode receber incentivos fiscais ao apoiar projetos culturais, como, por exemplo, os art\u00edsticos e musicais? Para saber mais sobre esse assunto, n\u00e3o deixe de ler o conte\u00fado a seguir! Patroci\u0301nio m\u00e1ster: @institutounimedbh, viabilizado pelo incentivo\u2026","rel":"","context":"Em &quot;Blog SABRA&quot;","block_context":{"text":"Blog SABRA","link":"https:\/\/www.sabra.org.br\/site\/category\/blog-sabra\/"},"img":{"alt_text":"empresa-ajudar-incentivos-fiscais-projetos-culturais","src":"https:\/\/i0.wp.com\/www.sabra.org.br\/site\/wp-content\/uploads\/2021\/09\/saiba-como-a-sua-empresa-pode-ajudar-projetos-culturais-20210311095559.jpg.jpg?resize=350%2C200&ssl=1","width":350,"height":200,"srcset":"https:\/\/i0.wp.com\/www.sabra.org.br\/site\/wp-content\/uploads\/2021\/09\/saiba-como-a-sua-empresa-pode-ajudar-projetos-culturais-20210311095559.jpg.jpg?resize=350%2C200&ssl=1 1x, https:\/\/i0.wp.com\/www.sabra.org.br\/site\/wp-content\/uploads\/2021\/09\/saiba-como-a-sua-empresa-pode-ajudar-projetos-culturais-20210311095559.jpg.jpg?resize=525%2C300&ssl=1 1.5x, https:\/\/i0.wp.com\/www.sabra.org.br\/site\/wp-content\/uploads\/2021\/09\/saiba-como-a-sua-empresa-pode-ajudar-projetos-culturais-20210311095559.jpg.jpg?resize=700%2C400&ssl=1 2x"},"classes":[]},{"id":2434,"url":"https:\/\/www.sabra.org.br\/site\/imposto-de-renda\/","url_meta":{"origin":1847,"position":5},"title":"Doe para a SABRA &#8211; IRPF 2020","author":"M\u00e1rcio Miranda Pontes","date":"20 de fevereiro de 2020","format":false,"excerpt":"Doe para a SABRA - IRPF 2020. Voc\u00ea escolhe onde parte de seu imposto de renda ser\u00e1 aplicado. Junto com a SABRA, seus projetos e a\u00e7\u00f5es voc\u00ea vai ajudar a transformar vidas. Sem custos para voc\u00ea e n\u00e3o interfere em outras dedu\u00e7\u00f5es.","rel":"","context":"Em &quot;Not\u00edcias&quot;","block_context":{"text":"Not\u00edcias","link":"https:\/\/www.sabra.org.br\/site\/category\/noticias\/"},"img":{"alt_text":"Fundo FIA - imposto","src":"https:\/\/i0.wp.com\/www.sabra.org.br\/site\/wp-content\/uploads\/2019\/03\/Coral-Infantil-1.jpg?resize=350%2C200&ssl=1","width":350,"height":200,"srcset":"https:\/\/i0.wp.com\/www.sabra.org.br\/site\/wp-content\/uploads\/2019\/03\/Coral-Infantil-1.jpg?resize=350%2C200&ssl=1 1x, https:\/\/i0.wp.com\/www.sabra.org.br\/site\/wp-content\/uploads\/2019\/03\/Coral-Infantil-1.jpg?resize=525%2C300&ssl=1 1.5x, https:\/\/i0.wp.com\/www.sabra.org.br\/site\/wp-content\/uploads\/2019\/03\/Coral-Infantil-1.jpg?resize=700%2C400&ssl=1 2x"},"classes":[]}],"jetpack_likes_enabled":true,"jetpack_sharing_enabled":true,"_links":{"self":[{"href":"https:\/\/www.sabra.org.br\/site\/wp-json\/wp\/v2\/posts\/1847","targetHints":{"allow":["GET"]}}],"collection":[{"href":"https:\/\/www.sabra.org.br\/site\/wp-json\/wp\/v2\/posts"}],"about":[{"href":"https:\/\/www.sabra.org.br\/site\/wp-json\/wp\/v2\/types\/post"}],"author":[{"embeddable":true,"href":"https:\/\/www.sabra.org.br\/site\/wp-json\/wp\/v2\/users\/39"}],"replies":[{"embeddable":true,"href":"https:\/\/www.sabra.org.br\/site\/wp-json\/wp\/v2\/comments?post=1847"}],"version-history":[{"count":0,"href":"https:\/\/www.sabra.org.br\/site\/wp-json\/wp\/v2\/posts\/1847\/revisions"}],"wp:featuredmedia":[{"embeddable":true,"href":"https:\/\/www.sabra.org.br\/site\/wp-json\/wp\/v2\/media\/1849"}],"wp:attachment":[{"href":"https:\/\/www.sabra.org.br\/site\/wp-json\/wp\/v2\/media?parent=1847"}],"wp:term":[{"taxonomy":"category","embeddable":true,"href":"https:\/\/www.sabra.org.br\/site\/wp-json\/wp\/v2\/categories?post=1847"},{"taxonomy":"post_tag","embeddable":true,"href":"https:\/\/www.sabra.org.br\/site\/wp-json\/wp\/v2\/tags?post=1847"}],"curies":[{"name":"wp","href":"https:\/\/api.w.org\/{rel}","templated":true}]}}