{"id":1854,"date":"2019-03-28T21:32:36","date_gmt":"2019-03-29T00:32:36","guid":{"rendered":"https:\/\/www.sabra.org.br\/site\/?p=1854"},"modified":"2025-04-20T19:16:41","modified_gmt":"2025-04-20T22:16:41","slug":"inspiracao","status":"publish","type":"post","link":"https:\/\/www.sabra.org.br\/site\/inspiracao\/","title":{"rendered":"Inspira\u00e7\u00e3o"},"content":{"rendered":"<h3>Conhe\u00e7a hist\u00f3rias de m\u00fasicos que come\u00e7aram sua carreira na inf\u00e2ncia<\/h3>\n<p>Um m\u00fasico sabe que para desenvolver o seu talento e tocar cada vez melhor os estudos e a pr\u00e1tica devem ser constantes, al\u00e9m da inspira\u00e7\u00e3o. O desenvolvimento musical, para muitos, \u00e9 despertado ainda na inf\u00e2ncia. Isto \u00e9 talento, isto \u00e9 dom. Contudo, muito h\u00e1 de se treinar at\u00e9 chegar a um n\u00edvel de excel\u00eancia.<\/p>\n<p>A hist\u00f3ria da m\u00fasica traz alguns nomes marcantes, que desabrocharam a sua aptid\u00e3o ainda crian\u00e7as e se tornaram refer\u00eancias. Conhe\u00e7a alguns m\u00fasicos admir\u00e1veis e inspiradores.<\/p>\n<h3>Wolfgang Amadeus Mozart (1756-1791)<\/h3>\n<p>Imposs\u00edvel n\u00e3o iniciar esta lista sem trazer o g\u00eanio austr\u00edaco que ainda com quatro anos aprendeu piano com o pai, Leopold, que tamb\u00e9m era m\u00fasico. Sua primeira composi\u00e7\u00e3o foi aos cinco anos, um Andante e um Allegro para piano. Prod\u00edgio, ainda crian\u00e7a ganhou os sal\u00f5es da realeza e da nobreza europeia com suas apresenta\u00e7\u00f5es junto com sua irm\u00e3 Anna Maria.<\/p>\n<p>Acometido de uma febre aguda, morreu muito precocemente, aos 35 anos. Entretanto, tempo suficiente para deixar a humanidade mais de 600 obras. Est\u00e3o dentre elas: sinfonias, concertos para piano, \u00f3peras, sonatas, serenatas, entre outras composi\u00e7\u00f5es. As mais famosas s\u00e3o Don Giovanni e Requiem, a \u00faltima est\u00e1 escrita parcialmente, pois morreu antes de completar.<\/p>\n<h3>Frederic Chopin (1810-1849)<\/h3>\n<p>As refer\u00eancias de Chopin para as artes s\u00e3o facilmente reconhecidas at\u00e9 hoje. Isso porque ele \u00e9 um dos nomes mais importantes do piano no mundo da m\u00fasica cl\u00e1ssica. O in\u00edcio do compositor franco polon\u00eas foi muito parecido com o de Mozart, sendo amplamente comparado a ele. Suas primeiras composi\u00e7\u00f5es datam da idade de sete anos, sendo no ano seguinte sua estreia em concertos p\u00fablicos.<\/p>\n<p>Chopin produziu principalmente partituras de obras curtas como valsas, prel\u00fadios, sonatas e polskas, todas para piano ou instrumentos similares. Dentre os seus trabalhos mais not\u00e1veis, est\u00e3o a Ballade N. 1 em G Menor, 24 Preludes Op. 28, Mazurkas Op. 24 e Fantasie-Impromptu. Sua m\u00fasica \u00e9 ainda muito encontrada, de forma popular, em casamentos.<\/p>\n<h3>Yo-Yo Ma (1955)<\/h3>\n<p>De ascend\u00eancia chinesa, nascido na Fran\u00e7a e radicado nos Estados Unidos, Yo-Yo Ma \u00e9 considerado um dos maiores violoncelistas da hist\u00f3ria da m\u00fasica. Suas refer\u00eancias musicais foram os pr\u00f3prios pais, uma cantora e um maestro. Desde muito cedo, aprendeu violino e viola, mas foi aos quatro anos que escolheu o violoncelo e, aos seis, fez o seu primeiro concerto.<\/p>\n<p>O talento do menino foi t\u00e3o avassalador que apareceu em programas de televis\u00e3o e ingressou na Julliard School ainda muito novo. Yo-Yo Ma tocou para os presidentes americanos Dwight Eisenhower e John F. Kennedy antes mesmo de chegar \u00e0 adolesc\u00eancia. Hoje, ele desenvolve diversos projetos em colabora\u00e7\u00e3o com orquestras de todo o mundo.<\/p>\n<h3>Michael Jackson (1958-2009)<\/h3>\n<p>Considerado o \u201crei do pop\u201d, Michael come\u00e7ou sua carreira ao lado dos irm\u00e3os quando ainda tinha cinco anos de idade. Durante toda a inf\u00e2ncia, comp\u00f4s o grupo \u201cJackson Five\u201d, principalmente como cantor. A partir da\u00ed, ele se desenvolveu em diversas \u00e1reas da m\u00fasica al\u00e9m do canto, tornou-se multi-instrumentista, compositor, dan\u00e7arino e produtor, um artista completo.<\/p>\n<p>Ele \u00e9 reconhecido como um dos artistas mais ricos da hist\u00f3ria, tendo vendido mais de 1,5 bilh\u00f5es de grava\u00e7\u00f5es. Tamb\u00e9m \u00e9 o mais premiado, ganhando mais de mil pr\u00eamios. Suas contribui\u00e7\u00f5es culturais tiveram forte impacto no mundo, principalmente em rela\u00e7\u00e3o \u00e0 caridade. Os n\u00fameros, mesmo ap\u00f3s a sua morte em 2009 por uma intoxica\u00e7\u00e3o de propofol, continuam espetaculares. Estima-se que seus \u00e1lbuns p\u00f3stumos j\u00e1 tenham vendido mais de US$ 75 milh\u00f5es.<\/p>\n<h3>Se voc\u00ea gostou deste post:<\/h3>\n<p>&#8211; siga as nossas p\u00e1ginas nas redes sociais para acompanhar as nossas atualiza\u00e7\u00f5es: estamos no <a href=\"https:\/\/www.facebook.com\/sabrabrasil\" target=\"_blank\" rel=\"noopener noreferrer\">Facebook<\/a>, no <a href=\"https:\/\/www.instagram.com\/sabrabrasil\/\" target=\"_blank\" rel=\"noopener noreferrer\">Instagram<\/a>, no <a href=\"https:\/\/www.linkedin.com\/company\/25002088\" target=\"_blank\" rel=\"noopener noreferrer\">LinkedIn<\/a>, no <a href=\"https:\/\/twitter.com\/ContatoSabra\" target=\"_blank\" rel=\"noopener noreferrer\">Twitter<\/a> e no <a href=\"https:\/\/www.youtube.com\/channel\/UCJw-kbuEvzUNdeQf20Pa-eQ\" target=\"_blank\" rel=\"noopener noreferrer\">YouTube<\/a>!<\/p>\n<p>&#8211; Conhe\u00e7a o trabalho da Sociedade Art\u00edstica Brasileira (SABRA) e todas as iniciativas culturais e sociais que ela mant\u00e9m. <a href=\"https:\/\/www.sabra.org.br\/site\/acoes\/\" target=\"_blank\" rel=\"noopener noreferrer\">Acesse nosso site!<\/a><\/p>\n<p>&#8211; entre em contato com a gente. E veja quais s\u00e3o as op\u00e7\u00f5es de ajuda na manuten\u00e7\u00e3o de nossas a\u00e7\u00f5es sociais e culturais. Basta acessar nossa p\u00e1gina <a href=\"https:\/\/www.sabra.org.br\/site\/doe-agora\/\" target=\"_blank\" rel=\"noopener noreferrer\">Doe Agora!<\/a><\/p>\n<p>&#8211; Compartilhe este texto nas suas redes sociais e ajude os seus amigos a tamb\u00e9m dominarem o assunto!<\/p>\n","protected":false},"excerpt":{"rendered":"<p>yo-yo ma<br \/>\nhist\u00f3ria da m\u00fasica<br \/>\nredes sociais<br \/>\nm\u00fasica<br \/>\npiano<\/p>\n","protected":false},"author":39,"featured_media":1855,"comment_status":"closed","ping_status":"closed","sticky":false,"template":"","format":"standard","meta":{"jetpack_post_was_ever_published":false,"_jetpack_newsletter_access":"","_jetpack_dont_email_post_to_subs":false,"_jetpack_newsletter_tier_id":0,"_jetpack_memberships_contains_paywalled_content":false,"_jetpack_memberships_contains_paid_content":false,"footnotes":""},"categories":[1],"tags":[15,8,16,12,11,9],"class_list":["post-1854","post","type-post","status-publish","format-standard","has-post-thumbnail","hentry","category-blog-sabra","tag-assistencia-social","tag-canto-coral","tag-musicalizacao-infantil","tag-oficina-musical-sabra","tag-orquestra-sinfonica-de-betim","tag-sociedade-artistica-brasileira"],"yoast_head":"<!-- This site is optimized with the Yoast SEO plugin v27.5 - https:\/\/yoast.com\/product\/yoast-seo-wordpress\/ -->\n<title>Inspira\u00e7\u00e3o - SABRA - Sociedade Art\u00edstica Brasileira<\/title>\n<meta name=\"description\" content=\"Voc\u00ea sabia que Celine Dion e Michael Jackson come\u00e7aram a sua carreira musical na inf\u00e2ncia? Pois \u00e9! Eles, assim como v\u00e1rios outros, viram na m\u00fasica a sua forma de ser e de existir.\" \/>\n<meta name=\"robots\" content=\"index, follow, max-snippet:-1, max-image-preview:large, max-video-preview:-1\" \/>\n<link rel=\"canonical\" href=\"https:\/\/www.sabra.org.br\/site\/inspiracao\/\" \/>\n<meta property=\"og:locale\" content=\"pt_BR\" \/>\n<meta property=\"og:type\" content=\"article\" \/>\n<meta property=\"og:title\" content=\"Inspira\u00e7\u00e3o - SABRA - Sociedade Art\u00edstica Brasileira\" \/>\n<meta property=\"og:description\" content=\"Voc\u00ea sabia que Celine Dion e Michael Jackson come\u00e7aram a sua carreira musical na inf\u00e2ncia? Pois \u00e9! Eles, assim como v\u00e1rios outros, viram na m\u00fasica a sua forma de ser e de existir.\" \/>\n<meta property=\"og:url\" content=\"https:\/\/www.sabra.org.br\/site\/inspiracao\/\" \/>\n<meta property=\"og:site_name\" content=\"SABRA - Sociedade Art\u00edstica Brasileira\" \/>\n<meta property=\"article:publisher\" content=\"https:\/\/www.facebook.com\/sabrabrasil\" \/>\n<meta property=\"article:published_time\" content=\"2019-03-29T00:32:36+00:00\" \/>\n<meta property=\"article:modified_time\" content=\"2025-04-20T22:16:41+00:00\" \/>\n<meta property=\"og:image\" content=\"https:\/\/www.sabra.org.br\/site\/wp-content\/uploads\/2019\/03\/inspiracao-conheca-historias-de-musicos-que-comecaram-sua-carreira-na-infancia-20180918131645.jpg.jpg\" \/>\n\t<meta property=\"og:image:width\" content=\"800\" \/>\n\t<meta property=\"og:image:height\" content=\"534\" \/>\n\t<meta property=\"og:image:type\" content=\"image\/jpeg\" \/>\n<meta name=\"author\" content=\"M\u00e1rcio Miranda Pontes\" \/>\n<meta name=\"twitter:card\" content=\"summary_large_image\" \/>\n<meta name=\"twitter:creator\" content=\"@ContatoSabra\" \/>\n<meta name=\"twitter:site\" content=\"@ContatoSabra\" \/>\n<meta name=\"twitter:label1\" content=\"Escrito por\" \/>\n\t<meta name=\"twitter:data1\" content=\"M\u00e1rcio Miranda Pontes\" \/>\n\t<meta name=\"twitter:label2\" content=\"Est. tempo de leitura\" \/>\n\t<meta name=\"twitter:data2\" content=\"4 minutos\" \/>\n<script type=\"application\/ld+json\" class=\"yoast-schema-graph\">{\"@context\":\"https:\\\/\\\/schema.org\",\"@graph\":[{\"@type\":\"Article\",\"@id\":\"https:\\\/\\\/www.sabra.org.br\\\/site\\\/inspiracao\\\/#article\",\"isPartOf\":{\"@id\":\"https:\\\/\\\/www.sabra.org.br\\\/site\\\/inspiracao\\\/\"},\"author\":{\"name\":\"M\u00e1rcio Miranda Pontes\",\"@id\":\"https:\\\/\\\/www.sabra.org.br\\\/site\\\/#\\\/schema\\\/person\\\/7d1d222c3c8891d4c37c7b41bf6315c2\"},\"headline\":\"Inspira\u00e7\u00e3o\",\"datePublished\":\"2019-03-29T00:32:36+00:00\",\"dateModified\":\"2025-04-20T22:16:41+00:00\",\"mainEntityOfPage\":{\"@id\":\"https:\\\/\\\/www.sabra.org.br\\\/site\\\/inspiracao\\\/\"},\"wordCount\":737,\"publisher\":{\"@id\":\"https:\\\/\\\/www.sabra.org.br\\\/site\\\/#organization\"},\"image\":{\"@id\":\"https:\\\/\\\/www.sabra.org.br\\\/site\\\/inspiracao\\\/#primaryimage\"},\"thumbnailUrl\":\"https:\\\/\\\/www.sabra.org.br\\\/site\\\/wp-content\\\/uploads\\\/2019\\\/03\\\/inspiracao-conheca-historias-de-musicos-que-comecaram-sua-carreira-na-infancia-20180918131645.jpg.jpg\",\"keywords\":[\"Assist\u00eancia social\",\"Canto Coral\",\"Musicaliza\u00e7\u00e3o Infantil\",\"Oficina Musical SABRA\",\"Orquestra Sinf\u00f4nica de Betim\",\"Sociedade Art\u00edstica Brasileira\"],\"articleSection\":[\"Blog SABRA\"],\"inLanguage\":\"pt-BR\"},{\"@type\":\"WebPage\",\"@id\":\"https:\\\/\\\/www.sabra.org.br\\\/site\\\/inspiracao\\\/\",\"url\":\"https:\\\/\\\/www.sabra.org.br\\\/site\\\/inspiracao\\\/\",\"name\":\"Inspira\u00e7\u00e3o - SABRA - Sociedade Art\u00edstica Brasileira\",\"isPartOf\":{\"@id\":\"https:\\\/\\\/www.sabra.org.br\\\/site\\\/#website\"},\"primaryImageOfPage\":{\"@id\":\"https:\\\/\\\/www.sabra.org.br\\\/site\\\/inspiracao\\\/#primaryimage\"},\"image\":{\"@id\":\"https:\\\/\\\/www.sabra.org.br\\\/site\\\/inspiracao\\\/#primaryimage\"},\"thumbnailUrl\":\"https:\\\/\\\/www.sabra.org.br\\\/site\\\/wp-content\\\/uploads\\\/2019\\\/03\\\/inspiracao-conheca-historias-de-musicos-que-comecaram-sua-carreira-na-infancia-20180918131645.jpg.jpg\",\"datePublished\":\"2019-03-29T00:32:36+00:00\",\"dateModified\":\"2025-04-20T22:16:41+00:00\",\"description\":\"Voc\u00ea sabia que Celine Dion e Michael Jackson come\u00e7aram a sua carreira musical na inf\u00e2ncia? Pois \u00e9! Eles, assim como v\u00e1rios outros, viram na m\u00fasica a sua forma de ser e de existir.\",\"breadcrumb\":{\"@id\":\"https:\\\/\\\/www.sabra.org.br\\\/site\\\/inspiracao\\\/#breadcrumb\"},\"inLanguage\":\"pt-BR\",\"potentialAction\":[{\"@type\":\"ReadAction\",\"target\":[\"https:\\\/\\\/www.sabra.org.br\\\/site\\\/inspiracao\\\/\"]}]},{\"@type\":\"ImageObject\",\"inLanguage\":\"pt-BR\",\"@id\":\"https:\\\/\\\/www.sabra.org.br\\\/site\\\/inspiracao\\\/#primaryimage\",\"url\":\"https:\\\/\\\/www.sabra.org.br\\\/site\\\/wp-content\\\/uploads\\\/2019\\\/03\\\/inspiracao-conheca-historias-de-musicos-que-comecaram-sua-carreira-na-infancia-20180918131645.jpg.jpg\",\"contentUrl\":\"https:\\\/\\\/www.sabra.org.br\\\/site\\\/wp-content\\\/uploads\\\/2019\\\/03\\\/inspiracao-conheca-historias-de-musicos-que-comecaram-sua-carreira-na-infancia-20180918131645.jpg.jpg\",\"width\":800,\"height\":534,\"caption\":\"Sociedade Art\u00edstica Brasileira SABRA\"},{\"@type\":\"BreadcrumbList\",\"@id\":\"https:\\\/\\\/www.sabra.org.br\\\/site\\\/inspiracao\\\/#breadcrumb\",\"itemListElement\":[{\"@type\":\"ListItem\",\"position\":1,\"name\":\"In\u00edcio\",\"item\":\"https:\\\/\\\/www.sabra.org.br\\\/site\\\/\"},{\"@type\":\"ListItem\",\"position\":2,\"name\":\"Inspira\u00e7\u00e3o\"}]},{\"@type\":\"WebSite\",\"@id\":\"https:\\\/\\\/www.sabra.org.br\\\/site\\\/#website\",\"url\":\"https:\\\/\\\/www.sabra.org.br\\\/site\\\/\",\"name\":\"SABRA - Sociedade Art\u00edstica Brasileira\",\"description\":\"Escola de M\u00fasica, Orquestra Sinf\u00f4nica, Coral e Patrim\u00f4nio Cultural e Hist\u00f3rico\",\"publisher\":{\"@id\":\"https:\\\/\\\/www.sabra.org.br\\\/site\\\/#organization\"},\"potentialAction\":[{\"@type\":\"SearchAction\",\"target\":{\"@type\":\"EntryPoint\",\"urlTemplate\":\"https:\\\/\\\/www.sabra.org.br\\\/site\\\/?s={search_term_string}\"},\"query-input\":{\"@type\":\"PropertyValueSpecification\",\"valueRequired\":true,\"valueName\":\"search_term_string\"}}],\"inLanguage\":\"pt-BR\"},{\"@type\":\"Organization\",\"@id\":\"https:\\\/\\\/www.sabra.org.br\\\/site\\\/#organization\",\"name\":\"SOCIEDADE ART\u00cdSTICA BRASILEIRA SABRA\",\"alternateName\":\"SABRA\",\"url\":\"https:\\\/\\\/www.sabra.org.br\\\/site\\\/\",\"logo\":{\"@type\":\"ImageObject\",\"inLanguage\":\"pt-BR\",\"@id\":\"https:\\\/\\\/www.sabra.org.br\\\/site\\\/#\\\/schema\\\/logo\\\/image\\\/\",\"url\":\"https:\\\/\\\/www.sabra.org.br\\\/site\\\/wp-content\\\/uploads\\\/2019\\\/06\\\/cropped-Logo_SABRA-Copia-1.webp\",\"contentUrl\":\"https:\\\/\\\/www.sabra.org.br\\\/site\\\/wp-content\\\/uploads\\\/2019\\\/06\\\/cropped-Logo_SABRA-Copia-1.webp\",\"width\":400,\"height\":128,\"caption\":\"SOCIEDADE ART\u00cdSTICA BRASILEIRA SABRA\"},\"image\":{\"@id\":\"https:\\\/\\\/www.sabra.org.br\\\/site\\\/#\\\/schema\\\/logo\\\/image\\\/\"},\"sameAs\":[\"https:\\\/\\\/www.facebook.com\\\/sabrabrasil\",\"https:\\\/\\\/x.com\\\/ContatoSabra\",\"https:\\\/\\\/www.instagram.com\\\/sabrabrasil\\\/\",\"https:\\\/\\\/www.linkedin.com\\\/company\\\/25002088\\\/\",\"https:\\\/\\\/br.pinterest.com\\\/sociedadeartisticabrasileira\\\/\",\"https:\\\/\\\/www.youtube.com\\\/c\\\/sabrabrasil\"]},{\"@type\":\"Person\",\"@id\":\"https:\\\/\\\/www.sabra.org.br\\\/site\\\/#\\\/schema\\\/person\\\/7d1d222c3c8891d4c37c7b41bf6315c2\",\"name\":\"M\u00e1rcio Miranda Pontes\",\"image\":{\"@type\":\"ImageObject\",\"inLanguage\":\"pt-BR\",\"@id\":\"https:\\\/\\\/secure.gravatar.com\\\/avatar\\\/3b45f24496a7625a3a6c436688fbe20344faaeb2979658dc4a9921f984d7df9a?s=96&d=mm&r=g\",\"url\":\"https:\\\/\\\/secure.gravatar.com\\\/avatar\\\/3b45f24496a7625a3a6c436688fbe20344faaeb2979658dc4a9921f984d7df9a?s=96&d=mm&r=g\",\"contentUrl\":\"https:\\\/\\\/secure.gravatar.com\\\/avatar\\\/3b45f24496a7625a3a6c436688fbe20344faaeb2979658dc4a9921f984d7df9a?s=96&d=mm&r=g\",\"caption\":\"M\u00e1rcio Miranda Pontes\"},\"sameAs\":[\"http:\\\/\\\/www.sabra.org.br\"],\"url\":\"https:\\\/\\\/www.sabra.org.br\\\/site\\\/author\\\/marcio-miranda-pontes\\\/\"}]}<\/script>\n<!-- \/ Yoast SEO plugin. -->","yoast_head_json":{"title":"Inspira\u00e7\u00e3o - SABRA - Sociedade Art\u00edstica Brasileira","description":"Voc\u00ea sabia que Celine Dion e Michael Jackson come\u00e7aram a sua carreira musical na inf\u00e2ncia? Pois \u00e9! Eles, assim como v\u00e1rios outros, viram na m\u00fasica a sua forma de ser e de existir.","robots":{"index":"index","follow":"follow","max-snippet":"max-snippet:-1","max-image-preview":"max-image-preview:large","max-video-preview":"max-video-preview:-1"},"canonical":"https:\/\/www.sabra.org.br\/site\/inspiracao\/","og_locale":"pt_BR","og_type":"article","og_title":"Inspira\u00e7\u00e3o - SABRA - Sociedade Art\u00edstica Brasileira","og_description":"Voc\u00ea sabia que Celine Dion e Michael Jackson come\u00e7aram a sua carreira musical na inf\u00e2ncia? Pois \u00e9! Eles, assim como v\u00e1rios outros, viram na m\u00fasica a sua forma de ser e de existir.","og_url":"https:\/\/www.sabra.org.br\/site\/inspiracao\/","og_site_name":"SABRA - Sociedade Art\u00edstica Brasileira","article_publisher":"https:\/\/www.facebook.com\/sabrabrasil","article_published_time":"2019-03-29T00:32:36+00:00","article_modified_time":"2025-04-20T22:16:41+00:00","og_image":[{"width":800,"height":534,"url":"https:\/\/www.sabra.org.br\/site\/wp-content\/uploads\/2019\/03\/inspiracao-conheca-historias-de-musicos-que-comecaram-sua-carreira-na-infancia-20180918131645.jpg.jpg","type":"image\/jpeg"}],"author":"M\u00e1rcio Miranda Pontes","twitter_card":"summary_large_image","twitter_creator":"@ContatoSabra","twitter_site":"@ContatoSabra","twitter_misc":{"Escrito por":"M\u00e1rcio Miranda Pontes","Est. tempo de leitura":"4 minutos"},"schema":{"@context":"https:\/\/schema.org","@graph":[{"@type":"Article","@id":"https:\/\/www.sabra.org.br\/site\/inspiracao\/#article","isPartOf":{"@id":"https:\/\/www.sabra.org.br\/site\/inspiracao\/"},"author":{"name":"M\u00e1rcio Miranda Pontes","@id":"https:\/\/www.sabra.org.br\/site\/#\/schema\/person\/7d1d222c3c8891d4c37c7b41bf6315c2"},"headline":"Inspira\u00e7\u00e3o","datePublished":"2019-03-29T00:32:36+00:00","dateModified":"2025-04-20T22:16:41+00:00","mainEntityOfPage":{"@id":"https:\/\/www.sabra.org.br\/site\/inspiracao\/"},"wordCount":737,"publisher":{"@id":"https:\/\/www.sabra.org.br\/site\/#organization"},"image":{"@id":"https:\/\/www.sabra.org.br\/site\/inspiracao\/#primaryimage"},"thumbnailUrl":"https:\/\/www.sabra.org.br\/site\/wp-content\/uploads\/2019\/03\/inspiracao-conheca-historias-de-musicos-que-comecaram-sua-carreira-na-infancia-20180918131645.jpg.jpg","keywords":["Assist\u00eancia social","Canto Coral","Musicaliza\u00e7\u00e3o Infantil","Oficina Musical SABRA","Orquestra Sinf\u00f4nica de Betim","Sociedade Art\u00edstica Brasileira"],"articleSection":["Blog SABRA"],"inLanguage":"pt-BR"},{"@type":"WebPage","@id":"https:\/\/www.sabra.org.br\/site\/inspiracao\/","url":"https:\/\/www.sabra.org.br\/site\/inspiracao\/","name":"Inspira\u00e7\u00e3o - SABRA - Sociedade Art\u00edstica Brasileira","isPartOf":{"@id":"https:\/\/www.sabra.org.br\/site\/#website"},"primaryImageOfPage":{"@id":"https:\/\/www.sabra.org.br\/site\/inspiracao\/#primaryimage"},"image":{"@id":"https:\/\/www.sabra.org.br\/site\/inspiracao\/#primaryimage"},"thumbnailUrl":"https:\/\/www.sabra.org.br\/site\/wp-content\/uploads\/2019\/03\/inspiracao-conheca-historias-de-musicos-que-comecaram-sua-carreira-na-infancia-20180918131645.jpg.jpg","datePublished":"2019-03-29T00:32:36+00:00","dateModified":"2025-04-20T22:16:41+00:00","description":"Voc\u00ea sabia que Celine Dion e Michael Jackson come\u00e7aram a sua carreira musical na inf\u00e2ncia? Pois \u00e9! Eles, assim como v\u00e1rios outros, viram na m\u00fasica a sua forma de ser e de existir.","breadcrumb":{"@id":"https:\/\/www.sabra.org.br\/site\/inspiracao\/#breadcrumb"},"inLanguage":"pt-BR","potentialAction":[{"@type":"ReadAction","target":["https:\/\/www.sabra.org.br\/site\/inspiracao\/"]}]},{"@type":"ImageObject","inLanguage":"pt-BR","@id":"https:\/\/www.sabra.org.br\/site\/inspiracao\/#primaryimage","url":"https:\/\/www.sabra.org.br\/site\/wp-content\/uploads\/2019\/03\/inspiracao-conheca-historias-de-musicos-que-comecaram-sua-carreira-na-infancia-20180918131645.jpg.jpg","contentUrl":"https:\/\/www.sabra.org.br\/site\/wp-content\/uploads\/2019\/03\/inspiracao-conheca-historias-de-musicos-que-comecaram-sua-carreira-na-infancia-20180918131645.jpg.jpg","width":800,"height":534,"caption":"Sociedade Art\u00edstica Brasileira SABRA"},{"@type":"BreadcrumbList","@id":"https:\/\/www.sabra.org.br\/site\/inspiracao\/#breadcrumb","itemListElement":[{"@type":"ListItem","position":1,"name":"In\u00edcio","item":"https:\/\/www.sabra.org.br\/site\/"},{"@type":"ListItem","position":2,"name":"Inspira\u00e7\u00e3o"}]},{"@type":"WebSite","@id":"https:\/\/www.sabra.org.br\/site\/#website","url":"https:\/\/www.sabra.org.br\/site\/","name":"SABRA - Sociedade Art\u00edstica Brasileira","description":"Escola de M\u00fasica, Orquestra Sinf\u00f4nica, Coral e Patrim\u00f4nio Cultural e Hist\u00f3rico","publisher":{"@id":"https:\/\/www.sabra.org.br\/site\/#organization"},"potentialAction":[{"@type":"SearchAction","target":{"@type":"EntryPoint","urlTemplate":"https:\/\/www.sabra.org.br\/site\/?s={search_term_string}"},"query-input":{"@type":"PropertyValueSpecification","valueRequired":true,"valueName":"search_term_string"}}],"inLanguage":"pt-BR"},{"@type":"Organization","@id":"https:\/\/www.sabra.org.br\/site\/#organization","name":"SOCIEDADE ART\u00cdSTICA BRASILEIRA SABRA","alternateName":"SABRA","url":"https:\/\/www.sabra.org.br\/site\/","logo":{"@type":"ImageObject","inLanguage":"pt-BR","@id":"https:\/\/www.sabra.org.br\/site\/#\/schema\/logo\/image\/","url":"https:\/\/www.sabra.org.br\/site\/wp-content\/uploads\/2019\/06\/cropped-Logo_SABRA-Copia-1.webp","contentUrl":"https:\/\/www.sabra.org.br\/site\/wp-content\/uploads\/2019\/06\/cropped-Logo_SABRA-Copia-1.webp","width":400,"height":128,"caption":"SOCIEDADE ART\u00cdSTICA BRASILEIRA SABRA"},"image":{"@id":"https:\/\/www.sabra.org.br\/site\/#\/schema\/logo\/image\/"},"sameAs":["https:\/\/www.facebook.com\/sabrabrasil","https:\/\/x.com\/ContatoSabra","https:\/\/www.instagram.com\/sabrabrasil\/","https:\/\/www.linkedin.com\/company\/25002088\/","https:\/\/br.pinterest.com\/sociedadeartisticabrasileira\/","https:\/\/www.youtube.com\/c\/sabrabrasil"]},{"@type":"Person","@id":"https:\/\/www.sabra.org.br\/site\/#\/schema\/person\/7d1d222c3c8891d4c37c7b41bf6315c2","name":"M\u00e1rcio Miranda Pontes","image":{"@type":"ImageObject","inLanguage":"pt-BR","@id":"https:\/\/secure.gravatar.com\/avatar\/3b45f24496a7625a3a6c436688fbe20344faaeb2979658dc4a9921f984d7df9a?s=96&d=mm&r=g","url":"https:\/\/secure.gravatar.com\/avatar\/3b45f24496a7625a3a6c436688fbe20344faaeb2979658dc4a9921f984d7df9a?s=96&d=mm&r=g","contentUrl":"https:\/\/secure.gravatar.com\/avatar\/3b45f24496a7625a3a6c436688fbe20344faaeb2979658dc4a9921f984d7df9a?s=96&d=mm&r=g","caption":"M\u00e1rcio Miranda Pontes"},"sameAs":["http:\/\/www.sabra.org.br"],"url":"https:\/\/www.sabra.org.br\/site\/author\/marcio-miranda-pontes\/"}]}},"jetpack_featured_media_url":"https:\/\/www.sabra.org.br\/site\/wp-content\/uploads\/2019\/03\/inspiracao-conheca-historias-de-musicos-que-comecaram-sua-carreira-na-infancia-20180918131645.jpg.jpg","jetpack_shortlink":"https:\/\/wp.me\/p95j2Z-tU","jetpack-related-posts":[{"id":2124,"url":"https:\/\/www.sabra.org.br\/site\/inspiracao-2\/","url_meta":{"origin":1854,"position":0},"title":"Inspira\u00e7\u00e3o","author":"M\u00e1rcio Miranda Pontes","date":"5 de junho de 2019","format":false,"excerpt":"fonte de inspira\u00e7\u00e3o inspira\u00e7\u00e3o m\u00fasica artistas experi\u00eancias pessoais","rel":"","context":"Em &quot;Blog SABRA&quot;","block_context":{"text":"Blog SABRA","link":"https:\/\/www.sabra.org.br\/site\/category\/blog-sabra\/"},"img":{"alt_text":"Inspira\u00e7\u00e3o","src":"https:\/\/i0.wp.com\/www.sabra.org.br\/site\/wp-content\/uploads\/2019\/06\/voce-sabe-onde-e-como-os-grandes-artistas-buscam-inspiracao-20190531112303.jpg.jpg?resize=350%2C200&ssl=1","width":350,"height":200,"srcset":"https:\/\/i0.wp.com\/www.sabra.org.br\/site\/wp-content\/uploads\/2019\/06\/voce-sabe-onde-e-como-os-grandes-artistas-buscam-inspiracao-20190531112303.jpg.jpg?resize=350%2C200&ssl=1 1x, https:\/\/i0.wp.com\/www.sabra.org.br\/site\/wp-content\/uploads\/2019\/06\/voce-sabe-onde-e-como-os-grandes-artistas-buscam-inspiracao-20190531112303.jpg.jpg?resize=525%2C300&ssl=1 1.5x, https:\/\/i0.wp.com\/www.sabra.org.br\/site\/wp-content\/uploads\/2019\/06\/voce-sabe-onde-e-como-os-grandes-artistas-buscam-inspiracao-20190531112303.jpg.jpg?resize=700%2C400&ssl=1 2x"},"classes":[]},{"id":5366,"url":"https:\/\/www.sabra.org.br\/site\/tom-jobim\/","url_meta":{"origin":1854,"position":1},"title":"Curiosidades sobre Tom Jobim","author":"M\u00e1rcio Miranda Pontes","date":"20 de julho de 2022","format":false,"excerpt":"Tom Jobim \u00e9, indiscutivelmente, um dos maiores m\u00fasicos e compositores brasileiros de todos os tempos. Ent\u00e3o, que tal celebr\u00e1-lo conhecendo algumas curiosidades sobre sua vida e obra? Para isso, basta acompanhar este conte\u00fado especial.","rel":"","context":"Em &quot;Blog SABRA&quot;","block_context":{"text":"Blog SABRA","link":"https:\/\/www.sabra.org.br\/site\/category\/blog-sabra\/"},"img":{"alt_text":"tom-jobim-m\u00fasico","src":"https:\/\/i0.wp.com\/www.sabra.org.br\/site\/wp-content\/uploads\/2022\/07\/x-curiosidades-sobre-tom-jobim-20220513105253.jpg.jpg?resize=350%2C200&ssl=1","width":350,"height":200,"srcset":"https:\/\/i0.wp.com\/www.sabra.org.br\/site\/wp-content\/uploads\/2022\/07\/x-curiosidades-sobre-tom-jobim-20220513105253.jpg.jpg?resize=350%2C200&ssl=1 1x, https:\/\/i0.wp.com\/www.sabra.org.br\/site\/wp-content\/uploads\/2022\/07\/x-curiosidades-sobre-tom-jobim-20220513105253.jpg.jpg?resize=525%2C300&ssl=1 1.5x, https:\/\/i0.wp.com\/www.sabra.org.br\/site\/wp-content\/uploads\/2022\/07\/x-curiosidades-sobre-tom-jobim-20220513105253.jpg.jpg?resize=700%2C400&ssl=1 2x"},"classes":[]},{"id":4013,"url":"https:\/\/www.sabra.org.br\/site\/bach\/","url_meta":{"origin":1854,"position":2},"title":"Bach &#8211; o compositor que cativou o mundo: saiba tudo sobre ele","author":"M\u00e1rcio Miranda Pontes","date":"8 de julho de 2021","format":false,"excerpt":"O compositor que cativou o mundo: saiba tudo sobre Bach Um dos nomes mais famosos do mundo da m\u00fasica, Bach vem de uma fam\u00edlia religiosa e tamb\u00e9m tradicional de m\u00fasicos, fatores que foram determinantes para o seu desenvolvimento e para o seu sucesso.","rel":"","context":"Em &quot;Blog SABRA&quot;","block_context":{"text":"Blog SABRA","link":"https:\/\/www.sabra.org.br\/site\/category\/blog-sabra\/"},"img":{"alt_text":"bach-cidade-musica","src":"https:\/\/i0.wp.com\/www.sabra.org.br\/site\/wp-content\/uploads\/2021\/07\/o-compositor-que-cativou-o-mundo-saiba-tudo-sobre-bach-20210311095559.jpg.jpg?resize=350%2C200&ssl=1","width":350,"height":200,"srcset":"https:\/\/i0.wp.com\/www.sabra.org.br\/site\/wp-content\/uploads\/2021\/07\/o-compositor-que-cativou-o-mundo-saiba-tudo-sobre-bach-20210311095559.jpg.jpg?resize=350%2C200&ssl=1 1x, https:\/\/i0.wp.com\/www.sabra.org.br\/site\/wp-content\/uploads\/2021\/07\/o-compositor-que-cativou-o-mundo-saiba-tudo-sobre-bach-20210311095559.jpg.jpg?resize=525%2C300&ssl=1 1.5x, https:\/\/i0.wp.com\/www.sabra.org.br\/site\/wp-content\/uploads\/2021\/07\/o-compositor-que-cativou-o-mundo-saiba-tudo-sobre-bach-20210311095559.jpg.jpg?resize=700%2C400&ssl=1 2x"},"classes":[]},{"id":5323,"url":"https:\/\/www.sabra.org.br\/site\/compositor-classico\/","url_meta":{"origin":1854,"position":3},"title":"Fatos curiosos de compositores famosos da m\u00fasica cl\u00e1ssica","author":"M\u00e1rcio Miranda Pontes","date":"7 de julho de 2022","format":false,"excerpt":"Rica em composi\u00e7\u00f5es, a m\u00fasica cl\u00e1ssica serve de refer\u00eancia e de inspira\u00e7\u00e3o para as produ\u00e7\u00f5es musicais de toda uma era. Conhe\u00e7a hist\u00f3rias e curiosidades de alguns dos grandes compositores cl\u00e1ssicos.","rel":"","context":"Em &quot;Blog SABRA&quot;","block_context":{"text":"Blog SABRA","link":"https:\/\/www.sabra.org.br\/site\/category\/blog-sabra\/"},"img":{"alt_text":"compositor-hist\u00f3ria-cl\u00e1ssica-mozart-beethoven-vivaldi","src":"https:\/\/i0.wp.com\/www.sabra.org.br\/site\/wp-content\/uploads\/2022\/07\/x-fatos-curiosos-de-compositores-famosos-da-musica-classica-20220303163651.jpg.jpg?resize=350%2C200&ssl=1","width":350,"height":200,"srcset":"https:\/\/i0.wp.com\/www.sabra.org.br\/site\/wp-content\/uploads\/2022\/07\/x-fatos-curiosos-de-compositores-famosos-da-musica-classica-20220303163651.jpg.jpg?resize=350%2C200&ssl=1 1x, https:\/\/i0.wp.com\/www.sabra.org.br\/site\/wp-content\/uploads\/2022\/07\/x-fatos-curiosos-de-compositores-famosos-da-musica-classica-20220303163651.jpg.jpg?resize=525%2C300&ssl=1 1.5x, https:\/\/i0.wp.com\/www.sabra.org.br\/site\/wp-content\/uploads\/2022\/07\/x-fatos-curiosos-de-compositores-famosos-da-musica-classica-20220303163651.jpg.jpg?resize=700%2C400&ssl=1 2x"},"classes":[]},{"id":13021,"url":"https:\/\/www.sabra.org.br\/site\/x-podcasts-que-todo-musico-iniciante-precisa-ouvir\/","url_meta":{"origin":1854,"position":4},"title":"X podcasts que todo m\u00fasico iniciante precisa ouvir","author":"","date":"22 de agosto de 2025","format":false,"excerpt":"A jornada de um m\u00fasico iniciante \u00e9 repleta de desafios, aprendizados e oportunidades para evoluir. Ouvir podcasts \u00e9 uma maneira acess\u00edvel e pr\u00e1tica de adquirir conhecimento sobre m\u00fasica, ind\u00fastria e desenvolvimento art\u00edstico. Abaixo, destacamos alguns podcasts indispens\u00e1veis para m\u00fasicos que est\u00e3o come\u00e7ando suas trajet\u00f3rias, abordando temas como cria\u00e7\u00e3o musical, marketing,\u2026","rel":"","context":"Em &quot;Blog SABRA&quot;","block_context":{"text":"Blog SABRA","link":"https:\/\/www.sabra.org.br\/site\/category\/blog-sabra\/"},"img":{"alt_text":"","src":"","width":0,"height":0},"classes":[]},{"id":8328,"url":"https:\/\/www.sabra.org.br\/site\/talento-musical\/","url_meta":{"origin":1854,"position":5},"title":"Dicas para desenvolver o talento musical","author":"M\u00e1rcio Miranda Pontes","date":"31 de outubro de 2023","format":false,"excerpt":"Voc\u00ea canta ou toca um instrumento musical e tem vontade de aperfei\u00e7oar sua t\u00e9cnica? Ent\u00e3o confira aqui dicas que separamos para desenvolver todo o talento musical que h\u00e1 em voc\u00ea!","rel":"","context":"Em &quot;Blog SABRA&quot;","block_context":{"text":"Blog SABRA","link":"https:\/\/www.sabra.org.br\/site\/category\/blog-sabra\/"},"img":{"alt_text":"sabra-m\u00fasica-instrumento-aprender-musicaliza\u00e7\u00e3o-desenvolver","src":"https:\/\/i0.wp.com\/www.sabra.org.br\/site\/wp-content\/uploads\/2023\/10\/x-dicas-para-desenvolver-o-talento-musicaljpg-20221229103337.jpg-jpg.webp?resize=350%2C200&ssl=1","width":350,"height":200,"srcset":"https:\/\/i0.wp.com\/www.sabra.org.br\/site\/wp-content\/uploads\/2023\/10\/x-dicas-para-desenvolver-o-talento-musicaljpg-20221229103337.jpg-jpg.webp?resize=350%2C200&ssl=1 1x, https:\/\/i0.wp.com\/www.sabra.org.br\/site\/wp-content\/uploads\/2023\/10\/x-dicas-para-desenvolver-o-talento-musicaljpg-20221229103337.jpg-jpg.webp?resize=525%2C300&ssl=1 1.5x, https:\/\/i0.wp.com\/www.sabra.org.br\/site\/wp-content\/uploads\/2023\/10\/x-dicas-para-desenvolver-o-talento-musicaljpg-20221229103337.jpg-jpg.webp?resize=700%2C400&ssl=1 2x"},"classes":[]}],"jetpack_likes_enabled":true,"jetpack_sharing_enabled":true,"_links":{"self":[{"href":"https:\/\/www.sabra.org.br\/site\/wp-json\/wp\/v2\/posts\/1854","targetHints":{"allow":["GET"]}}],"collection":[{"href":"https:\/\/www.sabra.org.br\/site\/wp-json\/wp\/v2\/posts"}],"about":[{"href":"https:\/\/www.sabra.org.br\/site\/wp-json\/wp\/v2\/types\/post"}],"author":[{"embeddable":true,"href":"https:\/\/www.sabra.org.br\/site\/wp-json\/wp\/v2\/users\/39"}],"replies":[{"embeddable":true,"href":"https:\/\/www.sabra.org.br\/site\/wp-json\/wp\/v2\/comments?post=1854"}],"version-history":[{"count":0,"href":"https:\/\/www.sabra.org.br\/site\/wp-json\/wp\/v2\/posts\/1854\/revisions"}],"wp:featuredmedia":[{"embeddable":true,"href":"https:\/\/www.sabra.org.br\/site\/wp-json\/wp\/v2\/media\/1855"}],"wp:attachment":[{"href":"https:\/\/www.sabra.org.br\/site\/wp-json\/wp\/v2\/media?parent=1854"}],"wp:term":[{"taxonomy":"category","embeddable":true,"href":"https:\/\/www.sabra.org.br\/site\/wp-json\/wp\/v2\/categories?post=1854"},{"taxonomy":"post_tag","embeddable":true,"href":"https:\/\/www.sabra.org.br\/site\/wp-json\/wp\/v2\/tags?post=1854"}],"curies":[{"name":"wp","href":"https:\/\/api.w.org\/{rel}","templated":true}]}}