{"id":1867,"date":"2019-04-09T08:50:39","date_gmt":"2019-04-09T11:50:39","guid":{"rendered":"https:\/\/www.sabra.org.br\/site\/?p=1867"},"modified":"2025-04-20T19:16:43","modified_gmt":"2025-04-20T22:16:43","slug":"instituicao-social-e-sociedade","status":"publish","type":"post","link":"https:\/\/www.sabra.org.br\/site\/instituicao-social-e-sociedade\/","title":{"rendered":"Institui\u00e7\u00e3o social e sociedade"},"content":{"rendered":"<h2>Como uma institui\u00e7\u00e3o social contribui para a sociedade?<\/h2>\n<p>A sociedade passa por diversos problemas, sempre passou e sempre vai passar. Mas ela tamb\u00e9m traz in\u00fameros benef\u00edcios, que muitas vezes s\u00e3o um pouco menosprezados, gra\u00e7as \u00e0 tend\u00eancia natural em colocar o foco no que est\u00e1 errado. As institui\u00e7\u00f5es sociais s\u00e3o um \u00f3timo exemplo e elas contribuem ativamente para a sociedade.<\/p>\n<h2>O que s\u00e3o as institui\u00e7\u00f5es sociais?<\/h2>\n<p>Essas institui\u00e7\u00f5es s\u00e3o formas da sociedade se organizar e de reunir membros com pensamentos, gostos ou qualquer caracter\u00edstica semelhante. Assim, \u00e9 poss\u00edvel cumprir os objetivos que toda institui\u00e7\u00e3o tem.<\/p>\n<p>A SABRA \u00e9 um \u00f3timo exemplo. A Sociedade Art\u00edstica Brasileira \u00e9 uma institui\u00e7\u00e3o com o foco voltado para o aspecto cultural. Por isso, seu objetivo \u00e9 promover a inclus\u00e3o social, usando a m\u00fasica e a cultura como meios para cumprir essa miss\u00e3o. Na pr\u00e1tica, isso \u00e9 feito atrav\u00e9s da:<\/p>\n<ul>\n<li>Inclus\u00e3o e socializa\u00e7\u00e3o do p\u00fablico atrav\u00e9s da arte e da cultura<\/li>\n<li>Integra\u00e7\u00e3o de jovens no mercado de trabalho, atrav\u00e9s da assimila\u00e7\u00e3o de conceitos gerais ou de habilidades mais espec\u00edficas<\/li>\n<li>Cria\u00e7\u00e3o de um ambiente comunit\u00e1rio protetor, que refor\u00e7a a integra\u00e7\u00e3o familiar<\/li>\n<\/ul>\n<p>Com isso, crian\u00e7as, jovens, adolescentes e fam\u00edlias em situa\u00e7\u00e3o vulner\u00e1vel podem trabalhar para construir um futuro mais aut\u00f4nomo e pr\u00f3ximo.<\/p>\n<h2>Os benef\u00edcios das institui\u00e7\u00f5es sociais<\/h2>\n<p>Por cumprir esses objetivos, \u00e9 que a SABRA e todas as outras institui\u00e7\u00f5es sociais s\u00e3o t\u00e3o importantes para a sociedade.<\/p>\n<p>Existem ainda as institui\u00e7\u00f5es mais b\u00e1sicas como, por exemplo, a fam\u00edlia. Essa \u00e9 uma institui\u00e7\u00e3o social muito poderosa e que est\u00e1 presente na ra\u00e7a humana desde, praticamente, sempre.<\/p>\n<p>Seu objetivo, assim como de todas as institui\u00e7\u00f5es, \u00e9 dar apoio, seguran\u00e7a e educa\u00e7\u00e3o para os seus membros.<\/p>\n<p>Por\u00e9m, as institui\u00e7\u00f5es sociais n\u00e3o existem em um v\u00e1cuo, e elas se comunicam entre si de modo a complementar as fun\u00e7\u00f5es que outras podem exercer com mais maestria. Por exemplo, a escola. Esse \u00e9 outro exemplo de uma institui\u00e7\u00e3o social fundamental, que tem como objetivo b\u00e1sico, evidentemente, proporcionar a educa\u00e7\u00e3o das crian\u00e7as de uma comunidade.<\/p>\n<p>Essa \u00e9 apenas a fun\u00e7\u00e3o mais b\u00e1sica e evidente da escola e, assim como todas as outras institui\u00e7\u00f5es, ela possui atribui\u00e7\u00f5es importantes em diversos outros aspectos. \u00c9 l\u00e1, por exemplo, que a crian\u00e7a ir\u00e1 aprender a se socializar com outros indiv\u00edduos fora da sua fam\u00edlia e ir\u00e1 aprender conceitos como responsabilidade, trabalho em equipe e diversos outros que ir\u00e3o ajud\u00e1-la por toda vida.<\/p>\n<p>Institui\u00e7\u00f5es como a SABRA ajudam a complementar o ensino das escolas. A SABRA traz formas de socializar, aprender e inserir os indiv\u00edduos na comunidade atrav\u00e9s da cultura.<\/p>\n<h2>A integra\u00e7\u00e3o entre as institui\u00e7\u00f5es sociais<\/h2>\n<p>As escolas s\u00e3o um \u00f3timo exemplo tanto do alcance das institui\u00e7\u00f5es sociais como da sua capacidade de integra\u00e7\u00e3o com as outras. Tudo que a crian\u00e7a aprende na escola, n\u00e3o apenas em rela\u00e7\u00e3o \u00e0s mat\u00e9rias, mas tamb\u00e9m ao seu comportamento e \u00e0 maneira como ela se relaciona com outros indiv\u00edduos, ir\u00e1 refletir em outros aspectos da sua vida.<\/p>\n<p>As institui\u00e7\u00f5es conversam sempre, atrav\u00e9s de seus membros, e seus efeitos s\u00e3o vistos umas nas outras. Por isso, o desempenho das crian\u00e7as na escola, por exemplo, pode ser melhorado com a integra\u00e7\u00e3o em outra institui\u00e7\u00e3o. O mesmo se aplica \u00e0 sua rela\u00e7\u00e3o com a fam\u00edlia.<\/p>\n<p>A SABRA entende a import\u00e2ncia das institui\u00e7\u00f5es sociais, que ajudam a melhorar a vida de seus membros, da comunidade em que est\u00e1 inserida e, por fim, de toda a sociedade.<\/p>\n<blockquote class=\"wp-embedded-content\" data-secret=\"dGs9L7eZTB\"><p><a href=\"https:\/\/www.sabra.org.br\/site\/jovens-e-musica\/\">Jovens e a Influ\u00eancia Transformadora da M\u00fasica<\/a><\/p><\/blockquote>\n<p><iframe class=\"wp-embedded-content\" sandbox=\"allow-scripts\" security=\"restricted\" style=\"position: absolute; visibility: hidden;\" title=\"&#8220;Jovens e a Influ\u00eancia Transformadora da M\u00fasica&#8221; &#8212; SABRA - Sociedade Art\u00edstica Brasileira\" src=\"https:\/\/www.sabra.org.br\/site\/jovens-e-musica\/embed\/#?secret=RompNp66io#?secret=dGs9L7eZTB\" data-secret=\"dGs9L7eZTB\" width=\"600\" height=\"338\" frameborder=\"0\" marginwidth=\"0\" marginheight=\"0\" scrolling=\"no\"><\/iframe><\/p>\n<h2>Se voc\u00ea gostou deste post:<\/h2>\n<p>&#8211; siga as nossas p\u00e1ginas nas redes sociais para acompanhar as nossas atualiza\u00e7\u00f5es: estamos no <a href=\"https:\/\/www.facebook.com\/sabrabrasil\" target=\"_blank\" rel=\"noopener noreferrer\">Facebook<\/a>, no <a href=\"https:\/\/www.instagram.com\/sabrabrasil\/\" target=\"_blank\" rel=\"noopener noreferrer\">Instagram<\/a>, no <a href=\"https:\/\/www.linkedin.com\/company\/25002088\" target=\"_blank\" rel=\"noopener noreferrer\">LinkedIn<\/a>, no <a href=\"https:\/\/twitter.com\/ContatoSabra\" target=\"_blank\" rel=\"noopener noreferrer\">Twitter<\/a> e no <a href=\"https:\/\/www.youtube.com\/channel\/UCJw-kbuEvzUNdeQf20Pa-eQ\" target=\"_blank\" rel=\"noopener noreferrer\">YouTube<\/a>!<\/p>\n<p>&#8211; Conhe\u00e7a o trabalho da Sociedade Art\u00edstica Brasileira (SABRA) e todas as iniciativas culturais e sociais que ela mant\u00e9m. <a href=\"https:\/\/www.sabra.org.br\/site\/acoes\/\" target=\"_blank\" rel=\"noopener noreferrer\">Acesse nosso site!<\/a><\/p>\n<p>&#8211; entre em contato com a gente. E veja quais s\u00e3o as op\u00e7\u00f5es de ajuda na manuten\u00e7\u00e3o de nossas a\u00e7\u00f5es sociais e culturais. Basta acessar nossa p\u00e1gina <a href=\"https:\/\/www.sabra.org.br\/site\/doe-agora\/\" target=\"_blank\" rel=\"noopener noreferrer\">Doe Agora!<\/a><\/p>\n<p>&#8211; Compartilhe este texto nas suas redes sociais e ajude os seus amigos a tamb\u00e9m dominarem o assunto!<\/p>\n","protected":false},"excerpt":{"rendered":"<p>institui\u00e7\u00f5es sociais<br \/>\nsociedade art\u00edstica brasileira<br \/>\ninstitui\u00e7\u00f5es<br \/>\ninstitui\u00e7\u00e3o social<br \/>\n\u00f3timo exemplo<\/p>\n","protected":false},"author":39,"featured_media":1868,"comment_status":"closed","ping_status":"closed","sticky":false,"template":"","format":"standard","meta":{"jetpack_post_was_ever_published":false,"_jetpack_newsletter_access":"","_jetpack_dont_email_post_to_subs":false,"_jetpack_newsletter_tier_id":0,"_jetpack_memberships_contains_paywalled_content":false,"_jetpack_memberships_contains_paid_content":false,"footnotes":""},"categories":[1],"tags":[15,8,1118,16,12,11,9],"class_list":["post-1867","post","type-post","status-publish","format-standard","has-post-thumbnail","hentry","category-blog-sabra","tag-assistencia-social","tag-canto-coral","tag-instituicao-social","tag-musicalizacao-infantil","tag-oficina-musical-sabra","tag-orquestra-sinfonica-de-betim","tag-sociedade-artistica-brasileira"],"yoast_head":"<!-- This site is optimized with the Yoast SEO plugin v27.5 - https:\/\/yoast.com\/product\/yoast-seo-wordpress\/ -->\n<title>Institui\u00e7\u00e3o social e sociedade - SABRA - Sociedade Art\u00edstica Brasileira<\/title>\n<meta name=\"description\" content=\"Al\u00e9m de oferecer assist\u00eancia a quem muitas vezes n\u00e3o tem condi\u00e7\u00f5es financeiras, uma institui\u00e7\u00e3o social ajuda no fortalecimento de uma cultura voltada para a garantia dos direitos sociais b\u00e1sicos.\" \/>\n<meta name=\"robots\" content=\"index, follow, max-snippet:-1, max-image-preview:large, max-video-preview:-1\" \/>\n<link rel=\"canonical\" href=\"https:\/\/www.sabra.org.br\/site\/instituicao-social-e-sociedade\/\" \/>\n<meta property=\"og:locale\" content=\"pt_BR\" \/>\n<meta property=\"og:type\" content=\"article\" \/>\n<meta property=\"og:title\" content=\"Institui\u00e7\u00e3o social e sociedade - SABRA - Sociedade Art\u00edstica Brasileira\" \/>\n<meta property=\"og:description\" content=\"Al\u00e9m de oferecer assist\u00eancia a quem muitas vezes n\u00e3o tem condi\u00e7\u00f5es financeiras, uma institui\u00e7\u00e3o social ajuda no fortalecimento de uma cultura voltada para a garantia dos direitos sociais b\u00e1sicos.\" \/>\n<meta property=\"og:url\" content=\"https:\/\/www.sabra.org.br\/site\/instituicao-social-e-sociedade\/\" \/>\n<meta property=\"og:site_name\" content=\"SABRA - Sociedade Art\u00edstica Brasileira\" \/>\n<meta property=\"article:publisher\" content=\"https:\/\/www.facebook.com\/sabrabrasil\" \/>\n<meta property=\"article:published_time\" content=\"2019-04-09T11:50:39+00:00\" \/>\n<meta property=\"article:modified_time\" content=\"2025-04-20T22:16:43+00:00\" \/>\n<meta property=\"og:image\" content=\"https:\/\/www.sabra.org.br\/site\/wp-content\/uploads\/2019\/04\/como-uma-instituicao-social-contribui-para-a-sociedade-20180918131645.jpg.jpg\" \/>\n\t<meta property=\"og:image:width\" content=\"800\" \/>\n\t<meta property=\"og:image:height\" content=\"466\" \/>\n\t<meta property=\"og:image:type\" content=\"image\/jpeg\" \/>\n<meta name=\"author\" content=\"M\u00e1rcio Miranda Pontes\" \/>\n<meta name=\"twitter:card\" content=\"summary_large_image\" \/>\n<meta name=\"twitter:creator\" content=\"@ContatoSabra\" \/>\n<meta name=\"twitter:site\" content=\"@ContatoSabra\" \/>\n<meta name=\"twitter:label1\" content=\"Escrito por\" \/>\n\t<meta name=\"twitter:data1\" content=\"M\u00e1rcio Miranda Pontes\" \/>\n\t<meta name=\"twitter:label2\" content=\"Est. tempo de leitura\" \/>\n\t<meta name=\"twitter:data2\" content=\"4 minutos\" \/>\n<script type=\"application\/ld+json\" class=\"yoast-schema-graph\">{\"@context\":\"https:\\\/\\\/schema.org\",\"@graph\":[{\"@type\":\"Article\",\"@id\":\"https:\\\/\\\/www.sabra.org.br\\\/site\\\/instituicao-social-e-sociedade\\\/#article\",\"isPartOf\":{\"@id\":\"https:\\\/\\\/www.sabra.org.br\\\/site\\\/instituicao-social-e-sociedade\\\/\"},\"author\":{\"name\":\"M\u00e1rcio Miranda Pontes\",\"@id\":\"https:\\\/\\\/www.sabra.org.br\\\/site\\\/#\\\/schema\\\/person\\\/7d1d222c3c8891d4c37c7b41bf6315c2\"},\"headline\":\"Institui\u00e7\u00e3o social e sociedade\",\"datePublished\":\"2019-04-09T11:50:39+00:00\",\"dateModified\":\"2025-04-20T22:16:43+00:00\",\"mainEntityOfPage\":{\"@id\":\"https:\\\/\\\/www.sabra.org.br\\\/site\\\/instituicao-social-e-sociedade\\\/\"},\"wordCount\":761,\"publisher\":{\"@id\":\"https:\\\/\\\/www.sabra.org.br\\\/site\\\/#organization\"},\"image\":{\"@id\":\"https:\\\/\\\/www.sabra.org.br\\\/site\\\/instituicao-social-e-sociedade\\\/#primaryimage\"},\"thumbnailUrl\":\"https:\\\/\\\/www.sabra.org.br\\\/site\\\/wp-content\\\/uploads\\\/2019\\\/04\\\/como-uma-instituicao-social-contribui-para-a-sociedade-20180918131645.jpg.jpg\",\"keywords\":[\"Assist\u00eancia social\",\"Canto Coral\",\"Institui\u00e7\u00e3o social\",\"Musicaliza\u00e7\u00e3o Infantil\",\"Oficina Musical SABRA\",\"Orquestra Sinf\u00f4nica de Betim\",\"Sociedade Art\u00edstica Brasileira\"],\"articleSection\":[\"Blog SABRA\"],\"inLanguage\":\"pt-BR\"},{\"@type\":\"WebPage\",\"@id\":\"https:\\\/\\\/www.sabra.org.br\\\/site\\\/instituicao-social-e-sociedade\\\/\",\"url\":\"https:\\\/\\\/www.sabra.org.br\\\/site\\\/instituicao-social-e-sociedade\\\/\",\"name\":\"Institui\u00e7\u00e3o social e sociedade - SABRA - Sociedade Art\u00edstica Brasileira\",\"isPartOf\":{\"@id\":\"https:\\\/\\\/www.sabra.org.br\\\/site\\\/#website\"},\"primaryImageOfPage\":{\"@id\":\"https:\\\/\\\/www.sabra.org.br\\\/site\\\/instituicao-social-e-sociedade\\\/#primaryimage\"},\"image\":{\"@id\":\"https:\\\/\\\/www.sabra.org.br\\\/site\\\/instituicao-social-e-sociedade\\\/#primaryimage\"},\"thumbnailUrl\":\"https:\\\/\\\/www.sabra.org.br\\\/site\\\/wp-content\\\/uploads\\\/2019\\\/04\\\/como-uma-instituicao-social-contribui-para-a-sociedade-20180918131645.jpg.jpg\",\"datePublished\":\"2019-04-09T11:50:39+00:00\",\"dateModified\":\"2025-04-20T22:16:43+00:00\",\"description\":\"Al\u00e9m de oferecer assist\u00eancia a quem muitas vezes n\u00e3o tem condi\u00e7\u00f5es financeiras, uma institui\u00e7\u00e3o social ajuda no fortalecimento de uma cultura voltada para a garantia dos direitos sociais b\u00e1sicos.\",\"breadcrumb\":{\"@id\":\"https:\\\/\\\/www.sabra.org.br\\\/site\\\/instituicao-social-e-sociedade\\\/#breadcrumb\"},\"inLanguage\":\"pt-BR\",\"potentialAction\":[{\"@type\":\"ReadAction\",\"target\":[\"https:\\\/\\\/www.sabra.org.br\\\/site\\\/instituicao-social-e-sociedade\\\/\"]}]},{\"@type\":\"ImageObject\",\"inLanguage\":\"pt-BR\",\"@id\":\"https:\\\/\\\/www.sabra.org.br\\\/site\\\/instituicao-social-e-sociedade\\\/#primaryimage\",\"url\":\"https:\\\/\\\/www.sabra.org.br\\\/site\\\/wp-content\\\/uploads\\\/2019\\\/04\\\/como-uma-instituicao-social-contribui-para-a-sociedade-20180918131645.jpg.jpg\",\"contentUrl\":\"https:\\\/\\\/www.sabra.org.br\\\/site\\\/wp-content\\\/uploads\\\/2019\\\/04\\\/como-uma-instituicao-social-contribui-para-a-sociedade-20180918131645.jpg.jpg\",\"width\":800,\"height\":466,\"caption\":\"Sociedade Art\u00edstica Brasileira SABRA\"},{\"@type\":\"BreadcrumbList\",\"@id\":\"https:\\\/\\\/www.sabra.org.br\\\/site\\\/instituicao-social-e-sociedade\\\/#breadcrumb\",\"itemListElement\":[{\"@type\":\"ListItem\",\"position\":1,\"name\":\"In\u00edcio\",\"item\":\"https:\\\/\\\/www.sabra.org.br\\\/site\\\/\"},{\"@type\":\"ListItem\",\"position\":2,\"name\":\"Institui\u00e7\u00e3o social e sociedade\"}]},{\"@type\":\"WebSite\",\"@id\":\"https:\\\/\\\/www.sabra.org.br\\\/site\\\/#website\",\"url\":\"https:\\\/\\\/www.sabra.org.br\\\/site\\\/\",\"name\":\"SABRA - Sociedade Art\u00edstica Brasileira\",\"description\":\"Escola de M\u00fasica, Orquestra Sinf\u00f4nica, Coral e Patrim\u00f4nio Cultural e Hist\u00f3rico\",\"publisher\":{\"@id\":\"https:\\\/\\\/www.sabra.org.br\\\/site\\\/#organization\"},\"potentialAction\":[{\"@type\":\"SearchAction\",\"target\":{\"@type\":\"EntryPoint\",\"urlTemplate\":\"https:\\\/\\\/www.sabra.org.br\\\/site\\\/?s={search_term_string}\"},\"query-input\":{\"@type\":\"PropertyValueSpecification\",\"valueRequired\":true,\"valueName\":\"search_term_string\"}}],\"inLanguage\":\"pt-BR\"},{\"@type\":\"Organization\",\"@id\":\"https:\\\/\\\/www.sabra.org.br\\\/site\\\/#organization\",\"name\":\"SOCIEDADE ART\u00cdSTICA BRASILEIRA SABRA\",\"alternateName\":\"SABRA\",\"url\":\"https:\\\/\\\/www.sabra.org.br\\\/site\\\/\",\"logo\":{\"@type\":\"ImageObject\",\"inLanguage\":\"pt-BR\",\"@id\":\"https:\\\/\\\/www.sabra.org.br\\\/site\\\/#\\\/schema\\\/logo\\\/image\\\/\",\"url\":\"https:\\\/\\\/www.sabra.org.br\\\/site\\\/wp-content\\\/uploads\\\/2019\\\/06\\\/cropped-Logo_SABRA-Copia-1.webp\",\"contentUrl\":\"https:\\\/\\\/www.sabra.org.br\\\/site\\\/wp-content\\\/uploads\\\/2019\\\/06\\\/cropped-Logo_SABRA-Copia-1.webp\",\"width\":400,\"height\":128,\"caption\":\"SOCIEDADE ART\u00cdSTICA BRASILEIRA SABRA\"},\"image\":{\"@id\":\"https:\\\/\\\/www.sabra.org.br\\\/site\\\/#\\\/schema\\\/logo\\\/image\\\/\"},\"sameAs\":[\"https:\\\/\\\/www.facebook.com\\\/sabrabrasil\",\"https:\\\/\\\/x.com\\\/ContatoSabra\",\"https:\\\/\\\/www.instagram.com\\\/sabrabrasil\\\/\",\"https:\\\/\\\/www.linkedin.com\\\/company\\\/25002088\\\/\",\"https:\\\/\\\/br.pinterest.com\\\/sociedadeartisticabrasileira\\\/\",\"https:\\\/\\\/www.youtube.com\\\/c\\\/sabrabrasil\"]},{\"@type\":\"Person\",\"@id\":\"https:\\\/\\\/www.sabra.org.br\\\/site\\\/#\\\/schema\\\/person\\\/7d1d222c3c8891d4c37c7b41bf6315c2\",\"name\":\"M\u00e1rcio Miranda Pontes\",\"image\":{\"@type\":\"ImageObject\",\"inLanguage\":\"pt-BR\",\"@id\":\"https:\\\/\\\/secure.gravatar.com\\\/avatar\\\/3b45f24496a7625a3a6c436688fbe20344faaeb2979658dc4a9921f984d7df9a?s=96&d=mm&r=g\",\"url\":\"https:\\\/\\\/secure.gravatar.com\\\/avatar\\\/3b45f24496a7625a3a6c436688fbe20344faaeb2979658dc4a9921f984d7df9a?s=96&d=mm&r=g\",\"contentUrl\":\"https:\\\/\\\/secure.gravatar.com\\\/avatar\\\/3b45f24496a7625a3a6c436688fbe20344faaeb2979658dc4a9921f984d7df9a?s=96&d=mm&r=g\",\"caption\":\"M\u00e1rcio Miranda Pontes\"},\"sameAs\":[\"http:\\\/\\\/www.sabra.org.br\"],\"url\":\"https:\\\/\\\/www.sabra.org.br\\\/site\\\/author\\\/marcio-miranda-pontes\\\/\"}]}<\/script>\n<!-- \/ Yoast SEO plugin. -->","yoast_head_json":{"title":"Institui\u00e7\u00e3o social e sociedade - SABRA - Sociedade Art\u00edstica Brasileira","description":"Al\u00e9m de oferecer assist\u00eancia a quem muitas vezes n\u00e3o tem condi\u00e7\u00f5es financeiras, uma institui\u00e7\u00e3o social ajuda no fortalecimento de uma cultura voltada para a garantia dos direitos sociais b\u00e1sicos.","robots":{"index":"index","follow":"follow","max-snippet":"max-snippet:-1","max-image-preview":"max-image-preview:large","max-video-preview":"max-video-preview:-1"},"canonical":"https:\/\/www.sabra.org.br\/site\/instituicao-social-e-sociedade\/","og_locale":"pt_BR","og_type":"article","og_title":"Institui\u00e7\u00e3o social e sociedade - SABRA - Sociedade Art\u00edstica Brasileira","og_description":"Al\u00e9m de oferecer assist\u00eancia a quem muitas vezes n\u00e3o tem condi\u00e7\u00f5es financeiras, uma institui\u00e7\u00e3o social ajuda no fortalecimento de uma cultura voltada para a garantia dos direitos sociais b\u00e1sicos.","og_url":"https:\/\/www.sabra.org.br\/site\/instituicao-social-e-sociedade\/","og_site_name":"SABRA - Sociedade Art\u00edstica Brasileira","article_publisher":"https:\/\/www.facebook.com\/sabrabrasil","article_published_time":"2019-04-09T11:50:39+00:00","article_modified_time":"2025-04-20T22:16:43+00:00","og_image":[{"width":800,"height":466,"url":"https:\/\/www.sabra.org.br\/site\/wp-content\/uploads\/2019\/04\/como-uma-instituicao-social-contribui-para-a-sociedade-20180918131645.jpg.jpg","type":"image\/jpeg"}],"author":"M\u00e1rcio Miranda Pontes","twitter_card":"summary_large_image","twitter_creator":"@ContatoSabra","twitter_site":"@ContatoSabra","twitter_misc":{"Escrito por":"M\u00e1rcio Miranda Pontes","Est. tempo de leitura":"4 minutos"},"schema":{"@context":"https:\/\/schema.org","@graph":[{"@type":"Article","@id":"https:\/\/www.sabra.org.br\/site\/instituicao-social-e-sociedade\/#article","isPartOf":{"@id":"https:\/\/www.sabra.org.br\/site\/instituicao-social-e-sociedade\/"},"author":{"name":"M\u00e1rcio Miranda Pontes","@id":"https:\/\/www.sabra.org.br\/site\/#\/schema\/person\/7d1d222c3c8891d4c37c7b41bf6315c2"},"headline":"Institui\u00e7\u00e3o social e sociedade","datePublished":"2019-04-09T11:50:39+00:00","dateModified":"2025-04-20T22:16:43+00:00","mainEntityOfPage":{"@id":"https:\/\/www.sabra.org.br\/site\/instituicao-social-e-sociedade\/"},"wordCount":761,"publisher":{"@id":"https:\/\/www.sabra.org.br\/site\/#organization"},"image":{"@id":"https:\/\/www.sabra.org.br\/site\/instituicao-social-e-sociedade\/#primaryimage"},"thumbnailUrl":"https:\/\/www.sabra.org.br\/site\/wp-content\/uploads\/2019\/04\/como-uma-instituicao-social-contribui-para-a-sociedade-20180918131645.jpg.jpg","keywords":["Assist\u00eancia social","Canto Coral","Institui\u00e7\u00e3o social","Musicaliza\u00e7\u00e3o Infantil","Oficina Musical SABRA","Orquestra Sinf\u00f4nica de Betim","Sociedade Art\u00edstica Brasileira"],"articleSection":["Blog SABRA"],"inLanguage":"pt-BR"},{"@type":"WebPage","@id":"https:\/\/www.sabra.org.br\/site\/instituicao-social-e-sociedade\/","url":"https:\/\/www.sabra.org.br\/site\/instituicao-social-e-sociedade\/","name":"Institui\u00e7\u00e3o social e sociedade - SABRA - Sociedade Art\u00edstica Brasileira","isPartOf":{"@id":"https:\/\/www.sabra.org.br\/site\/#website"},"primaryImageOfPage":{"@id":"https:\/\/www.sabra.org.br\/site\/instituicao-social-e-sociedade\/#primaryimage"},"image":{"@id":"https:\/\/www.sabra.org.br\/site\/instituicao-social-e-sociedade\/#primaryimage"},"thumbnailUrl":"https:\/\/www.sabra.org.br\/site\/wp-content\/uploads\/2019\/04\/como-uma-instituicao-social-contribui-para-a-sociedade-20180918131645.jpg.jpg","datePublished":"2019-04-09T11:50:39+00:00","dateModified":"2025-04-20T22:16:43+00:00","description":"Al\u00e9m de oferecer assist\u00eancia a quem muitas vezes n\u00e3o tem condi\u00e7\u00f5es financeiras, uma institui\u00e7\u00e3o social ajuda no fortalecimento de uma cultura voltada para a garantia dos direitos sociais b\u00e1sicos.","breadcrumb":{"@id":"https:\/\/www.sabra.org.br\/site\/instituicao-social-e-sociedade\/#breadcrumb"},"inLanguage":"pt-BR","potentialAction":[{"@type":"ReadAction","target":["https:\/\/www.sabra.org.br\/site\/instituicao-social-e-sociedade\/"]}]},{"@type":"ImageObject","inLanguage":"pt-BR","@id":"https:\/\/www.sabra.org.br\/site\/instituicao-social-e-sociedade\/#primaryimage","url":"https:\/\/www.sabra.org.br\/site\/wp-content\/uploads\/2019\/04\/como-uma-instituicao-social-contribui-para-a-sociedade-20180918131645.jpg.jpg","contentUrl":"https:\/\/www.sabra.org.br\/site\/wp-content\/uploads\/2019\/04\/como-uma-instituicao-social-contribui-para-a-sociedade-20180918131645.jpg.jpg","width":800,"height":466,"caption":"Sociedade Art\u00edstica Brasileira SABRA"},{"@type":"BreadcrumbList","@id":"https:\/\/www.sabra.org.br\/site\/instituicao-social-e-sociedade\/#breadcrumb","itemListElement":[{"@type":"ListItem","position":1,"name":"In\u00edcio","item":"https:\/\/www.sabra.org.br\/site\/"},{"@type":"ListItem","position":2,"name":"Institui\u00e7\u00e3o social e sociedade"}]},{"@type":"WebSite","@id":"https:\/\/www.sabra.org.br\/site\/#website","url":"https:\/\/www.sabra.org.br\/site\/","name":"SABRA - Sociedade Art\u00edstica Brasileira","description":"Escola de M\u00fasica, Orquestra Sinf\u00f4nica, Coral e Patrim\u00f4nio Cultural e Hist\u00f3rico","publisher":{"@id":"https:\/\/www.sabra.org.br\/site\/#organization"},"potentialAction":[{"@type":"SearchAction","target":{"@type":"EntryPoint","urlTemplate":"https:\/\/www.sabra.org.br\/site\/?s={search_term_string}"},"query-input":{"@type":"PropertyValueSpecification","valueRequired":true,"valueName":"search_term_string"}}],"inLanguage":"pt-BR"},{"@type":"Organization","@id":"https:\/\/www.sabra.org.br\/site\/#organization","name":"SOCIEDADE ART\u00cdSTICA BRASILEIRA SABRA","alternateName":"SABRA","url":"https:\/\/www.sabra.org.br\/site\/","logo":{"@type":"ImageObject","inLanguage":"pt-BR","@id":"https:\/\/www.sabra.org.br\/site\/#\/schema\/logo\/image\/","url":"https:\/\/www.sabra.org.br\/site\/wp-content\/uploads\/2019\/06\/cropped-Logo_SABRA-Copia-1.webp","contentUrl":"https:\/\/www.sabra.org.br\/site\/wp-content\/uploads\/2019\/06\/cropped-Logo_SABRA-Copia-1.webp","width":400,"height":128,"caption":"SOCIEDADE ART\u00cdSTICA BRASILEIRA SABRA"},"image":{"@id":"https:\/\/www.sabra.org.br\/site\/#\/schema\/logo\/image\/"},"sameAs":["https:\/\/www.facebook.com\/sabrabrasil","https:\/\/x.com\/ContatoSabra","https:\/\/www.instagram.com\/sabrabrasil\/","https:\/\/www.linkedin.com\/company\/25002088\/","https:\/\/br.pinterest.com\/sociedadeartisticabrasileira\/","https:\/\/www.youtube.com\/c\/sabrabrasil"]},{"@type":"Person","@id":"https:\/\/www.sabra.org.br\/site\/#\/schema\/person\/7d1d222c3c8891d4c37c7b41bf6315c2","name":"M\u00e1rcio Miranda Pontes","image":{"@type":"ImageObject","inLanguage":"pt-BR","@id":"https:\/\/secure.gravatar.com\/avatar\/3b45f24496a7625a3a6c436688fbe20344faaeb2979658dc4a9921f984d7df9a?s=96&d=mm&r=g","url":"https:\/\/secure.gravatar.com\/avatar\/3b45f24496a7625a3a6c436688fbe20344faaeb2979658dc4a9921f984d7df9a?s=96&d=mm&r=g","contentUrl":"https:\/\/secure.gravatar.com\/avatar\/3b45f24496a7625a3a6c436688fbe20344faaeb2979658dc4a9921f984d7df9a?s=96&d=mm&r=g","caption":"M\u00e1rcio Miranda Pontes"},"sameAs":["http:\/\/www.sabra.org.br"],"url":"https:\/\/www.sabra.org.br\/site\/author\/marcio-miranda-pontes\/"}]}},"jetpack_featured_media_url":"https:\/\/www.sabra.org.br\/site\/wp-content\/uploads\/2019\/04\/como-uma-instituicao-social-contribui-para-a-sociedade-20180918131645.jpg.jpg","jetpack_shortlink":"https:\/\/wp.me\/p95j2Z-u7","jetpack-related-posts":[{"id":13438,"url":"https:\/\/www.sabra.org.br\/site\/instituicoes-sociais\/","url_meta":{"origin":1867,"position":0},"title":"Afinal, o que caracteriza uma institui\u00e7\u00e3o social?","author":"M\u00e1rcio Miranda Pontes","date":"8 de junho de 2025","format":false,"excerpt":"Descubra o que caracteriza uma institui\u00e7\u00e3o social e como ela impacta a estrutura da sociedade e suas intera\u00e7\u00f5es.","rel":"","context":"Em &quot;Blog SABRA&quot;","block_context":{"text":"Blog SABRA","link":"https:\/\/www.sabra.org.br\/site\/category\/blog-sabra\/"},"img":{"alt_text":"","src":"","width":0,"height":0},"classes":[]},{"id":13435,"url":"https:\/\/www.sabra.org.br\/site\/criancas-e-instituicoes\/","url_meta":{"origin":1867,"position":1},"title":"Qual o papel da institui\u00e7\u00e3o no desenvolvimento das crian\u00e7as e jovens?","author":"M\u00e1rcio Miranda Pontes","date":"8 de junho de 2025","format":false,"excerpt":"Saiba como as institui\u00e7\u00f5es sociais atuam na forma\u00e7\u00e3o e desenvolvimento de crian\u00e7as, regulando a\u00e7\u00f5es e promovendo valores.","rel":"","context":"Em &quot;Blog SABRA&quot;","block_context":{"text":"Blog SABRA","link":"https:\/\/www.sabra.org.br\/site\/category\/blog-sabra\/"},"img":{"alt_text":"","src":"","width":0,"height":0},"classes":[]},{"id":13436,"url":"https:\/\/www.sabra.org.br\/site\/sociedade-e-instituicoes\/","url_meta":{"origin":1867,"position":2},"title":"Como as institui\u00e7\u00f5es sociais podem ajudar na organiza\u00e7\u00e3o da sociedade?","author":"M\u00e1rcio Miranda Pontes","date":"8 de junho de 2025","format":false,"excerpt":"Entenda como as institui\u00e7\u00f5es sociais impactam a sociedade e promovem bem-estar e seguran\u00e7a para todos os indiv\u00edduos.","rel":"","context":"Em &quot;Blog SABRA&quot;","block_context":{"text":"Blog SABRA","link":"https:\/\/www.sabra.org.br\/site\/category\/blog-sabra\/"},"img":{"alt_text":"","src":"","width":0,"height":0},"classes":[]},{"id":13437,"url":"https:\/\/www.sabra.org.br\/site\/reproducao-cultural\/","url_meta":{"origin":1867,"position":3},"title":"Institui\u00e7\u00f5es sociais e reprodu\u00e7\u00e3o social: como os dois est\u00e3o relacionados?","author":"M\u00e1rcio Miranda Pontes","date":"8 de junho de 2025","format":false,"excerpt":"Descubra a import\u00e2ncia da reprodu\u00e7\u00e3o social e o papel das institui\u00e7\u00f5es na preserva\u00e7\u00e3o de tradi\u00e7\u00f5es ao longo da hist\u00f3ria.","rel":"","context":"Em &quot;Blog SABRA&quot;","block_context":{"text":"Blog SABRA","link":"https:\/\/www.sabra.org.br\/site\/category\/blog-sabra\/"},"img":{"alt_text":"","src":"","width":0,"height":0},"classes":[]},{"id":7795,"url":"https:\/\/www.sabra.org.br\/site\/musical-artista\/","url_meta":{"origin":1867,"position":4},"title":"SABRA te incentivando no caminho da m\u00fasica","author":"M\u00e1rcio Miranda Pontes","date":"8 de agosto de 2023","format":false,"excerpt":"A Sociedade Art\u00edstica Brasileira (SABRA) \u00e9 uma institui\u00e7\u00e3o reconhecida no cen\u00e1rio musical brasileiro por seu apoio e incentivo aos artistas que trilham seu caminho na m\u00fasica. Saiba como podemos ajudar!","rel":"","context":"Em &quot;Blog SABRA&quot;","block_context":{"text":"Blog SABRA","link":"https:\/\/www.sabra.org.br\/site\/category\/blog-sabra\/"},"img":{"alt_text":"sabra-m\u00fasica-musical-artistas-oportunidades-art\u00edstica-brasileira-cultura-institui\u00e7\u00e3o-oferecer-sociais","src":"https:\/\/i0.wp.com\/www.sabra.org.br\/site\/wp-content\/uploads\/2023\/08\/sociedade-artistica-brasileira-te-incentivando-no-caminho-da-musicajpg-20230504105610.jpg-jpg.webp?resize=350%2C200&ssl=1","width":350,"height":200,"srcset":"https:\/\/i0.wp.com\/www.sabra.org.br\/site\/wp-content\/uploads\/2023\/08\/sociedade-artistica-brasileira-te-incentivando-no-caminho-da-musicajpg-20230504105610.jpg-jpg.webp?resize=350%2C200&ssl=1 1x, https:\/\/i0.wp.com\/www.sabra.org.br\/site\/wp-content\/uploads\/2023\/08\/sociedade-artistica-brasileira-te-incentivando-no-caminho-da-musicajpg-20230504105610.jpg-jpg.webp?resize=525%2C300&ssl=1 1.5x, https:\/\/i0.wp.com\/www.sabra.org.br\/site\/wp-content\/uploads\/2023\/08\/sociedade-artistica-brasileira-te-incentivando-no-caminho-da-musicajpg-20230504105610.jpg-jpg.webp?resize=700%2C400&ssl=1 2x"},"classes":[]},{"id":3971,"url":"https:\/\/www.sabra.org.br\/site\/violencia-crianca-adolescente\/","url_meta":{"origin":1867,"position":5},"title":"Como ajudar no enfrentamento \u00e0 viol\u00eancia contra crian\u00e7as e adolescentes","author":"M\u00e1rcio Miranda Pontes","date":"28 de junho de 2021","format":false,"excerpt":"Como ajudar no enfrentamento \u00e0 viol\u00eancia contra crian\u00e7as e adolescentes Voc\u00ea sabe como ajudar no enfrentamento \u00e0 viol\u00eancia contra crian\u00e7as e adolescentes? Denunciar e apoiar institui\u00e7\u00f5es que trabalham nesse sentido s\u00e3o atitudes que podem colaborar para eliminar esse problema. Saiba mais lendo o conte\u00fado a seguir!","rel":"","context":"Em &quot;Blog SABRA&quot;","block_context":{"text":"Blog SABRA","link":"https:\/\/www.sabra.org.br\/site\/category\/blog-sabra\/"},"img":{"alt_text":"violencia-crian\u00e7a-adolescente","src":"https:\/\/i0.wp.com\/www.sabra.org.br\/site\/wp-content\/uploads\/2021\/06\/como-ajudar-no-enfrentamento-a-violencia-contra-criancas-e-adolescentes-20210609152644.jpg.jpg?resize=350%2C200&ssl=1","width":350,"height":200,"srcset":"https:\/\/i0.wp.com\/www.sabra.org.br\/site\/wp-content\/uploads\/2021\/06\/como-ajudar-no-enfrentamento-a-violencia-contra-criancas-e-adolescentes-20210609152644.jpg.jpg?resize=350%2C200&ssl=1 1x, https:\/\/i0.wp.com\/www.sabra.org.br\/site\/wp-content\/uploads\/2021\/06\/como-ajudar-no-enfrentamento-a-violencia-contra-criancas-e-adolescentes-20210609152644.jpg.jpg?resize=525%2C300&ssl=1 1.5x, https:\/\/i0.wp.com\/www.sabra.org.br\/site\/wp-content\/uploads\/2021\/06\/como-ajudar-no-enfrentamento-a-violencia-contra-criancas-e-adolescentes-20210609152644.jpg.jpg?resize=700%2C400&ssl=1 2x"},"classes":[]}],"jetpack_likes_enabled":true,"jetpack_sharing_enabled":true,"_links":{"self":[{"href":"https:\/\/www.sabra.org.br\/site\/wp-json\/wp\/v2\/posts\/1867","targetHints":{"allow":["GET"]}}],"collection":[{"href":"https:\/\/www.sabra.org.br\/site\/wp-json\/wp\/v2\/posts"}],"about":[{"href":"https:\/\/www.sabra.org.br\/site\/wp-json\/wp\/v2\/types\/post"}],"author":[{"embeddable":true,"href":"https:\/\/www.sabra.org.br\/site\/wp-json\/wp\/v2\/users\/39"}],"replies":[{"embeddable":true,"href":"https:\/\/www.sabra.org.br\/site\/wp-json\/wp\/v2\/comments?post=1867"}],"version-history":[{"count":0,"href":"https:\/\/www.sabra.org.br\/site\/wp-json\/wp\/v2\/posts\/1867\/revisions"}],"wp:featuredmedia":[{"embeddable":true,"href":"https:\/\/www.sabra.org.br\/site\/wp-json\/wp\/v2\/media\/1868"}],"wp:attachment":[{"href":"https:\/\/www.sabra.org.br\/site\/wp-json\/wp\/v2\/media?parent=1867"}],"wp:term":[{"taxonomy":"category","embeddable":true,"href":"https:\/\/www.sabra.org.br\/site\/wp-json\/wp\/v2\/categories?post=1867"},{"taxonomy":"post_tag","embeddable":true,"href":"https:\/\/www.sabra.org.br\/site\/wp-json\/wp\/v2\/tags?post=1867"}],"curies":[{"name":"wp","href":"https:\/\/api.w.org\/{rel}","templated":true}]}}