{"id":1872,"date":"2019-04-11T19:04:43","date_gmt":"2019-04-11T22:04:43","guid":{"rendered":"https:\/\/www.sabra.org.br\/site\/?p=1872"},"modified":"2025-04-20T19:16:44","modified_gmt":"2025-04-20T22:16:44","slug":"musica-arte-ou-entretenimento","status":"publish","type":"post","link":"https:\/\/www.sabra.org.br\/site\/musica-arte-ou-entretenimento\/","title":{"rendered":"M\u00fasica: Arte ou entretenimento?"},"content":{"rendered":"<p>Existe um debate acerca do papel que a m\u00fasica cumpre no mundo atual. O dinheiro corrompeu a arte, que deixou de ser feita de forma pura e \u00e9 feita apenas para buscar lucro? E quem faz m\u00fasica para divertir e entreter o seu p\u00fablico ainda \u00e9 um artista puro, apenas com objetivos diferentes? Afinal, o que \u00e9 m\u00fasica, arte ou entretenimento?<\/p>\n<h2>O que \u00e9 arte?<\/h2>\n<p>Arte \u00e9 um conceito extremamente amplo e que tem uma defini\u00e7\u00e3o bastante complexa no dicion\u00e1rio. Segundo o conceito de Houaiss, arte \u00e9 uma habilidade ou disposi\u00e7\u00e3o dirigida para executar uma finalidade na pr\u00e1tica ou na teoria, realizada de forma consciente, controlada e racional. Do ponto de vista dessa defini\u00e7\u00e3o, muita coisa pode ser definida como arte.<\/p>\n<p>Mas a discuss\u00e3o surge porque cada um tem a sua defini\u00e7\u00e3o pessoal do que \u00e9 arte. H\u00e1 quem pense que arte \u00e9 algo mais puro, e que s\u00f3 \u00e9 v\u00e1lido quando \u00e9 feito para transmitir algum objetivo ou emo\u00e7\u00e3o. Se o objetivo \u00e9 apenas entreter, a m\u00fasica n\u00e3o \u00e9 considerada arte.<\/p>\n<p>Por outro lado, h\u00e1 quem defenda inclusive que entretenimento \u00e9 arte. Sobre esse aspecto, a m\u00fasica como entretenimento \u00e9 uma obra de arte, afinal, divertir e entreter \u00e9 despertar emo\u00e7\u00f5es e se conectar com o seu p\u00fablico.<\/p>\n<p>Quando o dinheiro entra em cena \u00e9 que a discuss\u00e3o fica um pouco mais nebulosa. H\u00e1 quem produza m\u00fasica apenas para ganhar dinheiro, o que n\u00e3o tem nada de errado necessariamente, mas \u00e9 um tipo de produ\u00e7\u00e3o que \u00e9 muito sujeita a julgamentos sobre a sua validade como obra de arte.<\/p>\n<p>Esse julgamento \u00e9 bem compreens\u00edvel. \u00c9 um pouco dif\u00edcil levar uma obra mais a s\u00e9rio, pelo menos do ponto de vista art\u00edstico, se o seu objetivo for apenas ganhar dinheiro. Isso n\u00e3o significa que ela seja de m\u00e1 qualidade ou que seja inferior \u00e0s outras, mas apenas que ela talvez n\u00e3o seja t\u00e3o inspirada quanto \u00e0s outras.<\/p>\n<p>A verdade \u00e9 que a m\u00fasica ser uma arte ou entretenimento depende muito de quem a produz.<\/p>\n<h2>Os artistas musicais<\/h2>\n<p>Em qualquer tipo de arte e especialmente na m\u00fasica existem basicamente 3 tipos de artistas.<\/p>\n<p>O primeiro \u00e9 que o produz para si pr\u00f3prio. Ao produzir a sua m\u00fasica, ele transmite as emo\u00e7\u00f5es que quer da maneira que quer. Faz o que quer e n\u00e3o se preocupa muito com o p\u00fablico. Seu principal objetivo \u00e9 satisfazer as suas pr\u00f3prias necessidades art\u00edsticas e emocionais.<\/p>\n<p>Esse artista, provavelmente, sabe que o seu p\u00fablico n\u00e3o ser\u00e1 t\u00e3o grande quanto poderia, mas sabe que ele ser\u00e1 muito forte e fiel. Ele sabe que seu \u201cgosto\u201d \u00e9 mais restrito, por isso, ir\u00e1 se conectar apenas com as pessoas que se identificam com ele. \u00c9, provavelmente, a forma de arte mais pura, e gera uma conex\u00e3o muito mais forte e duradoura.<\/p>\n<p>O segundo artista \u00e9 o que a v\u00ea a m\u00fasica como um entretenimento. Ele tamb\u00e9m faz o que gosta, mas busca fazer m\u00fasicas mais divertidas, que ir\u00e3o se conectar com o p\u00fablico, satisfazendo outras necessidades. O primeiro artista, muitas vezes, tem uma conex\u00e3o mais emocional e at\u00e9 pessoal, que \u00e9 dif\u00edcil de quebrar e pode durar at\u00e9 mesmo a vida inteira.<\/p>\n<p>Esse tem uma conex\u00e3o um pouco mais passageira, mas tamb\u00e9m importante, afinal, o entretenimento \u00e9 uma esp\u00e9cie de emo\u00e7\u00e3o e, apesar de certas vezes ser menosprezado, \u00e9 ainda muito importante. Pessoas precisam de um tempo para relaxar e se divertir. Um artista que consegue isso \u00e9 muito talentoso.<\/p>\n<p>O terceiro m\u00fasico costuma ser o mais frio, que procura investir em algo muito popular apenas para ganhar dinheiro em cima. N\u00e3o existe nada errado com isso, mas o p\u00fablico percebe isso, e a conex\u00e3o costuma ser muito fr\u00e1gil e passageira.<\/p>\n<p>A discuss\u00e3o entre m\u00fasica como arte ou entretenimento coloca esses dois conceitos em lados opostos, mas quem sabe eles est\u00e3o mais pr\u00f3ximos do que se imagina.<\/p>\n<h2>Se voc\u00ea gostou deste post:<\/h2>\n<p>&#8211; siga as nossas p\u00e1ginas nas redes sociais para acompanhar as nossas atualiza\u00e7\u00f5es: estamos no <a href=\"https:\/\/www.facebook.com\/sabrabrasil\" target=\"_blank\" rel=\"noopener noreferrer\">Facebook<\/a>, no <a href=\"https:\/\/www.instagram.com\/sabrabrasil\/\" target=\"_blank\" rel=\"noopener noreferrer\">Instagram<\/a>, no <a href=\"https:\/\/www.linkedin.com\/company\/25002088\" target=\"_blank\" rel=\"noopener noreferrer\">LinkedIn<\/a>, no <a href=\"https:\/\/twitter.com\/ContatoSabra\" target=\"_blank\" rel=\"noopener noreferrer\">Twitter<\/a> e no <a href=\"https:\/\/www.youtube.com\/channel\/UCJw-kbuEvzUNdeQf20Pa-eQ\" target=\"_blank\" rel=\"noopener noreferrer\">YouTube<\/a>!<\/p>\n<p>&#8211; Conhe\u00e7a o trabalho da Sociedade Art\u00edstica Brasileira (SABRA) e todas as iniciativas culturais e sociais que ela mant\u00e9m. <a href=\"https:\/\/www.sabra.org.br\/site\/acoes\/\" target=\"_blank\" rel=\"noopener noreferrer\">Acesse nosso site!<\/a><\/p>\n<p>&#8211; entre em contato com a gente. E veja quais s\u00e3o as op\u00e7\u00f5es de ajuda na manuten\u00e7\u00e3o de nossas a\u00e7\u00f5es sociais e culturais. Basta acessar nossa p\u00e1gina <a href=\"https:\/\/www.sabra.org.br\/site\/doe-agora\/\" target=\"_blank\" rel=\"noopener noreferrer\">Doe Agora!<\/a><\/p>\n<p>&#8211; Compartilhe este texto nas suas redes sociais e ajude os seus amigos a tamb\u00e9m dominarem o assunto!<\/p>\n","protected":false},"excerpt":{"rendered":"<p>arte ou entretenimento<br \/>\narte<br \/>\nganhar dinheiro<br \/>\ndivertir e entreter<br \/>\nponto de vista<\/p>\n","protected":false},"author":39,"featured_media":1874,"comment_status":"closed","ping_status":"closed","sticky":false,"template":"","format":"standard","meta":{"jetpack_post_was_ever_published":false,"_jetpack_newsletter_access":"","_jetpack_dont_email_post_to_subs":false,"_jetpack_newsletter_tier_id":0,"_jetpack_memberships_contains_paywalled_content":false,"_jetpack_memberships_contains_paid_content":false,"footnotes":""},"categories":[1],"tags":[15,8,16,12,11,9],"class_list":["post-1872","post","type-post","status-publish","format-standard","has-post-thumbnail","hentry","category-blog-sabra","tag-assistencia-social","tag-canto-coral","tag-musicalizacao-infantil","tag-oficina-musical-sabra","tag-orquestra-sinfonica-de-betim","tag-sociedade-artistica-brasileira"],"yoast_head":"<!-- This site is optimized with the Yoast SEO plugin v27.5 - https:\/\/yoast.com\/product\/yoast-seo-wordpress\/ -->\n<title>M\u00fasica: Arte ou entretenimento? - SABRA - Sociedade Art\u00edstica Brasileira<\/title>\n<meta name=\"description\" content=\"Para alguns, entretenimento, para outros, uma arte. E por que a m\u00fasica n\u00e3o pode ser os dois ao mesmo tempo? Quer saber o que dizem os especialistas sobre o assunto?\" \/>\n<meta name=\"robots\" content=\"index, follow, max-snippet:-1, max-image-preview:large, max-video-preview:-1\" \/>\n<link rel=\"canonical\" href=\"https:\/\/www.sabra.org.br\/site\/musica-arte-ou-entretenimento\/\" \/>\n<meta property=\"og:locale\" content=\"pt_BR\" \/>\n<meta property=\"og:type\" content=\"article\" \/>\n<meta property=\"og:title\" content=\"M\u00fasica: Arte ou entretenimento? - SABRA - Sociedade Art\u00edstica Brasileira\" \/>\n<meta property=\"og:description\" content=\"Para alguns, entretenimento, para outros, uma arte. E por que a m\u00fasica n\u00e3o pode ser os dois ao mesmo tempo? Quer saber o que dizem os especialistas sobre o assunto?\" \/>\n<meta property=\"og:url\" content=\"https:\/\/www.sabra.org.br\/site\/musica-arte-ou-entretenimento\/\" \/>\n<meta property=\"og:site_name\" content=\"SABRA - Sociedade Art\u00edstica Brasileira\" \/>\n<meta property=\"article:publisher\" content=\"https:\/\/www.facebook.com\/sabrabrasil\" \/>\n<meta property=\"article:published_time\" content=\"2019-04-11T22:04:43+00:00\" \/>\n<meta property=\"article:modified_time\" content=\"2025-04-20T22:16:44+00:00\" \/>\n<meta property=\"og:image\" content=\"https:\/\/www.sabra.org.br\/site\/wp-content\/uploads\/2019\/04\/440d604ab5b15bc91cd97b28046c-1428411.jpg\" \/>\n\t<meta property=\"og:image:width\" content=\"509\" \/>\n\t<meta property=\"og:image:height\" content=\"340\" \/>\n\t<meta property=\"og:image:type\" content=\"image\/jpeg\" \/>\n<meta name=\"author\" content=\"M\u00e1rcio Miranda Pontes\" \/>\n<meta name=\"twitter:card\" content=\"summary_large_image\" \/>\n<meta name=\"twitter:creator\" content=\"@ContatoSabra\" \/>\n<meta name=\"twitter:site\" content=\"@ContatoSabra\" \/>\n<meta name=\"twitter:label1\" content=\"Escrito por\" \/>\n\t<meta name=\"twitter:data1\" content=\"M\u00e1rcio Miranda Pontes\" \/>\n\t<meta name=\"twitter:label2\" content=\"Est. tempo de leitura\" \/>\n\t<meta name=\"twitter:data2\" content=\"4 minutos\" \/>\n<script type=\"application\/ld+json\" class=\"yoast-schema-graph\">{\"@context\":\"https:\\\/\\\/schema.org\",\"@graph\":[{\"@type\":\"Article\",\"@id\":\"https:\\\/\\\/www.sabra.org.br\\\/site\\\/musica-arte-ou-entretenimento\\\/#article\",\"isPartOf\":{\"@id\":\"https:\\\/\\\/www.sabra.org.br\\\/site\\\/musica-arte-ou-entretenimento\\\/\"},\"author\":{\"name\":\"M\u00e1rcio Miranda Pontes\",\"@id\":\"https:\\\/\\\/www.sabra.org.br\\\/site\\\/#\\\/schema\\\/person\\\/7d1d222c3c8891d4c37c7b41bf6315c2\"},\"headline\":\"M\u00fasica: Arte ou entretenimento?\",\"datePublished\":\"2019-04-11T22:04:43+00:00\",\"dateModified\":\"2025-04-20T22:16:44+00:00\",\"mainEntityOfPage\":{\"@id\":\"https:\\\/\\\/www.sabra.org.br\\\/site\\\/musica-arte-ou-entretenimento\\\/\"},\"wordCount\":784,\"publisher\":{\"@id\":\"https:\\\/\\\/www.sabra.org.br\\\/site\\\/#organization\"},\"image\":{\"@id\":\"https:\\\/\\\/www.sabra.org.br\\\/site\\\/musica-arte-ou-entretenimento\\\/#primaryimage\"},\"thumbnailUrl\":\"https:\\\/\\\/www.sabra.org.br\\\/site\\\/wp-content\\\/uploads\\\/2019\\\/04\\\/440d604ab5b15bc91cd97b28046c-1428411.jpg\",\"keywords\":[\"Assist\u00eancia social\",\"Canto Coral\",\"Musicaliza\u00e7\u00e3o Infantil\",\"Oficina Musical SABRA\",\"Orquestra Sinf\u00f4nica de Betim\",\"Sociedade Art\u00edstica Brasileira\"],\"articleSection\":[\"Blog SABRA\"],\"inLanguage\":\"pt-BR\"},{\"@type\":\"WebPage\",\"@id\":\"https:\\\/\\\/www.sabra.org.br\\\/site\\\/musica-arte-ou-entretenimento\\\/\",\"url\":\"https:\\\/\\\/www.sabra.org.br\\\/site\\\/musica-arte-ou-entretenimento\\\/\",\"name\":\"M\u00fasica: Arte ou entretenimento? - SABRA - Sociedade Art\u00edstica Brasileira\",\"isPartOf\":{\"@id\":\"https:\\\/\\\/www.sabra.org.br\\\/site\\\/#website\"},\"primaryImageOfPage\":{\"@id\":\"https:\\\/\\\/www.sabra.org.br\\\/site\\\/musica-arte-ou-entretenimento\\\/#primaryimage\"},\"image\":{\"@id\":\"https:\\\/\\\/www.sabra.org.br\\\/site\\\/musica-arte-ou-entretenimento\\\/#primaryimage\"},\"thumbnailUrl\":\"https:\\\/\\\/www.sabra.org.br\\\/site\\\/wp-content\\\/uploads\\\/2019\\\/04\\\/440d604ab5b15bc91cd97b28046c-1428411.jpg\",\"datePublished\":\"2019-04-11T22:04:43+00:00\",\"dateModified\":\"2025-04-20T22:16:44+00:00\",\"description\":\"Para alguns, entretenimento, para outros, uma arte. E por que a m\u00fasica n\u00e3o pode ser os dois ao mesmo tempo? Quer saber o que dizem os especialistas sobre o assunto?\",\"breadcrumb\":{\"@id\":\"https:\\\/\\\/www.sabra.org.br\\\/site\\\/musica-arte-ou-entretenimento\\\/#breadcrumb\"},\"inLanguage\":\"pt-BR\",\"potentialAction\":[{\"@type\":\"ReadAction\",\"target\":[\"https:\\\/\\\/www.sabra.org.br\\\/site\\\/musica-arte-ou-entretenimento\\\/\"]}]},{\"@type\":\"ImageObject\",\"inLanguage\":\"pt-BR\",\"@id\":\"https:\\\/\\\/www.sabra.org.br\\\/site\\\/musica-arte-ou-entretenimento\\\/#primaryimage\",\"url\":\"https:\\\/\\\/www.sabra.org.br\\\/site\\\/wp-content\\\/uploads\\\/2019\\\/04\\\/440d604ab5b15bc91cd97b28046c-1428411.jpg\",\"contentUrl\":\"https:\\\/\\\/www.sabra.org.br\\\/site\\\/wp-content\\\/uploads\\\/2019\\\/04\\\/440d604ab5b15bc91cd97b28046c-1428411.jpg\",\"width\":509,\"height\":340,\"caption\":\"Sociedade Art\u00edstica Brasileira SABRA\"},{\"@type\":\"BreadcrumbList\",\"@id\":\"https:\\\/\\\/www.sabra.org.br\\\/site\\\/musica-arte-ou-entretenimento\\\/#breadcrumb\",\"itemListElement\":[{\"@type\":\"ListItem\",\"position\":1,\"name\":\"In\u00edcio\",\"item\":\"https:\\\/\\\/www.sabra.org.br\\\/site\\\/\"},{\"@type\":\"ListItem\",\"position\":2,\"name\":\"M\u00fasica: Arte ou entretenimento?\"}]},{\"@type\":\"WebSite\",\"@id\":\"https:\\\/\\\/www.sabra.org.br\\\/site\\\/#website\",\"url\":\"https:\\\/\\\/www.sabra.org.br\\\/site\\\/\",\"name\":\"SABRA - Sociedade Art\u00edstica Brasileira\",\"description\":\"Escola de M\u00fasica, Orquestra Sinf\u00f4nica, Coral e Patrim\u00f4nio Cultural e Hist\u00f3rico\",\"publisher\":{\"@id\":\"https:\\\/\\\/www.sabra.org.br\\\/site\\\/#organization\"},\"potentialAction\":[{\"@type\":\"SearchAction\",\"target\":{\"@type\":\"EntryPoint\",\"urlTemplate\":\"https:\\\/\\\/www.sabra.org.br\\\/site\\\/?s={search_term_string}\"},\"query-input\":{\"@type\":\"PropertyValueSpecification\",\"valueRequired\":true,\"valueName\":\"search_term_string\"}}],\"inLanguage\":\"pt-BR\"},{\"@type\":\"Organization\",\"@id\":\"https:\\\/\\\/www.sabra.org.br\\\/site\\\/#organization\",\"name\":\"SOCIEDADE ART\u00cdSTICA BRASILEIRA SABRA\",\"alternateName\":\"SABRA\",\"url\":\"https:\\\/\\\/www.sabra.org.br\\\/site\\\/\",\"logo\":{\"@type\":\"ImageObject\",\"inLanguage\":\"pt-BR\",\"@id\":\"https:\\\/\\\/www.sabra.org.br\\\/site\\\/#\\\/schema\\\/logo\\\/image\\\/\",\"url\":\"https:\\\/\\\/www.sabra.org.br\\\/site\\\/wp-content\\\/uploads\\\/2019\\\/06\\\/cropped-Logo_SABRA-Copia-1.webp\",\"contentUrl\":\"https:\\\/\\\/www.sabra.org.br\\\/site\\\/wp-content\\\/uploads\\\/2019\\\/06\\\/cropped-Logo_SABRA-Copia-1.webp\",\"width\":400,\"height\":128,\"caption\":\"SOCIEDADE ART\u00cdSTICA BRASILEIRA SABRA\"},\"image\":{\"@id\":\"https:\\\/\\\/www.sabra.org.br\\\/site\\\/#\\\/schema\\\/logo\\\/image\\\/\"},\"sameAs\":[\"https:\\\/\\\/www.facebook.com\\\/sabrabrasil\",\"https:\\\/\\\/x.com\\\/ContatoSabra\",\"https:\\\/\\\/www.instagram.com\\\/sabrabrasil\\\/\",\"https:\\\/\\\/www.linkedin.com\\\/company\\\/25002088\\\/\",\"https:\\\/\\\/br.pinterest.com\\\/sociedadeartisticabrasileira\\\/\",\"https:\\\/\\\/www.youtube.com\\\/c\\\/sabrabrasil\"]},{\"@type\":\"Person\",\"@id\":\"https:\\\/\\\/www.sabra.org.br\\\/site\\\/#\\\/schema\\\/person\\\/7d1d222c3c8891d4c37c7b41bf6315c2\",\"name\":\"M\u00e1rcio Miranda Pontes\",\"image\":{\"@type\":\"ImageObject\",\"inLanguage\":\"pt-BR\",\"@id\":\"https:\\\/\\\/secure.gravatar.com\\\/avatar\\\/3b45f24496a7625a3a6c436688fbe20344faaeb2979658dc4a9921f984d7df9a?s=96&d=mm&r=g\",\"url\":\"https:\\\/\\\/secure.gravatar.com\\\/avatar\\\/3b45f24496a7625a3a6c436688fbe20344faaeb2979658dc4a9921f984d7df9a?s=96&d=mm&r=g\",\"contentUrl\":\"https:\\\/\\\/secure.gravatar.com\\\/avatar\\\/3b45f24496a7625a3a6c436688fbe20344faaeb2979658dc4a9921f984d7df9a?s=96&d=mm&r=g\",\"caption\":\"M\u00e1rcio Miranda Pontes\"},\"sameAs\":[\"http:\\\/\\\/www.sabra.org.br\"],\"url\":\"https:\\\/\\\/www.sabra.org.br\\\/site\\\/author\\\/marcio-miranda-pontes\\\/\"}]}<\/script>\n<!-- \/ Yoast SEO plugin. -->","yoast_head_json":{"title":"M\u00fasica: Arte ou entretenimento? - SABRA - Sociedade Art\u00edstica Brasileira","description":"Para alguns, entretenimento, para outros, uma arte. E por que a m\u00fasica n\u00e3o pode ser os dois ao mesmo tempo? Quer saber o que dizem os especialistas sobre o assunto?","robots":{"index":"index","follow":"follow","max-snippet":"max-snippet:-1","max-image-preview":"max-image-preview:large","max-video-preview":"max-video-preview:-1"},"canonical":"https:\/\/www.sabra.org.br\/site\/musica-arte-ou-entretenimento\/","og_locale":"pt_BR","og_type":"article","og_title":"M\u00fasica: Arte ou entretenimento? - SABRA - Sociedade Art\u00edstica Brasileira","og_description":"Para alguns, entretenimento, para outros, uma arte. E por que a m\u00fasica n\u00e3o pode ser os dois ao mesmo tempo? Quer saber o que dizem os especialistas sobre o assunto?","og_url":"https:\/\/www.sabra.org.br\/site\/musica-arte-ou-entretenimento\/","og_site_name":"SABRA - Sociedade Art\u00edstica Brasileira","article_publisher":"https:\/\/www.facebook.com\/sabrabrasil","article_published_time":"2019-04-11T22:04:43+00:00","article_modified_time":"2025-04-20T22:16:44+00:00","og_image":[{"width":509,"height":340,"url":"https:\/\/www.sabra.org.br\/site\/wp-content\/uploads\/2019\/04\/440d604ab5b15bc91cd97b28046c-1428411.jpg","type":"image\/jpeg"}],"author":"M\u00e1rcio Miranda Pontes","twitter_card":"summary_large_image","twitter_creator":"@ContatoSabra","twitter_site":"@ContatoSabra","twitter_misc":{"Escrito por":"M\u00e1rcio Miranda Pontes","Est. tempo de leitura":"4 minutos"},"schema":{"@context":"https:\/\/schema.org","@graph":[{"@type":"Article","@id":"https:\/\/www.sabra.org.br\/site\/musica-arte-ou-entretenimento\/#article","isPartOf":{"@id":"https:\/\/www.sabra.org.br\/site\/musica-arte-ou-entretenimento\/"},"author":{"name":"M\u00e1rcio Miranda Pontes","@id":"https:\/\/www.sabra.org.br\/site\/#\/schema\/person\/7d1d222c3c8891d4c37c7b41bf6315c2"},"headline":"M\u00fasica: Arte ou entretenimento?","datePublished":"2019-04-11T22:04:43+00:00","dateModified":"2025-04-20T22:16:44+00:00","mainEntityOfPage":{"@id":"https:\/\/www.sabra.org.br\/site\/musica-arte-ou-entretenimento\/"},"wordCount":784,"publisher":{"@id":"https:\/\/www.sabra.org.br\/site\/#organization"},"image":{"@id":"https:\/\/www.sabra.org.br\/site\/musica-arte-ou-entretenimento\/#primaryimage"},"thumbnailUrl":"https:\/\/www.sabra.org.br\/site\/wp-content\/uploads\/2019\/04\/440d604ab5b15bc91cd97b28046c-1428411.jpg","keywords":["Assist\u00eancia social","Canto Coral","Musicaliza\u00e7\u00e3o Infantil","Oficina Musical SABRA","Orquestra Sinf\u00f4nica de Betim","Sociedade Art\u00edstica Brasileira"],"articleSection":["Blog SABRA"],"inLanguage":"pt-BR"},{"@type":"WebPage","@id":"https:\/\/www.sabra.org.br\/site\/musica-arte-ou-entretenimento\/","url":"https:\/\/www.sabra.org.br\/site\/musica-arte-ou-entretenimento\/","name":"M\u00fasica: Arte ou entretenimento? - SABRA - Sociedade Art\u00edstica Brasileira","isPartOf":{"@id":"https:\/\/www.sabra.org.br\/site\/#website"},"primaryImageOfPage":{"@id":"https:\/\/www.sabra.org.br\/site\/musica-arte-ou-entretenimento\/#primaryimage"},"image":{"@id":"https:\/\/www.sabra.org.br\/site\/musica-arte-ou-entretenimento\/#primaryimage"},"thumbnailUrl":"https:\/\/www.sabra.org.br\/site\/wp-content\/uploads\/2019\/04\/440d604ab5b15bc91cd97b28046c-1428411.jpg","datePublished":"2019-04-11T22:04:43+00:00","dateModified":"2025-04-20T22:16:44+00:00","description":"Para alguns, entretenimento, para outros, uma arte. E por que a m\u00fasica n\u00e3o pode ser os dois ao mesmo tempo? Quer saber o que dizem os especialistas sobre o assunto?","breadcrumb":{"@id":"https:\/\/www.sabra.org.br\/site\/musica-arte-ou-entretenimento\/#breadcrumb"},"inLanguage":"pt-BR","potentialAction":[{"@type":"ReadAction","target":["https:\/\/www.sabra.org.br\/site\/musica-arte-ou-entretenimento\/"]}]},{"@type":"ImageObject","inLanguage":"pt-BR","@id":"https:\/\/www.sabra.org.br\/site\/musica-arte-ou-entretenimento\/#primaryimage","url":"https:\/\/www.sabra.org.br\/site\/wp-content\/uploads\/2019\/04\/440d604ab5b15bc91cd97b28046c-1428411.jpg","contentUrl":"https:\/\/www.sabra.org.br\/site\/wp-content\/uploads\/2019\/04\/440d604ab5b15bc91cd97b28046c-1428411.jpg","width":509,"height":340,"caption":"Sociedade Art\u00edstica Brasileira SABRA"},{"@type":"BreadcrumbList","@id":"https:\/\/www.sabra.org.br\/site\/musica-arte-ou-entretenimento\/#breadcrumb","itemListElement":[{"@type":"ListItem","position":1,"name":"In\u00edcio","item":"https:\/\/www.sabra.org.br\/site\/"},{"@type":"ListItem","position":2,"name":"M\u00fasica: Arte ou entretenimento?"}]},{"@type":"WebSite","@id":"https:\/\/www.sabra.org.br\/site\/#website","url":"https:\/\/www.sabra.org.br\/site\/","name":"SABRA - Sociedade Art\u00edstica Brasileira","description":"Escola de M\u00fasica, Orquestra Sinf\u00f4nica, Coral e Patrim\u00f4nio Cultural e Hist\u00f3rico","publisher":{"@id":"https:\/\/www.sabra.org.br\/site\/#organization"},"potentialAction":[{"@type":"SearchAction","target":{"@type":"EntryPoint","urlTemplate":"https:\/\/www.sabra.org.br\/site\/?s={search_term_string}"},"query-input":{"@type":"PropertyValueSpecification","valueRequired":true,"valueName":"search_term_string"}}],"inLanguage":"pt-BR"},{"@type":"Organization","@id":"https:\/\/www.sabra.org.br\/site\/#organization","name":"SOCIEDADE ART\u00cdSTICA BRASILEIRA SABRA","alternateName":"SABRA","url":"https:\/\/www.sabra.org.br\/site\/","logo":{"@type":"ImageObject","inLanguage":"pt-BR","@id":"https:\/\/www.sabra.org.br\/site\/#\/schema\/logo\/image\/","url":"https:\/\/www.sabra.org.br\/site\/wp-content\/uploads\/2019\/06\/cropped-Logo_SABRA-Copia-1.webp","contentUrl":"https:\/\/www.sabra.org.br\/site\/wp-content\/uploads\/2019\/06\/cropped-Logo_SABRA-Copia-1.webp","width":400,"height":128,"caption":"SOCIEDADE ART\u00cdSTICA BRASILEIRA SABRA"},"image":{"@id":"https:\/\/www.sabra.org.br\/site\/#\/schema\/logo\/image\/"},"sameAs":["https:\/\/www.facebook.com\/sabrabrasil","https:\/\/x.com\/ContatoSabra","https:\/\/www.instagram.com\/sabrabrasil\/","https:\/\/www.linkedin.com\/company\/25002088\/","https:\/\/br.pinterest.com\/sociedadeartisticabrasileira\/","https:\/\/www.youtube.com\/c\/sabrabrasil"]},{"@type":"Person","@id":"https:\/\/www.sabra.org.br\/site\/#\/schema\/person\/7d1d222c3c8891d4c37c7b41bf6315c2","name":"M\u00e1rcio Miranda Pontes","image":{"@type":"ImageObject","inLanguage":"pt-BR","@id":"https:\/\/secure.gravatar.com\/avatar\/3b45f24496a7625a3a6c436688fbe20344faaeb2979658dc4a9921f984d7df9a?s=96&d=mm&r=g","url":"https:\/\/secure.gravatar.com\/avatar\/3b45f24496a7625a3a6c436688fbe20344faaeb2979658dc4a9921f984d7df9a?s=96&d=mm&r=g","contentUrl":"https:\/\/secure.gravatar.com\/avatar\/3b45f24496a7625a3a6c436688fbe20344faaeb2979658dc4a9921f984d7df9a?s=96&d=mm&r=g","caption":"M\u00e1rcio Miranda Pontes"},"sameAs":["http:\/\/www.sabra.org.br"],"url":"https:\/\/www.sabra.org.br\/site\/author\/marcio-miranda-pontes\/"}]}},"jetpack_featured_media_url":"https:\/\/www.sabra.org.br\/site\/wp-content\/uploads\/2019\/04\/440d604ab5b15bc91cd97b28046c-1428411.jpg","jetpack_shortlink":"https:\/\/wp.me\/p95j2Z-uc","jetpack-related-posts":[{"id":13510,"url":"https:\/\/www.sabra.org.br\/site\/arte-conceito\/","url_meta":{"origin":1872,"position":0},"title":"Afinal, o que podemos considerar como Arte nos dias de hoje?","author":"M\u00e1rcio Miranda Pontes","date":"15 de maio de 2025","format":false,"excerpt":"O que podemos considerar arte atualmente? Mergulhe na hist\u00f3ria e na evolu\u00e7\u00e3o do conceito de arte ao longo do tempo.","rel":"","context":"Em &quot;Blog SABRA&quot;","block_context":{"text":"Blog SABRA","link":"https:\/\/www.sabra.org.br\/site\/category\/blog-sabra\/"},"img":{"alt_text":"","src":"","width":0,"height":0},"classes":[]},{"id":1906,"url":"https:\/\/www.sabra.org.br\/site\/quais-sao-os-tipos-de-arte-que-existem\/","url_meta":{"origin":1872,"position":1},"title":"Quais s\u00e3o os tipos de arte que existem?","author":"M\u00e1rcio Miranda Pontes","date":"6 de maio de 2019","format":false,"excerpt":"arte tipos de arte obras de arte redes sociais primeiras artes","rel":"","context":"Em &quot;Blog SABRA&quot;","block_context":{"text":"Blog SABRA","link":"https:\/\/www.sabra.org.br\/site\/category\/blog-sabra\/"},"img":{"alt_text":"Arte expressa","src":"https:\/\/i0.wp.com\/www.sabra.org.br\/site\/wp-content\/uploads\/2019\/05\/quais-sao-os-tipos-de-arte-que-existem-20180918131645.jpg.jpg?resize=350%2C200&ssl=1","width":350,"height":200,"srcset":"https:\/\/i0.wp.com\/www.sabra.org.br\/site\/wp-content\/uploads\/2019\/05\/quais-sao-os-tipos-de-arte-que-existem-20180918131645.jpg.jpg?resize=350%2C200&ssl=1 1x, https:\/\/i0.wp.com\/www.sabra.org.br\/site\/wp-content\/uploads\/2019\/05\/quais-sao-os-tipos-de-arte-que-existem-20180918131645.jpg.jpg?resize=525%2C300&ssl=1 1.5x, https:\/\/i0.wp.com\/www.sabra.org.br\/site\/wp-content\/uploads\/2019\/05\/quais-sao-os-tipos-de-arte-que-existem-20180918131645.jpg.jpg?resize=700%2C400&ssl=1 2x"},"classes":[]},{"id":13356,"url":"https:\/\/www.sabra.org.br\/site\/de-que-forma-a-fotografia-esta-relacionada-com-a-arte\/","url_meta":{"origin":1872,"position":2},"title":"De que forma a fotografia est\u00e1 relacionada com a arte?","author":"","date":"22 de agosto de 2025","format":false,"excerpt":"Quem n\u00e3o se lembra daquela famosa frase \u201cCada mergulho \u00e9 um flash\u201d? A frase fez muito sucesso e n\u00e3o se diferencia do que vivemos nos \u00faltimos tempos, onde a fotografia tem ficado em evid\u00eancia. Tudo \u00e9 motivo para dar aquele click. Em nossas m\u00e3os, celulares que eternizam momentos, hist\u00f3rias e\u2026","rel":"","context":"Em &quot;Blog SABRA&quot;","block_context":{"text":"Blog SABRA","link":"https:\/\/www.sabra.org.br\/site\/category\/blog-sabra\/"},"img":{"alt_text":"","src":"","width":0,"height":0},"classes":[]},{"id":1580,"url":"https:\/\/www.sabra.org.br\/site\/arte-e-sociedade\/","url_meta":{"origin":1872,"position":3},"title":"ARTE E SOCIEDADE","author":"M\u00e1rcio Miranda Pontes","date":"18 de outubro de 2018","format":false,"excerpt":"De que forma a arte influencia no comportamento da sociedade? Na arte traduzimos n\u00e3o apenas uma por\u00e7\u00e3o de nossa subjetividade individual, mas tamb\u00e9m imprimimos algo do tempo em que vivemos. Seja este detalhe volunt\u00e1rio ou n\u00e3o, o fato \u00e9 que a arte \u00e9 um registro hist\u00f3rico e pessoal da experi\u00eancia\u2026","rel":"","context":"Em &quot;Blog SABRA&quot;","block_context":{"text":"Blog SABRA","link":"https:\/\/www.sabra.org.br\/site\/category\/blog-sabra\/"},"img":{"alt_text":"Arte e Sociedade","src":"https:\/\/i0.wp.com\/www.sabra.org.br\/site\/wp-content\/uploads\/2018\/10\/qual-o-papel-da-arte-na-formacao-da-sociedade-20180705134730.jpg.jpg?resize=350%2C200&ssl=1","width":350,"height":200,"srcset":"https:\/\/i0.wp.com\/www.sabra.org.br\/site\/wp-content\/uploads\/2018\/10\/qual-o-papel-da-arte-na-formacao-da-sociedade-20180705134730.jpg.jpg?resize=350%2C200&ssl=1 1x, https:\/\/i0.wp.com\/www.sabra.org.br\/site\/wp-content\/uploads\/2018\/10\/qual-o-papel-da-arte-na-formacao-da-sociedade-20180705134730.jpg.jpg?resize=525%2C300&ssl=1 1.5x, https:\/\/i0.wp.com\/www.sabra.org.br\/site\/wp-content\/uploads\/2018\/10\/qual-o-papel-da-arte-na-formacao-da-sociedade-20180705134730.jpg.jpg?resize=700%2C400&ssl=1 2x"},"classes":[]},{"id":13509,"url":"https:\/\/www.sabra.org.br\/site\/arte-belo-feio\/","url_meta":{"origin":1872,"position":4},"title":"Arte e Est\u00e9tica: voc\u00ea ouviu falar no conceito filos\u00f3fico de belo e feio?","author":"M\u00e1rcio Miranda Pontes","date":"15 de maio de 2025","format":false,"excerpt":"Entenda os fundamentos da est\u00e9tica na arte e descubra como os conceitos filos\u00f3ficos moldam o que consideramos belo ou feio.","rel":"","context":"Em &quot;Blog SABRA&quot;","block_context":{"text":"Blog SABRA","link":"https:\/\/www.sabra.org.br\/site\/category\/blog-sabra\/"},"img":{"alt_text":"","src":"","width":0,"height":0},"classes":[]},{"id":13484,"url":"https:\/\/www.sabra.org.br\/site\/cultura-erudita-conheca-as-principais-caracteristicas-desse-conceito\/","url_meta":{"origin":1872,"position":5},"title":"Cultura Erudita: conhe\u00e7a as principais caracter\u00edsticas desse conceito","author":"M\u00e1rcio Miranda Pontes","date":"16 de maio de 2025","format":false,"excerpt":"Investigue os aspectos da cultura erudita, suas origens e sua rela\u00e7\u00e3o com a arte, cr\u00edtica e sociedade ao longo do tempo.","rel":"","context":"Em &quot;Blog SABRA&quot;","block_context":{"text":"Blog SABRA","link":"https:\/\/www.sabra.org.br\/site\/category\/blog-sabra\/"},"img":{"alt_text":"","src":"","width":0,"height":0},"classes":[]}],"jetpack_likes_enabled":true,"jetpack_sharing_enabled":true,"_links":{"self":[{"href":"https:\/\/www.sabra.org.br\/site\/wp-json\/wp\/v2\/posts\/1872","targetHints":{"allow":["GET"]}}],"collection":[{"href":"https:\/\/www.sabra.org.br\/site\/wp-json\/wp\/v2\/posts"}],"about":[{"href":"https:\/\/www.sabra.org.br\/site\/wp-json\/wp\/v2\/types\/post"}],"author":[{"embeddable":true,"href":"https:\/\/www.sabra.org.br\/site\/wp-json\/wp\/v2\/users\/39"}],"replies":[{"embeddable":true,"href":"https:\/\/www.sabra.org.br\/site\/wp-json\/wp\/v2\/comments?post=1872"}],"version-history":[{"count":0,"href":"https:\/\/www.sabra.org.br\/site\/wp-json\/wp\/v2\/posts\/1872\/revisions"}],"wp:featuredmedia":[{"embeddable":true,"href":"https:\/\/www.sabra.org.br\/site\/wp-json\/wp\/v2\/media\/1874"}],"wp:attachment":[{"href":"https:\/\/www.sabra.org.br\/site\/wp-json\/wp\/v2\/media?parent=1872"}],"wp:term":[{"taxonomy":"category","embeddable":true,"href":"https:\/\/www.sabra.org.br\/site\/wp-json\/wp\/v2\/categories?post=1872"},{"taxonomy":"post_tag","embeddable":true,"href":"https:\/\/www.sabra.org.br\/site\/wp-json\/wp\/v2\/tags?post=1872"}],"curies":[{"name":"wp","href":"https:\/\/api.w.org\/{rel}","templated":true}]}}