{"id":2222,"date":"2019-07-11T18:14:23","date_gmt":"2019-07-11T21:14:23","guid":{"rendered":"https:\/\/www.sabra.org.br\/site\/?p=2222"},"modified":"2025-04-20T19:18:09","modified_gmt":"2025-04-20T22:18:09","slug":"choro-samba","status":"publish","type":"post","link":"https:\/\/www.sabra.org.br\/site\/choro-samba\/","title":{"rendered":"Choro e Samba"},"content":{"rendered":"<h2>Choro e Samba<\/h2>\n<p>O samba \u00e9, assim como o futebol e o carnaval, um dos s\u00edmbolos nacionais mais fortes do Brasil. Mesmo que algumas pessoas tor\u00e7am o nariz, quando um estrangeiro pensa no nosso pa\u00eds, o samba \u00e9 uma das coisas que lhe vem \u00e0 cabe\u00e7a. Mas voc\u00ea sabia que o choro \u00e9 ainda mais antigo e t\u00e3o originalmente brasileiro quanto ele? E que ambos s\u00e3o representa\u00e7\u00f5es caracter\u00edsticas da m\u00fasica popular brasileira?<\/p>\n<p>Se quiser aprender mais sobre estes dois g\u00eaneros de enorme valor para a cultura e a identidade nacional, acompanhe as pr\u00f3ximas linhas.<\/p>\n<h2>Origens urbanas<\/h2>\n<p>O choro, tamb\u00e9m conhecido pelo diminutivo carinhoso \u2018chorinho\u2019, \u00e9 considerado o primeiro estilo musical que surgiu nas cidades brasileiras em meados do s\u00e9culo XIX. As suas ra\u00edzes tem duas fontes completamente diferentes: o lundu, de influ\u00eancia africana baseado na percuss\u00e3o, e a modinha, tipicamente europeia.<\/p>\n<p>O contexto abolicionista, a riqueza cultural que a vinda da fam\u00edlia real trouxe ao Brasil Col\u00f4nia, o crescimento das cidades conformaram o cen\u00e1rio perfeito para o nascimento do choro na cidade do Rio de Janeiro. Os primeiros grupos dedicados ao estilo remetem \u00e0 1870 e eram formados por funcion\u00e1rios p\u00fablicos e membros da classe m\u00e9dia baixa carioca, chamados de \u2018chor\u00f5es\u2019.<\/p>\n<p>Grandes m\u00fasicos e compositores como Chiquinha Gonzaga, Anacleto de Medeiros e Pixinguinha consolidaram o g\u00eanero e eternizaram can\u00e7\u00f5es como \u201coh abre alas\u201d e \u201ctico tico no fub\u00e1\u201d.<\/p>\n<p>J\u00e1 o samba resultou (e resulta) de misturas, mas a sua raiz africana \u00e9 com certeza a marca predominante. Acredita-se que a origem deste g\u00eanero musical est\u00e1 ligada \u00e0s celebra\u00e7\u00f5es e reuni\u00f5es de ex-escravos que migraram da Bahia para o Rio de Janeiro logo ap\u00f3s a aboli\u00e7\u00e3o da escravid\u00e3o, constituindo bairros conhecidos como \u201cpequena \u00c1frica\u201d.<\/p>\n<p>Nestes locais, principalmente nas casas das \u2018titias baianas\u2019 &#8211; como eram conhecidas as descendentes de escravos, amigos e familiares reuniam-se para executar o \u201csamba de roda\u201d. Como na \u00e9poca (in\u00edcio do s\u00e9culo XX) somente o choro era um estilo musical socialmente aceito, ele era tocado na frente das casas enquanto o samba surgia \u00e0s escondidas nos quintais do fundo. Foi apenas em 1917 que o primeiro samba (\u201cPelo Telefone\u201d) foi gravado em est\u00fadios e popularizou-se.<\/p>\n<p>Pixinguinha tamb\u00e9m foi um dos pais do samba, circulando pelo estilo atualmente chamado de samba-choro. Outros \u00edcones cl\u00e1ssicos do g\u00eanero s\u00e3o Noel Rosa, Jo\u00e3o da Baiana e Ismael Silva.<\/p>\n<h2>Caracter\u00edsticas Musicais<\/h2>\n<p>Uma das marcas mais expressivas do chorinho \u00e9 a improvisa\u00e7\u00e3o. Al\u00e9m disso, o choro utiliza alguns elementos mel\u00f3dicos como cromatismo, apogiatura, notas dissonantes no tempo forte, padr\u00f5es de notas repetidas e s\u00edncopes. Em termos r\u00edtmicos, citamos a m\u00e9trica dupla e a s\u00edncope, entre outras. J\u00e1 a harmonia \u00e9 simples, com predomin\u00e2ncia de secund\u00e1rias, acorde napolitano e invers\u00e3o de acordes.<\/p>\n<p>Os principais instrumentos para compor um chorinho s\u00e3o: flauta, viol\u00e3o, pandeiro, piano, clarinete, cavaquinho, bandolim, trombone e saxofone. J\u00e1 no samba, apesar de as \u00faltimas d\u00e9cadas terem revelado composi\u00e7\u00f5es com diversos instrumentos musicais heterodoxos, tradicionalmente os sambas contam com cavaquinho, viol\u00e3o, pandeiro, cu\u00edca, prato, banjo, surdo, atabaque, chocalho, agog\u00f4 e repique.<\/p>\n<p>Tanto o samba quanto o choro s\u00e3o g\u00eaneros musicais bastante populares e incluem diversas vertentes e subdivis\u00f5es. Afinal, desde o surgimento no Brasil imperial, ambas continuam sendo trabalhadas por artistas e m\u00fasicos de todas as gera\u00e7\u00f5es, que transformam, inovam e reinventam os grandes cl\u00e1ssicos.<\/p>\n<h2>Se voc\u00ea gostou deste post:<\/h2>\n<p>&#8211; siga as nossas p\u00e1ginas nas redes sociais para acompanhar as nossas atualiza\u00e7\u00f5es: estamos no <a href=\"https:\/\/www.facebook.com\/sabrabrasil\" target=\"_blank\" rel=\"noopener noreferrer\">Facebook<\/a>, no <a href=\"https:\/\/www.instagram.com\/sabrabrasil\/\" target=\"_blank\" rel=\"noopener noreferrer\">Instagram<\/a>, no <a href=\"https:\/\/www.linkedin.com\/company\/25002088\" target=\"_blank\" rel=\"noopener noreferrer\">LinkedIn<\/a>, no <a href=\"https:\/\/twitter.com\/ContatoSabra\" target=\"_blank\" rel=\"noopener noreferrer\">Twitter<\/a> e no <a href=\"https:\/\/www.youtube.com\/channel\/UCJw-kbuEvzUNdeQf20Pa-eQ\" target=\"_blank\" rel=\"noopener noreferrer\">YouTube<\/a>!<\/p>\n<p>&#8211; Conhe\u00e7a o trabalho da Sociedade Art\u00edstica Brasileira (SABRA) e todas as iniciativas culturais e sociais que ela mant\u00e9m. <a href=\"https:\/\/www.sabra.org.br\/site\/acoes\/\" target=\"_blank\" rel=\"noopener noreferrer\">Acesse nosso site!<\/a><\/p>\n<p>&#8211; entre em contato com a gente. E veja quais s\u00e3o as op\u00e7\u00f5es de ajuda na manuten\u00e7\u00e3o de nossas a\u00e7\u00f5es sociais e culturais. Basta acessar nossa p\u00e1gina <a href=\"https:\/\/www.sabra.org.br\/site\/doe-agora\/\" target=\"_blank\" rel=\"noopener noreferrer\">Doe Agora!<\/a><\/p>\n<p>&#8211; Compartilhe este texto nas suas redes sociais e ajude os seus amigos a tamb\u00e9m dominarem o assunto!<\/p>\n","protected":false},"excerpt":{"rendered":"<p>rio de janeiro<br \/>\nsamba<br \/>\nestilo musical<br \/>\nviol\u00e3o pandeiro<br \/>\nredes sociais<br \/>\nchoro<br \/>\nchorinho<\/p>\n","protected":false},"author":39,"featured_media":2223,"comment_status":"closed","ping_status":"closed","sticky":false,"template":"","format":"standard","meta":{"jetpack_post_was_ever_published":false,"_jetpack_newsletter_access":"","_jetpack_dont_email_post_to_subs":false,"_jetpack_newsletter_tier_id":0,"_jetpack_memberships_contains_paywalled_content":false,"_jetpack_memberships_contains_paid_content":false,"footnotes":""},"categories":[1],"tags":[],"class_list":["post-2222","post","type-post","status-publish","format-standard","has-post-thumbnail","hentry","category-blog-sabra"],"yoast_head":"<!-- This site is optimized with the Yoast SEO plugin v27.5 - https:\/\/yoast.com\/product\/yoast-seo-wordpress\/ -->\n<title>Choro e Samba - SABRA - Sociedade Art\u00edstica Brasileira<\/title>\n<meta name=\"description\" content=\"O samba \u00e9, assim como o futebol e o carnaval, um dos s\u00edmbolos nacionais mais fortes do Brasil. O choro \u00e9 ainda mais antigo e t\u00e3o brasileiro quanto ele?\" \/>\n<meta name=\"robots\" content=\"index, follow, max-snippet:-1, max-image-preview:large, max-video-preview:-1\" \/>\n<link rel=\"canonical\" href=\"https:\/\/www.sabra.org.br\/site\/choro-samba\/\" \/>\n<meta property=\"og:locale\" content=\"pt_BR\" \/>\n<meta property=\"og:type\" content=\"article\" \/>\n<meta property=\"og:title\" content=\"Choro e Samba - SABRA - Sociedade Art\u00edstica Brasileira\" \/>\n<meta property=\"og:description\" content=\"O samba \u00e9, assim como o futebol e o carnaval, um dos s\u00edmbolos nacionais mais fortes do Brasil. O choro \u00e9 ainda mais antigo e t\u00e3o brasileiro quanto ele?\" \/>\n<meta property=\"og:url\" content=\"https:\/\/www.sabra.org.br\/site\/choro-samba\/\" \/>\n<meta property=\"og:site_name\" content=\"SABRA - Sociedade Art\u00edstica Brasileira\" \/>\n<meta property=\"article:publisher\" content=\"https:\/\/www.facebook.com\/sabrabrasil\" \/>\n<meta property=\"article:published_time\" content=\"2019-07-11T21:14:23+00:00\" \/>\n<meta property=\"article:modified_time\" content=\"2025-04-20T22:18:09+00:00\" \/>\n<meta property=\"og:image\" content=\"https:\/\/www.sabra.org.br\/site\/wp-content\/uploads\/2019\/07\/Chorinho.jpg\" \/>\n\t<meta property=\"og:image:width\" content=\"1024\" \/>\n\t<meta property=\"og:image:height\" content=\"769\" \/>\n\t<meta property=\"og:image:type\" content=\"image\/jpeg\" \/>\n<meta name=\"author\" content=\"M\u00e1rcio Miranda Pontes\" \/>\n<meta name=\"twitter:card\" content=\"summary_large_image\" \/>\n<meta name=\"twitter:creator\" content=\"@ContatoSabra\" \/>\n<meta name=\"twitter:site\" content=\"@ContatoSabra\" \/>\n<meta name=\"twitter:label1\" content=\"Escrito por\" \/>\n\t<meta name=\"twitter:data1\" content=\"M\u00e1rcio Miranda Pontes\" \/>\n\t<meta name=\"twitter:label2\" content=\"Est. tempo de leitura\" \/>\n\t<meta name=\"twitter:data2\" content=\"4 minutos\" \/>\n<script type=\"application\/ld+json\" class=\"yoast-schema-graph\">{\"@context\":\"https:\\\/\\\/schema.org\",\"@graph\":[{\"@type\":\"Article\",\"@id\":\"https:\\\/\\\/www.sabra.org.br\\\/site\\\/choro-samba\\\/#article\",\"isPartOf\":{\"@id\":\"https:\\\/\\\/www.sabra.org.br\\\/site\\\/choro-samba\\\/\"},\"author\":{\"name\":\"M\u00e1rcio Miranda Pontes\",\"@id\":\"https:\\\/\\\/www.sabra.org.br\\\/site\\\/#\\\/schema\\\/person\\\/7d1d222c3c8891d4c37c7b41bf6315c2\"},\"headline\":\"Choro e Samba\",\"datePublished\":\"2019-07-11T21:14:23+00:00\",\"dateModified\":\"2025-04-20T22:18:09+00:00\",\"mainEntityOfPage\":{\"@id\":\"https:\\\/\\\/www.sabra.org.br\\\/site\\\/choro-samba\\\/\"},\"wordCount\":709,\"publisher\":{\"@id\":\"https:\\\/\\\/www.sabra.org.br\\\/site\\\/#organization\"},\"image\":{\"@id\":\"https:\\\/\\\/www.sabra.org.br\\\/site\\\/choro-samba\\\/#primaryimage\"},\"thumbnailUrl\":\"https:\\\/\\\/www.sabra.org.br\\\/site\\\/wp-content\\\/uploads\\\/2019\\\/07\\\/Chorinho.jpg\",\"articleSection\":[\"Blog SABRA\"],\"inLanguage\":\"pt-BR\"},{\"@type\":\"WebPage\",\"@id\":\"https:\\\/\\\/www.sabra.org.br\\\/site\\\/choro-samba\\\/\",\"url\":\"https:\\\/\\\/www.sabra.org.br\\\/site\\\/choro-samba\\\/\",\"name\":\"Choro e Samba - SABRA - Sociedade Art\u00edstica Brasileira\",\"isPartOf\":{\"@id\":\"https:\\\/\\\/www.sabra.org.br\\\/site\\\/#website\"},\"primaryImageOfPage\":{\"@id\":\"https:\\\/\\\/www.sabra.org.br\\\/site\\\/choro-samba\\\/#primaryimage\"},\"image\":{\"@id\":\"https:\\\/\\\/www.sabra.org.br\\\/site\\\/choro-samba\\\/#primaryimage\"},\"thumbnailUrl\":\"https:\\\/\\\/www.sabra.org.br\\\/site\\\/wp-content\\\/uploads\\\/2019\\\/07\\\/Chorinho.jpg\",\"datePublished\":\"2019-07-11T21:14:23+00:00\",\"dateModified\":\"2025-04-20T22:18:09+00:00\",\"description\":\"O samba \u00e9, assim como o futebol e o carnaval, um dos s\u00edmbolos nacionais mais fortes do Brasil. O choro \u00e9 ainda mais antigo e t\u00e3o brasileiro quanto ele?\",\"breadcrumb\":{\"@id\":\"https:\\\/\\\/www.sabra.org.br\\\/site\\\/choro-samba\\\/#breadcrumb\"},\"inLanguage\":\"pt-BR\",\"potentialAction\":[{\"@type\":\"ReadAction\",\"target\":[\"https:\\\/\\\/www.sabra.org.br\\\/site\\\/choro-samba\\\/\"]}]},{\"@type\":\"ImageObject\",\"inLanguage\":\"pt-BR\",\"@id\":\"https:\\\/\\\/www.sabra.org.br\\\/site\\\/choro-samba\\\/#primaryimage\",\"url\":\"https:\\\/\\\/www.sabra.org.br\\\/site\\\/wp-content\\\/uploads\\\/2019\\\/07\\\/Chorinho.jpg\",\"contentUrl\":\"https:\\\/\\\/www.sabra.org.br\\\/site\\\/wp-content\\\/uploads\\\/2019\\\/07\\\/Chorinho.jpg\",\"width\":1024,\"height\":769,\"caption\":\"Sociedade Art\u00edstica Brasileira SABRA\"},{\"@type\":\"BreadcrumbList\",\"@id\":\"https:\\\/\\\/www.sabra.org.br\\\/site\\\/choro-samba\\\/#breadcrumb\",\"itemListElement\":[{\"@type\":\"ListItem\",\"position\":1,\"name\":\"In\u00edcio\",\"item\":\"https:\\\/\\\/www.sabra.org.br\\\/site\\\/\"},{\"@type\":\"ListItem\",\"position\":2,\"name\":\"Choro e Samba\"}]},{\"@type\":\"WebSite\",\"@id\":\"https:\\\/\\\/www.sabra.org.br\\\/site\\\/#website\",\"url\":\"https:\\\/\\\/www.sabra.org.br\\\/site\\\/\",\"name\":\"SABRA - Sociedade Art\u00edstica Brasileira\",\"description\":\"Escola de M\u00fasica, Orquestra Sinf\u00f4nica, Coral e Patrim\u00f4nio Cultural e Hist\u00f3rico\",\"publisher\":{\"@id\":\"https:\\\/\\\/www.sabra.org.br\\\/site\\\/#organization\"},\"potentialAction\":[{\"@type\":\"SearchAction\",\"target\":{\"@type\":\"EntryPoint\",\"urlTemplate\":\"https:\\\/\\\/www.sabra.org.br\\\/site\\\/?s={search_term_string}\"},\"query-input\":{\"@type\":\"PropertyValueSpecification\",\"valueRequired\":true,\"valueName\":\"search_term_string\"}}],\"inLanguage\":\"pt-BR\"},{\"@type\":\"Organization\",\"@id\":\"https:\\\/\\\/www.sabra.org.br\\\/site\\\/#organization\",\"name\":\"SOCIEDADE ART\u00cdSTICA BRASILEIRA SABRA\",\"alternateName\":\"SABRA\",\"url\":\"https:\\\/\\\/www.sabra.org.br\\\/site\\\/\",\"logo\":{\"@type\":\"ImageObject\",\"inLanguage\":\"pt-BR\",\"@id\":\"https:\\\/\\\/www.sabra.org.br\\\/site\\\/#\\\/schema\\\/logo\\\/image\\\/\",\"url\":\"https:\\\/\\\/www.sabra.org.br\\\/site\\\/wp-content\\\/uploads\\\/2019\\\/06\\\/cropped-Logo_SABRA-Copia-1.webp\",\"contentUrl\":\"https:\\\/\\\/www.sabra.org.br\\\/site\\\/wp-content\\\/uploads\\\/2019\\\/06\\\/cropped-Logo_SABRA-Copia-1.webp\",\"width\":400,\"height\":128,\"caption\":\"SOCIEDADE ART\u00cdSTICA BRASILEIRA SABRA\"},\"image\":{\"@id\":\"https:\\\/\\\/www.sabra.org.br\\\/site\\\/#\\\/schema\\\/logo\\\/image\\\/\"},\"sameAs\":[\"https:\\\/\\\/www.facebook.com\\\/sabrabrasil\",\"https:\\\/\\\/x.com\\\/ContatoSabra\",\"https:\\\/\\\/www.instagram.com\\\/sabrabrasil\\\/\",\"https:\\\/\\\/www.linkedin.com\\\/company\\\/25002088\\\/\",\"https:\\\/\\\/br.pinterest.com\\\/sociedadeartisticabrasileira\\\/\",\"https:\\\/\\\/www.youtube.com\\\/c\\\/sabrabrasil\"]},{\"@type\":\"Person\",\"@id\":\"https:\\\/\\\/www.sabra.org.br\\\/site\\\/#\\\/schema\\\/person\\\/7d1d222c3c8891d4c37c7b41bf6315c2\",\"name\":\"M\u00e1rcio Miranda Pontes\",\"image\":{\"@type\":\"ImageObject\",\"inLanguage\":\"pt-BR\",\"@id\":\"https:\\\/\\\/secure.gravatar.com\\\/avatar\\\/3b45f24496a7625a3a6c436688fbe20344faaeb2979658dc4a9921f984d7df9a?s=96&d=mm&r=g\",\"url\":\"https:\\\/\\\/secure.gravatar.com\\\/avatar\\\/3b45f24496a7625a3a6c436688fbe20344faaeb2979658dc4a9921f984d7df9a?s=96&d=mm&r=g\",\"contentUrl\":\"https:\\\/\\\/secure.gravatar.com\\\/avatar\\\/3b45f24496a7625a3a6c436688fbe20344faaeb2979658dc4a9921f984d7df9a?s=96&d=mm&r=g\",\"caption\":\"M\u00e1rcio Miranda Pontes\"},\"sameAs\":[\"http:\\\/\\\/www.sabra.org.br\"],\"url\":\"https:\\\/\\\/www.sabra.org.br\\\/site\\\/author\\\/marcio-miranda-pontes\\\/\"}]}<\/script>\n<!-- \/ Yoast SEO plugin. -->","yoast_head_json":{"title":"Choro e Samba - SABRA - Sociedade Art\u00edstica Brasileira","description":"O samba \u00e9, assim como o futebol e o carnaval, um dos s\u00edmbolos nacionais mais fortes do Brasil. O choro \u00e9 ainda mais antigo e t\u00e3o brasileiro quanto ele?","robots":{"index":"index","follow":"follow","max-snippet":"max-snippet:-1","max-image-preview":"max-image-preview:large","max-video-preview":"max-video-preview:-1"},"canonical":"https:\/\/www.sabra.org.br\/site\/choro-samba\/","og_locale":"pt_BR","og_type":"article","og_title":"Choro e Samba - SABRA - Sociedade Art\u00edstica Brasileira","og_description":"O samba \u00e9, assim como o futebol e o carnaval, um dos s\u00edmbolos nacionais mais fortes do Brasil. O choro \u00e9 ainda mais antigo e t\u00e3o brasileiro quanto ele?","og_url":"https:\/\/www.sabra.org.br\/site\/choro-samba\/","og_site_name":"SABRA - Sociedade Art\u00edstica Brasileira","article_publisher":"https:\/\/www.facebook.com\/sabrabrasil","article_published_time":"2019-07-11T21:14:23+00:00","article_modified_time":"2025-04-20T22:18:09+00:00","og_image":[{"width":1024,"height":769,"url":"https:\/\/www.sabra.org.br\/site\/wp-content\/uploads\/2019\/07\/Chorinho.jpg","type":"image\/jpeg"}],"author":"M\u00e1rcio Miranda Pontes","twitter_card":"summary_large_image","twitter_creator":"@ContatoSabra","twitter_site":"@ContatoSabra","twitter_misc":{"Escrito por":"M\u00e1rcio Miranda Pontes","Est. tempo de leitura":"4 minutos"},"schema":{"@context":"https:\/\/schema.org","@graph":[{"@type":"Article","@id":"https:\/\/www.sabra.org.br\/site\/choro-samba\/#article","isPartOf":{"@id":"https:\/\/www.sabra.org.br\/site\/choro-samba\/"},"author":{"name":"M\u00e1rcio Miranda Pontes","@id":"https:\/\/www.sabra.org.br\/site\/#\/schema\/person\/7d1d222c3c8891d4c37c7b41bf6315c2"},"headline":"Choro e Samba","datePublished":"2019-07-11T21:14:23+00:00","dateModified":"2025-04-20T22:18:09+00:00","mainEntityOfPage":{"@id":"https:\/\/www.sabra.org.br\/site\/choro-samba\/"},"wordCount":709,"publisher":{"@id":"https:\/\/www.sabra.org.br\/site\/#organization"},"image":{"@id":"https:\/\/www.sabra.org.br\/site\/choro-samba\/#primaryimage"},"thumbnailUrl":"https:\/\/www.sabra.org.br\/site\/wp-content\/uploads\/2019\/07\/Chorinho.jpg","articleSection":["Blog SABRA"],"inLanguage":"pt-BR"},{"@type":"WebPage","@id":"https:\/\/www.sabra.org.br\/site\/choro-samba\/","url":"https:\/\/www.sabra.org.br\/site\/choro-samba\/","name":"Choro e Samba - SABRA - Sociedade Art\u00edstica Brasileira","isPartOf":{"@id":"https:\/\/www.sabra.org.br\/site\/#website"},"primaryImageOfPage":{"@id":"https:\/\/www.sabra.org.br\/site\/choro-samba\/#primaryimage"},"image":{"@id":"https:\/\/www.sabra.org.br\/site\/choro-samba\/#primaryimage"},"thumbnailUrl":"https:\/\/www.sabra.org.br\/site\/wp-content\/uploads\/2019\/07\/Chorinho.jpg","datePublished":"2019-07-11T21:14:23+00:00","dateModified":"2025-04-20T22:18:09+00:00","description":"O samba \u00e9, assim como o futebol e o carnaval, um dos s\u00edmbolos nacionais mais fortes do Brasil. O choro \u00e9 ainda mais antigo e t\u00e3o brasileiro quanto ele?","breadcrumb":{"@id":"https:\/\/www.sabra.org.br\/site\/choro-samba\/#breadcrumb"},"inLanguage":"pt-BR","potentialAction":[{"@type":"ReadAction","target":["https:\/\/www.sabra.org.br\/site\/choro-samba\/"]}]},{"@type":"ImageObject","inLanguage":"pt-BR","@id":"https:\/\/www.sabra.org.br\/site\/choro-samba\/#primaryimage","url":"https:\/\/www.sabra.org.br\/site\/wp-content\/uploads\/2019\/07\/Chorinho.jpg","contentUrl":"https:\/\/www.sabra.org.br\/site\/wp-content\/uploads\/2019\/07\/Chorinho.jpg","width":1024,"height":769,"caption":"Sociedade Art\u00edstica Brasileira SABRA"},{"@type":"BreadcrumbList","@id":"https:\/\/www.sabra.org.br\/site\/choro-samba\/#breadcrumb","itemListElement":[{"@type":"ListItem","position":1,"name":"In\u00edcio","item":"https:\/\/www.sabra.org.br\/site\/"},{"@type":"ListItem","position":2,"name":"Choro e Samba"}]},{"@type":"WebSite","@id":"https:\/\/www.sabra.org.br\/site\/#website","url":"https:\/\/www.sabra.org.br\/site\/","name":"SABRA - Sociedade Art\u00edstica Brasileira","description":"Escola de M\u00fasica, Orquestra Sinf\u00f4nica, Coral e Patrim\u00f4nio Cultural e Hist\u00f3rico","publisher":{"@id":"https:\/\/www.sabra.org.br\/site\/#organization"},"potentialAction":[{"@type":"SearchAction","target":{"@type":"EntryPoint","urlTemplate":"https:\/\/www.sabra.org.br\/site\/?s={search_term_string}"},"query-input":{"@type":"PropertyValueSpecification","valueRequired":true,"valueName":"search_term_string"}}],"inLanguage":"pt-BR"},{"@type":"Organization","@id":"https:\/\/www.sabra.org.br\/site\/#organization","name":"SOCIEDADE ART\u00cdSTICA BRASILEIRA SABRA","alternateName":"SABRA","url":"https:\/\/www.sabra.org.br\/site\/","logo":{"@type":"ImageObject","inLanguage":"pt-BR","@id":"https:\/\/www.sabra.org.br\/site\/#\/schema\/logo\/image\/","url":"https:\/\/www.sabra.org.br\/site\/wp-content\/uploads\/2019\/06\/cropped-Logo_SABRA-Copia-1.webp","contentUrl":"https:\/\/www.sabra.org.br\/site\/wp-content\/uploads\/2019\/06\/cropped-Logo_SABRA-Copia-1.webp","width":400,"height":128,"caption":"SOCIEDADE ART\u00cdSTICA BRASILEIRA SABRA"},"image":{"@id":"https:\/\/www.sabra.org.br\/site\/#\/schema\/logo\/image\/"},"sameAs":["https:\/\/www.facebook.com\/sabrabrasil","https:\/\/x.com\/ContatoSabra","https:\/\/www.instagram.com\/sabrabrasil\/","https:\/\/www.linkedin.com\/company\/25002088\/","https:\/\/br.pinterest.com\/sociedadeartisticabrasileira\/","https:\/\/www.youtube.com\/c\/sabrabrasil"]},{"@type":"Person","@id":"https:\/\/www.sabra.org.br\/site\/#\/schema\/person\/7d1d222c3c8891d4c37c7b41bf6315c2","name":"M\u00e1rcio Miranda Pontes","image":{"@type":"ImageObject","inLanguage":"pt-BR","@id":"https:\/\/secure.gravatar.com\/avatar\/3b45f24496a7625a3a6c436688fbe20344faaeb2979658dc4a9921f984d7df9a?s=96&d=mm&r=g","url":"https:\/\/secure.gravatar.com\/avatar\/3b45f24496a7625a3a6c436688fbe20344faaeb2979658dc4a9921f984d7df9a?s=96&d=mm&r=g","contentUrl":"https:\/\/secure.gravatar.com\/avatar\/3b45f24496a7625a3a6c436688fbe20344faaeb2979658dc4a9921f984d7df9a?s=96&d=mm&r=g","caption":"M\u00e1rcio Miranda Pontes"},"sameAs":["http:\/\/www.sabra.org.br"],"url":"https:\/\/www.sabra.org.br\/site\/author\/marcio-miranda-pontes\/"}]}},"jetpack_featured_media_url":"https:\/\/www.sabra.org.br\/site\/wp-content\/uploads\/2019\/07\/Chorinho.jpg","jetpack_shortlink":"https:\/\/wp.me\/p95j2Z-zQ","jetpack-related-posts":[{"id":13134,"url":"https:\/\/www.sabra.org.br\/site\/mestres-do-choro-conheca-os-principais-artistas-e-compositores-brasileiros\/","url_meta":{"origin":2222,"position":0},"title":"Mestres do choro: conhe\u00e7a os principais artistas e compositores brasileiros","author":"","date":"22 de agosto de 2025","format":false,"excerpt":"O Choro, frequentemente chamado de \"chorinho\", \u00e9 um g\u00eanero musical que surgiu no Brasil no s\u00e9culo XIX. Caracterizado pela melodia expressiva e pela complexidade harm\u00f4nica, o choro \u00e9 considerado uma das formas mais ricas da m\u00fasica brasileira. Este estilo musical \u00e9 resultado da fus\u00e3o de ritmos europeus com elementos africanos\u2026","rel":"","context":"Em &quot;Blog SABRA&quot;","block_context":{"text":"Blog SABRA","link":"https:\/\/www.sabra.org.br\/site\/category\/blog-sabra\/"},"img":{"alt_text":"","src":"","width":0,"height":0},"classes":[]},{"id":13135,"url":"https:\/\/www.sabra.org.br\/site\/choro-e-sua-influencia-na-musica-brasileira-contemporanea\/","url_meta":{"origin":2222,"position":1},"title":"Choro e sua influ\u00eancia na m\u00fasica brasileira contempor\u00e2nea","author":"","date":"22 de agosto de 2025","format":false,"excerpt":"O choro, g\u00eanero musical de origem brasileira, exerce uma influ\u00eancia profunda e duradoura na m\u00fasica contempor\u00e2nea do pa\u00eds. Desde o s\u00e9culo XIX, o choro tem sido uma express\u00e3o musical que transcende gera\u00e7\u00f5es, evoluindo e se adaptando aos tempos modernos, mas mantendo suas ra\u00edzes profundamente enraizadas na cultura brasileira. Tradi\u00e7\u00e3o e\u2026","rel":"","context":"Em &quot;Blog SABRA&quot;","block_context":{"text":"Blog SABRA","link":"https:\/\/www.sabra.org.br\/site\/category\/blog-sabra\/"},"img":{"alt_text":"","src":"","width":0,"height":0},"classes":[]},{"id":4186,"url":"https:\/\/www.sabra.org.br\/site\/os-pilares-da-musica-brasileira-generos\/","url_meta":{"origin":2222,"position":2},"title":"Os pilares da m\u00fasica brasileira","author":"M\u00e1rcio Miranda Pontes","date":"17 de setembro de 2021","format":false,"excerpt":"Os pilares da m\u00fasica brasileira No Brasil, a m\u00fasica \u00e9 considerada uma das manifesta\u00e7\u00f5es mais importantes de arte e cultura. Para que voc\u00ea entenda quais s\u00e3o os principais pilares da m\u00fasica brasileira, elaboramos um conte\u00fado. Veja! Patroci\u0301nio m\u00e1ster: @institutounimedbh, viabilizado pelo incentivo de mais de 5,2 mil m\u00e9dicos cooperados e\u2026","rel":"","context":"Em &quot;Blog SABRA&quot;","block_context":{"text":"Blog SABRA","link":"https:\/\/www.sabra.org.br\/site\/category\/blog-sabra\/"},"img":{"alt_text":"samba-g\u00eaneros-musical-brasileira","src":"https:\/\/i0.wp.com\/www.sabra.org.br\/site\/wp-content\/uploads\/2021\/09\/os-pilares-da-musica-brasileira-20210803101037.jpg.jpg?resize=350%2C200&ssl=1","width":350,"height":200,"srcset":"https:\/\/i0.wp.com\/www.sabra.org.br\/site\/wp-content\/uploads\/2021\/09\/os-pilares-da-musica-brasileira-20210803101037.jpg.jpg?resize=350%2C200&ssl=1 1x, https:\/\/i0.wp.com\/www.sabra.org.br\/site\/wp-content\/uploads\/2021\/09\/os-pilares-da-musica-brasileira-20210803101037.jpg.jpg?resize=525%2C300&ssl=1 1.5x, https:\/\/i0.wp.com\/www.sabra.org.br\/site\/wp-content\/uploads\/2021\/09\/os-pilares-da-musica-brasileira-20210803101037.jpg.jpg?resize=700%2C400&ssl=1 2x"},"classes":[]},{"id":13136,"url":"https:\/\/www.sabra.org.br\/site\/choro-o-que-e-e-onde-surgiu\/","url_meta":{"origin":2222,"position":3},"title":"Choro: o que \u00e9 e onde surgiu","author":"","date":"22 de agosto de 2025","format":false,"excerpt":"O choro, muitas vezes chamado de \"o jazz brasileiro\", \u00e9 uma forma de m\u00fasica instrumental que nasceu nas ruas do Rio de Janeiro no final do s\u00e9culo XIX. Suas origens s\u00e3o profundamente enraizadas na mistura de influ\u00eancias culturais presentes na sociedade brasileira da \u00e9poca. Al\u00e9m das influ\u00eancias europeias trazidas pelos\u2026","rel":"","context":"Em &quot;Blog SABRA&quot;","block_context":{"text":"Blog SABRA","link":"https:\/\/www.sabra.org.br\/site\/category\/blog-sabra\/"},"img":{"alt_text":"","src":"","width":0,"height":0},"classes":[]},{"id":4642,"url":"https:\/\/www.sabra.org.br\/site\/instrumentos-musicais-2\/","url_meta":{"origin":2222,"position":4},"title":"Instrumentos Musicais brasileiros: conhe\u00e7a os principais","author":"M\u00e1rcio Miranda Pontes","date":"15 de fevereiro de 2022","format":false,"excerpt":"Alguns instrumentos musicais brasileiros marcam forte presen\u00e7a em diversos estilos comuns ao redor do Brasil, n\u00e3o \u00e9 mesmo? Hoje, voc\u00ea vai conhecer alguns desses instrumentos. Acompanhe esse artigo com bastante aten\u00e7\u00e3o!","rel":"","context":"Em &quot;Blog SABRA&quot;","block_context":{"text":"Blog SABRA","link":"https:\/\/www.sabra.org.br\/site\/category\/blog-sabra\/"},"img":{"alt_text":"Instrumentos-musicais-brasileiros-instrumento","src":"https:\/\/i0.wp.com\/www.sabra.org.br\/site\/wp-content\/uploads\/2022\/02\/instrumentos-musicais-brasileiros-conheca-os-principaisjpg-20220210110336.jpg.jpg?resize=350%2C200&ssl=1","width":350,"height":200,"srcset":"https:\/\/i0.wp.com\/www.sabra.org.br\/site\/wp-content\/uploads\/2022\/02\/instrumentos-musicais-brasileiros-conheca-os-principaisjpg-20220210110336.jpg.jpg?resize=350%2C200&ssl=1 1x, https:\/\/i0.wp.com\/www.sabra.org.br\/site\/wp-content\/uploads\/2022\/02\/instrumentos-musicais-brasileiros-conheca-os-principaisjpg-20220210110336.jpg.jpg?resize=525%2C300&ssl=1 1.5x, https:\/\/i0.wp.com\/www.sabra.org.br\/site\/wp-content\/uploads\/2022\/02\/instrumentos-musicais-brasileiros-conheca-os-principaisjpg-20220210110336.jpg.jpg?resize=700%2C400&ssl=1 2x"},"classes":[]},{"id":5384,"url":"https:\/\/www.sabra.org.br\/site\/influencia-musica-brasileira\/","url_meta":{"origin":2222,"position":5},"title":"Principais pa\u00edses que influenciaram na m\u00fasica brasileira","author":"M\u00e1rcio Miranda Pontes","date":"26 de julho de 2022","format":false,"excerpt":"Existem diversos pa\u00edses que influenciaram na m\u00fasica brasileira, especialmente os que fazem parte do territ\u00f3rio europeu e africano. Por meio dessa influ\u00eancia o Brasil conseguiu construir os seus pr\u00f3prios g\u00eaneros musicais. Leia mais!","rel":"","context":"Em &quot;Blog SABRA&quot;","block_context":{"text":"Blog SABRA","link":"https:\/\/www.sabra.org.br\/site\/category\/blog-sabra\/"},"img":{"alt_text":"m\u00fasica-brasileira-samba-africano-europeu-influencia","src":"https:\/\/i0.wp.com\/www.sabra.org.br\/site\/wp-content\/uploads\/2022\/07\/principais-paises-que-influenciaram-na-musica-brasileira-20220513105253.jpg.jpg?resize=350%2C200&ssl=1","width":350,"height":200,"srcset":"https:\/\/i0.wp.com\/www.sabra.org.br\/site\/wp-content\/uploads\/2022\/07\/principais-paises-que-influenciaram-na-musica-brasileira-20220513105253.jpg.jpg?resize=350%2C200&ssl=1 1x, https:\/\/i0.wp.com\/www.sabra.org.br\/site\/wp-content\/uploads\/2022\/07\/principais-paises-que-influenciaram-na-musica-brasileira-20220513105253.jpg.jpg?resize=525%2C300&ssl=1 1.5x, https:\/\/i0.wp.com\/www.sabra.org.br\/site\/wp-content\/uploads\/2022\/07\/principais-paises-que-influenciaram-na-musica-brasileira-20220513105253.jpg.jpg?resize=700%2C400&ssl=1 2x"},"classes":[]}],"jetpack_likes_enabled":true,"jetpack_sharing_enabled":true,"_links":{"self":[{"href":"https:\/\/www.sabra.org.br\/site\/wp-json\/wp\/v2\/posts\/2222","targetHints":{"allow":["GET"]}}],"collection":[{"href":"https:\/\/www.sabra.org.br\/site\/wp-json\/wp\/v2\/posts"}],"about":[{"href":"https:\/\/www.sabra.org.br\/site\/wp-json\/wp\/v2\/types\/post"}],"author":[{"embeddable":true,"href":"https:\/\/www.sabra.org.br\/site\/wp-json\/wp\/v2\/users\/39"}],"replies":[{"embeddable":true,"href":"https:\/\/www.sabra.org.br\/site\/wp-json\/wp\/v2\/comments?post=2222"}],"version-history":[{"count":0,"href":"https:\/\/www.sabra.org.br\/site\/wp-json\/wp\/v2\/posts\/2222\/revisions"}],"wp:featuredmedia":[{"embeddable":true,"href":"https:\/\/www.sabra.org.br\/site\/wp-json\/wp\/v2\/media\/2223"}],"wp:attachment":[{"href":"https:\/\/www.sabra.org.br\/site\/wp-json\/wp\/v2\/media?parent=2222"}],"wp:term":[{"taxonomy":"category","embeddable":true,"href":"https:\/\/www.sabra.org.br\/site\/wp-json\/wp\/v2\/categories?post=2222"},{"taxonomy":"post_tag","embeddable":true,"href":"https:\/\/www.sabra.org.br\/site\/wp-json\/wp\/v2\/tags?post=2222"}],"curies":[{"name":"wp","href":"https:\/\/api.w.org\/{rel}","templated":true}]}}