{"id":2230,"date":"2019-07-15T10:06:33","date_gmt":"2019-07-15T13:06:33","guid":{"rendered":"https:\/\/www.sabra.org.br\/site\/?p=2230"},"modified":"2025-04-20T19:18:11","modified_gmt":"2025-04-20T22:18:11","slug":"rock-orquestra","status":"publish","type":"post","link":"https:\/\/www.sabra.org.br\/site\/rock-orquestra\/","title":{"rendered":"Bandas de Rock e Orquestras"},"content":{"rendered":"<h2>Bandas de Rock e Orquestras: uma parceria de sucesso<\/h2>\n<p>A turma do rock\u2019n roll nas escolas e universidades geralmente usa roupas irreverentes e expressa atitudes rebeldes, certo? J\u00e1 os f\u00e3s da m\u00fasica cl\u00e1ssica, apesar de menos comuns nos centros de ensino brasileiros, s\u00e3o mais associados a um perfil correto e \u201ccertinho\u201d, quase conservador \u2013 ou \u201ccareta\u201d, como dizem por a\u00ed.<\/p>\n<p>Mas criar e repetir essas imagens, al\u00e9m de refor\u00e7ar cren\u00e7as em estere\u00f3tipos, ainda est\u00e1 completamente errado. Voc\u00ea sabia que, n\u00e3o raras vezes, cantores e bandas de sucesso internacional fazem parceria com orquestras sinf\u00f4nicas renomadas para produzir m\u00fasicas, \u00e1lbuns e at\u00e9 mesmo promover apresenta\u00e7\u00f5es ao vivo em shows e turn\u00eas?<br \/>\nDiversos grupos de m\u00fasica j\u00e1 tocaram com o acompanhamento de Orquestras, ao passo que v\u00e1rias Orquestras j\u00e1 executaram populares can\u00e7\u00f5es do mundo do rock. Se quiser saber mais sobre essa intera\u00e7\u00e3o sempre bem sucedida, embarque conosco nesse texto.<\/p>\n<h2>Pop e Rock na presen\u00e7a de instrumentistas<\/h2>\n<p>A mistura desses dois g\u00eaneros musicais \u00e9 recente, pois enquanto a m\u00fasica erudita existe h\u00e1 alguns s\u00e9culos, o rock\u2019n roll surgiu apenas na segunda metade do s\u00e9culo passado. E uma das primeiras iniciativas que uniram ambas as influ\u00eancias veio na d\u00e9cada de 1960, justamente com os queridinhos de Liverpool, os Beatles. Os jovens m\u00fasicos chegaram ao topo das paradas com \u201cAll You Need Is Love\u201d e \u201cYesterday\u201d ao acompanhamento de uma orquestra e, depois, com o disco de vinil Sgt. Pepper\u2019s Lonely Hearts Club Band (1967).<\/p>\n<p>Em 1985, foi a vez dos tamb\u00e9m ingleses do Jethro Tull gravarem um \u00e1lbum completo (\u201cA Classic Case\u201d), com a Orquestra de Londres. Al\u00e9m dessa iniciativa, a banda realizou ao longo das d\u00e9cadas in\u00fameros projetos com instrumentistas cl\u00e1ssicos.<br \/>\nJ\u00e1 na d\u00e9cada de 1990, Eric Clapton promoveu diversos shows com a National Philharmonic Orchestra de Londres, sob a reg\u00eancia do maestro Michael Kamen. O projeto resultou na trilha sonora do filme \u201cEdge of Darkness\u201d, que tamb\u00e9m deu nome ao CD do m\u00fasico.<\/p>\n<h2>Rock\u2019n Roll e m\u00fasica cl\u00e1ssica<\/h2>\n<p>N\u00e3o d\u00e1 para dizer quem experimentou mais o recurso da m\u00fasica cl\u00e1ssica nas produ\u00e7\u00e3o modernas, se foram os cantores do rock mais popular ou os rockeiros \u201cda pesada\u201d do heavy metal. Afinal, quem gosta das produ\u00e7\u00e3o do s\u00e9culo XX sabe que \u00edcones como Kiss, Metallica, Deep Purple e Scorpions eram f\u00e3s do acompanhamento de violinos, violas e outros instrumentos eruditos.<br \/>\nAinda em 1969, o Deep Purple fez hist\u00f3ria ao lan\u00e7ar o \u201cConcerto para Grupo e Orquestra\u201d, pois foi a primeira produ\u00e7\u00e3o a apresentar-se com uma orquestra completa. A escolhida foi a Royal Philharmonic Orchestra, e o local o tamb\u00e9m brit\u00e2nico Royal Albert Hall.<\/p>\n<h2>Se voc\u00ea gostou deste post:<\/h2>\n<p>&#8211; siga as nossas p\u00e1ginas nas redes sociais para acompanhar as nossas atualiza\u00e7\u00f5es: estamos no <a href=\"https:\/\/www.facebook.com\/sabrabrasil\" target=\"_blank\" rel=\"noopener noreferrer\">Facebook<\/a>, no <a href=\"https:\/\/www.instagram.com\/sabrabrasil\/\" target=\"_blank\" rel=\"noopener noreferrer\">Instagram<\/a>, no <a href=\"https:\/\/www.linkedin.com\/company\/25002088\" target=\"_blank\" rel=\"noopener noreferrer\">LinkedIn<\/a>, no <a href=\"https:\/\/twitter.com\/ContatoSabra\" target=\"_blank\" rel=\"noopener noreferrer\">Twitter<\/a> e no <a href=\"https:\/\/www.youtube.com\/channel\/UCJw-kbuEvzUNdeQf20Pa-eQ\" target=\"_blank\" rel=\"noopener noreferrer\">YouTube<\/a>!<\/p>\n<p>&#8211; Conhe\u00e7a o trabalho da Sociedade Art\u00edstica Brasileira (SABRA) e todas as iniciativas culturais e sociais que ela mant\u00e9m. <a href=\"https:\/\/www.sabra.org.br\/site\/acoes\/\" target=\"_blank\" rel=\"noopener noreferrer\">Acesse nosso site!<\/a><\/p>\n<p>&#8211; entre em contato com a gente. E veja quais s\u00e3o as op\u00e7\u00f5es de ajuda na manuten\u00e7\u00e3o de nossas a\u00e7\u00f5es sociais e culturais. Basta acessar nossa p\u00e1gina <a href=\"https:\/\/www.sabra.org.br\/site\/doe-agora\/\" target=\"_blank\" rel=\"noopener noreferrer\">Doe Agora!<\/a><\/p>\n<p>&#8211; Compartilhe este texto nas suas redes sociais e ajude os seus amigos a tamb\u00e9m dominarem o assunto!<\/p>\n","protected":false},"excerpt":{"rendered":"<p>rock&#8217;n roll<br \/>\nm\u00fasica cl\u00e1ssica<br \/>\nphilharmonic orchestra<br \/>\ndeep purple<br \/>\nredes sociais<\/p>\n","protected":false},"author":39,"featured_media":2231,"comment_status":"closed","ping_status":"closed","sticky":false,"template":"","format":"standard","meta":{"jetpack_post_was_ever_published":false,"_jetpack_newsletter_access":"","_jetpack_dont_email_post_to_subs":false,"_jetpack_newsletter_tier_id":0,"_jetpack_memberships_contains_paywalled_content":false,"_jetpack_memberships_contains_paid_content":false,"footnotes":""},"categories":[1],"tags":[15,8,1285,16,1286,11,9],"class_list":["post-2230","post","type-post","status-publish","format-standard","has-post-thumbnail","hentry","category-blog-sabra","tag-assistencia-social","tag-canto-coral","tag-escola-de-musica-sabra","tag-musicalizacao-infantil","tag-orquestra-infanto-juvenil-de-betim","tag-orquestra-sinfonica-de-betim","tag-sociedade-artistica-brasileira"],"yoast_head":"<!-- This site is optimized with the Yoast SEO plugin v27.5 - https:\/\/yoast.com\/product\/yoast-seo-wordpress\/ -->\n<title>Bandas de Rock e Orquestras - SABRA - Sociedade Art\u00edstica Brasileira<\/title>\n<meta name=\"description\" content=\"Algumas pessoas dizem que rock\u2019n&#039;roll e m\u00fasica cl\u00e1ssica s\u00e3o g\u00eaneros completamente diferentes. Mas, bandas e orquestras famosas j\u00e1 interpretaram rock juntas.\" \/>\n<meta name=\"robots\" content=\"index, follow, max-snippet:-1, max-image-preview:large, max-video-preview:-1\" \/>\n<link rel=\"canonical\" href=\"https:\/\/www.sabra.org.br\/site\/rock-orquestra\/\" \/>\n<meta property=\"og:locale\" content=\"pt_BR\" \/>\n<meta property=\"og:type\" content=\"article\" \/>\n<meta property=\"og:title\" content=\"Bandas de Rock e Orquestras - SABRA - Sociedade Art\u00edstica Brasileira\" \/>\n<meta property=\"og:description\" content=\"Algumas pessoas dizem que rock\u2019n&#039;roll e m\u00fasica cl\u00e1ssica s\u00e3o g\u00eaneros completamente diferentes. Mas, bandas e orquestras famosas j\u00e1 interpretaram rock juntas.\" \/>\n<meta property=\"og:url\" content=\"https:\/\/www.sabra.org.br\/site\/rock-orquestra\/\" \/>\n<meta property=\"og:site_name\" content=\"SABRA - Sociedade Art\u00edstica Brasileira\" \/>\n<meta property=\"article:publisher\" content=\"https:\/\/www.facebook.com\/sabrabrasil\" \/>\n<meta property=\"article:published_time\" content=\"2019-07-15T13:06:33+00:00\" \/>\n<meta property=\"article:modified_time\" content=\"2025-04-20T22:18:11+00:00\" \/>\n<meta property=\"og:image\" content=\"https:\/\/www.sabra.org.br\/site\/wp-content\/uploads\/2019\/07\/bandas-de-rock-e-orquestras-uma-parceria-de-sucesso-20171027133213.jpg.jpg\" \/>\n\t<meta property=\"og:image:width\" content=\"1254\" \/>\n\t<meta property=\"og:image:height\" content=\"837\" \/>\n\t<meta property=\"og:image:type\" content=\"image\/jpeg\" \/>\n<meta name=\"author\" content=\"M\u00e1rcio Miranda Pontes\" \/>\n<meta name=\"twitter:card\" content=\"summary_large_image\" \/>\n<meta name=\"twitter:creator\" content=\"@ContatoSabra\" \/>\n<meta name=\"twitter:site\" content=\"@ContatoSabra\" \/>\n<meta name=\"twitter:label1\" content=\"Escrito por\" \/>\n\t<meta name=\"twitter:data1\" content=\"M\u00e1rcio Miranda Pontes\" \/>\n\t<meta name=\"twitter:label2\" content=\"Est. tempo de leitura\" \/>\n\t<meta name=\"twitter:data2\" content=\"3 minutos\" \/>\n<script type=\"application\/ld+json\" class=\"yoast-schema-graph\">{\"@context\":\"https:\\\/\\\/schema.org\",\"@graph\":[{\"@type\":\"Article\",\"@id\":\"https:\\\/\\\/www.sabra.org.br\\\/site\\\/rock-orquestra\\\/#article\",\"isPartOf\":{\"@id\":\"https:\\\/\\\/www.sabra.org.br\\\/site\\\/rock-orquestra\\\/\"},\"author\":{\"name\":\"M\u00e1rcio Miranda Pontes\",\"@id\":\"https:\\\/\\\/www.sabra.org.br\\\/site\\\/#\\\/schema\\\/person\\\/7d1d222c3c8891d4c37c7b41bf6315c2\"},\"headline\":\"Bandas de Rock e Orquestras\",\"datePublished\":\"2019-07-15T13:06:33+00:00\",\"dateModified\":\"2025-04-20T22:18:11+00:00\",\"mainEntityOfPage\":{\"@id\":\"https:\\\/\\\/www.sabra.org.br\\\/site\\\/rock-orquestra\\\/\"},\"wordCount\":589,\"publisher\":{\"@id\":\"https:\\\/\\\/www.sabra.org.br\\\/site\\\/#organization\"},\"image\":{\"@id\":\"https:\\\/\\\/www.sabra.org.br\\\/site\\\/rock-orquestra\\\/#primaryimage\"},\"thumbnailUrl\":\"https:\\\/\\\/www.sabra.org.br\\\/site\\\/wp-content\\\/uploads\\\/2019\\\/07\\\/bandas-de-rock-e-orquestras-uma-parceria-de-sucesso-20171027133213.jpg.jpg\",\"keywords\":[\"Assist\u00eancia social\",\"Canto Coral\",\"Escola de Musica SABRA\",\"Musicaliza\u00e7\u00e3o Infantil\",\"Orquestra Infanto Juvenil de Betim\",\"Orquestra Sinf\u00f4nica de Betim\",\"Sociedade Art\u00edstica Brasileira\"],\"articleSection\":[\"Blog SABRA\"],\"inLanguage\":\"pt-BR\"},{\"@type\":\"WebPage\",\"@id\":\"https:\\\/\\\/www.sabra.org.br\\\/site\\\/rock-orquestra\\\/\",\"url\":\"https:\\\/\\\/www.sabra.org.br\\\/site\\\/rock-orquestra\\\/\",\"name\":\"Bandas de Rock e Orquestras - SABRA - Sociedade Art\u00edstica Brasileira\",\"isPartOf\":{\"@id\":\"https:\\\/\\\/www.sabra.org.br\\\/site\\\/#website\"},\"primaryImageOfPage\":{\"@id\":\"https:\\\/\\\/www.sabra.org.br\\\/site\\\/rock-orquestra\\\/#primaryimage\"},\"image\":{\"@id\":\"https:\\\/\\\/www.sabra.org.br\\\/site\\\/rock-orquestra\\\/#primaryimage\"},\"thumbnailUrl\":\"https:\\\/\\\/www.sabra.org.br\\\/site\\\/wp-content\\\/uploads\\\/2019\\\/07\\\/bandas-de-rock-e-orquestras-uma-parceria-de-sucesso-20171027133213.jpg.jpg\",\"datePublished\":\"2019-07-15T13:06:33+00:00\",\"dateModified\":\"2025-04-20T22:18:11+00:00\",\"description\":\"Algumas pessoas dizem que rock\u2019n'roll e m\u00fasica cl\u00e1ssica s\u00e3o g\u00eaneros completamente diferentes. Mas, bandas e orquestras famosas j\u00e1 interpretaram rock juntas.\",\"breadcrumb\":{\"@id\":\"https:\\\/\\\/www.sabra.org.br\\\/site\\\/rock-orquestra\\\/#breadcrumb\"},\"inLanguage\":\"pt-BR\",\"potentialAction\":[{\"@type\":\"ReadAction\",\"target\":[\"https:\\\/\\\/www.sabra.org.br\\\/site\\\/rock-orquestra\\\/\"]}]},{\"@type\":\"ImageObject\",\"inLanguage\":\"pt-BR\",\"@id\":\"https:\\\/\\\/www.sabra.org.br\\\/site\\\/rock-orquestra\\\/#primaryimage\",\"url\":\"https:\\\/\\\/www.sabra.org.br\\\/site\\\/wp-content\\\/uploads\\\/2019\\\/07\\\/bandas-de-rock-e-orquestras-uma-parceria-de-sucesso-20171027133213.jpg.jpg\",\"contentUrl\":\"https:\\\/\\\/www.sabra.org.br\\\/site\\\/wp-content\\\/uploads\\\/2019\\\/07\\\/bandas-de-rock-e-orquestras-uma-parceria-de-sucesso-20171027133213.jpg.jpg\",\"width\":1254,\"height\":837,\"caption\":\"Sociedade Art\u00edstica Brasileira SABRA\"},{\"@type\":\"BreadcrumbList\",\"@id\":\"https:\\\/\\\/www.sabra.org.br\\\/site\\\/rock-orquestra\\\/#breadcrumb\",\"itemListElement\":[{\"@type\":\"ListItem\",\"position\":1,\"name\":\"In\u00edcio\",\"item\":\"https:\\\/\\\/www.sabra.org.br\\\/site\\\/\"},{\"@type\":\"ListItem\",\"position\":2,\"name\":\"Bandas de Rock e Orquestras\"}]},{\"@type\":\"WebSite\",\"@id\":\"https:\\\/\\\/www.sabra.org.br\\\/site\\\/#website\",\"url\":\"https:\\\/\\\/www.sabra.org.br\\\/site\\\/\",\"name\":\"SABRA - Sociedade Art\u00edstica Brasileira\",\"description\":\"Escola de M\u00fasica, Orquestra Sinf\u00f4nica, Coral e Patrim\u00f4nio Cultural e Hist\u00f3rico\",\"publisher\":{\"@id\":\"https:\\\/\\\/www.sabra.org.br\\\/site\\\/#organization\"},\"potentialAction\":[{\"@type\":\"SearchAction\",\"target\":{\"@type\":\"EntryPoint\",\"urlTemplate\":\"https:\\\/\\\/www.sabra.org.br\\\/site\\\/?s={search_term_string}\"},\"query-input\":{\"@type\":\"PropertyValueSpecification\",\"valueRequired\":true,\"valueName\":\"search_term_string\"}}],\"inLanguage\":\"pt-BR\"},{\"@type\":\"Organization\",\"@id\":\"https:\\\/\\\/www.sabra.org.br\\\/site\\\/#organization\",\"name\":\"SOCIEDADE ART\u00cdSTICA BRASILEIRA SABRA\",\"alternateName\":\"SABRA\",\"url\":\"https:\\\/\\\/www.sabra.org.br\\\/site\\\/\",\"logo\":{\"@type\":\"ImageObject\",\"inLanguage\":\"pt-BR\",\"@id\":\"https:\\\/\\\/www.sabra.org.br\\\/site\\\/#\\\/schema\\\/logo\\\/image\\\/\",\"url\":\"https:\\\/\\\/www.sabra.org.br\\\/site\\\/wp-content\\\/uploads\\\/2019\\\/06\\\/cropped-Logo_SABRA-Copia-1.webp\",\"contentUrl\":\"https:\\\/\\\/www.sabra.org.br\\\/site\\\/wp-content\\\/uploads\\\/2019\\\/06\\\/cropped-Logo_SABRA-Copia-1.webp\",\"width\":400,\"height\":128,\"caption\":\"SOCIEDADE ART\u00cdSTICA BRASILEIRA SABRA\"},\"image\":{\"@id\":\"https:\\\/\\\/www.sabra.org.br\\\/site\\\/#\\\/schema\\\/logo\\\/image\\\/\"},\"sameAs\":[\"https:\\\/\\\/www.facebook.com\\\/sabrabrasil\",\"https:\\\/\\\/x.com\\\/ContatoSabra\",\"https:\\\/\\\/www.instagram.com\\\/sabrabrasil\\\/\",\"https:\\\/\\\/www.linkedin.com\\\/company\\\/25002088\\\/\",\"https:\\\/\\\/br.pinterest.com\\\/sociedadeartisticabrasileira\\\/\",\"https:\\\/\\\/www.youtube.com\\\/c\\\/sabrabrasil\"]},{\"@type\":\"Person\",\"@id\":\"https:\\\/\\\/www.sabra.org.br\\\/site\\\/#\\\/schema\\\/person\\\/7d1d222c3c8891d4c37c7b41bf6315c2\",\"name\":\"M\u00e1rcio Miranda Pontes\",\"image\":{\"@type\":\"ImageObject\",\"inLanguage\":\"pt-BR\",\"@id\":\"https:\\\/\\\/secure.gravatar.com\\\/avatar\\\/3b45f24496a7625a3a6c436688fbe20344faaeb2979658dc4a9921f984d7df9a?s=96&d=mm&r=g\",\"url\":\"https:\\\/\\\/secure.gravatar.com\\\/avatar\\\/3b45f24496a7625a3a6c436688fbe20344faaeb2979658dc4a9921f984d7df9a?s=96&d=mm&r=g\",\"contentUrl\":\"https:\\\/\\\/secure.gravatar.com\\\/avatar\\\/3b45f24496a7625a3a6c436688fbe20344faaeb2979658dc4a9921f984d7df9a?s=96&d=mm&r=g\",\"caption\":\"M\u00e1rcio Miranda Pontes\"},\"sameAs\":[\"http:\\\/\\\/www.sabra.org.br\"],\"url\":\"https:\\\/\\\/www.sabra.org.br\\\/site\\\/author\\\/marcio-miranda-pontes\\\/\"}]}<\/script>\n<!-- \/ Yoast SEO plugin. -->","yoast_head_json":{"title":"Bandas de Rock e Orquestras - SABRA - Sociedade Art\u00edstica Brasileira","description":"Algumas pessoas dizem que rock\u2019n'roll e m\u00fasica cl\u00e1ssica s\u00e3o g\u00eaneros completamente diferentes. Mas, bandas e orquestras famosas j\u00e1 interpretaram rock juntas.","robots":{"index":"index","follow":"follow","max-snippet":"max-snippet:-1","max-image-preview":"max-image-preview:large","max-video-preview":"max-video-preview:-1"},"canonical":"https:\/\/www.sabra.org.br\/site\/rock-orquestra\/","og_locale":"pt_BR","og_type":"article","og_title":"Bandas de Rock e Orquestras - SABRA - Sociedade Art\u00edstica Brasileira","og_description":"Algumas pessoas dizem que rock\u2019n'roll e m\u00fasica cl\u00e1ssica s\u00e3o g\u00eaneros completamente diferentes. Mas, bandas e orquestras famosas j\u00e1 interpretaram rock juntas.","og_url":"https:\/\/www.sabra.org.br\/site\/rock-orquestra\/","og_site_name":"SABRA - Sociedade Art\u00edstica Brasileira","article_publisher":"https:\/\/www.facebook.com\/sabrabrasil","article_published_time":"2019-07-15T13:06:33+00:00","article_modified_time":"2025-04-20T22:18:11+00:00","og_image":[{"width":1254,"height":837,"url":"https:\/\/www.sabra.org.br\/site\/wp-content\/uploads\/2019\/07\/bandas-de-rock-e-orquestras-uma-parceria-de-sucesso-20171027133213.jpg.jpg","type":"image\/jpeg"}],"author":"M\u00e1rcio Miranda Pontes","twitter_card":"summary_large_image","twitter_creator":"@ContatoSabra","twitter_site":"@ContatoSabra","twitter_misc":{"Escrito por":"M\u00e1rcio Miranda Pontes","Est. tempo de leitura":"3 minutos"},"schema":{"@context":"https:\/\/schema.org","@graph":[{"@type":"Article","@id":"https:\/\/www.sabra.org.br\/site\/rock-orquestra\/#article","isPartOf":{"@id":"https:\/\/www.sabra.org.br\/site\/rock-orquestra\/"},"author":{"name":"M\u00e1rcio Miranda Pontes","@id":"https:\/\/www.sabra.org.br\/site\/#\/schema\/person\/7d1d222c3c8891d4c37c7b41bf6315c2"},"headline":"Bandas de Rock e Orquestras","datePublished":"2019-07-15T13:06:33+00:00","dateModified":"2025-04-20T22:18:11+00:00","mainEntityOfPage":{"@id":"https:\/\/www.sabra.org.br\/site\/rock-orquestra\/"},"wordCount":589,"publisher":{"@id":"https:\/\/www.sabra.org.br\/site\/#organization"},"image":{"@id":"https:\/\/www.sabra.org.br\/site\/rock-orquestra\/#primaryimage"},"thumbnailUrl":"https:\/\/www.sabra.org.br\/site\/wp-content\/uploads\/2019\/07\/bandas-de-rock-e-orquestras-uma-parceria-de-sucesso-20171027133213.jpg.jpg","keywords":["Assist\u00eancia social","Canto Coral","Escola de Musica SABRA","Musicaliza\u00e7\u00e3o Infantil","Orquestra Infanto Juvenil de Betim","Orquestra Sinf\u00f4nica de Betim","Sociedade Art\u00edstica Brasileira"],"articleSection":["Blog SABRA"],"inLanguage":"pt-BR"},{"@type":"WebPage","@id":"https:\/\/www.sabra.org.br\/site\/rock-orquestra\/","url":"https:\/\/www.sabra.org.br\/site\/rock-orquestra\/","name":"Bandas de Rock e Orquestras - SABRA - Sociedade Art\u00edstica Brasileira","isPartOf":{"@id":"https:\/\/www.sabra.org.br\/site\/#website"},"primaryImageOfPage":{"@id":"https:\/\/www.sabra.org.br\/site\/rock-orquestra\/#primaryimage"},"image":{"@id":"https:\/\/www.sabra.org.br\/site\/rock-orquestra\/#primaryimage"},"thumbnailUrl":"https:\/\/www.sabra.org.br\/site\/wp-content\/uploads\/2019\/07\/bandas-de-rock-e-orquestras-uma-parceria-de-sucesso-20171027133213.jpg.jpg","datePublished":"2019-07-15T13:06:33+00:00","dateModified":"2025-04-20T22:18:11+00:00","description":"Algumas pessoas dizem que rock\u2019n'roll e m\u00fasica cl\u00e1ssica s\u00e3o g\u00eaneros completamente diferentes. Mas, bandas e orquestras famosas j\u00e1 interpretaram rock juntas.","breadcrumb":{"@id":"https:\/\/www.sabra.org.br\/site\/rock-orquestra\/#breadcrumb"},"inLanguage":"pt-BR","potentialAction":[{"@type":"ReadAction","target":["https:\/\/www.sabra.org.br\/site\/rock-orquestra\/"]}]},{"@type":"ImageObject","inLanguage":"pt-BR","@id":"https:\/\/www.sabra.org.br\/site\/rock-orquestra\/#primaryimage","url":"https:\/\/www.sabra.org.br\/site\/wp-content\/uploads\/2019\/07\/bandas-de-rock-e-orquestras-uma-parceria-de-sucesso-20171027133213.jpg.jpg","contentUrl":"https:\/\/www.sabra.org.br\/site\/wp-content\/uploads\/2019\/07\/bandas-de-rock-e-orquestras-uma-parceria-de-sucesso-20171027133213.jpg.jpg","width":1254,"height":837,"caption":"Sociedade Art\u00edstica Brasileira SABRA"},{"@type":"BreadcrumbList","@id":"https:\/\/www.sabra.org.br\/site\/rock-orquestra\/#breadcrumb","itemListElement":[{"@type":"ListItem","position":1,"name":"In\u00edcio","item":"https:\/\/www.sabra.org.br\/site\/"},{"@type":"ListItem","position":2,"name":"Bandas de Rock e Orquestras"}]},{"@type":"WebSite","@id":"https:\/\/www.sabra.org.br\/site\/#website","url":"https:\/\/www.sabra.org.br\/site\/","name":"SABRA - Sociedade Art\u00edstica Brasileira","description":"Escola de M\u00fasica, Orquestra Sinf\u00f4nica, Coral e Patrim\u00f4nio Cultural e Hist\u00f3rico","publisher":{"@id":"https:\/\/www.sabra.org.br\/site\/#organization"},"potentialAction":[{"@type":"SearchAction","target":{"@type":"EntryPoint","urlTemplate":"https:\/\/www.sabra.org.br\/site\/?s={search_term_string}"},"query-input":{"@type":"PropertyValueSpecification","valueRequired":true,"valueName":"search_term_string"}}],"inLanguage":"pt-BR"},{"@type":"Organization","@id":"https:\/\/www.sabra.org.br\/site\/#organization","name":"SOCIEDADE ART\u00cdSTICA BRASILEIRA SABRA","alternateName":"SABRA","url":"https:\/\/www.sabra.org.br\/site\/","logo":{"@type":"ImageObject","inLanguage":"pt-BR","@id":"https:\/\/www.sabra.org.br\/site\/#\/schema\/logo\/image\/","url":"https:\/\/www.sabra.org.br\/site\/wp-content\/uploads\/2019\/06\/cropped-Logo_SABRA-Copia-1.webp","contentUrl":"https:\/\/www.sabra.org.br\/site\/wp-content\/uploads\/2019\/06\/cropped-Logo_SABRA-Copia-1.webp","width":400,"height":128,"caption":"SOCIEDADE ART\u00cdSTICA BRASILEIRA SABRA"},"image":{"@id":"https:\/\/www.sabra.org.br\/site\/#\/schema\/logo\/image\/"},"sameAs":["https:\/\/www.facebook.com\/sabrabrasil","https:\/\/x.com\/ContatoSabra","https:\/\/www.instagram.com\/sabrabrasil\/","https:\/\/www.linkedin.com\/company\/25002088\/","https:\/\/br.pinterest.com\/sociedadeartisticabrasileira\/","https:\/\/www.youtube.com\/c\/sabrabrasil"]},{"@type":"Person","@id":"https:\/\/www.sabra.org.br\/site\/#\/schema\/person\/7d1d222c3c8891d4c37c7b41bf6315c2","name":"M\u00e1rcio Miranda Pontes","image":{"@type":"ImageObject","inLanguage":"pt-BR","@id":"https:\/\/secure.gravatar.com\/avatar\/3b45f24496a7625a3a6c436688fbe20344faaeb2979658dc4a9921f984d7df9a?s=96&d=mm&r=g","url":"https:\/\/secure.gravatar.com\/avatar\/3b45f24496a7625a3a6c436688fbe20344faaeb2979658dc4a9921f984d7df9a?s=96&d=mm&r=g","contentUrl":"https:\/\/secure.gravatar.com\/avatar\/3b45f24496a7625a3a6c436688fbe20344faaeb2979658dc4a9921f984d7df9a?s=96&d=mm&r=g","caption":"M\u00e1rcio Miranda Pontes"},"sameAs":["http:\/\/www.sabra.org.br"],"url":"https:\/\/www.sabra.org.br\/site\/author\/marcio-miranda-pontes\/"}]}},"jetpack_featured_media_url":"https:\/\/www.sabra.org.br\/site\/wp-content\/uploads\/2019\/07\/bandas-de-rock-e-orquestras-uma-parceria-de-sucesso-20171027133213.jpg.jpg","jetpack_shortlink":"https:\/\/wp.me\/p95j2Z-zY","jetpack-related-posts":[{"id":7709,"url":"https:\/\/www.sabra.org.br\/site\/rock-orquestra-2\/","url_meta":{"origin":2230,"position":0},"title":"Voc\u00ea sabe como o rock pode ser utilizado em orquestras?","author":"M\u00e1rcio Miranda Pontes","date":"23 de agosto de 2023","format":false,"excerpt":"Apresentaremos melhor o conceito de orquestras tocando Rock\u2019n\u2019Roll e como esse estilo musical pode ser utilizado em um concerto orquestrado.","rel":"","context":"Em &quot;Blog SABRA&quot;","block_context":{"text":"Blog SABRA","link":"https:\/\/www.sabra.org.br\/site\/category\/blog-sabra\/"},"img":{"alt_text":"orquestra-sinf\u00f4nica-betim-bolsa-incentivo-rock-orquestra","src":"https:\/\/i0.wp.com\/www.sabra.org.br\/site\/wp-content\/uploads\/2023\/04\/Orquestra-resultado-2023-e1765391313729.jpg?resize=350%2C200&ssl=1","width":350,"height":200,"srcset":"https:\/\/i0.wp.com\/www.sabra.org.br\/site\/wp-content\/uploads\/2023\/04\/Orquestra-resultado-2023-e1765391313729.jpg?resize=350%2C200&ssl=1 1x, https:\/\/i0.wp.com\/www.sabra.org.br\/site\/wp-content\/uploads\/2023\/04\/Orquestra-resultado-2023-e1765391313729.jpg?resize=525%2C300&ssl=1 1.5x"},"classes":[]},{"id":3889,"url":"https:\/\/www.sabra.org.br\/site\/tipos-orquestras\/","url_meta":{"origin":2230,"position":1},"title":"Saiba quais s\u00e3o os tipos de orquestra que existem","author":"M\u00e1rcio Miranda Pontes","date":"14 de maio de 2021","format":false,"excerpt":"Saiba quais s\u00e3o os tipos de orquestra que existem As orquestras s\u00e3o manifesta\u00e7\u00f5es culturais que causam emo\u00e7\u00f5es fortes, possui uma longa hist\u00f3ria por todas as sociedades que j\u00e1 passou, mas voc\u00ea sabe os tipos de orquestras que existem? Confira aqui.","rel":"","context":"Em &quot;Blog SABRA&quot;","block_context":{"text":"Blog SABRA","link":"https:\/\/www.sabra.org.br\/site\/category\/blog-sabra\/"},"img":{"alt_text":"orquestra-m\u00fasica-tipo","src":"https:\/\/i0.wp.com\/www.sabra.org.br\/site\/wp-content\/uploads\/2021\/05\/saiba-quais-sao-os-tipos-de-orquestra-existem-20210203092956.jpg.jpg?resize=350%2C200&ssl=1","width":350,"height":200,"srcset":"https:\/\/i0.wp.com\/www.sabra.org.br\/site\/wp-content\/uploads\/2021\/05\/saiba-quais-sao-os-tipos-de-orquestra-existem-20210203092956.jpg.jpg?resize=350%2C200&ssl=1 1x, https:\/\/i0.wp.com\/www.sabra.org.br\/site\/wp-content\/uploads\/2021\/05\/saiba-quais-sao-os-tipos-de-orquestra-existem-20210203092956.jpg.jpg?resize=525%2C300&ssl=1 1.5x, https:\/\/i0.wp.com\/www.sabra.org.br\/site\/wp-content\/uploads\/2021\/05\/saiba-quais-sao-os-tipos-de-orquestra-existem-20210203092956.jpg.jpg?resize=700%2C400&ssl=1 2x"},"classes":[]},{"id":4165,"url":"https:\/\/www.sabra.org.br\/site\/bandas-minas-gerais\/","url_meta":{"origin":2230,"position":2},"title":"Conhe\u00e7a 5 bandas mineiras que fazem sucesso em todo Brasil","author":"M\u00e1rcio Miranda Pontes","date":"10 de setembro de 2021","format":false,"excerpt":"Conhe\u00e7a 5 bandas mineiras que fazem sucesso em todo Brasil Minas Gerais \u00e9 reduto de grandes artistas, super talentosos e que levam a cultura do estado por onde passam. Por isso, selecionamos 5 bandas mineiras que fazem sucesso em todo Brasil para voc\u00ea ouvir sempre! Patroci\u0301nio m\u00e1ster: @institutounimedbh, viabilizado pelo\u2026","rel":"","context":"Em &quot;Blog SABRA&quot;","block_context":{"text":"Blog SABRA","link":"https:\/\/www.sabra.org.br\/site\/category\/blog-sabra\/"},"img":{"alt_text":"bandas-mineiras-banda-minas-gerais","src":"https:\/\/i0.wp.com\/www.sabra.org.br\/site\/wp-content\/uploads\/2021\/09\/conheca-x-bandas-mineiras-que-fazem-sucesso-em-todo-brasil-20210803101037.jpg.jpg?resize=350%2C200&ssl=1","width":350,"height":200,"srcset":"https:\/\/i0.wp.com\/www.sabra.org.br\/site\/wp-content\/uploads\/2021\/09\/conheca-x-bandas-mineiras-que-fazem-sucesso-em-todo-brasil-20210803101037.jpg.jpg?resize=350%2C200&ssl=1 1x, https:\/\/i0.wp.com\/www.sabra.org.br\/site\/wp-content\/uploads\/2021\/09\/conheca-x-bandas-mineiras-que-fazem-sucesso-em-todo-brasil-20210803101037.jpg.jpg?resize=525%2C300&ssl=1 1.5x, https:\/\/i0.wp.com\/www.sabra.org.br\/site\/wp-content\/uploads\/2021\/09\/conheca-x-bandas-mineiras-que-fazem-sucesso-em-todo-brasil-20210803101037.jpg.jpg?resize=700%2C400&ssl=1 2x"},"classes":[]},{"id":7760,"url":"https:\/\/www.sabra.org.br\/site\/musicas-classicas-orquestras-famosas\/","url_meta":{"origin":2230,"position":3},"title":"Conhe\u00e7a as melhores m\u00fasicas cl\u00e1ssicas tocadas por orquestras famosas","author":"M\u00e1rcio Miranda Pontes","date":"3 de agosto de 2023","format":false,"excerpt":"As maiores orquestras do mundo emocionam atrav\u00e9s das obras mais famosas da m\u00fasica cl\u00e1ssica. Hist\u00f3ria e atemporalidade alimentam a cultura em concertos inesquec\u00edveis. Leia nosso texto e conhe\u00e7a as composi\u00e7\u00f5es favoritas das grandes orquestras.","rel":"","context":"Em &quot;Blog SABRA&quot;","block_context":{"text":"Blog SABRA","link":"https:\/\/www.sabra.org.br\/site\/category\/blog-sabra\/"},"img":{"alt_text":"sabra-m\u00fasica-sinfonia-cl\u00e1ssica-conhecimentos","src":"https:\/\/i0.wp.com\/www.sabra.org.br\/site\/wp-content\/uploads\/2023\/08\/conheca-as-melhores-musicas-classicas-tocadas-por-orquestras-famosasjpg-20230504105610.jpg-jpg.webp?resize=350%2C200&ssl=1","width":350,"height":200,"srcset":"https:\/\/i0.wp.com\/www.sabra.org.br\/site\/wp-content\/uploads\/2023\/08\/conheca-as-melhores-musicas-classicas-tocadas-por-orquestras-famosasjpg-20230504105610.jpg-jpg.webp?resize=350%2C200&ssl=1 1x, https:\/\/i0.wp.com\/www.sabra.org.br\/site\/wp-content\/uploads\/2023\/08\/conheca-as-melhores-musicas-classicas-tocadas-por-orquestras-famosasjpg-20230504105610.jpg-jpg.webp?resize=525%2C300&ssl=1 1.5x, https:\/\/i0.wp.com\/www.sabra.org.br\/site\/wp-content\/uploads\/2023\/08\/conheca-as-melhores-musicas-classicas-tocadas-por-orquestras-famosasjpg-20230504105610.jpg-jpg.webp?resize=700%2C400&ssl=1 2x"},"classes":[]},{"id":1462,"url":"https:\/\/www.sabra.org.br\/site\/orquestra-sinfonica-conheca-famosas\/","url_meta":{"origin":2230,"position":4},"title":"Orquestras Sinf\u00f4nicas &#8211; conhe\u00e7a as melhores","author":"M\u00e1rcio Miranda Pontes","date":"31 de agosto de 2018","format":false,"excerpt":"No mundo todo h\u00e1 Orquestras Sinf\u00f4nicas de alt\u00edssimo n\u00edvel de qualidade e excel\u00eancia na execu\u00e7\u00e3o de sons de diversas escolas musicais. Recentemente, o tradicional selo brit\u00e2nico, Gramophone, come\u00e7ou a montar um ranking para classificar as melhores Orquestras Sinf\u00f4nicas do mundo. Nos crit\u00e9rios do ranking mundial est\u00e1 a qualidade individual dos\u2026","rel":"","context":"Em &quot;Blog SABRA&quot;","block_context":{"text":"Blog SABRA","link":"https:\/\/www.sabra.org.br\/site\/category\/blog-sabra\/"},"img":{"alt_text":"Orquestra Sinf\u00f4nica","src":"https:\/\/i0.wp.com\/www.sabra.org.br\/site\/wp-content\/uploads\/2018\/08\/conheca-as-melhores-orquestras-sinfonicas-dos-mundo-20180702161300.jpg.jpg?resize=350%2C200&ssl=1","width":350,"height":200,"srcset":"https:\/\/i0.wp.com\/www.sabra.org.br\/site\/wp-content\/uploads\/2018\/08\/conheca-as-melhores-orquestras-sinfonicas-dos-mundo-20180702161300.jpg.jpg?resize=350%2C200&ssl=1 1x, https:\/\/i0.wp.com\/www.sabra.org.br\/site\/wp-content\/uploads\/2018\/08\/conheca-as-melhores-orquestras-sinfonicas-dos-mundo-20180702161300.jpg.jpg?resize=525%2C300&ssl=1 1.5x, https:\/\/i0.wp.com\/www.sabra.org.br\/site\/wp-content\/uploads\/2018\/08\/conheca-as-melhores-orquestras-sinfonicas-dos-mundo-20180702161300.jpg.jpg?resize=700%2C400&ssl=1 2x"},"classes":[]},{"id":7380,"url":"https:\/\/www.sabra.org.br\/site\/fatos-orquestras\/","url_meta":{"origin":2230,"position":5},"title":"Fatos interessantes sobre as orquestras","author":"M\u00e1rcio Miranda Pontes","date":"20 de junho de 2023","format":false,"excerpt":"Conhe\u00e7a fatos interessantes sobre essas forma\u00e7\u00f5es musicais grandiosas. Da sua hist\u00f3ria milenar \u00e0 composi\u00e7\u00e3o intricada, mergulhe no mundo sinf\u00f4nico e surpreenda-se com o que as orquestras t\u00eam a oferecer. Um universo musical cheio de curiosidades aguarda por voc\u00ea!","rel":"","context":"Em &quot;Blog SABRA&quot;","block_context":{"text":"Blog SABRA","link":"https:\/\/www.sabra.org.br\/site\/category\/blog-sabra\/"},"img":{"alt_text":"orquestra-m\u00fasico-musicais-sinf\u00f4nica-sabra","src":"https:\/\/i0.wp.com\/www.sabra.org.br\/site\/wp-content\/uploads\/2023\/06\/x-fatos-interessantes-sobre-as-orquestrasjpg-20230522113605.jpg-jpg.webp?resize=350%2C200&ssl=1","width":350,"height":200,"srcset":"https:\/\/i0.wp.com\/www.sabra.org.br\/site\/wp-content\/uploads\/2023\/06\/x-fatos-interessantes-sobre-as-orquestrasjpg-20230522113605.jpg-jpg.webp?resize=350%2C200&ssl=1 1x, https:\/\/i0.wp.com\/www.sabra.org.br\/site\/wp-content\/uploads\/2023\/06\/x-fatos-interessantes-sobre-as-orquestrasjpg-20230522113605.jpg-jpg.webp?resize=525%2C300&ssl=1 1.5x, https:\/\/i0.wp.com\/www.sabra.org.br\/site\/wp-content\/uploads\/2023\/06\/x-fatos-interessantes-sobre-as-orquestrasjpg-20230522113605.jpg-jpg.webp?resize=700%2C400&ssl=1 2x"},"classes":[]}],"jetpack_likes_enabled":true,"jetpack_sharing_enabled":true,"_links":{"self":[{"href":"https:\/\/www.sabra.org.br\/site\/wp-json\/wp\/v2\/posts\/2230","targetHints":{"allow":["GET"]}}],"collection":[{"href":"https:\/\/www.sabra.org.br\/site\/wp-json\/wp\/v2\/posts"}],"about":[{"href":"https:\/\/www.sabra.org.br\/site\/wp-json\/wp\/v2\/types\/post"}],"author":[{"embeddable":true,"href":"https:\/\/www.sabra.org.br\/site\/wp-json\/wp\/v2\/users\/39"}],"replies":[{"embeddable":true,"href":"https:\/\/www.sabra.org.br\/site\/wp-json\/wp\/v2\/comments?post=2230"}],"version-history":[{"count":0,"href":"https:\/\/www.sabra.org.br\/site\/wp-json\/wp\/v2\/posts\/2230\/revisions"}],"wp:featuredmedia":[{"embeddable":true,"href":"https:\/\/www.sabra.org.br\/site\/wp-json\/wp\/v2\/media\/2231"}],"wp:attachment":[{"href":"https:\/\/www.sabra.org.br\/site\/wp-json\/wp\/v2\/media?parent=2230"}],"wp:term":[{"taxonomy":"category","embeddable":true,"href":"https:\/\/www.sabra.org.br\/site\/wp-json\/wp\/v2\/categories?post=2230"},{"taxonomy":"post_tag","embeddable":true,"href":"https:\/\/www.sabra.org.br\/site\/wp-json\/wp\/v2\/tags?post=2230"}],"curies":[{"name":"wp","href":"https:\/\/api.w.org\/{rel}","templated":true}]}}