{"id":2262,"date":"2019-07-24T08:41:14","date_gmt":"2019-07-24T11:41:14","guid":{"rendered":"https:\/\/www.sabra.org.br\/site\/?p=2262"},"modified":"2025-04-20T19:18:15","modified_gmt":"2025-04-20T22:18:15","slug":"musicalizacao-infantil-sabra","status":"publish","type":"post","link":"https:\/\/www.sabra.org.br\/site\/musicalizacao-infantil-sabra\/","title":{"rendered":"SABRA &#8211; Musicaliza\u00e7\u00e3o Infantil"},"content":{"rendered":"<h2>Curso gratuito de Musicaliza\u00e7\u00e3o Infantil em Nova Lima<\/h2>\n<p dir=\"ltr\">A Escola de M\u00fasica de Nova Lima ampliar\u00e1 suas atividades neste segundo semestre.\u00a0 Abrir\u00e1 mais 140 vagas para o p\u00fablico infantil. Elas s\u00e3o direcionadas para as crian\u00e7as com idades entre 7 e 8 anos, regularmente matriculadas no ensino fundamental. As inscri\u00e7\u00f5es ser\u00e3o realizadas entre os dias 22 de julho e 2 de agosto, das 9h \u00e0s 11h e das 13h \u00e0s 18h, na pr\u00f3pria sede da escola, na Rua Franzen de Lima, 73, Centro.<\/p>\n<h2 dir=\"ltr\">SABRA<\/h2>\n<p dir=\"ltr\">Uma nova s\u00e9rie de atividades vem sendo elaborada pela dire\u00e7\u00e3o em parceria com a Prefeitura e a Sociedade Art\u00edstica Brasileira \u2013 Sabra, por meio da Lei Federal de Incentivo \u00e0 Cultura, com o patroc\u00ednio da Vallourec. Nessa proposta est\u00e3o contemplados um novo Plano Pedag\u00f3gico com maior dura\u00e7\u00e3o para o Curso de Musicaliza\u00e7\u00e3o Infantil, com o desenvolvimento em diversos instrumentos musicais, forma\u00e7\u00e3o de plateia e viv\u00eancias cidad\u00e3s. &lt;<a href=\"http:\/\/novalima.mg.gov.br\/uploads\/arquivos\/1563307541sAkrREujPf.pdf\" target=\"_blank\" rel=\"noopener noreferrer\">Clique aqui e confira o edital<\/a>&gt;<\/p>\n<p dir=\"ltr\"><strong>Os respons\u00e1veis dever\u00e3o apresentar no ato da inscri\u00e7\u00e3o c\u00f3pia do seu documento de identidade, do RG ou da certid\u00e3o de nascimento da crian\u00e7a e do comprovante de endere\u00e7o.<\/strong><\/p>\n<h2><strong>Inscri\u00e7\u00f5es:<\/strong><\/h2>\n<p>Curso gratuito de Musicaliza\u00e7\u00e3o Infantil<\/p>\n<p>De 22\/7 a 2\/8, na Escola de M\u00fasica (Rua Franzen de Lima, 73 &#8211; Centro)<br \/>\nHor\u00e1rio: das 9h \u00e0s 11h e das 13h \u00e0s 18h<\/p>\n<h2>Se voc\u00ea gostou deste post:<\/h2>\n<p>&#8211; siga as nossas p\u00e1ginas nas redes sociais para acompanhar as nossas atualiza\u00e7\u00f5es: estamos no <a href=\"https:\/\/www.facebook.com\/sabrabrasil\" target=\"_blank\" rel=\"noopener noreferrer\">Facebook<\/a>, no <a href=\"https:\/\/www.instagram.com\/sabrabrasil\/\" target=\"_blank\" rel=\"noopener noreferrer\">Instagram<\/a>, no <a href=\"https:\/\/www.linkedin.com\/company\/25002088\" target=\"_blank\" rel=\"noopener noreferrer\">LinkedIn<\/a>, no <a href=\"https:\/\/twitter.com\/ContatoSabra\" target=\"_blank\" rel=\"noopener noreferrer\">Twitter<\/a> e no <a href=\"https:\/\/www.youtube.com\/channel\/UCJw-kbuEvzUNdeQf20Pa-eQ\" target=\"_blank\" rel=\"noopener noreferrer\">YouTube<\/a>!<\/p>\n<p>&#8211; Conhe\u00e7a o trabalho da Sociedade Art\u00edstica Brasileira (SABRA) e todas as iniciativas culturais e sociais que ela mant\u00e9m. <a href=\"https:\/\/www.sabra.org.br\/site\/acoes\/\" target=\"_blank\" rel=\"noopener noreferrer\">Acesse nosso site!<\/a><\/p>\n<p>&#8211; entre em contato com a gente. E veja quais s\u00e3o as op\u00e7\u00f5es de ajuda na manuten\u00e7\u00e3o de nossas a\u00e7\u00f5es sociais e culturais. Basta acessar nossa p\u00e1gina <a href=\"https:\/\/www.sabra.org.br\/site\/doe-agora\/\" target=\"_blank\" rel=\"noopener noreferrer\">Doe Agora!<\/a><\/p>\n<p>&#8211; Compartilhe este texto nas suas redes sociais e ajude os seus amigos a tamb\u00e9m dominarem o assunto!<\/p>\n","protected":false},"excerpt":{"rendered":"<p>A Escola de M\u00fasica de Nova Lima, em parceria com a SABRA, ampliar\u00e1 suas atividades neste segundo semestre e abrir\u00e1 mais 140 vagas para o p\u00fablico infantil. Elas s\u00e3o direcionadas para as crian\u00e7as com idades entre 7 e 8 anos, regularmente matriculadas no ensino fundamental. As inscri\u00e7\u00f5es ser\u00e3o realizadas entre os dias 22 de julho e 2 de agosto, das 9h \u00e0s 11h e das 13h \u00e0s 18h, na pr\u00f3pria sede da escola, na Rua Franzen de Lima, 73, Centro.<\/p>\n","protected":false},"author":39,"featured_media":2263,"comment_status":"open","ping_status":"open","sticky":false,"template":"","format":"standard","meta":{"jetpack_post_was_ever_published":false,"_jetpack_newsletter_access":"","_jetpack_dont_email_post_to_subs":false,"_jetpack_newsletter_tier_id":0,"_jetpack_memberships_contains_paywalled_content":false,"_jetpack_memberships_contains_paid_content":false,"footnotes":""},"categories":[4],"tags":[1740,1739,1741,1738,1737,1742,27,545,24,14,10],"class_list":["post-2262","post","type-post","status-publish","format-standard","has-post-thumbnail","hentry","category-noticias","tag-amor","tag-crianca","tag-familia","tag-nova-lima","tag-social","tag-vida","tag-arte","tag-betim","tag-cultura","tag-musica","tag-sabra"],"yoast_head":"<!-- This site is optimized with the Yoast SEO plugin v27.5 - https:\/\/yoast.com\/product\/yoast-seo-wordpress\/ -->\n<title>SABRA - Musicaliza\u00e7\u00e3o Infantil - SABRA - Sociedade Art\u00edstica Brasileira<\/title>\n<meta name=\"description\" content=\"Uma nova s\u00e9rie de atividades vem sendo elaborada pela dire\u00e7\u00e3o da Escola de M\u00fasica em parceria com a Prefeitura e a Sociedade Art\u00edstica Brasileira \u2013 Sabra.\" \/>\n<meta name=\"robots\" content=\"index, follow, max-snippet:-1, max-image-preview:large, max-video-preview:-1\" \/>\n<link rel=\"canonical\" href=\"https:\/\/www.sabra.org.br\/site\/musicalizacao-infantil-sabra\/\" \/>\n<meta property=\"og:locale\" content=\"pt_BR\" \/>\n<meta property=\"og:type\" content=\"article\" \/>\n<meta property=\"og:title\" content=\"SABRA - Musicaliza\u00e7\u00e3o Infantil - SABRA - Sociedade Art\u00edstica Brasileira\" \/>\n<meta property=\"og:description\" content=\"Uma nova s\u00e9rie de atividades vem sendo elaborada pela dire\u00e7\u00e3o da Escola de M\u00fasica em parceria com a Prefeitura e a Sociedade Art\u00edstica Brasileira \u2013 Sabra.\" \/>\n<meta property=\"og:url\" content=\"https:\/\/www.sabra.org.br\/site\/musicalizacao-infantil-sabra\/\" \/>\n<meta property=\"og:site_name\" content=\"SABRA - Sociedade Art\u00edstica Brasileira\" \/>\n<meta property=\"article:publisher\" content=\"https:\/\/www.facebook.com\/sabrabrasil\" \/>\n<meta property=\"article:published_time\" content=\"2019-07-24T11:41:14+00:00\" \/>\n<meta property=\"article:modified_time\" content=\"2025-04-20T22:18:15+00:00\" \/>\n<meta property=\"og:image\" content=\"https:\/\/www.sabra.org.br\/site\/wp-content\/uploads\/2019\/07\/MusicalizacaoNL.jpg\" \/>\n\t<meta property=\"og:image:width\" content=\"731\" \/>\n\t<meta property=\"og:image:height\" content=\"341\" \/>\n\t<meta property=\"og:image:type\" content=\"image\/jpeg\" \/>\n<meta name=\"author\" content=\"M\u00e1rcio Miranda Pontes\" \/>\n<meta name=\"twitter:card\" content=\"summary_large_image\" \/>\n<meta name=\"twitter:creator\" content=\"@ContatoSabra\" \/>\n<meta name=\"twitter:site\" content=\"@ContatoSabra\" \/>\n<meta name=\"twitter:label1\" content=\"Escrito por\" \/>\n\t<meta name=\"twitter:data1\" content=\"M\u00e1rcio Miranda Pontes\" \/>\n\t<meta name=\"twitter:label2\" content=\"Est. tempo de leitura\" \/>\n\t<meta name=\"twitter:data2\" content=\"2 minutos\" \/>\n<script type=\"application\/ld+json\" class=\"yoast-schema-graph\">{\"@context\":\"https:\\\/\\\/schema.org\",\"@graph\":[{\"@type\":\"Article\",\"@id\":\"https:\\\/\\\/www.sabra.org.br\\\/site\\\/musicalizacao-infantil-sabra\\\/#article\",\"isPartOf\":{\"@id\":\"https:\\\/\\\/www.sabra.org.br\\\/site\\\/musicalizacao-infantil-sabra\\\/\"},\"author\":{\"name\":\"M\u00e1rcio Miranda Pontes\",\"@id\":\"https:\\\/\\\/www.sabra.org.br\\\/site\\\/#\\\/schema\\\/person\\\/7d1d222c3c8891d4c37c7b41bf6315c2\"},\"headline\":\"SABRA &#8211; Musicaliza\u00e7\u00e3o Infantil\",\"datePublished\":\"2019-07-24T11:41:14+00:00\",\"dateModified\":\"2025-04-20T22:18:15+00:00\",\"mainEntityOfPage\":{\"@id\":\"https:\\\/\\\/www.sabra.org.br\\\/site\\\/musicalizacao-infantil-sabra\\\/\"},\"wordCount\":350,\"commentCount\":0,\"publisher\":{\"@id\":\"https:\\\/\\\/www.sabra.org.br\\\/site\\\/#organization\"},\"image\":{\"@id\":\"https:\\\/\\\/www.sabra.org.br\\\/site\\\/musicalizacao-infantil-sabra\\\/#primaryimage\"},\"thumbnailUrl\":\"https:\\\/\\\/www.sabra.org.br\\\/site\\\/wp-content\\\/uploads\\\/2019\\\/07\\\/MusicalizacaoNL.jpg\",\"keywords\":[\"#amor\",\"#crian\u00e7a\",\"#fam\u00edlia\",\"#nova lima\",\"#social\",\"#vida\",\"Arte\",\"Betim\",\"Cultura\",\"Musica\",\"SABRA\"],\"articleSection\":[\"Not\u00edcias\"],\"inLanguage\":\"pt-BR\",\"potentialAction\":[{\"@type\":\"CommentAction\",\"name\":\"Comment\",\"target\":[\"https:\\\/\\\/www.sabra.org.br\\\/site\\\/musicalizacao-infantil-sabra\\\/#respond\"]}]},{\"@type\":\"WebPage\",\"@id\":\"https:\\\/\\\/www.sabra.org.br\\\/site\\\/musicalizacao-infantil-sabra\\\/\",\"url\":\"https:\\\/\\\/www.sabra.org.br\\\/site\\\/musicalizacao-infantil-sabra\\\/\",\"name\":\"SABRA - Musicaliza\u00e7\u00e3o Infantil - SABRA - Sociedade Art\u00edstica Brasileira\",\"isPartOf\":{\"@id\":\"https:\\\/\\\/www.sabra.org.br\\\/site\\\/#website\"},\"primaryImageOfPage\":{\"@id\":\"https:\\\/\\\/www.sabra.org.br\\\/site\\\/musicalizacao-infantil-sabra\\\/#primaryimage\"},\"image\":{\"@id\":\"https:\\\/\\\/www.sabra.org.br\\\/site\\\/musicalizacao-infantil-sabra\\\/#primaryimage\"},\"thumbnailUrl\":\"https:\\\/\\\/www.sabra.org.br\\\/site\\\/wp-content\\\/uploads\\\/2019\\\/07\\\/MusicalizacaoNL.jpg\",\"datePublished\":\"2019-07-24T11:41:14+00:00\",\"dateModified\":\"2025-04-20T22:18:15+00:00\",\"description\":\"Uma nova s\u00e9rie de atividades vem sendo elaborada pela dire\u00e7\u00e3o da Escola de M\u00fasica em parceria com a Prefeitura e a Sociedade Art\u00edstica Brasileira \u2013 Sabra.\",\"breadcrumb\":{\"@id\":\"https:\\\/\\\/www.sabra.org.br\\\/site\\\/musicalizacao-infantil-sabra\\\/#breadcrumb\"},\"inLanguage\":\"pt-BR\",\"potentialAction\":[{\"@type\":\"ReadAction\",\"target\":[\"https:\\\/\\\/www.sabra.org.br\\\/site\\\/musicalizacao-infantil-sabra\\\/\"]}]},{\"@type\":\"ImageObject\",\"inLanguage\":\"pt-BR\",\"@id\":\"https:\\\/\\\/www.sabra.org.br\\\/site\\\/musicalizacao-infantil-sabra\\\/#primaryimage\",\"url\":\"https:\\\/\\\/www.sabra.org.br\\\/site\\\/wp-content\\\/uploads\\\/2019\\\/07\\\/MusicalizacaoNL.jpg\",\"contentUrl\":\"https:\\\/\\\/www.sabra.org.br\\\/site\\\/wp-content\\\/uploads\\\/2019\\\/07\\\/MusicalizacaoNL.jpg\",\"width\":731,\"height\":341,\"caption\":\"Sociedade Art\u00edstica Brasileira SABRA\"},{\"@type\":\"BreadcrumbList\",\"@id\":\"https:\\\/\\\/www.sabra.org.br\\\/site\\\/musicalizacao-infantil-sabra\\\/#breadcrumb\",\"itemListElement\":[{\"@type\":\"ListItem\",\"position\":1,\"name\":\"In\u00edcio\",\"item\":\"https:\\\/\\\/www.sabra.org.br\\\/site\\\/\"},{\"@type\":\"ListItem\",\"position\":2,\"name\":\"SABRA &#8211; Musicaliza\u00e7\u00e3o Infantil\"}]},{\"@type\":\"WebSite\",\"@id\":\"https:\\\/\\\/www.sabra.org.br\\\/site\\\/#website\",\"url\":\"https:\\\/\\\/www.sabra.org.br\\\/site\\\/\",\"name\":\"SABRA - Sociedade Art\u00edstica Brasileira\",\"description\":\"Escola de M\u00fasica, Orquestra Sinf\u00f4nica, Coral e Patrim\u00f4nio Cultural e Hist\u00f3rico\",\"publisher\":{\"@id\":\"https:\\\/\\\/www.sabra.org.br\\\/site\\\/#organization\"},\"potentialAction\":[{\"@type\":\"SearchAction\",\"target\":{\"@type\":\"EntryPoint\",\"urlTemplate\":\"https:\\\/\\\/www.sabra.org.br\\\/site\\\/?s={search_term_string}\"},\"query-input\":{\"@type\":\"PropertyValueSpecification\",\"valueRequired\":true,\"valueName\":\"search_term_string\"}}],\"inLanguage\":\"pt-BR\"},{\"@type\":\"Organization\",\"@id\":\"https:\\\/\\\/www.sabra.org.br\\\/site\\\/#organization\",\"name\":\"SOCIEDADE ART\u00cdSTICA BRASILEIRA SABRA\",\"alternateName\":\"SABRA\",\"url\":\"https:\\\/\\\/www.sabra.org.br\\\/site\\\/\",\"logo\":{\"@type\":\"ImageObject\",\"inLanguage\":\"pt-BR\",\"@id\":\"https:\\\/\\\/www.sabra.org.br\\\/site\\\/#\\\/schema\\\/logo\\\/image\\\/\",\"url\":\"https:\\\/\\\/www.sabra.org.br\\\/site\\\/wp-content\\\/uploads\\\/2019\\\/06\\\/cropped-Logo_SABRA-Copia-1.webp\",\"contentUrl\":\"https:\\\/\\\/www.sabra.org.br\\\/site\\\/wp-content\\\/uploads\\\/2019\\\/06\\\/cropped-Logo_SABRA-Copia-1.webp\",\"width\":400,\"height\":128,\"caption\":\"SOCIEDADE ART\u00cdSTICA BRASILEIRA SABRA\"},\"image\":{\"@id\":\"https:\\\/\\\/www.sabra.org.br\\\/site\\\/#\\\/schema\\\/logo\\\/image\\\/\"},\"sameAs\":[\"https:\\\/\\\/www.facebook.com\\\/sabrabrasil\",\"https:\\\/\\\/x.com\\\/ContatoSabra\",\"https:\\\/\\\/www.instagram.com\\\/sabrabrasil\\\/\",\"https:\\\/\\\/www.linkedin.com\\\/company\\\/25002088\\\/\",\"https:\\\/\\\/br.pinterest.com\\\/sociedadeartisticabrasileira\\\/\",\"https:\\\/\\\/www.youtube.com\\\/c\\\/sabrabrasil\"]},{\"@type\":\"Person\",\"@id\":\"https:\\\/\\\/www.sabra.org.br\\\/site\\\/#\\\/schema\\\/person\\\/7d1d222c3c8891d4c37c7b41bf6315c2\",\"name\":\"M\u00e1rcio Miranda Pontes\",\"image\":{\"@type\":\"ImageObject\",\"inLanguage\":\"pt-BR\",\"@id\":\"https:\\\/\\\/secure.gravatar.com\\\/avatar\\\/3b45f24496a7625a3a6c436688fbe20344faaeb2979658dc4a9921f984d7df9a?s=96&d=mm&r=g\",\"url\":\"https:\\\/\\\/secure.gravatar.com\\\/avatar\\\/3b45f24496a7625a3a6c436688fbe20344faaeb2979658dc4a9921f984d7df9a?s=96&d=mm&r=g\",\"contentUrl\":\"https:\\\/\\\/secure.gravatar.com\\\/avatar\\\/3b45f24496a7625a3a6c436688fbe20344faaeb2979658dc4a9921f984d7df9a?s=96&d=mm&r=g\",\"caption\":\"M\u00e1rcio Miranda Pontes\"},\"sameAs\":[\"http:\\\/\\\/www.sabra.org.br\"],\"url\":\"https:\\\/\\\/www.sabra.org.br\\\/site\\\/author\\\/marcio-miranda-pontes\\\/\"}]}<\/script>\n<!-- \/ Yoast SEO plugin. -->","yoast_head_json":{"title":"SABRA - Musicaliza\u00e7\u00e3o Infantil - SABRA - Sociedade Art\u00edstica Brasileira","description":"Uma nova s\u00e9rie de atividades vem sendo elaborada pela dire\u00e7\u00e3o da Escola de M\u00fasica em parceria com a Prefeitura e a Sociedade Art\u00edstica Brasileira \u2013 Sabra.","robots":{"index":"index","follow":"follow","max-snippet":"max-snippet:-1","max-image-preview":"max-image-preview:large","max-video-preview":"max-video-preview:-1"},"canonical":"https:\/\/www.sabra.org.br\/site\/musicalizacao-infantil-sabra\/","og_locale":"pt_BR","og_type":"article","og_title":"SABRA - Musicaliza\u00e7\u00e3o Infantil - SABRA - Sociedade Art\u00edstica Brasileira","og_description":"Uma nova s\u00e9rie de atividades vem sendo elaborada pela dire\u00e7\u00e3o da Escola de M\u00fasica em parceria com a Prefeitura e a Sociedade Art\u00edstica Brasileira \u2013 Sabra.","og_url":"https:\/\/www.sabra.org.br\/site\/musicalizacao-infantil-sabra\/","og_site_name":"SABRA - Sociedade Art\u00edstica Brasileira","article_publisher":"https:\/\/www.facebook.com\/sabrabrasil","article_published_time":"2019-07-24T11:41:14+00:00","article_modified_time":"2025-04-20T22:18:15+00:00","og_image":[{"width":731,"height":341,"url":"https:\/\/www.sabra.org.br\/site\/wp-content\/uploads\/2019\/07\/MusicalizacaoNL.jpg","type":"image\/jpeg"}],"author":"M\u00e1rcio Miranda Pontes","twitter_card":"summary_large_image","twitter_creator":"@ContatoSabra","twitter_site":"@ContatoSabra","twitter_misc":{"Escrito por":"M\u00e1rcio Miranda Pontes","Est. tempo de leitura":"2 minutos"},"schema":{"@context":"https:\/\/schema.org","@graph":[{"@type":"Article","@id":"https:\/\/www.sabra.org.br\/site\/musicalizacao-infantil-sabra\/#article","isPartOf":{"@id":"https:\/\/www.sabra.org.br\/site\/musicalizacao-infantil-sabra\/"},"author":{"name":"M\u00e1rcio Miranda Pontes","@id":"https:\/\/www.sabra.org.br\/site\/#\/schema\/person\/7d1d222c3c8891d4c37c7b41bf6315c2"},"headline":"SABRA &#8211; Musicaliza\u00e7\u00e3o Infantil","datePublished":"2019-07-24T11:41:14+00:00","dateModified":"2025-04-20T22:18:15+00:00","mainEntityOfPage":{"@id":"https:\/\/www.sabra.org.br\/site\/musicalizacao-infantil-sabra\/"},"wordCount":350,"commentCount":0,"publisher":{"@id":"https:\/\/www.sabra.org.br\/site\/#organization"},"image":{"@id":"https:\/\/www.sabra.org.br\/site\/musicalizacao-infantil-sabra\/#primaryimage"},"thumbnailUrl":"https:\/\/www.sabra.org.br\/site\/wp-content\/uploads\/2019\/07\/MusicalizacaoNL.jpg","keywords":["#amor","#crian\u00e7a","#fam\u00edlia","#nova lima","#social","#vida","Arte","Betim","Cultura","Musica","SABRA"],"articleSection":["Not\u00edcias"],"inLanguage":"pt-BR","potentialAction":[{"@type":"CommentAction","name":"Comment","target":["https:\/\/www.sabra.org.br\/site\/musicalizacao-infantil-sabra\/#respond"]}]},{"@type":"WebPage","@id":"https:\/\/www.sabra.org.br\/site\/musicalizacao-infantil-sabra\/","url":"https:\/\/www.sabra.org.br\/site\/musicalizacao-infantil-sabra\/","name":"SABRA - Musicaliza\u00e7\u00e3o Infantil - SABRA - Sociedade Art\u00edstica Brasileira","isPartOf":{"@id":"https:\/\/www.sabra.org.br\/site\/#website"},"primaryImageOfPage":{"@id":"https:\/\/www.sabra.org.br\/site\/musicalizacao-infantil-sabra\/#primaryimage"},"image":{"@id":"https:\/\/www.sabra.org.br\/site\/musicalizacao-infantil-sabra\/#primaryimage"},"thumbnailUrl":"https:\/\/www.sabra.org.br\/site\/wp-content\/uploads\/2019\/07\/MusicalizacaoNL.jpg","datePublished":"2019-07-24T11:41:14+00:00","dateModified":"2025-04-20T22:18:15+00:00","description":"Uma nova s\u00e9rie de atividades vem sendo elaborada pela dire\u00e7\u00e3o da Escola de M\u00fasica em parceria com a Prefeitura e a Sociedade Art\u00edstica Brasileira \u2013 Sabra.","breadcrumb":{"@id":"https:\/\/www.sabra.org.br\/site\/musicalizacao-infantil-sabra\/#breadcrumb"},"inLanguage":"pt-BR","potentialAction":[{"@type":"ReadAction","target":["https:\/\/www.sabra.org.br\/site\/musicalizacao-infantil-sabra\/"]}]},{"@type":"ImageObject","inLanguage":"pt-BR","@id":"https:\/\/www.sabra.org.br\/site\/musicalizacao-infantil-sabra\/#primaryimage","url":"https:\/\/www.sabra.org.br\/site\/wp-content\/uploads\/2019\/07\/MusicalizacaoNL.jpg","contentUrl":"https:\/\/www.sabra.org.br\/site\/wp-content\/uploads\/2019\/07\/MusicalizacaoNL.jpg","width":731,"height":341,"caption":"Sociedade Art\u00edstica Brasileira SABRA"},{"@type":"BreadcrumbList","@id":"https:\/\/www.sabra.org.br\/site\/musicalizacao-infantil-sabra\/#breadcrumb","itemListElement":[{"@type":"ListItem","position":1,"name":"In\u00edcio","item":"https:\/\/www.sabra.org.br\/site\/"},{"@type":"ListItem","position":2,"name":"SABRA &#8211; Musicaliza\u00e7\u00e3o Infantil"}]},{"@type":"WebSite","@id":"https:\/\/www.sabra.org.br\/site\/#website","url":"https:\/\/www.sabra.org.br\/site\/","name":"SABRA - Sociedade Art\u00edstica Brasileira","description":"Escola de M\u00fasica, Orquestra Sinf\u00f4nica, Coral e Patrim\u00f4nio Cultural e Hist\u00f3rico","publisher":{"@id":"https:\/\/www.sabra.org.br\/site\/#organization"},"potentialAction":[{"@type":"SearchAction","target":{"@type":"EntryPoint","urlTemplate":"https:\/\/www.sabra.org.br\/site\/?s={search_term_string}"},"query-input":{"@type":"PropertyValueSpecification","valueRequired":true,"valueName":"search_term_string"}}],"inLanguage":"pt-BR"},{"@type":"Organization","@id":"https:\/\/www.sabra.org.br\/site\/#organization","name":"SOCIEDADE ART\u00cdSTICA BRASILEIRA SABRA","alternateName":"SABRA","url":"https:\/\/www.sabra.org.br\/site\/","logo":{"@type":"ImageObject","inLanguage":"pt-BR","@id":"https:\/\/www.sabra.org.br\/site\/#\/schema\/logo\/image\/","url":"https:\/\/www.sabra.org.br\/site\/wp-content\/uploads\/2019\/06\/cropped-Logo_SABRA-Copia-1.webp","contentUrl":"https:\/\/www.sabra.org.br\/site\/wp-content\/uploads\/2019\/06\/cropped-Logo_SABRA-Copia-1.webp","width":400,"height":128,"caption":"SOCIEDADE ART\u00cdSTICA BRASILEIRA SABRA"},"image":{"@id":"https:\/\/www.sabra.org.br\/site\/#\/schema\/logo\/image\/"},"sameAs":["https:\/\/www.facebook.com\/sabrabrasil","https:\/\/x.com\/ContatoSabra","https:\/\/www.instagram.com\/sabrabrasil\/","https:\/\/www.linkedin.com\/company\/25002088\/","https:\/\/br.pinterest.com\/sociedadeartisticabrasileira\/","https:\/\/www.youtube.com\/c\/sabrabrasil"]},{"@type":"Person","@id":"https:\/\/www.sabra.org.br\/site\/#\/schema\/person\/7d1d222c3c8891d4c37c7b41bf6315c2","name":"M\u00e1rcio Miranda Pontes","image":{"@type":"ImageObject","inLanguage":"pt-BR","@id":"https:\/\/secure.gravatar.com\/avatar\/3b45f24496a7625a3a6c436688fbe20344faaeb2979658dc4a9921f984d7df9a?s=96&d=mm&r=g","url":"https:\/\/secure.gravatar.com\/avatar\/3b45f24496a7625a3a6c436688fbe20344faaeb2979658dc4a9921f984d7df9a?s=96&d=mm&r=g","contentUrl":"https:\/\/secure.gravatar.com\/avatar\/3b45f24496a7625a3a6c436688fbe20344faaeb2979658dc4a9921f984d7df9a?s=96&d=mm&r=g","caption":"M\u00e1rcio Miranda Pontes"},"sameAs":["http:\/\/www.sabra.org.br"],"url":"https:\/\/www.sabra.org.br\/site\/author\/marcio-miranda-pontes\/"}]}},"jetpack_featured_media_url":"https:\/\/www.sabra.org.br\/site\/wp-content\/uploads\/2019\/07\/MusicalizacaoNL.jpg","jetpack_shortlink":"https:\/\/wp.me\/p95j2Z-Au","jetpack-related-posts":[{"id":2220,"url":"https:\/\/www.sabra.org.br\/site\/musicalizacao\/","url_meta":{"origin":2262,"position":0},"title":"Musicaliza\u00e7\u00e3o Nova Lima","author":"M\u00e1rcio Miranda Pontes","date":"31 de mar\u00e7o de 2020","format":false,"excerpt":"Escola de M\u00fasica de Nova Lima abre mais 200 vagas para as crian\u00e7as A Escola de M\u00fasica de Nova Lima ampliar\u00e1 suas atividades neste segundo semestre e abrir\u00e1 mais 200 vagas para o p\u00fablico infantil. Uma nova s\u00e9rie de atividades vem sendo elaborada pela dire\u00e7\u00e3o em parceria com a Secretaria\u2026","rel":"","context":"Em &quot;Not\u00edcias&quot;","block_context":{"text":"Not\u00edcias","link":"https:\/\/www.sabra.org.br\/site\/category\/noticias\/"},"img":{"alt_text":"","src":"","width":0,"height":0},"classes":[]},{"id":6732,"url":"https:\/\/www.sabra.org.br\/site\/novalima2023\/","url_meta":{"origin":2262,"position":1},"title":"Parceria em Nova Lima","author":"M\u00e1rcio Miranda Pontes","date":"9 de mar\u00e7o de 2023","format":false,"excerpt":"SABRA e Secretaria de Educa\u00e7\u00e3o de Nova Lima formalizam parceria para a realiza\u00e7\u00e3o do primeiro ano do curso de Musicaliza\u00e7\u00e3o Infantil em 5 Escolas de Tempo Integral.","rel":"","context":"Em &quot;Not\u00edcias&quot;","block_context":{"text":"Not\u00edcias","link":"https:\/\/www.sabra.org.br\/site\/category\/noticias\/"},"img":{"alt_text":"Nova Lima, musicaliza\u00e7\u00e3o, sabra, peti, tempo integral","src":"https:\/\/i0.wp.com\/www.sabra.org.br\/site\/wp-content\/uploads\/2023\/03\/Peti-Nova-Lima.jpg?resize=350%2C200&ssl=1","width":350,"height":200,"srcset":"https:\/\/i0.wp.com\/www.sabra.org.br\/site\/wp-content\/uploads\/2023\/03\/Peti-Nova-Lima.jpg?resize=350%2C200&ssl=1 1x, https:\/\/i0.wp.com\/www.sabra.org.br\/site\/wp-content\/uploads\/2023\/03\/Peti-Nova-Lima.jpg?resize=525%2C300&ssl=1 1.5x, https:\/\/i0.wp.com\/www.sabra.org.br\/site\/wp-content\/uploads\/2023\/03\/Peti-Nova-Lima.jpg?resize=700%2C400&ssl=1 2x, https:\/\/i0.wp.com\/www.sabra.org.br\/site\/wp-content\/uploads\/2023\/03\/Peti-Nova-Lima.jpg?resize=1050%2C600&ssl=1 3x"},"classes":[]},{"id":2306,"url":"https:\/\/www.sabra.org.br\/site\/nova-lima\/","url_meta":{"origin":2262,"position":2},"title":"Concerto da Sinf\u00f4nica de Betim em Nova Lima","author":"M\u00e1rcio Miranda Pontes","date":"3 de agosto de 2019","format":false,"excerpt":"Concerto da Orquestra Sinf\u00f4nica de Betim no Teatro Municipal de Nova Lima. Assinatura da parceria entre Secretaria Municipal de Turismo e Cultura, Vallourec e SABRA. Lan\u00e7amento do Curso de Musicaliza\u00e7\u00e3o Infantil na Escola de M\u00fasica Z\u00e9 Fuzil.","rel":"","context":"Em &quot;Not\u00edcias&quot;","block_context":{"text":"Not\u00edcias","link":"https:\/\/www.sabra.org.br\/site\/category\/noticias\/"},"img":{"alt_text":"Nova Lima","src":"https:\/\/i0.wp.com\/www.sabra.org.br\/site\/wp-content\/uploads\/2019\/08\/ConcertoNovaLima.jpg?resize=350%2C200&ssl=1","width":350,"height":200,"srcset":"https:\/\/i0.wp.com\/www.sabra.org.br\/site\/wp-content\/uploads\/2019\/08\/ConcertoNovaLima.jpg?resize=350%2C200&ssl=1 1x, https:\/\/i0.wp.com\/www.sabra.org.br\/site\/wp-content\/uploads\/2019\/08\/ConcertoNovaLima.jpg?resize=525%2C300&ssl=1 1.5x, https:\/\/i0.wp.com\/www.sabra.org.br\/site\/wp-content\/uploads\/2019\/08\/ConcertoNovaLima.jpg?resize=700%2C400&ssl=1 2x, https:\/\/i0.wp.com\/www.sabra.org.br\/site\/wp-content\/uploads\/2019\/08\/ConcertoNovaLima.jpg?resize=1050%2C600&ssl=1 3x"},"classes":[]},{"id":6770,"url":"https:\/\/www.sabra.org.br\/site\/musicalizacao2023\/","url_meta":{"origin":2262,"position":3},"title":"Musicaliza\u00e7\u00e3o e Coral Infantil","author":"M\u00e1rcio Miranda Pontes","date":"21 de mar\u00e7o de 2023","format":false,"excerpt":"A Sociedade Art\u00edstica Brasileira (SABRA) est\u00e1 selecionando estudantes para o Curso de Musicaliza\u00e7\u00e3o Infantil. S\u00e3o 620 vagas. Podem participar estudantes regularmente matriculados no 2\u00ba \u00a0ano do Ensino Fundamental I. As inscri\u00e7\u00f5es come\u00e7am no dia 21 e v\u00e3o at\u00e9 30 de mar\u00e7o.","rel":"","context":"Em &quot;Not\u00edcias&quot;","block_context":{"text":"Not\u00edcias","link":"https:\/\/www.sabra.org.br\/site\/category\/noticias\/"},"img":{"alt_text":"Musicaliza\u00e7\u00e3o-violino-viola-cordas-sabra","src":"https:\/\/i0.wp.com\/www.sabra.org.br\/site\/wp-content\/uploads\/2023\/03\/Musicalizacao-2.jpg?resize=350%2C200&ssl=1","width":350,"height":200,"srcset":"https:\/\/i0.wp.com\/www.sabra.org.br\/site\/wp-content\/uploads\/2023\/03\/Musicalizacao-2.jpg?resize=350%2C200&ssl=1 1x, https:\/\/i0.wp.com\/www.sabra.org.br\/site\/wp-content\/uploads\/2023\/03\/Musicalizacao-2.jpg?resize=525%2C300&ssl=1 1.5x, https:\/\/i0.wp.com\/www.sabra.org.br\/site\/wp-content\/uploads\/2023\/03\/Musicalizacao-2.jpg?resize=700%2C400&ssl=1 2x, https:\/\/i0.wp.com\/www.sabra.org.br\/site\/wp-content\/uploads\/2023\/03\/Musicalizacao-2.jpg?resize=1050%2C600&ssl=1 3x, https:\/\/i0.wp.com\/www.sabra.org.br\/site\/wp-content\/uploads\/2023\/03\/Musicalizacao-2.jpg?resize=1400%2C800&ssl=1 4x"},"classes":[]},{"id":7693,"url":"https:\/\/www.sabra.org.br\/site\/novidades-da-escola-de-musica-sabra-em-agosto\/","url_meta":{"origin":2262,"position":4},"title":"Escola de M\u00fasica Sabra amplia atua\u00e7\u00e3o em Contagem","author":"M\u00e1rcio Miranda Pontes","date":"25 de julho de 2023","format":false,"excerpt":"No dia 1\u00ba de agosto, a Sociedade Art\u00edstica Brasileira e a Associa\u00e7\u00e3o Eldorado de Apoio \u00e0 Vida celebram Termo de Parceria que tem por objetivo a expans\u00e3o da Escola de M\u00fasica em Contagem","rel":"","context":"Em &quot;Not\u00edcias&quot;","block_context":{"text":"Not\u00edcias","link":"https:\/\/www.sabra.org.br\/site\/category\/noticias\/"},"img":{"alt_text":"educa\u00e7\u00e3o-inclusiva-musicaliza\u00e7\u00e3o-musicoterapia-sabra-m\u00fasica-contagem-escola-unimed-bh-musicaliza\u00e7\u00e3o-cultura-gratuita-meio-trabalho-crian\u00e7as-curso-incentivo-apoio-associa\u00e7\u00e3o-brasileira-cooperados-instituto-m\u00e9dicos","src":"https:\/\/i0.wp.com\/www.sabra.org.br\/site\/wp-content\/uploads\/2023\/07\/qual-a-importancia-da-arte-na-educacao-inclusiva-20180705134730-jpg.webp?resize=350%2C200&ssl=1","width":350,"height":200,"srcset":"https:\/\/i0.wp.com\/www.sabra.org.br\/site\/wp-content\/uploads\/2023\/07\/qual-a-importancia-da-arte-na-educacao-inclusiva-20180705134730-jpg.webp?resize=350%2C200&ssl=1 1x, https:\/\/i0.wp.com\/www.sabra.org.br\/site\/wp-content\/uploads\/2023\/07\/qual-a-importancia-da-arte-na-educacao-inclusiva-20180705134730-jpg.webp?resize=525%2C300&ssl=1 1.5x, https:\/\/i0.wp.com\/www.sabra.org.br\/site\/wp-content\/uploads\/2023\/07\/qual-a-importancia-da-arte-na-educacao-inclusiva-20180705134730-jpg.webp?resize=700%2C400&ssl=1 2x"},"classes":[]},{"id":11411,"url":"https:\/\/www.sabra.org.br\/site\/musicalizacao-coral-infantil-2025\/","url_meta":{"origin":2262,"position":5},"title":"SABRA cursos gratuitos de musicaliza\u00e7\u00e3o e coral infantil","author":"M\u00e1rcio Miranda Pontes","date":"13 de mar\u00e7o de 2025","format":false,"excerpt":"Participe do projeto 'M\u00fasica Inclusiva' e conhe\u00e7a os cursos de musicaliza\u00e7\u00e3o dispon\u00edveis para todas as idades.","rel":"","context":"Em &quot;Not\u00edcias&quot;","block_context":{"text":"Not\u00edcias","link":"https:\/\/www.sabra.org.br\/site\/category\/noticias\/"},"img":{"alt_text":"musicaliza\u00e7\u00e3o-coral-infantil-curso b\u00e1sico de m\u00fasica-curso intermedi\u00e1rio de m\u00fasica","src":"https:\/\/i0.wp.com\/www.sabra.org.br\/site\/wp-content\/uploads\/2025\/03\/Musicalizacao.jpg?resize=350%2C200&ssl=1","width":350,"height":200,"srcset":"https:\/\/i0.wp.com\/www.sabra.org.br\/site\/wp-content\/uploads\/2025\/03\/Musicalizacao.jpg?resize=350%2C200&ssl=1 1x, https:\/\/i0.wp.com\/www.sabra.org.br\/site\/wp-content\/uploads\/2025\/03\/Musicalizacao.jpg?resize=525%2C300&ssl=1 1.5x, https:\/\/i0.wp.com\/www.sabra.org.br\/site\/wp-content\/uploads\/2025\/03\/Musicalizacao.jpg?resize=700%2C400&ssl=1 2x, https:\/\/i0.wp.com\/www.sabra.org.br\/site\/wp-content\/uploads\/2025\/03\/Musicalizacao.jpg?resize=1050%2C600&ssl=1 3x, https:\/\/i0.wp.com\/www.sabra.org.br\/site\/wp-content\/uploads\/2025\/03\/Musicalizacao.jpg?resize=1400%2C800&ssl=1 4x"},"classes":[]}],"jetpack_likes_enabled":true,"jetpack_sharing_enabled":true,"_links":{"self":[{"href":"https:\/\/www.sabra.org.br\/site\/wp-json\/wp\/v2\/posts\/2262","targetHints":{"allow":["GET"]}}],"collection":[{"href":"https:\/\/www.sabra.org.br\/site\/wp-json\/wp\/v2\/posts"}],"about":[{"href":"https:\/\/www.sabra.org.br\/site\/wp-json\/wp\/v2\/types\/post"}],"author":[{"embeddable":true,"href":"https:\/\/www.sabra.org.br\/site\/wp-json\/wp\/v2\/users\/39"}],"replies":[{"embeddable":true,"href":"https:\/\/www.sabra.org.br\/site\/wp-json\/wp\/v2\/comments?post=2262"}],"version-history":[{"count":0,"href":"https:\/\/www.sabra.org.br\/site\/wp-json\/wp\/v2\/posts\/2262\/revisions"}],"wp:featuredmedia":[{"embeddable":true,"href":"https:\/\/www.sabra.org.br\/site\/wp-json\/wp\/v2\/media\/2263"}],"wp:attachment":[{"href":"https:\/\/www.sabra.org.br\/site\/wp-json\/wp\/v2\/media?parent=2262"}],"wp:term":[{"taxonomy":"category","embeddable":true,"href":"https:\/\/www.sabra.org.br\/site\/wp-json\/wp\/v2\/categories?post=2262"},{"taxonomy":"post_tag","embeddable":true,"href":"https:\/\/www.sabra.org.br\/site\/wp-json\/wp\/v2\/tags?post=2262"}],"curies":[{"name":"wp","href":"https:\/\/api.w.org\/{rel}","templated":true}]}}