{"id":2271,"date":"2019-07-29T08:51:55","date_gmt":"2019-07-29T11:51:55","guid":{"rendered":"https:\/\/www.sabra.org.br\/site\/?p=2271"},"modified":"2025-04-20T19:18:48","modified_gmt":"2025-04-20T22:18:48","slug":"cultura-do-consumo","status":"publish","type":"post","link":"https:\/\/www.sabra.org.br\/site\/cultura-do-consumo\/","title":{"rendered":"Cultura do consumo"},"content":{"rendered":"<h2>Voc\u00ea j\u00e1 ouviu falar nesse conceito?<\/h2>\n<p>Consumir: algo extremamente corriqueiro e comum para a nossa rotina di\u00e1ria. Estamos a todo tempo comprando, consumindo, descartando e recome\u00e7ando o ciclo. Esta \u00e9 a chamada cultura do consumo. Voc\u00ea j\u00e1 ouviu falar nesse conceito? Neste texto iremos tratar sobre a cultura do consumo e os efeitos deste contexto para a nossa realidade enquanto seres humanos. Quer saber mais? Confira conosco!<\/p>\n<h2>Cultura do consumo: comprar, comprar e comprar!<\/h2>\n<p>Se pararmos para pensar em nosso dia a dia, iremos perceber que a maioria dos nossos sonhos est\u00e3o associados \u00e0 aquisi\u00e7\u00e3o de determinados bens e ao ac\u00famulo de dinheiro. Alguns dos maiores objetivos das pessoas s\u00e3o: comprar um carro, comprar uma casa, ter um bom celular, um bom computador, possuir roupas preferencialmente de boas marcas e os melhores m\u00f3veis e eletrodom\u00e9sticos para a nossa resid\u00eancia.<\/p>\n<p>Refletindo um pouco mais, percebemos que n\u00e3o precisamos necessariamente de todos estes bens para sermos felizes, mas a luta di\u00e1ria para juntar dinheiro e compr\u00e1-los \u00e9 uma das a\u00e7\u00f5es que d\u00e1 sentido \u00e0 nossa rotina di\u00e1ria, baseada em acordar, trabalhar, descansar e trabalhar novamente.<\/p>\n<p>Embora isso pare\u00e7a ser um dos efeitos do capitalismo, a cultura do consumo \u00e9 anterior a este modo econ\u00f4mico, e foi na verdade um de seus motivadores: at\u00e9 mesmo anteriormente \u00e0 revolu\u00e7\u00e3o industrial, o colonialismo e o imperialismo europeu permitiram \u00e0 sociedade ocidental ter acesso a uma s\u00e9rie de bens e servi\u00e7os que as pessoas desejavam adquirir: tabaco, frutas, lou\u00e7as, roupas, espet\u00e1culos culturais, livros, entre outros objetos.<\/p>\n<p>Conforme as pessoas desejam cada vez mais comprar esses bens, mais pessoas passaram a produzi-los, e o consumo se tornou um verdadeiro moldador da vida moderna. Hoje, a cultura do consumo \u00e9 parte de n\u00f3s e dificilmente deixar\u00e1 de ser.<\/p>\n<h2>A cultura do consumo e suas consequ\u00eancias<\/h2>\n<p>S\u00e3o v\u00e1rias as consequ\u00eancias da cultura do consumo para a sociedade. Uma delas \u00e9 a obsolesc\u00eancia programada: os bens produzidos pela ind\u00fastria t\u00eam vida \u00fatil limitada, para que as pessoas possam usufruir deles e, depois, comprar novamente estes mesmos produtos. \u00c9 por isso que \u00e9 muito comum as pessoas trocarem de aparelho celular a cada um ou dois anos, ou sempre adquirir carros novos \u00e0 medida do poss\u00edvel.<\/p>\n<p>Embora os bens sempre apresentem um desgaste natural com o uso, a ind\u00fastria passou a explorar de maneira consciente a cultura do consumo, encurtando a vida \u00fatil dos bens e convencendo as pessoas a comprar novos produtos a partir da publicidade e da propaganda que est\u00e1 constantemente em contato com clientes em potencial. O mercado precisa disso para sobreviver, gerar empregos e renda.<\/p>\n<p>Para o meio ambiente, a cultura do consumo \u00e9 extremamente negativa, pois gera uma quantidade absurda de lixo e produtos descartados incorretamente. Enquanto a reciclagem e o reaproveitamento de materiais ainda s\u00e3o bastante baixos, o consumo vai deixando uma marca inconfund\u00edvel nos lix\u00f5es mundo afora.<\/p>\n<p>Embora a cultura do consumo ainda seja parte integrante de nossas vidas, muitos lugares j\u00e1 experimentam novos modos de consumir, baseados no uso compartilhado de bens, na loca\u00e7\u00e3o e na aquisi\u00e7\u00e3o de servi\u00e7os, ao inv\u00e9s da compra de novos produtos &#8211; bicicletas compartilhadas, aplicativos de carros, servi\u00e7os de streaming para v\u00eddeos e m\u00fasicas, entre outros.<\/p>\n<p>Conhe\u00e7a o nosso trabalho e saiba mais sobre m\u00fasica, cultura e sociedade. Acesse o nosso site!<\/p>\n<h2>Se voc\u00ea gostou deste post:<\/h2>\n<p>&#8211; siga as nossas p\u00e1ginas nas redes sociais para acompanhar as nossas atualiza\u00e7\u00f5es: estamos no <a href=\"https:\/\/www.facebook.com\/sabrabrasil\" target=\"_blank\" rel=\"noopener noreferrer\">Facebook<\/a>, no <a href=\"https:\/\/www.instagram.com\/sabrabrasil\/\" target=\"_blank\" rel=\"noopener noreferrer\">Instagram<\/a>, no <a href=\"https:\/\/www.linkedin.com\/company\/25002088\" target=\"_blank\" rel=\"noopener noreferrer\">LinkedIn<\/a>, no <a href=\"https:\/\/twitter.com\/ContatoSabra\" target=\"_blank\" rel=\"noopener noreferrer\">Twitter<\/a> e no <a href=\"https:\/\/www.youtube.com\/channel\/UCJw-kbuEvzUNdeQf20Pa-eQ\" target=\"_blank\" rel=\"noopener noreferrer\">YouTube<\/a>!<\/p>\n<p>&#8211; Conhe\u00e7a o trabalho da Sociedade Art\u00edstica Brasileira (SABRA) e todas as iniciativas culturais e sociais que ela mant\u00e9m. <a href=\"https:\/\/www.sabra.org.br\/site\/acoes\/\" target=\"_blank\" rel=\"noopener noreferrer\">Acesse nosso site!<\/a><\/p>\n<p>&#8211; entre em contato com a gente. E veja quais s\u00e3o as op\u00e7\u00f5es de ajuda na manuten\u00e7\u00e3o de nossas a\u00e7\u00f5es sociais e culturais. Basta acessar nossa p\u00e1gina <a href=\"https:\/\/www.sabra.org.br\/site\/doe-agora\/\" target=\"_blank\" rel=\"noopener noreferrer\">Doe Agora!<\/a><\/p>\n<p>&#8211; Compartilhe este texto nas suas redes sociais e ajude os seus amigos a tamb\u00e9m dominarem o assunto!<\/p>\n","protected":false},"excerpt":{"rendered":"<p>O conceito de consumo se d\u00e1 a partir da reprodu\u00e7\u00e3o cultural, o qual foi desenvolvido durante o per\u00edodo da Modernidade. Antecedendo a produ\u00e7\u00e3o industrial, a cultura de consumo \u00e9 uma das bases edificantes no mundo moderno.<\/p>\n","protected":false},"author":39,"featured_media":2272,"comment_status":"closed","ping_status":"closed","sticky":false,"template":"","format":"standard","meta":{"jetpack_post_was_ever_published":false,"_jetpack_newsletter_access":"","_jetpack_dont_email_post_to_subs":false,"_jetpack_newsletter_tier_id":0,"_jetpack_memberships_contains_paywalled_content":false,"_jetpack_memberships_contains_paid_content":false,"footnotes":""},"categories":[1],"tags":[15,8,1285,16,1286,11,9],"class_list":["post-2271","post","type-post","status-publish","format-standard","has-post-thumbnail","hentry","category-blog-sabra","tag-assistencia-social","tag-canto-coral","tag-escola-de-musica-sabra","tag-musicalizacao-infantil","tag-orquestra-infanto-juvenil-de-betim","tag-orquestra-sinfonica-de-betim","tag-sociedade-artistica-brasileira"],"yoast_head":"<!-- This site is optimized with the Yoast SEO plugin v27.5 - https:\/\/yoast.com\/product\/yoast-seo-wordpress\/ -->\n<title>Cultura do consumo - SABRA - Sociedade Art\u00edstica Brasileira<\/title>\n<meta name=\"description\" content=\"A cultura de consumo se d\u00e1 a partir da reprodu\u00e7\u00e3o cultural, que foi desenvolvido durante o per\u00edodo da Modernidade. \u00c9 uma das bases no mundo atual.\" \/>\n<meta name=\"robots\" content=\"index, follow, max-snippet:-1, max-image-preview:large, max-video-preview:-1\" \/>\n<link rel=\"canonical\" href=\"https:\/\/www.sabra.org.br\/site\/cultura-do-consumo\/\" \/>\n<meta property=\"og:locale\" content=\"pt_BR\" \/>\n<meta property=\"og:type\" content=\"article\" \/>\n<meta property=\"og:title\" content=\"Cultura do consumo - SABRA - Sociedade Art\u00edstica Brasileira\" \/>\n<meta property=\"og:description\" content=\"A cultura de consumo se d\u00e1 a partir da reprodu\u00e7\u00e3o cultural, que foi desenvolvido durante o per\u00edodo da Modernidade. \u00c9 uma das bases no mundo atual.\" \/>\n<meta property=\"og:url\" content=\"https:\/\/www.sabra.org.br\/site\/cultura-do-consumo\/\" \/>\n<meta property=\"og:site_name\" content=\"SABRA - Sociedade Art\u00edstica Brasileira\" \/>\n<meta property=\"article:publisher\" content=\"https:\/\/www.facebook.com\/sabrabrasil\" \/>\n<meta property=\"article:published_time\" content=\"2019-07-29T11:51:55+00:00\" \/>\n<meta property=\"article:modified_time\" content=\"2025-04-20T22:18:48+00:00\" \/>\n<meta property=\"og:image\" content=\"https:\/\/www.sabra.org.br\/site\/wp-content\/uploads\/2019\/07\/cultura-do-consumo-voce-ja-ouviu-falar-nesse-conceito-20190531112303.jpg.jpg\" \/>\n\t<meta property=\"og:image:width\" content=\"800\" \/>\n\t<meta property=\"og:image:height\" content=\"534\" \/>\n\t<meta property=\"og:image:type\" content=\"image\/jpeg\" \/>\n<meta name=\"author\" content=\"M\u00e1rcio Miranda Pontes\" \/>\n<meta name=\"twitter:card\" content=\"summary_large_image\" \/>\n<meta name=\"twitter:creator\" content=\"@ContatoSabra\" \/>\n<meta name=\"twitter:site\" content=\"@ContatoSabra\" \/>\n<meta name=\"twitter:label1\" content=\"Escrito por\" \/>\n\t<meta name=\"twitter:data1\" content=\"M\u00e1rcio Miranda Pontes\" \/>\n\t<meta name=\"twitter:label2\" content=\"Est. tempo de leitura\" \/>\n\t<meta name=\"twitter:data2\" content=\"3 minutos\" \/>\n<script type=\"application\/ld+json\" class=\"yoast-schema-graph\">{\"@context\":\"https:\\\/\\\/schema.org\",\"@graph\":[{\"@type\":\"Article\",\"@id\":\"https:\\\/\\\/www.sabra.org.br\\\/site\\\/cultura-do-consumo\\\/#article\",\"isPartOf\":{\"@id\":\"https:\\\/\\\/www.sabra.org.br\\\/site\\\/cultura-do-consumo\\\/\"},\"author\":{\"name\":\"M\u00e1rcio Miranda Pontes\",\"@id\":\"https:\\\/\\\/www.sabra.org.br\\\/site\\\/#\\\/schema\\\/person\\\/7d1d222c3c8891d4c37c7b41bf6315c2\"},\"headline\":\"Cultura do consumo\",\"datePublished\":\"2019-07-29T11:51:55+00:00\",\"dateModified\":\"2025-04-20T22:18:48+00:00\",\"mainEntityOfPage\":{\"@id\":\"https:\\\/\\\/www.sabra.org.br\\\/site\\\/cultura-do-consumo\\\/\"},\"wordCount\":687,\"publisher\":{\"@id\":\"https:\\\/\\\/www.sabra.org.br\\\/site\\\/#organization\"},\"image\":{\"@id\":\"https:\\\/\\\/www.sabra.org.br\\\/site\\\/cultura-do-consumo\\\/#primaryimage\"},\"thumbnailUrl\":\"https:\\\/\\\/www.sabra.org.br\\\/site\\\/wp-content\\\/uploads\\\/2019\\\/07\\\/cultura-do-consumo-voce-ja-ouviu-falar-nesse-conceito-20190531112303.jpg.jpg\",\"keywords\":[\"Assist\u00eancia social\",\"Canto Coral\",\"Escola de Musica SABRA\",\"Musicaliza\u00e7\u00e3o Infantil\",\"Orquestra Infanto Juvenil de Betim\",\"Orquestra Sinf\u00f4nica de Betim\",\"Sociedade Art\u00edstica Brasileira\"],\"articleSection\":[\"Blog SABRA\"],\"inLanguage\":\"pt-BR\"},{\"@type\":\"WebPage\",\"@id\":\"https:\\\/\\\/www.sabra.org.br\\\/site\\\/cultura-do-consumo\\\/\",\"url\":\"https:\\\/\\\/www.sabra.org.br\\\/site\\\/cultura-do-consumo\\\/\",\"name\":\"Cultura do consumo - SABRA - Sociedade Art\u00edstica Brasileira\",\"isPartOf\":{\"@id\":\"https:\\\/\\\/www.sabra.org.br\\\/site\\\/#website\"},\"primaryImageOfPage\":{\"@id\":\"https:\\\/\\\/www.sabra.org.br\\\/site\\\/cultura-do-consumo\\\/#primaryimage\"},\"image\":{\"@id\":\"https:\\\/\\\/www.sabra.org.br\\\/site\\\/cultura-do-consumo\\\/#primaryimage\"},\"thumbnailUrl\":\"https:\\\/\\\/www.sabra.org.br\\\/site\\\/wp-content\\\/uploads\\\/2019\\\/07\\\/cultura-do-consumo-voce-ja-ouviu-falar-nesse-conceito-20190531112303.jpg.jpg\",\"datePublished\":\"2019-07-29T11:51:55+00:00\",\"dateModified\":\"2025-04-20T22:18:48+00:00\",\"description\":\"A cultura de consumo se d\u00e1 a partir da reprodu\u00e7\u00e3o cultural, que foi desenvolvido durante o per\u00edodo da Modernidade. \u00c9 uma das bases no mundo atual.\",\"breadcrumb\":{\"@id\":\"https:\\\/\\\/www.sabra.org.br\\\/site\\\/cultura-do-consumo\\\/#breadcrumb\"},\"inLanguage\":\"pt-BR\",\"potentialAction\":[{\"@type\":\"ReadAction\",\"target\":[\"https:\\\/\\\/www.sabra.org.br\\\/site\\\/cultura-do-consumo\\\/\"]}]},{\"@type\":\"ImageObject\",\"inLanguage\":\"pt-BR\",\"@id\":\"https:\\\/\\\/www.sabra.org.br\\\/site\\\/cultura-do-consumo\\\/#primaryimage\",\"url\":\"https:\\\/\\\/www.sabra.org.br\\\/site\\\/wp-content\\\/uploads\\\/2019\\\/07\\\/cultura-do-consumo-voce-ja-ouviu-falar-nesse-conceito-20190531112303.jpg.jpg\",\"contentUrl\":\"https:\\\/\\\/www.sabra.org.br\\\/site\\\/wp-content\\\/uploads\\\/2019\\\/07\\\/cultura-do-consumo-voce-ja-ouviu-falar-nesse-conceito-20190531112303.jpg.jpg\",\"width\":800,\"height\":534,\"caption\":\"Sociedade Art\u00edstica Brasileira SABRA\"},{\"@type\":\"BreadcrumbList\",\"@id\":\"https:\\\/\\\/www.sabra.org.br\\\/site\\\/cultura-do-consumo\\\/#breadcrumb\",\"itemListElement\":[{\"@type\":\"ListItem\",\"position\":1,\"name\":\"In\u00edcio\",\"item\":\"https:\\\/\\\/www.sabra.org.br\\\/site\\\/\"},{\"@type\":\"ListItem\",\"position\":2,\"name\":\"Cultura do consumo\"}]},{\"@type\":\"WebSite\",\"@id\":\"https:\\\/\\\/www.sabra.org.br\\\/site\\\/#website\",\"url\":\"https:\\\/\\\/www.sabra.org.br\\\/site\\\/\",\"name\":\"SABRA - Sociedade Art\u00edstica Brasileira\",\"description\":\"Escola de M\u00fasica, Orquestra Sinf\u00f4nica, Coral e Patrim\u00f4nio Cultural e Hist\u00f3rico\",\"publisher\":{\"@id\":\"https:\\\/\\\/www.sabra.org.br\\\/site\\\/#organization\"},\"potentialAction\":[{\"@type\":\"SearchAction\",\"target\":{\"@type\":\"EntryPoint\",\"urlTemplate\":\"https:\\\/\\\/www.sabra.org.br\\\/site\\\/?s={search_term_string}\"},\"query-input\":{\"@type\":\"PropertyValueSpecification\",\"valueRequired\":true,\"valueName\":\"search_term_string\"}}],\"inLanguage\":\"pt-BR\"},{\"@type\":\"Organization\",\"@id\":\"https:\\\/\\\/www.sabra.org.br\\\/site\\\/#organization\",\"name\":\"SOCIEDADE ART\u00cdSTICA BRASILEIRA SABRA\",\"alternateName\":\"SABRA\",\"url\":\"https:\\\/\\\/www.sabra.org.br\\\/site\\\/\",\"logo\":{\"@type\":\"ImageObject\",\"inLanguage\":\"pt-BR\",\"@id\":\"https:\\\/\\\/www.sabra.org.br\\\/site\\\/#\\\/schema\\\/logo\\\/image\\\/\",\"url\":\"https:\\\/\\\/www.sabra.org.br\\\/site\\\/wp-content\\\/uploads\\\/2019\\\/06\\\/cropped-Logo_SABRA-Copia-1.webp\",\"contentUrl\":\"https:\\\/\\\/www.sabra.org.br\\\/site\\\/wp-content\\\/uploads\\\/2019\\\/06\\\/cropped-Logo_SABRA-Copia-1.webp\",\"width\":400,\"height\":128,\"caption\":\"SOCIEDADE ART\u00cdSTICA BRASILEIRA SABRA\"},\"image\":{\"@id\":\"https:\\\/\\\/www.sabra.org.br\\\/site\\\/#\\\/schema\\\/logo\\\/image\\\/\"},\"sameAs\":[\"https:\\\/\\\/www.facebook.com\\\/sabrabrasil\",\"https:\\\/\\\/x.com\\\/ContatoSabra\",\"https:\\\/\\\/www.instagram.com\\\/sabrabrasil\\\/\",\"https:\\\/\\\/www.linkedin.com\\\/company\\\/25002088\\\/\",\"https:\\\/\\\/br.pinterest.com\\\/sociedadeartisticabrasileira\\\/\",\"https:\\\/\\\/www.youtube.com\\\/c\\\/sabrabrasil\"]},{\"@type\":\"Person\",\"@id\":\"https:\\\/\\\/www.sabra.org.br\\\/site\\\/#\\\/schema\\\/person\\\/7d1d222c3c8891d4c37c7b41bf6315c2\",\"name\":\"M\u00e1rcio Miranda Pontes\",\"image\":{\"@type\":\"ImageObject\",\"inLanguage\":\"pt-BR\",\"@id\":\"https:\\\/\\\/secure.gravatar.com\\\/avatar\\\/3b45f24496a7625a3a6c436688fbe20344faaeb2979658dc4a9921f984d7df9a?s=96&d=mm&r=g\",\"url\":\"https:\\\/\\\/secure.gravatar.com\\\/avatar\\\/3b45f24496a7625a3a6c436688fbe20344faaeb2979658dc4a9921f984d7df9a?s=96&d=mm&r=g\",\"contentUrl\":\"https:\\\/\\\/secure.gravatar.com\\\/avatar\\\/3b45f24496a7625a3a6c436688fbe20344faaeb2979658dc4a9921f984d7df9a?s=96&d=mm&r=g\",\"caption\":\"M\u00e1rcio Miranda Pontes\"},\"sameAs\":[\"http:\\\/\\\/www.sabra.org.br\"],\"url\":\"https:\\\/\\\/www.sabra.org.br\\\/site\\\/author\\\/marcio-miranda-pontes\\\/\"}]}<\/script>\n<!-- \/ Yoast SEO plugin. -->","yoast_head_json":{"title":"Cultura do consumo - SABRA - Sociedade Art\u00edstica Brasileira","description":"A cultura de consumo se d\u00e1 a partir da reprodu\u00e7\u00e3o cultural, que foi desenvolvido durante o per\u00edodo da Modernidade. \u00c9 uma das bases no mundo atual.","robots":{"index":"index","follow":"follow","max-snippet":"max-snippet:-1","max-image-preview":"max-image-preview:large","max-video-preview":"max-video-preview:-1"},"canonical":"https:\/\/www.sabra.org.br\/site\/cultura-do-consumo\/","og_locale":"pt_BR","og_type":"article","og_title":"Cultura do consumo - SABRA - Sociedade Art\u00edstica Brasileira","og_description":"A cultura de consumo se d\u00e1 a partir da reprodu\u00e7\u00e3o cultural, que foi desenvolvido durante o per\u00edodo da Modernidade. \u00c9 uma das bases no mundo atual.","og_url":"https:\/\/www.sabra.org.br\/site\/cultura-do-consumo\/","og_site_name":"SABRA - Sociedade Art\u00edstica Brasileira","article_publisher":"https:\/\/www.facebook.com\/sabrabrasil","article_published_time":"2019-07-29T11:51:55+00:00","article_modified_time":"2025-04-20T22:18:48+00:00","og_image":[{"width":800,"height":534,"url":"https:\/\/www.sabra.org.br\/site\/wp-content\/uploads\/2019\/07\/cultura-do-consumo-voce-ja-ouviu-falar-nesse-conceito-20190531112303.jpg.jpg","type":"image\/jpeg"}],"author":"M\u00e1rcio Miranda Pontes","twitter_card":"summary_large_image","twitter_creator":"@ContatoSabra","twitter_site":"@ContatoSabra","twitter_misc":{"Escrito por":"M\u00e1rcio Miranda Pontes","Est. tempo de leitura":"3 minutos"},"schema":{"@context":"https:\/\/schema.org","@graph":[{"@type":"Article","@id":"https:\/\/www.sabra.org.br\/site\/cultura-do-consumo\/#article","isPartOf":{"@id":"https:\/\/www.sabra.org.br\/site\/cultura-do-consumo\/"},"author":{"name":"M\u00e1rcio Miranda Pontes","@id":"https:\/\/www.sabra.org.br\/site\/#\/schema\/person\/7d1d222c3c8891d4c37c7b41bf6315c2"},"headline":"Cultura do consumo","datePublished":"2019-07-29T11:51:55+00:00","dateModified":"2025-04-20T22:18:48+00:00","mainEntityOfPage":{"@id":"https:\/\/www.sabra.org.br\/site\/cultura-do-consumo\/"},"wordCount":687,"publisher":{"@id":"https:\/\/www.sabra.org.br\/site\/#organization"},"image":{"@id":"https:\/\/www.sabra.org.br\/site\/cultura-do-consumo\/#primaryimage"},"thumbnailUrl":"https:\/\/www.sabra.org.br\/site\/wp-content\/uploads\/2019\/07\/cultura-do-consumo-voce-ja-ouviu-falar-nesse-conceito-20190531112303.jpg.jpg","keywords":["Assist\u00eancia social","Canto Coral","Escola de Musica SABRA","Musicaliza\u00e7\u00e3o Infantil","Orquestra Infanto Juvenil de Betim","Orquestra Sinf\u00f4nica de Betim","Sociedade Art\u00edstica Brasileira"],"articleSection":["Blog SABRA"],"inLanguage":"pt-BR"},{"@type":"WebPage","@id":"https:\/\/www.sabra.org.br\/site\/cultura-do-consumo\/","url":"https:\/\/www.sabra.org.br\/site\/cultura-do-consumo\/","name":"Cultura do consumo - SABRA - Sociedade Art\u00edstica Brasileira","isPartOf":{"@id":"https:\/\/www.sabra.org.br\/site\/#website"},"primaryImageOfPage":{"@id":"https:\/\/www.sabra.org.br\/site\/cultura-do-consumo\/#primaryimage"},"image":{"@id":"https:\/\/www.sabra.org.br\/site\/cultura-do-consumo\/#primaryimage"},"thumbnailUrl":"https:\/\/www.sabra.org.br\/site\/wp-content\/uploads\/2019\/07\/cultura-do-consumo-voce-ja-ouviu-falar-nesse-conceito-20190531112303.jpg.jpg","datePublished":"2019-07-29T11:51:55+00:00","dateModified":"2025-04-20T22:18:48+00:00","description":"A cultura de consumo se d\u00e1 a partir da reprodu\u00e7\u00e3o cultural, que foi desenvolvido durante o per\u00edodo da Modernidade. \u00c9 uma das bases no mundo atual.","breadcrumb":{"@id":"https:\/\/www.sabra.org.br\/site\/cultura-do-consumo\/#breadcrumb"},"inLanguage":"pt-BR","potentialAction":[{"@type":"ReadAction","target":["https:\/\/www.sabra.org.br\/site\/cultura-do-consumo\/"]}]},{"@type":"ImageObject","inLanguage":"pt-BR","@id":"https:\/\/www.sabra.org.br\/site\/cultura-do-consumo\/#primaryimage","url":"https:\/\/www.sabra.org.br\/site\/wp-content\/uploads\/2019\/07\/cultura-do-consumo-voce-ja-ouviu-falar-nesse-conceito-20190531112303.jpg.jpg","contentUrl":"https:\/\/www.sabra.org.br\/site\/wp-content\/uploads\/2019\/07\/cultura-do-consumo-voce-ja-ouviu-falar-nesse-conceito-20190531112303.jpg.jpg","width":800,"height":534,"caption":"Sociedade Art\u00edstica Brasileira SABRA"},{"@type":"BreadcrumbList","@id":"https:\/\/www.sabra.org.br\/site\/cultura-do-consumo\/#breadcrumb","itemListElement":[{"@type":"ListItem","position":1,"name":"In\u00edcio","item":"https:\/\/www.sabra.org.br\/site\/"},{"@type":"ListItem","position":2,"name":"Cultura do consumo"}]},{"@type":"WebSite","@id":"https:\/\/www.sabra.org.br\/site\/#website","url":"https:\/\/www.sabra.org.br\/site\/","name":"SABRA - Sociedade Art\u00edstica Brasileira","description":"Escola de M\u00fasica, Orquestra Sinf\u00f4nica, Coral e Patrim\u00f4nio Cultural e Hist\u00f3rico","publisher":{"@id":"https:\/\/www.sabra.org.br\/site\/#organization"},"potentialAction":[{"@type":"SearchAction","target":{"@type":"EntryPoint","urlTemplate":"https:\/\/www.sabra.org.br\/site\/?s={search_term_string}"},"query-input":{"@type":"PropertyValueSpecification","valueRequired":true,"valueName":"search_term_string"}}],"inLanguage":"pt-BR"},{"@type":"Organization","@id":"https:\/\/www.sabra.org.br\/site\/#organization","name":"SOCIEDADE ART\u00cdSTICA BRASILEIRA SABRA","alternateName":"SABRA","url":"https:\/\/www.sabra.org.br\/site\/","logo":{"@type":"ImageObject","inLanguage":"pt-BR","@id":"https:\/\/www.sabra.org.br\/site\/#\/schema\/logo\/image\/","url":"https:\/\/www.sabra.org.br\/site\/wp-content\/uploads\/2019\/06\/cropped-Logo_SABRA-Copia-1.webp","contentUrl":"https:\/\/www.sabra.org.br\/site\/wp-content\/uploads\/2019\/06\/cropped-Logo_SABRA-Copia-1.webp","width":400,"height":128,"caption":"SOCIEDADE ART\u00cdSTICA BRASILEIRA SABRA"},"image":{"@id":"https:\/\/www.sabra.org.br\/site\/#\/schema\/logo\/image\/"},"sameAs":["https:\/\/www.facebook.com\/sabrabrasil","https:\/\/x.com\/ContatoSabra","https:\/\/www.instagram.com\/sabrabrasil\/","https:\/\/www.linkedin.com\/company\/25002088\/","https:\/\/br.pinterest.com\/sociedadeartisticabrasileira\/","https:\/\/www.youtube.com\/c\/sabrabrasil"]},{"@type":"Person","@id":"https:\/\/www.sabra.org.br\/site\/#\/schema\/person\/7d1d222c3c8891d4c37c7b41bf6315c2","name":"M\u00e1rcio Miranda Pontes","image":{"@type":"ImageObject","inLanguage":"pt-BR","@id":"https:\/\/secure.gravatar.com\/avatar\/3b45f24496a7625a3a6c436688fbe20344faaeb2979658dc4a9921f984d7df9a?s=96&d=mm&r=g","url":"https:\/\/secure.gravatar.com\/avatar\/3b45f24496a7625a3a6c436688fbe20344faaeb2979658dc4a9921f984d7df9a?s=96&d=mm&r=g","contentUrl":"https:\/\/secure.gravatar.com\/avatar\/3b45f24496a7625a3a6c436688fbe20344faaeb2979658dc4a9921f984d7df9a?s=96&d=mm&r=g","caption":"M\u00e1rcio Miranda Pontes"},"sameAs":["http:\/\/www.sabra.org.br"],"url":"https:\/\/www.sabra.org.br\/site\/author\/marcio-miranda-pontes\/"}]}},"jetpack_featured_media_url":"https:\/\/www.sabra.org.br\/site\/wp-content\/uploads\/2019\/07\/cultura-do-consumo-voce-ja-ouviu-falar-nesse-conceito-20190531112303.jpg.jpg","jetpack_shortlink":"https:\/\/wp.me\/p95j2Z-AD","jetpack-related-posts":[{"id":5207,"url":"https:\/\/www.sabra.org.br\/site\/tupi-guarani\/","url_meta":{"origin":2271,"position":0},"title":"Curiosidades sobre a cultura tupi-guarani","author":"M\u00e1rcio Miranda Pontes","date":"13 de junho de 2022","format":false,"excerpt":"Voc\u00ea sabia que tupi-guarani n\u00e3o \u00e9 relativo a uma na\u00e7\u00e3o ind\u00edgena espec\u00edfica? Nesse artigo apresentaremos 3 curiosidades sobre a cultura tupi-guarani para entender melhor a import\u00e2ncia desses povos em nossa hist\u00f3ria.","rel":"","context":"Em &quot;Blog SABRA&quot;","block_context":{"text":"Blog SABRA","link":"https:\/\/www.sabra.org.br\/site\/category\/blog-sabra\/"},"img":{"alt_text":"tupi-guarani-lingua-povos-natureza","src":"https:\/\/i0.wp.com\/www.sabra.org.br\/site\/wp-content\/uploads\/2022\/06\/x-curiosidades-sobre-a-cultura-tupi-guarani-20220303163651.jpg.jpg?resize=350%2C200&ssl=1","width":350,"height":200,"srcset":"https:\/\/i0.wp.com\/www.sabra.org.br\/site\/wp-content\/uploads\/2022\/06\/x-curiosidades-sobre-a-cultura-tupi-guarani-20220303163651.jpg.jpg?resize=350%2C200&ssl=1 1x, https:\/\/i0.wp.com\/www.sabra.org.br\/site\/wp-content\/uploads\/2022\/06\/x-curiosidades-sobre-a-cultura-tupi-guarani-20220303163651.jpg.jpg?resize=525%2C300&ssl=1 1.5x, https:\/\/i0.wp.com\/www.sabra.org.br\/site\/wp-content\/uploads\/2022\/06\/x-curiosidades-sobre-a-cultura-tupi-guarani-20220303163651.jpg.jpg?resize=700%2C400&ssl=1 2x"},"classes":[]},{"id":5748,"url":"https:\/\/www.sabra.org.br\/site\/ciclo-quintas\/","url_meta":{"origin":2271,"position":1},"title":"O que \u00e9 o ciclo das quintas?","author":"M\u00e1rcio Miranda Pontes","date":"31 de agosto de 2022","format":false,"excerpt":"Voc\u00ea j\u00e1 ouviu falar sobre um termo musical conhecido como \"ciclo das quintas\"? Para te ajudar a entender a respeito deste tema e como aplic\u00e1-lo, preparamos um artigo informativo. Confira!","rel":"","context":"Em &quot;Blog SABRA&quot;","block_context":{"text":"Blog SABRA","link":"https:\/\/www.sabra.org.br\/site\/category\/blog-sabra\/"},"img":{"alt_text":"ciclo-musica-tecla-nota","src":"https:\/\/i0.wp.com\/www.sabra.org.br\/site\/wp-content\/uploads\/2022\/08\/o-que-e-o-ciclo-das-quintas-20220623120203.jpg.jpg?resize=350%2C200&ssl=1","width":350,"height":200,"srcset":"https:\/\/i0.wp.com\/www.sabra.org.br\/site\/wp-content\/uploads\/2022\/08\/o-que-e-o-ciclo-das-quintas-20220623120203.jpg.jpg?resize=350%2C200&ssl=1 1x, https:\/\/i0.wp.com\/www.sabra.org.br\/site\/wp-content\/uploads\/2022\/08\/o-que-e-o-ciclo-das-quintas-20220623120203.jpg.jpg?resize=525%2C300&ssl=1 1.5x, https:\/\/i0.wp.com\/www.sabra.org.br\/site\/wp-content\/uploads\/2022\/08\/o-que-e-o-ciclo-das-quintas-20220623120203.jpg.jpg?resize=700%2C400&ssl=1 2x"},"classes":[]},{"id":3967,"url":"https:\/\/www.sabra.org.br\/site\/economia-circular\/","url_meta":{"origin":2271,"position":2},"title":"Economia circular: o impulso do consumo e produ\u00e7\u00e3o respons\u00e1veis","author":"M\u00e1rcio Miranda Pontes","date":"25 de junho de 2021","format":false,"excerpt":"Economia circular: o impulso do consumo e produ\u00e7\u00e3o respons\u00e1veis \u00c9 fato que o modelo econ\u00f4mico atual, baseado na ideia de extrair recursos naturais, transform\u00e1-los em produtos e descart\u00e1-los, j\u00e1 est\u00e1 no seu limite. Nesse contexto, a economia circular se apresenta como uma excelente solu\u00e7\u00e3o. Para entender melhor o conceito de\u2026","rel":"","context":"Em &quot;Blog SABRA&quot;","block_context":{"text":"Blog SABRA","link":"https:\/\/www.sabra.org.br\/site\/category\/blog-sabra\/"},"img":{"alt_text":"orquestra-sinf\u00f4nica-betim-economia-circular-empresa-produto-sustent\u00e1vel","src":"https:\/\/i0.wp.com\/www.sabra.org.br\/site\/wp-content\/uploads\/2021\/06\/economia-circular-o-impulso-do-consumo-e-producao-responsaveis-20210423165408.jpg.jpg?resize=350%2C200&ssl=1","width":350,"height":200,"srcset":"https:\/\/i0.wp.com\/www.sabra.org.br\/site\/wp-content\/uploads\/2021\/06\/economia-circular-o-impulso-do-consumo-e-producao-responsaveis-20210423165408.jpg.jpg?resize=350%2C200&ssl=1 1x, https:\/\/i0.wp.com\/www.sabra.org.br\/site\/wp-content\/uploads\/2021\/06\/economia-circular-o-impulso-do-consumo-e-producao-responsaveis-20210423165408.jpg.jpg?resize=525%2C300&ssl=1 1.5x, https:\/\/i0.wp.com\/www.sabra.org.br\/site\/wp-content\/uploads\/2021\/06\/economia-circular-o-impulso-do-consumo-e-producao-responsaveis-20210423165408.jpg.jpg?resize=700%2C400&ssl=1 2x"},"classes":[]},{"id":8733,"url":"https:\/\/www.sabra.org.br\/site\/arte-terceira-idade\/","url_meta":{"origin":2271,"position":3},"title":"Quais os benef\u00edcios do incentivo \u00e0 arte na terceira idade?","author":"M\u00e1rcio Miranda Pontes","date":"17 de dezembro de 2023","format":false,"excerpt":"Incentivar a arte na terceira idade \u00e9 uma excelente forma de proporcionar aos idosos uma distra\u00e7\u00e3o, al\u00e9m de ser excelente para a sa\u00fade como um todo. No texto a seguir, voc\u00ea confere quais os benef\u00edcios do incentivo \u00e0 arte na terceira idade","rel":"","context":"Em &quot;Blog SABRA&quot;","block_context":{"text":"Blog SABRA","link":"https:\/\/www.sabra.org.br\/site\/category\/blog-sabra\/"},"img":{"alt_text":"sabra-m\u00fasica-arte-atividade-arte-enstimulam-idade-incentivo","src":"https:\/\/i0.wp.com\/www.sabra.org.br\/site\/wp-content\/uploads\/2023\/12\/quais-os-beneficios-do-incentivo-a-arte-na-terceira-idade-20181030105249.jpg-jpg.webp?resize=350%2C200&ssl=1","width":350,"height":200,"srcset":"https:\/\/i0.wp.com\/www.sabra.org.br\/site\/wp-content\/uploads\/2023\/12\/quais-os-beneficios-do-incentivo-a-arte-na-terceira-idade-20181030105249.jpg-jpg.webp?resize=350%2C200&ssl=1 1x, https:\/\/i0.wp.com\/www.sabra.org.br\/site\/wp-content\/uploads\/2023\/12\/quais-os-beneficios-do-incentivo-a-arte-na-terceira-idade-20181030105249.jpg-jpg.webp?resize=525%2C300&ssl=1 1.5x, https:\/\/i0.wp.com\/www.sabra.org.br\/site\/wp-content\/uploads\/2023\/12\/quais-os-beneficios-do-incentivo-a-arte-na-terceira-idade-20181030105249.jpg-jpg.webp?resize=700%2C400&ssl=1 2x"},"classes":[]},{"id":6079,"url":"https:\/\/www.sabra.org.br\/site\/musica-sensacoes\/","url_meta":{"origin":2271,"position":4},"title":"Por que a m\u00fasica provoca arrepios?","author":"M\u00e1rcio Miranda Pontes","date":"18 de outubro de 2022","format":false,"excerpt":"Ouvir uma m\u00fasica pode ser uma a\u00e7\u00e3o perfeita em qualquer ocasi\u00e3o, seja para relaxar, para dan\u00e7ar ou para pensar na vida. E voc\u00ea j\u00e1 sentiu um arrepio quando ouviu aquele sua m\u00fasica preferida? Saiba que seu c\u00e9rebro pode ser especial.","rel":"","context":"Em &quot;Blog SABRA&quot;","block_context":{"text":"Blog SABRA","link":"https:\/\/www.sabra.org.br\/site\/category\/blog-sabra\/"},"img":{"alt_text":"musicas-sensa\u00e7\u00f5es-sociais","src":"https:\/\/i0.wp.com\/www.sabra.org.br\/site\/wp-content\/uploads\/2022\/10\/por-que-a-musica-provoca-arrepiosjpg-20220908094423.jpg.jpg?resize=350%2C200&ssl=1","width":350,"height":200,"srcset":"https:\/\/i0.wp.com\/www.sabra.org.br\/site\/wp-content\/uploads\/2022\/10\/por-que-a-musica-provoca-arrepiosjpg-20220908094423.jpg.jpg?resize=350%2C200&ssl=1 1x, https:\/\/i0.wp.com\/www.sabra.org.br\/site\/wp-content\/uploads\/2022\/10\/por-que-a-musica-provoca-arrepiosjpg-20220908094423.jpg.jpg?resize=525%2C300&ssl=1 1.5x, https:\/\/i0.wp.com\/www.sabra.org.br\/site\/wp-content\/uploads\/2022\/10\/por-que-a-musica-provoca-arrepiosjpg-20220908094423.jpg.jpg?resize=700%2C400&ssl=1 2x"},"classes":[]},{"id":1729,"url":"https:\/\/www.sabra.org.br\/site\/projetos-sociais-transformacao-de-vidas\/","url_meta":{"origin":2271,"position":5},"title":"PROJETOS SOCIAIS &#8211; TRANSFORMA\u00c7\u00c3O DE VIDAS","author":"M\u00e1rcio Miranda Pontes","date":"14 de fevereiro de 2019","format":false,"excerpt":"Diante de um Estado que n\u00e3o \u00e9 capaz de oferecer plena assist\u00eancia aos mais necessitados, os projetos sociais se transformam em ferramentas muito \u00fateis na transforma\u00e7\u00e3o de vidas. A cada dia que passa, iniciativas que estimulam pessoas e jovens a estarem mais em contato com cultura est\u00e3o presentes em todo\u2026","rel":"","context":"Em &quot;Blog SABRA&quot;","block_context":{"text":"Blog SABRA","link":"https:\/\/www.sabra.org.br\/site\/category\/blog-sabra\/"},"img":{"alt_text":"Transforma\u00e7\u00e3o de vida","src":"https:\/\/i0.wp.com\/www.sabra.org.br\/site\/wp-content\/uploads\/2019\/02\/projetos-sociais-como-uma-ferramenta-de-transformacao-de-vidas-20180918131645.jpg.jpg?resize=350%2C200&ssl=1","width":350,"height":200,"srcset":"https:\/\/i0.wp.com\/www.sabra.org.br\/site\/wp-content\/uploads\/2019\/02\/projetos-sociais-como-uma-ferramenta-de-transformacao-de-vidas-20180918131645.jpg.jpg?resize=350%2C200&ssl=1 1x, https:\/\/i0.wp.com\/www.sabra.org.br\/site\/wp-content\/uploads\/2019\/02\/projetos-sociais-como-uma-ferramenta-de-transformacao-de-vidas-20180918131645.jpg.jpg?resize=525%2C300&ssl=1 1.5x, https:\/\/i0.wp.com\/www.sabra.org.br\/site\/wp-content\/uploads\/2019\/02\/projetos-sociais-como-uma-ferramenta-de-transformacao-de-vidas-20180918131645.jpg.jpg?resize=700%2C400&ssl=1 2x"},"classes":[]}],"jetpack_likes_enabled":true,"jetpack_sharing_enabled":true,"_links":{"self":[{"href":"https:\/\/www.sabra.org.br\/site\/wp-json\/wp\/v2\/posts\/2271","targetHints":{"allow":["GET"]}}],"collection":[{"href":"https:\/\/www.sabra.org.br\/site\/wp-json\/wp\/v2\/posts"}],"about":[{"href":"https:\/\/www.sabra.org.br\/site\/wp-json\/wp\/v2\/types\/post"}],"author":[{"embeddable":true,"href":"https:\/\/www.sabra.org.br\/site\/wp-json\/wp\/v2\/users\/39"}],"replies":[{"embeddable":true,"href":"https:\/\/www.sabra.org.br\/site\/wp-json\/wp\/v2\/comments?post=2271"}],"version-history":[{"count":0,"href":"https:\/\/www.sabra.org.br\/site\/wp-json\/wp\/v2\/posts\/2271\/revisions"}],"wp:featuredmedia":[{"embeddable":true,"href":"https:\/\/www.sabra.org.br\/site\/wp-json\/wp\/v2\/media\/2272"}],"wp:attachment":[{"href":"https:\/\/www.sabra.org.br\/site\/wp-json\/wp\/v2\/media?parent=2271"}],"wp:term":[{"taxonomy":"category","embeddable":true,"href":"https:\/\/www.sabra.org.br\/site\/wp-json\/wp\/v2\/categories?post=2271"},{"taxonomy":"post_tag","embeddable":true,"href":"https:\/\/www.sabra.org.br\/site\/wp-json\/wp\/v2\/tags?post=2271"}],"curies":[{"name":"wp","href":"https:\/\/api.w.org\/{rel}","templated":true}]}}