{"id":2362,"date":"2019-10-02T22:22:00","date_gmt":"2019-10-03T01:22:00","guid":{"rendered":"https:\/\/www.sabra.org.br\/site\/?p=2362"},"modified":"2025-04-20T19:23:27","modified_gmt":"2025-04-20T22:23:27","slug":"universo-da-musica-classica","status":"publish","type":"post","link":"https:\/\/www.sabra.org.br\/site\/universo-da-musica-classica\/","title":{"rendered":"Universo da m\u00fasica cl\u00e1ssica"},"content":{"rendered":"<h2>Curiosidades sobre o universo da m\u00fasica cl\u00e1ssica<\/h2>\n<p>A m\u00fasica cl\u00e1ssica encanta, apaixona e emociona. Diversos estudos comprovam seu poder de cura, sua influ\u00eancia nas emo\u00e7\u00f5es e no humor e at\u00e9 mesmo sua influ\u00eancia positiva na hora de estudar. Entretanto, existem diversas informa\u00e7\u00f5es interessantes sobre o mundo cl\u00e1ssico que nem todo mundo sabe. Confira 8 curiosidades sobre o universo da m\u00fasica cl\u00e1ssica:<\/p>\n<h2>1. N\u00fameros<\/h2>\n<p>Estima-se que frequentemente, no mundo todo, executem-se as obras de cerca de 1500 compositores de m\u00fasica cl\u00e1ssica de estilos diversos. Entre os estilos mais conhecidos, temos as sonatas, as sinfonias, os concertos, as can\u00e7\u00f5es, as tocadas, os estudos e as su\u00edtes.<\/p>\n<h2>2. Formato<\/h2>\n<p>Uma das caracter\u00edsticas que ajudam a identificar a m\u00fasica cl\u00e1ssica, segundo estudiosos, \u00e9 que seu desenvolvimento busca manter uma conex\u00e3o do in\u00edcio ao fim da composi\u00e7\u00e3o. Esse aspecto a diferencia da m\u00fasica popular, que tem como caracter\u00edstica uma constru\u00e7\u00e3o e uma apresenta\u00e7\u00e3o mais livre.<\/p>\n<h2>3. Controv\u00e9rsias<\/h2>\n<p>Muitos especialistas defendem que o termo \u201cm\u00fasica cl\u00e1ssica\u201d, como \u00e9 utilizado, est\u00e1 incorreto, pois a m\u00fasica cl\u00e1ssica se refere ao que foi produzido durante o per\u00edodo cl\u00e1ssico da m\u00fasica (classicismo), que se deu entre a segunda metade do s\u00e9culo 18 e o come\u00e7o do s\u00e9culo 19. Por isso, diversos termos foram criados com a inten\u00e7\u00e3o de substitu\u00ed-lo, entre eles a express\u00e3o \u201cm\u00fasica erudita\u201d.<\/p>\n<h2>4. Refer\u00eancia<\/h2>\n<p>Em qualquer orquestra o primeiro violinista \u00e9 a segunda pessoa mais importante, atr\u00e1s apenas do maestro. Chamado de spalla (que em italiano significa ombro), ele \u00e9 uma refer\u00eancia para o grupo, pois repassa para os outros instrumentistas as indica\u00e7\u00f5es do maestro. Al\u00e9m de ser respons\u00e1vel pela afina\u00e7\u00e3o da orquestra e executar os solos.<\/p>\n<h2>5. Castrados<\/h2>\n<p>Os castrados ou castrati, em italiano, eram cantores que tiveram seus test\u00edculos retirados antes de entrar na puberdade. Esse recurso fazia com que mantivessem a voz aguda e com alcance natural, diferente tanto da voz adulta feminina, quanto da masculina. Essa pr\u00e1tica come\u00e7ou no Imp\u00e9rio Bizantino (400 d.C.) e se extinguiu no fim do s\u00e9culo 18.<\/p>\n<h2>6. Etiqueta<\/h2>\n<p>Assim como o t\u00eanis, que tem regras sobre barulhos durante a partida, o universo da m\u00fasica cl\u00e1ssica tem uma etiqueta espec\u00edfica. A determina\u00e7\u00e3o \u00e9 a de que s\u00f3 se deve aplaudir uma apresenta\u00e7\u00e3o, ap\u00f3s a execu\u00e7\u00e3o de todos os movimentos (partes da composi\u00e7\u00e3o). Essa \u201cregra\u201d existe com o objetivo de n\u00e3o prejudicar a concentra\u00e7\u00e3o dos instrumentistas com as palmas nos intervalos.<\/p>\n<h2>7. Mulheres<\/h2>\n<p>Embora n\u00e3o tenham ganhado o mesmo reconhecimento dos homens, existiram muitas mulheres que se destacaram na hist\u00f3ria da m\u00fasica cl\u00e1ssica, mas tiveram seu talento ofuscado pelo fato de serem mulheres. Fanny Mendelsson e Maria Anna Mozart s\u00e3o apenas dois exemplos que foram obrigadas a desistir da m\u00fasica para se casar. Felizmente, hoje j\u00e1 n\u00e3o h\u00e1 mais essa distin\u00e7\u00e3o. No Brasil, Chiquinha Gonzaga foi a primeira mulher a reger uma orquestra.<\/p>\n<h2>8. Maldi\u00e7\u00e3o<\/h2>\n<p>Uma lenda diz que todo compositor cl\u00e1ssico recebe uma maldi\u00e7\u00e3o ap\u00f3s escrever sua 10\u00aa sinfonia. A maldi\u00e7\u00e3o faria os compositores morrerem antes de criarem sua pr\u00f3xima obra. Esse mito fez com que v\u00e1rios compositores pulassem a 10\u00aa sinfonia, indo da 9\u00aa para a 11\u00aa, com o objetivo de burlar a maldi\u00e7\u00e3o.<\/p>\n<blockquote class=\"wp-embedded-content\" data-secret=\"U1uBJ5GQfQ\"><p><a href=\"https:\/\/www.sabra.org.br\/site\/musica-e-humor\/\">M\u00fasica e Humor<\/a><\/p><\/blockquote>\n<p><iframe class=\"wp-embedded-content\" sandbox=\"allow-scripts\" security=\"restricted\" style=\"position: absolute; visibility: hidden;\" title=\"&#8220;M\u00fasica e Humor&#8221; &#8212; SABRA - Sociedade Art\u00edstica Brasileira\" src=\"https:\/\/www.sabra.org.br\/site\/musica-e-humor\/embed\/#?secret=FTbrq78zdF#?secret=U1uBJ5GQfQ\" data-secret=\"U1uBJ5GQfQ\" width=\"600\" height=\"338\" frameborder=\"0\" marginwidth=\"0\" marginheight=\"0\" scrolling=\"no\"><\/iframe><\/p>\n<h2>Se voc\u00ea gostou deste post:<\/h2>\n<p>&#8211; siga as nossas p\u00e1ginas nas redes sociais para acompanhar as nossas atualiza\u00e7\u00f5es: estamos no <a href=\"https:\/\/www.facebook.com\/sabrabrasil\" target=\"_blank\" rel=\"noopener noreferrer\">Facebook<\/a>, no <a href=\"https:\/\/www.instagram.com\/sabrabrasil\/\" target=\"_blank\" rel=\"noopener noreferrer\">Instagram<\/a>, no <a href=\"https:\/\/www.linkedin.com\/company\/25002088\" target=\"_blank\" rel=\"noopener noreferrer\">LinkedIn<\/a>, no <a href=\"https:\/\/twitter.com\/ContatoSabra\" target=\"_blank\" rel=\"noopener noreferrer\">Twitter<\/a> e no <a href=\"https:\/\/www.youtube.com\/channel\/UCJw-kbuEvzUNdeQf20Pa-eQ\" target=\"_blank\" rel=\"noopener noreferrer\">YouTube<\/a>!<\/p>\n<p>&#8211; Conhe\u00e7a o trabalho da Sociedade Art\u00edstica Brasileira (SABRA) e todas as iniciativas culturais e sociais que ela mant\u00e9m. <a href=\"https:\/\/www.sabra.org.br\/site\/acoes\/\" target=\"_blank\" rel=\"noopener noreferrer\">Acesse nosso site!<\/a><\/p>\n<p>&#8211; entre em contato com a gente. E veja quais s\u00e3o as op\u00e7\u00f5es de ajuda na manuten\u00e7\u00e3o de nossas a\u00e7\u00f5es sociais e culturais. Basta acessar nossa p\u00e1gina <a href=\"https:\/\/www.sabra.org.br\/site\/doe-agora\/\" target=\"_blank\" rel=\"noopener noreferrer\">Doe Agora!<\/a><\/p>\n<p>&#8211; Compartilhe este texto nas suas redes sociais e ajude os seus amigos a tamb\u00e9m dominarem o assunto!<\/p>\n","protected":false},"excerpt":{"rendered":"<p>A m\u00fasica cl\u00e1ssica encanta, apaixona e emociona. Diversos estudos comprovam seu poder de cura, sua influ\u00eancia nas emo\u00e7\u00f5es e no humor e at\u00e9 mesmo sua influ\u00eancia positiva na hora de estudar. Entretanto, existem diversas informa\u00e7\u00f5es interessantes sobre o mundo cl\u00e1ssico que nem todo mundo sabe. Confira 8 curiosidades sobre o universo da m\u00fasica cl\u00e1ssica:<\/p>\n","protected":false},"author":39,"featured_media":244,"comment_status":"closed","ping_status":"closed","sticky":false,"template":"","format":"standard","meta":{"jetpack_post_was_ever_published":false,"_jetpack_newsletter_access":"","_jetpack_dont_email_post_to_subs":false,"_jetpack_newsletter_tier_id":0,"_jetpack_memberships_contains_paywalled_content":false,"_jetpack_memberships_contains_paid_content":false,"footnotes":""},"categories":[1],"tags":[15,8,1846,1285,16,1286,11,9],"class_list":["post-2362","post","type-post","status-publish","format-standard","has-post-thumbnail","hentry","category-blog-sabra","tag-assistencia-social","tag-canto-coral","tag-escola-de-musica-de-nova-lima","tag-escola-de-musica-sabra","tag-musicalizacao-infantil","tag-orquestra-infanto-juvenil-de-betim","tag-orquestra-sinfonica-de-betim","tag-sociedade-artistica-brasileira"],"yoast_head":"<!-- This site is optimized with the Yoast SEO plugin v27.5 - https:\/\/yoast.com\/product\/yoast-seo-wordpress\/ -->\n<title>Cl\u00e1ssica: A M\u00fasica que Encanta e Emociona - SABRA - Sociedade Art\u00edstica Brasileira<\/title>\n<meta name=\"description\" content=\"Desvende os segredos da m\u00fasica cl\u00e1ssica e como ela pode enriquecer sua vida e seu humor de maneiras inesperadas.\" \/>\n<meta name=\"robots\" content=\"index, follow, max-snippet:-1, max-image-preview:large, max-video-preview:-1\" \/>\n<link rel=\"canonical\" href=\"https:\/\/www.sabra.org.br\/site\/universo-da-musica-classica\/\" \/>\n<meta property=\"og:locale\" content=\"pt_BR\" \/>\n<meta property=\"og:type\" content=\"article\" \/>\n<meta property=\"og:title\" content=\"Cl\u00e1ssica: A M\u00fasica que Encanta e Emociona - SABRA - Sociedade Art\u00edstica Brasileira\" \/>\n<meta property=\"og:description\" content=\"Desvende os segredos da m\u00fasica cl\u00e1ssica e como ela pode enriquecer sua vida e seu humor de maneiras inesperadas.\" \/>\n<meta property=\"og:url\" content=\"https:\/\/www.sabra.org.br\/site\/universo-da-musica-classica\/\" \/>\n<meta property=\"og:site_name\" content=\"SABRA - Sociedade Art\u00edstica Brasileira\" \/>\n<meta property=\"article:publisher\" content=\"https:\/\/www.facebook.com\/sabrabrasil\" \/>\n<meta property=\"article:published_time\" content=\"2019-10-03T01:22:00+00:00\" \/>\n<meta property=\"article:modified_time\" content=\"2025-04-20T22:23:27+00:00\" \/>\n<meta property=\"og:image\" content=\"https:\/\/www.sabra.org.br\/site\/wp-content\/uploads\/2016\/07\/754A1425peq.jpg\" \/>\n\t<meta property=\"og:image:width\" content=\"600\" \/>\n\t<meta property=\"og:image:height\" content=\"400\" \/>\n\t<meta property=\"og:image:type\" content=\"image\/jpeg\" \/>\n<meta name=\"author\" content=\"M\u00e1rcio Miranda Pontes\" \/>\n<meta name=\"twitter:card\" content=\"summary_large_image\" \/>\n<meta name=\"twitter:creator\" content=\"@ContatoSabra\" \/>\n<meta name=\"twitter:site\" content=\"@ContatoSabra\" \/>\n<meta name=\"twitter:label1\" content=\"Escrito por\" \/>\n\t<meta name=\"twitter:data1\" content=\"M\u00e1rcio Miranda Pontes\" \/>\n\t<meta name=\"twitter:label2\" content=\"Est. tempo de leitura\" \/>\n\t<meta name=\"twitter:data2\" content=\"4 minutos\" \/>\n<script type=\"application\/ld+json\" class=\"yoast-schema-graph\">{\"@context\":\"https:\\\/\\\/schema.org\",\"@graph\":[{\"@type\":\"Article\",\"@id\":\"https:\\\/\\\/www.sabra.org.br\\\/site\\\/universo-da-musica-classica\\\/#article\",\"isPartOf\":{\"@id\":\"https:\\\/\\\/www.sabra.org.br\\\/site\\\/universo-da-musica-classica\\\/\"},\"author\":{\"name\":\"M\u00e1rcio Miranda Pontes\",\"@id\":\"https:\\\/\\\/www.sabra.org.br\\\/site\\\/#\\\/schema\\\/person\\\/7d1d222c3c8891d4c37c7b41bf6315c2\"},\"headline\":\"Universo da m\u00fasica cl\u00e1ssica\",\"datePublished\":\"2019-10-03T01:22:00+00:00\",\"dateModified\":\"2025-04-20T22:23:27+00:00\",\"mainEntityOfPage\":{\"@id\":\"https:\\\/\\\/www.sabra.org.br\\\/site\\\/universo-da-musica-classica\\\/\"},\"wordCount\":697,\"publisher\":{\"@id\":\"https:\\\/\\\/www.sabra.org.br\\\/site\\\/#organization\"},\"image\":{\"@id\":\"https:\\\/\\\/www.sabra.org.br\\\/site\\\/universo-da-musica-classica\\\/#primaryimage\"},\"thumbnailUrl\":\"https:\\\/\\\/www.sabra.org.br\\\/site\\\/wp-content\\\/uploads\\\/2016\\\/07\\\/754A1425peq.jpg\",\"keywords\":[\"Assist\u00eancia social\",\"Canto Coral\",\"Escola de M\u00fasica de Nova Lima\",\"Escola de Musica SABRA\",\"Musicaliza\u00e7\u00e3o Infantil\",\"Orquestra Infanto Juvenil de Betim\",\"Orquestra Sinf\u00f4nica de Betim\",\"Sociedade Art\u00edstica Brasileira\"],\"articleSection\":[\"Blog SABRA\"],\"inLanguage\":\"pt-BR\"},{\"@type\":\"WebPage\",\"@id\":\"https:\\\/\\\/www.sabra.org.br\\\/site\\\/universo-da-musica-classica\\\/\",\"url\":\"https:\\\/\\\/www.sabra.org.br\\\/site\\\/universo-da-musica-classica\\\/\",\"name\":\"Cl\u00e1ssica: A M\u00fasica que Encanta e Emociona - SABRA - Sociedade Art\u00edstica Brasileira\",\"isPartOf\":{\"@id\":\"https:\\\/\\\/www.sabra.org.br\\\/site\\\/#website\"},\"primaryImageOfPage\":{\"@id\":\"https:\\\/\\\/www.sabra.org.br\\\/site\\\/universo-da-musica-classica\\\/#primaryimage\"},\"image\":{\"@id\":\"https:\\\/\\\/www.sabra.org.br\\\/site\\\/universo-da-musica-classica\\\/#primaryimage\"},\"thumbnailUrl\":\"https:\\\/\\\/www.sabra.org.br\\\/site\\\/wp-content\\\/uploads\\\/2016\\\/07\\\/754A1425peq.jpg\",\"datePublished\":\"2019-10-03T01:22:00+00:00\",\"dateModified\":\"2025-04-20T22:23:27+00:00\",\"description\":\"Desvende os segredos da m\u00fasica cl\u00e1ssica e como ela pode enriquecer sua vida e seu humor de maneiras inesperadas.\",\"breadcrumb\":{\"@id\":\"https:\\\/\\\/www.sabra.org.br\\\/site\\\/universo-da-musica-classica\\\/#breadcrumb\"},\"inLanguage\":\"pt-BR\",\"potentialAction\":[{\"@type\":\"ReadAction\",\"target\":[\"https:\\\/\\\/www.sabra.org.br\\\/site\\\/universo-da-musica-classica\\\/\"]}]},{\"@type\":\"ImageObject\",\"inLanguage\":\"pt-BR\",\"@id\":\"https:\\\/\\\/www.sabra.org.br\\\/site\\\/universo-da-musica-classica\\\/#primaryimage\",\"url\":\"https:\\\/\\\/www.sabra.org.br\\\/site\\\/wp-content\\\/uploads\\\/2016\\\/07\\\/754A1425peq.jpg\",\"contentUrl\":\"https:\\\/\\\/www.sabra.org.br\\\/site\\\/wp-content\\\/uploads\\\/2016\\\/07\\\/754A1425peq.jpg\",\"width\":600,\"height\":400,\"caption\":\"Sociedade Art\u00edstica Brasileira SABRA\"},{\"@type\":\"BreadcrumbList\",\"@id\":\"https:\\\/\\\/www.sabra.org.br\\\/site\\\/universo-da-musica-classica\\\/#breadcrumb\",\"itemListElement\":[{\"@type\":\"ListItem\",\"position\":1,\"name\":\"In\u00edcio\",\"item\":\"https:\\\/\\\/www.sabra.org.br\\\/site\\\/\"},{\"@type\":\"ListItem\",\"position\":2,\"name\":\"Universo da m\u00fasica cl\u00e1ssica\"}]},{\"@type\":\"WebSite\",\"@id\":\"https:\\\/\\\/www.sabra.org.br\\\/site\\\/#website\",\"url\":\"https:\\\/\\\/www.sabra.org.br\\\/site\\\/\",\"name\":\"SABRA - Sociedade Art\u00edstica Brasileira\",\"description\":\"Escola de M\u00fasica, Orquestra Sinf\u00f4nica, Coral e Patrim\u00f4nio Cultural e Hist\u00f3rico\",\"publisher\":{\"@id\":\"https:\\\/\\\/www.sabra.org.br\\\/site\\\/#organization\"},\"potentialAction\":[{\"@type\":\"SearchAction\",\"target\":{\"@type\":\"EntryPoint\",\"urlTemplate\":\"https:\\\/\\\/www.sabra.org.br\\\/site\\\/?s={search_term_string}\"},\"query-input\":{\"@type\":\"PropertyValueSpecification\",\"valueRequired\":true,\"valueName\":\"search_term_string\"}}],\"inLanguage\":\"pt-BR\"},{\"@type\":\"Organization\",\"@id\":\"https:\\\/\\\/www.sabra.org.br\\\/site\\\/#organization\",\"name\":\"SOCIEDADE ART\u00cdSTICA BRASILEIRA SABRA\",\"alternateName\":\"SABRA\",\"url\":\"https:\\\/\\\/www.sabra.org.br\\\/site\\\/\",\"logo\":{\"@type\":\"ImageObject\",\"inLanguage\":\"pt-BR\",\"@id\":\"https:\\\/\\\/www.sabra.org.br\\\/site\\\/#\\\/schema\\\/logo\\\/image\\\/\",\"url\":\"https:\\\/\\\/www.sabra.org.br\\\/site\\\/wp-content\\\/uploads\\\/2019\\\/06\\\/cropped-Logo_SABRA-Copia-1.webp\",\"contentUrl\":\"https:\\\/\\\/www.sabra.org.br\\\/site\\\/wp-content\\\/uploads\\\/2019\\\/06\\\/cropped-Logo_SABRA-Copia-1.webp\",\"width\":400,\"height\":128,\"caption\":\"SOCIEDADE ART\u00cdSTICA BRASILEIRA SABRA\"},\"image\":{\"@id\":\"https:\\\/\\\/www.sabra.org.br\\\/site\\\/#\\\/schema\\\/logo\\\/image\\\/\"},\"sameAs\":[\"https:\\\/\\\/www.facebook.com\\\/sabrabrasil\",\"https:\\\/\\\/x.com\\\/ContatoSabra\",\"https:\\\/\\\/www.instagram.com\\\/sabrabrasil\\\/\",\"https:\\\/\\\/www.linkedin.com\\\/company\\\/25002088\\\/\",\"https:\\\/\\\/br.pinterest.com\\\/sociedadeartisticabrasileira\\\/\",\"https:\\\/\\\/www.youtube.com\\\/c\\\/sabrabrasil\"]},{\"@type\":\"Person\",\"@id\":\"https:\\\/\\\/www.sabra.org.br\\\/site\\\/#\\\/schema\\\/person\\\/7d1d222c3c8891d4c37c7b41bf6315c2\",\"name\":\"M\u00e1rcio Miranda Pontes\",\"image\":{\"@type\":\"ImageObject\",\"inLanguage\":\"pt-BR\",\"@id\":\"https:\\\/\\\/secure.gravatar.com\\\/avatar\\\/3b45f24496a7625a3a6c436688fbe20344faaeb2979658dc4a9921f984d7df9a?s=96&d=mm&r=g\",\"url\":\"https:\\\/\\\/secure.gravatar.com\\\/avatar\\\/3b45f24496a7625a3a6c436688fbe20344faaeb2979658dc4a9921f984d7df9a?s=96&d=mm&r=g\",\"contentUrl\":\"https:\\\/\\\/secure.gravatar.com\\\/avatar\\\/3b45f24496a7625a3a6c436688fbe20344faaeb2979658dc4a9921f984d7df9a?s=96&d=mm&r=g\",\"caption\":\"M\u00e1rcio Miranda Pontes\"},\"sameAs\":[\"http:\\\/\\\/www.sabra.org.br\"],\"url\":\"https:\\\/\\\/www.sabra.org.br\\\/site\\\/author\\\/marcio-miranda-pontes\\\/\"}]}<\/script>\n<!-- \/ Yoast SEO plugin. -->","yoast_head_json":{"title":"Cl\u00e1ssica: A M\u00fasica que Encanta e Emociona - SABRA - Sociedade Art\u00edstica Brasileira","description":"Desvende os segredos da m\u00fasica cl\u00e1ssica e como ela pode enriquecer sua vida e seu humor de maneiras inesperadas.","robots":{"index":"index","follow":"follow","max-snippet":"max-snippet:-1","max-image-preview":"max-image-preview:large","max-video-preview":"max-video-preview:-1"},"canonical":"https:\/\/www.sabra.org.br\/site\/universo-da-musica-classica\/","og_locale":"pt_BR","og_type":"article","og_title":"Cl\u00e1ssica: A M\u00fasica que Encanta e Emociona - SABRA - Sociedade Art\u00edstica Brasileira","og_description":"Desvende os segredos da m\u00fasica cl\u00e1ssica e como ela pode enriquecer sua vida e seu humor de maneiras inesperadas.","og_url":"https:\/\/www.sabra.org.br\/site\/universo-da-musica-classica\/","og_site_name":"SABRA - Sociedade Art\u00edstica Brasileira","article_publisher":"https:\/\/www.facebook.com\/sabrabrasil","article_published_time":"2019-10-03T01:22:00+00:00","article_modified_time":"2025-04-20T22:23:27+00:00","og_image":[{"width":600,"height":400,"url":"https:\/\/www.sabra.org.br\/site\/wp-content\/uploads\/2016\/07\/754A1425peq.jpg","type":"image\/jpeg"}],"author":"M\u00e1rcio Miranda Pontes","twitter_card":"summary_large_image","twitter_creator":"@ContatoSabra","twitter_site":"@ContatoSabra","twitter_misc":{"Escrito por":"M\u00e1rcio Miranda Pontes","Est. tempo de leitura":"4 minutos"},"schema":{"@context":"https:\/\/schema.org","@graph":[{"@type":"Article","@id":"https:\/\/www.sabra.org.br\/site\/universo-da-musica-classica\/#article","isPartOf":{"@id":"https:\/\/www.sabra.org.br\/site\/universo-da-musica-classica\/"},"author":{"name":"M\u00e1rcio Miranda Pontes","@id":"https:\/\/www.sabra.org.br\/site\/#\/schema\/person\/7d1d222c3c8891d4c37c7b41bf6315c2"},"headline":"Universo da m\u00fasica cl\u00e1ssica","datePublished":"2019-10-03T01:22:00+00:00","dateModified":"2025-04-20T22:23:27+00:00","mainEntityOfPage":{"@id":"https:\/\/www.sabra.org.br\/site\/universo-da-musica-classica\/"},"wordCount":697,"publisher":{"@id":"https:\/\/www.sabra.org.br\/site\/#organization"},"image":{"@id":"https:\/\/www.sabra.org.br\/site\/universo-da-musica-classica\/#primaryimage"},"thumbnailUrl":"https:\/\/www.sabra.org.br\/site\/wp-content\/uploads\/2016\/07\/754A1425peq.jpg","keywords":["Assist\u00eancia social","Canto Coral","Escola de M\u00fasica de Nova Lima","Escola de Musica SABRA","Musicaliza\u00e7\u00e3o Infantil","Orquestra Infanto Juvenil de Betim","Orquestra Sinf\u00f4nica de Betim","Sociedade Art\u00edstica Brasileira"],"articleSection":["Blog SABRA"],"inLanguage":"pt-BR"},{"@type":"WebPage","@id":"https:\/\/www.sabra.org.br\/site\/universo-da-musica-classica\/","url":"https:\/\/www.sabra.org.br\/site\/universo-da-musica-classica\/","name":"Cl\u00e1ssica: A M\u00fasica que Encanta e Emociona - SABRA - Sociedade Art\u00edstica Brasileira","isPartOf":{"@id":"https:\/\/www.sabra.org.br\/site\/#website"},"primaryImageOfPage":{"@id":"https:\/\/www.sabra.org.br\/site\/universo-da-musica-classica\/#primaryimage"},"image":{"@id":"https:\/\/www.sabra.org.br\/site\/universo-da-musica-classica\/#primaryimage"},"thumbnailUrl":"https:\/\/www.sabra.org.br\/site\/wp-content\/uploads\/2016\/07\/754A1425peq.jpg","datePublished":"2019-10-03T01:22:00+00:00","dateModified":"2025-04-20T22:23:27+00:00","description":"Desvende os segredos da m\u00fasica cl\u00e1ssica e como ela pode enriquecer sua vida e seu humor de maneiras inesperadas.","breadcrumb":{"@id":"https:\/\/www.sabra.org.br\/site\/universo-da-musica-classica\/#breadcrumb"},"inLanguage":"pt-BR","potentialAction":[{"@type":"ReadAction","target":["https:\/\/www.sabra.org.br\/site\/universo-da-musica-classica\/"]}]},{"@type":"ImageObject","inLanguage":"pt-BR","@id":"https:\/\/www.sabra.org.br\/site\/universo-da-musica-classica\/#primaryimage","url":"https:\/\/www.sabra.org.br\/site\/wp-content\/uploads\/2016\/07\/754A1425peq.jpg","contentUrl":"https:\/\/www.sabra.org.br\/site\/wp-content\/uploads\/2016\/07\/754A1425peq.jpg","width":600,"height":400,"caption":"Sociedade Art\u00edstica Brasileira SABRA"},{"@type":"BreadcrumbList","@id":"https:\/\/www.sabra.org.br\/site\/universo-da-musica-classica\/#breadcrumb","itemListElement":[{"@type":"ListItem","position":1,"name":"In\u00edcio","item":"https:\/\/www.sabra.org.br\/site\/"},{"@type":"ListItem","position":2,"name":"Universo da m\u00fasica cl\u00e1ssica"}]},{"@type":"WebSite","@id":"https:\/\/www.sabra.org.br\/site\/#website","url":"https:\/\/www.sabra.org.br\/site\/","name":"SABRA - Sociedade Art\u00edstica Brasileira","description":"Escola de M\u00fasica, Orquestra Sinf\u00f4nica, Coral e Patrim\u00f4nio Cultural e Hist\u00f3rico","publisher":{"@id":"https:\/\/www.sabra.org.br\/site\/#organization"},"potentialAction":[{"@type":"SearchAction","target":{"@type":"EntryPoint","urlTemplate":"https:\/\/www.sabra.org.br\/site\/?s={search_term_string}"},"query-input":{"@type":"PropertyValueSpecification","valueRequired":true,"valueName":"search_term_string"}}],"inLanguage":"pt-BR"},{"@type":"Organization","@id":"https:\/\/www.sabra.org.br\/site\/#organization","name":"SOCIEDADE ART\u00cdSTICA BRASILEIRA SABRA","alternateName":"SABRA","url":"https:\/\/www.sabra.org.br\/site\/","logo":{"@type":"ImageObject","inLanguage":"pt-BR","@id":"https:\/\/www.sabra.org.br\/site\/#\/schema\/logo\/image\/","url":"https:\/\/www.sabra.org.br\/site\/wp-content\/uploads\/2019\/06\/cropped-Logo_SABRA-Copia-1.webp","contentUrl":"https:\/\/www.sabra.org.br\/site\/wp-content\/uploads\/2019\/06\/cropped-Logo_SABRA-Copia-1.webp","width":400,"height":128,"caption":"SOCIEDADE ART\u00cdSTICA BRASILEIRA SABRA"},"image":{"@id":"https:\/\/www.sabra.org.br\/site\/#\/schema\/logo\/image\/"},"sameAs":["https:\/\/www.facebook.com\/sabrabrasil","https:\/\/x.com\/ContatoSabra","https:\/\/www.instagram.com\/sabrabrasil\/","https:\/\/www.linkedin.com\/company\/25002088\/","https:\/\/br.pinterest.com\/sociedadeartisticabrasileira\/","https:\/\/www.youtube.com\/c\/sabrabrasil"]},{"@type":"Person","@id":"https:\/\/www.sabra.org.br\/site\/#\/schema\/person\/7d1d222c3c8891d4c37c7b41bf6315c2","name":"M\u00e1rcio Miranda Pontes","image":{"@type":"ImageObject","inLanguage":"pt-BR","@id":"https:\/\/secure.gravatar.com\/avatar\/3b45f24496a7625a3a6c436688fbe20344faaeb2979658dc4a9921f984d7df9a?s=96&d=mm&r=g","url":"https:\/\/secure.gravatar.com\/avatar\/3b45f24496a7625a3a6c436688fbe20344faaeb2979658dc4a9921f984d7df9a?s=96&d=mm&r=g","contentUrl":"https:\/\/secure.gravatar.com\/avatar\/3b45f24496a7625a3a6c436688fbe20344faaeb2979658dc4a9921f984d7df9a?s=96&d=mm&r=g","caption":"M\u00e1rcio Miranda Pontes"},"sameAs":["http:\/\/www.sabra.org.br"],"url":"https:\/\/www.sabra.org.br\/site\/author\/marcio-miranda-pontes\/"}]}},"jetpack_featured_media_url":"https:\/\/www.sabra.org.br\/site\/wp-content\/uploads\/2016\/07\/754A1425peq.jpg","jetpack_shortlink":"https:\/\/wp.me\/p95j2Z-C6","jetpack-related-posts":[{"id":7885,"url":"https:\/\/www.sabra.org.br\/site\/sinfonias-classicas\/","url_meta":{"origin":2362,"position":0},"title":"Os segredos por tr\u00e1s das sinfonias: curiosidades sobre as obras cl\u00e1ssicas","author":"M\u00e1rcio Miranda Pontes","date":"25 de agosto de 2023","format":false,"excerpt":"Descubra os segredos por tr\u00e1s das sinfonias cl\u00e1ssicas! Conhe\u00e7a 10 curiosidades fascinantes sobre essas obras magn\u00edficas que encantam gera\u00e7\u00f5es. Prepare-se para uma viagem musical \u00fanica e emocionante! Leia o post j\u00e1!","rel":"","context":"Em &quot;Blog SABRA&quot;","block_context":{"text":"Blog SABRA","link":"https:\/\/www.sabra.org.br\/site\/category\/blog-sabra\/"},"img":{"alt_text":"sabra-m\u00fasica-sinfonias-cl\u00e1ssica-criar","src":"https:\/\/i0.wp.com\/www.sabra.org.br\/site\/wp-content\/uploads\/2023\/08\/os-segredos-por-tras-das-sinfonias-x-curiosidades-sobre-as-obras-classicas-20230628095402.jpg-jpg.webp?resize=350%2C200&ssl=1","width":350,"height":200,"srcset":"https:\/\/i0.wp.com\/www.sabra.org.br\/site\/wp-content\/uploads\/2023\/08\/os-segredos-por-tras-das-sinfonias-x-curiosidades-sobre-as-obras-classicas-20230628095402.jpg-jpg.webp?resize=350%2C200&ssl=1 1x, https:\/\/i0.wp.com\/www.sabra.org.br\/site\/wp-content\/uploads\/2023\/08\/os-segredos-por-tras-das-sinfonias-x-curiosidades-sobre-as-obras-classicas-20230628095402.jpg-jpg.webp?resize=525%2C300&ssl=1 1.5x, https:\/\/i0.wp.com\/www.sabra.org.br\/site\/wp-content\/uploads\/2023\/08\/os-segredos-por-tras-das-sinfonias-x-curiosidades-sobre-as-obras-classicas-20230628095402.jpg-jpg.webp?resize=700%2C400&ssl=1 2x"},"classes":[]},{"id":7318,"url":"https:\/\/www.sabra.org.br\/site\/musica-classica-atual\/","url_meta":{"origin":2362,"position":1},"title":"A relev\u00e2ncia da m\u00fasica cl\u00e1ssica nos dias de hoje","author":"M\u00e1rcio Miranda Pontes","date":"15 de junho de 2023","format":false,"excerpt":"A m\u00fasica cl\u00e1ssica: atemporalidade e influ\u00eancia contempor\u00e2nea. Descubra como esse g\u00eanero musical transcende o tempo, emociona e inspira pessoas atualmente. Explore a relev\u00e2ncia da m\u00fasica cl\u00e1ssica na sociedade atual e seu impacto duradouro na cultura e na arte.","rel":"","context":"Em &quot;Blog SABRA&quot;","block_context":{"text":"Blog SABRA","link":"https:\/\/www.sabra.org.br\/site\/category\/blog-sabra\/"},"img":{"alt_text":"m\u00fasica-cl\u00e1ssica-exploraremos-sociais-sabra","src":"https:\/\/i0.wp.com\/www.sabra.org.br\/site\/wp-content\/uploads\/2023\/06\/a-relevancia-da-musica-classica-nos-dias-de-hojejpg-20230522113605.jpg-jpg.webp?resize=350%2C200&ssl=1","width":350,"height":200,"srcset":"https:\/\/i0.wp.com\/www.sabra.org.br\/site\/wp-content\/uploads\/2023\/06\/a-relevancia-da-musica-classica-nos-dias-de-hojejpg-20230522113605.jpg-jpg.webp?resize=350%2C200&ssl=1 1x, https:\/\/i0.wp.com\/www.sabra.org.br\/site\/wp-content\/uploads\/2023\/06\/a-relevancia-da-musica-classica-nos-dias-de-hojejpg-20230522113605.jpg-jpg.webp?resize=525%2C300&ssl=1 1.5x, https:\/\/i0.wp.com\/www.sabra.org.br\/site\/wp-content\/uploads\/2023\/06\/a-relevancia-da-musica-classica-nos-dias-de-hojejpg-20230522113605.jpg-jpg.webp?resize=700%2C400&ssl=1 2x"},"classes":[]},{"id":7961,"url":"https:\/\/www.sabra.org.br\/site\/compositores-classica\/","url_meta":{"origin":2362,"position":2},"title":"6 grandes nomes que marcaram a m\u00fasica cl\u00e1ssica","author":"M\u00e1rcio Miranda Pontes","date":"13 de setembro de 2023","format":false,"excerpt":"Descubra os 6 grandes nomes que deixaram um legado indel\u00e9vel na m\u00fasica cl\u00e1ssica. Explore suas obras ic\u00f4nicas e mergulhe na magia da m\u00fasica cl\u00e1ssica. Prepare-se para uma viagem pelo tempo e pela genialidade desses mestres da m\u00fasica!","rel":"","context":"Em &quot;Blog SABRA&quot;","block_context":{"text":"Blog SABRA","link":"https:\/\/www.sabra.org.br\/site\/category\/blog-sabra\/"},"img":{"alt_text":"sabra-m\u00fasica-compositores-cl\u00e1ssica-nascido-bach-chopin-obras","src":"https:\/\/i0.wp.com\/www.sabra.org.br\/site\/wp-content\/uploads\/2023\/09\/x-grandes-nomes-que-marcaram-a-musica-classicajpg-20230628095402.jpg-jpg.webp?resize=350%2C200&ssl=1","width":350,"height":200,"srcset":"https:\/\/i0.wp.com\/www.sabra.org.br\/site\/wp-content\/uploads\/2023\/09\/x-grandes-nomes-que-marcaram-a-musica-classicajpg-20230628095402.jpg-jpg.webp?resize=350%2C200&ssl=1 1x, https:\/\/i0.wp.com\/www.sabra.org.br\/site\/wp-content\/uploads\/2023\/09\/x-grandes-nomes-que-marcaram-a-musica-classicajpg-20230628095402.jpg-jpg.webp?resize=525%2C300&ssl=1 1.5x, https:\/\/i0.wp.com\/www.sabra.org.br\/site\/wp-content\/uploads\/2023\/09\/x-grandes-nomes-que-marcaram-a-musica-classicajpg-20230628095402.jpg-jpg.webp?resize=700%2C400&ssl=1 2x"},"classes":[]},{"id":7380,"url":"https:\/\/www.sabra.org.br\/site\/fatos-orquestras\/","url_meta":{"origin":2362,"position":3},"title":"Fatos interessantes sobre as orquestras","author":"M\u00e1rcio Miranda Pontes","date":"20 de junho de 2023","format":false,"excerpt":"Conhe\u00e7a fatos interessantes sobre essas forma\u00e7\u00f5es musicais grandiosas. Da sua hist\u00f3ria milenar \u00e0 composi\u00e7\u00e3o intricada, mergulhe no mundo sinf\u00f4nico e surpreenda-se com o que as orquestras t\u00eam a oferecer. Um universo musical cheio de curiosidades aguarda por voc\u00ea!","rel":"","context":"Em &quot;Blog SABRA&quot;","block_context":{"text":"Blog SABRA","link":"https:\/\/www.sabra.org.br\/site\/category\/blog-sabra\/"},"img":{"alt_text":"orquestra-m\u00fasico-musicais-sinf\u00f4nica-sabra","src":"https:\/\/i0.wp.com\/www.sabra.org.br\/site\/wp-content\/uploads\/2023\/06\/x-fatos-interessantes-sobre-as-orquestrasjpg-20230522113605.jpg-jpg.webp?resize=350%2C200&ssl=1","width":350,"height":200,"srcset":"https:\/\/i0.wp.com\/www.sabra.org.br\/site\/wp-content\/uploads\/2023\/06\/x-fatos-interessantes-sobre-as-orquestrasjpg-20230522113605.jpg-jpg.webp?resize=350%2C200&ssl=1 1x, https:\/\/i0.wp.com\/www.sabra.org.br\/site\/wp-content\/uploads\/2023\/06\/x-fatos-interessantes-sobre-as-orquestrasjpg-20230522113605.jpg-jpg.webp?resize=525%2C300&ssl=1 1.5x, https:\/\/i0.wp.com\/www.sabra.org.br\/site\/wp-content\/uploads\/2023\/06\/x-fatos-interessantes-sobre-as-orquestrasjpg-20230522113605.jpg-jpg.webp?resize=700%2C400&ssl=1 2x"},"classes":[]},{"id":2808,"url":"https:\/\/www.sabra.org.br\/site\/musica-classica-evolucao\/","url_meta":{"origin":2362,"position":4},"title":"M\u00fasica cl\u00e1ssica","author":"M\u00e1rcio Miranda Pontes","date":"11 de abril de 2020","format":false,"excerpt":"A m\u00fasica cl\u00e1ssica, mais conhecida como m\u00fasica erudita, cresceu ao longo dos anos, datando sua origem no s\u00e9culo IX. Era utilizada em cerim\u00f4nias religiosas e para alegrar os nobres da \u00e9poca.","rel":"","context":"Em &quot;Blog SABRA&quot;","block_context":{"text":"Blog SABRA","link":"https:\/\/www.sabra.org.br\/site\/category\/blog-sabra\/"},"img":{"alt_text":"musica-classica-evolu\u00e7\u00e3o-erudita-s\u00e9culo-sabra","src":"https:\/\/i0.wp.com\/www.sabra.org.br\/site\/wp-content\/uploads\/2020\/04\/musica-classica-conheca-a-sua-origem-e-evolucao-ao-longo-dos-anos-20191202180617.jpg.jpg?resize=350%2C200&ssl=1","width":350,"height":200,"srcset":"https:\/\/i0.wp.com\/www.sabra.org.br\/site\/wp-content\/uploads\/2020\/04\/musica-classica-conheca-a-sua-origem-e-evolucao-ao-longo-dos-anos-20191202180617.jpg.jpg?resize=350%2C200&ssl=1 1x, https:\/\/i0.wp.com\/www.sabra.org.br\/site\/wp-content\/uploads\/2020\/04\/musica-classica-conheca-a-sua-origem-e-evolucao-ao-longo-dos-anos-20191202180617.jpg.jpg?resize=525%2C300&ssl=1 1.5x, https:\/\/i0.wp.com\/www.sabra.org.br\/site\/wp-content\/uploads\/2020\/04\/musica-classica-conheca-a-sua-origem-e-evolucao-ao-longo-dos-anos-20191202180617.jpg.jpg?resize=700%2C400&ssl=1 2x"},"classes":[]},{"id":7873,"url":"https:\/\/www.sabra.org.br\/site\/compositores-famosos\/","url_meta":{"origin":2362,"position":5},"title":"Curiosidades surpreendentes sobre compositores cl\u00e1ssicos famosos","author":"M\u00e1rcio Miranda Pontes","date":"23 de agosto de 2023","format":false,"excerpt":"Descubra curiosidades surpreendentes sobre os grandes compositores cl\u00e1ssicos! Desde Beethoven surdo, a Bach com seus enigmas musicais e Mozart com seu humor peculiar, mergulhe nesse universo fascinante da m\u00fasica cl\u00e1ssica e desvende os segredos por tr\u00e1s das obras-primas.","rel":"","context":"Em &quot;Blog SABRA&quot;","block_context":{"text":"Blog SABRA","link":"https:\/\/www.sabra.org.br\/site\/category\/blog-sabra\/"},"img":{"alt_text":"sabra-m\u00fasica-compositor-beethoven-caf\u00e9-conhecemos-cl\u00e1ssica-musical","src":"https:\/\/i0.wp.com\/www.sabra.org.br\/site\/wp-content\/uploads\/2023\/08\/curiosidades-surpreendentes-sobre-os-compositores-classicos-mais-famososjpg-20230628095402.jpg-jpg.webp?resize=350%2C200&ssl=1","width":350,"height":200,"srcset":"https:\/\/i0.wp.com\/www.sabra.org.br\/site\/wp-content\/uploads\/2023\/08\/curiosidades-surpreendentes-sobre-os-compositores-classicos-mais-famososjpg-20230628095402.jpg-jpg.webp?resize=350%2C200&ssl=1 1x, https:\/\/i0.wp.com\/www.sabra.org.br\/site\/wp-content\/uploads\/2023\/08\/curiosidades-surpreendentes-sobre-os-compositores-classicos-mais-famososjpg-20230628095402.jpg-jpg.webp?resize=525%2C300&ssl=1 1.5x, https:\/\/i0.wp.com\/www.sabra.org.br\/site\/wp-content\/uploads\/2023\/08\/curiosidades-surpreendentes-sobre-os-compositores-classicos-mais-famososjpg-20230628095402.jpg-jpg.webp?resize=700%2C400&ssl=1 2x"},"classes":[]}],"jetpack_likes_enabled":true,"jetpack_sharing_enabled":true,"_links":{"self":[{"href":"https:\/\/www.sabra.org.br\/site\/wp-json\/wp\/v2\/posts\/2362","targetHints":{"allow":["GET"]}}],"collection":[{"href":"https:\/\/www.sabra.org.br\/site\/wp-json\/wp\/v2\/posts"}],"about":[{"href":"https:\/\/www.sabra.org.br\/site\/wp-json\/wp\/v2\/types\/post"}],"author":[{"embeddable":true,"href":"https:\/\/www.sabra.org.br\/site\/wp-json\/wp\/v2\/users\/39"}],"replies":[{"embeddable":true,"href":"https:\/\/www.sabra.org.br\/site\/wp-json\/wp\/v2\/comments?post=2362"}],"version-history":[{"count":0,"href":"https:\/\/www.sabra.org.br\/site\/wp-json\/wp\/v2\/posts\/2362\/revisions"}],"wp:featuredmedia":[{"embeddable":true,"href":"https:\/\/www.sabra.org.br\/site\/wp-json\/wp\/v2\/media\/244"}],"wp:attachment":[{"href":"https:\/\/www.sabra.org.br\/site\/wp-json\/wp\/v2\/media?parent=2362"}],"wp:term":[{"taxonomy":"category","embeddable":true,"href":"https:\/\/www.sabra.org.br\/site\/wp-json\/wp\/v2\/categories?post=2362"},{"taxonomy":"post_tag","embeddable":true,"href":"https:\/\/www.sabra.org.br\/site\/wp-json\/wp\/v2\/tags?post=2362"}],"curies":[{"name":"wp","href":"https:\/\/api.w.org\/{rel}","templated":true}]}}