{"id":2364,"date":"2019-10-04T17:48:06","date_gmt":"2019-10-04T20:48:06","guid":{"rendered":"https:\/\/www.sabra.org.br\/site\/?p=2364"},"modified":"2025-04-20T19:23:28","modified_gmt":"2025-04-20T22:23:28","slug":"musica-para-bebes","status":"publish","type":"post","link":"https:\/\/www.sabra.org.br\/site\/musica-para-bebes\/","title":{"rendered":"M\u00fasica para os beb\u00eas"},"content":{"rendered":"<h2>Benef\u00edcios da m\u00fasica para os beb\u00eas<\/h2>\n<p>A educa\u00e7\u00e3o musical e a m\u00fasica em si podem trazer muitos benef\u00edcios para os beb\u00eas. Confira!<\/p>\n<h2>1. Desenvolvimento da linguagem e comunica\u00e7\u00e3o<\/h2>\n<p>A crian\u00e7a aprende com aquilo que tem contato. Com a m\u00fasica ela \u00e9 exposta a in\u00fameras palavras e \u00e0 linguagem musical, beneficiando o desenvolvimento da comunica\u00e7\u00e3o como um todo e de aspectos da linguagem verbal, como vocabul\u00e1rio e dic\u00e7\u00e3o, al\u00e9m do est\u00edmulo \u00e0 linguagem musical e corporal.<\/p>\n<h2>2. Express\u00e3o<\/h2>\n<p>Se nem os adultos conseguem ficar parados quando ouvem uma m\u00fasica que gostam, imagine os pequenos! A educa\u00e7\u00e3o musical na inf\u00e2ncia estimula a express\u00e3o corporal, que \u00e9 fundamental para a sa\u00fade emocional e psicol\u00f3gica, al\u00e9m de trabalhar a coordena\u00e7\u00e3o motora, seja na tentativa de acompanhar o ritmo com o corpo ou ao conseguir segurar um instrumento.<\/p>\n<h2>3. Seguran\u00e7a<\/h2>\n<p>A liberdade para se expressar, a independ\u00eancia e as rela\u00e7\u00f5es que v\u00e3o se estabelecendo atrav\u00e9s da educa\u00e7\u00e3o musical fazem a crian\u00e7a se sentir mais segura emocionalmente e mais confiante ao se sentir inserida em um grupo compartilhando momentos prazerosos e colaborativos.<\/p>\n<h2>4. Est\u00edmulo e aprendizado<\/h2>\n<p>O foco das crian\u00e7as e dos beb\u00eas \u00e9 muito menor, por isso usar elementos l\u00fadicos \u00e9 muito importante para que elas consigam se interessar e aprender. A educa\u00e7\u00e3o musical durante os primeiros anos de vida estimula o aprendizado de palavras, letras, s\u00edlabas e conceitos, proporcionando novos conhecimentos e um ambiente prop\u00edcio ao desenvolvimento do beb\u00ea.<\/p>\n<h2>5. Exerc\u00edcio do trabalho em grupo<\/h2>\n<p>O beb\u00ea que tem contato com a educa\u00e7\u00e3o musical j\u00e1 come\u00e7a a entender como \u00e9 a colabora\u00e7\u00e3o para que uma m\u00fasica saia, mesmo que ainda n\u00e3o toque nada e muitas vezes nem consiga vocalizar as palavras da can\u00e7\u00e3o. Seja na escola ou em casa com os pais, ele entende que \u00e9 um momento compartilhado em que todos devem se sentir bem e trabalhar em conjunto.<\/p>\n<h2>6. Fortalecimento de v\u00ednculos<\/h2>\n<p>Quando ouvida em casa, as m\u00fasicas beneficiam os v\u00ednculos entre os pais e o beb\u00ea, que compartilham um momento especial e seguro. J\u00e1 na escolinha ou na aula de musicaliza\u00e7\u00e3o, os beb\u00eas criam e cultivam la\u00e7os com novas pessoas, como os professores e os coleguinhas. Isso \u00e9 muito ben\u00e9fico para a sa\u00fade emocional e o estabelecimento de rela\u00e7\u00f5es saud\u00e1veis.<\/p>\n<h2>7. Constru\u00e7\u00e3o da habilidade musical<\/h2>\n<p>Logo no come\u00e7o da inf\u00e2ncia a m\u00fasica come\u00e7a a construir uma base para a habilidade musical, que pode ser desenvolvida posteriormente, quando a crian\u00e7a for um pouco maior. A educa\u00e7\u00e3o musical proporciona o autoconhecimento, a confian\u00e7a e a disciplina.<\/p>\n<h2>8. Melhora no humor<\/h2>\n<p>A ci\u00eancia comprova os efeitos da m\u00fasica para a sa\u00fade f\u00edsica e emocional dos indiv\u00edduos. Os beb\u00eas se sentem mais relaxados ou animados de acordo com a m\u00fasica ouvida.<\/p>\n<h2>9. Colabora\u00e7\u00e3o no desenvolvimento<\/h2>\n<p>Na inf\u00e2ncia a crian\u00e7a absorve tudo com o que tem contato e a m\u00fasica \u00e9 capaz de beneficiar diversos aspectos do desenvolvimento dos beb\u00eas, como a mem\u00f3ria, o racioc\u00ednio l\u00f3gico, a coordena\u00e7\u00e3o motora, o aprendizado de matem\u00e1tica, de palavras e at\u00e9 de l\u00ednguas estrangeiras, al\u00e9m do desenvolvimento afetivo e a aspectos da individualidade (gostos pessoais, autoconfian\u00e7a).<\/p>\n<blockquote class=\"wp-embedded-content\" data-secret=\"cqwmT4j6X7\"><p><a href=\"https:\/\/www.sabra.org.br\/site\/musica-e-adolescencia\/\">M\u00fasica e adolesc\u00eancia.<\/a><\/p><\/blockquote>\n<p><iframe class=\"wp-embedded-content\" sandbox=\"allow-scripts\" security=\"restricted\" style=\"position: absolute; visibility: hidden;\" title=\"&#8220;M\u00fasica e adolesc\u00eancia.&#8221; &#8212; SABRA - Sociedade Art\u00edstica Brasileira\" src=\"https:\/\/www.sabra.org.br\/site\/musica-e-adolescencia\/embed\/#?secret=uP5nGK8F6f#?secret=cqwmT4j6X7\" data-secret=\"cqwmT4j6X7\" width=\"600\" height=\"338\" frameborder=\"0\" marginwidth=\"0\" marginheight=\"0\" scrolling=\"no\"><\/iframe><\/p>\n<h2>Se voc\u00ea gostou deste post:<\/h2>\n<p>&#8211; siga as nossas p\u00e1ginas nas redes sociais para acompanhar as nossas atualiza\u00e7\u00f5es: estamos no <a href=\"https:\/\/www.facebook.com\/sabrabrasil\" target=\"_blank\" rel=\"noopener noreferrer\">Facebook<\/a>, no <a href=\"https:\/\/www.instagram.com\/sabrabrasil\/\" target=\"_blank\" rel=\"noopener noreferrer\">Instagram<\/a>, no <a href=\"https:\/\/www.linkedin.com\/company\/25002088\" target=\"_blank\" rel=\"noopener noreferrer\">LinkedIn<\/a>, no <a href=\"https:\/\/twitter.com\/ContatoSabra\" target=\"_blank\" rel=\"noopener noreferrer\">Twitter<\/a> e no <a href=\"https:\/\/www.youtube.com\/channel\/UCJw-kbuEvzUNdeQf20Pa-eQ\" target=\"_blank\" rel=\"noopener noreferrer\">YouTube<\/a>!<\/p>\n<p>&#8211; Conhe\u00e7a o trabalho da Sociedade Art\u00edstica Brasileira (SABRA) e todas as iniciativas culturais e sociais que ela mant\u00e9m. <a href=\"https:\/\/www.sabra.org.br\/site\/acoes\/\" target=\"_blank\" rel=\"noopener noreferrer\">Acesse nosso site!<\/a><\/p>\n<p>&#8211; entre em contato com a gente. E veja quais s\u00e3o as op\u00e7\u00f5es de ajuda na manuten\u00e7\u00e3o de nossas a\u00e7\u00f5es sociais e culturais. Basta acessar nossa p\u00e1gina <a href=\"https:\/\/www.sabra.org.br\/site\/doe-agora\/\" target=\"_blank\" rel=\"noopener noreferrer\">Doe Agora!<\/a><\/p>\n<p>&#8211; Compartilhe este texto nas suas redes sociais e ajude os seus amigos a tamb\u00e9m dominarem o assunto!<\/p>\n","protected":false},"excerpt":{"rendered":"<p>Ouvir m\u00fasica \u00e9 uma del\u00edcia a qualquer momento do dia. Voc\u00ea sabia que a m\u00fasica tamb\u00e9m faz muito bem para os beb\u00eas? Conhe\u00e7a na mat\u00e9ria benef\u00edcios da m\u00fasica para os beb\u00eas!<\/p>\n","protected":false},"author":39,"featured_media":2366,"comment_status":"closed","ping_status":"closed","sticky":false,"template":"","format":"standard","meta":{"jetpack_post_was_ever_published":false,"_jetpack_newsletter_access":"","_jetpack_dont_email_post_to_subs":false,"_jetpack_newsletter_tier_id":0,"_jetpack_memberships_contains_paywalled_content":false,"_jetpack_memberships_contains_paid_content":false,"footnotes":""},"categories":[1],"tags":[15,8,1846,1285,16,1286,11,9],"class_list":["post-2364","post","type-post","status-publish","format-standard","has-post-thumbnail","hentry","category-blog-sabra","tag-assistencia-social","tag-canto-coral","tag-escola-de-musica-de-nova-lima","tag-escola-de-musica-sabra","tag-musicalizacao-infantil","tag-orquestra-infanto-juvenil-de-betim","tag-orquestra-sinfonica-de-betim","tag-sociedade-artistica-brasileira"],"yoast_head":"<!-- This site is optimized with the Yoast SEO plugin v27.4 - https:\/\/yoast.com\/product\/yoast-seo-wordpress\/ -->\n<title>M\u00fasica para os beb\u00eas - SABRA - Sociedade Art\u00edstica Brasileira<\/title>\n<meta name=\"description\" content=\"Ouvir m\u00fasica \u00e9 uma del\u00edcia a qualquer momento do dia. Voc\u00ea sabia que a m\u00fasica tamb\u00e9m faz muito bem para os beb\u00eas? Benef\u00edcios para os beb\u00eas!\" \/>\n<meta name=\"robots\" content=\"index, follow, max-snippet:-1, max-image-preview:large, max-video-preview:-1\" \/>\n<link rel=\"canonical\" href=\"https:\/\/www.sabra.org.br\/site\/musica-para-bebes\/\" \/>\n<meta property=\"og:locale\" content=\"pt_BR\" \/>\n<meta property=\"og:type\" content=\"article\" \/>\n<meta property=\"og:title\" content=\"M\u00fasica para os beb\u00eas - SABRA - Sociedade Art\u00edstica Brasileira\" \/>\n<meta property=\"og:description\" content=\"Ouvir m\u00fasica \u00e9 uma del\u00edcia a qualquer momento do dia. Voc\u00ea sabia que a m\u00fasica tamb\u00e9m faz muito bem para os beb\u00eas? Benef\u00edcios para os beb\u00eas!\" \/>\n<meta property=\"og:url\" content=\"https:\/\/www.sabra.org.br\/site\/musica-para-bebes\/\" \/>\n<meta property=\"og:site_name\" content=\"SABRA - Sociedade Art\u00edstica Brasileira\" \/>\n<meta property=\"article:publisher\" content=\"https:\/\/www.facebook.com\/sabrabrasil\" \/>\n<meta property=\"article:published_time\" content=\"2019-10-04T20:48:06+00:00\" \/>\n<meta property=\"article:modified_time\" content=\"2025-04-20T22:23:28+00:00\" \/>\n<meta property=\"og:image\" content=\"https:\/\/www.sabra.org.br\/site\/wp-content\/uploads\/2019\/10\/x-beneficios-das-musicas-para-os-bebes-20171219145022.jpg.jpg\" \/>\n\t<meta property=\"og:image:width\" content=\"1204\" \/>\n\t<meta property=\"og:image:height\" content=\"642\" \/>\n\t<meta property=\"og:image:type\" content=\"image\/jpeg\" \/>\n<meta name=\"author\" content=\"M\u00e1rcio Miranda Pontes\" \/>\n<meta name=\"twitter:card\" content=\"summary_large_image\" \/>\n<meta name=\"twitter:creator\" content=\"@ContatoSabra\" \/>\n<meta name=\"twitter:site\" content=\"@ContatoSabra\" \/>\n<meta name=\"twitter:label1\" content=\"Escrito por\" \/>\n\t<meta name=\"twitter:data1\" content=\"M\u00e1rcio Miranda Pontes\" \/>\n\t<meta name=\"twitter:label2\" content=\"Est. tempo de leitura\" \/>\n\t<meta name=\"twitter:data2\" content=\"4 minutos\" \/>\n<script type=\"application\/ld+json\" class=\"yoast-schema-graph\">{\"@context\":\"https:\\\/\\\/schema.org\",\"@graph\":[{\"@type\":\"Article\",\"@id\":\"https:\\\/\\\/www.sabra.org.br\\\/site\\\/musica-para-bebes\\\/#article\",\"isPartOf\":{\"@id\":\"https:\\\/\\\/www.sabra.org.br\\\/site\\\/musica-para-bebes\\\/\"},\"author\":{\"name\":\"M\u00e1rcio Miranda Pontes\",\"@id\":\"https:\\\/\\\/www.sabra.org.br\\\/site\\\/#\\\/schema\\\/person\\\/7d1d222c3c8891d4c37c7b41bf6315c2\"},\"headline\":\"M\u00fasica para os beb\u00eas\",\"datePublished\":\"2019-10-04T20:48:06+00:00\",\"dateModified\":\"2025-04-20T22:23:28+00:00\",\"mainEntityOfPage\":{\"@id\":\"https:\\\/\\\/www.sabra.org.br\\\/site\\\/musica-para-bebes\\\/\"},\"wordCount\":694,\"publisher\":{\"@id\":\"https:\\\/\\\/www.sabra.org.br\\\/site\\\/#organization\"},\"image\":{\"@id\":\"https:\\\/\\\/www.sabra.org.br\\\/site\\\/musica-para-bebes\\\/#primaryimage\"},\"thumbnailUrl\":\"https:\\\/\\\/www.sabra.org.br\\\/site\\\/wp-content\\\/uploads\\\/2019\\\/10\\\/x-beneficios-das-musicas-para-os-bebes-20171219145022.jpg.jpg\",\"keywords\":[\"Assist\u00eancia social\",\"Canto Coral\",\"Escola de M\u00fasica de Nova Lima\",\"Escola de Musica SABRA\",\"Musicaliza\u00e7\u00e3o Infantil\",\"Orquestra Infanto Juvenil de Betim\",\"Orquestra Sinf\u00f4nica de Betim\",\"Sociedade Art\u00edstica Brasileira\"],\"articleSection\":[\"Blog SABRA\"],\"inLanguage\":\"pt-BR\"},{\"@type\":\"WebPage\",\"@id\":\"https:\\\/\\\/www.sabra.org.br\\\/site\\\/musica-para-bebes\\\/\",\"url\":\"https:\\\/\\\/www.sabra.org.br\\\/site\\\/musica-para-bebes\\\/\",\"name\":\"M\u00fasica para os beb\u00eas - SABRA - Sociedade Art\u00edstica Brasileira\",\"isPartOf\":{\"@id\":\"https:\\\/\\\/www.sabra.org.br\\\/site\\\/#website\"},\"primaryImageOfPage\":{\"@id\":\"https:\\\/\\\/www.sabra.org.br\\\/site\\\/musica-para-bebes\\\/#primaryimage\"},\"image\":{\"@id\":\"https:\\\/\\\/www.sabra.org.br\\\/site\\\/musica-para-bebes\\\/#primaryimage\"},\"thumbnailUrl\":\"https:\\\/\\\/www.sabra.org.br\\\/site\\\/wp-content\\\/uploads\\\/2019\\\/10\\\/x-beneficios-das-musicas-para-os-bebes-20171219145022.jpg.jpg\",\"datePublished\":\"2019-10-04T20:48:06+00:00\",\"dateModified\":\"2025-04-20T22:23:28+00:00\",\"description\":\"Ouvir m\u00fasica \u00e9 uma del\u00edcia a qualquer momento do dia. Voc\u00ea sabia que a m\u00fasica tamb\u00e9m faz muito bem para os beb\u00eas? Benef\u00edcios para os beb\u00eas!\",\"breadcrumb\":{\"@id\":\"https:\\\/\\\/www.sabra.org.br\\\/site\\\/musica-para-bebes\\\/#breadcrumb\"},\"inLanguage\":\"pt-BR\",\"potentialAction\":[{\"@type\":\"ReadAction\",\"target\":[\"https:\\\/\\\/www.sabra.org.br\\\/site\\\/musica-para-bebes\\\/\"]}]},{\"@type\":\"ImageObject\",\"inLanguage\":\"pt-BR\",\"@id\":\"https:\\\/\\\/www.sabra.org.br\\\/site\\\/musica-para-bebes\\\/#primaryimage\",\"url\":\"https:\\\/\\\/www.sabra.org.br\\\/site\\\/wp-content\\\/uploads\\\/2019\\\/10\\\/x-beneficios-das-musicas-para-os-bebes-20171219145022.jpg.jpg\",\"contentUrl\":\"https:\\\/\\\/www.sabra.org.br\\\/site\\\/wp-content\\\/uploads\\\/2019\\\/10\\\/x-beneficios-das-musicas-para-os-bebes-20171219145022.jpg.jpg\",\"width\":1204,\"height\":642,\"caption\":\"Sociedade Art\u00edstica Brasileira SABRA\"},{\"@type\":\"BreadcrumbList\",\"@id\":\"https:\\\/\\\/www.sabra.org.br\\\/site\\\/musica-para-bebes\\\/#breadcrumb\",\"itemListElement\":[{\"@type\":\"ListItem\",\"position\":1,\"name\":\"In\u00edcio\",\"item\":\"https:\\\/\\\/www.sabra.org.br\\\/site\\\/\"},{\"@type\":\"ListItem\",\"position\":2,\"name\":\"M\u00fasica para os beb\u00eas\"}]},{\"@type\":\"WebSite\",\"@id\":\"https:\\\/\\\/www.sabra.org.br\\\/site\\\/#website\",\"url\":\"https:\\\/\\\/www.sabra.org.br\\\/site\\\/\",\"name\":\"SABRA - Sociedade Art\u00edstica Brasileira\",\"description\":\"Escola de M\u00fasica, Orquestra Sinf\u00f4nica, Coral e Patrim\u00f4nio Cultural e Hist\u00f3rico\",\"publisher\":{\"@id\":\"https:\\\/\\\/www.sabra.org.br\\\/site\\\/#organization\"},\"potentialAction\":[{\"@type\":\"SearchAction\",\"target\":{\"@type\":\"EntryPoint\",\"urlTemplate\":\"https:\\\/\\\/www.sabra.org.br\\\/site\\\/?s={search_term_string}\"},\"query-input\":{\"@type\":\"PropertyValueSpecification\",\"valueRequired\":true,\"valueName\":\"search_term_string\"}}],\"inLanguage\":\"pt-BR\"},{\"@type\":\"Organization\",\"@id\":\"https:\\\/\\\/www.sabra.org.br\\\/site\\\/#organization\",\"name\":\"SOCIEDADE ART\u00cdSTICA BRASILEIRA SABRA\",\"alternateName\":\"SABRA\",\"url\":\"https:\\\/\\\/www.sabra.org.br\\\/site\\\/\",\"logo\":{\"@type\":\"ImageObject\",\"inLanguage\":\"pt-BR\",\"@id\":\"https:\\\/\\\/www.sabra.org.br\\\/site\\\/#\\\/schema\\\/logo\\\/image\\\/\",\"url\":\"https:\\\/\\\/www.sabra.org.br\\\/site\\\/wp-content\\\/uploads\\\/2019\\\/06\\\/cropped-Logo_SABRA-Copia-1.webp\",\"contentUrl\":\"https:\\\/\\\/www.sabra.org.br\\\/site\\\/wp-content\\\/uploads\\\/2019\\\/06\\\/cropped-Logo_SABRA-Copia-1.webp\",\"width\":400,\"height\":128,\"caption\":\"SOCIEDADE ART\u00cdSTICA BRASILEIRA SABRA\"},\"image\":{\"@id\":\"https:\\\/\\\/www.sabra.org.br\\\/site\\\/#\\\/schema\\\/logo\\\/image\\\/\"},\"sameAs\":[\"https:\\\/\\\/www.facebook.com\\\/sabrabrasil\",\"https:\\\/\\\/x.com\\\/ContatoSabra\",\"https:\\\/\\\/www.instagram.com\\\/sabrabrasil\\\/\",\"https:\\\/\\\/www.linkedin.com\\\/company\\\/25002088\\\/\",\"https:\\\/\\\/br.pinterest.com\\\/sociedadeartisticabrasileira\\\/\",\"https:\\\/\\\/www.youtube.com\\\/c\\\/sabrabrasil\"]},{\"@type\":\"Person\",\"@id\":\"https:\\\/\\\/www.sabra.org.br\\\/site\\\/#\\\/schema\\\/person\\\/7d1d222c3c8891d4c37c7b41bf6315c2\",\"name\":\"M\u00e1rcio Miranda Pontes\",\"image\":{\"@type\":\"ImageObject\",\"inLanguage\":\"pt-BR\",\"@id\":\"https:\\\/\\\/secure.gravatar.com\\\/avatar\\\/3b45f24496a7625a3a6c436688fbe20344faaeb2979658dc4a9921f984d7df9a?s=96&d=mm&r=g\",\"url\":\"https:\\\/\\\/secure.gravatar.com\\\/avatar\\\/3b45f24496a7625a3a6c436688fbe20344faaeb2979658dc4a9921f984d7df9a?s=96&d=mm&r=g\",\"contentUrl\":\"https:\\\/\\\/secure.gravatar.com\\\/avatar\\\/3b45f24496a7625a3a6c436688fbe20344faaeb2979658dc4a9921f984d7df9a?s=96&d=mm&r=g\",\"caption\":\"M\u00e1rcio Miranda Pontes\"},\"sameAs\":[\"http:\\\/\\\/www.sabra.org.br\"],\"url\":\"https:\\\/\\\/www.sabra.org.br\\\/site\\\/author\\\/marcio-miranda-pontes\\\/\"}]}<\/script>\n<!-- \/ Yoast SEO plugin. -->","yoast_head_json":{"title":"M\u00fasica para os beb\u00eas - SABRA - Sociedade Art\u00edstica Brasileira","description":"Ouvir m\u00fasica \u00e9 uma del\u00edcia a qualquer momento do dia. Voc\u00ea sabia que a m\u00fasica tamb\u00e9m faz muito bem para os beb\u00eas? Benef\u00edcios para os beb\u00eas!","robots":{"index":"index","follow":"follow","max-snippet":"max-snippet:-1","max-image-preview":"max-image-preview:large","max-video-preview":"max-video-preview:-1"},"canonical":"https:\/\/www.sabra.org.br\/site\/musica-para-bebes\/","og_locale":"pt_BR","og_type":"article","og_title":"M\u00fasica para os beb\u00eas - SABRA - Sociedade Art\u00edstica Brasileira","og_description":"Ouvir m\u00fasica \u00e9 uma del\u00edcia a qualquer momento do dia. Voc\u00ea sabia que a m\u00fasica tamb\u00e9m faz muito bem para os beb\u00eas? Benef\u00edcios para os beb\u00eas!","og_url":"https:\/\/www.sabra.org.br\/site\/musica-para-bebes\/","og_site_name":"SABRA - Sociedade Art\u00edstica Brasileira","article_publisher":"https:\/\/www.facebook.com\/sabrabrasil","article_published_time":"2019-10-04T20:48:06+00:00","article_modified_time":"2025-04-20T22:23:28+00:00","og_image":[{"width":1204,"height":642,"url":"https:\/\/www.sabra.org.br\/site\/wp-content\/uploads\/2019\/10\/x-beneficios-das-musicas-para-os-bebes-20171219145022.jpg.jpg","type":"image\/jpeg"}],"author":"M\u00e1rcio Miranda Pontes","twitter_card":"summary_large_image","twitter_creator":"@ContatoSabra","twitter_site":"@ContatoSabra","twitter_misc":{"Escrito por":"M\u00e1rcio Miranda Pontes","Est. tempo de leitura":"4 minutos"},"schema":{"@context":"https:\/\/schema.org","@graph":[{"@type":"Article","@id":"https:\/\/www.sabra.org.br\/site\/musica-para-bebes\/#article","isPartOf":{"@id":"https:\/\/www.sabra.org.br\/site\/musica-para-bebes\/"},"author":{"name":"M\u00e1rcio Miranda Pontes","@id":"https:\/\/www.sabra.org.br\/site\/#\/schema\/person\/7d1d222c3c8891d4c37c7b41bf6315c2"},"headline":"M\u00fasica para os beb\u00eas","datePublished":"2019-10-04T20:48:06+00:00","dateModified":"2025-04-20T22:23:28+00:00","mainEntityOfPage":{"@id":"https:\/\/www.sabra.org.br\/site\/musica-para-bebes\/"},"wordCount":694,"publisher":{"@id":"https:\/\/www.sabra.org.br\/site\/#organization"},"image":{"@id":"https:\/\/www.sabra.org.br\/site\/musica-para-bebes\/#primaryimage"},"thumbnailUrl":"https:\/\/www.sabra.org.br\/site\/wp-content\/uploads\/2019\/10\/x-beneficios-das-musicas-para-os-bebes-20171219145022.jpg.jpg","keywords":["Assist\u00eancia social","Canto Coral","Escola de M\u00fasica de Nova Lima","Escola de Musica SABRA","Musicaliza\u00e7\u00e3o Infantil","Orquestra Infanto Juvenil de Betim","Orquestra Sinf\u00f4nica de Betim","Sociedade Art\u00edstica Brasileira"],"articleSection":["Blog SABRA"],"inLanguage":"pt-BR"},{"@type":"WebPage","@id":"https:\/\/www.sabra.org.br\/site\/musica-para-bebes\/","url":"https:\/\/www.sabra.org.br\/site\/musica-para-bebes\/","name":"M\u00fasica para os beb\u00eas - SABRA - Sociedade Art\u00edstica Brasileira","isPartOf":{"@id":"https:\/\/www.sabra.org.br\/site\/#website"},"primaryImageOfPage":{"@id":"https:\/\/www.sabra.org.br\/site\/musica-para-bebes\/#primaryimage"},"image":{"@id":"https:\/\/www.sabra.org.br\/site\/musica-para-bebes\/#primaryimage"},"thumbnailUrl":"https:\/\/www.sabra.org.br\/site\/wp-content\/uploads\/2019\/10\/x-beneficios-das-musicas-para-os-bebes-20171219145022.jpg.jpg","datePublished":"2019-10-04T20:48:06+00:00","dateModified":"2025-04-20T22:23:28+00:00","description":"Ouvir m\u00fasica \u00e9 uma del\u00edcia a qualquer momento do dia. Voc\u00ea sabia que a m\u00fasica tamb\u00e9m faz muito bem para os beb\u00eas? Benef\u00edcios para os beb\u00eas!","breadcrumb":{"@id":"https:\/\/www.sabra.org.br\/site\/musica-para-bebes\/#breadcrumb"},"inLanguage":"pt-BR","potentialAction":[{"@type":"ReadAction","target":["https:\/\/www.sabra.org.br\/site\/musica-para-bebes\/"]}]},{"@type":"ImageObject","inLanguage":"pt-BR","@id":"https:\/\/www.sabra.org.br\/site\/musica-para-bebes\/#primaryimage","url":"https:\/\/www.sabra.org.br\/site\/wp-content\/uploads\/2019\/10\/x-beneficios-das-musicas-para-os-bebes-20171219145022.jpg.jpg","contentUrl":"https:\/\/www.sabra.org.br\/site\/wp-content\/uploads\/2019\/10\/x-beneficios-das-musicas-para-os-bebes-20171219145022.jpg.jpg","width":1204,"height":642,"caption":"Sociedade Art\u00edstica Brasileira SABRA"},{"@type":"BreadcrumbList","@id":"https:\/\/www.sabra.org.br\/site\/musica-para-bebes\/#breadcrumb","itemListElement":[{"@type":"ListItem","position":1,"name":"In\u00edcio","item":"https:\/\/www.sabra.org.br\/site\/"},{"@type":"ListItem","position":2,"name":"M\u00fasica para os beb\u00eas"}]},{"@type":"WebSite","@id":"https:\/\/www.sabra.org.br\/site\/#website","url":"https:\/\/www.sabra.org.br\/site\/","name":"SABRA - Sociedade Art\u00edstica Brasileira","description":"Escola de M\u00fasica, Orquestra Sinf\u00f4nica, Coral e Patrim\u00f4nio Cultural e Hist\u00f3rico","publisher":{"@id":"https:\/\/www.sabra.org.br\/site\/#organization"},"potentialAction":[{"@type":"SearchAction","target":{"@type":"EntryPoint","urlTemplate":"https:\/\/www.sabra.org.br\/site\/?s={search_term_string}"},"query-input":{"@type":"PropertyValueSpecification","valueRequired":true,"valueName":"search_term_string"}}],"inLanguage":"pt-BR"},{"@type":"Organization","@id":"https:\/\/www.sabra.org.br\/site\/#organization","name":"SOCIEDADE ART\u00cdSTICA BRASILEIRA SABRA","alternateName":"SABRA","url":"https:\/\/www.sabra.org.br\/site\/","logo":{"@type":"ImageObject","inLanguage":"pt-BR","@id":"https:\/\/www.sabra.org.br\/site\/#\/schema\/logo\/image\/","url":"https:\/\/www.sabra.org.br\/site\/wp-content\/uploads\/2019\/06\/cropped-Logo_SABRA-Copia-1.webp","contentUrl":"https:\/\/www.sabra.org.br\/site\/wp-content\/uploads\/2019\/06\/cropped-Logo_SABRA-Copia-1.webp","width":400,"height":128,"caption":"SOCIEDADE ART\u00cdSTICA BRASILEIRA SABRA"},"image":{"@id":"https:\/\/www.sabra.org.br\/site\/#\/schema\/logo\/image\/"},"sameAs":["https:\/\/www.facebook.com\/sabrabrasil","https:\/\/x.com\/ContatoSabra","https:\/\/www.instagram.com\/sabrabrasil\/","https:\/\/www.linkedin.com\/company\/25002088\/","https:\/\/br.pinterest.com\/sociedadeartisticabrasileira\/","https:\/\/www.youtube.com\/c\/sabrabrasil"]},{"@type":"Person","@id":"https:\/\/www.sabra.org.br\/site\/#\/schema\/person\/7d1d222c3c8891d4c37c7b41bf6315c2","name":"M\u00e1rcio Miranda Pontes","image":{"@type":"ImageObject","inLanguage":"pt-BR","@id":"https:\/\/secure.gravatar.com\/avatar\/3b45f24496a7625a3a6c436688fbe20344faaeb2979658dc4a9921f984d7df9a?s=96&d=mm&r=g","url":"https:\/\/secure.gravatar.com\/avatar\/3b45f24496a7625a3a6c436688fbe20344faaeb2979658dc4a9921f984d7df9a?s=96&d=mm&r=g","contentUrl":"https:\/\/secure.gravatar.com\/avatar\/3b45f24496a7625a3a6c436688fbe20344faaeb2979658dc4a9921f984d7df9a?s=96&d=mm&r=g","caption":"M\u00e1rcio Miranda Pontes"},"sameAs":["http:\/\/www.sabra.org.br"],"url":"https:\/\/www.sabra.org.br\/site\/author\/marcio-miranda-pontes\/"}]}},"jetpack_featured_media_url":"https:\/\/www.sabra.org.br\/site\/wp-content\/uploads\/2019\/10\/x-beneficios-das-musicas-para-os-bebes-20171219145022.jpg.jpg","jetpack_shortlink":"https:\/\/wp.me\/p95j2Z-C8","jetpack-related-posts":[{"id":3692,"url":"https:\/\/www.sabra.org.br\/site\/criancas\/","url_meta":{"origin":2364,"position":0},"title":"Entenda como a m\u00fasica melhora o desenvolvimento das crian\u00e7as","author":"M\u00e1rcio Miranda Pontes","date":"18 de fevereiro de 2021","format":false,"excerpt":"Escola de Musica SABRA, Orquestra Sinf\u00f4nica de Betim, Sociedade Art\u00edstica Brasileira, Musicaliza\u00e7\u00e3o Infantil, Assistencia Social, Canto Coral, Orquestra Infanto Juvenil de Betim, Nova Lima","rel":"","context":"Em &quot;Blog SABRA&quot;","block_context":{"text":"Blog SABRA","link":"https:\/\/www.sabra.org.br\/site\/category\/blog-sabra\/"},"img":{"alt_text":"crian\u00e7as","src":"https:\/\/i0.wp.com\/www.sabra.org.br\/site\/wp-content\/uploads\/2021\/02\/entenda-como-a-musica-melhora-o-desenvolvimento-das-criancas-20210203092956.jpg.jpg?resize=350%2C200&ssl=1","width":350,"height":200,"srcset":"https:\/\/i0.wp.com\/www.sabra.org.br\/site\/wp-content\/uploads\/2021\/02\/entenda-como-a-musica-melhora-o-desenvolvimento-das-criancas-20210203092956.jpg.jpg?resize=350%2C200&ssl=1 1x, https:\/\/i0.wp.com\/www.sabra.org.br\/site\/wp-content\/uploads\/2021\/02\/entenda-como-a-musica-melhora-o-desenvolvimento-das-criancas-20210203092956.jpg.jpg?resize=525%2C300&ssl=1 1.5x, https:\/\/i0.wp.com\/www.sabra.org.br\/site\/wp-content\/uploads\/2021\/02\/entenda-como-a-musica-melhora-o-desenvolvimento-das-criancas-20210203092956.jpg.jpg?resize=700%2C400&ssl=1 2x"},"classes":[]},{"id":13202,"url":"https:\/\/www.sabra.org.br\/site\/a-contribuicao-da-educacao-musical-para-uma-educacao-de-qualidade\/","url_meta":{"origin":2364,"position":1},"title":"A contribui\u00e7\u00e3o da educa\u00e7\u00e3o musical para uma educa\u00e7\u00e3o de qualidade","author":"","date":"22 de agosto de 2025","format":false,"excerpt":"A educa\u00e7\u00e3o \u00e9 um dos pilares fundamentais para o desenvolvimento humano e social, e a educa\u00e7\u00e3o musical desempenha um papel crucial nesse contexto. A m\u00fasica, muitas vezes vista como uma forma de entretenimento, vai al\u00e9m disso quando incorporada ao ambiente educacional. A seguir exploraremos a contribui\u00e7\u00e3o da educa\u00e7\u00e3o musical para\u2026","rel":"","context":"Em &quot;Blog SABRA&quot;","block_context":{"text":"Blog SABRA","link":"https:\/\/www.sabra.org.br\/site\/category\/blog-sabra\/"},"img":{"alt_text":"","src":"","width":0,"height":0},"classes":[]},{"id":8374,"url":"https:\/\/www.sabra.org.br\/site\/memoria-musical-criancas\/","url_meta":{"origin":2364,"position":2},"title":"Como criar a mem\u00f3ria musical dos seus filhos?","author":"M\u00e1rcio Miranda Pontes","date":"7 de novembro de 2023","format":false,"excerpt":"Voc\u00ea sabe como criar a mem\u00f3ria musical dos seus filhos? Nesse post, mostramos como \u00e9 poss\u00edvel fazer isso de forma natural e harmonizada com a idade dos pequenos. Saiba mais aqui!","rel":"","context":"Em &quot;Blog SABRA&quot;","block_context":{"text":"Blog SABRA","link":"https:\/\/www.sabra.org.br\/site\/category\/blog-sabra\/"},"img":{"alt_text":"sabra-m\u00fasica-mem\u00f3ria-crian\u00e7a-desenvolver-musical-ajudar-habilidade-musicais-canto-atividade-concentra\u00e7\u00e3o-criatividade-instrumentos-ritmos","src":"https:\/\/i0.wp.com\/www.sabra.org.br\/site\/wp-content\/uploads\/2023\/11\/como-criar-a-memoria-musical-dos-seus-filhos-20221229103337.jpg-jpg.webp?resize=350%2C200&ssl=1","width":350,"height":200,"srcset":"https:\/\/i0.wp.com\/www.sabra.org.br\/site\/wp-content\/uploads\/2023\/11\/como-criar-a-memoria-musical-dos-seus-filhos-20221229103337.jpg-jpg.webp?resize=350%2C200&ssl=1 1x, https:\/\/i0.wp.com\/www.sabra.org.br\/site\/wp-content\/uploads\/2023\/11\/como-criar-a-memoria-musical-dos-seus-filhos-20221229103337.jpg-jpg.webp?resize=525%2C300&ssl=1 1.5x, https:\/\/i0.wp.com\/www.sabra.org.br\/site\/wp-content\/uploads\/2023\/11\/como-criar-a-memoria-musical-dos-seus-filhos-20221229103337.jpg-jpg.webp?resize=700%2C400&ssl=1 2x"},"classes":[]},{"id":2614,"url":"https:\/\/www.sabra.org.br\/site\/musica-criancas\/","url_meta":{"origin":2364,"position":3},"title":"M\u00fasica e crian\u00e7as","author":"M\u00e1rcio Miranda Pontes","date":"23 de mar\u00e7o de 2020","format":false,"excerpt":"A m\u00fasica e sua influ\u00eancia na educa\u00e7\u00e3o infantil: entenda os motivos que tornam a linguagem musical um fator extremamente importante para o aprendizado das crian\u00e7as e quais s\u00e3o seus benef\u00edcios.","rel":"","context":"Em &quot;Blog SABRA&quot;","block_context":{"text":"Blog SABRA","link":"https:\/\/www.sabra.org.br\/site\/category\/blog-sabra\/"},"img":{"alt_text":"musica-crianca","src":"https:\/\/i0.wp.com\/www.sabra.org.br\/site\/wp-content\/uploads\/2020\/03\/uso-da-musica-para-auxiliar-o-aprendizado-de-criancas-20200110125630.jpg.jpg?resize=350%2C200&ssl=1","width":350,"height":200,"srcset":"https:\/\/i0.wp.com\/www.sabra.org.br\/site\/wp-content\/uploads\/2020\/03\/uso-da-musica-para-auxiliar-o-aprendizado-de-criancas-20200110125630.jpg.jpg?resize=350%2C200&ssl=1 1x, https:\/\/i0.wp.com\/www.sabra.org.br\/site\/wp-content\/uploads\/2020\/03\/uso-da-musica-para-auxiliar-o-aprendizado-de-criancas-20200110125630.jpg.jpg?resize=525%2C300&ssl=1 1.5x, https:\/\/i0.wp.com\/www.sabra.org.br\/site\/wp-content\/uploads\/2020\/03\/uso-da-musica-para-auxiliar-o-aprendizado-de-criancas-20200110125630.jpg.jpg?resize=700%2C400&ssl=1 2x"},"classes":[]},{"id":9886,"url":"https:\/\/www.sabra.org.br\/site\/criancas-expressao-corporal\/","url_meta":{"origin":2364,"position":4},"title":"Como a express\u00e3o corporal pode ser aplicada no dia a dia das crian\u00e7as?","author":"M\u00e1rcio Miranda Pontes","date":"19 de julho de 2024","format":false,"excerpt":"Descubra a import\u00e2ncia da express\u00e3o corporal na inf\u00e2ncia. Saiba como gestos e movimentos podem auxiliar no desenvolvimento das crian\u00e7as.","rel":"","context":"Em &quot;Blog SABRA&quot;","block_context":{"text":"Blog SABRA","link":"https:\/\/www.sabra.org.br\/site\/category\/blog-sabra\/"},"img":{"alt_text":"sabra-m\u00fasica-crian\u00e7as-express\u00e3o-corporal-empresa","src":"https:\/\/i0.wp.com\/www.sabra.org.br\/site\/wp-content\/uploads\/2024\/07\/como-a-expressao-corporal-pode-ser-aplicada-no-dia-a-dia-das-criancas-20190114103708.jpg-jpg.webp?resize=350%2C200&ssl=1","width":350,"height":200,"srcset":"https:\/\/i0.wp.com\/www.sabra.org.br\/site\/wp-content\/uploads\/2024\/07\/como-a-expressao-corporal-pode-ser-aplicada-no-dia-a-dia-das-criancas-20190114103708.jpg-jpg.webp?resize=350%2C200&ssl=1 1x, https:\/\/i0.wp.com\/www.sabra.org.br\/site\/wp-content\/uploads\/2024\/07\/como-a-expressao-corporal-pode-ser-aplicada-no-dia-a-dia-das-criancas-20190114103708.jpg-jpg.webp?resize=525%2C300&ssl=1 1.5x, https:\/\/i0.wp.com\/www.sabra.org.br\/site\/wp-content\/uploads\/2024\/07\/como-a-expressao-corporal-pode-ser-aplicada-no-dia-a-dia-das-criancas-20190114103708.jpg-jpg.webp?resize=700%2C400&ssl=1 2x"},"classes":[]},{"id":1525,"url":"https:\/\/www.sabra.org.br\/site\/o-que-voce-precisa-saber-sobre-a-funcao-didatico-pedagogica-da-linguagem-musical\/","url_meta":{"origin":2364,"position":5},"title":"Fun\u00e7\u00e3o did\u00e1tico-pedag\u00f3gica da linguagem musical?","author":"M\u00e1rcio Miranda Pontes","date":"19 de setembro de 2018","format":false,"excerpt":"O que voc\u00ea precisa saber sobre a fun\u00e7\u00e3o did\u00e1tico-pedag\u00f3gica da linguagem musical? Diz-se que a m\u00fasica \u00e9 a linguagem universal da humanidade. A l\u00f3gica envolvida nesta frase \u00e9 a de que o poder comunicacional da m\u00fasica ultrapassa as barreiras culturais, religiosas, pol\u00edticas e sociais, criando uma liga\u00e7\u00e3o forte entre os\u2026","rel":"","context":"Em &quot;Blog SABRA&quot;","block_context":{"text":"Blog SABRA","link":"https:\/\/www.sabra.org.br\/site\/category\/blog-sabra\/"},"img":{"alt_text":"linguagem-musical-m\u00fasica-desenvolvimento-estudos-processos-conhecem-did\u00e1tico-pedag\u00f3gica-sociais","src":"https:\/\/i0.wp.com\/www.sabra.org.br\/site\/wp-content\/uploads\/2018\/09\/o-que-voce-precisa-saber-sobre-a-funcao-didatico-pedagogica-da-linguagem-musical-20180702161300.jpg.jpg?resize=350%2C200&ssl=1","width":350,"height":200,"srcset":"https:\/\/i0.wp.com\/www.sabra.org.br\/site\/wp-content\/uploads\/2018\/09\/o-que-voce-precisa-saber-sobre-a-funcao-didatico-pedagogica-da-linguagem-musical-20180702161300.jpg.jpg?resize=350%2C200&ssl=1 1x, https:\/\/i0.wp.com\/www.sabra.org.br\/site\/wp-content\/uploads\/2018\/09\/o-que-voce-precisa-saber-sobre-a-funcao-didatico-pedagogica-da-linguagem-musical-20180702161300.jpg.jpg?resize=525%2C300&ssl=1 1.5x, https:\/\/i0.wp.com\/www.sabra.org.br\/site\/wp-content\/uploads\/2018\/09\/o-que-voce-precisa-saber-sobre-a-funcao-didatico-pedagogica-da-linguagem-musical-20180702161300.jpg.jpg?resize=700%2C400&ssl=1 2x, https:\/\/i0.wp.com\/www.sabra.org.br\/site\/wp-content\/uploads\/2018\/09\/o-que-voce-precisa-saber-sobre-a-funcao-didatico-pedagogica-da-linguagem-musical-20180702161300.jpg.jpg?resize=1050%2C600&ssl=1 3x, https:\/\/i0.wp.com\/www.sabra.org.br\/site\/wp-content\/uploads\/2018\/09\/o-que-voce-precisa-saber-sobre-a-funcao-didatico-pedagogica-da-linguagem-musical-20180702161300.jpg.jpg?resize=1400%2C800&ssl=1 4x"},"classes":[]}],"jetpack_likes_enabled":true,"jetpack_sharing_enabled":true,"_links":{"self":[{"href":"https:\/\/www.sabra.org.br\/site\/wp-json\/wp\/v2\/posts\/2364","targetHints":{"allow":["GET"]}}],"collection":[{"href":"https:\/\/www.sabra.org.br\/site\/wp-json\/wp\/v2\/posts"}],"about":[{"href":"https:\/\/www.sabra.org.br\/site\/wp-json\/wp\/v2\/types\/post"}],"author":[{"embeddable":true,"href":"https:\/\/www.sabra.org.br\/site\/wp-json\/wp\/v2\/users\/39"}],"replies":[{"embeddable":true,"href":"https:\/\/www.sabra.org.br\/site\/wp-json\/wp\/v2\/comments?post=2364"}],"version-history":[{"count":0,"href":"https:\/\/www.sabra.org.br\/site\/wp-json\/wp\/v2\/posts\/2364\/revisions"}],"wp:featuredmedia":[{"embeddable":true,"href":"https:\/\/www.sabra.org.br\/site\/wp-json\/wp\/v2\/media\/2366"}],"wp:attachment":[{"href":"https:\/\/www.sabra.org.br\/site\/wp-json\/wp\/v2\/media?parent=2364"}],"wp:term":[{"taxonomy":"category","embeddable":true,"href":"https:\/\/www.sabra.org.br\/site\/wp-json\/wp\/v2\/categories?post=2364"},{"taxonomy":"post_tag","embeddable":true,"href":"https:\/\/www.sabra.org.br\/site\/wp-json\/wp\/v2\/tags?post=2364"}],"curies":[{"name":"wp","href":"https:\/\/api.w.org\/{rel}","templated":true}]}}