{"id":2381,"date":"2019-10-18T14:05:37","date_gmt":"2019-10-18T17:05:37","guid":{"rendered":"https:\/\/www.sabra.org.br\/site\/?p=2381"},"modified":"2025-04-20T19:23:28","modified_gmt":"2025-04-20T22:23:28","slug":"sitio-da-sabra-disponivel-em-libras-surdas","status":"publish","type":"post","link":"https:\/\/www.sabra.org.br\/site\/sitio-da-sabra-disponivel-em-libras-surdas\/","title":{"rendered":"LIBRAS dispon\u00edvel na SABRA"},"content":{"rendered":"<h2>Pessoas surdas<\/h2>\n<p>Os surdos enfrentam bastante dificuldade para ler, escrever e se comunicar na l\u00edngua oral do seu pa\u00eds. Dessa forma, para tentar reduzir esses problemas, a SABRA instalou uma ferramenta computacional que traduz conte\u00fados do Portugu\u00eas Brasileiro para a L\u00edngua Brasileira de Sinais (LIBRAS). Assim, nosso website torna-se acess\u00edvel a pessoas surdas.<\/p>\n<h2>V Libras<\/h2>\n<p>O V Libras Widget disponibilizado no s\u00edtio da SABRA na Internet \u00e9 um recurso de acessibilidade desenvolvido para tornar p\u00e1ginas web acess\u00edveis para pessoas surdas. Com a tradu\u00e7\u00e3o autom\u00e1tica de Portugu\u00eas Brasileiro para a L\u00edngua Brasileira de Sinais (LIBRAS), essa ferramenta permite que usu\u00e1rios surdos sejam capazes de consumir conte\u00fados de texto em qualquer website.<\/p>\n<h2>Concertos did\u00e1ticos para pessoas surdas<\/h2>\n<p>Esta iniciativa complementa os <a href=\"https:\/\/www.sabra.org.br\/site\/sabra-e-orquestra-sinfonica-de-betim-promovem-concerto-didatico-para-surdos\/\" target=\"_blank\" rel=\"noopener noreferrer\">concertos did\u00e1ticos para alunos surdos<\/a> da rede municipal de ensino de Betim. Al\u00e9m do est\u00edmulo visual, os alunos ainda s\u00e3o capazes de captar a execu\u00e7\u00e3o das obras pela vibra\u00e7\u00e3o que os instrumentos provocam em seus corpos e nos objetos \u2013 como cadeiras, cadernos, ch\u00e3o, entre outros. Para estimular esse aspecto sensorial, os concertos s\u00e3o realizado na sala de ensaios da Orquestra, que \u00e9 menor que um teatro e potencializa a vibra\u00e7\u00e3o do som.<\/p>\n<p>As iniciativas fazem parte das a\u00e7\u00f5es da SABRA para promover a inclus\u00e3o social, bem como a acessibilidade e a democratiza\u00e7\u00e3o do acesso \u00e0 m\u00fasica.\u00a0 S\u00e3o bens culturais de elevado valor e que muitas vezes n\u00e3o est\u00e1 ao alcance da popula\u00e7\u00e3o, principalmente para os surdos.<\/p>\n<h2>Se voc\u00ea gostou deste post:<\/h2>\n<p>&#8211; siga as nossas p\u00e1ginas nas redes sociais para acompanhar as nossas atualiza\u00e7\u00f5es: estamos no <a href=\"https:\/\/www.facebook.com\/sabrabrasil\" target=\"_blank\" rel=\"noopener noreferrer\">Facebook<\/a>, no <a href=\"https:\/\/www.instagram.com\/sabrabrasil\/\" target=\"_blank\" rel=\"noopener noreferrer\">Instagram<\/a>, no <a href=\"https:\/\/www.linkedin.com\/company\/25002088\" target=\"_blank\" rel=\"noopener noreferrer\">LinkedIn<\/a>, no <a href=\"https:\/\/twitter.com\/ContatoSabra\" target=\"_blank\" rel=\"noopener noreferrer\">Twitter<\/a> e no <a href=\"https:\/\/www.youtube.com\/channel\/UCJw-kbuEvzUNdeQf20Pa-eQ\" target=\"_blank\" rel=\"noopener noreferrer\">YouTube<\/a>!<\/p>\n<p>&#8211; Conhe\u00e7a o trabalho da Sociedade Art\u00edstica Brasileira (SABRA) e todas as iniciativas culturais e sociais que ela mant\u00e9m. <a href=\"https:\/\/www.sabra.org.br\/site\/acoes\/\" target=\"_blank\" rel=\"noopener noreferrer\">Acesse nosso site!<\/a><\/p>\n<p>&#8211; entre em contato com a gente. E veja quais s\u00e3o as op\u00e7\u00f5es de ajuda na manuten\u00e7\u00e3o de nossas a\u00e7\u00f5es sociais e culturais. Basta acessar nossa p\u00e1gina <a href=\"https:\/\/www.sabra.org.br\/site\/doe-agora\/\" target=\"_blank\" rel=\"noopener noreferrer\">Doe Agora!<\/a><\/p>\n<p>&#8211; Compartilhe este texto nas suas redes sociais e ajude os seus amigos a tamb\u00e9m dominarem o assunto!<\/p>\n","protected":false},"excerpt":{"rendered":"<p>O VLibras Widget disponibilizado no s\u00edtio da SABRA na Internet \u00e9 um recurso de acessibilidade desenvolvido para tornar p\u00e1ginas web acess\u00edveis para pessoas surdas.<br \/>\nConhe\u00e7a a novidade!<br \/>\nwww.sabra.org.br<\/p>\n","protected":false},"author":39,"featured_media":2382,"comment_status":"open","ping_status":"open","sticky":false,"template":"","format":"standard","meta":{"jetpack_post_was_ever_published":false,"_jetpack_newsletter_access":"","_jetpack_dont_email_post_to_subs":false,"_jetpack_newsletter_tier_id":0,"_jetpack_memberships_contains_paywalled_content":false,"_jetpack_memberships_contains_paid_content":false,"footnotes":""},"categories":[4],"tags":[15,8,1846,1285,16,1286,11,9],"class_list":["post-2381","post","type-post","status-publish","format-standard","has-post-thumbnail","hentry","category-noticias","tag-assistencia-social","tag-canto-coral","tag-escola-de-musica-de-nova-lima","tag-escola-de-musica-sabra","tag-musicalizacao-infantil","tag-orquestra-infanto-juvenil-de-betim","tag-orquestra-sinfonica-de-betim","tag-sociedade-artistica-brasileira"],"yoast_head":"<!-- This site is optimized with the Yoast SEO plugin v27.4 - https:\/\/yoast.com\/product\/yoast-seo-wordpress\/ -->\n<title>LIBRAS dispon\u00edvel na SABRA - SABRA - Sociedade Art\u00edstica Brasileira<\/title>\n<meta name=\"description\" content=\"O V Libras disponibilizado no s\u00edtio da SABRA na Internet \u00e9 um recurso de acessibilidade desenvolvido para tornar p\u00e1ginas web acess\u00edveis para pessoas surdas.\" \/>\n<meta name=\"robots\" content=\"index, follow, max-snippet:-1, max-image-preview:large, max-video-preview:-1\" \/>\n<link rel=\"canonical\" href=\"https:\/\/www.sabra.org.br\/site\/sitio-da-sabra-disponivel-em-libras-surdas\/\" \/>\n<meta property=\"og:locale\" content=\"pt_BR\" \/>\n<meta property=\"og:type\" content=\"article\" \/>\n<meta property=\"og:title\" content=\"LIBRAS dispon\u00edvel na SABRA - SABRA - Sociedade Art\u00edstica Brasileira\" \/>\n<meta property=\"og:description\" content=\"O V Libras disponibilizado no s\u00edtio da SABRA na Internet \u00e9 um recurso de acessibilidade desenvolvido para tornar p\u00e1ginas web acess\u00edveis para pessoas surdas.\" \/>\n<meta property=\"og:url\" content=\"https:\/\/www.sabra.org.br\/site\/sitio-da-sabra-disponivel-em-libras-surdas\/\" \/>\n<meta property=\"og:site_name\" content=\"SABRA - Sociedade Art\u00edstica Brasileira\" \/>\n<meta property=\"article:publisher\" content=\"https:\/\/www.facebook.com\/sabrabrasil\" \/>\n<meta property=\"article:published_time\" content=\"2019-10-18T17:05:37+00:00\" \/>\n<meta property=\"article:modified_time\" content=\"2025-04-20T22:23:28+00:00\" \/>\n<meta property=\"og:image\" content=\"https:\/\/www.sabra.org.br\/site\/wp-content\/uploads\/2019\/10\/SABRA-LIBRAS.jpg\" \/>\n\t<meta property=\"og:image:width\" content=\"1185\" \/>\n\t<meta property=\"og:image:height\" content=\"625\" \/>\n\t<meta property=\"og:image:type\" content=\"image\/jpeg\" \/>\n<meta name=\"author\" content=\"M\u00e1rcio Miranda Pontes\" \/>\n<meta name=\"twitter:card\" content=\"summary_large_image\" \/>\n<meta name=\"twitter:creator\" content=\"@ContatoSabra\" \/>\n<meta name=\"twitter:site\" content=\"@ContatoSabra\" \/>\n<meta name=\"twitter:label1\" content=\"Escrito por\" \/>\n\t<meta name=\"twitter:data1\" content=\"M\u00e1rcio Miranda Pontes\" \/>\n\t<meta name=\"twitter:label2\" content=\"Est. tempo de leitura\" \/>\n\t<meta name=\"twitter:data2\" content=\"2 minutos\" \/>\n<script type=\"application\/ld+json\" class=\"yoast-schema-graph\">{\"@context\":\"https:\\\/\\\/schema.org\",\"@graph\":[{\"@type\":\"Article\",\"@id\":\"https:\\\/\\\/www.sabra.org.br\\\/site\\\/sitio-da-sabra-disponivel-em-libras-surdas\\\/#article\",\"isPartOf\":{\"@id\":\"https:\\\/\\\/www.sabra.org.br\\\/site\\\/sitio-da-sabra-disponivel-em-libras-surdas\\\/\"},\"author\":{\"name\":\"M\u00e1rcio Miranda Pontes\",\"@id\":\"https:\\\/\\\/www.sabra.org.br\\\/site\\\/#\\\/schema\\\/person\\\/7d1d222c3c8891d4c37c7b41bf6315c2\"},\"headline\":\"LIBRAS dispon\u00edvel na SABRA\",\"datePublished\":\"2019-10-18T17:05:37+00:00\",\"dateModified\":\"2025-04-20T22:23:28+00:00\",\"mainEntityOfPage\":{\"@id\":\"https:\\\/\\\/www.sabra.org.br\\\/site\\\/sitio-da-sabra-disponivel-em-libras-surdas\\\/\"},\"wordCount\":379,\"commentCount\":0,\"publisher\":{\"@id\":\"https:\\\/\\\/www.sabra.org.br\\\/site\\\/#organization\"},\"image\":{\"@id\":\"https:\\\/\\\/www.sabra.org.br\\\/site\\\/sitio-da-sabra-disponivel-em-libras-surdas\\\/#primaryimage\"},\"thumbnailUrl\":\"https:\\\/\\\/www.sabra.org.br\\\/site\\\/wp-content\\\/uploads\\\/2019\\\/10\\\/SABRA-LIBRAS.jpg\",\"keywords\":[\"Assist\u00eancia social\",\"Canto Coral\",\"Escola de M\u00fasica de Nova Lima\",\"Escola de Musica SABRA\",\"Musicaliza\u00e7\u00e3o Infantil\",\"Orquestra Infanto Juvenil de Betim\",\"Orquestra Sinf\u00f4nica de Betim\",\"Sociedade Art\u00edstica Brasileira\"],\"articleSection\":[\"Not\u00edcias\"],\"inLanguage\":\"pt-BR\",\"potentialAction\":[{\"@type\":\"CommentAction\",\"name\":\"Comment\",\"target\":[\"https:\\\/\\\/www.sabra.org.br\\\/site\\\/sitio-da-sabra-disponivel-em-libras-surdas\\\/#respond\"]}]},{\"@type\":\"WebPage\",\"@id\":\"https:\\\/\\\/www.sabra.org.br\\\/site\\\/sitio-da-sabra-disponivel-em-libras-surdas\\\/\",\"url\":\"https:\\\/\\\/www.sabra.org.br\\\/site\\\/sitio-da-sabra-disponivel-em-libras-surdas\\\/\",\"name\":\"LIBRAS dispon\u00edvel na SABRA - SABRA - Sociedade Art\u00edstica Brasileira\",\"isPartOf\":{\"@id\":\"https:\\\/\\\/www.sabra.org.br\\\/site\\\/#website\"},\"primaryImageOfPage\":{\"@id\":\"https:\\\/\\\/www.sabra.org.br\\\/site\\\/sitio-da-sabra-disponivel-em-libras-surdas\\\/#primaryimage\"},\"image\":{\"@id\":\"https:\\\/\\\/www.sabra.org.br\\\/site\\\/sitio-da-sabra-disponivel-em-libras-surdas\\\/#primaryimage\"},\"thumbnailUrl\":\"https:\\\/\\\/www.sabra.org.br\\\/site\\\/wp-content\\\/uploads\\\/2019\\\/10\\\/SABRA-LIBRAS.jpg\",\"datePublished\":\"2019-10-18T17:05:37+00:00\",\"dateModified\":\"2025-04-20T22:23:28+00:00\",\"description\":\"O V Libras disponibilizado no s\u00edtio da SABRA na Internet \u00e9 um recurso de acessibilidade desenvolvido para tornar p\u00e1ginas web acess\u00edveis para pessoas surdas.\",\"breadcrumb\":{\"@id\":\"https:\\\/\\\/www.sabra.org.br\\\/site\\\/sitio-da-sabra-disponivel-em-libras-surdas\\\/#breadcrumb\"},\"inLanguage\":\"pt-BR\",\"potentialAction\":[{\"@type\":\"ReadAction\",\"target\":[\"https:\\\/\\\/www.sabra.org.br\\\/site\\\/sitio-da-sabra-disponivel-em-libras-surdas\\\/\"]}]},{\"@type\":\"ImageObject\",\"inLanguage\":\"pt-BR\",\"@id\":\"https:\\\/\\\/www.sabra.org.br\\\/site\\\/sitio-da-sabra-disponivel-em-libras-surdas\\\/#primaryimage\",\"url\":\"https:\\\/\\\/www.sabra.org.br\\\/site\\\/wp-content\\\/uploads\\\/2019\\\/10\\\/SABRA-LIBRAS.jpg\",\"contentUrl\":\"https:\\\/\\\/www.sabra.org.br\\\/site\\\/wp-content\\\/uploads\\\/2019\\\/10\\\/SABRA-LIBRAS.jpg\",\"width\":1185,\"height\":625,\"caption\":\"Sociedade Art\u00edstica Brasileira\"},{\"@type\":\"BreadcrumbList\",\"@id\":\"https:\\\/\\\/www.sabra.org.br\\\/site\\\/sitio-da-sabra-disponivel-em-libras-surdas\\\/#breadcrumb\",\"itemListElement\":[{\"@type\":\"ListItem\",\"position\":1,\"name\":\"In\u00edcio\",\"item\":\"https:\\\/\\\/www.sabra.org.br\\\/site\\\/\"},{\"@type\":\"ListItem\",\"position\":2,\"name\":\"LIBRAS dispon\u00edvel na SABRA\"}]},{\"@type\":\"WebSite\",\"@id\":\"https:\\\/\\\/www.sabra.org.br\\\/site\\\/#website\",\"url\":\"https:\\\/\\\/www.sabra.org.br\\\/site\\\/\",\"name\":\"SABRA - Sociedade Art\u00edstica Brasileira\",\"description\":\"Escola de M\u00fasica, Orquestra Sinf\u00f4nica, Coral e Patrim\u00f4nio Cultural e Hist\u00f3rico\",\"publisher\":{\"@id\":\"https:\\\/\\\/www.sabra.org.br\\\/site\\\/#organization\"},\"potentialAction\":[{\"@type\":\"SearchAction\",\"target\":{\"@type\":\"EntryPoint\",\"urlTemplate\":\"https:\\\/\\\/www.sabra.org.br\\\/site\\\/?s={search_term_string}\"},\"query-input\":{\"@type\":\"PropertyValueSpecification\",\"valueRequired\":true,\"valueName\":\"search_term_string\"}}],\"inLanguage\":\"pt-BR\"},{\"@type\":\"Organization\",\"@id\":\"https:\\\/\\\/www.sabra.org.br\\\/site\\\/#organization\",\"name\":\"SOCIEDADE ART\u00cdSTICA BRASILEIRA SABRA\",\"alternateName\":\"SABRA\",\"url\":\"https:\\\/\\\/www.sabra.org.br\\\/site\\\/\",\"logo\":{\"@type\":\"ImageObject\",\"inLanguage\":\"pt-BR\",\"@id\":\"https:\\\/\\\/www.sabra.org.br\\\/site\\\/#\\\/schema\\\/logo\\\/image\\\/\",\"url\":\"https:\\\/\\\/www.sabra.org.br\\\/site\\\/wp-content\\\/uploads\\\/2019\\\/06\\\/cropped-Logo_SABRA-Copia-1.webp\",\"contentUrl\":\"https:\\\/\\\/www.sabra.org.br\\\/site\\\/wp-content\\\/uploads\\\/2019\\\/06\\\/cropped-Logo_SABRA-Copia-1.webp\",\"width\":400,\"height\":128,\"caption\":\"SOCIEDADE ART\u00cdSTICA BRASILEIRA SABRA\"},\"image\":{\"@id\":\"https:\\\/\\\/www.sabra.org.br\\\/site\\\/#\\\/schema\\\/logo\\\/image\\\/\"},\"sameAs\":[\"https:\\\/\\\/www.facebook.com\\\/sabrabrasil\",\"https:\\\/\\\/x.com\\\/ContatoSabra\",\"https:\\\/\\\/www.instagram.com\\\/sabrabrasil\\\/\",\"https:\\\/\\\/www.linkedin.com\\\/company\\\/25002088\\\/\",\"https:\\\/\\\/br.pinterest.com\\\/sociedadeartisticabrasileira\\\/\",\"https:\\\/\\\/www.youtube.com\\\/c\\\/sabrabrasil\"]},{\"@type\":\"Person\",\"@id\":\"https:\\\/\\\/www.sabra.org.br\\\/site\\\/#\\\/schema\\\/person\\\/7d1d222c3c8891d4c37c7b41bf6315c2\",\"name\":\"M\u00e1rcio Miranda Pontes\",\"image\":{\"@type\":\"ImageObject\",\"inLanguage\":\"pt-BR\",\"@id\":\"https:\\\/\\\/secure.gravatar.com\\\/avatar\\\/3b45f24496a7625a3a6c436688fbe20344faaeb2979658dc4a9921f984d7df9a?s=96&d=mm&r=g\",\"url\":\"https:\\\/\\\/secure.gravatar.com\\\/avatar\\\/3b45f24496a7625a3a6c436688fbe20344faaeb2979658dc4a9921f984d7df9a?s=96&d=mm&r=g\",\"contentUrl\":\"https:\\\/\\\/secure.gravatar.com\\\/avatar\\\/3b45f24496a7625a3a6c436688fbe20344faaeb2979658dc4a9921f984d7df9a?s=96&d=mm&r=g\",\"caption\":\"M\u00e1rcio Miranda Pontes\"},\"sameAs\":[\"http:\\\/\\\/www.sabra.org.br\"],\"url\":\"https:\\\/\\\/www.sabra.org.br\\\/site\\\/author\\\/marcio-miranda-pontes\\\/\"}]}<\/script>\n<!-- \/ Yoast SEO plugin. -->","yoast_head_json":{"title":"LIBRAS dispon\u00edvel na SABRA - SABRA - Sociedade Art\u00edstica Brasileira","description":"O V Libras disponibilizado no s\u00edtio da SABRA na Internet \u00e9 um recurso de acessibilidade desenvolvido para tornar p\u00e1ginas web acess\u00edveis para pessoas surdas.","robots":{"index":"index","follow":"follow","max-snippet":"max-snippet:-1","max-image-preview":"max-image-preview:large","max-video-preview":"max-video-preview:-1"},"canonical":"https:\/\/www.sabra.org.br\/site\/sitio-da-sabra-disponivel-em-libras-surdas\/","og_locale":"pt_BR","og_type":"article","og_title":"LIBRAS dispon\u00edvel na SABRA - SABRA - Sociedade Art\u00edstica Brasileira","og_description":"O V Libras disponibilizado no s\u00edtio da SABRA na Internet \u00e9 um recurso de acessibilidade desenvolvido para tornar p\u00e1ginas web acess\u00edveis para pessoas surdas.","og_url":"https:\/\/www.sabra.org.br\/site\/sitio-da-sabra-disponivel-em-libras-surdas\/","og_site_name":"SABRA - Sociedade Art\u00edstica Brasileira","article_publisher":"https:\/\/www.facebook.com\/sabrabrasil","article_published_time":"2019-10-18T17:05:37+00:00","article_modified_time":"2025-04-20T22:23:28+00:00","og_image":[{"width":1185,"height":625,"url":"https:\/\/www.sabra.org.br\/site\/wp-content\/uploads\/2019\/10\/SABRA-LIBRAS.jpg","type":"image\/jpeg"}],"author":"M\u00e1rcio Miranda Pontes","twitter_card":"summary_large_image","twitter_creator":"@ContatoSabra","twitter_site":"@ContatoSabra","twitter_misc":{"Escrito por":"M\u00e1rcio Miranda Pontes","Est. tempo de leitura":"2 minutos"},"schema":{"@context":"https:\/\/schema.org","@graph":[{"@type":"Article","@id":"https:\/\/www.sabra.org.br\/site\/sitio-da-sabra-disponivel-em-libras-surdas\/#article","isPartOf":{"@id":"https:\/\/www.sabra.org.br\/site\/sitio-da-sabra-disponivel-em-libras-surdas\/"},"author":{"name":"M\u00e1rcio Miranda Pontes","@id":"https:\/\/www.sabra.org.br\/site\/#\/schema\/person\/7d1d222c3c8891d4c37c7b41bf6315c2"},"headline":"LIBRAS dispon\u00edvel na SABRA","datePublished":"2019-10-18T17:05:37+00:00","dateModified":"2025-04-20T22:23:28+00:00","mainEntityOfPage":{"@id":"https:\/\/www.sabra.org.br\/site\/sitio-da-sabra-disponivel-em-libras-surdas\/"},"wordCount":379,"commentCount":0,"publisher":{"@id":"https:\/\/www.sabra.org.br\/site\/#organization"},"image":{"@id":"https:\/\/www.sabra.org.br\/site\/sitio-da-sabra-disponivel-em-libras-surdas\/#primaryimage"},"thumbnailUrl":"https:\/\/www.sabra.org.br\/site\/wp-content\/uploads\/2019\/10\/SABRA-LIBRAS.jpg","keywords":["Assist\u00eancia social","Canto Coral","Escola de M\u00fasica de Nova Lima","Escola de Musica SABRA","Musicaliza\u00e7\u00e3o Infantil","Orquestra Infanto Juvenil de Betim","Orquestra Sinf\u00f4nica de Betim","Sociedade Art\u00edstica Brasileira"],"articleSection":["Not\u00edcias"],"inLanguage":"pt-BR","potentialAction":[{"@type":"CommentAction","name":"Comment","target":["https:\/\/www.sabra.org.br\/site\/sitio-da-sabra-disponivel-em-libras-surdas\/#respond"]}]},{"@type":"WebPage","@id":"https:\/\/www.sabra.org.br\/site\/sitio-da-sabra-disponivel-em-libras-surdas\/","url":"https:\/\/www.sabra.org.br\/site\/sitio-da-sabra-disponivel-em-libras-surdas\/","name":"LIBRAS dispon\u00edvel na SABRA - SABRA - Sociedade Art\u00edstica Brasileira","isPartOf":{"@id":"https:\/\/www.sabra.org.br\/site\/#website"},"primaryImageOfPage":{"@id":"https:\/\/www.sabra.org.br\/site\/sitio-da-sabra-disponivel-em-libras-surdas\/#primaryimage"},"image":{"@id":"https:\/\/www.sabra.org.br\/site\/sitio-da-sabra-disponivel-em-libras-surdas\/#primaryimage"},"thumbnailUrl":"https:\/\/www.sabra.org.br\/site\/wp-content\/uploads\/2019\/10\/SABRA-LIBRAS.jpg","datePublished":"2019-10-18T17:05:37+00:00","dateModified":"2025-04-20T22:23:28+00:00","description":"O V Libras disponibilizado no s\u00edtio da SABRA na Internet \u00e9 um recurso de acessibilidade desenvolvido para tornar p\u00e1ginas web acess\u00edveis para pessoas surdas.","breadcrumb":{"@id":"https:\/\/www.sabra.org.br\/site\/sitio-da-sabra-disponivel-em-libras-surdas\/#breadcrumb"},"inLanguage":"pt-BR","potentialAction":[{"@type":"ReadAction","target":["https:\/\/www.sabra.org.br\/site\/sitio-da-sabra-disponivel-em-libras-surdas\/"]}]},{"@type":"ImageObject","inLanguage":"pt-BR","@id":"https:\/\/www.sabra.org.br\/site\/sitio-da-sabra-disponivel-em-libras-surdas\/#primaryimage","url":"https:\/\/www.sabra.org.br\/site\/wp-content\/uploads\/2019\/10\/SABRA-LIBRAS.jpg","contentUrl":"https:\/\/www.sabra.org.br\/site\/wp-content\/uploads\/2019\/10\/SABRA-LIBRAS.jpg","width":1185,"height":625,"caption":"Sociedade Art\u00edstica Brasileira"},{"@type":"BreadcrumbList","@id":"https:\/\/www.sabra.org.br\/site\/sitio-da-sabra-disponivel-em-libras-surdas\/#breadcrumb","itemListElement":[{"@type":"ListItem","position":1,"name":"In\u00edcio","item":"https:\/\/www.sabra.org.br\/site\/"},{"@type":"ListItem","position":2,"name":"LIBRAS dispon\u00edvel na SABRA"}]},{"@type":"WebSite","@id":"https:\/\/www.sabra.org.br\/site\/#website","url":"https:\/\/www.sabra.org.br\/site\/","name":"SABRA - Sociedade Art\u00edstica Brasileira","description":"Escola de M\u00fasica, Orquestra Sinf\u00f4nica, Coral e Patrim\u00f4nio Cultural e Hist\u00f3rico","publisher":{"@id":"https:\/\/www.sabra.org.br\/site\/#organization"},"potentialAction":[{"@type":"SearchAction","target":{"@type":"EntryPoint","urlTemplate":"https:\/\/www.sabra.org.br\/site\/?s={search_term_string}"},"query-input":{"@type":"PropertyValueSpecification","valueRequired":true,"valueName":"search_term_string"}}],"inLanguage":"pt-BR"},{"@type":"Organization","@id":"https:\/\/www.sabra.org.br\/site\/#organization","name":"SOCIEDADE ART\u00cdSTICA BRASILEIRA SABRA","alternateName":"SABRA","url":"https:\/\/www.sabra.org.br\/site\/","logo":{"@type":"ImageObject","inLanguage":"pt-BR","@id":"https:\/\/www.sabra.org.br\/site\/#\/schema\/logo\/image\/","url":"https:\/\/www.sabra.org.br\/site\/wp-content\/uploads\/2019\/06\/cropped-Logo_SABRA-Copia-1.webp","contentUrl":"https:\/\/www.sabra.org.br\/site\/wp-content\/uploads\/2019\/06\/cropped-Logo_SABRA-Copia-1.webp","width":400,"height":128,"caption":"SOCIEDADE ART\u00cdSTICA BRASILEIRA SABRA"},"image":{"@id":"https:\/\/www.sabra.org.br\/site\/#\/schema\/logo\/image\/"},"sameAs":["https:\/\/www.facebook.com\/sabrabrasil","https:\/\/x.com\/ContatoSabra","https:\/\/www.instagram.com\/sabrabrasil\/","https:\/\/www.linkedin.com\/company\/25002088\/","https:\/\/br.pinterest.com\/sociedadeartisticabrasileira\/","https:\/\/www.youtube.com\/c\/sabrabrasil"]},{"@type":"Person","@id":"https:\/\/www.sabra.org.br\/site\/#\/schema\/person\/7d1d222c3c8891d4c37c7b41bf6315c2","name":"M\u00e1rcio Miranda Pontes","image":{"@type":"ImageObject","inLanguage":"pt-BR","@id":"https:\/\/secure.gravatar.com\/avatar\/3b45f24496a7625a3a6c436688fbe20344faaeb2979658dc4a9921f984d7df9a?s=96&d=mm&r=g","url":"https:\/\/secure.gravatar.com\/avatar\/3b45f24496a7625a3a6c436688fbe20344faaeb2979658dc4a9921f984d7df9a?s=96&d=mm&r=g","contentUrl":"https:\/\/secure.gravatar.com\/avatar\/3b45f24496a7625a3a6c436688fbe20344faaeb2979658dc4a9921f984d7df9a?s=96&d=mm&r=g","caption":"M\u00e1rcio Miranda Pontes"},"sameAs":["http:\/\/www.sabra.org.br"],"url":"https:\/\/www.sabra.org.br\/site\/author\/marcio-miranda-pontes\/"}]}},"jetpack_featured_media_url":"https:\/\/www.sabra.org.br\/site\/wp-content\/uploads\/2019\/10\/SABRA-LIBRAS.jpg","jetpack_shortlink":"https:\/\/wp.me\/p95j2Z-Cp","jetpack-related-posts":[{"id":13181,"url":"https:\/\/www.sabra.org.br\/site\/saiba-como-voce-pode-contribuir-com-a-inclusao-de-pessoas-surdas\/","url_meta":{"origin":2381,"position":0},"title":"Saiba como voc\u00ea pode contribuir com a inclus\u00e3o de pessoas surdas","author":"","date":"22 de agosto de 2025","format":false,"excerpt":"Para falar da inclus\u00e3o de pessoas surdas as primeiras palavras fundamentais s\u00e3o L\u00edngua Brasileira de Sinais (LIBRAS). Sim, se voc\u00ea deseja contribuir com a inclus\u00e3o de pessoas surdas, o primeiro passo \u00e9 aprender a l\u00edngua brasileira de sinais, que \u00e9 a l\u00edngua deles. S\u00f3 assim voc\u00ea conseguir\u00e1 se comunicar com\u2026","rel":"","context":"Em &quot;Blog SABRA&quot;","block_context":{"text":"Blog SABRA","link":"https:\/\/www.sabra.org.br\/site\/category\/blog-sabra\/"},"img":{"alt_text":"","src":"","width":0,"height":0},"classes":[]},{"id":13932,"url":"https:\/\/www.sabra.org.br\/site\/coral-libras\/","url_meta":{"origin":2381,"position":1},"title":"Inclus\u00e3o e acessibilidade: a experi\u00eancia do Coral de Libras da SABRA","author":"M\u00e1rcio Miranda Pontes","date":"8 de junho de 2025","format":false,"excerpt":"Descubra como o Coral de Libras da SABRA promove inclus\u00e3o e acessibilidade atrav\u00e9s da arte e da comunica\u00e7\u00e3o visual.","rel":"","context":"Em &quot;Blog SABRA&quot;","block_context":{"text":"Blog SABRA","link":"https:\/\/www.sabra.org.br\/site\/category\/blog-sabra\/"},"img":{"alt_text":"coral-libra-sabra-comunica\u00e7\u00e3o-visual-acess\u00edvel-inclus\u00e3o-social-art\u00edstica-apresenta\u00e7\u00e3o-cultural-impacto-m\u00fasicas-pessoas-promove-p\u00fablico-surdas-transforma-culturais-acessibilidade","src":"https:\/\/i0.wp.com\/www.sabra.org.br\/site\/wp-content\/uploads\/2025\/06\/Inclusao-e-acessibilidade-a-experiencia-do-Coral-de-Libras-da-SABRA.jpg?resize=350%2C200&ssl=1","width":350,"height":200,"srcset":"https:\/\/i0.wp.com\/www.sabra.org.br\/site\/wp-content\/uploads\/2025\/06\/Inclusao-e-acessibilidade-a-experiencia-do-Coral-de-Libras-da-SABRA.jpg?resize=350%2C200&ssl=1 1x, https:\/\/i0.wp.com\/www.sabra.org.br\/site\/wp-content\/uploads\/2025\/06\/Inclusao-e-acessibilidade-a-experiencia-do-Coral-de-Libras-da-SABRA.jpg?resize=525%2C300&ssl=1 1.5x, https:\/\/i0.wp.com\/www.sabra.org.br\/site\/wp-content\/uploads\/2025\/06\/Inclusao-e-acessibilidade-a-experiencia-do-Coral-de-Libras-da-SABRA.jpg?resize=700%2C400&ssl=1 2x"},"classes":[]},{"id":6779,"url":"https:\/\/www.sabra.org.br\/site\/coraladulto2023\/","url_meta":{"origin":2381,"position":2},"title":"Vagas para Coral Adulto","author":"M\u00e1rcio Miranda Pontes","date":"21 de mar\u00e7o de 2023","format":false,"excerpt":"A Sociedade Art\u00edstica Brasileira (SABRA) est\u00e1 com inscri\u00e7\u00f5es abertas para seu curso de Coral Adulto. Para participar \u00e9 preciso ter 18 anos ou mais e comprovar resid\u00eancia em Minas Gerais. O edital prev\u00ea 42 vagas para trainee (para cantores amadores), oito vagas para surdos com conhecimento de Libras e oito\u2026","rel":"","context":"Em &quot;Not\u00edcias&quot;","block_context":{"text":"Not\u00edcias","link":"https:\/\/www.sabra.org.br\/site\/category\/noticias\/"},"img":{"alt_text":"coral-adulto-sabra-escola-m\u00fasica","src":"https:\/\/i0.wp.com\/www.sabra.org.br\/site\/wp-content\/uploads\/2023\/03\/Coral-Adulto-3.jpg?resize=350%2C200&ssl=1","width":350,"height":200,"srcset":"https:\/\/i0.wp.com\/www.sabra.org.br\/site\/wp-content\/uploads\/2023\/03\/Coral-Adulto-3.jpg?resize=350%2C200&ssl=1 1x, https:\/\/i0.wp.com\/www.sabra.org.br\/site\/wp-content\/uploads\/2023\/03\/Coral-Adulto-3.jpg?resize=525%2C300&ssl=1 1.5x, https:\/\/i0.wp.com\/www.sabra.org.br\/site\/wp-content\/uploads\/2023\/03\/Coral-Adulto-3.jpg?resize=700%2C400&ssl=1 2x"},"classes":[]},{"id":13244,"url":"https:\/\/www.sabra.org.br\/site\/lingua-de-sinais-e-musica-uma-melhor-inclusao-de-pessoas-com-deficiencia-auditiva\/","url_meta":{"origin":2381,"position":3},"title":"L\u00edngua de sinais e m\u00fasica: uma melhor inclus\u00e3o de pessoas com defici\u00eancia auditiva","author":"","date":"22 de agosto de 2025","format":false,"excerpt":"A m\u00fasica \u00e9 uma forma de express\u00e3o que transcende barreiras culturais e lingu\u00edsticas. Ela tem o poder de nos conectar emocionalmente e nos mover de maneiras profundas. No entanto, para pessoas com defici\u00eancia auditiva, essa conex\u00e3o muitas vezes \u00e9 inacess\u00edvel devido \u00e0 falta de compreens\u00e3o da m\u00fasica convencional. \u00c9 a\u00ed\u2026","rel":"","context":"Em &quot;Blog SABRA&quot;","block_context":{"text":"Blog SABRA","link":"https:\/\/www.sabra.org.br\/site\/category\/blog-sabra\/"},"img":{"alt_text":"","src":"","width":0,"height":0},"classes":[]},{"id":4216,"url":"https:\/\/www.sabra.org.br\/site\/dia-dos-surdos\/","url_meta":{"origin":2381,"position":4},"title":"Dia dos surdos","author":"M\u00e1rcio Miranda Pontes","date":"27 de setembro de 2021","format":false,"excerpt":"Dia dos surdos Para celebrar o Dia dos Surdos, alunos da musicaliza\u00e7\u00e3o infantil e alunos surdos da Escola Municipal Raul Saraiva Ribeiro fizeram a interpreta\u00e7\u00e3o dessa linda m\u00fasica. Patroci\u0301nio m\u00e1ster: @institutounimedbh, viabilizado pelo incentivo de mais de 5,2 mil m\u00e9dicos cooperados e colaboradores via Lei de Incentivo \u00e0 Cultura -\u2026","rel":"","context":"Em &quot;Not\u00edcias&quot;","block_context":{"text":"Not\u00edcias","link":"https:\/\/www.sabra.org.br\/site\/category\/noticias\/"},"img":{"alt_text":"surdos-libras","src":"https:\/\/i0.wp.com\/www.sabra.org.br\/site\/wp-content\/uploads\/2021\/09\/surdos.jpg?resize=350%2C200&ssl=1","width":350,"height":200,"srcset":"https:\/\/i0.wp.com\/www.sabra.org.br\/site\/wp-content\/uploads\/2021\/09\/surdos.jpg?resize=350%2C200&ssl=1 1x, https:\/\/i0.wp.com\/www.sabra.org.br\/site\/wp-content\/uploads\/2021\/09\/surdos.jpg?resize=525%2C300&ssl=1 1.5x, https:\/\/i0.wp.com\/www.sabra.org.br\/site\/wp-content\/uploads\/2021\/09\/surdos.jpg?resize=700%2C400&ssl=1 2x, https:\/\/i0.wp.com\/www.sabra.org.br\/site\/wp-content\/uploads\/2021\/09\/surdos.jpg?resize=1050%2C600&ssl=1 3x, https:\/\/i0.wp.com\/www.sabra.org.br\/site\/wp-content\/uploads\/2021\/09\/surdos.jpg?resize=1400%2C800&ssl=1 4x"},"classes":[]},{"id":2881,"url":"https:\/\/www.sabra.org.br\/site\/inclusao-social-exemplos\/","url_meta":{"origin":2381,"position":5},"title":"Inclus\u00e3o social &#8211; exemplos","author":"M\u00e1rcio Miranda Pontes","date":"27 de abril de 2020","format":false,"excerpt":"A inclus\u00e3o social \u00e9 fundamental para garantir os direitos das pessoas que possuem necessidades especiais. Assim, atitudes que ajudem a reduzir o preconceito e a discrimina\u00e7\u00e3o contra esses indiv\u00edduos devem ser fortalecidas. Logo, iremos apresentar 4 exemplos dessa pr\u00e1tica que voc\u00ea precisa conhecer melhor!","rel":"","context":"Em &quot;Blog SABRA&quot;","block_context":{"text":"Blog SABRA","link":"https:\/\/www.sabra.org.br\/site\/category\/blog-sabra\/"},"img":{"alt_text":"inclusao-social","src":"https:\/\/i0.wp.com\/www.sabra.org.br\/site\/wp-content\/uploads\/2020\/04\/inclusao-social-x-exemplos-dessa-pratica-que-voce-precisa-conhecer-20191202180617.jpg.jpg?resize=350%2C200&ssl=1","width":350,"height":200,"srcset":"https:\/\/i0.wp.com\/www.sabra.org.br\/site\/wp-content\/uploads\/2020\/04\/inclusao-social-x-exemplos-dessa-pratica-que-voce-precisa-conhecer-20191202180617.jpg.jpg?resize=350%2C200&ssl=1 1x, https:\/\/i0.wp.com\/www.sabra.org.br\/site\/wp-content\/uploads\/2020\/04\/inclusao-social-x-exemplos-dessa-pratica-que-voce-precisa-conhecer-20191202180617.jpg.jpg?resize=525%2C300&ssl=1 1.5x, https:\/\/i0.wp.com\/www.sabra.org.br\/site\/wp-content\/uploads\/2020\/04\/inclusao-social-x-exemplos-dessa-pratica-que-voce-precisa-conhecer-20191202180617.jpg.jpg?resize=700%2C400&ssl=1 2x"},"classes":[]}],"jetpack_likes_enabled":true,"jetpack_sharing_enabled":true,"_links":{"self":[{"href":"https:\/\/www.sabra.org.br\/site\/wp-json\/wp\/v2\/posts\/2381","targetHints":{"allow":["GET"]}}],"collection":[{"href":"https:\/\/www.sabra.org.br\/site\/wp-json\/wp\/v2\/posts"}],"about":[{"href":"https:\/\/www.sabra.org.br\/site\/wp-json\/wp\/v2\/types\/post"}],"author":[{"embeddable":true,"href":"https:\/\/www.sabra.org.br\/site\/wp-json\/wp\/v2\/users\/39"}],"replies":[{"embeddable":true,"href":"https:\/\/www.sabra.org.br\/site\/wp-json\/wp\/v2\/comments?post=2381"}],"version-history":[{"count":0,"href":"https:\/\/www.sabra.org.br\/site\/wp-json\/wp\/v2\/posts\/2381\/revisions"}],"wp:featuredmedia":[{"embeddable":true,"href":"https:\/\/www.sabra.org.br\/site\/wp-json\/wp\/v2\/media\/2382"}],"wp:attachment":[{"href":"https:\/\/www.sabra.org.br\/site\/wp-json\/wp\/v2\/media?parent=2381"}],"wp:term":[{"taxonomy":"category","embeddable":true,"href":"https:\/\/www.sabra.org.br\/site\/wp-json\/wp\/v2\/categories?post=2381"},{"taxonomy":"post_tag","embeddable":true,"href":"https:\/\/www.sabra.org.br\/site\/wp-json\/wp\/v2\/tags?post=2381"}],"curies":[{"name":"wp","href":"https:\/\/api.w.org\/{rel}","templated":true}]}}