{"id":2385,"date":"2019-10-22T18:01:10","date_gmt":"2019-10-22T21:01:10","guid":{"rendered":"https:\/\/www.sabra.org.br\/site\/?p=2385"},"modified":"2025-04-20T19:23:29","modified_gmt":"2025-04-20T22:23:29","slug":"inteligencia-emocional-das-criancas","status":"publish","type":"post","link":"https:\/\/www.sabra.org.br\/site\/inteligencia-emocional-das-criancas\/","title":{"rendered":"Intelig\u00eancia emocional das crian\u00e7as"},"content":{"rendered":"<h2>Saiba como a arte pode ajudar no desenvolvimento da intelig\u00eancia emocional das crian\u00e7as<\/h2>\n<p>A intelig\u00eancia emocional \u00e9 uma habilidade, portanto, \u00e9 algo a ser trabalhado e melhorado constantemente. Se desde crian\u00e7as damos a oportunidade de o indiv\u00edduo desenvolver tal caracter\u00edstica, mais adultos maduros emocionalmente teremos no futuro. Um exemplo de instrumento que ajuda nesse desenvolvimento, \u00e9 o contato com a arte.<\/p>\n<p>As crian\u00e7as s\u00e3o prop\u00edcias ao aprendizado, por conta de seu estado de desenvolvimento f\u00edsico e emocional. A fase infantil \u00e9 ent\u00e3o, uma grande oportunidade para aprender desde cedo a lidar com os pr\u00f3prios sentimentos, com o outro e os acontecimentos que vir\u00e3o ao longo da vida.<\/p>\n<p>Saiba como a arte ajuda as crian\u00e7as em seu desenvolvimento de intelig\u00eancia emocional neste post!<\/p>\n<h2>A import\u00e2ncia da arte no desenvolvimento das crian\u00e7as<\/h2>\n<p>As produ\u00e7\u00f5es art\u00edsticas, de forma geral, s\u00e3o uma express\u00e3o do ser humano, revelam a sua individualidade. Para os pequenos, \u00e9 uma forma de mostrar ao mundo parte de si mesmos, gerando assim, mais autoconhecimento. Esse conhecimento \u00e9 importante tamb\u00e9m na fase infantil, pois ajuda a lidar com os problemas do dia a dia.<\/p>\n<p>Al\u00e9m disso, esse contexto colabora para que a crian\u00e7a tenha outras maneiras de expressar os seus sentimentos e desejos sem, necessariamente, falar sobre eles. Aos poucos, \u00e9 poss\u00edvel trazer \u00e0 tona aquilo que est\u00e1 dentro de si sem que seja doloroso, mas de forma natural e mais madura.<\/p>\n<h2>A criatividade como ferramenta<\/h2>\n<p>A criatividade, infelizmente, \u00e9 algo que o ser humano costuma perder ao longo dos anos, ao menos \u00e9 o que imaginamos que acontece, pois n\u00e3o recebemos muito incentivo para manter essa habilidade na vida adulta. J\u00e1 as crian\u00e7as, t\u00eam de sobra e \u00e9 relevante usar essa capacidade para ajudar a tratar das pr\u00f3prias emo\u00e7\u00f5es.<\/p>\n<p>O momento de fluxo criativo \u00e9 que traz \u00e0 tona sentimentos que muitas vezes os pequenos n\u00e3o sabem que t\u00eam. Afinal, no in\u00edcio da vida tudo se transforma em algo novo e eles carecem de aprender, inclusive em rela\u00e7\u00e3o ao que sentem e como se expressam.<\/p>\n<p>Como um acr\u00e9scimo ao autoconhecimento, o uso da criatividade tamb\u00e9m permite estar mais sens\u00edvel aos outros ao redor. Isso tudo \u00e9 parte do desenvolvimento da intelig\u00eancia emocional.<\/p>\n<h2>Os resultados no futuro<\/h2>\n<p>Os frutos que a sociedade colhe quando h\u00e1 esse tipo de trabalho com as crian\u00e7as s\u00e3o muito preciosos. Os adultos que possuem intelig\u00eancia emocional s\u00e3o capazes de ter mais conhecimento de si mesmos enquanto indiv\u00edduo e tamb\u00e9m ter maior empatia para com os outros ao redor.<\/p>\n<p>Dessa forma, o autocontrole e a sensibilidade ao que acontece s\u00e3o muito maiores. Assim, temos pessoas mais saud\u00e1veis em suas rela\u00e7\u00f5es interpessoais e tamb\u00e9m em sua vida profissional e, por consequ\u00eancia, uma sociedade melhor.<\/p>\n<p>Viu como desenvolvimento de intelig\u00eancia emocional para as crian\u00e7as pode ser um investimento, n\u00e3o apenas hoje, como tamb\u00e9m na sociedade do futuro? Saiba que a arte \u00e9 uma ferramenta primordial para essa aprendizagem e ter o contato com ela proporciona amadurecimento das quest\u00f5es emocionais dos pequenos e gera adultos mais saud\u00e1veis no futuro.<\/p>\n<h2>Se voc\u00ea gostou deste post:<\/h2>\n<p>&#8211; SIGA as nossas p\u00e1ginas nas redes sociais para acompanhar as nossas atualiza\u00e7\u00f5es: estamos no <a href=\"https:\/\/www.facebook.com\/sabrabrasil\" target=\"_blank\" rel=\"noopener noreferrer\">Facebook<\/a>, no <a href=\"https:\/\/www.instagram.com\/sabrabrasil\/\" target=\"_blank\" rel=\"noopener noreferrer\">Instagram<\/a>, no <a href=\"https:\/\/www.linkedin.com\/company\/25002088\" target=\"_blank\" rel=\"noopener noreferrer\">LinkedIn<\/a>, no <a href=\"https:\/\/twitter.com\/ContatoSabra\" target=\"_blank\" rel=\"noopener noreferrer\">Twitter<\/a> e no <a href=\"https:\/\/www.youtube.com\/channel\/UCJw-kbuEvzUNdeQf20Pa-eQ\" target=\"_blank\" rel=\"noopener noreferrer\">YouTube<\/a>!<\/p>\n<p>&#8211; CONHE\u00c7A o trabalho da Sociedade Art\u00edstica Brasileira (SABRA) e todas as iniciativas culturais e sociais que ela mant\u00e9m. <a href=\"https:\/\/www.sabra.org.br\/site\/acoes\/\" target=\"_blank\" rel=\"noopener noreferrer\">Acesse nosso site!<\/a><\/p>\n<p>&#8211; ENTRE em contato com a gente. E veja quais s\u00e3o as op\u00e7\u00f5es de ajuda na manuten\u00e7\u00e3o de nossas a\u00e7\u00f5es sociais e culturais. Basta acessar nossa p\u00e1gina <a href=\"https:\/\/www.sabra.org.br\/site\/doe-agora\/\" target=\"_blank\" rel=\"noopener noreferrer\">Doe Agora!<\/a><\/p>\n<p>&#8211; COMPARTILHE este texto nas suas redes sociais e ajude os seus amigos a tamb\u00e9m dominarem o assunto!<\/p>\n","protected":false},"excerpt":{"rendered":"<p>A intelig\u00eancia emocional \u00e9 a capacidade de reconhecer e lidar com as suas emo\u00e7\u00f5es e a dos que est\u00e3o ao seu redor. Como a arte a desenvolve nas crian\u00e7as?<\/p>\n","protected":false},"author":39,"featured_media":2386,"comment_status":"closed","ping_status":"closed","sticky":false,"template":"","format":"standard","meta":{"jetpack_post_was_ever_published":false,"_jetpack_newsletter_access":"","_jetpack_dont_email_post_to_subs":false,"_jetpack_newsletter_tier_id":0,"_jetpack_memberships_contains_paywalled_content":false,"_jetpack_memberships_contains_paid_content":false,"footnotes":""},"categories":[1],"tags":[15,8,1846,1285,16,1286,11,9],"class_list":["post-2385","post","type-post","status-publish","format-standard","has-post-thumbnail","hentry","category-blog-sabra","tag-assistencia-social","tag-canto-coral","tag-escola-de-musica-de-nova-lima","tag-escola-de-musica-sabra","tag-musicalizacao-infantil","tag-orquestra-infanto-juvenil-de-betim","tag-orquestra-sinfonica-de-betim","tag-sociedade-artistica-brasileira"],"yoast_head":"<!-- This site is optimized with the Yoast SEO plugin v27.4 - https:\/\/yoast.com\/product\/yoast-seo-wordpress\/ -->\n<title>Intelig\u00eancia emocional das crian\u00e7as - SABRA - Sociedade Art\u00edstica Brasileira<\/title>\n<meta name=\"description\" content=\"A intelig\u00eancia emocional \u00e9 a capacidade de reconhecer e lidar com as suas emo\u00e7\u00f5es e a dos que est\u00e3o ao seu redor. Como a arte a desenvolve nas crian\u00e7as?\" \/>\n<meta name=\"robots\" content=\"index, follow, max-snippet:-1, max-image-preview:large, max-video-preview:-1\" \/>\n<link rel=\"canonical\" href=\"https:\/\/www.sabra.org.br\/site\/inteligencia-emocional-das-criancas\/\" \/>\n<meta property=\"og:locale\" content=\"pt_BR\" \/>\n<meta property=\"og:type\" content=\"article\" \/>\n<meta property=\"og:title\" content=\"Intelig\u00eancia emocional das crian\u00e7as - SABRA - Sociedade Art\u00edstica Brasileira\" \/>\n<meta property=\"og:description\" content=\"A intelig\u00eancia emocional \u00e9 a capacidade de reconhecer e lidar com as suas emo\u00e7\u00f5es e a dos que est\u00e3o ao seu redor. Como a arte a desenvolve nas crian\u00e7as?\" \/>\n<meta property=\"og:url\" content=\"https:\/\/www.sabra.org.br\/site\/inteligencia-emocional-das-criancas\/\" \/>\n<meta property=\"og:site_name\" content=\"SABRA - Sociedade Art\u00edstica Brasileira\" \/>\n<meta property=\"article:publisher\" content=\"https:\/\/www.facebook.com\/sabrabrasil\" \/>\n<meta property=\"article:published_time\" content=\"2019-10-22T21:01:10+00:00\" \/>\n<meta property=\"article:modified_time\" content=\"2025-04-20T22:23:29+00:00\" \/>\n<meta property=\"og:image\" content=\"https:\/\/www.sabra.org.br\/site\/wp-content\/uploads\/2019\/10\/saiba-como-a-arte-pode-ajudar-no-desenvolvimento-da-inteligencia-emocional-das-criancas-20190913142412.jpg.jpg\" \/>\n\t<meta property=\"og:image:width\" content=\"800\" \/>\n\t<meta property=\"og:image:height\" content=\"533\" \/>\n\t<meta property=\"og:image:type\" content=\"image\/jpeg\" \/>\n<meta name=\"author\" content=\"M\u00e1rcio Miranda Pontes\" \/>\n<meta name=\"twitter:card\" content=\"summary_large_image\" \/>\n<meta name=\"twitter:creator\" content=\"@ContatoSabra\" \/>\n<meta name=\"twitter:site\" content=\"@ContatoSabra\" \/>\n<meta name=\"twitter:label1\" content=\"Escrito por\" \/>\n\t<meta name=\"twitter:data1\" content=\"M\u00e1rcio Miranda Pontes\" \/>\n\t<meta name=\"twitter:label2\" content=\"Est. tempo de leitura\" \/>\n\t<meta name=\"twitter:data2\" content=\"3 minutos\" \/>\n<script type=\"application\/ld+json\" class=\"yoast-schema-graph\">{\"@context\":\"https:\\\/\\\/schema.org\",\"@graph\":[{\"@type\":\"Article\",\"@id\":\"https:\\\/\\\/www.sabra.org.br\\\/site\\\/inteligencia-emocional-das-criancas\\\/#article\",\"isPartOf\":{\"@id\":\"https:\\\/\\\/www.sabra.org.br\\\/site\\\/inteligencia-emocional-das-criancas\\\/\"},\"author\":{\"name\":\"M\u00e1rcio Miranda Pontes\",\"@id\":\"https:\\\/\\\/www.sabra.org.br\\\/site\\\/#\\\/schema\\\/person\\\/7d1d222c3c8891d4c37c7b41bf6315c2\"},\"headline\":\"Intelig\u00eancia emocional das crian\u00e7as\",\"datePublished\":\"2019-10-22T21:01:10+00:00\",\"dateModified\":\"2025-04-20T22:23:29+00:00\",\"mainEntityOfPage\":{\"@id\":\"https:\\\/\\\/www.sabra.org.br\\\/site\\\/inteligencia-emocional-das-criancas\\\/\"},\"wordCount\":655,\"publisher\":{\"@id\":\"https:\\\/\\\/www.sabra.org.br\\\/site\\\/#organization\"},\"image\":{\"@id\":\"https:\\\/\\\/www.sabra.org.br\\\/site\\\/inteligencia-emocional-das-criancas\\\/#primaryimage\"},\"thumbnailUrl\":\"https:\\\/\\\/www.sabra.org.br\\\/site\\\/wp-content\\\/uploads\\\/2019\\\/10\\\/saiba-como-a-arte-pode-ajudar-no-desenvolvimento-da-inteligencia-emocional-das-criancas-20190913142412.jpg.jpg\",\"keywords\":[\"Assist\u00eancia social\",\"Canto Coral\",\"Escola de M\u00fasica de Nova Lima\",\"Escola de Musica SABRA\",\"Musicaliza\u00e7\u00e3o Infantil\",\"Orquestra Infanto Juvenil de Betim\",\"Orquestra Sinf\u00f4nica de Betim\",\"Sociedade Art\u00edstica Brasileira\"],\"articleSection\":[\"Blog SABRA\"],\"inLanguage\":\"pt-BR\"},{\"@type\":\"WebPage\",\"@id\":\"https:\\\/\\\/www.sabra.org.br\\\/site\\\/inteligencia-emocional-das-criancas\\\/\",\"url\":\"https:\\\/\\\/www.sabra.org.br\\\/site\\\/inteligencia-emocional-das-criancas\\\/\",\"name\":\"Intelig\u00eancia emocional das crian\u00e7as - SABRA - Sociedade Art\u00edstica Brasileira\",\"isPartOf\":{\"@id\":\"https:\\\/\\\/www.sabra.org.br\\\/site\\\/#website\"},\"primaryImageOfPage\":{\"@id\":\"https:\\\/\\\/www.sabra.org.br\\\/site\\\/inteligencia-emocional-das-criancas\\\/#primaryimage\"},\"image\":{\"@id\":\"https:\\\/\\\/www.sabra.org.br\\\/site\\\/inteligencia-emocional-das-criancas\\\/#primaryimage\"},\"thumbnailUrl\":\"https:\\\/\\\/www.sabra.org.br\\\/site\\\/wp-content\\\/uploads\\\/2019\\\/10\\\/saiba-como-a-arte-pode-ajudar-no-desenvolvimento-da-inteligencia-emocional-das-criancas-20190913142412.jpg.jpg\",\"datePublished\":\"2019-10-22T21:01:10+00:00\",\"dateModified\":\"2025-04-20T22:23:29+00:00\",\"description\":\"A intelig\u00eancia emocional \u00e9 a capacidade de reconhecer e lidar com as suas emo\u00e7\u00f5es e a dos que est\u00e3o ao seu redor. Como a arte a desenvolve nas crian\u00e7as?\",\"breadcrumb\":{\"@id\":\"https:\\\/\\\/www.sabra.org.br\\\/site\\\/inteligencia-emocional-das-criancas\\\/#breadcrumb\"},\"inLanguage\":\"pt-BR\",\"potentialAction\":[{\"@type\":\"ReadAction\",\"target\":[\"https:\\\/\\\/www.sabra.org.br\\\/site\\\/inteligencia-emocional-das-criancas\\\/\"]}]},{\"@type\":\"ImageObject\",\"inLanguage\":\"pt-BR\",\"@id\":\"https:\\\/\\\/www.sabra.org.br\\\/site\\\/inteligencia-emocional-das-criancas\\\/#primaryimage\",\"url\":\"https:\\\/\\\/www.sabra.org.br\\\/site\\\/wp-content\\\/uploads\\\/2019\\\/10\\\/saiba-como-a-arte-pode-ajudar-no-desenvolvimento-da-inteligencia-emocional-das-criancas-20190913142412.jpg.jpg\",\"contentUrl\":\"https:\\\/\\\/www.sabra.org.br\\\/site\\\/wp-content\\\/uploads\\\/2019\\\/10\\\/saiba-como-a-arte-pode-ajudar-no-desenvolvimento-da-inteligencia-emocional-das-criancas-20190913142412.jpg.jpg\",\"width\":800,\"height\":533,\"caption\":\"Sociedade Art\u00edstica Brasileira SABRA\"},{\"@type\":\"BreadcrumbList\",\"@id\":\"https:\\\/\\\/www.sabra.org.br\\\/site\\\/inteligencia-emocional-das-criancas\\\/#breadcrumb\",\"itemListElement\":[{\"@type\":\"ListItem\",\"position\":1,\"name\":\"In\u00edcio\",\"item\":\"https:\\\/\\\/www.sabra.org.br\\\/site\\\/\"},{\"@type\":\"ListItem\",\"position\":2,\"name\":\"Intelig\u00eancia emocional das crian\u00e7as\"}]},{\"@type\":\"WebSite\",\"@id\":\"https:\\\/\\\/www.sabra.org.br\\\/site\\\/#website\",\"url\":\"https:\\\/\\\/www.sabra.org.br\\\/site\\\/\",\"name\":\"SABRA - Sociedade Art\u00edstica Brasileira\",\"description\":\"Escola de M\u00fasica, Orquestra Sinf\u00f4nica, Coral e Patrim\u00f4nio Cultural e Hist\u00f3rico\",\"publisher\":{\"@id\":\"https:\\\/\\\/www.sabra.org.br\\\/site\\\/#organization\"},\"potentialAction\":[{\"@type\":\"SearchAction\",\"target\":{\"@type\":\"EntryPoint\",\"urlTemplate\":\"https:\\\/\\\/www.sabra.org.br\\\/site\\\/?s={search_term_string}\"},\"query-input\":{\"@type\":\"PropertyValueSpecification\",\"valueRequired\":true,\"valueName\":\"search_term_string\"}}],\"inLanguage\":\"pt-BR\"},{\"@type\":\"Organization\",\"@id\":\"https:\\\/\\\/www.sabra.org.br\\\/site\\\/#organization\",\"name\":\"SOCIEDADE ART\u00cdSTICA BRASILEIRA SABRA\",\"alternateName\":\"SABRA\",\"url\":\"https:\\\/\\\/www.sabra.org.br\\\/site\\\/\",\"logo\":{\"@type\":\"ImageObject\",\"inLanguage\":\"pt-BR\",\"@id\":\"https:\\\/\\\/www.sabra.org.br\\\/site\\\/#\\\/schema\\\/logo\\\/image\\\/\",\"url\":\"https:\\\/\\\/www.sabra.org.br\\\/site\\\/wp-content\\\/uploads\\\/2019\\\/06\\\/cropped-Logo_SABRA-Copia-1.webp\",\"contentUrl\":\"https:\\\/\\\/www.sabra.org.br\\\/site\\\/wp-content\\\/uploads\\\/2019\\\/06\\\/cropped-Logo_SABRA-Copia-1.webp\",\"width\":400,\"height\":128,\"caption\":\"SOCIEDADE ART\u00cdSTICA BRASILEIRA SABRA\"},\"image\":{\"@id\":\"https:\\\/\\\/www.sabra.org.br\\\/site\\\/#\\\/schema\\\/logo\\\/image\\\/\"},\"sameAs\":[\"https:\\\/\\\/www.facebook.com\\\/sabrabrasil\",\"https:\\\/\\\/x.com\\\/ContatoSabra\",\"https:\\\/\\\/www.instagram.com\\\/sabrabrasil\\\/\",\"https:\\\/\\\/www.linkedin.com\\\/company\\\/25002088\\\/\",\"https:\\\/\\\/br.pinterest.com\\\/sociedadeartisticabrasileira\\\/\",\"https:\\\/\\\/www.youtube.com\\\/c\\\/sabrabrasil\"]},{\"@type\":\"Person\",\"@id\":\"https:\\\/\\\/www.sabra.org.br\\\/site\\\/#\\\/schema\\\/person\\\/7d1d222c3c8891d4c37c7b41bf6315c2\",\"name\":\"M\u00e1rcio Miranda Pontes\",\"image\":{\"@type\":\"ImageObject\",\"inLanguage\":\"pt-BR\",\"@id\":\"https:\\\/\\\/secure.gravatar.com\\\/avatar\\\/3b45f24496a7625a3a6c436688fbe20344faaeb2979658dc4a9921f984d7df9a?s=96&d=mm&r=g\",\"url\":\"https:\\\/\\\/secure.gravatar.com\\\/avatar\\\/3b45f24496a7625a3a6c436688fbe20344faaeb2979658dc4a9921f984d7df9a?s=96&d=mm&r=g\",\"contentUrl\":\"https:\\\/\\\/secure.gravatar.com\\\/avatar\\\/3b45f24496a7625a3a6c436688fbe20344faaeb2979658dc4a9921f984d7df9a?s=96&d=mm&r=g\",\"caption\":\"M\u00e1rcio Miranda Pontes\"},\"sameAs\":[\"http:\\\/\\\/www.sabra.org.br\"],\"url\":\"https:\\\/\\\/www.sabra.org.br\\\/site\\\/author\\\/marcio-miranda-pontes\\\/\"}]}<\/script>\n<!-- \/ Yoast SEO plugin. -->","yoast_head_json":{"title":"Intelig\u00eancia emocional das crian\u00e7as - SABRA - Sociedade Art\u00edstica Brasileira","description":"A intelig\u00eancia emocional \u00e9 a capacidade de reconhecer e lidar com as suas emo\u00e7\u00f5es e a dos que est\u00e3o ao seu redor. Como a arte a desenvolve nas crian\u00e7as?","robots":{"index":"index","follow":"follow","max-snippet":"max-snippet:-1","max-image-preview":"max-image-preview:large","max-video-preview":"max-video-preview:-1"},"canonical":"https:\/\/www.sabra.org.br\/site\/inteligencia-emocional-das-criancas\/","og_locale":"pt_BR","og_type":"article","og_title":"Intelig\u00eancia emocional das crian\u00e7as - SABRA - Sociedade Art\u00edstica Brasileira","og_description":"A intelig\u00eancia emocional \u00e9 a capacidade de reconhecer e lidar com as suas emo\u00e7\u00f5es e a dos que est\u00e3o ao seu redor. Como a arte a desenvolve nas crian\u00e7as?","og_url":"https:\/\/www.sabra.org.br\/site\/inteligencia-emocional-das-criancas\/","og_site_name":"SABRA - Sociedade Art\u00edstica Brasileira","article_publisher":"https:\/\/www.facebook.com\/sabrabrasil","article_published_time":"2019-10-22T21:01:10+00:00","article_modified_time":"2025-04-20T22:23:29+00:00","og_image":[{"width":800,"height":533,"url":"https:\/\/www.sabra.org.br\/site\/wp-content\/uploads\/2019\/10\/saiba-como-a-arte-pode-ajudar-no-desenvolvimento-da-inteligencia-emocional-das-criancas-20190913142412.jpg.jpg","type":"image\/jpeg"}],"author":"M\u00e1rcio Miranda Pontes","twitter_card":"summary_large_image","twitter_creator":"@ContatoSabra","twitter_site":"@ContatoSabra","twitter_misc":{"Escrito por":"M\u00e1rcio Miranda Pontes","Est. tempo de leitura":"3 minutos"},"schema":{"@context":"https:\/\/schema.org","@graph":[{"@type":"Article","@id":"https:\/\/www.sabra.org.br\/site\/inteligencia-emocional-das-criancas\/#article","isPartOf":{"@id":"https:\/\/www.sabra.org.br\/site\/inteligencia-emocional-das-criancas\/"},"author":{"name":"M\u00e1rcio Miranda Pontes","@id":"https:\/\/www.sabra.org.br\/site\/#\/schema\/person\/7d1d222c3c8891d4c37c7b41bf6315c2"},"headline":"Intelig\u00eancia emocional das crian\u00e7as","datePublished":"2019-10-22T21:01:10+00:00","dateModified":"2025-04-20T22:23:29+00:00","mainEntityOfPage":{"@id":"https:\/\/www.sabra.org.br\/site\/inteligencia-emocional-das-criancas\/"},"wordCount":655,"publisher":{"@id":"https:\/\/www.sabra.org.br\/site\/#organization"},"image":{"@id":"https:\/\/www.sabra.org.br\/site\/inteligencia-emocional-das-criancas\/#primaryimage"},"thumbnailUrl":"https:\/\/www.sabra.org.br\/site\/wp-content\/uploads\/2019\/10\/saiba-como-a-arte-pode-ajudar-no-desenvolvimento-da-inteligencia-emocional-das-criancas-20190913142412.jpg.jpg","keywords":["Assist\u00eancia social","Canto Coral","Escola de M\u00fasica de Nova Lima","Escola de Musica SABRA","Musicaliza\u00e7\u00e3o Infantil","Orquestra Infanto Juvenil de Betim","Orquestra Sinf\u00f4nica de Betim","Sociedade Art\u00edstica Brasileira"],"articleSection":["Blog SABRA"],"inLanguage":"pt-BR"},{"@type":"WebPage","@id":"https:\/\/www.sabra.org.br\/site\/inteligencia-emocional-das-criancas\/","url":"https:\/\/www.sabra.org.br\/site\/inteligencia-emocional-das-criancas\/","name":"Intelig\u00eancia emocional das crian\u00e7as - SABRA - Sociedade Art\u00edstica Brasileira","isPartOf":{"@id":"https:\/\/www.sabra.org.br\/site\/#website"},"primaryImageOfPage":{"@id":"https:\/\/www.sabra.org.br\/site\/inteligencia-emocional-das-criancas\/#primaryimage"},"image":{"@id":"https:\/\/www.sabra.org.br\/site\/inteligencia-emocional-das-criancas\/#primaryimage"},"thumbnailUrl":"https:\/\/www.sabra.org.br\/site\/wp-content\/uploads\/2019\/10\/saiba-como-a-arte-pode-ajudar-no-desenvolvimento-da-inteligencia-emocional-das-criancas-20190913142412.jpg.jpg","datePublished":"2019-10-22T21:01:10+00:00","dateModified":"2025-04-20T22:23:29+00:00","description":"A intelig\u00eancia emocional \u00e9 a capacidade de reconhecer e lidar com as suas emo\u00e7\u00f5es e a dos que est\u00e3o ao seu redor. Como a arte a desenvolve nas crian\u00e7as?","breadcrumb":{"@id":"https:\/\/www.sabra.org.br\/site\/inteligencia-emocional-das-criancas\/#breadcrumb"},"inLanguage":"pt-BR","potentialAction":[{"@type":"ReadAction","target":["https:\/\/www.sabra.org.br\/site\/inteligencia-emocional-das-criancas\/"]}]},{"@type":"ImageObject","inLanguage":"pt-BR","@id":"https:\/\/www.sabra.org.br\/site\/inteligencia-emocional-das-criancas\/#primaryimage","url":"https:\/\/www.sabra.org.br\/site\/wp-content\/uploads\/2019\/10\/saiba-como-a-arte-pode-ajudar-no-desenvolvimento-da-inteligencia-emocional-das-criancas-20190913142412.jpg.jpg","contentUrl":"https:\/\/www.sabra.org.br\/site\/wp-content\/uploads\/2019\/10\/saiba-como-a-arte-pode-ajudar-no-desenvolvimento-da-inteligencia-emocional-das-criancas-20190913142412.jpg.jpg","width":800,"height":533,"caption":"Sociedade Art\u00edstica Brasileira SABRA"},{"@type":"BreadcrumbList","@id":"https:\/\/www.sabra.org.br\/site\/inteligencia-emocional-das-criancas\/#breadcrumb","itemListElement":[{"@type":"ListItem","position":1,"name":"In\u00edcio","item":"https:\/\/www.sabra.org.br\/site\/"},{"@type":"ListItem","position":2,"name":"Intelig\u00eancia emocional das crian\u00e7as"}]},{"@type":"WebSite","@id":"https:\/\/www.sabra.org.br\/site\/#website","url":"https:\/\/www.sabra.org.br\/site\/","name":"SABRA - Sociedade Art\u00edstica Brasileira","description":"Escola de M\u00fasica, Orquestra Sinf\u00f4nica, Coral e Patrim\u00f4nio Cultural e Hist\u00f3rico","publisher":{"@id":"https:\/\/www.sabra.org.br\/site\/#organization"},"potentialAction":[{"@type":"SearchAction","target":{"@type":"EntryPoint","urlTemplate":"https:\/\/www.sabra.org.br\/site\/?s={search_term_string}"},"query-input":{"@type":"PropertyValueSpecification","valueRequired":true,"valueName":"search_term_string"}}],"inLanguage":"pt-BR"},{"@type":"Organization","@id":"https:\/\/www.sabra.org.br\/site\/#organization","name":"SOCIEDADE ART\u00cdSTICA BRASILEIRA SABRA","alternateName":"SABRA","url":"https:\/\/www.sabra.org.br\/site\/","logo":{"@type":"ImageObject","inLanguage":"pt-BR","@id":"https:\/\/www.sabra.org.br\/site\/#\/schema\/logo\/image\/","url":"https:\/\/www.sabra.org.br\/site\/wp-content\/uploads\/2019\/06\/cropped-Logo_SABRA-Copia-1.webp","contentUrl":"https:\/\/www.sabra.org.br\/site\/wp-content\/uploads\/2019\/06\/cropped-Logo_SABRA-Copia-1.webp","width":400,"height":128,"caption":"SOCIEDADE ART\u00cdSTICA BRASILEIRA SABRA"},"image":{"@id":"https:\/\/www.sabra.org.br\/site\/#\/schema\/logo\/image\/"},"sameAs":["https:\/\/www.facebook.com\/sabrabrasil","https:\/\/x.com\/ContatoSabra","https:\/\/www.instagram.com\/sabrabrasil\/","https:\/\/www.linkedin.com\/company\/25002088\/","https:\/\/br.pinterest.com\/sociedadeartisticabrasileira\/","https:\/\/www.youtube.com\/c\/sabrabrasil"]},{"@type":"Person","@id":"https:\/\/www.sabra.org.br\/site\/#\/schema\/person\/7d1d222c3c8891d4c37c7b41bf6315c2","name":"M\u00e1rcio Miranda Pontes","image":{"@type":"ImageObject","inLanguage":"pt-BR","@id":"https:\/\/secure.gravatar.com\/avatar\/3b45f24496a7625a3a6c436688fbe20344faaeb2979658dc4a9921f984d7df9a?s=96&d=mm&r=g","url":"https:\/\/secure.gravatar.com\/avatar\/3b45f24496a7625a3a6c436688fbe20344faaeb2979658dc4a9921f984d7df9a?s=96&d=mm&r=g","contentUrl":"https:\/\/secure.gravatar.com\/avatar\/3b45f24496a7625a3a6c436688fbe20344faaeb2979658dc4a9921f984d7df9a?s=96&d=mm&r=g","caption":"M\u00e1rcio Miranda Pontes"},"sameAs":["http:\/\/www.sabra.org.br"],"url":"https:\/\/www.sabra.org.br\/site\/author\/marcio-miranda-pontes\/"}]}},"jetpack_featured_media_url":"https:\/\/www.sabra.org.br\/site\/wp-content\/uploads\/2019\/10\/saiba-como-a-arte-pode-ajudar-no-desenvolvimento-da-inteligencia-emocional-das-criancas-20190913142412.jpg.jpg","jetpack_shortlink":"https:\/\/wp.me\/p95j2Z-Ct","jetpack-related-posts":[{"id":7431,"url":"https:\/\/www.sabra.org.br\/site\/aprendizado-desenvolvimento\/","url_meta":{"origin":2385,"position":0},"title":"O desenvolvimento cognitivo das crian\u00e7as a partir do aprendizado","author":"M\u00e1rcio Miranda Pontes","date":"30 de junho de 2023","format":false,"excerpt":"Descubra como o aprendizado molda o desenvolvimento cognitivo das crian\u00e7as. Do pensamento l\u00f3gico \u00e0 criatividade e habilidades sociais, desvende o impacto transformador do aprendizado na inf\u00e2ncia. Leia agora e impulsione o potencial dos pequenos!","rel":"","context":"Em &quot;Blog SABRA&quot;","block_context":{"text":"Blog SABRA","link":"https:\/\/www.sabra.org.br\/site\/category\/blog-sabra\/"},"img":{"alt_text":"desenvolvimento-crian\u00e7a-aprendizado-sociais-criatividade-habilidade-culturais-diferente-pensamento-processo-sabra","src":"https:\/\/i0.wp.com\/www.sabra.org.br\/site\/wp-content\/uploads\/2023\/06\/o-desenvolvimento-cognitivo-das-criancas-a-partir-do-aprendizadojpg-20230522113605.jpg-jpg.webp?resize=350%2C200&ssl=1","width":350,"height":200,"srcset":"https:\/\/i0.wp.com\/www.sabra.org.br\/site\/wp-content\/uploads\/2023\/06\/o-desenvolvimento-cognitivo-das-criancas-a-partir-do-aprendizadojpg-20230522113605.jpg-jpg.webp?resize=350%2C200&ssl=1 1x, https:\/\/i0.wp.com\/www.sabra.org.br\/site\/wp-content\/uploads\/2023\/06\/o-desenvolvimento-cognitivo-das-criancas-a-partir-do-aprendizadojpg-20230522113605.jpg-jpg.webp?resize=525%2C300&ssl=1 1.5x, https:\/\/i0.wp.com\/www.sabra.org.br\/site\/wp-content\/uploads\/2023\/06\/o-desenvolvimento-cognitivo-das-criancas-a-partir-do-aprendizadojpg-20230522113605.jpg-jpg.webp?resize=700%2C400&ssl=1 2x"},"classes":[]},{"id":7805,"url":"https:\/\/www.sabra.org.br\/site\/experiencias-escolas-de-musica-infantis\/","url_meta":{"origin":2385,"position":1},"title":"Experi\u00eancias emocionantes em escolas de m\u00fasica infantis","author":"M\u00e1rcio Miranda Pontes","date":"10 de agosto de 2023","format":false,"excerpt":"Descubra a magia da m\u00fasica nas escolas de m\u00fasica infantis! Conhe\u00e7a as experi\u00eancias emocionantes que v\u00e3o despertar o amor pela m\u00fasica nas crian\u00e7as. N\u00e3o perca essa oportunidade de vivenciar momentos inesquec\u00edveis ao som da m\u00fasica!","rel":"","context":"Em &quot;Blog SABRA&quot;","block_context":{"text":"Blog SABRA","link":"https:\/\/www.sabra.org.br\/site\/category\/blog-sabra\/"},"img":{"alt_text":"sabra-m\u00fasica-crian\u00e7as-musicais-experi\u00eancias-emocionantes-escolas-explorar-infantis-instrumentos-desenvolvimento-diferentes-projetos","src":"https:\/\/i0.wp.com\/www.sabra.org.br\/site\/wp-content\/uploads\/2023\/08\/x-experiencias-emocionantes-em-escolas-de-musica-infantisjpg-20230628095402.jpg-jpg.webp?resize=350%2C200&ssl=1","width":350,"height":200,"srcset":"https:\/\/i0.wp.com\/www.sabra.org.br\/site\/wp-content\/uploads\/2023\/08\/x-experiencias-emocionantes-em-escolas-de-musica-infantisjpg-20230628095402.jpg-jpg.webp?resize=350%2C200&ssl=1 1x, https:\/\/i0.wp.com\/www.sabra.org.br\/site\/wp-content\/uploads\/2023\/08\/x-experiencias-emocionantes-em-escolas-de-musica-infantisjpg-20230628095402.jpg-jpg.webp?resize=525%2C300&ssl=1 1.5x, https:\/\/i0.wp.com\/www.sabra.org.br\/site\/wp-content\/uploads\/2023\/08\/x-experiencias-emocionantes-em-escolas-de-musica-infantisjpg-20230628095402.jpg-jpg.webp?resize=700%2C400&ssl=1 2x"},"classes":[]},{"id":13124,"url":"https:\/\/www.sabra.org.br\/site\/o-papel-da-musica-no-desenvolvimento-da-inteligencia-emocional-infantil\/","url_meta":{"origin":2385,"position":2},"title":"O papel da m\u00fasica no desenvolvimento da intelig\u00eancia emocional infantil","author":"","date":"22 de agosto de 2025","format":false,"excerpt":"A m\u00fasica desempenha um papel fundamental no desenvolvimento da intelig\u00eancia emocional infantil, oferecendo uma plataforma \u00fanica para a express\u00e3o e compreens\u00e3o das emo\u00e7\u00f5es. Desde tenra idade, as crian\u00e7as s\u00e3o expostas a uma variedade de est\u00edmulos musicais que moldam suas experi\u00eancias emocionais e cognitivas. Express\u00e3o Emocional Atrav\u00e9s da M\u00fasica A m\u00fasica\u2026","rel":"","context":"Em &quot;Blog SABRA&quot;","block_context":{"text":"Blog SABRA","link":"https:\/\/www.sabra.org.br\/site\/category\/blog-sabra\/"},"img":{"alt_text":"","src":"","width":0,"height":0},"classes":[]},{"id":13290,"url":"https:\/\/www.sabra.org.br\/site\/as-vantagens-da-musica-classica-na-infancia\/","url_meta":{"origin":2385,"position":3},"title":"As vantagens da m\u00fasica cl\u00e1ssica na inf\u00e2ncia","author":"","date":"22 de agosto de 2025","format":false,"excerpt":"A m\u00fasica \u00e9 uma forma de arte que est\u00e1 presente na vida de muitas pessoas, seja como um hobby ou como profiss\u00e3o. Desde cedo, a exposi\u00e7\u00e3o das crian\u00e7as \u00e0 m\u00fasica pode trazer muitos benef\u00edcios para o seu desenvolvimento cognitivo, emocional e social. Entre os diversos g\u00eaneros musicais, a m\u00fasica cl\u00e1ssica\u2026","rel":"","context":"Em &quot;Blog SABRA&quot;","block_context":{"text":"Blog SABRA","link":"https:\/\/www.sabra.org.br\/site\/category\/blog-sabra\/"},"img":{"alt_text":"","src":"","width":0,"height":0},"classes":[]},{"id":9887,"url":"https:\/\/www.sabra.org.br\/site\/vida-artistica\/","url_meta":{"origin":2385,"position":4},"title":"A import\u00e2ncia das express\u00f5es art\u00edsticas na vida das crian\u00e7as e jovens","author":"M\u00e1rcio Miranda Pontes","date":"19 de julho de 2024","format":false,"excerpt":"Descubra a import\u00e2ncia de estimular o desenvolvimento da express\u00e3o art\u00edstica desde cedo na vida das crian\u00e7as e jovens.","rel":"","context":"Em &quot;Blog SABRA&quot;","block_context":{"text":"Blog SABRA","link":"https:\/\/www.sabra.org.br\/site\/category\/blog-sabra\/"},"img":{"alt_text":"sabra-m\u00fasica-art\u00edstica-vida-crian\u00e7as","src":"https:\/\/i0.wp.com\/www.sabra.org.br\/site\/wp-content\/uploads\/2024\/07\/a-importancia-das-expressoes-artisticas-na-vida-das-criancas-e-jovens-20190114103708.jpg-jpg.webp?resize=350%2C200&ssl=1","width":350,"height":200,"srcset":"https:\/\/i0.wp.com\/www.sabra.org.br\/site\/wp-content\/uploads\/2024\/07\/a-importancia-das-expressoes-artisticas-na-vida-das-criancas-e-jovens-20190114103708.jpg-jpg.webp?resize=350%2C200&ssl=1 1x, https:\/\/i0.wp.com\/www.sabra.org.br\/site\/wp-content\/uploads\/2024\/07\/a-importancia-das-expressoes-artisticas-na-vida-das-criancas-e-jovens-20190114103708.jpg-jpg.webp?resize=525%2C300&ssl=1 1.5x, https:\/\/i0.wp.com\/www.sabra.org.br\/site\/wp-content\/uploads\/2024\/07\/a-importancia-das-expressoes-artisticas-na-vida-das-criancas-e-jovens-20190114103708.jpg-jpg.webp?resize=700%2C400&ssl=1 2x"},"classes":[]},{"id":13306,"url":"https:\/\/www.sabra.org.br\/site\/os-beneficios-da-musicalizacao-na-educacao-infantil-uma-abordagem-completa\/","url_meta":{"origin":2385,"position":5},"title":"Os benef\u00edcios da musicaliza\u00e7\u00e3o na educa\u00e7\u00e3o infantil: uma abordagem completa","author":"","date":"22 de agosto de 2025","format":false,"excerpt":"A m\u00fasica desempenha um papel fundamental no desenvolvimento das crian\u00e7as, especialmente na educa\u00e7\u00e3o infantil. A musicaliza\u00e7\u00e3o, que consiste na introdu\u00e7\u00e3o da m\u00fasica de forma l\u00fadica e educativa, traz in\u00fameros benef\u00edcios para as crian\u00e7as em seu desenvolvimento cognitivo, emocional, social e motor. Neste artigo, exploraremos de forma abrangente os benef\u00edcios da\u2026","rel":"","context":"Em &quot;Blog SABRA&quot;","block_context":{"text":"Blog SABRA","link":"https:\/\/www.sabra.org.br\/site\/category\/blog-sabra\/"},"img":{"alt_text":"","src":"","width":0,"height":0},"classes":[]}],"jetpack_likes_enabled":true,"jetpack_sharing_enabled":true,"_links":{"self":[{"href":"https:\/\/www.sabra.org.br\/site\/wp-json\/wp\/v2\/posts\/2385","targetHints":{"allow":["GET"]}}],"collection":[{"href":"https:\/\/www.sabra.org.br\/site\/wp-json\/wp\/v2\/posts"}],"about":[{"href":"https:\/\/www.sabra.org.br\/site\/wp-json\/wp\/v2\/types\/post"}],"author":[{"embeddable":true,"href":"https:\/\/www.sabra.org.br\/site\/wp-json\/wp\/v2\/users\/39"}],"replies":[{"embeddable":true,"href":"https:\/\/www.sabra.org.br\/site\/wp-json\/wp\/v2\/comments?post=2385"}],"version-history":[{"count":0,"href":"https:\/\/www.sabra.org.br\/site\/wp-json\/wp\/v2\/posts\/2385\/revisions"}],"wp:featuredmedia":[{"embeddable":true,"href":"https:\/\/www.sabra.org.br\/site\/wp-json\/wp\/v2\/media\/2386"}],"wp:attachment":[{"href":"https:\/\/www.sabra.org.br\/site\/wp-json\/wp\/v2\/media?parent=2385"}],"wp:term":[{"taxonomy":"category","embeddable":true,"href":"https:\/\/www.sabra.org.br\/site\/wp-json\/wp\/v2\/categories?post=2385"},{"taxonomy":"post_tag","embeddable":true,"href":"https:\/\/www.sabra.org.br\/site\/wp-json\/wp\/v2\/tags?post=2385"}],"curies":[{"name":"wp","href":"https:\/\/api.w.org\/{rel}","templated":true}]}}