{"id":2394,"date":"2019-11-04T16:24:07","date_gmt":"2019-11-04T19:24:07","guid":{"rendered":"https:\/\/www.sabra.org.br\/site\/?p=2394"},"modified":"2025-04-20T19:23:30","modified_gmt":"2025-04-20T22:23:30","slug":"hino-atemporal-renato-russo-cazuza","status":"publish","type":"post","link":"https:\/\/www.sabra.org.br\/site\/hino-atemporal-renato-russo-cazuza\/","title":{"rendered":"Hino atemporal!"},"content":{"rendered":"<h2>Por que as m\u00fasicas de Renato Russo e Cazuza at\u00e9 hoje n\u00e3o foram esquecidas?<\/h2>\n<p>O tempo n\u00e3o para e as coisas mudam. Mas h\u00e1 algo no ser humano que permanece, n\u00e3o importa a \u00e9poca: a necessidade de encontrar respostas. Muita gente busca a arte, em suas diversas express\u00f5es, para compreender ao mundo e a si mesmo.<\/p>\n<p>O que h\u00e1 de comum entre as gera\u00e7\u00f5es, portanto, \u00e9 exatamente isto: o anseio de elucidar a vida, a partir do entendimento do pr\u00f3prio universo emocional. Isso explica por que artistas como Renato Russo e Cazuza continuam vivos.<\/p>\n<p>Esses dois \u00edcones da M\u00fasica Popular Brasileira (MPB), falavam de coisas que n\u00e3o tocavam apenas o cora\u00e7\u00e3o deles, mas o de todas as pessoas. Eles representam uma gera\u00e7\u00e3o que enfrentou muitas turbul\u00eancias pol\u00edticas e pedia por mudan\u00e7as.<\/p>\n<h2>Rebeldes da arte<\/h2>\n<p>Viver sob as circunst\u00e2ncias de um regime militar influenciou n\u00e3o apenas na m\u00fasica, mas tamb\u00e9m no comportamento desses artistas. At\u00e9 hoje eles s\u00e3o lembrados como figuras rebeldes e irreverentes.<\/p>\n<p>As can\u00e7\u00f5es de Renato Russo e de Cazuza n\u00e3o abordam somente temas pol\u00edticos. \u00c9 por isso que elas superam o aspecto temporal. Ainda hoje, os brasileiros cantam com emo\u00e7\u00e3o muitas de suas m\u00fasicas.<\/p>\n<p>Sentir tristeza, medo, ang\u00fastia, paix\u00e3o, amor e saudade, por exemplo, n\u00e3o depende do contexto hist\u00f3rico, social ou cultural. Esses sentimentos, sobre os quais falam as composi\u00e7\u00f5es de ambos, fazem parte da natureza humana.<\/p>\n<p>A vida emocional \u00e9 o que une os cidad\u00e3os de hoje aos do passado. As m\u00fasicas desses grandes nomes da MPB trazem conselhos dos quais toda gera\u00e7\u00e3o precisa: \u201cSe voc\u00ea quiser algu\u00e9m em quem confiar, confie em si mesmo\u201d.<\/p>\n<p>A simplicidade da maioria das letras \u00e9 outra caracter\u00edstica que torna Renato e Cazuza imortais. Apesar de muito simples, as can\u00e7\u00f5es t\u00eam a profundidade capaz tanto de desobedecer sutilmente as ordens de um pa\u00eds, quanto de emocionar.<\/p>\n<p>A natureza destemida da maior parte dos cantores daquela \u00e9poca era proclamada de v\u00e1rias formas. At\u00e9 a performance no palco costumava ser usada para manifestar, \u00e0s vezes de maneira ir\u00f4nica, os conflitos diante da realidade.<\/p>\n<h2>Verdadeiro legado<\/h2>\n<p>Infelizmente, nem Renato nem Cazuza puderam vivenciar por muito tempo a liberdade pela qual eles clamaram. Ambos morreram muito jovens, na d\u00e9cada de 1990, v\u00edtimas do HIV. Mas isso n\u00e3o muda o fato de que eles ajudaram a democratizar a cultura e a transformar a vida social no Brasil. N\u00e3o \u00e9 \u00e0 toa que Cazuza \u00e9 considerado um dos principais poetas da m\u00fasica nacional e Renato est\u00e1 entre as melhores vozes da hist\u00f3ria da MPB.<\/p>\n<p>O verdadeiro legado desses artistas \u00e0 cultura brasileira n\u00e3o foram propriamente suas m\u00fasicas. O que eles eternizaram, de fato, foi essa capacidade de olhar e compreender a si mesmos e os fen\u00f4menos ao redor.<\/p>\n<blockquote class=\"wp-embedded-content\" data-secret=\"MVhRgLglAe\"><p><a href=\"https:\/\/www.sabra.org.br\/site\/musica-para-bebes\/\">M\u00fasica para os beb\u00eas<\/a><\/p><\/blockquote>\n<p><iframe class=\"wp-embedded-content\" sandbox=\"allow-scripts\" security=\"restricted\" style=\"position: absolute; visibility: hidden;\" title=\"&#8220;M\u00fasica para os beb\u00eas&#8221; &#8212; SABRA - Sociedade Art\u00edstica Brasileira\" src=\"https:\/\/www.sabra.org.br\/site\/musica-para-bebes\/embed\/#?secret=RhO5TKoCfY#?secret=MVhRgLglAe\" data-secret=\"MVhRgLglAe\" width=\"600\" height=\"338\" frameborder=\"0\" marginwidth=\"0\" marginheight=\"0\" scrolling=\"no\"><\/iframe><\/p>\n<h2>Se voc\u00ea gostou deste post:<\/h2>\n<p>&#8211; SIGA as nossas p\u00e1ginas nas redes sociais para acompanhar as nossas atualiza\u00e7\u00f5es: estamos no <a href=\"https:\/\/www.facebook.com\/sabrabrasil\" target=\"_blank\" rel=\"noopener noreferrer\">Facebook<\/a>, no <a href=\"https:\/\/www.instagram.com\/sabrabrasil\/\" target=\"_blank\" rel=\"noopener noreferrer\">Instagram<\/a>, no <a href=\"https:\/\/www.linkedin.com\/company\/25002088\" target=\"_blank\" rel=\"noopener noreferrer\">LinkedIn<\/a>, no <a href=\"https:\/\/twitter.com\/ContatoSabra\" target=\"_blank\" rel=\"noopener noreferrer\">Twitter<\/a> e no <a href=\"https:\/\/www.youtube.com\/channel\/UCJw-kbuEvzUNdeQf20Pa-eQ\" target=\"_blank\" rel=\"noopener noreferrer\">YouTube<\/a>!<\/p>\n<p>&#8211; CONHE\u00c7A o trabalho da Sociedade Art\u00edstica Brasileira (SABRA) e todas as iniciativas culturais e sociais que ela mant\u00e9m. <a href=\"https:\/\/www.sabra.org.br\/site\/acoes\/\" target=\"_blank\" rel=\"noopener noreferrer\">Acesse nosso site!<\/a><\/p>\n<p>&#8211; ENTRE EM CONTATO com a gente. E veja quais s\u00e3o as op\u00e7\u00f5es de ajuda na manuten\u00e7\u00e3o de nossas a\u00e7\u00f5es sociais e culturais. Basta acessar nossa p\u00e1gina <a href=\"https:\/\/www.sabra.org.br\/site\/doe-agora\/\" target=\"_blank\" rel=\"noopener noreferrer\">Doe Agora!<\/a><\/p>\n<p>&#8211; COMPARTILHE este texto nas suas redes sociais e ajude os seus amigos a tamb\u00e9m dominarem o assunto!<\/p>\n","protected":false},"excerpt":{"rendered":"<p>Hino atemporal!<\/p>\n<p>Eles se tornaram fen\u00f4menos nacionais nos anos 80, mas at\u00e9 hoje as m\u00fasicas de Renato Russo e Cazuza s\u00e3o lembradas pelos f\u00e3s e pelas novas gera\u00e7\u00f5es. Por qu\u00ea? Descubra em nosso novo post!<\/p>\n","protected":false},"author":39,"featured_media":2395,"comment_status":"closed","ping_status":"closed","sticky":false,"template":"","format":"standard","meta":{"jetpack_post_was_ever_published":false,"_jetpack_newsletter_access":"","_jetpack_dont_email_post_to_subs":false,"_jetpack_newsletter_tier_id":0,"_jetpack_memberships_contains_paywalled_content":false,"_jetpack_memberships_contains_paid_content":false,"footnotes":""},"categories":[1],"tags":[15,8,1846,1285,16,1286,11,9],"class_list":["post-2394","post","type-post","status-publish","format-standard","has-post-thumbnail","hentry","category-blog-sabra","tag-assistencia-social","tag-canto-coral","tag-escola-de-musica-de-nova-lima","tag-escola-de-musica-sabra","tag-musicalizacao-infantil","tag-orquestra-infanto-juvenil-de-betim","tag-orquestra-sinfonica-de-betim","tag-sociedade-artistica-brasileira"],"yoast_head":"<!-- This site is optimized with the Yoast SEO plugin v27.5 - https:\/\/yoast.com\/product\/yoast-seo-wordpress\/ -->\n<title>Hino atemporal! - SABRA - Sociedade Art\u00edstica Brasileira<\/title>\n<meta name=\"description\" content=\"Eles se tornaram fen\u00f4menos nacionais nos anos 80, mas at\u00e9 hoje as m\u00fasicas de Renato Russo e Cazuza s\u00e3o lembradas pelos f\u00e3s e pelas novas gera\u00e7\u00f5es. Por qu\u00ea?\" \/>\n<meta name=\"robots\" content=\"index, follow, max-snippet:-1, max-image-preview:large, max-video-preview:-1\" \/>\n<link rel=\"canonical\" href=\"https:\/\/www.sabra.org.br\/site\/hino-atemporal-renato-russo-cazuza\/\" \/>\n<meta property=\"og:locale\" content=\"pt_BR\" \/>\n<meta property=\"og:type\" content=\"article\" \/>\n<meta property=\"og:title\" content=\"Hino atemporal! - SABRA - Sociedade Art\u00edstica Brasileira\" \/>\n<meta property=\"og:description\" content=\"Eles se tornaram fen\u00f4menos nacionais nos anos 80, mas at\u00e9 hoje as m\u00fasicas de Renato Russo e Cazuza s\u00e3o lembradas pelos f\u00e3s e pelas novas gera\u00e7\u00f5es. Por qu\u00ea?\" \/>\n<meta property=\"og:url\" content=\"https:\/\/www.sabra.org.br\/site\/hino-atemporal-renato-russo-cazuza\/\" \/>\n<meta property=\"og:site_name\" content=\"SABRA - Sociedade Art\u00edstica Brasileira\" \/>\n<meta property=\"article:publisher\" content=\"https:\/\/www.facebook.com\/sabrabrasil\" \/>\n<meta property=\"article:published_time\" content=\"2019-11-04T19:24:07+00:00\" \/>\n<meta property=\"article:modified_time\" content=\"2025-04-20T22:23:30+00:00\" \/>\n<meta property=\"og:image\" content=\"https:\/\/www.sabra.org.br\/site\/wp-content\/uploads\/2019\/11\/hino-atemporal-por-que-as-musicas-de-renato-russo-e-cazuza-ate-hoje-nao-foram-esquecidas-20190913142412.jpg.jpg\" \/>\n\t<meta property=\"og:image:width\" content=\"800\" \/>\n\t<meta property=\"og:image:height\" content=\"534\" \/>\n\t<meta property=\"og:image:type\" content=\"image\/jpeg\" \/>\n<meta name=\"author\" content=\"M\u00e1rcio Miranda Pontes\" \/>\n<meta name=\"twitter:card\" content=\"summary_large_image\" \/>\n<meta name=\"twitter:creator\" content=\"@ContatoSabra\" \/>\n<meta name=\"twitter:site\" content=\"@ContatoSabra\" \/>\n<meta name=\"twitter:label1\" content=\"Escrito por\" \/>\n\t<meta name=\"twitter:data1\" content=\"M\u00e1rcio Miranda Pontes\" \/>\n\t<meta name=\"twitter:label2\" content=\"Est. tempo de leitura\" \/>\n\t<meta name=\"twitter:data2\" content=\"4 minutos\" \/>\n<script type=\"application\/ld+json\" class=\"yoast-schema-graph\">{\"@context\":\"https:\\\/\\\/schema.org\",\"@graph\":[{\"@type\":\"Article\",\"@id\":\"https:\\\/\\\/www.sabra.org.br\\\/site\\\/hino-atemporal-renato-russo-cazuza\\\/#article\",\"isPartOf\":{\"@id\":\"https:\\\/\\\/www.sabra.org.br\\\/site\\\/hino-atemporal-renato-russo-cazuza\\\/\"},\"author\":{\"name\":\"M\u00e1rcio Miranda Pontes\",\"@id\":\"https:\\\/\\\/www.sabra.org.br\\\/site\\\/#\\\/schema\\\/person\\\/7d1d222c3c8891d4c37c7b41bf6315c2\"},\"headline\":\"Hino atemporal!\",\"datePublished\":\"2019-11-04T19:24:07+00:00\",\"dateModified\":\"2025-04-20T22:23:30+00:00\",\"mainEntityOfPage\":{\"@id\":\"https:\\\/\\\/www.sabra.org.br\\\/site\\\/hino-atemporal-renato-russo-cazuza\\\/\"},\"wordCount\":609,\"publisher\":{\"@id\":\"https:\\\/\\\/www.sabra.org.br\\\/site\\\/#organization\"},\"image\":{\"@id\":\"https:\\\/\\\/www.sabra.org.br\\\/site\\\/hino-atemporal-renato-russo-cazuza\\\/#primaryimage\"},\"thumbnailUrl\":\"https:\\\/\\\/www.sabra.org.br\\\/site\\\/wp-content\\\/uploads\\\/2019\\\/11\\\/hino-atemporal-por-que-as-musicas-de-renato-russo-e-cazuza-ate-hoje-nao-foram-esquecidas-20190913142412.jpg.jpg\",\"keywords\":[\"Assist\u00eancia social\",\"Canto Coral\",\"Escola de M\u00fasica de Nova Lima\",\"Escola de Musica SABRA\",\"Musicaliza\u00e7\u00e3o Infantil\",\"Orquestra Infanto Juvenil de Betim\",\"Orquestra Sinf\u00f4nica de Betim\",\"Sociedade Art\u00edstica Brasileira\"],\"articleSection\":[\"Blog SABRA\"],\"inLanguage\":\"pt-BR\"},{\"@type\":\"WebPage\",\"@id\":\"https:\\\/\\\/www.sabra.org.br\\\/site\\\/hino-atemporal-renato-russo-cazuza\\\/\",\"url\":\"https:\\\/\\\/www.sabra.org.br\\\/site\\\/hino-atemporal-renato-russo-cazuza\\\/\",\"name\":\"Hino atemporal! - SABRA - Sociedade Art\u00edstica Brasileira\",\"isPartOf\":{\"@id\":\"https:\\\/\\\/www.sabra.org.br\\\/site\\\/#website\"},\"primaryImageOfPage\":{\"@id\":\"https:\\\/\\\/www.sabra.org.br\\\/site\\\/hino-atemporal-renato-russo-cazuza\\\/#primaryimage\"},\"image\":{\"@id\":\"https:\\\/\\\/www.sabra.org.br\\\/site\\\/hino-atemporal-renato-russo-cazuza\\\/#primaryimage\"},\"thumbnailUrl\":\"https:\\\/\\\/www.sabra.org.br\\\/site\\\/wp-content\\\/uploads\\\/2019\\\/11\\\/hino-atemporal-por-que-as-musicas-de-renato-russo-e-cazuza-ate-hoje-nao-foram-esquecidas-20190913142412.jpg.jpg\",\"datePublished\":\"2019-11-04T19:24:07+00:00\",\"dateModified\":\"2025-04-20T22:23:30+00:00\",\"description\":\"Eles se tornaram fen\u00f4menos nacionais nos anos 80, mas at\u00e9 hoje as m\u00fasicas de Renato Russo e Cazuza s\u00e3o lembradas pelos f\u00e3s e pelas novas gera\u00e7\u00f5es. Por qu\u00ea?\",\"breadcrumb\":{\"@id\":\"https:\\\/\\\/www.sabra.org.br\\\/site\\\/hino-atemporal-renato-russo-cazuza\\\/#breadcrumb\"},\"inLanguage\":\"pt-BR\",\"potentialAction\":[{\"@type\":\"ReadAction\",\"target\":[\"https:\\\/\\\/www.sabra.org.br\\\/site\\\/hino-atemporal-renato-russo-cazuza\\\/\"]}]},{\"@type\":\"ImageObject\",\"inLanguage\":\"pt-BR\",\"@id\":\"https:\\\/\\\/www.sabra.org.br\\\/site\\\/hino-atemporal-renato-russo-cazuza\\\/#primaryimage\",\"url\":\"https:\\\/\\\/www.sabra.org.br\\\/site\\\/wp-content\\\/uploads\\\/2019\\\/11\\\/hino-atemporal-por-que-as-musicas-de-renato-russo-e-cazuza-ate-hoje-nao-foram-esquecidas-20190913142412.jpg.jpg\",\"contentUrl\":\"https:\\\/\\\/www.sabra.org.br\\\/site\\\/wp-content\\\/uploads\\\/2019\\\/11\\\/hino-atemporal-por-que-as-musicas-de-renato-russo-e-cazuza-ate-hoje-nao-foram-esquecidas-20190913142412.jpg.jpg\",\"width\":800,\"height\":534,\"caption\":\"Sociedade Art\u00edstica Brasileira\"},{\"@type\":\"BreadcrumbList\",\"@id\":\"https:\\\/\\\/www.sabra.org.br\\\/site\\\/hino-atemporal-renato-russo-cazuza\\\/#breadcrumb\",\"itemListElement\":[{\"@type\":\"ListItem\",\"position\":1,\"name\":\"In\u00edcio\",\"item\":\"https:\\\/\\\/www.sabra.org.br\\\/site\\\/\"},{\"@type\":\"ListItem\",\"position\":2,\"name\":\"Hino atemporal!\"}]},{\"@type\":\"WebSite\",\"@id\":\"https:\\\/\\\/www.sabra.org.br\\\/site\\\/#website\",\"url\":\"https:\\\/\\\/www.sabra.org.br\\\/site\\\/\",\"name\":\"SABRA - Sociedade Art\u00edstica Brasileira\",\"description\":\"Escola de M\u00fasica, Orquestra Sinf\u00f4nica, Coral e Patrim\u00f4nio Cultural e Hist\u00f3rico\",\"publisher\":{\"@id\":\"https:\\\/\\\/www.sabra.org.br\\\/site\\\/#organization\"},\"potentialAction\":[{\"@type\":\"SearchAction\",\"target\":{\"@type\":\"EntryPoint\",\"urlTemplate\":\"https:\\\/\\\/www.sabra.org.br\\\/site\\\/?s={search_term_string}\"},\"query-input\":{\"@type\":\"PropertyValueSpecification\",\"valueRequired\":true,\"valueName\":\"search_term_string\"}}],\"inLanguage\":\"pt-BR\"},{\"@type\":\"Organization\",\"@id\":\"https:\\\/\\\/www.sabra.org.br\\\/site\\\/#organization\",\"name\":\"SOCIEDADE ART\u00cdSTICA BRASILEIRA SABRA\",\"alternateName\":\"SABRA\",\"url\":\"https:\\\/\\\/www.sabra.org.br\\\/site\\\/\",\"logo\":{\"@type\":\"ImageObject\",\"inLanguage\":\"pt-BR\",\"@id\":\"https:\\\/\\\/www.sabra.org.br\\\/site\\\/#\\\/schema\\\/logo\\\/image\\\/\",\"url\":\"https:\\\/\\\/www.sabra.org.br\\\/site\\\/wp-content\\\/uploads\\\/2019\\\/06\\\/cropped-Logo_SABRA-Copia-1.webp\",\"contentUrl\":\"https:\\\/\\\/www.sabra.org.br\\\/site\\\/wp-content\\\/uploads\\\/2019\\\/06\\\/cropped-Logo_SABRA-Copia-1.webp\",\"width\":400,\"height\":128,\"caption\":\"SOCIEDADE ART\u00cdSTICA BRASILEIRA SABRA\"},\"image\":{\"@id\":\"https:\\\/\\\/www.sabra.org.br\\\/site\\\/#\\\/schema\\\/logo\\\/image\\\/\"},\"sameAs\":[\"https:\\\/\\\/www.facebook.com\\\/sabrabrasil\",\"https:\\\/\\\/x.com\\\/ContatoSabra\",\"https:\\\/\\\/www.instagram.com\\\/sabrabrasil\\\/\",\"https:\\\/\\\/www.linkedin.com\\\/company\\\/25002088\\\/\",\"https:\\\/\\\/br.pinterest.com\\\/sociedadeartisticabrasileira\\\/\",\"https:\\\/\\\/www.youtube.com\\\/c\\\/sabrabrasil\"]},{\"@type\":\"Person\",\"@id\":\"https:\\\/\\\/www.sabra.org.br\\\/site\\\/#\\\/schema\\\/person\\\/7d1d222c3c8891d4c37c7b41bf6315c2\",\"name\":\"M\u00e1rcio Miranda Pontes\",\"image\":{\"@type\":\"ImageObject\",\"inLanguage\":\"pt-BR\",\"@id\":\"https:\\\/\\\/secure.gravatar.com\\\/avatar\\\/3b45f24496a7625a3a6c436688fbe20344faaeb2979658dc4a9921f984d7df9a?s=96&d=mm&r=g\",\"url\":\"https:\\\/\\\/secure.gravatar.com\\\/avatar\\\/3b45f24496a7625a3a6c436688fbe20344faaeb2979658dc4a9921f984d7df9a?s=96&d=mm&r=g\",\"contentUrl\":\"https:\\\/\\\/secure.gravatar.com\\\/avatar\\\/3b45f24496a7625a3a6c436688fbe20344faaeb2979658dc4a9921f984d7df9a?s=96&d=mm&r=g\",\"caption\":\"M\u00e1rcio Miranda Pontes\"},\"sameAs\":[\"http:\\\/\\\/www.sabra.org.br\"],\"url\":\"https:\\\/\\\/www.sabra.org.br\\\/site\\\/author\\\/marcio-miranda-pontes\\\/\"}]}<\/script>\n<!-- \/ Yoast SEO plugin. -->","yoast_head_json":{"title":"Hino atemporal! - SABRA - Sociedade Art\u00edstica Brasileira","description":"Eles se tornaram fen\u00f4menos nacionais nos anos 80, mas at\u00e9 hoje as m\u00fasicas de Renato Russo e Cazuza s\u00e3o lembradas pelos f\u00e3s e pelas novas gera\u00e7\u00f5es. Por qu\u00ea?","robots":{"index":"index","follow":"follow","max-snippet":"max-snippet:-1","max-image-preview":"max-image-preview:large","max-video-preview":"max-video-preview:-1"},"canonical":"https:\/\/www.sabra.org.br\/site\/hino-atemporal-renato-russo-cazuza\/","og_locale":"pt_BR","og_type":"article","og_title":"Hino atemporal! - SABRA - Sociedade Art\u00edstica Brasileira","og_description":"Eles se tornaram fen\u00f4menos nacionais nos anos 80, mas at\u00e9 hoje as m\u00fasicas de Renato Russo e Cazuza s\u00e3o lembradas pelos f\u00e3s e pelas novas gera\u00e7\u00f5es. Por qu\u00ea?","og_url":"https:\/\/www.sabra.org.br\/site\/hino-atemporal-renato-russo-cazuza\/","og_site_name":"SABRA - Sociedade Art\u00edstica Brasileira","article_publisher":"https:\/\/www.facebook.com\/sabrabrasil","article_published_time":"2019-11-04T19:24:07+00:00","article_modified_time":"2025-04-20T22:23:30+00:00","og_image":[{"width":800,"height":534,"url":"https:\/\/www.sabra.org.br\/site\/wp-content\/uploads\/2019\/11\/hino-atemporal-por-que-as-musicas-de-renato-russo-e-cazuza-ate-hoje-nao-foram-esquecidas-20190913142412.jpg.jpg","type":"image\/jpeg"}],"author":"M\u00e1rcio Miranda Pontes","twitter_card":"summary_large_image","twitter_creator":"@ContatoSabra","twitter_site":"@ContatoSabra","twitter_misc":{"Escrito por":"M\u00e1rcio Miranda Pontes","Est. tempo de leitura":"4 minutos"},"schema":{"@context":"https:\/\/schema.org","@graph":[{"@type":"Article","@id":"https:\/\/www.sabra.org.br\/site\/hino-atemporal-renato-russo-cazuza\/#article","isPartOf":{"@id":"https:\/\/www.sabra.org.br\/site\/hino-atemporal-renato-russo-cazuza\/"},"author":{"name":"M\u00e1rcio Miranda Pontes","@id":"https:\/\/www.sabra.org.br\/site\/#\/schema\/person\/7d1d222c3c8891d4c37c7b41bf6315c2"},"headline":"Hino atemporal!","datePublished":"2019-11-04T19:24:07+00:00","dateModified":"2025-04-20T22:23:30+00:00","mainEntityOfPage":{"@id":"https:\/\/www.sabra.org.br\/site\/hino-atemporal-renato-russo-cazuza\/"},"wordCount":609,"publisher":{"@id":"https:\/\/www.sabra.org.br\/site\/#organization"},"image":{"@id":"https:\/\/www.sabra.org.br\/site\/hino-atemporal-renato-russo-cazuza\/#primaryimage"},"thumbnailUrl":"https:\/\/www.sabra.org.br\/site\/wp-content\/uploads\/2019\/11\/hino-atemporal-por-que-as-musicas-de-renato-russo-e-cazuza-ate-hoje-nao-foram-esquecidas-20190913142412.jpg.jpg","keywords":["Assist\u00eancia social","Canto Coral","Escola de M\u00fasica de Nova Lima","Escola de Musica SABRA","Musicaliza\u00e7\u00e3o Infantil","Orquestra Infanto Juvenil de Betim","Orquestra Sinf\u00f4nica de Betim","Sociedade Art\u00edstica Brasileira"],"articleSection":["Blog SABRA"],"inLanguage":"pt-BR"},{"@type":"WebPage","@id":"https:\/\/www.sabra.org.br\/site\/hino-atemporal-renato-russo-cazuza\/","url":"https:\/\/www.sabra.org.br\/site\/hino-atemporal-renato-russo-cazuza\/","name":"Hino atemporal! - SABRA - Sociedade Art\u00edstica Brasileira","isPartOf":{"@id":"https:\/\/www.sabra.org.br\/site\/#website"},"primaryImageOfPage":{"@id":"https:\/\/www.sabra.org.br\/site\/hino-atemporal-renato-russo-cazuza\/#primaryimage"},"image":{"@id":"https:\/\/www.sabra.org.br\/site\/hino-atemporal-renato-russo-cazuza\/#primaryimage"},"thumbnailUrl":"https:\/\/www.sabra.org.br\/site\/wp-content\/uploads\/2019\/11\/hino-atemporal-por-que-as-musicas-de-renato-russo-e-cazuza-ate-hoje-nao-foram-esquecidas-20190913142412.jpg.jpg","datePublished":"2019-11-04T19:24:07+00:00","dateModified":"2025-04-20T22:23:30+00:00","description":"Eles se tornaram fen\u00f4menos nacionais nos anos 80, mas at\u00e9 hoje as m\u00fasicas de Renato Russo e Cazuza s\u00e3o lembradas pelos f\u00e3s e pelas novas gera\u00e7\u00f5es. Por qu\u00ea?","breadcrumb":{"@id":"https:\/\/www.sabra.org.br\/site\/hino-atemporal-renato-russo-cazuza\/#breadcrumb"},"inLanguage":"pt-BR","potentialAction":[{"@type":"ReadAction","target":["https:\/\/www.sabra.org.br\/site\/hino-atemporal-renato-russo-cazuza\/"]}]},{"@type":"ImageObject","inLanguage":"pt-BR","@id":"https:\/\/www.sabra.org.br\/site\/hino-atemporal-renato-russo-cazuza\/#primaryimage","url":"https:\/\/www.sabra.org.br\/site\/wp-content\/uploads\/2019\/11\/hino-atemporal-por-que-as-musicas-de-renato-russo-e-cazuza-ate-hoje-nao-foram-esquecidas-20190913142412.jpg.jpg","contentUrl":"https:\/\/www.sabra.org.br\/site\/wp-content\/uploads\/2019\/11\/hino-atemporal-por-que-as-musicas-de-renato-russo-e-cazuza-ate-hoje-nao-foram-esquecidas-20190913142412.jpg.jpg","width":800,"height":534,"caption":"Sociedade Art\u00edstica Brasileira"},{"@type":"BreadcrumbList","@id":"https:\/\/www.sabra.org.br\/site\/hino-atemporal-renato-russo-cazuza\/#breadcrumb","itemListElement":[{"@type":"ListItem","position":1,"name":"In\u00edcio","item":"https:\/\/www.sabra.org.br\/site\/"},{"@type":"ListItem","position":2,"name":"Hino atemporal!"}]},{"@type":"WebSite","@id":"https:\/\/www.sabra.org.br\/site\/#website","url":"https:\/\/www.sabra.org.br\/site\/","name":"SABRA - Sociedade Art\u00edstica Brasileira","description":"Escola de M\u00fasica, Orquestra Sinf\u00f4nica, Coral e Patrim\u00f4nio Cultural e Hist\u00f3rico","publisher":{"@id":"https:\/\/www.sabra.org.br\/site\/#organization"},"potentialAction":[{"@type":"SearchAction","target":{"@type":"EntryPoint","urlTemplate":"https:\/\/www.sabra.org.br\/site\/?s={search_term_string}"},"query-input":{"@type":"PropertyValueSpecification","valueRequired":true,"valueName":"search_term_string"}}],"inLanguage":"pt-BR"},{"@type":"Organization","@id":"https:\/\/www.sabra.org.br\/site\/#organization","name":"SOCIEDADE ART\u00cdSTICA BRASILEIRA SABRA","alternateName":"SABRA","url":"https:\/\/www.sabra.org.br\/site\/","logo":{"@type":"ImageObject","inLanguage":"pt-BR","@id":"https:\/\/www.sabra.org.br\/site\/#\/schema\/logo\/image\/","url":"https:\/\/www.sabra.org.br\/site\/wp-content\/uploads\/2019\/06\/cropped-Logo_SABRA-Copia-1.webp","contentUrl":"https:\/\/www.sabra.org.br\/site\/wp-content\/uploads\/2019\/06\/cropped-Logo_SABRA-Copia-1.webp","width":400,"height":128,"caption":"SOCIEDADE ART\u00cdSTICA BRASILEIRA SABRA"},"image":{"@id":"https:\/\/www.sabra.org.br\/site\/#\/schema\/logo\/image\/"},"sameAs":["https:\/\/www.facebook.com\/sabrabrasil","https:\/\/x.com\/ContatoSabra","https:\/\/www.instagram.com\/sabrabrasil\/","https:\/\/www.linkedin.com\/company\/25002088\/","https:\/\/br.pinterest.com\/sociedadeartisticabrasileira\/","https:\/\/www.youtube.com\/c\/sabrabrasil"]},{"@type":"Person","@id":"https:\/\/www.sabra.org.br\/site\/#\/schema\/person\/7d1d222c3c8891d4c37c7b41bf6315c2","name":"M\u00e1rcio Miranda Pontes","image":{"@type":"ImageObject","inLanguage":"pt-BR","@id":"https:\/\/secure.gravatar.com\/avatar\/3b45f24496a7625a3a6c436688fbe20344faaeb2979658dc4a9921f984d7df9a?s=96&d=mm&r=g","url":"https:\/\/secure.gravatar.com\/avatar\/3b45f24496a7625a3a6c436688fbe20344faaeb2979658dc4a9921f984d7df9a?s=96&d=mm&r=g","contentUrl":"https:\/\/secure.gravatar.com\/avatar\/3b45f24496a7625a3a6c436688fbe20344faaeb2979658dc4a9921f984d7df9a?s=96&d=mm&r=g","caption":"M\u00e1rcio Miranda Pontes"},"sameAs":["http:\/\/www.sabra.org.br"],"url":"https:\/\/www.sabra.org.br\/site\/author\/marcio-miranda-pontes\/"}]}},"jetpack_featured_media_url":"https:\/\/www.sabra.org.br\/site\/wp-content\/uploads\/2019\/11\/hino-atemporal-por-que-as-musicas-de-renato-russo-e-cazuza-ate-hoje-nao-foram-esquecidas-20190913142412.jpg.jpg","jetpack_shortlink":"https:\/\/wp.me\/p95j2Z-CC","jetpack-related-posts":[{"id":6893,"url":"https:\/\/www.sabra.org.br\/site\/livros-de-musica\/","url_meta":{"origin":2394,"position":0},"title":"Dicas de livros sobre m\u00fasica mais populares em 2022","author":"M\u00e1rcio Miranda Pontes","date":"6 de abril de 2023","format":false,"excerpt":"Ouvir m\u00fasica e ler s\u00e3o fundamentais para a aquisi\u00e7\u00e3o de conhecimentos. Ler sobre m\u00fasica, ent\u00e3o, aumenta todos os benef\u00edcios poss\u00edveis das duas a\u00e7\u00f5es. Confira agora alguns livros que podem ampliar seus saberes sobre a hist\u00f3ria, desenvolvimento e demais caracter\u00edsticas das m\u00fasicas.","rel":"","context":"Em &quot;Blog SABRA&quot;","block_context":{"text":"Blog SABRA","link":"https:\/\/www.sabra.org.br\/site\/category\/blog-sabra\/"},"img":{"alt_text":"m\u00fasica-livros-brasileira-publicada","src":"https:\/\/i0.wp.com\/www.sabra.org.br\/site\/wp-content\/uploads\/2023\/04\/x-dicas-de-livros-mais-populares-em-20221027111319.jpg.jpg?resize=350%2C200&ssl=1","width":350,"height":200,"srcset":"https:\/\/i0.wp.com\/www.sabra.org.br\/site\/wp-content\/uploads\/2023\/04\/x-dicas-de-livros-mais-populares-em-20221027111319.jpg.jpg?resize=350%2C200&ssl=1 1x, https:\/\/i0.wp.com\/www.sabra.org.br\/site\/wp-content\/uploads\/2023\/04\/x-dicas-de-livros-mais-populares-em-20221027111319.jpg.jpg?resize=525%2C300&ssl=1 1.5x"},"classes":[]},{"id":3024,"url":"https:\/\/www.sabra.org.br\/site\/filmes-de-biografias-da-musica\/","url_meta":{"origin":2394,"position":1},"title":"Filmes de biografias da m\u00fasica","author":"M\u00e1rcio Miranda Pontes","date":"26 de junho de 2020","format":false,"excerpt":"Nada melhor do que ver a hist\u00f3ria do seu cantor ou banda favorita nas telonas, n\u00e3o \u00e9 mesmo? Ent\u00e3o, confira aqui as melhores biografias de artistas consagrados no cen\u00e1rio musical que viraram filme!","rel":"","context":"Em &quot;Blog SABRA&quot;","block_context":{"text":"Blog SABRA","link":"https:\/\/www.sabra.org.br\/site\/category\/blog-sabra\/"},"img":{"alt_text":"Filmes de biografias da m\u00fasica","src":"https:\/\/i0.wp.com\/www.sabra.org.br\/site\/wp-content\/uploads\/2020\/06\/conheca-x-das-melhores-biografias-da-musica-que-viraram-filme-20200602154116.jpg.jpg?resize=350%2C200&ssl=1","width":350,"height":200,"srcset":"https:\/\/i0.wp.com\/www.sabra.org.br\/site\/wp-content\/uploads\/2020\/06\/conheca-x-das-melhores-biografias-da-musica-que-viraram-filme-20200602154116.jpg.jpg?resize=350%2C200&ssl=1 1x, https:\/\/i0.wp.com\/www.sabra.org.br\/site\/wp-content\/uploads\/2020\/06\/conheca-x-das-melhores-biografias-da-musica-que-viraram-filme-20200602154116.jpg.jpg?resize=525%2C300&ssl=1 1.5x, https:\/\/i0.wp.com\/www.sabra.org.br\/site\/wp-content\/uploads\/2020\/06\/conheca-x-das-melhores-biografias-da-musica-que-viraram-filme-20200602154116.jpg.jpg?resize=700%2C400&ssl=1 2x"},"classes":[]},{"id":2593,"url":"https:\/\/www.sabra.org.br\/site\/musica-e-adolescencia\/","url_meta":{"origin":2394,"position":2},"title":"M\u00fasica e adolesc\u00eancia.","author":"M\u00e1rcio Miranda Pontes","date":"20 de mar\u00e7o de 2020","format":false,"excerpt":"Na adolesc\u00eancia temos novas percep\u00e7\u00f5es e sensa\u00e7\u00f5es do mundo que nos rodeia e tamb\u00e9m buscamos entender mudan\u00e7as internas que essa fase nos proporciona. Veja como a m\u00fasica pode ser uma grande aliada na constru\u00e7\u00e3o da identidade do adolescente em forma\u00e7\u00e3o!","rel":"","context":"Em &quot;Blog SABRA&quot;","block_context":{"text":"Blog SABRA","link":"https:\/\/www.sabra.org.br\/site\/category\/blog-sabra\/"},"img":{"alt_text":"musica-adolescencia","src":"https:\/\/i0.wp.com\/www.sabra.org.br\/site\/wp-content\/uploads\/2020\/03\/por-que-o-contato-com-a-musica-e-importante-para-o-periodo-da-adolescencia-20190821162519.jpg.jpg?resize=350%2C200&ssl=1","width":350,"height":200,"srcset":"https:\/\/i0.wp.com\/www.sabra.org.br\/site\/wp-content\/uploads\/2020\/03\/por-que-o-contato-com-a-musica-e-importante-para-o-periodo-da-adolescencia-20190821162519.jpg.jpg?resize=350%2C200&ssl=1 1x, https:\/\/i0.wp.com\/www.sabra.org.br\/site\/wp-content\/uploads\/2020\/03\/por-que-o-contato-com-a-musica-e-importante-para-o-periodo-da-adolescencia-20190821162519.jpg.jpg?resize=525%2C300&ssl=1 1.5x, https:\/\/i0.wp.com\/www.sabra.org.br\/site\/wp-content\/uploads\/2020\/03\/por-que-o-contato-com-a-musica-e-importante-para-o-periodo-da-adolescencia-20190821162519.jpg.jpg?resize=700%2C400&ssl=1 2x"},"classes":[]},{"id":5222,"url":"https:\/\/www.sabra.org.br\/site\/banda-rock\/","url_meta":{"origin":2394,"position":3},"title":"Bandas e m\u00fasicos que marcaram o rock nacional","author":"M\u00e1rcio Miranda Pontes","date":"20 de junho de 2022","format":false,"excerpt":"O rock, definitivamente, n\u00e3o morreu! Prova disso s\u00e3o as bandas e cantores brasileiros que transcendem o tempo, mantendo sua m\u00fasica viva no cora\u00e7\u00e3o e nos ouvidos de crian\u00e7as, jovens e adultos, ano ap\u00f3s ano. Para conhecer algumas delas, confira o post a seguir!","rel":"","context":"Em &quot;Blog SABRA&quot;","block_context":{"text":"Blog SABRA","link":"https:\/\/www.sabra.org.br\/site\/category\/blog-sabra\/"},"img":{"alt_text":"banda-rock-musica-brasileira","src":"https:\/\/i0.wp.com\/www.sabra.org.br\/site\/wp-content\/uploads\/2022\/06\/x-bandas-e-musicos-que-marcaram-o-rock-nacional-20220303163651.jpg.jpg?resize=350%2C200&ssl=1","width":350,"height":200,"srcset":"https:\/\/i0.wp.com\/www.sabra.org.br\/site\/wp-content\/uploads\/2022\/06\/x-bandas-e-musicos-que-marcaram-o-rock-nacional-20220303163651.jpg.jpg?resize=350%2C200&ssl=1 1x, https:\/\/i0.wp.com\/www.sabra.org.br\/site\/wp-content\/uploads\/2022\/06\/x-bandas-e-musicos-que-marcaram-o-rock-nacional-20220303163651.jpg.jpg?resize=525%2C300&ssl=1 1.5x, https:\/\/i0.wp.com\/www.sabra.org.br\/site\/wp-content\/uploads\/2022\/06\/x-bandas-e-musicos-que-marcaram-o-rock-nacional-20220303163651.jpg.jpg?resize=700%2C400&ssl=1 2x"},"classes":[]},{"id":2896,"url":"https:\/\/www.sabra.org.br\/site\/compositores-brasileiros-mpb\/","url_meta":{"origin":2394,"position":4},"title":"Compositores brasileiros &#8211; MPB","author":"M\u00e1rcio Miranda Pontes","date":"30 de abril de 2020","format":false,"excerpt":"Ao longo das d\u00e9cadas, o Brasil escreveu sua hist\u00f3ria na m\u00fasica, gra\u00e7as aos irreverentes e talentosos artistas que contribu\u00edram para esse feito. Aqui, n\u00f3s listamos os livros sobre alguns dos principais nomes!","rel":"","context":"Em &quot;Blog SABRA&quot;","block_context":{"text":"Blog SABRA","link":"https:\/\/www.sabra.org.br\/site\/category\/blog-sabra\/"},"img":{"alt_text":"Compositores brasileiros - MPB","src":"https:\/\/i0.wp.com\/www.sabra.org.br\/site\/wp-content\/uploads\/2020\/04\/os-melhores-livros-para-os-fas-de-compositores-brasileiros-comecarem-a-ler-20200317174456.jpg.jpg?resize=350%2C200&ssl=1","width":350,"height":200,"srcset":"https:\/\/i0.wp.com\/www.sabra.org.br\/site\/wp-content\/uploads\/2020\/04\/os-melhores-livros-para-os-fas-de-compositores-brasileiros-comecarem-a-ler-20200317174456.jpg.jpg?resize=350%2C200&ssl=1 1x, https:\/\/i0.wp.com\/www.sabra.org.br\/site\/wp-content\/uploads\/2020\/04\/os-melhores-livros-para-os-fas-de-compositores-brasileiros-comecarem-a-ler-20200317174456.jpg.jpg?resize=525%2C300&ssl=1 1.5x, https:\/\/i0.wp.com\/www.sabra.org.br\/site\/wp-content\/uploads\/2020\/04\/os-melhores-livros-para-os-fas-de-compositores-brasileiros-comecarem-a-ler-20200317174456.jpg.jpg?resize=700%2C400&ssl=1 2x"},"classes":[]},{"id":2211,"url":"https:\/\/www.sabra.org.br\/site\/heron\/","url_meta":{"origin":2394,"position":5},"title":"Heron Mota &#8211;  Depoimento","author":"M\u00e1rcio Miranda Pontes","date":"2 de agosto de 2019","format":false,"excerpt":"Depoimento dos pais de Heron Mota aluno da Escola de M\u00fasica SABRA em Betim - Curso de Musicaliza\u00e7\u00e3o Infantil e Pr\u00e1tica de Orquestra","rel":"","context":"Em &quot;Depoimentos&quot;","block_context":{"text":"Depoimentos","link":"https:\/\/www.sabra.org.br\/site\/category\/depoimentos\/"},"img":{"alt_text":"Heron","src":"https:\/\/i0.wp.com\/www.sabra.org.br\/site\/wp-content\/uploads\/2019\/07\/Heron3.jpeg?resize=350%2C200&ssl=1","width":350,"height":200,"srcset":"https:\/\/i0.wp.com\/www.sabra.org.br\/site\/wp-content\/uploads\/2019\/07\/Heron3.jpeg?resize=350%2C200&ssl=1 1x, https:\/\/i0.wp.com\/www.sabra.org.br\/site\/wp-content\/uploads\/2019\/07\/Heron3.jpeg?resize=525%2C300&ssl=1 1.5x, https:\/\/i0.wp.com\/www.sabra.org.br\/site\/wp-content\/uploads\/2019\/07\/Heron3.jpeg?resize=700%2C400&ssl=1 2x"},"classes":[]}],"jetpack_likes_enabled":true,"jetpack_sharing_enabled":true,"_links":{"self":[{"href":"https:\/\/www.sabra.org.br\/site\/wp-json\/wp\/v2\/posts\/2394","targetHints":{"allow":["GET"]}}],"collection":[{"href":"https:\/\/www.sabra.org.br\/site\/wp-json\/wp\/v2\/posts"}],"about":[{"href":"https:\/\/www.sabra.org.br\/site\/wp-json\/wp\/v2\/types\/post"}],"author":[{"embeddable":true,"href":"https:\/\/www.sabra.org.br\/site\/wp-json\/wp\/v2\/users\/39"}],"replies":[{"embeddable":true,"href":"https:\/\/www.sabra.org.br\/site\/wp-json\/wp\/v2\/comments?post=2394"}],"version-history":[{"count":0,"href":"https:\/\/www.sabra.org.br\/site\/wp-json\/wp\/v2\/posts\/2394\/revisions"}],"wp:featuredmedia":[{"embeddable":true,"href":"https:\/\/www.sabra.org.br\/site\/wp-json\/wp\/v2\/media\/2395"}],"wp:attachment":[{"href":"https:\/\/www.sabra.org.br\/site\/wp-json\/wp\/v2\/media?parent=2394"}],"wp:term":[{"taxonomy":"category","embeddable":true,"href":"https:\/\/www.sabra.org.br\/site\/wp-json\/wp\/v2\/categories?post=2394"},{"taxonomy":"post_tag","embeddable":true,"href":"https:\/\/www.sabra.org.br\/site\/wp-json\/wp\/v2\/tags?post=2394"}],"curies":[{"name":"wp","href":"https:\/\/api.w.org\/{rel}","templated":true}]}}