{"id":2397,"date":"2019-11-07T13:31:31","date_gmt":"2019-11-07T16:31:31","guid":{"rendered":"https:\/\/www.sabra.org.br\/site\/?p=2397"},"modified":"2025-04-20T19:23:31","modified_gmt":"2025-04-20T22:23:31","slug":"concertos-de-piano","status":"publish","type":"post","link":"https:\/\/www.sabra.org.br\/site\/concertos-de-piano\/","title":{"rendered":"Concertos de piano"},"content":{"rendered":"<h2>Concertos de piano que voc\u00ea precisa ouvir hoje mesmo<\/h2>\n<p>A m\u00fasica tem um poder transformador, consegue elevar o nosso temperamento e trazer tranquilidade e paz. A m\u00fasica cl\u00e1ssica em seus concertos possui esse efeito no ouvinte. Aos amantes do piano, n\u00e3o faltam op\u00e7\u00f5es de <strong>concertos de piano<\/strong> para ouvir e apreciar uma boa m\u00fasica.<\/p>\n<p>Saiba nesta lista os dez concertos de piano que voc\u00ea precisa ouvir hoje mesmo!<\/p>\n<h2>1. Edvard Hagerup Grieg<\/h2>\n<p>O Concerto para piano em L\u00e1 menor, Op. 16, de Grieg \u00e9 \u00f3timo e demanda de uma express\u00e3o t\u00e9cnica do seu int\u00e9rprete. A obra tem destaque por conta da riqueza em sua harmonia, \u00e9 datada de 1868 e foi composta por Grieg aos seus 24 anos.<\/p>\n<h2>2. Pyotr Ilyich Tchaikovsky<\/h2>\n<p>O Concerto para piano n\u00b01 em Si bemol menor, Op. 23 \u00e9 de 1974 e muito popular aos amantes da m\u00fasica cl\u00e1ssica. A vis\u00e3o de Tchaikovsky \u00e9 diferenciada, pois ele encara a obra como um embate entre o piano e os demais instrumentos, conforme suas pr\u00f3prias declara\u00e7\u00f5es.<\/p>\n<h2>3. Johannes Brahms<\/h2>\n<p>O Concerto para piano n\u00b0 2 em Si bemol maior, Op. 83 \u00e9 datado de 1881, consiste em uma das duas obras que o autor comp\u00f4s para pianos. A obra \u00e9 vista por pianistas como dif\u00edcil por conta sua pot\u00eancia exigida ao mesmo tempo em que contrasta com delicadeza. Sem d\u00favida imperd\u00edvel.<\/p>\n<h2>4. Sergei Vasilievich Rachmaninoff<\/h2>\n<p>O Concerto para piano n\u00b02 em D\u00f3 menor, Op. 18 \u00e9 de 1901 e, como a maioria dos concertos, carrega consigo parte da hist\u00f3ria do autor. Ao ter grande desapontamento em sua primeira obra, o autor passou por tratamentos por conta de uma depress\u00e3o e essa trajet\u00f3ria o levou ao \u00eaxito que marcou a m\u00fasica por meio dessa obra.<\/p>\n<h2>5. Joseph Maurice Ravel<\/h2>\n<p>O Concerto para piano em Sol maior, M. 83 \u00e9 de 1931, \u00e9 considerada uma obra-prima. O autor faz refer\u00eancia a grandes autores em sua produ\u00e7\u00e3o, al\u00e9m de ser essa a sua \u00faltima obra composta exclusivamente para piano.<\/p>\n<h2>6. Wolfgang Amadeus Mozart<\/h2>\n<p>O Concerto para piano n\u00b0 21 em D\u00f3 maior, KV 467 \u00e9 de 1785. Obviamente n\u00e3o poder\u00edamos deixar Mozart fora dessa lista, como um dos maiores nomes da m\u00fasica. A obra carrega grande fama pela sua genialidade e tamb\u00e9m dificuldade para execu\u00e7\u00e3o.<\/p>\n<h2>7. Ludwig Van Beethoven<\/h2>\n<p>O Concerto para piano n\u00b0 5 em Mi bemol maior, Op. 73 \u00e9 de 1811 e foi composto pelo g\u00eanio consagrado Beethoven. A obra hoje \u00e9 conhecida como &#8220;Imperador&#8221; e foi o \u00faltimo concerto para piano composto pelo autor.<\/p>\n<h2>8. Fryderyk Franciszek Chopin<\/h2>\n<p>O Concerto para piano n\u00b01 em Mi menor, Op. 11 pertence a outro g\u00eanio e foi composto em 1830. Ainda na sua juventude, Chopin comp\u00f4s dois concertos para piano e esse \u00e9 um deles.<\/p>\n<h2>9. Robert Alexander Schumann<\/h2>\n<p>O Concerto para piano em L\u00e1 menor, Op. 54 \u00e9 de 1845 e considerada uma obra de arte pela sua complexidade na composi\u00e7\u00e3o. A introdu\u00e7\u00e3o rica \u00e9 seguida pela orquestra e de volta ao piano, sendo composta por v\u00e1rios movimentos.<\/p>\n<h2>10. Charles-Camille Saint-Sa\u00ebns<\/h2>\n<p>O Concerto para piano n\u00b0 2 em Sol menor, Op. 22 \u00e9 de 1868 e carrega a versatilidade que \u00e9 caracter\u00edstica do seu autor. O destaque de Saint-Sa\u00ebns tamb\u00e9m fica por conta de suas composi\u00e7\u00f5es ricas e ao mesmo tempo populares.<\/p>\n<p>Essa foi a nossa lista de concertos para pianos que voc\u00ea precisa ouvir. Coloque todos na sua lista e ou\u00e7a ainda hoje. Temos certeza de que n\u00e3o se arrepender\u00e1 de investir um tempo apreciando toda essa m\u00fasica de qualidade.<\/p>\n<h2>Se voc\u00ea gostou deste post:<\/h2>\n<p>&#8211; SIGA as nossas p\u00e1ginas nas redes sociais para acompanhar as nossas atualiza\u00e7\u00f5es: estamos no <a href=\"https:\/\/www.facebook.com\/sabrabrasil\" target=\"_blank\" rel=\"noopener noreferrer\">Facebook<\/a>, no <a href=\"https:\/\/www.instagram.com\/sabrabrasil\/\" target=\"_blank\" rel=\"noopener noreferrer\">Instagram<\/a>, no <a href=\"https:\/\/www.linkedin.com\/company\/25002088\" target=\"_blank\" rel=\"noopener noreferrer\">LinkedIn<\/a>, no <a href=\"https:\/\/twitter.com\/ContatoSabra\" target=\"_blank\" rel=\"noopener noreferrer\">Twitter<\/a> e no <a href=\"https:\/\/www.youtube.com\/channel\/UCJw-kbuEvzUNdeQf20Pa-eQ\" target=\"_blank\" rel=\"noopener noreferrer\">YouTube<\/a>!<\/p>\n<p>&#8211; CONHE\u00c7A o trabalho da Sociedade Art\u00edstica Brasileira (SABRA) e todas as iniciativas culturais e sociais que ela mant\u00e9m. <a href=\"https:\/\/www.sabra.org.br\/site\/acoes\/\" target=\"_blank\" rel=\"noopener noreferrer\">Acesse nosso site!<\/a><\/p>\n<p>&#8211; ENTRE EM CONTATO com a gente. E veja quais s\u00e3o as op\u00e7\u00f5es de ajuda na manuten\u00e7\u00e3o de nossas a\u00e7\u00f5es sociais e culturais. Basta acessar nossa p\u00e1gina <a href=\"https:\/\/www.sabra.org.br\/site\/doe-agora\/\" target=\"_blank\" rel=\"noopener noreferrer\">Doe Agora!<\/a><\/p>\n<p>&#8211; COMPARTILHE este texto nas suas redes sociais e ajude os seus amigos a tamb\u00e9m dominarem o assunto!<\/p>\n","protected":false},"excerpt":{"rendered":"<p>Quer conhecer alguns concertos de piano incr\u00edveis e que todos deveriam ouvir? Ent\u00e3o, confira nosso novo post e se surpreenda com a suavidade e perfei\u00e7\u00e3o dessas obras! Leia e saiba mais!<\/p>\n","protected":false},"author":39,"featured_media":2399,"comment_status":"closed","ping_status":"closed","sticky":false,"template":"","format":"standard","meta":{"jetpack_post_was_ever_published":false,"_jetpack_newsletter_access":"","_jetpack_dont_email_post_to_subs":false,"_jetpack_newsletter_tier_id":0,"_jetpack_memberships_contains_paywalled_content":false,"_jetpack_memberships_contains_paid_content":false,"footnotes":""},"categories":[1],"tags":[15,8,1846,1285,16,1286,11,9],"class_list":["post-2397","post","type-post","status-publish","format-standard","has-post-thumbnail","hentry","category-blog-sabra","tag-assistencia-social","tag-canto-coral","tag-escola-de-musica-de-nova-lima","tag-escola-de-musica-sabra","tag-musicalizacao-infantil","tag-orquestra-infanto-juvenil-de-betim","tag-orquestra-sinfonica-de-betim","tag-sociedade-artistica-brasileira"],"yoast_head":"<!-- This site is optimized with the Yoast SEO plugin v27.5 - https:\/\/yoast.com\/product\/yoast-seo-wordpress\/ -->\n<title>Concertos de piano - SABRA - Sociedade Art\u00edstica Brasileira<\/title>\n<meta name=\"description\" content=\"Quer conhecer alguns concertos de piano incr\u00edveis e que todos deveriam ouvir? Confira nosso post e se surpreenda com a suavidade e perfei\u00e7\u00e3o dessas obras!\" \/>\n<meta name=\"robots\" content=\"index, follow, max-snippet:-1, max-image-preview:large, max-video-preview:-1\" \/>\n<link rel=\"canonical\" href=\"https:\/\/www.sabra.org.br\/site\/concertos-de-piano\/\" \/>\n<meta property=\"og:locale\" content=\"pt_BR\" \/>\n<meta property=\"og:type\" content=\"article\" \/>\n<meta property=\"og:title\" content=\"Concertos de piano - SABRA - Sociedade Art\u00edstica Brasileira\" \/>\n<meta property=\"og:description\" content=\"Quer conhecer alguns concertos de piano incr\u00edveis e que todos deveriam ouvir? Confira nosso post e se surpreenda com a suavidade e perfei\u00e7\u00e3o dessas obras!\" \/>\n<meta property=\"og:url\" content=\"https:\/\/www.sabra.org.br\/site\/concertos-de-piano\/\" \/>\n<meta property=\"og:site_name\" content=\"SABRA - Sociedade Art\u00edstica Brasileira\" \/>\n<meta property=\"article:publisher\" content=\"https:\/\/www.facebook.com\/sabrabrasil\" \/>\n<meta property=\"article:published_time\" content=\"2019-11-07T16:31:31+00:00\" \/>\n<meta property=\"article:modified_time\" content=\"2025-04-20T22:23:31+00:00\" \/>\n<meta property=\"og:image\" content=\"https:\/\/www.sabra.org.br\/site\/wp-content\/uploads\/2019\/11\/x-concertos-de-piano-que-voce-precisa-ouvir-hoje-mesmo-20190822134443.jpg.jpg\" \/>\n\t<meta property=\"og:image:width\" content=\"800\" \/>\n\t<meta property=\"og:image:height\" content=\"533\" \/>\n\t<meta property=\"og:image:type\" content=\"image\/jpeg\" \/>\n<meta name=\"author\" content=\"M\u00e1rcio Miranda Pontes\" \/>\n<meta name=\"twitter:card\" content=\"summary_large_image\" \/>\n<meta name=\"twitter:creator\" content=\"@ContatoSabra\" \/>\n<meta name=\"twitter:site\" content=\"@ContatoSabra\" \/>\n<meta name=\"twitter:label1\" content=\"Escrito por\" \/>\n\t<meta name=\"twitter:data1\" content=\"M\u00e1rcio Miranda Pontes\" \/>\n\t<meta name=\"twitter:label2\" content=\"Est. tempo de leitura\" \/>\n\t<meta name=\"twitter:data2\" content=\"3 minutos\" \/>\n<script type=\"application\/ld+json\" class=\"yoast-schema-graph\">{\"@context\":\"https:\\\/\\\/schema.org\",\"@graph\":[{\"@type\":\"Article\",\"@id\":\"https:\\\/\\\/www.sabra.org.br\\\/site\\\/concertos-de-piano\\\/#article\",\"isPartOf\":{\"@id\":\"https:\\\/\\\/www.sabra.org.br\\\/site\\\/concertos-de-piano\\\/\"},\"author\":{\"name\":\"M\u00e1rcio Miranda Pontes\",\"@id\":\"https:\\\/\\\/www.sabra.org.br\\\/site\\\/#\\\/schema\\\/person\\\/7d1d222c3c8891d4c37c7b41bf6315c2\"},\"headline\":\"Concertos de piano\",\"datePublished\":\"2019-11-07T16:31:31+00:00\",\"dateModified\":\"2025-04-20T22:23:31+00:00\",\"mainEntityOfPage\":{\"@id\":\"https:\\\/\\\/www.sabra.org.br\\\/site\\\/concertos-de-piano\\\/\"},\"wordCount\":689,\"publisher\":{\"@id\":\"https:\\\/\\\/www.sabra.org.br\\\/site\\\/#organization\"},\"image\":{\"@id\":\"https:\\\/\\\/www.sabra.org.br\\\/site\\\/concertos-de-piano\\\/#primaryimage\"},\"thumbnailUrl\":\"https:\\\/\\\/www.sabra.org.br\\\/site\\\/wp-content\\\/uploads\\\/2019\\\/11\\\/x-concertos-de-piano-que-voce-precisa-ouvir-hoje-mesmo-20190822134443.jpg.jpg\",\"keywords\":[\"Assist\u00eancia social\",\"Canto Coral\",\"Escola de M\u00fasica de Nova Lima\",\"Escola de Musica SABRA\",\"Musicaliza\u00e7\u00e3o Infantil\",\"Orquestra Infanto Juvenil de Betim\",\"Orquestra Sinf\u00f4nica de Betim\",\"Sociedade Art\u00edstica Brasileira\"],\"articleSection\":[\"Blog SABRA\"],\"inLanguage\":\"pt-BR\"},{\"@type\":\"WebPage\",\"@id\":\"https:\\\/\\\/www.sabra.org.br\\\/site\\\/concertos-de-piano\\\/\",\"url\":\"https:\\\/\\\/www.sabra.org.br\\\/site\\\/concertos-de-piano\\\/\",\"name\":\"Concertos de piano - SABRA - Sociedade Art\u00edstica Brasileira\",\"isPartOf\":{\"@id\":\"https:\\\/\\\/www.sabra.org.br\\\/site\\\/#website\"},\"primaryImageOfPage\":{\"@id\":\"https:\\\/\\\/www.sabra.org.br\\\/site\\\/concertos-de-piano\\\/#primaryimage\"},\"image\":{\"@id\":\"https:\\\/\\\/www.sabra.org.br\\\/site\\\/concertos-de-piano\\\/#primaryimage\"},\"thumbnailUrl\":\"https:\\\/\\\/www.sabra.org.br\\\/site\\\/wp-content\\\/uploads\\\/2019\\\/11\\\/x-concertos-de-piano-que-voce-precisa-ouvir-hoje-mesmo-20190822134443.jpg.jpg\",\"datePublished\":\"2019-11-07T16:31:31+00:00\",\"dateModified\":\"2025-04-20T22:23:31+00:00\",\"description\":\"Quer conhecer alguns concertos de piano incr\u00edveis e que todos deveriam ouvir? Confira nosso post e se surpreenda com a suavidade e perfei\u00e7\u00e3o dessas obras!\",\"breadcrumb\":{\"@id\":\"https:\\\/\\\/www.sabra.org.br\\\/site\\\/concertos-de-piano\\\/#breadcrumb\"},\"inLanguage\":\"pt-BR\",\"potentialAction\":[{\"@type\":\"ReadAction\",\"target\":[\"https:\\\/\\\/www.sabra.org.br\\\/site\\\/concertos-de-piano\\\/\"]}]},{\"@type\":\"ImageObject\",\"inLanguage\":\"pt-BR\",\"@id\":\"https:\\\/\\\/www.sabra.org.br\\\/site\\\/concertos-de-piano\\\/#primaryimage\",\"url\":\"https:\\\/\\\/www.sabra.org.br\\\/site\\\/wp-content\\\/uploads\\\/2019\\\/11\\\/x-concertos-de-piano-que-voce-precisa-ouvir-hoje-mesmo-20190822134443.jpg.jpg\",\"contentUrl\":\"https:\\\/\\\/www.sabra.org.br\\\/site\\\/wp-content\\\/uploads\\\/2019\\\/11\\\/x-concertos-de-piano-que-voce-precisa-ouvir-hoje-mesmo-20190822134443.jpg.jpg\",\"width\":800,\"height\":533,\"caption\":\"Sociedade Art\u00edstica Brasileira SABRA\"},{\"@type\":\"BreadcrumbList\",\"@id\":\"https:\\\/\\\/www.sabra.org.br\\\/site\\\/concertos-de-piano\\\/#breadcrumb\",\"itemListElement\":[{\"@type\":\"ListItem\",\"position\":1,\"name\":\"In\u00edcio\",\"item\":\"https:\\\/\\\/www.sabra.org.br\\\/site\\\/\"},{\"@type\":\"ListItem\",\"position\":2,\"name\":\"Concertos de piano\"}]},{\"@type\":\"WebSite\",\"@id\":\"https:\\\/\\\/www.sabra.org.br\\\/site\\\/#website\",\"url\":\"https:\\\/\\\/www.sabra.org.br\\\/site\\\/\",\"name\":\"SABRA - Sociedade Art\u00edstica Brasileira\",\"description\":\"Escola de M\u00fasica, Orquestra Sinf\u00f4nica, Coral e Patrim\u00f4nio Cultural e Hist\u00f3rico\",\"publisher\":{\"@id\":\"https:\\\/\\\/www.sabra.org.br\\\/site\\\/#organization\"},\"potentialAction\":[{\"@type\":\"SearchAction\",\"target\":{\"@type\":\"EntryPoint\",\"urlTemplate\":\"https:\\\/\\\/www.sabra.org.br\\\/site\\\/?s={search_term_string}\"},\"query-input\":{\"@type\":\"PropertyValueSpecification\",\"valueRequired\":true,\"valueName\":\"search_term_string\"}}],\"inLanguage\":\"pt-BR\"},{\"@type\":\"Organization\",\"@id\":\"https:\\\/\\\/www.sabra.org.br\\\/site\\\/#organization\",\"name\":\"SOCIEDADE ART\u00cdSTICA BRASILEIRA SABRA\",\"alternateName\":\"SABRA\",\"url\":\"https:\\\/\\\/www.sabra.org.br\\\/site\\\/\",\"logo\":{\"@type\":\"ImageObject\",\"inLanguage\":\"pt-BR\",\"@id\":\"https:\\\/\\\/www.sabra.org.br\\\/site\\\/#\\\/schema\\\/logo\\\/image\\\/\",\"url\":\"https:\\\/\\\/www.sabra.org.br\\\/site\\\/wp-content\\\/uploads\\\/2019\\\/06\\\/cropped-Logo_SABRA-Copia-1.webp\",\"contentUrl\":\"https:\\\/\\\/www.sabra.org.br\\\/site\\\/wp-content\\\/uploads\\\/2019\\\/06\\\/cropped-Logo_SABRA-Copia-1.webp\",\"width\":400,\"height\":128,\"caption\":\"SOCIEDADE ART\u00cdSTICA BRASILEIRA SABRA\"},\"image\":{\"@id\":\"https:\\\/\\\/www.sabra.org.br\\\/site\\\/#\\\/schema\\\/logo\\\/image\\\/\"},\"sameAs\":[\"https:\\\/\\\/www.facebook.com\\\/sabrabrasil\",\"https:\\\/\\\/x.com\\\/ContatoSabra\",\"https:\\\/\\\/www.instagram.com\\\/sabrabrasil\\\/\",\"https:\\\/\\\/www.linkedin.com\\\/company\\\/25002088\\\/\",\"https:\\\/\\\/br.pinterest.com\\\/sociedadeartisticabrasileira\\\/\",\"https:\\\/\\\/www.youtube.com\\\/c\\\/sabrabrasil\"]},{\"@type\":\"Person\",\"@id\":\"https:\\\/\\\/www.sabra.org.br\\\/site\\\/#\\\/schema\\\/person\\\/7d1d222c3c8891d4c37c7b41bf6315c2\",\"name\":\"M\u00e1rcio Miranda Pontes\",\"image\":{\"@type\":\"ImageObject\",\"inLanguage\":\"pt-BR\",\"@id\":\"https:\\\/\\\/secure.gravatar.com\\\/avatar\\\/3b45f24496a7625a3a6c436688fbe20344faaeb2979658dc4a9921f984d7df9a?s=96&d=mm&r=g\",\"url\":\"https:\\\/\\\/secure.gravatar.com\\\/avatar\\\/3b45f24496a7625a3a6c436688fbe20344faaeb2979658dc4a9921f984d7df9a?s=96&d=mm&r=g\",\"contentUrl\":\"https:\\\/\\\/secure.gravatar.com\\\/avatar\\\/3b45f24496a7625a3a6c436688fbe20344faaeb2979658dc4a9921f984d7df9a?s=96&d=mm&r=g\",\"caption\":\"M\u00e1rcio Miranda Pontes\"},\"sameAs\":[\"http:\\\/\\\/www.sabra.org.br\"],\"url\":\"https:\\\/\\\/www.sabra.org.br\\\/site\\\/author\\\/marcio-miranda-pontes\\\/\"}]}<\/script>\n<!-- \/ Yoast SEO plugin. -->","yoast_head_json":{"title":"Concertos de piano - SABRA - Sociedade Art\u00edstica Brasileira","description":"Quer conhecer alguns concertos de piano incr\u00edveis e que todos deveriam ouvir? Confira nosso post e se surpreenda com a suavidade e perfei\u00e7\u00e3o dessas obras!","robots":{"index":"index","follow":"follow","max-snippet":"max-snippet:-1","max-image-preview":"max-image-preview:large","max-video-preview":"max-video-preview:-1"},"canonical":"https:\/\/www.sabra.org.br\/site\/concertos-de-piano\/","og_locale":"pt_BR","og_type":"article","og_title":"Concertos de piano - SABRA - Sociedade Art\u00edstica Brasileira","og_description":"Quer conhecer alguns concertos de piano incr\u00edveis e que todos deveriam ouvir? Confira nosso post e se surpreenda com a suavidade e perfei\u00e7\u00e3o dessas obras!","og_url":"https:\/\/www.sabra.org.br\/site\/concertos-de-piano\/","og_site_name":"SABRA - Sociedade Art\u00edstica Brasileira","article_publisher":"https:\/\/www.facebook.com\/sabrabrasil","article_published_time":"2019-11-07T16:31:31+00:00","article_modified_time":"2025-04-20T22:23:31+00:00","og_image":[{"width":800,"height":533,"url":"https:\/\/www.sabra.org.br\/site\/wp-content\/uploads\/2019\/11\/x-concertos-de-piano-que-voce-precisa-ouvir-hoje-mesmo-20190822134443.jpg.jpg","type":"image\/jpeg"}],"author":"M\u00e1rcio Miranda Pontes","twitter_card":"summary_large_image","twitter_creator":"@ContatoSabra","twitter_site":"@ContatoSabra","twitter_misc":{"Escrito por":"M\u00e1rcio Miranda Pontes","Est. tempo de leitura":"3 minutos"},"schema":{"@context":"https:\/\/schema.org","@graph":[{"@type":"Article","@id":"https:\/\/www.sabra.org.br\/site\/concertos-de-piano\/#article","isPartOf":{"@id":"https:\/\/www.sabra.org.br\/site\/concertos-de-piano\/"},"author":{"name":"M\u00e1rcio Miranda Pontes","@id":"https:\/\/www.sabra.org.br\/site\/#\/schema\/person\/7d1d222c3c8891d4c37c7b41bf6315c2"},"headline":"Concertos de piano","datePublished":"2019-11-07T16:31:31+00:00","dateModified":"2025-04-20T22:23:31+00:00","mainEntityOfPage":{"@id":"https:\/\/www.sabra.org.br\/site\/concertos-de-piano\/"},"wordCount":689,"publisher":{"@id":"https:\/\/www.sabra.org.br\/site\/#organization"},"image":{"@id":"https:\/\/www.sabra.org.br\/site\/concertos-de-piano\/#primaryimage"},"thumbnailUrl":"https:\/\/www.sabra.org.br\/site\/wp-content\/uploads\/2019\/11\/x-concertos-de-piano-que-voce-precisa-ouvir-hoje-mesmo-20190822134443.jpg.jpg","keywords":["Assist\u00eancia social","Canto Coral","Escola de M\u00fasica de Nova Lima","Escola de Musica SABRA","Musicaliza\u00e7\u00e3o Infantil","Orquestra Infanto Juvenil de Betim","Orquestra Sinf\u00f4nica de Betim","Sociedade Art\u00edstica Brasileira"],"articleSection":["Blog SABRA"],"inLanguage":"pt-BR"},{"@type":"WebPage","@id":"https:\/\/www.sabra.org.br\/site\/concertos-de-piano\/","url":"https:\/\/www.sabra.org.br\/site\/concertos-de-piano\/","name":"Concertos de piano - SABRA - Sociedade Art\u00edstica Brasileira","isPartOf":{"@id":"https:\/\/www.sabra.org.br\/site\/#website"},"primaryImageOfPage":{"@id":"https:\/\/www.sabra.org.br\/site\/concertos-de-piano\/#primaryimage"},"image":{"@id":"https:\/\/www.sabra.org.br\/site\/concertos-de-piano\/#primaryimage"},"thumbnailUrl":"https:\/\/www.sabra.org.br\/site\/wp-content\/uploads\/2019\/11\/x-concertos-de-piano-que-voce-precisa-ouvir-hoje-mesmo-20190822134443.jpg.jpg","datePublished":"2019-11-07T16:31:31+00:00","dateModified":"2025-04-20T22:23:31+00:00","description":"Quer conhecer alguns concertos de piano incr\u00edveis e que todos deveriam ouvir? Confira nosso post e se surpreenda com a suavidade e perfei\u00e7\u00e3o dessas obras!","breadcrumb":{"@id":"https:\/\/www.sabra.org.br\/site\/concertos-de-piano\/#breadcrumb"},"inLanguage":"pt-BR","potentialAction":[{"@type":"ReadAction","target":["https:\/\/www.sabra.org.br\/site\/concertos-de-piano\/"]}]},{"@type":"ImageObject","inLanguage":"pt-BR","@id":"https:\/\/www.sabra.org.br\/site\/concertos-de-piano\/#primaryimage","url":"https:\/\/www.sabra.org.br\/site\/wp-content\/uploads\/2019\/11\/x-concertos-de-piano-que-voce-precisa-ouvir-hoje-mesmo-20190822134443.jpg.jpg","contentUrl":"https:\/\/www.sabra.org.br\/site\/wp-content\/uploads\/2019\/11\/x-concertos-de-piano-que-voce-precisa-ouvir-hoje-mesmo-20190822134443.jpg.jpg","width":800,"height":533,"caption":"Sociedade Art\u00edstica Brasileira SABRA"},{"@type":"BreadcrumbList","@id":"https:\/\/www.sabra.org.br\/site\/concertos-de-piano\/#breadcrumb","itemListElement":[{"@type":"ListItem","position":1,"name":"In\u00edcio","item":"https:\/\/www.sabra.org.br\/site\/"},{"@type":"ListItem","position":2,"name":"Concertos de piano"}]},{"@type":"WebSite","@id":"https:\/\/www.sabra.org.br\/site\/#website","url":"https:\/\/www.sabra.org.br\/site\/","name":"SABRA - Sociedade Art\u00edstica Brasileira","description":"Escola de M\u00fasica, Orquestra Sinf\u00f4nica, Coral e Patrim\u00f4nio Cultural e Hist\u00f3rico","publisher":{"@id":"https:\/\/www.sabra.org.br\/site\/#organization"},"potentialAction":[{"@type":"SearchAction","target":{"@type":"EntryPoint","urlTemplate":"https:\/\/www.sabra.org.br\/site\/?s={search_term_string}"},"query-input":{"@type":"PropertyValueSpecification","valueRequired":true,"valueName":"search_term_string"}}],"inLanguage":"pt-BR"},{"@type":"Organization","@id":"https:\/\/www.sabra.org.br\/site\/#organization","name":"SOCIEDADE ART\u00cdSTICA BRASILEIRA SABRA","alternateName":"SABRA","url":"https:\/\/www.sabra.org.br\/site\/","logo":{"@type":"ImageObject","inLanguage":"pt-BR","@id":"https:\/\/www.sabra.org.br\/site\/#\/schema\/logo\/image\/","url":"https:\/\/www.sabra.org.br\/site\/wp-content\/uploads\/2019\/06\/cropped-Logo_SABRA-Copia-1.webp","contentUrl":"https:\/\/www.sabra.org.br\/site\/wp-content\/uploads\/2019\/06\/cropped-Logo_SABRA-Copia-1.webp","width":400,"height":128,"caption":"SOCIEDADE ART\u00cdSTICA BRASILEIRA SABRA"},"image":{"@id":"https:\/\/www.sabra.org.br\/site\/#\/schema\/logo\/image\/"},"sameAs":["https:\/\/www.facebook.com\/sabrabrasil","https:\/\/x.com\/ContatoSabra","https:\/\/www.instagram.com\/sabrabrasil\/","https:\/\/www.linkedin.com\/company\/25002088\/","https:\/\/br.pinterest.com\/sociedadeartisticabrasileira\/","https:\/\/www.youtube.com\/c\/sabrabrasil"]},{"@type":"Person","@id":"https:\/\/www.sabra.org.br\/site\/#\/schema\/person\/7d1d222c3c8891d4c37c7b41bf6315c2","name":"M\u00e1rcio Miranda Pontes","image":{"@type":"ImageObject","inLanguage":"pt-BR","@id":"https:\/\/secure.gravatar.com\/avatar\/3b45f24496a7625a3a6c436688fbe20344faaeb2979658dc4a9921f984d7df9a?s=96&d=mm&r=g","url":"https:\/\/secure.gravatar.com\/avatar\/3b45f24496a7625a3a6c436688fbe20344faaeb2979658dc4a9921f984d7df9a?s=96&d=mm&r=g","contentUrl":"https:\/\/secure.gravatar.com\/avatar\/3b45f24496a7625a3a6c436688fbe20344faaeb2979658dc4a9921f984d7df9a?s=96&d=mm&r=g","caption":"M\u00e1rcio Miranda Pontes"},"sameAs":["http:\/\/www.sabra.org.br"],"url":"https:\/\/www.sabra.org.br\/site\/author\/marcio-miranda-pontes\/"}]}},"jetpack_featured_media_url":"https:\/\/www.sabra.org.br\/site\/wp-content\/uploads\/2019\/11\/x-concertos-de-piano-que-voce-precisa-ouvir-hoje-mesmo-20190822134443.jpg.jpg","jetpack_shortlink":"https:\/\/wp.me\/p95j2Z-CF","jetpack-related-posts":[{"id":13394,"url":"https:\/\/www.sabra.org.br\/site\/concertos-de-piano-2\/","url_meta":{"origin":2397,"position":0},"title":"Concertos de piano que voc\u00ea precisa ouvir hoje mesmo","author":"M\u00e1rcio Miranda Pontes","date":"10 de junho de 2025","format":false,"excerpt":"Mergulhe na hist\u00f3ria dos concertos de piano e conhe\u00e7a grandes obras que encantam amantes da m\u00fasica em todo o mundo.","rel":"","context":"Em &quot;Blog SABRA&quot;","block_context":{"text":"Blog SABRA","link":"https:\/\/www.sabra.org.br\/site\/category\/blog-sabra\/"},"img":{"alt_text":"","src":"","width":0,"height":0},"classes":[]},{"id":7250,"url":"https:\/\/www.sabra.org.br\/site\/concerto-orquestra\/","url_meta":{"origin":2397,"position":1},"title":"Nova s\u00e9rie de concertos com a Orquestra Sinf\u00f4nica de Betim","author":"M\u00e1rcio Miranda Pontes","date":"2 de junho de 2023","format":false,"excerpt":"Voc\u00ea sabia que a m\u00fasica pode ser uma excelente aliada do ensino de ci\u00eancias para as crian\u00e7as na escola? \u00c9 isso mesmo! Quer saber como isso acontece? Confira o texto a seguir!","rel":"","context":"Em &quot;Not\u00edcias&quot;","block_context":{"text":"Not\u00edcias","link":"https:\/\/www.sabra.org.br\/site\/category\/noticias\/"},"img":{"alt_text":"orquestra-sinf\u00f4nica-betim-juvenil-infantil-infanto-sabra-concerto","src":"https:\/\/i0.wp.com\/www.sabra.org.br\/site\/wp-content\/uploads\/2022\/12\/IMG_9406-scaled.jpg?resize=350%2C200&ssl=1","width":350,"height":200,"srcset":"https:\/\/i0.wp.com\/www.sabra.org.br\/site\/wp-content\/uploads\/2022\/12\/IMG_9406-scaled.jpg?resize=350%2C200&ssl=1 1x, https:\/\/i0.wp.com\/www.sabra.org.br\/site\/wp-content\/uploads\/2022\/12\/IMG_9406-scaled.jpg?resize=525%2C300&ssl=1 1.5x, https:\/\/i0.wp.com\/www.sabra.org.br\/site\/wp-content\/uploads\/2022\/12\/IMG_9406-scaled.jpg?resize=700%2C400&ssl=1 2x, https:\/\/i0.wp.com\/www.sabra.org.br\/site\/wp-content\/uploads\/2022\/12\/IMG_9406-scaled.jpg?resize=1050%2C600&ssl=1 3x, https:\/\/i0.wp.com\/www.sabra.org.br\/site\/wp-content\/uploads\/2022\/12\/IMG_9406-scaled.jpg?resize=1400%2C800&ssl=1 4x"},"classes":[]},{"id":7415,"url":"https:\/\/www.sabra.org.br\/site\/instrumentos-musica-classica\/","url_meta":{"origin":2397,"position":2},"title":"Melhores instrumentos musicais para tocar m\u00fasica cl\u00e1ssica","author":"M\u00e1rcio Miranda Pontes","date":"28 de junho de 2023","format":false,"excerpt":"Descubra os instrumentos perfeitos para a m\u00fasica cl\u00e1ssica! Piano, violino e obo\u00e9: harmonia sublime em cada nota. Conhe\u00e7a a ess\u00eancia desses instrumentos e mergulhe na grandiosidade da m\u00fasica cl\u00e1ssica. Encontre sua paix\u00e3o e domine a arte da interpreta\u00e7\u00e3o.","rel":"","context":"Em &quot;Blog SABRA&quot;","block_context":{"text":"Blog SABRA","link":"https:\/\/www.sabra.org.br\/site\/category\/blog-sabra\/"},"img":{"alt_text":"m\u00fasica-cl\u00e1ssica-instrumento-obo\u00e9-expressividade-orquestra-piano-violino-sociais-sabra","src":"https:\/\/i0.wp.com\/www.sabra.org.br\/site\/wp-content\/uploads\/2023\/06\/melhores-instrumentos-musicais-para-tocar-musica-classicajpg-20230522113605.jpg-jpg.webp?resize=350%2C200&ssl=1","width":350,"height":200,"srcset":"https:\/\/i0.wp.com\/www.sabra.org.br\/site\/wp-content\/uploads\/2023\/06\/melhores-instrumentos-musicais-para-tocar-musica-classicajpg-20230522113605.jpg-jpg.webp?resize=350%2C200&ssl=1 1x, https:\/\/i0.wp.com\/www.sabra.org.br\/site\/wp-content\/uploads\/2023\/06\/melhores-instrumentos-musicais-para-tocar-musica-classicajpg-20230522113605.jpg-jpg.webp?resize=525%2C300&ssl=1 1.5x, https:\/\/i0.wp.com\/www.sabra.org.br\/site\/wp-content\/uploads\/2023\/06\/melhores-instrumentos-musicais-para-tocar-musica-classicajpg-20230522113605.jpg-jpg.webp?resize=700%2C400&ssl=1 2x"},"classes":[]},{"id":5334,"url":"https:\/\/www.sabra.org.br\/site\/chopin\/","url_meta":{"origin":2397,"position":3},"title":"Breve biografia de Fr\u00e9d\u00e9ric Chopin","author":"M\u00e1rcio Miranda Pontes","date":"8 de julho de 2022","format":false,"excerpt":"Fr\u00e9deric Chopin foi um dos maiores compositores cl\u00e1ssicos de todos os tempos. Entre suas obras, est\u00e1 a mundialmente conhecida Marcha F\u00fanebre. Mas, voc\u00ea conhece algo al\u00e9m disso sobre esse incr\u00edvel m\u00fasico polon\u00eas? Se a resposta \u00e9 negativa, venha descobrir algumas curiosidades no nosso conte\u00fado abaixo.","rel":"","context":"Em &quot;Blog SABRA&quot;","block_context":{"text":"Blog SABRA","link":"https:\/\/www.sabra.org.br\/site\/category\/blog-sabra\/"},"img":{"alt_text":"frederic-chopin-biografia","src":"https:\/\/i0.wp.com\/www.sabra.org.br\/site\/wp-content\/uploads\/2022\/07\/breve-biografia-de-frederic-chopin-20220303163637.jpg.jpg?resize=350%2C200&ssl=1","width":350,"height":200,"srcset":"https:\/\/i0.wp.com\/www.sabra.org.br\/site\/wp-content\/uploads\/2022\/07\/breve-biografia-de-frederic-chopin-20220303163637.jpg.jpg?resize=350%2C200&ssl=1 1x, https:\/\/i0.wp.com\/www.sabra.org.br\/site\/wp-content\/uploads\/2022\/07\/breve-biografia-de-frederic-chopin-20220303163637.jpg.jpg?resize=525%2C300&ssl=1 1.5x, https:\/\/i0.wp.com\/www.sabra.org.br\/site\/wp-content\/uploads\/2022\/07\/breve-biografia-de-frederic-chopin-20220303163637.jpg.jpg?resize=700%2C400&ssl=1 2x"},"classes":[]},{"id":2827,"url":"https:\/\/www.sabra.org.br\/site\/instrumentos-musicais\/","url_meta":{"origin":2397,"position":4},"title":"Instrumentos musicais","author":"M\u00e1rcio Miranda Pontes","date":"15 de abril de 2020","format":false,"excerpt":"A m\u00fasica tem o dom de nos enfeiti\u00e7ar e tornar nosso dia mais alegre ou nos trazer alguma lembran\u00e7a por meio de sua melodia. Os instrumentos musicais s\u00e3o o acompanhamento perfeito para isso.","rel":"","context":"Em &quot;Blog SABRA&quot;","block_context":{"text":"Blog SABRA","link":"https:\/\/www.sabra.org.br\/site\/category\/blog-sabra\/"},"img":{"alt_text":"instrumentos-musicais-som-m\u00fasica-ouvir-sabra-valor","src":"https:\/\/i0.wp.com\/www.sabra.org.br\/site\/wp-content\/uploads\/2020\/04\/instrumentos-musicais-voce-sabe-quais-sao-os-mais-tocados-no-mundo-20191202180617.jpg.jpg?resize=350%2C200&ssl=1","width":350,"height":200,"srcset":"https:\/\/i0.wp.com\/www.sabra.org.br\/site\/wp-content\/uploads\/2020\/04\/instrumentos-musicais-voce-sabe-quais-sao-os-mais-tocados-no-mundo-20191202180617.jpg.jpg?resize=350%2C200&ssl=1 1x, https:\/\/i0.wp.com\/www.sabra.org.br\/site\/wp-content\/uploads\/2020\/04\/instrumentos-musicais-voce-sabe-quais-sao-os-mais-tocados-no-mundo-20191202180617.jpg.jpg?resize=525%2C300&ssl=1 1.5x, https:\/\/i0.wp.com\/www.sabra.org.br\/site\/wp-content\/uploads\/2020\/04\/instrumentos-musicais-voce-sabe-quais-sao-os-mais-tocados-no-mundo-20191202180617.jpg.jpg?resize=700%2C400&ssl=1 2x"},"classes":[]},{"id":3170,"url":"https:\/\/www.sabra.org.br\/site\/musica-classica-violino\/","url_meta":{"origin":2397,"position":5},"title":"M\u00fasica cl\u00e1ssica com violino","author":"M\u00e1rcio Miranda Pontes","date":"16 de outubro de 2020","format":false,"excerpt":"\u00c9 comprovado cientificamente que m\u00fasica cl\u00e1ssica acalma, baixa a press\u00e3o arterial e ainda auxilia a dormir. Verifique algumas indica\u00e7\u00f5es das melhores m\u00fasicas cl\u00e1ssicas tocadas s\u00f3 em violino que preparamos para voc\u00ea.","rel":"","context":"Em &quot;Blog SABRA&quot;","block_context":{"text":"Blog SABRA","link":"https:\/\/www.sabra.org.br\/site\/category\/blog-sabra\/"},"img":{"alt_text":"musica-classica-violino","src":"https:\/\/i0.wp.com\/www.sabra.org.br\/site\/wp-content\/uploads\/2020\/10\/as-melhores-musicas-classicas-tocadas-so-com-violino-20201001161911.jpg.jpg?resize=350%2C200&ssl=1","width":350,"height":200,"srcset":"https:\/\/i0.wp.com\/www.sabra.org.br\/site\/wp-content\/uploads\/2020\/10\/as-melhores-musicas-classicas-tocadas-so-com-violino-20201001161911.jpg.jpg?resize=350%2C200&ssl=1 1x, https:\/\/i0.wp.com\/www.sabra.org.br\/site\/wp-content\/uploads\/2020\/10\/as-melhores-musicas-classicas-tocadas-so-com-violino-20201001161911.jpg.jpg?resize=525%2C300&ssl=1 1.5x, https:\/\/i0.wp.com\/www.sabra.org.br\/site\/wp-content\/uploads\/2020\/10\/as-melhores-musicas-classicas-tocadas-so-com-violino-20201001161911.jpg.jpg?resize=700%2C400&ssl=1 2x"},"classes":[]}],"jetpack_likes_enabled":true,"jetpack_sharing_enabled":true,"_links":{"self":[{"href":"https:\/\/www.sabra.org.br\/site\/wp-json\/wp\/v2\/posts\/2397","targetHints":{"allow":["GET"]}}],"collection":[{"href":"https:\/\/www.sabra.org.br\/site\/wp-json\/wp\/v2\/posts"}],"about":[{"href":"https:\/\/www.sabra.org.br\/site\/wp-json\/wp\/v2\/types\/post"}],"author":[{"embeddable":true,"href":"https:\/\/www.sabra.org.br\/site\/wp-json\/wp\/v2\/users\/39"}],"replies":[{"embeddable":true,"href":"https:\/\/www.sabra.org.br\/site\/wp-json\/wp\/v2\/comments?post=2397"}],"version-history":[{"count":0,"href":"https:\/\/www.sabra.org.br\/site\/wp-json\/wp\/v2\/posts\/2397\/revisions"}],"wp:featuredmedia":[{"embeddable":true,"href":"https:\/\/www.sabra.org.br\/site\/wp-json\/wp\/v2\/media\/2399"}],"wp:attachment":[{"href":"https:\/\/www.sabra.org.br\/site\/wp-json\/wp\/v2\/media?parent=2397"}],"wp:term":[{"taxonomy":"category","embeddable":true,"href":"https:\/\/www.sabra.org.br\/site\/wp-json\/wp\/v2\/categories?post=2397"},{"taxonomy":"post_tag","embeddable":true,"href":"https:\/\/www.sabra.org.br\/site\/wp-json\/wp\/v2\/tags?post=2397"}],"curies":[{"name":"wp","href":"https:\/\/api.w.org\/{rel}","templated":true}]}}