{"id":2593,"date":"2020-03-20T15:58:42","date_gmt":"2020-03-20T18:58:42","guid":{"rendered":"https:\/\/www.sabra.org.br\/site\/?p=2593"},"modified":"2025-04-20T19:23:35","modified_gmt":"2025-04-20T22:23:35","slug":"musica-e-adolescencia","status":"publish","type":"post","link":"https:\/\/www.sabra.org.br\/site\/musica-e-adolescencia\/","title":{"rendered":"M\u00fasica e adolesc\u00eancia."},"content":{"rendered":"<h2>Por que o contato com a m\u00fasica \u00e9 importante para o per\u00edodo da adolesc\u00eancia?<\/h2>\n<p>A m\u00fasica est\u00e1 presente em todas as fases da nossa vida, e na adolesc\u00eancia n\u00e3o \u00e9 diferente. \u00c9 exatamente nesse per\u00edodo, que nos libertamos das influ\u00eancias musicais de nossos pais e familiares para definirmos nosso pr\u00f3prio gosto, o tipo de m\u00fasica que realmente nos agrada. Talvez, por isso, essa seja a fase em que mais buscamos por experi\u00eancias musicais e descobrimos can\u00e7\u00f5es que nos marcam para vida toda.<br \/>\nMuito mais que proporcionar momentos de lazer e embalar festas e eventos, a m\u00fasica, seja de que estilo for, consegue proporcionar bem-estar, promover o equil\u00edbrio e alterar o estado emocional de quem a escuta. Na adolesc\u00eancia, quando ainda estamos formando nossa identidade e personalidade, a m\u00fasica tem um poder ainda maior.<br \/>\nEm um per\u00edodo t\u00e3o conturbado, o contato com a m\u00fasica faz com que adolescentes consigam liberar suas emo\u00e7\u00f5es, expressar sentimentos, construir sua identidade e buscar por semelhantes. Al\u00e9m de todos esses benef\u00edcios diretamente ligados ao psicol\u00f3gico dos jovens, a ci\u00eancia comprova que tocar instrumentos ou fazer parte de um coral, por exemplo, aumenta a capacidade de aprendizado, facilita a concentra\u00e7\u00e3o e desenvolve o racioc\u00ednio.<\/p>\n<h2>A m\u00fasica como instrumento da educa\u00e7\u00e3o<\/h2>\n<p>Segundo Plat\u00e3o, \u201cA m\u00fasica \u00e9 um instrumento educacional mais potente do que qualquer outro\u201d. Estudar m\u00fasica, faz com que a quantidade de massa cinzenta do c\u00e9rebro aumente. Como consequ\u00eancia, o racioc\u00ednio l\u00f3gico e a capacidade de concentra\u00e7\u00e3o e interpreta\u00e7\u00e3o tamb\u00e9m se desenvolvem, resultando em um melhor desempenho escolar.<br \/>\nEmbora at\u00e9 pouco tempo acredit\u00e1ssemos que a m\u00fasica s\u00f3 influenciava o c\u00e9rebro durante a inf\u00e2ncia, pesquisadores norte-americanos provaram o contr\u00e1rio. A inicia\u00e7\u00e3o musical durante a adolesc\u00eancia tamb\u00e9m gera respostas cerebrais positivas, desenvolvendo e aperfei\u00e7oando habilidades de linguagem e comunica\u00e7\u00e3o.<br \/>\nDe acordo com pesquisas realizadas na Universidade Northwestern, nos Estados Unidos, jovens que treinavam m\u00fasica apresentaram amadurecimento mais veloz nas regi\u00f5es do c\u00e9rebro ligadas \u00e0 audi\u00e7\u00e3o, tornando-se mais sens\u00edveis a detalhes sonoros e mais h\u00e1beis na comunica\u00e7\u00e3o. Al\u00e9m disso, aqueles que estudaram notas musicais e divis\u00f5es r\u00edtmicas alcan\u00e7aram notas 100% maiores em matem\u00e1tica, que os colegas que n\u00e3o possu\u00edam fortes conex\u00f5es com a m\u00fasica.<\/p>\n<h2>Constru\u00e7\u00e3o da identidade e sensa\u00e7\u00e3o de pertencimento<\/h2>\n<p>A adolesc\u00eancia \u00e9 uma fase marcada pela intensidade das emo\u00e7\u00f5es, por grandes descobertas e diversas ang\u00fastias. \u00c9 o momento em que deixamos de nos guiar exclusivamente por nossos pais, e passamos a desenvolver nossa pr\u00f3pria personalidade e a buscar por nossos semelhantes. Nesse per\u00edodo, o contato com a m\u00fasica \u00e9 extremamente positivo para a constru\u00e7\u00e3o da identidade e para intera\u00e7\u00e3o social.<br \/>\nA m\u00fasica auxilia no equil\u00edbrio emocional, permitindo que o jovem se acalme e canalize energia atrav\u00e9s dela, seja cantando, tocando, ouvindo ou at\u00e9 mesmo dan\u00e7ando. \u00c9 tamb\u00e9m, uma das principais formas de inspira\u00e7\u00e3o para outros projetos, uma vez que aflora sentimentos e gera motiva\u00e7\u00e3o.<br \/>\nAl\u00e9m disso, \u00e9 durante a adolesc\u00eancia que definimos a nossa prefer\u00eancia musical sem a influ\u00eancia familiar. Nessa fase, o mais comum \u00e9 que, de acordo com essa e outras prefer\u00eancias, se formem grupos de afinidade, que com o passar do tempo se transformam em la\u00e7os maiores de amizade.<\/p>\n<h2>A contribui\u00e7\u00e3o da m\u00fasica para a transforma\u00e7\u00e3o social<\/h2>\n<p>Apesar de no Brasil estudos musicais n\u00e3o fazerem parte da grade escolar, existem atualmente, diversos projetos que usam a m\u00fasica como ferramenta de transforma\u00e7\u00e3o social. Crian\u00e7as e adolescentes que naturalmente n\u00e3o teriam contato com artes e cultura, encontram a oportunidade de aprender a cantar e tocar instrumentos. Gra\u00e7as a isso, muitos deles abandonam os perigos das ruas e passam a vislumbrar possibilidades de futuro que at\u00e9 ent\u00e3o, n\u00e3o existiam.<\/p>\n<blockquote class=\"wp-embedded-content\" data-secret=\"bN5GX6R1yr\"><p><a href=\"https:\/\/www.sabra.org.br\/site\/hino-atemporal-renato-russo-cazuza\/\">Hino atemporal!<\/a><\/p><\/blockquote>\n<p><iframe class=\"wp-embedded-content\" sandbox=\"allow-scripts\" security=\"restricted\" style=\"position: absolute; visibility: hidden;\" title=\"&#8220;Hino atemporal!&#8221; &#8212; SABRA - Sociedade Art\u00edstica Brasileira\" src=\"https:\/\/www.sabra.org.br\/site\/hino-atemporal-renato-russo-cazuza\/embed\/#?secret=vjX8Bpj5rp#?secret=bN5GX6R1yr\" data-secret=\"bN5GX6R1yr\" width=\"600\" height=\"338\" frameborder=\"0\" marginwidth=\"0\" marginheight=\"0\" scrolling=\"no\"><\/iframe><\/p>\n<h2>Se voc\u00ea gostou deste post:<\/h2>\n<p>&#8211; DOE PARA A SABRA &#8211; IRPF 2020. Voc\u00ea escolhe onde parte de seu imposto de renda ser\u00e1 aplicado. Junto com a SABRA, seus projetos e a\u00e7\u00f5es voc\u00ea vai ajudar a transformar vidas. Sem custos para voc\u00ea e n\u00e3o interfere em outras dedu\u00e7\u00f5es. <a href=\"https:\/\/sabra.page.link\/LNh4\" target=\"_blank\" rel=\"noopener noreferrer\">Siga o passo a passo<\/a><\/p>\n<p>&#8211; SIGA as nossas p\u00e1ginas nas redes sociais para acompanhar as nossas atualiza\u00e7\u00f5es: estamos no <a href=\"https:\/\/www.facebook.com\/sabrabrasil\" target=\"_blank\" rel=\"noopener noreferrer\">Facebook<\/a>, no <a href=\"https:\/\/www.instagram.com\/sabrabrasil\/\" target=\"_blank\" rel=\"noopener noreferrer\">Instagram<\/a>, no <a href=\"https:\/\/www.linkedin.com\/company\/25002088\" target=\"_blank\" rel=\"noopener noreferrer\">LinkedIn<\/a>, no <a href=\"https:\/\/twitter.com\/ContatoSabra\" target=\"_blank\" rel=\"noopener noreferrer\">Twitter<\/a> e no <a href=\"https:\/\/www.youtube.com\/channel\/UCJw-kbuEvzUNdeQf20Pa-eQ\" target=\"_blank\" rel=\"noopener noreferrer\">YouTube<\/a>!<\/p>\n<p>&#8211; CONHE\u00c7A o trabalho da Sociedade Art\u00edstica Brasileira (SABRA) e todas as iniciativas culturais e sociais que ela mant\u00e9m. <a href=\"https:\/\/www.sabra.org.br\/site\/acoes\/\" target=\"_blank\" rel=\"noopener noreferrer\">Acesse nosso site!<\/a><\/p>\n<p>&#8211; ENTRE EM CONTATO com a gente. E veja quais s\u00e3o as op\u00e7\u00f5es de ajuda na manuten\u00e7\u00e3o de nossas a\u00e7\u00f5es sociais e culturais. Basta acessar nossa p\u00e1gina <a href=\"https:\/\/www.sabra.org.br\/site\/doe-agora\/\" target=\"_blank\" rel=\"noopener noreferrer\">Doe Agora!<\/a><\/p>\n<p>&#8211; COMPARTILHE este texto nas suas redes sociais e ajude os seus amigos a tamb\u00e9m dominarem o assunto!<\/p>\n","protected":false},"excerpt":{"rendered":"<p>Na adolesc\u00eancia temos novas percep\u00e7\u00f5es e sensa\u00e7\u00f5es do mundo que nos rodeia e tamb\u00e9m buscamos entender mudan\u00e7as internas que essa fase nos proporciona. Veja como a m\u00fasica pode ser uma grande aliada na constru\u00e7\u00e3o da identidade do adolescente em forma\u00e7\u00e3o!<\/p>\n","protected":false},"author":39,"featured_media":2594,"comment_status":"closed","ping_status":"closed","sticky":false,"template":"","format":"standard","meta":{"jetpack_post_was_ever_published":false,"_jetpack_newsletter_access":"","_jetpack_dont_email_post_to_subs":false,"_jetpack_newsletter_tier_id":0,"_jetpack_memberships_contains_paywalled_content":false,"_jetpack_memberships_contains_paid_content":false,"footnotes":""},"categories":[1],"tags":[15,8,2764,2763,1846,1285,1047,2762,16,1286,11,9,2765,2766],"class_list":["post-2593","post","type-post","status-publish","format-standard","has-post-thumbnail","hentry","category-blog-sabra","tag-assistencia-social","tag-canto-coral","tag-construcao-da-identidade","tag-contato-com-a-musica","tag-escola-de-musica-de-nova-lima","tag-escola-de-musica-sabra","tag-fia","tag-irpf-2020","tag-musicalizacao-infantil","tag-orquestra-infanto-juvenil-de-betim","tag-orquestra-sinfonica-de-betim","tag-sociedade-artistica-brasileira","tag-tocar-instrumentos","tag-transformacao-social"],"yoast_head":"<!-- This site is optimized with the Yoast SEO plugin v27.5 - https:\/\/yoast.com\/product\/yoast-seo-wordpress\/ -->\n<title>Adolesc\u00eancia e a Import\u00e2ncia da M\u00fasica - SABRA - Sociedade Art\u00edstica Brasileira<\/title>\n<meta name=\"description\" content=\"Entenda a rela\u00e7\u00e3o entre m\u00fasica e adolesc\u00eancia. Descubra o poder da m\u00fasica na forma\u00e7\u00e3o de identidade dos jovens.\" \/>\n<meta name=\"robots\" content=\"index, follow, max-snippet:-1, max-image-preview:large, max-video-preview:-1\" \/>\n<link rel=\"canonical\" href=\"https:\/\/www.sabra.org.br\/site\/musica-e-adolescencia\/\" \/>\n<meta property=\"og:locale\" content=\"pt_BR\" \/>\n<meta property=\"og:type\" content=\"article\" \/>\n<meta property=\"og:title\" content=\"Adolesc\u00eancia e a Import\u00e2ncia da M\u00fasica - SABRA - Sociedade Art\u00edstica Brasileira\" \/>\n<meta property=\"og:description\" content=\"Entenda a rela\u00e7\u00e3o entre m\u00fasica e adolesc\u00eancia. Descubra o poder da m\u00fasica na forma\u00e7\u00e3o de identidade dos jovens.\" \/>\n<meta property=\"og:url\" content=\"https:\/\/www.sabra.org.br\/site\/musica-e-adolescencia\/\" \/>\n<meta property=\"og:site_name\" content=\"SABRA - Sociedade Art\u00edstica Brasileira\" \/>\n<meta property=\"article:publisher\" content=\"https:\/\/www.facebook.com\/sabrabrasil\" \/>\n<meta property=\"article:published_time\" content=\"2020-03-20T18:58:42+00:00\" \/>\n<meta property=\"article:modified_time\" content=\"2025-04-20T22:23:35+00:00\" \/>\n<meta property=\"og:image\" content=\"https:\/\/www.sabra.org.br\/site\/wp-content\/uploads\/2020\/03\/por-que-o-contato-com-a-musica-e-importante-para-o-periodo-da-adolescencia-20190821162519.jpg.jpg\" \/>\n\t<meta property=\"og:image:width\" content=\"800\" \/>\n\t<meta property=\"og:image:height\" content=\"534\" \/>\n\t<meta property=\"og:image:type\" content=\"image\/jpeg\" \/>\n<meta name=\"author\" content=\"M\u00e1rcio Miranda Pontes\" \/>\n<meta name=\"twitter:card\" content=\"summary_large_image\" \/>\n<meta name=\"twitter:creator\" content=\"@ContatoSabra\" \/>\n<meta name=\"twitter:site\" content=\"@ContatoSabra\" \/>\n<meta name=\"twitter:label1\" content=\"Escrito por\" \/>\n\t<meta name=\"twitter:data1\" content=\"M\u00e1rcio Miranda Pontes\" \/>\n\t<meta name=\"twitter:label2\" content=\"Est. tempo de leitura\" \/>\n\t<meta name=\"twitter:data2\" content=\"5 minutos\" \/>\n<script type=\"application\/ld+json\" class=\"yoast-schema-graph\">{\"@context\":\"https:\\\/\\\/schema.org\",\"@graph\":[{\"@type\":\"Article\",\"@id\":\"https:\\\/\\\/www.sabra.org.br\\\/site\\\/musica-e-adolescencia\\\/#article\",\"isPartOf\":{\"@id\":\"https:\\\/\\\/www.sabra.org.br\\\/site\\\/musica-e-adolescencia\\\/\"},\"author\":{\"name\":\"M\u00e1rcio Miranda Pontes\",\"@id\":\"https:\\\/\\\/www.sabra.org.br\\\/site\\\/#\\\/schema\\\/person\\\/7d1d222c3c8891d4c37c7b41bf6315c2\"},\"headline\":\"M\u00fasica e adolesc\u00eancia.\",\"datePublished\":\"2020-03-20T18:58:42+00:00\",\"dateModified\":\"2025-04-20T22:23:35+00:00\",\"mainEntityOfPage\":{\"@id\":\"https:\\\/\\\/www.sabra.org.br\\\/site\\\/musica-e-adolescencia\\\/\"},\"wordCount\":849,\"publisher\":{\"@id\":\"https:\\\/\\\/www.sabra.org.br\\\/site\\\/#organization\"},\"image\":{\"@id\":\"https:\\\/\\\/www.sabra.org.br\\\/site\\\/musica-e-adolescencia\\\/#primaryimage\"},\"thumbnailUrl\":\"https:\\\/\\\/www.sabra.org.br\\\/site\\\/wp-content\\\/uploads\\\/2020\\\/03\\\/por-que-o-contato-com-a-musica-e-importante-para-o-periodo-da-adolescencia-20190821162519.jpg.jpg\",\"keywords\":[\"Assist\u00eancia social\",\"Canto Coral\",\"constru\u00e7\u00e3o da identidade\",\"contato com a m\u00fasica\",\"Escola de M\u00fasica de Nova Lima\",\"Escola de Musica SABRA\",\"FIA\",\"IRPF 2020\",\"Musicaliza\u00e7\u00e3o Infantil\",\"Orquestra Infanto Juvenil de Betim\",\"Orquestra Sinf\u00f4nica de Betim\",\"Sociedade Art\u00edstica Brasileira\",\"tocar instrumentos\",\"transforma\u00e7\u00e3o social\"],\"articleSection\":[\"Blog SABRA\"],\"inLanguage\":\"pt-BR\"},{\"@type\":\"WebPage\",\"@id\":\"https:\\\/\\\/www.sabra.org.br\\\/site\\\/musica-e-adolescencia\\\/\",\"url\":\"https:\\\/\\\/www.sabra.org.br\\\/site\\\/musica-e-adolescencia\\\/\",\"name\":\"Adolesc\u00eancia e a Import\u00e2ncia da M\u00fasica - SABRA - Sociedade Art\u00edstica Brasileira\",\"isPartOf\":{\"@id\":\"https:\\\/\\\/www.sabra.org.br\\\/site\\\/#website\"},\"primaryImageOfPage\":{\"@id\":\"https:\\\/\\\/www.sabra.org.br\\\/site\\\/musica-e-adolescencia\\\/#primaryimage\"},\"image\":{\"@id\":\"https:\\\/\\\/www.sabra.org.br\\\/site\\\/musica-e-adolescencia\\\/#primaryimage\"},\"thumbnailUrl\":\"https:\\\/\\\/www.sabra.org.br\\\/site\\\/wp-content\\\/uploads\\\/2020\\\/03\\\/por-que-o-contato-com-a-musica-e-importante-para-o-periodo-da-adolescencia-20190821162519.jpg.jpg\",\"datePublished\":\"2020-03-20T18:58:42+00:00\",\"dateModified\":\"2025-04-20T22:23:35+00:00\",\"description\":\"Entenda a rela\u00e7\u00e3o entre m\u00fasica e adolesc\u00eancia. Descubra o poder da m\u00fasica na forma\u00e7\u00e3o de identidade dos jovens.\",\"breadcrumb\":{\"@id\":\"https:\\\/\\\/www.sabra.org.br\\\/site\\\/musica-e-adolescencia\\\/#breadcrumb\"},\"inLanguage\":\"pt-BR\",\"potentialAction\":[{\"@type\":\"ReadAction\",\"target\":[\"https:\\\/\\\/www.sabra.org.br\\\/site\\\/musica-e-adolescencia\\\/\"]}]},{\"@type\":\"ImageObject\",\"inLanguage\":\"pt-BR\",\"@id\":\"https:\\\/\\\/www.sabra.org.br\\\/site\\\/musica-e-adolescencia\\\/#primaryimage\",\"url\":\"https:\\\/\\\/www.sabra.org.br\\\/site\\\/wp-content\\\/uploads\\\/2020\\\/03\\\/por-que-o-contato-com-a-musica-e-importante-para-o-periodo-da-adolescencia-20190821162519.jpg.jpg\",\"contentUrl\":\"https:\\\/\\\/www.sabra.org.br\\\/site\\\/wp-content\\\/uploads\\\/2020\\\/03\\\/por-que-o-contato-com-a-musica-e-importante-para-o-periodo-da-adolescencia-20190821162519.jpg.jpg\",\"width\":800,\"height\":534,\"caption\":\"Sociedade Art\u00edstica Brasileira\"},{\"@type\":\"BreadcrumbList\",\"@id\":\"https:\\\/\\\/www.sabra.org.br\\\/site\\\/musica-e-adolescencia\\\/#breadcrumb\",\"itemListElement\":[{\"@type\":\"ListItem\",\"position\":1,\"name\":\"In\u00edcio\",\"item\":\"https:\\\/\\\/www.sabra.org.br\\\/site\\\/\"},{\"@type\":\"ListItem\",\"position\":2,\"name\":\"M\u00fasica e adolesc\u00eancia.\"}]},{\"@type\":\"WebSite\",\"@id\":\"https:\\\/\\\/www.sabra.org.br\\\/site\\\/#website\",\"url\":\"https:\\\/\\\/www.sabra.org.br\\\/site\\\/\",\"name\":\"SABRA - Sociedade Art\u00edstica Brasileira\",\"description\":\"Escola de M\u00fasica, Orquestra Sinf\u00f4nica, Coral e Patrim\u00f4nio Cultural e Hist\u00f3rico\",\"publisher\":{\"@id\":\"https:\\\/\\\/www.sabra.org.br\\\/site\\\/#organization\"},\"potentialAction\":[{\"@type\":\"SearchAction\",\"target\":{\"@type\":\"EntryPoint\",\"urlTemplate\":\"https:\\\/\\\/www.sabra.org.br\\\/site\\\/?s={search_term_string}\"},\"query-input\":{\"@type\":\"PropertyValueSpecification\",\"valueRequired\":true,\"valueName\":\"search_term_string\"}}],\"inLanguage\":\"pt-BR\"},{\"@type\":\"Organization\",\"@id\":\"https:\\\/\\\/www.sabra.org.br\\\/site\\\/#organization\",\"name\":\"SOCIEDADE ART\u00cdSTICA BRASILEIRA SABRA\",\"alternateName\":\"SABRA\",\"url\":\"https:\\\/\\\/www.sabra.org.br\\\/site\\\/\",\"logo\":{\"@type\":\"ImageObject\",\"inLanguage\":\"pt-BR\",\"@id\":\"https:\\\/\\\/www.sabra.org.br\\\/site\\\/#\\\/schema\\\/logo\\\/image\\\/\",\"url\":\"https:\\\/\\\/www.sabra.org.br\\\/site\\\/wp-content\\\/uploads\\\/2019\\\/06\\\/cropped-Logo_SABRA-Copia-1.webp\",\"contentUrl\":\"https:\\\/\\\/www.sabra.org.br\\\/site\\\/wp-content\\\/uploads\\\/2019\\\/06\\\/cropped-Logo_SABRA-Copia-1.webp\",\"width\":400,\"height\":128,\"caption\":\"SOCIEDADE ART\u00cdSTICA BRASILEIRA SABRA\"},\"image\":{\"@id\":\"https:\\\/\\\/www.sabra.org.br\\\/site\\\/#\\\/schema\\\/logo\\\/image\\\/\"},\"sameAs\":[\"https:\\\/\\\/www.facebook.com\\\/sabrabrasil\",\"https:\\\/\\\/x.com\\\/ContatoSabra\",\"https:\\\/\\\/www.instagram.com\\\/sabrabrasil\\\/\",\"https:\\\/\\\/www.linkedin.com\\\/company\\\/25002088\\\/\",\"https:\\\/\\\/br.pinterest.com\\\/sociedadeartisticabrasileira\\\/\",\"https:\\\/\\\/www.youtube.com\\\/c\\\/sabrabrasil\"]},{\"@type\":\"Person\",\"@id\":\"https:\\\/\\\/www.sabra.org.br\\\/site\\\/#\\\/schema\\\/person\\\/7d1d222c3c8891d4c37c7b41bf6315c2\",\"name\":\"M\u00e1rcio Miranda Pontes\",\"image\":{\"@type\":\"ImageObject\",\"inLanguage\":\"pt-BR\",\"@id\":\"https:\\\/\\\/secure.gravatar.com\\\/avatar\\\/3b45f24496a7625a3a6c436688fbe20344faaeb2979658dc4a9921f984d7df9a?s=96&d=mm&r=g\",\"url\":\"https:\\\/\\\/secure.gravatar.com\\\/avatar\\\/3b45f24496a7625a3a6c436688fbe20344faaeb2979658dc4a9921f984d7df9a?s=96&d=mm&r=g\",\"contentUrl\":\"https:\\\/\\\/secure.gravatar.com\\\/avatar\\\/3b45f24496a7625a3a6c436688fbe20344faaeb2979658dc4a9921f984d7df9a?s=96&d=mm&r=g\",\"caption\":\"M\u00e1rcio Miranda Pontes\"},\"sameAs\":[\"http:\\\/\\\/www.sabra.org.br\"],\"url\":\"https:\\\/\\\/www.sabra.org.br\\\/site\\\/author\\\/marcio-miranda-pontes\\\/\"}]}<\/script>\n<!-- \/ Yoast SEO plugin. -->","yoast_head_json":{"title":"Adolesc\u00eancia e a Import\u00e2ncia da M\u00fasica - SABRA - Sociedade Art\u00edstica Brasileira","description":"Entenda a rela\u00e7\u00e3o entre m\u00fasica e adolesc\u00eancia. Descubra o poder da m\u00fasica na forma\u00e7\u00e3o de identidade dos jovens.","robots":{"index":"index","follow":"follow","max-snippet":"max-snippet:-1","max-image-preview":"max-image-preview:large","max-video-preview":"max-video-preview:-1"},"canonical":"https:\/\/www.sabra.org.br\/site\/musica-e-adolescencia\/","og_locale":"pt_BR","og_type":"article","og_title":"Adolesc\u00eancia e a Import\u00e2ncia da M\u00fasica - SABRA - Sociedade Art\u00edstica Brasileira","og_description":"Entenda a rela\u00e7\u00e3o entre m\u00fasica e adolesc\u00eancia. Descubra o poder da m\u00fasica na forma\u00e7\u00e3o de identidade dos jovens.","og_url":"https:\/\/www.sabra.org.br\/site\/musica-e-adolescencia\/","og_site_name":"SABRA - Sociedade Art\u00edstica Brasileira","article_publisher":"https:\/\/www.facebook.com\/sabrabrasil","article_published_time":"2020-03-20T18:58:42+00:00","article_modified_time":"2025-04-20T22:23:35+00:00","og_image":[{"width":800,"height":534,"url":"https:\/\/www.sabra.org.br\/site\/wp-content\/uploads\/2020\/03\/por-que-o-contato-com-a-musica-e-importante-para-o-periodo-da-adolescencia-20190821162519.jpg.jpg","type":"image\/jpeg"}],"author":"M\u00e1rcio Miranda Pontes","twitter_card":"summary_large_image","twitter_creator":"@ContatoSabra","twitter_site":"@ContatoSabra","twitter_misc":{"Escrito por":"M\u00e1rcio Miranda Pontes","Est. tempo de leitura":"5 minutos"},"schema":{"@context":"https:\/\/schema.org","@graph":[{"@type":"Article","@id":"https:\/\/www.sabra.org.br\/site\/musica-e-adolescencia\/#article","isPartOf":{"@id":"https:\/\/www.sabra.org.br\/site\/musica-e-adolescencia\/"},"author":{"name":"M\u00e1rcio Miranda Pontes","@id":"https:\/\/www.sabra.org.br\/site\/#\/schema\/person\/7d1d222c3c8891d4c37c7b41bf6315c2"},"headline":"M\u00fasica e adolesc\u00eancia.","datePublished":"2020-03-20T18:58:42+00:00","dateModified":"2025-04-20T22:23:35+00:00","mainEntityOfPage":{"@id":"https:\/\/www.sabra.org.br\/site\/musica-e-adolescencia\/"},"wordCount":849,"publisher":{"@id":"https:\/\/www.sabra.org.br\/site\/#organization"},"image":{"@id":"https:\/\/www.sabra.org.br\/site\/musica-e-adolescencia\/#primaryimage"},"thumbnailUrl":"https:\/\/www.sabra.org.br\/site\/wp-content\/uploads\/2020\/03\/por-que-o-contato-com-a-musica-e-importante-para-o-periodo-da-adolescencia-20190821162519.jpg.jpg","keywords":["Assist\u00eancia social","Canto Coral","constru\u00e7\u00e3o da identidade","contato com a m\u00fasica","Escola de M\u00fasica de Nova Lima","Escola de Musica SABRA","FIA","IRPF 2020","Musicaliza\u00e7\u00e3o Infantil","Orquestra Infanto Juvenil de Betim","Orquestra Sinf\u00f4nica de Betim","Sociedade Art\u00edstica Brasileira","tocar instrumentos","transforma\u00e7\u00e3o social"],"articleSection":["Blog SABRA"],"inLanguage":"pt-BR"},{"@type":"WebPage","@id":"https:\/\/www.sabra.org.br\/site\/musica-e-adolescencia\/","url":"https:\/\/www.sabra.org.br\/site\/musica-e-adolescencia\/","name":"Adolesc\u00eancia e a Import\u00e2ncia da M\u00fasica - SABRA - Sociedade Art\u00edstica Brasileira","isPartOf":{"@id":"https:\/\/www.sabra.org.br\/site\/#website"},"primaryImageOfPage":{"@id":"https:\/\/www.sabra.org.br\/site\/musica-e-adolescencia\/#primaryimage"},"image":{"@id":"https:\/\/www.sabra.org.br\/site\/musica-e-adolescencia\/#primaryimage"},"thumbnailUrl":"https:\/\/www.sabra.org.br\/site\/wp-content\/uploads\/2020\/03\/por-que-o-contato-com-a-musica-e-importante-para-o-periodo-da-adolescencia-20190821162519.jpg.jpg","datePublished":"2020-03-20T18:58:42+00:00","dateModified":"2025-04-20T22:23:35+00:00","description":"Entenda a rela\u00e7\u00e3o entre m\u00fasica e adolesc\u00eancia. Descubra o poder da m\u00fasica na forma\u00e7\u00e3o de identidade dos jovens.","breadcrumb":{"@id":"https:\/\/www.sabra.org.br\/site\/musica-e-adolescencia\/#breadcrumb"},"inLanguage":"pt-BR","potentialAction":[{"@type":"ReadAction","target":["https:\/\/www.sabra.org.br\/site\/musica-e-adolescencia\/"]}]},{"@type":"ImageObject","inLanguage":"pt-BR","@id":"https:\/\/www.sabra.org.br\/site\/musica-e-adolescencia\/#primaryimage","url":"https:\/\/www.sabra.org.br\/site\/wp-content\/uploads\/2020\/03\/por-que-o-contato-com-a-musica-e-importante-para-o-periodo-da-adolescencia-20190821162519.jpg.jpg","contentUrl":"https:\/\/www.sabra.org.br\/site\/wp-content\/uploads\/2020\/03\/por-que-o-contato-com-a-musica-e-importante-para-o-periodo-da-adolescencia-20190821162519.jpg.jpg","width":800,"height":534,"caption":"Sociedade Art\u00edstica Brasileira"},{"@type":"BreadcrumbList","@id":"https:\/\/www.sabra.org.br\/site\/musica-e-adolescencia\/#breadcrumb","itemListElement":[{"@type":"ListItem","position":1,"name":"In\u00edcio","item":"https:\/\/www.sabra.org.br\/site\/"},{"@type":"ListItem","position":2,"name":"M\u00fasica e adolesc\u00eancia."}]},{"@type":"WebSite","@id":"https:\/\/www.sabra.org.br\/site\/#website","url":"https:\/\/www.sabra.org.br\/site\/","name":"SABRA - Sociedade Art\u00edstica Brasileira","description":"Escola de M\u00fasica, Orquestra Sinf\u00f4nica, Coral e Patrim\u00f4nio Cultural e Hist\u00f3rico","publisher":{"@id":"https:\/\/www.sabra.org.br\/site\/#organization"},"potentialAction":[{"@type":"SearchAction","target":{"@type":"EntryPoint","urlTemplate":"https:\/\/www.sabra.org.br\/site\/?s={search_term_string}"},"query-input":{"@type":"PropertyValueSpecification","valueRequired":true,"valueName":"search_term_string"}}],"inLanguage":"pt-BR"},{"@type":"Organization","@id":"https:\/\/www.sabra.org.br\/site\/#organization","name":"SOCIEDADE ART\u00cdSTICA BRASILEIRA SABRA","alternateName":"SABRA","url":"https:\/\/www.sabra.org.br\/site\/","logo":{"@type":"ImageObject","inLanguage":"pt-BR","@id":"https:\/\/www.sabra.org.br\/site\/#\/schema\/logo\/image\/","url":"https:\/\/www.sabra.org.br\/site\/wp-content\/uploads\/2019\/06\/cropped-Logo_SABRA-Copia-1.webp","contentUrl":"https:\/\/www.sabra.org.br\/site\/wp-content\/uploads\/2019\/06\/cropped-Logo_SABRA-Copia-1.webp","width":400,"height":128,"caption":"SOCIEDADE ART\u00cdSTICA BRASILEIRA SABRA"},"image":{"@id":"https:\/\/www.sabra.org.br\/site\/#\/schema\/logo\/image\/"},"sameAs":["https:\/\/www.facebook.com\/sabrabrasil","https:\/\/x.com\/ContatoSabra","https:\/\/www.instagram.com\/sabrabrasil\/","https:\/\/www.linkedin.com\/company\/25002088\/","https:\/\/br.pinterest.com\/sociedadeartisticabrasileira\/","https:\/\/www.youtube.com\/c\/sabrabrasil"]},{"@type":"Person","@id":"https:\/\/www.sabra.org.br\/site\/#\/schema\/person\/7d1d222c3c8891d4c37c7b41bf6315c2","name":"M\u00e1rcio Miranda Pontes","image":{"@type":"ImageObject","inLanguage":"pt-BR","@id":"https:\/\/secure.gravatar.com\/avatar\/3b45f24496a7625a3a6c436688fbe20344faaeb2979658dc4a9921f984d7df9a?s=96&d=mm&r=g","url":"https:\/\/secure.gravatar.com\/avatar\/3b45f24496a7625a3a6c436688fbe20344faaeb2979658dc4a9921f984d7df9a?s=96&d=mm&r=g","contentUrl":"https:\/\/secure.gravatar.com\/avatar\/3b45f24496a7625a3a6c436688fbe20344faaeb2979658dc4a9921f984d7df9a?s=96&d=mm&r=g","caption":"M\u00e1rcio Miranda Pontes"},"sameAs":["http:\/\/www.sabra.org.br"],"url":"https:\/\/www.sabra.org.br\/site\/author\/marcio-miranda-pontes\/"}]}},"jetpack_featured_media_url":"https:\/\/www.sabra.org.br\/site\/wp-content\/uploads\/2020\/03\/por-que-o-contato-com-a-musica-e-importante-para-o-periodo-da-adolescencia-20190821162519.jpg.jpg","jetpack_shortlink":"https:\/\/wp.me\/p95j2Z-FP","jetpack-related-posts":[{"id":2808,"url":"https:\/\/www.sabra.org.br\/site\/musica-classica-evolucao\/","url_meta":{"origin":2593,"position":0},"title":"M\u00fasica cl\u00e1ssica","author":"M\u00e1rcio Miranda Pontes","date":"11 de abril de 2020","format":false,"excerpt":"A m\u00fasica cl\u00e1ssica, mais conhecida como m\u00fasica erudita, cresceu ao longo dos anos, datando sua origem no s\u00e9culo IX. Era utilizada em cerim\u00f4nias religiosas e para alegrar os nobres da \u00e9poca.","rel":"","context":"Em &quot;Blog SABRA&quot;","block_context":{"text":"Blog SABRA","link":"https:\/\/www.sabra.org.br\/site\/category\/blog-sabra\/"},"img":{"alt_text":"musica-classica-evolu\u00e7\u00e3o-erudita-s\u00e9culo-sabra","src":"https:\/\/i0.wp.com\/www.sabra.org.br\/site\/wp-content\/uploads\/2020\/04\/musica-classica-conheca-a-sua-origem-e-evolucao-ao-longo-dos-anos-20191202180617.jpg.jpg?resize=350%2C200&ssl=1","width":350,"height":200,"srcset":"https:\/\/i0.wp.com\/www.sabra.org.br\/site\/wp-content\/uploads\/2020\/04\/musica-classica-conheca-a-sua-origem-e-evolucao-ao-longo-dos-anos-20191202180617.jpg.jpg?resize=350%2C200&ssl=1 1x, https:\/\/i0.wp.com\/www.sabra.org.br\/site\/wp-content\/uploads\/2020\/04\/musica-classica-conheca-a-sua-origem-e-evolucao-ao-longo-dos-anos-20191202180617.jpg.jpg?resize=525%2C300&ssl=1 1.5x, https:\/\/i0.wp.com\/www.sabra.org.br\/site\/wp-content\/uploads\/2020\/04\/musica-classica-conheca-a-sua-origem-e-evolucao-ao-longo-dos-anos-20191202180617.jpg.jpg?resize=700%2C400&ssl=1 2x"},"classes":[]},{"id":2988,"url":"https:\/\/www.sabra.org.br\/site\/felicidade-ouvir-musica\/","url_meta":{"origin":2593,"position":1},"title":"Felicidade e ouvir m\u00fasica","author":"M\u00e1rcio Miranda Pontes","date":"6 de junho de 2020","format":false,"excerpt":"Al\u00e9m de nos entreter e distrair, a m\u00fasica desempenha um importante papel contra os efeitos da ansiedade, depress\u00e3o e estresse e pode impactar de uma maneira muito positiva nossa felicidade e bem-estar.","rel":"","context":"Em &quot;Blog SABRA&quot;","block_context":{"text":"Blog SABRA","link":"https:\/\/www.sabra.org.br\/site\/category\/blog-sabra\/"},"img":{"alt_text":"felicidade-ouvir-musica","src":"https:\/\/i0.wp.com\/www.sabra.org.br\/site\/wp-content\/uploads\/2020\/06\/saiba-como-ouvir-musica-pode-impactar-na-sua-felicidade-20200430180602.jpg.jpg?resize=350%2C200&ssl=1","width":350,"height":200,"srcset":"https:\/\/i0.wp.com\/www.sabra.org.br\/site\/wp-content\/uploads\/2020\/06\/saiba-como-ouvir-musica-pode-impactar-na-sua-felicidade-20200430180602.jpg.jpg?resize=350%2C200&ssl=1 1x, https:\/\/i0.wp.com\/www.sabra.org.br\/site\/wp-content\/uploads\/2020\/06\/saiba-como-ouvir-musica-pode-impactar-na-sua-felicidade-20200430180602.jpg.jpg?resize=525%2C300&ssl=1 1.5x, https:\/\/i0.wp.com\/www.sabra.org.br\/site\/wp-content\/uploads\/2020\/06\/saiba-como-ouvir-musica-pode-impactar-na-sua-felicidade-20200430180602.jpg.jpg?resize=700%2C400&ssl=1 2x"},"classes":[]},{"id":2827,"url":"https:\/\/www.sabra.org.br\/site\/instrumentos-musicais\/","url_meta":{"origin":2593,"position":2},"title":"Instrumentos musicais","author":"M\u00e1rcio Miranda Pontes","date":"15 de abril de 2020","format":false,"excerpt":"A m\u00fasica tem o dom de nos enfeiti\u00e7ar e tornar nosso dia mais alegre ou nos trazer alguma lembran\u00e7a por meio de sua melodia. Os instrumentos musicais s\u00e3o o acompanhamento perfeito para isso.","rel":"","context":"Em &quot;Blog SABRA&quot;","block_context":{"text":"Blog SABRA","link":"https:\/\/www.sabra.org.br\/site\/category\/blog-sabra\/"},"img":{"alt_text":"instrumentos-musicais-som-m\u00fasica-ouvir-sabra-valor","src":"https:\/\/i0.wp.com\/www.sabra.org.br\/site\/wp-content\/uploads\/2020\/04\/instrumentos-musicais-voce-sabe-quais-sao-os-mais-tocados-no-mundo-20191202180617.jpg.jpg?resize=350%2C200&ssl=1","width":350,"height":200,"srcset":"https:\/\/i0.wp.com\/www.sabra.org.br\/site\/wp-content\/uploads\/2020\/04\/instrumentos-musicais-voce-sabe-quais-sao-os-mais-tocados-no-mundo-20191202180617.jpg.jpg?resize=350%2C200&ssl=1 1x, https:\/\/i0.wp.com\/www.sabra.org.br\/site\/wp-content\/uploads\/2020\/04\/instrumentos-musicais-voce-sabe-quais-sao-os-mais-tocados-no-mundo-20191202180617.jpg.jpg?resize=525%2C300&ssl=1 1.5x, https:\/\/i0.wp.com\/www.sabra.org.br\/site\/wp-content\/uploads\/2020\/04\/instrumentos-musicais-voce-sabe-quais-sao-os-mais-tocados-no-mundo-20191202180617.jpg.jpg?resize=700%2C400&ssl=1 2x"},"classes":[]},{"id":2890,"url":"https:\/\/www.sabra.org.br\/site\/festivais-2020-musica-classica\/","url_meta":{"origin":2593,"position":3},"title":"Festivais 2020 &#8211; m\u00fasica cl\u00e1ssica","author":"M\u00e1rcio Miranda Pontes","date":"29 de abril de 2020","format":false,"excerpt":"A m\u00fasica cl\u00e1ssica encanta nossa vida de diferentes formas, e ter a oportunidade de apreci\u00e1-las ao vivo \u00e9 um espet\u00e1culo a parte. Por isso, listamos alguns festivais no nosso pa\u00eds para que voc\u00ea possa se programar!","rel":"","context":"Em &quot;Blog SABRA&quot;","block_context":{"text":"Blog SABRA","link":"https:\/\/www.sabra.org.br\/site\/category\/blog-sabra\/"},"img":{"alt_text":"festivais-festival-musica-classica","src":"https:\/\/i0.wp.com\/www.sabra.org.br\/site\/wp-content\/uploads\/2020\/04\/os-melhores-festivais-de-musica-classica-para-voce-acompanhar-em-20200317174456.jpg.jpg?resize=350%2C200&ssl=1","width":350,"height":200,"srcset":"https:\/\/i0.wp.com\/www.sabra.org.br\/site\/wp-content\/uploads\/2020\/04\/os-melhores-festivais-de-musica-classica-para-voce-acompanhar-em-20200317174456.jpg.jpg?resize=350%2C200&ssl=1 1x, https:\/\/i0.wp.com\/www.sabra.org.br\/site\/wp-content\/uploads\/2020\/04\/os-melhores-festivais-de-musica-classica-para-voce-acompanhar-em-20200317174456.jpg.jpg?resize=525%2C300&ssl=1 1.5x, https:\/\/i0.wp.com\/www.sabra.org.br\/site\/wp-content\/uploads\/2020\/04\/os-melhores-festivais-de-musica-classica-para-voce-acompanhar-em-20200317174456.jpg.jpg?resize=700%2C400&ssl=1 2x"},"classes":[]},{"id":3002,"url":"https:\/\/www.sabra.org.br\/site\/estilos-musicais\/","url_meta":{"origin":2593,"position":4},"title":"Estilos Musicais","author":"M\u00e1rcio Miranda Pontes","date":"15 de junho de 2020","format":false,"excerpt":"Com a Internet, muitos estilos musicais v\u00eam se desenvolvendo e popularizando. Hoje, \u00e9 muito f\u00e1cil descobrir novas can\u00e7\u00f5es e artistas do mundo todo. Neste artigo, trazemos um pouco de informa\u00e7\u00f5es sobre 3 g\u00eaneros musicais que crescem em popularidade a cada ano e t\u00eam milh\u00f5es de ouvintes espalhados em diversos pa\u00edses.","rel":"","context":"Em &quot;Blog SABRA&quot;","block_context":{"text":"Blog SABRA","link":"https:\/\/www.sabra.org.br\/site\/category\/blog-sabra\/"},"img":{"alt_text":"estilos-musicais","src":"https:\/\/i0.wp.com\/www.sabra.org.br\/site\/wp-content\/uploads\/2020\/06\/x-estilos-musicais-que-estao-cada-vez-mais-famosos-no-mundo-todo-20200602154116.jpg.jpg?resize=350%2C200&ssl=1","width":350,"height":200,"srcset":"https:\/\/i0.wp.com\/www.sabra.org.br\/site\/wp-content\/uploads\/2020\/06\/x-estilos-musicais-que-estao-cada-vez-mais-famosos-no-mundo-todo-20200602154116.jpg.jpg?resize=350%2C200&ssl=1 1x, https:\/\/i0.wp.com\/www.sabra.org.br\/site\/wp-content\/uploads\/2020\/06\/x-estilos-musicais-que-estao-cada-vez-mais-famosos-no-mundo-todo-20200602154116.jpg.jpg?resize=525%2C300&ssl=1 1.5x, https:\/\/i0.wp.com\/www.sabra.org.br\/site\/wp-content\/uploads\/2020\/06\/x-estilos-musicais-que-estao-cada-vez-mais-famosos-no-mundo-todo-20200602154116.jpg.jpg?resize=700%2C400&ssl=1 2x"},"classes":[]},{"id":2953,"url":"https:\/\/www.sabra.org.br\/site\/personalidade-e-musicas-favoritas\/","url_meta":{"origin":2593,"position":5},"title":"Personalidade e M\u00fasicas Favoritas","author":"M\u00e1rcio Miranda Pontes","date":"21 de maio de 2020","format":false,"excerpt":"[vc_row][vc_column][vc_column_text] Saiba como as suas m\u00fasicas favoritas dizem muito sobre a sua personalidade Quer conhecer algu\u00e9m? Ent\u00e3o, saiba o que tem na playlist dessa pessoa. N\u00e3o importa qual seja o estilo musical preferido: o gosto musical das pessoas diz muito sobre quem elas s\u00e3o e como demonstram sua personalidade. A\u2026","rel":"","context":"Em &quot;Blog SABRA&quot;","block_context":{"text":"Blog SABRA","link":"https:\/\/www.sabra.org.br\/site\/category\/blog-sabra\/"},"img":{"alt_text":"personalidade m\u00fasicas favoritas","src":"https:\/\/i0.wp.com\/www.sabra.org.br\/site\/wp-content\/uploads\/2020\/05\/saiba-como-as-suas-musicas-favoritas-dizem-muito-sobre-a-sua-personalidade-20200317174456.jpg.jpg?resize=350%2C200&ssl=1","width":350,"height":200,"srcset":"https:\/\/i0.wp.com\/www.sabra.org.br\/site\/wp-content\/uploads\/2020\/05\/saiba-como-as-suas-musicas-favoritas-dizem-muito-sobre-a-sua-personalidade-20200317174456.jpg.jpg?resize=350%2C200&ssl=1 1x, https:\/\/i0.wp.com\/www.sabra.org.br\/site\/wp-content\/uploads\/2020\/05\/saiba-como-as-suas-musicas-favoritas-dizem-muito-sobre-a-sua-personalidade-20200317174456.jpg.jpg?resize=525%2C300&ssl=1 1.5x, https:\/\/i0.wp.com\/www.sabra.org.br\/site\/wp-content\/uploads\/2020\/05\/saiba-como-as-suas-musicas-favoritas-dizem-muito-sobre-a-sua-personalidade-20200317174456.jpg.jpg?resize=700%2C400&ssl=1 2x"},"classes":[]}],"jetpack_likes_enabled":true,"jetpack_sharing_enabled":true,"_links":{"self":[{"href":"https:\/\/www.sabra.org.br\/site\/wp-json\/wp\/v2\/posts\/2593","targetHints":{"allow":["GET"]}}],"collection":[{"href":"https:\/\/www.sabra.org.br\/site\/wp-json\/wp\/v2\/posts"}],"about":[{"href":"https:\/\/www.sabra.org.br\/site\/wp-json\/wp\/v2\/types\/post"}],"author":[{"embeddable":true,"href":"https:\/\/www.sabra.org.br\/site\/wp-json\/wp\/v2\/users\/39"}],"replies":[{"embeddable":true,"href":"https:\/\/www.sabra.org.br\/site\/wp-json\/wp\/v2\/comments?post=2593"}],"version-history":[{"count":0,"href":"https:\/\/www.sabra.org.br\/site\/wp-json\/wp\/v2\/posts\/2593\/revisions"}],"wp:featuredmedia":[{"embeddable":true,"href":"https:\/\/www.sabra.org.br\/site\/wp-json\/wp\/v2\/media\/2594"}],"wp:attachment":[{"href":"https:\/\/www.sabra.org.br\/site\/wp-json\/wp\/v2\/media?parent=2593"}],"wp:term":[{"taxonomy":"category","embeddable":true,"href":"https:\/\/www.sabra.org.br\/site\/wp-json\/wp\/v2\/categories?post=2593"},{"taxonomy":"post_tag","embeddable":true,"href":"https:\/\/www.sabra.org.br\/site\/wp-json\/wp\/v2\/tags?post=2593"}],"curies":[{"name":"wp","href":"https:\/\/api.w.org\/{rel}","templated":true}]}}