{"id":2652,"date":"2020-03-31T11:01:13","date_gmt":"2020-03-31T14:01:13","guid":{"rendered":"https:\/\/www.sabra.org.br\/site\/?p=2652"},"modified":"2025-04-20T19:26:11","modified_gmt":"2025-04-20T22:26:11","slug":"arte-autentica","status":"publish","type":"post","link":"https:\/\/www.sabra.org.br\/site\/arte-autentica\/","title":{"rendered":"Arte Aut\u00eantica"},"content":{"rendered":"<h2>Como estudiosos sabem que uma obra de arte \u00e9 aut\u00eantica?<\/h2>\n<p>Desde a \u00e9poca de Walter Benjamin, autor da obra \u201cA obra de arte na era de sua reprodutibilidade t\u00e9cnica\u201d, escutamos falar com frequ\u00eancia que a obra de arte (quadro, pinturas, m\u00fasicas etc.) deixou os grandes museus e acervos e passou a ocupar diversos ambientes, como a web, por exemplo, a partir de sua reprodutibilidade.<br \/>\nHoje, \u00e9 fato que uma grande maioria de pessoas tem acesso a letras musicais que antes eram apreciadas por apenas algumas pessoas. E isso pode ser feito na web, ambiente que congrega os mais diversos tipos de artes. Todavia, faz-se fundamental fazer-se uma pergunta: nesse cen\u00e1rio, como os estudiosos sabem que uma obra de arte \u00e9 aut\u00eantica? Caso tamb\u00e9m carregue essa curiosidade e deseje mat\u00e1-la, continue a leitura. Aqui, buscamos respond\u00ea-la.<\/p>\n<h2>A autentica\u00e7\u00e3o de uma obra de arte<\/h2>\n<p>A primeira coisa que precisa saber \u00e9 que n\u00e3o \u00e9 nada f\u00e1cil para os peritos se certificarem que uma obra de arte \u00e9 realmente aut\u00eantica, original, uma vez que hoje \u00e9 poss\u00edvel construir uma obra similar as de Leonardo da Vinci, por exemplo, sem que ela se mostre, em um primeiro olhar ou mais, de maneira falseada.<br \/>\nMas isso n\u00e3o quer dizer que \u00e9 imposs\u00edvel. \u00c9 colocado em quest\u00e3o uma s\u00e9rie de elementos em rela\u00e7\u00e3o \u00e0 obra e esses elementos s\u00e3o analisados em conjunto, segundo especialistas.<br \/>\nA seguir, conhe\u00e7a os fatores que s\u00e3o analisados para saber se uma obra \u00e9 realmente original:<\/p>\n<h2>Padr\u00f5es das pinceladas<\/h2>\n<p>Cada artista desenvolve sua arte de maneira peculiar. Para isso, adota, muitas vezes, padr\u00f5es de pinceladas, em se tratando de pinturas. E esses padr\u00f5es s\u00e3o analisados no momento em que se busca verificar a autenticidade de uma obra de arte.<\/p>\n<h2>Assinatura do artista<\/h2>\n<p>Na verifica\u00e7\u00e3o de autenticidade de uma obra \u00e9 tamb\u00e9m analisada a assinatura do artista. O que geralmente acontece \u00e9 a compara\u00e7\u00e3o de obras do referido artista, bem como de sua assinatura, com o objetivo de verificar se este \u00faltimo segue um padr\u00e3o de identifica\u00e7\u00e3o.<br \/>\nEsse trabalho \u00e9 realizado, comumente, por profissionais altamente especializado na an\u00e1lise de assinaturas.<\/p>\n<h2>Material utilizado<\/h2>\n<p>Tamb\u00e9m se analisa o material utilizado na obra de arte, com o objetivo de verificar se ele, por exemplo, j\u00e1 existia na \u00e9poca em que a obra foi concebida.<br \/>\nEsse \u00e9, na verdade, um dos principais fatores na verifica\u00e7\u00e3o da autenticidade de uma obra de arte. Caso o material seja de origem hist\u00f3rica duvidosa, chega-se \u00e0 conclus\u00e3o que a obra pode n\u00e3o ser aut\u00eantica.<\/p>\n<h2>Avalia\u00e7\u00e3o de um artista\/pintor<\/h2>\n<p>Al\u00e9m da avalia\u00e7\u00e3o do perito, busca-se contar com uma segunda avalia\u00e7\u00e3o, geralmente a de um artista ou profissional, o qual dever\u00e1 acionar a sua experi\u00eancia para verificar a autenticidade da obra.<br \/>\nComumente, um artista conhece os tra\u00e7os de pinturas, pinceladas, tendo conhecimento acerca das principais obras de artes que conduzem at\u00e9 hoje o fazer art\u00edstico de muitos deles.<br \/>\nGostou deste conte\u00fado? Esperamos que sim. A boa not\u00edcia \u00e9 que pode acessar nosso blog e favorit\u00e1-lo, para que assim possa acompanhas as nossas publica\u00e7\u00f5es mais de perto.<br \/>\nPor que n\u00e3o faz isso agora mesmo?<\/p>\n<h2>FIA &#8211; IRPF 2020 &#8211;\u00a0DOE PARA A SABRA.<\/h2>\n<p>Voc\u00ea escolhe onde parte de seu imposto de renda ser\u00e1 aplicado.<\/p>\n<p>Junto com a SABRA, seus projetos e a\u00e7\u00f5es voc\u00ea vai ajudar a transformar vidas.<\/p>\n<p>Sem custos para voc\u00ea e n\u00e3o interfere em outras dedu\u00e7\u00f5es.<\/p>\n<p>Aproveite o tempo de quarentena do Covid-19 para fazer sua declara\u00e7\u00e3o IRPF 2020.<\/p>\n<h2>Veja como \u00e9 f\u00e1cil: s\u00e3o poucos passos!<\/h2>\n<p>1 \u2013 Ap\u00f3s preencher e conferir sua declara\u00e7\u00e3o no programa da Receita Federal e antes de remete-la, cliquar na aba \u201cDoa\u00e7\u00f5es Diretamente na Declara\u00e7\u00e3o\u201d e clicar em \u201cNovo\u201d<\/p>\n<p><img fetchpriority=\"high\" decoding=\"async\" data-attachment-id=\"2440\" data-permalink=\"https:\/\/www.sabra.org.br\/site\/imposto-de-renda\/01-novo-2\/\" data-orig-file=\"https:\/\/www.sabra.org.br\/site\/wp-content\/uploads\/2020\/02\/01-Novo-1.jpg\" data-orig-size=\"1366,728\" data-comments-opened=\"1\" data-image-meta=\"{&quot;aperture&quot;:&quot;0&quot;,&quot;credit&quot;:&quot;&quot;,&quot;camera&quot;:&quot;&quot;,&quot;caption&quot;:&quot;&quot;,&quot;created_timestamp&quot;:&quot;0&quot;,&quot;copyright&quot;:&quot;&quot;,&quot;focal_length&quot;:&quot;0&quot;,&quot;iso&quot;:&quot;0&quot;,&quot;shutter_speed&quot;:&quot;0&quot;,&quot;title&quot;:&quot;&quot;,&quot;orientation&quot;:&quot;0&quot;}\" data-image-title=\"01-Novo\" data-image-description=\"&lt;p&gt;Sociedade Art\u00edstica Brasileira&lt;\/p&gt;\n\" data-image-caption=\"&lt;p&gt;FIA &amp;#8211; Fundo da Inf\u00e2ncia e Adolesc\u00eancia&lt;\/p&gt;\n\" data-large-file=\"https:\/\/www.sabra.org.br\/site\/wp-content\/uploads\/2020\/02\/01-Novo-1-1024x546.jpg\" class=\"alignnone wp-image-2440 size-full\" src=\"https:\/\/www.sabra.org.br\/site\/wp-content\/uploads\/2020\/02\/01-Novo-1.jpg\" alt=\"FIA - Fundo da Inf\u00e2ncia e Adolesc\u00eancia\" width=\"1366\" height=\"728\" srcset=\"https:\/\/www.sabra.org.br\/site\/wp-content\/uploads\/2020\/02\/01-Novo-1.jpg 1366w, https:\/\/www.sabra.org.br\/site\/wp-content\/uploads\/2020\/02\/01-Novo-1-300x160.jpg 300w, https:\/\/www.sabra.org.br\/site\/wp-content\/uploads\/2020\/02\/01-Novo-1-1024x546.jpg 1024w, https:\/\/www.sabra.org.br\/site\/wp-content\/uploads\/2020\/02\/01-Novo-1-768x409.jpg 768w\" sizes=\"(max-width: 1366px) 100vw, 1366px\" \/><\/p>\n<p>2 \u2013 Selecionar as op\u00e7\u00f5es: Municipal, Estado (MG \u2013 Minas Gerais) e Munic\u00edpio (Betim &#8211; 21.101.865\/0001-14);<\/p>\n<p><img decoding=\"async\" data-attachment-id=\"2438\" data-permalink=\"https:\/\/www.sabra.org.br\/site\/imposto-de-renda\/02-municipio\/\" data-orig-file=\"https:\/\/www.sabra.org.br\/site\/wp-content\/uploads\/2020\/02\/02-munic\u00edpio.jpg\" data-orig-size=\"1366,728\" data-comments-opened=\"1\" data-image-meta=\"{&quot;aperture&quot;:&quot;0&quot;,&quot;credit&quot;:&quot;&quot;,&quot;camera&quot;:&quot;&quot;,&quot;caption&quot;:&quot;&quot;,&quot;created_timestamp&quot;:&quot;0&quot;,&quot;copyright&quot;:&quot;&quot;,&quot;focal_length&quot;:&quot;0&quot;,&quot;iso&quot;:&quot;0&quot;,&quot;shutter_speed&quot;:&quot;0&quot;,&quot;title&quot;:&quot;&quot;,&quot;orientation&quot;:&quot;0&quot;}\" data-image-title=\"02-munic\u00edpio\" data-image-description=\"&lt;p&gt;Sociedade Art\u00edstica Brasileira&lt;\/p&gt;\n\" data-image-caption=\"&lt;p&gt;FIA &amp;#8211; Fundo da Inf\u00e2ncia e Adolesc\u00eancia&lt;\/p&gt;\n\" data-large-file=\"https:\/\/www.sabra.org.br\/site\/wp-content\/uploads\/2020\/02\/02-munic\u00edpio-1024x546.jpg\" class=\"alignnone wp-image-2438 size-full\" src=\"https:\/\/www.sabra.org.br\/site\/wp-content\/uploads\/2020\/02\/02-munic\u00edpio.jpg\" alt=\"FIA - Fundo da Inf\u00e2ncia e Adolesc\u00eancia\" width=\"1366\" height=\"728\" srcset=\"https:\/\/www.sabra.org.br\/site\/wp-content\/uploads\/2020\/02\/02-munic\u00edpio.jpg 1366w, https:\/\/www.sabra.org.br\/site\/wp-content\/uploads\/2020\/02\/02-munic\u00edpio-300x160.jpg 300w, https:\/\/www.sabra.org.br\/site\/wp-content\/uploads\/2020\/02\/02-munic\u00edpio-1024x546.jpg 1024w, https:\/\/www.sabra.org.br\/site\/wp-content\/uploads\/2020\/02\/02-munic\u00edpio-768x409.jpg 768w\" sizes=\"(max-width: 1366px) 100vw, 1366px\" \/><\/p>\n<p>3 \u2013 Verificar o \u201cValor Dispon\u00edvel para Destina\u00e7\u00e3o\u201d e copiar o n\u00famero para o campo \u201cValor\u201d (valor da doa\u00e7\u00e3o);<\/p>\n<p><img decoding=\"async\" data-attachment-id=\"2439\" data-permalink=\"https:\/\/www.sabra.org.br\/site\/imposto-de-renda\/03-valor-2\/\" data-orig-file=\"https:\/\/www.sabra.org.br\/site\/wp-content\/uploads\/2020\/02\/03-valor-1.jpg\" data-orig-size=\"1366,726\" data-comments-opened=\"1\" data-image-meta=\"{&quot;aperture&quot;:&quot;0&quot;,&quot;credit&quot;:&quot;&quot;,&quot;camera&quot;:&quot;&quot;,&quot;caption&quot;:&quot;&quot;,&quot;created_timestamp&quot;:&quot;0&quot;,&quot;copyright&quot;:&quot;&quot;,&quot;focal_length&quot;:&quot;0&quot;,&quot;iso&quot;:&quot;0&quot;,&quot;shutter_speed&quot;:&quot;0&quot;,&quot;title&quot;:&quot;&quot;,&quot;orientation&quot;:&quot;0&quot;}\" data-image-title=\"03-valor\" data-image-description=\"&lt;p&gt;Sociedade Art\u00edstica Brasileira&lt;\/p&gt;\n\" data-image-caption=\"&lt;p&gt;FIA &amp;#8211; Fundo da Inf\u00e2ncia e Adolesc\u00eancia&lt;\/p&gt;\n\" data-large-file=\"https:\/\/www.sabra.org.br\/site\/wp-content\/uploads\/2020\/02\/03-valor-1-1024x544.jpg\" class=\"alignnone wp-image-2439 size-full\" src=\"https:\/\/www.sabra.org.br\/site\/wp-content\/uploads\/2020\/02\/03-valor-1.jpg\" alt=\"FIA - Fundo da Inf\u00e2ncia e Adolesc\u00eancia\" width=\"1366\" height=\"726\" srcset=\"https:\/\/www.sabra.org.br\/site\/wp-content\/uploads\/2020\/02\/03-valor-1.jpg 1366w, https:\/\/www.sabra.org.br\/site\/wp-content\/uploads\/2020\/02\/03-valor-1-300x159.jpg 300w, https:\/\/www.sabra.org.br\/site\/wp-content\/uploads\/2020\/02\/03-valor-1-1024x544.jpg 1024w, https:\/\/www.sabra.org.br\/site\/wp-content\/uploads\/2020\/02\/03-valor-1-768x408.jpg 768w\" sizes=\"(max-width: 1366px) 100vw, 1366px\" \/><\/p>\n<p>4 \u2013 Ap\u00f3s clicar em \u201cOK\u201d \u00e9 preciso selecionar a aba \u201cDarf \u2013 Doa\u00e7\u00f5es Diretamente na Declara\u00e7\u00e3o \u2013 ECA\u201d, imprimir o documento e realizar o pagamento at\u00e9 a data de vencimento.<\/p>\n<p>5 \u2013 Para finalizar, digitalizar o comprovante de pagamento do DARF e enviar para o Conselho da Crian\u00e7a e Adolescente de Betim (cmdcafiabetim@gmail.com) com c\u00f3pia para a SABRA (sabra@sabra.org.br). Na mensagem informar que a doa\u00e7\u00e3o dever\u00e1 ser destinada \u00e0 Sociedade Art\u00edstica Brasileira SABRA.<\/p>\n<p>6 \u2013 Pronto! Voc\u00ea acabou de transformar vidas!<\/p>\n<h2>Se voc\u00ea gostou deste post:<\/h2>\n<p>&#8211; SIGA as nossas p\u00e1ginas nas redes sociais para acompanhar as nossas atualiza\u00e7\u00f5es: estamos no <a href=\"https:\/\/www.facebook.com\/sabrabrasil\" target=\"_blank\" rel=\"noopener noreferrer\">Facebook<\/a>, no <a href=\"https:\/\/www.instagram.com\/sabrabrasil\/\" target=\"_blank\" rel=\"noopener noreferrer\">Instagram<\/a>, no <a href=\"https:\/\/www.linkedin.com\/company\/25002088\" target=\"_blank\" rel=\"noopener noreferrer\">LinkedIn<\/a>, no <a href=\"https:\/\/twitter.com\/ContatoSabra\" target=\"_blank\" rel=\"noopener noreferrer\">Twitter<\/a> e no <a href=\"https:\/\/www.youtube.com\/channel\/UCJw-kbuEvzUNdeQf20Pa-eQ\" target=\"_blank\" rel=\"noopener noreferrer\">YouTube<\/a>!<\/p>\n<p>&#8211; CONHE\u00c7A o trabalho da Sociedade Art\u00edstica Brasileira (SABRA) e todas as iniciativas culturais e sociais que ela mant\u00e9m. <a href=\"https:\/\/www.sabra.org.br\/site\/acoes\/\" target=\"_blank\" rel=\"noopener noreferrer\">Acesse nosso site!<\/a><\/p>\n<p>&#8211; ENTRE EM CONTATO com a gente. E veja quais s\u00e3o as op\u00e7\u00f5es de ajuda na manuten\u00e7\u00e3o de nossas a\u00e7\u00f5es sociais e culturais. Basta acessar nossa p\u00e1gina <a href=\"https:\/\/www.sabra.org.br\/site\/doe-agora\/\" target=\"_blank\" rel=\"noopener noreferrer\">Doe Agora!<\/a><\/p>\n<p>&#8211; COMPARTILHE este texto nas suas redes sociais e ajude os seus amigos a tamb\u00e9m dominarem o assunto!<\/p>\n","protected":false},"excerpt":{"rendered":"<p>Afinal, como estudiosos sabem que uma obra de arte \u00e9 aut\u00eantica? No processo de avalia\u00e7\u00e3o de uma obra de arte, considera-se v\u00e1rios fatores, dentre eles: padr\u00e3o de pincelada, material utilizado, avalia\u00e7\u00e3o de um artista, etc. Para saber mais, clique no link abaixo!<\/p>\n","protected":false},"author":39,"featured_media":2653,"comment_status":"closed","ping_status":"closed","sticky":false,"template":"","format":"standard","meta":{"jetpack_post_was_ever_published":false,"_jetpack_newsletter_access":"","_jetpack_dont_email_post_to_subs":false,"_jetpack_newsletter_tier_id":0,"_jetpack_memberships_contains_paywalled_content":false,"_jetpack_memberships_contains_paid_content":false,"footnotes":""},"categories":[1],"tags":[15,8,1846,1285,1047,2762,16,1286,11,9],"class_list":["post-2652","post","type-post","status-publish","format-standard","has-post-thumbnail","hentry","category-blog-sabra","tag-assistencia-social","tag-canto-coral","tag-escola-de-musica-de-nova-lima","tag-escola-de-musica-sabra","tag-fia","tag-irpf-2020","tag-musicalizacao-infantil","tag-orquestra-infanto-juvenil-de-betim","tag-orquestra-sinfonica-de-betim","tag-sociedade-artistica-brasileira"],"yoast_head":"<!-- This site is optimized with the Yoast SEO plugin v27.5 - https:\/\/yoast.com\/product\/yoast-seo-wordpress\/ -->\n<title>Arte e sua reprodutibilidade na era digital - SABRA - Sociedade Art\u00edstica Brasileira<\/title>\n<meta name=\"description\" content=\"A arte na era digital traz quest\u00f5es sobre a autenticidade. Aprenda como estudiosos lidam com este desafio contempor\u00e2neo.\" \/>\n<meta name=\"robots\" content=\"index, follow, max-snippet:-1, max-image-preview:large, max-video-preview:-1\" \/>\n<link rel=\"canonical\" href=\"https:\/\/www.sabra.org.br\/site\/arte-autentica\/\" \/>\n<meta property=\"og:locale\" content=\"pt_BR\" \/>\n<meta property=\"og:type\" content=\"article\" \/>\n<meta property=\"og:title\" content=\"Arte Aut\u00eantica\" \/>\n<meta property=\"og:description\" content=\"Afinal, como estudiosos sabem que uma obra de arte \u00e9 aut\u00eantica? No processo de avalia\u00e7\u00e3o de uma obra de arte, considera-se v\u00e1rios fatores, dentre eles: padr\u00e3o de pincelada, material utilizado, avalia\u00e7\u00e3o de um artista, etc. Para saber mais, clique no link abaixo! #sabra #institutounimedbh #vallourec #sicoobcredicom #semedbetim #unimedbh #betim #novalima DOE PARA A SABRA - IRPF 2020 - FIA. Voc\u00ea escolhe onde parte de seu imposto de renda ser\u00e1 aplicado. Junto com a SABRA, seus projetos e a\u00e7\u00f5es voc\u00ea vai ajudar a transformar vidas. Sem custos para voc\u00ea e n\u00e3o interfere em outras dedu\u00e7\u00f5es. Aproveite o tempo de quarentena do Covid-19 para fazer sua declara\u00e7\u00e3o IRPF 2020. https:\/\/sabra.page.link\/LNh4\" \/>\n<meta property=\"og:url\" content=\"https:\/\/www.sabra.org.br\/site\/arte-autentica\/\" \/>\n<meta property=\"og:site_name\" content=\"SABRA - Sociedade Art\u00edstica Brasileira\" \/>\n<meta property=\"article:publisher\" content=\"https:\/\/www.facebook.com\/sabrabrasil\" \/>\n<meta property=\"article:published_time\" content=\"2020-03-31T14:01:13+00:00\" \/>\n<meta property=\"article:modified_time\" content=\"2025-04-20T22:26:11+00:00\" \/>\n<meta property=\"og:image\" content=\"https:\/\/www.sabra.org.br\/site\/wp-content\/uploads\/2020\/03\/como-estudiosos-sabem-que-uma-obra-de-arte-e-autentica-20200110125630.jpg.jpg\" \/>\n\t<meta property=\"og:image:width\" content=\"800\" \/>\n\t<meta property=\"og:image:height\" content=\"534\" \/>\n\t<meta property=\"og:image:type\" content=\"image\/jpeg\" \/>\n<meta name=\"author\" content=\"M\u00e1rcio Miranda Pontes\" \/>\n<meta name=\"twitter:card\" content=\"summary_large_image\" \/>\n<meta name=\"twitter:title\" content=\"Arte Aut\u00eantica\" \/>\n<meta name=\"twitter:description\" content=\"Afinal, como estudiosos sabem que uma obra de arte \u00e9 aut\u00eantica? No processo de avalia\u00e7\u00e3o de uma obra de arte, considera-se v\u00e1rios fatores, dentre eles: padr\u00e3o de pincelada, material utilizado, avalia\u00e7\u00e3o de um artista, etc.\" \/>\n<meta name=\"twitter:creator\" content=\"@ContatoSabra\" \/>\n<meta name=\"twitter:site\" content=\"@ContatoSabra\" \/>\n<meta name=\"twitter:label1\" content=\"Escrito por\" \/>\n\t<meta name=\"twitter:data1\" content=\"M\u00e1rcio Miranda Pontes\" \/>\n\t<meta name=\"twitter:label2\" content=\"Est. tempo de leitura\" \/>\n\t<meta name=\"twitter:data2\" content=\"6 minutos\" \/>\n<script type=\"application\/ld+json\" class=\"yoast-schema-graph\">{\"@context\":\"https:\\\/\\\/schema.org\",\"@graph\":[{\"@type\":\"Article\",\"@id\":\"https:\\\/\\\/www.sabra.org.br\\\/site\\\/arte-autentica\\\/#article\",\"isPartOf\":{\"@id\":\"https:\\\/\\\/www.sabra.org.br\\\/site\\\/arte-autentica\\\/\"},\"author\":{\"name\":\"M\u00e1rcio Miranda Pontes\",\"@id\":\"https:\\\/\\\/www.sabra.org.br\\\/site\\\/#\\\/schema\\\/person\\\/7d1d222c3c8891d4c37c7b41bf6315c2\"},\"headline\":\"Arte Aut\u00eantica\",\"datePublished\":\"2020-03-31T14:01:13+00:00\",\"dateModified\":\"2025-04-20T22:26:11+00:00\",\"mainEntityOfPage\":{\"@id\":\"https:\\\/\\\/www.sabra.org.br\\\/site\\\/arte-autentica\\\/\"},\"wordCount\":874,\"publisher\":{\"@id\":\"https:\\\/\\\/www.sabra.org.br\\\/site\\\/#organization\"},\"image\":{\"@id\":\"https:\\\/\\\/www.sabra.org.br\\\/site\\\/arte-autentica\\\/#primaryimage\"},\"thumbnailUrl\":\"https:\\\/\\\/www.sabra.org.br\\\/site\\\/wp-content\\\/uploads\\\/2020\\\/03\\\/como-estudiosos-sabem-que-uma-obra-de-arte-e-autentica-20200110125630.jpg.jpg\",\"keywords\":[\"Assist\u00eancia social\",\"Canto Coral\",\"Escola de M\u00fasica de Nova Lima\",\"Escola de Musica SABRA\",\"FIA\",\"IRPF 2020\",\"Musicaliza\u00e7\u00e3o Infantil\",\"Orquestra Infanto Juvenil de Betim\",\"Orquestra Sinf\u00f4nica de Betim\",\"Sociedade Art\u00edstica Brasileira\"],\"articleSection\":[\"Blog SABRA\"],\"inLanguage\":\"pt-BR\"},{\"@type\":\"WebPage\",\"@id\":\"https:\\\/\\\/www.sabra.org.br\\\/site\\\/arte-autentica\\\/\",\"url\":\"https:\\\/\\\/www.sabra.org.br\\\/site\\\/arte-autentica\\\/\",\"name\":\"Arte e sua reprodutibilidade na era digital - SABRA - Sociedade Art\u00edstica Brasileira\",\"isPartOf\":{\"@id\":\"https:\\\/\\\/www.sabra.org.br\\\/site\\\/#website\"},\"primaryImageOfPage\":{\"@id\":\"https:\\\/\\\/www.sabra.org.br\\\/site\\\/arte-autentica\\\/#primaryimage\"},\"image\":{\"@id\":\"https:\\\/\\\/www.sabra.org.br\\\/site\\\/arte-autentica\\\/#primaryimage\"},\"thumbnailUrl\":\"https:\\\/\\\/www.sabra.org.br\\\/site\\\/wp-content\\\/uploads\\\/2020\\\/03\\\/como-estudiosos-sabem-que-uma-obra-de-arte-e-autentica-20200110125630.jpg.jpg\",\"datePublished\":\"2020-03-31T14:01:13+00:00\",\"dateModified\":\"2025-04-20T22:26:11+00:00\",\"description\":\"A arte na era digital traz quest\u00f5es sobre a autenticidade. Aprenda como estudiosos lidam com este desafio contempor\u00e2neo.\",\"breadcrumb\":{\"@id\":\"https:\\\/\\\/www.sabra.org.br\\\/site\\\/arte-autentica\\\/#breadcrumb\"},\"inLanguage\":\"pt-BR\",\"potentialAction\":[{\"@type\":\"ReadAction\",\"target\":[\"https:\\\/\\\/www.sabra.org.br\\\/site\\\/arte-autentica\\\/\"]}]},{\"@type\":\"ImageObject\",\"inLanguage\":\"pt-BR\",\"@id\":\"https:\\\/\\\/www.sabra.org.br\\\/site\\\/arte-autentica\\\/#primaryimage\",\"url\":\"https:\\\/\\\/www.sabra.org.br\\\/site\\\/wp-content\\\/uploads\\\/2020\\\/03\\\/como-estudiosos-sabem-que-uma-obra-de-arte-e-autentica-20200110125630.jpg.jpg\",\"contentUrl\":\"https:\\\/\\\/www.sabra.org.br\\\/site\\\/wp-content\\\/uploads\\\/2020\\\/03\\\/como-estudiosos-sabem-que-uma-obra-de-arte-e-autentica-20200110125630.jpg.jpg\",\"width\":800,\"height\":534,\"caption\":\"Sociedade Art\u00edstica Brasileira SABRA\"},{\"@type\":\"BreadcrumbList\",\"@id\":\"https:\\\/\\\/www.sabra.org.br\\\/site\\\/arte-autentica\\\/#breadcrumb\",\"itemListElement\":[{\"@type\":\"ListItem\",\"position\":1,\"name\":\"In\u00edcio\",\"item\":\"https:\\\/\\\/www.sabra.org.br\\\/site\\\/\"},{\"@type\":\"ListItem\",\"position\":2,\"name\":\"Arte Aut\u00eantica\"}]},{\"@type\":\"WebSite\",\"@id\":\"https:\\\/\\\/www.sabra.org.br\\\/site\\\/#website\",\"url\":\"https:\\\/\\\/www.sabra.org.br\\\/site\\\/\",\"name\":\"SABRA - Sociedade Art\u00edstica Brasileira\",\"description\":\"Escola de M\u00fasica, Orquestra Sinf\u00f4nica, Coral e Patrim\u00f4nio Cultural e Hist\u00f3rico\",\"publisher\":{\"@id\":\"https:\\\/\\\/www.sabra.org.br\\\/site\\\/#organization\"},\"potentialAction\":[{\"@type\":\"SearchAction\",\"target\":{\"@type\":\"EntryPoint\",\"urlTemplate\":\"https:\\\/\\\/www.sabra.org.br\\\/site\\\/?s={search_term_string}\"},\"query-input\":{\"@type\":\"PropertyValueSpecification\",\"valueRequired\":true,\"valueName\":\"search_term_string\"}}],\"inLanguage\":\"pt-BR\"},{\"@type\":\"Organization\",\"@id\":\"https:\\\/\\\/www.sabra.org.br\\\/site\\\/#organization\",\"name\":\"SOCIEDADE ART\u00cdSTICA BRASILEIRA SABRA\",\"alternateName\":\"SABRA\",\"url\":\"https:\\\/\\\/www.sabra.org.br\\\/site\\\/\",\"logo\":{\"@type\":\"ImageObject\",\"inLanguage\":\"pt-BR\",\"@id\":\"https:\\\/\\\/www.sabra.org.br\\\/site\\\/#\\\/schema\\\/logo\\\/image\\\/\",\"url\":\"https:\\\/\\\/www.sabra.org.br\\\/site\\\/wp-content\\\/uploads\\\/2019\\\/06\\\/cropped-Logo_SABRA-Copia-1.webp\",\"contentUrl\":\"https:\\\/\\\/www.sabra.org.br\\\/site\\\/wp-content\\\/uploads\\\/2019\\\/06\\\/cropped-Logo_SABRA-Copia-1.webp\",\"width\":400,\"height\":128,\"caption\":\"SOCIEDADE ART\u00cdSTICA BRASILEIRA SABRA\"},\"image\":{\"@id\":\"https:\\\/\\\/www.sabra.org.br\\\/site\\\/#\\\/schema\\\/logo\\\/image\\\/\"},\"sameAs\":[\"https:\\\/\\\/www.facebook.com\\\/sabrabrasil\",\"https:\\\/\\\/x.com\\\/ContatoSabra\",\"https:\\\/\\\/www.instagram.com\\\/sabrabrasil\\\/\",\"https:\\\/\\\/www.linkedin.com\\\/company\\\/25002088\\\/\",\"https:\\\/\\\/br.pinterest.com\\\/sociedadeartisticabrasileira\\\/\",\"https:\\\/\\\/www.youtube.com\\\/c\\\/sabrabrasil\"]},{\"@type\":\"Person\",\"@id\":\"https:\\\/\\\/www.sabra.org.br\\\/site\\\/#\\\/schema\\\/person\\\/7d1d222c3c8891d4c37c7b41bf6315c2\",\"name\":\"M\u00e1rcio Miranda Pontes\",\"image\":{\"@type\":\"ImageObject\",\"inLanguage\":\"pt-BR\",\"@id\":\"https:\\\/\\\/secure.gravatar.com\\\/avatar\\\/3b45f24496a7625a3a6c436688fbe20344faaeb2979658dc4a9921f984d7df9a?s=96&d=mm&r=g\",\"url\":\"https:\\\/\\\/secure.gravatar.com\\\/avatar\\\/3b45f24496a7625a3a6c436688fbe20344faaeb2979658dc4a9921f984d7df9a?s=96&d=mm&r=g\",\"contentUrl\":\"https:\\\/\\\/secure.gravatar.com\\\/avatar\\\/3b45f24496a7625a3a6c436688fbe20344faaeb2979658dc4a9921f984d7df9a?s=96&d=mm&r=g\",\"caption\":\"M\u00e1rcio Miranda Pontes\"},\"sameAs\":[\"http:\\\/\\\/www.sabra.org.br\"],\"url\":\"https:\\\/\\\/www.sabra.org.br\\\/site\\\/author\\\/marcio-miranda-pontes\\\/\"}]}<\/script>\n<!-- \/ Yoast SEO plugin. -->","yoast_head_json":{"title":"Arte e sua reprodutibilidade na era digital - SABRA - Sociedade Art\u00edstica Brasileira","description":"A arte na era digital traz quest\u00f5es sobre a autenticidade. Aprenda como estudiosos lidam com este desafio contempor\u00e2neo.","robots":{"index":"index","follow":"follow","max-snippet":"max-snippet:-1","max-image-preview":"max-image-preview:large","max-video-preview":"max-video-preview:-1"},"canonical":"https:\/\/www.sabra.org.br\/site\/arte-autentica\/","og_locale":"pt_BR","og_type":"article","og_title":"Arte Aut\u00eantica","og_description":"Afinal, como estudiosos sabem que uma obra de arte \u00e9 aut\u00eantica? No processo de avalia\u00e7\u00e3o de uma obra de arte, considera-se v\u00e1rios fatores, dentre eles: padr\u00e3o de pincelada, material utilizado, avalia\u00e7\u00e3o de um artista, etc. Para saber mais, clique no link abaixo! #sabra #institutounimedbh #vallourec #sicoobcredicom #semedbetim #unimedbh #betim #novalima DOE PARA A SABRA - IRPF 2020 - FIA. Voc\u00ea escolhe onde parte de seu imposto de renda ser\u00e1 aplicado. Junto com a SABRA, seus projetos e a\u00e7\u00f5es voc\u00ea vai ajudar a transformar vidas. Sem custos para voc\u00ea e n\u00e3o interfere em outras dedu\u00e7\u00f5es. Aproveite o tempo de quarentena do Covid-19 para fazer sua declara\u00e7\u00e3o IRPF 2020. https:\/\/sabra.page.link\/LNh4","og_url":"https:\/\/www.sabra.org.br\/site\/arte-autentica\/","og_site_name":"SABRA - Sociedade Art\u00edstica Brasileira","article_publisher":"https:\/\/www.facebook.com\/sabrabrasil","article_published_time":"2020-03-31T14:01:13+00:00","article_modified_time":"2025-04-20T22:26:11+00:00","og_image":[{"width":800,"height":534,"url":"https:\/\/www.sabra.org.br\/site\/wp-content\/uploads\/2020\/03\/como-estudiosos-sabem-que-uma-obra-de-arte-e-autentica-20200110125630.jpg.jpg","type":"image\/jpeg"}],"author":"M\u00e1rcio Miranda Pontes","twitter_card":"summary_large_image","twitter_title":"Arte Aut\u00eantica","twitter_description":"Afinal, como estudiosos sabem que uma obra de arte \u00e9 aut\u00eantica? No processo de avalia\u00e7\u00e3o de uma obra de arte, considera-se v\u00e1rios fatores, dentre eles: padr\u00e3o de pincelada, material utilizado, avalia\u00e7\u00e3o de um artista, etc.","twitter_creator":"@ContatoSabra","twitter_site":"@ContatoSabra","twitter_misc":{"Escrito por":"M\u00e1rcio Miranda Pontes","Est. tempo de leitura":"6 minutos"},"schema":{"@context":"https:\/\/schema.org","@graph":[{"@type":"Article","@id":"https:\/\/www.sabra.org.br\/site\/arte-autentica\/#article","isPartOf":{"@id":"https:\/\/www.sabra.org.br\/site\/arte-autentica\/"},"author":{"name":"M\u00e1rcio Miranda Pontes","@id":"https:\/\/www.sabra.org.br\/site\/#\/schema\/person\/7d1d222c3c8891d4c37c7b41bf6315c2"},"headline":"Arte Aut\u00eantica","datePublished":"2020-03-31T14:01:13+00:00","dateModified":"2025-04-20T22:26:11+00:00","mainEntityOfPage":{"@id":"https:\/\/www.sabra.org.br\/site\/arte-autentica\/"},"wordCount":874,"publisher":{"@id":"https:\/\/www.sabra.org.br\/site\/#organization"},"image":{"@id":"https:\/\/www.sabra.org.br\/site\/arte-autentica\/#primaryimage"},"thumbnailUrl":"https:\/\/www.sabra.org.br\/site\/wp-content\/uploads\/2020\/03\/como-estudiosos-sabem-que-uma-obra-de-arte-e-autentica-20200110125630.jpg.jpg","keywords":["Assist\u00eancia social","Canto Coral","Escola de M\u00fasica de Nova Lima","Escola de Musica SABRA","FIA","IRPF 2020","Musicaliza\u00e7\u00e3o Infantil","Orquestra Infanto Juvenil de Betim","Orquestra Sinf\u00f4nica de Betim","Sociedade Art\u00edstica Brasileira"],"articleSection":["Blog SABRA"],"inLanguage":"pt-BR"},{"@type":"WebPage","@id":"https:\/\/www.sabra.org.br\/site\/arte-autentica\/","url":"https:\/\/www.sabra.org.br\/site\/arte-autentica\/","name":"Arte e sua reprodutibilidade na era digital - SABRA - Sociedade Art\u00edstica Brasileira","isPartOf":{"@id":"https:\/\/www.sabra.org.br\/site\/#website"},"primaryImageOfPage":{"@id":"https:\/\/www.sabra.org.br\/site\/arte-autentica\/#primaryimage"},"image":{"@id":"https:\/\/www.sabra.org.br\/site\/arte-autentica\/#primaryimage"},"thumbnailUrl":"https:\/\/www.sabra.org.br\/site\/wp-content\/uploads\/2020\/03\/como-estudiosos-sabem-que-uma-obra-de-arte-e-autentica-20200110125630.jpg.jpg","datePublished":"2020-03-31T14:01:13+00:00","dateModified":"2025-04-20T22:26:11+00:00","description":"A arte na era digital traz quest\u00f5es sobre a autenticidade. Aprenda como estudiosos lidam com este desafio contempor\u00e2neo.","breadcrumb":{"@id":"https:\/\/www.sabra.org.br\/site\/arte-autentica\/#breadcrumb"},"inLanguage":"pt-BR","potentialAction":[{"@type":"ReadAction","target":["https:\/\/www.sabra.org.br\/site\/arte-autentica\/"]}]},{"@type":"ImageObject","inLanguage":"pt-BR","@id":"https:\/\/www.sabra.org.br\/site\/arte-autentica\/#primaryimage","url":"https:\/\/www.sabra.org.br\/site\/wp-content\/uploads\/2020\/03\/como-estudiosos-sabem-que-uma-obra-de-arte-e-autentica-20200110125630.jpg.jpg","contentUrl":"https:\/\/www.sabra.org.br\/site\/wp-content\/uploads\/2020\/03\/como-estudiosos-sabem-que-uma-obra-de-arte-e-autentica-20200110125630.jpg.jpg","width":800,"height":534,"caption":"Sociedade Art\u00edstica Brasileira SABRA"},{"@type":"BreadcrumbList","@id":"https:\/\/www.sabra.org.br\/site\/arte-autentica\/#breadcrumb","itemListElement":[{"@type":"ListItem","position":1,"name":"In\u00edcio","item":"https:\/\/www.sabra.org.br\/site\/"},{"@type":"ListItem","position":2,"name":"Arte Aut\u00eantica"}]},{"@type":"WebSite","@id":"https:\/\/www.sabra.org.br\/site\/#website","url":"https:\/\/www.sabra.org.br\/site\/","name":"SABRA - Sociedade Art\u00edstica Brasileira","description":"Escola de M\u00fasica, Orquestra Sinf\u00f4nica, Coral e Patrim\u00f4nio Cultural e Hist\u00f3rico","publisher":{"@id":"https:\/\/www.sabra.org.br\/site\/#organization"},"potentialAction":[{"@type":"SearchAction","target":{"@type":"EntryPoint","urlTemplate":"https:\/\/www.sabra.org.br\/site\/?s={search_term_string}"},"query-input":{"@type":"PropertyValueSpecification","valueRequired":true,"valueName":"search_term_string"}}],"inLanguage":"pt-BR"},{"@type":"Organization","@id":"https:\/\/www.sabra.org.br\/site\/#organization","name":"SOCIEDADE ART\u00cdSTICA BRASILEIRA SABRA","alternateName":"SABRA","url":"https:\/\/www.sabra.org.br\/site\/","logo":{"@type":"ImageObject","inLanguage":"pt-BR","@id":"https:\/\/www.sabra.org.br\/site\/#\/schema\/logo\/image\/","url":"https:\/\/www.sabra.org.br\/site\/wp-content\/uploads\/2019\/06\/cropped-Logo_SABRA-Copia-1.webp","contentUrl":"https:\/\/www.sabra.org.br\/site\/wp-content\/uploads\/2019\/06\/cropped-Logo_SABRA-Copia-1.webp","width":400,"height":128,"caption":"SOCIEDADE ART\u00cdSTICA BRASILEIRA SABRA"},"image":{"@id":"https:\/\/www.sabra.org.br\/site\/#\/schema\/logo\/image\/"},"sameAs":["https:\/\/www.facebook.com\/sabrabrasil","https:\/\/x.com\/ContatoSabra","https:\/\/www.instagram.com\/sabrabrasil\/","https:\/\/www.linkedin.com\/company\/25002088\/","https:\/\/br.pinterest.com\/sociedadeartisticabrasileira\/","https:\/\/www.youtube.com\/c\/sabrabrasil"]},{"@type":"Person","@id":"https:\/\/www.sabra.org.br\/site\/#\/schema\/person\/7d1d222c3c8891d4c37c7b41bf6315c2","name":"M\u00e1rcio Miranda Pontes","image":{"@type":"ImageObject","inLanguage":"pt-BR","@id":"https:\/\/secure.gravatar.com\/avatar\/3b45f24496a7625a3a6c436688fbe20344faaeb2979658dc4a9921f984d7df9a?s=96&d=mm&r=g","url":"https:\/\/secure.gravatar.com\/avatar\/3b45f24496a7625a3a6c436688fbe20344faaeb2979658dc4a9921f984d7df9a?s=96&d=mm&r=g","contentUrl":"https:\/\/secure.gravatar.com\/avatar\/3b45f24496a7625a3a6c436688fbe20344faaeb2979658dc4a9921f984d7df9a?s=96&d=mm&r=g","caption":"M\u00e1rcio Miranda Pontes"},"sameAs":["http:\/\/www.sabra.org.br"],"url":"https:\/\/www.sabra.org.br\/site\/author\/marcio-miranda-pontes\/"}]}},"jetpack_featured_media_url":"https:\/\/www.sabra.org.br\/site\/wp-content\/uploads\/2020\/03\/como-estudiosos-sabem-que-uma-obra-de-arte-e-autentica-20200110125630.jpg.jpg","jetpack_shortlink":"https:\/\/wp.me\/p95j2Z-GM","jetpack-related-posts":[{"id":8698,"url":"https:\/\/www.sabra.org.br\/site\/arte-problemas-emocionais\/","url_meta":{"origin":2652,"position":0},"title":"Como a arte pode ajudar a aliviar problemas emocionais?","author":"M\u00e1rcio Miranda Pontes","date":"14 de dezembro de 2023","format":false,"excerpt":"Os problemas emocionais v\u00eam sendo a queixa mais comum das pessoas nos \u00faltimos tempos. Voc\u00ea tamb\u00e9m sofre com eles? Sabia que a arte pode ajudar a aliviar os sintomas? Confira mais sobre o assunto no texto a seguir.","rel":"","context":"Em &quot;Blog SABRA&quot;","block_context":{"text":"Blog SABRA","link":"https:\/\/www.sabra.org.br\/site\/category\/blog-sabra\/"},"img":{"alt_text":"sabra-m\u00fasica-sentimentos-arte-mente-art\u00edsticas-atividades-diversos-emocionais-meio-pessoa-problemas","src":"https:\/\/i0.wp.com\/www.sabra.org.br\/site\/wp-content\/uploads\/2023\/12\/como-a-arte-pode-ajudar-a-aliviar-problemas-emocionais-20181030105249.jpg-jpg.webp?resize=350%2C200&ssl=1","width":350,"height":200,"srcset":"https:\/\/i0.wp.com\/www.sabra.org.br\/site\/wp-content\/uploads\/2023\/12\/como-a-arte-pode-ajudar-a-aliviar-problemas-emocionais-20181030105249.jpg-jpg.webp?resize=350%2C200&ssl=1 1x, https:\/\/i0.wp.com\/www.sabra.org.br\/site\/wp-content\/uploads\/2023\/12\/como-a-arte-pode-ajudar-a-aliviar-problemas-emocionais-20181030105249.jpg-jpg.webp?resize=525%2C300&ssl=1 1.5x, https:\/\/i0.wp.com\/www.sabra.org.br\/site\/wp-content\/uploads\/2023\/12\/como-a-arte-pode-ajudar-a-aliviar-problemas-emocionais-20181030105249.jpg-jpg.webp?resize=700%2C400&ssl=1 2x"},"classes":[]},{"id":7280,"url":"https:\/\/www.sabra.org.br\/site\/vida-jovens\/","url_meta":{"origin":2652,"position":1},"title":"Quais os benef\u00edcios que uma a\u00e7\u00e3o social traz para as vida dos jovens?","author":"M\u00e1rcio Miranda Pontes","date":"6 de junho de 2023","format":false,"excerpt":"Al\u00e9m de integra\u00e7\u00e3o social, voc\u00ea sabia que uma a\u00e7\u00e3o social pode ajudar os jovens a desenvolverem seu lado human\u00edstico e solid\u00e1rio, contribuindo para se tornarem pessoas melhores? Conhe\u00e7a no texto abaixo outros benef\u00edcios que uma a\u00e7\u00e3o social pode proporcionar aos jovens!","rel":"","context":"Em &quot;Blog SABRA&quot;","block_context":{"text":"Blog SABRA","link":"https:\/\/www.sabra.org.br\/site\/category\/blog-sabra\/"},"img":{"alt_text":"culturais-jovens-vida-orquestra-sociais-musical-social-sabra","src":"https:\/\/i0.wp.com\/www.sabra.org.br\/site\/wp-content\/uploads\/2023\/06\/quais-os-beneficios-que-uma-acao-social-traz-para-as-vida-dos-jovens-20181024171547.jpg-jpg.webp?resize=350%2C200&ssl=1","width":350,"height":200,"srcset":"https:\/\/i0.wp.com\/www.sabra.org.br\/site\/wp-content\/uploads\/2023\/06\/quais-os-beneficios-que-uma-acao-social-traz-para-as-vida-dos-jovens-20181024171547.jpg-jpg.webp?resize=350%2C200&ssl=1 1x, https:\/\/i0.wp.com\/www.sabra.org.br\/site\/wp-content\/uploads\/2023\/06\/quais-os-beneficios-que-uma-acao-social-traz-para-as-vida-dos-jovens-20181024171547.jpg-jpg.webp?resize=525%2C300&ssl=1 1.5x, https:\/\/i0.wp.com\/www.sabra.org.br\/site\/wp-content\/uploads\/2023\/06\/quais-os-beneficios-que-uma-acao-social-traz-para-as-vida-dos-jovens-20181024171547.jpg-jpg.webp?resize=700%2C400&ssl=1 2x"},"classes":[]},{"id":7755,"url":"https:\/\/www.sabra.org.br\/site\/sabra-ajuda\/","url_meta":{"origin":2652,"position":2},"title":"Saiba como a Sociedade Art\u00edstica Brasileira pode ajudar voc\u00ea","author":"M\u00e1rcio Miranda Pontes","date":"2 de agosto de 2023","format":false,"excerpt":"Focada em promover inclus\u00e3o social e enriquecimento cultural atrav\u00e9s da m\u00fasica, a SABRA, Sociedade Art\u00edstica Brasileira utiliza a arte e a m\u00fasica para transformar a nossa sociedade. Leia o texto e saiba mais sobre o nosso trabalho.","rel":"","context":"Em &quot;Blog SABRA&quot;","block_context":{"text":"Blog SABRA","link":"https:\/\/www.sabra.org.br\/site\/category\/blog-sabra\/"},"img":{"alt_text":"sabra-m\u00fasica-culturais-sociais-social-trabalhamos-buscamos-jovens","src":"https:\/\/i0.wp.com\/www.sabra.org.br\/site\/wp-content\/uploads\/2023\/08\/saiba-como-a-sociedade-artistica-brasileira-pode-ajudar-vocejpg-20230504105610-1.jpg-1-jpg.webp?resize=350%2C200&ssl=1","width":350,"height":200,"srcset":"https:\/\/i0.wp.com\/www.sabra.org.br\/site\/wp-content\/uploads\/2023\/08\/saiba-como-a-sociedade-artistica-brasileira-pode-ajudar-vocejpg-20230504105610-1.jpg-1-jpg.webp?resize=350%2C200&ssl=1 1x, https:\/\/i0.wp.com\/www.sabra.org.br\/site\/wp-content\/uploads\/2023\/08\/saiba-como-a-sociedade-artistica-brasileira-pode-ajudar-vocejpg-20230504105610-1.jpg-1-jpg.webp?resize=525%2C300&ssl=1 1.5x, https:\/\/i0.wp.com\/www.sabra.org.br\/site\/wp-content\/uploads\/2023\/08\/saiba-como-a-sociedade-artistica-brasileira-pode-ajudar-vocejpg-20230504105610-1.jpg-1-jpg.webp?resize=700%2C400&ssl=1 2x"},"classes":[]},{"id":3157,"url":"https:\/\/www.sabra.org.br\/site\/arte-contemporanea\/","url_meta":{"origin":2652,"position":3},"title":"Arte contempor\u00e2nea","author":"M\u00e1rcio Miranda Pontes","date":"13 de outubro de 2020","format":false,"excerpt":"J\u00e1 sabe a import\u00e2ncia da arte contempor\u00e2nea? Saiba que a arte carrega diversas quest\u00f5es no \u00e2mbito pessoal e social. Leia e entenda melhor como isso acontece n\u00e3o s\u00f3 com artistas, mas como os espectadores!","rel":"","context":"Em &quot;Blog SABRA&quot;","block_context":{"text":"Blog SABRA","link":"https:\/\/www.sabra.org.br\/site\/category\/blog-sabra\/"},"img":{"alt_text":"arte-contemporanea","src":"https:\/\/i0.wp.com\/www.sabra.org.br\/site\/wp-content\/uploads\/2020\/10\/a-importancia-da-arte-contemporanea-para-os-dias-atuais-20201001161911.jpg.jpg?resize=350%2C200&ssl=1","width":350,"height":200,"srcset":"https:\/\/i0.wp.com\/www.sabra.org.br\/site\/wp-content\/uploads\/2020\/10\/a-importancia-da-arte-contemporanea-para-os-dias-atuais-20201001161911.jpg.jpg?resize=350%2C200&ssl=1 1x, https:\/\/i0.wp.com\/www.sabra.org.br\/site\/wp-content\/uploads\/2020\/10\/a-importancia-da-arte-contemporanea-para-os-dias-atuais-20201001161911.jpg.jpg?resize=525%2C300&ssl=1 1.5x, https:\/\/i0.wp.com\/www.sabra.org.br\/site\/wp-content\/uploads\/2020\/10\/a-importancia-da-arte-contemporanea-para-os-dias-atuais-20201001161911.jpg.jpg?resize=700%2C400&ssl=1 2x"},"classes":[]},{"id":3147,"url":"https:\/\/www.sabra.org.br\/site\/manifestacoes-artisticas\/","url_meta":{"origin":2652,"position":4},"title":"Manifesta\u00e7\u00f5es art\u00edsticas","author":"M\u00e1rcio Miranda Pontes","date":"12 de outubro de 2020","format":false,"excerpt":"As express\u00f5es art\u00edsticas s\u00e3o mais do que apenas uma maneira de colocar em categorias tudo o que enxergamos como arte. Na verdade, tais express\u00f5es s\u00e3o capazes de nos mostrar al\u00e9m do superficial, deixando claro o qu\u00e3o gigantesco pode ser esse universo. Voc\u00ea quer descobrir um pouco mais sobre o assunto?\u2026","rel":"","context":"Em &quot;Blog SABRA&quot;","block_context":{"text":"Blog SABRA","link":"https:\/\/www.sabra.org.br\/site\/category\/blog-sabra\/"},"img":{"alt_text":"manifestacoes artisticas","src":"https:\/\/i0.wp.com\/www.sabra.org.br\/site\/wp-content\/uploads\/2020\/10\/conheca-as-principais-manifestacoes-artisticas-que-existem-20201001161911.jpg.jpg?resize=350%2C200&ssl=1","width":350,"height":200,"srcset":"https:\/\/i0.wp.com\/www.sabra.org.br\/site\/wp-content\/uploads\/2020\/10\/conheca-as-principais-manifestacoes-artisticas-que-existem-20201001161911.jpg.jpg?resize=350%2C200&ssl=1 1x, https:\/\/i0.wp.com\/www.sabra.org.br\/site\/wp-content\/uploads\/2020\/10\/conheca-as-principais-manifestacoes-artisticas-que-existem-20201001161911.jpg.jpg?resize=525%2C300&ssl=1 1.5x, https:\/\/i0.wp.com\/www.sabra.org.br\/site\/wp-content\/uploads\/2020\/10\/conheca-as-principais-manifestacoes-artisticas-que-existem-20201001161911.jpg.jpg?resize=700%2C400&ssl=1 2x"},"classes":[]},{"id":2194,"url":"https:\/\/www.sabra.org.br\/site\/transformacao-social\/","url_meta":{"origin":2652,"position":5},"title":"Transforma\u00e7\u00e3o Social","author":"M\u00e1rcio Miranda Pontes","date":"1 de julho de 2019","format":false,"excerpt":"sociedade art\u00edstica brasileira sabra constru\u00e7\u00e3o do pr\u00f3prio futuro transforma\u00e7\u00e3o social mercado de trabalho sociedade art\u00edstica brasileira","rel":"","context":"Em &quot;Blog SABRA&quot;","block_context":{"text":"Blog SABRA","link":"https:\/\/www.sabra.org.br\/site\/category\/blog-sabra\/"},"img":{"alt_text":"Transforma\u00e7\u00e3o social","src":"https:\/\/i0.wp.com\/www.sabra.org.br\/site\/wp-content\/uploads\/2019\/07\/transformacao-social-entenda-o-que-e-e-como-ela-impacta-na-sociedade-20181024171547-1.jpg-1.jpg?resize=350%2C200&ssl=1","width":350,"height":200,"srcset":"https:\/\/i0.wp.com\/www.sabra.org.br\/site\/wp-content\/uploads\/2019\/07\/transformacao-social-entenda-o-que-e-e-como-ela-impacta-na-sociedade-20181024171547-1.jpg-1.jpg?resize=350%2C200&ssl=1 1x, https:\/\/i0.wp.com\/www.sabra.org.br\/site\/wp-content\/uploads\/2019\/07\/transformacao-social-entenda-o-que-e-e-como-ela-impacta-na-sociedade-20181024171547-1.jpg-1.jpg?resize=525%2C300&ssl=1 1.5x, https:\/\/i0.wp.com\/www.sabra.org.br\/site\/wp-content\/uploads\/2019\/07\/transformacao-social-entenda-o-que-e-e-como-ela-impacta-na-sociedade-20181024171547-1.jpg-1.jpg?resize=700%2C400&ssl=1 2x"},"classes":[]}],"jetpack_likes_enabled":true,"jetpack_sharing_enabled":true,"_links":{"self":[{"href":"https:\/\/www.sabra.org.br\/site\/wp-json\/wp\/v2\/posts\/2652","targetHints":{"allow":["GET"]}}],"collection":[{"href":"https:\/\/www.sabra.org.br\/site\/wp-json\/wp\/v2\/posts"}],"about":[{"href":"https:\/\/www.sabra.org.br\/site\/wp-json\/wp\/v2\/types\/post"}],"author":[{"embeddable":true,"href":"https:\/\/www.sabra.org.br\/site\/wp-json\/wp\/v2\/users\/39"}],"replies":[{"embeddable":true,"href":"https:\/\/www.sabra.org.br\/site\/wp-json\/wp\/v2\/comments?post=2652"}],"version-history":[{"count":0,"href":"https:\/\/www.sabra.org.br\/site\/wp-json\/wp\/v2\/posts\/2652\/revisions"}],"wp:featuredmedia":[{"embeddable":true,"href":"https:\/\/www.sabra.org.br\/site\/wp-json\/wp\/v2\/media\/2653"}],"wp:attachment":[{"href":"https:\/\/www.sabra.org.br\/site\/wp-json\/wp\/v2\/media?parent=2652"}],"wp:term":[{"taxonomy":"category","embeddable":true,"href":"https:\/\/www.sabra.org.br\/site\/wp-json\/wp\/v2\/categories?post=2652"},{"taxonomy":"post_tag","embeddable":true,"href":"https:\/\/www.sabra.org.br\/site\/wp-json\/wp\/v2\/tags?post=2652"}],"curies":[{"name":"wp","href":"https:\/\/api.w.org\/{rel}","templated":true}]}}