{"id":2669,"date":"2020-04-02T10:35:57","date_gmt":"2020-04-02T13:35:57","guid":{"rendered":"https:\/\/www.sabra.org.br\/site\/?p=2669"},"modified":"2025-04-20T19:26:12","modified_gmt":"2025-04-20T22:26:12","slug":"mpb-nova-geracao","status":"publish","type":"post","link":"https:\/\/www.sabra.org.br\/site\/mpb-nova-geracao\/","title":{"rendered":"MPB &#8211; Nova gera\u00e7\u00e3o"},"content":{"rendered":"<h2>Saiba mais sobre a nova gera\u00e7\u00e3o de cantores de MPB<\/h2>\n<p>A M\u00fasica Popular Brasileira (MPB) j\u00e1 produziu talentos inigual\u00e1veis, como Jo\u00e3o Gilberto, Tom Jobim, Caetano Veloso, Gilberto Gil, Chico Buarque e tantos outros. Embora os cl\u00e1ssicos nunca sejam esquecidos, a nossa m\u00fasica continua entregando artistas de qualidade, talento e obras extremamente promissoras. Neste artigo, voc\u00ea ir\u00e1 saber mais sobre a nova gera\u00e7\u00e3o de cantores da MPB.<\/p>\n<p>Ficou interessado? Continue acompanhando!<\/p>\n<h2>Anavit\u00f3ria<\/h2>\n<p>O duo Anavit\u00f3ria, composto pelas cantoras Ana Clara Caetano Costa e Vit\u00f3ria Fernandes Falc\u00e3o, desde 2014 vem agradando e emocionando o p\u00fablico por onde passa. A dupla, que j\u00e1 lan\u00e7ou 3 discos de est\u00fadio (Anavit\u00f3ria; O tempo \u00e9 agora e \u201cN\u201d) j\u00e1 foi indicado a 16 pr\u00eamios nacionais e internacionais. Destes, as artistas venceram 3 trof\u00e9us.<\/p>\n<p>Com um estilo suave, vozes encantadoras, composi\u00e7\u00f5es instigantes e profundas e lindas performances de palco, Anavit\u00f3ria realizaram duas turn\u00eas nacionais percorrendo dezenas de cidades no Brasil.<\/p>\n<h2>Tiago Iorc<\/h2>\n<p>Tiago Iorc tamb\u00e9m \u00e9 outro importante expoente das novas vozes da MPB. Em atividade desde 2008, o cantor brasiliense j\u00e1 gravou 5 \u00e1lbuns de est\u00fadio (Let Yourself In; Umbilical; Zeski; Troco Likes e Reconstru\u00e7\u00e3o) e mais 2 \u00e1lbuns ao vivo (Troco likes ao vivo e Ac\u00fastico MTV).<\/p>\n<p>Iorc j\u00e1 venceu tr\u00eas trof\u00e9us do Grammy Latino: dois por Melhor Can\u00e7\u00e3o em L\u00edngua Portuguesa e um por Melhor \u00c1lbum Pop Contempor\u00e2neo em L\u00edngua Portuguesa. A carreira de Tiago come\u00e7ou nos festivais universit\u00e1rios da PUCPR, em Curitiba, e ganhou o Brasil todo. Entre 2018 e 2019, o cantor fez uma pausa na carreira, mas retornou \u00e0 atividade.<\/p>\n<h2>A Banda Mais Bonita da Cidade<\/h2>\n<p>A Banda Mais Bonita da Cidade surgiu em Curitiba, e seu hit \u201cOra\u00e7\u00e3o\u201d fez sucesso em todo o pa\u00eds em 2011, e o grupo continuou se apresentando em todo o pa\u00eds. At\u00e9 o momento, a Banda Mais Bonita da Cidade tem 3 \u00e1lbuns de est\u00fadio (A Banda Mais Bonita da Cidade; O Mais Feliz da Vida e De Cima do Mundo Eu Vi o Tempo).<\/p>\n<p>Estes talentosos artistas t\u00eam m\u00fasicas com batida leve, suave, que agrada aos ouvidos e trazem mensagens positivas de paz, amor e harmonia. O hit \u201cOra\u00e7\u00e3o\u201d atingiu 5 milh\u00f5es de visualiza\u00e7\u00f5es no Youtube em tr\u00eas semanas, algo muito incomum para artistas da MPB que est\u00e3o em consolida\u00e7\u00e3o, tornando-se um viral.<\/p>\n<h2>Clarice Falc\u00e3o<\/h2>\n<p>A cantora pernambucana Clarice Falc\u00e3o \u00e9 multi-talentosa. Sua carreira despontou inicialmente como atriz, trabalhando em curtas-metragens desde 2006. Em 2012, a artista passou pelo grupo humor\u00edstico Porta dos Fundos, onde trabalhou por tr\u00eas anos.<\/p>\n<p>Dona de uma linda voz aguda, suave e afinada, Clarice Falc\u00e3o j\u00e1 lan\u00e7ou tr\u00eas discos de est\u00fadio (Monomania, Problema Meu e Tem Conserto). Indicada a tr\u00eas pr\u00eamios, Clarice venceu o trof\u00e9u de melhor m\u00fasica no pr\u00eamio Cariocas do Ano em 2013. Ela tamb\u00e9m foi indicada a artista revela\u00e7\u00e3o do ano no Grammy Latino no mesmo ano.<\/p>\n<h2>Manu Gavassi<\/h2>\n<p>A paulistana Manu Gavassi consolidou sua carreira por meio de m\u00fasicas que fizeram sucesso na Internet com os singles \u201cGaroto Errado\u201d e \u201cPlanos Imposs\u00edveis\u201d. A artista, que come\u00e7ou com uma pegada adolescente, amadureceu e hoje trabalha com temas de profundos sentimentos. Manu tem tr\u00eas \u00e1lbuns de est\u00fadio (Manu Gavassi, Clich\u00ea Adolescente e Manu). A artista tamb\u00e9m j\u00e1 trabalhou no cinema, na TV, no teatro e j\u00e1 lan\u00e7ou at\u00e9 mesmo um livro.<\/p>\n<h2>FIA &#8211; IRPF 2020 &#8211;\u00a0DOE PARA A SABRA.<\/h2>\n<p>Voc\u00ea escolhe onde parte de seu imposto de renda ser\u00e1 aplicado.<\/p>\n<p>Junto com a SABRA, seus projetos e a\u00e7\u00f5es voc\u00ea vai ajudar a transformar vidas.<\/p>\n<p>Sem custos para voc\u00ea e n\u00e3o interfere em outras dedu\u00e7\u00f5es.<\/p>\n<p>Aproveite o tempo de quarentena do Covid-19 para fazer sua declara\u00e7\u00e3o IRPF 2020.<\/p>\n<h2>Veja como \u00e9 f\u00e1cil: s\u00e3o poucos passos!<\/h2>\n<p>1 \u2013 Ap\u00f3s preencher e conferir sua declara\u00e7\u00e3o no programa da Receita Federal e antes de remete-la, cliquar na aba \u201cDoa\u00e7\u00f5es Diretamente na Declara\u00e7\u00e3o\u201d e clicar em \u201cNovo\u201d<\/p>\n<p><img fetchpriority=\"high\" decoding=\"async\" data-attachment-id=\"2440\" data-permalink=\"https:\/\/www.sabra.org.br\/site\/imposto-de-renda\/01-novo-2\/\" data-orig-file=\"https:\/\/www.sabra.org.br\/site\/wp-content\/uploads\/2020\/02\/01-Novo-1.jpg\" data-orig-size=\"1366,728\" data-comments-opened=\"1\" data-image-meta=\"{&quot;aperture&quot;:&quot;0&quot;,&quot;credit&quot;:&quot;&quot;,&quot;camera&quot;:&quot;&quot;,&quot;caption&quot;:&quot;&quot;,&quot;created_timestamp&quot;:&quot;0&quot;,&quot;copyright&quot;:&quot;&quot;,&quot;focal_length&quot;:&quot;0&quot;,&quot;iso&quot;:&quot;0&quot;,&quot;shutter_speed&quot;:&quot;0&quot;,&quot;title&quot;:&quot;&quot;,&quot;orientation&quot;:&quot;0&quot;}\" data-image-title=\"01-Novo\" data-image-description=\"&lt;p&gt;Sociedade Art\u00edstica Brasileira&lt;\/p&gt;\n\" data-image-caption=\"&lt;p&gt;FIA &amp;#8211; Fundo da Inf\u00e2ncia e Adolesc\u00eancia&lt;\/p&gt;\n\" data-large-file=\"https:\/\/www.sabra.org.br\/site\/wp-content\/uploads\/2020\/02\/01-Novo-1-1024x546.jpg\" class=\"alignnone wp-image-2440 size-full\" src=\"https:\/\/www.sabra.org.br\/site\/wp-content\/uploads\/2020\/02\/01-Novo-1.jpg\" alt=\"FIA - Fundo da Inf\u00e2ncia e Adolesc\u00eancia\" width=\"1366\" height=\"728\" srcset=\"https:\/\/www.sabra.org.br\/site\/wp-content\/uploads\/2020\/02\/01-Novo-1.jpg 1366w, https:\/\/www.sabra.org.br\/site\/wp-content\/uploads\/2020\/02\/01-Novo-1-300x160.jpg 300w, https:\/\/www.sabra.org.br\/site\/wp-content\/uploads\/2020\/02\/01-Novo-1-1024x546.jpg 1024w, https:\/\/www.sabra.org.br\/site\/wp-content\/uploads\/2020\/02\/01-Novo-1-768x409.jpg 768w\" sizes=\"(max-width: 1366px) 100vw, 1366px\" \/><\/p>\n<p>2 \u2013 Selecionar as op\u00e7\u00f5es: Municipal, Estado (MG \u2013 Minas Gerais) e Munic\u00edpio (Betim &#8211; 21.101.865\/0001-14);<\/p>\n<p><img decoding=\"async\" data-attachment-id=\"2438\" data-permalink=\"https:\/\/www.sabra.org.br\/site\/imposto-de-renda\/02-municipio\/\" data-orig-file=\"https:\/\/www.sabra.org.br\/site\/wp-content\/uploads\/2020\/02\/02-munic\u00edpio.jpg\" data-orig-size=\"1366,728\" data-comments-opened=\"1\" data-image-meta=\"{&quot;aperture&quot;:&quot;0&quot;,&quot;credit&quot;:&quot;&quot;,&quot;camera&quot;:&quot;&quot;,&quot;caption&quot;:&quot;&quot;,&quot;created_timestamp&quot;:&quot;0&quot;,&quot;copyright&quot;:&quot;&quot;,&quot;focal_length&quot;:&quot;0&quot;,&quot;iso&quot;:&quot;0&quot;,&quot;shutter_speed&quot;:&quot;0&quot;,&quot;title&quot;:&quot;&quot;,&quot;orientation&quot;:&quot;0&quot;}\" data-image-title=\"02-munic\u00edpio\" data-image-description=\"&lt;p&gt;Sociedade Art\u00edstica Brasileira&lt;\/p&gt;\n\" data-image-caption=\"&lt;p&gt;FIA &amp;#8211; Fundo da Inf\u00e2ncia e Adolesc\u00eancia&lt;\/p&gt;\n\" data-large-file=\"https:\/\/www.sabra.org.br\/site\/wp-content\/uploads\/2020\/02\/02-munic\u00edpio-1024x546.jpg\" class=\"alignnone wp-image-2438 size-full\" src=\"https:\/\/www.sabra.org.br\/site\/wp-content\/uploads\/2020\/02\/02-munic\u00edpio.jpg\" alt=\"FIA - Fundo da Inf\u00e2ncia e Adolesc\u00eancia\" width=\"1366\" height=\"728\" srcset=\"https:\/\/www.sabra.org.br\/site\/wp-content\/uploads\/2020\/02\/02-munic\u00edpio.jpg 1366w, https:\/\/www.sabra.org.br\/site\/wp-content\/uploads\/2020\/02\/02-munic\u00edpio-300x160.jpg 300w, https:\/\/www.sabra.org.br\/site\/wp-content\/uploads\/2020\/02\/02-munic\u00edpio-1024x546.jpg 1024w, https:\/\/www.sabra.org.br\/site\/wp-content\/uploads\/2020\/02\/02-munic\u00edpio-768x409.jpg 768w\" sizes=\"(max-width: 1366px) 100vw, 1366px\" \/><\/p>\n<p>3 \u2013 Verificar o \u201cValor Dispon\u00edvel para Destina\u00e7\u00e3o\u201d e copiar o n\u00famero para o campo \u201cValor\u201d (valor da doa\u00e7\u00e3o);<\/p>\n<p><img decoding=\"async\" data-attachment-id=\"2439\" data-permalink=\"https:\/\/www.sabra.org.br\/site\/imposto-de-renda\/03-valor-2\/\" data-orig-file=\"https:\/\/www.sabra.org.br\/site\/wp-content\/uploads\/2020\/02\/03-valor-1.jpg\" data-orig-size=\"1366,726\" data-comments-opened=\"1\" data-image-meta=\"{&quot;aperture&quot;:&quot;0&quot;,&quot;credit&quot;:&quot;&quot;,&quot;camera&quot;:&quot;&quot;,&quot;caption&quot;:&quot;&quot;,&quot;created_timestamp&quot;:&quot;0&quot;,&quot;copyright&quot;:&quot;&quot;,&quot;focal_length&quot;:&quot;0&quot;,&quot;iso&quot;:&quot;0&quot;,&quot;shutter_speed&quot;:&quot;0&quot;,&quot;title&quot;:&quot;&quot;,&quot;orientation&quot;:&quot;0&quot;}\" data-image-title=\"03-valor\" data-image-description=\"&lt;p&gt;Sociedade Art\u00edstica Brasileira&lt;\/p&gt;\n\" data-image-caption=\"&lt;p&gt;FIA &amp;#8211; Fundo da Inf\u00e2ncia e Adolesc\u00eancia&lt;\/p&gt;\n\" data-large-file=\"https:\/\/www.sabra.org.br\/site\/wp-content\/uploads\/2020\/02\/03-valor-1-1024x544.jpg\" class=\"alignnone wp-image-2439 size-full\" src=\"https:\/\/www.sabra.org.br\/site\/wp-content\/uploads\/2020\/02\/03-valor-1.jpg\" alt=\"FIA - Fundo da Inf\u00e2ncia e Adolesc\u00eancia\" width=\"1366\" height=\"726\" srcset=\"https:\/\/www.sabra.org.br\/site\/wp-content\/uploads\/2020\/02\/03-valor-1.jpg 1366w, https:\/\/www.sabra.org.br\/site\/wp-content\/uploads\/2020\/02\/03-valor-1-300x159.jpg 300w, https:\/\/www.sabra.org.br\/site\/wp-content\/uploads\/2020\/02\/03-valor-1-1024x544.jpg 1024w, https:\/\/www.sabra.org.br\/site\/wp-content\/uploads\/2020\/02\/03-valor-1-768x408.jpg 768w\" sizes=\"(max-width: 1366px) 100vw, 1366px\" \/><\/p>\n<p>4 \u2013 Ap\u00f3s clicar em \u201cOK\u201d \u00e9 preciso selecionar a aba \u201cDarf \u2013 Doa\u00e7\u00f5es Diretamente na Declara\u00e7\u00e3o \u2013 ECA\u201d, imprimir o documento e realizar o pagamento at\u00e9 a data de vencimento.<\/p>\n<p>5 \u2013 Para finalizar, digitalizar o comprovante de pagamento do DARF e enviar para o Conselho da Crian\u00e7a e Adolescente de Betim (cmdcafiabetim@gmail.com) com c\u00f3pia para a SABRA (sabra@sabra.org.br). Na mensagem informar que a doa\u00e7\u00e3o dever\u00e1 ser destinada \u00e0 Sociedade Art\u00edstica Brasileira SABRA.<\/p>\n<p>6 \u2013 Pronto! Voc\u00ea acabou de transformar vidas!<\/p>\n<blockquote class=\"wp-embedded-content\" data-secret=\"nAcqIof4ML\"><p><a href=\"https:\/\/www.sabra.org.br\/site\/alunos-educadores\/\">O papel do professor no processo de aprendizagem<\/a><\/p><\/blockquote>\n<p><iframe class=\"wp-embedded-content\" sandbox=\"allow-scripts\" security=\"restricted\" style=\"position: absolute; visibility: hidden;\" title=\"&#8220;O papel do professor no processo de aprendizagem&#8221; &#8212; SABRA - Sociedade Art\u00edstica Brasileira\" src=\"https:\/\/www.sabra.org.br\/site\/alunos-educadores\/embed\/#?secret=sQXc7KxGk1#?secret=nAcqIof4ML\" data-secret=\"nAcqIof4ML\" width=\"600\" height=\"338\" frameborder=\"0\" marginwidth=\"0\" marginheight=\"0\" scrolling=\"no\"><\/iframe><\/p>\n<h2>Se voc\u00ea gostou deste post:<\/h2>\n<p>&#8211; SIGA as nossas p\u00e1ginas nas redes sociais para acompanhar as nossas atualiza\u00e7\u00f5es: estamos no <a href=\"https:\/\/www.facebook.com\/sabrabrasil\" target=\"_blank\" rel=\"noopener noreferrer\">Facebook<\/a>, no <a href=\"https:\/\/www.instagram.com\/sabrabrasil\/\" target=\"_blank\" rel=\"noopener noreferrer\">Instagram<\/a>, no <a href=\"https:\/\/www.linkedin.com\/company\/25002088\" target=\"_blank\" rel=\"noopener noreferrer\">LinkedIn<\/a>, no <a href=\"https:\/\/twitter.com\/ContatoSabra\" target=\"_blank\" rel=\"noopener noreferrer\">Twitter<\/a> e no <a href=\"https:\/\/www.youtube.com\/channel\/UCJw-kbuEvzUNdeQf20Pa-eQ\" target=\"_blank\" rel=\"noopener noreferrer\">YouTube<\/a>!<\/p>\n<p>&#8211; CONHE\u00c7A o trabalho da Sociedade Art\u00edstica Brasileira (SABRA) e todas as iniciativas culturais e sociais que ela mant\u00e9m. <a href=\"https:\/\/www.sabra.org.br\/site\/acoes\/\" target=\"_blank\" rel=\"noopener noreferrer\">Acesse nosso site!<\/a><\/p>\n<p>&#8211; ENTRE EM CONTATO com a gente. E veja quais s\u00e3o as op\u00e7\u00f5es de ajuda na manuten\u00e7\u00e3o de nossas a\u00e7\u00f5es sociais e culturais. Basta acessar nossa p\u00e1gina <a href=\"https:\/\/www.sabra.org.br\/site\/doe-agora\/\" target=\"_blank\" rel=\"noopener noreferrer\">Doe Agora!<\/a><\/p>\n<p>&#8211; COMPARTILHE este texto nas suas redes sociais e ajude os seus amigos a tamb\u00e9m dominarem o assunto!<\/p>\n","protected":false},"excerpt":{"rendered":"<p>A MPB continua entregando talentos inesquec\u00edveis \u00e0 nossa m\u00fasica. Quer conhecer um pouco mais sobre a nova gera\u00e7\u00e3o dos nossos cantores? Esse texto traz mais detalhes sobre a vida e trabalho de alguns deles.  Confira!<\/p>\n","protected":false},"author":39,"featured_media":2670,"comment_status":"closed","ping_status":"closed","sticky":false,"template":"","format":"standard","meta":{"jetpack_post_was_ever_published":false,"_jetpack_newsletter_access":"","_jetpack_dont_email_post_to_subs":false,"_jetpack_newsletter_tier_id":0,"_jetpack_memberships_contains_paywalled_content":false,"_jetpack_memberships_contains_paid_content":false,"footnotes":""},"categories":[1],"tags":[15,8,1846,1285,1047,2762,16,1286,11,9],"class_list":["post-2669","post","type-post","status-publish","format-standard","has-post-thumbnail","hentry","category-blog-sabra","tag-assistencia-social","tag-canto-coral","tag-escola-de-musica-de-nova-lima","tag-escola-de-musica-sabra","tag-fia","tag-irpf-2020","tag-musicalizacao-infantil","tag-orquestra-infanto-juvenil-de-betim","tag-orquestra-sinfonica-de-betim","tag-sociedade-artistica-brasileira"],"yoast_head":"<!-- This site is optimized with the Yoast SEO plugin v27.5 - https:\/\/yoast.com\/product\/yoast-seo-wordpress\/ -->\n<title>MPB - Nova gera\u00e7\u00e3o - SABRA - Sociedade Art\u00edstica Brasileira<\/title>\n<meta name=\"description\" content=\"A MPB continua entregando talentos inesquec\u00edveis \u00e0 nossa m\u00fasica. Quer conhecer um pouco mais sobre a nova gera\u00e7\u00e3o dos nossos cantores?\" \/>\n<meta name=\"robots\" content=\"index, follow, max-snippet:-1, max-image-preview:large, max-video-preview:-1\" \/>\n<link rel=\"canonical\" href=\"https:\/\/www.sabra.org.br\/site\/mpb-nova-geracao\/\" \/>\n<meta property=\"og:locale\" content=\"pt_BR\" \/>\n<meta property=\"og:type\" content=\"article\" \/>\n<meta property=\"og:title\" content=\"MPB - Nova gera\u00e7\u00e3o\" \/>\n<meta property=\"og:description\" content=\"A MPB continua entregando talentos inesquec\u00edveis \u00e0 nossa m\u00fasica. Quer conhecer um pouco mais sobre a nova gera\u00e7\u00e3o dos nossos cantores?\" \/>\n<meta property=\"og:url\" content=\"https:\/\/www.sabra.org.br\/site\/mpb-nova-geracao\/\" \/>\n<meta property=\"og:site_name\" content=\"SABRA - Sociedade Art\u00edstica Brasileira\" \/>\n<meta property=\"article:publisher\" content=\"https:\/\/www.facebook.com\/sabrabrasil\" \/>\n<meta property=\"article:published_time\" content=\"2020-04-02T13:35:57+00:00\" \/>\n<meta property=\"article:modified_time\" content=\"2025-04-20T22:26:12+00:00\" \/>\n<meta property=\"og:image\" content=\"https:\/\/www.sabra.org.br\/site\/wp-content\/uploads\/2020\/04\/saiba-mais-sobre-a-nova-geracao-de-cantores-de-mpb-20200110125630.jpg.jpg\" \/>\n\t<meta property=\"og:image:width\" content=\"800\" \/>\n\t<meta property=\"og:image:height\" content=\"533\" \/>\n\t<meta property=\"og:image:type\" content=\"image\/jpeg\" \/>\n<meta name=\"author\" content=\"M\u00e1rcio Miranda Pontes\" \/>\n<meta name=\"twitter:card\" content=\"summary_large_image\" \/>\n<meta name=\"twitter:title\" content=\"MPB - Nova gera\u00e7\u00e3o\" \/>\n<meta name=\"twitter:creator\" content=\"@ContatoSabra\" \/>\n<meta name=\"twitter:site\" content=\"@ContatoSabra\" \/>\n<meta name=\"twitter:label1\" content=\"Escrito por\" \/>\n\t<meta name=\"twitter:data1\" content=\"M\u00e1rcio Miranda Pontes\" \/>\n\t<meta name=\"twitter:label2\" content=\"Est. tempo de leitura\" \/>\n\t<meta name=\"twitter:data2\" content=\"6 minutos\" \/>\n<script type=\"application\/ld+json\" class=\"yoast-schema-graph\">{\"@context\":\"https:\\\/\\\/schema.org\",\"@graph\":[{\"@type\":\"Article\",\"@id\":\"https:\\\/\\\/www.sabra.org.br\\\/site\\\/mpb-nova-geracao\\\/#article\",\"isPartOf\":{\"@id\":\"https:\\\/\\\/www.sabra.org.br\\\/site\\\/mpb-nova-geracao\\\/\"},\"author\":{\"name\":\"M\u00e1rcio Miranda Pontes\",\"@id\":\"https:\\\/\\\/www.sabra.org.br\\\/site\\\/#\\\/schema\\\/person\\\/7d1d222c3c8891d4c37c7b41bf6315c2\"},\"headline\":\"MPB &#8211; Nova gera\u00e7\u00e3o\",\"datePublished\":\"2020-04-02T13:35:57+00:00\",\"dateModified\":\"2025-04-20T22:26:12+00:00\",\"mainEntityOfPage\":{\"@id\":\"https:\\\/\\\/www.sabra.org.br\\\/site\\\/mpb-nova-geracao\\\/\"},\"wordCount\":930,\"publisher\":{\"@id\":\"https:\\\/\\\/www.sabra.org.br\\\/site\\\/#organization\"},\"image\":{\"@id\":\"https:\\\/\\\/www.sabra.org.br\\\/site\\\/mpb-nova-geracao\\\/#primaryimage\"},\"thumbnailUrl\":\"https:\\\/\\\/www.sabra.org.br\\\/site\\\/wp-content\\\/uploads\\\/2020\\\/04\\\/saiba-mais-sobre-a-nova-geracao-de-cantores-de-mpb-20200110125630.jpg.jpg\",\"keywords\":[\"Assist\u00eancia social\",\"Canto Coral\",\"Escola de M\u00fasica de Nova Lima\",\"Escola de Musica SABRA\",\"FIA\",\"IRPF 2020\",\"Musicaliza\u00e7\u00e3o Infantil\",\"Orquestra Infanto Juvenil de Betim\",\"Orquestra Sinf\u00f4nica de Betim\",\"Sociedade Art\u00edstica Brasileira\"],\"articleSection\":[\"Blog SABRA\"],\"inLanguage\":\"pt-BR\"},{\"@type\":\"WebPage\",\"@id\":\"https:\\\/\\\/www.sabra.org.br\\\/site\\\/mpb-nova-geracao\\\/\",\"url\":\"https:\\\/\\\/www.sabra.org.br\\\/site\\\/mpb-nova-geracao\\\/\",\"name\":\"MPB - Nova gera\u00e7\u00e3o - SABRA - Sociedade Art\u00edstica Brasileira\",\"isPartOf\":{\"@id\":\"https:\\\/\\\/www.sabra.org.br\\\/site\\\/#website\"},\"primaryImageOfPage\":{\"@id\":\"https:\\\/\\\/www.sabra.org.br\\\/site\\\/mpb-nova-geracao\\\/#primaryimage\"},\"image\":{\"@id\":\"https:\\\/\\\/www.sabra.org.br\\\/site\\\/mpb-nova-geracao\\\/#primaryimage\"},\"thumbnailUrl\":\"https:\\\/\\\/www.sabra.org.br\\\/site\\\/wp-content\\\/uploads\\\/2020\\\/04\\\/saiba-mais-sobre-a-nova-geracao-de-cantores-de-mpb-20200110125630.jpg.jpg\",\"datePublished\":\"2020-04-02T13:35:57+00:00\",\"dateModified\":\"2025-04-20T22:26:12+00:00\",\"description\":\"A MPB continua entregando talentos inesquec\u00edveis \u00e0 nossa m\u00fasica. Quer conhecer um pouco mais sobre a nova gera\u00e7\u00e3o dos nossos cantores?\",\"breadcrumb\":{\"@id\":\"https:\\\/\\\/www.sabra.org.br\\\/site\\\/mpb-nova-geracao\\\/#breadcrumb\"},\"inLanguage\":\"pt-BR\",\"potentialAction\":[{\"@type\":\"ReadAction\",\"target\":[\"https:\\\/\\\/www.sabra.org.br\\\/site\\\/mpb-nova-geracao\\\/\"]}]},{\"@type\":\"ImageObject\",\"inLanguage\":\"pt-BR\",\"@id\":\"https:\\\/\\\/www.sabra.org.br\\\/site\\\/mpb-nova-geracao\\\/#primaryimage\",\"url\":\"https:\\\/\\\/www.sabra.org.br\\\/site\\\/wp-content\\\/uploads\\\/2020\\\/04\\\/saiba-mais-sobre-a-nova-geracao-de-cantores-de-mpb-20200110125630.jpg.jpg\",\"contentUrl\":\"https:\\\/\\\/www.sabra.org.br\\\/site\\\/wp-content\\\/uploads\\\/2020\\\/04\\\/saiba-mais-sobre-a-nova-geracao-de-cantores-de-mpb-20200110125630.jpg.jpg\",\"width\":800,\"height\":533,\"caption\":\"Sociedade Art\u00edstica Brasileira SABRA\"},{\"@type\":\"BreadcrumbList\",\"@id\":\"https:\\\/\\\/www.sabra.org.br\\\/site\\\/mpb-nova-geracao\\\/#breadcrumb\",\"itemListElement\":[{\"@type\":\"ListItem\",\"position\":1,\"name\":\"In\u00edcio\",\"item\":\"https:\\\/\\\/www.sabra.org.br\\\/site\\\/\"},{\"@type\":\"ListItem\",\"position\":2,\"name\":\"MPB &#8211; Nova gera\u00e7\u00e3o\"}]},{\"@type\":\"WebSite\",\"@id\":\"https:\\\/\\\/www.sabra.org.br\\\/site\\\/#website\",\"url\":\"https:\\\/\\\/www.sabra.org.br\\\/site\\\/\",\"name\":\"SABRA - Sociedade Art\u00edstica Brasileira\",\"description\":\"Escola de M\u00fasica, Orquestra Sinf\u00f4nica, Coral e Patrim\u00f4nio Cultural e Hist\u00f3rico\",\"publisher\":{\"@id\":\"https:\\\/\\\/www.sabra.org.br\\\/site\\\/#organization\"},\"potentialAction\":[{\"@type\":\"SearchAction\",\"target\":{\"@type\":\"EntryPoint\",\"urlTemplate\":\"https:\\\/\\\/www.sabra.org.br\\\/site\\\/?s={search_term_string}\"},\"query-input\":{\"@type\":\"PropertyValueSpecification\",\"valueRequired\":true,\"valueName\":\"search_term_string\"}}],\"inLanguage\":\"pt-BR\"},{\"@type\":\"Organization\",\"@id\":\"https:\\\/\\\/www.sabra.org.br\\\/site\\\/#organization\",\"name\":\"SOCIEDADE ART\u00cdSTICA BRASILEIRA SABRA\",\"alternateName\":\"SABRA\",\"url\":\"https:\\\/\\\/www.sabra.org.br\\\/site\\\/\",\"logo\":{\"@type\":\"ImageObject\",\"inLanguage\":\"pt-BR\",\"@id\":\"https:\\\/\\\/www.sabra.org.br\\\/site\\\/#\\\/schema\\\/logo\\\/image\\\/\",\"url\":\"https:\\\/\\\/www.sabra.org.br\\\/site\\\/wp-content\\\/uploads\\\/2019\\\/06\\\/cropped-Logo_SABRA-Copia-1.webp\",\"contentUrl\":\"https:\\\/\\\/www.sabra.org.br\\\/site\\\/wp-content\\\/uploads\\\/2019\\\/06\\\/cropped-Logo_SABRA-Copia-1.webp\",\"width\":400,\"height\":128,\"caption\":\"SOCIEDADE ART\u00cdSTICA BRASILEIRA SABRA\"},\"image\":{\"@id\":\"https:\\\/\\\/www.sabra.org.br\\\/site\\\/#\\\/schema\\\/logo\\\/image\\\/\"},\"sameAs\":[\"https:\\\/\\\/www.facebook.com\\\/sabrabrasil\",\"https:\\\/\\\/x.com\\\/ContatoSabra\",\"https:\\\/\\\/www.instagram.com\\\/sabrabrasil\\\/\",\"https:\\\/\\\/www.linkedin.com\\\/company\\\/25002088\\\/\",\"https:\\\/\\\/br.pinterest.com\\\/sociedadeartisticabrasileira\\\/\",\"https:\\\/\\\/www.youtube.com\\\/c\\\/sabrabrasil\"]},{\"@type\":\"Person\",\"@id\":\"https:\\\/\\\/www.sabra.org.br\\\/site\\\/#\\\/schema\\\/person\\\/7d1d222c3c8891d4c37c7b41bf6315c2\",\"name\":\"M\u00e1rcio Miranda Pontes\",\"image\":{\"@type\":\"ImageObject\",\"inLanguage\":\"pt-BR\",\"@id\":\"https:\\\/\\\/secure.gravatar.com\\\/avatar\\\/3b45f24496a7625a3a6c436688fbe20344faaeb2979658dc4a9921f984d7df9a?s=96&d=mm&r=g\",\"url\":\"https:\\\/\\\/secure.gravatar.com\\\/avatar\\\/3b45f24496a7625a3a6c436688fbe20344faaeb2979658dc4a9921f984d7df9a?s=96&d=mm&r=g\",\"contentUrl\":\"https:\\\/\\\/secure.gravatar.com\\\/avatar\\\/3b45f24496a7625a3a6c436688fbe20344faaeb2979658dc4a9921f984d7df9a?s=96&d=mm&r=g\",\"caption\":\"M\u00e1rcio Miranda Pontes\"},\"sameAs\":[\"http:\\\/\\\/www.sabra.org.br\"],\"url\":\"https:\\\/\\\/www.sabra.org.br\\\/site\\\/author\\\/marcio-miranda-pontes\\\/\"}]}<\/script>\n<!-- \/ Yoast SEO plugin. -->","yoast_head_json":{"title":"MPB - Nova gera\u00e7\u00e3o - SABRA - Sociedade Art\u00edstica Brasileira","description":"A MPB continua entregando talentos inesquec\u00edveis \u00e0 nossa m\u00fasica. Quer conhecer um pouco mais sobre a nova gera\u00e7\u00e3o dos nossos cantores?","robots":{"index":"index","follow":"follow","max-snippet":"max-snippet:-1","max-image-preview":"max-image-preview:large","max-video-preview":"max-video-preview:-1"},"canonical":"https:\/\/www.sabra.org.br\/site\/mpb-nova-geracao\/","og_locale":"pt_BR","og_type":"article","og_title":"MPB - Nova gera\u00e7\u00e3o","og_description":"A MPB continua entregando talentos inesquec\u00edveis \u00e0 nossa m\u00fasica. Quer conhecer um pouco mais sobre a nova gera\u00e7\u00e3o dos nossos cantores?","og_url":"https:\/\/www.sabra.org.br\/site\/mpb-nova-geracao\/","og_site_name":"SABRA - Sociedade Art\u00edstica Brasileira","article_publisher":"https:\/\/www.facebook.com\/sabrabrasil","article_published_time":"2020-04-02T13:35:57+00:00","article_modified_time":"2025-04-20T22:26:12+00:00","og_image":[{"width":800,"height":533,"url":"https:\/\/www.sabra.org.br\/site\/wp-content\/uploads\/2020\/04\/saiba-mais-sobre-a-nova-geracao-de-cantores-de-mpb-20200110125630.jpg.jpg","type":"image\/jpeg"}],"author":"M\u00e1rcio Miranda Pontes","twitter_card":"summary_large_image","twitter_title":"MPB - Nova gera\u00e7\u00e3o","twitter_creator":"@ContatoSabra","twitter_site":"@ContatoSabra","twitter_misc":{"Escrito por":"M\u00e1rcio Miranda Pontes","Est. tempo de leitura":"6 minutos"},"schema":{"@context":"https:\/\/schema.org","@graph":[{"@type":"Article","@id":"https:\/\/www.sabra.org.br\/site\/mpb-nova-geracao\/#article","isPartOf":{"@id":"https:\/\/www.sabra.org.br\/site\/mpb-nova-geracao\/"},"author":{"name":"M\u00e1rcio Miranda Pontes","@id":"https:\/\/www.sabra.org.br\/site\/#\/schema\/person\/7d1d222c3c8891d4c37c7b41bf6315c2"},"headline":"MPB &#8211; Nova gera\u00e7\u00e3o","datePublished":"2020-04-02T13:35:57+00:00","dateModified":"2025-04-20T22:26:12+00:00","mainEntityOfPage":{"@id":"https:\/\/www.sabra.org.br\/site\/mpb-nova-geracao\/"},"wordCount":930,"publisher":{"@id":"https:\/\/www.sabra.org.br\/site\/#organization"},"image":{"@id":"https:\/\/www.sabra.org.br\/site\/mpb-nova-geracao\/#primaryimage"},"thumbnailUrl":"https:\/\/www.sabra.org.br\/site\/wp-content\/uploads\/2020\/04\/saiba-mais-sobre-a-nova-geracao-de-cantores-de-mpb-20200110125630.jpg.jpg","keywords":["Assist\u00eancia social","Canto Coral","Escola de M\u00fasica de Nova Lima","Escola de Musica SABRA","FIA","IRPF 2020","Musicaliza\u00e7\u00e3o Infantil","Orquestra Infanto Juvenil de Betim","Orquestra Sinf\u00f4nica de Betim","Sociedade Art\u00edstica Brasileira"],"articleSection":["Blog SABRA"],"inLanguage":"pt-BR"},{"@type":"WebPage","@id":"https:\/\/www.sabra.org.br\/site\/mpb-nova-geracao\/","url":"https:\/\/www.sabra.org.br\/site\/mpb-nova-geracao\/","name":"MPB - Nova gera\u00e7\u00e3o - SABRA - Sociedade Art\u00edstica Brasileira","isPartOf":{"@id":"https:\/\/www.sabra.org.br\/site\/#website"},"primaryImageOfPage":{"@id":"https:\/\/www.sabra.org.br\/site\/mpb-nova-geracao\/#primaryimage"},"image":{"@id":"https:\/\/www.sabra.org.br\/site\/mpb-nova-geracao\/#primaryimage"},"thumbnailUrl":"https:\/\/www.sabra.org.br\/site\/wp-content\/uploads\/2020\/04\/saiba-mais-sobre-a-nova-geracao-de-cantores-de-mpb-20200110125630.jpg.jpg","datePublished":"2020-04-02T13:35:57+00:00","dateModified":"2025-04-20T22:26:12+00:00","description":"A MPB continua entregando talentos inesquec\u00edveis \u00e0 nossa m\u00fasica. Quer conhecer um pouco mais sobre a nova gera\u00e7\u00e3o dos nossos cantores?","breadcrumb":{"@id":"https:\/\/www.sabra.org.br\/site\/mpb-nova-geracao\/#breadcrumb"},"inLanguage":"pt-BR","potentialAction":[{"@type":"ReadAction","target":["https:\/\/www.sabra.org.br\/site\/mpb-nova-geracao\/"]}]},{"@type":"ImageObject","inLanguage":"pt-BR","@id":"https:\/\/www.sabra.org.br\/site\/mpb-nova-geracao\/#primaryimage","url":"https:\/\/www.sabra.org.br\/site\/wp-content\/uploads\/2020\/04\/saiba-mais-sobre-a-nova-geracao-de-cantores-de-mpb-20200110125630.jpg.jpg","contentUrl":"https:\/\/www.sabra.org.br\/site\/wp-content\/uploads\/2020\/04\/saiba-mais-sobre-a-nova-geracao-de-cantores-de-mpb-20200110125630.jpg.jpg","width":800,"height":533,"caption":"Sociedade Art\u00edstica Brasileira SABRA"},{"@type":"BreadcrumbList","@id":"https:\/\/www.sabra.org.br\/site\/mpb-nova-geracao\/#breadcrumb","itemListElement":[{"@type":"ListItem","position":1,"name":"In\u00edcio","item":"https:\/\/www.sabra.org.br\/site\/"},{"@type":"ListItem","position":2,"name":"MPB &#8211; Nova gera\u00e7\u00e3o"}]},{"@type":"WebSite","@id":"https:\/\/www.sabra.org.br\/site\/#website","url":"https:\/\/www.sabra.org.br\/site\/","name":"SABRA - Sociedade Art\u00edstica Brasileira","description":"Escola de M\u00fasica, Orquestra Sinf\u00f4nica, Coral e Patrim\u00f4nio Cultural e Hist\u00f3rico","publisher":{"@id":"https:\/\/www.sabra.org.br\/site\/#organization"},"potentialAction":[{"@type":"SearchAction","target":{"@type":"EntryPoint","urlTemplate":"https:\/\/www.sabra.org.br\/site\/?s={search_term_string}"},"query-input":{"@type":"PropertyValueSpecification","valueRequired":true,"valueName":"search_term_string"}}],"inLanguage":"pt-BR"},{"@type":"Organization","@id":"https:\/\/www.sabra.org.br\/site\/#organization","name":"SOCIEDADE ART\u00cdSTICA BRASILEIRA SABRA","alternateName":"SABRA","url":"https:\/\/www.sabra.org.br\/site\/","logo":{"@type":"ImageObject","inLanguage":"pt-BR","@id":"https:\/\/www.sabra.org.br\/site\/#\/schema\/logo\/image\/","url":"https:\/\/www.sabra.org.br\/site\/wp-content\/uploads\/2019\/06\/cropped-Logo_SABRA-Copia-1.webp","contentUrl":"https:\/\/www.sabra.org.br\/site\/wp-content\/uploads\/2019\/06\/cropped-Logo_SABRA-Copia-1.webp","width":400,"height":128,"caption":"SOCIEDADE ART\u00cdSTICA BRASILEIRA SABRA"},"image":{"@id":"https:\/\/www.sabra.org.br\/site\/#\/schema\/logo\/image\/"},"sameAs":["https:\/\/www.facebook.com\/sabrabrasil","https:\/\/x.com\/ContatoSabra","https:\/\/www.instagram.com\/sabrabrasil\/","https:\/\/www.linkedin.com\/company\/25002088\/","https:\/\/br.pinterest.com\/sociedadeartisticabrasileira\/","https:\/\/www.youtube.com\/c\/sabrabrasil"]},{"@type":"Person","@id":"https:\/\/www.sabra.org.br\/site\/#\/schema\/person\/7d1d222c3c8891d4c37c7b41bf6315c2","name":"M\u00e1rcio Miranda Pontes","image":{"@type":"ImageObject","inLanguage":"pt-BR","@id":"https:\/\/secure.gravatar.com\/avatar\/3b45f24496a7625a3a6c436688fbe20344faaeb2979658dc4a9921f984d7df9a?s=96&d=mm&r=g","url":"https:\/\/secure.gravatar.com\/avatar\/3b45f24496a7625a3a6c436688fbe20344faaeb2979658dc4a9921f984d7df9a?s=96&d=mm&r=g","contentUrl":"https:\/\/secure.gravatar.com\/avatar\/3b45f24496a7625a3a6c436688fbe20344faaeb2979658dc4a9921f984d7df9a?s=96&d=mm&r=g","caption":"M\u00e1rcio Miranda Pontes"},"sameAs":["http:\/\/www.sabra.org.br"],"url":"https:\/\/www.sabra.org.br\/site\/author\/marcio-miranda-pontes\/"}]}},"jetpack_featured_media_url":"https:\/\/www.sabra.org.br\/site\/wp-content\/uploads\/2020\/04\/saiba-mais-sobre-a-nova-geracao-de-cantores-de-mpb-20200110125630.jpg.jpg","jetpack_shortlink":"https:\/\/wp.me\/p95j2Z-H3","jetpack-related-posts":[{"id":8314,"url":"https:\/\/www.sabra.org.br\/site\/mpb-cantores\/","url_meta":{"origin":2669,"position":0},"title":"Quais artistas fazem sucesso no MPB atualmente?","author":"M\u00e1rcio Miranda Pontes","date":"26 de outubro de 2023","format":false,"excerpt":"A MPB \u00e9 muito vasta e seus \u00edcones mudam de gera\u00e7\u00e3o em gera\u00e7\u00e3o. Que tal conhecer alguns cantores que fazem sucesso hoje nesse g\u00eanero? Falamos sobre alguns deles em nosso blog.","rel":"","context":"Em &quot;Blog SABRA&quot;","block_context":{"text":"Blog SABRA","link":"https:\/\/www.sabra.org.br\/site\/category\/blog-sabra\/"},"img":{"alt_text":"sabra-m\u00fasica-cantor-lan\u00e7ado-sucesso-mpb-dupla-cantores","src":"https:\/\/i0.wp.com\/www.sabra.org.br\/site\/wp-content\/uploads\/2023\/10\/quais-artistas-fazem-sucesso-no-mpb-atualmente-20221229103337.jpg-jpg.webp?resize=350%2C200&ssl=1","width":350,"height":200,"srcset":"https:\/\/i0.wp.com\/www.sabra.org.br\/site\/wp-content\/uploads\/2023\/10\/quais-artistas-fazem-sucesso-no-mpb-atualmente-20221229103337.jpg-jpg.webp?resize=350%2C200&ssl=1 1x, https:\/\/i0.wp.com\/www.sabra.org.br\/site\/wp-content\/uploads\/2023\/10\/quais-artistas-fazem-sucesso-no-mpb-atualmente-20221229103337.jpg-jpg.webp?resize=525%2C300&ssl=1 1.5x, https:\/\/i0.wp.com\/www.sabra.org.br\/site\/wp-content\/uploads\/2023\/10\/quais-artistas-fazem-sucesso-no-mpb-atualmente-20221229103337.jpg-jpg.webp?resize=700%2C400&ssl=1 2x"},"classes":[]},{"id":2204,"url":"https:\/\/www.sabra.org.br\/site\/musica-popular-brasileira\/","url_meta":{"origin":2669,"position":1},"title":"M\u00fasica Popular Brasileira","author":"M\u00e1rcio Miranda Pontes","date":"5 de julho de 2019","format":false,"excerpt":"m\u00fasica popular brasileira caetano veloso gilberto gil m\u00fasica popular popular brasileira caetano veloso gilberto","rel":"","context":"Em &quot;Blog SABRA&quot;","block_context":{"text":"Blog SABRA","link":"https:\/\/www.sabra.org.br\/site\/category\/blog-sabra\/"},"img":{"alt_text":"musica-popular-brasileira","src":"https:\/\/i0.wp.com\/www.sabra.org.br\/site\/wp-content\/uploads\/2019\/07\/musica-popular-brasileira.jpg?resize=350%2C200&ssl=1","width":350,"height":200,"srcset":"https:\/\/i0.wp.com\/www.sabra.org.br\/site\/wp-content\/uploads\/2019\/07\/musica-popular-brasileira.jpg?resize=350%2C200&ssl=1 1x, https:\/\/i0.wp.com\/www.sabra.org.br\/site\/wp-content\/uploads\/2019\/07\/musica-popular-brasileira.jpg?resize=525%2C300&ssl=1 1.5x"},"classes":[]},{"id":5388,"url":"https:\/\/www.sabra.org.br\/site\/inspiradora\/","url_meta":{"origin":2669,"position":2},"title":"Mulheres que inspiraram sucessos da MPB","author":"M\u00e1rcio Miranda Pontes","date":"27 de julho de 2022","format":false,"excerpt":"Cada m\u00fasica possui uma hist\u00f3ria ou motivo para existir. O mito da Musa Inspiradora \u00e9 antigo, e na MPB podemos encontrar in\u00fameros casos de mulheres que se tornaram belas composi\u00e7\u00f5es. Venha conferir as mais importantes entre elas!","rel":"","context":"Em &quot;Blog SABRA&quot;","block_context":{"text":"Blog SABRA","link":"https:\/\/www.sabra.org.br\/site\/category\/blog-sabra\/"},"img":{"alt_text":"musa-inspiradora-mpb","src":"https:\/\/i0.wp.com\/www.sabra.org.br\/site\/wp-content\/uploads\/2022\/07\/x-mulheres-que-inspiraram-sucessos-da-mpb-20220513105253.jpg.jpg?resize=350%2C200&ssl=1","width":350,"height":200,"srcset":"https:\/\/i0.wp.com\/www.sabra.org.br\/site\/wp-content\/uploads\/2022\/07\/x-mulheres-que-inspiraram-sucessos-da-mpb-20220513105253.jpg.jpg?resize=350%2C200&ssl=1 1x, https:\/\/i0.wp.com\/www.sabra.org.br\/site\/wp-content\/uploads\/2022\/07\/x-mulheres-que-inspiraram-sucessos-da-mpb-20220513105253.jpg.jpg?resize=525%2C300&ssl=1 1.5x, https:\/\/i0.wp.com\/www.sabra.org.br\/site\/wp-content\/uploads\/2022\/07\/x-mulheres-que-inspiraram-sucessos-da-mpb-20220513105253.jpg.jpg?resize=700%2C400&ssl=1 2x"},"classes":[]},{"id":5023,"url":"https:\/\/www.sabra.org.br\/site\/motivos-mpb\/","url_meta":{"origin":2669,"position":3},"title":"Motivos para apreciar o MPB","author":"M\u00e1rcio Miranda Pontes","date":"28 de abril de 2022","format":false,"excerpt":"A m\u00fasica \u00e9 cheia de possibilidades e a MPB \u00e9 cheia de hist\u00f3ria, al\u00e9m de muita criatividade. Conhe\u00e7a alguns motivos para curtir o estilo que \u00e9 a nossa cara. Surpreenda-se!","rel":"","context":"Em &quot;Blog SABRA&quot;","block_context":{"text":"Blog SABRA","link":"https:\/\/www.sabra.org.br\/site\/category\/blog-sabra\/"},"img":{"alt_text":"MPB-cultura-brasileira-m\u00fasica","src":"https:\/\/i0.wp.com\/www.sabra.org.br\/site\/wp-content\/uploads\/2022\/04\/x-motivos-para-apreciar-o-mpb-20211027111153.jpg.jpg?resize=350%2C200&ssl=1","width":350,"height":200,"srcset":"https:\/\/i0.wp.com\/www.sabra.org.br\/site\/wp-content\/uploads\/2022\/04\/x-motivos-para-apreciar-o-mpb-20211027111153.jpg.jpg?resize=350%2C200&ssl=1 1x, https:\/\/i0.wp.com\/www.sabra.org.br\/site\/wp-content\/uploads\/2022\/04\/x-motivos-para-apreciar-o-mpb-20211027111153.jpg.jpg?resize=525%2C300&ssl=1 1.5x, https:\/\/i0.wp.com\/www.sabra.org.br\/site\/wp-content\/uploads\/2022\/04\/x-motivos-para-apreciar-o-mpb-20211027111153.jpg.jpg?resize=700%2C400&ssl=1 2x"},"classes":[]},{"id":5853,"url":"https:\/\/www.sabra.org.br\/site\/era-de-ouro-da-mpb\/","url_meta":{"origin":2669,"position":4},"title":"Saiba tudo sobre a era de ouro da M\u00fasica Popular Brasileira","author":"M\u00e1rcio Miranda Pontes","date":"12 de setembro de 2022","format":false,"excerpt":"Se voc\u00ea se interessa por m\u00fasica e pela hist\u00f3ria do Brasil, leia nosso texto onde falamos sobre a era de ouro da m\u00fasica popular brasileira, com os cantores e estilos mais famosos da \u00e9poca.","rel":"","context":"Em &quot;Blog SABRA&quot;","block_context":{"text":"Blog SABRA","link":"https:\/\/www.sabra.org.br\/site\/category\/blog-sabra\/"},"img":{"alt_text":"musica-popular-brasileira-estilo","src":"https:\/\/i0.wp.com\/www.sabra.org.br\/site\/wp-content\/uploads\/2022\/09\/saiba-tudo-sobre-a-era-de-ouro-da-musica-popular-brasileira-20220623120204.jpg.jpg?resize=350%2C200&ssl=1","width":350,"height":200,"srcset":"https:\/\/i0.wp.com\/www.sabra.org.br\/site\/wp-content\/uploads\/2022\/09\/saiba-tudo-sobre-a-era-de-ouro-da-musica-popular-brasileira-20220623120204.jpg.jpg?resize=350%2C200&ssl=1 1x, https:\/\/i0.wp.com\/www.sabra.org.br\/site\/wp-content\/uploads\/2022\/09\/saiba-tudo-sobre-a-era-de-ouro-da-musica-popular-brasileira-20220623120204.jpg.jpg?resize=525%2C300&ssl=1 1.5x, https:\/\/i0.wp.com\/www.sabra.org.br\/site\/wp-content\/uploads\/2022\/09\/saiba-tudo-sobre-a-era-de-ouro-da-musica-popular-brasileira-20220623120204.jpg.jpg?resize=700%2C400&ssl=1 2x"},"classes":[]},{"id":2394,"url":"https:\/\/www.sabra.org.br\/site\/hino-atemporal-renato-russo-cazuza\/","url_meta":{"origin":2669,"position":5},"title":"Hino atemporal!","author":"M\u00e1rcio Miranda Pontes","date":"4 de novembro de 2019","format":false,"excerpt":"Hino atemporal! Eles se tornaram fen\u00f4menos nacionais nos anos 80, mas at\u00e9 hoje as m\u00fasicas de Renato Russo e Cazuza s\u00e3o lembradas pelos f\u00e3s e pelas novas gera\u00e7\u00f5es. Por qu\u00ea? Descubra em nosso novo post!","rel":"","context":"Em &quot;Blog SABRA&quot;","block_context":{"text":"Blog SABRA","link":"https:\/\/www.sabra.org.br\/site\/category\/blog-sabra\/"},"img":{"alt_text":"renato-russo-cazuza","src":"https:\/\/i0.wp.com\/www.sabra.org.br\/site\/wp-content\/uploads\/2019\/11\/hino-atemporal-por-que-as-musicas-de-renato-russo-e-cazuza-ate-hoje-nao-foram-esquecidas-20190913142412.jpg.jpg?resize=350%2C200&ssl=1","width":350,"height":200,"srcset":"https:\/\/i0.wp.com\/www.sabra.org.br\/site\/wp-content\/uploads\/2019\/11\/hino-atemporal-por-que-as-musicas-de-renato-russo-e-cazuza-ate-hoje-nao-foram-esquecidas-20190913142412.jpg.jpg?resize=350%2C200&ssl=1 1x, https:\/\/i0.wp.com\/www.sabra.org.br\/site\/wp-content\/uploads\/2019\/11\/hino-atemporal-por-que-as-musicas-de-renato-russo-e-cazuza-ate-hoje-nao-foram-esquecidas-20190913142412.jpg.jpg?resize=525%2C300&ssl=1 1.5x, https:\/\/i0.wp.com\/www.sabra.org.br\/site\/wp-content\/uploads\/2019\/11\/hino-atemporal-por-que-as-musicas-de-renato-russo-e-cazuza-ate-hoje-nao-foram-esquecidas-20190913142412.jpg.jpg?resize=700%2C400&ssl=1 2x"},"classes":[]}],"jetpack_likes_enabled":true,"jetpack_sharing_enabled":true,"_links":{"self":[{"href":"https:\/\/www.sabra.org.br\/site\/wp-json\/wp\/v2\/posts\/2669","targetHints":{"allow":["GET"]}}],"collection":[{"href":"https:\/\/www.sabra.org.br\/site\/wp-json\/wp\/v2\/posts"}],"about":[{"href":"https:\/\/www.sabra.org.br\/site\/wp-json\/wp\/v2\/types\/post"}],"author":[{"embeddable":true,"href":"https:\/\/www.sabra.org.br\/site\/wp-json\/wp\/v2\/users\/39"}],"replies":[{"embeddable":true,"href":"https:\/\/www.sabra.org.br\/site\/wp-json\/wp\/v2\/comments?post=2669"}],"version-history":[{"count":0,"href":"https:\/\/www.sabra.org.br\/site\/wp-json\/wp\/v2\/posts\/2669\/revisions"}],"wp:featuredmedia":[{"embeddable":true,"href":"https:\/\/www.sabra.org.br\/site\/wp-json\/wp\/v2\/media\/2670"}],"wp:attachment":[{"href":"https:\/\/www.sabra.org.br\/site\/wp-json\/wp\/v2\/media?parent=2669"}],"wp:term":[{"taxonomy":"category","embeddable":true,"href":"https:\/\/www.sabra.org.br\/site\/wp-json\/wp\/v2\/categories?post=2669"},{"taxonomy":"post_tag","embeddable":true,"href":"https:\/\/www.sabra.org.br\/site\/wp-json\/wp\/v2\/tags?post=2669"}],"curies":[{"name":"wp","href":"https:\/\/api.w.org\/{rel}","templated":true}]}}