{"id":2808,"date":"2020-04-11T19:56:21","date_gmt":"2020-04-11T22:56:21","guid":{"rendered":"https:\/\/www.sabra.org.br\/site\/?p=2808"},"modified":"2025-04-20T19:26:16","modified_gmt":"2025-04-20T22:26:16","slug":"musica-classica-evolucao","status":"publish","type":"post","link":"https:\/\/www.sabra.org.br\/site\/musica-classica-evolucao\/","title":{"rendered":"M\u00fasica cl\u00e1ssica"},"content":{"rendered":"<h2>Conhe\u00e7a a sua origem e evolu\u00e7\u00e3o ao longo dos anos<\/h2>\n<p>A m\u00fasica cl\u00e1ssica \u00e9 bastante difundida em todo o mundo. Antiga e muito respeitada, refere-se ao que chamamos de m\u00fasica erudita, distanciando-se da m\u00fasica popular e da m\u00fasica folcl\u00f3rica.<\/p>\n<p>Esse \u00e9 o estilo musical que carrega a maior variedade de m\u00fasica enraizada na cultura tradicional e secular desde o s\u00e9culo IX at\u00e9 o presente, e segue c\u00e2nones pr\u00e9-estabelecidos no decorrer da hist\u00f3ria musical.<\/p>\n<p>A m\u00fasica erudita, diferentemente das folcl\u00f3ricas e populares, \u00e9 pautada em partituras que descrevem o ritmo, a m\u00e9trica, a velocidade, a altura entre outros pormenores da obra tocada.<\/p>\n<p>Algumas defini\u00e7\u00f5es diferenciam a m\u00fasica erudita dos demais estilos musicais, como uma m\u00fasica mais s\u00e9ria, exigente e comprometida com a perfei\u00e7\u00e3o. Segundo o Dicion\u00e1rio Grove de M\u00fasica, este tipo de m\u00fasica seria fruto da erudi\u00e7\u00e3o e do estudo formal.<\/p>\n<p>Por\u00e9m, essa n\u00e3o pode ser considerada uma premissa correta, pois at\u00e9 os pr\u00f3prios m\u00fasicos eruditos mais famosos imputaram quebras nesses paradigmas engessados dos anos antigos em rela\u00e7\u00e3o \u00e0 m\u00fasica cl\u00e1ssica, introduzindo o rom\u00e2ntico, a poesia e at\u00e9 mesmo a divers\u00e3o em algumas composi\u00e7\u00f5es.<\/p>\n<p>A m\u00fasica cl\u00e1ssica geralmente \u00e9 tocada por orquestras, que s\u00e3o conduzidas por maestros. Os m\u00fasicos que comp\u00f5em a orquestra tocam diferentes grupos de instrumentos, todos com suas fun\u00e7\u00f5es primordiais para a composi\u00e7\u00e3o da obra.<\/p>\n<p>Para n\u00e3o errarem durante os espet\u00e1culos, que cont\u00eam in\u00fameras m\u00fasicas e acordes para serem recordados pelos m\u00fasicos, os mesmos seguem a partitura. Improvisar n\u00e3o \u00e9 algo praticado nesse estilo, como pode acontecer nos demais.<\/p>\n<h2>Hist\u00f3ria<\/h2>\n<p>A m\u00fasica cl\u00e1ssica foi desenvolvida na Europa, crescendo ao longo dos s\u00e9culos. Podemos afirmar de maneira estimada, que teve in\u00edcio as suas primeiras apari\u00e7\u00f5es na m\u00fasica no per\u00edodo da m\u00fasica antiga, que inclui a m\u00fasica medieval (476 &#8211; 1400) e a renascentista (1400 &#8211; 1600).<\/p>\n<p>Em seu in\u00edcio, era tocada para divertir reis e os nobres da corte, e em cerim\u00f4nias religiosas. Cresceu e adquiriu notoriedade entre o fim do s\u00e9culo XVI e a metade do s\u00e9culo XVIII, quando come\u00e7aram a surgir as orquestras, onde se uniam diversos m\u00fasicos, com diversos instrumentos para compor e reproduzir obras em comum.<\/p>\n<p>Por conta dessa notoriedade, a \u00e9poca entre 1750 e 1820 passou a ser conhecida como era cl\u00e1ssica pelos estudiosos. Um dos maiores compositores desse per\u00edodo foi Johann Sebastian Bach, muito not\u00f3rio por sua contribui\u00e7\u00e3o na m\u00fasica cl\u00e1ssica e Ludwig van Beethoven, com suas composi\u00e7\u00f5es inovadoras, sentimentais e de extrema qualidade musical.<\/p>\n<p>Foi na era cl\u00e1ssica que os m\u00fasicos come\u00e7aram a desenvolver diversas formas musicais dentro da m\u00fasica erudita, como \u00e9 o caso da sinfonia, dos corais, quarteto de cordas entre outras.<\/p>\n<p>J\u00e1 o s\u00e9culo XX, foi de grande import\u00e2ncia para a descoberta e cria\u00e7\u00e3o de novas estruturas e novos instrumentos passaram a ser incorporados. Ou seja, foi uma \u00e9poca de grande experimenta\u00e7\u00e3o na m\u00fasica cl\u00e1ssica. Os instrumentos eletr\u00f4nicos, por exemplo, passaram a ser desenvolvidos e valorizados no meio erudito, possibilitando diferentes formas de express\u00e3o para compositores e m\u00fasicos.<\/p>\n<p>Nesse per\u00edodo, que se estende estilisticamente at\u00e9 os dias de hoje, surgiram nomes importantes na m\u00fasica erudita, como Heitor Villa-Lobos, Claude Debussy e Igor Stravinsky.<\/p>\n<blockquote class=\"wp-embedded-content\" data-secret=\"IoT1jmeOiG\"><p><a href=\"https:\/\/www.sabra.org.br\/site\/musica-historia-2\/\">Como a m\u00fasica pode ser uma ferramenta pedag\u00f3gica para as aulas de hist\u00f3ria?<\/a><\/p><\/blockquote>\n<p><iframe class=\"wp-embedded-content\" sandbox=\"allow-scripts\" security=\"restricted\" style=\"position: absolute; visibility: hidden;\" title=\"&#8220;Como a m\u00fasica pode ser uma ferramenta pedag\u00f3gica para as aulas de hist\u00f3ria?&#8221; &#8212; SABRA - Sociedade Art\u00edstica Brasileira\" src=\"https:\/\/www.sabra.org.br\/site\/musica-historia-2\/embed\/#?secret=5ebfLSQUCr#?secret=IoT1jmeOiG\" data-secret=\"IoT1jmeOiG\" width=\"600\" height=\"338\" frameborder=\"0\" marginwidth=\"0\" marginheight=\"0\" scrolling=\"no\"><\/iframe><\/p>\n<hr \/>\n<h2>FIA &#8211; IRPF 2020 &#8211;\u00a0DOE PARA A SABRA.<\/h2>\n<p>Voc\u00ea escolhe onde parte de seu imposto de renda ser\u00e1 aplicado.<\/p>\n<p>Junto com a SABRA, seus projetos e a\u00e7\u00f5es voc\u00ea vai ajudar a transformar vidas.<\/p>\n<p>Sem custos para voc\u00ea e n\u00e3o interfere em outras dedu\u00e7\u00f5es.<\/p>\n<p>Aproveite o tempo de quarentena do Covid-19 para fazer sua declara\u00e7\u00e3o IRPF 2020.<\/p>\n<h2>Veja como \u00e9 f\u00e1cil: s\u00e3o poucos passos!<\/h2>\n<p>1 \u2013 Ap\u00f3s preencher e conferir sua declara\u00e7\u00e3o no programa da Receita Federal e antes de remete-la, cliquar na aba \u201cDoa\u00e7\u00f5es Diretamente na Declara\u00e7\u00e3o\u201d e clicar em \u201cNovo\u201d<\/p>\n<p><img fetchpriority=\"high\" decoding=\"async\" data-attachment-id=\"2440\" data-permalink=\"https:\/\/www.sabra.org.br\/site\/imposto-de-renda\/01-novo-2\/\" data-orig-file=\"https:\/\/www.sabra.org.br\/site\/wp-content\/uploads\/2020\/02\/01-Novo-1.jpg\" data-orig-size=\"1366,728\" data-comments-opened=\"1\" data-image-meta=\"{&quot;aperture&quot;:&quot;0&quot;,&quot;credit&quot;:&quot;&quot;,&quot;camera&quot;:&quot;&quot;,&quot;caption&quot;:&quot;&quot;,&quot;created_timestamp&quot;:&quot;0&quot;,&quot;copyright&quot;:&quot;&quot;,&quot;focal_length&quot;:&quot;0&quot;,&quot;iso&quot;:&quot;0&quot;,&quot;shutter_speed&quot;:&quot;0&quot;,&quot;title&quot;:&quot;&quot;,&quot;orientation&quot;:&quot;0&quot;}\" data-image-title=\"01-Novo\" data-image-description=\"&lt;p&gt;Sociedade Art\u00edstica Brasileira&lt;\/p&gt;\n\" data-image-caption=\"&lt;p&gt;FIA &amp;#8211; Fundo da Inf\u00e2ncia e Adolesc\u00eancia&lt;\/p&gt;\n\" data-large-file=\"https:\/\/www.sabra.org.br\/site\/wp-content\/uploads\/2020\/02\/01-Novo-1-1024x546.jpg\" class=\"alignnone wp-image-2440 size-full\" src=\"https:\/\/www.sabra.org.br\/site\/wp-content\/uploads\/2020\/02\/01-Novo-1.jpg\" alt=\"FIA - Fundo da Inf\u00e2ncia e Adolesc\u00eancia\" width=\"1366\" height=\"728\" srcset=\"https:\/\/www.sabra.org.br\/site\/wp-content\/uploads\/2020\/02\/01-Novo-1.jpg 1366w, https:\/\/www.sabra.org.br\/site\/wp-content\/uploads\/2020\/02\/01-Novo-1-300x160.jpg 300w, https:\/\/www.sabra.org.br\/site\/wp-content\/uploads\/2020\/02\/01-Novo-1-1024x546.jpg 1024w, https:\/\/www.sabra.org.br\/site\/wp-content\/uploads\/2020\/02\/01-Novo-1-768x409.jpg 768w\" sizes=\"(max-width: 1366px) 100vw, 1366px\" \/><\/p>\n<p>2 \u2013 Selecionar as op\u00e7\u00f5es: Municipal, Estado (MG \u2013 Minas Gerais) e Munic\u00edpio (Betim &#8211; 21.101.865\/0001-14);<\/p>\n<p><img decoding=\"async\" data-attachment-id=\"2438\" data-permalink=\"https:\/\/www.sabra.org.br\/site\/imposto-de-renda\/02-municipio\/\" data-orig-file=\"https:\/\/www.sabra.org.br\/site\/wp-content\/uploads\/2020\/02\/02-munic\u00edpio.jpg\" data-orig-size=\"1366,728\" data-comments-opened=\"1\" data-image-meta=\"{&quot;aperture&quot;:&quot;0&quot;,&quot;credit&quot;:&quot;&quot;,&quot;camera&quot;:&quot;&quot;,&quot;caption&quot;:&quot;&quot;,&quot;created_timestamp&quot;:&quot;0&quot;,&quot;copyright&quot;:&quot;&quot;,&quot;focal_length&quot;:&quot;0&quot;,&quot;iso&quot;:&quot;0&quot;,&quot;shutter_speed&quot;:&quot;0&quot;,&quot;title&quot;:&quot;&quot;,&quot;orientation&quot;:&quot;0&quot;}\" data-image-title=\"02-munic\u00edpio\" data-image-description=\"&lt;p&gt;Sociedade Art\u00edstica Brasileira&lt;\/p&gt;\n\" data-image-caption=\"&lt;p&gt;FIA &amp;#8211; Fundo da Inf\u00e2ncia e Adolesc\u00eancia&lt;\/p&gt;\n\" data-large-file=\"https:\/\/www.sabra.org.br\/site\/wp-content\/uploads\/2020\/02\/02-munic\u00edpio-1024x546.jpg\" class=\"alignnone wp-image-2438 size-full\" src=\"https:\/\/www.sabra.org.br\/site\/wp-content\/uploads\/2020\/02\/02-munic\u00edpio.jpg\" alt=\"FIA - Fundo da Inf\u00e2ncia e Adolesc\u00eancia\" width=\"1366\" height=\"728\" srcset=\"https:\/\/www.sabra.org.br\/site\/wp-content\/uploads\/2020\/02\/02-munic\u00edpio.jpg 1366w, https:\/\/www.sabra.org.br\/site\/wp-content\/uploads\/2020\/02\/02-munic\u00edpio-300x160.jpg 300w, https:\/\/www.sabra.org.br\/site\/wp-content\/uploads\/2020\/02\/02-munic\u00edpio-1024x546.jpg 1024w, https:\/\/www.sabra.org.br\/site\/wp-content\/uploads\/2020\/02\/02-munic\u00edpio-768x409.jpg 768w\" sizes=\"(max-width: 1366px) 100vw, 1366px\" \/><\/p>\n<p>3 \u2013 Verificar o \u201cValor Dispon\u00edvel para Destina\u00e7\u00e3o\u201d e copiar o n\u00famero para o campo \u201cValor\u201d (valor da doa\u00e7\u00e3o);<\/p>\n<p><img decoding=\"async\" data-attachment-id=\"2439\" data-permalink=\"https:\/\/www.sabra.org.br\/site\/imposto-de-renda\/03-valor-2\/\" data-orig-file=\"https:\/\/www.sabra.org.br\/site\/wp-content\/uploads\/2020\/02\/03-valor-1.jpg\" data-orig-size=\"1366,726\" data-comments-opened=\"1\" data-image-meta=\"{&quot;aperture&quot;:&quot;0&quot;,&quot;credit&quot;:&quot;&quot;,&quot;camera&quot;:&quot;&quot;,&quot;caption&quot;:&quot;&quot;,&quot;created_timestamp&quot;:&quot;0&quot;,&quot;copyright&quot;:&quot;&quot;,&quot;focal_length&quot;:&quot;0&quot;,&quot;iso&quot;:&quot;0&quot;,&quot;shutter_speed&quot;:&quot;0&quot;,&quot;title&quot;:&quot;&quot;,&quot;orientation&quot;:&quot;0&quot;}\" data-image-title=\"03-valor\" data-image-description=\"&lt;p&gt;Sociedade Art\u00edstica Brasileira&lt;\/p&gt;\n\" data-image-caption=\"&lt;p&gt;FIA &amp;#8211; Fundo da Inf\u00e2ncia e Adolesc\u00eancia&lt;\/p&gt;\n\" data-large-file=\"https:\/\/www.sabra.org.br\/site\/wp-content\/uploads\/2020\/02\/03-valor-1-1024x544.jpg\" class=\"alignnone wp-image-2439 size-full\" src=\"https:\/\/www.sabra.org.br\/site\/wp-content\/uploads\/2020\/02\/03-valor-1.jpg\" alt=\"FIA - Fundo da Inf\u00e2ncia e Adolesc\u00eancia\" width=\"1366\" height=\"726\" srcset=\"https:\/\/www.sabra.org.br\/site\/wp-content\/uploads\/2020\/02\/03-valor-1.jpg 1366w, https:\/\/www.sabra.org.br\/site\/wp-content\/uploads\/2020\/02\/03-valor-1-300x159.jpg 300w, https:\/\/www.sabra.org.br\/site\/wp-content\/uploads\/2020\/02\/03-valor-1-1024x544.jpg 1024w, https:\/\/www.sabra.org.br\/site\/wp-content\/uploads\/2020\/02\/03-valor-1-768x408.jpg 768w\" sizes=\"(max-width: 1366px) 100vw, 1366px\" \/><\/p>\n<p>4 \u2013 Ap\u00f3s clicar em \u201cOK\u201d \u00e9 preciso selecionar a aba \u201cDarf \u2013 Doa\u00e7\u00f5es Diretamente na Declara\u00e7\u00e3o \u2013 ECA\u201d, imprimir o documento e realizar o pagamento at\u00e9 a data de vencimento.<\/p>\n<p>5 \u2013 Para finalizar, digitalizar o comprovante de pagamento do DARF e enviar para o Conselho da Crian\u00e7a e Adolescente de Betim (cmdcafiabetim@gmail.com) com c\u00f3pia para a SABRA (sabra@sabra.org.br). Na mensagem informar que a doa\u00e7\u00e3o dever\u00e1 ser destinada \u00e0 Sociedade Art\u00edstica Brasileira SABRA.<\/p>\n<p>6 \u2013 Pronto! Voc\u00ea acabou de transformar vidas!<\/p>\n<blockquote class=\"wp-embedded-content\" data-secret=\"h7yx5bvm3T\"><p><a href=\"https:\/\/www.sabra.org.br\/site\/inspiracao-ambiental\/\">A m\u00fasica como ferramenta de sensibiliza\u00e7\u00e3o para problemas ambientais do s\u00e9culo XXI<\/a><\/p><\/blockquote>\n<p><iframe class=\"wp-embedded-content\" sandbox=\"allow-scripts\" security=\"restricted\" style=\"position: absolute; visibility: hidden;\" title=\"&#8220;A m\u00fasica como ferramenta de sensibiliza\u00e7\u00e3o para problemas ambientais do s\u00e9culo XXI&#8221; &#8212; SABRA - Sociedade Art\u00edstica Brasileira\" src=\"https:\/\/www.sabra.org.br\/site\/inspiracao-ambiental\/embed\/#?secret=MuUH6OL0yj#?secret=h7yx5bvm3T\" data-secret=\"h7yx5bvm3T\" width=\"600\" height=\"338\" frameborder=\"0\" marginwidth=\"0\" marginheight=\"0\" scrolling=\"no\"><\/iframe><\/p>\n<h2>Se voc\u00ea gostou deste post:<\/h2>\n<p>&#8211; SIGA as nossas p\u00e1ginas nas redes sociais para acompanhar as nossas atualiza\u00e7\u00f5es: estamos no <a href=\"https:\/\/www.facebook.com\/sabrabrasil\" target=\"_blank\" rel=\"noopener noreferrer\">Facebook<\/a>, no <a href=\"https:\/\/www.instagram.com\/sabrabrasil\/\" target=\"_blank\" rel=\"noopener noreferrer\">Instagram<\/a>, no <a href=\"https:\/\/www.linkedin.com\/company\/25002088\" target=\"_blank\" rel=\"noopener noreferrer\">LinkedIn<\/a>, no <a href=\"https:\/\/twitter.com\/ContatoSabra\" target=\"_blank\" rel=\"noopener noreferrer\">Twitter<\/a> e no <a href=\"https:\/\/www.youtube.com\/channel\/UCJw-kbuEvzUNdeQf20Pa-eQ\" target=\"_blank\" rel=\"noopener noreferrer\">YouTube<\/a>!<\/p>\n<p>&#8211; CONHE\u00c7A o trabalho da Sociedade Art\u00edstica Brasileira (SABRA) e todas as iniciativas culturais e sociais que ela mant\u00e9m. <a href=\"https:\/\/www.sabra.org.br\/site\/acoes\/\" target=\"_blank\" rel=\"noopener noreferrer\">Acesse nosso site!<\/a><\/p>\n<p>&#8211; ENTRE EM CONTATO com a gente. E veja quais s\u00e3o as op\u00e7\u00f5es de ajuda na manuten\u00e7\u00e3o de nossas a\u00e7\u00f5es sociais e culturais. Basta acessar nossa p\u00e1gina <a href=\"https:\/\/www.sabra.org.br\/site\/doe-agora\/\" target=\"_blank\" rel=\"noopener noreferrer\">Doe Agora!<\/a><\/p>\n<p>&#8211; COMPARTILHE este texto nas suas redes sociais e ajude os seus amigos a tamb\u00e9m dominarem o assunto!<\/p>\n","protected":false},"excerpt":{"rendered":"<p>A m\u00fasica cl\u00e1ssica, mais conhecida como m\u00fasica erudita, cresceu ao longo dos anos, datando sua origem no s\u00e9culo IX. Era utilizada em cerim\u00f4nias religiosas e para alegrar os nobres da \u00e9poca.<\/p>\n","protected":false},"author":39,"featured_media":2809,"comment_status":"closed","ping_status":"closed","sticky":false,"template":"","format":"standard","meta":{"jetpack_post_was_ever_published":false,"_jetpack_newsletter_access":"","_jetpack_dont_email_post_to_subs":false,"_jetpack_newsletter_tier_id":0,"_jetpack_memberships_contains_paywalled_content":false,"_jetpack_memberships_contains_paid_content":false,"footnotes":""},"categories":[1],"tags":[15,8,1846,1285,1047,2762,16,1286,11,9],"class_list":["post-2808","post","type-post","status-publish","format-standard","has-post-thumbnail","hentry","category-blog-sabra","tag-assistencia-social","tag-canto-coral","tag-escola-de-musica-de-nova-lima","tag-escola-de-musica-sabra","tag-fia","tag-irpf-2020","tag-musicalizacao-infantil","tag-orquestra-infanto-juvenil-de-betim","tag-orquestra-sinfonica-de-betim","tag-sociedade-artistica-brasileira"],"yoast_head":"<!-- This site is optimized with the Yoast SEO plugin v27.5 - https:\/\/yoast.com\/product\/yoast-seo-wordpress\/ -->\n<title>M\u00fasica Cl\u00e1ssica e Sua Import\u00e2ncia Cultural - SABRA - Sociedade Art\u00edstica Brasileira<\/title>\n<meta name=\"description\" content=\"Aprecie os benef\u00edcios da m\u00fasica cl\u00e1ssica e conhe\u00e7a seu impacto na cultura tradicional e na evolu\u00e7\u00e3o musical ao longo dos s\u00e9culos.\" \/>\n<meta name=\"robots\" content=\"index, follow, max-snippet:-1, max-image-preview:large, max-video-preview:-1\" \/>\n<link rel=\"canonical\" href=\"https:\/\/www.sabra.org.br\/site\/musica-classica-evolucao\/\" \/>\n<meta property=\"og:locale\" content=\"pt_BR\" \/>\n<meta property=\"og:type\" content=\"article\" \/>\n<meta property=\"og:title\" content=\"M\u00fasica Cl\u00e1ssica e Sua Import\u00e2ncia Cultural - SABRA - Sociedade Art\u00edstica Brasileira\" \/>\n<meta property=\"og:description\" content=\"Aprecie os benef\u00edcios da m\u00fasica cl\u00e1ssica e conhe\u00e7a seu impacto na cultura tradicional e na evolu\u00e7\u00e3o musical ao longo dos s\u00e9culos.\" \/>\n<meta property=\"og:url\" content=\"https:\/\/www.sabra.org.br\/site\/musica-classica-evolucao\/\" \/>\n<meta property=\"og:site_name\" content=\"SABRA - Sociedade Art\u00edstica Brasileira\" \/>\n<meta property=\"article:publisher\" content=\"https:\/\/www.facebook.com\/sabrabrasil\" \/>\n<meta property=\"article:published_time\" content=\"2020-04-11T22:56:21+00:00\" \/>\n<meta property=\"article:modified_time\" content=\"2025-04-20T22:26:16+00:00\" \/>\n<meta property=\"og:image\" content=\"https:\/\/www.sabra.org.br\/site\/wp-content\/uploads\/2020\/04\/musica-classica-conheca-a-sua-origem-e-evolucao-ao-longo-dos-anos-20191202180617.jpg.jpg\" \/>\n\t<meta property=\"og:image:width\" content=\"800\" \/>\n\t<meta property=\"og:image:height\" content=\"488\" \/>\n\t<meta property=\"og:image:type\" content=\"image\/jpeg\" \/>\n<meta name=\"author\" content=\"M\u00e1rcio Miranda Pontes\" \/>\n<meta name=\"twitter:card\" content=\"summary_large_image\" \/>\n<meta name=\"twitter:creator\" content=\"@ContatoSabra\" \/>\n<meta name=\"twitter:site\" content=\"@ContatoSabra\" \/>\n<meta name=\"twitter:label1\" content=\"Escrito por\" \/>\n\t<meta name=\"twitter:data1\" content=\"M\u00e1rcio Miranda Pontes\" \/>\n\t<meta name=\"twitter:label2\" content=\"Est. tempo de leitura\" \/>\n\t<meta name=\"twitter:data2\" content=\"6 minutos\" \/>\n<script type=\"application\/ld+json\" class=\"yoast-schema-graph\">{\"@context\":\"https:\\\/\\\/schema.org\",\"@graph\":[{\"@type\":\"Article\",\"@id\":\"https:\\\/\\\/www.sabra.org.br\\\/site\\\/musica-classica-evolucao\\\/#article\",\"isPartOf\":{\"@id\":\"https:\\\/\\\/www.sabra.org.br\\\/site\\\/musica-classica-evolucao\\\/\"},\"author\":{\"name\":\"M\u00e1rcio Miranda Pontes\",\"@id\":\"https:\\\/\\\/www.sabra.org.br\\\/site\\\/#\\\/schema\\\/person\\\/7d1d222c3c8891d4c37c7b41bf6315c2\"},\"headline\":\"M\u00fasica cl\u00e1ssica\",\"datePublished\":\"2020-04-11T22:56:21+00:00\",\"dateModified\":\"2025-04-20T22:26:16+00:00\",\"mainEntityOfPage\":{\"@id\":\"https:\\\/\\\/www.sabra.org.br\\\/site\\\/musica-classica-evolucao\\\/\"},\"wordCount\":933,\"publisher\":{\"@id\":\"https:\\\/\\\/www.sabra.org.br\\\/site\\\/#organization\"},\"image\":{\"@id\":\"https:\\\/\\\/www.sabra.org.br\\\/site\\\/musica-classica-evolucao\\\/#primaryimage\"},\"thumbnailUrl\":\"https:\\\/\\\/www.sabra.org.br\\\/site\\\/wp-content\\\/uploads\\\/2020\\\/04\\\/musica-classica-conheca-a-sua-origem-e-evolucao-ao-longo-dos-anos-20191202180617.jpg.jpg\",\"keywords\":[\"Assist\u00eancia social\",\"Canto Coral\",\"Escola de M\u00fasica de Nova Lima\",\"Escola de Musica SABRA\",\"FIA\",\"IRPF 2020\",\"Musicaliza\u00e7\u00e3o Infantil\",\"Orquestra Infanto Juvenil de Betim\",\"Orquestra Sinf\u00f4nica de Betim\",\"Sociedade Art\u00edstica Brasileira\"],\"articleSection\":[\"Blog SABRA\"],\"inLanguage\":\"pt-BR\"},{\"@type\":\"WebPage\",\"@id\":\"https:\\\/\\\/www.sabra.org.br\\\/site\\\/musica-classica-evolucao\\\/\",\"url\":\"https:\\\/\\\/www.sabra.org.br\\\/site\\\/musica-classica-evolucao\\\/\",\"name\":\"M\u00fasica Cl\u00e1ssica e Sua Import\u00e2ncia Cultural - SABRA - Sociedade Art\u00edstica Brasileira\",\"isPartOf\":{\"@id\":\"https:\\\/\\\/www.sabra.org.br\\\/site\\\/#website\"},\"primaryImageOfPage\":{\"@id\":\"https:\\\/\\\/www.sabra.org.br\\\/site\\\/musica-classica-evolucao\\\/#primaryimage\"},\"image\":{\"@id\":\"https:\\\/\\\/www.sabra.org.br\\\/site\\\/musica-classica-evolucao\\\/#primaryimage\"},\"thumbnailUrl\":\"https:\\\/\\\/www.sabra.org.br\\\/site\\\/wp-content\\\/uploads\\\/2020\\\/04\\\/musica-classica-conheca-a-sua-origem-e-evolucao-ao-longo-dos-anos-20191202180617.jpg.jpg\",\"datePublished\":\"2020-04-11T22:56:21+00:00\",\"dateModified\":\"2025-04-20T22:26:16+00:00\",\"description\":\"Aprecie os benef\u00edcios da m\u00fasica cl\u00e1ssica e conhe\u00e7a seu impacto na cultura tradicional e na evolu\u00e7\u00e3o musical ao longo dos s\u00e9culos.\",\"breadcrumb\":{\"@id\":\"https:\\\/\\\/www.sabra.org.br\\\/site\\\/musica-classica-evolucao\\\/#breadcrumb\"},\"inLanguage\":\"pt-BR\",\"potentialAction\":[{\"@type\":\"ReadAction\",\"target\":[\"https:\\\/\\\/www.sabra.org.br\\\/site\\\/musica-classica-evolucao\\\/\"]}]},{\"@type\":\"ImageObject\",\"inLanguage\":\"pt-BR\",\"@id\":\"https:\\\/\\\/www.sabra.org.br\\\/site\\\/musica-classica-evolucao\\\/#primaryimage\",\"url\":\"https:\\\/\\\/www.sabra.org.br\\\/site\\\/wp-content\\\/uploads\\\/2020\\\/04\\\/musica-classica-conheca-a-sua-origem-e-evolucao-ao-longo-dos-anos-20191202180617.jpg.jpg\",\"contentUrl\":\"https:\\\/\\\/www.sabra.org.br\\\/site\\\/wp-content\\\/uploads\\\/2020\\\/04\\\/musica-classica-conheca-a-sua-origem-e-evolucao-ao-longo-dos-anos-20191202180617.jpg.jpg\",\"width\":800,\"height\":488,\"caption\":\"Sociedade Art\u00edstica Brasileira SABRA\"},{\"@type\":\"BreadcrumbList\",\"@id\":\"https:\\\/\\\/www.sabra.org.br\\\/site\\\/musica-classica-evolucao\\\/#breadcrumb\",\"itemListElement\":[{\"@type\":\"ListItem\",\"position\":1,\"name\":\"In\u00edcio\",\"item\":\"https:\\\/\\\/www.sabra.org.br\\\/site\\\/\"},{\"@type\":\"ListItem\",\"position\":2,\"name\":\"M\u00fasica cl\u00e1ssica\"}]},{\"@type\":\"WebSite\",\"@id\":\"https:\\\/\\\/www.sabra.org.br\\\/site\\\/#website\",\"url\":\"https:\\\/\\\/www.sabra.org.br\\\/site\\\/\",\"name\":\"SABRA - Sociedade Art\u00edstica Brasileira\",\"description\":\"Escola de M\u00fasica, Orquestra Sinf\u00f4nica, Coral e Patrim\u00f4nio Cultural e Hist\u00f3rico\",\"publisher\":{\"@id\":\"https:\\\/\\\/www.sabra.org.br\\\/site\\\/#organization\"},\"potentialAction\":[{\"@type\":\"SearchAction\",\"target\":{\"@type\":\"EntryPoint\",\"urlTemplate\":\"https:\\\/\\\/www.sabra.org.br\\\/site\\\/?s={search_term_string}\"},\"query-input\":{\"@type\":\"PropertyValueSpecification\",\"valueRequired\":true,\"valueName\":\"search_term_string\"}}],\"inLanguage\":\"pt-BR\"},{\"@type\":\"Organization\",\"@id\":\"https:\\\/\\\/www.sabra.org.br\\\/site\\\/#organization\",\"name\":\"SOCIEDADE ART\u00cdSTICA BRASILEIRA SABRA\",\"alternateName\":\"SABRA\",\"url\":\"https:\\\/\\\/www.sabra.org.br\\\/site\\\/\",\"logo\":{\"@type\":\"ImageObject\",\"inLanguage\":\"pt-BR\",\"@id\":\"https:\\\/\\\/www.sabra.org.br\\\/site\\\/#\\\/schema\\\/logo\\\/image\\\/\",\"url\":\"https:\\\/\\\/www.sabra.org.br\\\/site\\\/wp-content\\\/uploads\\\/2019\\\/06\\\/cropped-Logo_SABRA-Copia-1.webp\",\"contentUrl\":\"https:\\\/\\\/www.sabra.org.br\\\/site\\\/wp-content\\\/uploads\\\/2019\\\/06\\\/cropped-Logo_SABRA-Copia-1.webp\",\"width\":400,\"height\":128,\"caption\":\"SOCIEDADE ART\u00cdSTICA BRASILEIRA SABRA\"},\"image\":{\"@id\":\"https:\\\/\\\/www.sabra.org.br\\\/site\\\/#\\\/schema\\\/logo\\\/image\\\/\"},\"sameAs\":[\"https:\\\/\\\/www.facebook.com\\\/sabrabrasil\",\"https:\\\/\\\/x.com\\\/ContatoSabra\",\"https:\\\/\\\/www.instagram.com\\\/sabrabrasil\\\/\",\"https:\\\/\\\/www.linkedin.com\\\/company\\\/25002088\\\/\",\"https:\\\/\\\/br.pinterest.com\\\/sociedadeartisticabrasileira\\\/\",\"https:\\\/\\\/www.youtube.com\\\/c\\\/sabrabrasil\"]},{\"@type\":\"Person\",\"@id\":\"https:\\\/\\\/www.sabra.org.br\\\/site\\\/#\\\/schema\\\/person\\\/7d1d222c3c8891d4c37c7b41bf6315c2\",\"name\":\"M\u00e1rcio Miranda Pontes\",\"image\":{\"@type\":\"ImageObject\",\"inLanguage\":\"pt-BR\",\"@id\":\"https:\\\/\\\/secure.gravatar.com\\\/avatar\\\/3b45f24496a7625a3a6c436688fbe20344faaeb2979658dc4a9921f984d7df9a?s=96&d=mm&r=g\",\"url\":\"https:\\\/\\\/secure.gravatar.com\\\/avatar\\\/3b45f24496a7625a3a6c436688fbe20344faaeb2979658dc4a9921f984d7df9a?s=96&d=mm&r=g\",\"contentUrl\":\"https:\\\/\\\/secure.gravatar.com\\\/avatar\\\/3b45f24496a7625a3a6c436688fbe20344faaeb2979658dc4a9921f984d7df9a?s=96&d=mm&r=g\",\"caption\":\"M\u00e1rcio Miranda Pontes\"},\"sameAs\":[\"http:\\\/\\\/www.sabra.org.br\"],\"url\":\"https:\\\/\\\/www.sabra.org.br\\\/site\\\/author\\\/marcio-miranda-pontes\\\/\"}]}<\/script>\n<!-- \/ Yoast SEO plugin. -->","yoast_head_json":{"title":"M\u00fasica Cl\u00e1ssica e Sua Import\u00e2ncia Cultural - SABRA - Sociedade Art\u00edstica Brasileira","description":"Aprecie os benef\u00edcios da m\u00fasica cl\u00e1ssica e conhe\u00e7a seu impacto na cultura tradicional e na evolu\u00e7\u00e3o musical ao longo dos s\u00e9culos.","robots":{"index":"index","follow":"follow","max-snippet":"max-snippet:-1","max-image-preview":"max-image-preview:large","max-video-preview":"max-video-preview:-1"},"canonical":"https:\/\/www.sabra.org.br\/site\/musica-classica-evolucao\/","og_locale":"pt_BR","og_type":"article","og_title":"M\u00fasica Cl\u00e1ssica e Sua Import\u00e2ncia Cultural - SABRA - Sociedade Art\u00edstica Brasileira","og_description":"Aprecie os benef\u00edcios da m\u00fasica cl\u00e1ssica e conhe\u00e7a seu impacto na cultura tradicional e na evolu\u00e7\u00e3o musical ao longo dos s\u00e9culos.","og_url":"https:\/\/www.sabra.org.br\/site\/musica-classica-evolucao\/","og_site_name":"SABRA - Sociedade Art\u00edstica Brasileira","article_publisher":"https:\/\/www.facebook.com\/sabrabrasil","article_published_time":"2020-04-11T22:56:21+00:00","article_modified_time":"2025-04-20T22:26:16+00:00","og_image":[{"width":800,"height":488,"url":"https:\/\/www.sabra.org.br\/site\/wp-content\/uploads\/2020\/04\/musica-classica-conheca-a-sua-origem-e-evolucao-ao-longo-dos-anos-20191202180617.jpg.jpg","type":"image\/jpeg"}],"author":"M\u00e1rcio Miranda Pontes","twitter_card":"summary_large_image","twitter_creator":"@ContatoSabra","twitter_site":"@ContatoSabra","twitter_misc":{"Escrito por":"M\u00e1rcio Miranda Pontes","Est. tempo de leitura":"6 minutos"},"schema":{"@context":"https:\/\/schema.org","@graph":[{"@type":"Article","@id":"https:\/\/www.sabra.org.br\/site\/musica-classica-evolucao\/#article","isPartOf":{"@id":"https:\/\/www.sabra.org.br\/site\/musica-classica-evolucao\/"},"author":{"name":"M\u00e1rcio Miranda Pontes","@id":"https:\/\/www.sabra.org.br\/site\/#\/schema\/person\/7d1d222c3c8891d4c37c7b41bf6315c2"},"headline":"M\u00fasica cl\u00e1ssica","datePublished":"2020-04-11T22:56:21+00:00","dateModified":"2025-04-20T22:26:16+00:00","mainEntityOfPage":{"@id":"https:\/\/www.sabra.org.br\/site\/musica-classica-evolucao\/"},"wordCount":933,"publisher":{"@id":"https:\/\/www.sabra.org.br\/site\/#organization"},"image":{"@id":"https:\/\/www.sabra.org.br\/site\/musica-classica-evolucao\/#primaryimage"},"thumbnailUrl":"https:\/\/www.sabra.org.br\/site\/wp-content\/uploads\/2020\/04\/musica-classica-conheca-a-sua-origem-e-evolucao-ao-longo-dos-anos-20191202180617.jpg.jpg","keywords":["Assist\u00eancia social","Canto Coral","Escola de M\u00fasica de Nova Lima","Escola de Musica SABRA","FIA","IRPF 2020","Musicaliza\u00e7\u00e3o Infantil","Orquestra Infanto Juvenil de Betim","Orquestra Sinf\u00f4nica de Betim","Sociedade Art\u00edstica Brasileira"],"articleSection":["Blog SABRA"],"inLanguage":"pt-BR"},{"@type":"WebPage","@id":"https:\/\/www.sabra.org.br\/site\/musica-classica-evolucao\/","url":"https:\/\/www.sabra.org.br\/site\/musica-classica-evolucao\/","name":"M\u00fasica Cl\u00e1ssica e Sua Import\u00e2ncia Cultural - SABRA - Sociedade Art\u00edstica Brasileira","isPartOf":{"@id":"https:\/\/www.sabra.org.br\/site\/#website"},"primaryImageOfPage":{"@id":"https:\/\/www.sabra.org.br\/site\/musica-classica-evolucao\/#primaryimage"},"image":{"@id":"https:\/\/www.sabra.org.br\/site\/musica-classica-evolucao\/#primaryimage"},"thumbnailUrl":"https:\/\/www.sabra.org.br\/site\/wp-content\/uploads\/2020\/04\/musica-classica-conheca-a-sua-origem-e-evolucao-ao-longo-dos-anos-20191202180617.jpg.jpg","datePublished":"2020-04-11T22:56:21+00:00","dateModified":"2025-04-20T22:26:16+00:00","description":"Aprecie os benef\u00edcios da m\u00fasica cl\u00e1ssica e conhe\u00e7a seu impacto na cultura tradicional e na evolu\u00e7\u00e3o musical ao longo dos s\u00e9culos.","breadcrumb":{"@id":"https:\/\/www.sabra.org.br\/site\/musica-classica-evolucao\/#breadcrumb"},"inLanguage":"pt-BR","potentialAction":[{"@type":"ReadAction","target":["https:\/\/www.sabra.org.br\/site\/musica-classica-evolucao\/"]}]},{"@type":"ImageObject","inLanguage":"pt-BR","@id":"https:\/\/www.sabra.org.br\/site\/musica-classica-evolucao\/#primaryimage","url":"https:\/\/www.sabra.org.br\/site\/wp-content\/uploads\/2020\/04\/musica-classica-conheca-a-sua-origem-e-evolucao-ao-longo-dos-anos-20191202180617.jpg.jpg","contentUrl":"https:\/\/www.sabra.org.br\/site\/wp-content\/uploads\/2020\/04\/musica-classica-conheca-a-sua-origem-e-evolucao-ao-longo-dos-anos-20191202180617.jpg.jpg","width":800,"height":488,"caption":"Sociedade Art\u00edstica Brasileira SABRA"},{"@type":"BreadcrumbList","@id":"https:\/\/www.sabra.org.br\/site\/musica-classica-evolucao\/#breadcrumb","itemListElement":[{"@type":"ListItem","position":1,"name":"In\u00edcio","item":"https:\/\/www.sabra.org.br\/site\/"},{"@type":"ListItem","position":2,"name":"M\u00fasica cl\u00e1ssica"}]},{"@type":"WebSite","@id":"https:\/\/www.sabra.org.br\/site\/#website","url":"https:\/\/www.sabra.org.br\/site\/","name":"SABRA - Sociedade Art\u00edstica Brasileira","description":"Escola de M\u00fasica, Orquestra Sinf\u00f4nica, Coral e Patrim\u00f4nio Cultural e Hist\u00f3rico","publisher":{"@id":"https:\/\/www.sabra.org.br\/site\/#organization"},"potentialAction":[{"@type":"SearchAction","target":{"@type":"EntryPoint","urlTemplate":"https:\/\/www.sabra.org.br\/site\/?s={search_term_string}"},"query-input":{"@type":"PropertyValueSpecification","valueRequired":true,"valueName":"search_term_string"}}],"inLanguage":"pt-BR"},{"@type":"Organization","@id":"https:\/\/www.sabra.org.br\/site\/#organization","name":"SOCIEDADE ART\u00cdSTICA BRASILEIRA SABRA","alternateName":"SABRA","url":"https:\/\/www.sabra.org.br\/site\/","logo":{"@type":"ImageObject","inLanguage":"pt-BR","@id":"https:\/\/www.sabra.org.br\/site\/#\/schema\/logo\/image\/","url":"https:\/\/www.sabra.org.br\/site\/wp-content\/uploads\/2019\/06\/cropped-Logo_SABRA-Copia-1.webp","contentUrl":"https:\/\/www.sabra.org.br\/site\/wp-content\/uploads\/2019\/06\/cropped-Logo_SABRA-Copia-1.webp","width":400,"height":128,"caption":"SOCIEDADE ART\u00cdSTICA BRASILEIRA SABRA"},"image":{"@id":"https:\/\/www.sabra.org.br\/site\/#\/schema\/logo\/image\/"},"sameAs":["https:\/\/www.facebook.com\/sabrabrasil","https:\/\/x.com\/ContatoSabra","https:\/\/www.instagram.com\/sabrabrasil\/","https:\/\/www.linkedin.com\/company\/25002088\/","https:\/\/br.pinterest.com\/sociedadeartisticabrasileira\/","https:\/\/www.youtube.com\/c\/sabrabrasil"]},{"@type":"Person","@id":"https:\/\/www.sabra.org.br\/site\/#\/schema\/person\/7d1d222c3c8891d4c37c7b41bf6315c2","name":"M\u00e1rcio Miranda Pontes","image":{"@type":"ImageObject","inLanguage":"pt-BR","@id":"https:\/\/secure.gravatar.com\/avatar\/3b45f24496a7625a3a6c436688fbe20344faaeb2979658dc4a9921f984d7df9a?s=96&d=mm&r=g","url":"https:\/\/secure.gravatar.com\/avatar\/3b45f24496a7625a3a6c436688fbe20344faaeb2979658dc4a9921f984d7df9a?s=96&d=mm&r=g","contentUrl":"https:\/\/secure.gravatar.com\/avatar\/3b45f24496a7625a3a6c436688fbe20344faaeb2979658dc4a9921f984d7df9a?s=96&d=mm&r=g","caption":"M\u00e1rcio Miranda Pontes"},"sameAs":["http:\/\/www.sabra.org.br"],"url":"https:\/\/www.sabra.org.br\/site\/author\/marcio-miranda-pontes\/"}]}},"jetpack_featured_media_url":"https:\/\/www.sabra.org.br\/site\/wp-content\/uploads\/2020\/04\/musica-classica-conheca-a-sua-origem-e-evolucao-ao-longo-dos-anos-20191202180617.jpg.jpg","jetpack_shortlink":"https:\/\/wp.me\/p95j2Z-Ji","jetpack-related-posts":[{"id":7138,"url":"https:\/\/www.sabra.org.br\/site\/jovem-solista\/","url_meta":{"origin":2808,"position":0},"title":"Premio Jovem Solista da Orquestra Sinfonica de Betim","author":"M\u00e1rcio Miranda Pontes","date":"16 de maio de 2023","format":false,"excerpt":"Estimular a competi\u00e7\u00e3o musical \u00e9 uma excelente maneira de incentivar de forma saud\u00e1vel que os indiv\u00edduos disputem entre si sem que hajam desentendimentos ou algo do tipo. Conhe\u00e7a um pouco mais sobre o Premio Jovem Solista da Orquestra Sinfonica de Betim","rel":"","context":"Em &quot;Blog SABRA&quot;","block_context":{"text":"Blog SABRA","link":"https:\/\/www.sabra.org.br\/site\/category\/blog-sabra\/"},"img":{"alt_text":"m\u00fasica-orquestra-betim-sinf\u00f4nica-pr\u00eamio-solista-art\u00edtica-jovem-jovens-projetos-proporcionar-sabra","src":"https:\/\/i0.wp.com\/www.sabra.org.br\/site\/wp-content\/uploads\/2023\/05\/premio-jovem-solista-da-orquestra-sinfonica-de-betim-20171229162457.jpg-jpg.webp?resize=350%2C200&ssl=1","width":350,"height":200,"srcset":"https:\/\/i0.wp.com\/www.sabra.org.br\/site\/wp-content\/uploads\/2023\/05\/premio-jovem-solista-da-orquestra-sinfonica-de-betim-20171229162457.jpg-jpg.webp?resize=350%2C200&ssl=1 1x, https:\/\/i0.wp.com\/www.sabra.org.br\/site\/wp-content\/uploads\/2023\/05\/premio-jovem-solista-da-orquestra-sinfonica-de-betim-20171229162457.jpg-jpg.webp?resize=525%2C300&ssl=1 1.5x, https:\/\/i0.wp.com\/www.sabra.org.br\/site\/wp-content\/uploads\/2023\/05\/premio-jovem-solista-da-orquestra-sinfonica-de-betim-20171229162457.jpg-jpg.webp?resize=700%2C400&ssl=1 2x"},"classes":[]},{"id":13393,"url":"https:\/\/www.sabra.org.br\/site\/erudito-classico\/","url_meta":{"origin":2808,"position":1},"title":"M\u00fasica erudita X m\u00fasica cl\u00e1ssica: qual a diferen\u00e7a entre os dois?","author":"M\u00e1rcio Miranda Pontes","date":"10 de junho de 2025","format":false,"excerpt":"Entenda a diferen\u00e7a entre m\u00fasica cl\u00e1ssica e m\u00fasica erudita e conecte-se a esse estilo musical exclusivo e criativo.","rel":"","context":"Em &quot;Blog SABRA&quot;","block_context":{"text":"Blog SABRA","link":"https:\/\/www.sabra.org.br\/site\/category\/blog-sabra\/"},"img":{"alt_text":"","src":"","width":0,"height":0},"classes":[]},{"id":8440,"url":"https:\/\/www.sabra.org.br\/site\/classica-brasil\/","url_meta":{"origin":2808,"position":2},"title":"O consumo de m\u00fasica cl\u00e1ssica no Brasil","author":"M\u00e1rcio Miranda Pontes","date":"20 de novembro de 2023","format":false,"excerpt":"Que o Brasil \u00e9 um pa\u00eds musical, todo mundo j\u00e1 sabe. Mas voc\u00ea sabe como a m\u00fasica cl\u00e1ssica \u00e9 consumida no pa\u00eds? Acesse o link a seguir e fique por dentro disso e muito mais!","rel":"","context":"Em &quot;Blog SABRA&quot;","block_context":{"text":"Blog SABRA","link":"https:\/\/www.sabra.org.br\/site\/category\/blog-sabra\/"},"img":{"alt_text":"sabra-m\u00fasica-cl\u00e1ssica-brasil-consumo","src":"https:\/\/i0.wp.com\/www.sabra.org.br\/site\/wp-content\/uploads\/2023\/11\/o-consumo-de-musica-classica-no-brasil-20221229103337.jpg-jpg.webp?resize=350%2C200&ssl=1","width":350,"height":200,"srcset":"https:\/\/i0.wp.com\/www.sabra.org.br\/site\/wp-content\/uploads\/2023\/11\/o-consumo-de-musica-classica-no-brasil-20221229103337.jpg-jpg.webp?resize=350%2C200&ssl=1 1x, https:\/\/i0.wp.com\/www.sabra.org.br\/site\/wp-content\/uploads\/2023\/11\/o-consumo-de-musica-classica-no-brasil-20221229103337.jpg-jpg.webp?resize=525%2C300&ssl=1 1.5x, https:\/\/i0.wp.com\/www.sabra.org.br\/site\/wp-content\/uploads\/2023\/11\/o-consumo-de-musica-classica-no-brasil-20221229103337.jpg-jpg.webp?resize=700%2C400&ssl=1 2x"},"classes":[]},{"id":4790,"url":"https:\/\/www.sabra.org.br\/site\/musica-erudita-brasileira\/","url_meta":{"origin":2808,"position":3},"title":"O que \u00e9 a m\u00fasica erudita brasileira?","author":"M\u00e1rcio Miranda Pontes","date":"3 de mar\u00e7o de 2022","format":false,"excerpt":"Voc\u00ea conhece um pouco da m\u00fasica erudita brasileira? Neste texto, entenda do que se trata, quais as origens da m\u00fasica erudita brasileira e quais os seus principais compositores. Confira conosco!","rel":"","context":"Em &quot;Blog SABRA&quot;","block_context":{"text":"Blog SABRA","link":"https:\/\/www.sabra.org.br\/site\/category\/blog-sabra\/"},"img":{"alt_text":"musica-erudita-brasileira-brasileiro","src":"https:\/\/i0.wp.com\/www.sabra.org.br\/site\/wp-content\/uploads\/2022\/03\/o-que-e-a-musica-erudita-brasileira-20220208141739.jpg.jpg?resize=350%2C200&ssl=1","width":350,"height":200,"srcset":"https:\/\/i0.wp.com\/www.sabra.org.br\/site\/wp-content\/uploads\/2022\/03\/o-que-e-a-musica-erudita-brasileira-20220208141739.jpg.jpg?resize=350%2C200&ssl=1 1x, https:\/\/i0.wp.com\/www.sabra.org.br\/site\/wp-content\/uploads\/2022\/03\/o-que-e-a-musica-erudita-brasileira-20220208141739.jpg.jpg?resize=525%2C300&ssl=1 1.5x, https:\/\/i0.wp.com\/www.sabra.org.br\/site\/wp-content\/uploads\/2022\/03\/o-que-e-a-musica-erudita-brasileira-20220208141739.jpg.jpg?resize=700%2C400&ssl=1 2x"},"classes":[]},{"id":7760,"url":"https:\/\/www.sabra.org.br\/site\/musicas-classicas-orquestras-famosas\/","url_meta":{"origin":2808,"position":4},"title":"Conhe\u00e7a as melhores m\u00fasicas cl\u00e1ssicas tocadas por orquestras famosas","author":"M\u00e1rcio Miranda Pontes","date":"3 de agosto de 2023","format":false,"excerpt":"As maiores orquestras do mundo emocionam atrav\u00e9s das obras mais famosas da m\u00fasica cl\u00e1ssica. Hist\u00f3ria e atemporalidade alimentam a cultura em concertos inesquec\u00edveis. Leia nosso texto e conhe\u00e7a as composi\u00e7\u00f5es favoritas das grandes orquestras.","rel":"","context":"Em &quot;Blog SABRA&quot;","block_context":{"text":"Blog SABRA","link":"https:\/\/www.sabra.org.br\/site\/category\/blog-sabra\/"},"img":{"alt_text":"sabra-m\u00fasica-sinfonia-cl\u00e1ssica-conhecimentos","src":"https:\/\/i0.wp.com\/www.sabra.org.br\/site\/wp-content\/uploads\/2023\/08\/conheca-as-melhores-musicas-classicas-tocadas-por-orquestras-famosasjpg-20230504105610.jpg-jpg.webp?resize=350%2C200&ssl=1","width":350,"height":200,"srcset":"https:\/\/i0.wp.com\/www.sabra.org.br\/site\/wp-content\/uploads\/2023\/08\/conheca-as-melhores-musicas-classicas-tocadas-por-orquestras-famosasjpg-20230504105610.jpg-jpg.webp?resize=350%2C200&ssl=1 1x, https:\/\/i0.wp.com\/www.sabra.org.br\/site\/wp-content\/uploads\/2023\/08\/conheca-as-melhores-musicas-classicas-tocadas-por-orquestras-famosasjpg-20230504105610.jpg-jpg.webp?resize=525%2C300&ssl=1 1.5x, https:\/\/i0.wp.com\/www.sabra.org.br\/site\/wp-content\/uploads\/2023\/08\/conheca-as-melhores-musicas-classicas-tocadas-por-orquestras-famosasjpg-20230504105610.jpg-jpg.webp?resize=700%2C400&ssl=1 2x"},"classes":[]},{"id":7325,"url":"https:\/\/www.sabra.org.br\/site\/compositores-classicos\/","url_meta":{"origin":2808,"position":5},"title":"Compositores cl\u00e1ssicos que voc\u00ea precisa conhecer","author":"M\u00e1rcio Miranda Pontes","date":"16 de junho de 2023","format":false,"excerpt":"Descubra os grandes mestres da m\u00fasica cl\u00e1ssica! Conhe\u00e7a X compositores cl\u00e1ssicos que deixaram um legado duradouro. Mergulhe no mundo da m\u00fasica erudita e desfrute das obras-primas que transcenderam o tempo.","rel":"","context":"Em &quot;Blog SABRA&quot;","block_context":{"text":"Blog SABRA","link":"https:\/\/www.sabra.org.br\/site\/category\/blog-sabra\/"},"img":{"alt_text":"compositores-m\u00fasica-cl\u00e1ssica-cultura-conhecer-sabra","src":"https:\/\/i0.wp.com\/www.sabra.org.br\/site\/wp-content\/uploads\/2023\/06\/x-compositores-classicos-que-voce-precisa-conhecerjpg-20230522113605.jpg-jpg.webp?resize=350%2C200&ssl=1","width":350,"height":200,"srcset":"https:\/\/i0.wp.com\/www.sabra.org.br\/site\/wp-content\/uploads\/2023\/06\/x-compositores-classicos-que-voce-precisa-conhecerjpg-20230522113605.jpg-jpg.webp?resize=350%2C200&ssl=1 1x, https:\/\/i0.wp.com\/www.sabra.org.br\/site\/wp-content\/uploads\/2023\/06\/x-compositores-classicos-que-voce-precisa-conhecerjpg-20230522113605.jpg-jpg.webp?resize=525%2C300&ssl=1 1.5x, https:\/\/i0.wp.com\/www.sabra.org.br\/site\/wp-content\/uploads\/2023\/06\/x-compositores-classicos-que-voce-precisa-conhecerjpg-20230522113605.jpg-jpg.webp?resize=700%2C400&ssl=1 2x"},"classes":[]}],"jetpack_likes_enabled":true,"jetpack_sharing_enabled":true,"_links":{"self":[{"href":"https:\/\/www.sabra.org.br\/site\/wp-json\/wp\/v2\/posts\/2808","targetHints":{"allow":["GET"]}}],"collection":[{"href":"https:\/\/www.sabra.org.br\/site\/wp-json\/wp\/v2\/posts"}],"about":[{"href":"https:\/\/www.sabra.org.br\/site\/wp-json\/wp\/v2\/types\/post"}],"author":[{"embeddable":true,"href":"https:\/\/www.sabra.org.br\/site\/wp-json\/wp\/v2\/users\/39"}],"replies":[{"embeddable":true,"href":"https:\/\/www.sabra.org.br\/site\/wp-json\/wp\/v2\/comments?post=2808"}],"version-history":[{"count":0,"href":"https:\/\/www.sabra.org.br\/site\/wp-json\/wp\/v2\/posts\/2808\/revisions"}],"wp:featuredmedia":[{"embeddable":true,"href":"https:\/\/www.sabra.org.br\/site\/wp-json\/wp\/v2\/media\/2809"}],"wp:attachment":[{"href":"https:\/\/www.sabra.org.br\/site\/wp-json\/wp\/v2\/media?parent=2808"}],"wp:term":[{"taxonomy":"category","embeddable":true,"href":"https:\/\/www.sabra.org.br\/site\/wp-json\/wp\/v2\/categories?post=2808"},{"taxonomy":"post_tag","embeddable":true,"href":"https:\/\/www.sabra.org.br\/site\/wp-json\/wp\/v2\/tags?post=2808"}],"curies":[{"name":"wp","href":"https:\/\/api.w.org\/{rel}","templated":true}]}}