{"id":2812,"date":"2020-04-12T10:15:19","date_gmt":"2020-04-12T13:15:19","guid":{"rendered":"https:\/\/www.sabra.org.br\/site\/?p=2812"},"modified":"2025-04-20T19:26:17","modified_gmt":"2025-04-20T22:26:17","slug":"musicas-classicas-sucesso","status":"publish","type":"post","link":"https:\/\/www.sabra.org.br\/site\/musicas-classicas-sucesso\/","title":{"rendered":"M\u00fasicas Cl\u00e1ssicas e Sucessos"},"content":{"rendered":"<h2>Conhe\u00e7a 7 das m\u00fasicas cl\u00e1ssicas que mais fizerem sucesso nos \u00faltimos anos<\/h2>\n<p>\u00c9 comum ouvirmos a m\u00fasica Cl\u00e1ssica sendo definida como esnobe, chata ou tediosa, mas basta escutarmos algumas pe\u00e7as para entendermos que esses conceitos est\u00e3o relacionados \u00e0 falta de contato com o g\u00eanero. A m\u00fasica Cl\u00e1ssica tem poder de envolver e despertar emo\u00e7\u00f5es, por isso, est\u00e1 presente at\u00e9 hoje em filmes, pe\u00e7as teatrais e at\u00e9 na publicidade.<\/p>\n<h2>7 m\u00fasicas cl\u00e1ssicas que fazem sucesso atualmente<\/h2>\n<h3>1. Mozart &#8211; Eine kleine Nachtmusik ou Serenata N\u00ba 13<\/h3>\n<p>Voc\u00ea pode at\u00e9 n\u00e3o reconhecer o nome, mas provavelmente j\u00e1 ouviu essa que \u00e9 uma das m\u00fasicas mais famosas de Mozart. Ela foi usada diversas vezes em comerciais e em filmes como \u201cAs Panteras &#8211; Detonando\u201d, \u201cQuem vai ficar com Mary\u201d e \u201cAce Ventura\u201d.<\/p>\n<h3>2. Debussy &#8211; Clair de Lune<\/h3>\n<p>A composi\u00e7\u00e3o de 1905 ganhou notoriedade atualmente, gra\u00e7as a grande presen\u00e7a nos cinemas, em filmes como \u201cFrankie e Johnny\u201d, \u201cOs Eleitos\u201d e mais recentemente no filme adolescente \u201cCrep\u00fasculo\u201d, conquistando ouvintes dessa faixa et\u00e1ria.<\/p>\n<h3>3. Beethoven &#8211; F\u00fcr Elise<\/h3>\n<p>\u00c9 imposs\u00edvel n\u00e3o reconhecer essa melodia. \u201cF\u00fcr Elise\u201d j\u00e1 foi utilizada em jingles, ganhou covers em vers\u00e3o jazz e tem diversas men\u00e7\u00f5es em livros, como em \u201cIt &#8211; A Coisa\u201d de Stephen King.<\/p>\n<p>A m\u00fasica s\u00f3 foi descoberta quarenta anos ap\u00f3s a morte de Beethoven, por isso n\u00e3o \u00e9 poss\u00edvel saber quem foi \u201cElise\u201d.<\/p>\n<h3>4. Johann Strauss II &#8211; Dan\u00fabio Azul<\/h3>\n<p>\u201cSobre o Belo Dan\u00fabio Azul\u201d \u00e9 uma valsa que teve sua estreia em 1867, na \u00c1ustria, e ganhou notoriedade em Londres e Paris no mesmo ano. Depois de um s\u00e9culo, a can\u00e7\u00e3o voltou \u00e0 tona gra\u00e7as ao filme \u201c2001 &#8211; Uma Odisseia no Espa\u00e7o\u201d de Stanley Kubrick.<\/p>\n<h3>5. Beethoven &#8211; Sinfonia N\u00ba 5<\/h3>\n<p>\u00c9 poss\u00edvel reconhecer a Sinfonia N\u00ba 5 logo em sua introdu\u00e7\u00e3o. Por isso, j\u00e1 foi utilizada muitas vezes na publicidade e ganhou vers\u00f5es para a m\u00fasica pop, como a de Walter Murphy intitulada \u201cA Fifth of Beethoven\u201d.<\/p>\n<h3>6. Johann Sebastian Bach &#8211; Tocata e Fuga em R\u00e9 Menor<\/h3>\n<p>Apesar da autoria controversa, essa pe\u00e7a \u00e9 uma das mais conhecidas de J.S Bach. Voc\u00ea provavelmente j\u00e1 escutou em filmes ou jogos de terror, como na abertura de \u201cO M\u00e9dico e o Mostro\u201d de 1931.<\/p>\n<h3>7. Puccini &#8211; O Mio Babbino Caro<\/h3>\n<p>Essa emocionante obra de Giacomo Puccini faz parte da \u00f3pera \u201cGianni Schichi\u201d e foi eternizada na voz da talentosa soprano americana Maria Callas.<\/p>\n<p>Ela tamb\u00e9m est\u00e1 na trilha sonora do filme \u201cLoucos de Paix\u00e3o\u201d e \u00e9 tocada em um dos epis\u00f3dios do desenho \u201cSnoopy\u201d, com a personagem Woodstock assobiando a m\u00fasica.<\/p>\n<h2>Benef\u00edcios da m\u00fasica cl\u00e1ssica<\/h2>\n<p>J\u00e1 \u00e9 poss\u00edvel dizer que a m\u00fasica Cl\u00e1ssica traz benef\u00edcios psicol\u00f3gicos, como aponta um estudo feito na Universidade de Standford. Os resultados desse estudo apontam diversas vantagens conquistadas com o aumento do fluxo sangu\u00edneo promovido pela m\u00fasica. S\u00e3o elas:<\/p>\n<p>\u2022 Ativa\u00e7\u00e3o de \u00e1reas ligadas \u00e0 emo\u00e7\u00e3o e cogni\u00e7\u00e3o;<br \/>\n\u2022 Libera\u00e7\u00e3o de dopamina;<br \/>\n\u2022 Aumento da sensa\u00e7\u00e3o de bem-estar;<br \/>\n\u2022 Redu\u00e7\u00e3o da sensa\u00e7\u00e3o de ansiedade;<\/p>\n<p>Agora que sabemos que m\u00fasica Cl\u00e1ssica faz bem para a sa\u00fade, aproveite para ouvir os t\u00edtulos que listamos aqui!<\/p>\n<hr \/>\n<h2>FIA &#8211; IRPF 2020 &#8211;\u00a0DOE PARA A SABRA.<\/h2>\n<p>Voc\u00ea escolhe onde parte de seu imposto de renda ser\u00e1 aplicado.<\/p>\n<p>Junto com a SABRA, seus projetos e a\u00e7\u00f5es voc\u00ea vai ajudar a transformar vidas.<\/p>\n<p>Sem custos para voc\u00ea e n\u00e3o interfere em outras dedu\u00e7\u00f5es.<\/p>\n<p>Aproveite o tempo de quarentena do Covid-19 para fazer sua declara\u00e7\u00e3o IRPF 2020.<\/p>\n<h2>Veja como \u00e9 f\u00e1cil: s\u00e3o poucos passos!<\/h2>\n<p>1 \u2013 Ap\u00f3s preencher e conferir sua declara\u00e7\u00e3o no programa da Receita Federal e antes de remete-la, cliquar na aba \u201cDoa\u00e7\u00f5es Diretamente na Declara\u00e7\u00e3o\u201d e clicar em \u201cNovo\u201d<\/p>\n<p><img fetchpriority=\"high\" decoding=\"async\" data-attachment-id=\"2440\" data-permalink=\"https:\/\/www.sabra.org.br\/site\/imposto-de-renda\/01-novo-2\/\" data-orig-file=\"https:\/\/www.sabra.org.br\/site\/wp-content\/uploads\/2020\/02\/01-Novo-1.jpg\" data-orig-size=\"1366,728\" data-comments-opened=\"1\" data-image-meta=\"{&quot;aperture&quot;:&quot;0&quot;,&quot;credit&quot;:&quot;&quot;,&quot;camera&quot;:&quot;&quot;,&quot;caption&quot;:&quot;&quot;,&quot;created_timestamp&quot;:&quot;0&quot;,&quot;copyright&quot;:&quot;&quot;,&quot;focal_length&quot;:&quot;0&quot;,&quot;iso&quot;:&quot;0&quot;,&quot;shutter_speed&quot;:&quot;0&quot;,&quot;title&quot;:&quot;&quot;,&quot;orientation&quot;:&quot;0&quot;}\" data-image-title=\"01-Novo\" data-image-description=\"&lt;p&gt;Sociedade Art\u00edstica Brasileira&lt;\/p&gt;\n\" data-image-caption=\"&lt;p&gt;FIA &amp;#8211; Fundo da Inf\u00e2ncia e Adolesc\u00eancia&lt;\/p&gt;\n\" data-large-file=\"https:\/\/www.sabra.org.br\/site\/wp-content\/uploads\/2020\/02\/01-Novo-1-1024x546.jpg\" class=\"alignnone wp-image-2440 size-full\" src=\"https:\/\/www.sabra.org.br\/site\/wp-content\/uploads\/2020\/02\/01-Novo-1.jpg\" alt=\"FIA - Fundo da Inf\u00e2ncia e Adolesc\u00eancia\" width=\"1366\" height=\"728\" srcset=\"https:\/\/www.sabra.org.br\/site\/wp-content\/uploads\/2020\/02\/01-Novo-1.jpg 1366w, https:\/\/www.sabra.org.br\/site\/wp-content\/uploads\/2020\/02\/01-Novo-1-300x160.jpg 300w, https:\/\/www.sabra.org.br\/site\/wp-content\/uploads\/2020\/02\/01-Novo-1-1024x546.jpg 1024w, https:\/\/www.sabra.org.br\/site\/wp-content\/uploads\/2020\/02\/01-Novo-1-768x409.jpg 768w\" sizes=\"(max-width: 1366px) 100vw, 1366px\" \/><\/p>\n<p>2 \u2013 Selecionar as op\u00e7\u00f5es: Municipal, Estado (MG \u2013 Minas Gerais) e Munic\u00edpio (Betim &#8211; 21.101.865\/0001-14);<\/p>\n<p><img decoding=\"async\" data-attachment-id=\"2438\" data-permalink=\"https:\/\/www.sabra.org.br\/site\/imposto-de-renda\/02-municipio\/\" data-orig-file=\"https:\/\/www.sabra.org.br\/site\/wp-content\/uploads\/2020\/02\/02-munic\u00edpio.jpg\" data-orig-size=\"1366,728\" data-comments-opened=\"1\" data-image-meta=\"{&quot;aperture&quot;:&quot;0&quot;,&quot;credit&quot;:&quot;&quot;,&quot;camera&quot;:&quot;&quot;,&quot;caption&quot;:&quot;&quot;,&quot;created_timestamp&quot;:&quot;0&quot;,&quot;copyright&quot;:&quot;&quot;,&quot;focal_length&quot;:&quot;0&quot;,&quot;iso&quot;:&quot;0&quot;,&quot;shutter_speed&quot;:&quot;0&quot;,&quot;title&quot;:&quot;&quot;,&quot;orientation&quot;:&quot;0&quot;}\" data-image-title=\"02-munic\u00edpio\" data-image-description=\"&lt;p&gt;Sociedade Art\u00edstica Brasileira&lt;\/p&gt;\n\" data-image-caption=\"&lt;p&gt;FIA &amp;#8211; Fundo da Inf\u00e2ncia e Adolesc\u00eancia&lt;\/p&gt;\n\" data-large-file=\"https:\/\/www.sabra.org.br\/site\/wp-content\/uploads\/2020\/02\/02-munic\u00edpio-1024x546.jpg\" class=\"alignnone wp-image-2438 size-full\" src=\"https:\/\/www.sabra.org.br\/site\/wp-content\/uploads\/2020\/02\/02-munic\u00edpio.jpg\" alt=\"FIA - Fundo da Inf\u00e2ncia e Adolesc\u00eancia\" width=\"1366\" height=\"728\" srcset=\"https:\/\/www.sabra.org.br\/site\/wp-content\/uploads\/2020\/02\/02-munic\u00edpio.jpg 1366w, https:\/\/www.sabra.org.br\/site\/wp-content\/uploads\/2020\/02\/02-munic\u00edpio-300x160.jpg 300w, https:\/\/www.sabra.org.br\/site\/wp-content\/uploads\/2020\/02\/02-munic\u00edpio-1024x546.jpg 1024w, https:\/\/www.sabra.org.br\/site\/wp-content\/uploads\/2020\/02\/02-munic\u00edpio-768x409.jpg 768w\" sizes=\"(max-width: 1366px) 100vw, 1366px\" \/><\/p>\n<p>3 \u2013 Verificar o \u201cValor Dispon\u00edvel para Destina\u00e7\u00e3o\u201d e copiar o n\u00famero para o campo \u201cValor\u201d (valor da doa\u00e7\u00e3o);<\/p>\n<p><img decoding=\"async\" data-attachment-id=\"2439\" data-permalink=\"https:\/\/www.sabra.org.br\/site\/imposto-de-renda\/03-valor-2\/\" data-orig-file=\"https:\/\/www.sabra.org.br\/site\/wp-content\/uploads\/2020\/02\/03-valor-1.jpg\" data-orig-size=\"1366,726\" data-comments-opened=\"1\" data-image-meta=\"{&quot;aperture&quot;:&quot;0&quot;,&quot;credit&quot;:&quot;&quot;,&quot;camera&quot;:&quot;&quot;,&quot;caption&quot;:&quot;&quot;,&quot;created_timestamp&quot;:&quot;0&quot;,&quot;copyright&quot;:&quot;&quot;,&quot;focal_length&quot;:&quot;0&quot;,&quot;iso&quot;:&quot;0&quot;,&quot;shutter_speed&quot;:&quot;0&quot;,&quot;title&quot;:&quot;&quot;,&quot;orientation&quot;:&quot;0&quot;}\" data-image-title=\"03-valor\" data-image-description=\"&lt;p&gt;Sociedade Art\u00edstica Brasileira&lt;\/p&gt;\n\" data-image-caption=\"&lt;p&gt;FIA &amp;#8211; Fundo da Inf\u00e2ncia e Adolesc\u00eancia&lt;\/p&gt;\n\" data-large-file=\"https:\/\/www.sabra.org.br\/site\/wp-content\/uploads\/2020\/02\/03-valor-1-1024x544.jpg\" class=\"alignnone wp-image-2439 size-full\" src=\"https:\/\/www.sabra.org.br\/site\/wp-content\/uploads\/2020\/02\/03-valor-1.jpg\" alt=\"FIA - Fundo da Inf\u00e2ncia e Adolesc\u00eancia\" width=\"1366\" height=\"726\" srcset=\"https:\/\/www.sabra.org.br\/site\/wp-content\/uploads\/2020\/02\/03-valor-1.jpg 1366w, https:\/\/www.sabra.org.br\/site\/wp-content\/uploads\/2020\/02\/03-valor-1-300x159.jpg 300w, https:\/\/www.sabra.org.br\/site\/wp-content\/uploads\/2020\/02\/03-valor-1-1024x544.jpg 1024w, https:\/\/www.sabra.org.br\/site\/wp-content\/uploads\/2020\/02\/03-valor-1-768x408.jpg 768w\" sizes=\"(max-width: 1366px) 100vw, 1366px\" \/><\/p>\n<p>4 \u2013 Ap\u00f3s clicar em \u201cOK\u201d \u00e9 preciso selecionar a aba \u201cDarf \u2013 Doa\u00e7\u00f5es Diretamente na Declara\u00e7\u00e3o \u2013 ECA\u201d, imprimir o documento e realizar o pagamento at\u00e9 a data de vencimento.<\/p>\n<p>5 \u2013 Para finalizar, digitalizar o comprovante de pagamento do DARF e enviar para o Conselho da Crian\u00e7a e Adolescente de Betim (cmdcafiabetim@gmail.com) com c\u00f3pia para a SABRA (sabra@sabra.org.br). Na mensagem informar que a doa\u00e7\u00e3o dever\u00e1 ser destinada \u00e0 Sociedade Art\u00edstica Brasileira SABRA.<\/p>\n<p>6 \u2013 Pronto! Voc\u00ea acabou de transformar vidas!<\/p>\n<h2>Se voc\u00ea gostou deste post:<\/h2>\n<p>&#8211; SIGA as nossas p\u00e1ginas nas redes sociais para acompanhar as nossas atualiza\u00e7\u00f5es: estamos no <a href=\"https:\/\/www.facebook.com\/sabrabrasil\" target=\"_blank\" rel=\"noopener noreferrer\">Facebook<\/a>, no <a href=\"https:\/\/www.instagram.com\/sabrabrasil\/\" target=\"_blank\" rel=\"noopener noreferrer\">Instagram<\/a>, no <a href=\"https:\/\/www.linkedin.com\/company\/25002088\" target=\"_blank\" rel=\"noopener noreferrer\">LinkedIn<\/a>, no <a href=\"https:\/\/twitter.com\/ContatoSabra\" target=\"_blank\" rel=\"noopener noreferrer\">Twitter<\/a> e no <a href=\"https:\/\/www.youtube.com\/channel\/UCJw-kbuEvzUNdeQf20Pa-eQ\" target=\"_blank\" rel=\"noopener noreferrer\">YouTube<\/a>!<\/p>\n<p>&#8211; CONHE\u00c7A o trabalho da Sociedade Art\u00edstica Brasileira (SABRA) e todas as iniciativas culturais e sociais que ela mant\u00e9m. <a href=\"https:\/\/www.sabra.org.br\/site\/acoes\/\" target=\"_blank\" rel=\"noopener noreferrer\">Acesse nosso site!<\/a><\/p>\n<p>&#8211; ENTRE EM CONTATO com a gente. E veja quais s\u00e3o as op\u00e7\u00f5es de ajuda na manuten\u00e7\u00e3o de nossas a\u00e7\u00f5es sociais e culturais. Basta acessar nossa p\u00e1gina <a href=\"https:\/\/www.sabra.org.br\/site\/doe-agora\/\" target=\"_blank\" rel=\"noopener noreferrer\">Doe Agora!<\/a><\/p>\n<p>&#8211; COMPARTILHE este texto nas suas redes sociais e ajude os seus amigos a tamb\u00e9m dominarem o assunto!<\/p>\n","protected":false},"excerpt":{"rendered":"<p>Conhe\u00e7a 7 das m\u00fasicas cl\u00e1ssicas que mais fizerem sucesso nos \u00faltimos anos \u00c9 comum ouvirmos a m\u00fasica Cl\u00e1ssica sendo definida como esnobe, chata ou tediosa,&hellip;<\/p>\n","protected":false},"author":39,"featured_media":2814,"comment_status":"closed","ping_status":"closed","sticky":false,"template":"","format":"standard","meta":{"jetpack_post_was_ever_published":false,"_jetpack_newsletter_access":"","_jetpack_dont_email_post_to_subs":false,"_jetpack_newsletter_tier_id":0,"_jetpack_memberships_contains_paywalled_content":false,"_jetpack_memberships_contains_paid_content":false,"footnotes":""},"categories":[1],"tags":[15,8,1846,1285,1047,2762,16,1286,11,9],"class_list":["post-2812","post","type-post","status-publish","format-standard","has-post-thumbnail","hentry","category-blog-sabra","tag-assistencia-social","tag-canto-coral","tag-escola-de-musica-de-nova-lima","tag-escola-de-musica-sabra","tag-fia","tag-irpf-2020","tag-musicalizacao-infantil","tag-orquestra-infanto-juvenil-de-betim","tag-orquestra-sinfonica-de-betim","tag-sociedade-artistica-brasileira"],"yoast_head":"<!-- This site is optimized with the Yoast SEO plugin v27.5 - https:\/\/yoast.com\/product\/yoast-seo-wordpress\/ -->\n<title>M\u00fasicas Cl\u00e1ssicas que Todos Deveriam Conhecer - SABRA - Sociedade Art\u00edstica Brasileira<\/title>\n<meta name=\"description\" content=\"Descubra o verdadeiro poder das m\u00fasicas cl\u00e1ssicas e como elas emocionam at\u00e9 hoje no cinema e na publicidade.\" \/>\n<meta name=\"robots\" content=\"index, follow, max-snippet:-1, max-image-preview:large, max-video-preview:-1\" \/>\n<link rel=\"canonical\" href=\"https:\/\/www.sabra.org.br\/site\/musicas-classicas-sucesso\/\" \/>\n<meta property=\"og:locale\" content=\"pt_BR\" \/>\n<meta property=\"og:type\" content=\"article\" \/>\n<meta property=\"og:title\" content=\"M\u00fasicas Cl\u00e1ssicas que Todos Deveriam Conhecer - SABRA - Sociedade Art\u00edstica Brasileira\" \/>\n<meta property=\"og:description\" content=\"Descubra o verdadeiro poder das m\u00fasicas cl\u00e1ssicas e como elas emocionam at\u00e9 hoje no cinema e na publicidade.\" \/>\n<meta property=\"og:url\" content=\"https:\/\/www.sabra.org.br\/site\/musicas-classicas-sucesso\/\" \/>\n<meta property=\"og:site_name\" content=\"SABRA - Sociedade Art\u00edstica Brasileira\" \/>\n<meta property=\"article:publisher\" content=\"https:\/\/www.facebook.com\/sabrabrasil\" \/>\n<meta property=\"article:published_time\" content=\"2020-04-12T13:15:19+00:00\" \/>\n<meta property=\"article:modified_time\" content=\"2025-04-20T22:26:17+00:00\" \/>\n<meta property=\"og:image\" content=\"https:\/\/www.sabra.org.br\/site\/wp-content\/uploads\/2020\/04\/conheca-x-das-musicas-classicas-que-mais-fizerem-sucesso-nos-ultimos-anos-20191202180617.jpg.jpg\" \/>\n\t<meta property=\"og:image:width\" content=\"800\" \/>\n\t<meta property=\"og:image:height\" content=\"341\" \/>\n\t<meta property=\"og:image:type\" content=\"image\/jpeg\" \/>\n<meta name=\"author\" content=\"M\u00e1rcio Miranda Pontes\" \/>\n<meta name=\"twitter:card\" content=\"summary_large_image\" \/>\n<meta name=\"twitter:creator\" content=\"@ContatoSabra\" \/>\n<meta name=\"twitter:site\" content=\"@ContatoSabra\" \/>\n<meta name=\"twitter:label1\" content=\"Escrito por\" \/>\n\t<meta name=\"twitter:data1\" content=\"M\u00e1rcio Miranda Pontes\" \/>\n\t<meta name=\"twitter:label2\" content=\"Est. tempo de leitura\" \/>\n\t<meta name=\"twitter:data2\" content=\"6 minutos\" \/>\n<script type=\"application\/ld+json\" class=\"yoast-schema-graph\">{\"@context\":\"https:\\\/\\\/schema.org\",\"@graph\":[{\"@type\":\"Article\",\"@id\":\"https:\\\/\\\/www.sabra.org.br\\\/site\\\/musicas-classicas-sucesso\\\/#article\",\"isPartOf\":{\"@id\":\"https:\\\/\\\/www.sabra.org.br\\\/site\\\/musicas-classicas-sucesso\\\/\"},\"author\":{\"name\":\"M\u00e1rcio Miranda Pontes\",\"@id\":\"https:\\\/\\\/www.sabra.org.br\\\/site\\\/#\\\/schema\\\/person\\\/7d1d222c3c8891d4c37c7b41bf6315c2\"},\"headline\":\"M\u00fasicas Cl\u00e1ssicas e Sucessos\",\"datePublished\":\"2020-04-12T13:15:19+00:00\",\"dateModified\":\"2025-04-20T22:26:17+00:00\",\"mainEntityOfPage\":{\"@id\":\"https:\\\/\\\/www.sabra.org.br\\\/site\\\/musicas-classicas-sucesso\\\/\"},\"wordCount\":886,\"publisher\":{\"@id\":\"https:\\\/\\\/www.sabra.org.br\\\/site\\\/#organization\"},\"image\":{\"@id\":\"https:\\\/\\\/www.sabra.org.br\\\/site\\\/musicas-classicas-sucesso\\\/#primaryimage\"},\"thumbnailUrl\":\"https:\\\/\\\/www.sabra.org.br\\\/site\\\/wp-content\\\/uploads\\\/2020\\\/04\\\/conheca-x-das-musicas-classicas-que-mais-fizerem-sucesso-nos-ultimos-anos-20191202180617.jpg.jpg\",\"keywords\":[\"Assist\u00eancia social\",\"Canto Coral\",\"Escola de M\u00fasica de Nova Lima\",\"Escola de Musica SABRA\",\"FIA\",\"IRPF 2020\",\"Musicaliza\u00e7\u00e3o Infantil\",\"Orquestra Infanto Juvenil de Betim\",\"Orquestra Sinf\u00f4nica de Betim\",\"Sociedade Art\u00edstica Brasileira\"],\"articleSection\":[\"Blog SABRA\"],\"inLanguage\":\"pt-BR\"},{\"@type\":\"WebPage\",\"@id\":\"https:\\\/\\\/www.sabra.org.br\\\/site\\\/musicas-classicas-sucesso\\\/\",\"url\":\"https:\\\/\\\/www.sabra.org.br\\\/site\\\/musicas-classicas-sucesso\\\/\",\"name\":\"M\u00fasicas Cl\u00e1ssicas que Todos Deveriam Conhecer - SABRA - Sociedade Art\u00edstica Brasileira\",\"isPartOf\":{\"@id\":\"https:\\\/\\\/www.sabra.org.br\\\/site\\\/#website\"},\"primaryImageOfPage\":{\"@id\":\"https:\\\/\\\/www.sabra.org.br\\\/site\\\/musicas-classicas-sucesso\\\/#primaryimage\"},\"image\":{\"@id\":\"https:\\\/\\\/www.sabra.org.br\\\/site\\\/musicas-classicas-sucesso\\\/#primaryimage\"},\"thumbnailUrl\":\"https:\\\/\\\/www.sabra.org.br\\\/site\\\/wp-content\\\/uploads\\\/2020\\\/04\\\/conheca-x-das-musicas-classicas-que-mais-fizerem-sucesso-nos-ultimos-anos-20191202180617.jpg.jpg\",\"datePublished\":\"2020-04-12T13:15:19+00:00\",\"dateModified\":\"2025-04-20T22:26:17+00:00\",\"description\":\"Descubra o verdadeiro poder das m\u00fasicas cl\u00e1ssicas e como elas emocionam at\u00e9 hoje no cinema e na publicidade.\",\"breadcrumb\":{\"@id\":\"https:\\\/\\\/www.sabra.org.br\\\/site\\\/musicas-classicas-sucesso\\\/#breadcrumb\"},\"inLanguage\":\"pt-BR\",\"potentialAction\":[{\"@type\":\"ReadAction\",\"target\":[\"https:\\\/\\\/www.sabra.org.br\\\/site\\\/musicas-classicas-sucesso\\\/\"]}]},{\"@type\":\"ImageObject\",\"inLanguage\":\"pt-BR\",\"@id\":\"https:\\\/\\\/www.sabra.org.br\\\/site\\\/musicas-classicas-sucesso\\\/#primaryimage\",\"url\":\"https:\\\/\\\/www.sabra.org.br\\\/site\\\/wp-content\\\/uploads\\\/2020\\\/04\\\/conheca-x-das-musicas-classicas-que-mais-fizerem-sucesso-nos-ultimos-anos-20191202180617.jpg.jpg\",\"contentUrl\":\"https:\\\/\\\/www.sabra.org.br\\\/site\\\/wp-content\\\/uploads\\\/2020\\\/04\\\/conheca-x-das-musicas-classicas-que-mais-fizerem-sucesso-nos-ultimos-anos-20191202180617.jpg.jpg\",\"width\":800,\"height\":341,\"caption\":\"Sociedade Art\u00edstica Brasileira SABRA\"},{\"@type\":\"BreadcrumbList\",\"@id\":\"https:\\\/\\\/www.sabra.org.br\\\/site\\\/musicas-classicas-sucesso\\\/#breadcrumb\",\"itemListElement\":[{\"@type\":\"ListItem\",\"position\":1,\"name\":\"In\u00edcio\",\"item\":\"https:\\\/\\\/www.sabra.org.br\\\/site\\\/\"},{\"@type\":\"ListItem\",\"position\":2,\"name\":\"M\u00fasicas Cl\u00e1ssicas e Sucessos\"}]},{\"@type\":\"WebSite\",\"@id\":\"https:\\\/\\\/www.sabra.org.br\\\/site\\\/#website\",\"url\":\"https:\\\/\\\/www.sabra.org.br\\\/site\\\/\",\"name\":\"SABRA - Sociedade Art\u00edstica Brasileira\",\"description\":\"Escola de M\u00fasica, Orquestra Sinf\u00f4nica, Coral e Patrim\u00f4nio Cultural e Hist\u00f3rico\",\"publisher\":{\"@id\":\"https:\\\/\\\/www.sabra.org.br\\\/site\\\/#organization\"},\"potentialAction\":[{\"@type\":\"SearchAction\",\"target\":{\"@type\":\"EntryPoint\",\"urlTemplate\":\"https:\\\/\\\/www.sabra.org.br\\\/site\\\/?s={search_term_string}\"},\"query-input\":{\"@type\":\"PropertyValueSpecification\",\"valueRequired\":true,\"valueName\":\"search_term_string\"}}],\"inLanguage\":\"pt-BR\"},{\"@type\":\"Organization\",\"@id\":\"https:\\\/\\\/www.sabra.org.br\\\/site\\\/#organization\",\"name\":\"SOCIEDADE ART\u00cdSTICA BRASILEIRA SABRA\",\"alternateName\":\"SABRA\",\"url\":\"https:\\\/\\\/www.sabra.org.br\\\/site\\\/\",\"logo\":{\"@type\":\"ImageObject\",\"inLanguage\":\"pt-BR\",\"@id\":\"https:\\\/\\\/www.sabra.org.br\\\/site\\\/#\\\/schema\\\/logo\\\/image\\\/\",\"url\":\"https:\\\/\\\/www.sabra.org.br\\\/site\\\/wp-content\\\/uploads\\\/2019\\\/06\\\/cropped-Logo_SABRA-Copia-1.webp\",\"contentUrl\":\"https:\\\/\\\/www.sabra.org.br\\\/site\\\/wp-content\\\/uploads\\\/2019\\\/06\\\/cropped-Logo_SABRA-Copia-1.webp\",\"width\":400,\"height\":128,\"caption\":\"SOCIEDADE ART\u00cdSTICA BRASILEIRA SABRA\"},\"image\":{\"@id\":\"https:\\\/\\\/www.sabra.org.br\\\/site\\\/#\\\/schema\\\/logo\\\/image\\\/\"},\"sameAs\":[\"https:\\\/\\\/www.facebook.com\\\/sabrabrasil\",\"https:\\\/\\\/x.com\\\/ContatoSabra\",\"https:\\\/\\\/www.instagram.com\\\/sabrabrasil\\\/\",\"https:\\\/\\\/www.linkedin.com\\\/company\\\/25002088\\\/\",\"https:\\\/\\\/br.pinterest.com\\\/sociedadeartisticabrasileira\\\/\",\"https:\\\/\\\/www.youtube.com\\\/c\\\/sabrabrasil\"]},{\"@type\":\"Person\",\"@id\":\"https:\\\/\\\/www.sabra.org.br\\\/site\\\/#\\\/schema\\\/person\\\/7d1d222c3c8891d4c37c7b41bf6315c2\",\"name\":\"M\u00e1rcio Miranda Pontes\",\"image\":{\"@type\":\"ImageObject\",\"inLanguage\":\"pt-BR\",\"@id\":\"https:\\\/\\\/secure.gravatar.com\\\/avatar\\\/3b45f24496a7625a3a6c436688fbe20344faaeb2979658dc4a9921f984d7df9a?s=96&d=mm&r=g\",\"url\":\"https:\\\/\\\/secure.gravatar.com\\\/avatar\\\/3b45f24496a7625a3a6c436688fbe20344faaeb2979658dc4a9921f984d7df9a?s=96&d=mm&r=g\",\"contentUrl\":\"https:\\\/\\\/secure.gravatar.com\\\/avatar\\\/3b45f24496a7625a3a6c436688fbe20344faaeb2979658dc4a9921f984d7df9a?s=96&d=mm&r=g\",\"caption\":\"M\u00e1rcio Miranda Pontes\"},\"sameAs\":[\"http:\\\/\\\/www.sabra.org.br\"],\"url\":\"https:\\\/\\\/www.sabra.org.br\\\/site\\\/author\\\/marcio-miranda-pontes\\\/\"}]}<\/script>\n<!-- \/ Yoast SEO plugin. -->","yoast_head_json":{"title":"M\u00fasicas Cl\u00e1ssicas que Todos Deveriam Conhecer - SABRA - Sociedade Art\u00edstica Brasileira","description":"Descubra o verdadeiro poder das m\u00fasicas cl\u00e1ssicas e como elas emocionam at\u00e9 hoje no cinema e na publicidade.","robots":{"index":"index","follow":"follow","max-snippet":"max-snippet:-1","max-image-preview":"max-image-preview:large","max-video-preview":"max-video-preview:-1"},"canonical":"https:\/\/www.sabra.org.br\/site\/musicas-classicas-sucesso\/","og_locale":"pt_BR","og_type":"article","og_title":"M\u00fasicas Cl\u00e1ssicas que Todos Deveriam Conhecer - SABRA - Sociedade Art\u00edstica Brasileira","og_description":"Descubra o verdadeiro poder das m\u00fasicas cl\u00e1ssicas e como elas emocionam at\u00e9 hoje no cinema e na publicidade.","og_url":"https:\/\/www.sabra.org.br\/site\/musicas-classicas-sucesso\/","og_site_name":"SABRA - Sociedade Art\u00edstica Brasileira","article_publisher":"https:\/\/www.facebook.com\/sabrabrasil","article_published_time":"2020-04-12T13:15:19+00:00","article_modified_time":"2025-04-20T22:26:17+00:00","og_image":[{"width":800,"height":341,"url":"https:\/\/www.sabra.org.br\/site\/wp-content\/uploads\/2020\/04\/conheca-x-das-musicas-classicas-que-mais-fizerem-sucesso-nos-ultimos-anos-20191202180617.jpg.jpg","type":"image\/jpeg"}],"author":"M\u00e1rcio Miranda Pontes","twitter_card":"summary_large_image","twitter_creator":"@ContatoSabra","twitter_site":"@ContatoSabra","twitter_misc":{"Escrito por":"M\u00e1rcio Miranda Pontes","Est. tempo de leitura":"6 minutos"},"schema":{"@context":"https:\/\/schema.org","@graph":[{"@type":"Article","@id":"https:\/\/www.sabra.org.br\/site\/musicas-classicas-sucesso\/#article","isPartOf":{"@id":"https:\/\/www.sabra.org.br\/site\/musicas-classicas-sucesso\/"},"author":{"name":"M\u00e1rcio Miranda Pontes","@id":"https:\/\/www.sabra.org.br\/site\/#\/schema\/person\/7d1d222c3c8891d4c37c7b41bf6315c2"},"headline":"M\u00fasicas Cl\u00e1ssicas e Sucessos","datePublished":"2020-04-12T13:15:19+00:00","dateModified":"2025-04-20T22:26:17+00:00","mainEntityOfPage":{"@id":"https:\/\/www.sabra.org.br\/site\/musicas-classicas-sucesso\/"},"wordCount":886,"publisher":{"@id":"https:\/\/www.sabra.org.br\/site\/#organization"},"image":{"@id":"https:\/\/www.sabra.org.br\/site\/musicas-classicas-sucesso\/#primaryimage"},"thumbnailUrl":"https:\/\/www.sabra.org.br\/site\/wp-content\/uploads\/2020\/04\/conheca-x-das-musicas-classicas-que-mais-fizerem-sucesso-nos-ultimos-anos-20191202180617.jpg.jpg","keywords":["Assist\u00eancia social","Canto Coral","Escola de M\u00fasica de Nova Lima","Escola de Musica SABRA","FIA","IRPF 2020","Musicaliza\u00e7\u00e3o Infantil","Orquestra Infanto Juvenil de Betim","Orquestra Sinf\u00f4nica de Betim","Sociedade Art\u00edstica Brasileira"],"articleSection":["Blog SABRA"],"inLanguage":"pt-BR"},{"@type":"WebPage","@id":"https:\/\/www.sabra.org.br\/site\/musicas-classicas-sucesso\/","url":"https:\/\/www.sabra.org.br\/site\/musicas-classicas-sucesso\/","name":"M\u00fasicas Cl\u00e1ssicas que Todos Deveriam Conhecer - SABRA - Sociedade Art\u00edstica Brasileira","isPartOf":{"@id":"https:\/\/www.sabra.org.br\/site\/#website"},"primaryImageOfPage":{"@id":"https:\/\/www.sabra.org.br\/site\/musicas-classicas-sucesso\/#primaryimage"},"image":{"@id":"https:\/\/www.sabra.org.br\/site\/musicas-classicas-sucesso\/#primaryimage"},"thumbnailUrl":"https:\/\/www.sabra.org.br\/site\/wp-content\/uploads\/2020\/04\/conheca-x-das-musicas-classicas-que-mais-fizerem-sucesso-nos-ultimos-anos-20191202180617.jpg.jpg","datePublished":"2020-04-12T13:15:19+00:00","dateModified":"2025-04-20T22:26:17+00:00","description":"Descubra o verdadeiro poder das m\u00fasicas cl\u00e1ssicas e como elas emocionam at\u00e9 hoje no cinema e na publicidade.","breadcrumb":{"@id":"https:\/\/www.sabra.org.br\/site\/musicas-classicas-sucesso\/#breadcrumb"},"inLanguage":"pt-BR","potentialAction":[{"@type":"ReadAction","target":["https:\/\/www.sabra.org.br\/site\/musicas-classicas-sucesso\/"]}]},{"@type":"ImageObject","inLanguage":"pt-BR","@id":"https:\/\/www.sabra.org.br\/site\/musicas-classicas-sucesso\/#primaryimage","url":"https:\/\/www.sabra.org.br\/site\/wp-content\/uploads\/2020\/04\/conheca-x-das-musicas-classicas-que-mais-fizerem-sucesso-nos-ultimos-anos-20191202180617.jpg.jpg","contentUrl":"https:\/\/www.sabra.org.br\/site\/wp-content\/uploads\/2020\/04\/conheca-x-das-musicas-classicas-que-mais-fizerem-sucesso-nos-ultimos-anos-20191202180617.jpg.jpg","width":800,"height":341,"caption":"Sociedade Art\u00edstica Brasileira SABRA"},{"@type":"BreadcrumbList","@id":"https:\/\/www.sabra.org.br\/site\/musicas-classicas-sucesso\/#breadcrumb","itemListElement":[{"@type":"ListItem","position":1,"name":"In\u00edcio","item":"https:\/\/www.sabra.org.br\/site\/"},{"@type":"ListItem","position":2,"name":"M\u00fasicas Cl\u00e1ssicas e Sucessos"}]},{"@type":"WebSite","@id":"https:\/\/www.sabra.org.br\/site\/#website","url":"https:\/\/www.sabra.org.br\/site\/","name":"SABRA - Sociedade Art\u00edstica Brasileira","description":"Escola de M\u00fasica, Orquestra Sinf\u00f4nica, Coral e Patrim\u00f4nio Cultural e Hist\u00f3rico","publisher":{"@id":"https:\/\/www.sabra.org.br\/site\/#organization"},"potentialAction":[{"@type":"SearchAction","target":{"@type":"EntryPoint","urlTemplate":"https:\/\/www.sabra.org.br\/site\/?s={search_term_string}"},"query-input":{"@type":"PropertyValueSpecification","valueRequired":true,"valueName":"search_term_string"}}],"inLanguage":"pt-BR"},{"@type":"Organization","@id":"https:\/\/www.sabra.org.br\/site\/#organization","name":"SOCIEDADE ART\u00cdSTICA BRASILEIRA SABRA","alternateName":"SABRA","url":"https:\/\/www.sabra.org.br\/site\/","logo":{"@type":"ImageObject","inLanguage":"pt-BR","@id":"https:\/\/www.sabra.org.br\/site\/#\/schema\/logo\/image\/","url":"https:\/\/www.sabra.org.br\/site\/wp-content\/uploads\/2019\/06\/cropped-Logo_SABRA-Copia-1.webp","contentUrl":"https:\/\/www.sabra.org.br\/site\/wp-content\/uploads\/2019\/06\/cropped-Logo_SABRA-Copia-1.webp","width":400,"height":128,"caption":"SOCIEDADE ART\u00cdSTICA BRASILEIRA SABRA"},"image":{"@id":"https:\/\/www.sabra.org.br\/site\/#\/schema\/logo\/image\/"},"sameAs":["https:\/\/www.facebook.com\/sabrabrasil","https:\/\/x.com\/ContatoSabra","https:\/\/www.instagram.com\/sabrabrasil\/","https:\/\/www.linkedin.com\/company\/25002088\/","https:\/\/br.pinterest.com\/sociedadeartisticabrasileira\/","https:\/\/www.youtube.com\/c\/sabrabrasil"]},{"@type":"Person","@id":"https:\/\/www.sabra.org.br\/site\/#\/schema\/person\/7d1d222c3c8891d4c37c7b41bf6315c2","name":"M\u00e1rcio Miranda Pontes","image":{"@type":"ImageObject","inLanguage":"pt-BR","@id":"https:\/\/secure.gravatar.com\/avatar\/3b45f24496a7625a3a6c436688fbe20344faaeb2979658dc4a9921f984d7df9a?s=96&d=mm&r=g","url":"https:\/\/secure.gravatar.com\/avatar\/3b45f24496a7625a3a6c436688fbe20344faaeb2979658dc4a9921f984d7df9a?s=96&d=mm&r=g","contentUrl":"https:\/\/secure.gravatar.com\/avatar\/3b45f24496a7625a3a6c436688fbe20344faaeb2979658dc4a9921f984d7df9a?s=96&d=mm&r=g","caption":"M\u00e1rcio Miranda Pontes"},"sameAs":["http:\/\/www.sabra.org.br"],"url":"https:\/\/www.sabra.org.br\/site\/author\/marcio-miranda-pontes\/"}]}},"jetpack_featured_media_url":"https:\/\/www.sabra.org.br\/site\/wp-content\/uploads\/2020\/04\/conheca-x-das-musicas-classicas-que-mais-fizerem-sucesso-nos-ultimos-anos-20191202180617.jpg.jpg","jetpack_shortlink":"https:\/\/wp.me\/p95j2Z-Jm","jetpack-related-posts":[{"id":7760,"url":"https:\/\/www.sabra.org.br\/site\/musicas-classicas-orquestras-famosas\/","url_meta":{"origin":2812,"position":0},"title":"Conhe\u00e7a as melhores m\u00fasicas cl\u00e1ssicas tocadas por orquestras famosas","author":"M\u00e1rcio Miranda Pontes","date":"3 de agosto de 2023","format":false,"excerpt":"As maiores orquestras do mundo emocionam atrav\u00e9s das obras mais famosas da m\u00fasica cl\u00e1ssica. Hist\u00f3ria e atemporalidade alimentam a cultura em concertos inesquec\u00edveis. Leia nosso texto e conhe\u00e7a as composi\u00e7\u00f5es favoritas das grandes orquestras.","rel":"","context":"Em &quot;Blog SABRA&quot;","block_context":{"text":"Blog SABRA","link":"https:\/\/www.sabra.org.br\/site\/category\/blog-sabra\/"},"img":{"alt_text":"sabra-m\u00fasica-sinfonia-cl\u00e1ssica-conhecimentos","src":"https:\/\/i0.wp.com\/www.sabra.org.br\/site\/wp-content\/uploads\/2023\/08\/conheca-as-melhores-musicas-classicas-tocadas-por-orquestras-famosasjpg-20230504105610.jpg-jpg.webp?resize=350%2C200&ssl=1","width":350,"height":200,"srcset":"https:\/\/i0.wp.com\/www.sabra.org.br\/site\/wp-content\/uploads\/2023\/08\/conheca-as-melhores-musicas-classicas-tocadas-por-orquestras-famosasjpg-20230504105610.jpg-jpg.webp?resize=350%2C200&ssl=1 1x, https:\/\/i0.wp.com\/www.sabra.org.br\/site\/wp-content\/uploads\/2023\/08\/conheca-as-melhores-musicas-classicas-tocadas-por-orquestras-famosasjpg-20230504105610.jpg-jpg.webp?resize=525%2C300&ssl=1 1.5x, https:\/\/i0.wp.com\/www.sabra.org.br\/site\/wp-content\/uploads\/2023\/08\/conheca-as-melhores-musicas-classicas-tocadas-por-orquestras-famosasjpg-20230504105610.jpg-jpg.webp?resize=700%2C400&ssl=1 2x"},"classes":[]},{"id":4882,"url":"https:\/\/www.sabra.org.br\/site\/musica-classica\/","url_meta":{"origin":2812,"position":1},"title":"Recomenda\u00e7\u00f5es de m\u00fasicas cl\u00e1ssicas para principiantes","author":"M\u00e1rcio Miranda Pontes","date":"3 de abril de 2022","format":false,"excerpt":"O universo da m\u00fasica cl\u00e1ssica \u00e9 fant\u00e1stico, mas nem todos sabem por onde come\u00e7ar. Conhe\u00e7a aqui 10 recomenda\u00e7\u00f5es de m\u00fasicas cl\u00e1ssicas para principiantes e aprecie sem pressa essas belas obras!","rel":"","context":"Em &quot;Blog SABRA&quot;","block_context":{"text":"Blog SABRA","link":"https:\/\/www.sabra.org.br\/site\/category\/blog-sabra\/"},"img":{"alt_text":"pe\u00e7as-m\u00fasica-piano-cl\u00e1ssica-orquestra-violoncelo-apreciar-obra-su\u00edte","src":"https:\/\/i0.wp.com\/www.sabra.org.br\/site\/wp-content\/uploads\/2022\/04\/recomendacoes-de-musicas-classicas-para-principiantes-20211111161807.jpg.jpg?resize=350%2C200&ssl=1","width":350,"height":200,"srcset":"https:\/\/i0.wp.com\/www.sabra.org.br\/site\/wp-content\/uploads\/2022\/04\/recomendacoes-de-musicas-classicas-para-principiantes-20211111161807.jpg.jpg?resize=350%2C200&ssl=1 1x, https:\/\/i0.wp.com\/www.sabra.org.br\/site\/wp-content\/uploads\/2022\/04\/recomendacoes-de-musicas-classicas-para-principiantes-20211111161807.jpg.jpg?resize=525%2C300&ssl=1 1.5x, https:\/\/i0.wp.com\/www.sabra.org.br\/site\/wp-content\/uploads\/2022\/04\/recomendacoes-de-musicas-classicas-para-principiantes-20211111161807.jpg.jpg?resize=700%2C400&ssl=1 2x"},"classes":[]},{"id":5192,"url":"https:\/\/www.sabra.org.br\/site\/musica-classica-famosa\/","url_meta":{"origin":2812,"position":2},"title":"Quais s\u00e3o as m\u00fasicas cl\u00e1ssicas mais famosas?","author":"M\u00e1rcio Miranda Pontes","date":"8 de junho de 2022","format":false,"excerpt":"Mesmo as pessoas que entendem pouco de m\u00fasica cl\u00e1ssica provavelmente j\u00e1 escutaram algumas das mais famosas composi\u00e7\u00f5es do g\u00eanero. Voc\u00ea duvida? Ent\u00e3o, confira conosco uma lista incr\u00edvel com pe\u00e7as que ultrapassam o tempo e espa\u00e7o.","rel":"","context":"Em &quot;Blog SABRA&quot;","block_context":{"text":"Blog SABRA","link":"https:\/\/www.sabra.org.br\/site\/category\/blog-sabra\/"},"img":{"alt_text":"classica-musica-famosa","src":"https:\/\/i0.wp.com\/www.sabra.org.br\/site\/wp-content\/uploads\/2022\/06\/quais-sao-as-musicas-classicas-mais-famosas-20220210110336.jpg.jpg?resize=350%2C200&ssl=1","width":350,"height":200,"srcset":"https:\/\/i0.wp.com\/www.sabra.org.br\/site\/wp-content\/uploads\/2022\/06\/quais-sao-as-musicas-classicas-mais-famosas-20220210110336.jpg.jpg?resize=350%2C200&ssl=1 1x, https:\/\/i0.wp.com\/www.sabra.org.br\/site\/wp-content\/uploads\/2022\/06\/quais-sao-as-musicas-classicas-mais-famosas-20220210110336.jpg.jpg?resize=525%2C300&ssl=1 1.5x, https:\/\/i0.wp.com\/www.sabra.org.br\/site\/wp-content\/uploads\/2022\/06\/quais-sao-as-musicas-classicas-mais-famosas-20220210110336.jpg.jpg?resize=700%2C400&ssl=1 2x"},"classes":[]},{"id":3170,"url":"https:\/\/www.sabra.org.br\/site\/musica-classica-violino\/","url_meta":{"origin":2812,"position":3},"title":"M\u00fasica cl\u00e1ssica com violino","author":"M\u00e1rcio Miranda Pontes","date":"16 de outubro de 2020","format":false,"excerpt":"\u00c9 comprovado cientificamente que m\u00fasica cl\u00e1ssica acalma, baixa a press\u00e3o arterial e ainda auxilia a dormir. Verifique algumas indica\u00e7\u00f5es das melhores m\u00fasicas cl\u00e1ssicas tocadas s\u00f3 em violino que preparamos para voc\u00ea.","rel":"","context":"Em &quot;Blog SABRA&quot;","block_context":{"text":"Blog SABRA","link":"https:\/\/www.sabra.org.br\/site\/category\/blog-sabra\/"},"img":{"alt_text":"musica-classica-violino","src":"https:\/\/i0.wp.com\/www.sabra.org.br\/site\/wp-content\/uploads\/2020\/10\/as-melhores-musicas-classicas-tocadas-so-com-violino-20201001161911.jpg.jpg?resize=350%2C200&ssl=1","width":350,"height":200,"srcset":"https:\/\/i0.wp.com\/www.sabra.org.br\/site\/wp-content\/uploads\/2020\/10\/as-melhores-musicas-classicas-tocadas-so-com-violino-20201001161911.jpg.jpg?resize=350%2C200&ssl=1 1x, https:\/\/i0.wp.com\/www.sabra.org.br\/site\/wp-content\/uploads\/2020\/10\/as-melhores-musicas-classicas-tocadas-so-com-violino-20201001161911.jpg.jpg?resize=525%2C300&ssl=1 1.5x, https:\/\/i0.wp.com\/www.sabra.org.br\/site\/wp-content\/uploads\/2020\/10\/as-melhores-musicas-classicas-tocadas-so-com-violino-20201001161911.jpg.jpg?resize=700%2C400&ssl=1 2x"},"classes":[]},{"id":5197,"url":"https:\/\/www.sabra.org.br\/site\/classica-instrumental\/","url_meta":{"origin":2812,"position":4},"title":"Entenda as diferen\u00e7as entre m\u00fasica cl\u00e1ssica e m\u00fasica instrumental","author":"M\u00e1rcio Miranda Pontes","date":"9 de junho de 2022","format":false,"excerpt":"Embora apresentem caracter\u00edsticas pr\u00f3prias e utilizem recursos particulares, a m\u00fasica cl\u00e1ssica e a m\u00fasica instrumental podem ser confundidas por alguns. Conhe\u00e7a um pouco mais sobre cada uma e entenda as suas diferen\u00e7as.","rel":"","context":"Em &quot;Blog SABRA&quot;","block_context":{"text":"Blog SABRA","link":"https:\/\/www.sabra.org.br\/site\/category\/blog-sabra\/"},"img":{"alt_text":"m\u00fasica-cl\u00e1ssica-instrumental-instrumenta\u00e7\u00e3o","src":"https:\/\/i0.wp.com\/www.sabra.org.br\/site\/wp-content\/uploads\/2022\/06\/entenda-as-diferencas-entre-musica-classica-e-musica-instrumental-20220210110336.jpg.jpg?resize=350%2C200&ssl=1","width":350,"height":200,"srcset":"https:\/\/i0.wp.com\/www.sabra.org.br\/site\/wp-content\/uploads\/2022\/06\/entenda-as-diferencas-entre-musica-classica-e-musica-instrumental-20220210110336.jpg.jpg?resize=350%2C200&ssl=1 1x, https:\/\/i0.wp.com\/www.sabra.org.br\/site\/wp-content\/uploads\/2022\/06\/entenda-as-diferencas-entre-musica-classica-e-musica-instrumental-20220210110336.jpg.jpg?resize=525%2C300&ssl=1 1.5x, https:\/\/i0.wp.com\/www.sabra.org.br\/site\/wp-content\/uploads\/2022\/06\/entenda-as-diferencas-entre-musica-classica-e-musica-instrumental-20220210110336.jpg.jpg?resize=700%2C400&ssl=1 2x"},"classes":[]},{"id":3802,"url":"https:\/\/www.sabra.org.br\/site\/ouvir\/","url_meta":{"origin":2812,"position":5},"title":"Entenda porque ouvir m\u00fasica cl\u00e1ssica pode fazer bem para sua sa\u00fade","author":"M\u00e1rcio Miranda Pontes","date":"16 de abril de 2021","format":false,"excerpt":"Entenda porque ouvir m\u00fasica cl\u00e1ssica pode fazer bem para sua sa\u00fade Ouvir m\u00fasicas faz bem ao nosso corpo e alma. As cl\u00e1ssicas podem ter um efeito ainda mais consider\u00e1veis em nosso organismo. Elas n\u00e3o servem apenas para ajudar a relaxar. Confira a seguir os benef\u00edcios oferecidos por estas belas melodias.","rel":"","context":"Em &quot;Blog SABRA&quot;","block_context":{"text":"Blog SABRA","link":"https:\/\/www.sabra.org.br\/site\/category\/blog-sabra\/"},"img":{"alt_text":"ouvir-m\u00fasica-cl\u00e1ssica","src":"https:\/\/i0.wp.com\/www.sabra.org.br\/site\/wp-content\/uploads\/2021\/04\/entenda-porque-ouvir-musica-classica-pode-fazer-bem-para-sua-saude-20210203092956.jpg.jpg?resize=350%2C200&ssl=1","width":350,"height":200,"srcset":"https:\/\/i0.wp.com\/www.sabra.org.br\/site\/wp-content\/uploads\/2021\/04\/entenda-porque-ouvir-musica-classica-pode-fazer-bem-para-sua-saude-20210203092956.jpg.jpg?resize=350%2C200&ssl=1 1x, https:\/\/i0.wp.com\/www.sabra.org.br\/site\/wp-content\/uploads\/2021\/04\/entenda-porque-ouvir-musica-classica-pode-fazer-bem-para-sua-saude-20210203092956.jpg.jpg?resize=525%2C300&ssl=1 1.5x, https:\/\/i0.wp.com\/www.sabra.org.br\/site\/wp-content\/uploads\/2021\/04\/entenda-porque-ouvir-musica-classica-pode-fazer-bem-para-sua-saude-20210203092956.jpg.jpg?resize=700%2C400&ssl=1 2x"},"classes":[]}],"jetpack_likes_enabled":true,"jetpack_sharing_enabled":true,"_links":{"self":[{"href":"https:\/\/www.sabra.org.br\/site\/wp-json\/wp\/v2\/posts\/2812","targetHints":{"allow":["GET"]}}],"collection":[{"href":"https:\/\/www.sabra.org.br\/site\/wp-json\/wp\/v2\/posts"}],"about":[{"href":"https:\/\/www.sabra.org.br\/site\/wp-json\/wp\/v2\/types\/post"}],"author":[{"embeddable":true,"href":"https:\/\/www.sabra.org.br\/site\/wp-json\/wp\/v2\/users\/39"}],"replies":[{"embeddable":true,"href":"https:\/\/www.sabra.org.br\/site\/wp-json\/wp\/v2\/comments?post=2812"}],"version-history":[{"count":0,"href":"https:\/\/www.sabra.org.br\/site\/wp-json\/wp\/v2\/posts\/2812\/revisions"}],"wp:featuredmedia":[{"embeddable":true,"href":"https:\/\/www.sabra.org.br\/site\/wp-json\/wp\/v2\/media\/2814"}],"wp:attachment":[{"href":"https:\/\/www.sabra.org.br\/site\/wp-json\/wp\/v2\/media?parent=2812"}],"wp:term":[{"taxonomy":"category","embeddable":true,"href":"https:\/\/www.sabra.org.br\/site\/wp-json\/wp\/v2\/categories?post=2812"},{"taxonomy":"post_tag","embeddable":true,"href":"https:\/\/www.sabra.org.br\/site\/wp-json\/wp\/v2\/tags?post=2812"}],"curies":[{"name":"wp","href":"https:\/\/api.w.org\/{rel}","templated":true}]}}