{"id":2843,"date":"2020-04-18T18:39:00","date_gmt":"2020-04-18T21:39:00","guid":{"rendered":"https:\/\/www.sabra.org.br\/site\/?p=2843"},"modified":"2020-04-18T18:39:00","modified_gmt":"2020-04-18T21:39:00","slug":"patrimonio-historico","status":"publish","type":"post","link":"https:\/\/www.sabra.org.br\/site\/patrimonio-historico\/","title":{"rendered":"Patrim\u00f4nio Hist\u00f3rico"},"content":{"rendered":"<h2>Qual a import\u00e2ncia dos patrim\u00f4nios hist\u00f3ricos para a nossa sociedade?<\/h2>\n<p>A identidade de uma sociedade encontra-se em seus <strong>Patrim\u00f4nios Hist\u00f3ricos.<\/strong> Trata-se de um registro de toda a hist\u00f3ria, sejam os seus costumes, comportamento e caracter\u00edsticas. Isso \u00e9 fundamental, principalmente, para as novas gera\u00e7\u00f5es, pois s\u00f3 assim \u00e9 poss\u00edvel ter conhecimento sobre o passado de seus ancestrais.<\/p>\n<p>Muitos historiadores e pesquisadores tem demonstrado muita preocupa\u00e7\u00e3o com rela\u00e7\u00e3o \u00e0 <strong>preserva\u00e7\u00e3o e mem\u00f3ria dos Patrim\u00f4nios Hist\u00f3ricos<\/strong>. Isso ocorre para que n\u00e3o haja um esquecimento da nossa identidade. Para compreender o nosso passado, \u00e9 preciso ter total acesso sobre como eram as coisas de uma determinada na\u00e7\u00e3o, cidade e grupo social.<\/p>\n<p>Em resumo, o Patrim\u00f4nio Hist\u00f3rico \u00e9 a jun\u00e7\u00e3o de todos os bens materiais e naturais que possuem uma import\u00e2ncia em nossa sociedade. Dentro deste conceito est\u00e3o inclusos, pr\u00e9dios, igrejas, ru\u00ednas, esculturas, est\u00e1tuas, centros hist\u00f3ricos, entre outros.<\/p>\n<h2>O quanto essa preserva\u00e7\u00e3o \u00e9 importante?<\/h2>\n<p>Ao longo do tempo, este itens foram constru\u00eddos pela sociedade e dessa forma est\u00e3o relacionados a forma de vida dela neste per\u00edodo. Por meio deste patrim\u00f4nio, podemos identificar a nossa hist\u00f3ria e tudo mais que esteja envolvido nela. Por este motivo, atualmente, existem milhares de \u00f3rg\u00e3os que tentam preservar esse nosso passado.<\/p>\n<h2>Patrim\u00f4nio hist\u00f3rico brasileiro<\/h2>\n<p>Em nosso pa\u00eds, existe um \u00f3rg\u00e3o que cuida dessa preserva\u00e7\u00e3o, o<strong> Iphan<\/strong> (Instituto do Patrim\u00f4nio Hist\u00f3rico e Art\u00edstico Nacional). Seu objetivo \u00e9 assegurar a integridade dos patrim\u00f4nios em solo brasileiro e garantir assim um peda\u00e7o de nossa hist\u00f3ria.<\/p>\n<p>Para isso, muitas vezes \u00e9 preciso &#8220;tombar&#8221; determinados bens, isso ocorre quando h\u00e1 um estimado valor hist\u00f3rico e\/ou cultural.<\/p>\n<p>Ap\u00f3s este tombamento, fica proibido qualquer tipo de reforma ou demoli\u00e7\u00e3o nestes locais. Por\u00e9m \u00e9 permitido manuten\u00e7\u00e3o ou restaura\u00e7\u00e3o, desde que sejam mantidas as configura\u00e7\u00f5es originais.<\/p>\n<p>Por ser um pa\u00eds de vasto territ\u00f3rio, temos uma grande quantidade de patrim\u00f4nios tombados, s\u00e3o alguns deles: Centro Hist\u00f3rico de Olinda, Centro Hist\u00f3rico de Salvador, Esta\u00e7\u00e3o da Luz em S\u00e3o Paulo, Universidade Federal do Paran\u00e1 em Curitiba, Cristo Redentor no Rio de Janeiro, Pelourinho na Bahia, entre outros.<\/p>\n<p>Existem tamb\u00e9m os patrim\u00f4nios da humanidade. Segue alguns: Coliseu de Roma na It\u00e1lia, Pir\u00e2mides do Egito na \u00c1frica, Muralha da China, etc.<\/p>\n<h2>Maiores desafios<\/h2>\n<p>Infelizmente, o tombamento e a preserva\u00e7\u00e3o n\u00e3o s\u00e3o bem vistos por todo mundo. Muitas pessoas acreditam que se trata de um retrocesso, pois o certo, para elas, seria modernizar tudo. Existem muitos casos de locais hist\u00f3ricos que acabam sendo abandonados ou at\u00e9 mesmo demolidos, deixando para tr\u00e1s muito valor hist\u00f3rico.<\/p>\n<p>De forma geral, n\u00e3o podemos ser contra nenhum tipo de progresso, pois o desenvolvimento \u00e9 de extrema import\u00e2ncia para a sociedade.<\/p>\n<p>Novas constru\u00e7\u00f5es e paisagens podem e devem surgir, por\u00e9m isso n\u00e3o significa abrir m\u00e3o de nosso passado. \u00c9 mais do que poss\u00edvel manter uma harmonia entre essas duas vertentes.<\/p>\n<p>Perder um patrim\u00f4nio, significa abrir m\u00e3o de nossa identidade e de nossa cultura. Imagine como a sociedade seria se n\u00e3o tiv\u00e9ssemos uma base sobre a hist\u00f3ria de nossa cidade, pa\u00eds e antepassados.<\/p>\n<p>Devemos nos lembrar que muito j\u00e1 foi perdido e n\u00e3o h\u00e1 o que fazer, por\u00e9m devemos cuidar do que restou e conscientizar a popula\u00e7\u00e3o.<\/p>\n<hr \/>\n<h2>FIA &#8211; IRPF 2020 &#8211;\u00a0DOE PARA A SABRA.<\/h2>\n<p>Voc\u00ea escolhe onde parte de seu imposto de renda ser\u00e1 aplicado.<\/p>\n<p>Junto com a SABRA, seus projetos e a\u00e7\u00f5es voc\u00ea vai ajudar a transformar vidas.<\/p>\n<p>Sem custos para voc\u00ea e n\u00e3o interfere em outras dedu\u00e7\u00f5es.<\/p>\n<p>Aproveite o tempo de quarentena do Covid-19 para fazer sua declara\u00e7\u00e3o IRPF 2020.<\/p>\n<h2>Veja como \u00e9 f\u00e1cil: s\u00e3o poucos passos!<\/h2>\n<p>1 \u2013 Ap\u00f3s preencher e conferir sua declara\u00e7\u00e3o no programa da Receita Federal e antes de remete-la, cliquar na aba \u201cDoa\u00e7\u00f5es Diretamente na Declara\u00e7\u00e3o\u201d e clicar em \u201cNovo\u201d<\/p>\n<p><img fetchpriority=\"high\" decoding=\"async\" data-attachment-id=\"2440\" data-permalink=\"https:\/\/www.sabra.org.br\/site\/imposto-de-renda\/01-novo-2\/\" data-orig-file=\"https:\/\/www.sabra.org.br\/site\/wp-content\/uploads\/2020\/02\/01-Novo-1.jpg\" data-orig-size=\"1366,728\" data-comments-opened=\"1\" data-image-meta=\"{&quot;aperture&quot;:&quot;0&quot;,&quot;credit&quot;:&quot;&quot;,&quot;camera&quot;:&quot;&quot;,&quot;caption&quot;:&quot;&quot;,&quot;created_timestamp&quot;:&quot;0&quot;,&quot;copyright&quot;:&quot;&quot;,&quot;focal_length&quot;:&quot;0&quot;,&quot;iso&quot;:&quot;0&quot;,&quot;shutter_speed&quot;:&quot;0&quot;,&quot;title&quot;:&quot;&quot;,&quot;orientation&quot;:&quot;0&quot;}\" data-image-title=\"01-Novo\" data-image-description=\"&lt;p&gt;Sociedade Art\u00edstica Brasileira&lt;\/p&gt;\n\" data-image-caption=\"&lt;p&gt;FIA &amp;#8211; Fundo da Inf\u00e2ncia e Adolesc\u00eancia&lt;\/p&gt;\n\" data-large-file=\"https:\/\/www.sabra.org.br\/site\/wp-content\/uploads\/2020\/02\/01-Novo-1-1024x546.jpg\" class=\"alignnone wp-image-2440 size-full\" src=\"https:\/\/www.sabra.org.br\/site\/wp-content\/uploads\/2020\/02\/01-Novo-1.jpg\" alt=\"FIA - Fundo da Inf\u00e2ncia e Adolesc\u00eancia\" width=\"1366\" height=\"728\" srcset=\"https:\/\/www.sabra.org.br\/site\/wp-content\/uploads\/2020\/02\/01-Novo-1.jpg 1366w, https:\/\/www.sabra.org.br\/site\/wp-content\/uploads\/2020\/02\/01-Novo-1-300x160.jpg 300w, https:\/\/www.sabra.org.br\/site\/wp-content\/uploads\/2020\/02\/01-Novo-1-1024x546.jpg 1024w, https:\/\/www.sabra.org.br\/site\/wp-content\/uploads\/2020\/02\/01-Novo-1-768x409.jpg 768w\" sizes=\"(max-width: 1366px) 100vw, 1366px\" \/><\/p>\n<p>2 \u2013 Selecionar as op\u00e7\u00f5es: Municipal, Estado (MG \u2013 Minas Gerais) e Munic\u00edpio (Betim &#8211; 21.101.865\/0001-14);<\/p>\n<p><img decoding=\"async\" data-attachment-id=\"2438\" data-permalink=\"https:\/\/www.sabra.org.br\/site\/imposto-de-renda\/02-municipio\/\" data-orig-file=\"https:\/\/www.sabra.org.br\/site\/wp-content\/uploads\/2020\/02\/02-munic\u00edpio.jpg\" data-orig-size=\"1366,728\" data-comments-opened=\"1\" data-image-meta=\"{&quot;aperture&quot;:&quot;0&quot;,&quot;credit&quot;:&quot;&quot;,&quot;camera&quot;:&quot;&quot;,&quot;caption&quot;:&quot;&quot;,&quot;created_timestamp&quot;:&quot;0&quot;,&quot;copyright&quot;:&quot;&quot;,&quot;focal_length&quot;:&quot;0&quot;,&quot;iso&quot;:&quot;0&quot;,&quot;shutter_speed&quot;:&quot;0&quot;,&quot;title&quot;:&quot;&quot;,&quot;orientation&quot;:&quot;0&quot;}\" data-image-title=\"02-munic\u00edpio\" data-image-description=\"&lt;p&gt;Sociedade Art\u00edstica Brasileira&lt;\/p&gt;\n\" data-image-caption=\"&lt;p&gt;FIA &amp;#8211; Fundo da Inf\u00e2ncia e Adolesc\u00eancia&lt;\/p&gt;\n\" data-large-file=\"https:\/\/www.sabra.org.br\/site\/wp-content\/uploads\/2020\/02\/02-munic\u00edpio-1024x546.jpg\" class=\"alignnone wp-image-2438 size-full\" src=\"https:\/\/www.sabra.org.br\/site\/wp-content\/uploads\/2020\/02\/02-munic\u00edpio.jpg\" alt=\"FIA - Fundo da Inf\u00e2ncia e Adolesc\u00eancia\" width=\"1366\" height=\"728\" srcset=\"https:\/\/www.sabra.org.br\/site\/wp-content\/uploads\/2020\/02\/02-munic\u00edpio.jpg 1366w, https:\/\/www.sabra.org.br\/site\/wp-content\/uploads\/2020\/02\/02-munic\u00edpio-300x160.jpg 300w, https:\/\/www.sabra.org.br\/site\/wp-content\/uploads\/2020\/02\/02-munic\u00edpio-1024x546.jpg 1024w, https:\/\/www.sabra.org.br\/site\/wp-content\/uploads\/2020\/02\/02-munic\u00edpio-768x409.jpg 768w\" sizes=\"(max-width: 1366px) 100vw, 1366px\" \/><\/p>\n<p>3 \u2013 Verificar o \u201cValor Dispon\u00edvel para Destina\u00e7\u00e3o\u201d e copiar o n\u00famero para o campo \u201cValor\u201d (valor da doa\u00e7\u00e3o);<\/p>\n<p><img decoding=\"async\" data-attachment-id=\"2439\" data-permalink=\"https:\/\/www.sabra.org.br\/site\/imposto-de-renda\/03-valor-2\/\" data-orig-file=\"https:\/\/www.sabra.org.br\/site\/wp-content\/uploads\/2020\/02\/03-valor-1.jpg\" data-orig-size=\"1366,726\" data-comments-opened=\"1\" data-image-meta=\"{&quot;aperture&quot;:&quot;0&quot;,&quot;credit&quot;:&quot;&quot;,&quot;camera&quot;:&quot;&quot;,&quot;caption&quot;:&quot;&quot;,&quot;created_timestamp&quot;:&quot;0&quot;,&quot;copyright&quot;:&quot;&quot;,&quot;focal_length&quot;:&quot;0&quot;,&quot;iso&quot;:&quot;0&quot;,&quot;shutter_speed&quot;:&quot;0&quot;,&quot;title&quot;:&quot;&quot;,&quot;orientation&quot;:&quot;0&quot;}\" data-image-title=\"03-valor\" data-image-description=\"&lt;p&gt;Sociedade Art\u00edstica Brasileira&lt;\/p&gt;\n\" data-image-caption=\"&lt;p&gt;FIA &amp;#8211; Fundo da Inf\u00e2ncia e Adolesc\u00eancia&lt;\/p&gt;\n\" data-large-file=\"https:\/\/www.sabra.org.br\/site\/wp-content\/uploads\/2020\/02\/03-valor-1-1024x544.jpg\" class=\"alignnone wp-image-2439 size-full\" src=\"https:\/\/www.sabra.org.br\/site\/wp-content\/uploads\/2020\/02\/03-valor-1.jpg\" alt=\"FIA - Fundo da Inf\u00e2ncia e Adolesc\u00eancia\" width=\"1366\" height=\"726\" srcset=\"https:\/\/www.sabra.org.br\/site\/wp-content\/uploads\/2020\/02\/03-valor-1.jpg 1366w, https:\/\/www.sabra.org.br\/site\/wp-content\/uploads\/2020\/02\/03-valor-1-300x159.jpg 300w, https:\/\/www.sabra.org.br\/site\/wp-content\/uploads\/2020\/02\/03-valor-1-1024x544.jpg 1024w, https:\/\/www.sabra.org.br\/site\/wp-content\/uploads\/2020\/02\/03-valor-1-768x408.jpg 768w\" sizes=\"(max-width: 1366px) 100vw, 1366px\" \/><\/p>\n<p>4 \u2013 Ap\u00f3s clicar em \u201cOK\u201d \u00e9 preciso selecionar a aba \u201cDarf \u2013 Doa\u00e7\u00f5es Diretamente na Declara\u00e7\u00e3o \u2013 ECA\u201d, imprimir o documento e realizar o pagamento at\u00e9 a data de vencimento.<\/p>\n<p>5 \u2013 Para finalizar, digitalizar o comprovante de pagamento do DARF e enviar para o Conselho da Crian\u00e7a e Adolescente de Betim (cmdcafiabetim@gmail.com) com c\u00f3pia para a SABRA (sabra@sabra.org.br). Na mensagem informar que a doa\u00e7\u00e3o dever\u00e1 ser destinada \u00e0 Sociedade Art\u00edstica Brasileira SABRA.<\/p>\n<p>6 \u2013 Pronto! Voc\u00ea acabou de transformar vidas!<\/p>\n<h2>Se voc\u00ea gostou deste post:<\/h2>\n<p>&#8211; SIGA as nossas p\u00e1ginas nas redes sociais para acompanhar as nossas atualiza\u00e7\u00f5es: estamos no <a href=\"https:\/\/www.facebook.com\/sabrabrasil\" target=\"_blank\" rel=\"noopener noreferrer\">Facebook<\/a>, no <a href=\"https:\/\/www.instagram.com\/sabrabrasil\/\" target=\"_blank\" rel=\"noopener noreferrer\">Instagram<\/a>, no <a href=\"https:\/\/www.linkedin.com\/company\/25002088\" target=\"_blank\" rel=\"noopener noreferrer\">LinkedIn<\/a>, no <a href=\"https:\/\/twitter.com\/ContatoSabra\" target=\"_blank\" rel=\"noopener noreferrer\">Twitter<\/a> e no <a href=\"https:\/\/www.youtube.com\/channel\/UCJw-kbuEvzUNdeQf20Pa-eQ\" target=\"_blank\" rel=\"noopener noreferrer\">YouTube<\/a>!<\/p>\n<p>&#8211; CONHE\u00c7A o trabalho da Sociedade Art\u00edstica Brasileira (SABRA) e todas as iniciativas culturais e sociais que ela mant\u00e9m. <a href=\"https:\/\/www.sabra.org.br\/site\/acoes\/\" target=\"_blank\" rel=\"noopener noreferrer\">Acesse nosso site!<\/a><\/p>\n<p>&#8211; ENTRE EM CONTATO com a gente. E veja quais s\u00e3o as op\u00e7\u00f5es de ajuda na manuten\u00e7\u00e3o de nossas a\u00e7\u00f5es sociais e culturais. Basta acessar nossa p\u00e1gina <a href=\"https:\/\/www.sabra.org.br\/site\/doe-agora\/\" target=\"_blank\" rel=\"noopener noreferrer\">Doe Agora!<\/a><\/p>\n<p>&#8211; COMPARTILHE este texto nas suas redes sociais e ajude os seus amigos a tamb\u00e9m dominarem o assunto!<\/p>\n","protected":false},"excerpt":{"rendered":"<p>Desde a \u00e9poca da escola, durante as aulas de Hist\u00f3ria, descobrimos o quanto \u00e9 importante preservar nosso passado. Sem ele, fica imposs\u00edvel conhecer nossa sociedade nos dias de hoje. Nossos Patrim\u00f4nios Hist\u00f3ricos servem para nos ajudar a identificar de onde viemos e para onde vamos.<\/p>\n","protected":false},"author":39,"featured_media":2844,"comment_status":"closed","ping_status":"closed","sticky":false,"template":"","format":"standard","meta":{"jetpack_post_was_ever_published":false,"_jetpack_newsletter_access":"","_jetpack_dont_email_post_to_subs":false,"_jetpack_newsletter_tier_id":0,"_jetpack_memberships_contains_paywalled_content":false,"_jetpack_memberships_contains_paid_content":false,"footnotes":""},"categories":[1],"tags":[15,8,1846,1285,1047,2762,16,1286,11,9],"class_list":["post-2843","post","type-post","status-publish","format-standard","has-post-thumbnail","hentry","category-blog-sabra","tag-assistencia-social","tag-canto-coral","tag-escola-de-musica-de-nova-lima","tag-escola-de-musica-sabra","tag-fia","tag-irpf-2020","tag-musicalizacao-infantil","tag-orquestra-infanto-juvenil-de-betim","tag-orquestra-sinfonica-de-betim","tag-sociedade-artistica-brasileira"],"yoast_head":"<!-- This site is optimized with the Yoast SEO plugin v27.5 - https:\/\/yoast.com\/product\/yoast-seo-wordpress\/ -->\n<title>Patrim\u00f4nio Hist\u00f3rico - SABRA - Sociedade Art\u00edstica Brasileira<\/title>\n<meta name=\"description\" content=\"Desde a \u00e9poca da escola descobrimos o quanto \u00e9 importante preservar nosso passado. Nosso patrim\u00f4nio hist\u00f3rico nos permite conhecer nossa sociedade.\" \/>\n<meta name=\"robots\" content=\"index, follow, max-snippet:-1, max-image-preview:large, max-video-preview:-1\" \/>\n<link rel=\"canonical\" href=\"https:\/\/www.sabra.org.br\/site\/patrimonio-historico\/\" \/>\n<meta property=\"og:locale\" content=\"pt_BR\" \/>\n<meta property=\"og:type\" content=\"article\" \/>\n<meta property=\"og:title\" content=\"Patrim\u00f4nio Hist\u00f3rico - SABRA - Sociedade Art\u00edstica Brasileira\" \/>\n<meta property=\"og:description\" content=\"Desde a \u00e9poca da escola descobrimos o quanto \u00e9 importante preservar nosso passado. Nosso patrim\u00f4nio hist\u00f3rico nos permite conhecer nossa sociedade.\" \/>\n<meta property=\"og:url\" content=\"https:\/\/www.sabra.org.br\/site\/patrimonio-historico\/\" \/>\n<meta property=\"og:site_name\" content=\"SABRA - Sociedade Art\u00edstica Brasileira\" \/>\n<meta property=\"article:publisher\" content=\"https:\/\/www.facebook.com\/sabrabrasil\" \/>\n<meta property=\"article:published_time\" content=\"2020-04-18T21:39:00+00:00\" \/>\n<meta property=\"og:image\" content=\"https:\/\/i0.wp.com\/www.sabra.org.br\/site\/wp-content\/uploads\/2020\/04\/qual-a-importancia-dos-patrimonios-historicos-para-a-nossa-sociedade-20191202180617.jpg.jpg?fit=800%2C534&ssl=1\" \/>\n\t<meta property=\"og:image:width\" content=\"800\" \/>\n\t<meta property=\"og:image:height\" content=\"534\" \/>\n\t<meta property=\"og:image:type\" content=\"image\/jpeg\" \/>\n<meta name=\"author\" content=\"M\u00e1rcio Miranda Pontes\" \/>\n<meta name=\"twitter:card\" content=\"summary_large_image\" \/>\n<meta name=\"twitter:creator\" content=\"@ContatoSabra\" \/>\n<meta name=\"twitter:site\" content=\"@ContatoSabra\" \/>\n<meta name=\"twitter:label1\" content=\"Escrito por\" \/>\n\t<meta name=\"twitter:data1\" content=\"M\u00e1rcio Miranda Pontes\" \/>\n\t<meta name=\"twitter:label2\" content=\"Est. tempo de leitura\" \/>\n\t<meta name=\"twitter:data2\" content=\"5 minutos\" \/>\n<script type=\"application\/ld+json\" class=\"yoast-schema-graph\">{\"@context\":\"https:\\\/\\\/schema.org\",\"@graph\":[{\"@type\":\"Article\",\"@id\":\"https:\\\/\\\/www.sabra.org.br\\\/site\\\/patrimonio-historico\\\/#article\",\"isPartOf\":{\"@id\":\"https:\\\/\\\/www.sabra.org.br\\\/site\\\/patrimonio-historico\\\/\"},\"author\":{\"name\":\"M\u00e1rcio Miranda Pontes\",\"@id\":\"https:\\\/\\\/www.sabra.org.br\\\/site\\\/#\\\/schema\\\/person\\\/7d1d222c3c8891d4c37c7b41bf6315c2\"},\"headline\":\"Patrim\u00f4nio Hist\u00f3rico\",\"datePublished\":\"2020-04-18T21:39:00+00:00\",\"mainEntityOfPage\":{\"@id\":\"https:\\\/\\\/www.sabra.org.br\\\/site\\\/patrimonio-historico\\\/\"},\"wordCount\":921,\"publisher\":{\"@id\":\"https:\\\/\\\/www.sabra.org.br\\\/site\\\/#organization\"},\"image\":{\"@id\":\"https:\\\/\\\/www.sabra.org.br\\\/site\\\/patrimonio-historico\\\/#primaryimage\"},\"thumbnailUrl\":\"https:\\\/\\\/www.sabra.org.br\\\/site\\\/wp-content\\\/uploads\\\/2020\\\/04\\\/qual-a-importancia-dos-patrimonios-historicos-para-a-nossa-sociedade-20191202180617.jpg.jpg\",\"keywords\":[\"Assist\u00eancia social\",\"Canto Coral\",\"Escola de M\u00fasica de Nova Lima\",\"Escola de Musica SABRA\",\"FIA\",\"IRPF 2020\",\"Musicaliza\u00e7\u00e3o Infantil\",\"Orquestra Infanto Juvenil de Betim\",\"Orquestra Sinf\u00f4nica de Betim\",\"Sociedade Art\u00edstica Brasileira\"],\"articleSection\":[\"Blog SABRA\"],\"inLanguage\":\"pt-BR\"},{\"@type\":\"WebPage\",\"@id\":\"https:\\\/\\\/www.sabra.org.br\\\/site\\\/patrimonio-historico\\\/\",\"url\":\"https:\\\/\\\/www.sabra.org.br\\\/site\\\/patrimonio-historico\\\/\",\"name\":\"Patrim\u00f4nio Hist\u00f3rico - SABRA - Sociedade Art\u00edstica Brasileira\",\"isPartOf\":{\"@id\":\"https:\\\/\\\/www.sabra.org.br\\\/site\\\/#website\"},\"primaryImageOfPage\":{\"@id\":\"https:\\\/\\\/www.sabra.org.br\\\/site\\\/patrimonio-historico\\\/#primaryimage\"},\"image\":{\"@id\":\"https:\\\/\\\/www.sabra.org.br\\\/site\\\/patrimonio-historico\\\/#primaryimage\"},\"thumbnailUrl\":\"https:\\\/\\\/www.sabra.org.br\\\/site\\\/wp-content\\\/uploads\\\/2020\\\/04\\\/qual-a-importancia-dos-patrimonios-historicos-para-a-nossa-sociedade-20191202180617.jpg.jpg\",\"datePublished\":\"2020-04-18T21:39:00+00:00\",\"description\":\"Desde a \u00e9poca da escola descobrimos o quanto \u00e9 importante preservar nosso passado. Nosso patrim\u00f4nio hist\u00f3rico nos permite conhecer nossa sociedade.\",\"breadcrumb\":{\"@id\":\"https:\\\/\\\/www.sabra.org.br\\\/site\\\/patrimonio-historico\\\/#breadcrumb\"},\"inLanguage\":\"pt-BR\",\"potentialAction\":[{\"@type\":\"ReadAction\",\"target\":[\"https:\\\/\\\/www.sabra.org.br\\\/site\\\/patrimonio-historico\\\/\"]}]},{\"@type\":\"ImageObject\",\"inLanguage\":\"pt-BR\",\"@id\":\"https:\\\/\\\/www.sabra.org.br\\\/site\\\/patrimonio-historico\\\/#primaryimage\",\"url\":\"https:\\\/\\\/www.sabra.org.br\\\/site\\\/wp-content\\\/uploads\\\/2020\\\/04\\\/qual-a-importancia-dos-patrimonios-historicos-para-a-nossa-sociedade-20191202180617.jpg.jpg\",\"contentUrl\":\"https:\\\/\\\/www.sabra.org.br\\\/site\\\/wp-content\\\/uploads\\\/2020\\\/04\\\/qual-a-importancia-dos-patrimonios-historicos-para-a-nossa-sociedade-20191202180617.jpg.jpg\",\"width\":800,\"height\":534,\"caption\":\"Sociedade Art\u00edstica Brasileira SABRA\"},{\"@type\":\"BreadcrumbList\",\"@id\":\"https:\\\/\\\/www.sabra.org.br\\\/site\\\/patrimonio-historico\\\/#breadcrumb\",\"itemListElement\":[{\"@type\":\"ListItem\",\"position\":1,\"name\":\"In\u00edcio\",\"item\":\"https:\\\/\\\/www.sabra.org.br\\\/site\\\/\"},{\"@type\":\"ListItem\",\"position\":2,\"name\":\"Patrim\u00f4nio Hist\u00f3rico\"}]},{\"@type\":\"WebSite\",\"@id\":\"https:\\\/\\\/www.sabra.org.br\\\/site\\\/#website\",\"url\":\"https:\\\/\\\/www.sabra.org.br\\\/site\\\/\",\"name\":\"SABRA - Sociedade Art\u00edstica Brasileira\",\"description\":\"Escola de M\u00fasica, Orquestra Sinf\u00f4nica, Coral e Patrim\u00f4nio Cultural e Hist\u00f3rico\",\"publisher\":{\"@id\":\"https:\\\/\\\/www.sabra.org.br\\\/site\\\/#organization\"},\"potentialAction\":[{\"@type\":\"SearchAction\",\"target\":{\"@type\":\"EntryPoint\",\"urlTemplate\":\"https:\\\/\\\/www.sabra.org.br\\\/site\\\/?s={search_term_string}\"},\"query-input\":{\"@type\":\"PropertyValueSpecification\",\"valueRequired\":true,\"valueName\":\"search_term_string\"}}],\"inLanguage\":\"pt-BR\"},{\"@type\":\"Organization\",\"@id\":\"https:\\\/\\\/www.sabra.org.br\\\/site\\\/#organization\",\"name\":\"SOCIEDADE ART\u00cdSTICA BRASILEIRA SABRA\",\"alternateName\":\"SABRA\",\"url\":\"https:\\\/\\\/www.sabra.org.br\\\/site\\\/\",\"logo\":{\"@type\":\"ImageObject\",\"inLanguage\":\"pt-BR\",\"@id\":\"https:\\\/\\\/www.sabra.org.br\\\/site\\\/#\\\/schema\\\/logo\\\/image\\\/\",\"url\":\"https:\\\/\\\/www.sabra.org.br\\\/site\\\/wp-content\\\/uploads\\\/2019\\\/06\\\/cropped-Logo_SABRA-Copia-1.webp\",\"contentUrl\":\"https:\\\/\\\/www.sabra.org.br\\\/site\\\/wp-content\\\/uploads\\\/2019\\\/06\\\/cropped-Logo_SABRA-Copia-1.webp\",\"width\":400,\"height\":128,\"caption\":\"SOCIEDADE ART\u00cdSTICA BRASILEIRA SABRA\"},\"image\":{\"@id\":\"https:\\\/\\\/www.sabra.org.br\\\/site\\\/#\\\/schema\\\/logo\\\/image\\\/\"},\"sameAs\":[\"https:\\\/\\\/www.facebook.com\\\/sabrabrasil\",\"https:\\\/\\\/x.com\\\/ContatoSabra\",\"https:\\\/\\\/www.instagram.com\\\/sabrabrasil\\\/\",\"https:\\\/\\\/www.linkedin.com\\\/company\\\/25002088\\\/\",\"https:\\\/\\\/br.pinterest.com\\\/sociedadeartisticabrasileira\\\/\",\"https:\\\/\\\/www.youtube.com\\\/c\\\/sabrabrasil\"]},{\"@type\":\"Person\",\"@id\":\"https:\\\/\\\/www.sabra.org.br\\\/site\\\/#\\\/schema\\\/person\\\/7d1d222c3c8891d4c37c7b41bf6315c2\",\"name\":\"M\u00e1rcio Miranda Pontes\",\"image\":{\"@type\":\"ImageObject\",\"inLanguage\":\"pt-BR\",\"@id\":\"https:\\\/\\\/secure.gravatar.com\\\/avatar\\\/3b45f24496a7625a3a6c436688fbe20344faaeb2979658dc4a9921f984d7df9a?s=96&d=mm&r=g\",\"url\":\"https:\\\/\\\/secure.gravatar.com\\\/avatar\\\/3b45f24496a7625a3a6c436688fbe20344faaeb2979658dc4a9921f984d7df9a?s=96&d=mm&r=g\",\"contentUrl\":\"https:\\\/\\\/secure.gravatar.com\\\/avatar\\\/3b45f24496a7625a3a6c436688fbe20344faaeb2979658dc4a9921f984d7df9a?s=96&d=mm&r=g\",\"caption\":\"M\u00e1rcio Miranda Pontes\"},\"sameAs\":[\"http:\\\/\\\/www.sabra.org.br\"],\"url\":\"https:\\\/\\\/www.sabra.org.br\\\/site\\\/author\\\/marcio-miranda-pontes\\\/\"}]}<\/script>\n<!-- \/ Yoast SEO plugin. -->","yoast_head_json":{"title":"Patrim\u00f4nio Hist\u00f3rico - SABRA - Sociedade Art\u00edstica Brasileira","description":"Desde a \u00e9poca da escola descobrimos o quanto \u00e9 importante preservar nosso passado. Nosso patrim\u00f4nio hist\u00f3rico nos permite conhecer nossa sociedade.","robots":{"index":"index","follow":"follow","max-snippet":"max-snippet:-1","max-image-preview":"max-image-preview:large","max-video-preview":"max-video-preview:-1"},"canonical":"https:\/\/www.sabra.org.br\/site\/patrimonio-historico\/","og_locale":"pt_BR","og_type":"article","og_title":"Patrim\u00f4nio Hist\u00f3rico - SABRA - Sociedade Art\u00edstica Brasileira","og_description":"Desde a \u00e9poca da escola descobrimos o quanto \u00e9 importante preservar nosso passado. Nosso patrim\u00f4nio hist\u00f3rico nos permite conhecer nossa sociedade.","og_url":"https:\/\/www.sabra.org.br\/site\/patrimonio-historico\/","og_site_name":"SABRA - Sociedade Art\u00edstica Brasileira","article_publisher":"https:\/\/www.facebook.com\/sabrabrasil","article_published_time":"2020-04-18T21:39:00+00:00","og_image":[{"width":800,"height":534,"url":"https:\/\/i0.wp.com\/www.sabra.org.br\/site\/wp-content\/uploads\/2020\/04\/qual-a-importancia-dos-patrimonios-historicos-para-a-nossa-sociedade-20191202180617.jpg.jpg?fit=800%2C534&ssl=1","type":"image\/jpeg"}],"author":"M\u00e1rcio Miranda Pontes","twitter_card":"summary_large_image","twitter_creator":"@ContatoSabra","twitter_site":"@ContatoSabra","twitter_misc":{"Escrito por":"M\u00e1rcio Miranda Pontes","Est. tempo de leitura":"5 minutos"},"schema":{"@context":"https:\/\/schema.org","@graph":[{"@type":"Article","@id":"https:\/\/www.sabra.org.br\/site\/patrimonio-historico\/#article","isPartOf":{"@id":"https:\/\/www.sabra.org.br\/site\/patrimonio-historico\/"},"author":{"name":"M\u00e1rcio Miranda Pontes","@id":"https:\/\/www.sabra.org.br\/site\/#\/schema\/person\/7d1d222c3c8891d4c37c7b41bf6315c2"},"headline":"Patrim\u00f4nio Hist\u00f3rico","datePublished":"2020-04-18T21:39:00+00:00","mainEntityOfPage":{"@id":"https:\/\/www.sabra.org.br\/site\/patrimonio-historico\/"},"wordCount":921,"publisher":{"@id":"https:\/\/www.sabra.org.br\/site\/#organization"},"image":{"@id":"https:\/\/www.sabra.org.br\/site\/patrimonio-historico\/#primaryimage"},"thumbnailUrl":"https:\/\/www.sabra.org.br\/site\/wp-content\/uploads\/2020\/04\/qual-a-importancia-dos-patrimonios-historicos-para-a-nossa-sociedade-20191202180617.jpg.jpg","keywords":["Assist\u00eancia social","Canto Coral","Escola de M\u00fasica de Nova Lima","Escola de Musica SABRA","FIA","IRPF 2020","Musicaliza\u00e7\u00e3o Infantil","Orquestra Infanto Juvenil de Betim","Orquestra Sinf\u00f4nica de Betim","Sociedade Art\u00edstica Brasileira"],"articleSection":["Blog SABRA"],"inLanguage":"pt-BR"},{"@type":"WebPage","@id":"https:\/\/www.sabra.org.br\/site\/patrimonio-historico\/","url":"https:\/\/www.sabra.org.br\/site\/patrimonio-historico\/","name":"Patrim\u00f4nio Hist\u00f3rico - SABRA - Sociedade Art\u00edstica Brasileira","isPartOf":{"@id":"https:\/\/www.sabra.org.br\/site\/#website"},"primaryImageOfPage":{"@id":"https:\/\/www.sabra.org.br\/site\/patrimonio-historico\/#primaryimage"},"image":{"@id":"https:\/\/www.sabra.org.br\/site\/patrimonio-historico\/#primaryimage"},"thumbnailUrl":"https:\/\/www.sabra.org.br\/site\/wp-content\/uploads\/2020\/04\/qual-a-importancia-dos-patrimonios-historicos-para-a-nossa-sociedade-20191202180617.jpg.jpg","datePublished":"2020-04-18T21:39:00+00:00","description":"Desde a \u00e9poca da escola descobrimos o quanto \u00e9 importante preservar nosso passado. Nosso patrim\u00f4nio hist\u00f3rico nos permite conhecer nossa sociedade.","breadcrumb":{"@id":"https:\/\/www.sabra.org.br\/site\/patrimonio-historico\/#breadcrumb"},"inLanguage":"pt-BR","potentialAction":[{"@type":"ReadAction","target":["https:\/\/www.sabra.org.br\/site\/patrimonio-historico\/"]}]},{"@type":"ImageObject","inLanguage":"pt-BR","@id":"https:\/\/www.sabra.org.br\/site\/patrimonio-historico\/#primaryimage","url":"https:\/\/www.sabra.org.br\/site\/wp-content\/uploads\/2020\/04\/qual-a-importancia-dos-patrimonios-historicos-para-a-nossa-sociedade-20191202180617.jpg.jpg","contentUrl":"https:\/\/www.sabra.org.br\/site\/wp-content\/uploads\/2020\/04\/qual-a-importancia-dos-patrimonios-historicos-para-a-nossa-sociedade-20191202180617.jpg.jpg","width":800,"height":534,"caption":"Sociedade Art\u00edstica Brasileira SABRA"},{"@type":"BreadcrumbList","@id":"https:\/\/www.sabra.org.br\/site\/patrimonio-historico\/#breadcrumb","itemListElement":[{"@type":"ListItem","position":1,"name":"In\u00edcio","item":"https:\/\/www.sabra.org.br\/site\/"},{"@type":"ListItem","position":2,"name":"Patrim\u00f4nio Hist\u00f3rico"}]},{"@type":"WebSite","@id":"https:\/\/www.sabra.org.br\/site\/#website","url":"https:\/\/www.sabra.org.br\/site\/","name":"SABRA - Sociedade Art\u00edstica Brasileira","description":"Escola de M\u00fasica, Orquestra Sinf\u00f4nica, Coral e Patrim\u00f4nio Cultural e Hist\u00f3rico","publisher":{"@id":"https:\/\/www.sabra.org.br\/site\/#organization"},"potentialAction":[{"@type":"SearchAction","target":{"@type":"EntryPoint","urlTemplate":"https:\/\/www.sabra.org.br\/site\/?s={search_term_string}"},"query-input":{"@type":"PropertyValueSpecification","valueRequired":true,"valueName":"search_term_string"}}],"inLanguage":"pt-BR"},{"@type":"Organization","@id":"https:\/\/www.sabra.org.br\/site\/#organization","name":"SOCIEDADE ART\u00cdSTICA BRASILEIRA SABRA","alternateName":"SABRA","url":"https:\/\/www.sabra.org.br\/site\/","logo":{"@type":"ImageObject","inLanguage":"pt-BR","@id":"https:\/\/www.sabra.org.br\/site\/#\/schema\/logo\/image\/","url":"https:\/\/www.sabra.org.br\/site\/wp-content\/uploads\/2019\/06\/cropped-Logo_SABRA-Copia-1.webp","contentUrl":"https:\/\/www.sabra.org.br\/site\/wp-content\/uploads\/2019\/06\/cropped-Logo_SABRA-Copia-1.webp","width":400,"height":128,"caption":"SOCIEDADE ART\u00cdSTICA BRASILEIRA SABRA"},"image":{"@id":"https:\/\/www.sabra.org.br\/site\/#\/schema\/logo\/image\/"},"sameAs":["https:\/\/www.facebook.com\/sabrabrasil","https:\/\/x.com\/ContatoSabra","https:\/\/www.instagram.com\/sabrabrasil\/","https:\/\/www.linkedin.com\/company\/25002088\/","https:\/\/br.pinterest.com\/sociedadeartisticabrasileira\/","https:\/\/www.youtube.com\/c\/sabrabrasil"]},{"@type":"Person","@id":"https:\/\/www.sabra.org.br\/site\/#\/schema\/person\/7d1d222c3c8891d4c37c7b41bf6315c2","name":"M\u00e1rcio Miranda Pontes","image":{"@type":"ImageObject","inLanguage":"pt-BR","@id":"https:\/\/secure.gravatar.com\/avatar\/3b45f24496a7625a3a6c436688fbe20344faaeb2979658dc4a9921f984d7df9a?s=96&d=mm&r=g","url":"https:\/\/secure.gravatar.com\/avatar\/3b45f24496a7625a3a6c436688fbe20344faaeb2979658dc4a9921f984d7df9a?s=96&d=mm&r=g","contentUrl":"https:\/\/secure.gravatar.com\/avatar\/3b45f24496a7625a3a6c436688fbe20344faaeb2979658dc4a9921f984d7df9a?s=96&d=mm&r=g","caption":"M\u00e1rcio Miranda Pontes"},"sameAs":["http:\/\/www.sabra.org.br"],"url":"https:\/\/www.sabra.org.br\/site\/author\/marcio-miranda-pontes\/"}]}},"jetpack_featured_media_url":"https:\/\/www.sabra.org.br\/site\/wp-content\/uploads\/2020\/04\/qual-a-importancia-dos-patrimonios-historicos-para-a-nossa-sociedade-20191202180617.jpg.jpg","jetpack_shortlink":"https:\/\/wp.me\/p95j2Z-JR","jetpack-related-posts":[{"id":2875,"url":"https:\/\/www.sabra.org.br\/site\/patrimonio-historico-2\/","url_meta":{"origin":2843,"position":0},"title":"Patrim\u00f4nio hist\u00f3rico &#8211; atualidade","author":"M\u00e1rcio Miranda Pontes","date":"26 de abril de 2020","format":false,"excerpt":"Os patrim\u00f4nios hist\u00f3ricos nos permitem conhecer mais sobre o passado de povos e sobre a forma\u00e7\u00e3o da sociedade atual. Conhe\u00e7a nove dos principais patrim\u00f4nios hist\u00f3ricos que podem ser visitados atualmente.","rel":"","context":"Em &quot;Blog SABRA&quot;","block_context":{"text":"Blog SABRA","link":"https:\/\/www.sabra.org.br\/site\/category\/blog-sabra\/"},"img":{"alt_text":"patrimonio-historico","src":"https:\/\/i0.wp.com\/www.sabra.org.br\/site\/wp-content\/uploads\/2020\/04\/conheca-x-dos-principais-patrimonios-historicos-que-existem-atualmente-20191202180617.jpg.jpg?resize=350%2C200&ssl=1","width":350,"height":200,"srcset":"https:\/\/i0.wp.com\/www.sabra.org.br\/site\/wp-content\/uploads\/2020\/04\/conheca-x-dos-principais-patrimonios-historicos-que-existem-atualmente-20191202180617.jpg.jpg?resize=350%2C200&ssl=1 1x, https:\/\/i0.wp.com\/www.sabra.org.br\/site\/wp-content\/uploads\/2020\/04\/conheca-x-dos-principais-patrimonios-historicos-que-existem-atualmente-20191202180617.jpg.jpg?resize=525%2C300&ssl=1 1.5x, https:\/\/i0.wp.com\/www.sabra.org.br\/site\/wp-content\/uploads\/2020\/04\/conheca-x-dos-principais-patrimonios-historicos-que-existem-atualmente-20191202180617.jpg.jpg?resize=700%2C400&ssl=1 2x"},"classes":[]},{"id":4266,"url":"https:\/\/www.sabra.org.br\/site\/historico-patrimonio\/","url_meta":{"origin":2843,"position":1},"title":"A import\u00e2ncia de preservar e restaurar o patrim\u00f4nio hist\u00f3rico","author":"M\u00e1rcio Miranda Pontes","date":"19 de outubro de 2021","format":false,"excerpt":"A import\u00e2ncia de preservar e restaurar o patrim\u00f4nio hist\u00f3rico O Patrim\u00f4nio Hist\u00f3rico \u00e9 algo que faz parte da identidade de uma sociedade em rela\u00e7\u00e3o aos costumes, \u00e0s caracter\u00edsticas e ao comportamento das pessoas. Portanto, a sua preserva\u00e7\u00e3o \u00e9 muito importante.","rel":"","context":"Em &quot;Blog SABRA&quot;","block_context":{"text":"Blog SABRA","link":"https:\/\/www.sabra.org.br\/site\/category\/blog-sabra\/"},"img":{"alt_text":"historico-patrimonio-preservacao","src":"https:\/\/i0.wp.com\/www.sabra.org.br\/site\/wp-content\/uploads\/2021\/10\/a-importancia-de-preservar-e-restaurar-o-patrimonio-historico-20210902112425.jpg.jpg?resize=350%2C200&ssl=1","width":350,"height":200,"srcset":"https:\/\/i0.wp.com\/www.sabra.org.br\/site\/wp-content\/uploads\/2021\/10\/a-importancia-de-preservar-e-restaurar-o-patrimonio-historico-20210902112425.jpg.jpg?resize=350%2C200&ssl=1 1x, https:\/\/i0.wp.com\/www.sabra.org.br\/site\/wp-content\/uploads\/2021\/10\/a-importancia-de-preservar-e-restaurar-o-patrimonio-historico-20210902112425.jpg.jpg?resize=525%2C300&ssl=1 1.5x, https:\/\/i0.wp.com\/www.sabra.org.br\/site\/wp-content\/uploads\/2021\/10\/a-importancia-de-preservar-e-restaurar-o-patrimonio-historico-20210902112425.jpg.jpg?resize=700%2C400&ssl=1 2x"},"classes":[]},{"id":2859,"url":"https:\/\/www.sabra.org.br\/site\/patrimonio-cultural-preservacao\/","url_meta":{"origin":2843,"position":2},"title":"Patrim\u00f4nio cultural &#8211; Preserva\u00e7\u00e3o","author":"M\u00e1rcio Miranda Pontes","date":"23 de abril de 2020","format":false,"excerpt":"Patrim\u00f4nios Culturais s\u00e3o bens de extrema import\u00e2ncia para a preserva\u00e7\u00e3o e perpetua\u00e7\u00e3o de aspectos hist\u00f3ricos que s\u00e3o importantes para determinados povos ou regi\u00f5es.","rel":"","context":"Em &quot;Blog SABRA&quot;","block_context":{"text":"Blog SABRA","link":"https:\/\/www.sabra.org.br\/site\/category\/blog-sabra\/"},"img":{"alt_text":"patrim\u00f4nio-cultural","src":"https:\/\/i0.wp.com\/www.sabra.org.br\/site\/wp-content\/uploads\/2020\/04\/patrimonio-cultural-quais-os-principais-tipos-e-como-preservar-eles-20191202180617.jpg.jpg?resize=350%2C200&ssl=1","width":350,"height":200,"srcset":"https:\/\/i0.wp.com\/www.sabra.org.br\/site\/wp-content\/uploads\/2020\/04\/patrimonio-cultural-quais-os-principais-tipos-e-como-preservar-eles-20191202180617.jpg.jpg?resize=350%2C200&ssl=1 1x, https:\/\/i0.wp.com\/www.sabra.org.br\/site\/wp-content\/uploads\/2020\/04\/patrimonio-cultural-quais-os-principais-tipos-e-como-preservar-eles-20191202180617.jpg.jpg?resize=525%2C300&ssl=1 1.5x, https:\/\/i0.wp.com\/www.sabra.org.br\/site\/wp-content\/uploads\/2020\/04\/patrimonio-cultural-quais-os-principais-tipos-e-como-preservar-eles-20191202180617.jpg.jpg?resize=700%2C400&ssl=1 2x"},"classes":[]},{"id":4305,"url":"https:\/\/www.sabra.org.br\/site\/patrimonio-cultural-3\/","url_meta":{"origin":2843,"position":3},"title":"O valor do patrim\u00f4nio cultural para mem\u00f3ria e identidade do povo","author":"M\u00e1rcio Miranda Pontes","date":"1 de novembro de 2021","format":false,"excerpt":"O valor do patrim\u00f4nio cultural para mem\u00f3ria e identidade do povo Um povo se mant\u00e9m vivo ao longo dos s\u00e9culos, quando suas mem\u00f3rias e ra\u00edzes s\u00e3o preservadas. Para que isso aconte\u00e7a, seu patrim\u00f4nio cultural possui valor inestim\u00e1vel, e deve ser visto como tal. Entenda mais sobre o assunto no artigo.","rel":"","context":"Em &quot;Blog SABRA&quot;","block_context":{"text":"Blog SABRA","link":"https:\/\/www.sabra.org.br\/site\/category\/blog-sabra\/"},"img":{"alt_text":"hist\u00f3ria-patrim\u00f4nio-cultural","src":"https:\/\/i0.wp.com\/www.sabra.org.br\/site\/wp-content\/uploads\/2021\/11\/o-valor-do-patrimonio-cultural-para-memoria-e-identidade-do-povo-20210902112425.jpg.jpg?resize=350%2C200&ssl=1","width":350,"height":200,"srcset":"https:\/\/i0.wp.com\/www.sabra.org.br\/site\/wp-content\/uploads\/2021\/11\/o-valor-do-patrimonio-cultural-para-memoria-e-identidade-do-povo-20210902112425.jpg.jpg?resize=350%2C200&ssl=1 1x, https:\/\/i0.wp.com\/www.sabra.org.br\/site\/wp-content\/uploads\/2021\/11\/o-valor-do-patrimonio-cultural-para-memoria-e-identidade-do-povo-20210902112425.jpg.jpg?resize=525%2C300&ssl=1 1.5x, https:\/\/i0.wp.com\/www.sabra.org.br\/site\/wp-content\/uploads\/2021\/11\/o-valor-do-patrimonio-cultural-para-memoria-e-identidade-do-povo-20210902112425.jpg.jpg?resize=700%2C400&ssl=1 2x"},"classes":[]},{"id":4290,"url":"https:\/\/www.sabra.org.br\/site\/patrimonio-imaterial\/","url_meta":{"origin":2843,"position":4},"title":"Como o patrim\u00f4nio imaterial \u00e9 conservado?","author":"M\u00e1rcio Miranda Pontes","date":"26 de outubro de 2021","format":false,"excerpt":"Como o patrim\u00f4nio imaterial \u00e9 conservado? Voc\u00ea sabe o que \u00e9 qual a import\u00e2ncia do patrim\u00f4nio imaterial? Ou quem sabe j\u00e1 parou para pensar em como essas express\u00f5es e modos de fazer s\u00e3o conservadas?","rel":"","context":"Em &quot;Blog SABRA&quot;","block_context":{"text":"Blog SABRA","link":"https:\/\/www.sabra.org.br\/site\/category\/blog-sabra\/"},"img":{"alt_text":"imaterial-patrimonio-culturais-exemplo","src":"https:\/\/i0.wp.com\/www.sabra.org.br\/site\/wp-content\/uploads\/2021\/10\/afinal-como-o-patrimonio-imaterial-e-conservado-20210902112425.jpg.jpg?resize=350%2C200&ssl=1","width":350,"height":200,"srcset":"https:\/\/i0.wp.com\/www.sabra.org.br\/site\/wp-content\/uploads\/2021\/10\/afinal-como-o-patrimonio-imaterial-e-conservado-20210902112425.jpg.jpg?resize=350%2C200&ssl=1 1x, https:\/\/i0.wp.com\/www.sabra.org.br\/site\/wp-content\/uploads\/2021\/10\/afinal-como-o-patrimonio-imaterial-e-conservado-20210902112425.jpg.jpg?resize=525%2C300&ssl=1 1.5x, https:\/\/i0.wp.com\/www.sabra.org.br\/site\/wp-content\/uploads\/2021\/10\/afinal-como-o-patrimonio-imaterial-e-conservado-20210902112425.jpg.jpg?resize=700%2C400&ssl=1 2x"},"classes":[]},{"id":4429,"url":"https:\/\/www.sabra.org.br\/site\/conheca-os-principais-patrimonios-culturais-historicos-do-brasil\/","url_meta":{"origin":2843,"position":5},"title":"Conhe\u00e7a os principais patrim\u00f4nios culturais do Brasil","author":"M\u00e1rcio Miranda Pontes","date":"9 de dezembro de 2021","format":false,"excerpt":"O Brasil \u00e9 um dos pa\u00edses mais exuberantes para se visitar. Sua vasta riqueza natural, hist\u00f3rica e cultural proporcionam momentos \u00fanicos e inesquec\u00edveis. Conhe\u00e7a nossos incr\u00edveis e lend\u00e1rios patrim\u00f4nios culturais!","rel":"","context":"Em &quot;Blog SABRA&quot;","block_context":{"text":"Blog SABRA","link":"https:\/\/www.sabra.org.br\/site\/category\/blog-sabra\/"},"img":{"alt_text":"patrimonios-historicos-culturais-brasil","src":"https:\/\/i0.wp.com\/www.sabra.org.br\/site\/wp-content\/uploads\/2021\/12\/conheca-os-principais-patrimonios-culturais-do-brasil-20210804144502.jpg.jpg?resize=350%2C200&ssl=1","width":350,"height":200,"srcset":"https:\/\/i0.wp.com\/www.sabra.org.br\/site\/wp-content\/uploads\/2021\/12\/conheca-os-principais-patrimonios-culturais-do-brasil-20210804144502.jpg.jpg?resize=350%2C200&ssl=1 1x, https:\/\/i0.wp.com\/www.sabra.org.br\/site\/wp-content\/uploads\/2021\/12\/conheca-os-principais-patrimonios-culturais-do-brasil-20210804144502.jpg.jpg?resize=525%2C300&ssl=1 1.5x, https:\/\/i0.wp.com\/www.sabra.org.br\/site\/wp-content\/uploads\/2021\/12\/conheca-os-principais-patrimonios-culturais-do-brasil-20210804144502.jpg.jpg?resize=700%2C400&ssl=1 2x, https:\/\/i0.wp.com\/www.sabra.org.br\/site\/wp-content\/uploads\/2021\/12\/conheca-os-principais-patrimonios-culturais-do-brasil-20210804144502.jpg.jpg?resize=1050%2C600&ssl=1 3x"},"classes":[]}],"jetpack_likes_enabled":true,"jetpack_sharing_enabled":true,"_links":{"self":[{"href":"https:\/\/www.sabra.org.br\/site\/wp-json\/wp\/v2\/posts\/2843","targetHints":{"allow":["GET"]}}],"collection":[{"href":"https:\/\/www.sabra.org.br\/site\/wp-json\/wp\/v2\/posts"}],"about":[{"href":"https:\/\/www.sabra.org.br\/site\/wp-json\/wp\/v2\/types\/post"}],"author":[{"embeddable":true,"href":"https:\/\/www.sabra.org.br\/site\/wp-json\/wp\/v2\/users\/39"}],"replies":[{"embeddable":true,"href":"https:\/\/www.sabra.org.br\/site\/wp-json\/wp\/v2\/comments?post=2843"}],"version-history":[{"count":0,"href":"https:\/\/www.sabra.org.br\/site\/wp-json\/wp\/v2\/posts\/2843\/revisions"}],"wp:featuredmedia":[{"embeddable":true,"href":"https:\/\/www.sabra.org.br\/site\/wp-json\/wp\/v2\/media\/2844"}],"wp:attachment":[{"href":"https:\/\/www.sabra.org.br\/site\/wp-json\/wp\/v2\/media?parent=2843"}],"wp:term":[{"taxonomy":"category","embeddable":true,"href":"https:\/\/www.sabra.org.br\/site\/wp-json\/wp\/v2\/categories?post=2843"},{"taxonomy":"post_tag","embeddable":true,"href":"https:\/\/www.sabra.org.br\/site\/wp-json\/wp\/v2\/tags?post=2843"}],"curies":[{"name":"wp","href":"https:\/\/api.w.org\/{rel}","templated":true}]}}