{"id":2868,"date":"2020-04-25T21:10:42","date_gmt":"2020-04-26T00:10:42","guid":{"rendered":"https:\/\/www.sabra.org.br\/site\/?p=2868"},"modified":"2020-04-25T21:10:42","modified_gmt":"2020-04-26T00:10:42","slug":"inclusao-social-2","status":"publish","type":"post","link":"https:\/\/www.sabra.org.br\/site\/inclusao-social-2\/","title":{"rendered":"Inclus\u00e3o social"},"content":{"rendered":"<h2>Qual a import\u00e2ncia da pol\u00edtica de inclus\u00e3o social nos dias de hoje?<\/h2>\n<p>A pol\u00edtica de inclus\u00e3o social diz respeito \u00e0 inser\u00e7\u00e3o de pessoas com algum tipo de defici\u00eancia no mercado de trabalho e nos espa\u00e7os p\u00fablicos. Neste artigo, \u00e9 poss\u00edvel saber mais sobre o funcionamento e a import\u00e2ncia desse tipo de pol\u00edtica nos dias de hoje.<\/p>\n<h2>O que visa a inclus\u00e3o social?<\/h2>\n<p>A pol\u00edtica de inclus\u00e3o social visa garantir que pessoas com necessidades especiais tenham as condi\u00e7\u00f5es necess\u00e1rias para estudar ou trabalhar. Ela est\u00e1 direcionada, por exemplo, a pessoas com defici\u00eancia f\u00edsica ou mental.<br \/>\nOutros grupos de pessoas que s\u00e3o beneficiadas com a pol\u00edtica de inclus\u00e3o social s\u00e3o aqueles que n\u00e3o t\u00eam as mesmas oportunidades dentro dos espa\u00e7os sociais, seja por condi\u00e7\u00e3o socioecon\u00f4mica, de ra\u00e7a, g\u00eanero ou por falta de acesso \u00e0s tecnologias.<\/p>\n<h2>A inclus\u00e3o com o passar do tempo<\/h2>\n<p>Nos tempos passados, pessoas consideradas fora do padr\u00e3o aceit\u00e1vel do trabalho e dos estudos n\u00e3o podiam frequentar espa\u00e7os onde elas s\u00e3o inclu\u00eddas, ainda com alguma dificuldade, hoje, visto que os espa\u00e7os n\u00e3o tinham estrutura espec\u00edfica para receb\u00ea-las.<br \/>\nN\u00e3o existiam espa\u00e7os preparados para receber pessoas com necessidades singulares, como cadeirantes, deficientes visuais e auditivos. Isso prejudicou as chances de que pessoas assim, com pouca instru\u00e7\u00e3o pela falta de oportunidade, conseguissem emprego.<br \/>\nO modelo atual de pol\u00edtica de inclus\u00e3o social n\u00e3o \u00e9 perfeito e est\u00e1 em constante resinifica\u00e7\u00e3o, tentando se adequar \u00e0s velhas e novas necessidades de quem, por algum motivo, se encontra em situa\u00e7\u00e3o desfavor\u00e1vel em rela\u00e7\u00e3o a outrem.<\/p>\n<h2>Por que \u00e9 importante a inclus\u00e3o social hoje?<\/h2>\n<p>A pol\u00edtica de inclus\u00e3o social, adaptativa e em constante melhoria, existe no Brasil e no mundo com o prop\u00f3sito de tornar mais justas as oportunidades, sejam elas de estudo, emprego ou acesso a espa\u00e7os.<br \/>\nNo \u00e2mbito do estudo, cada vez mais escolas contam com elevadores para deficientes e com psic\u00f3logos e psicopedagogos especializados no desenvolvimento das habilidades de pessoas com problemas psicol\u00f3gicos e\/ou neurol\u00f3gicos.<br \/>\nJ\u00e1 no \u00e2mbito do trabalho, a diferen\u00e7a se d\u00e1 atrav\u00e9s de decis\u00f5es judiciais e parcerias entre ONGs e indiv\u00edduos. A pol\u00edtica de inclus\u00e3o social define, por lei, que uma pequena porcentagem das vagas seja destinada a pessoas com algum tipo de defici\u00eancia.<br \/>\nPara pessoas que se encontram em vulnerabilidade socioecon\u00f4mica, h\u00e1 programas espec\u00edficos para sua inser\u00e7\u00e3o empregat\u00edcia. S\u00e3o programas que priorizam a contrata\u00e7\u00e3o de jovens de classe baixa, al\u00e9m de pessoas com filhos e pertencentes a alguma minoria.<\/p>\n<h2>Inclus\u00e3o social de presidi\u00e1rios<\/h2>\n<p>Outro exemplo de grupo que sofre preconceito \u00e9 o de ex-presidi\u00e1rios, os quais eram facilmente exclu\u00eddos das oportunidades de servi\u00e7o. De um tempo para c\u00e1, por\u00e9m, empresas passaram a abrir vagas peri\u00f3dicas para que esses indiv\u00edduos consigam trabalho.<br \/>\nIndiv\u00edduos com transtornos psicol\u00f3gicos tamb\u00e9m est\u00e3o come\u00e7ando a receber apoio de ONGs que auxiliam sua contrata\u00e7\u00e3o no mercado de trabalho. Transtornos como TDAH e bipolaridade, antes bastante estigmatizados, agora s\u00e3o abarcados pela inclus\u00e3o social.<br \/>\nA metodologia, chamada de trabalho apoiado, \u00e9 fundamental para que pessoas que antes eram vistas como inferiores e inaptas ao mercado possam desenvolver habilidades em uma empresa e receber, al\u00e9m do retorno financeiro, a sensa\u00e7\u00e3o de utilidade.<\/p>\n<p>Fontes:<br \/>\nhttps:\/\/escolaweb.com.br\/blog\/o-que-e-politica-de-inclusao-social\/<\/p>\n<blockquote class=\"wp-embedded-content\" data-secret=\"2mPluWArea\"><p><a href=\"https:\/\/www.camarainclusao.com.br\/boas-praticas\/senac-comunidade-de-porto-alegre-viabiliza-inclusao-social-de-pessoas-com-transtornos-mentais-graves-no-mercado-de-trabalho-atraves-do-projeto-capacitar\/\">Inclus\u00e3o de pessoas com transtornos mentais graves no mercado de trabalho \u00e9 realidade no Sul<\/a><\/p><\/blockquote>\n<p><iframe title=\"&#8220;Inclus\u00e3o de pessoas com transtornos mentais graves no mercado de trabalho \u00e9 realidade no Sul&#8221; &#8212; C\u00e2mara Paulista para Inclus\u00e3o da Pessoa com Defici\u00eancia\" class=\"wp-embedded-content\" sandbox=\"allow-scripts\" security=\"restricted\" style=\"position: absolute; clip: rect(1px, 1px, 1px, 1px);\" src=\"https:\/\/www.camarainclusao.com.br\/boas-praticas\/senac-comunidade-de-porto-alegre-viabiliza-inclusao-social-de-pessoas-com-transtornos-mentais-graves-no-mercado-de-trabalho-atraves-do-projeto-capacitar\/embed\/#?secret=2mPluWArea\" data-secret=\"2mPluWArea\" width=\"600\" height=\"338\" frameborder=\"0\" marginwidth=\"0\" marginheight=\"0\" scrolling=\"no\"><\/iframe><br \/>\nhttps:\/\/brasilescola.uol.com.br\/educacao\/inclusao-social.htm<\/p>\n<hr \/>\n<h2>FIA &#8211; IRPF 2020 &#8211;\u00a0DOE PARA A SABRA.<\/h2>\n<p>Voc\u00ea escolhe onde parte de seu imposto de renda ser\u00e1 aplicado. Junto com a SABRA, seus projetos e a\u00e7\u00f5es voc\u00ea vai ajudar a transformar vidas. Sem custos para voc\u00ea e n\u00e3o interfere em outras dedu\u00e7\u00f5es. Aproveite o tempo de quarentena do Covid-19 para fazer sua declara\u00e7\u00e3o IRPF 2020.<\/p>\n<h2>Veja como \u00e9 f\u00e1cil: s\u00e3o poucos passos!<\/h2>\n<p>1 \u2013 Ap\u00f3s preencher e conferir sua declara\u00e7\u00e3o no programa da Receita Federal e antes de remete-la, cliquar na aba \u201cDoa\u00e7\u00f5es Diretamente na Declara\u00e7\u00e3o\u201d e clicar em \u201cNovo\u201d <img fetchpriority=\"high\" decoding=\"async\" data-attachment-id=\"2440\" data-permalink=\"https:\/\/www.sabra.org.br\/site\/imposto-de-renda\/01-novo-2\/\" data-orig-file=\"https:\/\/www.sabra.org.br\/site\/wp-content\/uploads\/2020\/02\/01-Novo-1.jpg\" data-orig-size=\"1366,728\" data-comments-opened=\"1\" data-image-meta=\"{&quot;aperture&quot;:&quot;0&quot;,&quot;credit&quot;:&quot;&quot;,&quot;camera&quot;:&quot;&quot;,&quot;caption&quot;:&quot;&quot;,&quot;created_timestamp&quot;:&quot;0&quot;,&quot;copyright&quot;:&quot;&quot;,&quot;focal_length&quot;:&quot;0&quot;,&quot;iso&quot;:&quot;0&quot;,&quot;shutter_speed&quot;:&quot;0&quot;,&quot;title&quot;:&quot;&quot;,&quot;orientation&quot;:&quot;0&quot;}\" data-image-title=\"01-Novo\" data-image-description=\"&lt;p&gt;Sociedade Art\u00edstica Brasileira&lt;\/p&gt;\n\" data-image-caption=\"&lt;p&gt;FIA &amp;#8211; Fundo da Inf\u00e2ncia e Adolesc\u00eancia&lt;\/p&gt;\n\" data-large-file=\"https:\/\/www.sabra.org.br\/site\/wp-content\/uploads\/2020\/02\/01-Novo-1-1024x546.jpg\" class=\"alignnone wp-image-2440 size-full\" src=\"https:\/\/www.sabra.org.br\/site\/wp-content\/uploads\/2020\/02\/01-Novo-1.jpg\" alt=\"FIA - Fundo da Inf\u00e2ncia e Adolesc\u00eancia\" width=\"1366\" height=\"728\" srcset=\"https:\/\/www.sabra.org.br\/site\/wp-content\/uploads\/2020\/02\/01-Novo-1.jpg 1366w, https:\/\/www.sabra.org.br\/site\/wp-content\/uploads\/2020\/02\/01-Novo-1-300x160.jpg 300w, https:\/\/www.sabra.org.br\/site\/wp-content\/uploads\/2020\/02\/01-Novo-1-1024x546.jpg 1024w, https:\/\/www.sabra.org.br\/site\/wp-content\/uploads\/2020\/02\/01-Novo-1-768x409.jpg 768w\" sizes=\"(max-width: 1366px) 100vw, 1366px\" \/> 2 \u2013 Selecionar as op\u00e7\u00f5es: Municipal, Estado (MG \u2013 Minas Gerais) e Munic\u00edpio (Betim &#8211; 21.101.865\/0001-14); <img decoding=\"async\" data-attachment-id=\"2438\" data-permalink=\"https:\/\/www.sabra.org.br\/site\/imposto-de-renda\/02-municipio\/\" data-orig-file=\"https:\/\/www.sabra.org.br\/site\/wp-content\/uploads\/2020\/02\/02-munic\u00edpio.jpg\" data-orig-size=\"1366,728\" data-comments-opened=\"1\" data-image-meta=\"{&quot;aperture&quot;:&quot;0&quot;,&quot;credit&quot;:&quot;&quot;,&quot;camera&quot;:&quot;&quot;,&quot;caption&quot;:&quot;&quot;,&quot;created_timestamp&quot;:&quot;0&quot;,&quot;copyright&quot;:&quot;&quot;,&quot;focal_length&quot;:&quot;0&quot;,&quot;iso&quot;:&quot;0&quot;,&quot;shutter_speed&quot;:&quot;0&quot;,&quot;title&quot;:&quot;&quot;,&quot;orientation&quot;:&quot;0&quot;}\" data-image-title=\"02-munic\u00edpio\" data-image-description=\"&lt;p&gt;Sociedade Art\u00edstica Brasileira&lt;\/p&gt;\n\" data-image-caption=\"&lt;p&gt;FIA &amp;#8211; Fundo da Inf\u00e2ncia e Adolesc\u00eancia&lt;\/p&gt;\n\" data-large-file=\"https:\/\/www.sabra.org.br\/site\/wp-content\/uploads\/2020\/02\/02-munic\u00edpio-1024x546.jpg\" class=\"alignnone wp-image-2438 size-full\" src=\"https:\/\/www.sabra.org.br\/site\/wp-content\/uploads\/2020\/02\/02-munic\u00edpio.jpg\" alt=\"FIA - Fundo da Inf\u00e2ncia e Adolesc\u00eancia\" width=\"1366\" height=\"728\" srcset=\"https:\/\/www.sabra.org.br\/site\/wp-content\/uploads\/2020\/02\/02-munic\u00edpio.jpg 1366w, https:\/\/www.sabra.org.br\/site\/wp-content\/uploads\/2020\/02\/02-munic\u00edpio-300x160.jpg 300w, https:\/\/www.sabra.org.br\/site\/wp-content\/uploads\/2020\/02\/02-munic\u00edpio-1024x546.jpg 1024w, https:\/\/www.sabra.org.br\/site\/wp-content\/uploads\/2020\/02\/02-munic\u00edpio-768x409.jpg 768w\" sizes=\"(max-width: 1366px) 100vw, 1366px\" \/> 3 \u2013 Verificar o \u201cValor Dispon\u00edvel para Destina\u00e7\u00e3o\u201d e copiar o n\u00famero para o campo \u201cValor\u201d (valor da doa\u00e7\u00e3o); <img decoding=\"async\" data-attachment-id=\"2439\" data-permalink=\"https:\/\/www.sabra.org.br\/site\/imposto-de-renda\/03-valor-2\/\" data-orig-file=\"https:\/\/www.sabra.org.br\/site\/wp-content\/uploads\/2020\/02\/03-valor-1.jpg\" data-orig-size=\"1366,726\" data-comments-opened=\"1\" data-image-meta=\"{&quot;aperture&quot;:&quot;0&quot;,&quot;credit&quot;:&quot;&quot;,&quot;camera&quot;:&quot;&quot;,&quot;caption&quot;:&quot;&quot;,&quot;created_timestamp&quot;:&quot;0&quot;,&quot;copyright&quot;:&quot;&quot;,&quot;focal_length&quot;:&quot;0&quot;,&quot;iso&quot;:&quot;0&quot;,&quot;shutter_speed&quot;:&quot;0&quot;,&quot;title&quot;:&quot;&quot;,&quot;orientation&quot;:&quot;0&quot;}\" data-image-title=\"03-valor\" data-image-description=\"&lt;p&gt;Sociedade Art\u00edstica Brasileira&lt;\/p&gt;\n\" data-image-caption=\"&lt;p&gt;FIA &amp;#8211; Fundo da Inf\u00e2ncia e Adolesc\u00eancia&lt;\/p&gt;\n\" data-large-file=\"https:\/\/www.sabra.org.br\/site\/wp-content\/uploads\/2020\/02\/03-valor-1-1024x544.jpg\" class=\"alignnone wp-image-2439 size-full\" src=\"https:\/\/www.sabra.org.br\/site\/wp-content\/uploads\/2020\/02\/03-valor-1.jpg\" alt=\"FIA - Fundo da Inf\u00e2ncia e Adolesc\u00eancia\" width=\"1366\" height=\"726\" srcset=\"https:\/\/www.sabra.org.br\/site\/wp-content\/uploads\/2020\/02\/03-valor-1.jpg 1366w, https:\/\/www.sabra.org.br\/site\/wp-content\/uploads\/2020\/02\/03-valor-1-300x159.jpg 300w, https:\/\/www.sabra.org.br\/site\/wp-content\/uploads\/2020\/02\/03-valor-1-1024x544.jpg 1024w, https:\/\/www.sabra.org.br\/site\/wp-content\/uploads\/2020\/02\/03-valor-1-768x408.jpg 768w\" sizes=\"(max-width: 1366px) 100vw, 1366px\" \/> 4 \u2013 Ap\u00f3s clicar em \u201cOK\u201d \u00e9 preciso selecionar a aba \u201cDarf \u2013 Doa\u00e7\u00f5es Diretamente na Declara\u00e7\u00e3o \u2013 ECA\u201d, imprimir o documento e realizar o pagamento at\u00e9 a data de vencimento. 5 \u2013 Para finalizar, digitalizar o comprovante de pagamento do DARF e enviar para o Conselho da Crian\u00e7a e Adolescente de Betim (cmdcafiabetim@gmail.com) com c\u00f3pia para a SABRA (sabra@sabra.org.br). Na mensagem informar que a doa\u00e7\u00e3o dever\u00e1 ser destinada \u00e0 Sociedade Art\u00edstica Brasileira SABRA. 6 \u2013 Pronto! Voc\u00ea acabou de transformar vidas!<\/p>\n<h2>Se voc\u00ea gostou deste post:<\/h2>\n<p>&#8211; SIGA as nossas p\u00e1ginas nas redes sociais para acompanhar as nossas atualiza\u00e7\u00f5es: estamos no <a href=\"https:\/\/www.facebook.com\/sabrabrasil\" target=\"_blank\" rel=\"noopener noreferrer\">Facebook<\/a>, no <a href=\"https:\/\/www.instagram.com\/sabrabrasil\/\" target=\"_blank\" rel=\"noopener noreferrer\">Instagram<\/a>, no <a href=\"https:\/\/www.linkedin.com\/company\/25002088\" target=\"_blank\" rel=\"noopener noreferrer\">LinkedIn<\/a>, no <a href=\"https:\/\/twitter.com\/ContatoSabra\" target=\"_blank\" rel=\"noopener noreferrer\">Twitter<\/a> e no <a href=\"https:\/\/www.youtube.com\/channel\/UCJw-kbuEvzUNdeQf20Pa-eQ\" target=\"_blank\" rel=\"noopener noreferrer\">YouTube<\/a>!<\/p>\n<p>&#8211; CONHE\u00c7A o trabalho da Sociedade Art\u00edstica Brasileira (SABRA) e todas as iniciativas culturais e sociais que ela mant\u00e9m. <a href=\"https:\/\/www.sabra.org.br\/site\/acoes\/\" target=\"_blank\" rel=\"noopener noreferrer\">Acesse nosso site!<\/a><\/p>\n<p>&#8211; ENTRE EM CONTATO com a gente. E veja quais s\u00e3o as op\u00e7\u00f5es de ajuda na manuten\u00e7\u00e3o de nossas a\u00e7\u00f5es sociais e culturais. Basta acessar nossa p\u00e1gina <a href=\"https:\/\/www.sabra.org.br\/site\/doe-agora\/\" target=\"_blank\" rel=\"noopener noreferrer\">Doe Agora!<\/a><\/p>\n<p>&#8211; COMPARTILHE este texto nas suas redes sociais e ajude os seus amigos a tamb\u00e9m dominarem o assunto!<\/p>\n","protected":false},"excerpt":{"rendered":"<p>Por meio da arte e da cultura buscamos promover a inclus\u00e3o e integra\u00e7\u00e3o social de jovens. Quer conhecer mais sobre o nosso projeto? Ent\u00e3o, acesse alguns dos textos no nosso site.<\/p>\n","protected":false},"author":39,"featured_media":2872,"comment_status":"closed","ping_status":"closed","sticky":false,"template":"","format":"standard","meta":{"jetpack_post_was_ever_published":false,"_jetpack_newsletter_access":"","_jetpack_dont_email_post_to_subs":false,"_jetpack_newsletter_tier_id":0,"_jetpack_memberships_contains_paywalled_content":false,"_jetpack_memberships_contains_paid_content":false,"footnotes":""},"categories":[1],"tags":[15,8,1846,1285,1047,2762,16,1286,11,9],"class_list":["post-2868","post","type-post","status-publish","format-standard","has-post-thumbnail","hentry","category-blog-sabra","tag-assistencia-social","tag-canto-coral","tag-escola-de-musica-de-nova-lima","tag-escola-de-musica-sabra","tag-fia","tag-irpf-2020","tag-musicalizacao-infantil","tag-orquestra-infanto-juvenil-de-betim","tag-orquestra-sinfonica-de-betim","tag-sociedade-artistica-brasileira"],"yoast_head":"<!-- This site is optimized with the Yoast SEO plugin v27.5 - https:\/\/yoast.com\/product\/yoast-seo-wordpress\/ -->\n<title>Inclus\u00e3o social - SABRA - Sociedade Art\u00edstica Brasileira<\/title>\n<meta name=\"description\" content=\"Por meio da arte e da cultura buscamos promover a inclus\u00e3o e integra\u00e7\u00e3o social de jovens. Quer conhecer mais sobre o nosso projeto? Acesse nosso site.\" \/>\n<meta name=\"robots\" content=\"index, follow, max-snippet:-1, max-image-preview:large, max-video-preview:-1\" \/>\n<link rel=\"canonical\" href=\"https:\/\/www.sabra.org.br\/site\/inclusao-social-2\/\" \/>\n<meta property=\"og:locale\" content=\"pt_BR\" \/>\n<meta property=\"og:type\" content=\"article\" \/>\n<meta property=\"og:title\" content=\"Inclus\u00e3o social - SABRA - Sociedade Art\u00edstica Brasileira\" \/>\n<meta property=\"og:description\" content=\"Por meio da arte e da cultura buscamos promover a inclus\u00e3o e integra\u00e7\u00e3o social de jovens. Quer conhecer mais sobre o nosso projeto? Acesse nosso site.\" \/>\n<meta property=\"og:url\" content=\"https:\/\/www.sabra.org.br\/site\/inclusao-social-2\/\" \/>\n<meta property=\"og:site_name\" content=\"SABRA - Sociedade Art\u00edstica Brasileira\" \/>\n<meta property=\"article:publisher\" content=\"https:\/\/www.facebook.com\/sabrabrasil\" \/>\n<meta property=\"article:published_time\" content=\"2020-04-26T00:10:42+00:00\" \/>\n<meta property=\"og:image\" content=\"https:\/\/i0.wp.com\/www.sabra.org.br\/site\/wp-content\/uploads\/2020\/04\/qual-a-importancia-da-politica-de-inclusao-social-nos-dias-de-hoje-20191202180617.jpg.jpg?fit=800%2C534&ssl=1\" \/>\n\t<meta property=\"og:image:width\" content=\"800\" \/>\n\t<meta property=\"og:image:height\" content=\"534\" \/>\n\t<meta property=\"og:image:type\" content=\"image\/jpeg\" \/>\n<meta name=\"author\" content=\"M\u00e1rcio Miranda Pontes\" \/>\n<meta name=\"twitter:card\" content=\"summary_large_image\" \/>\n<meta name=\"twitter:creator\" content=\"@ContatoSabra\" \/>\n<meta name=\"twitter:site\" content=\"@ContatoSabra\" \/>\n<meta name=\"twitter:label1\" content=\"Escrito por\" \/>\n\t<meta name=\"twitter:data1\" content=\"M\u00e1rcio Miranda Pontes\" \/>\n\t<meta name=\"twitter:label2\" content=\"Est. tempo de leitura\" \/>\n\t<meta name=\"twitter:data2\" content=\"5 minutos\" \/>\n<script type=\"application\/ld+json\" class=\"yoast-schema-graph\">{\"@context\":\"https:\\\/\\\/schema.org\",\"@graph\":[{\"@type\":\"Article\",\"@id\":\"https:\\\/\\\/www.sabra.org.br\\\/site\\\/inclusao-social-2\\\/#article\",\"isPartOf\":{\"@id\":\"https:\\\/\\\/www.sabra.org.br\\\/site\\\/inclusao-social-2\\\/\"},\"author\":{\"name\":\"M\u00e1rcio Miranda Pontes\",\"@id\":\"https:\\\/\\\/www.sabra.org.br\\\/site\\\/#\\\/schema\\\/person\\\/7d1d222c3c8891d4c37c7b41bf6315c2\"},\"headline\":\"Inclus\u00e3o social\",\"datePublished\":\"2020-04-26T00:10:42+00:00\",\"mainEntityOfPage\":{\"@id\":\"https:\\\/\\\/www.sabra.org.br\\\/site\\\/inclusao-social-2\\\/\"},\"wordCount\":949,\"publisher\":{\"@id\":\"https:\\\/\\\/www.sabra.org.br\\\/site\\\/#organization\"},\"image\":{\"@id\":\"https:\\\/\\\/www.sabra.org.br\\\/site\\\/inclusao-social-2\\\/#primaryimage\"},\"thumbnailUrl\":\"https:\\\/\\\/www.sabra.org.br\\\/site\\\/wp-content\\\/uploads\\\/2020\\\/04\\\/qual-a-importancia-da-politica-de-inclusao-social-nos-dias-de-hoje-20191202180617.jpg.jpg\",\"keywords\":[\"Assist\u00eancia social\",\"Canto Coral\",\"Escola de M\u00fasica de Nova Lima\",\"Escola de Musica SABRA\",\"FIA\",\"IRPF 2020\",\"Musicaliza\u00e7\u00e3o Infantil\",\"Orquestra Infanto Juvenil de Betim\",\"Orquestra Sinf\u00f4nica de Betim\",\"Sociedade Art\u00edstica Brasileira\"],\"articleSection\":[\"Blog SABRA\"],\"inLanguage\":\"pt-BR\"},{\"@type\":\"WebPage\",\"@id\":\"https:\\\/\\\/www.sabra.org.br\\\/site\\\/inclusao-social-2\\\/\",\"url\":\"https:\\\/\\\/www.sabra.org.br\\\/site\\\/inclusao-social-2\\\/\",\"name\":\"Inclus\u00e3o social - SABRA - Sociedade Art\u00edstica Brasileira\",\"isPartOf\":{\"@id\":\"https:\\\/\\\/www.sabra.org.br\\\/site\\\/#website\"},\"primaryImageOfPage\":{\"@id\":\"https:\\\/\\\/www.sabra.org.br\\\/site\\\/inclusao-social-2\\\/#primaryimage\"},\"image\":{\"@id\":\"https:\\\/\\\/www.sabra.org.br\\\/site\\\/inclusao-social-2\\\/#primaryimage\"},\"thumbnailUrl\":\"https:\\\/\\\/www.sabra.org.br\\\/site\\\/wp-content\\\/uploads\\\/2020\\\/04\\\/qual-a-importancia-da-politica-de-inclusao-social-nos-dias-de-hoje-20191202180617.jpg.jpg\",\"datePublished\":\"2020-04-26T00:10:42+00:00\",\"description\":\"Por meio da arte e da cultura buscamos promover a inclus\u00e3o e integra\u00e7\u00e3o social de jovens. Quer conhecer mais sobre o nosso projeto? Acesse nosso site.\",\"breadcrumb\":{\"@id\":\"https:\\\/\\\/www.sabra.org.br\\\/site\\\/inclusao-social-2\\\/#breadcrumb\"},\"inLanguage\":\"pt-BR\",\"potentialAction\":[{\"@type\":\"ReadAction\",\"target\":[\"https:\\\/\\\/www.sabra.org.br\\\/site\\\/inclusao-social-2\\\/\"]}]},{\"@type\":\"ImageObject\",\"inLanguage\":\"pt-BR\",\"@id\":\"https:\\\/\\\/www.sabra.org.br\\\/site\\\/inclusao-social-2\\\/#primaryimage\",\"url\":\"https:\\\/\\\/www.sabra.org.br\\\/site\\\/wp-content\\\/uploads\\\/2020\\\/04\\\/qual-a-importancia-da-politica-de-inclusao-social-nos-dias-de-hoje-20191202180617.jpg.jpg\",\"contentUrl\":\"https:\\\/\\\/www.sabra.org.br\\\/site\\\/wp-content\\\/uploads\\\/2020\\\/04\\\/qual-a-importancia-da-politica-de-inclusao-social-nos-dias-de-hoje-20191202180617.jpg.jpg\",\"width\":800,\"height\":534,\"caption\":\"Sociedade Art\u00edstica Brasileira SABRA\"},{\"@type\":\"BreadcrumbList\",\"@id\":\"https:\\\/\\\/www.sabra.org.br\\\/site\\\/inclusao-social-2\\\/#breadcrumb\",\"itemListElement\":[{\"@type\":\"ListItem\",\"position\":1,\"name\":\"In\u00edcio\",\"item\":\"https:\\\/\\\/www.sabra.org.br\\\/site\\\/\"},{\"@type\":\"ListItem\",\"position\":2,\"name\":\"Inclus\u00e3o social\"}]},{\"@type\":\"WebSite\",\"@id\":\"https:\\\/\\\/www.sabra.org.br\\\/site\\\/#website\",\"url\":\"https:\\\/\\\/www.sabra.org.br\\\/site\\\/\",\"name\":\"SABRA - Sociedade Art\u00edstica Brasileira\",\"description\":\"Escola de M\u00fasica, Orquestra Sinf\u00f4nica, Coral e Patrim\u00f4nio Cultural e Hist\u00f3rico\",\"publisher\":{\"@id\":\"https:\\\/\\\/www.sabra.org.br\\\/site\\\/#organization\"},\"potentialAction\":[{\"@type\":\"SearchAction\",\"target\":{\"@type\":\"EntryPoint\",\"urlTemplate\":\"https:\\\/\\\/www.sabra.org.br\\\/site\\\/?s={search_term_string}\"},\"query-input\":{\"@type\":\"PropertyValueSpecification\",\"valueRequired\":true,\"valueName\":\"search_term_string\"}}],\"inLanguage\":\"pt-BR\"},{\"@type\":\"Organization\",\"@id\":\"https:\\\/\\\/www.sabra.org.br\\\/site\\\/#organization\",\"name\":\"SOCIEDADE ART\u00cdSTICA BRASILEIRA SABRA\",\"alternateName\":\"SABRA\",\"url\":\"https:\\\/\\\/www.sabra.org.br\\\/site\\\/\",\"logo\":{\"@type\":\"ImageObject\",\"inLanguage\":\"pt-BR\",\"@id\":\"https:\\\/\\\/www.sabra.org.br\\\/site\\\/#\\\/schema\\\/logo\\\/image\\\/\",\"url\":\"https:\\\/\\\/www.sabra.org.br\\\/site\\\/wp-content\\\/uploads\\\/2019\\\/06\\\/cropped-Logo_SABRA-Copia-1.webp\",\"contentUrl\":\"https:\\\/\\\/www.sabra.org.br\\\/site\\\/wp-content\\\/uploads\\\/2019\\\/06\\\/cropped-Logo_SABRA-Copia-1.webp\",\"width\":400,\"height\":128,\"caption\":\"SOCIEDADE ART\u00cdSTICA BRASILEIRA SABRA\"},\"image\":{\"@id\":\"https:\\\/\\\/www.sabra.org.br\\\/site\\\/#\\\/schema\\\/logo\\\/image\\\/\"},\"sameAs\":[\"https:\\\/\\\/www.facebook.com\\\/sabrabrasil\",\"https:\\\/\\\/x.com\\\/ContatoSabra\",\"https:\\\/\\\/www.instagram.com\\\/sabrabrasil\\\/\",\"https:\\\/\\\/www.linkedin.com\\\/company\\\/25002088\\\/\",\"https:\\\/\\\/br.pinterest.com\\\/sociedadeartisticabrasileira\\\/\",\"https:\\\/\\\/www.youtube.com\\\/c\\\/sabrabrasil\"]},{\"@type\":\"Person\",\"@id\":\"https:\\\/\\\/www.sabra.org.br\\\/site\\\/#\\\/schema\\\/person\\\/7d1d222c3c8891d4c37c7b41bf6315c2\",\"name\":\"M\u00e1rcio Miranda Pontes\",\"image\":{\"@type\":\"ImageObject\",\"inLanguage\":\"pt-BR\",\"@id\":\"https:\\\/\\\/secure.gravatar.com\\\/avatar\\\/3b45f24496a7625a3a6c436688fbe20344faaeb2979658dc4a9921f984d7df9a?s=96&d=mm&r=g\",\"url\":\"https:\\\/\\\/secure.gravatar.com\\\/avatar\\\/3b45f24496a7625a3a6c436688fbe20344faaeb2979658dc4a9921f984d7df9a?s=96&d=mm&r=g\",\"contentUrl\":\"https:\\\/\\\/secure.gravatar.com\\\/avatar\\\/3b45f24496a7625a3a6c436688fbe20344faaeb2979658dc4a9921f984d7df9a?s=96&d=mm&r=g\",\"caption\":\"M\u00e1rcio Miranda Pontes\"},\"sameAs\":[\"http:\\\/\\\/www.sabra.org.br\"],\"url\":\"https:\\\/\\\/www.sabra.org.br\\\/site\\\/author\\\/marcio-miranda-pontes\\\/\"}]}<\/script>\n<!-- \/ Yoast SEO plugin. -->","yoast_head_json":{"title":"Inclus\u00e3o social - SABRA - Sociedade Art\u00edstica Brasileira","description":"Por meio da arte e da cultura buscamos promover a inclus\u00e3o e integra\u00e7\u00e3o social de jovens. Quer conhecer mais sobre o nosso projeto? Acesse nosso site.","robots":{"index":"index","follow":"follow","max-snippet":"max-snippet:-1","max-image-preview":"max-image-preview:large","max-video-preview":"max-video-preview:-1"},"canonical":"https:\/\/www.sabra.org.br\/site\/inclusao-social-2\/","og_locale":"pt_BR","og_type":"article","og_title":"Inclus\u00e3o social - SABRA - Sociedade Art\u00edstica Brasileira","og_description":"Por meio da arte e da cultura buscamos promover a inclus\u00e3o e integra\u00e7\u00e3o social de jovens. Quer conhecer mais sobre o nosso projeto? Acesse nosso site.","og_url":"https:\/\/www.sabra.org.br\/site\/inclusao-social-2\/","og_site_name":"SABRA - Sociedade Art\u00edstica Brasileira","article_publisher":"https:\/\/www.facebook.com\/sabrabrasil","article_published_time":"2020-04-26T00:10:42+00:00","og_image":[{"width":800,"height":534,"url":"https:\/\/i0.wp.com\/www.sabra.org.br\/site\/wp-content\/uploads\/2020\/04\/qual-a-importancia-da-politica-de-inclusao-social-nos-dias-de-hoje-20191202180617.jpg.jpg?fit=800%2C534&ssl=1","type":"image\/jpeg"}],"author":"M\u00e1rcio Miranda Pontes","twitter_card":"summary_large_image","twitter_creator":"@ContatoSabra","twitter_site":"@ContatoSabra","twitter_misc":{"Escrito por":"M\u00e1rcio Miranda Pontes","Est. tempo de leitura":"5 minutos"},"schema":{"@context":"https:\/\/schema.org","@graph":[{"@type":"Article","@id":"https:\/\/www.sabra.org.br\/site\/inclusao-social-2\/#article","isPartOf":{"@id":"https:\/\/www.sabra.org.br\/site\/inclusao-social-2\/"},"author":{"name":"M\u00e1rcio Miranda Pontes","@id":"https:\/\/www.sabra.org.br\/site\/#\/schema\/person\/7d1d222c3c8891d4c37c7b41bf6315c2"},"headline":"Inclus\u00e3o social","datePublished":"2020-04-26T00:10:42+00:00","mainEntityOfPage":{"@id":"https:\/\/www.sabra.org.br\/site\/inclusao-social-2\/"},"wordCount":949,"publisher":{"@id":"https:\/\/www.sabra.org.br\/site\/#organization"},"image":{"@id":"https:\/\/www.sabra.org.br\/site\/inclusao-social-2\/#primaryimage"},"thumbnailUrl":"https:\/\/www.sabra.org.br\/site\/wp-content\/uploads\/2020\/04\/qual-a-importancia-da-politica-de-inclusao-social-nos-dias-de-hoje-20191202180617.jpg.jpg","keywords":["Assist\u00eancia social","Canto Coral","Escola de M\u00fasica de Nova Lima","Escola de Musica SABRA","FIA","IRPF 2020","Musicaliza\u00e7\u00e3o Infantil","Orquestra Infanto Juvenil de Betim","Orquestra Sinf\u00f4nica de Betim","Sociedade Art\u00edstica Brasileira"],"articleSection":["Blog SABRA"],"inLanguage":"pt-BR"},{"@type":"WebPage","@id":"https:\/\/www.sabra.org.br\/site\/inclusao-social-2\/","url":"https:\/\/www.sabra.org.br\/site\/inclusao-social-2\/","name":"Inclus\u00e3o social - SABRA - Sociedade Art\u00edstica Brasileira","isPartOf":{"@id":"https:\/\/www.sabra.org.br\/site\/#website"},"primaryImageOfPage":{"@id":"https:\/\/www.sabra.org.br\/site\/inclusao-social-2\/#primaryimage"},"image":{"@id":"https:\/\/www.sabra.org.br\/site\/inclusao-social-2\/#primaryimage"},"thumbnailUrl":"https:\/\/www.sabra.org.br\/site\/wp-content\/uploads\/2020\/04\/qual-a-importancia-da-politica-de-inclusao-social-nos-dias-de-hoje-20191202180617.jpg.jpg","datePublished":"2020-04-26T00:10:42+00:00","description":"Por meio da arte e da cultura buscamos promover a inclus\u00e3o e integra\u00e7\u00e3o social de jovens. Quer conhecer mais sobre o nosso projeto? Acesse nosso site.","breadcrumb":{"@id":"https:\/\/www.sabra.org.br\/site\/inclusao-social-2\/#breadcrumb"},"inLanguage":"pt-BR","potentialAction":[{"@type":"ReadAction","target":["https:\/\/www.sabra.org.br\/site\/inclusao-social-2\/"]}]},{"@type":"ImageObject","inLanguage":"pt-BR","@id":"https:\/\/www.sabra.org.br\/site\/inclusao-social-2\/#primaryimage","url":"https:\/\/www.sabra.org.br\/site\/wp-content\/uploads\/2020\/04\/qual-a-importancia-da-politica-de-inclusao-social-nos-dias-de-hoje-20191202180617.jpg.jpg","contentUrl":"https:\/\/www.sabra.org.br\/site\/wp-content\/uploads\/2020\/04\/qual-a-importancia-da-politica-de-inclusao-social-nos-dias-de-hoje-20191202180617.jpg.jpg","width":800,"height":534,"caption":"Sociedade Art\u00edstica Brasileira SABRA"},{"@type":"BreadcrumbList","@id":"https:\/\/www.sabra.org.br\/site\/inclusao-social-2\/#breadcrumb","itemListElement":[{"@type":"ListItem","position":1,"name":"In\u00edcio","item":"https:\/\/www.sabra.org.br\/site\/"},{"@type":"ListItem","position":2,"name":"Inclus\u00e3o social"}]},{"@type":"WebSite","@id":"https:\/\/www.sabra.org.br\/site\/#website","url":"https:\/\/www.sabra.org.br\/site\/","name":"SABRA - Sociedade Art\u00edstica Brasileira","description":"Escola de M\u00fasica, Orquestra Sinf\u00f4nica, Coral e Patrim\u00f4nio Cultural e Hist\u00f3rico","publisher":{"@id":"https:\/\/www.sabra.org.br\/site\/#organization"},"potentialAction":[{"@type":"SearchAction","target":{"@type":"EntryPoint","urlTemplate":"https:\/\/www.sabra.org.br\/site\/?s={search_term_string}"},"query-input":{"@type":"PropertyValueSpecification","valueRequired":true,"valueName":"search_term_string"}}],"inLanguage":"pt-BR"},{"@type":"Organization","@id":"https:\/\/www.sabra.org.br\/site\/#organization","name":"SOCIEDADE ART\u00cdSTICA BRASILEIRA SABRA","alternateName":"SABRA","url":"https:\/\/www.sabra.org.br\/site\/","logo":{"@type":"ImageObject","inLanguage":"pt-BR","@id":"https:\/\/www.sabra.org.br\/site\/#\/schema\/logo\/image\/","url":"https:\/\/www.sabra.org.br\/site\/wp-content\/uploads\/2019\/06\/cropped-Logo_SABRA-Copia-1.webp","contentUrl":"https:\/\/www.sabra.org.br\/site\/wp-content\/uploads\/2019\/06\/cropped-Logo_SABRA-Copia-1.webp","width":400,"height":128,"caption":"SOCIEDADE ART\u00cdSTICA BRASILEIRA SABRA"},"image":{"@id":"https:\/\/www.sabra.org.br\/site\/#\/schema\/logo\/image\/"},"sameAs":["https:\/\/www.facebook.com\/sabrabrasil","https:\/\/x.com\/ContatoSabra","https:\/\/www.instagram.com\/sabrabrasil\/","https:\/\/www.linkedin.com\/company\/25002088\/","https:\/\/br.pinterest.com\/sociedadeartisticabrasileira\/","https:\/\/www.youtube.com\/c\/sabrabrasil"]},{"@type":"Person","@id":"https:\/\/www.sabra.org.br\/site\/#\/schema\/person\/7d1d222c3c8891d4c37c7b41bf6315c2","name":"M\u00e1rcio Miranda Pontes","image":{"@type":"ImageObject","inLanguage":"pt-BR","@id":"https:\/\/secure.gravatar.com\/avatar\/3b45f24496a7625a3a6c436688fbe20344faaeb2979658dc4a9921f984d7df9a?s=96&d=mm&r=g","url":"https:\/\/secure.gravatar.com\/avatar\/3b45f24496a7625a3a6c436688fbe20344faaeb2979658dc4a9921f984d7df9a?s=96&d=mm&r=g","contentUrl":"https:\/\/secure.gravatar.com\/avatar\/3b45f24496a7625a3a6c436688fbe20344faaeb2979658dc4a9921f984d7df9a?s=96&d=mm&r=g","caption":"M\u00e1rcio Miranda Pontes"},"sameAs":["http:\/\/www.sabra.org.br"],"url":"https:\/\/www.sabra.org.br\/site\/author\/marcio-miranda-pontes\/"}]}},"jetpack_featured_media_url":"https:\/\/www.sabra.org.br\/site\/wp-content\/uploads\/2020\/04\/qual-a-importancia-da-politica-de-inclusao-social-nos-dias-de-hoje-20191202180617.jpg.jpg","jetpack_shortlink":"https:\/\/wp.me\/p95j2Z-Kg","jetpack-related-posts":[{"id":13148,"url":"https:\/\/www.sabra.org.br\/site\/integracao-x-inclusao-social-qual-a-diferenca-entre-os-dois\/","url_meta":{"origin":2868,"position":0},"title":"Integra\u00e7\u00e3o X Inclus\u00e3o Social: Qual a diferen\u00e7a entre os dois?","author":"","date":"22 de agosto de 2025","format":false,"excerpt":"Integra\u00e7\u00e3o e inclus\u00e3o social muitas vezes s\u00e3o usadas erroneamente como sin\u00f4nimos. Mas acredite: h\u00e1 uma diferen\u00e7a sens\u00edvel entre esses dois conceitos. Cada termo possui sua import\u00e2ncia em um contexto hist\u00f3rico, mas \u00e9 preciso dissec\u00e1-los para entender o que exatamente os separa. Portanto, chegou a hora de entender a diferen\u00e7a entre\u2026","rel":"","context":"Em &quot;Blog SABRA&quot;","block_context":{"text":"Blog SABRA","link":"https:\/\/www.sabra.org.br\/site\/category\/blog-sabra\/"},"img":{"alt_text":"","src":"","width":0,"height":0},"classes":[]},{"id":4054,"url":"https:\/\/www.sabra.org.br\/site\/inclusao-social-3\/","url_meta":{"origin":2868,"position":1},"title":"Inclus\u00e3o social &#8211; Como pratic\u00e1-la?","author":"M\u00e1rcio Miranda Pontes","date":"26 de julho de 2021","format":false,"excerpt":"Inclus\u00e3o social - Como pratic\u00e1-la? A inclus\u00e3o social tem sido bastante discutida nos \u00faltimos tempos. Isso porque uma boa parte da sociedade n\u00e3o tolera mais as desigualdades sociais. Mas, afinal, voc\u00ea sabe o que \u00e9 inclus\u00e3o social e como pratic\u00e1-la? Saiba mais no artigo.","rel":"","context":"Em &quot;Blog SABRA&quot;","block_context":{"text":"Blog SABRA","link":"https:\/\/www.sabra.org.br\/site\/category\/blog-sabra\/"},"img":{"alt_text":"inclus\u00e3o-social-pessoas","src":"https:\/\/i0.wp.com\/www.sabra.org.br\/site\/wp-content\/uploads\/2021\/07\/afinal-o-que-e-inclusao-social-e-como-pratica-la-20210609152644.jpg.jpg?resize=350%2C200&ssl=1","width":350,"height":200,"srcset":"https:\/\/i0.wp.com\/www.sabra.org.br\/site\/wp-content\/uploads\/2021\/07\/afinal-o-que-e-inclusao-social-e-como-pratica-la-20210609152644.jpg.jpg?resize=350%2C200&ssl=1 1x, https:\/\/i0.wp.com\/www.sabra.org.br\/site\/wp-content\/uploads\/2021\/07\/afinal-o-que-e-inclusao-social-e-como-pratica-la-20210609152644.jpg.jpg?resize=525%2C300&ssl=1 1.5x, https:\/\/i0.wp.com\/www.sabra.org.br\/site\/wp-content\/uploads\/2021\/07\/afinal-o-que-e-inclusao-social-e-como-pratica-la-20210609152644.jpg.jpg?resize=700%2C400&ssl=1 2x"},"classes":[]},{"id":2881,"url":"https:\/\/www.sabra.org.br\/site\/inclusao-social-exemplos\/","url_meta":{"origin":2868,"position":2},"title":"Inclus\u00e3o social &#8211; exemplos","author":"M\u00e1rcio Miranda Pontes","date":"27 de abril de 2020","format":false,"excerpt":"A inclus\u00e3o social \u00e9 fundamental para garantir os direitos das pessoas que possuem necessidades especiais. Assim, atitudes que ajudem a reduzir o preconceito e a discrimina\u00e7\u00e3o contra esses indiv\u00edduos devem ser fortalecidas. Logo, iremos apresentar 4 exemplos dessa pr\u00e1tica que voc\u00ea precisa conhecer melhor!","rel":"","context":"Em &quot;Blog SABRA&quot;","block_context":{"text":"Blog SABRA","link":"https:\/\/www.sabra.org.br\/site\/category\/blog-sabra\/"},"img":{"alt_text":"inclusao-social","src":"https:\/\/i0.wp.com\/www.sabra.org.br\/site\/wp-content\/uploads\/2020\/04\/inclusao-social-x-exemplos-dessa-pratica-que-voce-precisa-conhecer-20191202180617.jpg.jpg?resize=350%2C200&ssl=1","width":350,"height":200,"srcset":"https:\/\/i0.wp.com\/www.sabra.org.br\/site\/wp-content\/uploads\/2020\/04\/inclusao-social-x-exemplos-dessa-pratica-que-voce-precisa-conhecer-20191202180617.jpg.jpg?resize=350%2C200&ssl=1 1x, https:\/\/i0.wp.com\/www.sabra.org.br\/site\/wp-content\/uploads\/2020\/04\/inclusao-social-x-exemplos-dessa-pratica-que-voce-precisa-conhecer-20191202180617.jpg.jpg?resize=525%2C300&ssl=1 1.5x, https:\/\/i0.wp.com\/www.sabra.org.br\/site\/wp-content\/uploads\/2020\/04\/inclusao-social-x-exemplos-dessa-pratica-que-voce-precisa-conhecer-20191202180617.jpg.jpg?resize=700%2C400&ssl=1 2x"},"classes":[]},{"id":1371,"url":"https:\/\/www.sabra.org.br\/site\/importancia-da-musica-na-inclusao-social\/","url_meta":{"origin":2868,"position":3},"title":"Saiba a import\u00e2ncia da m\u00fasica na inclus\u00e3o social.","author":"M\u00e1rcio Miranda Pontes","date":"9 de agosto de 2018","format":false,"excerpt":"A m\u00fasica tem papel importante na inclus\u00e3o social entre as pessoas. N\u00e3o \u00e9 de hoje que essa arte atua na transforma\u00e7\u00e3o da vida de milhares de jovens no Brasil. Com as oportunidades desiguais que encontramos em nossas periferias, a arte e a cultura muitas vezes se tornam a \u00fanica op\u00e7\u00e3o\u2026","rel":"","context":"Em &quot;Blog SABRA&quot;","block_context":{"text":"Blog SABRA","link":"https:\/\/www.sabra.org.br\/site\/category\/blog-sabra\/"},"img":{"alt_text":"M\u00fasica Inclus\u00e3o","src":"https:\/\/i0.wp.com\/www.sabra.org.br\/site\/wp-content\/uploads\/2018\/08\/saiba-a-importancia-da-musica-na-inclusao-social-20180417140635.jpg.jpg?resize=350%2C200&ssl=1","width":350,"height":200,"srcset":"https:\/\/i0.wp.com\/www.sabra.org.br\/site\/wp-content\/uploads\/2018\/08\/saiba-a-importancia-da-musica-na-inclusao-social-20180417140635.jpg.jpg?resize=350%2C200&ssl=1 1x, https:\/\/i0.wp.com\/www.sabra.org.br\/site\/wp-content\/uploads\/2018\/08\/saiba-a-importancia-da-musica-na-inclusao-social-20180417140635.jpg.jpg?resize=525%2C300&ssl=1 1.5x"},"classes":[]},{"id":13144,"url":"https:\/\/www.sabra.org.br\/site\/qual-o-papel-da-escola-no-processo-de-inclusao-social\/","url_meta":{"origin":2868,"position":4},"title":"Qual o papel da escola no processo de inclus\u00e3o social?","author":"","date":"22 de agosto de 2025","format":false,"excerpt":"A educa\u00e7\u00e3o \u00e9 um direito humano. No entanto, especialmente no passado, este princ\u00edpio j\u00e1 sofreu muitas viola\u00e7\u00f5es. H\u00e1 a quest\u00e3o da vulnerabilidade social, que ainda faz com que muitas crian\u00e7as no Brasil estejam fora da escola. Mas existe tamb\u00e9m outra luta de import\u00e2ncia proporcional: o esfor\u00e7o pela inclus\u00e3o. Neste sentido,\u2026","rel":"","context":"Em &quot;Blog SABRA&quot;","block_context":{"text":"Blog SABRA","link":"https:\/\/www.sabra.org.br\/site\/category\/blog-sabra\/"},"img":{"alt_text":"","src":"","width":0,"height":0},"classes":[]},{"id":13244,"url":"https:\/\/www.sabra.org.br\/site\/lingua-de-sinais-e-musica-uma-melhor-inclusao-de-pessoas-com-deficiencia-auditiva\/","url_meta":{"origin":2868,"position":5},"title":"L\u00edngua de sinais e m\u00fasica: uma melhor inclus\u00e3o de pessoas com defici\u00eancia auditiva","author":"","date":"22 de agosto de 2025","format":false,"excerpt":"A m\u00fasica \u00e9 uma forma de express\u00e3o que transcende barreiras culturais e lingu\u00edsticas. Ela tem o poder de nos conectar emocionalmente e nos mover de maneiras profundas. No entanto, para pessoas com defici\u00eancia auditiva, essa conex\u00e3o muitas vezes \u00e9 inacess\u00edvel devido \u00e0 falta de compreens\u00e3o da m\u00fasica convencional. \u00c9 a\u00ed\u2026","rel":"","context":"Em &quot;Blog SABRA&quot;","block_context":{"text":"Blog SABRA","link":"https:\/\/www.sabra.org.br\/site\/category\/blog-sabra\/"},"img":{"alt_text":"","src":"","width":0,"height":0},"classes":[]}],"jetpack_likes_enabled":true,"jetpack_sharing_enabled":true,"_links":{"self":[{"href":"https:\/\/www.sabra.org.br\/site\/wp-json\/wp\/v2\/posts\/2868","targetHints":{"allow":["GET"]}}],"collection":[{"href":"https:\/\/www.sabra.org.br\/site\/wp-json\/wp\/v2\/posts"}],"about":[{"href":"https:\/\/www.sabra.org.br\/site\/wp-json\/wp\/v2\/types\/post"}],"author":[{"embeddable":true,"href":"https:\/\/www.sabra.org.br\/site\/wp-json\/wp\/v2\/users\/39"}],"replies":[{"embeddable":true,"href":"https:\/\/www.sabra.org.br\/site\/wp-json\/wp\/v2\/comments?post=2868"}],"version-history":[{"count":0,"href":"https:\/\/www.sabra.org.br\/site\/wp-json\/wp\/v2\/posts\/2868\/revisions"}],"wp:featuredmedia":[{"embeddable":true,"href":"https:\/\/www.sabra.org.br\/site\/wp-json\/wp\/v2\/media\/2872"}],"wp:attachment":[{"href":"https:\/\/www.sabra.org.br\/site\/wp-json\/wp\/v2\/media?parent=2868"}],"wp:term":[{"taxonomy":"category","embeddable":true,"href":"https:\/\/www.sabra.org.br\/site\/wp-json\/wp\/v2\/categories?post=2868"},{"taxonomy":"post_tag","embeddable":true,"href":"https:\/\/www.sabra.org.br\/site\/wp-json\/wp\/v2\/tags?post=2868"}],"curies":[{"name":"wp","href":"https:\/\/api.w.org\/{rel}","templated":true}]}}