{"id":2881,"date":"2020-04-27T11:41:53","date_gmt":"2020-04-27T14:41:53","guid":{"rendered":"https:\/\/www.sabra.org.br\/site\/?p=2881"},"modified":"2025-04-18T10:32:53","modified_gmt":"2025-04-18T13:32:53","slug":"inclusao-social-exemplos","status":"publish","type":"post","link":"https:\/\/www.sabra.org.br\/site\/inclusao-social-exemplos\/","title":{"rendered":"Inclus\u00e3o social &#8211; exemplos"},"content":{"rendered":"<h2>Inclus\u00e3o social: 4 exemplos dessa pr\u00e1tica que voc\u00ea precisa conhecer<\/h2>\n<p>A inclus\u00e3o social tem como objetivo inserir as pessoas que possuem algum tipo de defici\u00eancia f\u00edsica ou psicol\u00f3gica em nossa sociedade. Logo, esse processo come\u00e7a na educa\u00e7\u00e3o b\u00e1sica, em que a crian\u00e7a come\u00e7a a se desenvolver. Assim tamb\u00e9m, abrange a sua vida adulta, em casa, no trabalho e em outros locais de intera\u00e7\u00e3o social. Com isso, pessoas com limita\u00e7\u00f5es auditivas, visuais ou de locomo\u00e7\u00e3o, por exemplo, podem se relacionar com os demais de maneira eficaz.<\/p>\n<p>Diante disso, iremos apresentar 4 exemplos dessa pr\u00e1tica que voc\u00ea precisa conhecer melhor. Da mesma forma, \u00e9 poss\u00edvel ajudar a combater preconceitos cultivados durante anos contra esses indiv\u00edduos. Eles foram exclu\u00eddos por d\u00e9cadas do meio de conv\u00edvio de outras pessoas consideradas como normais pelos padr\u00f5es impostos pela sociedade.<\/p>\n<h2>A arte e a cultura no processo de inclus\u00e3o social<\/h2>\n<p>Por meio da arte, as pessoas que t\u00eam necessidades especiais podem aperfei\u00e7oar o desenvolvimento de suas habilidades psicomotoras. Entre elas, est\u00e1 a capacidade de perceber o que est\u00e1 acontecendo a sua volta.<\/p>\n<p>Por outro lado, a constru\u00e7\u00e3o da identidade cultural \u00e9 importante para diminuir as desigualdades sociais e promover a inclus\u00e3o. Isso pode ocorrer atrav\u00e9s de instrumentos musicais, teatro, dan\u00e7a, pintura e outras maneiras de expressar seus dons art\u00edsticos. Assim, o est\u00edmulo \u00e0 sensibilidade da crian\u00e7a \u00e9 fundamental para o relacionamento com o p\u00fablico em seu redor.<\/p>\n<h2>A inclus\u00e3o dos jovens no mercado de trabalho<\/h2>\n<p>Outro desafio \u00e9 a inclus\u00e3o dos jovens nos ambientes das empresas, especialmente daqueles que possuem necessidades especiais. Logo, isso acontece devido ao baixo n\u00edvel de escolaridade, influenciado pelas dificuldades de acesso a educa\u00e7\u00e3o na inf\u00e2ncia e adolesc\u00eancia.<\/p>\n<p>Diante disso, muitas empresas n\u00e3o conseguem cumprir a Lei de Cotas para deficientes f\u00edsicos. Ela determina um percentual que varia entre 2% e 5% de vagas, segundo a quantidade de funcion\u00e1rios na organiza\u00e7\u00e3o.<\/p>\n<h2>A import\u00e2ncia da acessibilidade para a pr\u00e1tica de inclus\u00e3o social<\/h2>\n<p>Por outro lado, a acessibilidade \u00e9 um fator necess\u00e1rio para a inclus\u00e3o nesses ambientes sociais. Por exemplo, os espa\u00e7os de trabalho, \u00e1reas escolares e lugares p\u00fablicos devem apresentar meios para facilitar esse processo. Assim, pessoas com dificuldade de locomo\u00e7\u00e3o, vis\u00e3o ou audi\u00e7\u00e3o poder\u00e3o utilizar esses meios de intera\u00e7\u00e3o social de maneira mais eficiente.<\/p>\n<p>Assim tamb\u00e9m, o direito de ir e vir, bem como o acesso \u00e0 comunica\u00e7\u00e3o e informa\u00e7\u00e3o \u00e9 garantido por lei. Com isso, \u00e9 importante que o ambiente p\u00fablico ou privado em que as pessoas compartilham seja adequado para todos. Dessa maneira, a pr\u00e1tica de inclus\u00e3o social ser\u00e1 preservada, por meio de atitudes que reduzam o preconceito e a discrimina\u00e7\u00e3o.<\/p>\n<h2>A autonomia e a redu\u00e7\u00e3o da discrimina\u00e7\u00e3o social<\/h2>\n<p>Programas de reabilita\u00e7\u00e3o e inser\u00e7\u00e3o desse p\u00fablico nos meios de conv\u00edvio sociais estimulam o desenvolvimento da autonomia. Com isso, tarefas que antes eram necess\u00e1rias que algu\u00e9m prestasse aux\u00edlio, agora s\u00e3o executadas de maneira independente. Dessa forma, a adapta\u00e7\u00e3o \u00e9 essencial para os espa\u00e7os utilizados. Assim como a utiliza\u00e7\u00e3o de recursos como a Libras (L\u00edngua Brasileira de Sinais), o sistema Braille, entre outros m\u00e9todos.<\/p>\n<p>Portanto, \u00e9 fundamental compreender os in\u00fameros desafios enfrentados por aqueles que possuem alguma limita\u00e7\u00e3o f\u00edsica ou psicol\u00f3gica. Da mesma forma, ajudar a promover a\u00e7\u00f5es para reduzir pr\u00e1ticas de exclus\u00e3o e preconceitos que perseguiram durante s\u00e9culos os deficientes f\u00edsicos.<\/p>\n<hr \/>\n<h2>FIA &#8211; IRPF 2020 &#8211;\u00a0DOE PARA A SABRA.<\/h2>\n<p>Voc\u00ea escolhe onde parte de seu imposto de renda ser\u00e1 aplicado. Junto com a SABRA, seus projetos e a\u00e7\u00f5es voc\u00ea vai ajudar a transformar vidas. Sem custos para voc\u00ea e n\u00e3o interfere em outras dedu\u00e7\u00f5es. Aproveite o tempo de quarentena do Covid-19 para fazer sua declara\u00e7\u00e3o IRPF 2020.<\/p>\n<h2>Veja como \u00e9 f\u00e1cil: s\u00e3o poucos passos!<\/h2>\n<p>1 \u2013 Ap\u00f3s preencher e conferir sua declara\u00e7\u00e3o no programa da Receita Federal e antes de remete-la, cliquar na aba \u201cDoa\u00e7\u00f5es Diretamente na Declara\u00e7\u00e3o\u201d e clicar em \u201cNovo\u201d <img fetchpriority=\"high\" decoding=\"async\" data-attachment-id=\"2440\" data-permalink=\"https:\/\/www.sabra.org.br\/site\/imposto-de-renda\/01-novo-2\/\" data-orig-file=\"https:\/\/www.sabra.org.br\/site\/wp-content\/uploads\/2020\/02\/01-Novo-1.jpg\" data-orig-size=\"1366,728\" data-comments-opened=\"1\" data-image-meta=\"{&quot;aperture&quot;:&quot;0&quot;,&quot;credit&quot;:&quot;&quot;,&quot;camera&quot;:&quot;&quot;,&quot;caption&quot;:&quot;&quot;,&quot;created_timestamp&quot;:&quot;0&quot;,&quot;copyright&quot;:&quot;&quot;,&quot;focal_length&quot;:&quot;0&quot;,&quot;iso&quot;:&quot;0&quot;,&quot;shutter_speed&quot;:&quot;0&quot;,&quot;title&quot;:&quot;&quot;,&quot;orientation&quot;:&quot;0&quot;}\" data-image-title=\"01-Novo\" data-image-description=\"&lt;p&gt;Sociedade Art\u00edstica Brasileira&lt;\/p&gt;\n\" data-image-caption=\"&lt;p&gt;FIA &amp;#8211; Fundo da Inf\u00e2ncia e Adolesc\u00eancia&lt;\/p&gt;\n\" data-large-file=\"https:\/\/www.sabra.org.br\/site\/wp-content\/uploads\/2020\/02\/01-Novo-1-1024x546.jpg\" class=\"alignnone wp-image-2440 size-full\" src=\"https:\/\/www.sabra.org.br\/site\/wp-content\/uploads\/2020\/02\/01-Novo-1.jpg\" alt=\"FIA - Fundo da Inf\u00e2ncia e Adolesc\u00eancia\" width=\"1366\" height=\"728\" srcset=\"https:\/\/www.sabra.org.br\/site\/wp-content\/uploads\/2020\/02\/01-Novo-1.jpg 1366w, https:\/\/www.sabra.org.br\/site\/wp-content\/uploads\/2020\/02\/01-Novo-1-300x160.jpg 300w, https:\/\/www.sabra.org.br\/site\/wp-content\/uploads\/2020\/02\/01-Novo-1-1024x546.jpg 1024w, https:\/\/www.sabra.org.br\/site\/wp-content\/uploads\/2020\/02\/01-Novo-1-768x409.jpg 768w\" sizes=\"(max-width: 1366px) 100vw, 1366px\" \/> 2 \u2013 Selecionar as op\u00e7\u00f5es: Municipal, Estado (MG \u2013 Minas Gerais) e Munic\u00edpio (Betim &#8211; 21.101.865\/0001-14); <img decoding=\"async\" data-attachment-id=\"2438\" data-permalink=\"https:\/\/www.sabra.org.br\/site\/imposto-de-renda\/02-municipio\/\" data-orig-file=\"https:\/\/www.sabra.org.br\/site\/wp-content\/uploads\/2020\/02\/02-munic\u00edpio.jpg\" data-orig-size=\"1366,728\" data-comments-opened=\"1\" data-image-meta=\"{&quot;aperture&quot;:&quot;0&quot;,&quot;credit&quot;:&quot;&quot;,&quot;camera&quot;:&quot;&quot;,&quot;caption&quot;:&quot;&quot;,&quot;created_timestamp&quot;:&quot;0&quot;,&quot;copyright&quot;:&quot;&quot;,&quot;focal_length&quot;:&quot;0&quot;,&quot;iso&quot;:&quot;0&quot;,&quot;shutter_speed&quot;:&quot;0&quot;,&quot;title&quot;:&quot;&quot;,&quot;orientation&quot;:&quot;0&quot;}\" data-image-title=\"02-munic\u00edpio\" data-image-description=\"&lt;p&gt;Sociedade Art\u00edstica Brasileira&lt;\/p&gt;\n\" data-image-caption=\"&lt;p&gt;FIA &amp;#8211; Fundo da Inf\u00e2ncia e Adolesc\u00eancia&lt;\/p&gt;\n\" data-large-file=\"https:\/\/www.sabra.org.br\/site\/wp-content\/uploads\/2020\/02\/02-munic\u00edpio-1024x546.jpg\" class=\"alignnone wp-image-2438 size-full\" src=\"https:\/\/www.sabra.org.br\/site\/wp-content\/uploads\/2020\/02\/02-munic\u00edpio.jpg\" alt=\"FIA - Fundo da Inf\u00e2ncia e Adolesc\u00eancia\" width=\"1366\" height=\"728\" srcset=\"https:\/\/www.sabra.org.br\/site\/wp-content\/uploads\/2020\/02\/02-munic\u00edpio.jpg 1366w, https:\/\/www.sabra.org.br\/site\/wp-content\/uploads\/2020\/02\/02-munic\u00edpio-300x160.jpg 300w, https:\/\/www.sabra.org.br\/site\/wp-content\/uploads\/2020\/02\/02-munic\u00edpio-1024x546.jpg 1024w, https:\/\/www.sabra.org.br\/site\/wp-content\/uploads\/2020\/02\/02-munic\u00edpio-768x409.jpg 768w\" sizes=\"(max-width: 1366px) 100vw, 1366px\" \/> 3 \u2013 Verificar o \u201cValor Dispon\u00edvel para Destina\u00e7\u00e3o\u201d e copiar o n\u00famero para o campo \u201cValor\u201d (valor da doa\u00e7\u00e3o); <img decoding=\"async\" data-attachment-id=\"2439\" data-permalink=\"https:\/\/www.sabra.org.br\/site\/imposto-de-renda\/03-valor-2\/\" data-orig-file=\"https:\/\/www.sabra.org.br\/site\/wp-content\/uploads\/2020\/02\/03-valor-1.jpg\" data-orig-size=\"1366,726\" data-comments-opened=\"1\" data-image-meta=\"{&quot;aperture&quot;:&quot;0&quot;,&quot;credit&quot;:&quot;&quot;,&quot;camera&quot;:&quot;&quot;,&quot;caption&quot;:&quot;&quot;,&quot;created_timestamp&quot;:&quot;0&quot;,&quot;copyright&quot;:&quot;&quot;,&quot;focal_length&quot;:&quot;0&quot;,&quot;iso&quot;:&quot;0&quot;,&quot;shutter_speed&quot;:&quot;0&quot;,&quot;title&quot;:&quot;&quot;,&quot;orientation&quot;:&quot;0&quot;}\" data-image-title=\"03-valor\" data-image-description=\"&lt;p&gt;Sociedade Art\u00edstica Brasileira&lt;\/p&gt;\n\" data-image-caption=\"&lt;p&gt;FIA &amp;#8211; Fundo da Inf\u00e2ncia e Adolesc\u00eancia&lt;\/p&gt;\n\" data-large-file=\"https:\/\/www.sabra.org.br\/site\/wp-content\/uploads\/2020\/02\/03-valor-1-1024x544.jpg\" class=\"alignnone wp-image-2439 size-full\" src=\"https:\/\/www.sabra.org.br\/site\/wp-content\/uploads\/2020\/02\/03-valor-1.jpg\" alt=\"FIA - Fundo da Inf\u00e2ncia e Adolesc\u00eancia\" width=\"1366\" height=\"726\" srcset=\"https:\/\/www.sabra.org.br\/site\/wp-content\/uploads\/2020\/02\/03-valor-1.jpg 1366w, https:\/\/www.sabra.org.br\/site\/wp-content\/uploads\/2020\/02\/03-valor-1-300x159.jpg 300w, https:\/\/www.sabra.org.br\/site\/wp-content\/uploads\/2020\/02\/03-valor-1-1024x544.jpg 1024w, https:\/\/www.sabra.org.br\/site\/wp-content\/uploads\/2020\/02\/03-valor-1-768x408.jpg 768w\" sizes=\"(max-width: 1366px) 100vw, 1366px\" \/> 4 \u2013 Ap\u00f3s clicar em \u201cOK\u201d \u00e9 preciso selecionar a aba \u201cDarf \u2013 Doa\u00e7\u00f5es Diretamente na Declara\u00e7\u00e3o \u2013 ECA\u201d, imprimir o documento e realizar o pagamento at\u00e9 a data de vencimento. 5 \u2013 Para finalizar, digitalizar o comprovante de pagamento do DARF e enviar para o Conselho da Crian\u00e7a e Adolescente de Betim (cmdcafiabetim@gmail.com) com c\u00f3pia para a SABRA (sabra@sabra.org.br). Na mensagem informar que a doa\u00e7\u00e3o dever\u00e1 ser destinada \u00e0 Sociedade Art\u00edstica Brasileira SABRA. 6 \u2013 Pronto! Voc\u00ea acabou de transformar vidas!<\/p>\n<blockquote class=\"wp-embedded-content\" data-secret=\"vJgkRSF7sn\"><p><a href=\"https:\/\/www.sabra.org.br\/site\/livros-cinema\/\">Dicas de boas adapta\u00e7\u00f5es de livros para o cinema<\/a><\/p><\/blockquote>\n<p><iframe class=\"wp-embedded-content\" sandbox=\"allow-scripts\" security=\"restricted\" style=\"position: absolute; visibility: hidden;\" title=\"&#8220;Dicas de boas adapta\u00e7\u00f5es de livros para o cinema&#8221; &#8212; SABRA - Sociedade Art\u00edstica Brasileira\" src=\"https:\/\/www.sabra.org.br\/site\/livros-cinema\/embed\/#?secret=kpa3pyr1zy#?secret=vJgkRSF7sn\" data-secret=\"vJgkRSF7sn\" width=\"600\" height=\"338\" frameborder=\"0\" marginwidth=\"0\" marginheight=\"0\" scrolling=\"no\"><\/iframe><\/p>\n<h2>Se voc\u00ea gostou deste post:<\/h2>\n<p>&#8211; SIGA as nossas p\u00e1ginas nas redes sociais para acompanhar as nossas atualiza\u00e7\u00f5es: estamos no <a href=\"https:\/\/www.facebook.com\/sabrabrasil\" target=\"_blank\" rel=\"noopener noreferrer\">Facebook<\/a>, no <a href=\"https:\/\/www.instagram.com\/sabrabrasil\/\" target=\"_blank\" rel=\"noopener noreferrer\">Instagram<\/a>, no <a href=\"https:\/\/www.linkedin.com\/company\/25002088\" target=\"_blank\" rel=\"noopener noreferrer\">LinkedIn<\/a>, no <a href=\"https:\/\/twitter.com\/ContatoSabra\" target=\"_blank\" rel=\"noopener noreferrer\">Twitter<\/a> e no <a href=\"https:\/\/www.youtube.com\/channel\/UCJw-kbuEvzUNdeQf20Pa-eQ\" target=\"_blank\" rel=\"noopener noreferrer\">YouTube<\/a>!<\/p>\n<p>&#8211; CONHE\u00c7A o trabalho da Sociedade Art\u00edstica Brasileira (SABRA) e todas as iniciativas culturais e sociais que ela mant\u00e9m. <a href=\"https:\/\/www.sabra.org.br\/site\/acoes\/\" target=\"_blank\" rel=\"noopener noreferrer\">Acesse nosso site!<\/a><\/p>\n<p>&#8211; ENTRE EM CONTATO com a gente. E veja quais s\u00e3o as op\u00e7\u00f5es de ajuda na manuten\u00e7\u00e3o de nossas a\u00e7\u00f5es sociais e culturais. Basta acessar nossa p\u00e1gina <a href=\"https:\/\/www.sabra.org.br\/site\/doe-agora\/\" target=\"_blank\" rel=\"noopener noreferrer\">Doe Agora!<\/a><\/p>\n<p>&#8211; COMPARTILHE este texto nas suas redes sociais e ajude os seus amigos a tamb\u00e9m dominarem o assunto!<\/p>\n","protected":false},"excerpt":{"rendered":"<p>A inclus\u00e3o social \u00e9 fundamental para garantir os direitos das pessoas que possuem necessidades especiais. Assim, atitudes que ajudem a reduzir o preconceito e a discrimina\u00e7\u00e3o contra esses indiv\u00edduos devem ser fortalecidas. Logo, iremos apresentar 4 exemplos dessa pr\u00e1tica que voc\u00ea precisa conhecer melhor!<\/p>\n","protected":false},"author":39,"featured_media":2882,"comment_status":"closed","ping_status":"closed","sticky":false,"template":"","format":"standard","meta":{"jetpack_post_was_ever_published":false,"_jetpack_newsletter_access":"","_jetpack_dont_email_post_to_subs":false,"_jetpack_newsletter_tier_id":0,"_jetpack_memberships_contains_paywalled_content":false,"_jetpack_memberships_contains_paid_content":false,"footnotes":""},"categories":[1],"tags":[15,8,1846,1285,1047,2762,16,1286,11,9],"class_list":["post-2881","post","type-post","status-publish","format-standard","has-post-thumbnail","hentry","category-blog-sabra","tag-assistencia-social","tag-canto-coral","tag-escola-de-musica-de-nova-lima","tag-escola-de-musica-sabra","tag-fia","tag-irpf-2020","tag-musicalizacao-infantil","tag-orquestra-infanto-juvenil-de-betim","tag-orquestra-sinfonica-de-betim","tag-sociedade-artistica-brasileira"],"yoast_head":"<!-- This site is optimized with the Yoast SEO plugin v27.5 - https:\/\/yoast.com\/product\/yoast-seo-wordpress\/ -->\n<title>Inclus\u00e3o social - exemplos - SABRA - Sociedade Art\u00edstica Brasileira<\/title>\n<meta name=\"description\" content=\"A inclus\u00e3o social \u00e9 fundamental para garantir os direitos das pessoas que possuem necessidades especiais. Reduzir e eliminar o preconceito e a discrimina\u00e7\u00e3o\" \/>\n<meta name=\"robots\" content=\"index, follow, max-snippet:-1, max-image-preview:large, max-video-preview:-1\" \/>\n<link rel=\"canonical\" href=\"https:\/\/www.sabra.org.br\/site\/inclusao-social-exemplos\/\" \/>\n<meta property=\"og:locale\" content=\"pt_BR\" \/>\n<meta property=\"og:type\" content=\"article\" \/>\n<meta property=\"og:title\" content=\"Inclus\u00e3o social - exemplos - SABRA - Sociedade Art\u00edstica Brasileira\" \/>\n<meta property=\"og:description\" content=\"A inclus\u00e3o social \u00e9 fundamental para garantir os direitos das pessoas que possuem necessidades especiais. Reduzir e eliminar o preconceito e a discrimina\u00e7\u00e3o\" \/>\n<meta property=\"og:url\" content=\"https:\/\/www.sabra.org.br\/site\/inclusao-social-exemplos\/\" \/>\n<meta property=\"og:site_name\" content=\"SABRA - Sociedade Art\u00edstica Brasileira\" \/>\n<meta property=\"article:publisher\" content=\"https:\/\/www.facebook.com\/sabrabrasil\" \/>\n<meta property=\"article:published_time\" content=\"2020-04-27T14:41:53+00:00\" \/>\n<meta property=\"article:modified_time\" content=\"2025-04-18T13:32:53+00:00\" \/>\n<meta property=\"og:image\" content=\"https:\/\/www.sabra.org.br\/site\/wp-content\/uploads\/2020\/04\/inclusao-social-x-exemplos-dessa-pratica-que-voce-precisa-conhecer-20191202180617.jpg.jpg\" \/>\n\t<meta property=\"og:image:width\" content=\"800\" \/>\n\t<meta property=\"og:image:height\" content=\"533\" \/>\n\t<meta property=\"og:image:type\" content=\"image\/jpeg\" \/>\n<meta name=\"author\" content=\"M\u00e1rcio Miranda Pontes\" \/>\n<meta name=\"twitter:card\" content=\"summary_large_image\" \/>\n<meta name=\"twitter:creator\" content=\"@ContatoSabra\" \/>\n<meta name=\"twitter:site\" content=\"@ContatoSabra\" \/>\n<meta name=\"twitter:label1\" content=\"Escrito por\" \/>\n\t<meta name=\"twitter:data1\" content=\"M\u00e1rcio Miranda Pontes\" \/>\n\t<meta name=\"twitter:label2\" content=\"Est. tempo de leitura\" \/>\n\t<meta name=\"twitter:data2\" content=\"6 minutos\" \/>\n<script type=\"application\/ld+json\" class=\"yoast-schema-graph\">{\"@context\":\"https:\\\/\\\/schema.org\",\"@graph\":[{\"@type\":\"Article\",\"@id\":\"https:\\\/\\\/www.sabra.org.br\\\/site\\\/inclusao-social-exemplos\\\/#article\",\"isPartOf\":{\"@id\":\"https:\\\/\\\/www.sabra.org.br\\\/site\\\/inclusao-social-exemplos\\\/\"},\"author\":{\"name\":\"M\u00e1rcio Miranda Pontes\",\"@id\":\"https:\\\/\\\/www.sabra.org.br\\\/site\\\/#\\\/schema\\\/person\\\/7d1d222c3c8891d4c37c7b41bf6315c2\"},\"headline\":\"Inclus\u00e3o social &#8211; exemplos\",\"datePublished\":\"2020-04-27T14:41:53+00:00\",\"dateModified\":\"2025-04-18T13:32:53+00:00\",\"mainEntityOfPage\":{\"@id\":\"https:\\\/\\\/www.sabra.org.br\\\/site\\\/inclusao-social-exemplos\\\/\"},\"wordCount\":949,\"publisher\":{\"@id\":\"https:\\\/\\\/www.sabra.org.br\\\/site\\\/#organization\"},\"image\":{\"@id\":\"https:\\\/\\\/www.sabra.org.br\\\/site\\\/inclusao-social-exemplos\\\/#primaryimage\"},\"thumbnailUrl\":\"https:\\\/\\\/www.sabra.org.br\\\/site\\\/wp-content\\\/uploads\\\/2020\\\/04\\\/inclusao-social-x-exemplos-dessa-pratica-que-voce-precisa-conhecer-20191202180617.jpg.jpg\",\"keywords\":[\"Assist\u00eancia social\",\"Canto Coral\",\"Escola de M\u00fasica de Nova Lima\",\"Escola de Musica SABRA\",\"FIA\",\"IRPF 2020\",\"Musicaliza\u00e7\u00e3o Infantil\",\"Orquestra Infanto Juvenil de Betim\",\"Orquestra Sinf\u00f4nica de Betim\",\"Sociedade Art\u00edstica Brasileira\"],\"articleSection\":[\"Blog SABRA\"],\"inLanguage\":\"pt-BR\"},{\"@type\":\"WebPage\",\"@id\":\"https:\\\/\\\/www.sabra.org.br\\\/site\\\/inclusao-social-exemplos\\\/\",\"url\":\"https:\\\/\\\/www.sabra.org.br\\\/site\\\/inclusao-social-exemplos\\\/\",\"name\":\"Inclus\u00e3o social - exemplos - SABRA - Sociedade Art\u00edstica Brasileira\",\"isPartOf\":{\"@id\":\"https:\\\/\\\/www.sabra.org.br\\\/site\\\/#website\"},\"primaryImageOfPage\":{\"@id\":\"https:\\\/\\\/www.sabra.org.br\\\/site\\\/inclusao-social-exemplos\\\/#primaryimage\"},\"image\":{\"@id\":\"https:\\\/\\\/www.sabra.org.br\\\/site\\\/inclusao-social-exemplos\\\/#primaryimage\"},\"thumbnailUrl\":\"https:\\\/\\\/www.sabra.org.br\\\/site\\\/wp-content\\\/uploads\\\/2020\\\/04\\\/inclusao-social-x-exemplos-dessa-pratica-que-voce-precisa-conhecer-20191202180617.jpg.jpg\",\"datePublished\":\"2020-04-27T14:41:53+00:00\",\"dateModified\":\"2025-04-18T13:32:53+00:00\",\"description\":\"A inclus\u00e3o social \u00e9 fundamental para garantir os direitos das pessoas que possuem necessidades especiais. Reduzir e eliminar o preconceito e a discrimina\u00e7\u00e3o\",\"breadcrumb\":{\"@id\":\"https:\\\/\\\/www.sabra.org.br\\\/site\\\/inclusao-social-exemplos\\\/#breadcrumb\"},\"inLanguage\":\"pt-BR\",\"potentialAction\":[{\"@type\":\"ReadAction\",\"target\":[\"https:\\\/\\\/www.sabra.org.br\\\/site\\\/inclusao-social-exemplos\\\/\"]}]},{\"@type\":\"ImageObject\",\"inLanguage\":\"pt-BR\",\"@id\":\"https:\\\/\\\/www.sabra.org.br\\\/site\\\/inclusao-social-exemplos\\\/#primaryimage\",\"url\":\"https:\\\/\\\/www.sabra.org.br\\\/site\\\/wp-content\\\/uploads\\\/2020\\\/04\\\/inclusao-social-x-exemplos-dessa-pratica-que-voce-precisa-conhecer-20191202180617.jpg.jpg\",\"contentUrl\":\"https:\\\/\\\/www.sabra.org.br\\\/site\\\/wp-content\\\/uploads\\\/2020\\\/04\\\/inclusao-social-x-exemplos-dessa-pratica-que-voce-precisa-conhecer-20191202180617.jpg.jpg\",\"width\":800,\"height\":533,\"caption\":\"Sociedade Art\u00edstica Brasileira SABRA\"},{\"@type\":\"BreadcrumbList\",\"@id\":\"https:\\\/\\\/www.sabra.org.br\\\/site\\\/inclusao-social-exemplos\\\/#breadcrumb\",\"itemListElement\":[{\"@type\":\"ListItem\",\"position\":1,\"name\":\"In\u00edcio\",\"item\":\"https:\\\/\\\/www.sabra.org.br\\\/site\\\/\"},{\"@type\":\"ListItem\",\"position\":2,\"name\":\"Inclus\u00e3o social &#8211; exemplos\"}]},{\"@type\":\"WebSite\",\"@id\":\"https:\\\/\\\/www.sabra.org.br\\\/site\\\/#website\",\"url\":\"https:\\\/\\\/www.sabra.org.br\\\/site\\\/\",\"name\":\"SABRA - Sociedade Art\u00edstica Brasileira\",\"description\":\"Escola de M\u00fasica, Orquestra Sinf\u00f4nica, Coral e Patrim\u00f4nio Cultural e Hist\u00f3rico\",\"publisher\":{\"@id\":\"https:\\\/\\\/www.sabra.org.br\\\/site\\\/#organization\"},\"potentialAction\":[{\"@type\":\"SearchAction\",\"target\":{\"@type\":\"EntryPoint\",\"urlTemplate\":\"https:\\\/\\\/www.sabra.org.br\\\/site\\\/?s={search_term_string}\"},\"query-input\":{\"@type\":\"PropertyValueSpecification\",\"valueRequired\":true,\"valueName\":\"search_term_string\"}}],\"inLanguage\":\"pt-BR\"},{\"@type\":\"Organization\",\"@id\":\"https:\\\/\\\/www.sabra.org.br\\\/site\\\/#organization\",\"name\":\"SOCIEDADE ART\u00cdSTICA BRASILEIRA SABRA\",\"alternateName\":\"SABRA\",\"url\":\"https:\\\/\\\/www.sabra.org.br\\\/site\\\/\",\"logo\":{\"@type\":\"ImageObject\",\"inLanguage\":\"pt-BR\",\"@id\":\"https:\\\/\\\/www.sabra.org.br\\\/site\\\/#\\\/schema\\\/logo\\\/image\\\/\",\"url\":\"https:\\\/\\\/www.sabra.org.br\\\/site\\\/wp-content\\\/uploads\\\/2019\\\/06\\\/cropped-Logo_SABRA-Copia-1.webp\",\"contentUrl\":\"https:\\\/\\\/www.sabra.org.br\\\/site\\\/wp-content\\\/uploads\\\/2019\\\/06\\\/cropped-Logo_SABRA-Copia-1.webp\",\"width\":400,\"height\":128,\"caption\":\"SOCIEDADE ART\u00cdSTICA BRASILEIRA SABRA\"},\"image\":{\"@id\":\"https:\\\/\\\/www.sabra.org.br\\\/site\\\/#\\\/schema\\\/logo\\\/image\\\/\"},\"sameAs\":[\"https:\\\/\\\/www.facebook.com\\\/sabrabrasil\",\"https:\\\/\\\/x.com\\\/ContatoSabra\",\"https:\\\/\\\/www.instagram.com\\\/sabrabrasil\\\/\",\"https:\\\/\\\/www.linkedin.com\\\/company\\\/25002088\\\/\",\"https:\\\/\\\/br.pinterest.com\\\/sociedadeartisticabrasileira\\\/\",\"https:\\\/\\\/www.youtube.com\\\/c\\\/sabrabrasil\"]},{\"@type\":\"Person\",\"@id\":\"https:\\\/\\\/www.sabra.org.br\\\/site\\\/#\\\/schema\\\/person\\\/7d1d222c3c8891d4c37c7b41bf6315c2\",\"name\":\"M\u00e1rcio Miranda Pontes\",\"image\":{\"@type\":\"ImageObject\",\"inLanguage\":\"pt-BR\",\"@id\":\"https:\\\/\\\/secure.gravatar.com\\\/avatar\\\/3b45f24496a7625a3a6c436688fbe20344faaeb2979658dc4a9921f984d7df9a?s=96&d=mm&r=g\",\"url\":\"https:\\\/\\\/secure.gravatar.com\\\/avatar\\\/3b45f24496a7625a3a6c436688fbe20344faaeb2979658dc4a9921f984d7df9a?s=96&d=mm&r=g\",\"contentUrl\":\"https:\\\/\\\/secure.gravatar.com\\\/avatar\\\/3b45f24496a7625a3a6c436688fbe20344faaeb2979658dc4a9921f984d7df9a?s=96&d=mm&r=g\",\"caption\":\"M\u00e1rcio Miranda Pontes\"},\"sameAs\":[\"http:\\\/\\\/www.sabra.org.br\"],\"url\":\"https:\\\/\\\/www.sabra.org.br\\\/site\\\/author\\\/marcio-miranda-pontes\\\/\"}]}<\/script>\n<!-- \/ Yoast SEO plugin. -->","yoast_head_json":{"title":"Inclus\u00e3o social - exemplos - SABRA - Sociedade Art\u00edstica Brasileira","description":"A inclus\u00e3o social \u00e9 fundamental para garantir os direitos das pessoas que possuem necessidades especiais. Reduzir e eliminar o preconceito e a discrimina\u00e7\u00e3o","robots":{"index":"index","follow":"follow","max-snippet":"max-snippet:-1","max-image-preview":"max-image-preview:large","max-video-preview":"max-video-preview:-1"},"canonical":"https:\/\/www.sabra.org.br\/site\/inclusao-social-exemplos\/","og_locale":"pt_BR","og_type":"article","og_title":"Inclus\u00e3o social - exemplos - SABRA - Sociedade Art\u00edstica Brasileira","og_description":"A inclus\u00e3o social \u00e9 fundamental para garantir os direitos das pessoas que possuem necessidades especiais. Reduzir e eliminar o preconceito e a discrimina\u00e7\u00e3o","og_url":"https:\/\/www.sabra.org.br\/site\/inclusao-social-exemplos\/","og_site_name":"SABRA - Sociedade Art\u00edstica Brasileira","article_publisher":"https:\/\/www.facebook.com\/sabrabrasil","article_published_time":"2020-04-27T14:41:53+00:00","article_modified_time":"2025-04-18T13:32:53+00:00","og_image":[{"width":800,"height":533,"url":"https:\/\/www.sabra.org.br\/site\/wp-content\/uploads\/2020\/04\/inclusao-social-x-exemplos-dessa-pratica-que-voce-precisa-conhecer-20191202180617.jpg.jpg","type":"image\/jpeg"}],"author":"M\u00e1rcio Miranda Pontes","twitter_card":"summary_large_image","twitter_creator":"@ContatoSabra","twitter_site":"@ContatoSabra","twitter_misc":{"Escrito por":"M\u00e1rcio Miranda Pontes","Est. tempo de leitura":"6 minutos"},"schema":{"@context":"https:\/\/schema.org","@graph":[{"@type":"Article","@id":"https:\/\/www.sabra.org.br\/site\/inclusao-social-exemplos\/#article","isPartOf":{"@id":"https:\/\/www.sabra.org.br\/site\/inclusao-social-exemplos\/"},"author":{"name":"M\u00e1rcio Miranda Pontes","@id":"https:\/\/www.sabra.org.br\/site\/#\/schema\/person\/7d1d222c3c8891d4c37c7b41bf6315c2"},"headline":"Inclus\u00e3o social &#8211; exemplos","datePublished":"2020-04-27T14:41:53+00:00","dateModified":"2025-04-18T13:32:53+00:00","mainEntityOfPage":{"@id":"https:\/\/www.sabra.org.br\/site\/inclusao-social-exemplos\/"},"wordCount":949,"publisher":{"@id":"https:\/\/www.sabra.org.br\/site\/#organization"},"image":{"@id":"https:\/\/www.sabra.org.br\/site\/inclusao-social-exemplos\/#primaryimage"},"thumbnailUrl":"https:\/\/www.sabra.org.br\/site\/wp-content\/uploads\/2020\/04\/inclusao-social-x-exemplos-dessa-pratica-que-voce-precisa-conhecer-20191202180617.jpg.jpg","keywords":["Assist\u00eancia social","Canto Coral","Escola de M\u00fasica de Nova Lima","Escola de Musica SABRA","FIA","IRPF 2020","Musicaliza\u00e7\u00e3o Infantil","Orquestra Infanto Juvenil de Betim","Orquestra Sinf\u00f4nica de Betim","Sociedade Art\u00edstica Brasileira"],"articleSection":["Blog SABRA"],"inLanguage":"pt-BR"},{"@type":"WebPage","@id":"https:\/\/www.sabra.org.br\/site\/inclusao-social-exemplos\/","url":"https:\/\/www.sabra.org.br\/site\/inclusao-social-exemplos\/","name":"Inclus\u00e3o social - exemplos - SABRA - Sociedade Art\u00edstica Brasileira","isPartOf":{"@id":"https:\/\/www.sabra.org.br\/site\/#website"},"primaryImageOfPage":{"@id":"https:\/\/www.sabra.org.br\/site\/inclusao-social-exemplos\/#primaryimage"},"image":{"@id":"https:\/\/www.sabra.org.br\/site\/inclusao-social-exemplos\/#primaryimage"},"thumbnailUrl":"https:\/\/www.sabra.org.br\/site\/wp-content\/uploads\/2020\/04\/inclusao-social-x-exemplos-dessa-pratica-que-voce-precisa-conhecer-20191202180617.jpg.jpg","datePublished":"2020-04-27T14:41:53+00:00","dateModified":"2025-04-18T13:32:53+00:00","description":"A inclus\u00e3o social \u00e9 fundamental para garantir os direitos das pessoas que possuem necessidades especiais. Reduzir e eliminar o preconceito e a discrimina\u00e7\u00e3o","breadcrumb":{"@id":"https:\/\/www.sabra.org.br\/site\/inclusao-social-exemplos\/#breadcrumb"},"inLanguage":"pt-BR","potentialAction":[{"@type":"ReadAction","target":["https:\/\/www.sabra.org.br\/site\/inclusao-social-exemplos\/"]}]},{"@type":"ImageObject","inLanguage":"pt-BR","@id":"https:\/\/www.sabra.org.br\/site\/inclusao-social-exemplos\/#primaryimage","url":"https:\/\/www.sabra.org.br\/site\/wp-content\/uploads\/2020\/04\/inclusao-social-x-exemplos-dessa-pratica-que-voce-precisa-conhecer-20191202180617.jpg.jpg","contentUrl":"https:\/\/www.sabra.org.br\/site\/wp-content\/uploads\/2020\/04\/inclusao-social-x-exemplos-dessa-pratica-que-voce-precisa-conhecer-20191202180617.jpg.jpg","width":800,"height":533,"caption":"Sociedade Art\u00edstica Brasileira SABRA"},{"@type":"BreadcrumbList","@id":"https:\/\/www.sabra.org.br\/site\/inclusao-social-exemplos\/#breadcrumb","itemListElement":[{"@type":"ListItem","position":1,"name":"In\u00edcio","item":"https:\/\/www.sabra.org.br\/site\/"},{"@type":"ListItem","position":2,"name":"Inclus\u00e3o social &#8211; exemplos"}]},{"@type":"WebSite","@id":"https:\/\/www.sabra.org.br\/site\/#website","url":"https:\/\/www.sabra.org.br\/site\/","name":"SABRA - Sociedade Art\u00edstica Brasileira","description":"Escola de M\u00fasica, Orquestra Sinf\u00f4nica, Coral e Patrim\u00f4nio Cultural e Hist\u00f3rico","publisher":{"@id":"https:\/\/www.sabra.org.br\/site\/#organization"},"potentialAction":[{"@type":"SearchAction","target":{"@type":"EntryPoint","urlTemplate":"https:\/\/www.sabra.org.br\/site\/?s={search_term_string}"},"query-input":{"@type":"PropertyValueSpecification","valueRequired":true,"valueName":"search_term_string"}}],"inLanguage":"pt-BR"},{"@type":"Organization","@id":"https:\/\/www.sabra.org.br\/site\/#organization","name":"SOCIEDADE ART\u00cdSTICA BRASILEIRA SABRA","alternateName":"SABRA","url":"https:\/\/www.sabra.org.br\/site\/","logo":{"@type":"ImageObject","inLanguage":"pt-BR","@id":"https:\/\/www.sabra.org.br\/site\/#\/schema\/logo\/image\/","url":"https:\/\/www.sabra.org.br\/site\/wp-content\/uploads\/2019\/06\/cropped-Logo_SABRA-Copia-1.webp","contentUrl":"https:\/\/www.sabra.org.br\/site\/wp-content\/uploads\/2019\/06\/cropped-Logo_SABRA-Copia-1.webp","width":400,"height":128,"caption":"SOCIEDADE ART\u00cdSTICA BRASILEIRA SABRA"},"image":{"@id":"https:\/\/www.sabra.org.br\/site\/#\/schema\/logo\/image\/"},"sameAs":["https:\/\/www.facebook.com\/sabrabrasil","https:\/\/x.com\/ContatoSabra","https:\/\/www.instagram.com\/sabrabrasil\/","https:\/\/www.linkedin.com\/company\/25002088\/","https:\/\/br.pinterest.com\/sociedadeartisticabrasileira\/","https:\/\/www.youtube.com\/c\/sabrabrasil"]},{"@type":"Person","@id":"https:\/\/www.sabra.org.br\/site\/#\/schema\/person\/7d1d222c3c8891d4c37c7b41bf6315c2","name":"M\u00e1rcio Miranda Pontes","image":{"@type":"ImageObject","inLanguage":"pt-BR","@id":"https:\/\/secure.gravatar.com\/avatar\/3b45f24496a7625a3a6c436688fbe20344faaeb2979658dc4a9921f984d7df9a?s=96&d=mm&r=g","url":"https:\/\/secure.gravatar.com\/avatar\/3b45f24496a7625a3a6c436688fbe20344faaeb2979658dc4a9921f984d7df9a?s=96&d=mm&r=g","contentUrl":"https:\/\/secure.gravatar.com\/avatar\/3b45f24496a7625a3a6c436688fbe20344faaeb2979658dc4a9921f984d7df9a?s=96&d=mm&r=g","caption":"M\u00e1rcio Miranda Pontes"},"sameAs":["http:\/\/www.sabra.org.br"],"url":"https:\/\/www.sabra.org.br\/site\/author\/marcio-miranda-pontes\/"}]}},"jetpack_featured_media_url":"https:\/\/www.sabra.org.br\/site\/wp-content\/uploads\/2020\/04\/inclusao-social-x-exemplos-dessa-pratica-que-voce-precisa-conhecer-20191202180617.jpg.jpg","jetpack_shortlink":"https:\/\/wp.me\/p95j2Z-Kt","jetpack-related-posts":[{"id":4054,"url":"https:\/\/www.sabra.org.br\/site\/inclusao-social-3\/","url_meta":{"origin":2881,"position":0},"title":"Inclus\u00e3o social &#8211; Como pratic\u00e1-la?","author":"M\u00e1rcio Miranda Pontes","date":"26 de julho de 2021","format":false,"excerpt":"Inclus\u00e3o social - Como pratic\u00e1-la? A inclus\u00e3o social tem sido bastante discutida nos \u00faltimos tempos. Isso porque uma boa parte da sociedade n\u00e3o tolera mais as desigualdades sociais. Mas, afinal, voc\u00ea sabe o que \u00e9 inclus\u00e3o social e como pratic\u00e1-la? Saiba mais no artigo.","rel":"","context":"Em &quot;Blog SABRA&quot;","block_context":{"text":"Blog SABRA","link":"https:\/\/www.sabra.org.br\/site\/category\/blog-sabra\/"},"img":{"alt_text":"inclus\u00e3o-social-pessoas","src":"https:\/\/i0.wp.com\/www.sabra.org.br\/site\/wp-content\/uploads\/2021\/07\/afinal-o-que-e-inclusao-social-e-como-pratica-la-20210609152644.jpg.jpg?resize=350%2C200&ssl=1","width":350,"height":200,"srcset":"https:\/\/i0.wp.com\/www.sabra.org.br\/site\/wp-content\/uploads\/2021\/07\/afinal-o-que-e-inclusao-social-e-como-pratica-la-20210609152644.jpg.jpg?resize=350%2C200&ssl=1 1x, https:\/\/i0.wp.com\/www.sabra.org.br\/site\/wp-content\/uploads\/2021\/07\/afinal-o-que-e-inclusao-social-e-como-pratica-la-20210609152644.jpg.jpg?resize=525%2C300&ssl=1 1.5x, https:\/\/i0.wp.com\/www.sabra.org.br\/site\/wp-content\/uploads\/2021\/07\/afinal-o-que-e-inclusao-social-e-como-pratica-la-20210609152644.jpg.jpg?resize=700%2C400&ssl=1 2x"},"classes":[]},{"id":2194,"url":"https:\/\/www.sabra.org.br\/site\/transformacao-social\/","url_meta":{"origin":2881,"position":1},"title":"Transforma\u00e7\u00e3o Social","author":"M\u00e1rcio Miranda Pontes","date":"1 de julho de 2019","format":false,"excerpt":"sociedade art\u00edstica brasileira sabra constru\u00e7\u00e3o do pr\u00f3prio futuro transforma\u00e7\u00e3o social mercado de trabalho sociedade art\u00edstica brasileira","rel":"","context":"Em &quot;Blog SABRA&quot;","block_context":{"text":"Blog SABRA","link":"https:\/\/www.sabra.org.br\/site\/category\/blog-sabra\/"},"img":{"alt_text":"Transforma\u00e7\u00e3o social","src":"https:\/\/i0.wp.com\/www.sabra.org.br\/site\/wp-content\/uploads\/2019\/07\/transformacao-social-entenda-o-que-e-e-como-ela-impacta-na-sociedade-20181024171547-1.jpg-1.jpg?resize=350%2C200&ssl=1","width":350,"height":200,"srcset":"https:\/\/i0.wp.com\/www.sabra.org.br\/site\/wp-content\/uploads\/2019\/07\/transformacao-social-entenda-o-que-e-e-como-ela-impacta-na-sociedade-20181024171547-1.jpg-1.jpg?resize=350%2C200&ssl=1 1x, https:\/\/i0.wp.com\/www.sabra.org.br\/site\/wp-content\/uploads\/2019\/07\/transformacao-social-entenda-o-que-e-e-como-ela-impacta-na-sociedade-20181024171547-1.jpg-1.jpg?resize=525%2C300&ssl=1 1.5x, https:\/\/i0.wp.com\/www.sabra.org.br\/site\/wp-content\/uploads\/2019\/07\/transformacao-social-entenda-o-que-e-e-como-ela-impacta-na-sociedade-20181024171547-1.jpg-1.jpg?resize=700%2C400&ssl=1 2x"},"classes":[]},{"id":1371,"url":"https:\/\/www.sabra.org.br\/site\/importancia-da-musica-na-inclusao-social\/","url_meta":{"origin":2881,"position":2},"title":"Saiba a import\u00e2ncia da m\u00fasica na inclus\u00e3o social.","author":"M\u00e1rcio Miranda Pontes","date":"9 de agosto de 2018","format":false,"excerpt":"A m\u00fasica tem papel importante na inclus\u00e3o social entre as pessoas. N\u00e3o \u00e9 de hoje que essa arte atua na transforma\u00e7\u00e3o da vida de milhares de jovens no Brasil. Com as oportunidades desiguais que encontramos em nossas periferias, a arte e a cultura muitas vezes se tornam a \u00fanica op\u00e7\u00e3o\u2026","rel":"","context":"Em &quot;Blog SABRA&quot;","block_context":{"text":"Blog SABRA","link":"https:\/\/www.sabra.org.br\/site\/category\/blog-sabra\/"},"img":{"alt_text":"M\u00fasica Inclus\u00e3o","src":"https:\/\/i0.wp.com\/www.sabra.org.br\/site\/wp-content\/uploads\/2018\/08\/saiba-a-importancia-da-musica-na-inclusao-social-20180417140635.jpg.jpg?resize=350%2C200&ssl=1","width":350,"height":200,"srcset":"https:\/\/i0.wp.com\/www.sabra.org.br\/site\/wp-content\/uploads\/2018\/08\/saiba-a-importancia-da-musica-na-inclusao-social-20180417140635.jpg.jpg?resize=350%2C200&ssl=1 1x, https:\/\/i0.wp.com\/www.sabra.org.br\/site\/wp-content\/uploads\/2018\/08\/saiba-a-importancia-da-musica-na-inclusao-social-20180417140635.jpg.jpg?resize=525%2C300&ssl=1 1.5x"},"classes":[]},{"id":9846,"url":"https:\/\/www.sabra.org.br\/site\/acesso-inclusao\/","url_meta":{"origin":2881,"position":3},"title":"Quais ferramentas podem ser utilizadas no processo de inclus\u00e3o social?","author":"M\u00e1rcio Miranda Pontes","date":"19 de julho de 2024","format":false,"excerpt":"Saiba como combater a exclus\u00e3o social e promover maior igualdade no acesso a oportunidades. Confira as iniciativas em diferentes \u00e1reas.","rel":"","context":"Em &quot;Blog SABRA&quot;","block_context":{"text":"Blog SABRA","link":"https:\/\/www.sabra.org.br\/site\/category\/blog-sabra\/"},"img":{"alt_text":"sabra-m\u00fasica-socieal-acesso-inclus\u00e3o-meio-cultura-diversos-educa\u00e7\u00e3o-indiv\u00edduos-iniciativas-sociais-empresa","src":"https:\/\/i0.wp.com\/www.sabra.org.br\/site\/wp-content\/uploads\/2024\/07\/quais-ferramentas-podem-ser-utilizadas-no-processo-de-inclusao-social-20190114103708.jpg-jpg.webp?resize=350%2C200&ssl=1","width":350,"height":200,"srcset":"https:\/\/i0.wp.com\/www.sabra.org.br\/site\/wp-content\/uploads\/2024\/07\/quais-ferramentas-podem-ser-utilizadas-no-processo-de-inclusao-social-20190114103708.jpg-jpg.webp?resize=350%2C200&ssl=1 1x, https:\/\/i0.wp.com\/www.sabra.org.br\/site\/wp-content\/uploads\/2024\/07\/quais-ferramentas-podem-ser-utilizadas-no-processo-de-inclusao-social-20190114103708.jpg-jpg.webp?resize=525%2C300&ssl=1 1.5x, https:\/\/i0.wp.com\/www.sabra.org.br\/site\/wp-content\/uploads\/2024\/07\/quais-ferramentas-podem-ser-utilizadas-no-processo-de-inclusao-social-20190114103708.jpg-jpg.webp?resize=700%2C400&ssl=1 2x"},"classes":[]},{"id":2993,"url":"https:\/\/www.sabra.org.br\/site\/motivos-para-doar-para-a-sabra\/","url_meta":{"origin":2881,"position":4},"title":"Motivos para doar para a SABRA","author":"M\u00e1rcio Miranda Pontes","date":"10 de junho de 2020","format":false,"excerpt":"Fazer o bem para outras pessoas atrav\u00e9s de uma doa\u00e7\u00e3o para a SABRA tem as suas vantagens, voc\u00ea sabia? Veja neste conte\u00fado alguns motivos para voc\u00ea doar o quanto pode para essa institui\u00e7\u00e3o t\u00e3o importante!","rel":"","context":"Em &quot;Blog SABRA&quot;","block_context":{"text":"Blog SABRA","link":"https:\/\/www.sabra.org.br\/site\/category\/blog-sabra\/"},"img":{"alt_text":"doar-sabra","src":"https:\/\/i0.wp.com\/www.sabra.org.br\/site\/wp-content\/uploads\/2020\/06\/x-motivos-para-voce-fazer-uma-doacao-para-a-sabra-hoje-mesmo-20200602154116.jpg-2.jpg?resize=350%2C200&ssl=1","width":350,"height":200,"srcset":"https:\/\/i0.wp.com\/www.sabra.org.br\/site\/wp-content\/uploads\/2020\/06\/x-motivos-para-voce-fazer-uma-doacao-para-a-sabra-hoje-mesmo-20200602154116.jpg-2.jpg?resize=350%2C200&ssl=1 1x, https:\/\/i0.wp.com\/www.sabra.org.br\/site\/wp-content\/uploads\/2020\/06\/x-motivos-para-voce-fazer-uma-doacao-para-a-sabra-hoje-mesmo-20200602154116.jpg-2.jpg?resize=525%2C300&ssl=1 1.5x, https:\/\/i0.wp.com\/www.sabra.org.br\/site\/wp-content\/uploads\/2020\/06\/x-motivos-para-voce-fazer-uma-doacao-para-a-sabra-hoje-mesmo-20200602154116.jpg-2.jpg?resize=700%2C400&ssl=1 2x"},"classes":[]},{"id":2868,"url":"https:\/\/www.sabra.org.br\/site\/inclusao-social-2\/","url_meta":{"origin":2881,"position":5},"title":"Inclus\u00e3o social","author":"M\u00e1rcio Miranda Pontes","date":"25 de abril de 2020","format":false,"excerpt":"Por meio da arte e da cultura buscamos promover a inclus\u00e3o e integra\u00e7\u00e3o social de jovens. Quer conhecer mais sobre o nosso projeto? Ent\u00e3o, acesse alguns dos textos no nosso site.","rel":"","context":"Em &quot;Blog SABRA&quot;","block_context":{"text":"Blog SABRA","link":"https:\/\/www.sabra.org.br\/site\/category\/blog-sabra\/"},"img":{"alt_text":"inclusao-social","src":"https:\/\/i0.wp.com\/www.sabra.org.br\/site\/wp-content\/uploads\/2020\/04\/qual-a-importancia-da-politica-de-inclusao-social-nos-dias-de-hoje-20191202180617.jpg.jpg?resize=350%2C200&ssl=1","width":350,"height":200,"srcset":"https:\/\/i0.wp.com\/www.sabra.org.br\/site\/wp-content\/uploads\/2020\/04\/qual-a-importancia-da-politica-de-inclusao-social-nos-dias-de-hoje-20191202180617.jpg.jpg?resize=350%2C200&ssl=1 1x, https:\/\/i0.wp.com\/www.sabra.org.br\/site\/wp-content\/uploads\/2020\/04\/qual-a-importancia-da-politica-de-inclusao-social-nos-dias-de-hoje-20191202180617.jpg.jpg?resize=525%2C300&ssl=1 1.5x, https:\/\/i0.wp.com\/www.sabra.org.br\/site\/wp-content\/uploads\/2020\/04\/qual-a-importancia-da-politica-de-inclusao-social-nos-dias-de-hoje-20191202180617.jpg.jpg?resize=700%2C400&ssl=1 2x"},"classes":[]}],"jetpack_likes_enabled":true,"jetpack_sharing_enabled":true,"_links":{"self":[{"href":"https:\/\/www.sabra.org.br\/site\/wp-json\/wp\/v2\/posts\/2881","targetHints":{"allow":["GET"]}}],"collection":[{"href":"https:\/\/www.sabra.org.br\/site\/wp-json\/wp\/v2\/posts"}],"about":[{"href":"https:\/\/www.sabra.org.br\/site\/wp-json\/wp\/v2\/types\/post"}],"author":[{"embeddable":true,"href":"https:\/\/www.sabra.org.br\/site\/wp-json\/wp\/v2\/users\/39"}],"replies":[{"embeddable":true,"href":"https:\/\/www.sabra.org.br\/site\/wp-json\/wp\/v2\/comments?post=2881"}],"version-history":[{"count":0,"href":"https:\/\/www.sabra.org.br\/site\/wp-json\/wp\/v2\/posts\/2881\/revisions"}],"wp:featuredmedia":[{"embeddable":true,"href":"https:\/\/www.sabra.org.br\/site\/wp-json\/wp\/v2\/media\/2882"}],"wp:attachment":[{"href":"https:\/\/www.sabra.org.br\/site\/wp-json\/wp\/v2\/media?parent=2881"}],"wp:term":[{"taxonomy":"category","embeddable":true,"href":"https:\/\/www.sabra.org.br\/site\/wp-json\/wp\/v2\/categories?post=2881"},{"taxonomy":"post_tag","embeddable":true,"href":"https:\/\/www.sabra.org.br\/site\/wp-json\/wp\/v2\/tags?post=2881"}],"curies":[{"name":"wp","href":"https:\/\/api.w.org\/{rel}","templated":true}]}}