{"id":2886,"date":"2020-04-28T10:44:26","date_gmt":"2020-04-28T13:44:26","guid":{"rendered":"https:\/\/www.sabra.org.br\/site\/?p=2886"},"modified":"2025-04-18T10:34:27","modified_gmt":"2025-04-18T13:34:27","slug":"teorias-conspiratorias","status":"publish","type":"post","link":"https:\/\/www.sabra.org.br\/site\/teorias-conspiratorias\/","title":{"rendered":"Teorias conspirat\u00f3rias &#8211; m\u00fasica"},"content":{"rendered":"<h2>4 teorias conspirat\u00f3rias do mundo da m\u00fasica que voc\u00ea precisa conhecer<\/h2>\n<p><strong>Michael Jackson e Elvis n\u00e3o morreram!<\/strong> Todo mundo j\u00e1 leu e ouviu isso por a\u00ed, n\u00e3o \u00e9 mesmo? Ser\u00e1 que \u00e9 verdade?<br \/>\nEnt\u00e3o, essa \u00e9 uma das teorias conspirat\u00f3rias ou uma lenda urbana da internet. Essas teorias s\u00e3o alguns \u201cfatos\u201d obscuros que s\u00e3o descobertos pelo p\u00fablico sobre os seus artistas favoritos. Elas se baseiam em fotos, entrevistas, v\u00eddeos e m\u00fasicas. Algumas pessoas chegam a usar isso como prova para validar a sua ideia.<br \/>\nNesse artigo iremos te contar <strong>4 teorias conspirat\u00f3rias do mundo da m\u00fasica que voc\u00ea precisa conhecer<\/strong> e tirar as suas pr\u00f3prias conclus\u00f5es. Confira!<\/p>\n<h2>1. Teorias conspirat\u00f3rias &#8211; O disco da Xuxa<\/h2>\n<p>Essa teoria ganhou at\u00e9 um espa\u00e7o no cora\u00e7\u00e3o dos brasileiros. \u00c9 um \u00edcone e patrim\u00f4nio nacional e j\u00e1 existe h\u00e1 mais de 30 anos.<br \/>\nTudo come\u00e7a em 1989 em Sorocaba, interior de S\u00e3o Paulo, onde supostamente uma crian\u00e7a teria sido morta por uma boneca da Xuxa que estava possu\u00edda pelo diabo.<br \/>\nMais tarde, as pessoas passaram a investigar a vida e obra da cantora, at\u00e9 que, eureca! <strong>Ilari\u00ea tocada ao contr\u00e1rio nada mais \u00e9 que uma porta para o inferno!<\/strong><\/p>\n<h2>2. Teorias conspirat\u00f3rias -Beyonce n\u00e3o engravidou<\/h2>\n<p>Beyonce e Jay-Z constitu\u00edram uma fam\u00edlia e abalaram n\u00e3o s\u00f3 o mundo da m\u00fasica quando anunciaram o nascimento de g\u00eameos. No entanto, \u00e9 na primeira filha do casal que precisamos nos concentrar, <strong>Blue Ivy<\/strong>.<br \/>\nDe acordo com a hist\u00f3ria, ela sempre quis ter filhos, no entanto, n\u00e3o queria ganhar peso para manter a rotina de shows. \u201cEspecialistas da internet\u201d afirmam que entre uma semana e outra a barriga dela cresceu absurdamente, e que durante uma entrevista ela teria dobrado quando a cantora se sentou.<\/p>\n<h2>3.\u00a0Teorias conspirat\u00f3rias &#8211; Avril Lavigne est\u00e1 morta &#8211; e voltou<\/h2>\n<p>Avril Lavigne foi um sucesso entre os adolescentes dos anos 2000. Ela era uma garota punk-rock que usava roupas militares e n\u00e3o ligava para a opini\u00e3o de ningu\u00e9m. At\u00e9 que, em 2007 lan\u00e7a o \u00e1lbum The Best Damn Thing onde a est\u00e9tica e o conceito mudaram completamente.<br \/>\nAgora era uma garotinha de fam\u00edlia que usava rosa e sonhava com o namorado. At\u00e9 mesmo a apar\u00eancia havia mudado, o que gerou boatos s\u00e9rios sobre ela ter <strong>morrido em um acidente<\/strong>, e a gravadora, para continuar lucrando, <strong>substituiu por uma s\u00f3sia<\/strong>.<\/p>\n<h2>4.\u00a0Teorias conspirat\u00f3rias &#8211;\u00a0John Lennon foi morto pela CIA<\/h2>\n<p>A morte do ex-Beatle em 1980 na frente do Edif\u00edcio Dakota chocou o mundo e acabou com um sonho. Os inqu\u00e9ritos policiais dizem que ele foi morto por um f\u00e3. No entanto, parte do p\u00fablico n\u00e3o aceitou essa explica\u00e7\u00e3o, e tinha uma muito mais obscura.<br \/>\n<strong>John Lennon foi morto a mando da CIA, do FBI, e de partidos de direita.<\/strong><br \/>\nAparentemente, essas entidades estavam incomodadas com coment\u00e1rios como \u201cos Beatles s\u00e3o mais famosos que Deus\u201d, ou a nega\u00e7\u00e3o que Imagine tinha \u00e0 religi\u00e3o. Isso foi visto como um risco para a sociedade, uma vez que o m\u00fasico exercia enorme influ\u00eancia sobre o p\u00fablico, ent\u00e3o, para resolver, um assassinato foi encomendado.<\/p>\n<p>Teorias da conspira\u00e7\u00e3o possuem um apelo muito forte ao p\u00fablico, pois contam hist\u00f3rias populares de uma maneira muito mais criativa. Pactos, assassinatos encomendados pelo governo e ambi\u00e7\u00e3o de grandes corpora\u00e7\u00f5es chamam a aten\u00e7\u00e3o, sem d\u00favida. Essa \u00e9 a raz\u00e3o pela qual essas hist\u00f3rias ganharam tanta for\u00e7a e entraram para o hall de hist\u00f3rias cl\u00e1ssicas da m\u00fasica.<br \/>\nNo entanto, precisamos ter aten\u00e7\u00e3o. Nem tudo o que est\u00e1 na internet \u00e9 verdade. Se voc\u00ea encontra uma not\u00edcia em tom alarmista, ou que promete contar a hist\u00f3ria verdadeira, desconfie. Pesquise em mais de uma fonte antes de tirar as suas conclus\u00f5es.<br \/>\nE agora, o que voc\u00ea achou dessas hist\u00f3rias? Conte nos coment\u00e1rios.<\/p>\n<hr \/>\n<h2>FIA &#8211; IRPF 2020 &#8211;\u00a0DOE PARA A SABRA.<\/h2>\n<p>Voc\u00ea escolhe onde parte de seu imposto de renda ser\u00e1 aplicado. Junto com a SABRA, seus projetos e a\u00e7\u00f5es voc\u00ea vai ajudar a transformar vidas. Sem custos para voc\u00ea e n\u00e3o interfere em outras dedu\u00e7\u00f5es. Aproveite o tempo de quarentena do Covid-19 para fazer sua declara\u00e7\u00e3o IRPF 2020.<\/p>\n<h2>Veja como \u00e9 f\u00e1cil: s\u00e3o poucos passos!<\/h2>\n<p>1 \u2013 Ap\u00f3s preencher e conferir sua declara\u00e7\u00e3o no programa da Receita Federal e antes de remete-la, cliquar na aba \u201cDoa\u00e7\u00f5es Diretamente na Declara\u00e7\u00e3o\u201d e clicar em \u201cNovo\u201d <img fetchpriority=\"high\" decoding=\"async\" data-attachment-id=\"2440\" data-permalink=\"https:\/\/www.sabra.org.br\/site\/imposto-de-renda\/01-novo-2\/\" data-orig-file=\"https:\/\/www.sabra.org.br\/site\/wp-content\/uploads\/2020\/02\/01-Novo-1.jpg\" data-orig-size=\"1366,728\" data-comments-opened=\"1\" data-image-meta=\"{&quot;aperture&quot;:&quot;0&quot;,&quot;credit&quot;:&quot;&quot;,&quot;camera&quot;:&quot;&quot;,&quot;caption&quot;:&quot;&quot;,&quot;created_timestamp&quot;:&quot;0&quot;,&quot;copyright&quot;:&quot;&quot;,&quot;focal_length&quot;:&quot;0&quot;,&quot;iso&quot;:&quot;0&quot;,&quot;shutter_speed&quot;:&quot;0&quot;,&quot;title&quot;:&quot;&quot;,&quot;orientation&quot;:&quot;0&quot;}\" data-image-title=\"01-Novo\" data-image-description=\"&lt;p&gt;Sociedade Art\u00edstica Brasileira&lt;\/p&gt;\n\" data-image-caption=\"&lt;p&gt;FIA &amp;#8211; Fundo da Inf\u00e2ncia e Adolesc\u00eancia&lt;\/p&gt;\n\" data-large-file=\"https:\/\/www.sabra.org.br\/site\/wp-content\/uploads\/2020\/02\/01-Novo-1-1024x546.jpg\" class=\"alignnone wp-image-2440 size-full\" src=\"https:\/\/www.sabra.org.br\/site\/wp-content\/uploads\/2020\/02\/01-Novo-1.jpg\" alt=\"FIA - Fundo da Inf\u00e2ncia e Adolesc\u00eancia\" width=\"1366\" height=\"728\" srcset=\"https:\/\/www.sabra.org.br\/site\/wp-content\/uploads\/2020\/02\/01-Novo-1.jpg 1366w, https:\/\/www.sabra.org.br\/site\/wp-content\/uploads\/2020\/02\/01-Novo-1-300x160.jpg 300w, https:\/\/www.sabra.org.br\/site\/wp-content\/uploads\/2020\/02\/01-Novo-1-1024x546.jpg 1024w, https:\/\/www.sabra.org.br\/site\/wp-content\/uploads\/2020\/02\/01-Novo-1-768x409.jpg 768w\" sizes=\"(max-width: 1366px) 100vw, 1366px\" \/> 2 \u2013 Selecionar as op\u00e7\u00f5es: Municipal, Estado (MG \u2013 Minas Gerais) e Munic\u00edpio (Betim &#8211; 21.101.865\/0001-14); <img decoding=\"async\" data-attachment-id=\"2438\" data-permalink=\"https:\/\/www.sabra.org.br\/site\/imposto-de-renda\/02-municipio\/\" data-orig-file=\"https:\/\/www.sabra.org.br\/site\/wp-content\/uploads\/2020\/02\/02-munic\u00edpio.jpg\" data-orig-size=\"1366,728\" data-comments-opened=\"1\" data-image-meta=\"{&quot;aperture&quot;:&quot;0&quot;,&quot;credit&quot;:&quot;&quot;,&quot;camera&quot;:&quot;&quot;,&quot;caption&quot;:&quot;&quot;,&quot;created_timestamp&quot;:&quot;0&quot;,&quot;copyright&quot;:&quot;&quot;,&quot;focal_length&quot;:&quot;0&quot;,&quot;iso&quot;:&quot;0&quot;,&quot;shutter_speed&quot;:&quot;0&quot;,&quot;title&quot;:&quot;&quot;,&quot;orientation&quot;:&quot;0&quot;}\" data-image-title=\"02-munic\u00edpio\" data-image-description=\"&lt;p&gt;Sociedade Art\u00edstica Brasileira&lt;\/p&gt;\n\" data-image-caption=\"&lt;p&gt;FIA &amp;#8211; Fundo da Inf\u00e2ncia e Adolesc\u00eancia&lt;\/p&gt;\n\" data-large-file=\"https:\/\/www.sabra.org.br\/site\/wp-content\/uploads\/2020\/02\/02-munic\u00edpio-1024x546.jpg\" class=\"alignnone wp-image-2438 size-full\" src=\"https:\/\/www.sabra.org.br\/site\/wp-content\/uploads\/2020\/02\/02-munic\u00edpio.jpg\" alt=\"FIA - Fundo da Inf\u00e2ncia e Adolesc\u00eancia\" width=\"1366\" height=\"728\" srcset=\"https:\/\/www.sabra.org.br\/site\/wp-content\/uploads\/2020\/02\/02-munic\u00edpio.jpg 1366w, https:\/\/www.sabra.org.br\/site\/wp-content\/uploads\/2020\/02\/02-munic\u00edpio-300x160.jpg 300w, https:\/\/www.sabra.org.br\/site\/wp-content\/uploads\/2020\/02\/02-munic\u00edpio-1024x546.jpg 1024w, https:\/\/www.sabra.org.br\/site\/wp-content\/uploads\/2020\/02\/02-munic\u00edpio-768x409.jpg 768w\" sizes=\"(max-width: 1366px) 100vw, 1366px\" \/> 3 \u2013 Verificar o \u201cValor Dispon\u00edvel para Destina\u00e7\u00e3o\u201d e copiar o n\u00famero para o campo \u201cValor\u201d (valor da doa\u00e7\u00e3o); <img decoding=\"async\" data-attachment-id=\"2439\" data-permalink=\"https:\/\/www.sabra.org.br\/site\/imposto-de-renda\/03-valor-2\/\" data-orig-file=\"https:\/\/www.sabra.org.br\/site\/wp-content\/uploads\/2020\/02\/03-valor-1.jpg\" data-orig-size=\"1366,726\" data-comments-opened=\"1\" data-image-meta=\"{&quot;aperture&quot;:&quot;0&quot;,&quot;credit&quot;:&quot;&quot;,&quot;camera&quot;:&quot;&quot;,&quot;caption&quot;:&quot;&quot;,&quot;created_timestamp&quot;:&quot;0&quot;,&quot;copyright&quot;:&quot;&quot;,&quot;focal_length&quot;:&quot;0&quot;,&quot;iso&quot;:&quot;0&quot;,&quot;shutter_speed&quot;:&quot;0&quot;,&quot;title&quot;:&quot;&quot;,&quot;orientation&quot;:&quot;0&quot;}\" data-image-title=\"03-valor\" data-image-description=\"&lt;p&gt;Sociedade Art\u00edstica Brasileira&lt;\/p&gt;\n\" data-image-caption=\"&lt;p&gt;FIA &amp;#8211; Fundo da Inf\u00e2ncia e Adolesc\u00eancia&lt;\/p&gt;\n\" data-large-file=\"https:\/\/www.sabra.org.br\/site\/wp-content\/uploads\/2020\/02\/03-valor-1-1024x544.jpg\" class=\"alignnone wp-image-2439 size-full\" src=\"https:\/\/www.sabra.org.br\/site\/wp-content\/uploads\/2020\/02\/03-valor-1.jpg\" alt=\"FIA - Fundo da Inf\u00e2ncia e Adolesc\u00eancia\" width=\"1366\" height=\"726\" srcset=\"https:\/\/www.sabra.org.br\/site\/wp-content\/uploads\/2020\/02\/03-valor-1.jpg 1366w, https:\/\/www.sabra.org.br\/site\/wp-content\/uploads\/2020\/02\/03-valor-1-300x159.jpg 300w, https:\/\/www.sabra.org.br\/site\/wp-content\/uploads\/2020\/02\/03-valor-1-1024x544.jpg 1024w, https:\/\/www.sabra.org.br\/site\/wp-content\/uploads\/2020\/02\/03-valor-1-768x408.jpg 768w\" sizes=\"(max-width: 1366px) 100vw, 1366px\" \/> 4 \u2013 Ap\u00f3s clicar em \u201cOK\u201d \u00e9 preciso selecionar a aba \u201cDarf \u2013 Doa\u00e7\u00f5es Diretamente na Declara\u00e7\u00e3o \u2013 ECA\u201d, imprimir o documento e realizar o pagamento at\u00e9 a data de vencimento. 5 \u2013 Para finalizar, digitalizar o comprovante de pagamento do DARF e enviar para o Conselho da Crian\u00e7a e Adolescente de Betim (cmdcafiabetim@gmail.com) com c\u00f3pia para a SABRA (sabra@sabra.org.br). Na mensagem informar que a doa\u00e7\u00e3o dever\u00e1 ser destinada \u00e0 Sociedade Art\u00edstica Brasileira SABRA. 6 \u2013 Pronto! Voc\u00ea acabou de transformar vidas!<\/p>\n<blockquote class=\"wp-embedded-content\" data-secret=\"eufh3OkJjz\"><p><a href=\"https:\/\/www.sabra.org.br\/site\/danca-contemporanea\/\">Conhe\u00e7a mais sobre a dan\u00e7a contempor\u00e2nea<\/a><\/p><\/blockquote>\n<p><iframe class=\"wp-embedded-content\" sandbox=\"allow-scripts\" security=\"restricted\" style=\"position: absolute; visibility: hidden;\" title=\"&#8220;Conhe\u00e7a mais sobre a dan\u00e7a contempor\u00e2nea&#8221; &#8212; SABRA - Sociedade Art\u00edstica Brasileira\" src=\"https:\/\/www.sabra.org.br\/site\/danca-contemporanea\/embed\/#?secret=ai75qoh22v#?secret=eufh3OkJjz\" data-secret=\"eufh3OkJjz\" width=\"600\" height=\"338\" frameborder=\"0\" marginwidth=\"0\" marginheight=\"0\" scrolling=\"no\"><\/iframe><\/p>\n<h2>Se voc\u00ea gostou deste post:<\/h2>\n<p>&#8211; SIGA as nossas p\u00e1ginas nas redes sociais para acompanhar as nossas atualiza\u00e7\u00f5es: estamos no <a href=\"https:\/\/www.facebook.com\/sabrabrasil\" target=\"_blank\" rel=\"noopener noreferrer\">Facebook<\/a>, no <a href=\"https:\/\/www.instagram.com\/sabrabrasil\/\" target=\"_blank\" rel=\"noopener noreferrer\">Instagram<\/a>, no <a href=\"https:\/\/www.linkedin.com\/company\/25002088\" target=\"_blank\" rel=\"noopener noreferrer\">LinkedIn<\/a>, no <a href=\"https:\/\/twitter.com\/ContatoSabra\" target=\"_blank\" rel=\"noopener noreferrer\">Twitter<\/a> e no <a href=\"https:\/\/www.youtube.com\/channel\/UCJw-kbuEvzUNdeQf20Pa-eQ\" target=\"_blank\" rel=\"noopener noreferrer\">YouTube<\/a>!<\/p>\n<p>&#8211; CONHE\u00c7A o trabalho da Sociedade Art\u00edstica Brasileira (SABRA) e todas as iniciativas culturais e sociais que ela mant\u00e9m. <a href=\"https:\/\/www.sabra.org.br\/site\/acoes\/\" target=\"_blank\" rel=\"noopener noreferrer\">Acesse nosso site!<\/a><\/p>\n<p>&#8211; ENTRE EM CONTATO com a gente. E veja quais s\u00e3o as op\u00e7\u00f5es de ajuda na manuten\u00e7\u00e3o de nossas a\u00e7\u00f5es sociais e culturais. Basta acessar nossa p\u00e1gina <a href=\"https:\/\/www.sabra.org.br\/site\/doe-agora\/\" target=\"_blank\" rel=\"noopener noreferrer\">Doe Agora!<\/a><\/p>\n<p>&#8211; COMPARTILHE este texto nas suas redes sociais e ajude os seus amigos a tamb\u00e9m dominarem o assunto!<\/p>\n","protected":false},"excerpt":{"rendered":"<p>As teorias da conspira\u00e7\u00e3o rondam a cultura pop desde que a m\u00fasica existe. Hoje em dia elas ganharam for\u00e7a e sacodem a internet. Neste artigo vamos te contar as 4 teorias mais conhecidas no Brasil. Confira!<\/p>\n","protected":false},"author":39,"featured_media":2887,"comment_status":"closed","ping_status":"closed","sticky":false,"template":"","format":"standard","meta":{"jetpack_post_was_ever_published":false,"_jetpack_newsletter_access":"","_jetpack_dont_email_post_to_subs":false,"_jetpack_newsletter_tier_id":0,"_jetpack_memberships_contains_paywalled_content":false,"_jetpack_memberships_contains_paid_content":false,"footnotes":""},"categories":[1],"tags":[15,8,1846,1285,1047,2762,16,1286,11,9],"class_list":["post-2886","post","type-post","status-publish","format-standard","has-post-thumbnail","hentry","category-blog-sabra","tag-assistencia-social","tag-canto-coral","tag-escola-de-musica-de-nova-lima","tag-escola-de-musica-sabra","tag-fia","tag-irpf-2020","tag-musicalizacao-infantil","tag-orquestra-infanto-juvenil-de-betim","tag-orquestra-sinfonica-de-betim","tag-sociedade-artistica-brasileira"],"yoast_head":"<!-- This site is optimized with the Yoast SEO plugin v27.5 - https:\/\/yoast.com\/product\/yoast-seo-wordpress\/ -->\n<title>Teorias conspirat\u00f3rias - m\u00fasica - SABRA - Sociedade Art\u00edstica Brasileira<\/title>\n<meta name=\"description\" content=\"As teorias conspiratorias rondam a cultura pop desde que a m\u00fasica existe. Hoje em dia elas ganharam for\u00e7a e sacodem a internet. Conhe\u00e7a algumas.\" \/>\n<meta name=\"robots\" content=\"index, follow, max-snippet:-1, max-image-preview:large, max-video-preview:-1\" \/>\n<link rel=\"canonical\" href=\"https:\/\/www.sabra.org.br\/site\/teorias-conspiratorias\/\" \/>\n<meta property=\"og:locale\" content=\"pt_BR\" \/>\n<meta property=\"og:type\" content=\"article\" \/>\n<meta property=\"og:title\" content=\"Teorias conspirat\u00f3rias - m\u00fasica - SABRA - Sociedade Art\u00edstica Brasileira\" \/>\n<meta property=\"og:description\" content=\"As teorias conspiratorias rondam a cultura pop desde que a m\u00fasica existe. Hoje em dia elas ganharam for\u00e7a e sacodem a internet. Conhe\u00e7a algumas.\" \/>\n<meta property=\"og:url\" content=\"https:\/\/www.sabra.org.br\/site\/teorias-conspiratorias\/\" \/>\n<meta property=\"og:site_name\" content=\"SABRA - Sociedade Art\u00edstica Brasileira\" \/>\n<meta property=\"article:publisher\" content=\"https:\/\/www.facebook.com\/sabrabrasil\" \/>\n<meta property=\"article:published_time\" content=\"2020-04-28T13:44:26+00:00\" \/>\n<meta property=\"article:modified_time\" content=\"2025-04-18T13:34:27+00:00\" \/>\n<meta property=\"og:image\" content=\"https:\/\/www.sabra.org.br\/site\/wp-content\/uploads\/2020\/04\/x-teorias-conspiratorias-do-mundo-da-musica-que-voce-precisa-conhecer-20200317174456.jpg.jpg\" \/>\n\t<meta property=\"og:image:width\" content=\"800\" \/>\n\t<meta property=\"og:image:height\" content=\"603\" \/>\n\t<meta property=\"og:image:type\" content=\"image\/jpeg\" \/>\n<meta name=\"author\" content=\"M\u00e1rcio Miranda Pontes\" \/>\n<meta name=\"twitter:card\" content=\"summary_large_image\" \/>\n<meta name=\"twitter:creator\" content=\"@ContatoSabra\" \/>\n<meta name=\"twitter:site\" content=\"@ContatoSabra\" \/>\n<meta name=\"twitter:label1\" content=\"Escrito por\" \/>\n\t<meta name=\"twitter:data1\" content=\"M\u00e1rcio Miranda Pontes\" \/>\n\t<meta name=\"twitter:label2\" content=\"Est. tempo de leitura\" \/>\n\t<meta name=\"twitter:data2\" content=\"6 minutos\" \/>\n<script type=\"application\/ld+json\" class=\"yoast-schema-graph\">{\"@context\":\"https:\\\/\\\/schema.org\",\"@graph\":[{\"@type\":\"Article\",\"@id\":\"https:\\\/\\\/www.sabra.org.br\\\/site\\\/teorias-conspiratorias\\\/#article\",\"isPartOf\":{\"@id\":\"https:\\\/\\\/www.sabra.org.br\\\/site\\\/teorias-conspiratorias\\\/\"},\"author\":{\"name\":\"M\u00e1rcio Miranda Pontes\",\"@id\":\"https:\\\/\\\/www.sabra.org.br\\\/site\\\/#\\\/schema\\\/person\\\/7d1d222c3c8891d4c37c7b41bf6315c2\"},\"headline\":\"Teorias conspirat\u00f3rias &#8211; m\u00fasica\",\"datePublished\":\"2020-04-28T13:44:26+00:00\",\"dateModified\":\"2025-04-18T13:34:27+00:00\",\"mainEntityOfPage\":{\"@id\":\"https:\\\/\\\/www.sabra.org.br\\\/site\\\/teorias-conspiratorias\\\/\"},\"wordCount\":1010,\"publisher\":{\"@id\":\"https:\\\/\\\/www.sabra.org.br\\\/site\\\/#organization\"},\"image\":{\"@id\":\"https:\\\/\\\/www.sabra.org.br\\\/site\\\/teorias-conspiratorias\\\/#primaryimage\"},\"thumbnailUrl\":\"https:\\\/\\\/www.sabra.org.br\\\/site\\\/wp-content\\\/uploads\\\/2020\\\/04\\\/x-teorias-conspiratorias-do-mundo-da-musica-que-voce-precisa-conhecer-20200317174456.jpg.jpg\",\"keywords\":[\"Assist\u00eancia social\",\"Canto Coral\",\"Escola de M\u00fasica de Nova Lima\",\"Escola de Musica SABRA\",\"FIA\",\"IRPF 2020\",\"Musicaliza\u00e7\u00e3o Infantil\",\"Orquestra Infanto Juvenil de Betim\",\"Orquestra Sinf\u00f4nica de Betim\",\"Sociedade Art\u00edstica Brasileira\"],\"articleSection\":[\"Blog SABRA\"],\"inLanguage\":\"pt-BR\"},{\"@type\":\"WebPage\",\"@id\":\"https:\\\/\\\/www.sabra.org.br\\\/site\\\/teorias-conspiratorias\\\/\",\"url\":\"https:\\\/\\\/www.sabra.org.br\\\/site\\\/teorias-conspiratorias\\\/\",\"name\":\"Teorias conspirat\u00f3rias - m\u00fasica - SABRA - Sociedade Art\u00edstica Brasileira\",\"isPartOf\":{\"@id\":\"https:\\\/\\\/www.sabra.org.br\\\/site\\\/#website\"},\"primaryImageOfPage\":{\"@id\":\"https:\\\/\\\/www.sabra.org.br\\\/site\\\/teorias-conspiratorias\\\/#primaryimage\"},\"image\":{\"@id\":\"https:\\\/\\\/www.sabra.org.br\\\/site\\\/teorias-conspiratorias\\\/#primaryimage\"},\"thumbnailUrl\":\"https:\\\/\\\/www.sabra.org.br\\\/site\\\/wp-content\\\/uploads\\\/2020\\\/04\\\/x-teorias-conspiratorias-do-mundo-da-musica-que-voce-precisa-conhecer-20200317174456.jpg.jpg\",\"datePublished\":\"2020-04-28T13:44:26+00:00\",\"dateModified\":\"2025-04-18T13:34:27+00:00\",\"description\":\"As teorias conspiratorias rondam a cultura pop desde que a m\u00fasica existe. Hoje em dia elas ganharam for\u00e7a e sacodem a internet. Conhe\u00e7a algumas.\",\"breadcrumb\":{\"@id\":\"https:\\\/\\\/www.sabra.org.br\\\/site\\\/teorias-conspiratorias\\\/#breadcrumb\"},\"inLanguage\":\"pt-BR\",\"potentialAction\":[{\"@type\":\"ReadAction\",\"target\":[\"https:\\\/\\\/www.sabra.org.br\\\/site\\\/teorias-conspiratorias\\\/\"]}]},{\"@type\":\"ImageObject\",\"inLanguage\":\"pt-BR\",\"@id\":\"https:\\\/\\\/www.sabra.org.br\\\/site\\\/teorias-conspiratorias\\\/#primaryimage\",\"url\":\"https:\\\/\\\/www.sabra.org.br\\\/site\\\/wp-content\\\/uploads\\\/2020\\\/04\\\/x-teorias-conspiratorias-do-mundo-da-musica-que-voce-precisa-conhecer-20200317174456.jpg.jpg\",\"contentUrl\":\"https:\\\/\\\/www.sabra.org.br\\\/site\\\/wp-content\\\/uploads\\\/2020\\\/04\\\/x-teorias-conspiratorias-do-mundo-da-musica-que-voce-precisa-conhecer-20200317174456.jpg.jpg\",\"width\":800,\"height\":603,\"caption\":\"Sociedade Art\u00edstica Brasileira SABRA\"},{\"@type\":\"BreadcrumbList\",\"@id\":\"https:\\\/\\\/www.sabra.org.br\\\/site\\\/teorias-conspiratorias\\\/#breadcrumb\",\"itemListElement\":[{\"@type\":\"ListItem\",\"position\":1,\"name\":\"In\u00edcio\",\"item\":\"https:\\\/\\\/www.sabra.org.br\\\/site\\\/\"},{\"@type\":\"ListItem\",\"position\":2,\"name\":\"Teorias conspirat\u00f3rias &#8211; m\u00fasica\"}]},{\"@type\":\"WebSite\",\"@id\":\"https:\\\/\\\/www.sabra.org.br\\\/site\\\/#website\",\"url\":\"https:\\\/\\\/www.sabra.org.br\\\/site\\\/\",\"name\":\"SABRA - Sociedade Art\u00edstica Brasileira\",\"description\":\"Escola de M\u00fasica, Orquestra Sinf\u00f4nica, Coral e Patrim\u00f4nio Cultural e Hist\u00f3rico\",\"publisher\":{\"@id\":\"https:\\\/\\\/www.sabra.org.br\\\/site\\\/#organization\"},\"potentialAction\":[{\"@type\":\"SearchAction\",\"target\":{\"@type\":\"EntryPoint\",\"urlTemplate\":\"https:\\\/\\\/www.sabra.org.br\\\/site\\\/?s={search_term_string}\"},\"query-input\":{\"@type\":\"PropertyValueSpecification\",\"valueRequired\":true,\"valueName\":\"search_term_string\"}}],\"inLanguage\":\"pt-BR\"},{\"@type\":\"Organization\",\"@id\":\"https:\\\/\\\/www.sabra.org.br\\\/site\\\/#organization\",\"name\":\"SOCIEDADE ART\u00cdSTICA BRASILEIRA SABRA\",\"alternateName\":\"SABRA\",\"url\":\"https:\\\/\\\/www.sabra.org.br\\\/site\\\/\",\"logo\":{\"@type\":\"ImageObject\",\"inLanguage\":\"pt-BR\",\"@id\":\"https:\\\/\\\/www.sabra.org.br\\\/site\\\/#\\\/schema\\\/logo\\\/image\\\/\",\"url\":\"https:\\\/\\\/www.sabra.org.br\\\/site\\\/wp-content\\\/uploads\\\/2019\\\/06\\\/cropped-Logo_SABRA-Copia-1.webp\",\"contentUrl\":\"https:\\\/\\\/www.sabra.org.br\\\/site\\\/wp-content\\\/uploads\\\/2019\\\/06\\\/cropped-Logo_SABRA-Copia-1.webp\",\"width\":400,\"height\":128,\"caption\":\"SOCIEDADE ART\u00cdSTICA BRASILEIRA SABRA\"},\"image\":{\"@id\":\"https:\\\/\\\/www.sabra.org.br\\\/site\\\/#\\\/schema\\\/logo\\\/image\\\/\"},\"sameAs\":[\"https:\\\/\\\/www.facebook.com\\\/sabrabrasil\",\"https:\\\/\\\/x.com\\\/ContatoSabra\",\"https:\\\/\\\/www.instagram.com\\\/sabrabrasil\\\/\",\"https:\\\/\\\/www.linkedin.com\\\/company\\\/25002088\\\/\",\"https:\\\/\\\/br.pinterest.com\\\/sociedadeartisticabrasileira\\\/\",\"https:\\\/\\\/www.youtube.com\\\/c\\\/sabrabrasil\"]},{\"@type\":\"Person\",\"@id\":\"https:\\\/\\\/www.sabra.org.br\\\/site\\\/#\\\/schema\\\/person\\\/7d1d222c3c8891d4c37c7b41bf6315c2\",\"name\":\"M\u00e1rcio Miranda Pontes\",\"image\":{\"@type\":\"ImageObject\",\"inLanguage\":\"pt-BR\",\"@id\":\"https:\\\/\\\/secure.gravatar.com\\\/avatar\\\/3b45f24496a7625a3a6c436688fbe20344faaeb2979658dc4a9921f984d7df9a?s=96&d=mm&r=g\",\"url\":\"https:\\\/\\\/secure.gravatar.com\\\/avatar\\\/3b45f24496a7625a3a6c436688fbe20344faaeb2979658dc4a9921f984d7df9a?s=96&d=mm&r=g\",\"contentUrl\":\"https:\\\/\\\/secure.gravatar.com\\\/avatar\\\/3b45f24496a7625a3a6c436688fbe20344faaeb2979658dc4a9921f984d7df9a?s=96&d=mm&r=g\",\"caption\":\"M\u00e1rcio Miranda Pontes\"},\"sameAs\":[\"http:\\\/\\\/www.sabra.org.br\"],\"url\":\"https:\\\/\\\/www.sabra.org.br\\\/site\\\/author\\\/marcio-miranda-pontes\\\/\"}]}<\/script>\n<!-- \/ Yoast SEO plugin. -->","yoast_head_json":{"title":"Teorias conspirat\u00f3rias - m\u00fasica - SABRA - Sociedade Art\u00edstica Brasileira","description":"As teorias conspiratorias rondam a cultura pop desde que a m\u00fasica existe. Hoje em dia elas ganharam for\u00e7a e sacodem a internet. Conhe\u00e7a algumas.","robots":{"index":"index","follow":"follow","max-snippet":"max-snippet:-1","max-image-preview":"max-image-preview:large","max-video-preview":"max-video-preview:-1"},"canonical":"https:\/\/www.sabra.org.br\/site\/teorias-conspiratorias\/","og_locale":"pt_BR","og_type":"article","og_title":"Teorias conspirat\u00f3rias - m\u00fasica - SABRA - Sociedade Art\u00edstica Brasileira","og_description":"As teorias conspiratorias rondam a cultura pop desde que a m\u00fasica existe. Hoje em dia elas ganharam for\u00e7a e sacodem a internet. Conhe\u00e7a algumas.","og_url":"https:\/\/www.sabra.org.br\/site\/teorias-conspiratorias\/","og_site_name":"SABRA - Sociedade Art\u00edstica Brasileira","article_publisher":"https:\/\/www.facebook.com\/sabrabrasil","article_published_time":"2020-04-28T13:44:26+00:00","article_modified_time":"2025-04-18T13:34:27+00:00","og_image":[{"width":800,"height":603,"url":"https:\/\/www.sabra.org.br\/site\/wp-content\/uploads\/2020\/04\/x-teorias-conspiratorias-do-mundo-da-musica-que-voce-precisa-conhecer-20200317174456.jpg.jpg","type":"image\/jpeg"}],"author":"M\u00e1rcio Miranda Pontes","twitter_card":"summary_large_image","twitter_creator":"@ContatoSabra","twitter_site":"@ContatoSabra","twitter_misc":{"Escrito por":"M\u00e1rcio Miranda Pontes","Est. tempo de leitura":"6 minutos"},"schema":{"@context":"https:\/\/schema.org","@graph":[{"@type":"Article","@id":"https:\/\/www.sabra.org.br\/site\/teorias-conspiratorias\/#article","isPartOf":{"@id":"https:\/\/www.sabra.org.br\/site\/teorias-conspiratorias\/"},"author":{"name":"M\u00e1rcio Miranda Pontes","@id":"https:\/\/www.sabra.org.br\/site\/#\/schema\/person\/7d1d222c3c8891d4c37c7b41bf6315c2"},"headline":"Teorias conspirat\u00f3rias &#8211; m\u00fasica","datePublished":"2020-04-28T13:44:26+00:00","dateModified":"2025-04-18T13:34:27+00:00","mainEntityOfPage":{"@id":"https:\/\/www.sabra.org.br\/site\/teorias-conspiratorias\/"},"wordCount":1010,"publisher":{"@id":"https:\/\/www.sabra.org.br\/site\/#organization"},"image":{"@id":"https:\/\/www.sabra.org.br\/site\/teorias-conspiratorias\/#primaryimage"},"thumbnailUrl":"https:\/\/www.sabra.org.br\/site\/wp-content\/uploads\/2020\/04\/x-teorias-conspiratorias-do-mundo-da-musica-que-voce-precisa-conhecer-20200317174456.jpg.jpg","keywords":["Assist\u00eancia social","Canto Coral","Escola de M\u00fasica de Nova Lima","Escola de Musica SABRA","FIA","IRPF 2020","Musicaliza\u00e7\u00e3o Infantil","Orquestra Infanto Juvenil de Betim","Orquestra Sinf\u00f4nica de Betim","Sociedade Art\u00edstica Brasileira"],"articleSection":["Blog SABRA"],"inLanguage":"pt-BR"},{"@type":"WebPage","@id":"https:\/\/www.sabra.org.br\/site\/teorias-conspiratorias\/","url":"https:\/\/www.sabra.org.br\/site\/teorias-conspiratorias\/","name":"Teorias conspirat\u00f3rias - m\u00fasica - SABRA - Sociedade Art\u00edstica Brasileira","isPartOf":{"@id":"https:\/\/www.sabra.org.br\/site\/#website"},"primaryImageOfPage":{"@id":"https:\/\/www.sabra.org.br\/site\/teorias-conspiratorias\/#primaryimage"},"image":{"@id":"https:\/\/www.sabra.org.br\/site\/teorias-conspiratorias\/#primaryimage"},"thumbnailUrl":"https:\/\/www.sabra.org.br\/site\/wp-content\/uploads\/2020\/04\/x-teorias-conspiratorias-do-mundo-da-musica-que-voce-precisa-conhecer-20200317174456.jpg.jpg","datePublished":"2020-04-28T13:44:26+00:00","dateModified":"2025-04-18T13:34:27+00:00","description":"As teorias conspiratorias rondam a cultura pop desde que a m\u00fasica existe. Hoje em dia elas ganharam for\u00e7a e sacodem a internet. Conhe\u00e7a algumas.","breadcrumb":{"@id":"https:\/\/www.sabra.org.br\/site\/teorias-conspiratorias\/#breadcrumb"},"inLanguage":"pt-BR","potentialAction":[{"@type":"ReadAction","target":["https:\/\/www.sabra.org.br\/site\/teorias-conspiratorias\/"]}]},{"@type":"ImageObject","inLanguage":"pt-BR","@id":"https:\/\/www.sabra.org.br\/site\/teorias-conspiratorias\/#primaryimage","url":"https:\/\/www.sabra.org.br\/site\/wp-content\/uploads\/2020\/04\/x-teorias-conspiratorias-do-mundo-da-musica-que-voce-precisa-conhecer-20200317174456.jpg.jpg","contentUrl":"https:\/\/www.sabra.org.br\/site\/wp-content\/uploads\/2020\/04\/x-teorias-conspiratorias-do-mundo-da-musica-que-voce-precisa-conhecer-20200317174456.jpg.jpg","width":800,"height":603,"caption":"Sociedade Art\u00edstica Brasileira SABRA"},{"@type":"BreadcrumbList","@id":"https:\/\/www.sabra.org.br\/site\/teorias-conspiratorias\/#breadcrumb","itemListElement":[{"@type":"ListItem","position":1,"name":"In\u00edcio","item":"https:\/\/www.sabra.org.br\/site\/"},{"@type":"ListItem","position":2,"name":"Teorias conspirat\u00f3rias &#8211; m\u00fasica"}]},{"@type":"WebSite","@id":"https:\/\/www.sabra.org.br\/site\/#website","url":"https:\/\/www.sabra.org.br\/site\/","name":"SABRA - Sociedade Art\u00edstica Brasileira","description":"Escola de M\u00fasica, Orquestra Sinf\u00f4nica, Coral e Patrim\u00f4nio Cultural e Hist\u00f3rico","publisher":{"@id":"https:\/\/www.sabra.org.br\/site\/#organization"},"potentialAction":[{"@type":"SearchAction","target":{"@type":"EntryPoint","urlTemplate":"https:\/\/www.sabra.org.br\/site\/?s={search_term_string}"},"query-input":{"@type":"PropertyValueSpecification","valueRequired":true,"valueName":"search_term_string"}}],"inLanguage":"pt-BR"},{"@type":"Organization","@id":"https:\/\/www.sabra.org.br\/site\/#organization","name":"SOCIEDADE ART\u00cdSTICA BRASILEIRA SABRA","alternateName":"SABRA","url":"https:\/\/www.sabra.org.br\/site\/","logo":{"@type":"ImageObject","inLanguage":"pt-BR","@id":"https:\/\/www.sabra.org.br\/site\/#\/schema\/logo\/image\/","url":"https:\/\/www.sabra.org.br\/site\/wp-content\/uploads\/2019\/06\/cropped-Logo_SABRA-Copia-1.webp","contentUrl":"https:\/\/www.sabra.org.br\/site\/wp-content\/uploads\/2019\/06\/cropped-Logo_SABRA-Copia-1.webp","width":400,"height":128,"caption":"SOCIEDADE ART\u00cdSTICA BRASILEIRA SABRA"},"image":{"@id":"https:\/\/www.sabra.org.br\/site\/#\/schema\/logo\/image\/"},"sameAs":["https:\/\/www.facebook.com\/sabrabrasil","https:\/\/x.com\/ContatoSabra","https:\/\/www.instagram.com\/sabrabrasil\/","https:\/\/www.linkedin.com\/company\/25002088\/","https:\/\/br.pinterest.com\/sociedadeartisticabrasileira\/","https:\/\/www.youtube.com\/c\/sabrabrasil"]},{"@type":"Person","@id":"https:\/\/www.sabra.org.br\/site\/#\/schema\/person\/7d1d222c3c8891d4c37c7b41bf6315c2","name":"M\u00e1rcio Miranda Pontes","image":{"@type":"ImageObject","inLanguage":"pt-BR","@id":"https:\/\/secure.gravatar.com\/avatar\/3b45f24496a7625a3a6c436688fbe20344faaeb2979658dc4a9921f984d7df9a?s=96&d=mm&r=g","url":"https:\/\/secure.gravatar.com\/avatar\/3b45f24496a7625a3a6c436688fbe20344faaeb2979658dc4a9921f984d7df9a?s=96&d=mm&r=g","contentUrl":"https:\/\/secure.gravatar.com\/avatar\/3b45f24496a7625a3a6c436688fbe20344faaeb2979658dc4a9921f984d7df9a?s=96&d=mm&r=g","caption":"M\u00e1rcio Miranda Pontes"},"sameAs":["http:\/\/www.sabra.org.br"],"url":"https:\/\/www.sabra.org.br\/site\/author\/marcio-miranda-pontes\/"}]}},"jetpack_featured_media_url":"https:\/\/www.sabra.org.br\/site\/wp-content\/uploads\/2020\/04\/x-teorias-conspiratorias-do-mundo-da-musica-que-voce-precisa-conhecer-20200317174456.jpg.jpg","jetpack_shortlink":"https:\/\/wp.me\/p95j2Z-Ky","jetpack-related-posts":[{"id":1932,"url":"https:\/\/www.sabra.org.br\/site\/matematica-e-musica\/","url_meta":{"origin":2886,"position":0},"title":"Matem\u00e1tica e M\u00fasica","author":"M\u00e1rcio Miranda Pontes","date":"15 de maio de 2019","format":false,"excerpt":"trabalho da sociedade art\u00edstica brasileira sociedade art\u00edstica brasileira sabra erat\u00f3stenes arist\u00f3xenes e arquitas trabalho da sociedade art\u00edstica sociedade art\u00edstica brasileira","rel":"","context":"Em &quot;Blog SABRA&quot;","block_context":{"text":"Blog SABRA","link":"https:\/\/www.sabra.org.br\/site\/category\/blog-sabra\/"},"img":{"alt_text":"Matem\u00e1tica e M\u00fasica","src":"https:\/\/i0.wp.com\/www.sabra.org.br\/site\/wp-content\/uploads\/2019\/05\/matematica-e-musica-como-relacionar-os-dois-20181024171547.jpg.jpg?resize=350%2C200&ssl=1","width":350,"height":200,"srcset":"https:\/\/i0.wp.com\/www.sabra.org.br\/site\/wp-content\/uploads\/2019\/05\/matematica-e-musica-como-relacionar-os-dois-20181024171547.jpg.jpg?resize=350%2C200&ssl=1 1x, https:\/\/i0.wp.com\/www.sabra.org.br\/site\/wp-content\/uploads\/2019\/05\/matematica-e-musica-como-relacionar-os-dois-20181024171547.jpg.jpg?resize=525%2C300&ssl=1 1.5x, https:\/\/i0.wp.com\/www.sabra.org.br\/site\/wp-content\/uploads\/2019\/05\/matematica-e-musica-como-relacionar-os-dois-20181024171547.jpg.jpg?resize=700%2C400&ssl=1 2x"},"classes":[]},{"id":8452,"url":"https:\/\/www.sabra.org.br\/site\/orquestra-musica\/","url_meta":{"origin":2886,"position":1},"title":"\u00c9 dif\u00edcil entrar para uma orquestra?","author":"M\u00e1rcio Miranda Pontes","date":"21 de novembro de 2023","format":false,"excerpt":"Voc\u00ea toca algum instrumento ou tem interesse por m\u00fasica e gostaria de saber o que fazer para entrar em uma orquestra? Acesse o link a seguir e fique por dentro de tudo isso e muito mais!","rel":"","context":"Em &quot;Blog SABRA&quot;","block_context":{"text":"Blog SABRA","link":"https:\/\/www.sabra.org.br\/site\/category\/blog-sabra\/"},"img":{"alt_text":"sabra-m\u00fasica-orquestra-instrumento-musical","src":"https:\/\/i0.wp.com\/www.sabra.org.br\/site\/wp-content\/uploads\/2023\/11\/e-dificil-entrar-para-uma-orquestra-20221229103337.jpg-jpg.webp?resize=350%2C200&ssl=1","width":350,"height":200,"srcset":"https:\/\/i0.wp.com\/www.sabra.org.br\/site\/wp-content\/uploads\/2023\/11\/e-dificil-entrar-para-uma-orquestra-20221229103337.jpg-jpg.webp?resize=350%2C200&ssl=1 1x, https:\/\/i0.wp.com\/www.sabra.org.br\/site\/wp-content\/uploads\/2023\/11\/e-dificil-entrar-para-uma-orquestra-20221229103337.jpg-jpg.webp?resize=525%2C300&ssl=1 1.5x, https:\/\/i0.wp.com\/www.sabra.org.br\/site\/wp-content\/uploads\/2023\/11\/e-dificil-entrar-para-uma-orquestra-20221229103337.jpg-jpg.webp?resize=700%2C400&ssl=1 2x"},"classes":[]},{"id":2839,"url":"https:\/\/www.sabra.org.br\/site\/dicas-percepcao-musical\/","url_meta":{"origin":2886,"position":2},"title":"Dicas de Percep\u00e7\u00e3o Musical","author":"M\u00e1rcio Miranda Pontes","date":"17 de abril de 2020","format":false,"excerpt":"Quer desenvolver e aperfei\u00e7oar sua percep\u00e7\u00e3o musical? Confira algumas dicas de como voc\u00ea pode treinar e aperfei\u00e7oar essa habilidade.","rel":"","context":"Em &quot;Blog SABRA&quot;","block_context":{"text":"Blog SABRA","link":"https:\/\/www.sabra.org.br\/site\/category\/blog-sabra\/"},"img":{"alt_text":"percep\u00e7\u00e3o-musical-dicas","src":"https:\/\/i0.wp.com\/www.sabra.org.br\/site\/wp-content\/uploads\/2020\/04\/x-dicas-para-os-musicos-melhorarem-a-sua-percepcao-musical-20191202180617.jpg.jpg?resize=350%2C200&ssl=1","width":350,"height":200,"srcset":"https:\/\/i0.wp.com\/www.sabra.org.br\/site\/wp-content\/uploads\/2020\/04\/x-dicas-para-os-musicos-melhorarem-a-sua-percepcao-musical-20191202180617.jpg.jpg?resize=350%2C200&ssl=1 1x, https:\/\/i0.wp.com\/www.sabra.org.br\/site\/wp-content\/uploads\/2020\/04\/x-dicas-para-os-musicos-melhorarem-a-sua-percepcao-musical-20191202180617.jpg.jpg?resize=525%2C300&ssl=1 1.5x, https:\/\/i0.wp.com\/www.sabra.org.br\/site\/wp-content\/uploads\/2020\/04\/x-dicas-para-os-musicos-melhorarem-a-sua-percepcao-musical-20191202180617.jpg.jpg?resize=700%2C400&ssl=1 2x"},"classes":[]},{"id":2913,"url":"https:\/\/www.sabra.org.br\/site\/musica-classica-beneficios\/","url_meta":{"origin":2886,"position":3},"title":"M\u00fasica cl\u00e1ssica &#8211; benef\u00edcios","author":"M\u00e1rcio Miranda Pontes","date":"6 de maio de 2020","format":false,"excerpt":"Com um equivocado estigma elitista, a m\u00fasica cl\u00e1ssica vem h\u00e1 anos sendo objeto de estudo acerca de seus benef\u00edcios. O fato \u00e9 que escutar tal estilo musical realmente \u00e9 ben\u00e9fico. Conhe\u00e7a 5 motivos para come\u00e7ar a escutar m\u00fasica cl\u00e1ssica agora mesmo.","rel":"","context":"Em &quot;Blog SABRA&quot;","block_context":{"text":"Blog SABRA","link":"https:\/\/www.sabra.org.br\/site\/category\/blog-sabra\/"},"img":{"alt_text":"musica-classica-beneficios","src":"https:\/\/i0.wp.com\/www.sabra.org.br\/site\/wp-content\/uploads\/2020\/05\/x-motivos-para-voce-comecar-a-ouvir-musica-classica-hoje-mesmo-20200317174456.jpg.jpg?resize=350%2C200&ssl=1","width":350,"height":200,"srcset":"https:\/\/i0.wp.com\/www.sabra.org.br\/site\/wp-content\/uploads\/2020\/05\/x-motivos-para-voce-comecar-a-ouvir-musica-classica-hoje-mesmo-20200317174456.jpg.jpg?resize=350%2C200&ssl=1 1x, https:\/\/i0.wp.com\/www.sabra.org.br\/site\/wp-content\/uploads\/2020\/05\/x-motivos-para-voce-comecar-a-ouvir-musica-classica-hoje-mesmo-20200317174456.jpg.jpg?resize=525%2C300&ssl=1 1.5x, https:\/\/i0.wp.com\/www.sabra.org.br\/site\/wp-content\/uploads\/2020\/05\/x-motivos-para-voce-comecar-a-ouvir-musica-classica-hoje-mesmo-20200317174456.jpg.jpg?resize=700%2C400&ssl=1 2x"},"classes":[]},{"id":4068,"url":"https:\/\/www.sabra.org.br\/site\/matematica-musica\/","url_meta":{"origin":2886,"position":4},"title":"A rela\u00e7\u00e3o entre m\u00fasica e matem\u00e1tica","author":"M\u00e1rcio Miranda Pontes","date":"4 de agosto de 2021","format":false,"excerpt":"A rela\u00e7\u00e3o entre m\u00fasica e matem\u00e1tica Voc\u00ea sabia que existe uma associa\u00e7\u00e3o entre m\u00fasica e matem\u00e1tica? A maioria das pessoas normalmente as veem como \u00e1reas completamente distintas, mas isso n\u00e3o \u00e9 verdade. Confira nosso post e saiba mais sobre o tema.","rel":"","context":"Em &quot;Blog SABRA&quot;","block_context":{"text":"Blog SABRA","link":"https:\/\/www.sabra.org.br\/site\/category\/blog-sabra\/"},"img":{"alt_text":"\u00e1reas-matem\u00e1tica-m\u00fasica","src":"https:\/\/i0.wp.com\/www.sabra.org.br\/site\/wp-content\/uploads\/2021\/08\/a-relacao-entre-musica-e-matematica-20210311095559.jpg.jpg?resize=350%2C200&ssl=1","width":350,"height":200,"srcset":"https:\/\/i0.wp.com\/www.sabra.org.br\/site\/wp-content\/uploads\/2021\/08\/a-relacao-entre-musica-e-matematica-20210311095559.jpg.jpg?resize=350%2C200&ssl=1 1x, https:\/\/i0.wp.com\/www.sabra.org.br\/site\/wp-content\/uploads\/2021\/08\/a-relacao-entre-musica-e-matematica-20210311095559.jpg.jpg?resize=525%2C300&ssl=1 1.5x, https:\/\/i0.wp.com\/www.sabra.org.br\/site\/wp-content\/uploads\/2021\/08\/a-relacao-entre-musica-e-matematica-20210311095559.jpg.jpg?resize=700%2C400&ssl=1 2x"},"classes":[]},{"id":4190,"url":"https:\/\/www.sabra.org.br\/site\/aprender-instrumento\/","url_meta":{"origin":2886,"position":5},"title":"Qual o melhor instrumento musical para iniciantes?","author":"M\u00e1rcio Miranda Pontes","date":"20 de setembro de 2021","format":false,"excerpt":"Qual o melhor instrumento musical para iniciantes? \u00c9 importante destacar que cada instrumento musical possui um certo grau de dificuldade, por\u00e9m, de acordo com caracter\u00edsticas espec\u00edficas, alguns deles podem ser mais f\u00e1ceis de aprender. Pensando nisso, preparamos um conte\u00fado para apresentar os instrumentos musicais ideais para iniciantes. Confira nossas recomenda\u00e7\u00f5es!\u2026","rel":"","context":"Em &quot;Blog SABRA&quot;","block_context":{"text":"Blog SABRA","link":"https:\/\/www.sabra.org.br\/site\/category\/blog-sabra\/"},"img":{"alt_text":"instrumento-musical-aprender-conhecer-aprendizado-teclado","src":"https:\/\/i0.wp.com\/www.sabra.org.br\/site\/wp-content\/uploads\/2021\/09\/qual-o-melhor-instrumento-musical-para-iniciantes-20210803101037.jpg.jpg?resize=350%2C200&ssl=1","width":350,"height":200,"srcset":"https:\/\/i0.wp.com\/www.sabra.org.br\/site\/wp-content\/uploads\/2021\/09\/qual-o-melhor-instrumento-musical-para-iniciantes-20210803101037.jpg.jpg?resize=350%2C200&ssl=1 1x, https:\/\/i0.wp.com\/www.sabra.org.br\/site\/wp-content\/uploads\/2021\/09\/qual-o-melhor-instrumento-musical-para-iniciantes-20210803101037.jpg.jpg?resize=525%2C300&ssl=1 1.5x, https:\/\/i0.wp.com\/www.sabra.org.br\/site\/wp-content\/uploads\/2021\/09\/qual-o-melhor-instrumento-musical-para-iniciantes-20210803101037.jpg.jpg?resize=700%2C400&ssl=1 2x"},"classes":[]}],"jetpack_likes_enabled":true,"jetpack_sharing_enabled":true,"_links":{"self":[{"href":"https:\/\/www.sabra.org.br\/site\/wp-json\/wp\/v2\/posts\/2886","targetHints":{"allow":["GET"]}}],"collection":[{"href":"https:\/\/www.sabra.org.br\/site\/wp-json\/wp\/v2\/posts"}],"about":[{"href":"https:\/\/www.sabra.org.br\/site\/wp-json\/wp\/v2\/types\/post"}],"author":[{"embeddable":true,"href":"https:\/\/www.sabra.org.br\/site\/wp-json\/wp\/v2\/users\/39"}],"replies":[{"embeddable":true,"href":"https:\/\/www.sabra.org.br\/site\/wp-json\/wp\/v2\/comments?post=2886"}],"version-history":[{"count":0,"href":"https:\/\/www.sabra.org.br\/site\/wp-json\/wp\/v2\/posts\/2886\/revisions"}],"wp:featuredmedia":[{"embeddable":true,"href":"https:\/\/www.sabra.org.br\/site\/wp-json\/wp\/v2\/media\/2887"}],"wp:attachment":[{"href":"https:\/\/www.sabra.org.br\/site\/wp-json\/wp\/v2\/media?parent=2886"}],"wp:term":[{"taxonomy":"category","embeddable":true,"href":"https:\/\/www.sabra.org.br\/site\/wp-json\/wp\/v2\/categories?post=2886"},{"taxonomy":"post_tag","embeddable":true,"href":"https:\/\/www.sabra.org.br\/site\/wp-json\/wp\/v2\/tags?post=2886"}],"curies":[{"name":"wp","href":"https:\/\/api.w.org\/{rel}","templated":true}]}}