{"id":2890,"date":"2020-04-29T11:03:26","date_gmt":"2020-04-29T14:03:26","guid":{"rendered":"https:\/\/www.sabra.org.br\/site\/?p=2890"},"modified":"2025-04-18T10:35:34","modified_gmt":"2025-04-18T13:35:34","slug":"festivais-2020-musica-classica","status":"publish","type":"post","link":"https:\/\/www.sabra.org.br\/site\/festivais-2020-musica-classica\/","title":{"rendered":"Festivais 2020 &#8211; m\u00fasica cl\u00e1ssica"},"content":{"rendered":"<h2>Os melhores festivais de m\u00fasica cl\u00e1ssica para voc\u00ea acompanhar em 2020 (se a Covid-19 permitir&#8230;)<\/h2>\n<p>A m\u00fasica possui um poder bel\u00edssimo de tocar o mais profundo de nosso ser. A m\u00fasica cl\u00e1ssica, sobretudo, possui um poder ainda mais penetrante e direta ou indiretamente, se adentra por nossos poros e nos motiva a uma vida mais feliz, mais leve e esperan\u00e7osa.\u00a0Neste ano de 2020, temos muitas ocasi\u00f5es onde poderemos ser tocados por essa magia! Listamos os principais festivais de m\u00fasica cl\u00e1ssica desse ano para que voc\u00ea possa se programar e apreciar o maior n\u00famero poss\u00edvel.<\/p>\n<p>Contudo, por motivos de sa\u00fade p\u00fablica, muitos festivais foram cancelados ou adiados por conta do v\u00edrus COVID-19. Ainda assim, esse quadro n\u00e3o ser\u00e1 infinito, e estamos todos contando que a pandemia passe imune a quantas pessoas forem poss\u00edveis, no Brasil e no mundo, e que logo tudo volte a se estabilizar.<\/p>\n<p>Ademais, esperan\u00e7osos sempre, vamos conhecer os melhores festivais vigentes para que voc\u00ea, sua fam\u00edlia e seus amigos possam se encantar ao longo de 2020.<\/p>\n<h2>Festival de Campos do Jord\u00e3o<\/h2>\n<p>Conhecido para al\u00e9m das fronteiras brasileiras, este \u00e9 um dos maiores festivais de m\u00fasica cl\u00e1ssica da Am\u00e9rica Latina. Contam com grande estrutura e passagem de alunos e artistas de diferentes partes do mundo.<\/p>\n<p>Durante esse m\u00eas de festividades, s\u00e3o ministradas aulas a alunos da \u00e1rea musical realizadas por professores e maestros convidados de diferentes partes do mundo, e sua programa\u00e7\u00e3o conta com espet\u00e1culos tanto gratuitos quanto pagos.<\/p>\n<p>A 51\u00aa edi\u00e7\u00e3o ser\u00e1 realizada na cidade tur\u00edstica de Campos do Jord\u00e3o \u2013 S\u00e3o Paulo dos dias 29 de junho a 28 de julho.<\/p>\n<h2>Festival Internacional de M\u00fasica Cl\u00e1ssica de Jo\u00e3o Pessoa<\/h2>\n<p>Este \u00e9 um dos maiores eventos de m\u00fasica erudita da regi\u00e3o nordeste do nosso pa\u00eds, e conta com uma semana de diversas atra\u00e7\u00f5es musicais em diferentes locais da capital paraibana. O destaque vai para as apresenta\u00e7\u00f5es em diferentes igrejas que comp\u00f5e o cen\u00e1rio hist\u00f3rico-cultural da cidade.<\/p>\n<p>Assim como outros festivais, \u201cmasterclasses\u201d s\u00e3o oferecidos aos alunos e demais pessoas com experi\u00eancia na \u00e1rea musical e ministrada por professores convidados de diversas localidades.<\/p>\n<p>At\u00e9 o momento n\u00e3o foram divulgadas as datas do evento e do processo seletivo para participar das aulas, mas as edi\u00e7\u00f5es anteriores foram realizadas no m\u00eas de novembro. Por isso, fiquemos atentos \u00e0s informa\u00e7\u00f5es nos pr\u00f3ximos meses!<\/p>\n<h2>Festival Internacional \u201cM\u00fasica na Serra\u201d<\/h2>\n<p>Nesse ano acontece a 8\u00aa edi\u00e7\u00e3o do festival internacional \u201cM\u00fasica na Serra\u201d, que faz parte da programa\u00e7\u00e3o do Festival de Inverno \u201cSerra Catarina\u201d.<\/p>\n<p>Anualmente, o Festival Internacional acontece na cidade de Lages \u2013 Santa Catarina, e re\u00fane estudantes, maestros e espectadores de diversos lugares do pa\u00eds. S\u00e3o oferecidos cursos de m\u00fasica a alunos que j\u00e1 possuem experi\u00eancia na \u00e1rea e, no per\u00edodo da noite h\u00e1 apresenta\u00e7\u00f5es que s\u00e3o o resultado das trocas de experi\u00eancias e conhecimentos.<\/p>\n<p>\u201cM\u00fasica na Serra\u201d ser\u00e1 realizada gratuitamente no per\u00edodo de 19 a 25 de julho no Teatro Municipal Marajoara. As inscri\u00e7\u00f5es para participar das aulas podem ser feitas no site do festival no per\u00edodo de 3 de mar\u00e7o a 30 de junho.<\/p>\n<p>Neste artigo contamos um pouco dos principais festivais que ter\u00e3o no pa\u00eds ainda nesse ano. N\u00e3o deixe de apreciar esses eventos e valorizar a arte musical! Bons eventos e at\u00e9 a pr\u00f3xima!<\/p>\n<hr \/>\n<h2>FIA &#8211; IRPF 2020 &#8211;\u00a0DOE PARA A SABRA.<\/h2>\n<p>Voc\u00ea escolhe onde parte de seu imposto de renda ser\u00e1 aplicado. Junto com a SABRA, seus projetos e a\u00e7\u00f5es voc\u00ea vai ajudar a transformar vidas. Sem custos para voc\u00ea e n\u00e3o interfere em outras dedu\u00e7\u00f5es. Aproveite o tempo de quarentena do Covid-19 para fazer sua declara\u00e7\u00e3o IRPF 2020.<\/p>\n<h2>Veja como \u00e9 f\u00e1cil: s\u00e3o poucos passos!<\/h2>\n<p>1 \u2013 Ap\u00f3s preencher e conferir sua declara\u00e7\u00e3o no programa da Receita Federal e antes de remete-la, cliquar na aba \u201cDoa\u00e7\u00f5es Diretamente na Declara\u00e7\u00e3o\u201d e clicar em \u201cNovo\u201d <img fetchpriority=\"high\" decoding=\"async\" data-attachment-id=\"2440\" data-permalink=\"https:\/\/www.sabra.org.br\/site\/imposto-de-renda\/01-novo-2\/\" data-orig-file=\"https:\/\/www.sabra.org.br\/site\/wp-content\/uploads\/2020\/02\/01-Novo-1.jpg\" data-orig-size=\"1366,728\" data-comments-opened=\"1\" data-image-meta=\"{&quot;aperture&quot;:&quot;0&quot;,&quot;credit&quot;:&quot;&quot;,&quot;camera&quot;:&quot;&quot;,&quot;caption&quot;:&quot;&quot;,&quot;created_timestamp&quot;:&quot;0&quot;,&quot;copyright&quot;:&quot;&quot;,&quot;focal_length&quot;:&quot;0&quot;,&quot;iso&quot;:&quot;0&quot;,&quot;shutter_speed&quot;:&quot;0&quot;,&quot;title&quot;:&quot;&quot;,&quot;orientation&quot;:&quot;0&quot;}\" data-image-title=\"01-Novo\" data-image-description=\"&lt;p&gt;Sociedade Art\u00edstica Brasileira&lt;\/p&gt;\n\" data-image-caption=\"&lt;p&gt;FIA &amp;#8211; Fundo da Inf\u00e2ncia e Adolesc\u00eancia&lt;\/p&gt;\n\" data-large-file=\"https:\/\/www.sabra.org.br\/site\/wp-content\/uploads\/2020\/02\/01-Novo-1-1024x546.jpg\" class=\"alignnone wp-image-2440 size-full\" src=\"https:\/\/www.sabra.org.br\/site\/wp-content\/uploads\/2020\/02\/01-Novo-1.jpg\" alt=\"FIA - Fundo da Inf\u00e2ncia e Adolesc\u00eancia\" width=\"1366\" height=\"728\" srcset=\"https:\/\/www.sabra.org.br\/site\/wp-content\/uploads\/2020\/02\/01-Novo-1.jpg 1366w, https:\/\/www.sabra.org.br\/site\/wp-content\/uploads\/2020\/02\/01-Novo-1-300x160.jpg 300w, https:\/\/www.sabra.org.br\/site\/wp-content\/uploads\/2020\/02\/01-Novo-1-1024x546.jpg 1024w, https:\/\/www.sabra.org.br\/site\/wp-content\/uploads\/2020\/02\/01-Novo-1-768x409.jpg 768w\" sizes=\"(max-width: 1366px) 100vw, 1366px\" \/> 2 \u2013 Selecionar as op\u00e7\u00f5es: Municipal, Estado (MG \u2013 Minas Gerais) e Munic\u00edpio (Betim &#8211; 21.101.865\/0001-14); <img decoding=\"async\" data-attachment-id=\"2438\" data-permalink=\"https:\/\/www.sabra.org.br\/site\/imposto-de-renda\/02-municipio\/\" data-orig-file=\"https:\/\/www.sabra.org.br\/site\/wp-content\/uploads\/2020\/02\/02-munic\u00edpio.jpg\" data-orig-size=\"1366,728\" data-comments-opened=\"1\" data-image-meta=\"{&quot;aperture&quot;:&quot;0&quot;,&quot;credit&quot;:&quot;&quot;,&quot;camera&quot;:&quot;&quot;,&quot;caption&quot;:&quot;&quot;,&quot;created_timestamp&quot;:&quot;0&quot;,&quot;copyright&quot;:&quot;&quot;,&quot;focal_length&quot;:&quot;0&quot;,&quot;iso&quot;:&quot;0&quot;,&quot;shutter_speed&quot;:&quot;0&quot;,&quot;title&quot;:&quot;&quot;,&quot;orientation&quot;:&quot;0&quot;}\" data-image-title=\"02-munic\u00edpio\" data-image-description=\"&lt;p&gt;Sociedade Art\u00edstica Brasileira&lt;\/p&gt;\n\" data-image-caption=\"&lt;p&gt;FIA &amp;#8211; Fundo da Inf\u00e2ncia e Adolesc\u00eancia&lt;\/p&gt;\n\" data-large-file=\"https:\/\/www.sabra.org.br\/site\/wp-content\/uploads\/2020\/02\/02-munic\u00edpio-1024x546.jpg\" class=\"alignnone wp-image-2438 size-full\" src=\"https:\/\/www.sabra.org.br\/site\/wp-content\/uploads\/2020\/02\/02-munic\u00edpio.jpg\" alt=\"FIA - Fundo da Inf\u00e2ncia e Adolesc\u00eancia\" width=\"1366\" height=\"728\" srcset=\"https:\/\/www.sabra.org.br\/site\/wp-content\/uploads\/2020\/02\/02-munic\u00edpio.jpg 1366w, https:\/\/www.sabra.org.br\/site\/wp-content\/uploads\/2020\/02\/02-munic\u00edpio-300x160.jpg 300w, https:\/\/www.sabra.org.br\/site\/wp-content\/uploads\/2020\/02\/02-munic\u00edpio-1024x546.jpg 1024w, https:\/\/www.sabra.org.br\/site\/wp-content\/uploads\/2020\/02\/02-munic\u00edpio-768x409.jpg 768w\" sizes=\"(max-width: 1366px) 100vw, 1366px\" \/> 3 \u2013 Verificar o \u201cValor Dispon\u00edvel para Destina\u00e7\u00e3o\u201d e copiar o n\u00famero para o campo \u201cValor\u201d (valor da doa\u00e7\u00e3o); <img decoding=\"async\" data-attachment-id=\"2439\" data-permalink=\"https:\/\/www.sabra.org.br\/site\/imposto-de-renda\/03-valor-2\/\" data-orig-file=\"https:\/\/www.sabra.org.br\/site\/wp-content\/uploads\/2020\/02\/03-valor-1.jpg\" data-orig-size=\"1366,726\" data-comments-opened=\"1\" data-image-meta=\"{&quot;aperture&quot;:&quot;0&quot;,&quot;credit&quot;:&quot;&quot;,&quot;camera&quot;:&quot;&quot;,&quot;caption&quot;:&quot;&quot;,&quot;created_timestamp&quot;:&quot;0&quot;,&quot;copyright&quot;:&quot;&quot;,&quot;focal_length&quot;:&quot;0&quot;,&quot;iso&quot;:&quot;0&quot;,&quot;shutter_speed&quot;:&quot;0&quot;,&quot;title&quot;:&quot;&quot;,&quot;orientation&quot;:&quot;0&quot;}\" data-image-title=\"03-valor\" data-image-description=\"&lt;p&gt;Sociedade Art\u00edstica Brasileira&lt;\/p&gt;\n\" data-image-caption=\"&lt;p&gt;FIA &amp;#8211; Fundo da Inf\u00e2ncia e Adolesc\u00eancia&lt;\/p&gt;\n\" data-large-file=\"https:\/\/www.sabra.org.br\/site\/wp-content\/uploads\/2020\/02\/03-valor-1-1024x544.jpg\" class=\"alignnone wp-image-2439 size-full\" src=\"https:\/\/www.sabra.org.br\/site\/wp-content\/uploads\/2020\/02\/03-valor-1.jpg\" alt=\"FIA - Fundo da Inf\u00e2ncia e Adolesc\u00eancia\" width=\"1366\" height=\"726\" srcset=\"https:\/\/www.sabra.org.br\/site\/wp-content\/uploads\/2020\/02\/03-valor-1.jpg 1366w, https:\/\/www.sabra.org.br\/site\/wp-content\/uploads\/2020\/02\/03-valor-1-300x159.jpg 300w, https:\/\/www.sabra.org.br\/site\/wp-content\/uploads\/2020\/02\/03-valor-1-1024x544.jpg 1024w, https:\/\/www.sabra.org.br\/site\/wp-content\/uploads\/2020\/02\/03-valor-1-768x408.jpg 768w\" sizes=\"(max-width: 1366px) 100vw, 1366px\" \/> 4 \u2013 Ap\u00f3s clicar em \u201cOK\u201d \u00e9 preciso selecionar a aba \u201cDarf \u2013 Doa\u00e7\u00f5es Diretamente na Declara\u00e7\u00e3o \u2013 ECA\u201d, imprimir o documento e realizar o pagamento at\u00e9 a data de vencimento. 5 \u2013 Para finalizar, digitalizar o comprovante de pagamento do DARF e enviar para o Conselho da Crian\u00e7a e Adolescente de Betim (cmdcafiabetim@gmail.com) com c\u00f3pia para a SABRA (sabra@sabra.org.br). Na mensagem informar que a doa\u00e7\u00e3o dever\u00e1 ser destinada \u00e0 Sociedade Art\u00edstica Brasileira SABRA. 6 \u2013 Pronto! Voc\u00ea acabou de transformar vidas!<\/p>\n<blockquote class=\"wp-embedded-content\" data-secret=\"bsWRv8y7Ap\"><p><a href=\"https:\/\/www.sabra.org.br\/site\/podcast-literatura\/\">Dicas de podcasts para quem ama literatura<\/a><\/p><\/blockquote>\n<p><iframe class=\"wp-embedded-content\" sandbox=\"allow-scripts\" security=\"restricted\" style=\"position: absolute; visibility: hidden;\" title=\"&#8220;Dicas de podcasts para quem ama literatura&#8221; &#8212; SABRA - Sociedade Art\u00edstica Brasileira\" src=\"https:\/\/www.sabra.org.br\/site\/podcast-literatura\/embed\/#?secret=1MdZQDQSit#?secret=bsWRv8y7Ap\" data-secret=\"bsWRv8y7Ap\" width=\"600\" height=\"338\" frameborder=\"0\" marginwidth=\"0\" marginheight=\"0\" scrolling=\"no\"><\/iframe><\/p>\n<h2>Se voc\u00ea gostou deste post:<\/h2>\n<p>&#8211; SIGA as nossas p\u00e1ginas nas redes sociais para acompanhar as nossas atualiza\u00e7\u00f5es: estamos no <a href=\"https:\/\/www.facebook.com\/sabrabrasil\" target=\"_blank\" rel=\"noopener noreferrer\">Facebook<\/a>, no <a href=\"https:\/\/www.instagram.com\/sabrabrasil\/\" target=\"_blank\" rel=\"noopener noreferrer\">Instagram<\/a>, no <a href=\"https:\/\/www.linkedin.com\/company\/25002088\" target=\"_blank\" rel=\"noopener noreferrer\">LinkedIn<\/a>, no <a href=\"https:\/\/twitter.com\/ContatoSabra\" target=\"_blank\" rel=\"noopener noreferrer\">Twitter<\/a> e no <a href=\"https:\/\/www.youtube.com\/channel\/UCJw-kbuEvzUNdeQf20Pa-eQ\" target=\"_blank\" rel=\"noopener noreferrer\">YouTube<\/a>!<\/p>\n<p>&#8211; CONHE\u00c7A o trabalho da Sociedade Art\u00edstica Brasileira (SABRA) e todas as iniciativas culturais e sociais que ela mant\u00e9m. <a href=\"https:\/\/www.sabra.org.br\/site\/acoes\/\" target=\"_blank\" rel=\"noopener noreferrer\">Acesse nosso site!<\/a><\/p>\n<p>&#8211; ENTRE EM CONTATO com a gente. E veja quais s\u00e3o as op\u00e7\u00f5es de ajuda na manuten\u00e7\u00e3o de nossas a\u00e7\u00f5es sociais e culturais. Basta acessar nossa p\u00e1gina <a href=\"https:\/\/www.sabra.org.br\/site\/doe-agora\/\" target=\"_blank\" rel=\"noopener noreferrer\">Doe Agora!<\/a><\/p>\n<p>&#8211; COMPARTILHE este texto nas suas redes sociais e ajude os seus amigos a tamb\u00e9m dominarem o assunto!<\/p>\n","protected":false},"excerpt":{"rendered":"<p>A m\u00fasica cl\u00e1ssica encanta nossa vida de diferentes formas, e ter a oportunidade de apreci\u00e1-las ao vivo \u00e9 um espet\u00e1culo a parte. Por isso, listamos alguns festivais no nosso pa\u00eds para que voc\u00ea possa se programar!<\/p>\n","protected":false},"author":39,"featured_media":2892,"comment_status":"closed","ping_status":"closed","sticky":false,"template":"","format":"standard","meta":{"jetpack_post_was_ever_published":false,"_jetpack_newsletter_access":"","_jetpack_dont_email_post_to_subs":false,"_jetpack_newsletter_tier_id":0,"_jetpack_memberships_contains_paywalled_content":false,"_jetpack_memberships_contains_paid_content":false,"footnotes":""},"categories":[1],"tags":[15,8,1846,1285,1047,2762,16,1286,11,9],"class_list":["post-2890","post","type-post","status-publish","format-standard","has-post-thumbnail","hentry","category-blog-sabra","tag-assistencia-social","tag-canto-coral","tag-escola-de-musica-de-nova-lima","tag-escola-de-musica-sabra","tag-fia","tag-irpf-2020","tag-musicalizacao-infantil","tag-orquestra-infanto-juvenil-de-betim","tag-orquestra-sinfonica-de-betim","tag-sociedade-artistica-brasileira"],"yoast_head":"<!-- This site is optimized with the Yoast SEO plugin v27.5 - https:\/\/yoast.com\/product\/yoast-seo-wordpress\/ -->\n<title>Festivais 2020 - m\u00fasica cl\u00e1ssica - SABRA - Sociedade Art\u00edstica Brasileira<\/title>\n<meta name=\"description\" content=\"A m\u00fasica cl\u00e1ssica encanta nossa vida de diferentes formas, e ter a oportunidade de apreci\u00e1-las ao vivo \u00e9 um espet\u00e1culo a parte. Listamos alguns festivais.\" \/>\n<meta name=\"robots\" content=\"index, follow, max-snippet:-1, max-image-preview:large, max-video-preview:-1\" \/>\n<link rel=\"canonical\" href=\"https:\/\/www.sabra.org.br\/site\/festivais-2020-musica-classica\/\" \/>\n<meta property=\"og:locale\" content=\"pt_BR\" \/>\n<meta property=\"og:type\" content=\"article\" \/>\n<meta property=\"og:title\" content=\"Festivais 2020 - m\u00fasica cl\u00e1ssica - SABRA - Sociedade Art\u00edstica Brasileira\" \/>\n<meta property=\"og:description\" content=\"A m\u00fasica cl\u00e1ssica encanta nossa vida de diferentes formas, e ter a oportunidade de apreci\u00e1-las ao vivo \u00e9 um espet\u00e1culo a parte. Listamos alguns festivais.\" \/>\n<meta property=\"og:url\" content=\"https:\/\/www.sabra.org.br\/site\/festivais-2020-musica-classica\/\" \/>\n<meta property=\"og:site_name\" content=\"SABRA - Sociedade Art\u00edstica Brasileira\" \/>\n<meta property=\"article:publisher\" content=\"https:\/\/www.facebook.com\/sabrabrasil\" \/>\n<meta property=\"article:published_time\" content=\"2020-04-29T14:03:26+00:00\" \/>\n<meta property=\"article:modified_time\" content=\"2025-04-18T13:35:34+00:00\" \/>\n<meta property=\"og:image\" content=\"https:\/\/www.sabra.org.br\/site\/wp-content\/uploads\/2020\/04\/os-melhores-festivais-de-musica-classica-para-voce-acompanhar-em-20200317174456.jpg.jpg\" \/>\n\t<meta property=\"og:image:width\" content=\"800\" \/>\n\t<meta property=\"og:image:height\" content=\"533\" \/>\n\t<meta property=\"og:image:type\" content=\"image\/jpeg\" \/>\n<meta name=\"author\" content=\"M\u00e1rcio Miranda Pontes\" \/>\n<meta name=\"twitter:card\" content=\"summary_large_image\" \/>\n<meta name=\"twitter:creator\" content=\"@ContatoSabra\" \/>\n<meta name=\"twitter:site\" content=\"@ContatoSabra\" \/>\n<meta name=\"twitter:label1\" content=\"Escrito por\" \/>\n\t<meta name=\"twitter:data1\" content=\"M\u00e1rcio Miranda Pontes\" \/>\n\t<meta name=\"twitter:label2\" content=\"Est. tempo de leitura\" \/>\n\t<meta name=\"twitter:data2\" content=\"6 minutos\" \/>\n<script type=\"application\/ld+json\" class=\"yoast-schema-graph\">{\"@context\":\"https:\\\/\\\/schema.org\",\"@graph\":[{\"@type\":\"Article\",\"@id\":\"https:\\\/\\\/www.sabra.org.br\\\/site\\\/festivais-2020-musica-classica\\\/#article\",\"isPartOf\":{\"@id\":\"https:\\\/\\\/www.sabra.org.br\\\/site\\\/festivais-2020-musica-classica\\\/\"},\"author\":{\"name\":\"M\u00e1rcio Miranda Pontes\",\"@id\":\"https:\\\/\\\/www.sabra.org.br\\\/site\\\/#\\\/schema\\\/person\\\/7d1d222c3c8891d4c37c7b41bf6315c2\"},\"headline\":\"Festivais 2020 &#8211; m\u00fasica cl\u00e1ssica\",\"datePublished\":\"2020-04-29T14:03:26+00:00\",\"dateModified\":\"2025-04-18T13:35:34+00:00\",\"mainEntityOfPage\":{\"@id\":\"https:\\\/\\\/www.sabra.org.br\\\/site\\\/festivais-2020-musica-classica\\\/\"},\"wordCount\":933,\"publisher\":{\"@id\":\"https:\\\/\\\/www.sabra.org.br\\\/site\\\/#organization\"},\"image\":{\"@id\":\"https:\\\/\\\/www.sabra.org.br\\\/site\\\/festivais-2020-musica-classica\\\/#primaryimage\"},\"thumbnailUrl\":\"https:\\\/\\\/www.sabra.org.br\\\/site\\\/wp-content\\\/uploads\\\/2020\\\/04\\\/os-melhores-festivais-de-musica-classica-para-voce-acompanhar-em-20200317174456.jpg.jpg\",\"keywords\":[\"Assist\u00eancia social\",\"Canto Coral\",\"Escola de M\u00fasica de Nova Lima\",\"Escola de Musica SABRA\",\"FIA\",\"IRPF 2020\",\"Musicaliza\u00e7\u00e3o Infantil\",\"Orquestra Infanto Juvenil de Betim\",\"Orquestra Sinf\u00f4nica de Betim\",\"Sociedade Art\u00edstica Brasileira\"],\"articleSection\":[\"Blog SABRA\"],\"inLanguage\":\"pt-BR\"},{\"@type\":\"WebPage\",\"@id\":\"https:\\\/\\\/www.sabra.org.br\\\/site\\\/festivais-2020-musica-classica\\\/\",\"url\":\"https:\\\/\\\/www.sabra.org.br\\\/site\\\/festivais-2020-musica-classica\\\/\",\"name\":\"Festivais 2020 - m\u00fasica cl\u00e1ssica - SABRA - Sociedade Art\u00edstica Brasileira\",\"isPartOf\":{\"@id\":\"https:\\\/\\\/www.sabra.org.br\\\/site\\\/#website\"},\"primaryImageOfPage\":{\"@id\":\"https:\\\/\\\/www.sabra.org.br\\\/site\\\/festivais-2020-musica-classica\\\/#primaryimage\"},\"image\":{\"@id\":\"https:\\\/\\\/www.sabra.org.br\\\/site\\\/festivais-2020-musica-classica\\\/#primaryimage\"},\"thumbnailUrl\":\"https:\\\/\\\/www.sabra.org.br\\\/site\\\/wp-content\\\/uploads\\\/2020\\\/04\\\/os-melhores-festivais-de-musica-classica-para-voce-acompanhar-em-20200317174456.jpg.jpg\",\"datePublished\":\"2020-04-29T14:03:26+00:00\",\"dateModified\":\"2025-04-18T13:35:34+00:00\",\"description\":\"A m\u00fasica cl\u00e1ssica encanta nossa vida de diferentes formas, e ter a oportunidade de apreci\u00e1-las ao vivo \u00e9 um espet\u00e1culo a parte. Listamos alguns festivais.\",\"breadcrumb\":{\"@id\":\"https:\\\/\\\/www.sabra.org.br\\\/site\\\/festivais-2020-musica-classica\\\/#breadcrumb\"},\"inLanguage\":\"pt-BR\",\"potentialAction\":[{\"@type\":\"ReadAction\",\"target\":[\"https:\\\/\\\/www.sabra.org.br\\\/site\\\/festivais-2020-musica-classica\\\/\"]}]},{\"@type\":\"ImageObject\",\"inLanguage\":\"pt-BR\",\"@id\":\"https:\\\/\\\/www.sabra.org.br\\\/site\\\/festivais-2020-musica-classica\\\/#primaryimage\",\"url\":\"https:\\\/\\\/www.sabra.org.br\\\/site\\\/wp-content\\\/uploads\\\/2020\\\/04\\\/os-melhores-festivais-de-musica-classica-para-voce-acompanhar-em-20200317174456.jpg.jpg\",\"contentUrl\":\"https:\\\/\\\/www.sabra.org.br\\\/site\\\/wp-content\\\/uploads\\\/2020\\\/04\\\/os-melhores-festivais-de-musica-classica-para-voce-acompanhar-em-20200317174456.jpg.jpg\",\"width\":800,\"height\":533,\"caption\":\"Sociedade Art\u00edstica Brasileira SABRA\"},{\"@type\":\"BreadcrumbList\",\"@id\":\"https:\\\/\\\/www.sabra.org.br\\\/site\\\/festivais-2020-musica-classica\\\/#breadcrumb\",\"itemListElement\":[{\"@type\":\"ListItem\",\"position\":1,\"name\":\"In\u00edcio\",\"item\":\"https:\\\/\\\/www.sabra.org.br\\\/site\\\/\"},{\"@type\":\"ListItem\",\"position\":2,\"name\":\"Festivais 2020 &#8211; m\u00fasica cl\u00e1ssica\"}]},{\"@type\":\"WebSite\",\"@id\":\"https:\\\/\\\/www.sabra.org.br\\\/site\\\/#website\",\"url\":\"https:\\\/\\\/www.sabra.org.br\\\/site\\\/\",\"name\":\"SABRA - Sociedade Art\u00edstica Brasileira\",\"description\":\"Escola de M\u00fasica, Orquestra Sinf\u00f4nica, Coral e Patrim\u00f4nio Cultural e Hist\u00f3rico\",\"publisher\":{\"@id\":\"https:\\\/\\\/www.sabra.org.br\\\/site\\\/#organization\"},\"potentialAction\":[{\"@type\":\"SearchAction\",\"target\":{\"@type\":\"EntryPoint\",\"urlTemplate\":\"https:\\\/\\\/www.sabra.org.br\\\/site\\\/?s={search_term_string}\"},\"query-input\":{\"@type\":\"PropertyValueSpecification\",\"valueRequired\":true,\"valueName\":\"search_term_string\"}}],\"inLanguage\":\"pt-BR\"},{\"@type\":\"Organization\",\"@id\":\"https:\\\/\\\/www.sabra.org.br\\\/site\\\/#organization\",\"name\":\"SOCIEDADE ART\u00cdSTICA BRASILEIRA SABRA\",\"alternateName\":\"SABRA\",\"url\":\"https:\\\/\\\/www.sabra.org.br\\\/site\\\/\",\"logo\":{\"@type\":\"ImageObject\",\"inLanguage\":\"pt-BR\",\"@id\":\"https:\\\/\\\/www.sabra.org.br\\\/site\\\/#\\\/schema\\\/logo\\\/image\\\/\",\"url\":\"https:\\\/\\\/www.sabra.org.br\\\/site\\\/wp-content\\\/uploads\\\/2019\\\/06\\\/cropped-Logo_SABRA-Copia-1.webp\",\"contentUrl\":\"https:\\\/\\\/www.sabra.org.br\\\/site\\\/wp-content\\\/uploads\\\/2019\\\/06\\\/cropped-Logo_SABRA-Copia-1.webp\",\"width\":400,\"height\":128,\"caption\":\"SOCIEDADE ART\u00cdSTICA BRASILEIRA SABRA\"},\"image\":{\"@id\":\"https:\\\/\\\/www.sabra.org.br\\\/site\\\/#\\\/schema\\\/logo\\\/image\\\/\"},\"sameAs\":[\"https:\\\/\\\/www.facebook.com\\\/sabrabrasil\",\"https:\\\/\\\/x.com\\\/ContatoSabra\",\"https:\\\/\\\/www.instagram.com\\\/sabrabrasil\\\/\",\"https:\\\/\\\/www.linkedin.com\\\/company\\\/25002088\\\/\",\"https:\\\/\\\/br.pinterest.com\\\/sociedadeartisticabrasileira\\\/\",\"https:\\\/\\\/www.youtube.com\\\/c\\\/sabrabrasil\"]},{\"@type\":\"Person\",\"@id\":\"https:\\\/\\\/www.sabra.org.br\\\/site\\\/#\\\/schema\\\/person\\\/7d1d222c3c8891d4c37c7b41bf6315c2\",\"name\":\"M\u00e1rcio Miranda Pontes\",\"image\":{\"@type\":\"ImageObject\",\"inLanguage\":\"pt-BR\",\"@id\":\"https:\\\/\\\/secure.gravatar.com\\\/avatar\\\/3b45f24496a7625a3a6c436688fbe20344faaeb2979658dc4a9921f984d7df9a?s=96&d=mm&r=g\",\"url\":\"https:\\\/\\\/secure.gravatar.com\\\/avatar\\\/3b45f24496a7625a3a6c436688fbe20344faaeb2979658dc4a9921f984d7df9a?s=96&d=mm&r=g\",\"contentUrl\":\"https:\\\/\\\/secure.gravatar.com\\\/avatar\\\/3b45f24496a7625a3a6c436688fbe20344faaeb2979658dc4a9921f984d7df9a?s=96&d=mm&r=g\",\"caption\":\"M\u00e1rcio Miranda Pontes\"},\"sameAs\":[\"http:\\\/\\\/www.sabra.org.br\"],\"url\":\"https:\\\/\\\/www.sabra.org.br\\\/site\\\/author\\\/marcio-miranda-pontes\\\/\"}]}<\/script>\n<!-- \/ Yoast SEO plugin. -->","yoast_head_json":{"title":"Festivais 2020 - m\u00fasica cl\u00e1ssica - SABRA - Sociedade Art\u00edstica Brasileira","description":"A m\u00fasica cl\u00e1ssica encanta nossa vida de diferentes formas, e ter a oportunidade de apreci\u00e1-las ao vivo \u00e9 um espet\u00e1culo a parte. Listamos alguns festivais.","robots":{"index":"index","follow":"follow","max-snippet":"max-snippet:-1","max-image-preview":"max-image-preview:large","max-video-preview":"max-video-preview:-1"},"canonical":"https:\/\/www.sabra.org.br\/site\/festivais-2020-musica-classica\/","og_locale":"pt_BR","og_type":"article","og_title":"Festivais 2020 - m\u00fasica cl\u00e1ssica - SABRA - Sociedade Art\u00edstica Brasileira","og_description":"A m\u00fasica cl\u00e1ssica encanta nossa vida de diferentes formas, e ter a oportunidade de apreci\u00e1-las ao vivo \u00e9 um espet\u00e1culo a parte. Listamos alguns festivais.","og_url":"https:\/\/www.sabra.org.br\/site\/festivais-2020-musica-classica\/","og_site_name":"SABRA - Sociedade Art\u00edstica Brasileira","article_publisher":"https:\/\/www.facebook.com\/sabrabrasil","article_published_time":"2020-04-29T14:03:26+00:00","article_modified_time":"2025-04-18T13:35:34+00:00","og_image":[{"width":800,"height":533,"url":"https:\/\/www.sabra.org.br\/site\/wp-content\/uploads\/2020\/04\/os-melhores-festivais-de-musica-classica-para-voce-acompanhar-em-20200317174456.jpg.jpg","type":"image\/jpeg"}],"author":"M\u00e1rcio Miranda Pontes","twitter_card":"summary_large_image","twitter_creator":"@ContatoSabra","twitter_site":"@ContatoSabra","twitter_misc":{"Escrito por":"M\u00e1rcio Miranda Pontes","Est. tempo de leitura":"6 minutos"},"schema":{"@context":"https:\/\/schema.org","@graph":[{"@type":"Article","@id":"https:\/\/www.sabra.org.br\/site\/festivais-2020-musica-classica\/#article","isPartOf":{"@id":"https:\/\/www.sabra.org.br\/site\/festivais-2020-musica-classica\/"},"author":{"name":"M\u00e1rcio Miranda Pontes","@id":"https:\/\/www.sabra.org.br\/site\/#\/schema\/person\/7d1d222c3c8891d4c37c7b41bf6315c2"},"headline":"Festivais 2020 &#8211; m\u00fasica cl\u00e1ssica","datePublished":"2020-04-29T14:03:26+00:00","dateModified":"2025-04-18T13:35:34+00:00","mainEntityOfPage":{"@id":"https:\/\/www.sabra.org.br\/site\/festivais-2020-musica-classica\/"},"wordCount":933,"publisher":{"@id":"https:\/\/www.sabra.org.br\/site\/#organization"},"image":{"@id":"https:\/\/www.sabra.org.br\/site\/festivais-2020-musica-classica\/#primaryimage"},"thumbnailUrl":"https:\/\/www.sabra.org.br\/site\/wp-content\/uploads\/2020\/04\/os-melhores-festivais-de-musica-classica-para-voce-acompanhar-em-20200317174456.jpg.jpg","keywords":["Assist\u00eancia social","Canto Coral","Escola de M\u00fasica de Nova Lima","Escola de Musica SABRA","FIA","IRPF 2020","Musicaliza\u00e7\u00e3o Infantil","Orquestra Infanto Juvenil de Betim","Orquestra Sinf\u00f4nica de Betim","Sociedade Art\u00edstica Brasileira"],"articleSection":["Blog SABRA"],"inLanguage":"pt-BR"},{"@type":"WebPage","@id":"https:\/\/www.sabra.org.br\/site\/festivais-2020-musica-classica\/","url":"https:\/\/www.sabra.org.br\/site\/festivais-2020-musica-classica\/","name":"Festivais 2020 - m\u00fasica cl\u00e1ssica - SABRA - Sociedade Art\u00edstica Brasileira","isPartOf":{"@id":"https:\/\/www.sabra.org.br\/site\/#website"},"primaryImageOfPage":{"@id":"https:\/\/www.sabra.org.br\/site\/festivais-2020-musica-classica\/#primaryimage"},"image":{"@id":"https:\/\/www.sabra.org.br\/site\/festivais-2020-musica-classica\/#primaryimage"},"thumbnailUrl":"https:\/\/www.sabra.org.br\/site\/wp-content\/uploads\/2020\/04\/os-melhores-festivais-de-musica-classica-para-voce-acompanhar-em-20200317174456.jpg.jpg","datePublished":"2020-04-29T14:03:26+00:00","dateModified":"2025-04-18T13:35:34+00:00","description":"A m\u00fasica cl\u00e1ssica encanta nossa vida de diferentes formas, e ter a oportunidade de apreci\u00e1-las ao vivo \u00e9 um espet\u00e1culo a parte. Listamos alguns festivais.","breadcrumb":{"@id":"https:\/\/www.sabra.org.br\/site\/festivais-2020-musica-classica\/#breadcrumb"},"inLanguage":"pt-BR","potentialAction":[{"@type":"ReadAction","target":["https:\/\/www.sabra.org.br\/site\/festivais-2020-musica-classica\/"]}]},{"@type":"ImageObject","inLanguage":"pt-BR","@id":"https:\/\/www.sabra.org.br\/site\/festivais-2020-musica-classica\/#primaryimage","url":"https:\/\/www.sabra.org.br\/site\/wp-content\/uploads\/2020\/04\/os-melhores-festivais-de-musica-classica-para-voce-acompanhar-em-20200317174456.jpg.jpg","contentUrl":"https:\/\/www.sabra.org.br\/site\/wp-content\/uploads\/2020\/04\/os-melhores-festivais-de-musica-classica-para-voce-acompanhar-em-20200317174456.jpg.jpg","width":800,"height":533,"caption":"Sociedade Art\u00edstica Brasileira SABRA"},{"@type":"BreadcrumbList","@id":"https:\/\/www.sabra.org.br\/site\/festivais-2020-musica-classica\/#breadcrumb","itemListElement":[{"@type":"ListItem","position":1,"name":"In\u00edcio","item":"https:\/\/www.sabra.org.br\/site\/"},{"@type":"ListItem","position":2,"name":"Festivais 2020 &#8211; m\u00fasica cl\u00e1ssica"}]},{"@type":"WebSite","@id":"https:\/\/www.sabra.org.br\/site\/#website","url":"https:\/\/www.sabra.org.br\/site\/","name":"SABRA - Sociedade Art\u00edstica Brasileira","description":"Escola de M\u00fasica, Orquestra Sinf\u00f4nica, Coral e Patrim\u00f4nio Cultural e Hist\u00f3rico","publisher":{"@id":"https:\/\/www.sabra.org.br\/site\/#organization"},"potentialAction":[{"@type":"SearchAction","target":{"@type":"EntryPoint","urlTemplate":"https:\/\/www.sabra.org.br\/site\/?s={search_term_string}"},"query-input":{"@type":"PropertyValueSpecification","valueRequired":true,"valueName":"search_term_string"}}],"inLanguage":"pt-BR"},{"@type":"Organization","@id":"https:\/\/www.sabra.org.br\/site\/#organization","name":"SOCIEDADE ART\u00cdSTICA BRASILEIRA SABRA","alternateName":"SABRA","url":"https:\/\/www.sabra.org.br\/site\/","logo":{"@type":"ImageObject","inLanguage":"pt-BR","@id":"https:\/\/www.sabra.org.br\/site\/#\/schema\/logo\/image\/","url":"https:\/\/www.sabra.org.br\/site\/wp-content\/uploads\/2019\/06\/cropped-Logo_SABRA-Copia-1.webp","contentUrl":"https:\/\/www.sabra.org.br\/site\/wp-content\/uploads\/2019\/06\/cropped-Logo_SABRA-Copia-1.webp","width":400,"height":128,"caption":"SOCIEDADE ART\u00cdSTICA BRASILEIRA SABRA"},"image":{"@id":"https:\/\/www.sabra.org.br\/site\/#\/schema\/logo\/image\/"},"sameAs":["https:\/\/www.facebook.com\/sabrabrasil","https:\/\/x.com\/ContatoSabra","https:\/\/www.instagram.com\/sabrabrasil\/","https:\/\/www.linkedin.com\/company\/25002088\/","https:\/\/br.pinterest.com\/sociedadeartisticabrasileira\/","https:\/\/www.youtube.com\/c\/sabrabrasil"]},{"@type":"Person","@id":"https:\/\/www.sabra.org.br\/site\/#\/schema\/person\/7d1d222c3c8891d4c37c7b41bf6315c2","name":"M\u00e1rcio Miranda Pontes","image":{"@type":"ImageObject","inLanguage":"pt-BR","@id":"https:\/\/secure.gravatar.com\/avatar\/3b45f24496a7625a3a6c436688fbe20344faaeb2979658dc4a9921f984d7df9a?s=96&d=mm&r=g","url":"https:\/\/secure.gravatar.com\/avatar\/3b45f24496a7625a3a6c436688fbe20344faaeb2979658dc4a9921f984d7df9a?s=96&d=mm&r=g","contentUrl":"https:\/\/secure.gravatar.com\/avatar\/3b45f24496a7625a3a6c436688fbe20344faaeb2979658dc4a9921f984d7df9a?s=96&d=mm&r=g","caption":"M\u00e1rcio Miranda Pontes"},"sameAs":["http:\/\/www.sabra.org.br"],"url":"https:\/\/www.sabra.org.br\/site\/author\/marcio-miranda-pontes\/"}]}},"jetpack_featured_media_url":"https:\/\/www.sabra.org.br\/site\/wp-content\/uploads\/2020\/04\/os-melhores-festivais-de-musica-classica-para-voce-acompanhar-em-20200317174456.jpg.jpg","jetpack_shortlink":"https:\/\/wp.me\/p95j2Z-KC","jetpack-related-posts":[{"id":5183,"url":"https:\/\/www.sabra.org.br\/site\/musica-classica-beneficios-2\/","url_meta":{"origin":2890,"position":0},"title":"Benef\u00edcios de ouvir m\u00fasica cl\u00e1ssica","author":"M\u00e1rcio Miranda Pontes","date":"6 de junho de 2022","format":false,"excerpt":"A m\u00fasica cl\u00e1ssica \u00e9 um dos estilos musicais mais antigos, e nunca deixa de nos satisfazer com sua qualidade est\u00e9tica. Por\u00e9m, voc\u00ea sabia que a m\u00fasica cl\u00e1ssica possui tamb\u00e9m outros m\u00e9ritos? Confira 7 benef\u00edcios de ouvir m\u00fasica cl\u00e1ssica que voc\u00ea provavelmente n\u00e3o conhece!","rel":"","context":"Em &quot;Blog SABRA&quot;","block_context":{"text":"Blog SABRA","link":"https:\/\/www.sabra.org.br\/site\/category\/blog-sabra\/"},"img":{"alt_text":"m\u00fasica-cl\u00e1ssica-ouvir-estudo","src":"https:\/\/i0.wp.com\/www.sabra.org.br\/site\/wp-content\/uploads\/2022\/06\/x-beneficios-de-ouvir-musica-classica-20220210110336.jpg.jpg?resize=350%2C200&ssl=1","width":350,"height":200,"srcset":"https:\/\/i0.wp.com\/www.sabra.org.br\/site\/wp-content\/uploads\/2022\/06\/x-beneficios-de-ouvir-musica-classica-20220210110336.jpg.jpg?resize=350%2C200&ssl=1 1x, https:\/\/i0.wp.com\/www.sabra.org.br\/site\/wp-content\/uploads\/2022\/06\/x-beneficios-de-ouvir-musica-classica-20220210110336.jpg.jpg?resize=525%2C300&ssl=1 1.5x, https:\/\/i0.wp.com\/www.sabra.org.br\/site\/wp-content\/uploads\/2022\/06\/x-beneficios-de-ouvir-musica-classica-20220210110336.jpg.jpg?resize=700%2C400&ssl=1 2x"},"classes":[]},{"id":8440,"url":"https:\/\/www.sabra.org.br\/site\/classica-brasil\/","url_meta":{"origin":2890,"position":1},"title":"O consumo de m\u00fasica cl\u00e1ssica no Brasil","author":"M\u00e1rcio Miranda Pontes","date":"20 de novembro de 2023","format":false,"excerpt":"Que o Brasil \u00e9 um pa\u00eds musical, todo mundo j\u00e1 sabe. Mas voc\u00ea sabe como a m\u00fasica cl\u00e1ssica \u00e9 consumida no pa\u00eds? Acesse o link a seguir e fique por dentro disso e muito mais!","rel":"","context":"Em &quot;Blog SABRA&quot;","block_context":{"text":"Blog SABRA","link":"https:\/\/www.sabra.org.br\/site\/category\/blog-sabra\/"},"img":{"alt_text":"sabra-m\u00fasica-cl\u00e1ssica-brasil-consumo","src":"https:\/\/i0.wp.com\/www.sabra.org.br\/site\/wp-content\/uploads\/2023\/11\/o-consumo-de-musica-classica-no-brasil-20221229103337.jpg-jpg.webp?resize=350%2C200&ssl=1","width":350,"height":200,"srcset":"https:\/\/i0.wp.com\/www.sabra.org.br\/site\/wp-content\/uploads\/2023\/11\/o-consumo-de-musica-classica-no-brasil-20221229103337.jpg-jpg.webp?resize=350%2C200&ssl=1 1x, https:\/\/i0.wp.com\/www.sabra.org.br\/site\/wp-content\/uploads\/2023\/11\/o-consumo-de-musica-classica-no-brasil-20221229103337.jpg-jpg.webp?resize=525%2C300&ssl=1 1.5x, https:\/\/i0.wp.com\/www.sabra.org.br\/site\/wp-content\/uploads\/2023\/11\/o-consumo-de-musica-classica-no-brasil-20221229103337.jpg-jpg.webp?resize=700%2C400&ssl=1 2x"},"classes":[]},{"id":3170,"url":"https:\/\/www.sabra.org.br\/site\/musica-classica-violino\/","url_meta":{"origin":2890,"position":2},"title":"M\u00fasica cl\u00e1ssica com violino","author":"M\u00e1rcio Miranda Pontes","date":"16 de outubro de 2020","format":false,"excerpt":"\u00c9 comprovado cientificamente que m\u00fasica cl\u00e1ssica acalma, baixa a press\u00e3o arterial e ainda auxilia a dormir. Verifique algumas indica\u00e7\u00f5es das melhores m\u00fasicas cl\u00e1ssicas tocadas s\u00f3 em violino que preparamos para voc\u00ea.","rel":"","context":"Em &quot;Blog SABRA&quot;","block_context":{"text":"Blog SABRA","link":"https:\/\/www.sabra.org.br\/site\/category\/blog-sabra\/"},"img":{"alt_text":"musica-classica-violino","src":"https:\/\/i0.wp.com\/www.sabra.org.br\/site\/wp-content\/uploads\/2020\/10\/as-melhores-musicas-classicas-tocadas-so-com-violino-20201001161911.jpg.jpg?resize=350%2C200&ssl=1","width":350,"height":200,"srcset":"https:\/\/i0.wp.com\/www.sabra.org.br\/site\/wp-content\/uploads\/2020\/10\/as-melhores-musicas-classicas-tocadas-so-com-violino-20201001161911.jpg.jpg?resize=350%2C200&ssl=1 1x, https:\/\/i0.wp.com\/www.sabra.org.br\/site\/wp-content\/uploads\/2020\/10\/as-melhores-musicas-classicas-tocadas-so-com-violino-20201001161911.jpg.jpg?resize=525%2C300&ssl=1 1.5x, https:\/\/i0.wp.com\/www.sabra.org.br\/site\/wp-content\/uploads\/2020\/10\/as-melhores-musicas-classicas-tocadas-so-com-violino-20201001161911.jpg.jpg?resize=700%2C400&ssl=1 2x"},"classes":[]},{"id":5346,"url":"https:\/\/www.sabra.org.br\/site\/musica-classica-criancas\/","url_meta":{"origin":2890,"position":3},"title":"Benef\u00edcios da m\u00fasica cl\u00e1ssica para as crian\u00e7as","author":"M\u00e1rcio Miranda Pontes","date":"13 de julho de 2022","format":false,"excerpt":"Que escutar e aprender m\u00fasica cl\u00e1ssica traz in\u00fameras vantagens para nossa vida voc\u00ea j\u00e1 sabe. Mas voc\u00ea conhece os benef\u00edcios desse g\u00eanero musical na vida das crian\u00e7as?","rel":"","context":"Em &quot;Blog SABRA&quot;","block_context":{"text":"Blog SABRA","link":"https:\/\/www.sabra.org.br\/site\/category\/blog-sabra\/"},"img":{"alt_text":"beneficio-musica-classica-crian\u00e7a","src":"https:\/\/i0.wp.com\/www.sabra.org.br\/site\/wp-content\/uploads\/2022\/07\/x-beneficios-da-musica-classica-para-as-criancas-20220513105253.jpg.jpg?resize=350%2C200&ssl=1","width":350,"height":200,"srcset":"https:\/\/i0.wp.com\/www.sabra.org.br\/site\/wp-content\/uploads\/2022\/07\/x-beneficios-da-musica-classica-para-as-criancas-20220513105253.jpg.jpg?resize=350%2C200&ssl=1 1x, https:\/\/i0.wp.com\/www.sabra.org.br\/site\/wp-content\/uploads\/2022\/07\/x-beneficios-da-musica-classica-para-as-criancas-20220513105253.jpg.jpg?resize=525%2C300&ssl=1 1.5x, https:\/\/i0.wp.com\/www.sabra.org.br\/site\/wp-content\/uploads\/2022\/07\/x-beneficios-da-musica-classica-para-as-criancas-20220513105253.jpg.jpg?resize=700%2C400&ssl=1 2x"},"classes":[]},{"id":7397,"url":"https:\/\/www.sabra.org.br\/site\/opera-classica\/","url_meta":{"origin":2890,"position":4},"title":"A \u00f3pera e a m\u00fasica cl\u00e1ssica","author":"M\u00e1rcio Miranda Pontes","date":"22 de junho de 2023","format":false,"excerpt":"\u00d3pera e m\u00fasica cl\u00e1ssica: uma sinergia transcendente. Explore a evolu\u00e7\u00e3o desses g\u00eaneros e sua influ\u00eancia nos dias de hoje. Descubra como a majestade e a beleza da \u00f3pera e da m\u00fasica cl\u00e1ssica continuam a encantar e inspirar o p\u00fablico contempor\u00e2neo.","rel":"","context":"Em &quot;Blog SABRA&quot;","block_context":{"text":"Blog SABRA","link":"https:\/\/www.sabra.org.br\/site\/category\/blog-sabra\/"},"img":{"alt_text":"m\u00fasica-cl\u00e1ssica-\u00f3pera-arta-cultura-g\u00eanero-hist\u00f3ria-composi\u00e7\u00f5es-sabra","src":"https:\/\/i0.wp.com\/www.sabra.org.br\/site\/wp-content\/uploads\/2023\/06\/a-opera-e-a-musica-classicajpg-20230522113605.jpg-jpg.webp?resize=350%2C200&ssl=1","width":350,"height":200,"srcset":"https:\/\/i0.wp.com\/www.sabra.org.br\/site\/wp-content\/uploads\/2023\/06\/a-opera-e-a-musica-classicajpg-20230522113605.jpg-jpg.webp?resize=350%2C200&ssl=1 1x, https:\/\/i0.wp.com\/www.sabra.org.br\/site\/wp-content\/uploads\/2023\/06\/a-opera-e-a-musica-classicajpg-20230522113605.jpg-jpg.webp?resize=525%2C300&ssl=1 1.5x, https:\/\/i0.wp.com\/www.sabra.org.br\/site\/wp-content\/uploads\/2023\/06\/a-opera-e-a-musica-classicajpg-20230522113605.jpg-jpg.webp?resize=700%2C400&ssl=1 2x"},"classes":[]},{"id":7415,"url":"https:\/\/www.sabra.org.br\/site\/instrumentos-musica-classica\/","url_meta":{"origin":2890,"position":5},"title":"Melhores instrumentos musicais para tocar m\u00fasica cl\u00e1ssica","author":"M\u00e1rcio Miranda Pontes","date":"28 de junho de 2023","format":false,"excerpt":"Descubra os instrumentos perfeitos para a m\u00fasica cl\u00e1ssica! Piano, violino e obo\u00e9: harmonia sublime em cada nota. Conhe\u00e7a a ess\u00eancia desses instrumentos e mergulhe na grandiosidade da m\u00fasica cl\u00e1ssica. Encontre sua paix\u00e3o e domine a arte da interpreta\u00e7\u00e3o.","rel":"","context":"Em &quot;Blog SABRA&quot;","block_context":{"text":"Blog SABRA","link":"https:\/\/www.sabra.org.br\/site\/category\/blog-sabra\/"},"img":{"alt_text":"m\u00fasica-cl\u00e1ssica-instrumento-obo\u00e9-expressividade-orquestra-piano-violino-sociais-sabra","src":"https:\/\/i0.wp.com\/www.sabra.org.br\/site\/wp-content\/uploads\/2023\/06\/melhores-instrumentos-musicais-para-tocar-musica-classicajpg-20230522113605.jpg-jpg.webp?resize=350%2C200&ssl=1","width":350,"height":200,"srcset":"https:\/\/i0.wp.com\/www.sabra.org.br\/site\/wp-content\/uploads\/2023\/06\/melhores-instrumentos-musicais-para-tocar-musica-classicajpg-20230522113605.jpg-jpg.webp?resize=350%2C200&ssl=1 1x, https:\/\/i0.wp.com\/www.sabra.org.br\/site\/wp-content\/uploads\/2023\/06\/melhores-instrumentos-musicais-para-tocar-musica-classicajpg-20230522113605.jpg-jpg.webp?resize=525%2C300&ssl=1 1.5x, https:\/\/i0.wp.com\/www.sabra.org.br\/site\/wp-content\/uploads\/2023\/06\/melhores-instrumentos-musicais-para-tocar-musica-classicajpg-20230522113605.jpg-jpg.webp?resize=700%2C400&ssl=1 2x"},"classes":[]}],"jetpack_likes_enabled":true,"jetpack_sharing_enabled":true,"_links":{"self":[{"href":"https:\/\/www.sabra.org.br\/site\/wp-json\/wp\/v2\/posts\/2890","targetHints":{"allow":["GET"]}}],"collection":[{"href":"https:\/\/www.sabra.org.br\/site\/wp-json\/wp\/v2\/posts"}],"about":[{"href":"https:\/\/www.sabra.org.br\/site\/wp-json\/wp\/v2\/types\/post"}],"author":[{"embeddable":true,"href":"https:\/\/www.sabra.org.br\/site\/wp-json\/wp\/v2\/users\/39"}],"replies":[{"embeddable":true,"href":"https:\/\/www.sabra.org.br\/site\/wp-json\/wp\/v2\/comments?post=2890"}],"version-history":[{"count":0,"href":"https:\/\/www.sabra.org.br\/site\/wp-json\/wp\/v2\/posts\/2890\/revisions"}],"wp:featuredmedia":[{"embeddable":true,"href":"https:\/\/www.sabra.org.br\/site\/wp-json\/wp\/v2\/media\/2892"}],"wp:attachment":[{"href":"https:\/\/www.sabra.org.br\/site\/wp-json\/wp\/v2\/media?parent=2890"}],"wp:term":[{"taxonomy":"category","embeddable":true,"href":"https:\/\/www.sabra.org.br\/site\/wp-json\/wp\/v2\/categories?post=2890"},{"taxonomy":"post_tag","embeddable":true,"href":"https:\/\/www.sabra.org.br\/site\/wp-json\/wp\/v2\/tags?post=2890"}],"curies":[{"name":"wp","href":"https:\/\/api.w.org\/{rel}","templated":true}]}}