{"id":2913,"date":"2020-05-06T11:58:16","date_gmt":"2020-05-06T14:58:16","guid":{"rendered":"https:\/\/www.sabra.org.br\/site\/?p=2913"},"modified":"2025-04-19T14:03:47","modified_gmt":"2025-04-19T17:03:47","slug":"musica-classica-beneficios","status":"publish","type":"post","link":"https:\/\/www.sabra.org.br\/site\/musica-classica-beneficios\/","title":{"rendered":"M\u00fasica cl\u00e1ssica &#8211; benef\u00edcios"},"content":{"rendered":"<p>[vc_row][vc_column][vc_column_text css=&#8221;&#8221;]Quem \u00e9 movido \u00e0 m\u00fasica sabe que ela \u00e9 capaz de mudar nosso estado de esp\u00edrito. Dependendo do momento do dia ou da emo\u00e7\u00e3o que se pretende despertar, a escolha da m\u00fasica faz toda a diferen\u00e7a. E a m\u00fasica cl\u00e1ssica?<\/p>\n<p>Com um estigma n\u00e3o procedente de ser um estilo elitista, a m\u00fasica cl\u00e1ssica \u00e9 abrangente, instigante e contempor\u00e2nea. E n\u00e3o precisa ser complicada e nem restrita a Mozart, Beethoven e outros compositores cl\u00e1ssicos e para p\u00fablicos espec\u00edficos. \u00c9 preciso desmistificar tal estilo musical.<\/p>\n<p>A m\u00fasica cl\u00e1ssica \u00e9 repleta de teorias acerca de seus benef\u00edcios. Com ares terap\u00eauticos, tal estilo musical vem h\u00e1 anos sendo objeto de estudos sobre seus reais benef\u00edcios.<\/p>\n<p>A Universidade Stanford, por exemplo, atestou que o consumo de m\u00fasica cl\u00e1ssica propicia benef\u00edcios ao psicol\u00f3gico. Confira 5 motivos para voc\u00ea come\u00e7ar a escutar m\u00fasica cl\u00e1ssica agora mesmo.<\/p>\n<h2>M\u00fasica cl\u00e1ssica \u00e9 um elixir contra a ansiedade<\/h2>\n<p>Estudos cient\u00edficos comprovaram que a m\u00fasica cl\u00e1ssica proporciona melhores efeitos psicol\u00f3gicos e fisiol\u00f3gicos sobre quem a consome.<\/p>\n<p>A ansiedade pode ser combatida com m\u00fasica. M\u00fasicas mais pesadas podem provocar ansiedade e agita\u00e7\u00e3o.<\/p>\n<p>Um estudo do Instituto do C\u00e2ncer Duke, nos Estados Unidos, comprovou que usar fones de ouvidos tocando m\u00fasica cl\u00e1ssica em pacientes era eficaz. Por sua vez, a m\u00fasica cl\u00e1ssica acalma e age diretamente sobre os nervos, melhorando consideravelmente o desempenho.<\/p>\n<h2>Ouvir m\u00fasica cl\u00e1ssica \u00e9 ben\u00e9fico para o c\u00e9rebro<\/h2>\n<p>Especialistas tamb\u00e9m conclu\u00edram que escutar m\u00fasica cl\u00e1ssica frequentemente ativa os genes ligados diretamente \u00e0 fun\u00e7\u00e3o cerebral.<\/p>\n<p>Dessa forma, a m\u00fasica cl\u00e1ssica \u00e9 ben\u00e9fica na preven\u00e7\u00e3o a doen\u00e7as degenerativas, segundo um estudo divulgado pela Universidade de Helsinque, na Finl\u00e2ndia.<\/p>\n<p>Al\u00e9m disso, a m\u00fasica cl\u00e1ssica ativa a mem\u00f3ria e aumenta consideravelmente o desempenho da fun\u00e7\u00e3o cerebral.<\/p>\n<h2>A m\u00fasica cl\u00e1ssica traz benef\u00edcios para a sa\u00fade cardiovascular<\/h2>\n<p>Um estudo realizado pela Universidade Oxford, uma das mais famosas a n\u00edvel mundial, comprovou que determinados estilos musicais, podem baixar a press\u00e3o do sangue.<\/p>\n<p>O estudo alegou que a m\u00fasica cl\u00e1ssica \u00e9 um dos \u00fanicos estilos musicais com capacidade de baixar a press\u00e3o sangu\u00ednea. Todavia, esse estudo se aplica a can\u00e7\u00f5es que a cada 10 segundos repitam seu ritmo.<\/p>\n<h2>A m\u00fasica cl\u00e1ssica auxilia no combate \u00e0 ins\u00f4nia<\/h2>\n<p>Um estudo da Universidade Aarhus e da Academia Real de M\u00fasica, ambas localizadas na Dinamarca, atestou que ouvir m\u00fasica cl\u00e1ssica antes de dormir propiciam uma boa noite de sono.<\/p>\n<p>O estudo afirma que ouvir m\u00fasica cl\u00e1ssica de 25 a 60 minutos antes de dormir \u00e9 uma solu\u00e7\u00e3o significativa no combate \u00e0 ins\u00f4nia. Isso ocorre porque o som t\u00edpico da m\u00fasica cl\u00e1ssica desperta emo\u00e7\u00f5es positivas e esvai os pensamentos mais conturbados.<\/p>\n<h2>M\u00fasica cl\u00e1ssica melhora a concentra\u00e7\u00e3o<\/h2>\n<p>Um estudo feito pela organiza\u00e7\u00e3o brit\u00e2nica Mindlab comprovou que determinados estilos musicais auxiliam na memoriza\u00e7\u00e3o e na assimila\u00e7\u00e3o.<\/p>\n<p>M\u00fasicas cl\u00e1ssicas, portanto, ajudam a manter o ritmo de estudos e a reter o conhecimento de forma mais significativa. Isso ocorre porque a m\u00fasica cl\u00e1ssica ajuda a categorizar melhor as informa\u00e7\u00f5es que v\u00e3o para o c\u00e9rebro.<\/p>\n<p>A m\u00fasica auxilia no desenvolvimento do c\u00e9rebro, estimulando significativamente a concentra\u00e7\u00e3o. Portanto, ajudam diretamente no rendimento e melhoram a aten\u00e7\u00e3o.<\/p>\n<hr \/>\n<h2>FIA &#8211; IRPF 2020 &#8211;\u00a0DOE PARA A SABRA.<\/h2>\n<p>Voc\u00ea escolhe onde parte de seu imposto de renda ser\u00e1 aplicado. Junto com a SABRA, seus projetos e a\u00e7\u00f5es voc\u00ea vai ajudar a transformar vidas. Sem custos para voc\u00ea e n\u00e3o interfere em outras dedu\u00e7\u00f5es. Aproveite o tempo de quarentena do Covid-19 para fazer sua declara\u00e7\u00e3o IRPF 2020.<\/p>\n<h2>Veja como \u00e9 f\u00e1cil: s\u00e3o poucos passos!<\/h2>\n<p>1 \u2013 Ap\u00f3s preencher e conferir sua declara\u00e7\u00e3o no programa da Receita Federal e antes de remete-la, cliquar na aba \u201cDoa\u00e7\u00f5es Diretamente na Declara\u00e7\u00e3o\u201d e clicar em \u201cNovo\u201d <img fetchpriority=\"high\" decoding=\"async\" data-attachment-id=\"2440\" data-permalink=\"https:\/\/www.sabra.org.br\/site\/imposto-de-renda\/01-novo-2\/\" data-orig-file=\"https:\/\/www.sabra.org.br\/site\/wp-content\/uploads\/2020\/02\/01-Novo-1.jpg\" data-orig-size=\"1366,728\" data-comments-opened=\"1\" data-image-meta=\"{&quot;aperture&quot;:&quot;0&quot;,&quot;credit&quot;:&quot;&quot;,&quot;camera&quot;:&quot;&quot;,&quot;caption&quot;:&quot;&quot;,&quot;created_timestamp&quot;:&quot;0&quot;,&quot;copyright&quot;:&quot;&quot;,&quot;focal_length&quot;:&quot;0&quot;,&quot;iso&quot;:&quot;0&quot;,&quot;shutter_speed&quot;:&quot;0&quot;,&quot;title&quot;:&quot;&quot;,&quot;orientation&quot;:&quot;0&quot;}\" data-image-title=\"01-Novo\" data-image-description=\"&lt;p&gt;Sociedade Art\u00edstica Brasileira&lt;\/p&gt;\n\" data-image-caption=\"&lt;p&gt;FIA &amp;#8211; Fundo da Inf\u00e2ncia e Adolesc\u00eancia&lt;\/p&gt;\n\" data-large-file=\"https:\/\/www.sabra.org.br\/site\/wp-content\/uploads\/2020\/02\/01-Novo-1-1024x546.jpg\" class=\"alignnone wp-image-2440 size-full\" src=\"https:\/\/www.sabra.org.br\/site\/wp-content\/uploads\/2020\/02\/01-Novo-1.jpg\" alt=\"FIA - Fundo da Inf\u00e2ncia e Adolesc\u00eancia\" width=\"1366\" height=\"728\" srcset=\"https:\/\/www.sabra.org.br\/site\/wp-content\/uploads\/2020\/02\/01-Novo-1.jpg 1366w, https:\/\/www.sabra.org.br\/site\/wp-content\/uploads\/2020\/02\/01-Novo-1-300x160.jpg 300w, https:\/\/www.sabra.org.br\/site\/wp-content\/uploads\/2020\/02\/01-Novo-1-1024x546.jpg 1024w, https:\/\/www.sabra.org.br\/site\/wp-content\/uploads\/2020\/02\/01-Novo-1-768x409.jpg 768w\" sizes=\"(max-width: 1366px) 100vw, 1366px\" \/> 2 \u2013 Selecionar as op\u00e7\u00f5es: Municipal, Estado (MG \u2013 Minas Gerais) e Munic\u00edpio (Betim &#8211; 21.101.865\/0001-14); <img decoding=\"async\" data-attachment-id=\"2438\" data-permalink=\"https:\/\/www.sabra.org.br\/site\/imposto-de-renda\/02-municipio\/\" data-orig-file=\"https:\/\/www.sabra.org.br\/site\/wp-content\/uploads\/2020\/02\/02-munic\u00edpio.jpg\" data-orig-size=\"1366,728\" data-comments-opened=\"1\" data-image-meta=\"{&quot;aperture&quot;:&quot;0&quot;,&quot;credit&quot;:&quot;&quot;,&quot;camera&quot;:&quot;&quot;,&quot;caption&quot;:&quot;&quot;,&quot;created_timestamp&quot;:&quot;0&quot;,&quot;copyright&quot;:&quot;&quot;,&quot;focal_length&quot;:&quot;0&quot;,&quot;iso&quot;:&quot;0&quot;,&quot;shutter_speed&quot;:&quot;0&quot;,&quot;title&quot;:&quot;&quot;,&quot;orientation&quot;:&quot;0&quot;}\" data-image-title=\"02-munic\u00edpio\" data-image-description=\"&lt;p&gt;Sociedade Art\u00edstica Brasileira&lt;\/p&gt;\n\" data-image-caption=\"&lt;p&gt;FIA &amp;#8211; Fundo da Inf\u00e2ncia e Adolesc\u00eancia&lt;\/p&gt;\n\" data-large-file=\"https:\/\/www.sabra.org.br\/site\/wp-content\/uploads\/2020\/02\/02-munic\u00edpio-1024x546.jpg\" class=\"alignnone wp-image-2438 size-full\" src=\"https:\/\/www.sabra.org.br\/site\/wp-content\/uploads\/2020\/02\/02-munic\u00edpio.jpg\" alt=\"FIA - Fundo da Inf\u00e2ncia e Adolesc\u00eancia\" width=\"1366\" height=\"728\" srcset=\"https:\/\/www.sabra.org.br\/site\/wp-content\/uploads\/2020\/02\/02-munic\u00edpio.jpg 1366w, https:\/\/www.sabra.org.br\/site\/wp-content\/uploads\/2020\/02\/02-munic\u00edpio-300x160.jpg 300w, https:\/\/www.sabra.org.br\/site\/wp-content\/uploads\/2020\/02\/02-munic\u00edpio-1024x546.jpg 1024w, https:\/\/www.sabra.org.br\/site\/wp-content\/uploads\/2020\/02\/02-munic\u00edpio-768x409.jpg 768w\" sizes=\"(max-width: 1366px) 100vw, 1366px\" \/> 3 \u2013 Verificar o \u201cValor Dispon\u00edvel para Destina\u00e7\u00e3o\u201d e copiar o n\u00famero para o campo \u201cValor\u201d (valor da doa\u00e7\u00e3o); <img decoding=\"async\" data-attachment-id=\"2439\" data-permalink=\"https:\/\/www.sabra.org.br\/site\/imposto-de-renda\/03-valor-2\/\" data-orig-file=\"https:\/\/www.sabra.org.br\/site\/wp-content\/uploads\/2020\/02\/03-valor-1.jpg\" data-orig-size=\"1366,726\" data-comments-opened=\"1\" data-image-meta=\"{&quot;aperture&quot;:&quot;0&quot;,&quot;credit&quot;:&quot;&quot;,&quot;camera&quot;:&quot;&quot;,&quot;caption&quot;:&quot;&quot;,&quot;created_timestamp&quot;:&quot;0&quot;,&quot;copyright&quot;:&quot;&quot;,&quot;focal_length&quot;:&quot;0&quot;,&quot;iso&quot;:&quot;0&quot;,&quot;shutter_speed&quot;:&quot;0&quot;,&quot;title&quot;:&quot;&quot;,&quot;orientation&quot;:&quot;0&quot;}\" data-image-title=\"03-valor\" data-image-description=\"&lt;p&gt;Sociedade Art\u00edstica Brasileira&lt;\/p&gt;\n\" data-image-caption=\"&lt;p&gt;FIA &amp;#8211; Fundo da Inf\u00e2ncia e Adolesc\u00eancia&lt;\/p&gt;\n\" data-large-file=\"https:\/\/www.sabra.org.br\/site\/wp-content\/uploads\/2020\/02\/03-valor-1-1024x544.jpg\" class=\"alignnone wp-image-2439 size-full\" src=\"https:\/\/www.sabra.org.br\/site\/wp-content\/uploads\/2020\/02\/03-valor-1.jpg\" alt=\"FIA - Fundo da Inf\u00e2ncia e Adolesc\u00eancia\" width=\"1366\" height=\"726\" srcset=\"https:\/\/www.sabra.org.br\/site\/wp-content\/uploads\/2020\/02\/03-valor-1.jpg 1366w, https:\/\/www.sabra.org.br\/site\/wp-content\/uploads\/2020\/02\/03-valor-1-300x159.jpg 300w, https:\/\/www.sabra.org.br\/site\/wp-content\/uploads\/2020\/02\/03-valor-1-1024x544.jpg 1024w, https:\/\/www.sabra.org.br\/site\/wp-content\/uploads\/2020\/02\/03-valor-1-768x408.jpg 768w\" sizes=\"(max-width: 1366px) 100vw, 1366px\" \/> 4 \u2013 Ap\u00f3s clicar em \u201cOK\u201d \u00e9 preciso selecionar a aba \u201cDarf \u2013 Doa\u00e7\u00f5es Diretamente na Declara\u00e7\u00e3o \u2013 ECA\u201d, imprimir o documento e realizar o pagamento at\u00e9 a data de vencimento. 5 \u2013 Para finalizar, digitalizar o comprovante de pagamento do DARF e enviar para o Conselho da Crian\u00e7a e Adolescente de Betim (cmdcafiabetim@gmail.com) com c\u00f3pia para a SABRA (sabra@sabra.org.br). Na mensagem informar que a doa\u00e7\u00e3o dever\u00e1 ser destinada \u00e0 Sociedade Art\u00edstica Brasileira SABRA. 6 \u2013 Pronto! Voc\u00ea acabou de transformar vidas!<\/p>\n<h2>Se voc\u00ea gostou deste post:<\/h2>\n<p>&#8211; SIGA as nossas p\u00e1ginas nas redes sociais para acompanhar as nossas atualiza\u00e7\u00f5es: estamos no <a href=\"https:\/\/www.facebook.com\/sabrabrasil\" target=\"_blank\" rel=\"noopener noreferrer\">Facebook<\/a>, no <a href=\"https:\/\/www.instagram.com\/sabrabrasil\/\" target=\"_blank\" rel=\"noopener noreferrer\">Instagram<\/a>, no <a href=\"https:\/\/www.linkedin.com\/company\/25002088\" target=\"_blank\" rel=\"noopener noreferrer\">LinkedIn<\/a>, no <a href=\"https:\/\/twitter.com\/ContatoSabra\" target=\"_blank\" rel=\"noopener noreferrer\">Twitter<\/a> e no <a href=\"https:\/\/www.youtube.com\/channel\/UCJw-kbuEvzUNdeQf20Pa-eQ\" target=\"_blank\" rel=\"noopener noreferrer\">YouTube<\/a>!<\/p>\n<p>&#8211; CONHE\u00c7A o trabalho da Sociedade Art\u00edstica Brasileira (SABRA) e todas as iniciativas culturais e sociais que ela mant\u00e9m. <a href=\"https:\/\/www.sabra.org.br\/site\/acoes\/\" target=\"_blank\" rel=\"noopener noreferrer\">Acesse nosso site!<\/a><\/p>\n<p>&#8211; ENTRE EM CONTATO com a gente. E veja quais s\u00e3o as op\u00e7\u00f5es de ajuda na manuten\u00e7\u00e3o de nossas a\u00e7\u00f5es sociais e culturais. Basta acessar nossa p\u00e1gina <a href=\"https:\/\/www.sabra.org.br\/site\/doe-agora\/\" target=\"_blank\" rel=\"noopener noreferrer\">Doe Agora!<\/a><\/p>\n<p>&#8211; COMPARTILHE este texto nas suas redes sociais e ajude os seus amigos a tamb\u00e9m dominarem o assunto![\/vc_column_text][\/vc_column][\/vc_row]<\/p>\n","protected":false},"excerpt":{"rendered":"<p>Com um equivocado estigma elitista, a m\u00fasica cl\u00e1ssica vem h\u00e1 anos sendo objeto de estudo acerca de seus benef\u00edcios. O fato \u00e9 que escutar tal estilo musical realmente \u00e9 ben\u00e9fico. Conhe\u00e7a 5 motivos para come\u00e7ar a escutar m\u00fasica cl\u00e1ssica agora mesmo.<\/p>\n","protected":false},"author":39,"featured_media":2914,"comment_status":"closed","ping_status":"closed","sticky":false,"template":"","format":"standard","meta":{"jetpack_post_was_ever_published":false,"_jetpack_newsletter_access":"","_jetpack_dont_email_post_to_subs":false,"_jetpack_newsletter_tier_id":0,"_jetpack_memberships_contains_paywalled_content":false,"_jetpack_memberships_contains_paid_content":false,"footnotes":""},"categories":[1],"tags":[15,8,1846,1285,1047,2762,16,1286,11,9],"class_list":["post-2913","post","type-post","status-publish","format-standard","has-post-thumbnail","hentry","category-blog-sabra","tag-assistencia-social","tag-canto-coral","tag-escola-de-musica-de-nova-lima","tag-escola-de-musica-sabra","tag-fia","tag-irpf-2020","tag-musicalizacao-infantil","tag-orquestra-infanto-juvenil-de-betim","tag-orquestra-sinfonica-de-betim","tag-sociedade-artistica-brasileira"],"yoast_head":"<!-- This site is optimized with the Yoast SEO plugin v27.5 - https:\/\/yoast.com\/product\/yoast-seo-wordpress\/ -->\n<title>M\u00fasica Cl\u00e1ssica e Seus Benef\u00edcios Terap\u00eauticos - SABRA - Sociedade Art\u00edstica Brasileira<\/title>\n<meta name=\"description\" content=\"Desmistifique a m\u00fasica cl\u00e1ssica e conhe\u00e7a seus benef\u00edcios. Aprenda como ela pode beneficiar sua sa\u00fade psicol\u00f3gica.\" \/>\n<meta name=\"robots\" content=\"index, follow, max-snippet:-1, max-image-preview:large, max-video-preview:-1\" \/>\n<link rel=\"canonical\" href=\"https:\/\/www.sabra.org.br\/site\/musica-classica-beneficios\/\" \/>\n<meta property=\"og:locale\" content=\"pt_BR\" \/>\n<meta property=\"og:type\" content=\"article\" \/>\n<meta property=\"og:title\" content=\"M\u00fasica Cl\u00e1ssica e Seus Benef\u00edcios Terap\u00eauticos - SABRA - Sociedade Art\u00edstica Brasileira\" \/>\n<meta property=\"og:description\" content=\"Desmistifique a m\u00fasica cl\u00e1ssica e conhe\u00e7a seus benef\u00edcios. Aprenda como ela pode beneficiar sua sa\u00fade psicol\u00f3gica.\" \/>\n<meta property=\"og:url\" content=\"https:\/\/www.sabra.org.br\/site\/musica-classica-beneficios\/\" \/>\n<meta property=\"og:site_name\" content=\"SABRA - Sociedade Art\u00edstica Brasileira\" \/>\n<meta property=\"article:publisher\" content=\"https:\/\/www.facebook.com\/sabrabrasil\" \/>\n<meta property=\"article:published_time\" content=\"2020-05-06T14:58:16+00:00\" \/>\n<meta property=\"article:modified_time\" content=\"2025-04-19T17:03:47+00:00\" \/>\n<meta property=\"og:image\" content=\"https:\/\/www.sabra.org.br\/site\/wp-content\/uploads\/2020\/05\/x-motivos-para-voce-comecar-a-ouvir-musica-classica-hoje-mesmo-20200317174456.jpg.jpg\" \/>\n\t<meta property=\"og:image:width\" content=\"800\" \/>\n\t<meta property=\"og:image:height\" content=\"450\" \/>\n\t<meta property=\"og:image:type\" content=\"image\/jpeg\" \/>\n<meta name=\"author\" content=\"M\u00e1rcio Miranda Pontes\" \/>\n<meta name=\"twitter:card\" content=\"summary_large_image\" \/>\n<meta name=\"twitter:creator\" content=\"@ContatoSabra\" \/>\n<meta name=\"twitter:site\" content=\"@ContatoSabra\" \/>\n<meta name=\"twitter:label1\" content=\"Escrito por\" \/>\n\t<meta name=\"twitter:data1\" content=\"M\u00e1rcio Miranda Pontes\" \/>\n\t<meta name=\"twitter:label2\" content=\"Est. tempo de leitura\" \/>\n\t<meta name=\"twitter:data2\" content=\"6 minutos\" \/>\n<script type=\"application\/ld+json\" class=\"yoast-schema-graph\">{\"@context\":\"https:\\\/\\\/schema.org\",\"@graph\":[{\"@type\":\"Article\",\"@id\":\"https:\\\/\\\/www.sabra.org.br\\\/site\\\/musica-classica-beneficios\\\/#article\",\"isPartOf\":{\"@id\":\"https:\\\/\\\/www.sabra.org.br\\\/site\\\/musica-classica-beneficios\\\/\"},\"author\":{\"name\":\"M\u00e1rcio Miranda Pontes\",\"@id\":\"https:\\\/\\\/www.sabra.org.br\\\/site\\\/#\\\/schema\\\/person\\\/7d1d222c3c8891d4c37c7b41bf6315c2\"},\"headline\":\"M\u00fasica cl\u00e1ssica &#8211; benef\u00edcios\",\"datePublished\":\"2020-05-06T14:58:16+00:00\",\"dateModified\":\"2025-04-19T17:03:47+00:00\",\"mainEntityOfPage\":{\"@id\":\"https:\\\/\\\/www.sabra.org.br\\\/site\\\/musica-classica-beneficios\\\/\"},\"wordCount\":942,\"publisher\":{\"@id\":\"https:\\\/\\\/www.sabra.org.br\\\/site\\\/#organization\"},\"image\":{\"@id\":\"https:\\\/\\\/www.sabra.org.br\\\/site\\\/musica-classica-beneficios\\\/#primaryimage\"},\"thumbnailUrl\":\"https:\\\/\\\/www.sabra.org.br\\\/site\\\/wp-content\\\/uploads\\\/2020\\\/05\\\/x-motivos-para-voce-comecar-a-ouvir-musica-classica-hoje-mesmo-20200317174456.jpg.jpg\",\"keywords\":[\"Assist\u00eancia social\",\"Canto Coral\",\"Escola de M\u00fasica de Nova Lima\",\"Escola de Musica SABRA\",\"FIA\",\"IRPF 2020\",\"Musicaliza\u00e7\u00e3o Infantil\",\"Orquestra Infanto Juvenil de Betim\",\"Orquestra Sinf\u00f4nica de Betim\",\"Sociedade Art\u00edstica Brasileira\"],\"articleSection\":[\"Blog SABRA\"],\"inLanguage\":\"pt-BR\"},{\"@type\":\"WebPage\",\"@id\":\"https:\\\/\\\/www.sabra.org.br\\\/site\\\/musica-classica-beneficios\\\/\",\"url\":\"https:\\\/\\\/www.sabra.org.br\\\/site\\\/musica-classica-beneficios\\\/\",\"name\":\"M\u00fasica Cl\u00e1ssica e Seus Benef\u00edcios Terap\u00eauticos - SABRA - Sociedade Art\u00edstica Brasileira\",\"isPartOf\":{\"@id\":\"https:\\\/\\\/www.sabra.org.br\\\/site\\\/#website\"},\"primaryImageOfPage\":{\"@id\":\"https:\\\/\\\/www.sabra.org.br\\\/site\\\/musica-classica-beneficios\\\/#primaryimage\"},\"image\":{\"@id\":\"https:\\\/\\\/www.sabra.org.br\\\/site\\\/musica-classica-beneficios\\\/#primaryimage\"},\"thumbnailUrl\":\"https:\\\/\\\/www.sabra.org.br\\\/site\\\/wp-content\\\/uploads\\\/2020\\\/05\\\/x-motivos-para-voce-comecar-a-ouvir-musica-classica-hoje-mesmo-20200317174456.jpg.jpg\",\"datePublished\":\"2020-05-06T14:58:16+00:00\",\"dateModified\":\"2025-04-19T17:03:47+00:00\",\"description\":\"Desmistifique a m\u00fasica cl\u00e1ssica e conhe\u00e7a seus benef\u00edcios. Aprenda como ela pode beneficiar sua sa\u00fade psicol\u00f3gica.\",\"breadcrumb\":{\"@id\":\"https:\\\/\\\/www.sabra.org.br\\\/site\\\/musica-classica-beneficios\\\/#breadcrumb\"},\"inLanguage\":\"pt-BR\",\"potentialAction\":[{\"@type\":\"ReadAction\",\"target\":[\"https:\\\/\\\/www.sabra.org.br\\\/site\\\/musica-classica-beneficios\\\/\"]}]},{\"@type\":\"ImageObject\",\"inLanguage\":\"pt-BR\",\"@id\":\"https:\\\/\\\/www.sabra.org.br\\\/site\\\/musica-classica-beneficios\\\/#primaryimage\",\"url\":\"https:\\\/\\\/www.sabra.org.br\\\/site\\\/wp-content\\\/uploads\\\/2020\\\/05\\\/x-motivos-para-voce-comecar-a-ouvir-musica-classica-hoje-mesmo-20200317174456.jpg.jpg\",\"contentUrl\":\"https:\\\/\\\/www.sabra.org.br\\\/site\\\/wp-content\\\/uploads\\\/2020\\\/05\\\/x-motivos-para-voce-comecar-a-ouvir-musica-classica-hoje-mesmo-20200317174456.jpg.jpg\",\"width\":800,\"height\":450,\"caption\":\"Sociedade Art\u00edstica Brasileira SABRA\"},{\"@type\":\"BreadcrumbList\",\"@id\":\"https:\\\/\\\/www.sabra.org.br\\\/site\\\/musica-classica-beneficios\\\/#breadcrumb\",\"itemListElement\":[{\"@type\":\"ListItem\",\"position\":1,\"name\":\"In\u00edcio\",\"item\":\"https:\\\/\\\/www.sabra.org.br\\\/site\\\/\"},{\"@type\":\"ListItem\",\"position\":2,\"name\":\"M\u00fasica cl\u00e1ssica &#8211; benef\u00edcios\"}]},{\"@type\":\"WebSite\",\"@id\":\"https:\\\/\\\/www.sabra.org.br\\\/site\\\/#website\",\"url\":\"https:\\\/\\\/www.sabra.org.br\\\/site\\\/\",\"name\":\"SABRA - Sociedade Art\u00edstica Brasileira\",\"description\":\"Escola de M\u00fasica, Orquestra Sinf\u00f4nica, Coral e Patrim\u00f4nio Cultural e Hist\u00f3rico\",\"publisher\":{\"@id\":\"https:\\\/\\\/www.sabra.org.br\\\/site\\\/#organization\"},\"potentialAction\":[{\"@type\":\"SearchAction\",\"target\":{\"@type\":\"EntryPoint\",\"urlTemplate\":\"https:\\\/\\\/www.sabra.org.br\\\/site\\\/?s={search_term_string}\"},\"query-input\":{\"@type\":\"PropertyValueSpecification\",\"valueRequired\":true,\"valueName\":\"search_term_string\"}}],\"inLanguage\":\"pt-BR\"},{\"@type\":\"Organization\",\"@id\":\"https:\\\/\\\/www.sabra.org.br\\\/site\\\/#organization\",\"name\":\"SOCIEDADE ART\u00cdSTICA BRASILEIRA SABRA\",\"alternateName\":\"SABRA\",\"url\":\"https:\\\/\\\/www.sabra.org.br\\\/site\\\/\",\"logo\":{\"@type\":\"ImageObject\",\"inLanguage\":\"pt-BR\",\"@id\":\"https:\\\/\\\/www.sabra.org.br\\\/site\\\/#\\\/schema\\\/logo\\\/image\\\/\",\"url\":\"https:\\\/\\\/www.sabra.org.br\\\/site\\\/wp-content\\\/uploads\\\/2019\\\/06\\\/cropped-Logo_SABRA-Copia-1.webp\",\"contentUrl\":\"https:\\\/\\\/www.sabra.org.br\\\/site\\\/wp-content\\\/uploads\\\/2019\\\/06\\\/cropped-Logo_SABRA-Copia-1.webp\",\"width\":400,\"height\":128,\"caption\":\"SOCIEDADE ART\u00cdSTICA BRASILEIRA SABRA\"},\"image\":{\"@id\":\"https:\\\/\\\/www.sabra.org.br\\\/site\\\/#\\\/schema\\\/logo\\\/image\\\/\"},\"sameAs\":[\"https:\\\/\\\/www.facebook.com\\\/sabrabrasil\",\"https:\\\/\\\/x.com\\\/ContatoSabra\",\"https:\\\/\\\/www.instagram.com\\\/sabrabrasil\\\/\",\"https:\\\/\\\/www.linkedin.com\\\/company\\\/25002088\\\/\",\"https:\\\/\\\/br.pinterest.com\\\/sociedadeartisticabrasileira\\\/\",\"https:\\\/\\\/www.youtube.com\\\/c\\\/sabrabrasil\"]},{\"@type\":\"Person\",\"@id\":\"https:\\\/\\\/www.sabra.org.br\\\/site\\\/#\\\/schema\\\/person\\\/7d1d222c3c8891d4c37c7b41bf6315c2\",\"name\":\"M\u00e1rcio Miranda Pontes\",\"image\":{\"@type\":\"ImageObject\",\"inLanguage\":\"pt-BR\",\"@id\":\"https:\\\/\\\/secure.gravatar.com\\\/avatar\\\/3b45f24496a7625a3a6c436688fbe20344faaeb2979658dc4a9921f984d7df9a?s=96&d=mm&r=g\",\"url\":\"https:\\\/\\\/secure.gravatar.com\\\/avatar\\\/3b45f24496a7625a3a6c436688fbe20344faaeb2979658dc4a9921f984d7df9a?s=96&d=mm&r=g\",\"contentUrl\":\"https:\\\/\\\/secure.gravatar.com\\\/avatar\\\/3b45f24496a7625a3a6c436688fbe20344faaeb2979658dc4a9921f984d7df9a?s=96&d=mm&r=g\",\"caption\":\"M\u00e1rcio Miranda Pontes\"},\"sameAs\":[\"http:\\\/\\\/www.sabra.org.br\"],\"url\":\"https:\\\/\\\/www.sabra.org.br\\\/site\\\/author\\\/marcio-miranda-pontes\\\/\"}]}<\/script>\n<!-- \/ Yoast SEO plugin. -->","yoast_head_json":{"title":"M\u00fasica Cl\u00e1ssica e Seus Benef\u00edcios Terap\u00eauticos - SABRA - Sociedade Art\u00edstica Brasileira","description":"Desmistifique a m\u00fasica cl\u00e1ssica e conhe\u00e7a seus benef\u00edcios. Aprenda como ela pode beneficiar sua sa\u00fade psicol\u00f3gica.","robots":{"index":"index","follow":"follow","max-snippet":"max-snippet:-1","max-image-preview":"max-image-preview:large","max-video-preview":"max-video-preview:-1"},"canonical":"https:\/\/www.sabra.org.br\/site\/musica-classica-beneficios\/","og_locale":"pt_BR","og_type":"article","og_title":"M\u00fasica Cl\u00e1ssica e Seus Benef\u00edcios Terap\u00eauticos - SABRA - Sociedade Art\u00edstica Brasileira","og_description":"Desmistifique a m\u00fasica cl\u00e1ssica e conhe\u00e7a seus benef\u00edcios. Aprenda como ela pode beneficiar sua sa\u00fade psicol\u00f3gica.","og_url":"https:\/\/www.sabra.org.br\/site\/musica-classica-beneficios\/","og_site_name":"SABRA - Sociedade Art\u00edstica Brasileira","article_publisher":"https:\/\/www.facebook.com\/sabrabrasil","article_published_time":"2020-05-06T14:58:16+00:00","article_modified_time":"2025-04-19T17:03:47+00:00","og_image":[{"width":800,"height":450,"url":"https:\/\/www.sabra.org.br\/site\/wp-content\/uploads\/2020\/05\/x-motivos-para-voce-comecar-a-ouvir-musica-classica-hoje-mesmo-20200317174456.jpg.jpg","type":"image\/jpeg"}],"author":"M\u00e1rcio Miranda Pontes","twitter_card":"summary_large_image","twitter_creator":"@ContatoSabra","twitter_site":"@ContatoSabra","twitter_misc":{"Escrito por":"M\u00e1rcio Miranda Pontes","Est. tempo de leitura":"6 minutos"},"schema":{"@context":"https:\/\/schema.org","@graph":[{"@type":"Article","@id":"https:\/\/www.sabra.org.br\/site\/musica-classica-beneficios\/#article","isPartOf":{"@id":"https:\/\/www.sabra.org.br\/site\/musica-classica-beneficios\/"},"author":{"name":"M\u00e1rcio Miranda Pontes","@id":"https:\/\/www.sabra.org.br\/site\/#\/schema\/person\/7d1d222c3c8891d4c37c7b41bf6315c2"},"headline":"M\u00fasica cl\u00e1ssica &#8211; benef\u00edcios","datePublished":"2020-05-06T14:58:16+00:00","dateModified":"2025-04-19T17:03:47+00:00","mainEntityOfPage":{"@id":"https:\/\/www.sabra.org.br\/site\/musica-classica-beneficios\/"},"wordCount":942,"publisher":{"@id":"https:\/\/www.sabra.org.br\/site\/#organization"},"image":{"@id":"https:\/\/www.sabra.org.br\/site\/musica-classica-beneficios\/#primaryimage"},"thumbnailUrl":"https:\/\/www.sabra.org.br\/site\/wp-content\/uploads\/2020\/05\/x-motivos-para-voce-comecar-a-ouvir-musica-classica-hoje-mesmo-20200317174456.jpg.jpg","keywords":["Assist\u00eancia social","Canto Coral","Escola de M\u00fasica de Nova Lima","Escola de Musica SABRA","FIA","IRPF 2020","Musicaliza\u00e7\u00e3o Infantil","Orquestra Infanto Juvenil de Betim","Orquestra Sinf\u00f4nica de Betim","Sociedade Art\u00edstica Brasileira"],"articleSection":["Blog SABRA"],"inLanguage":"pt-BR"},{"@type":"WebPage","@id":"https:\/\/www.sabra.org.br\/site\/musica-classica-beneficios\/","url":"https:\/\/www.sabra.org.br\/site\/musica-classica-beneficios\/","name":"M\u00fasica Cl\u00e1ssica e Seus Benef\u00edcios Terap\u00eauticos - SABRA - Sociedade Art\u00edstica Brasileira","isPartOf":{"@id":"https:\/\/www.sabra.org.br\/site\/#website"},"primaryImageOfPage":{"@id":"https:\/\/www.sabra.org.br\/site\/musica-classica-beneficios\/#primaryimage"},"image":{"@id":"https:\/\/www.sabra.org.br\/site\/musica-classica-beneficios\/#primaryimage"},"thumbnailUrl":"https:\/\/www.sabra.org.br\/site\/wp-content\/uploads\/2020\/05\/x-motivos-para-voce-comecar-a-ouvir-musica-classica-hoje-mesmo-20200317174456.jpg.jpg","datePublished":"2020-05-06T14:58:16+00:00","dateModified":"2025-04-19T17:03:47+00:00","description":"Desmistifique a m\u00fasica cl\u00e1ssica e conhe\u00e7a seus benef\u00edcios. Aprenda como ela pode beneficiar sua sa\u00fade psicol\u00f3gica.","breadcrumb":{"@id":"https:\/\/www.sabra.org.br\/site\/musica-classica-beneficios\/#breadcrumb"},"inLanguage":"pt-BR","potentialAction":[{"@type":"ReadAction","target":["https:\/\/www.sabra.org.br\/site\/musica-classica-beneficios\/"]}]},{"@type":"ImageObject","inLanguage":"pt-BR","@id":"https:\/\/www.sabra.org.br\/site\/musica-classica-beneficios\/#primaryimage","url":"https:\/\/www.sabra.org.br\/site\/wp-content\/uploads\/2020\/05\/x-motivos-para-voce-comecar-a-ouvir-musica-classica-hoje-mesmo-20200317174456.jpg.jpg","contentUrl":"https:\/\/www.sabra.org.br\/site\/wp-content\/uploads\/2020\/05\/x-motivos-para-voce-comecar-a-ouvir-musica-classica-hoje-mesmo-20200317174456.jpg.jpg","width":800,"height":450,"caption":"Sociedade Art\u00edstica Brasileira SABRA"},{"@type":"BreadcrumbList","@id":"https:\/\/www.sabra.org.br\/site\/musica-classica-beneficios\/#breadcrumb","itemListElement":[{"@type":"ListItem","position":1,"name":"In\u00edcio","item":"https:\/\/www.sabra.org.br\/site\/"},{"@type":"ListItem","position":2,"name":"M\u00fasica cl\u00e1ssica &#8211; benef\u00edcios"}]},{"@type":"WebSite","@id":"https:\/\/www.sabra.org.br\/site\/#website","url":"https:\/\/www.sabra.org.br\/site\/","name":"SABRA - Sociedade Art\u00edstica Brasileira","description":"Escola de M\u00fasica, Orquestra Sinf\u00f4nica, Coral e Patrim\u00f4nio Cultural e Hist\u00f3rico","publisher":{"@id":"https:\/\/www.sabra.org.br\/site\/#organization"},"potentialAction":[{"@type":"SearchAction","target":{"@type":"EntryPoint","urlTemplate":"https:\/\/www.sabra.org.br\/site\/?s={search_term_string}"},"query-input":{"@type":"PropertyValueSpecification","valueRequired":true,"valueName":"search_term_string"}}],"inLanguage":"pt-BR"},{"@type":"Organization","@id":"https:\/\/www.sabra.org.br\/site\/#organization","name":"SOCIEDADE ART\u00cdSTICA BRASILEIRA SABRA","alternateName":"SABRA","url":"https:\/\/www.sabra.org.br\/site\/","logo":{"@type":"ImageObject","inLanguage":"pt-BR","@id":"https:\/\/www.sabra.org.br\/site\/#\/schema\/logo\/image\/","url":"https:\/\/www.sabra.org.br\/site\/wp-content\/uploads\/2019\/06\/cropped-Logo_SABRA-Copia-1.webp","contentUrl":"https:\/\/www.sabra.org.br\/site\/wp-content\/uploads\/2019\/06\/cropped-Logo_SABRA-Copia-1.webp","width":400,"height":128,"caption":"SOCIEDADE ART\u00cdSTICA BRASILEIRA SABRA"},"image":{"@id":"https:\/\/www.sabra.org.br\/site\/#\/schema\/logo\/image\/"},"sameAs":["https:\/\/www.facebook.com\/sabrabrasil","https:\/\/x.com\/ContatoSabra","https:\/\/www.instagram.com\/sabrabrasil\/","https:\/\/www.linkedin.com\/company\/25002088\/","https:\/\/br.pinterest.com\/sociedadeartisticabrasileira\/","https:\/\/www.youtube.com\/c\/sabrabrasil"]},{"@type":"Person","@id":"https:\/\/www.sabra.org.br\/site\/#\/schema\/person\/7d1d222c3c8891d4c37c7b41bf6315c2","name":"M\u00e1rcio Miranda Pontes","image":{"@type":"ImageObject","inLanguage":"pt-BR","@id":"https:\/\/secure.gravatar.com\/avatar\/3b45f24496a7625a3a6c436688fbe20344faaeb2979658dc4a9921f984d7df9a?s=96&d=mm&r=g","url":"https:\/\/secure.gravatar.com\/avatar\/3b45f24496a7625a3a6c436688fbe20344faaeb2979658dc4a9921f984d7df9a?s=96&d=mm&r=g","contentUrl":"https:\/\/secure.gravatar.com\/avatar\/3b45f24496a7625a3a6c436688fbe20344faaeb2979658dc4a9921f984d7df9a?s=96&d=mm&r=g","caption":"M\u00e1rcio Miranda Pontes"},"sameAs":["http:\/\/www.sabra.org.br"],"url":"https:\/\/www.sabra.org.br\/site\/author\/marcio-miranda-pontes\/"}]}},"jetpack_featured_media_url":"https:\/\/www.sabra.org.br\/site\/wp-content\/uploads\/2020\/05\/x-motivos-para-voce-comecar-a-ouvir-musica-classica-hoje-mesmo-20200317174456.jpg.jpg","jetpack_shortlink":"https:\/\/wp.me\/p95j2Z-KZ","jetpack-related-posts":[{"id":5183,"url":"https:\/\/www.sabra.org.br\/site\/musica-classica-beneficios-2\/","url_meta":{"origin":2913,"position":0},"title":"Benef\u00edcios de ouvir m\u00fasica cl\u00e1ssica","author":"M\u00e1rcio Miranda Pontes","date":"6 de junho de 2022","format":false,"excerpt":"A m\u00fasica cl\u00e1ssica \u00e9 um dos estilos musicais mais antigos, e nunca deixa de nos satisfazer com sua qualidade est\u00e9tica. Por\u00e9m, voc\u00ea sabia que a m\u00fasica cl\u00e1ssica possui tamb\u00e9m outros m\u00e9ritos? Confira 7 benef\u00edcios de ouvir m\u00fasica cl\u00e1ssica que voc\u00ea provavelmente n\u00e3o conhece!","rel":"","context":"Em &quot;Blog SABRA&quot;","block_context":{"text":"Blog SABRA","link":"https:\/\/www.sabra.org.br\/site\/category\/blog-sabra\/"},"img":{"alt_text":"m\u00fasica-cl\u00e1ssica-ouvir-estudo","src":"https:\/\/i0.wp.com\/www.sabra.org.br\/site\/wp-content\/uploads\/2022\/06\/x-beneficios-de-ouvir-musica-classica-20220210110336.jpg.jpg?resize=350%2C200&ssl=1","width":350,"height":200,"srcset":"https:\/\/i0.wp.com\/www.sabra.org.br\/site\/wp-content\/uploads\/2022\/06\/x-beneficios-de-ouvir-musica-classica-20220210110336.jpg.jpg?resize=350%2C200&ssl=1 1x, https:\/\/i0.wp.com\/www.sabra.org.br\/site\/wp-content\/uploads\/2022\/06\/x-beneficios-de-ouvir-musica-classica-20220210110336.jpg.jpg?resize=525%2C300&ssl=1 1.5x, https:\/\/i0.wp.com\/www.sabra.org.br\/site\/wp-content\/uploads\/2022\/06\/x-beneficios-de-ouvir-musica-classica-20220210110336.jpg.jpg?resize=700%2C400&ssl=1 2x"},"classes":[]},{"id":13390,"url":"https:\/\/www.sabra.org.br\/site\/jovens-musica-classica\/","url_meta":{"origin":2913,"position":1},"title":"As melhores formas de inserir a m\u00fasica cl\u00e1ssica na vida dos jovens","author":"M\u00e1rcio Miranda Pontes","date":"12 de junho de 2025","format":false,"excerpt":"Veja como a m\u00fasica cl\u00e1ssica pode ser relevante para os jovens, com dicas para sua inser\u00e7\u00e3o na vida moderna dos adolescentes.","rel":"","context":"Em &quot;Blog SABRA&quot;","block_context":{"text":"Blog SABRA","link":"https:\/\/www.sabra.org.br\/site\/category\/blog-sabra\/"},"img":{"alt_text":"","src":"","width":0,"height":0},"classes":[]},{"id":3175,"url":"https:\/\/www.sabra.org.br\/site\/musica-lirica\/","url_meta":{"origin":2913,"position":2},"title":"M\u00fasica l\u00edrica","author":"M\u00e1rcio Miranda Pontes","date":"17 de outubro de 2020","format":false,"excerpt":"Voc\u00ea sabe o que \u00e9 canto l\u00edrico? Esse estilo de m\u00fasica cl\u00e1ssica est\u00e1 muito associado \u00e0 poesia medieval e principalmente \u00e0s \u00f3peras. Quer conhecer um pouquinho mais? Ent\u00e3o clica nesse texto e vem se encantar com a gente!","rel":"","context":"Em &quot;Blog SABRA&quot;","block_context":{"text":"Blog SABRA","link":"https:\/\/www.sabra.org.br\/site\/category\/blog-sabra\/"},"img":{"alt_text":"musica-lirica","src":"https:\/\/i0.wp.com\/www.sabra.org.br\/site\/wp-content\/uploads\/2020\/10\/as-principais-caracteristicas-da-musica-lirica-20201001161911.jpg.jpg?resize=350%2C200&ssl=1","width":350,"height":200,"srcset":"https:\/\/i0.wp.com\/www.sabra.org.br\/site\/wp-content\/uploads\/2020\/10\/as-principais-caracteristicas-da-musica-lirica-20201001161911.jpg.jpg?resize=350%2C200&ssl=1 1x, https:\/\/i0.wp.com\/www.sabra.org.br\/site\/wp-content\/uploads\/2020\/10\/as-principais-caracteristicas-da-musica-lirica-20201001161911.jpg.jpg?resize=525%2C300&ssl=1 1.5x, https:\/\/i0.wp.com\/www.sabra.org.br\/site\/wp-content\/uploads\/2020\/10\/as-principais-caracteristicas-da-musica-lirica-20201001161911.jpg.jpg?resize=700%2C400&ssl=1 2x"},"classes":[]},{"id":2808,"url":"https:\/\/www.sabra.org.br\/site\/musica-classica-evolucao\/","url_meta":{"origin":2913,"position":3},"title":"M\u00fasica cl\u00e1ssica","author":"M\u00e1rcio Miranda Pontes","date":"11 de abril de 2020","format":false,"excerpt":"A m\u00fasica cl\u00e1ssica, mais conhecida como m\u00fasica erudita, cresceu ao longo dos anos, datando sua origem no s\u00e9culo IX. Era utilizada em cerim\u00f4nias religiosas e para alegrar os nobres da \u00e9poca.","rel":"","context":"Em &quot;Blog SABRA&quot;","block_context":{"text":"Blog SABRA","link":"https:\/\/www.sabra.org.br\/site\/category\/blog-sabra\/"},"img":{"alt_text":"musica-classica-evolu\u00e7\u00e3o-erudita-s\u00e9culo-sabra","src":"https:\/\/i0.wp.com\/www.sabra.org.br\/site\/wp-content\/uploads\/2020\/04\/musica-classica-conheca-a-sua-origem-e-evolucao-ao-longo-dos-anos-20191202180617.jpg.jpg?resize=350%2C200&ssl=1","width":350,"height":200,"srcset":"https:\/\/i0.wp.com\/www.sabra.org.br\/site\/wp-content\/uploads\/2020\/04\/musica-classica-conheca-a-sua-origem-e-evolucao-ao-longo-dos-anos-20191202180617.jpg.jpg?resize=350%2C200&ssl=1 1x, https:\/\/i0.wp.com\/www.sabra.org.br\/site\/wp-content\/uploads\/2020\/04\/musica-classica-conheca-a-sua-origem-e-evolucao-ao-longo-dos-anos-20191202180617.jpg.jpg?resize=525%2C300&ssl=1 1.5x, https:\/\/i0.wp.com\/www.sabra.org.br\/site\/wp-content\/uploads\/2020\/04\/musica-classica-conheca-a-sua-origem-e-evolucao-ao-longo-dos-anos-20191202180617.jpg.jpg?resize=700%2C400&ssl=1 2x"},"classes":[]},{"id":2256,"url":"https:\/\/www.sabra.org.br\/site\/musica-classica-estudar\/","url_meta":{"origin":2913,"position":4},"title":"M\u00fasica cl\u00e1ssica e estudo","author":"M\u00e1rcio Miranda Pontes","date":"22 de julho de 2019","format":false,"excerpt":"Estudar pode ser um desafio para pessoas de todas as idades, mas a m\u00fasica cl\u00e1ssica pode ajudar voc\u00ea a estudar mais e melhor, estimulando fatores como concentra\u00e7\u00e3o, mem\u00f3ria e aprendizado!","rel":"","context":"Em &quot;Blog SABRA&quot;","block_context":{"text":"Blog SABRA","link":"https:\/\/www.sabra.org.br\/site\/category\/blog-sabra\/"},"img":{"alt_text":"M\u00fasica Cl\u00e1ssica Estudar","src":"https:\/\/i0.wp.com\/www.sabra.org.br\/site\/wp-content\/uploads\/2019\/07\/como-a-musica-classica-pode-te-ajudar-a-estudar-20171219145022.jpg.jpg?resize=350%2C200&ssl=1","width":350,"height":200,"srcset":"https:\/\/i0.wp.com\/www.sabra.org.br\/site\/wp-content\/uploads\/2019\/07\/como-a-musica-classica-pode-te-ajudar-a-estudar-20171219145022.jpg.jpg?resize=350%2C200&ssl=1 1x, https:\/\/i0.wp.com\/www.sabra.org.br\/site\/wp-content\/uploads\/2019\/07\/como-a-musica-classica-pode-te-ajudar-a-estudar-20171219145022.jpg.jpg?resize=525%2C300&ssl=1 1.5x, https:\/\/i0.wp.com\/www.sabra.org.br\/site\/wp-content\/uploads\/2019\/07\/como-a-musica-classica-pode-te-ajudar-a-estudar-20171219145022.jpg.jpg?resize=700%2C400&ssl=1 2x, https:\/\/i0.wp.com\/www.sabra.org.br\/site\/wp-content\/uploads\/2019\/07\/como-a-musica-classica-pode-te-ajudar-a-estudar-20171219145022.jpg.jpg?resize=1050%2C600&ssl=1 3x"},"classes":[]},{"id":7138,"url":"https:\/\/www.sabra.org.br\/site\/jovem-solista\/","url_meta":{"origin":2913,"position":5},"title":"Premio Jovem Solista da Orquestra Sinfonica de Betim","author":"M\u00e1rcio Miranda Pontes","date":"16 de maio de 2023","format":false,"excerpt":"Estimular a competi\u00e7\u00e3o musical \u00e9 uma excelente maneira de incentivar de forma saud\u00e1vel que os indiv\u00edduos disputem entre si sem que hajam desentendimentos ou algo do tipo. Conhe\u00e7a um pouco mais sobre o Premio Jovem Solista da Orquestra Sinfonica de Betim","rel":"","context":"Em &quot;Blog SABRA&quot;","block_context":{"text":"Blog SABRA","link":"https:\/\/www.sabra.org.br\/site\/category\/blog-sabra\/"},"img":{"alt_text":"m\u00fasica-orquestra-betim-sinf\u00f4nica-pr\u00eamio-solista-art\u00edtica-jovem-jovens-projetos-proporcionar-sabra","src":"https:\/\/i0.wp.com\/www.sabra.org.br\/site\/wp-content\/uploads\/2023\/05\/premio-jovem-solista-da-orquestra-sinfonica-de-betim-20171229162457.jpg-jpg.webp?resize=350%2C200&ssl=1","width":350,"height":200,"srcset":"https:\/\/i0.wp.com\/www.sabra.org.br\/site\/wp-content\/uploads\/2023\/05\/premio-jovem-solista-da-orquestra-sinfonica-de-betim-20171229162457.jpg-jpg.webp?resize=350%2C200&ssl=1 1x, https:\/\/i0.wp.com\/www.sabra.org.br\/site\/wp-content\/uploads\/2023\/05\/premio-jovem-solista-da-orquestra-sinfonica-de-betim-20171229162457.jpg-jpg.webp?resize=525%2C300&ssl=1 1.5x, https:\/\/i0.wp.com\/www.sabra.org.br\/site\/wp-content\/uploads\/2023\/05\/premio-jovem-solista-da-orquestra-sinfonica-de-betim-20171229162457.jpg-jpg.webp?resize=700%2C400&ssl=1 2x"},"classes":[]}],"jetpack_likes_enabled":true,"jetpack_sharing_enabled":true,"_links":{"self":[{"href":"https:\/\/www.sabra.org.br\/site\/wp-json\/wp\/v2\/posts\/2913","targetHints":{"allow":["GET"]}}],"collection":[{"href":"https:\/\/www.sabra.org.br\/site\/wp-json\/wp\/v2\/posts"}],"about":[{"href":"https:\/\/www.sabra.org.br\/site\/wp-json\/wp\/v2\/types\/post"}],"author":[{"embeddable":true,"href":"https:\/\/www.sabra.org.br\/site\/wp-json\/wp\/v2\/users\/39"}],"replies":[{"embeddable":true,"href":"https:\/\/www.sabra.org.br\/site\/wp-json\/wp\/v2\/comments?post=2913"}],"version-history":[{"count":0,"href":"https:\/\/www.sabra.org.br\/site\/wp-json\/wp\/v2\/posts\/2913\/revisions"}],"wp:featuredmedia":[{"embeddable":true,"href":"https:\/\/www.sabra.org.br\/site\/wp-json\/wp\/v2\/media\/2914"}],"wp:attachment":[{"href":"https:\/\/www.sabra.org.br\/site\/wp-json\/wp\/v2\/media?parent=2913"}],"wp:term":[{"taxonomy":"category","embeddable":true,"href":"https:\/\/www.sabra.org.br\/site\/wp-json\/wp\/v2\/categories?post=2913"},{"taxonomy":"post_tag","embeddable":true,"href":"https:\/\/www.sabra.org.br\/site\/wp-json\/wp\/v2\/tags?post=2913"}],"curies":[{"name":"wp","href":"https:\/\/api.w.org\/{rel}","templated":true}]}}